{"id":2653,"date":"2026-03-31T07:32:23","date_gmt":"2026-03-31T07:32:23","guid":{"rendered":"https:\/\/www.sebastien-auziere.fr\/blog\/?p=2653"},"modified":"2026-03-31T07:32:49","modified_gmt":"2026-03-31T07:32:49","slug":"brigitte-e-emmanuel-macron-no-japao-e-na-coreia-entre-um-jantar-de-estado-prestigioso-e-a-imersao-no-fascinante-universo-da-k-pop","status":"publish","type":"post","link":"https:\/\/www.sebastien-auziere.fr\/blog\/pt\/brigitte-e-emmanuel-macron-no-japao-e-na-coreia-entre-um-jantar-de-estado-prestigioso-e-a-imersao-no-fascinante-universo-da-k-pop\/","title":{"rendered":"Brigitte e Emmanuel Macron no Jap\u00e3o e na Coreia: entre um jantar de Estado prestigioso e a imers\u00e3o no fascinante universo da K-pop"},"content":{"rendered":"<p><strong>Brigitte Macron<\/strong> e <strong>Emmanuel Macron<\/strong> decolam neste <strong>31 de mar\u00e7o<\/strong> para uma turn\u00ea de quatro dias na \u00c1sia, com uma primeira etapa no <strong>Jap\u00e3o<\/strong> e, em seguida, uma visita de Estado \u00e0 <strong>Coreia<\/strong>. Na agenda: um <strong>jantar de Estado<\/strong> prestigioso em T\u00f3quio e uma imers\u00e3o programada no <strong>universo K-pop<\/strong> em Seul, dois momentos importantes j\u00e1 confirmados nas comunica\u00e7\u00f5es oficiais.<\/p>\n\n<p><strong>Em resumo<\/strong>: partida no <strong>31 de mar\u00e7o<\/strong> para tr\u00eas dias no <strong>Jap\u00e3o<\/strong> (31\/03-02\/04), seguido de visita de Estado \u00e0 <strong>Coreia<\/strong> nos dias 2 e 3 de abril. Audi\u00eancias imperiais, encontro com a Primeira-Ministra <strong>Sanae Takaichi<\/strong>, homenagem aos soldados franceses da Guerra da Coreia no <strong>War Memorial<\/strong>, assinatura de acordos e sequ\u00eancias culturais em torno da <strong>cultura asi\u00e1tica<\/strong> e da <strong>K-pop<\/strong>.<\/p>\n\n<h2 class=\"wp-block-heading\">Um jantar de Estado prestigioso em T\u00f3quio e audi\u00eancias imperiais<\/h2>\n\n<p>Um jantar de Estado organizado em T\u00f3quio, ap\u00f3s uma audi\u00eancia prevista no pal\u00e1cio imperial com o <strong>imperador Naruhito<\/strong> e a <strong>imperatriz Masako<\/strong>. No local, <strong>Emmanuel Macron<\/strong> encontrar\u00e1 a Primeira-Ministra <strong>Sanae Takaichi<\/strong> para discutir a coopera\u00e7\u00e3o industrial e tecnol\u00f3gica, e far\u00e1 um almo\u00e7o com atores culturais franceses e japoneses no dia 1\u00ba de abril. Esses encontros t\u00eam como objetivo refor\u00e7ar as <strong>rela\u00e7\u00f5es internacionais<\/strong> econ\u00f4micas e culturais.\n<h2>Primeira visita de Estado \u00e0 Coreia: mem\u00f3ria, acordos e diplomacia<\/h2>\n<p>Chegada a Seul no dia 2 de abril para a primeira visita de Estado de <strong>Emmanuel Macron<\/strong> \u00e0 Coreia desde sua elei\u00e7\u00e3o, a programa\u00e7\u00e3o inclui uma homenagem aos soldados franceses da Guerra da Coreia no <strong>War Memorial<\/strong> e uma reuni\u00e3o com o presidente Lee Jae Myung. Uma cerim\u00f4nia de assinatura de acordos e um <strong>almo\u00e7o de Estado<\/strong> est\u00e3o previstos para o dia 3 de abril, seguidos do F\u00f3rum Econ\u00f4mico Franco-Coreano e da inaugura\u00e7\u00e3o da antena do <strong>Centre Pompidou<\/strong> em Seul.<\/p>\n<h2>Imers\u00e3o no universo K-pop e divulga\u00e7\u00e3o da cultura asi\u00e1tica<\/h2>\n<p>A parte cultural culminar\u00e1 com encontros com figuras do cinema coreano e v\u00e1rias estrelas do <strong>K-pop<\/strong>, s\u00edmbolo do soft power coreano. Esta sequ\u00eancia visa criar la\u00e7os culturais concretos, ao mesmo tempo em que destaca a atratividade francesa junto \u00e0s ind\u00fastrias criativas. A visita tamb\u00e9m inclui encontros com l\u00edderes do setor cultural para preparar coopera\u00e7\u00f5es sustent\u00e1veis em torno da <strong>cultura asi\u00e1tica<\/strong>.<\/p>\n<p>Para consultar o <strong>programa detalhado<\/strong> e as rea\u00e7\u00f5es da m\u00eddia, encontre as informa\u00e7\u00f5es publicadas pelos meios de comunica\u00e7\u00e3o e os comunicados oficiais, especialmente no <a href=\"https:\/\/www.tf1info.fr\/international\/que-va-faire-emmanuel-macron-en-deplacement-au-japon-et-en-coree-du-sud-a-partir-de-mardi-31-mars-2026-2433172.html\" rel=\"nofollow\">TF1 Info<\/a> e no dossi\u00ea da <a href=\"https:\/\/www.rfi.fr\/fr\/asie-pacifique\/20260331-emmanuel-macron-en-tourn%C3%A9e-au-japon-et-en-core%C3%A9e-du-sud-sur-fond-de-guerre-au-moyen-orient\" rel=\"nofollow\">RFI<\/a>. Para saber mais sobre <strong>S\u00e9bastien Auzi\u00e8re<\/strong> e os la\u00e7os familiares com o casal presidencial, descubra as an\u00e1lises detalhadas em <a href=\"https:\/\/www.sebastien-auziere.fr\/blog\/macron-au-japon-et-en-coree-du-sud-fin-mars-2026-audience-imperiale-et-visite-officielle\/\" rel=\"nofollow\">sebastien-auziere.fr<\/a>.<\/p>\n<\/p>","protected":false},"excerpt":{"rendered":"<p>Brigitte Macron e Emmanuel Macron decolam neste 31 de mar\u00e7o para uma turn\u00ea de quatro dias na \u00c1sia, com uma primeira etapa no Jap\u00e3o e, em seguida, uma visita de Estado \u00e0 Coreia. Na agenda: um jantar de Estado prestigioso em T\u00f3quio e uma imers\u00e3o programada no universo K-pop em Seul, dois momentos importantes j\u00e1 &#8230; <a title=\"Brigitte e Emmanuel Macron no Jap\u00e3o e na Coreia: entre um jantar de Estado prestigioso e a imers\u00e3o no fascinante universo da K-pop\" class=\"read-more\" href=\"https:\/\/www.sebastien-auziere.fr\/blog\/pt\/brigitte-e-emmanuel-macron-no-japao-e-na-coreia-entre-um-jantar-de-estado-prestigioso-e-a-imersao-no-fascinante-universo-da-k-pop\/\" aria-label=\"En savoir plus sur Brigitte e Emmanuel Macron no Jap\u00e3o e na Coreia: entre um jantar de Estado prestigioso e a imers\u00e3o no fascinante universo da K-pop\">Lire plus<\/a><\/p>\n","protected":false},"author":9,"featured_media":2643,"comment_status":"open","ping_status":"open","sticky":false,"template":"","format":"standard","meta":{"footnotes":""},"categories":[862],"tags":[959,1196,1202,1199,1205],"class_list":["post-2653","post","type-post","status-publish","format-standard","has-post-thumbnail","hentry","category-actualidades-pt","tag-brigitte-macron-pt","tag-coreia-pt","tag-emmanuel-macron-pt","tag-jantar-de-estado-pt","tag-japones-pt"],"yoast_head":"<!-- This site is optimized with the Yoast SEO plugin v27.5 - https:\/\/yoast.com\/product\/yoast-seo-wordpress\/ -->\n<title>Brigitte e Emmanuel Macron no Jap\u00e3o e na Coreia: entre um jantar de Estado prestigioso e a imers\u00e3o no fascinante universo da K-pop - Fan site S\u00e9bastien Auzi\u00e8re<\/title>\n<meta name=\"description\" content=\"Brigitte et Emmanuel Macron au Japon et en Cor\u00e9e : d\u00eener d\u2019\u00c9tat prestigieux et immersion unique dans l\u2019univers captivant de la K-pop.\" \/>\n<meta name=\"robots\" content=\"index, follow, max-snippet:-1, max-image-preview:large, max-video-preview:-1\" \/>\n<link rel=\"canonical\" href=\"https:\/\/www.sebastien-auziere.fr\/blog\/pt\/brigitte-e-emmanuel-macron-no-japao-e-na-coreia-entre-um-jantar-de-estado-prestigioso-e-a-imersao-no-fascinante-universo-da-k-pop\/\" \/>\n<meta property=\"og:locale\" content=\"fr_FR\" \/>\n<meta property=\"og:type\" content=\"article\" \/>\n<meta property=\"og:title\" content=\"Brigitte e Emmanuel Macron no Jap\u00e3o e na Coreia: entre um jantar de Estado prestigioso e a imers\u00e3o no fascinante universo da K-pop - Fan site S\u00e9bastien Auzi\u00e8re\" \/>\n<meta property=\"og:description\" content=\"Brigitte et Emmanuel Macron au Japon et en Cor\u00e9e : d\u00eener d\u2019\u00c9tat prestigieux et immersion unique dans l\u2019univers captivant de la K-pop.\" \/>\n<meta property=\"og:url\" content=\"https:\/\/www.sebastien-auziere.fr\/blog\/pt\/brigitte-e-emmanuel-macron-no-japao-e-na-coreia-entre-um-jantar-de-estado-prestigioso-e-a-imersao-no-fascinante-universo-da-k-pop\/\" \/>\n<meta property=\"og:site_name\" content=\"Fan site S\u00e9bastien Auzi\u00e8re\" \/>\n<meta property=\"article:published_time\" content=\"2026-03-31T07:32:23+00:00\" \/>\n<meta property=\"article:modified_time\" content=\"2026-03-31T07:32:49+00:00\" \/>\n<meta property=\"og:image\" content=\"https:\/\/www.sebastien-auziere.fr\/blog\/wp-content\/uploads\/2026\/03\/Brigitte-et-Emmanuel-Macron-au-Japon-et-en-Coree-entre-diner-dEtat-prestigieux-et-immersion-dans-lunivers-fascinant-de-la-K-pop.jpg\" \/>\n\t<meta property=\"og:image:width\" content=\"2560\" \/>\n\t<meta property=\"og:image:height\" content=\"1429\" \/>\n\t<meta property=\"og:image:type\" content=\"image\/jpeg\" \/>\n<meta name=\"author\" content=\"Chloe Gauthier\" \/>\n<meta name=\"twitter:card\" content=\"summary_large_image\" \/>\n<meta name=\"twitter:label1\" content=\"\u00c9crit par\" \/>\n\t<meta name=\"twitter:data1\" content=\"Chloe Gauthier\" \/>\n\t<meta name=\"twitter:label2\" content=\"Dur\u00e9e de lecture estim\u00e9e\" \/>\n\t<meta name=\"twitter:data2\" content=\"2 minutes\" \/>\n<script type=\"application\/ld+json\" class=\"yoast-schema-graph\">{\"@context\":\"https:\\\/\\\/schema.org\",\"@graph\":[{\"@type\":\"Article\",\"@id\":\"https:\\\/\\\/www.sebastien-auziere.fr\\\/blog\\\/pt\\\/brigitte-e-emmanuel-macron-no-japao-e-na-coreia-entre-um-jantar-de-estado-prestigioso-e-a-imersao-no-fascinante-universo-da-k-pop\\\/#article\",\"isPartOf\":{\"@id\":\"https:\\\/\\\/www.sebastien-auziere.fr\\\/blog\\\/pt\\\/brigitte-e-emmanuel-macron-no-japao-e-na-coreia-entre-um-jantar-de-estado-prestigioso-e-a-imersao-no-fascinante-universo-da-k-pop\\\/\"},\"author\":{\"name\":\"Chloe Gauthier\",\"@id\":\"https:\\\/\\\/www.sebastien-auziere.fr\\\/blog\\\/#\\\/schema\\\/person\\\/149f1acdbfd85149c6c3e59adeae2f4d\"},\"headline\":\"Brigitte e Emmanuel Macron no Jap\u00e3o e na Coreia: entre um jantar de Estado prestigioso e a imers\u00e3o no fascinante universo da K-pop\",\"datePublished\":\"2026-03-31T07:32:23+00:00\",\"dateModified\":\"2026-03-31T07:32:49+00:00\",\"mainEntityOfPage\":{\"@id\":\"https:\\\/\\\/www.sebastien-auziere.fr\\\/blog\\\/pt\\\/brigitte-e-emmanuel-macron-no-japao-e-na-coreia-entre-um-jantar-de-estado-prestigioso-e-a-imersao-no-fascinante-universo-da-k-pop\\\/\"},\"wordCount\":474,\"commentCount\":0,\"publisher\":{\"@id\":\"https:\\\/\\\/www.sebastien-auziere.fr\\\/blog\\\/#organization\"},\"image\":{\"@id\":\"https:\\\/\\\/www.sebastien-auziere.fr\\\/blog\\\/pt\\\/brigitte-e-emmanuel-macron-no-japao-e-na-coreia-entre-um-jantar-de-estado-prestigioso-e-a-imersao-no-fascinante-universo-da-k-pop\\\/#primaryimage\"},\"thumbnailUrl\":\"https:\\\/\\\/www.sebastien-auziere.fr\\\/blog\\\/wp-content\\\/uploads\\\/2026\\\/03\\\/Brigitte-et-Emmanuel-Macron-au-Japon-et-en-Coree-entre-diner-dEtat-prestigieux-et-immersion-dans-lunivers-fascinant-de-la-K-pop.jpg\",\"keywords\":[\"brigitte macron\",\"cor\u00e9ia\",\"emmanuel macron\",\"jantar de estado\",\"japon\u00eas\"],\"articleSection\":[\"Actualidades\"],\"inLanguage\":\"fr-FR\",\"potentialAction\":[{\"@type\":\"CommentAction\",\"name\":\"Comment\",\"target\":[\"https:\\\/\\\/www.sebastien-auziere.fr\\\/blog\\\/pt\\\/brigitte-e-emmanuel-macron-no-japao-e-na-coreia-entre-um-jantar-de-estado-prestigioso-e-a-imersao-no-fascinante-universo-da-k-pop\\\/#respond\"]}]},{\"@type\":\"WebPage\",\"@id\":\"https:\\\/\\\/www.sebastien-auziere.fr\\\/blog\\\/pt\\\/brigitte-e-emmanuel-macron-no-japao-e-na-coreia-entre-um-jantar-de-estado-prestigioso-e-a-imersao-no-fascinante-universo-da-k-pop\\\/\",\"url\":\"https:\\\/\\\/www.sebastien-auziere.fr\\\/blog\\\/pt\\\/brigitte-e-emmanuel-macron-no-japao-e-na-coreia-entre-um-jantar-de-estado-prestigioso-e-a-imersao-no-fascinante-universo-da-k-pop\\\/\",\"name\":\"Brigitte e Emmanuel Macron no Jap\u00e3o e na Coreia: entre um jantar de Estado prestigioso e a imers\u00e3o no fascinante universo da K-pop - Fan site S\u00e9bastien Auzi\u00e8re\",\"isPartOf\":{\"@id\":\"https:\\\/\\\/www.sebastien-auziere.fr\\\/blog\\\/#website\"},\"primaryImageOfPage\":{\"@id\":\"https:\\\/\\\/www.sebastien-auziere.fr\\\/blog\\\/pt\\\/brigitte-e-emmanuel-macron-no-japao-e-na-coreia-entre-um-jantar-de-estado-prestigioso-e-a-imersao-no-fascinante-universo-da-k-pop\\\/#primaryimage\"},\"image\":{\"@id\":\"https:\\\/\\\/www.sebastien-auziere.fr\\\/blog\\\/pt\\\/brigitte-e-emmanuel-macron-no-japao-e-na-coreia-entre-um-jantar-de-estado-prestigioso-e-a-imersao-no-fascinante-universo-da-k-pop\\\/#primaryimage\"},\"thumbnailUrl\":\"https:\\\/\\\/www.sebastien-auziere.fr\\\/blog\\\/wp-content\\\/uploads\\\/2026\\\/03\\\/Brigitte-et-Emmanuel-Macron-au-Japon-et-en-Coree-entre-diner-dEtat-prestigieux-et-immersion-dans-lunivers-fascinant-de-la-K-pop.jpg\",\"datePublished\":\"2026-03-31T07:32:23+00:00\",\"dateModified\":\"2026-03-31T07:32:49+00:00\",\"description\":\"Brigitte et Emmanuel Macron au Japon et en Cor\u00e9e : d\u00eener d\u2019\u00c9tat prestigieux et immersion unique dans l\u2019univers captivant de la K-pop.\",\"breadcrumb\":{\"@id\":\"https:\\\/\\\/www.sebastien-auziere.fr\\\/blog\\\/pt\\\/brigitte-e-emmanuel-macron-no-japao-e-na-coreia-entre-um-jantar-de-estado-prestigioso-e-a-imersao-no-fascinante-universo-da-k-pop\\\/#breadcrumb\"},\"inLanguage\":\"fr-FR\",\"potentialAction\":[{\"@type\":\"ReadAction\",\"target\":[\"https:\\\/\\\/www.sebastien-auziere.fr\\\/blog\\\/pt\\\/brigitte-e-emmanuel-macron-no-japao-e-na-coreia-entre-um-jantar-de-estado-prestigioso-e-a-imersao-no-fascinante-universo-da-k-pop\\\/\"]}]},{\"@type\":\"ImageObject\",\"inLanguage\":\"fr-FR\",\"@id\":\"https:\\\/\\\/www.sebastien-auziere.fr\\\/blog\\\/pt\\\/brigitte-e-emmanuel-macron-no-japao-e-na-coreia-entre-um-jantar-de-estado-prestigioso-e-a-imersao-no-fascinante-universo-da-k-pop\\\/#primaryimage\",\"url\":\"https:\\\/\\\/www.sebastien-auziere.fr\\\/blog\\\/wp-content\\\/uploads\\\/2026\\\/03\\\/Brigitte-et-Emmanuel-Macron-au-Japon-et-en-Coree-entre-diner-dEtat-prestigieux-et-immersion-dans-lunivers-fascinant-de-la-K-pop.jpg\",\"contentUrl\":\"https:\\\/\\\/www.sebastien-auziere.fr\\\/blog\\\/wp-content\\\/uploads\\\/2026\\\/03\\\/Brigitte-et-Emmanuel-Macron-au-Japon-et-en-Coree-entre-diner-dEtat-prestigieux-et-immersion-dans-lunivers-fascinant-de-la-K-pop.jpg\",\"width\":2560,\"height\":1429,\"caption\":\"d\u00e9couvrez le voyage officiel de brigitte et emmanuel macron au japon et en cor\u00e9e, entre un d\u00eener d\u2019\u00e9tat prestigieux et une immersion unique dans l'univers captivant de la k-pop.\"},{\"@type\":\"BreadcrumbList\",\"@id\":\"https:\\\/\\\/www.sebastien-auziere.fr\\\/blog\\\/pt\\\/brigitte-e-emmanuel-macron-no-japao-e-na-coreia-entre-um-jantar-de-estado-prestigioso-e-a-imersao-no-fascinante-universo-da-k-pop\\\/#breadcrumb\",\"itemListElement\":[{\"@type\":\"ListItem\",\"position\":1,\"name\":\"Home\",\"item\":\"https:\\\/\\\/www.sebastien-auziere.fr\\\/blog\\\/\"},{\"@type\":\"ListItem\",\"position\":2,\"name\":\"Brigitte e Emmanuel Macron no Jap\u00e3o e na Coreia: entre um jantar de Estado prestigioso e a imers\u00e3o no fascinante universo da K-pop\"}]},{\"@type\":\"WebSite\",\"@id\":\"https:\\\/\\\/www.sebastien-auziere.fr\\\/blog\\\/#website\",\"url\":\"https:\\\/\\\/www.sebastien-auziere.fr\\\/blog\\\/\",\"name\":\"Fan site S\u00e9bastien Auzi\u00e8re\",\"description\":\"M\u00e9dia g\u00e9n\u00e9raliste\",\"publisher\":{\"@id\":\"https:\\\/\\\/www.sebastien-auziere.fr\\\/blog\\\/#organization\"},\"potentialAction\":[{\"@type\":\"SearchAction\",\"target\":{\"@type\":\"EntryPoint\",\"urlTemplate\":\"https:\\\/\\\/www.sebastien-auziere.fr\\\/blog\\\/?s={search_term_string}\"},\"query-input\":{\"@type\":\"PropertyValueSpecification\",\"valueRequired\":true,\"valueName\":\"search_term_string\"}}],\"inLanguage\":\"fr-FR\"},{\"@type\":\"Organization\",\"@id\":\"https:\\\/\\\/www.sebastien-auziere.fr\\\/blog\\\/#organization\",\"name\":\"Fan site S\u00e9bastien Auzi\u00e8re\",\"url\":\"https:\\\/\\\/www.sebastien-auziere.fr\\\/blog\\\/\",\"logo\":{\"@type\":\"ImageObject\",\"inLanguage\":\"fr-FR\",\"@id\":\"https:\\\/\\\/www.sebastien-auziere.fr\\\/blog\\\/#\\\/schema\\\/logo\\\/image\\\/\",\"url\":\"https:\\\/\\\/www.sebastien-auziere.fr\\\/blog\\\/wp-content\\\/uploads\\\/2026\\\/03\\\/cropped-cropped-cropped-ChatGPT-Image-6-mars-2026-12_58_09-e1772798376794.jpg\",\"contentUrl\":\"https:\\\/\\\/www.sebastien-auziere.fr\\\/blog\\\/wp-content\\\/uploads\\\/2026\\\/03\\\/cropped-cropped-cropped-ChatGPT-Image-6-mars-2026-12_58_09-e1772798376794.jpg\",\"width\":512,\"height\":360,\"caption\":\"Fan site S\u00e9bastien Auzi\u00e8re\"},\"image\":{\"@id\":\"https:\\\/\\\/www.sebastien-auziere.fr\\\/blog\\\/#\\\/schema\\\/logo\\\/image\\\/\"}},{\"@type\":\"Person\",\"@id\":\"https:\\\/\\\/www.sebastien-auziere.fr\\\/blog\\\/#\\\/schema\\\/person\\\/149f1acdbfd85149c6c3e59adeae2f4d\",\"name\":\"Chloe Gauthier\",\"image\":{\"@type\":\"ImageObject\",\"inLanguage\":\"fr-FR\",\"@id\":\"https:\\\/\\\/secure.gravatar.com\\\/avatar\\\/2c5722f58171cff738a8985ef0dd66b476e563753246a49019befc837ec4201a?s=96&d=mm&r=g\",\"url\":\"https:\\\/\\\/secure.gravatar.com\\\/avatar\\\/2c5722f58171cff738a8985ef0dd66b476e563753246a49019befc837ec4201a?s=96&d=mm&r=g\",\"contentUrl\":\"https:\\\/\\\/secure.gravatar.com\\\/avatar\\\/2c5722f58171cff738a8985ef0dd66b476e563753246a49019befc837ec4201a?s=96&d=mm&r=g\",\"caption\":\"Chloe Gauthier\"},\"description\":\"Passionn\u00e9e par la politique et admiratrice engag\u00e9e de la famille Macron, je consacre mon \u00e9nergie \u00e0 suivre leurs initiatives et \u00e0 promouvoir leurs id\u00e9es. \u00c0 32 ans, je suis convaincue que leur vision est porteuse d'avenir.\",\"url\":\"https:\\\/\\\/www.sebastien-auziere.fr\\\/blog\\\/author\\\/chloe-gauthier\\\/\"}]}<\/script>\n<!-- \/ Yoast SEO plugin. -->","yoast_head_json":{"title":"Brigitte e Emmanuel Macron no Jap\u00e3o e na Coreia: entre um jantar de Estado prestigioso e a imers\u00e3o no fascinante universo da K-pop - Fan site S\u00e9bastien Auzi\u00e8re","description":"Brigitte et Emmanuel Macron au Japon et en Cor\u00e9e : d\u00eener d\u2019\u00c9tat prestigieux et immersion unique dans l\u2019univers captivant de la K-pop.","robots":{"index":"index","follow":"follow","max-snippet":"max-snippet:-1","max-image-preview":"max-image-preview:large","max-video-preview":"max-video-preview:-1"},"canonical":"https:\/\/www.sebastien-auziere.fr\/blog\/pt\/brigitte-e-emmanuel-macron-no-japao-e-na-coreia-entre-um-jantar-de-estado-prestigioso-e-a-imersao-no-fascinante-universo-da-k-pop\/","og_locale":"fr_FR","og_type":"article","og_title":"Brigitte e Emmanuel Macron no Jap\u00e3o e na Coreia: entre um jantar de Estado prestigioso e a imers\u00e3o no fascinante universo da K-pop - Fan site S\u00e9bastien Auzi\u00e8re","og_description":"Brigitte et Emmanuel Macron au Japon et en Cor\u00e9e : d\u00eener d\u2019\u00c9tat prestigieux et immersion unique dans l\u2019univers captivant de la K-pop.","og_url":"https:\/\/www.sebastien-auziere.fr\/blog\/pt\/brigitte-e-emmanuel-macron-no-japao-e-na-coreia-entre-um-jantar-de-estado-prestigioso-e-a-imersao-no-fascinante-universo-da-k-pop\/","og_site_name":"Fan site S\u00e9bastien Auzi\u00e8re","article_published_time":"2026-03-31T07:32:23+00:00","article_modified_time":"2026-03-31T07:32:49+00:00","og_image":[{"width":2560,"height":1429,"url":"https:\/\/www.sebastien-auziere.fr\/blog\/wp-content\/uploads\/2026\/03\/Brigitte-et-Emmanuel-Macron-au-Japon-et-en-Coree-entre-diner-dEtat-prestigieux-et-immersion-dans-lunivers-fascinant-de-la-K-pop.jpg","type":"image\/jpeg"}],"author":"Chloe Gauthier","twitter_card":"summary_large_image","twitter_misc":{"\u00c9crit par":"Chloe Gauthier","Dur\u00e9e de lecture estim\u00e9e":"2 minutes"},"schema":{"@context":"https:\/\/schema.org","@graph":[{"@type":"Article","@id":"https:\/\/www.sebastien-auziere.fr\/blog\/pt\/brigitte-e-emmanuel-macron-no-japao-e-na-coreia-entre-um-jantar-de-estado-prestigioso-e-a-imersao-no-fascinante-universo-da-k-pop\/#article","isPartOf":{"@id":"https:\/\/www.sebastien-auziere.fr\/blog\/pt\/brigitte-e-emmanuel-macron-no-japao-e-na-coreia-entre-um-jantar-de-estado-prestigioso-e-a-imersao-no-fascinante-universo-da-k-pop\/"},"author":{"name":"Chloe Gauthier","@id":"https:\/\/www.sebastien-auziere.fr\/blog\/#\/schema\/person\/149f1acdbfd85149c6c3e59adeae2f4d"},"headline":"Brigitte e Emmanuel Macron no Jap\u00e3o e na Coreia: entre um jantar de Estado prestigioso e a imers\u00e3o no fascinante universo da K-pop","datePublished":"2026-03-31T07:32:23+00:00","dateModified":"2026-03-31T07:32:49+00:00","mainEntityOfPage":{"@id":"https:\/\/www.sebastien-auziere.fr\/blog\/pt\/brigitte-e-emmanuel-macron-no-japao-e-na-coreia-entre-um-jantar-de-estado-prestigioso-e-a-imersao-no-fascinante-universo-da-k-pop\/"},"wordCount":474,"commentCount":0,"publisher":{"@id":"https:\/\/www.sebastien-auziere.fr\/blog\/#organization"},"image":{"@id":"https:\/\/www.sebastien-auziere.fr\/blog\/pt\/brigitte-e-emmanuel-macron-no-japao-e-na-coreia-entre-um-jantar-de-estado-prestigioso-e-a-imersao-no-fascinante-universo-da-k-pop\/#primaryimage"},"thumbnailUrl":"https:\/\/www.sebastien-auziere.fr\/blog\/wp-content\/uploads\/2026\/03\/Brigitte-et-Emmanuel-Macron-au-Japon-et-en-Coree-entre-diner-dEtat-prestigieux-et-immersion-dans-lunivers-fascinant-de-la-K-pop.jpg","keywords":["brigitte macron","cor\u00e9ia","emmanuel macron","jantar de estado","japon\u00eas"],"articleSection":["Actualidades"],"inLanguage":"fr-FR","potentialAction":[{"@type":"CommentAction","name":"Comment","target":["https:\/\/www.sebastien-auziere.fr\/blog\/pt\/brigitte-e-emmanuel-macron-no-japao-e-na-coreia-entre-um-jantar-de-estado-prestigioso-e-a-imersao-no-fascinante-universo-da-k-pop\/#respond"]}]},{"@type":"WebPage","@id":"https:\/\/www.sebastien-auziere.fr\/blog\/pt\/brigitte-e-emmanuel-macron-no-japao-e-na-coreia-entre-um-jantar-de-estado-prestigioso-e-a-imersao-no-fascinante-universo-da-k-pop\/","url":"https:\/\/www.sebastien-auziere.fr\/blog\/pt\/brigitte-e-emmanuel-macron-no-japao-e-na-coreia-entre-um-jantar-de-estado-prestigioso-e-a-imersao-no-fascinante-universo-da-k-pop\/","name":"Brigitte e Emmanuel Macron no Jap\u00e3o e na Coreia: entre um jantar de Estado prestigioso e a imers\u00e3o no fascinante universo da K-pop - Fan site S\u00e9bastien Auzi\u00e8re","isPartOf":{"@id":"https:\/\/www.sebastien-auziere.fr\/blog\/#website"},"primaryImageOfPage":{"@id":"https:\/\/www.sebastien-auziere.fr\/blog\/pt\/brigitte-e-emmanuel-macron-no-japao-e-na-coreia-entre-um-jantar-de-estado-prestigioso-e-a-imersao-no-fascinante-universo-da-k-pop\/#primaryimage"},"image":{"@id":"https:\/\/www.sebastien-auziere.fr\/blog\/pt\/brigitte-e-emmanuel-macron-no-japao-e-na-coreia-entre-um-jantar-de-estado-prestigioso-e-a-imersao-no-fascinante-universo-da-k-pop\/#primaryimage"},"thumbnailUrl":"https:\/\/www.sebastien-auziere.fr\/blog\/wp-content\/uploads\/2026\/03\/Brigitte-et-Emmanuel-Macron-au-Japon-et-en-Coree-entre-diner-dEtat-prestigieux-et-immersion-dans-lunivers-fascinant-de-la-K-pop.jpg","datePublished":"2026-03-31T07:32:23+00:00","dateModified":"2026-03-31T07:32:49+00:00","description":"Brigitte et Emmanuel Macron au Japon et en Cor\u00e9e : d\u00eener d\u2019\u00c9tat prestigieux et immersion unique dans l\u2019univers captivant de la K-pop.","breadcrumb":{"@id":"https:\/\/www.sebastien-auziere.fr\/blog\/pt\/brigitte-e-emmanuel-macron-no-japao-e-na-coreia-entre-um-jantar-de-estado-prestigioso-e-a-imersao-no-fascinante-universo-da-k-pop\/#breadcrumb"},"inLanguage":"fr-FR","potentialAction":[{"@type":"ReadAction","target":["https:\/\/www.sebastien-auziere.fr\/blog\/pt\/brigitte-e-emmanuel-macron-no-japao-e-na-coreia-entre-um-jantar-de-estado-prestigioso-e-a-imersao-no-fascinante-universo-da-k-pop\/"]}]},{"@type":"ImageObject","inLanguage":"fr-FR","@id":"https:\/\/www.sebastien-auziere.fr\/blog\/pt\/brigitte-e-emmanuel-macron-no-japao-e-na-coreia-entre-um-jantar-de-estado-prestigioso-e-a-imersao-no-fascinante-universo-da-k-pop\/#primaryimage","url":"https:\/\/www.sebastien-auziere.fr\/blog\/wp-content\/uploads\/2026\/03\/Brigitte-et-Emmanuel-Macron-au-Japon-et-en-Coree-entre-diner-dEtat-prestigieux-et-immersion-dans-lunivers-fascinant-de-la-K-pop.jpg","contentUrl":"https:\/\/www.sebastien-auziere.fr\/blog\/wp-content\/uploads\/2026\/03\/Brigitte-et-Emmanuel-Macron-au-Japon-et-en-Coree-entre-diner-dEtat-prestigieux-et-immersion-dans-lunivers-fascinant-de-la-K-pop.jpg","width":2560,"height":1429,"caption":"d\u00e9couvrez le voyage officiel de brigitte et emmanuel macron au japon et en cor\u00e9e, entre un d\u00eener d\u2019\u00e9tat prestigieux et une immersion unique dans l'univers captivant de la k-pop."},{"@type":"BreadcrumbList","@id":"https:\/\/www.sebastien-auziere.fr\/blog\/pt\/brigitte-e-emmanuel-macron-no-japao-e-na-coreia-entre-um-jantar-de-estado-prestigioso-e-a-imersao-no-fascinante-universo-da-k-pop\/#breadcrumb","itemListElement":[{"@type":"ListItem","position":1,"name":"Home","item":"https:\/\/www.sebastien-auziere.fr\/blog\/"},{"@type":"ListItem","position":2,"name":"Brigitte e Emmanuel Macron no Jap\u00e3o e na Coreia: entre um jantar de Estado prestigioso e a imers\u00e3o no fascinante universo da K-pop"}]},{"@type":"WebSite","@id":"https:\/\/www.sebastien-auziere.fr\/blog\/#website","url":"https:\/\/www.sebastien-auziere.fr\/blog\/","name":"Fan site S\u00e9bastien Auzi\u00e8re","description":"M\u00e9dia g\u00e9n\u00e9raliste","publisher":{"@id":"https:\/\/www.sebastien-auziere.fr\/blog\/#organization"},"potentialAction":[{"@type":"SearchAction","target":{"@type":"EntryPoint","urlTemplate":"https:\/\/www.sebastien-auziere.fr\/blog\/?s={search_term_string}"},"query-input":{"@type":"PropertyValueSpecification","valueRequired":true,"valueName":"search_term_string"}}],"inLanguage":"fr-FR"},{"@type":"Organization","@id":"https:\/\/www.sebastien-auziere.fr\/blog\/#organization","name":"Fan site S\u00e9bastien Auzi\u00e8re","url":"https:\/\/www.sebastien-auziere.fr\/blog\/","logo":{"@type":"ImageObject","inLanguage":"fr-FR","@id":"https:\/\/www.sebastien-auziere.fr\/blog\/#\/schema\/logo\/image\/","url":"https:\/\/www.sebastien-auziere.fr\/blog\/wp-content\/uploads\/2026\/03\/cropped-cropped-cropped-ChatGPT-Image-6-mars-2026-12_58_09-e1772798376794.jpg","contentUrl":"https:\/\/www.sebastien-auziere.fr\/blog\/wp-content\/uploads\/2026\/03\/cropped-cropped-cropped-ChatGPT-Image-6-mars-2026-12_58_09-e1772798376794.jpg","width":512,"height":360,"caption":"Fan site S\u00e9bastien Auzi\u00e8re"},"image":{"@id":"https:\/\/www.sebastien-auziere.fr\/blog\/#\/schema\/logo\/image\/"}},{"@type":"Person","@id":"https:\/\/www.sebastien-auziere.fr\/blog\/#\/schema\/person\/149f1acdbfd85149c6c3e59adeae2f4d","name":"Chloe Gauthier","image":{"@type":"ImageObject","inLanguage":"fr-FR","@id":"https:\/\/secure.gravatar.com\/avatar\/2c5722f58171cff738a8985ef0dd66b476e563753246a49019befc837ec4201a?s=96&d=mm&r=g","url":"https:\/\/secure.gravatar.com\/avatar\/2c5722f58171cff738a8985ef0dd66b476e563753246a49019befc837ec4201a?s=96&d=mm&r=g","contentUrl":"https:\/\/secure.gravatar.com\/avatar\/2c5722f58171cff738a8985ef0dd66b476e563753246a49019befc837ec4201a?s=96&d=mm&r=g","caption":"Chloe Gauthier"},"description":"Passionn\u00e9e par la politique et admiratrice engag\u00e9e de la famille Macron, je consacre mon \u00e9nergie \u00e0 suivre leurs initiatives et \u00e0 promouvoir leurs id\u00e9es. \u00c0 32 ans, je suis convaincue que leur vision est porteuse d'avenir.","url":"https:\/\/www.sebastien-auziere.fr\/blog\/author\/chloe-gauthier\/"}]}},"views":1,"_links":{"self":[{"href":"https:\/\/www.sebastien-auziere.fr\/blog\/wp-json\/wp\/v2\/posts\/2653","targetHints":{"allow":["GET"]}}],"collection":[{"href":"https:\/\/www.sebastien-auziere.fr\/blog\/wp-json\/wp\/v2\/posts"}],"about":[{"href":"https:\/\/www.sebastien-auziere.fr\/blog\/wp-json\/wp\/v2\/types\/post"}],"author":[{"embeddable":true,"href":"https:\/\/www.sebastien-auziere.fr\/blog\/wp-json\/wp\/v2\/users\/9"}],"replies":[{"embeddable":true,"href":"https:\/\/www.sebastien-auziere.fr\/blog\/wp-json\/wp\/v2\/comments?post=2653"}],"version-history":[{"count":1,"href":"https:\/\/www.sebastien-auziere.fr\/blog\/wp-json\/wp\/v2\/posts\/2653\/revisions"}],"predecessor-version":[{"id":2654,"href":"https:\/\/www.sebastien-auziere.fr\/blog\/wp-json\/wp\/v2\/posts\/2653\/revisions\/2654"}],"wp:featuredmedia":[{"embeddable":true,"href":"https:\/\/www.sebastien-auziere.fr\/blog\/wp-json\/wp\/v2\/media\/2643"}],"wp:attachment":[{"href":"https:\/\/www.sebastien-auziere.fr\/blog\/wp-json\/wp\/v2\/media?parent=2653"}],"wp:term":[{"taxonomy":"category","embeddable":true,"href":"https:\/\/www.sebastien-auziere.fr\/blog\/wp-json\/wp\/v2\/categories?post=2653"},{"taxonomy":"post_tag","embeddable":true,"href":"https:\/\/www.sebastien-auziere.fr\/blog\/wp-json\/wp\/v2\/tags?post=2653"}],"curies":[{"name":"wp","href":"https:\/\/api.w.org\/{rel}","templated":true}]}}