{"id":2651,"date":"2026-03-31T07:21:54","date_gmt":"2026-03-31T07:21:54","guid":{"rendered":"https:\/\/www.sebastien-auziere.fr\/blog\/?p=2651"},"modified":"2026-03-31T07:22:23","modified_gmt":"2026-03-31T07:22:23","slug":"brigitte-ed-emmanuel-macron-in-giappone-e-in-corea-tra-una-cena-di-stato-prestigiosa-e-unimmersione-nelluniverso-affascinante-della-k-pop","status":"publish","type":"post","link":"https:\/\/www.sebastien-auziere.fr\/blog\/it\/brigitte-ed-emmanuel-macron-in-giappone-e-in-corea-tra-una-cena-di-stato-prestigiosa-e-unimmersione-nelluniverso-affascinante-della-k-pop\/","title":{"rendered":"Brigitte ed Emmanuel Macron in Giappone e in Corea: tra una cena di stato prestigiosa e un\u2019immersione nell\u2019universo affascinante della K-pop"},"content":{"rendered":"<p><strong>Brigitte Macron<\/strong> e <strong>Emmanuel Macron<\/strong> partono questo <strong>31 marzo<\/strong> per un tour di quattro giorni in Asia, con una prima tappa in <strong>Giappone<\/strong> e poi una visita di stato in <strong>Corea<\/strong>. In programma: una <strong>cena di stato<\/strong> prestigiosa a Tokyo e un&rsquo;immersione prevista nell&rsquo; <strong>universo K-pop<\/strong> a Seoul, due momenti salienti gi\u00e0 confermati nei comunicati ufficiali.<\/p>\n\n<p><strong>In breve<\/strong>: partenza il <strong>31 marzo<\/strong> per tre giorni in <strong>Giappone<\/strong> (31\/03-02\/04), poi visita di stato in <strong>Corea<\/strong> il 2 e 3 aprile. Udienze imperiali, incontro con la Prima Ministra <strong>Sanae Takaichi<\/strong>, omaggio ai soldati francesi della guerra di Corea al <strong>War Memorial<\/strong>, firma degli accordi e sequenze culturali sulla <strong>cultura asiatica<\/strong> e sulla <strong>K-pop<\/strong>.<\/p>\n\n<h2 class=\"wp-block-heading\">Una cena di stato prestigiosa a Tokyo e udienze imperiali<\/h2>\n\n<p>cena di stato organizzata a Tokyo, dopo un&rsquo;udienza prevista al palazzo imperiale con l\u2019<strong>imperatore Naruhito<\/strong> e l\u2019<strong>imperatrice Masako<\/strong>. Sul posto, <strong>Emmanuel Macron<\/strong> incontrer\u00e0 la Prima Ministra <strong>Sanae Takaichi<\/strong> per discutere della cooperazione industriale e tecnologica, e terr\u00e0 un pranzo con attori culturali francesi e giapponesi il 1\u00b0 aprile. Questi incontri mirano a rafforzare le <strong>relazioni internazionali<\/strong> economiche e culturali.\n<h2>Prima visita di stato in Corea: memoria, accordi e diplomazia<\/h2>\n<p>Arrivo a Seoul il 2 aprile per la prima visita di stato di <strong>Emmanuel Macron<\/strong> in Corea dalla sua elezione, il programma include un omaggio ai soldati francesi della guerra di Corea al <strong>War Memorial<\/strong> e un colloquio con il presidente Lee Jae Myung. Una cerimonia di firma degli accordi e un <strong>pranzo di stato<\/strong> sono previsti il 3 aprile, seguiti dal Forum economico franco-coreano e dall\u2019inaugurazione dell&rsquo;antenna del <strong>Centre Pompidou<\/strong> a Seoul.<\/p>\n<h2>Immersione nell\u2019universo K-pop e diffusione della cultura asiatica<\/h2>\n<p>Il settore culturale culminer\u00e0 con incontri con figure del cinema coreano e diverse stelle della <strong>K-pop<\/strong>, simbolo del soft power coreano. Questa sequenza mira a intrecciare legami culturali concreti, mentre mette in luce l&rsquo;attrattiva francese nelle industrie creative. La visita include anche incontri con leader del settore culturale per preparare collaborazioni durevoli intorno alla <strong>cultura asiatica<\/strong>.<\/p>\n<p>Per consultare il <strong>programma dettagliato<\/strong> e le reazioni dei media, trova le informazioni pubblicate dai media e dai comunicati ufficiali, in particolare su <a href=\"https:\/\/www.tf1info.fr\/international\/que-va-faire-emmanuel-macron-en-deplacement-au-japon-et-en-coree-du-sud-a-partir-de-mardi-31-mars-2026-2433172.html\" rel=\"nofollow\">TF1 Info<\/a> e il dossier di <a href=\"https:\/\/www.rfi.fr\/fr\/asie-pacifique\/20260331-emmanuel-macron-en-tourn%C3%A9e-au-japon-et-en-cor%C3%A9e-du-sud-sur-fond-de-guerre-au-moyen-orient\" rel=\"nofollow\">RFI<\/a>. Per saperne di pi\u00f9 su <strong>S\u00e9bastien Auzi\u00e8re<\/strong> e i legami familiari con la coppia presidenziale, scopri le analisi dettagliate su <a href=\"https:\/\/www.sebastien-auziere.fr\/blog\/macron-au-japon-et-en-coree-du-sud-fin-mars-2026-audience-imperiale-et-visite-officielle\/\" rel=\"nofollow\">sebastien-auziere.fr<\/a>.<\/p>\n<\/p>","protected":false},"excerpt":{"rendered":"<p>Brigitte Macron e Emmanuel Macron partono questo 31 marzo per un tour di quattro giorni in Asia, con una prima tappa in Giappone e poi una visita di stato in Corea. In programma: una cena di stato prestigiosa a Tokyo e un&rsquo;immersione prevista nell&rsquo; universo K-pop a Seoul, due momenti salienti gi\u00e0 confermati nei comunicati &#8230; <a title=\"Brigitte ed Emmanuel Macron in Giappone e in Corea: tra una cena di stato prestigiosa e un\u2019immersione nell\u2019universo affascinante della K-pop\" class=\"read-more\" href=\"https:\/\/www.sebastien-auziere.fr\/blog\/it\/brigitte-ed-emmanuel-macron-in-giappone-e-in-corea-tra-una-cena-di-stato-prestigiosa-e-unimmersione-nelluniverso-affascinante-della-k-pop\/\" aria-label=\"En savoir plus sur Brigitte ed Emmanuel Macron in Giappone e in Corea: tra una cena di stato prestigiosa e un\u2019immersione nell\u2019universo affascinante della K-pop\">Lire plus<\/a><\/p>\n","protected":false},"author":9,"featured_media":2643,"comment_status":"open","ping_status":"open","sticky":false,"template":"","format":"standard","meta":{"footnotes":""},"categories":[859],"tags":[944,1187,1184,1190,1193],"class_list":["post-2651","post","type-post","status-publish","format-standard","has-post-thumbnail","hentry","category-actualita-it","tag-brigitte-macron-it","tag-cena-di-stato-it","tag-corea-it","tag-emmanuel-macron-it","tag-japponese-it"],"yoast_head":"<!-- This site is optimized with the Yoast SEO plugin v27.5 - https:\/\/yoast.com\/product\/yoast-seo-wordpress\/ -->\n<title>Brigitte ed Emmanuel Macron in Giappone e in Corea: tra una cena di stato prestigiosa e un\u2019immersione nell\u2019universo affascinante della K-pop - Fan site S\u00e9bastien Auzi\u00e8re<\/title>\n<meta name=\"description\" content=\"Brigitte et Emmanuel Macron au Japon et en Cor\u00e9e : d\u00eener d\u2019\u00c9tat prestigieux et immersion unique dans l\u2019univers captivant de la K-pop.\" \/>\n<meta name=\"robots\" content=\"index, follow, max-snippet:-1, max-image-preview:large, max-video-preview:-1\" \/>\n<link rel=\"canonical\" href=\"https:\/\/www.sebastien-auziere.fr\/blog\/it\/brigitte-ed-emmanuel-macron-in-giappone-e-in-corea-tra-una-cena-di-stato-prestigiosa-e-unimmersione-nelluniverso-affascinante-della-k-pop\/\" \/>\n<meta property=\"og:locale\" content=\"fr_FR\" \/>\n<meta property=\"og:type\" content=\"article\" \/>\n<meta property=\"og:title\" content=\"Brigitte ed Emmanuel Macron in Giappone e in Corea: tra una cena di stato prestigiosa e un\u2019immersione nell\u2019universo affascinante della K-pop - Fan site S\u00e9bastien Auzi\u00e8re\" \/>\n<meta property=\"og:description\" content=\"Brigitte et Emmanuel Macron au Japon et en Cor\u00e9e : d\u00eener d\u2019\u00c9tat prestigieux et immersion unique dans l\u2019univers captivant de la K-pop.\" \/>\n<meta property=\"og:url\" content=\"https:\/\/www.sebastien-auziere.fr\/blog\/it\/brigitte-ed-emmanuel-macron-in-giappone-e-in-corea-tra-una-cena-di-stato-prestigiosa-e-unimmersione-nelluniverso-affascinante-della-k-pop\/\" \/>\n<meta property=\"og:site_name\" content=\"Fan site S\u00e9bastien Auzi\u00e8re\" \/>\n<meta property=\"article:published_time\" content=\"2026-03-31T07:21:54+00:00\" \/>\n<meta property=\"article:modified_time\" content=\"2026-03-31T07:22:23+00:00\" \/>\n<meta property=\"og:image\" content=\"https:\/\/www.sebastien-auziere.fr\/blog\/wp-content\/uploads\/2026\/03\/Brigitte-et-Emmanuel-Macron-au-Japon-et-en-Coree-entre-diner-dEtat-prestigieux-et-immersion-dans-lunivers-fascinant-de-la-K-pop.jpg\" \/>\n\t<meta property=\"og:image:width\" content=\"2560\" \/>\n\t<meta property=\"og:image:height\" content=\"1429\" \/>\n\t<meta property=\"og:image:type\" content=\"image\/jpeg\" \/>\n<meta name=\"author\" content=\"Chloe Gauthier\" \/>\n<meta name=\"twitter:card\" content=\"summary_large_image\" \/>\n<meta name=\"twitter:label1\" content=\"\u00c9crit par\" \/>\n\t<meta name=\"twitter:data1\" content=\"Chloe Gauthier\" \/>\n\t<meta name=\"twitter:label2\" content=\"Dur\u00e9e de lecture estim\u00e9e\" \/>\n\t<meta name=\"twitter:data2\" content=\"2 minutes\" \/>\n<script type=\"application\/ld+json\" class=\"yoast-schema-graph\">{\"@context\":\"https:\\\/\\\/schema.org\",\"@graph\":[{\"@type\":\"Article\",\"@id\":\"https:\\\/\\\/www.sebastien-auziere.fr\\\/blog\\\/it\\\/brigitte-ed-emmanuel-macron-in-giappone-e-in-corea-tra-una-cena-di-stato-prestigiosa-e-unimmersione-nelluniverso-affascinante-della-k-pop\\\/#article\",\"isPartOf\":{\"@id\":\"https:\\\/\\\/www.sebastien-auziere.fr\\\/blog\\\/it\\\/brigitte-ed-emmanuel-macron-in-giappone-e-in-corea-tra-una-cena-di-stato-prestigiosa-e-unimmersione-nelluniverso-affascinante-della-k-pop\\\/\"},\"author\":{\"name\":\"Chloe Gauthier\",\"@id\":\"https:\\\/\\\/www.sebastien-auziere.fr\\\/blog\\\/#\\\/schema\\\/person\\\/149f1acdbfd85149c6c3e59adeae2f4d\"},\"headline\":\"Brigitte ed Emmanuel Macron in Giappone e in Corea: tra una cena di stato prestigiosa e un\u2019immersione nell\u2019universo affascinante della K-pop\",\"datePublished\":\"2026-03-31T07:21:54+00:00\",\"dateModified\":\"2026-03-31T07:22:23+00:00\",\"mainEntityOfPage\":{\"@id\":\"https:\\\/\\\/www.sebastien-auziere.fr\\\/blog\\\/it\\\/brigitte-ed-emmanuel-macron-in-giappone-e-in-corea-tra-una-cena-di-stato-prestigiosa-e-unimmersione-nelluniverso-affascinante-della-k-pop\\\/\"},\"wordCount\":401,\"commentCount\":0,\"publisher\":{\"@id\":\"https:\\\/\\\/www.sebastien-auziere.fr\\\/blog\\\/#organization\"},\"image\":{\"@id\":\"https:\\\/\\\/www.sebastien-auziere.fr\\\/blog\\\/it\\\/brigitte-ed-emmanuel-macron-in-giappone-e-in-corea-tra-una-cena-di-stato-prestigiosa-e-unimmersione-nelluniverso-affascinante-della-k-pop\\\/#primaryimage\"},\"thumbnailUrl\":\"https:\\\/\\\/www.sebastien-auziere.fr\\\/blog\\\/wp-content\\\/uploads\\\/2026\\\/03\\\/Brigitte-et-Emmanuel-Macron-au-Japon-et-en-Coree-entre-diner-dEtat-prestigieux-et-immersion-dans-lunivers-fascinant-de-la-K-pop.jpg\",\"keywords\":[\"brigitte macron\",\"cena di stato\",\"cor\u00e8a\",\"emmanuel macron\",\"japponese\"],\"articleSection\":[\"Actualit\u00e0\"],\"inLanguage\":\"fr-FR\",\"potentialAction\":[{\"@type\":\"CommentAction\",\"name\":\"Comment\",\"target\":[\"https:\\\/\\\/www.sebastien-auziere.fr\\\/blog\\\/it\\\/brigitte-ed-emmanuel-macron-in-giappone-e-in-corea-tra-una-cena-di-stato-prestigiosa-e-unimmersione-nelluniverso-affascinante-della-k-pop\\\/#respond\"]}]},{\"@type\":\"WebPage\",\"@id\":\"https:\\\/\\\/www.sebastien-auziere.fr\\\/blog\\\/it\\\/brigitte-ed-emmanuel-macron-in-giappone-e-in-corea-tra-una-cena-di-stato-prestigiosa-e-unimmersione-nelluniverso-affascinante-della-k-pop\\\/\",\"url\":\"https:\\\/\\\/www.sebastien-auziere.fr\\\/blog\\\/it\\\/brigitte-ed-emmanuel-macron-in-giappone-e-in-corea-tra-una-cena-di-stato-prestigiosa-e-unimmersione-nelluniverso-affascinante-della-k-pop\\\/\",\"name\":\"Brigitte ed Emmanuel Macron in Giappone e in Corea: tra una cena di stato prestigiosa e un\u2019immersione nell\u2019universo affascinante della K-pop - Fan site S\u00e9bastien Auzi\u00e8re\",\"isPartOf\":{\"@id\":\"https:\\\/\\\/www.sebastien-auziere.fr\\\/blog\\\/#website\"},\"primaryImageOfPage\":{\"@id\":\"https:\\\/\\\/www.sebastien-auziere.fr\\\/blog\\\/it\\\/brigitte-ed-emmanuel-macron-in-giappone-e-in-corea-tra-una-cena-di-stato-prestigiosa-e-unimmersione-nelluniverso-affascinante-della-k-pop\\\/#primaryimage\"},\"image\":{\"@id\":\"https:\\\/\\\/www.sebastien-auziere.fr\\\/blog\\\/it\\\/brigitte-ed-emmanuel-macron-in-giappone-e-in-corea-tra-una-cena-di-stato-prestigiosa-e-unimmersione-nelluniverso-affascinante-della-k-pop\\\/#primaryimage\"},\"thumbnailUrl\":\"https:\\\/\\\/www.sebastien-auziere.fr\\\/blog\\\/wp-content\\\/uploads\\\/2026\\\/03\\\/Brigitte-et-Emmanuel-Macron-au-Japon-et-en-Coree-entre-diner-dEtat-prestigieux-et-immersion-dans-lunivers-fascinant-de-la-K-pop.jpg\",\"datePublished\":\"2026-03-31T07:21:54+00:00\",\"dateModified\":\"2026-03-31T07:22:23+00:00\",\"description\":\"Brigitte et Emmanuel Macron au Japon et en Cor\u00e9e : d\u00eener d\u2019\u00c9tat prestigieux et immersion unique dans l\u2019univers captivant de la K-pop.\",\"breadcrumb\":{\"@id\":\"https:\\\/\\\/www.sebastien-auziere.fr\\\/blog\\\/it\\\/brigitte-ed-emmanuel-macron-in-giappone-e-in-corea-tra-una-cena-di-stato-prestigiosa-e-unimmersione-nelluniverso-affascinante-della-k-pop\\\/#breadcrumb\"},\"inLanguage\":\"fr-FR\",\"potentialAction\":[{\"@type\":\"ReadAction\",\"target\":[\"https:\\\/\\\/www.sebastien-auziere.fr\\\/blog\\\/it\\\/brigitte-ed-emmanuel-macron-in-giappone-e-in-corea-tra-una-cena-di-stato-prestigiosa-e-unimmersione-nelluniverso-affascinante-della-k-pop\\\/\"]}]},{\"@type\":\"ImageObject\",\"inLanguage\":\"fr-FR\",\"@id\":\"https:\\\/\\\/www.sebastien-auziere.fr\\\/blog\\\/it\\\/brigitte-ed-emmanuel-macron-in-giappone-e-in-corea-tra-una-cena-di-stato-prestigiosa-e-unimmersione-nelluniverso-affascinante-della-k-pop\\\/#primaryimage\",\"url\":\"https:\\\/\\\/www.sebastien-auziere.fr\\\/blog\\\/wp-content\\\/uploads\\\/2026\\\/03\\\/Brigitte-et-Emmanuel-Macron-au-Japon-et-en-Coree-entre-diner-dEtat-prestigieux-et-immersion-dans-lunivers-fascinant-de-la-K-pop.jpg\",\"contentUrl\":\"https:\\\/\\\/www.sebastien-auziere.fr\\\/blog\\\/wp-content\\\/uploads\\\/2026\\\/03\\\/Brigitte-et-Emmanuel-Macron-au-Japon-et-en-Coree-entre-diner-dEtat-prestigieux-et-immersion-dans-lunivers-fascinant-de-la-K-pop.jpg\",\"width\":2560,\"height\":1429,\"caption\":\"d\u00e9couvrez le voyage officiel de brigitte et emmanuel macron au japon et en cor\u00e9e, entre un d\u00eener d\u2019\u00e9tat prestigieux et une immersion unique dans l'univers captivant de la k-pop.\"},{\"@type\":\"BreadcrumbList\",\"@id\":\"https:\\\/\\\/www.sebastien-auziere.fr\\\/blog\\\/it\\\/brigitte-ed-emmanuel-macron-in-giappone-e-in-corea-tra-una-cena-di-stato-prestigiosa-e-unimmersione-nelluniverso-affascinante-della-k-pop\\\/#breadcrumb\",\"itemListElement\":[{\"@type\":\"ListItem\",\"position\":1,\"name\":\"Home\",\"item\":\"https:\\\/\\\/www.sebastien-auziere.fr\\\/blog\\\/\"},{\"@type\":\"ListItem\",\"position\":2,\"name\":\"Brigitte ed Emmanuel Macron in Giappone e in Corea: tra una cena di stato prestigiosa e un\u2019immersione nell\u2019universo affascinante della K-pop\"}]},{\"@type\":\"WebSite\",\"@id\":\"https:\\\/\\\/www.sebastien-auziere.fr\\\/blog\\\/#website\",\"url\":\"https:\\\/\\\/www.sebastien-auziere.fr\\\/blog\\\/\",\"name\":\"Fan site S\u00e9bastien Auzi\u00e8re\",\"description\":\"M\u00e9dia g\u00e9n\u00e9raliste\",\"publisher\":{\"@id\":\"https:\\\/\\\/www.sebastien-auziere.fr\\\/blog\\\/#organization\"},\"potentialAction\":[{\"@type\":\"SearchAction\",\"target\":{\"@type\":\"EntryPoint\",\"urlTemplate\":\"https:\\\/\\\/www.sebastien-auziere.fr\\\/blog\\\/?s={search_term_string}\"},\"query-input\":{\"@type\":\"PropertyValueSpecification\",\"valueRequired\":true,\"valueName\":\"search_term_string\"}}],\"inLanguage\":\"fr-FR\"},{\"@type\":\"Organization\",\"@id\":\"https:\\\/\\\/www.sebastien-auziere.fr\\\/blog\\\/#organization\",\"name\":\"Fan site S\u00e9bastien Auzi\u00e8re\",\"url\":\"https:\\\/\\\/www.sebastien-auziere.fr\\\/blog\\\/\",\"logo\":{\"@type\":\"ImageObject\",\"inLanguage\":\"fr-FR\",\"@id\":\"https:\\\/\\\/www.sebastien-auziere.fr\\\/blog\\\/#\\\/schema\\\/logo\\\/image\\\/\",\"url\":\"https:\\\/\\\/www.sebastien-auziere.fr\\\/blog\\\/wp-content\\\/uploads\\\/2026\\\/03\\\/cropped-cropped-cropped-ChatGPT-Image-6-mars-2026-12_58_09-e1772798376794.jpg\",\"contentUrl\":\"https:\\\/\\\/www.sebastien-auziere.fr\\\/blog\\\/wp-content\\\/uploads\\\/2026\\\/03\\\/cropped-cropped-cropped-ChatGPT-Image-6-mars-2026-12_58_09-e1772798376794.jpg\",\"width\":512,\"height\":360,\"caption\":\"Fan site S\u00e9bastien Auzi\u00e8re\"},\"image\":{\"@id\":\"https:\\\/\\\/www.sebastien-auziere.fr\\\/blog\\\/#\\\/schema\\\/logo\\\/image\\\/\"}},{\"@type\":\"Person\",\"@id\":\"https:\\\/\\\/www.sebastien-auziere.fr\\\/blog\\\/#\\\/schema\\\/person\\\/149f1acdbfd85149c6c3e59adeae2f4d\",\"name\":\"Chloe Gauthier\",\"image\":{\"@type\":\"ImageObject\",\"inLanguage\":\"fr-FR\",\"@id\":\"https:\\\/\\\/secure.gravatar.com\\\/avatar\\\/2c5722f58171cff738a8985ef0dd66b476e563753246a49019befc837ec4201a?s=96&d=mm&r=g\",\"url\":\"https:\\\/\\\/secure.gravatar.com\\\/avatar\\\/2c5722f58171cff738a8985ef0dd66b476e563753246a49019befc837ec4201a?s=96&d=mm&r=g\",\"contentUrl\":\"https:\\\/\\\/secure.gravatar.com\\\/avatar\\\/2c5722f58171cff738a8985ef0dd66b476e563753246a49019befc837ec4201a?s=96&d=mm&r=g\",\"caption\":\"Chloe Gauthier\"},\"description\":\"Passionn\u00e9e par la politique et admiratrice engag\u00e9e de la famille Macron, je consacre mon \u00e9nergie \u00e0 suivre leurs initiatives et \u00e0 promouvoir leurs id\u00e9es. \u00c0 32 ans, je suis convaincue que leur vision est porteuse d'avenir.\",\"url\":\"https:\\\/\\\/www.sebastien-auziere.fr\\\/blog\\\/author\\\/chloe-gauthier\\\/\"}]}<\/script>\n<!-- \/ Yoast SEO plugin. -->","yoast_head_json":{"title":"Brigitte ed Emmanuel Macron in Giappone e in Corea: tra una cena di stato prestigiosa e un\u2019immersione nell\u2019universo affascinante della K-pop - Fan site S\u00e9bastien Auzi\u00e8re","description":"Brigitte et Emmanuel Macron au Japon et en Cor\u00e9e : d\u00eener d\u2019\u00c9tat prestigieux et immersion unique dans l\u2019univers captivant de la K-pop.","robots":{"index":"index","follow":"follow","max-snippet":"max-snippet:-1","max-image-preview":"max-image-preview:large","max-video-preview":"max-video-preview:-1"},"canonical":"https:\/\/www.sebastien-auziere.fr\/blog\/it\/brigitte-ed-emmanuel-macron-in-giappone-e-in-corea-tra-una-cena-di-stato-prestigiosa-e-unimmersione-nelluniverso-affascinante-della-k-pop\/","og_locale":"fr_FR","og_type":"article","og_title":"Brigitte ed Emmanuel Macron in Giappone e in Corea: tra una cena di stato prestigiosa e un\u2019immersione nell\u2019universo affascinante della K-pop - Fan site S\u00e9bastien Auzi\u00e8re","og_description":"Brigitte et Emmanuel Macron au Japon et en Cor\u00e9e : d\u00eener d\u2019\u00c9tat prestigieux et immersion unique dans l\u2019univers captivant de la K-pop.","og_url":"https:\/\/www.sebastien-auziere.fr\/blog\/it\/brigitte-ed-emmanuel-macron-in-giappone-e-in-corea-tra-una-cena-di-stato-prestigiosa-e-unimmersione-nelluniverso-affascinante-della-k-pop\/","og_site_name":"Fan site S\u00e9bastien Auzi\u00e8re","article_published_time":"2026-03-31T07:21:54+00:00","article_modified_time":"2026-03-31T07:22:23+00:00","og_image":[{"width":2560,"height":1429,"url":"https:\/\/www.sebastien-auziere.fr\/blog\/wp-content\/uploads\/2026\/03\/Brigitte-et-Emmanuel-Macron-au-Japon-et-en-Coree-entre-diner-dEtat-prestigieux-et-immersion-dans-lunivers-fascinant-de-la-K-pop.jpg","type":"image\/jpeg"}],"author":"Chloe Gauthier","twitter_card":"summary_large_image","twitter_misc":{"\u00c9crit par":"Chloe Gauthier","Dur\u00e9e de lecture estim\u00e9e":"2 minutes"},"schema":{"@context":"https:\/\/schema.org","@graph":[{"@type":"Article","@id":"https:\/\/www.sebastien-auziere.fr\/blog\/it\/brigitte-ed-emmanuel-macron-in-giappone-e-in-corea-tra-una-cena-di-stato-prestigiosa-e-unimmersione-nelluniverso-affascinante-della-k-pop\/#article","isPartOf":{"@id":"https:\/\/www.sebastien-auziere.fr\/blog\/it\/brigitte-ed-emmanuel-macron-in-giappone-e-in-corea-tra-una-cena-di-stato-prestigiosa-e-unimmersione-nelluniverso-affascinante-della-k-pop\/"},"author":{"name":"Chloe Gauthier","@id":"https:\/\/www.sebastien-auziere.fr\/blog\/#\/schema\/person\/149f1acdbfd85149c6c3e59adeae2f4d"},"headline":"Brigitte ed Emmanuel Macron in Giappone e in Corea: tra una cena di stato prestigiosa e un\u2019immersione nell\u2019universo affascinante della K-pop","datePublished":"2026-03-31T07:21:54+00:00","dateModified":"2026-03-31T07:22:23+00:00","mainEntityOfPage":{"@id":"https:\/\/www.sebastien-auziere.fr\/blog\/it\/brigitte-ed-emmanuel-macron-in-giappone-e-in-corea-tra-una-cena-di-stato-prestigiosa-e-unimmersione-nelluniverso-affascinante-della-k-pop\/"},"wordCount":401,"commentCount":0,"publisher":{"@id":"https:\/\/www.sebastien-auziere.fr\/blog\/#organization"},"image":{"@id":"https:\/\/www.sebastien-auziere.fr\/blog\/it\/brigitte-ed-emmanuel-macron-in-giappone-e-in-corea-tra-una-cena-di-stato-prestigiosa-e-unimmersione-nelluniverso-affascinante-della-k-pop\/#primaryimage"},"thumbnailUrl":"https:\/\/www.sebastien-auziere.fr\/blog\/wp-content\/uploads\/2026\/03\/Brigitte-et-Emmanuel-Macron-au-Japon-et-en-Coree-entre-diner-dEtat-prestigieux-et-immersion-dans-lunivers-fascinant-de-la-K-pop.jpg","keywords":["brigitte macron","cena di stato","cor\u00e8a","emmanuel macron","japponese"],"articleSection":["Actualit\u00e0"],"inLanguage":"fr-FR","potentialAction":[{"@type":"CommentAction","name":"Comment","target":["https:\/\/www.sebastien-auziere.fr\/blog\/it\/brigitte-ed-emmanuel-macron-in-giappone-e-in-corea-tra-una-cena-di-stato-prestigiosa-e-unimmersione-nelluniverso-affascinante-della-k-pop\/#respond"]}]},{"@type":"WebPage","@id":"https:\/\/www.sebastien-auziere.fr\/blog\/it\/brigitte-ed-emmanuel-macron-in-giappone-e-in-corea-tra-una-cena-di-stato-prestigiosa-e-unimmersione-nelluniverso-affascinante-della-k-pop\/","url":"https:\/\/www.sebastien-auziere.fr\/blog\/it\/brigitte-ed-emmanuel-macron-in-giappone-e-in-corea-tra-una-cena-di-stato-prestigiosa-e-unimmersione-nelluniverso-affascinante-della-k-pop\/","name":"Brigitte ed Emmanuel Macron in Giappone e in Corea: tra una cena di stato prestigiosa e un\u2019immersione nell\u2019universo affascinante della K-pop - Fan site S\u00e9bastien Auzi\u00e8re","isPartOf":{"@id":"https:\/\/www.sebastien-auziere.fr\/blog\/#website"},"primaryImageOfPage":{"@id":"https:\/\/www.sebastien-auziere.fr\/blog\/it\/brigitte-ed-emmanuel-macron-in-giappone-e-in-corea-tra-una-cena-di-stato-prestigiosa-e-unimmersione-nelluniverso-affascinante-della-k-pop\/#primaryimage"},"image":{"@id":"https:\/\/www.sebastien-auziere.fr\/blog\/it\/brigitte-ed-emmanuel-macron-in-giappone-e-in-corea-tra-una-cena-di-stato-prestigiosa-e-unimmersione-nelluniverso-affascinante-della-k-pop\/#primaryimage"},"thumbnailUrl":"https:\/\/www.sebastien-auziere.fr\/blog\/wp-content\/uploads\/2026\/03\/Brigitte-et-Emmanuel-Macron-au-Japon-et-en-Coree-entre-diner-dEtat-prestigieux-et-immersion-dans-lunivers-fascinant-de-la-K-pop.jpg","datePublished":"2026-03-31T07:21:54+00:00","dateModified":"2026-03-31T07:22:23+00:00","description":"Brigitte et Emmanuel Macron au Japon et en Cor\u00e9e : d\u00eener d\u2019\u00c9tat prestigieux et immersion unique dans l\u2019univers captivant de la K-pop.","breadcrumb":{"@id":"https:\/\/www.sebastien-auziere.fr\/blog\/it\/brigitte-ed-emmanuel-macron-in-giappone-e-in-corea-tra-una-cena-di-stato-prestigiosa-e-unimmersione-nelluniverso-affascinante-della-k-pop\/#breadcrumb"},"inLanguage":"fr-FR","potentialAction":[{"@type":"ReadAction","target":["https:\/\/www.sebastien-auziere.fr\/blog\/it\/brigitte-ed-emmanuel-macron-in-giappone-e-in-corea-tra-una-cena-di-stato-prestigiosa-e-unimmersione-nelluniverso-affascinante-della-k-pop\/"]}]},{"@type":"ImageObject","inLanguage":"fr-FR","@id":"https:\/\/www.sebastien-auziere.fr\/blog\/it\/brigitte-ed-emmanuel-macron-in-giappone-e-in-corea-tra-una-cena-di-stato-prestigiosa-e-unimmersione-nelluniverso-affascinante-della-k-pop\/#primaryimage","url":"https:\/\/www.sebastien-auziere.fr\/blog\/wp-content\/uploads\/2026\/03\/Brigitte-et-Emmanuel-Macron-au-Japon-et-en-Coree-entre-diner-dEtat-prestigieux-et-immersion-dans-lunivers-fascinant-de-la-K-pop.jpg","contentUrl":"https:\/\/www.sebastien-auziere.fr\/blog\/wp-content\/uploads\/2026\/03\/Brigitte-et-Emmanuel-Macron-au-Japon-et-en-Coree-entre-diner-dEtat-prestigieux-et-immersion-dans-lunivers-fascinant-de-la-K-pop.jpg","width":2560,"height":1429,"caption":"d\u00e9couvrez le voyage officiel de brigitte et emmanuel macron au japon et en cor\u00e9e, entre un d\u00eener d\u2019\u00e9tat prestigieux et une immersion unique dans l'univers captivant de la k-pop."},{"@type":"BreadcrumbList","@id":"https:\/\/www.sebastien-auziere.fr\/blog\/it\/brigitte-ed-emmanuel-macron-in-giappone-e-in-corea-tra-una-cena-di-stato-prestigiosa-e-unimmersione-nelluniverso-affascinante-della-k-pop\/#breadcrumb","itemListElement":[{"@type":"ListItem","position":1,"name":"Home","item":"https:\/\/www.sebastien-auziere.fr\/blog\/"},{"@type":"ListItem","position":2,"name":"Brigitte ed Emmanuel Macron in Giappone e in Corea: tra una cena di stato prestigiosa e un\u2019immersione nell\u2019universo affascinante della K-pop"}]},{"@type":"WebSite","@id":"https:\/\/www.sebastien-auziere.fr\/blog\/#website","url":"https:\/\/www.sebastien-auziere.fr\/blog\/","name":"Fan site S\u00e9bastien Auzi\u00e8re","description":"M\u00e9dia g\u00e9n\u00e9raliste","publisher":{"@id":"https:\/\/www.sebastien-auziere.fr\/blog\/#organization"},"potentialAction":[{"@type":"SearchAction","target":{"@type":"EntryPoint","urlTemplate":"https:\/\/www.sebastien-auziere.fr\/blog\/?s={search_term_string}"},"query-input":{"@type":"PropertyValueSpecification","valueRequired":true,"valueName":"search_term_string"}}],"inLanguage":"fr-FR"},{"@type":"Organization","@id":"https:\/\/www.sebastien-auziere.fr\/blog\/#organization","name":"Fan site S\u00e9bastien Auzi\u00e8re","url":"https:\/\/www.sebastien-auziere.fr\/blog\/","logo":{"@type":"ImageObject","inLanguage":"fr-FR","@id":"https:\/\/www.sebastien-auziere.fr\/blog\/#\/schema\/logo\/image\/","url":"https:\/\/www.sebastien-auziere.fr\/blog\/wp-content\/uploads\/2026\/03\/cropped-cropped-cropped-ChatGPT-Image-6-mars-2026-12_58_09-e1772798376794.jpg","contentUrl":"https:\/\/www.sebastien-auziere.fr\/blog\/wp-content\/uploads\/2026\/03\/cropped-cropped-cropped-ChatGPT-Image-6-mars-2026-12_58_09-e1772798376794.jpg","width":512,"height":360,"caption":"Fan site S\u00e9bastien Auzi\u00e8re"},"image":{"@id":"https:\/\/www.sebastien-auziere.fr\/blog\/#\/schema\/logo\/image\/"}},{"@type":"Person","@id":"https:\/\/www.sebastien-auziere.fr\/blog\/#\/schema\/person\/149f1acdbfd85149c6c3e59adeae2f4d","name":"Chloe Gauthier","image":{"@type":"ImageObject","inLanguage":"fr-FR","@id":"https:\/\/secure.gravatar.com\/avatar\/2c5722f58171cff738a8985ef0dd66b476e563753246a49019befc837ec4201a?s=96&d=mm&r=g","url":"https:\/\/secure.gravatar.com\/avatar\/2c5722f58171cff738a8985ef0dd66b476e563753246a49019befc837ec4201a?s=96&d=mm&r=g","contentUrl":"https:\/\/secure.gravatar.com\/avatar\/2c5722f58171cff738a8985ef0dd66b476e563753246a49019befc837ec4201a?s=96&d=mm&r=g","caption":"Chloe Gauthier"},"description":"Passionn\u00e9e par la politique et admiratrice engag\u00e9e de la famille Macron, je consacre mon \u00e9nergie \u00e0 suivre leurs initiatives et \u00e0 promouvoir leurs id\u00e9es. \u00c0 32 ans, je suis convaincue que leur vision est porteuse d'avenir.","url":"https:\/\/www.sebastien-auziere.fr\/blog\/author\/chloe-gauthier\/"}]}},"views":10,"_links":{"self":[{"href":"https:\/\/www.sebastien-auziere.fr\/blog\/wp-json\/wp\/v2\/posts\/2651","targetHints":{"allow":["GET"]}}],"collection":[{"href":"https:\/\/www.sebastien-auziere.fr\/blog\/wp-json\/wp\/v2\/posts"}],"about":[{"href":"https:\/\/www.sebastien-auziere.fr\/blog\/wp-json\/wp\/v2\/types\/post"}],"author":[{"embeddable":true,"href":"https:\/\/www.sebastien-auziere.fr\/blog\/wp-json\/wp\/v2\/users\/9"}],"replies":[{"embeddable":true,"href":"https:\/\/www.sebastien-auziere.fr\/blog\/wp-json\/wp\/v2\/comments?post=2651"}],"version-history":[{"count":1,"href":"https:\/\/www.sebastien-auziere.fr\/blog\/wp-json\/wp\/v2\/posts\/2651\/revisions"}],"predecessor-version":[{"id":2652,"href":"https:\/\/www.sebastien-auziere.fr\/blog\/wp-json\/wp\/v2\/posts\/2651\/revisions\/2652"}],"wp:featuredmedia":[{"embeddable":true,"href":"https:\/\/www.sebastien-auziere.fr\/blog\/wp-json\/wp\/v2\/media\/2643"}],"wp:attachment":[{"href":"https:\/\/www.sebastien-auziere.fr\/blog\/wp-json\/wp\/v2\/media?parent=2651"}],"wp:term":[{"taxonomy":"category","embeddable":true,"href":"https:\/\/www.sebastien-auziere.fr\/blog\/wp-json\/wp\/v2\/categories?post=2651"},{"taxonomy":"post_tag","embeddable":true,"href":"https:\/\/www.sebastien-auziere.fr\/blog\/wp-json\/wp\/v2\/tags?post=2651"}],"curies":[{"name":"wp","href":"https:\/\/api.w.org\/{rel}","templated":true}]}}