{"id":2649,"date":"2026-03-31T07:21:16","date_gmt":"2026-03-31T07:21:16","guid":{"rendered":"https:\/\/www.sebastien-auziere.fr\/blog\/?p=2649"},"modified":"2026-03-31T07:21:45","modified_gmt":"2026-03-31T07:21:45","slug":"brigitte-und-emmanuel-macron-in-japan-und-sudkorea-zwischen-prestigetrachtigem-staatsdinner-und-eintauchen-in-die-faszinierende-welt-der-k-pop","status":"publish","type":"post","link":"https:\/\/www.sebastien-auziere.fr\/blog\/de\/brigitte-und-emmanuel-macron-in-japan-und-sudkorea-zwischen-prestigetrachtigem-staatsdinner-und-eintauchen-in-die-faszinierende-welt-der-k-pop\/","title":{"rendered":"Brigitte und Emmanuel Macron in Japan und S\u00fcdkorea: zwischen prestigetr\u00e4chtigem Staatsdinner und Eintauchen in die faszinierende Welt der K-pop"},"content":{"rendered":"<p><strong>Brigitte Macron<\/strong> und <strong>Emmanuel Macron<\/strong> fliegen am <strong>31. M\u00e4rz<\/strong> zu einer viert\u00e4gigen Tour nach Asien, mit einem ersten Halt in <strong>Japan<\/strong> und anschlie\u00dfend einem Staatsbesuch in <strong>Korea<\/strong>. Auf dem Programm stehen: ein <strong>Staatsessen<\/strong> in Tokio und eine geplante Taufe in das <strong>K-pop<\/strong>-Universum in Seoul, zwei H\u00f6hepunkte, die bereits in den offiziellen Mitteilungen best\u00e4tigt wurden.<\/p>\n\n<p><strong>Zusammengefasst<\/strong>: Abflug am <strong>31. M\u00e4rz<\/strong> f\u00fcr drei Tage in <strong>Japan<\/strong> (31.03.-02.04.), gefolgt von einem Staatsbesuch in <strong>Korea<\/strong> am 2. und 3. April. Imperialaudienzen, Treffen mit der Premierministerin <strong>Sanae Takaichi<\/strong>, Ehrung der franz\u00f6sischen Soldaten des Koreakriegs im <strong>War Memorial<\/strong>, Unterzeichnung von Abkommen und kulturelle Veranstaltungen rund um <strong>asiatische Kultur<\/strong> und <strong>K-pop<\/strong>.<\/p>\n\n<h2 class=\"wp-block-heading\">Ein prestigetr\u00e4chtiges Staatsessen in Tokio und imperialaudienzen<\/h2>\n\n<p>Ein Staatsessen, das in Tokio organisiert wird, nach einer geplanten Audienz im Kaiserpalast mit <strong>Kaiser Naruhito<\/strong> und <strong>Kaiserin Masako<\/strong>. Vor Ort wird <strong>Emmanuel Macron<\/strong> die Premierministerin <strong>Sanae Takaichi<\/strong> treffen, um \u00fcber industrielle und technologische Zusammenarbeit zu sprechen, und wird am 1. April ein Mittagessen mit franz\u00f6sischen und japanischen Kulturschaffenden abhalten. Diese Termine zielen darauf ab, die <strong>internationalen Beziehungen<\/strong> wirtschaftlich und kulturell zu st\u00e4rken.<\/p>\n<h2>Erster Staatsbesuch in Korea: Erinnerung, Abkommen und Diplomatie<\/h2>\n<p>Ankunft in Seoul am 2. April f\u00fcr den ersten Staatsbesuch von <strong>Emmanuel Macron<\/strong> in Korea seit seiner Wahl, das Programm umfasst eine Ehrung der franz\u00f6sischen Soldaten des Koreakriegs im <strong>War Memorial<\/strong> und ein Gespr\u00e4ch mit Pr\u00e4sident Lee Jae Myung. Eine Zeremonie zur Unterzeichnung von Abkommen und ein <strong>Staatsessen<\/strong> sind f\u00fcr den 3. April vorgesehen, gefolgt vom franz\u00f6sisch-koreanischen Wirtschaftsforum und der Er\u00f6ffnung der Zweigstelle des <strong>Centre Pompidou<\/strong> in Seoul.<\/p>\n<h2>Eintauchen in das K-pop-Universum und Strahlkraft der asiatischen Kultur<\/h2>\n<p>Der kulturelle Teil wird mit Begegnungen mit Pers\u00f6nlichkeiten des koreanischen Films und mehreren Stars der <strong>K-pop<\/strong> kulminieren, einem Symbol der koreanischen Soft Power. Diese Sequenz zielt darauf ab, konkrete kulturelle Verbindungen zu kn\u00fcpfen, w\u00e4hrend sie gleichzeitig die Attraktivit\u00e4t Frankreichs f\u00fcr die kreativen Industrien ins Rampenlicht r\u00fcckt. Der Besuch umfasst auch Treffen mit F\u00fchrungspers\u00f6nlichkeiten aus dem Kulturbereich, um nachhaltige Kooperationen rund um die <strong>asiatische Kultur<\/strong> vorzubereiten.<\/p>\n<p>F\u00fcr weitere Informationen \u00fcber das <strong>detaillierte Programm<\/strong> und die Medienreaktionen, finden Sie die Informationen, die von den Medien sowie in den offiziellen Mitteilungen ver\u00f6ffentlicht wurden, insbesondere auf <a href=\"https:\/\/www.tf1info.fr\/international\/que-va-faire-emmanuel-macron-en-deplacement-au-japon-et-en-coree-du-sud-a-partir-de-mardi-31-mars-2026-2433172.html\" rel=\"nofollow\">TF1 Info<\/a> und dem Dossier von <a href=\"https:\/\/www.rfi.fr\/fr\/asie-pacifique\/20260331-emmanuel-macron-en-tourn%C3%A9e-au-japon-et-en-coree-du-sud-sur-fond-de-guerre-au-moyen-orient\" rel=\"nofollow\">RFI<\/a>. Um mehr \u00fcber <strong>S\u00e9bastien Auzi\u00e8re<\/strong> und die famili\u00e4ren Verbindungen zum Pr\u00e4sidentenpaar zu erfahren, entdecken Sie die detaillierten Analysen auf <a href=\"https:\/\/www.sebastien-auziere.fr\/blog\/macron-au-japon-et-en-coree-du-sud-fin-mars-2026-audience-imperiale-et-visite-officielle\/\" rel=\"nofollow\">sebastien-auziere.fr<\/a>.<\/p>\n<\/p>","protected":false},"excerpt":{"rendered":"<p>Brigitte Macron und Emmanuel Macron fliegen am 31. M\u00e4rz zu einer viert\u00e4gigen Tour nach Asien, mit einem ersten Halt in Japan und anschlie\u00dfend einem Staatsbesuch in Korea. Auf dem Programm stehen: ein Staatsessen in Tokio und eine geplante Taufe in das K-pop-Universum in Seoul, zwei H\u00f6hepunkte, die bereits in den offiziellen Mitteilungen best\u00e4tigt wurden. Zusammengefasst: &#8230; <a title=\"Brigitte und Emmanuel Macron in Japan und S\u00fcdkorea: zwischen prestigetr\u00e4chtigem Staatsdinner und Eintauchen in die faszinierende Welt der K-pop\" class=\"read-more\" href=\"https:\/\/www.sebastien-auziere.fr\/blog\/de\/brigitte-und-emmanuel-macron-in-japan-und-sudkorea-zwischen-prestigetrachtigem-staatsdinner-und-eintauchen-in-die-faszinierende-welt-der-k-pop\/\" aria-label=\"En savoir plus sur Brigitte und Emmanuel Macron in Japan und S\u00fcdkorea: zwischen prestigetr\u00e4chtigem Staatsdinner und Eintauchen in die faszinierende Welt der K-pop\">Lire plus<\/a><\/p>\n","protected":false},"author":9,"featured_media":2643,"comment_status":"open","ping_status":"open","sticky":false,"template":"","format":"standard","meta":{"footnotes":""},"categories":[856],"tags":[929,1175,1178,1181,1172],"class_list":["post-2649","post","type-post","status-publish","format-standard","has-post-thumbnail","hentry","category-aktuelles-de","tag-brigitte-macron-de","tag-dinner-fur-staatliche-anlasse-de","tag-emmanuel-macron-de","tag-japan-de","tag-koree-de"],"yoast_head":"<!-- This site is optimized with the Yoast SEO plugin v27.5 - https:\/\/yoast.com\/product\/yoast-seo-wordpress\/ -->\n<title>Brigitte und Emmanuel Macron in Japan und S\u00fcdkorea: zwischen prestigetr\u00e4chtigem Staatsdinner und Eintauchen in die faszinierende Welt der K-pop - Fan site S\u00e9bastien Auzi\u00e8re<\/title>\n<meta name=\"description\" content=\"Brigitte et Emmanuel Macron au Japon et en Cor\u00e9e : d\u00eener d\u2019\u00c9tat prestigieux et immersion unique dans l\u2019univers captivant de la K-pop.\" \/>\n<meta name=\"robots\" content=\"index, follow, max-snippet:-1, max-image-preview:large, max-video-preview:-1\" \/>\n<link rel=\"canonical\" href=\"https:\/\/www.sebastien-auziere.fr\/blog\/de\/brigitte-und-emmanuel-macron-in-japan-und-sudkorea-zwischen-prestigetrachtigem-staatsdinner-und-eintauchen-in-die-faszinierende-welt-der-k-pop\/\" \/>\n<meta property=\"og:locale\" content=\"fr_FR\" \/>\n<meta property=\"og:type\" content=\"article\" \/>\n<meta property=\"og:title\" content=\"Brigitte und Emmanuel Macron in Japan und S\u00fcdkorea: zwischen prestigetr\u00e4chtigem Staatsdinner und Eintauchen in die faszinierende Welt der K-pop - Fan site S\u00e9bastien Auzi\u00e8re\" \/>\n<meta property=\"og:description\" content=\"Brigitte et Emmanuel Macron au Japon et en Cor\u00e9e : d\u00eener d\u2019\u00c9tat prestigieux et immersion unique dans l\u2019univers captivant de la K-pop.\" \/>\n<meta property=\"og:url\" content=\"https:\/\/www.sebastien-auziere.fr\/blog\/de\/brigitte-und-emmanuel-macron-in-japan-und-sudkorea-zwischen-prestigetrachtigem-staatsdinner-und-eintauchen-in-die-faszinierende-welt-der-k-pop\/\" \/>\n<meta property=\"og:site_name\" content=\"Fan site S\u00e9bastien Auzi\u00e8re\" \/>\n<meta property=\"article:published_time\" content=\"2026-03-31T07:21:16+00:00\" \/>\n<meta property=\"article:modified_time\" content=\"2026-03-31T07:21:45+00:00\" \/>\n<meta property=\"og:image\" content=\"https:\/\/www.sebastien-auziere.fr\/blog\/wp-content\/uploads\/2026\/03\/Brigitte-et-Emmanuel-Macron-au-Japon-et-en-Coree-entre-diner-dEtat-prestigieux-et-immersion-dans-lunivers-fascinant-de-la-K-pop.jpg\" \/>\n\t<meta property=\"og:image:width\" content=\"2560\" \/>\n\t<meta property=\"og:image:height\" content=\"1429\" \/>\n\t<meta property=\"og:image:type\" content=\"image\/jpeg\" \/>\n<meta name=\"author\" content=\"Chloe Gauthier\" \/>\n<meta name=\"twitter:card\" content=\"summary_large_image\" \/>\n<meta name=\"twitter:label1\" content=\"\u00c9crit par\" \/>\n\t<meta name=\"twitter:data1\" content=\"Chloe Gauthier\" \/>\n\t<meta name=\"twitter:label2\" content=\"Dur\u00e9e de lecture estim\u00e9e\" \/>\n\t<meta name=\"twitter:data2\" content=\"2 minutes\" \/>\n<script type=\"application\/ld+json\" class=\"yoast-schema-graph\">{\"@context\":\"https:\\\/\\\/schema.org\",\"@graph\":[{\"@type\":\"Article\",\"@id\":\"https:\\\/\\\/www.sebastien-auziere.fr\\\/blog\\\/de\\\/brigitte-und-emmanuel-macron-in-japan-und-sudkorea-zwischen-prestigetrachtigem-staatsdinner-und-eintauchen-in-die-faszinierende-welt-der-k-pop\\\/#article\",\"isPartOf\":{\"@id\":\"https:\\\/\\\/www.sebastien-auziere.fr\\\/blog\\\/de\\\/brigitte-und-emmanuel-macron-in-japan-und-sudkorea-zwischen-prestigetrachtigem-staatsdinner-und-eintauchen-in-die-faszinierende-welt-der-k-pop\\\/\"},\"author\":{\"name\":\"Chloe Gauthier\",\"@id\":\"https:\\\/\\\/www.sebastien-auziere.fr\\\/blog\\\/#\\\/schema\\\/person\\\/149f1acdbfd85149c6c3e59adeae2f4d\"},\"headline\":\"Brigitte und Emmanuel Macron in Japan und S\u00fcdkorea: zwischen prestigetr\u00e4chtigem Staatsdinner und Eintauchen in die faszinierende Welt der K-pop\",\"datePublished\":\"2026-03-31T07:21:16+00:00\",\"dateModified\":\"2026-03-31T07:21:45+00:00\",\"mainEntityOfPage\":{\"@id\":\"https:\\\/\\\/www.sebastien-auziere.fr\\\/blog\\\/de\\\/brigitte-und-emmanuel-macron-in-japan-und-sudkorea-zwischen-prestigetrachtigem-staatsdinner-und-eintauchen-in-die-faszinierende-welt-der-k-pop\\\/\"},\"wordCount\":425,\"commentCount\":0,\"publisher\":{\"@id\":\"https:\\\/\\\/www.sebastien-auziere.fr\\\/blog\\\/#organization\"},\"image\":{\"@id\":\"https:\\\/\\\/www.sebastien-auziere.fr\\\/blog\\\/de\\\/brigitte-und-emmanuel-macron-in-japan-und-sudkorea-zwischen-prestigetrachtigem-staatsdinner-und-eintauchen-in-die-faszinierende-welt-der-k-pop\\\/#primaryimage\"},\"thumbnailUrl\":\"https:\\\/\\\/www.sebastien-auziere.fr\\\/blog\\\/wp-content\\\/uploads\\\/2026\\\/03\\\/Brigitte-et-Emmanuel-Macron-au-Japon-et-en-Coree-entre-diner-dEtat-prestigieux-et-immersion-dans-lunivers-fascinant-de-la-K-pop.jpg\",\"keywords\":[\"brigitte macron\",\"dinner f\u00fcr staatliche Anl\u00e4sse\",\"emmanuel macron\",\"japan\",\"kor\u00e9e\"],\"articleSection\":[\"Aktuelles\"],\"inLanguage\":\"fr-FR\",\"potentialAction\":[{\"@type\":\"CommentAction\",\"name\":\"Comment\",\"target\":[\"https:\\\/\\\/www.sebastien-auziere.fr\\\/blog\\\/de\\\/brigitte-und-emmanuel-macron-in-japan-und-sudkorea-zwischen-prestigetrachtigem-staatsdinner-und-eintauchen-in-die-faszinierende-welt-der-k-pop\\\/#respond\"]}]},{\"@type\":\"WebPage\",\"@id\":\"https:\\\/\\\/www.sebastien-auziere.fr\\\/blog\\\/de\\\/brigitte-und-emmanuel-macron-in-japan-und-sudkorea-zwischen-prestigetrachtigem-staatsdinner-und-eintauchen-in-die-faszinierende-welt-der-k-pop\\\/\",\"url\":\"https:\\\/\\\/www.sebastien-auziere.fr\\\/blog\\\/de\\\/brigitte-und-emmanuel-macron-in-japan-und-sudkorea-zwischen-prestigetrachtigem-staatsdinner-und-eintauchen-in-die-faszinierende-welt-der-k-pop\\\/\",\"name\":\"Brigitte und Emmanuel Macron in Japan und S\u00fcdkorea: zwischen prestigetr\u00e4chtigem Staatsdinner und Eintauchen in die faszinierende Welt der K-pop - Fan site S\u00e9bastien Auzi\u00e8re\",\"isPartOf\":{\"@id\":\"https:\\\/\\\/www.sebastien-auziere.fr\\\/blog\\\/#website\"},\"primaryImageOfPage\":{\"@id\":\"https:\\\/\\\/www.sebastien-auziere.fr\\\/blog\\\/de\\\/brigitte-und-emmanuel-macron-in-japan-und-sudkorea-zwischen-prestigetrachtigem-staatsdinner-und-eintauchen-in-die-faszinierende-welt-der-k-pop\\\/#primaryimage\"},\"image\":{\"@id\":\"https:\\\/\\\/www.sebastien-auziere.fr\\\/blog\\\/de\\\/brigitte-und-emmanuel-macron-in-japan-und-sudkorea-zwischen-prestigetrachtigem-staatsdinner-und-eintauchen-in-die-faszinierende-welt-der-k-pop\\\/#primaryimage\"},\"thumbnailUrl\":\"https:\\\/\\\/www.sebastien-auziere.fr\\\/blog\\\/wp-content\\\/uploads\\\/2026\\\/03\\\/Brigitte-et-Emmanuel-Macron-au-Japon-et-en-Coree-entre-diner-dEtat-prestigieux-et-immersion-dans-lunivers-fascinant-de-la-K-pop.jpg\",\"datePublished\":\"2026-03-31T07:21:16+00:00\",\"dateModified\":\"2026-03-31T07:21:45+00:00\",\"description\":\"Brigitte et Emmanuel Macron au Japon et en Cor\u00e9e : d\u00eener d\u2019\u00c9tat prestigieux et immersion unique dans l\u2019univers captivant de la K-pop.\",\"breadcrumb\":{\"@id\":\"https:\\\/\\\/www.sebastien-auziere.fr\\\/blog\\\/de\\\/brigitte-und-emmanuel-macron-in-japan-und-sudkorea-zwischen-prestigetrachtigem-staatsdinner-und-eintauchen-in-die-faszinierende-welt-der-k-pop\\\/#breadcrumb\"},\"inLanguage\":\"fr-FR\",\"potentialAction\":[{\"@type\":\"ReadAction\",\"target\":[\"https:\\\/\\\/www.sebastien-auziere.fr\\\/blog\\\/de\\\/brigitte-und-emmanuel-macron-in-japan-und-sudkorea-zwischen-prestigetrachtigem-staatsdinner-und-eintauchen-in-die-faszinierende-welt-der-k-pop\\\/\"]}]},{\"@type\":\"ImageObject\",\"inLanguage\":\"fr-FR\",\"@id\":\"https:\\\/\\\/www.sebastien-auziere.fr\\\/blog\\\/de\\\/brigitte-und-emmanuel-macron-in-japan-und-sudkorea-zwischen-prestigetrachtigem-staatsdinner-und-eintauchen-in-die-faszinierende-welt-der-k-pop\\\/#primaryimage\",\"url\":\"https:\\\/\\\/www.sebastien-auziere.fr\\\/blog\\\/wp-content\\\/uploads\\\/2026\\\/03\\\/Brigitte-et-Emmanuel-Macron-au-Japon-et-en-Coree-entre-diner-dEtat-prestigieux-et-immersion-dans-lunivers-fascinant-de-la-K-pop.jpg\",\"contentUrl\":\"https:\\\/\\\/www.sebastien-auziere.fr\\\/blog\\\/wp-content\\\/uploads\\\/2026\\\/03\\\/Brigitte-et-Emmanuel-Macron-au-Japon-et-en-Coree-entre-diner-dEtat-prestigieux-et-immersion-dans-lunivers-fascinant-de-la-K-pop.jpg\",\"width\":2560,\"height\":1429,\"caption\":\"d\u00e9couvrez le voyage officiel de brigitte et emmanuel macron au japon et en cor\u00e9e, entre un d\u00eener d\u2019\u00e9tat prestigieux et une immersion unique dans l'univers captivant de la k-pop.\"},{\"@type\":\"BreadcrumbList\",\"@id\":\"https:\\\/\\\/www.sebastien-auziere.fr\\\/blog\\\/de\\\/brigitte-und-emmanuel-macron-in-japan-und-sudkorea-zwischen-prestigetrachtigem-staatsdinner-und-eintauchen-in-die-faszinierende-welt-der-k-pop\\\/#breadcrumb\",\"itemListElement\":[{\"@type\":\"ListItem\",\"position\":1,\"name\":\"Home\",\"item\":\"https:\\\/\\\/www.sebastien-auziere.fr\\\/blog\\\/\"},{\"@type\":\"ListItem\",\"position\":2,\"name\":\"Brigitte und Emmanuel Macron in Japan und S\u00fcdkorea: zwischen prestigetr\u00e4chtigem Staatsdinner und Eintauchen in die faszinierende Welt der K-pop\"}]},{\"@type\":\"WebSite\",\"@id\":\"https:\\\/\\\/www.sebastien-auziere.fr\\\/blog\\\/#website\",\"url\":\"https:\\\/\\\/www.sebastien-auziere.fr\\\/blog\\\/\",\"name\":\"Fan site S\u00e9bastien Auzi\u00e8re\",\"description\":\"M\u00e9dia g\u00e9n\u00e9raliste\",\"publisher\":{\"@id\":\"https:\\\/\\\/www.sebastien-auziere.fr\\\/blog\\\/#organization\"},\"potentialAction\":[{\"@type\":\"SearchAction\",\"target\":{\"@type\":\"EntryPoint\",\"urlTemplate\":\"https:\\\/\\\/www.sebastien-auziere.fr\\\/blog\\\/?s={search_term_string}\"},\"query-input\":{\"@type\":\"PropertyValueSpecification\",\"valueRequired\":true,\"valueName\":\"search_term_string\"}}],\"inLanguage\":\"fr-FR\"},{\"@type\":\"Organization\",\"@id\":\"https:\\\/\\\/www.sebastien-auziere.fr\\\/blog\\\/#organization\",\"name\":\"Fan site S\u00e9bastien Auzi\u00e8re\",\"url\":\"https:\\\/\\\/www.sebastien-auziere.fr\\\/blog\\\/\",\"logo\":{\"@type\":\"ImageObject\",\"inLanguage\":\"fr-FR\",\"@id\":\"https:\\\/\\\/www.sebastien-auziere.fr\\\/blog\\\/#\\\/schema\\\/logo\\\/image\\\/\",\"url\":\"https:\\\/\\\/www.sebastien-auziere.fr\\\/blog\\\/wp-content\\\/uploads\\\/2026\\\/03\\\/cropped-cropped-cropped-ChatGPT-Image-6-mars-2026-12_58_09-e1772798376794.jpg\",\"contentUrl\":\"https:\\\/\\\/www.sebastien-auziere.fr\\\/blog\\\/wp-content\\\/uploads\\\/2026\\\/03\\\/cropped-cropped-cropped-ChatGPT-Image-6-mars-2026-12_58_09-e1772798376794.jpg\",\"width\":512,\"height\":360,\"caption\":\"Fan site S\u00e9bastien Auzi\u00e8re\"},\"image\":{\"@id\":\"https:\\\/\\\/www.sebastien-auziere.fr\\\/blog\\\/#\\\/schema\\\/logo\\\/image\\\/\"}},{\"@type\":\"Person\",\"@id\":\"https:\\\/\\\/www.sebastien-auziere.fr\\\/blog\\\/#\\\/schema\\\/person\\\/149f1acdbfd85149c6c3e59adeae2f4d\",\"name\":\"Chloe Gauthier\",\"image\":{\"@type\":\"ImageObject\",\"inLanguage\":\"fr-FR\",\"@id\":\"https:\\\/\\\/secure.gravatar.com\\\/avatar\\\/2c5722f58171cff738a8985ef0dd66b476e563753246a49019befc837ec4201a?s=96&d=mm&r=g\",\"url\":\"https:\\\/\\\/secure.gravatar.com\\\/avatar\\\/2c5722f58171cff738a8985ef0dd66b476e563753246a49019befc837ec4201a?s=96&d=mm&r=g\",\"contentUrl\":\"https:\\\/\\\/secure.gravatar.com\\\/avatar\\\/2c5722f58171cff738a8985ef0dd66b476e563753246a49019befc837ec4201a?s=96&d=mm&r=g\",\"caption\":\"Chloe Gauthier\"},\"description\":\"Passionn\u00e9e par la politique et admiratrice engag\u00e9e de la famille Macron, je consacre mon \u00e9nergie \u00e0 suivre leurs initiatives et \u00e0 promouvoir leurs id\u00e9es. \u00c0 32 ans, je suis convaincue que leur vision est porteuse d'avenir.\",\"url\":\"https:\\\/\\\/www.sebastien-auziere.fr\\\/blog\\\/author\\\/chloe-gauthier\\\/\"}]}<\/script>\n<!-- \/ Yoast SEO plugin. -->","yoast_head_json":{"title":"Brigitte und Emmanuel Macron in Japan und S\u00fcdkorea: zwischen prestigetr\u00e4chtigem Staatsdinner und Eintauchen in die faszinierende Welt der K-pop - Fan site S\u00e9bastien Auzi\u00e8re","description":"Brigitte et Emmanuel Macron au Japon et en Cor\u00e9e : d\u00eener d\u2019\u00c9tat prestigieux et immersion unique dans l\u2019univers captivant de la K-pop.","robots":{"index":"index","follow":"follow","max-snippet":"max-snippet:-1","max-image-preview":"max-image-preview:large","max-video-preview":"max-video-preview:-1"},"canonical":"https:\/\/www.sebastien-auziere.fr\/blog\/de\/brigitte-und-emmanuel-macron-in-japan-und-sudkorea-zwischen-prestigetrachtigem-staatsdinner-und-eintauchen-in-die-faszinierende-welt-der-k-pop\/","og_locale":"fr_FR","og_type":"article","og_title":"Brigitte und Emmanuel Macron in Japan und S\u00fcdkorea: zwischen prestigetr\u00e4chtigem Staatsdinner und Eintauchen in die faszinierende Welt der K-pop - Fan site S\u00e9bastien Auzi\u00e8re","og_description":"Brigitte et Emmanuel Macron au Japon et en Cor\u00e9e : d\u00eener d\u2019\u00c9tat prestigieux et immersion unique dans l\u2019univers captivant de la K-pop.","og_url":"https:\/\/www.sebastien-auziere.fr\/blog\/de\/brigitte-und-emmanuel-macron-in-japan-und-sudkorea-zwischen-prestigetrachtigem-staatsdinner-und-eintauchen-in-die-faszinierende-welt-der-k-pop\/","og_site_name":"Fan site S\u00e9bastien Auzi\u00e8re","article_published_time":"2026-03-31T07:21:16+00:00","article_modified_time":"2026-03-31T07:21:45+00:00","og_image":[{"width":2560,"height":1429,"url":"https:\/\/www.sebastien-auziere.fr\/blog\/wp-content\/uploads\/2026\/03\/Brigitte-et-Emmanuel-Macron-au-Japon-et-en-Coree-entre-diner-dEtat-prestigieux-et-immersion-dans-lunivers-fascinant-de-la-K-pop.jpg","type":"image\/jpeg"}],"author":"Chloe Gauthier","twitter_card":"summary_large_image","twitter_misc":{"\u00c9crit par":"Chloe Gauthier","Dur\u00e9e de lecture estim\u00e9e":"2 minutes"},"schema":{"@context":"https:\/\/schema.org","@graph":[{"@type":"Article","@id":"https:\/\/www.sebastien-auziere.fr\/blog\/de\/brigitte-und-emmanuel-macron-in-japan-und-sudkorea-zwischen-prestigetrachtigem-staatsdinner-und-eintauchen-in-die-faszinierende-welt-der-k-pop\/#article","isPartOf":{"@id":"https:\/\/www.sebastien-auziere.fr\/blog\/de\/brigitte-und-emmanuel-macron-in-japan-und-sudkorea-zwischen-prestigetrachtigem-staatsdinner-und-eintauchen-in-die-faszinierende-welt-der-k-pop\/"},"author":{"name":"Chloe Gauthier","@id":"https:\/\/www.sebastien-auziere.fr\/blog\/#\/schema\/person\/149f1acdbfd85149c6c3e59adeae2f4d"},"headline":"Brigitte und Emmanuel Macron in Japan und S\u00fcdkorea: zwischen prestigetr\u00e4chtigem Staatsdinner und Eintauchen in die faszinierende Welt der K-pop","datePublished":"2026-03-31T07:21:16+00:00","dateModified":"2026-03-31T07:21:45+00:00","mainEntityOfPage":{"@id":"https:\/\/www.sebastien-auziere.fr\/blog\/de\/brigitte-und-emmanuel-macron-in-japan-und-sudkorea-zwischen-prestigetrachtigem-staatsdinner-und-eintauchen-in-die-faszinierende-welt-der-k-pop\/"},"wordCount":425,"commentCount":0,"publisher":{"@id":"https:\/\/www.sebastien-auziere.fr\/blog\/#organization"},"image":{"@id":"https:\/\/www.sebastien-auziere.fr\/blog\/de\/brigitte-und-emmanuel-macron-in-japan-und-sudkorea-zwischen-prestigetrachtigem-staatsdinner-und-eintauchen-in-die-faszinierende-welt-der-k-pop\/#primaryimage"},"thumbnailUrl":"https:\/\/www.sebastien-auziere.fr\/blog\/wp-content\/uploads\/2026\/03\/Brigitte-et-Emmanuel-Macron-au-Japon-et-en-Coree-entre-diner-dEtat-prestigieux-et-immersion-dans-lunivers-fascinant-de-la-K-pop.jpg","keywords":["brigitte macron","dinner f\u00fcr staatliche Anl\u00e4sse","emmanuel macron","japan","kor\u00e9e"],"articleSection":["Aktuelles"],"inLanguage":"fr-FR","potentialAction":[{"@type":"CommentAction","name":"Comment","target":["https:\/\/www.sebastien-auziere.fr\/blog\/de\/brigitte-und-emmanuel-macron-in-japan-und-sudkorea-zwischen-prestigetrachtigem-staatsdinner-und-eintauchen-in-die-faszinierende-welt-der-k-pop\/#respond"]}]},{"@type":"WebPage","@id":"https:\/\/www.sebastien-auziere.fr\/blog\/de\/brigitte-und-emmanuel-macron-in-japan-und-sudkorea-zwischen-prestigetrachtigem-staatsdinner-und-eintauchen-in-die-faszinierende-welt-der-k-pop\/","url":"https:\/\/www.sebastien-auziere.fr\/blog\/de\/brigitte-und-emmanuel-macron-in-japan-und-sudkorea-zwischen-prestigetrachtigem-staatsdinner-und-eintauchen-in-die-faszinierende-welt-der-k-pop\/","name":"Brigitte und Emmanuel Macron in Japan und S\u00fcdkorea: zwischen prestigetr\u00e4chtigem Staatsdinner und Eintauchen in die faszinierende Welt der K-pop - Fan site S\u00e9bastien Auzi\u00e8re","isPartOf":{"@id":"https:\/\/www.sebastien-auziere.fr\/blog\/#website"},"primaryImageOfPage":{"@id":"https:\/\/www.sebastien-auziere.fr\/blog\/de\/brigitte-und-emmanuel-macron-in-japan-und-sudkorea-zwischen-prestigetrachtigem-staatsdinner-und-eintauchen-in-die-faszinierende-welt-der-k-pop\/#primaryimage"},"image":{"@id":"https:\/\/www.sebastien-auziere.fr\/blog\/de\/brigitte-und-emmanuel-macron-in-japan-und-sudkorea-zwischen-prestigetrachtigem-staatsdinner-und-eintauchen-in-die-faszinierende-welt-der-k-pop\/#primaryimage"},"thumbnailUrl":"https:\/\/www.sebastien-auziere.fr\/blog\/wp-content\/uploads\/2026\/03\/Brigitte-et-Emmanuel-Macron-au-Japon-et-en-Coree-entre-diner-dEtat-prestigieux-et-immersion-dans-lunivers-fascinant-de-la-K-pop.jpg","datePublished":"2026-03-31T07:21:16+00:00","dateModified":"2026-03-31T07:21:45+00:00","description":"Brigitte et Emmanuel Macron au Japon et en Cor\u00e9e : d\u00eener d\u2019\u00c9tat prestigieux et immersion unique dans l\u2019univers captivant de la K-pop.","breadcrumb":{"@id":"https:\/\/www.sebastien-auziere.fr\/blog\/de\/brigitte-und-emmanuel-macron-in-japan-und-sudkorea-zwischen-prestigetrachtigem-staatsdinner-und-eintauchen-in-die-faszinierende-welt-der-k-pop\/#breadcrumb"},"inLanguage":"fr-FR","potentialAction":[{"@type":"ReadAction","target":["https:\/\/www.sebastien-auziere.fr\/blog\/de\/brigitte-und-emmanuel-macron-in-japan-und-sudkorea-zwischen-prestigetrachtigem-staatsdinner-und-eintauchen-in-die-faszinierende-welt-der-k-pop\/"]}]},{"@type":"ImageObject","inLanguage":"fr-FR","@id":"https:\/\/www.sebastien-auziere.fr\/blog\/de\/brigitte-und-emmanuel-macron-in-japan-und-sudkorea-zwischen-prestigetrachtigem-staatsdinner-und-eintauchen-in-die-faszinierende-welt-der-k-pop\/#primaryimage","url":"https:\/\/www.sebastien-auziere.fr\/blog\/wp-content\/uploads\/2026\/03\/Brigitte-et-Emmanuel-Macron-au-Japon-et-en-Coree-entre-diner-dEtat-prestigieux-et-immersion-dans-lunivers-fascinant-de-la-K-pop.jpg","contentUrl":"https:\/\/www.sebastien-auziere.fr\/blog\/wp-content\/uploads\/2026\/03\/Brigitte-et-Emmanuel-Macron-au-Japon-et-en-Coree-entre-diner-dEtat-prestigieux-et-immersion-dans-lunivers-fascinant-de-la-K-pop.jpg","width":2560,"height":1429,"caption":"d\u00e9couvrez le voyage officiel de brigitte et emmanuel macron au japon et en cor\u00e9e, entre un d\u00eener d\u2019\u00e9tat prestigieux et une immersion unique dans l'univers captivant de la k-pop."},{"@type":"BreadcrumbList","@id":"https:\/\/www.sebastien-auziere.fr\/blog\/de\/brigitte-und-emmanuel-macron-in-japan-und-sudkorea-zwischen-prestigetrachtigem-staatsdinner-und-eintauchen-in-die-faszinierende-welt-der-k-pop\/#breadcrumb","itemListElement":[{"@type":"ListItem","position":1,"name":"Home","item":"https:\/\/www.sebastien-auziere.fr\/blog\/"},{"@type":"ListItem","position":2,"name":"Brigitte und Emmanuel Macron in Japan und S\u00fcdkorea: zwischen prestigetr\u00e4chtigem Staatsdinner und Eintauchen in die faszinierende Welt der K-pop"}]},{"@type":"WebSite","@id":"https:\/\/www.sebastien-auziere.fr\/blog\/#website","url":"https:\/\/www.sebastien-auziere.fr\/blog\/","name":"Fan site S\u00e9bastien Auzi\u00e8re","description":"M\u00e9dia g\u00e9n\u00e9raliste","publisher":{"@id":"https:\/\/www.sebastien-auziere.fr\/blog\/#organization"},"potentialAction":[{"@type":"SearchAction","target":{"@type":"EntryPoint","urlTemplate":"https:\/\/www.sebastien-auziere.fr\/blog\/?s={search_term_string}"},"query-input":{"@type":"PropertyValueSpecification","valueRequired":true,"valueName":"search_term_string"}}],"inLanguage":"fr-FR"},{"@type":"Organization","@id":"https:\/\/www.sebastien-auziere.fr\/blog\/#organization","name":"Fan site S\u00e9bastien Auzi\u00e8re","url":"https:\/\/www.sebastien-auziere.fr\/blog\/","logo":{"@type":"ImageObject","inLanguage":"fr-FR","@id":"https:\/\/www.sebastien-auziere.fr\/blog\/#\/schema\/logo\/image\/","url":"https:\/\/www.sebastien-auziere.fr\/blog\/wp-content\/uploads\/2026\/03\/cropped-cropped-cropped-ChatGPT-Image-6-mars-2026-12_58_09-e1772798376794.jpg","contentUrl":"https:\/\/www.sebastien-auziere.fr\/blog\/wp-content\/uploads\/2026\/03\/cropped-cropped-cropped-ChatGPT-Image-6-mars-2026-12_58_09-e1772798376794.jpg","width":512,"height":360,"caption":"Fan site S\u00e9bastien Auzi\u00e8re"},"image":{"@id":"https:\/\/www.sebastien-auziere.fr\/blog\/#\/schema\/logo\/image\/"}},{"@type":"Person","@id":"https:\/\/www.sebastien-auziere.fr\/blog\/#\/schema\/person\/149f1acdbfd85149c6c3e59adeae2f4d","name":"Chloe Gauthier","image":{"@type":"ImageObject","inLanguage":"fr-FR","@id":"https:\/\/secure.gravatar.com\/avatar\/2c5722f58171cff738a8985ef0dd66b476e563753246a49019befc837ec4201a?s=96&d=mm&r=g","url":"https:\/\/secure.gravatar.com\/avatar\/2c5722f58171cff738a8985ef0dd66b476e563753246a49019befc837ec4201a?s=96&d=mm&r=g","contentUrl":"https:\/\/secure.gravatar.com\/avatar\/2c5722f58171cff738a8985ef0dd66b476e563753246a49019befc837ec4201a?s=96&d=mm&r=g","caption":"Chloe Gauthier"},"description":"Passionn\u00e9e par la politique et admiratrice engag\u00e9e de la famille Macron, je consacre mon \u00e9nergie \u00e0 suivre leurs initiatives et \u00e0 promouvoir leurs id\u00e9es. \u00c0 32 ans, je suis convaincue que leur vision est porteuse d'avenir.","url":"https:\/\/www.sebastien-auziere.fr\/blog\/author\/chloe-gauthier\/"}]}},"views":17,"_links":{"self":[{"href":"https:\/\/www.sebastien-auziere.fr\/blog\/wp-json\/wp\/v2\/posts\/2649","targetHints":{"allow":["GET"]}}],"collection":[{"href":"https:\/\/www.sebastien-auziere.fr\/blog\/wp-json\/wp\/v2\/posts"}],"about":[{"href":"https:\/\/www.sebastien-auziere.fr\/blog\/wp-json\/wp\/v2\/types\/post"}],"author":[{"embeddable":true,"href":"https:\/\/www.sebastien-auziere.fr\/blog\/wp-json\/wp\/v2\/users\/9"}],"replies":[{"embeddable":true,"href":"https:\/\/www.sebastien-auziere.fr\/blog\/wp-json\/wp\/v2\/comments?post=2649"}],"version-history":[{"count":1,"href":"https:\/\/www.sebastien-auziere.fr\/blog\/wp-json\/wp\/v2\/posts\/2649\/revisions"}],"predecessor-version":[{"id":2650,"href":"https:\/\/www.sebastien-auziere.fr\/blog\/wp-json\/wp\/v2\/posts\/2649\/revisions\/2650"}],"wp:featuredmedia":[{"embeddable":true,"href":"https:\/\/www.sebastien-auziere.fr\/blog\/wp-json\/wp\/v2\/media\/2643"}],"wp:attachment":[{"href":"https:\/\/www.sebastien-auziere.fr\/blog\/wp-json\/wp\/v2\/media?parent=2649"}],"wp:term":[{"taxonomy":"category","embeddable":true,"href":"https:\/\/www.sebastien-auziere.fr\/blog\/wp-json\/wp\/v2\/categories?post=2649"},{"taxonomy":"post_tag","embeddable":true,"href":"https:\/\/www.sebastien-auziere.fr\/blog\/wp-json\/wp\/v2\/tags?post=2649"}],"curies":[{"name":"wp","href":"https:\/\/api.w.org\/{rel}","templated":true}]}}