{"id":2647,"date":"2026-03-31T07:20:39","date_gmt":"2026-03-31T07:20:39","guid":{"rendered":"https:\/\/www.sebastien-auziere.fr\/blog\/?p=2647"},"modified":"2026-03-31T07:21:08","modified_gmt":"2026-03-31T07:21:08","slug":"brigitte-y-emmanuel-macron-en-japon-y-corea-entre-una-cena-de-estado-prestigiosa-y-la-inmersion-en-el-fascinante-universo-del-k-pop","status":"publish","type":"post","link":"https:\/\/www.sebastien-auziere.fr\/blog\/es\/brigitte-y-emmanuel-macron-en-japon-y-corea-entre-una-cena-de-estado-prestigiosa-y-la-inmersion-en-el-fascinante-universo-del-k-pop\/","title":{"rendered":"Brigitte y Emmanuel Macron en Jap\u00f3n y Corea: entre una cena de Estado prestigiosa y la inmersi\u00f3n en el fascinante universo del K-pop"},"content":{"rendered":"<p><strong>Brigitte Macron<\/strong> y <strong>Emmanuel Macron<\/strong> se embarcan el <strong>31 de marzo<\/strong> en una gira de cuatro d\u00edas por Asia, con una primera parada en <strong>Jap\u00f3n<\/strong> y luego una visita de estado a <strong>Corea<\/strong>. En la agenda: una <strong>cena de estado<\/strong> prestigiosa en Tokio y una inmersi\u00f3n programada en el <strong>universo K-pop<\/strong> en Se\u00fal, dos momentos destacados ya confirmados en los comunicados oficiales.<\/p>\n\n<p><strong>En resumen<\/strong>: salida el <strong>31 de marzo<\/strong> para tres d\u00edas en <strong>Jap\u00f3n<\/strong> (31\/03-02\/04), seguido de una visita de estado a <strong>Corea<\/strong> los d\u00edas 2 y 3 de abril. Audiencias imperiales, encuentro con la Primera Ministra <strong>Sanae Takaichi<\/strong>, homenaje a los soldados franceses de la guerra de Corea en el <strong>War Memorial<\/strong>, firma de acuerdos y secciones culturales sobre la <strong>cultura asi\u00e1tica<\/strong> y el <strong>K-pop<\/strong>.<\/p>\n\n<h2 class=\"wp-block-heading\">Una cena de estado prestigiosa en Tokio y audiencias imperiales<\/h2>\n\n<p>Una <strong>cena de estado<\/strong> organizada en Tokio, tras una audiencia programada en el palacio imperial con el <strong>emperador Naruhito<\/strong> y la <strong>emperatriz Masako<\/strong>. En el lugar, <strong>Emmanuel Macron<\/strong> se reunir\u00e1 con la Primera Ministra <strong>Sanae Takaichi<\/strong> para abordar la cooperaci\u00f3n industrial y tecnol\u00f3gica, y tendr\u00e1 un almuerzo con actores culturales franceses y japoneses el 1 de abril. Estas citas buscan fortalecer las <strong>relaciones internacionales<\/strong> econ\u00f3micas y culturales.\n<h2>Primera visita de estado a Corea: memoria, acuerdos y diplomacia<\/h2>\n<p>Llegada a Se\u00fal el 2 de abril para la primera visita de estado de <strong>Emmanuel Macron<\/strong> a Corea desde su elecci\u00f3n, la agenda incluye un homenaje a los soldados franceses de la guerra de Corea en el <strong>War Memorial<\/strong> y una reuni\u00f3n con el presidente Lee Jae Myung. Una ceremonia de firma de acuerdos y un <strong>almuerzo de estado<\/strong> est\u00e1n programados para el 3 de abril, seguidos del Foro econ\u00f3mico franco-coreano y la inauguraci\u00f3n de la sede del <strong>Centro Pompidou<\/strong> en Se\u00fal.<\/p>\n<h2>Inmersi\u00f3n en el universo K-pop y promoci\u00f3n de la cultura asi\u00e1tica<\/h2>\n<p>El componente cultural culminar\u00e1 con encuentros con figuras del cine coreano y varias estrellas del <strong>K-pop<\/strong>, s\u00edmbolo del poder blando coreano. Esta secuencia busca tejer lazos culturales concretos, al mismo tiempo que resalta la atractividad francesa en las industrias creativas. La visita tambi\u00e9n incluye encuentros con l\u00edderes del sector cultural para preparar cooperaciones sostenibles en torno a la <strong>cultura asi\u00e1tica<\/strong>.<\/p>\n<p>Para consultar el <strong>programa detallado<\/strong> y las reacciones de los medios, encuentra la informaci\u00f3n publicada por los medios y los comunicados oficiales, especialmente en <a href=\"https:\/\/www.tf1info.fr\/international\/que-va-faire-emmanuel-macron-en-deplacement-au-japon-et-en-coree-du-sud-a-partir-de-mardi-31-mars-2026-2433172.html\" rel=\"nofollow\">TF1 Info<\/a> y el dossier de <a href=\"https:\/\/www.rfi.fr\/fr\/asie-pacifique\/20260331-emmanuel-macron-en-tourn%C3%A9e-au-japon-et-en-cor%C3%A9e-du-sud-sur-fond-de-guerre-au-moyen-orient\" rel=\"nofollow\">RFI<\/a>. Para saber m\u00e1s sobre <strong>S\u00e9bastien Auzi\u00e8re<\/strong> y los v\u00ednculos familiares con la pareja presidencial, descubre los an\u00e1lisis detallados en <a href=\"https:\/\/www.sebastien-auziere.fr\/blog\/macron-au-japon-et-en-coree-du-sud-fin-mars-2026-audience-imperiale-et-visite-officielle\/\" rel=\"nofollow\">sebastien-auziere.fr<\/a>.<\/p>\n<\/p>","protected":false},"excerpt":{"rendered":"<p>Brigitte Macron y Emmanuel Macron se embarcan el 31 de marzo en una gira de cuatro d\u00edas por Asia, con una primera parada en Jap\u00f3n y luego una visita de estado a Corea. En la agenda: una cena de estado prestigiosa en Tokio y una inmersi\u00f3n programada en el universo K-pop en Se\u00fal, dos momentos &#8230; <a title=\"Brigitte y Emmanuel Macron en Jap\u00f3n y Corea: entre una cena de Estado prestigiosa y la inmersi\u00f3n en el fascinante universo del K-pop\" class=\"read-more\" href=\"https:\/\/www.sebastien-auziere.fr\/blog\/es\/brigitte-y-emmanuel-macron-en-japon-y-corea-entre-una-cena-de-estado-prestigiosa-y-la-inmersion-en-el-fascinante-universo-del-k-pop\/\" aria-label=\"En savoir plus sur Brigitte y Emmanuel Macron en Jap\u00f3n y Corea: entre una cena de Estado prestigiosa y la inmersi\u00f3n en el fascinante universo del K-pop\">Lire plus<\/a><\/p>\n","protected":false},"author":9,"featured_media":2643,"comment_status":"open","ping_status":"open","sticky":false,"template":"","format":"standard","meta":{"footnotes":""},"categories":[820],"tags":[914,1163,1160,1166,1169],"class_list":["post-2647","post","type-post","status-publish","format-standard","has-post-thumbnail","hentry","category-actualidades-es","tag-brigitte-macron-es","tag-cena-de-estado-es","tag-coree-es","tag-emmanuel-macron-es","tag-japon-es"],"yoast_head":"<!-- This site is optimized with the Yoast SEO plugin v27.5 - https:\/\/yoast.com\/product\/yoast-seo-wordpress\/ -->\n<title>Brigitte y Emmanuel Macron en Jap\u00f3n y Corea: entre una cena de Estado prestigiosa y la inmersi\u00f3n en el fascinante universo del K-pop - Fan site S\u00e9bastien Auzi\u00e8re<\/title>\n<meta name=\"description\" content=\"Brigitte et Emmanuel Macron au Japon et en Cor\u00e9e : d\u00eener d\u2019\u00c9tat prestigieux et immersion unique dans l\u2019univers captivant de la K-pop.\" \/>\n<meta name=\"robots\" content=\"index, follow, max-snippet:-1, max-image-preview:large, max-video-preview:-1\" \/>\n<link rel=\"canonical\" href=\"https:\/\/www.sebastien-auziere.fr\/blog\/es\/brigitte-y-emmanuel-macron-en-japon-y-corea-entre-una-cena-de-estado-prestigiosa-y-la-inmersion-en-el-fascinante-universo-del-k-pop\/\" \/>\n<meta property=\"og:locale\" content=\"fr_FR\" \/>\n<meta property=\"og:type\" content=\"article\" \/>\n<meta property=\"og:title\" content=\"Brigitte y Emmanuel Macron en Jap\u00f3n y Corea: entre una cena de Estado prestigiosa y la inmersi\u00f3n en el fascinante universo del K-pop - Fan site S\u00e9bastien Auzi\u00e8re\" \/>\n<meta property=\"og:description\" content=\"Brigitte et Emmanuel Macron au Japon et en Cor\u00e9e : d\u00eener d\u2019\u00c9tat prestigieux et immersion unique dans l\u2019univers captivant de la K-pop.\" \/>\n<meta property=\"og:url\" content=\"https:\/\/www.sebastien-auziere.fr\/blog\/es\/brigitte-y-emmanuel-macron-en-japon-y-corea-entre-una-cena-de-estado-prestigiosa-y-la-inmersion-en-el-fascinante-universo-del-k-pop\/\" \/>\n<meta property=\"og:site_name\" content=\"Fan site S\u00e9bastien Auzi\u00e8re\" \/>\n<meta property=\"article:published_time\" content=\"2026-03-31T07:20:39+00:00\" \/>\n<meta property=\"article:modified_time\" content=\"2026-03-31T07:21:08+00:00\" \/>\n<meta property=\"og:image\" content=\"https:\/\/www.sebastien-auziere.fr\/blog\/wp-content\/uploads\/2026\/03\/Brigitte-et-Emmanuel-Macron-au-Japon-et-en-Coree-entre-diner-dEtat-prestigieux-et-immersion-dans-lunivers-fascinant-de-la-K-pop.jpg\" \/>\n\t<meta property=\"og:image:width\" content=\"2560\" \/>\n\t<meta property=\"og:image:height\" content=\"1429\" \/>\n\t<meta property=\"og:image:type\" content=\"image\/jpeg\" \/>\n<meta name=\"author\" content=\"Chloe Gauthier\" \/>\n<meta name=\"twitter:card\" content=\"summary_large_image\" \/>\n<meta name=\"twitter:label1\" content=\"\u00c9crit par\" \/>\n\t<meta name=\"twitter:data1\" content=\"Chloe Gauthier\" \/>\n\t<meta name=\"twitter:label2\" content=\"Dur\u00e9e de lecture estim\u00e9e\" \/>\n\t<meta name=\"twitter:data2\" content=\"2 minutes\" \/>\n<script type=\"application\/ld+json\" class=\"yoast-schema-graph\">{\"@context\":\"https:\\\/\\\/schema.org\",\"@graph\":[{\"@type\":\"Article\",\"@id\":\"https:\\\/\\\/www.sebastien-auziere.fr\\\/blog\\\/es\\\/brigitte-y-emmanuel-macron-en-japon-y-corea-entre-una-cena-de-estado-prestigiosa-y-la-inmersion-en-el-fascinante-universo-del-k-pop\\\/#article\",\"isPartOf\":{\"@id\":\"https:\\\/\\\/www.sebastien-auziere.fr\\\/blog\\\/es\\\/brigitte-y-emmanuel-macron-en-japon-y-corea-entre-una-cena-de-estado-prestigiosa-y-la-inmersion-en-el-fascinante-universo-del-k-pop\\\/\"},\"author\":{\"name\":\"Chloe Gauthier\",\"@id\":\"https:\\\/\\\/www.sebastien-auziere.fr\\\/blog\\\/#\\\/schema\\\/person\\\/149f1acdbfd85149c6c3e59adeae2f4d\"},\"headline\":\"Brigitte y Emmanuel Macron en Jap\u00f3n y Corea: entre una cena de Estado prestigiosa y la inmersi\u00f3n en el fascinante universo del K-pop\",\"datePublished\":\"2026-03-31T07:20:39+00:00\",\"dateModified\":\"2026-03-31T07:21:08+00:00\",\"mainEntityOfPage\":{\"@id\":\"https:\\\/\\\/www.sebastien-auziere.fr\\\/blog\\\/es\\\/brigitte-y-emmanuel-macron-en-japon-y-corea-entre-una-cena-de-estado-prestigiosa-y-la-inmersion-en-el-fascinante-universo-del-k-pop\\\/\"},\"wordCount\":467,\"commentCount\":0,\"publisher\":{\"@id\":\"https:\\\/\\\/www.sebastien-auziere.fr\\\/blog\\\/#organization\"},\"image\":{\"@id\":\"https:\\\/\\\/www.sebastien-auziere.fr\\\/blog\\\/es\\\/brigitte-y-emmanuel-macron-en-japon-y-corea-entre-una-cena-de-estado-prestigiosa-y-la-inmersion-en-el-fascinante-universo-del-k-pop\\\/#primaryimage\"},\"thumbnailUrl\":\"https:\\\/\\\/www.sebastien-auziere.fr\\\/blog\\\/wp-content\\\/uploads\\\/2026\\\/03\\\/Brigitte-et-Emmanuel-Macron-au-Japon-et-en-Coree-entre-diner-dEtat-prestigieux-et-immersion-dans-lunivers-fascinant-de-la-K-pop.jpg\",\"keywords\":[\"brigitte macron\",\"cena de estado\",\"cor\u00e9e\",\"emmanuel macron\",\"jap\u00f3n\"],\"articleSection\":[\"Actualidades\"],\"inLanguage\":\"fr-FR\",\"potentialAction\":[{\"@type\":\"CommentAction\",\"name\":\"Comment\",\"target\":[\"https:\\\/\\\/www.sebastien-auziere.fr\\\/blog\\\/es\\\/brigitte-y-emmanuel-macron-en-japon-y-corea-entre-una-cena-de-estado-prestigiosa-y-la-inmersion-en-el-fascinante-universo-del-k-pop\\\/#respond\"]}]},{\"@type\":\"WebPage\",\"@id\":\"https:\\\/\\\/www.sebastien-auziere.fr\\\/blog\\\/es\\\/brigitte-y-emmanuel-macron-en-japon-y-corea-entre-una-cena-de-estado-prestigiosa-y-la-inmersion-en-el-fascinante-universo-del-k-pop\\\/\",\"url\":\"https:\\\/\\\/www.sebastien-auziere.fr\\\/blog\\\/es\\\/brigitte-y-emmanuel-macron-en-japon-y-corea-entre-una-cena-de-estado-prestigiosa-y-la-inmersion-en-el-fascinante-universo-del-k-pop\\\/\",\"name\":\"Brigitte y Emmanuel Macron en Jap\u00f3n y Corea: entre una cena de Estado prestigiosa y la inmersi\u00f3n en el fascinante universo del K-pop - Fan site S\u00e9bastien Auzi\u00e8re\",\"isPartOf\":{\"@id\":\"https:\\\/\\\/www.sebastien-auziere.fr\\\/blog\\\/#website\"},\"primaryImageOfPage\":{\"@id\":\"https:\\\/\\\/www.sebastien-auziere.fr\\\/blog\\\/es\\\/brigitte-y-emmanuel-macron-en-japon-y-corea-entre-una-cena-de-estado-prestigiosa-y-la-inmersion-en-el-fascinante-universo-del-k-pop\\\/#primaryimage\"},\"image\":{\"@id\":\"https:\\\/\\\/www.sebastien-auziere.fr\\\/blog\\\/es\\\/brigitte-y-emmanuel-macron-en-japon-y-corea-entre-una-cena-de-estado-prestigiosa-y-la-inmersion-en-el-fascinante-universo-del-k-pop\\\/#primaryimage\"},\"thumbnailUrl\":\"https:\\\/\\\/www.sebastien-auziere.fr\\\/blog\\\/wp-content\\\/uploads\\\/2026\\\/03\\\/Brigitte-et-Emmanuel-Macron-au-Japon-et-en-Coree-entre-diner-dEtat-prestigieux-et-immersion-dans-lunivers-fascinant-de-la-K-pop.jpg\",\"datePublished\":\"2026-03-31T07:20:39+00:00\",\"dateModified\":\"2026-03-31T07:21:08+00:00\",\"description\":\"Brigitte et Emmanuel Macron au Japon et en Cor\u00e9e : d\u00eener d\u2019\u00c9tat prestigieux et immersion unique dans l\u2019univers captivant de la K-pop.\",\"breadcrumb\":{\"@id\":\"https:\\\/\\\/www.sebastien-auziere.fr\\\/blog\\\/es\\\/brigitte-y-emmanuel-macron-en-japon-y-corea-entre-una-cena-de-estado-prestigiosa-y-la-inmersion-en-el-fascinante-universo-del-k-pop\\\/#breadcrumb\"},\"inLanguage\":\"fr-FR\",\"potentialAction\":[{\"@type\":\"ReadAction\",\"target\":[\"https:\\\/\\\/www.sebastien-auziere.fr\\\/blog\\\/es\\\/brigitte-y-emmanuel-macron-en-japon-y-corea-entre-una-cena-de-estado-prestigiosa-y-la-inmersion-en-el-fascinante-universo-del-k-pop\\\/\"]}]},{\"@type\":\"ImageObject\",\"inLanguage\":\"fr-FR\",\"@id\":\"https:\\\/\\\/www.sebastien-auziere.fr\\\/blog\\\/es\\\/brigitte-y-emmanuel-macron-en-japon-y-corea-entre-una-cena-de-estado-prestigiosa-y-la-inmersion-en-el-fascinante-universo-del-k-pop\\\/#primaryimage\",\"url\":\"https:\\\/\\\/www.sebastien-auziere.fr\\\/blog\\\/wp-content\\\/uploads\\\/2026\\\/03\\\/Brigitte-et-Emmanuel-Macron-au-Japon-et-en-Coree-entre-diner-dEtat-prestigieux-et-immersion-dans-lunivers-fascinant-de-la-K-pop.jpg\",\"contentUrl\":\"https:\\\/\\\/www.sebastien-auziere.fr\\\/blog\\\/wp-content\\\/uploads\\\/2026\\\/03\\\/Brigitte-et-Emmanuel-Macron-au-Japon-et-en-Coree-entre-diner-dEtat-prestigieux-et-immersion-dans-lunivers-fascinant-de-la-K-pop.jpg\",\"width\":2560,\"height\":1429,\"caption\":\"d\u00e9couvrez le voyage officiel de brigitte et emmanuel macron au japon et en cor\u00e9e, entre un d\u00eener d\u2019\u00e9tat prestigieux et une immersion unique dans l'univers captivant de la k-pop.\"},{\"@type\":\"BreadcrumbList\",\"@id\":\"https:\\\/\\\/www.sebastien-auziere.fr\\\/blog\\\/es\\\/brigitte-y-emmanuel-macron-en-japon-y-corea-entre-una-cena-de-estado-prestigiosa-y-la-inmersion-en-el-fascinante-universo-del-k-pop\\\/#breadcrumb\",\"itemListElement\":[{\"@type\":\"ListItem\",\"position\":1,\"name\":\"Home\",\"item\":\"https:\\\/\\\/www.sebastien-auziere.fr\\\/blog\\\/\"},{\"@type\":\"ListItem\",\"position\":2,\"name\":\"Brigitte y Emmanuel Macron en Jap\u00f3n y Corea: entre una cena de Estado prestigiosa y la inmersi\u00f3n en el fascinante universo del K-pop\"}]},{\"@type\":\"WebSite\",\"@id\":\"https:\\\/\\\/www.sebastien-auziere.fr\\\/blog\\\/#website\",\"url\":\"https:\\\/\\\/www.sebastien-auziere.fr\\\/blog\\\/\",\"name\":\"Fan site S\u00e9bastien Auzi\u00e8re\",\"description\":\"M\u00e9dia g\u00e9n\u00e9raliste\",\"publisher\":{\"@id\":\"https:\\\/\\\/www.sebastien-auziere.fr\\\/blog\\\/#organization\"},\"potentialAction\":[{\"@type\":\"SearchAction\",\"target\":{\"@type\":\"EntryPoint\",\"urlTemplate\":\"https:\\\/\\\/www.sebastien-auziere.fr\\\/blog\\\/?s={search_term_string}\"},\"query-input\":{\"@type\":\"PropertyValueSpecification\",\"valueRequired\":true,\"valueName\":\"search_term_string\"}}],\"inLanguage\":\"fr-FR\"},{\"@type\":\"Organization\",\"@id\":\"https:\\\/\\\/www.sebastien-auziere.fr\\\/blog\\\/#organization\",\"name\":\"Fan site S\u00e9bastien Auzi\u00e8re\",\"url\":\"https:\\\/\\\/www.sebastien-auziere.fr\\\/blog\\\/\",\"logo\":{\"@type\":\"ImageObject\",\"inLanguage\":\"fr-FR\",\"@id\":\"https:\\\/\\\/www.sebastien-auziere.fr\\\/blog\\\/#\\\/schema\\\/logo\\\/image\\\/\",\"url\":\"https:\\\/\\\/www.sebastien-auziere.fr\\\/blog\\\/wp-content\\\/uploads\\\/2026\\\/03\\\/cropped-cropped-cropped-ChatGPT-Image-6-mars-2026-12_58_09-e1772798376794.jpg\",\"contentUrl\":\"https:\\\/\\\/www.sebastien-auziere.fr\\\/blog\\\/wp-content\\\/uploads\\\/2026\\\/03\\\/cropped-cropped-cropped-ChatGPT-Image-6-mars-2026-12_58_09-e1772798376794.jpg\",\"width\":512,\"height\":360,\"caption\":\"Fan site S\u00e9bastien Auzi\u00e8re\"},\"image\":{\"@id\":\"https:\\\/\\\/www.sebastien-auziere.fr\\\/blog\\\/#\\\/schema\\\/logo\\\/image\\\/\"}},{\"@type\":\"Person\",\"@id\":\"https:\\\/\\\/www.sebastien-auziere.fr\\\/blog\\\/#\\\/schema\\\/person\\\/149f1acdbfd85149c6c3e59adeae2f4d\",\"name\":\"Chloe Gauthier\",\"image\":{\"@type\":\"ImageObject\",\"inLanguage\":\"fr-FR\",\"@id\":\"https:\\\/\\\/secure.gravatar.com\\\/avatar\\\/2c5722f58171cff738a8985ef0dd66b476e563753246a49019befc837ec4201a?s=96&d=mm&r=g\",\"url\":\"https:\\\/\\\/secure.gravatar.com\\\/avatar\\\/2c5722f58171cff738a8985ef0dd66b476e563753246a49019befc837ec4201a?s=96&d=mm&r=g\",\"contentUrl\":\"https:\\\/\\\/secure.gravatar.com\\\/avatar\\\/2c5722f58171cff738a8985ef0dd66b476e563753246a49019befc837ec4201a?s=96&d=mm&r=g\",\"caption\":\"Chloe Gauthier\"},\"description\":\"Passionn\u00e9e par la politique et admiratrice engag\u00e9e de la famille Macron, je consacre mon \u00e9nergie \u00e0 suivre leurs initiatives et \u00e0 promouvoir leurs id\u00e9es. \u00c0 32 ans, je suis convaincue que leur vision est porteuse d'avenir.\",\"url\":\"https:\\\/\\\/www.sebastien-auziere.fr\\\/blog\\\/author\\\/chloe-gauthier\\\/\"}]}<\/script>\n<!-- \/ Yoast SEO plugin. -->","yoast_head_json":{"title":"Brigitte y Emmanuel Macron en Jap\u00f3n y Corea: entre una cena de Estado prestigiosa y la inmersi\u00f3n en el fascinante universo del K-pop - Fan site S\u00e9bastien Auzi\u00e8re","description":"Brigitte et Emmanuel Macron au Japon et en Cor\u00e9e : d\u00eener d\u2019\u00c9tat prestigieux et immersion unique dans l\u2019univers captivant de la K-pop.","robots":{"index":"index","follow":"follow","max-snippet":"max-snippet:-1","max-image-preview":"max-image-preview:large","max-video-preview":"max-video-preview:-1"},"canonical":"https:\/\/www.sebastien-auziere.fr\/blog\/es\/brigitte-y-emmanuel-macron-en-japon-y-corea-entre-una-cena-de-estado-prestigiosa-y-la-inmersion-en-el-fascinante-universo-del-k-pop\/","og_locale":"fr_FR","og_type":"article","og_title":"Brigitte y Emmanuel Macron en Jap\u00f3n y Corea: entre una cena de Estado prestigiosa y la inmersi\u00f3n en el fascinante universo del K-pop - Fan site S\u00e9bastien Auzi\u00e8re","og_description":"Brigitte et Emmanuel Macron au Japon et en Cor\u00e9e : d\u00eener d\u2019\u00c9tat prestigieux et immersion unique dans l\u2019univers captivant de la K-pop.","og_url":"https:\/\/www.sebastien-auziere.fr\/blog\/es\/brigitte-y-emmanuel-macron-en-japon-y-corea-entre-una-cena-de-estado-prestigiosa-y-la-inmersion-en-el-fascinante-universo-del-k-pop\/","og_site_name":"Fan site S\u00e9bastien Auzi\u00e8re","article_published_time":"2026-03-31T07:20:39+00:00","article_modified_time":"2026-03-31T07:21:08+00:00","og_image":[{"width":2560,"height":1429,"url":"https:\/\/www.sebastien-auziere.fr\/blog\/wp-content\/uploads\/2026\/03\/Brigitte-et-Emmanuel-Macron-au-Japon-et-en-Coree-entre-diner-dEtat-prestigieux-et-immersion-dans-lunivers-fascinant-de-la-K-pop.jpg","type":"image\/jpeg"}],"author":"Chloe Gauthier","twitter_card":"summary_large_image","twitter_misc":{"\u00c9crit par":"Chloe Gauthier","Dur\u00e9e de lecture estim\u00e9e":"2 minutes"},"schema":{"@context":"https:\/\/schema.org","@graph":[{"@type":"Article","@id":"https:\/\/www.sebastien-auziere.fr\/blog\/es\/brigitte-y-emmanuel-macron-en-japon-y-corea-entre-una-cena-de-estado-prestigiosa-y-la-inmersion-en-el-fascinante-universo-del-k-pop\/#article","isPartOf":{"@id":"https:\/\/www.sebastien-auziere.fr\/blog\/es\/brigitte-y-emmanuel-macron-en-japon-y-corea-entre-una-cena-de-estado-prestigiosa-y-la-inmersion-en-el-fascinante-universo-del-k-pop\/"},"author":{"name":"Chloe Gauthier","@id":"https:\/\/www.sebastien-auziere.fr\/blog\/#\/schema\/person\/149f1acdbfd85149c6c3e59adeae2f4d"},"headline":"Brigitte y Emmanuel Macron en Jap\u00f3n y Corea: entre una cena de Estado prestigiosa y la inmersi\u00f3n en el fascinante universo del K-pop","datePublished":"2026-03-31T07:20:39+00:00","dateModified":"2026-03-31T07:21:08+00:00","mainEntityOfPage":{"@id":"https:\/\/www.sebastien-auziere.fr\/blog\/es\/brigitte-y-emmanuel-macron-en-japon-y-corea-entre-una-cena-de-estado-prestigiosa-y-la-inmersion-en-el-fascinante-universo-del-k-pop\/"},"wordCount":467,"commentCount":0,"publisher":{"@id":"https:\/\/www.sebastien-auziere.fr\/blog\/#organization"},"image":{"@id":"https:\/\/www.sebastien-auziere.fr\/blog\/es\/brigitte-y-emmanuel-macron-en-japon-y-corea-entre-una-cena-de-estado-prestigiosa-y-la-inmersion-en-el-fascinante-universo-del-k-pop\/#primaryimage"},"thumbnailUrl":"https:\/\/www.sebastien-auziere.fr\/blog\/wp-content\/uploads\/2026\/03\/Brigitte-et-Emmanuel-Macron-au-Japon-et-en-Coree-entre-diner-dEtat-prestigieux-et-immersion-dans-lunivers-fascinant-de-la-K-pop.jpg","keywords":["brigitte macron","cena de estado","cor\u00e9e","emmanuel macron","jap\u00f3n"],"articleSection":["Actualidades"],"inLanguage":"fr-FR","potentialAction":[{"@type":"CommentAction","name":"Comment","target":["https:\/\/www.sebastien-auziere.fr\/blog\/es\/brigitte-y-emmanuel-macron-en-japon-y-corea-entre-una-cena-de-estado-prestigiosa-y-la-inmersion-en-el-fascinante-universo-del-k-pop\/#respond"]}]},{"@type":"WebPage","@id":"https:\/\/www.sebastien-auziere.fr\/blog\/es\/brigitte-y-emmanuel-macron-en-japon-y-corea-entre-una-cena-de-estado-prestigiosa-y-la-inmersion-en-el-fascinante-universo-del-k-pop\/","url":"https:\/\/www.sebastien-auziere.fr\/blog\/es\/brigitte-y-emmanuel-macron-en-japon-y-corea-entre-una-cena-de-estado-prestigiosa-y-la-inmersion-en-el-fascinante-universo-del-k-pop\/","name":"Brigitte y Emmanuel Macron en Jap\u00f3n y Corea: entre una cena de Estado prestigiosa y la inmersi\u00f3n en el fascinante universo del K-pop - Fan site S\u00e9bastien Auzi\u00e8re","isPartOf":{"@id":"https:\/\/www.sebastien-auziere.fr\/blog\/#website"},"primaryImageOfPage":{"@id":"https:\/\/www.sebastien-auziere.fr\/blog\/es\/brigitte-y-emmanuel-macron-en-japon-y-corea-entre-una-cena-de-estado-prestigiosa-y-la-inmersion-en-el-fascinante-universo-del-k-pop\/#primaryimage"},"image":{"@id":"https:\/\/www.sebastien-auziere.fr\/blog\/es\/brigitte-y-emmanuel-macron-en-japon-y-corea-entre-una-cena-de-estado-prestigiosa-y-la-inmersion-en-el-fascinante-universo-del-k-pop\/#primaryimage"},"thumbnailUrl":"https:\/\/www.sebastien-auziere.fr\/blog\/wp-content\/uploads\/2026\/03\/Brigitte-et-Emmanuel-Macron-au-Japon-et-en-Coree-entre-diner-dEtat-prestigieux-et-immersion-dans-lunivers-fascinant-de-la-K-pop.jpg","datePublished":"2026-03-31T07:20:39+00:00","dateModified":"2026-03-31T07:21:08+00:00","description":"Brigitte et Emmanuel Macron au Japon et en Cor\u00e9e : d\u00eener d\u2019\u00c9tat prestigieux et immersion unique dans l\u2019univers captivant de la K-pop.","breadcrumb":{"@id":"https:\/\/www.sebastien-auziere.fr\/blog\/es\/brigitte-y-emmanuel-macron-en-japon-y-corea-entre-una-cena-de-estado-prestigiosa-y-la-inmersion-en-el-fascinante-universo-del-k-pop\/#breadcrumb"},"inLanguage":"fr-FR","potentialAction":[{"@type":"ReadAction","target":["https:\/\/www.sebastien-auziere.fr\/blog\/es\/brigitte-y-emmanuel-macron-en-japon-y-corea-entre-una-cena-de-estado-prestigiosa-y-la-inmersion-en-el-fascinante-universo-del-k-pop\/"]}]},{"@type":"ImageObject","inLanguage":"fr-FR","@id":"https:\/\/www.sebastien-auziere.fr\/blog\/es\/brigitte-y-emmanuel-macron-en-japon-y-corea-entre-una-cena-de-estado-prestigiosa-y-la-inmersion-en-el-fascinante-universo-del-k-pop\/#primaryimage","url":"https:\/\/www.sebastien-auziere.fr\/blog\/wp-content\/uploads\/2026\/03\/Brigitte-et-Emmanuel-Macron-au-Japon-et-en-Coree-entre-diner-dEtat-prestigieux-et-immersion-dans-lunivers-fascinant-de-la-K-pop.jpg","contentUrl":"https:\/\/www.sebastien-auziere.fr\/blog\/wp-content\/uploads\/2026\/03\/Brigitte-et-Emmanuel-Macron-au-Japon-et-en-Coree-entre-diner-dEtat-prestigieux-et-immersion-dans-lunivers-fascinant-de-la-K-pop.jpg","width":2560,"height":1429,"caption":"d\u00e9couvrez le voyage officiel de brigitte et emmanuel macron au japon et en cor\u00e9e, entre un d\u00eener d\u2019\u00e9tat prestigieux et une immersion unique dans l'univers captivant de la k-pop."},{"@type":"BreadcrumbList","@id":"https:\/\/www.sebastien-auziere.fr\/blog\/es\/brigitte-y-emmanuel-macron-en-japon-y-corea-entre-una-cena-de-estado-prestigiosa-y-la-inmersion-en-el-fascinante-universo-del-k-pop\/#breadcrumb","itemListElement":[{"@type":"ListItem","position":1,"name":"Home","item":"https:\/\/www.sebastien-auziere.fr\/blog\/"},{"@type":"ListItem","position":2,"name":"Brigitte y Emmanuel Macron en Jap\u00f3n y Corea: entre una cena de Estado prestigiosa y la inmersi\u00f3n en el fascinante universo del K-pop"}]},{"@type":"WebSite","@id":"https:\/\/www.sebastien-auziere.fr\/blog\/#website","url":"https:\/\/www.sebastien-auziere.fr\/blog\/","name":"Fan site S\u00e9bastien Auzi\u00e8re","description":"M\u00e9dia g\u00e9n\u00e9raliste","publisher":{"@id":"https:\/\/www.sebastien-auziere.fr\/blog\/#organization"},"potentialAction":[{"@type":"SearchAction","target":{"@type":"EntryPoint","urlTemplate":"https:\/\/www.sebastien-auziere.fr\/blog\/?s={search_term_string}"},"query-input":{"@type":"PropertyValueSpecification","valueRequired":true,"valueName":"search_term_string"}}],"inLanguage":"fr-FR"},{"@type":"Organization","@id":"https:\/\/www.sebastien-auziere.fr\/blog\/#organization","name":"Fan site S\u00e9bastien Auzi\u00e8re","url":"https:\/\/www.sebastien-auziere.fr\/blog\/","logo":{"@type":"ImageObject","inLanguage":"fr-FR","@id":"https:\/\/www.sebastien-auziere.fr\/blog\/#\/schema\/logo\/image\/","url":"https:\/\/www.sebastien-auziere.fr\/blog\/wp-content\/uploads\/2026\/03\/cropped-cropped-cropped-ChatGPT-Image-6-mars-2026-12_58_09-e1772798376794.jpg","contentUrl":"https:\/\/www.sebastien-auziere.fr\/blog\/wp-content\/uploads\/2026\/03\/cropped-cropped-cropped-ChatGPT-Image-6-mars-2026-12_58_09-e1772798376794.jpg","width":512,"height":360,"caption":"Fan site S\u00e9bastien Auzi\u00e8re"},"image":{"@id":"https:\/\/www.sebastien-auziere.fr\/blog\/#\/schema\/logo\/image\/"}},{"@type":"Person","@id":"https:\/\/www.sebastien-auziere.fr\/blog\/#\/schema\/person\/149f1acdbfd85149c6c3e59adeae2f4d","name":"Chloe Gauthier","image":{"@type":"ImageObject","inLanguage":"fr-FR","@id":"https:\/\/secure.gravatar.com\/avatar\/2c5722f58171cff738a8985ef0dd66b476e563753246a49019befc837ec4201a?s=96&d=mm&r=g","url":"https:\/\/secure.gravatar.com\/avatar\/2c5722f58171cff738a8985ef0dd66b476e563753246a49019befc837ec4201a?s=96&d=mm&r=g","contentUrl":"https:\/\/secure.gravatar.com\/avatar\/2c5722f58171cff738a8985ef0dd66b476e563753246a49019befc837ec4201a?s=96&d=mm&r=g","caption":"Chloe Gauthier"},"description":"Passionn\u00e9e par la politique et admiratrice engag\u00e9e de la famille Macron, je consacre mon \u00e9nergie \u00e0 suivre leurs initiatives et \u00e0 promouvoir leurs id\u00e9es. \u00c0 32 ans, je suis convaincue que leur vision est porteuse d'avenir.","url":"https:\/\/www.sebastien-auziere.fr\/blog\/author\/chloe-gauthier\/"}]}},"views":7,"_links":{"self":[{"href":"https:\/\/www.sebastien-auziere.fr\/blog\/wp-json\/wp\/v2\/posts\/2647","targetHints":{"allow":["GET"]}}],"collection":[{"href":"https:\/\/www.sebastien-auziere.fr\/blog\/wp-json\/wp\/v2\/posts"}],"about":[{"href":"https:\/\/www.sebastien-auziere.fr\/blog\/wp-json\/wp\/v2\/types\/post"}],"author":[{"embeddable":true,"href":"https:\/\/www.sebastien-auziere.fr\/blog\/wp-json\/wp\/v2\/users\/9"}],"replies":[{"embeddable":true,"href":"https:\/\/www.sebastien-auziere.fr\/blog\/wp-json\/wp\/v2\/comments?post=2647"}],"version-history":[{"count":1,"href":"https:\/\/www.sebastien-auziere.fr\/blog\/wp-json\/wp\/v2\/posts\/2647\/revisions"}],"predecessor-version":[{"id":2648,"href":"https:\/\/www.sebastien-auziere.fr\/blog\/wp-json\/wp\/v2\/posts\/2647\/revisions\/2648"}],"wp:featuredmedia":[{"embeddable":true,"href":"https:\/\/www.sebastien-auziere.fr\/blog\/wp-json\/wp\/v2\/media\/2643"}],"wp:attachment":[{"href":"https:\/\/www.sebastien-auziere.fr\/blog\/wp-json\/wp\/v2\/media?parent=2647"}],"wp:term":[{"taxonomy":"category","embeddable":true,"href":"https:\/\/www.sebastien-auziere.fr\/blog\/wp-json\/wp\/v2\/categories?post=2647"},{"taxonomy":"post_tag","embeddable":true,"href":"https:\/\/www.sebastien-auziere.fr\/blog\/wp-json\/wp\/v2\/tags?post=2647"}],"curies":[{"name":"wp","href":"https:\/\/api.w.org\/{rel}","templated":true}]}}