{"id":2639,"date":"2026-03-31T06:55:11","date_gmt":"2026-03-31T06:55:11","guid":{"rendered":"https:\/\/www.sebastien-auziere.fr\/blog\/?p=2639"},"modified":"2026-03-31T06:55:33","modified_gmt":"2026-03-31T06:55:33","slug":"brigitte-macron-um-sosia-masculino-ocupa-seu-lugar-durante-uma-cupula-internacional-na-casa-branca","status":"publish","type":"post","link":"https:\/\/www.sebastien-auziere.fr\/blog\/pt\/brigitte-macron-um-sosia-masculino-ocupa-seu-lugar-durante-uma-cupula-internacional-na-casa-branca\/","title":{"rendered":"Brigitte Macron: um s\u00f3sia masculino ocupa seu lugar durante uma c\u00fapula internacional na Casa Branca"},"content":{"rendered":"<p><strong>Brigitte Macron<\/strong> viu um <strong>s\u00f3sia masculino<\/strong> garantir a tradu\u00e7\u00e3o de seu discurso durante um <strong>c\u00fapula internacional<\/strong> organizada na <strong>Casa Branca<\/strong> em 24 de mar\u00e7o. Voc\u00ea ler\u00e1 aqui os fatos: discurso em franc\u00eas sobre o futuro das crian\u00e7as frente \u00e0s tecnologias, seguido pela voz de um homem que dobrou ou substituiu a tradu\u00e7\u00e3o em ingl\u00eas, provocando grande alvoro\u00e7o.<\/p>\n\n<p><strong>Em resumo<\/strong>: o evento lan\u00e7ado por Melania Trump, intitulado \u00ab\u00a0Fostering the Future Together\u00a0\u00bb, reuniu esposas de l\u00edderes para debater sobre o digital. A sequ\u00eancia em que a voz masculina interv\u00e9m foi amplamente compartilhada online, provocando risadas e condena\u00e7\u00f5es, e reavivando antigos rumores sobre a <strong>identidade<\/strong> da primeira dama, assunto j\u00e1 tratado judicialmente pelo casal Macron.<\/p>\n\n<h2 class=\"wp-block-heading\">O momento preciso: um desvio ou um erro t\u00e9cnico no cora\u00e7\u00e3o do discurso<\/h2>\n\n<p>No palco, <strong>Brigitte Macron<\/strong> falou em franc\u00eas sobre os riscos das redes sociais para as crian\u00e7as. Na tradu\u00e7\u00e3o, ao inv\u00e9s de uma voz feminina, um int\u00e9rprete masculino tomou a palavra, dando a impress\u00e3o de um <strong>desvio<\/strong> de voz em vez de uma simples sobreposi\u00e7\u00e3o. A sequ\u00eancia circulou e alguns meios de comunica\u00e7\u00e3o mencionaram um mau gosto assumido, enquanto outros relataram um problema t\u00e9cnico documentado.<\/p>\n\n<h2 class=\"wp-block-heading\">Rea\u00e7\u00f5es p\u00fablicas e lembran\u00e7a dos rumores sobre a impostura<\/h2>\n\n<p>As redes rapidamente compararam o incidente \u00e0s teorias conspirat\u00f3rias que j\u00e1 atingiram a primeira dama. O processo movido contra a influenciadora americana que afirmava que Brigitte Macron teria nascido homem permanece na mem\u00f3ria e alimenta a sensibilidade em torno da <strong>impostura<\/strong>. Alguns perfis compartilharam o v\u00eddeo milh\u00f5es de vezes, enquanto outros meios de comunica\u00e7\u00e3o analisaram a cronologia do evento.<\/p>\n\n<p>Para um contexto detalhado da cena e sua recep\u00e7\u00e3o na m\u00eddia, consulte um artigo de imprensa que cobriu a chegada das convidadas \u00e0 Casa Branca e o papel surpreendente de um rob\u00f4 durante o evento: <a href=\"https:\/\/www.gala.fr\/l_actu\/news_de_stars\/melania-trump-et-brigitte-macron-a-la-maison-blanche-d-ou-vient-cet-etonnant-robot-qui-leur-a-presque-vole-la-vedette-20260327\" rel=\"nofollow\">gala.fr<\/a>. Insight: a forma de um discurso pode modificar duradouramente sua percep\u00e7\u00e3o.<\/p>\n\n<h2 class=\"wp-block-heading\">Quest\u00f5es pol\u00edticas: respeito, identidade e responsabilidades dos atores<\/h2>\n\n<p>No aspecto <strong>pol\u00edtico<\/strong>, o incidente questiona como um <strong>ator<\/strong> t\u00e9cnico pode impactar a credibilidade de um discurso oficial. Os organizadores, a delega\u00e7\u00e3o francesa e os tradutores compartilham a responsabilidade de evitar qualquer mal-entendido que possa prejudicar uma figura p\u00fablica. O debate vai al\u00e9m da aned\u00f3tica: ele levanta a quest\u00e3o do cuidado a ser tomado com as tradu\u00e7\u00f5es durante um <strong>evento<\/strong> internacional.<\/p>\n\n<p>Quer saber mais sobre os bastidores e os pr\u00f3ximos do casal presidencial? Descubra arquivos e perfis focados em <strong>S\u00e9bastien Auzi\u00e8re<\/strong> e a fam\u00edlia Macron em <a href=\"https:\/\/sebastien-auziere.fr\" rel=\"nofollow\">sebastien-auziere.fr<\/a> para aprofundar este assunto e entender melhor os desafios de imagem e identidade em torno deste epis\u00f3dio.<\/p>","protected":false},"excerpt":{"rendered":"<p>Brigitte Macron viu um s\u00f3sia masculino garantir a tradu\u00e7\u00e3o de seu discurso durante um c\u00fapula internacional organizada na Casa Branca em 24 de mar\u00e7o. Voc\u00ea ler\u00e1 aqui os fatos: discurso em franc\u00eas sobre o futuro das crian\u00e7as frente \u00e0s tecnologias, seguido pela voz de um homem que dobrou ou substituiu a tradu\u00e7\u00e3o em ingl\u00eas, provocando &#8230; <a title=\"Brigitte Macron: um s\u00f3sia masculino ocupa seu lugar durante uma c\u00fapula internacional na Casa Branca\" class=\"read-more\" href=\"https:\/\/www.sebastien-auziere.fr\/blog\/pt\/brigitte-macron-um-sosia-masculino-ocupa-seu-lugar-durante-uma-cupula-internacional-na-casa-branca\/\" aria-label=\"En savoir plus sur Brigitte Macron: um s\u00f3sia masculino ocupa seu lugar durante uma c\u00fapula internacional na Casa Branca\">Lire plus<\/a><\/p>\n","protected":false},"author":9,"featured_media":2629,"comment_status":"open","ping_status":"open","sticky":false,"template":"","format":"standard","meta":{"footnotes":""},"categories":[862],"tags":[959,965,1121,1124,1127],"class_list":["post-2639","post","type-post","status-publish","format-standard","has-post-thumbnail","hentry","category-actualidades-pt","tag-brigitte-macron-pt","tag-maison-branca-pt","tag-politica-pt","tag-sommet-internacional-pt","tag-sosia-masculino-pt"],"yoast_head":"<!-- This site is optimized with the Yoast SEO plugin v27.5 - https:\/\/yoast.com\/product\/yoast-seo-wordpress\/ -->\n<title>Brigitte Macron: um s\u00f3sia masculino ocupa seu lugar durante uma c\u00fapula internacional na Casa Branca - Fan site S\u00e9bastien Auzi\u00e8re<\/title>\n<meta name=\"description\" content=\"D\u00e9couvrez comment un sosie masculin de Brigitte Macron a pris sa place lors d\u2019un sommet international \u00e0 la Maison Blanche, cr\u00e9ant la surprise g\u00e9n\u00e9rale.\" \/>\n<meta name=\"robots\" content=\"index, follow, max-snippet:-1, max-image-preview:large, max-video-preview:-1\" \/>\n<link rel=\"canonical\" href=\"https:\/\/www.sebastien-auziere.fr\/blog\/pt\/brigitte-macron-um-sosia-masculino-ocupa-seu-lugar-durante-uma-cupula-internacional-na-casa-branca\/\" \/>\n<meta property=\"og:locale\" content=\"fr_FR\" \/>\n<meta property=\"og:type\" content=\"article\" \/>\n<meta property=\"og:title\" content=\"Brigitte Macron: um s\u00f3sia masculino ocupa seu lugar durante uma c\u00fapula internacional na Casa Branca - Fan site S\u00e9bastien Auzi\u00e8re\" \/>\n<meta property=\"og:description\" content=\"D\u00e9couvrez comment un sosie masculin de Brigitte Macron a pris sa place lors d\u2019un sommet international \u00e0 la Maison Blanche, cr\u00e9ant la surprise g\u00e9n\u00e9rale.\" \/>\n<meta property=\"og:url\" content=\"https:\/\/www.sebastien-auziere.fr\/blog\/pt\/brigitte-macron-um-sosia-masculino-ocupa-seu-lugar-durante-uma-cupula-internacional-na-casa-branca\/\" \/>\n<meta property=\"og:site_name\" content=\"Fan site S\u00e9bastien Auzi\u00e8re\" \/>\n<meta property=\"article:published_time\" content=\"2026-03-31T06:55:11+00:00\" \/>\n<meta property=\"article:modified_time\" content=\"2026-03-31T06:55:33+00:00\" \/>\n<meta property=\"og:image\" content=\"https:\/\/www.sebastien-auziere.fr\/blog\/wp-content\/uploads\/2026\/03\/Brigitte-Macron-un-sosie-masculin-prend-sa-place-lors-dun-sommet-international-a-la-Maison-Blanche.jpg\" \/>\n\t<meta property=\"og:image:width\" content=\"2560\" \/>\n\t<meta property=\"og:image:height\" content=\"1429\" \/>\n\t<meta property=\"og:image:type\" content=\"image\/jpeg\" \/>\n<meta name=\"author\" content=\"Chloe Gauthier\" \/>\n<meta name=\"twitter:card\" content=\"summary_large_image\" \/>\n<meta name=\"twitter:label1\" content=\"\u00c9crit par\" \/>\n\t<meta name=\"twitter:data1\" content=\"Chloe Gauthier\" \/>\n\t<meta name=\"twitter:label2\" content=\"Dur\u00e9e de lecture estim\u00e9e\" \/>\n\t<meta name=\"twitter:data2\" content=\"2 minutes\" \/>\n<script type=\"application\/ld+json\" class=\"yoast-schema-graph\">{\"@context\":\"https:\\\/\\\/schema.org\",\"@graph\":[{\"@type\":\"Article\",\"@id\":\"https:\\\/\\\/www.sebastien-auziere.fr\\\/blog\\\/pt\\\/brigitte-macron-um-sosia-masculino-ocupa-seu-lugar-durante-uma-cupula-internacional-na-casa-branca\\\/#article\",\"isPartOf\":{\"@id\":\"https:\\\/\\\/www.sebastien-auziere.fr\\\/blog\\\/pt\\\/brigitte-macron-um-sosia-masculino-ocupa-seu-lugar-durante-uma-cupula-internacional-na-casa-branca\\\/\"},\"author\":{\"name\":\"Chloe Gauthier\",\"@id\":\"https:\\\/\\\/www.sebastien-auziere.fr\\\/blog\\\/#\\\/schema\\\/person\\\/149f1acdbfd85149c6c3e59adeae2f4d\"},\"headline\":\"Brigitte Macron: um s\u00f3sia masculino ocupa seu lugar durante uma c\u00fapula internacional na Casa Branca\",\"datePublished\":\"2026-03-31T06:55:11+00:00\",\"dateModified\":\"2026-03-31T06:55:33+00:00\",\"mainEntityOfPage\":{\"@id\":\"https:\\\/\\\/www.sebastien-auziere.fr\\\/blog\\\/pt\\\/brigitte-macron-um-sosia-masculino-ocupa-seu-lugar-durante-uma-cupula-internacional-na-casa-branca\\\/\"},\"wordCount\":485,\"commentCount\":0,\"publisher\":{\"@id\":\"https:\\\/\\\/www.sebastien-auziere.fr\\\/blog\\\/#organization\"},\"image\":{\"@id\":\"https:\\\/\\\/www.sebastien-auziere.fr\\\/blog\\\/pt\\\/brigitte-macron-um-sosia-masculino-ocupa-seu-lugar-durante-uma-cupula-internacional-na-casa-branca\\\/#primaryimage\"},\"thumbnailUrl\":\"https:\\\/\\\/www.sebastien-auziere.fr\\\/blog\\\/wp-content\\\/uploads\\\/2026\\\/03\\\/Brigitte-Macron-un-sosie-masculin-prend-sa-place-lors-dun-sommet-international-a-la-Maison-Blanche.jpg\",\"keywords\":[\"brigitte macron\",\"maison branca\",\"pol\u00edtica\",\"sommet internacional\",\"s\u00f3sia masculino\"],\"articleSection\":[\"Actualidades\"],\"inLanguage\":\"fr-FR\",\"potentialAction\":[{\"@type\":\"CommentAction\",\"name\":\"Comment\",\"target\":[\"https:\\\/\\\/www.sebastien-auziere.fr\\\/blog\\\/pt\\\/brigitte-macron-um-sosia-masculino-ocupa-seu-lugar-durante-uma-cupula-internacional-na-casa-branca\\\/#respond\"]}]},{\"@type\":\"WebPage\",\"@id\":\"https:\\\/\\\/www.sebastien-auziere.fr\\\/blog\\\/pt\\\/brigitte-macron-um-sosia-masculino-ocupa-seu-lugar-durante-uma-cupula-internacional-na-casa-branca\\\/\",\"url\":\"https:\\\/\\\/www.sebastien-auziere.fr\\\/blog\\\/pt\\\/brigitte-macron-um-sosia-masculino-ocupa-seu-lugar-durante-uma-cupula-internacional-na-casa-branca\\\/\",\"name\":\"Brigitte Macron: um s\u00f3sia masculino ocupa seu lugar durante uma c\u00fapula internacional na Casa Branca - Fan site S\u00e9bastien Auzi\u00e8re\",\"isPartOf\":{\"@id\":\"https:\\\/\\\/www.sebastien-auziere.fr\\\/blog\\\/#website\"},\"primaryImageOfPage\":{\"@id\":\"https:\\\/\\\/www.sebastien-auziere.fr\\\/blog\\\/pt\\\/brigitte-macron-um-sosia-masculino-ocupa-seu-lugar-durante-uma-cupula-internacional-na-casa-branca\\\/#primaryimage\"},\"image\":{\"@id\":\"https:\\\/\\\/www.sebastien-auziere.fr\\\/blog\\\/pt\\\/brigitte-macron-um-sosia-masculino-ocupa-seu-lugar-durante-uma-cupula-internacional-na-casa-branca\\\/#primaryimage\"},\"thumbnailUrl\":\"https:\\\/\\\/www.sebastien-auziere.fr\\\/blog\\\/wp-content\\\/uploads\\\/2026\\\/03\\\/Brigitte-Macron-un-sosie-masculin-prend-sa-place-lors-dun-sommet-international-a-la-Maison-Blanche.jpg\",\"datePublished\":\"2026-03-31T06:55:11+00:00\",\"dateModified\":\"2026-03-31T06:55:33+00:00\",\"description\":\"D\u00e9couvrez comment un sosie masculin de Brigitte Macron a pris sa place lors d\u2019un sommet international \u00e0 la Maison Blanche, cr\u00e9ant la surprise g\u00e9n\u00e9rale.\",\"breadcrumb\":{\"@id\":\"https:\\\/\\\/www.sebastien-auziere.fr\\\/blog\\\/pt\\\/brigitte-macron-um-sosia-masculino-ocupa-seu-lugar-durante-uma-cupula-internacional-na-casa-branca\\\/#breadcrumb\"},\"inLanguage\":\"fr-FR\",\"potentialAction\":[{\"@type\":\"ReadAction\",\"target\":[\"https:\\\/\\\/www.sebastien-auziere.fr\\\/blog\\\/pt\\\/brigitte-macron-um-sosia-masculino-ocupa-seu-lugar-durante-uma-cupula-internacional-na-casa-branca\\\/\"]}]},{\"@type\":\"ImageObject\",\"inLanguage\":\"fr-FR\",\"@id\":\"https:\\\/\\\/www.sebastien-auziere.fr\\\/blog\\\/pt\\\/brigitte-macron-um-sosia-masculino-ocupa-seu-lugar-durante-uma-cupula-internacional-na-casa-branca\\\/#primaryimage\",\"url\":\"https:\\\/\\\/www.sebastien-auziere.fr\\\/blog\\\/wp-content\\\/uploads\\\/2026\\\/03\\\/Brigitte-Macron-un-sosie-masculin-prend-sa-place-lors-dun-sommet-international-a-la-Maison-Blanche.jpg\",\"contentUrl\":\"https:\\\/\\\/www.sebastien-auziere.fr\\\/blog\\\/wp-content\\\/uploads\\\/2026\\\/03\\\/Brigitte-Macron-un-sosie-masculin-prend-sa-place-lors-dun-sommet-international-a-la-Maison-Blanche.jpg\",\"width\":2560,\"height\":1429,\"caption\":\"d\u00e9couvrez comment un sosie masculin de brigitte macron a pris sa place lors d\u2019un sommet international \u00e0 la maison blanche, suscitant surprise et curiosit\u00e9.\"},{\"@type\":\"BreadcrumbList\",\"@id\":\"https:\\\/\\\/www.sebastien-auziere.fr\\\/blog\\\/pt\\\/brigitte-macron-um-sosia-masculino-ocupa-seu-lugar-durante-uma-cupula-internacional-na-casa-branca\\\/#breadcrumb\",\"itemListElement\":[{\"@type\":\"ListItem\",\"position\":1,\"name\":\"Home\",\"item\":\"https:\\\/\\\/www.sebastien-auziere.fr\\\/blog\\\/\"},{\"@type\":\"ListItem\",\"position\":2,\"name\":\"Brigitte Macron: um s\u00f3sia masculino ocupa seu lugar durante uma c\u00fapula internacional na Casa Branca\"}]},{\"@type\":\"WebSite\",\"@id\":\"https:\\\/\\\/www.sebastien-auziere.fr\\\/blog\\\/#website\",\"url\":\"https:\\\/\\\/www.sebastien-auziere.fr\\\/blog\\\/\",\"name\":\"Fan site S\u00e9bastien Auzi\u00e8re\",\"description\":\"M\u00e9dia g\u00e9n\u00e9raliste\",\"publisher\":{\"@id\":\"https:\\\/\\\/www.sebastien-auziere.fr\\\/blog\\\/#organization\"},\"potentialAction\":[{\"@type\":\"SearchAction\",\"target\":{\"@type\":\"EntryPoint\",\"urlTemplate\":\"https:\\\/\\\/www.sebastien-auziere.fr\\\/blog\\\/?s={search_term_string}\"},\"query-input\":{\"@type\":\"PropertyValueSpecification\",\"valueRequired\":true,\"valueName\":\"search_term_string\"}}],\"inLanguage\":\"fr-FR\"},{\"@type\":\"Organization\",\"@id\":\"https:\\\/\\\/www.sebastien-auziere.fr\\\/blog\\\/#organization\",\"name\":\"Fan site S\u00e9bastien Auzi\u00e8re\",\"url\":\"https:\\\/\\\/www.sebastien-auziere.fr\\\/blog\\\/\",\"logo\":{\"@type\":\"ImageObject\",\"inLanguage\":\"fr-FR\",\"@id\":\"https:\\\/\\\/www.sebastien-auziere.fr\\\/blog\\\/#\\\/schema\\\/logo\\\/image\\\/\",\"url\":\"https:\\\/\\\/www.sebastien-auziere.fr\\\/blog\\\/wp-content\\\/uploads\\\/2026\\\/03\\\/cropped-cropped-cropped-ChatGPT-Image-6-mars-2026-12_58_09-e1772798376794.jpg\",\"contentUrl\":\"https:\\\/\\\/www.sebastien-auziere.fr\\\/blog\\\/wp-content\\\/uploads\\\/2026\\\/03\\\/cropped-cropped-cropped-ChatGPT-Image-6-mars-2026-12_58_09-e1772798376794.jpg\",\"width\":512,\"height\":360,\"caption\":\"Fan site S\u00e9bastien Auzi\u00e8re\"},\"image\":{\"@id\":\"https:\\\/\\\/www.sebastien-auziere.fr\\\/blog\\\/#\\\/schema\\\/logo\\\/image\\\/\"}},{\"@type\":\"Person\",\"@id\":\"https:\\\/\\\/www.sebastien-auziere.fr\\\/blog\\\/#\\\/schema\\\/person\\\/149f1acdbfd85149c6c3e59adeae2f4d\",\"name\":\"Chloe Gauthier\",\"image\":{\"@type\":\"ImageObject\",\"inLanguage\":\"fr-FR\",\"@id\":\"https:\\\/\\\/secure.gravatar.com\\\/avatar\\\/2c5722f58171cff738a8985ef0dd66b476e563753246a49019befc837ec4201a?s=96&d=mm&r=g\",\"url\":\"https:\\\/\\\/secure.gravatar.com\\\/avatar\\\/2c5722f58171cff738a8985ef0dd66b476e563753246a49019befc837ec4201a?s=96&d=mm&r=g\",\"contentUrl\":\"https:\\\/\\\/secure.gravatar.com\\\/avatar\\\/2c5722f58171cff738a8985ef0dd66b476e563753246a49019befc837ec4201a?s=96&d=mm&r=g\",\"caption\":\"Chloe Gauthier\"},\"description\":\"Passionn\u00e9e par la politique et admiratrice engag\u00e9e de la famille Macron, je consacre mon \u00e9nergie \u00e0 suivre leurs initiatives et \u00e0 promouvoir leurs id\u00e9es. \u00c0 32 ans, je suis convaincue que leur vision est porteuse d'avenir.\",\"url\":\"https:\\\/\\\/www.sebastien-auziere.fr\\\/blog\\\/author\\\/chloe-gauthier\\\/\"}]}<\/script>\n<!-- \/ Yoast SEO plugin. -->","yoast_head_json":{"title":"Brigitte Macron: um s\u00f3sia masculino ocupa seu lugar durante uma c\u00fapula internacional na Casa Branca - Fan site S\u00e9bastien Auzi\u00e8re","description":"D\u00e9couvrez comment un sosie masculin de Brigitte Macron a pris sa place lors d\u2019un sommet international \u00e0 la Maison Blanche, cr\u00e9ant la surprise g\u00e9n\u00e9rale.","robots":{"index":"index","follow":"follow","max-snippet":"max-snippet:-1","max-image-preview":"max-image-preview:large","max-video-preview":"max-video-preview:-1"},"canonical":"https:\/\/www.sebastien-auziere.fr\/blog\/pt\/brigitte-macron-um-sosia-masculino-ocupa-seu-lugar-durante-uma-cupula-internacional-na-casa-branca\/","og_locale":"fr_FR","og_type":"article","og_title":"Brigitte Macron: um s\u00f3sia masculino ocupa seu lugar durante uma c\u00fapula internacional na Casa Branca - Fan site S\u00e9bastien Auzi\u00e8re","og_description":"D\u00e9couvrez comment un sosie masculin de Brigitte Macron a pris sa place lors d\u2019un sommet international \u00e0 la Maison Blanche, cr\u00e9ant la surprise g\u00e9n\u00e9rale.","og_url":"https:\/\/www.sebastien-auziere.fr\/blog\/pt\/brigitte-macron-um-sosia-masculino-ocupa-seu-lugar-durante-uma-cupula-internacional-na-casa-branca\/","og_site_name":"Fan site S\u00e9bastien Auzi\u00e8re","article_published_time":"2026-03-31T06:55:11+00:00","article_modified_time":"2026-03-31T06:55:33+00:00","og_image":[{"width":2560,"height":1429,"url":"https:\/\/www.sebastien-auziere.fr\/blog\/wp-content\/uploads\/2026\/03\/Brigitte-Macron-un-sosie-masculin-prend-sa-place-lors-dun-sommet-international-a-la-Maison-Blanche.jpg","type":"image\/jpeg"}],"author":"Chloe Gauthier","twitter_card":"summary_large_image","twitter_misc":{"\u00c9crit par":"Chloe Gauthier","Dur\u00e9e de lecture estim\u00e9e":"2 minutes"},"schema":{"@context":"https:\/\/schema.org","@graph":[{"@type":"Article","@id":"https:\/\/www.sebastien-auziere.fr\/blog\/pt\/brigitte-macron-um-sosia-masculino-ocupa-seu-lugar-durante-uma-cupula-internacional-na-casa-branca\/#article","isPartOf":{"@id":"https:\/\/www.sebastien-auziere.fr\/blog\/pt\/brigitte-macron-um-sosia-masculino-ocupa-seu-lugar-durante-uma-cupula-internacional-na-casa-branca\/"},"author":{"name":"Chloe Gauthier","@id":"https:\/\/www.sebastien-auziere.fr\/blog\/#\/schema\/person\/149f1acdbfd85149c6c3e59adeae2f4d"},"headline":"Brigitte Macron: um s\u00f3sia masculino ocupa seu lugar durante uma c\u00fapula internacional na Casa Branca","datePublished":"2026-03-31T06:55:11+00:00","dateModified":"2026-03-31T06:55:33+00:00","mainEntityOfPage":{"@id":"https:\/\/www.sebastien-auziere.fr\/blog\/pt\/brigitte-macron-um-sosia-masculino-ocupa-seu-lugar-durante-uma-cupula-internacional-na-casa-branca\/"},"wordCount":485,"commentCount":0,"publisher":{"@id":"https:\/\/www.sebastien-auziere.fr\/blog\/#organization"},"image":{"@id":"https:\/\/www.sebastien-auziere.fr\/blog\/pt\/brigitte-macron-um-sosia-masculino-ocupa-seu-lugar-durante-uma-cupula-internacional-na-casa-branca\/#primaryimage"},"thumbnailUrl":"https:\/\/www.sebastien-auziere.fr\/blog\/wp-content\/uploads\/2026\/03\/Brigitte-Macron-un-sosie-masculin-prend-sa-place-lors-dun-sommet-international-a-la-Maison-Blanche.jpg","keywords":["brigitte macron","maison branca","pol\u00edtica","sommet internacional","s\u00f3sia masculino"],"articleSection":["Actualidades"],"inLanguage":"fr-FR","potentialAction":[{"@type":"CommentAction","name":"Comment","target":["https:\/\/www.sebastien-auziere.fr\/blog\/pt\/brigitte-macron-um-sosia-masculino-ocupa-seu-lugar-durante-uma-cupula-internacional-na-casa-branca\/#respond"]}]},{"@type":"WebPage","@id":"https:\/\/www.sebastien-auziere.fr\/blog\/pt\/brigitte-macron-um-sosia-masculino-ocupa-seu-lugar-durante-uma-cupula-internacional-na-casa-branca\/","url":"https:\/\/www.sebastien-auziere.fr\/blog\/pt\/brigitte-macron-um-sosia-masculino-ocupa-seu-lugar-durante-uma-cupula-internacional-na-casa-branca\/","name":"Brigitte Macron: um s\u00f3sia masculino ocupa seu lugar durante uma c\u00fapula internacional na Casa Branca - Fan site S\u00e9bastien Auzi\u00e8re","isPartOf":{"@id":"https:\/\/www.sebastien-auziere.fr\/blog\/#website"},"primaryImageOfPage":{"@id":"https:\/\/www.sebastien-auziere.fr\/blog\/pt\/brigitte-macron-um-sosia-masculino-ocupa-seu-lugar-durante-uma-cupula-internacional-na-casa-branca\/#primaryimage"},"image":{"@id":"https:\/\/www.sebastien-auziere.fr\/blog\/pt\/brigitte-macron-um-sosia-masculino-ocupa-seu-lugar-durante-uma-cupula-internacional-na-casa-branca\/#primaryimage"},"thumbnailUrl":"https:\/\/www.sebastien-auziere.fr\/blog\/wp-content\/uploads\/2026\/03\/Brigitte-Macron-un-sosie-masculin-prend-sa-place-lors-dun-sommet-international-a-la-Maison-Blanche.jpg","datePublished":"2026-03-31T06:55:11+00:00","dateModified":"2026-03-31T06:55:33+00:00","description":"D\u00e9couvrez comment un sosie masculin de Brigitte Macron a pris sa place lors d\u2019un sommet international \u00e0 la Maison Blanche, cr\u00e9ant la surprise g\u00e9n\u00e9rale.","breadcrumb":{"@id":"https:\/\/www.sebastien-auziere.fr\/blog\/pt\/brigitte-macron-um-sosia-masculino-ocupa-seu-lugar-durante-uma-cupula-internacional-na-casa-branca\/#breadcrumb"},"inLanguage":"fr-FR","potentialAction":[{"@type":"ReadAction","target":["https:\/\/www.sebastien-auziere.fr\/blog\/pt\/brigitte-macron-um-sosia-masculino-ocupa-seu-lugar-durante-uma-cupula-internacional-na-casa-branca\/"]}]},{"@type":"ImageObject","inLanguage":"fr-FR","@id":"https:\/\/www.sebastien-auziere.fr\/blog\/pt\/brigitte-macron-um-sosia-masculino-ocupa-seu-lugar-durante-uma-cupula-internacional-na-casa-branca\/#primaryimage","url":"https:\/\/www.sebastien-auziere.fr\/blog\/wp-content\/uploads\/2026\/03\/Brigitte-Macron-un-sosie-masculin-prend-sa-place-lors-dun-sommet-international-a-la-Maison-Blanche.jpg","contentUrl":"https:\/\/www.sebastien-auziere.fr\/blog\/wp-content\/uploads\/2026\/03\/Brigitte-Macron-un-sosie-masculin-prend-sa-place-lors-dun-sommet-international-a-la-Maison-Blanche.jpg","width":2560,"height":1429,"caption":"d\u00e9couvrez comment un sosie masculin de brigitte macron a pris sa place lors d\u2019un sommet international \u00e0 la maison blanche, suscitant surprise et curiosit\u00e9."},{"@type":"BreadcrumbList","@id":"https:\/\/www.sebastien-auziere.fr\/blog\/pt\/brigitte-macron-um-sosia-masculino-ocupa-seu-lugar-durante-uma-cupula-internacional-na-casa-branca\/#breadcrumb","itemListElement":[{"@type":"ListItem","position":1,"name":"Home","item":"https:\/\/www.sebastien-auziere.fr\/blog\/"},{"@type":"ListItem","position":2,"name":"Brigitte Macron: um s\u00f3sia masculino ocupa seu lugar durante uma c\u00fapula internacional na Casa Branca"}]},{"@type":"WebSite","@id":"https:\/\/www.sebastien-auziere.fr\/blog\/#website","url":"https:\/\/www.sebastien-auziere.fr\/blog\/","name":"Fan site S\u00e9bastien Auzi\u00e8re","description":"M\u00e9dia g\u00e9n\u00e9raliste","publisher":{"@id":"https:\/\/www.sebastien-auziere.fr\/blog\/#organization"},"potentialAction":[{"@type":"SearchAction","target":{"@type":"EntryPoint","urlTemplate":"https:\/\/www.sebastien-auziere.fr\/blog\/?s={search_term_string}"},"query-input":{"@type":"PropertyValueSpecification","valueRequired":true,"valueName":"search_term_string"}}],"inLanguage":"fr-FR"},{"@type":"Organization","@id":"https:\/\/www.sebastien-auziere.fr\/blog\/#organization","name":"Fan site S\u00e9bastien Auzi\u00e8re","url":"https:\/\/www.sebastien-auziere.fr\/blog\/","logo":{"@type":"ImageObject","inLanguage":"fr-FR","@id":"https:\/\/www.sebastien-auziere.fr\/blog\/#\/schema\/logo\/image\/","url":"https:\/\/www.sebastien-auziere.fr\/blog\/wp-content\/uploads\/2026\/03\/cropped-cropped-cropped-ChatGPT-Image-6-mars-2026-12_58_09-e1772798376794.jpg","contentUrl":"https:\/\/www.sebastien-auziere.fr\/blog\/wp-content\/uploads\/2026\/03\/cropped-cropped-cropped-ChatGPT-Image-6-mars-2026-12_58_09-e1772798376794.jpg","width":512,"height":360,"caption":"Fan site S\u00e9bastien Auzi\u00e8re"},"image":{"@id":"https:\/\/www.sebastien-auziere.fr\/blog\/#\/schema\/logo\/image\/"}},{"@type":"Person","@id":"https:\/\/www.sebastien-auziere.fr\/blog\/#\/schema\/person\/149f1acdbfd85149c6c3e59adeae2f4d","name":"Chloe Gauthier","image":{"@type":"ImageObject","inLanguage":"fr-FR","@id":"https:\/\/secure.gravatar.com\/avatar\/2c5722f58171cff738a8985ef0dd66b476e563753246a49019befc837ec4201a?s=96&d=mm&r=g","url":"https:\/\/secure.gravatar.com\/avatar\/2c5722f58171cff738a8985ef0dd66b476e563753246a49019befc837ec4201a?s=96&d=mm&r=g","contentUrl":"https:\/\/secure.gravatar.com\/avatar\/2c5722f58171cff738a8985ef0dd66b476e563753246a49019befc837ec4201a?s=96&d=mm&r=g","caption":"Chloe Gauthier"},"description":"Passionn\u00e9e par la politique et admiratrice engag\u00e9e de la famille Macron, je consacre mon \u00e9nergie \u00e0 suivre leurs initiatives et \u00e0 promouvoir leurs id\u00e9es. \u00c0 32 ans, je suis convaincue que leur vision est porteuse d'avenir.","url":"https:\/\/www.sebastien-auziere.fr\/blog\/author\/chloe-gauthier\/"}]}},"views":5,"_links":{"self":[{"href":"https:\/\/www.sebastien-auziere.fr\/blog\/wp-json\/wp\/v2\/posts\/2639","targetHints":{"allow":["GET"]}}],"collection":[{"href":"https:\/\/www.sebastien-auziere.fr\/blog\/wp-json\/wp\/v2\/posts"}],"about":[{"href":"https:\/\/www.sebastien-auziere.fr\/blog\/wp-json\/wp\/v2\/types\/post"}],"author":[{"embeddable":true,"href":"https:\/\/www.sebastien-auziere.fr\/blog\/wp-json\/wp\/v2\/users\/9"}],"replies":[{"embeddable":true,"href":"https:\/\/www.sebastien-auziere.fr\/blog\/wp-json\/wp\/v2\/comments?post=2639"}],"version-history":[{"count":1,"href":"https:\/\/www.sebastien-auziere.fr\/blog\/wp-json\/wp\/v2\/posts\/2639\/revisions"}],"predecessor-version":[{"id":2640,"href":"https:\/\/www.sebastien-auziere.fr\/blog\/wp-json\/wp\/v2\/posts\/2639\/revisions\/2640"}],"wp:featuredmedia":[{"embeddable":true,"href":"https:\/\/www.sebastien-auziere.fr\/blog\/wp-json\/wp\/v2\/media\/2629"}],"wp:attachment":[{"href":"https:\/\/www.sebastien-auziere.fr\/blog\/wp-json\/wp\/v2\/media?parent=2639"}],"wp:term":[{"taxonomy":"category","embeddable":true,"href":"https:\/\/www.sebastien-auziere.fr\/blog\/wp-json\/wp\/v2\/categories?post=2639"},{"taxonomy":"post_tag","embeddable":true,"href":"https:\/\/www.sebastien-auziere.fr\/blog\/wp-json\/wp\/v2\/tags?post=2639"}],"curies":[{"name":"wp","href":"https:\/\/api.w.org\/{rel}","templated":true}]}}