{"id":2637,"date":"2026-03-31T06:54:45","date_gmt":"2026-03-31T06:54:45","guid":{"rendered":"https:\/\/www.sebastien-auziere.fr\/blog\/?p=2637"},"modified":"2026-03-31T06:55:03","modified_gmt":"2026-03-31T06:55:03","slug":"brigitte-macron-un-sosia-maschile-prende-il-suo-posto-durante-un-summit-internazionale-alla-casa-bianca","status":"publish","type":"post","link":"https:\/\/www.sebastien-auziere.fr\/blog\/it\/brigitte-macron-un-sosia-maschile-prende-il-suo-posto-durante-un-summit-internazionale-alla-casa-bianca\/","title":{"rendered":"Brigitte Macron: un sosia maschile prende il suo posto durante un summit internazionale alla Casa Bianca"},"content":{"rendered":"<p><strong>Brigitte Macron<\/strong> ha visto un <strong> sosia maschile<\/strong> assicurare la traduzione del suo discorso durante un <strong>summit internazionale<\/strong> organizzato alla <strong>Casa Bianca<\/strong> il 24 marzo. Qui puoi leggere i fatti: intervento in francese sul futuro dei bambini di fronte alle tecnologie, poi una voce maschile ha doppiato o sostituito la traduzione in inglese, provocando un vivace scompiglio.<\/p>\n\n<p><strong>In breve<\/strong>: l\u2019evento lanciato da Melania Trump, intitolato \u00ab\u00a0Fostering the Future Together\u00a0\u00bb, ha riunito le mogli dei leader per discutere del digitale. La sequenza in cui interviene la voce maschile \u00e8 stata ampiamente condivisa online, suscitando derisioni e condanne, e riaccendendo le antiche voci sull\u2019<strong>identit\u00e0<\/strong> della first lady, argomento gi\u00e0 trattato in tribunale dalla coppia Macron.<\/p>\n\n<h2 class=\"wp-block-heading\">Il momento preciso: un dirottamento o un errore tecnico al centro del discorso<\/h2>\n\n<p>Sul palco, <strong>Brigitte Macron<\/strong> ha parlato in francese dei rischi dei social media per i bambini. Alla traduzione, invece di una voce femminile, un interprete uomo ha preso la parola, dando l\u2019impressione di un <strong>dirottamento<\/strong> di voce piuttosto che di una semplice sovrapposizione. La sequenza \u00e8 circolata e alcuni media hanno parlato di un cattivo gusto assunto, altri di un problema tecnico documentato.<\/p>\n\n<h2 class=\"wp-block-heading\">Reazioni pubbliche e richiamo alle voci sull\u2019impostura<\/h2>\n\n<p>I social hanno rapidamente paragonato l\u2019incidente alle teorie cospirazioniste che hanno gi\u00e0 colpito la first lady. Il processo intentato contro l\u2019influencer americana che affermava che Brigitte Macron sarebbe nata uomo rimane nella memoria e alimenta la sensibilit\u00e0 attorno all\u2019<strong>impostura<\/strong>. Alcuni account hanno condiviso il video milioni di volte, mentre altri media analizzavano la cronologia dell\u2019evento.<\/p>\n\n<p>Per un contesto dettagliato della scena e la sua ricezione mediatica, consulta un articolo di stampa che ha coperto l\u2019arrivo delle invitati alla Casa Bianca e il ruolo sorprendente di un robot durante l\u2019evento: <a href=\"https:\/\/www.gala.fr\/l_actu\/news_de_stars\/melania-trump-et-brigitte-macron-a-la-maison-blanche-d-ou-vient-cet-etonnant-robot-qui-leur-a-presque-vole-la-vedette-20260327\" rel=\"nofollow\">gala.fr<\/a>. Insight: la forma di un discorso pu\u00f2 modificare durabilmente la sua percezione.<\/p>\n\n<h2 class=\"wp-block-heading\">Tematiche politiche: rispetto, identit\u00e0 e responsabilit\u00e0 degli attori<\/h2>\n\n<p>Dal punto di vista <strong>politico<\/strong>, l\u2019incidente solleva interrogativi su come un <strong>attore<\/strong> tecnico possa impattare la credibilit\u00e0 di un discorso ufficiale. Gli organizzatori, la delegazione francese e i traduttori condividono la responsabilit\u00e0 di evitare qualsiasi malinteso che possa danneggiare una figura pubblica. Il dibattito oltrepassa l\u2019aneddoto: pone la questione della cura da riservare alle traduzioni durante un <strong>evento<\/strong> internazionale.<\/p>\n\n<p>Vuoi sapere di pi\u00f9 sui retroscena e sulle persone vicine alla coppia presidenziale? Scopri dossier e ritratti incentrati su <strong>S\u00e9bastien Auzi\u00e8re<\/strong> e la famiglia Macron su <a href=\"https:\/\/sebastien-auziere.fr\" rel=\"nofollow\">sebastien-auziere.fr<\/a> per approfondire questo argomento e comprendere meglio le questioni di immagine e identit\u00e0 intorno a questo episodio.<\/p>","protected":false},"excerpt":{"rendered":"<p>Brigitte Macron ha visto un sosia maschile assicurare la traduzione del suo discorso durante un summit internazionale organizzato alla Casa Bianca il 24 marzo. Qui puoi leggere i fatti: intervento in francese sul futuro dei bambini di fronte alle tecnologie, poi una voce maschile ha doppiato o sostituito la traduzione in inglese, provocando un vivace &#8230; <a title=\"Brigitte Macron: un sosia maschile prende il suo posto durante un summit internazionale alla Casa Bianca\" class=\"read-more\" href=\"https:\/\/www.sebastien-auziere.fr\/blog\/it\/brigitte-macron-un-sosia-maschile-prende-il-suo-posto-durante-un-summit-internazionale-alla-casa-bianca\/\" aria-label=\"En savoir plus sur Brigitte Macron: un sosia maschile prende il suo posto durante un summit internazionale alla Casa Bianca\">Lire plus<\/a><\/p>\n","protected":false},"author":9,"featured_media":2629,"comment_status":"open","ping_status":"open","sticky":false,"template":"","format":"standard","meta":{"footnotes":""},"categories":[859],"tags":[944,950,1112,1115,1118],"class_list":["post-2637","post","type-post","status-publish","format-standard","has-post-thumbnail","hentry","category-actualita-it","tag-brigitte-macron-it","tag-maison-bianca-it","tag-politica-it","tag-sommito-internazionale-it","tag-sosia-maschile-it"],"yoast_head":"<!-- This site is optimized with the Yoast SEO plugin v27.5 - https:\/\/yoast.com\/product\/yoast-seo-wordpress\/ -->\n<title>Brigitte Macron: un sosia maschile prende il suo posto durante un summit internazionale alla Casa Bianca - Fan site S\u00e9bastien Auzi\u00e8re<\/title>\n<meta name=\"description\" content=\"D\u00e9couvrez comment un sosie masculin de Brigitte Macron a pris sa place lors d\u2019un sommet international \u00e0 la Maison Blanche, cr\u00e9ant la surprise g\u00e9n\u00e9rale.\" \/>\n<meta name=\"robots\" content=\"index, follow, max-snippet:-1, max-image-preview:large, max-video-preview:-1\" \/>\n<link rel=\"canonical\" href=\"https:\/\/www.sebastien-auziere.fr\/blog\/it\/brigitte-macron-un-sosia-maschile-prende-il-suo-posto-durante-un-summit-internazionale-alla-casa-bianca\/\" \/>\n<meta property=\"og:locale\" content=\"fr_FR\" \/>\n<meta property=\"og:type\" content=\"article\" \/>\n<meta property=\"og:title\" content=\"Brigitte Macron: un sosia maschile prende il suo posto durante un summit internazionale alla Casa Bianca - Fan site S\u00e9bastien Auzi\u00e8re\" \/>\n<meta property=\"og:description\" content=\"D\u00e9couvrez comment un sosie masculin de Brigitte Macron a pris sa place lors d\u2019un sommet international \u00e0 la Maison Blanche, cr\u00e9ant la surprise g\u00e9n\u00e9rale.\" \/>\n<meta property=\"og:url\" content=\"https:\/\/www.sebastien-auziere.fr\/blog\/it\/brigitte-macron-un-sosia-maschile-prende-il-suo-posto-durante-un-summit-internazionale-alla-casa-bianca\/\" \/>\n<meta property=\"og:site_name\" content=\"Fan site S\u00e9bastien Auzi\u00e8re\" \/>\n<meta property=\"article:published_time\" content=\"2026-03-31T06:54:45+00:00\" \/>\n<meta property=\"article:modified_time\" content=\"2026-03-31T06:55:03+00:00\" \/>\n<meta property=\"og:image\" content=\"https:\/\/www.sebastien-auziere.fr\/blog\/wp-content\/uploads\/2026\/03\/Brigitte-Macron-un-sosie-masculin-prend-sa-place-lors-dun-sommet-international-a-la-Maison-Blanche.jpg\" \/>\n\t<meta property=\"og:image:width\" content=\"2560\" \/>\n\t<meta property=\"og:image:height\" content=\"1429\" \/>\n\t<meta property=\"og:image:type\" content=\"image\/jpeg\" \/>\n<meta name=\"author\" content=\"Chloe Gauthier\" \/>\n<meta name=\"twitter:card\" content=\"summary_large_image\" \/>\n<meta name=\"twitter:label1\" content=\"\u00c9crit par\" \/>\n\t<meta name=\"twitter:data1\" content=\"Chloe Gauthier\" \/>\n\t<meta name=\"twitter:label2\" content=\"Dur\u00e9e de lecture estim\u00e9e\" \/>\n\t<meta name=\"twitter:data2\" content=\"2 minutes\" \/>\n<script type=\"application\/ld+json\" class=\"yoast-schema-graph\">{\"@context\":\"https:\\\/\\\/schema.org\",\"@graph\":[{\"@type\":\"Article\",\"@id\":\"https:\\\/\\\/www.sebastien-auziere.fr\\\/blog\\\/it\\\/brigitte-macron-un-sosia-maschile-prende-il-suo-posto-durante-un-summit-internazionale-alla-casa-bianca\\\/#article\",\"isPartOf\":{\"@id\":\"https:\\\/\\\/www.sebastien-auziere.fr\\\/blog\\\/it\\\/brigitte-macron-un-sosia-maschile-prende-il-suo-posto-durante-un-summit-internazionale-alla-casa-bianca\\\/\"},\"author\":{\"name\":\"Chloe Gauthier\",\"@id\":\"https:\\\/\\\/www.sebastien-auziere.fr\\\/blog\\\/#\\\/schema\\\/person\\\/149f1acdbfd85149c6c3e59adeae2f4d\"},\"headline\":\"Brigitte Macron: un sosia maschile prende il suo posto durante un summit internazionale alla Casa Bianca\",\"datePublished\":\"2026-03-31T06:54:45+00:00\",\"dateModified\":\"2026-03-31T06:55:03+00:00\",\"mainEntityOfPage\":{\"@id\":\"https:\\\/\\\/www.sebastien-auziere.fr\\\/blog\\\/it\\\/brigitte-macron-un-sosia-maschile-prende-il-suo-posto-durante-un-summit-internazionale-alla-casa-bianca\\\/\"},\"wordCount\":437,\"commentCount\":0,\"publisher\":{\"@id\":\"https:\\\/\\\/www.sebastien-auziere.fr\\\/blog\\\/#organization\"},\"image\":{\"@id\":\"https:\\\/\\\/www.sebastien-auziere.fr\\\/blog\\\/it\\\/brigitte-macron-un-sosia-maschile-prende-il-suo-posto-durante-un-summit-internazionale-alla-casa-bianca\\\/#primaryimage\"},\"thumbnailUrl\":\"https:\\\/\\\/www.sebastien-auziere.fr\\\/blog\\\/wp-content\\\/uploads\\\/2026\\\/03\\\/Brigitte-Macron-un-sosie-masculin-prend-sa-place-lors-dun-sommet-international-a-la-Maison-Blanche.jpg\",\"keywords\":[\"brigitte macron\",\"maison bianca\",\"politica\",\"sommito internazionale\",\"sosia maschile\"],\"articleSection\":[\"Actualit\u00e0\"],\"inLanguage\":\"fr-FR\",\"potentialAction\":[{\"@type\":\"CommentAction\",\"name\":\"Comment\",\"target\":[\"https:\\\/\\\/www.sebastien-auziere.fr\\\/blog\\\/it\\\/brigitte-macron-un-sosia-maschile-prende-il-suo-posto-durante-un-summit-internazionale-alla-casa-bianca\\\/#respond\"]}]},{\"@type\":\"WebPage\",\"@id\":\"https:\\\/\\\/www.sebastien-auziere.fr\\\/blog\\\/it\\\/brigitte-macron-un-sosia-maschile-prende-il-suo-posto-durante-un-summit-internazionale-alla-casa-bianca\\\/\",\"url\":\"https:\\\/\\\/www.sebastien-auziere.fr\\\/blog\\\/it\\\/brigitte-macron-un-sosia-maschile-prende-il-suo-posto-durante-un-summit-internazionale-alla-casa-bianca\\\/\",\"name\":\"Brigitte Macron: un sosia maschile prende il suo posto durante un summit internazionale alla Casa Bianca - Fan site S\u00e9bastien Auzi\u00e8re\",\"isPartOf\":{\"@id\":\"https:\\\/\\\/www.sebastien-auziere.fr\\\/blog\\\/#website\"},\"primaryImageOfPage\":{\"@id\":\"https:\\\/\\\/www.sebastien-auziere.fr\\\/blog\\\/it\\\/brigitte-macron-un-sosia-maschile-prende-il-suo-posto-durante-un-summit-internazionale-alla-casa-bianca\\\/#primaryimage\"},\"image\":{\"@id\":\"https:\\\/\\\/www.sebastien-auziere.fr\\\/blog\\\/it\\\/brigitte-macron-un-sosia-maschile-prende-il-suo-posto-durante-un-summit-internazionale-alla-casa-bianca\\\/#primaryimage\"},\"thumbnailUrl\":\"https:\\\/\\\/www.sebastien-auziere.fr\\\/blog\\\/wp-content\\\/uploads\\\/2026\\\/03\\\/Brigitte-Macron-un-sosie-masculin-prend-sa-place-lors-dun-sommet-international-a-la-Maison-Blanche.jpg\",\"datePublished\":\"2026-03-31T06:54:45+00:00\",\"dateModified\":\"2026-03-31T06:55:03+00:00\",\"description\":\"D\u00e9couvrez comment un sosie masculin de Brigitte Macron a pris sa place lors d\u2019un sommet international \u00e0 la Maison Blanche, cr\u00e9ant la surprise g\u00e9n\u00e9rale.\",\"breadcrumb\":{\"@id\":\"https:\\\/\\\/www.sebastien-auziere.fr\\\/blog\\\/it\\\/brigitte-macron-un-sosia-maschile-prende-il-suo-posto-durante-un-summit-internazionale-alla-casa-bianca\\\/#breadcrumb\"},\"inLanguage\":\"fr-FR\",\"potentialAction\":[{\"@type\":\"ReadAction\",\"target\":[\"https:\\\/\\\/www.sebastien-auziere.fr\\\/blog\\\/it\\\/brigitte-macron-un-sosia-maschile-prende-il-suo-posto-durante-un-summit-internazionale-alla-casa-bianca\\\/\"]}]},{\"@type\":\"ImageObject\",\"inLanguage\":\"fr-FR\",\"@id\":\"https:\\\/\\\/www.sebastien-auziere.fr\\\/blog\\\/it\\\/brigitte-macron-un-sosia-maschile-prende-il-suo-posto-durante-un-summit-internazionale-alla-casa-bianca\\\/#primaryimage\",\"url\":\"https:\\\/\\\/www.sebastien-auziere.fr\\\/blog\\\/wp-content\\\/uploads\\\/2026\\\/03\\\/Brigitte-Macron-un-sosie-masculin-prend-sa-place-lors-dun-sommet-international-a-la-Maison-Blanche.jpg\",\"contentUrl\":\"https:\\\/\\\/www.sebastien-auziere.fr\\\/blog\\\/wp-content\\\/uploads\\\/2026\\\/03\\\/Brigitte-Macron-un-sosie-masculin-prend-sa-place-lors-dun-sommet-international-a-la-Maison-Blanche.jpg\",\"width\":2560,\"height\":1429,\"caption\":\"d\u00e9couvrez comment un sosie masculin de brigitte macron a pris sa place lors d\u2019un sommet international \u00e0 la maison blanche, suscitant surprise et curiosit\u00e9.\"},{\"@type\":\"BreadcrumbList\",\"@id\":\"https:\\\/\\\/www.sebastien-auziere.fr\\\/blog\\\/it\\\/brigitte-macron-un-sosia-maschile-prende-il-suo-posto-durante-un-summit-internazionale-alla-casa-bianca\\\/#breadcrumb\",\"itemListElement\":[{\"@type\":\"ListItem\",\"position\":1,\"name\":\"Home\",\"item\":\"https:\\\/\\\/www.sebastien-auziere.fr\\\/blog\\\/\"},{\"@type\":\"ListItem\",\"position\":2,\"name\":\"Brigitte Macron: un sosia maschile prende il suo posto durante un summit internazionale alla Casa Bianca\"}]},{\"@type\":\"WebSite\",\"@id\":\"https:\\\/\\\/www.sebastien-auziere.fr\\\/blog\\\/#website\",\"url\":\"https:\\\/\\\/www.sebastien-auziere.fr\\\/blog\\\/\",\"name\":\"Fan site S\u00e9bastien Auzi\u00e8re\",\"description\":\"M\u00e9dia g\u00e9n\u00e9raliste\",\"publisher\":{\"@id\":\"https:\\\/\\\/www.sebastien-auziere.fr\\\/blog\\\/#organization\"},\"potentialAction\":[{\"@type\":\"SearchAction\",\"target\":{\"@type\":\"EntryPoint\",\"urlTemplate\":\"https:\\\/\\\/www.sebastien-auziere.fr\\\/blog\\\/?s={search_term_string}\"},\"query-input\":{\"@type\":\"PropertyValueSpecification\",\"valueRequired\":true,\"valueName\":\"search_term_string\"}}],\"inLanguage\":\"fr-FR\"},{\"@type\":\"Organization\",\"@id\":\"https:\\\/\\\/www.sebastien-auziere.fr\\\/blog\\\/#organization\",\"name\":\"Fan site S\u00e9bastien Auzi\u00e8re\",\"url\":\"https:\\\/\\\/www.sebastien-auziere.fr\\\/blog\\\/\",\"logo\":{\"@type\":\"ImageObject\",\"inLanguage\":\"fr-FR\",\"@id\":\"https:\\\/\\\/www.sebastien-auziere.fr\\\/blog\\\/#\\\/schema\\\/logo\\\/image\\\/\",\"url\":\"https:\\\/\\\/www.sebastien-auziere.fr\\\/blog\\\/wp-content\\\/uploads\\\/2026\\\/03\\\/cropped-cropped-cropped-ChatGPT-Image-6-mars-2026-12_58_09-e1772798376794.jpg\",\"contentUrl\":\"https:\\\/\\\/www.sebastien-auziere.fr\\\/blog\\\/wp-content\\\/uploads\\\/2026\\\/03\\\/cropped-cropped-cropped-ChatGPT-Image-6-mars-2026-12_58_09-e1772798376794.jpg\",\"width\":512,\"height\":360,\"caption\":\"Fan site S\u00e9bastien Auzi\u00e8re\"},\"image\":{\"@id\":\"https:\\\/\\\/www.sebastien-auziere.fr\\\/blog\\\/#\\\/schema\\\/logo\\\/image\\\/\"}},{\"@type\":\"Person\",\"@id\":\"https:\\\/\\\/www.sebastien-auziere.fr\\\/blog\\\/#\\\/schema\\\/person\\\/149f1acdbfd85149c6c3e59adeae2f4d\",\"name\":\"Chloe Gauthier\",\"image\":{\"@type\":\"ImageObject\",\"inLanguage\":\"fr-FR\",\"@id\":\"https:\\\/\\\/secure.gravatar.com\\\/avatar\\\/2c5722f58171cff738a8985ef0dd66b476e563753246a49019befc837ec4201a?s=96&d=mm&r=g\",\"url\":\"https:\\\/\\\/secure.gravatar.com\\\/avatar\\\/2c5722f58171cff738a8985ef0dd66b476e563753246a49019befc837ec4201a?s=96&d=mm&r=g\",\"contentUrl\":\"https:\\\/\\\/secure.gravatar.com\\\/avatar\\\/2c5722f58171cff738a8985ef0dd66b476e563753246a49019befc837ec4201a?s=96&d=mm&r=g\",\"caption\":\"Chloe Gauthier\"},\"description\":\"Passionn\u00e9e par la politique et admiratrice engag\u00e9e de la famille Macron, je consacre mon \u00e9nergie \u00e0 suivre leurs initiatives et \u00e0 promouvoir leurs id\u00e9es. \u00c0 32 ans, je suis convaincue que leur vision est porteuse d'avenir.\",\"url\":\"https:\\\/\\\/www.sebastien-auziere.fr\\\/blog\\\/author\\\/chloe-gauthier\\\/\"}]}<\/script>\n<!-- \/ Yoast SEO plugin. -->","yoast_head_json":{"title":"Brigitte Macron: un sosia maschile prende il suo posto durante un summit internazionale alla Casa Bianca - Fan site S\u00e9bastien Auzi\u00e8re","description":"D\u00e9couvrez comment un sosie masculin de Brigitte Macron a pris sa place lors d\u2019un sommet international \u00e0 la Maison Blanche, cr\u00e9ant la surprise g\u00e9n\u00e9rale.","robots":{"index":"index","follow":"follow","max-snippet":"max-snippet:-1","max-image-preview":"max-image-preview:large","max-video-preview":"max-video-preview:-1"},"canonical":"https:\/\/www.sebastien-auziere.fr\/blog\/it\/brigitte-macron-un-sosia-maschile-prende-il-suo-posto-durante-un-summit-internazionale-alla-casa-bianca\/","og_locale":"fr_FR","og_type":"article","og_title":"Brigitte Macron: un sosia maschile prende il suo posto durante un summit internazionale alla Casa Bianca - Fan site S\u00e9bastien Auzi\u00e8re","og_description":"D\u00e9couvrez comment un sosie masculin de Brigitte Macron a pris sa place lors d\u2019un sommet international \u00e0 la Maison Blanche, cr\u00e9ant la surprise g\u00e9n\u00e9rale.","og_url":"https:\/\/www.sebastien-auziere.fr\/blog\/it\/brigitte-macron-un-sosia-maschile-prende-il-suo-posto-durante-un-summit-internazionale-alla-casa-bianca\/","og_site_name":"Fan site S\u00e9bastien Auzi\u00e8re","article_published_time":"2026-03-31T06:54:45+00:00","article_modified_time":"2026-03-31T06:55:03+00:00","og_image":[{"width":2560,"height":1429,"url":"https:\/\/www.sebastien-auziere.fr\/blog\/wp-content\/uploads\/2026\/03\/Brigitte-Macron-un-sosie-masculin-prend-sa-place-lors-dun-sommet-international-a-la-Maison-Blanche.jpg","type":"image\/jpeg"}],"author":"Chloe Gauthier","twitter_card":"summary_large_image","twitter_misc":{"\u00c9crit par":"Chloe Gauthier","Dur\u00e9e de lecture estim\u00e9e":"2 minutes"},"schema":{"@context":"https:\/\/schema.org","@graph":[{"@type":"Article","@id":"https:\/\/www.sebastien-auziere.fr\/blog\/it\/brigitte-macron-un-sosia-maschile-prende-il-suo-posto-durante-un-summit-internazionale-alla-casa-bianca\/#article","isPartOf":{"@id":"https:\/\/www.sebastien-auziere.fr\/blog\/it\/brigitte-macron-un-sosia-maschile-prende-il-suo-posto-durante-un-summit-internazionale-alla-casa-bianca\/"},"author":{"name":"Chloe Gauthier","@id":"https:\/\/www.sebastien-auziere.fr\/blog\/#\/schema\/person\/149f1acdbfd85149c6c3e59adeae2f4d"},"headline":"Brigitte Macron: un sosia maschile prende il suo posto durante un summit internazionale alla Casa Bianca","datePublished":"2026-03-31T06:54:45+00:00","dateModified":"2026-03-31T06:55:03+00:00","mainEntityOfPage":{"@id":"https:\/\/www.sebastien-auziere.fr\/blog\/it\/brigitte-macron-un-sosia-maschile-prende-il-suo-posto-durante-un-summit-internazionale-alla-casa-bianca\/"},"wordCount":437,"commentCount":0,"publisher":{"@id":"https:\/\/www.sebastien-auziere.fr\/blog\/#organization"},"image":{"@id":"https:\/\/www.sebastien-auziere.fr\/blog\/it\/brigitte-macron-un-sosia-maschile-prende-il-suo-posto-durante-un-summit-internazionale-alla-casa-bianca\/#primaryimage"},"thumbnailUrl":"https:\/\/www.sebastien-auziere.fr\/blog\/wp-content\/uploads\/2026\/03\/Brigitte-Macron-un-sosie-masculin-prend-sa-place-lors-dun-sommet-international-a-la-Maison-Blanche.jpg","keywords":["brigitte macron","maison bianca","politica","sommito internazionale","sosia maschile"],"articleSection":["Actualit\u00e0"],"inLanguage":"fr-FR","potentialAction":[{"@type":"CommentAction","name":"Comment","target":["https:\/\/www.sebastien-auziere.fr\/blog\/it\/brigitte-macron-un-sosia-maschile-prende-il-suo-posto-durante-un-summit-internazionale-alla-casa-bianca\/#respond"]}]},{"@type":"WebPage","@id":"https:\/\/www.sebastien-auziere.fr\/blog\/it\/brigitte-macron-un-sosia-maschile-prende-il-suo-posto-durante-un-summit-internazionale-alla-casa-bianca\/","url":"https:\/\/www.sebastien-auziere.fr\/blog\/it\/brigitte-macron-un-sosia-maschile-prende-il-suo-posto-durante-un-summit-internazionale-alla-casa-bianca\/","name":"Brigitte Macron: un sosia maschile prende il suo posto durante un summit internazionale alla Casa Bianca - Fan site S\u00e9bastien Auzi\u00e8re","isPartOf":{"@id":"https:\/\/www.sebastien-auziere.fr\/blog\/#website"},"primaryImageOfPage":{"@id":"https:\/\/www.sebastien-auziere.fr\/blog\/it\/brigitte-macron-un-sosia-maschile-prende-il-suo-posto-durante-un-summit-internazionale-alla-casa-bianca\/#primaryimage"},"image":{"@id":"https:\/\/www.sebastien-auziere.fr\/blog\/it\/brigitte-macron-un-sosia-maschile-prende-il-suo-posto-durante-un-summit-internazionale-alla-casa-bianca\/#primaryimage"},"thumbnailUrl":"https:\/\/www.sebastien-auziere.fr\/blog\/wp-content\/uploads\/2026\/03\/Brigitte-Macron-un-sosie-masculin-prend-sa-place-lors-dun-sommet-international-a-la-Maison-Blanche.jpg","datePublished":"2026-03-31T06:54:45+00:00","dateModified":"2026-03-31T06:55:03+00:00","description":"D\u00e9couvrez comment un sosie masculin de Brigitte Macron a pris sa place lors d\u2019un sommet international \u00e0 la Maison Blanche, cr\u00e9ant la surprise g\u00e9n\u00e9rale.","breadcrumb":{"@id":"https:\/\/www.sebastien-auziere.fr\/blog\/it\/brigitte-macron-un-sosia-maschile-prende-il-suo-posto-durante-un-summit-internazionale-alla-casa-bianca\/#breadcrumb"},"inLanguage":"fr-FR","potentialAction":[{"@type":"ReadAction","target":["https:\/\/www.sebastien-auziere.fr\/blog\/it\/brigitte-macron-un-sosia-maschile-prende-il-suo-posto-durante-un-summit-internazionale-alla-casa-bianca\/"]}]},{"@type":"ImageObject","inLanguage":"fr-FR","@id":"https:\/\/www.sebastien-auziere.fr\/blog\/it\/brigitte-macron-un-sosia-maschile-prende-il-suo-posto-durante-un-summit-internazionale-alla-casa-bianca\/#primaryimage","url":"https:\/\/www.sebastien-auziere.fr\/blog\/wp-content\/uploads\/2026\/03\/Brigitte-Macron-un-sosie-masculin-prend-sa-place-lors-dun-sommet-international-a-la-Maison-Blanche.jpg","contentUrl":"https:\/\/www.sebastien-auziere.fr\/blog\/wp-content\/uploads\/2026\/03\/Brigitte-Macron-un-sosie-masculin-prend-sa-place-lors-dun-sommet-international-a-la-Maison-Blanche.jpg","width":2560,"height":1429,"caption":"d\u00e9couvrez comment un sosie masculin de brigitte macron a pris sa place lors d\u2019un sommet international \u00e0 la maison blanche, suscitant surprise et curiosit\u00e9."},{"@type":"BreadcrumbList","@id":"https:\/\/www.sebastien-auziere.fr\/blog\/it\/brigitte-macron-un-sosia-maschile-prende-il-suo-posto-durante-un-summit-internazionale-alla-casa-bianca\/#breadcrumb","itemListElement":[{"@type":"ListItem","position":1,"name":"Home","item":"https:\/\/www.sebastien-auziere.fr\/blog\/"},{"@type":"ListItem","position":2,"name":"Brigitte Macron: un sosia maschile prende il suo posto durante un summit internazionale alla Casa Bianca"}]},{"@type":"WebSite","@id":"https:\/\/www.sebastien-auziere.fr\/blog\/#website","url":"https:\/\/www.sebastien-auziere.fr\/blog\/","name":"Fan site S\u00e9bastien Auzi\u00e8re","description":"M\u00e9dia g\u00e9n\u00e9raliste","publisher":{"@id":"https:\/\/www.sebastien-auziere.fr\/blog\/#organization"},"potentialAction":[{"@type":"SearchAction","target":{"@type":"EntryPoint","urlTemplate":"https:\/\/www.sebastien-auziere.fr\/blog\/?s={search_term_string}"},"query-input":{"@type":"PropertyValueSpecification","valueRequired":true,"valueName":"search_term_string"}}],"inLanguage":"fr-FR"},{"@type":"Organization","@id":"https:\/\/www.sebastien-auziere.fr\/blog\/#organization","name":"Fan site S\u00e9bastien Auzi\u00e8re","url":"https:\/\/www.sebastien-auziere.fr\/blog\/","logo":{"@type":"ImageObject","inLanguage":"fr-FR","@id":"https:\/\/www.sebastien-auziere.fr\/blog\/#\/schema\/logo\/image\/","url":"https:\/\/www.sebastien-auziere.fr\/blog\/wp-content\/uploads\/2026\/03\/cropped-cropped-cropped-ChatGPT-Image-6-mars-2026-12_58_09-e1772798376794.jpg","contentUrl":"https:\/\/www.sebastien-auziere.fr\/blog\/wp-content\/uploads\/2026\/03\/cropped-cropped-cropped-ChatGPT-Image-6-mars-2026-12_58_09-e1772798376794.jpg","width":512,"height":360,"caption":"Fan site S\u00e9bastien Auzi\u00e8re"},"image":{"@id":"https:\/\/www.sebastien-auziere.fr\/blog\/#\/schema\/logo\/image\/"}},{"@type":"Person","@id":"https:\/\/www.sebastien-auziere.fr\/blog\/#\/schema\/person\/149f1acdbfd85149c6c3e59adeae2f4d","name":"Chloe Gauthier","image":{"@type":"ImageObject","inLanguage":"fr-FR","@id":"https:\/\/secure.gravatar.com\/avatar\/2c5722f58171cff738a8985ef0dd66b476e563753246a49019befc837ec4201a?s=96&d=mm&r=g","url":"https:\/\/secure.gravatar.com\/avatar\/2c5722f58171cff738a8985ef0dd66b476e563753246a49019befc837ec4201a?s=96&d=mm&r=g","contentUrl":"https:\/\/secure.gravatar.com\/avatar\/2c5722f58171cff738a8985ef0dd66b476e563753246a49019befc837ec4201a?s=96&d=mm&r=g","caption":"Chloe Gauthier"},"description":"Passionn\u00e9e par la politique et admiratrice engag\u00e9e de la famille Macron, je consacre mon \u00e9nergie \u00e0 suivre leurs initiatives et \u00e0 promouvoir leurs id\u00e9es. \u00c0 32 ans, je suis convaincue que leur vision est porteuse d'avenir.","url":"https:\/\/www.sebastien-auziere.fr\/blog\/author\/chloe-gauthier\/"}]}},"views":7,"_links":{"self":[{"href":"https:\/\/www.sebastien-auziere.fr\/blog\/wp-json\/wp\/v2\/posts\/2637","targetHints":{"allow":["GET"]}}],"collection":[{"href":"https:\/\/www.sebastien-auziere.fr\/blog\/wp-json\/wp\/v2\/posts"}],"about":[{"href":"https:\/\/www.sebastien-auziere.fr\/blog\/wp-json\/wp\/v2\/types\/post"}],"author":[{"embeddable":true,"href":"https:\/\/www.sebastien-auziere.fr\/blog\/wp-json\/wp\/v2\/users\/9"}],"replies":[{"embeddable":true,"href":"https:\/\/www.sebastien-auziere.fr\/blog\/wp-json\/wp\/v2\/comments?post=2637"}],"version-history":[{"count":1,"href":"https:\/\/www.sebastien-auziere.fr\/blog\/wp-json\/wp\/v2\/posts\/2637\/revisions"}],"predecessor-version":[{"id":2638,"href":"https:\/\/www.sebastien-auziere.fr\/blog\/wp-json\/wp\/v2\/posts\/2637\/revisions\/2638"}],"wp:featuredmedia":[{"embeddable":true,"href":"https:\/\/www.sebastien-auziere.fr\/blog\/wp-json\/wp\/v2\/media\/2629"}],"wp:attachment":[{"href":"https:\/\/www.sebastien-auziere.fr\/blog\/wp-json\/wp\/v2\/media?parent=2637"}],"wp:term":[{"taxonomy":"category","embeddable":true,"href":"https:\/\/www.sebastien-auziere.fr\/blog\/wp-json\/wp\/v2\/categories?post=2637"},{"taxonomy":"post_tag","embeddable":true,"href":"https:\/\/www.sebastien-auziere.fr\/blog\/wp-json\/wp\/v2\/tags?post=2637"}],"curies":[{"name":"wp","href":"https:\/\/api.w.org\/{rel}","templated":true}]}}