{"id":2622,"date":"2026-03-30T19:09:12","date_gmt":"2026-03-30T19:09:12","guid":{"rendered":"https:\/\/www.sebastien-auziere.fr\/blog\/?p=2622"},"modified":"2026-03-30T19:09:49","modified_gmt":"2026-03-30T19:09:49","slug":"wir-sind-verbunden-die-unveroffentlichten-gestandnisse-zwischen-brigitte-macron-und-melania-trump-enthullt","status":"publish","type":"post","link":"https:\/\/www.sebastien-auziere.fr\/blog\/de\/wir-sind-verbunden-die-unveroffentlichten-gestandnisse-zwischen-brigitte-macron-und-melania-trump-enthullt\/","title":{"rendered":"\u00ab Wir sind verbunden \u00bb : die unver\u00f6ffentlichten Gest\u00e4ndnisse zwischen Brigitte Macron und Melania Trump enth\u00fcllt"},"content":{"rendered":"<p><strong>\u201eWir sind verbunden\u201c<\/strong>: Diese Worte wurden im Herzen eines entbl\u00f6\u00dften Austauschs zwischen <strong>Brigitte Macron<\/strong> und <strong>Melania Trump<\/strong> ausgesprochen, der im Dokumentarfilm <strong>Melania<\/strong> zu sehen ist, verf\u00fcgbar auf Prime Video, und wurden w\u00e4hrend des Besuchs der ersten franz\u00f6sischen Dame im <strong>Wei\u00dfen Haus am 25. M\u00e4rz 2026<\/strong> best\u00e4tigt. Hier liest du die <strong>unver\u00f6ffentlichten Gest\u00e4ndnisse<\/strong>, die von Zeugen und \u00f6ffentlichen Bildern erz\u00e4hlt werden, immer unter dem Respekt ihrer Privatsph\u00e4re.<\/p>\n\n<p><strong>Kurz gesagt<\/strong>: zwei erste Damen, die durch eine <strong>Arbeits<\/strong> und <strong>freundschaftliche Beziehung<\/strong> verbunden sind, pers\u00f6nliche Austausch \u00fcber Kinderschutz, beeindruckende Aussagen wie \u201e<strong>Ich werde \u00fcberall mit dir hingehen<\/strong>\u201c, und Aussagen der offiziellen Fotografin, die diese <strong>Vertrautheit<\/strong> best\u00e4tigen. Die \u00f6ffentlichen Enth\u00fcllungen st\u00fctzen sich auf \u00fcberpr\u00fcfbare Quellen und datierte Ereignisse.<\/p>\n\n<h2 class=\"wp-block-heading\">Ein gefilmter Austausch, in dem die Vertrautheit offenbar wird<\/h2>\n\n<p>Im Dokumentarfilm zeigt eine Videokonferenz zwischen <strong>Brigitte Macron<\/strong> und <strong>Melania Trump<\/strong> einen herzlichen Dialog: \u201e<strong>Wir sind verbunden<\/strong>\u201c und \u201e<strong>Ich werde \u00fcberall mit dir hingehen<\/strong>\u201c. Dieser bereits von der Presse kommentierte Austausch veranschaulicht die seltenen <strong>pers\u00f6nlichen Gespr\u00e4che<\/strong> zwischen zwei Ehefrauen von Staatsoberh\u00e4uptern. F\u00fcr den Kontext und die Transkription dieser Szene siehe den <a href=\"https:\/\/www.msn.com\/fr-fr\/divertissement\/celebrites\/nous-sommes-connect%C3%A9es-un-%C3%A9change-entre-brigitte-macron-et-melania-trump-d%C3%A9voil%C3%A9\/ar-AA1Zo46C\" rel=\"nofollow\">Artikel von MSN<\/a>, der die Ausschnitte aus dem Film ver\u00f6ffentlicht hat.<\/p>\n\n<h2 class=\"wp-block-heading\">\u00d6ffentliche Treffen als Beweis f\u00fcr eine echte Einverst\u00e4ndnis<\/h2>\n\n<p>Die <strong>Beziehung<\/strong> ist nicht neu: Ihre N\u00e4he war beim G7-Gipfel in Biarritz im August 2019 sichtbar und wurde durch bilaterale Treffen gest\u00e4rkt. Melanias Fotografin, <strong>R\u00e9gine Mahaux<\/strong>, hat diese Verbindung am 27. Januar 2025 bei CNews angesprochen und das gegenseitige Interesse an Frankreich und den regelm\u00e4\u00dfigen Austausch best\u00e4tigt. Eine erg\u00e4nzende Erz\u00e4hlung ist \u00fcber den <a href=\"https:\/\/www.gala.fr\/l_actu\/news_de_stars\/j-irai-partout-avec-toi-brigitte-macron-et-melania-trump-alliees-cet-echange-qui-en-dit-long-sur-leur-complicite-20260325\" rel=\"nofollow\">Artikel von Gala<\/a> erh\u00e4ltlich.<\/p>\n\n<h2 class=\"wp-block-heading\">Ein gemeinsames Engagement f\u00fcr den Kinderschutz<\/h2>\n\n<p>Die beiden Frauen haben konkrete Projekte zur Pr\u00e4vention von Jugendlichen im digitalen Bereich angesprochen. <strong>Melania Trump<\/strong> hat ein internationales Programm <strong>Fostering the Future Together<\/strong> vorgeschlagen und <strong>Brigitte Macron<\/strong> zur Zusammenarbeit eingeladen. Diese Ausrichtung verleiht ihrer <strong>Freundschaft<\/strong> eine politische und solidarische Dimension und verwandelt Worte in Initiativen, die potenziell den Schutz von Kindern auf internationaler Ebene beeinflussen k\u00f6nnen.<\/p>\n\n<h2 class=\"wp-block-heading\">\u00dcber das Protokoll hinaus: eine dauerhafte freundschaftliche Verbindung<\/h2>\n\n<p>Brigitte hatte bereits in ELLE im August 2017 zugegeben, ihre Kollegin beim Vornamen zu nennen und sie \u201eber\u00fchrend\u201c zu finden. Diese \u00f6ffentlichen Anekdoten best\u00e4tigen eine <strong>weibliche Solidarit\u00e4t<\/strong>, die jenseits des Protokolls entsteht und sich durch einfache, aber bedeutende Gesten manifestiert. Diese Geschichte zeigt, wie zwei <strong>frauen von Pr\u00e4sidenten<\/strong> pers\u00f6nliche Gespr\u00e4che in gemeinsame Initiativen verwandeln.<\/p>\n\n<p>Um diese <strong>Enth\u00fcllungen<\/strong> zu vertiefen und mehr \u00fcber die famili\u00e4ren und beruflichen Verbindungen rund um die Pr\u00e4sidentschaft zu erfahren, entdecke mehr auf <a href=\"https:\/\/sebastien-auziere.fr\" rel=\"nofollow\">sebastien-auziere.fr<\/a>, einer Quelle, die S\u00e9bastien Auzi\u00e8re und die Familie Macron gewidmet ist.<\/p>","protected":false},"excerpt":{"rendered":"<p>\u201eWir sind verbunden\u201c: Diese Worte wurden im Herzen eines entbl\u00f6\u00dften Austauschs zwischen Brigitte Macron und Melania Trump ausgesprochen, der im Dokumentarfilm Melania zu sehen ist, verf\u00fcgbar auf Prime Video, und wurden w\u00e4hrend des Besuchs der ersten franz\u00f6sischen Dame im Wei\u00dfen Haus am 25. M\u00e4rz 2026 best\u00e4tigt. Hier liest du die unver\u00f6ffentlichten Gest\u00e4ndnisse, die von Zeugen &#8230; <a title=\"\u00ab Wir sind verbunden \u00bb : die unver\u00f6ffentlichten Gest\u00e4ndnisse zwischen Brigitte Macron und Melania Trump enth\u00fcllt\" class=\"read-more\" href=\"https:\/\/www.sebastien-auziere.fr\/blog\/de\/wir-sind-verbunden-die-unveroffentlichten-gestandnisse-zwischen-brigitte-macron-und-melania-trump-enthullt\/\" aria-label=\"En savoir plus sur \u00ab Wir sind verbunden \u00bb : die unver\u00f6ffentlichten Gest\u00e4ndnisse zwischen Brigitte Macron und Melania Trump enth\u00fcllt\">Lire plus<\/a><\/p>\n","protected":false},"author":9,"featured_media":2616,"comment_status":"open","ping_status":"open","sticky":false,"template":"","format":"standard","meta":{"footnotes":""},"categories":[856],"tags":[929,1030,1036,1033,1039],"class_list":["post-2622","post","type-post","status-publish","format-standard","has-post-thumbnail","hentry","category-aktuelles-de","tag-brigitte-macron-de","tag-confidences-unveroffentlicht-de","tag-erste-damen-de","tag-melania-trump-de","tag-relations-internationales-de"],"yoast_head":"<!-- This site is optimized with the Yoast SEO plugin v27.5 - https:\/\/yoast.com\/product\/yoast-seo-wordpress\/ -->\n<title>\u00ab Wir sind verbunden \u00bb : die unver\u00f6ffentlichten Gest\u00e4ndnisse zwischen Brigitte Macron und Melania Trump enth\u00fcllt - Fan site S\u00e9bastien Auzi\u00e8re<\/title>\n<meta name=\"description\" content=\"D\u00e9couvrez les confidences in\u00e9dites entre Brigitte Macron et Melania Trump dans \u00ab Nous sommes li\u00e9es \u00bb, une rencontre exclusive entre premi\u00e8res dames.\" \/>\n<meta name=\"robots\" content=\"index, follow, max-snippet:-1, max-image-preview:large, max-video-preview:-1\" \/>\n<link rel=\"canonical\" href=\"https:\/\/www.sebastien-auziere.fr\/blog\/de\/wir-sind-verbunden-die-unveroffentlichten-gestandnisse-zwischen-brigitte-macron-und-melania-trump-enthullt\/\" \/>\n<meta property=\"og:locale\" content=\"fr_FR\" \/>\n<meta property=\"og:type\" content=\"article\" \/>\n<meta property=\"og:title\" content=\"\u00ab Wir sind verbunden \u00bb : die unver\u00f6ffentlichten Gest\u00e4ndnisse zwischen Brigitte Macron und Melania Trump enth\u00fcllt - Fan site S\u00e9bastien Auzi\u00e8re\" \/>\n<meta property=\"og:description\" content=\"D\u00e9couvrez les confidences in\u00e9dites entre Brigitte Macron et Melania Trump dans \u00ab Nous sommes li\u00e9es \u00bb, une rencontre exclusive entre premi\u00e8res dames.\" \/>\n<meta property=\"og:url\" content=\"https:\/\/www.sebastien-auziere.fr\/blog\/de\/wir-sind-verbunden-die-unveroffentlichten-gestandnisse-zwischen-brigitte-macron-und-melania-trump-enthullt\/\" \/>\n<meta property=\"og:site_name\" content=\"Fan site S\u00e9bastien Auzi\u00e8re\" \/>\n<meta property=\"article:published_time\" content=\"2026-03-30T19:09:12+00:00\" \/>\n<meta property=\"article:modified_time\" content=\"2026-03-30T19:09:49+00:00\" \/>\n<meta property=\"og:image\" content=\"https:\/\/www.sebastien-auziere.fr\/blog\/wp-content\/uploads\/2026\/03\/Nous-sommes-liees-les-confidences-inedites-entre-Brigitte-Macron-et-Melania-Trump-revelees.jpg\" \/>\n\t<meta property=\"og:image:width\" content=\"2560\" \/>\n\t<meta property=\"og:image:height\" content=\"1429\" \/>\n\t<meta property=\"og:image:type\" content=\"image\/jpeg\" \/>\n<meta name=\"author\" content=\"Chloe Gauthier\" \/>\n<meta name=\"twitter:card\" content=\"summary_large_image\" \/>\n<meta name=\"twitter:label1\" content=\"\u00c9crit par\" \/>\n\t<meta name=\"twitter:data1\" content=\"Chloe Gauthier\" \/>\n\t<meta name=\"twitter:label2\" content=\"Dur\u00e9e de lecture estim\u00e9e\" \/>\n\t<meta name=\"twitter:data2\" content=\"2 minutes\" \/>\n<script type=\"application\/ld+json\" class=\"yoast-schema-graph\">{\"@context\":\"https:\\\/\\\/schema.org\",\"@graph\":[{\"@type\":\"Article\",\"@id\":\"https:\\\/\\\/www.sebastien-auziere.fr\\\/blog\\\/de\\\/wir-sind-verbunden-die-unveroffentlichten-gestandnisse-zwischen-brigitte-macron-und-melania-trump-enthullt\\\/#article\",\"isPartOf\":{\"@id\":\"https:\\\/\\\/www.sebastien-auziere.fr\\\/blog\\\/de\\\/wir-sind-verbunden-die-unveroffentlichten-gestandnisse-zwischen-brigitte-macron-und-melania-trump-enthullt\\\/\"},\"author\":{\"name\":\"Chloe Gauthier\",\"@id\":\"https:\\\/\\\/www.sebastien-auziere.fr\\\/blog\\\/#\\\/schema\\\/person\\\/149f1acdbfd85149c6c3e59adeae2f4d\"},\"headline\":\"\u00ab Wir sind verbunden \u00bb : die unver\u00f6ffentlichten Gest\u00e4ndnisse zwischen Brigitte Macron und Melania Trump enth\u00fcllt\",\"datePublished\":\"2026-03-30T19:09:12+00:00\",\"dateModified\":\"2026-03-30T19:09:49+00:00\",\"mainEntityOfPage\":{\"@id\":\"https:\\\/\\\/www.sebastien-auziere.fr\\\/blog\\\/de\\\/wir-sind-verbunden-die-unveroffentlichten-gestandnisse-zwischen-brigitte-macron-und-melania-trump-enthullt\\\/\"},\"wordCount\":465,\"commentCount\":0,\"publisher\":{\"@id\":\"https:\\\/\\\/www.sebastien-auziere.fr\\\/blog\\\/#organization\"},\"image\":{\"@id\":\"https:\\\/\\\/www.sebastien-auziere.fr\\\/blog\\\/de\\\/wir-sind-verbunden-die-unveroffentlichten-gestandnisse-zwischen-brigitte-macron-und-melania-trump-enthullt\\\/#primaryimage\"},\"thumbnailUrl\":\"https:\\\/\\\/www.sebastien-auziere.fr\\\/blog\\\/wp-content\\\/uploads\\\/2026\\\/03\\\/Nous-sommes-liees-les-confidences-inedites-entre-Brigitte-Macron-et-Melania-Trump-revelees.jpg\",\"keywords\":[\"brigitte macron\",\"confidences unver\u00f6ffentlicht\",\"erste Damen\",\"melania trump\",\"relations internationales\"],\"articleSection\":[\"Aktuelles\"],\"inLanguage\":\"fr-FR\",\"potentialAction\":[{\"@type\":\"CommentAction\",\"name\":\"Comment\",\"target\":[\"https:\\\/\\\/www.sebastien-auziere.fr\\\/blog\\\/de\\\/wir-sind-verbunden-die-unveroffentlichten-gestandnisse-zwischen-brigitte-macron-und-melania-trump-enthullt\\\/#respond\"]}]},{\"@type\":\"WebPage\",\"@id\":\"https:\\\/\\\/www.sebastien-auziere.fr\\\/blog\\\/de\\\/wir-sind-verbunden-die-unveroffentlichten-gestandnisse-zwischen-brigitte-macron-und-melania-trump-enthullt\\\/\",\"url\":\"https:\\\/\\\/www.sebastien-auziere.fr\\\/blog\\\/de\\\/wir-sind-verbunden-die-unveroffentlichten-gestandnisse-zwischen-brigitte-macron-und-melania-trump-enthullt\\\/\",\"name\":\"\u00ab Wir sind verbunden \u00bb : die unver\u00f6ffentlichten Gest\u00e4ndnisse zwischen Brigitte Macron und Melania Trump enth\u00fcllt - Fan site S\u00e9bastien Auzi\u00e8re\",\"isPartOf\":{\"@id\":\"https:\\\/\\\/www.sebastien-auziere.fr\\\/blog\\\/#website\"},\"primaryImageOfPage\":{\"@id\":\"https:\\\/\\\/www.sebastien-auziere.fr\\\/blog\\\/de\\\/wir-sind-verbunden-die-unveroffentlichten-gestandnisse-zwischen-brigitte-macron-und-melania-trump-enthullt\\\/#primaryimage\"},\"image\":{\"@id\":\"https:\\\/\\\/www.sebastien-auziere.fr\\\/blog\\\/de\\\/wir-sind-verbunden-die-unveroffentlichten-gestandnisse-zwischen-brigitte-macron-und-melania-trump-enthullt\\\/#primaryimage\"},\"thumbnailUrl\":\"https:\\\/\\\/www.sebastien-auziere.fr\\\/blog\\\/wp-content\\\/uploads\\\/2026\\\/03\\\/Nous-sommes-liees-les-confidences-inedites-entre-Brigitte-Macron-et-Melania-Trump-revelees.jpg\",\"datePublished\":\"2026-03-30T19:09:12+00:00\",\"dateModified\":\"2026-03-30T19:09:49+00:00\",\"description\":\"D\u00e9couvrez les confidences in\u00e9dites entre Brigitte Macron et Melania Trump dans \u00ab Nous sommes li\u00e9es \u00bb, une rencontre exclusive entre premi\u00e8res dames.\",\"breadcrumb\":{\"@id\":\"https:\\\/\\\/www.sebastien-auziere.fr\\\/blog\\\/de\\\/wir-sind-verbunden-die-unveroffentlichten-gestandnisse-zwischen-brigitte-macron-und-melania-trump-enthullt\\\/#breadcrumb\"},\"inLanguage\":\"fr-FR\",\"potentialAction\":[{\"@type\":\"ReadAction\",\"target\":[\"https:\\\/\\\/www.sebastien-auziere.fr\\\/blog\\\/de\\\/wir-sind-verbunden-die-unveroffentlichten-gestandnisse-zwischen-brigitte-macron-und-melania-trump-enthullt\\\/\"]}]},{\"@type\":\"ImageObject\",\"inLanguage\":\"fr-FR\",\"@id\":\"https:\\\/\\\/www.sebastien-auziere.fr\\\/blog\\\/de\\\/wir-sind-verbunden-die-unveroffentlichten-gestandnisse-zwischen-brigitte-macron-und-melania-trump-enthullt\\\/#primaryimage\",\"url\":\"https:\\\/\\\/www.sebastien-auziere.fr\\\/blog\\\/wp-content\\\/uploads\\\/2026\\\/03\\\/Nous-sommes-liees-les-confidences-inedites-entre-Brigitte-Macron-et-Melania-Trump-revelees.jpg\",\"contentUrl\":\"https:\\\/\\\/www.sebastien-auziere.fr\\\/blog\\\/wp-content\\\/uploads\\\/2026\\\/03\\\/Nous-sommes-liees-les-confidences-inedites-entre-Brigitte-Macron-et-Melania-Trump-revelees.jpg\",\"width\":2560,\"height\":1429,\"caption\":\"d\u00e9couvrez les confidences in\u00e9dites entre brigitte macron et melania trump dans \u00ab nous sommes li\u00e9es \u00bb, un t\u00e9moignage unique sur leur relation exceptionnelle.\"},{\"@type\":\"BreadcrumbList\",\"@id\":\"https:\\\/\\\/www.sebastien-auziere.fr\\\/blog\\\/de\\\/wir-sind-verbunden-die-unveroffentlichten-gestandnisse-zwischen-brigitte-macron-und-melania-trump-enthullt\\\/#breadcrumb\",\"itemListElement\":[{\"@type\":\"ListItem\",\"position\":1,\"name\":\"Home\",\"item\":\"https:\\\/\\\/www.sebastien-auziere.fr\\\/blog\\\/\"},{\"@type\":\"ListItem\",\"position\":2,\"name\":\"\u00ab Wir sind verbunden \u00bb : die unver\u00f6ffentlichten Gest\u00e4ndnisse zwischen Brigitte Macron und Melania Trump enth\u00fcllt\"}]},{\"@type\":\"WebSite\",\"@id\":\"https:\\\/\\\/www.sebastien-auziere.fr\\\/blog\\\/#website\",\"url\":\"https:\\\/\\\/www.sebastien-auziere.fr\\\/blog\\\/\",\"name\":\"Fan site S\u00e9bastien Auzi\u00e8re\",\"description\":\"M\u00e9dia g\u00e9n\u00e9raliste\",\"publisher\":{\"@id\":\"https:\\\/\\\/www.sebastien-auziere.fr\\\/blog\\\/#organization\"},\"potentialAction\":[{\"@type\":\"SearchAction\",\"target\":{\"@type\":\"EntryPoint\",\"urlTemplate\":\"https:\\\/\\\/www.sebastien-auziere.fr\\\/blog\\\/?s={search_term_string}\"},\"query-input\":{\"@type\":\"PropertyValueSpecification\",\"valueRequired\":true,\"valueName\":\"search_term_string\"}}],\"inLanguage\":\"fr-FR\"},{\"@type\":\"Organization\",\"@id\":\"https:\\\/\\\/www.sebastien-auziere.fr\\\/blog\\\/#organization\",\"name\":\"Fan site S\u00e9bastien Auzi\u00e8re\",\"url\":\"https:\\\/\\\/www.sebastien-auziere.fr\\\/blog\\\/\",\"logo\":{\"@type\":\"ImageObject\",\"inLanguage\":\"fr-FR\",\"@id\":\"https:\\\/\\\/www.sebastien-auziere.fr\\\/blog\\\/#\\\/schema\\\/logo\\\/image\\\/\",\"url\":\"https:\\\/\\\/www.sebastien-auziere.fr\\\/blog\\\/wp-content\\\/uploads\\\/2026\\\/03\\\/cropped-cropped-cropped-ChatGPT-Image-6-mars-2026-12_58_09-e1772798376794.jpg\",\"contentUrl\":\"https:\\\/\\\/www.sebastien-auziere.fr\\\/blog\\\/wp-content\\\/uploads\\\/2026\\\/03\\\/cropped-cropped-cropped-ChatGPT-Image-6-mars-2026-12_58_09-e1772798376794.jpg\",\"width\":512,\"height\":360,\"caption\":\"Fan site S\u00e9bastien Auzi\u00e8re\"},\"image\":{\"@id\":\"https:\\\/\\\/www.sebastien-auziere.fr\\\/blog\\\/#\\\/schema\\\/logo\\\/image\\\/\"}},{\"@type\":\"Person\",\"@id\":\"https:\\\/\\\/www.sebastien-auziere.fr\\\/blog\\\/#\\\/schema\\\/person\\\/149f1acdbfd85149c6c3e59adeae2f4d\",\"name\":\"Chloe Gauthier\",\"image\":{\"@type\":\"ImageObject\",\"inLanguage\":\"fr-FR\",\"@id\":\"https:\\\/\\\/secure.gravatar.com\\\/avatar\\\/2c5722f58171cff738a8985ef0dd66b476e563753246a49019befc837ec4201a?s=96&d=mm&r=g\",\"url\":\"https:\\\/\\\/secure.gravatar.com\\\/avatar\\\/2c5722f58171cff738a8985ef0dd66b476e563753246a49019befc837ec4201a?s=96&d=mm&r=g\",\"contentUrl\":\"https:\\\/\\\/secure.gravatar.com\\\/avatar\\\/2c5722f58171cff738a8985ef0dd66b476e563753246a49019befc837ec4201a?s=96&d=mm&r=g\",\"caption\":\"Chloe Gauthier\"},\"description\":\"Passionn\u00e9e par la politique et admiratrice engag\u00e9e de la famille Macron, je consacre mon \u00e9nergie \u00e0 suivre leurs initiatives et \u00e0 promouvoir leurs id\u00e9es. \u00c0 32 ans, je suis convaincue que leur vision est porteuse d'avenir.\",\"url\":\"https:\\\/\\\/www.sebastien-auziere.fr\\\/blog\\\/author\\\/chloe-gauthier\\\/\"}]}<\/script>\n<!-- \/ Yoast SEO plugin. -->","yoast_head_json":{"title":"\u00ab Wir sind verbunden \u00bb : die unver\u00f6ffentlichten Gest\u00e4ndnisse zwischen Brigitte Macron und Melania Trump enth\u00fcllt - Fan site S\u00e9bastien Auzi\u00e8re","description":"D\u00e9couvrez les confidences in\u00e9dites entre Brigitte Macron et Melania Trump dans \u00ab Nous sommes li\u00e9es \u00bb, une rencontre exclusive entre premi\u00e8res dames.","robots":{"index":"index","follow":"follow","max-snippet":"max-snippet:-1","max-image-preview":"max-image-preview:large","max-video-preview":"max-video-preview:-1"},"canonical":"https:\/\/www.sebastien-auziere.fr\/blog\/de\/wir-sind-verbunden-die-unveroffentlichten-gestandnisse-zwischen-brigitte-macron-und-melania-trump-enthullt\/","og_locale":"fr_FR","og_type":"article","og_title":"\u00ab Wir sind verbunden \u00bb : die unver\u00f6ffentlichten Gest\u00e4ndnisse zwischen Brigitte Macron und Melania Trump enth\u00fcllt - Fan site S\u00e9bastien Auzi\u00e8re","og_description":"D\u00e9couvrez les confidences in\u00e9dites entre Brigitte Macron et Melania Trump dans \u00ab Nous sommes li\u00e9es \u00bb, une rencontre exclusive entre premi\u00e8res dames.","og_url":"https:\/\/www.sebastien-auziere.fr\/blog\/de\/wir-sind-verbunden-die-unveroffentlichten-gestandnisse-zwischen-brigitte-macron-und-melania-trump-enthullt\/","og_site_name":"Fan site S\u00e9bastien Auzi\u00e8re","article_published_time":"2026-03-30T19:09:12+00:00","article_modified_time":"2026-03-30T19:09:49+00:00","og_image":[{"width":2560,"height":1429,"url":"https:\/\/www.sebastien-auziere.fr\/blog\/wp-content\/uploads\/2026\/03\/Nous-sommes-liees-les-confidences-inedites-entre-Brigitte-Macron-et-Melania-Trump-revelees.jpg","type":"image\/jpeg"}],"author":"Chloe Gauthier","twitter_card":"summary_large_image","twitter_misc":{"\u00c9crit par":"Chloe Gauthier","Dur\u00e9e de lecture estim\u00e9e":"2 minutes"},"schema":{"@context":"https:\/\/schema.org","@graph":[{"@type":"Article","@id":"https:\/\/www.sebastien-auziere.fr\/blog\/de\/wir-sind-verbunden-die-unveroffentlichten-gestandnisse-zwischen-brigitte-macron-und-melania-trump-enthullt\/#article","isPartOf":{"@id":"https:\/\/www.sebastien-auziere.fr\/blog\/de\/wir-sind-verbunden-die-unveroffentlichten-gestandnisse-zwischen-brigitte-macron-und-melania-trump-enthullt\/"},"author":{"name":"Chloe Gauthier","@id":"https:\/\/www.sebastien-auziere.fr\/blog\/#\/schema\/person\/149f1acdbfd85149c6c3e59adeae2f4d"},"headline":"\u00ab Wir sind verbunden \u00bb : die unver\u00f6ffentlichten Gest\u00e4ndnisse zwischen Brigitte Macron und Melania Trump enth\u00fcllt","datePublished":"2026-03-30T19:09:12+00:00","dateModified":"2026-03-30T19:09:49+00:00","mainEntityOfPage":{"@id":"https:\/\/www.sebastien-auziere.fr\/blog\/de\/wir-sind-verbunden-die-unveroffentlichten-gestandnisse-zwischen-brigitte-macron-und-melania-trump-enthullt\/"},"wordCount":465,"commentCount":0,"publisher":{"@id":"https:\/\/www.sebastien-auziere.fr\/blog\/#organization"},"image":{"@id":"https:\/\/www.sebastien-auziere.fr\/blog\/de\/wir-sind-verbunden-die-unveroffentlichten-gestandnisse-zwischen-brigitte-macron-und-melania-trump-enthullt\/#primaryimage"},"thumbnailUrl":"https:\/\/www.sebastien-auziere.fr\/blog\/wp-content\/uploads\/2026\/03\/Nous-sommes-liees-les-confidences-inedites-entre-Brigitte-Macron-et-Melania-Trump-revelees.jpg","keywords":["brigitte macron","confidences unver\u00f6ffentlicht","erste Damen","melania trump","relations internationales"],"articleSection":["Aktuelles"],"inLanguage":"fr-FR","potentialAction":[{"@type":"CommentAction","name":"Comment","target":["https:\/\/www.sebastien-auziere.fr\/blog\/de\/wir-sind-verbunden-die-unveroffentlichten-gestandnisse-zwischen-brigitte-macron-und-melania-trump-enthullt\/#respond"]}]},{"@type":"WebPage","@id":"https:\/\/www.sebastien-auziere.fr\/blog\/de\/wir-sind-verbunden-die-unveroffentlichten-gestandnisse-zwischen-brigitte-macron-und-melania-trump-enthullt\/","url":"https:\/\/www.sebastien-auziere.fr\/blog\/de\/wir-sind-verbunden-die-unveroffentlichten-gestandnisse-zwischen-brigitte-macron-und-melania-trump-enthullt\/","name":"\u00ab Wir sind verbunden \u00bb : die unver\u00f6ffentlichten Gest\u00e4ndnisse zwischen Brigitte Macron und Melania Trump enth\u00fcllt - Fan site S\u00e9bastien Auzi\u00e8re","isPartOf":{"@id":"https:\/\/www.sebastien-auziere.fr\/blog\/#website"},"primaryImageOfPage":{"@id":"https:\/\/www.sebastien-auziere.fr\/blog\/de\/wir-sind-verbunden-die-unveroffentlichten-gestandnisse-zwischen-brigitte-macron-und-melania-trump-enthullt\/#primaryimage"},"image":{"@id":"https:\/\/www.sebastien-auziere.fr\/blog\/de\/wir-sind-verbunden-die-unveroffentlichten-gestandnisse-zwischen-brigitte-macron-und-melania-trump-enthullt\/#primaryimage"},"thumbnailUrl":"https:\/\/www.sebastien-auziere.fr\/blog\/wp-content\/uploads\/2026\/03\/Nous-sommes-liees-les-confidences-inedites-entre-Brigitte-Macron-et-Melania-Trump-revelees.jpg","datePublished":"2026-03-30T19:09:12+00:00","dateModified":"2026-03-30T19:09:49+00:00","description":"D\u00e9couvrez les confidences in\u00e9dites entre Brigitte Macron et Melania Trump dans \u00ab Nous sommes li\u00e9es \u00bb, une rencontre exclusive entre premi\u00e8res dames.","breadcrumb":{"@id":"https:\/\/www.sebastien-auziere.fr\/blog\/de\/wir-sind-verbunden-die-unveroffentlichten-gestandnisse-zwischen-brigitte-macron-und-melania-trump-enthullt\/#breadcrumb"},"inLanguage":"fr-FR","potentialAction":[{"@type":"ReadAction","target":["https:\/\/www.sebastien-auziere.fr\/blog\/de\/wir-sind-verbunden-die-unveroffentlichten-gestandnisse-zwischen-brigitte-macron-und-melania-trump-enthullt\/"]}]},{"@type":"ImageObject","inLanguage":"fr-FR","@id":"https:\/\/www.sebastien-auziere.fr\/blog\/de\/wir-sind-verbunden-die-unveroffentlichten-gestandnisse-zwischen-brigitte-macron-und-melania-trump-enthullt\/#primaryimage","url":"https:\/\/www.sebastien-auziere.fr\/blog\/wp-content\/uploads\/2026\/03\/Nous-sommes-liees-les-confidences-inedites-entre-Brigitte-Macron-et-Melania-Trump-revelees.jpg","contentUrl":"https:\/\/www.sebastien-auziere.fr\/blog\/wp-content\/uploads\/2026\/03\/Nous-sommes-liees-les-confidences-inedites-entre-Brigitte-Macron-et-Melania-Trump-revelees.jpg","width":2560,"height":1429,"caption":"d\u00e9couvrez les confidences in\u00e9dites entre brigitte macron et melania trump dans \u00ab nous sommes li\u00e9es \u00bb, un t\u00e9moignage unique sur leur relation exceptionnelle."},{"@type":"BreadcrumbList","@id":"https:\/\/www.sebastien-auziere.fr\/blog\/de\/wir-sind-verbunden-die-unveroffentlichten-gestandnisse-zwischen-brigitte-macron-und-melania-trump-enthullt\/#breadcrumb","itemListElement":[{"@type":"ListItem","position":1,"name":"Home","item":"https:\/\/www.sebastien-auziere.fr\/blog\/"},{"@type":"ListItem","position":2,"name":"\u00ab Wir sind verbunden \u00bb : die unver\u00f6ffentlichten Gest\u00e4ndnisse zwischen Brigitte Macron und Melania Trump enth\u00fcllt"}]},{"@type":"WebSite","@id":"https:\/\/www.sebastien-auziere.fr\/blog\/#website","url":"https:\/\/www.sebastien-auziere.fr\/blog\/","name":"Fan site S\u00e9bastien Auzi\u00e8re","description":"M\u00e9dia g\u00e9n\u00e9raliste","publisher":{"@id":"https:\/\/www.sebastien-auziere.fr\/blog\/#organization"},"potentialAction":[{"@type":"SearchAction","target":{"@type":"EntryPoint","urlTemplate":"https:\/\/www.sebastien-auziere.fr\/blog\/?s={search_term_string}"},"query-input":{"@type":"PropertyValueSpecification","valueRequired":true,"valueName":"search_term_string"}}],"inLanguage":"fr-FR"},{"@type":"Organization","@id":"https:\/\/www.sebastien-auziere.fr\/blog\/#organization","name":"Fan site S\u00e9bastien Auzi\u00e8re","url":"https:\/\/www.sebastien-auziere.fr\/blog\/","logo":{"@type":"ImageObject","inLanguage":"fr-FR","@id":"https:\/\/www.sebastien-auziere.fr\/blog\/#\/schema\/logo\/image\/","url":"https:\/\/www.sebastien-auziere.fr\/blog\/wp-content\/uploads\/2026\/03\/cropped-cropped-cropped-ChatGPT-Image-6-mars-2026-12_58_09-e1772798376794.jpg","contentUrl":"https:\/\/www.sebastien-auziere.fr\/blog\/wp-content\/uploads\/2026\/03\/cropped-cropped-cropped-ChatGPT-Image-6-mars-2026-12_58_09-e1772798376794.jpg","width":512,"height":360,"caption":"Fan site S\u00e9bastien Auzi\u00e8re"},"image":{"@id":"https:\/\/www.sebastien-auziere.fr\/blog\/#\/schema\/logo\/image\/"}},{"@type":"Person","@id":"https:\/\/www.sebastien-auziere.fr\/blog\/#\/schema\/person\/149f1acdbfd85149c6c3e59adeae2f4d","name":"Chloe Gauthier","image":{"@type":"ImageObject","inLanguage":"fr-FR","@id":"https:\/\/secure.gravatar.com\/avatar\/2c5722f58171cff738a8985ef0dd66b476e563753246a49019befc837ec4201a?s=96&d=mm&r=g","url":"https:\/\/secure.gravatar.com\/avatar\/2c5722f58171cff738a8985ef0dd66b476e563753246a49019befc837ec4201a?s=96&d=mm&r=g","contentUrl":"https:\/\/secure.gravatar.com\/avatar\/2c5722f58171cff738a8985ef0dd66b476e563753246a49019befc837ec4201a?s=96&d=mm&r=g","caption":"Chloe Gauthier"},"description":"Passionn\u00e9e par la politique et admiratrice engag\u00e9e de la famille Macron, je consacre mon \u00e9nergie \u00e0 suivre leurs initiatives et \u00e0 promouvoir leurs id\u00e9es. \u00c0 32 ans, je suis convaincue que leur vision est porteuse d'avenir.","url":"https:\/\/www.sebastien-auziere.fr\/blog\/author\/chloe-gauthier\/"}]}},"views":4206,"_links":{"self":[{"href":"https:\/\/www.sebastien-auziere.fr\/blog\/wp-json\/wp\/v2\/posts\/2622","targetHints":{"allow":["GET"]}}],"collection":[{"href":"https:\/\/www.sebastien-auziere.fr\/blog\/wp-json\/wp\/v2\/posts"}],"about":[{"href":"https:\/\/www.sebastien-auziere.fr\/blog\/wp-json\/wp\/v2\/types\/post"}],"author":[{"embeddable":true,"href":"https:\/\/www.sebastien-auziere.fr\/blog\/wp-json\/wp\/v2\/users\/9"}],"replies":[{"embeddable":true,"href":"https:\/\/www.sebastien-auziere.fr\/blog\/wp-json\/wp\/v2\/comments?post=2622"}],"version-history":[{"count":1,"href":"https:\/\/www.sebastien-auziere.fr\/blog\/wp-json\/wp\/v2\/posts\/2622\/revisions"}],"predecessor-version":[{"id":2623,"href":"https:\/\/www.sebastien-auziere.fr\/blog\/wp-json\/wp\/v2\/posts\/2622\/revisions\/2623"}],"wp:featuredmedia":[{"embeddable":true,"href":"https:\/\/www.sebastien-auziere.fr\/blog\/wp-json\/wp\/v2\/media\/2616"}],"wp:attachment":[{"href":"https:\/\/www.sebastien-auziere.fr\/blog\/wp-json\/wp\/v2\/media?parent=2622"}],"wp:term":[{"taxonomy":"category","embeddable":true,"href":"https:\/\/www.sebastien-auziere.fr\/blog\/wp-json\/wp\/v2\/categories?post=2622"},{"taxonomy":"post_tag","embeddable":true,"href":"https:\/\/www.sebastien-auziere.fr\/blog\/wp-json\/wp\/v2\/tags?post=2622"}],"curies":[{"name":"wp","href":"https:\/\/api.w.org\/{rel}","templated":true}]}}