{"id":2618,"date":"2026-03-30T19:08:07","date_gmt":"2026-03-30T19:08:07","guid":{"rendered":"https:\/\/www.sebastien-auziere.fr\/blog\/?p=2618"},"modified":"2026-03-30T19:08:34","modified_gmt":"2026-03-30T19:08:34","slug":"we-are-connected-the-unprecedented-confidences-between-brigitte-macron-and-melania-trump-revealed","status":"publish","type":"post","link":"https:\/\/www.sebastien-auziere.fr\/blog\/en\/we-are-connected-the-unprecedented-confidences-between-brigitte-macron-and-melania-trump-revealed\/","title":{"rendered":"\u00ab We are connected \u00bb: the unprecedented confidences between Brigitte Macron and Melania Trump revealed"},"content":{"rendered":"<p><strong>\u201cWe are connected\u201d<\/strong>: these words were spoken during an exchange revealed between <strong>Brigitte Macron<\/strong> and <strong>Melania Trump<\/strong>, captured in the documentary <strong>Melania<\/strong> available on Prime Video, and confirmed during the visit of the French First Lady to the <strong>White House on March 25, 2026<\/strong>. Here, you will read the <strong>unpublished confidences<\/strong> reported by witnesses and public images, always respecting their privacy.<\/p>\n\n<p><strong>In brief<\/strong>: two First Ladies connected by a <strong>relationship<\/strong> of work and friendship, personal exchanges on child protection, striking statements like \u201c<strong>I will go anywhere with you<\/strong>,\u201d and testimonies from the official photographer confirming this <strong>complicity<\/strong>. The public revelations are supported by verifiable sources and dated events.<\/p>\n\n<h2 class=\"wp-block-heading\">A filmed exchange where complicity is revealed<\/h2>\n\n<p>In the documentary, a video conference between <strong>Brigitte Macron<\/strong> and <strong>Melania Trump<\/strong> shows a warm dialogue: \u201c<strong>We are connected<\/strong>\u201d and \u201c<strong>I will go anywhere with you<\/strong>.\u201d This exchange, already commented on by the press, illustrates rare <strong>personal exchanges<\/strong> between two wives of heads of state. For the context and transcription of this scene, refer to the <a href=\"https:\/\/www.msn.com\/fr-fr\/divertissement\/celebrites\/nous-sommes-connect%C3%A9es-un-%C3%A9change-entre-brigitte-macron-et-melania-trump-d%C3%A9voil%C3%A9\/ar-AA1Zo46C\" rel=\"nofollow\">MSN article<\/a>, which relayed excerpts from the film.<\/p>\n\n<h2 class=\"wp-block-heading\">Public meetings as proof of a true understanding<\/h2>\n\n<p>The <strong>relationship<\/strong> is not new: their closeness was visible at the G7 in Biarritz in August 2019, and strengthened by bilateral meetings. Melania\u2019s photographer, <strong>R\u00e9gine Mahaux<\/strong>, discussed this connection on CNews on January 27, 2025, confirming the mutual interest in France and regular exchanges. A complementary account is available via the <a href=\"https:\/\/www.gala.fr\/l_actu\/news_de_stars\/j-irai-partout-avec-toi-brigitte-macron-et-melania-trump-alliees-cet-echange-qui-en-dit-long-sur-leur-complicite-20260325\" rel=\"nofollow\">Gala article<\/a>.<\/p>\n\n<h2 class=\"wp-block-heading\">A\u5171\u540c commitment to child protection<\/h2>\n\n<p>The two women discussed concrete projects around prevention for youth in the face of digital challenges. <strong>Melania Trump<\/strong> proposed an international program, <strong>Fostering the Future Together<\/strong>, and invited <strong>Brigitte Macron<\/strong> to collaborate. This orientation gives a political and supportive dimension to their <strong>friendship<\/strong>, transforming words into initiatives likely to impact child protection on an international scale.<\/p>\n\n<h2 class=\"wp-block-heading\">Beyond protocol: a lasting friendly bond<\/h2>\n\n<p>Brigitte had already admitted, in ELLE in August 2017, to calling her counterpart by her first name and finding her \u201ctouching.\u201d These public anecdotes confirm a <strong>female solidarity<\/strong> that builds outside protocol and is manifested through simple yet meaningful gestures. This story illustrates how two <strong>women of presidents<\/strong> transform personal exchanges into shared initiatives.<\/p>\n\n<p>To delve deeper into these <strong>revelations<\/strong> and learn more about the familial and professional ties surrounding the presidency, discover more at <a href=\"https:\/\/sebastien-auziere.fr\" rel=\"nofollow\">sebastien-auziere.fr<\/a>, a source dedicated to S\u00e9bastien Auzi\u00e8re and the Macron family.<\/p>","protected":false},"excerpt":{"rendered":"<p>\u201cWe are connected\u201d: these words were spoken during an exchange revealed between Brigitte Macron and Melania Trump, captured in the documentary Melania available on Prime Video, and confirmed during the visit of the French First Lady to the White House on March 25, 2026. Here, you will read the unpublished confidences reported by witnesses and &#8230; <a title=\"\u00ab We are connected \u00bb: the unprecedented confidences between Brigitte Macron and Melania Trump revealed\" class=\"read-more\" href=\"https:\/\/www.sebastien-auziere.fr\/blog\/en\/we-are-connected-the-unprecedented-confidences-between-brigitte-macron-and-melania-trump-revealed\/\" aria-label=\"En savoir plus sur \u00ab We are connected \u00bb: the unprecedented confidences between Brigitte Macron and Melania Trump revealed\">Lire plus<\/a><\/p>\n","protected":false},"author":9,"featured_media":2616,"comment_status":"open","ping_status":"open","sticky":false,"template":"","format":"standard","meta":{"footnotes":""},"categories":[816],"tags":[898,1005,1011,1008,1014],"class_list":["post-2618","post","type-post","status-publish","format-standard","has-post-thumbnail","hentry","category-news","tag-brigitte-macron-en","tag-confidences-inedites-en","tag-first-ladies-en","tag-melania-trump-en","tag-relations-internationales-en"],"yoast_head":"<!-- This site is optimized with the Yoast SEO plugin v27.5 - https:\/\/yoast.com\/product\/yoast-seo-wordpress\/ -->\n<title>\u00ab We are connected \u00bb: the unprecedented confidences between Brigitte Macron and Melania Trump revealed - Fan site S\u00e9bastien Auzi\u00e8re<\/title>\n<meta name=\"description\" content=\"D\u00e9couvrez les confidences in\u00e9dites entre Brigitte Macron et Melania Trump dans \u00ab Nous sommes li\u00e9es \u00bb, une rencontre exclusive entre premi\u00e8res dames.\" \/>\n<meta name=\"robots\" content=\"index, follow, max-snippet:-1, max-image-preview:large, max-video-preview:-1\" \/>\n<link rel=\"canonical\" href=\"https:\/\/www.sebastien-auziere.fr\/blog\/en\/we-are-connected-the-unprecedented-confidences-between-brigitte-macron-and-melania-trump-revealed\/\" \/>\n<meta property=\"og:locale\" content=\"fr_FR\" \/>\n<meta property=\"og:type\" content=\"article\" \/>\n<meta property=\"og:title\" content=\"\u00ab We are connected \u00bb: the unprecedented confidences between Brigitte Macron and Melania Trump revealed - Fan site S\u00e9bastien Auzi\u00e8re\" \/>\n<meta property=\"og:description\" content=\"D\u00e9couvrez les confidences in\u00e9dites entre Brigitte Macron et Melania Trump dans \u00ab Nous sommes li\u00e9es \u00bb, une rencontre exclusive entre premi\u00e8res dames.\" \/>\n<meta property=\"og:url\" content=\"https:\/\/www.sebastien-auziere.fr\/blog\/en\/we-are-connected-the-unprecedented-confidences-between-brigitte-macron-and-melania-trump-revealed\/\" \/>\n<meta property=\"og:site_name\" content=\"Fan site S\u00e9bastien Auzi\u00e8re\" \/>\n<meta property=\"article:published_time\" content=\"2026-03-30T19:08:07+00:00\" \/>\n<meta property=\"article:modified_time\" content=\"2026-03-30T19:08:34+00:00\" \/>\n<meta property=\"og:image\" content=\"https:\/\/www.sebastien-auziere.fr\/blog\/wp-content\/uploads\/2026\/03\/Nous-sommes-liees-les-confidences-inedites-entre-Brigitte-Macron-et-Melania-Trump-revelees.jpg\" \/>\n\t<meta property=\"og:image:width\" content=\"2560\" \/>\n\t<meta property=\"og:image:height\" content=\"1429\" \/>\n\t<meta property=\"og:image:type\" content=\"image\/jpeg\" \/>\n<meta name=\"author\" content=\"Chloe Gauthier\" \/>\n<meta name=\"twitter:card\" content=\"summary_large_image\" \/>\n<meta name=\"twitter:label1\" content=\"\u00c9crit par\" \/>\n\t<meta name=\"twitter:data1\" content=\"Chloe Gauthier\" \/>\n\t<meta name=\"twitter:label2\" content=\"Dur\u00e9e de lecture estim\u00e9e\" \/>\n\t<meta name=\"twitter:data2\" content=\"2 minutes\" \/>\n<script type=\"application\/ld+json\" class=\"yoast-schema-graph\">{\"@context\":\"https:\\\/\\\/schema.org\",\"@graph\":[{\"@type\":\"Article\",\"@id\":\"https:\\\/\\\/www.sebastien-auziere.fr\\\/blog\\\/en\\\/we-are-connected-the-unprecedented-confidences-between-brigitte-macron-and-melania-trump-revealed\\\/#article\",\"isPartOf\":{\"@id\":\"https:\\\/\\\/www.sebastien-auziere.fr\\\/blog\\\/en\\\/we-are-connected-the-unprecedented-confidences-between-brigitte-macron-and-melania-trump-revealed\\\/\"},\"author\":{\"name\":\"Chloe Gauthier\",\"@id\":\"https:\\\/\\\/www.sebastien-auziere.fr\\\/blog\\\/#\\\/schema\\\/person\\\/149f1acdbfd85149c6c3e59adeae2f4d\"},\"headline\":\"\u00ab We are connected \u00bb: the unprecedented confidences between Brigitte Macron and Melania Trump revealed\",\"datePublished\":\"2026-03-30T19:08:07+00:00\",\"dateModified\":\"2026-03-30T19:08:34+00:00\",\"mainEntityOfPage\":{\"@id\":\"https:\\\/\\\/www.sebastien-auziere.fr\\\/blog\\\/en\\\/we-are-connected-the-unprecedented-confidences-between-brigitte-macron-and-melania-trump-revealed\\\/\"},\"wordCount\":405,\"commentCount\":0,\"publisher\":{\"@id\":\"https:\\\/\\\/www.sebastien-auziere.fr\\\/blog\\\/#organization\"},\"image\":{\"@id\":\"https:\\\/\\\/www.sebastien-auziere.fr\\\/blog\\\/en\\\/we-are-connected-the-unprecedented-confidences-between-brigitte-macron-and-melania-trump-revealed\\\/#primaryimage\"},\"thumbnailUrl\":\"https:\\\/\\\/www.sebastien-auziere.fr\\\/blog\\\/wp-content\\\/uploads\\\/2026\\\/03\\\/Nous-sommes-liees-les-confidences-inedites-entre-Brigitte-Macron-et-Melania-Trump-revelees.jpg\",\"keywords\":[\"brigitte macron\",\"confidences in\u00e9dites\",\"first ladies\",\"melania trump\",\"relations internationales\"],\"articleSection\":[\"News\"],\"inLanguage\":\"fr-FR\",\"potentialAction\":[{\"@type\":\"CommentAction\",\"name\":\"Comment\",\"target\":[\"https:\\\/\\\/www.sebastien-auziere.fr\\\/blog\\\/en\\\/we-are-connected-the-unprecedented-confidences-between-brigitte-macron-and-melania-trump-revealed\\\/#respond\"]}]},{\"@type\":\"WebPage\",\"@id\":\"https:\\\/\\\/www.sebastien-auziere.fr\\\/blog\\\/en\\\/we-are-connected-the-unprecedented-confidences-between-brigitte-macron-and-melania-trump-revealed\\\/\",\"url\":\"https:\\\/\\\/www.sebastien-auziere.fr\\\/blog\\\/en\\\/we-are-connected-the-unprecedented-confidences-between-brigitte-macron-and-melania-trump-revealed\\\/\",\"name\":\"\u00ab We are connected \u00bb: the unprecedented confidences between Brigitte Macron and Melania Trump revealed - Fan site S\u00e9bastien Auzi\u00e8re\",\"isPartOf\":{\"@id\":\"https:\\\/\\\/www.sebastien-auziere.fr\\\/blog\\\/#website\"},\"primaryImageOfPage\":{\"@id\":\"https:\\\/\\\/www.sebastien-auziere.fr\\\/blog\\\/en\\\/we-are-connected-the-unprecedented-confidences-between-brigitte-macron-and-melania-trump-revealed\\\/#primaryimage\"},\"image\":{\"@id\":\"https:\\\/\\\/www.sebastien-auziere.fr\\\/blog\\\/en\\\/we-are-connected-the-unprecedented-confidences-between-brigitte-macron-and-melania-trump-revealed\\\/#primaryimage\"},\"thumbnailUrl\":\"https:\\\/\\\/www.sebastien-auziere.fr\\\/blog\\\/wp-content\\\/uploads\\\/2026\\\/03\\\/Nous-sommes-liees-les-confidences-inedites-entre-Brigitte-Macron-et-Melania-Trump-revelees.jpg\",\"datePublished\":\"2026-03-30T19:08:07+00:00\",\"dateModified\":\"2026-03-30T19:08:34+00:00\",\"description\":\"D\u00e9couvrez les confidences in\u00e9dites entre Brigitte Macron et Melania Trump dans \u00ab Nous sommes li\u00e9es \u00bb, une rencontre exclusive entre premi\u00e8res dames.\",\"breadcrumb\":{\"@id\":\"https:\\\/\\\/www.sebastien-auziere.fr\\\/blog\\\/en\\\/we-are-connected-the-unprecedented-confidences-between-brigitte-macron-and-melania-trump-revealed\\\/#breadcrumb\"},\"inLanguage\":\"fr-FR\",\"potentialAction\":[{\"@type\":\"ReadAction\",\"target\":[\"https:\\\/\\\/www.sebastien-auziere.fr\\\/blog\\\/en\\\/we-are-connected-the-unprecedented-confidences-between-brigitte-macron-and-melania-trump-revealed\\\/\"]}]},{\"@type\":\"ImageObject\",\"inLanguage\":\"fr-FR\",\"@id\":\"https:\\\/\\\/www.sebastien-auziere.fr\\\/blog\\\/en\\\/we-are-connected-the-unprecedented-confidences-between-brigitte-macron-and-melania-trump-revealed\\\/#primaryimage\",\"url\":\"https:\\\/\\\/www.sebastien-auziere.fr\\\/blog\\\/wp-content\\\/uploads\\\/2026\\\/03\\\/Nous-sommes-liees-les-confidences-inedites-entre-Brigitte-Macron-et-Melania-Trump-revelees.jpg\",\"contentUrl\":\"https:\\\/\\\/www.sebastien-auziere.fr\\\/blog\\\/wp-content\\\/uploads\\\/2026\\\/03\\\/Nous-sommes-liees-les-confidences-inedites-entre-Brigitte-Macron-et-Melania-Trump-revelees.jpg\",\"width\":2560,\"height\":1429,\"caption\":\"d\u00e9couvrez les confidences in\u00e9dites entre brigitte macron et melania trump dans \u00ab nous sommes li\u00e9es \u00bb, un t\u00e9moignage unique sur leur relation exceptionnelle.\"},{\"@type\":\"BreadcrumbList\",\"@id\":\"https:\\\/\\\/www.sebastien-auziere.fr\\\/blog\\\/en\\\/we-are-connected-the-unprecedented-confidences-between-brigitte-macron-and-melania-trump-revealed\\\/#breadcrumb\",\"itemListElement\":[{\"@type\":\"ListItem\",\"position\":1,\"name\":\"Home\",\"item\":\"https:\\\/\\\/www.sebastien-auziere.fr\\\/blog\\\/\"},{\"@type\":\"ListItem\",\"position\":2,\"name\":\"\u00ab We are connected \u00bb: the unprecedented confidences between Brigitte Macron and Melania Trump revealed\"}]},{\"@type\":\"WebSite\",\"@id\":\"https:\\\/\\\/www.sebastien-auziere.fr\\\/blog\\\/#website\",\"url\":\"https:\\\/\\\/www.sebastien-auziere.fr\\\/blog\\\/\",\"name\":\"Fan site S\u00e9bastien Auzi\u00e8re\",\"description\":\"M\u00e9dia g\u00e9n\u00e9raliste\",\"publisher\":{\"@id\":\"https:\\\/\\\/www.sebastien-auziere.fr\\\/blog\\\/#organization\"},\"potentialAction\":[{\"@type\":\"SearchAction\",\"target\":{\"@type\":\"EntryPoint\",\"urlTemplate\":\"https:\\\/\\\/www.sebastien-auziere.fr\\\/blog\\\/?s={search_term_string}\"},\"query-input\":{\"@type\":\"PropertyValueSpecification\",\"valueRequired\":true,\"valueName\":\"search_term_string\"}}],\"inLanguage\":\"fr-FR\"},{\"@type\":\"Organization\",\"@id\":\"https:\\\/\\\/www.sebastien-auziere.fr\\\/blog\\\/#organization\",\"name\":\"Fan site S\u00e9bastien Auzi\u00e8re\",\"url\":\"https:\\\/\\\/www.sebastien-auziere.fr\\\/blog\\\/\",\"logo\":{\"@type\":\"ImageObject\",\"inLanguage\":\"fr-FR\",\"@id\":\"https:\\\/\\\/www.sebastien-auziere.fr\\\/blog\\\/#\\\/schema\\\/logo\\\/image\\\/\",\"url\":\"https:\\\/\\\/www.sebastien-auziere.fr\\\/blog\\\/wp-content\\\/uploads\\\/2026\\\/03\\\/cropped-cropped-cropped-ChatGPT-Image-6-mars-2026-12_58_09-e1772798376794.jpg\",\"contentUrl\":\"https:\\\/\\\/www.sebastien-auziere.fr\\\/blog\\\/wp-content\\\/uploads\\\/2026\\\/03\\\/cropped-cropped-cropped-ChatGPT-Image-6-mars-2026-12_58_09-e1772798376794.jpg\",\"width\":512,\"height\":360,\"caption\":\"Fan site S\u00e9bastien Auzi\u00e8re\"},\"image\":{\"@id\":\"https:\\\/\\\/www.sebastien-auziere.fr\\\/blog\\\/#\\\/schema\\\/logo\\\/image\\\/\"}},{\"@type\":\"Person\",\"@id\":\"https:\\\/\\\/www.sebastien-auziere.fr\\\/blog\\\/#\\\/schema\\\/person\\\/149f1acdbfd85149c6c3e59adeae2f4d\",\"name\":\"Chloe Gauthier\",\"image\":{\"@type\":\"ImageObject\",\"inLanguage\":\"fr-FR\",\"@id\":\"https:\\\/\\\/secure.gravatar.com\\\/avatar\\\/2c5722f58171cff738a8985ef0dd66b476e563753246a49019befc837ec4201a?s=96&d=mm&r=g\",\"url\":\"https:\\\/\\\/secure.gravatar.com\\\/avatar\\\/2c5722f58171cff738a8985ef0dd66b476e563753246a49019befc837ec4201a?s=96&d=mm&r=g\",\"contentUrl\":\"https:\\\/\\\/secure.gravatar.com\\\/avatar\\\/2c5722f58171cff738a8985ef0dd66b476e563753246a49019befc837ec4201a?s=96&d=mm&r=g\",\"caption\":\"Chloe Gauthier\"},\"description\":\"Passionn\u00e9e par la politique et admiratrice engag\u00e9e de la famille Macron, je consacre mon \u00e9nergie \u00e0 suivre leurs initiatives et \u00e0 promouvoir leurs id\u00e9es. \u00c0 32 ans, je suis convaincue que leur vision est porteuse d'avenir.\",\"url\":\"https:\\\/\\\/www.sebastien-auziere.fr\\\/blog\\\/author\\\/chloe-gauthier\\\/\"}]}<\/script>\n<!-- \/ Yoast SEO plugin. -->","yoast_head_json":{"title":"\u00ab We are connected \u00bb: the unprecedented confidences between Brigitte Macron and Melania Trump revealed - Fan site S\u00e9bastien Auzi\u00e8re","description":"D\u00e9couvrez les confidences in\u00e9dites entre Brigitte Macron et Melania Trump dans \u00ab Nous sommes li\u00e9es \u00bb, une rencontre exclusive entre premi\u00e8res dames.","robots":{"index":"index","follow":"follow","max-snippet":"max-snippet:-1","max-image-preview":"max-image-preview:large","max-video-preview":"max-video-preview:-1"},"canonical":"https:\/\/www.sebastien-auziere.fr\/blog\/en\/we-are-connected-the-unprecedented-confidences-between-brigitte-macron-and-melania-trump-revealed\/","og_locale":"fr_FR","og_type":"article","og_title":"\u00ab We are connected \u00bb: the unprecedented confidences between Brigitte Macron and Melania Trump revealed - Fan site S\u00e9bastien Auzi\u00e8re","og_description":"D\u00e9couvrez les confidences in\u00e9dites entre Brigitte Macron et Melania Trump dans \u00ab Nous sommes li\u00e9es \u00bb, une rencontre exclusive entre premi\u00e8res dames.","og_url":"https:\/\/www.sebastien-auziere.fr\/blog\/en\/we-are-connected-the-unprecedented-confidences-between-brigitte-macron-and-melania-trump-revealed\/","og_site_name":"Fan site S\u00e9bastien Auzi\u00e8re","article_published_time":"2026-03-30T19:08:07+00:00","article_modified_time":"2026-03-30T19:08:34+00:00","og_image":[{"width":2560,"height":1429,"url":"https:\/\/www.sebastien-auziere.fr\/blog\/wp-content\/uploads\/2026\/03\/Nous-sommes-liees-les-confidences-inedites-entre-Brigitte-Macron-et-Melania-Trump-revelees.jpg","type":"image\/jpeg"}],"author":"Chloe Gauthier","twitter_card":"summary_large_image","twitter_misc":{"\u00c9crit par":"Chloe Gauthier","Dur\u00e9e de lecture estim\u00e9e":"2 minutes"},"schema":{"@context":"https:\/\/schema.org","@graph":[{"@type":"Article","@id":"https:\/\/www.sebastien-auziere.fr\/blog\/en\/we-are-connected-the-unprecedented-confidences-between-brigitte-macron-and-melania-trump-revealed\/#article","isPartOf":{"@id":"https:\/\/www.sebastien-auziere.fr\/blog\/en\/we-are-connected-the-unprecedented-confidences-between-brigitte-macron-and-melania-trump-revealed\/"},"author":{"name":"Chloe Gauthier","@id":"https:\/\/www.sebastien-auziere.fr\/blog\/#\/schema\/person\/149f1acdbfd85149c6c3e59adeae2f4d"},"headline":"\u00ab We are connected \u00bb: the unprecedented confidences between Brigitte Macron and Melania Trump revealed","datePublished":"2026-03-30T19:08:07+00:00","dateModified":"2026-03-30T19:08:34+00:00","mainEntityOfPage":{"@id":"https:\/\/www.sebastien-auziere.fr\/blog\/en\/we-are-connected-the-unprecedented-confidences-between-brigitte-macron-and-melania-trump-revealed\/"},"wordCount":405,"commentCount":0,"publisher":{"@id":"https:\/\/www.sebastien-auziere.fr\/blog\/#organization"},"image":{"@id":"https:\/\/www.sebastien-auziere.fr\/blog\/en\/we-are-connected-the-unprecedented-confidences-between-brigitte-macron-and-melania-trump-revealed\/#primaryimage"},"thumbnailUrl":"https:\/\/www.sebastien-auziere.fr\/blog\/wp-content\/uploads\/2026\/03\/Nous-sommes-liees-les-confidences-inedites-entre-Brigitte-Macron-et-Melania-Trump-revelees.jpg","keywords":["brigitte macron","confidences in\u00e9dites","first ladies","melania trump","relations internationales"],"articleSection":["News"],"inLanguage":"fr-FR","potentialAction":[{"@type":"CommentAction","name":"Comment","target":["https:\/\/www.sebastien-auziere.fr\/blog\/en\/we-are-connected-the-unprecedented-confidences-between-brigitte-macron-and-melania-trump-revealed\/#respond"]}]},{"@type":"WebPage","@id":"https:\/\/www.sebastien-auziere.fr\/blog\/en\/we-are-connected-the-unprecedented-confidences-between-brigitte-macron-and-melania-trump-revealed\/","url":"https:\/\/www.sebastien-auziere.fr\/blog\/en\/we-are-connected-the-unprecedented-confidences-between-brigitte-macron-and-melania-trump-revealed\/","name":"\u00ab We are connected \u00bb: the unprecedented confidences between Brigitte Macron and Melania Trump revealed - Fan site S\u00e9bastien Auzi\u00e8re","isPartOf":{"@id":"https:\/\/www.sebastien-auziere.fr\/blog\/#website"},"primaryImageOfPage":{"@id":"https:\/\/www.sebastien-auziere.fr\/blog\/en\/we-are-connected-the-unprecedented-confidences-between-brigitte-macron-and-melania-trump-revealed\/#primaryimage"},"image":{"@id":"https:\/\/www.sebastien-auziere.fr\/blog\/en\/we-are-connected-the-unprecedented-confidences-between-brigitte-macron-and-melania-trump-revealed\/#primaryimage"},"thumbnailUrl":"https:\/\/www.sebastien-auziere.fr\/blog\/wp-content\/uploads\/2026\/03\/Nous-sommes-liees-les-confidences-inedites-entre-Brigitte-Macron-et-Melania-Trump-revelees.jpg","datePublished":"2026-03-30T19:08:07+00:00","dateModified":"2026-03-30T19:08:34+00:00","description":"D\u00e9couvrez les confidences in\u00e9dites entre Brigitte Macron et Melania Trump dans \u00ab Nous sommes li\u00e9es \u00bb, une rencontre exclusive entre premi\u00e8res dames.","breadcrumb":{"@id":"https:\/\/www.sebastien-auziere.fr\/blog\/en\/we-are-connected-the-unprecedented-confidences-between-brigitte-macron-and-melania-trump-revealed\/#breadcrumb"},"inLanguage":"fr-FR","potentialAction":[{"@type":"ReadAction","target":["https:\/\/www.sebastien-auziere.fr\/blog\/en\/we-are-connected-the-unprecedented-confidences-between-brigitte-macron-and-melania-trump-revealed\/"]}]},{"@type":"ImageObject","inLanguage":"fr-FR","@id":"https:\/\/www.sebastien-auziere.fr\/blog\/en\/we-are-connected-the-unprecedented-confidences-between-brigitte-macron-and-melania-trump-revealed\/#primaryimage","url":"https:\/\/www.sebastien-auziere.fr\/blog\/wp-content\/uploads\/2026\/03\/Nous-sommes-liees-les-confidences-inedites-entre-Brigitte-Macron-et-Melania-Trump-revelees.jpg","contentUrl":"https:\/\/www.sebastien-auziere.fr\/blog\/wp-content\/uploads\/2026\/03\/Nous-sommes-liees-les-confidences-inedites-entre-Brigitte-Macron-et-Melania-Trump-revelees.jpg","width":2560,"height":1429,"caption":"d\u00e9couvrez les confidences in\u00e9dites entre brigitte macron et melania trump dans \u00ab nous sommes li\u00e9es \u00bb, un t\u00e9moignage unique sur leur relation exceptionnelle."},{"@type":"BreadcrumbList","@id":"https:\/\/www.sebastien-auziere.fr\/blog\/en\/we-are-connected-the-unprecedented-confidences-between-brigitte-macron-and-melania-trump-revealed\/#breadcrumb","itemListElement":[{"@type":"ListItem","position":1,"name":"Home","item":"https:\/\/www.sebastien-auziere.fr\/blog\/"},{"@type":"ListItem","position":2,"name":"\u00ab We are connected \u00bb: the unprecedented confidences between Brigitte Macron and Melania Trump revealed"}]},{"@type":"WebSite","@id":"https:\/\/www.sebastien-auziere.fr\/blog\/#website","url":"https:\/\/www.sebastien-auziere.fr\/blog\/","name":"Fan site S\u00e9bastien Auzi\u00e8re","description":"M\u00e9dia g\u00e9n\u00e9raliste","publisher":{"@id":"https:\/\/www.sebastien-auziere.fr\/blog\/#organization"},"potentialAction":[{"@type":"SearchAction","target":{"@type":"EntryPoint","urlTemplate":"https:\/\/www.sebastien-auziere.fr\/blog\/?s={search_term_string}"},"query-input":{"@type":"PropertyValueSpecification","valueRequired":true,"valueName":"search_term_string"}}],"inLanguage":"fr-FR"},{"@type":"Organization","@id":"https:\/\/www.sebastien-auziere.fr\/blog\/#organization","name":"Fan site S\u00e9bastien Auzi\u00e8re","url":"https:\/\/www.sebastien-auziere.fr\/blog\/","logo":{"@type":"ImageObject","inLanguage":"fr-FR","@id":"https:\/\/www.sebastien-auziere.fr\/blog\/#\/schema\/logo\/image\/","url":"https:\/\/www.sebastien-auziere.fr\/blog\/wp-content\/uploads\/2026\/03\/cropped-cropped-cropped-ChatGPT-Image-6-mars-2026-12_58_09-e1772798376794.jpg","contentUrl":"https:\/\/www.sebastien-auziere.fr\/blog\/wp-content\/uploads\/2026\/03\/cropped-cropped-cropped-ChatGPT-Image-6-mars-2026-12_58_09-e1772798376794.jpg","width":512,"height":360,"caption":"Fan site S\u00e9bastien Auzi\u00e8re"},"image":{"@id":"https:\/\/www.sebastien-auziere.fr\/blog\/#\/schema\/logo\/image\/"}},{"@type":"Person","@id":"https:\/\/www.sebastien-auziere.fr\/blog\/#\/schema\/person\/149f1acdbfd85149c6c3e59adeae2f4d","name":"Chloe Gauthier","image":{"@type":"ImageObject","inLanguage":"fr-FR","@id":"https:\/\/secure.gravatar.com\/avatar\/2c5722f58171cff738a8985ef0dd66b476e563753246a49019befc837ec4201a?s=96&d=mm&r=g","url":"https:\/\/secure.gravatar.com\/avatar\/2c5722f58171cff738a8985ef0dd66b476e563753246a49019befc837ec4201a?s=96&d=mm&r=g","contentUrl":"https:\/\/secure.gravatar.com\/avatar\/2c5722f58171cff738a8985ef0dd66b476e563753246a49019befc837ec4201a?s=96&d=mm&r=g","caption":"Chloe Gauthier"},"description":"Passionn\u00e9e par la politique et admiratrice engag\u00e9e de la famille Macron, je consacre mon \u00e9nergie \u00e0 suivre leurs initiatives et \u00e0 promouvoir leurs id\u00e9es. \u00c0 32 ans, je suis convaincue que leur vision est porteuse d'avenir.","url":"https:\/\/www.sebastien-auziere.fr\/blog\/author\/chloe-gauthier\/"}]}},"views":7,"_links":{"self":[{"href":"https:\/\/www.sebastien-auziere.fr\/blog\/wp-json\/wp\/v2\/posts\/2618","targetHints":{"allow":["GET"]}}],"collection":[{"href":"https:\/\/www.sebastien-auziere.fr\/blog\/wp-json\/wp\/v2\/posts"}],"about":[{"href":"https:\/\/www.sebastien-auziere.fr\/blog\/wp-json\/wp\/v2\/types\/post"}],"author":[{"embeddable":true,"href":"https:\/\/www.sebastien-auziere.fr\/blog\/wp-json\/wp\/v2\/users\/9"}],"replies":[{"embeddable":true,"href":"https:\/\/www.sebastien-auziere.fr\/blog\/wp-json\/wp\/v2\/comments?post=2618"}],"version-history":[{"count":1,"href":"https:\/\/www.sebastien-auziere.fr\/blog\/wp-json\/wp\/v2\/posts\/2618\/revisions"}],"predecessor-version":[{"id":2619,"href":"https:\/\/www.sebastien-auziere.fr\/blog\/wp-json\/wp\/v2\/posts\/2618\/revisions\/2619"}],"wp:featuredmedia":[{"embeddable":true,"href":"https:\/\/www.sebastien-auziere.fr\/blog\/wp-json\/wp\/v2\/media\/2616"}],"wp:attachment":[{"href":"https:\/\/www.sebastien-auziere.fr\/blog\/wp-json\/wp\/v2\/media?parent=2618"}],"wp:term":[{"taxonomy":"category","embeddable":true,"href":"https:\/\/www.sebastien-auziere.fr\/blog\/wp-json\/wp\/v2\/categories?post=2618"},{"taxonomy":"post_tag","embeddable":true,"href":"https:\/\/www.sebastien-auziere.fr\/blog\/wp-json\/wp\/v2\/tags?post=2618"}],"curies":[{"name":"wp","href":"https:\/\/api.w.org\/{rel}","templated":true}]}}