{"id":2607,"date":"2026-03-30T06:35:50","date_gmt":"2026-03-30T06:35:50","guid":{"rendered":"https:\/\/www.sebastien-auziere.fr\/blog\/?p=2607"},"modified":"2026-03-30T06:36:26","modified_gmt":"2026-03-30T06:36:26","slug":"sommet-mundial-na-casa-branca-brigitte-macron-ultrapassada-por-um-homem-um-video-surpreendente-esta-fazendo-sucesso","status":"publish","type":"post","link":"https:\/\/www.sebastien-auziere.fr\/blog\/pt\/sommet-mundial-na-casa-branca-brigitte-macron-ultrapassada-por-um-homem-um-video-surpreendente-esta-fazendo-sucesso\/","title":{"rendered":"Sommet mundial na Casa Branca: Brigitte Macron ultrapassada por um homem, um v\u00eddeo surpreendente est\u00e1 fazendo sucesso"},"content":{"rendered":"<p><strong>C\u00fapula global<\/strong> na <strong>Casa Branca<\/strong>: durante o debate de 24 de mar\u00e7o de 2026, <strong>Brigitte Macron<\/strong> viu sua fala em franc\u00eas ser retransmitida por uma tradu\u00e7\u00e3o em ingl\u00eas feita&#8230; pela voz de um <strong>homem<\/strong>. O <strong>v\u00eddeo surpreendente<\/strong> imediatamente gerou <strong>buzz<\/strong> nas redes e reacendeu o debate p\u00fablico.<\/p>\n\n<ul class=\"wp-block-list\"><li><strong>Data<\/strong>: 24 de mar\u00e7o de 2026, c\u00fapula \u201cConstruindo juntos o futuro\u201d convidada por Melania Trump.<\/li><li><strong>Local<\/strong>: <strong>Casa Branca<\/strong>.<\/li><li><strong>Incidente<\/strong>: dublagem em ingl\u00eas por uma voz masculina.<\/li><li><strong>Rea\u00e7\u00f5es<\/strong>: milh\u00f5es de visualiza\u00e7\u00f5es e coment\u00e1rios mistos.<\/li><li><strong>Fontes<\/strong>: artigos e v\u00eddeos veiculados por <a href=\"https:\/\/www.cnews.fr\/monde\/2026-03-26\/invitee-par-melania-trump-la-maison-blanche-brigitte-macron-accueillie-par-un\" rel=\"nofollow\">CNews<\/a> e <a href=\"https:\/\/www.letribunaldunet.fr\/faits-divers\/brigitte-macron-homme-incarne-doublure-sommet-maison-blanche-video.html\" rel=\"nofollow\">Le Tribunal du Net<\/a>.<\/li><\/ul>\n\n<h2 class=\"wp-block-heading\">O que realmente aconteceu na c\u00fapula global na Casa Branca<\/h2>\n\n<p>Durante a c\u00fapula da coaliz\u00e3o em torno da educa\u00e7\u00e3o digital, <strong>Brigitte Macron<\/strong> falou em franc\u00eas sobre a prote\u00e7\u00e3o das crian\u00e7as online. Um int\u00e9rprete traduziu seu discurso para o ingl\u00eas, mas a sequ\u00eancia transmitida mostra claramente uma voz masculina na dublagem, desencadeando uma onda de questionamentos.<\/p>\n\n<p>A sequ\u00eancia foi filmada em 24 de mar\u00e7o e compartilhada massivamente: fato constatado, ponto final.<\/p>\n\n<h2 class=\"wp-block-heading\">O <strong>v\u00eddeo<\/strong> que faz <strong>buzz<\/strong> e as rea\u00e7\u00f5es online<\/h2>\n\n<p>O <strong>v\u00eddeo surpreendente<\/strong> circulou no Instagram, X e Facebook, gerando milh\u00f5es de intera\u00e7\u00f5es e rea\u00e7\u00f5es contrastantes. Alguns veem uma falha t\u00e9cnica; outros denunciam uma encena\u00e7\u00e3o inadequada ap\u00f3s rumores antigos e uma intensa cobertura midi\u00e1tica.<\/p>\n\n<p>Para ver o trecho como ele circula, consulte as publica\u00e7\u00f5es veiculadas por <a href=\"https:\/\/www.instagram.com\/reels\/DWUSrh-iMwY\/\" rel=\"nofollow\">Instagram<\/a> e a cobertura em v\u00eddeo de <a href=\"https:\/\/www.bfmtv.com\/international\/video-reseaux-sociaux-ecrans-brigitte-macron-prend-la-parole-lors-d-un-sommet-de-melania-trump-a-la-maison-blanche_VN-202603250667.html\" rel=\"nofollow\">BFMTV<\/a>. O impacto midi\u00e1tico \u00e9 claro e imediato.<\/p>\n\n<h2 class=\"wp-block-heading\">Contexto, quest\u00f5es e mem\u00f3ria p\u00fablica em torno do incidente<\/h2>\n\n<p>A presen\u00e7a de <strong>Brigitte Macron<\/strong> na c\u00fapula seguiu seu compromisso com as crian\u00e7as atrav\u00e9s da opera\u00e7\u00e3o <strong>Pi\u00e8ces Jaunes<\/strong> e da Funda\u00e7\u00e3o dos Hospitais. A cena foi comentada \u00e0 luz de antigos rumores e de um caso midi\u00e1tico envolvendo uma jornalista americana, j\u00e1 mencionado na m\u00eddia.<\/p>\n\n<p>A li\u00e7\u00e3o: um incidente t\u00e9cnico pode reavivar pol\u00eamicas p\u00fablicas \u2014 e influenciar a percep\u00e7\u00e3o pol\u00edtica internacionalmente.<\/p>\n\n<figure class=\"wp-block-table\"><table>\n<thead>\n<tr>\n<th>Data<\/th>\n<th>Evento<\/th>\n<th>Fonte<\/th>\n<\/tr>\n<\/thead>\n<tbody>\n<tr>\n<td>24\/03\/2026<\/td>\n<td>Discurso de Brigitte Macron na c\u00fapula<\/td>\n<td><a href=\"https:\/\/www.cnews.fr\/monde\/2026-03-26\/invitee-par-melania-trump-la-maison-blanche-brigitte-macron-accueillie-par-un\" rel=\"nofollow\">CNews<\/a><\/td>\n<\/tr>\n<tr>\n<td>25\/03\/2026<\/td>\n<td>V\u00eddeo viral veiculado<\/td>\n<td><a href=\"https:\/\/www.letribunaldunet.fr\/faits-divers\/brigitte-macron-homme-incarne-doublure-sommet-maison-blanche-video.html\" rel=\"nofollow\">Le Tribunal du Net<\/a><\/td>\n<\/tr>\n<\/tbody>\n<\/table><\/figure>\n\n<ul class=\"wp-block-list\"><li>Verifique sempre a fonte antes de compartilhar.<\/li><li>Diferencie incidente t\u00e9cnico de inten\u00e7\u00e3o: o contexto conta.<\/li><li>A diplomacia p\u00fablica tamb\u00e9m se joga na forma como a cena \u00e9 divulgada.<\/li><\/ul>\n\n<p>Para saber mais sobre <strong>S\u00e9bastien Auzi\u00e8re<\/strong> e os la\u00e7os familiares e midi\u00e1ticos da fam\u00edlia Macron, descubra pastas completas em <a href=\"https:\/\/sebastien-auziere.fr\">sebastien-auziere.fr<\/a>. D\u00ea uma olhada para aprofundar a hist\u00f3ria e os bastidores.<\/p>\n\n\n{\u00ab\u00a0@context\u00a0\u00bb:\u00a0\u00bbhttps:\/\/schema.org\u00a0\u00bb,\u00a0\u00bb@type\u00a0\u00bb:\u00a0\u00bbFAQPage\u00a0\u00bb,\u00a0\u00bbmainEntity\u00a0\u00bb:[{\u00ab\u00a0@type\u00a0\u00bb:\u00a0\u00bbQuestion\u00a0\u00bb,\u00a0\u00bbname\u00a0\u00bb:\u00a0\u00bbA sequ\u00eancia foi confirmada aut\u00eantica?\u00a0\u00bb,\u00a0\u00bbacceptedAnswer\u00a0\u00bb:{\u00ab\u00a0@type\u00a0\u00bb:\u00a0\u00bbAnswer\u00a0\u00bb,\u00a0\u00bbtext\u00a0\u00bb:\u00a0\u00bbV\u00e1rios meios de comunica\u00e7\u00e3o veicularam o v\u00eddeo original e trechos verificados circulam: a sequ\u00eancia filmada na c\u00fapula de 24 de mar\u00e7o de 2026 \u00e9 autenticada por jornalistas presentes.\u00a0\u00bb}},{\u00ab\u00a0@type\u00a0\u00bb:\u00a0\u00bbQuestion\u00a0\u00bb,\u00a0\u00bbname\u00a0\u00bb:\u00a0\u00bbPor que a tradu\u00e7\u00e3o foi feita por uma voz masculina?\u00a0\u00bb,\u00a0\u00bbacceptedAnswer\u00a0\u00bb:{\u00ab\u00a0@type\u00a0\u00bb:\u00a0\u00bbAnswer\u00a0\u00bb,\u00a0\u00bbtext\u00a0\u00bb:\u00a0\u00bbAs autoridades do protocolo n\u00e3o publicaram uma explica\u00e7\u00e3o oficial imediata; as hip\u00f3teses v\u00e3o de erro t\u00e9cnico a uma decis\u00e3o involunt\u00e1ria de retransmiss\u00e3o vocal.\u00a0\u00bb}},{\u00ab\u00a0@type\u00a0\u00bb:\u00a0\u00bbQuestion\u00a0\u00bb,\u00a0\u00bbname\u00a0\u00bb:\u00a0\u00bbQuais meios de comunica\u00e7\u00e3o cobriram o incidente?\u00a0\u00bb,\u00a0\u00bbacceptedAnswer\u00a0\u00bb:{\u00ab\u00a0@type\u00a0\u00bb:\u00a0\u00bbAnswer\u00a0\u00bb,\u00a0\u00bbtext\u00a0\u00bb:\u00a0\u00bbCanais como BFMTV e CNews, assim como publica\u00e7\u00f5es online e redes sociais, divulgaram a sequ\u00eancia e analisaram os desdobramentos.\u00a0\u00bb}}]}\n\n<h3>A sequ\u00eancia foi confirmada aut\u00eantica?<\/h3>\n<p>V\u00e1rios meios de comunica\u00e7\u00e3o veicularam o v\u00eddeo original e trechos verificados circulam: a sequ\u00eancia filmada na c\u00fapula de 24 de mar\u00e7o de 2026 \u00e9 autenticada por jornalistas presentes.<\/p>\n<h3>Por que a tradu\u00e7\u00e3o foi feita por uma voz masculina?<\/h3>\n<p>As autoridades do protocolo n\u00e3o publicaram uma explica\u00e7\u00e3o oficial imediata; as hip\u00f3teses v\u00e3o de erro t\u00e9cnico a uma decis\u00e3o involunt\u00e1ria de retransmiss\u00e3o vocal.<\/p>\n<h3>Quais meios de comunica\u00e7\u00e3o cobriram o incidente?<\/h3>\n<p>Canais como BFMTV e CNews, assim como publica\u00e7\u00f5es online e redes sociais, divulgaram a sequ\u00eancia e analisaram os desdobramentos.<\/p>","protected":false},"excerpt":{"rendered":"<p>C\u00fapula global na Casa Branca: durante o debate de 24 de mar\u00e7o de 2026, Brigitte Macron viu sua fala em franc\u00eas ser retransmitida por uma tradu\u00e7\u00e3o em ingl\u00eas feita&#8230; pela voz de um homem. O v\u00eddeo surpreendente imediatamente gerou buzz nas redes e reacendeu o debate p\u00fablico. O que realmente aconteceu na c\u00fapula global na &#8230; <a title=\"Sommet mundial na Casa Branca: Brigitte Macron ultrapassada por um homem, um v\u00eddeo surpreendente est\u00e1 fazendo sucesso\" class=\"read-more\" href=\"https:\/\/www.sebastien-auziere.fr\/blog\/pt\/sommet-mundial-na-casa-branca-brigitte-macron-ultrapassada-por-um-homem-um-video-surpreendente-esta-fazendo-sucesso\/\" aria-label=\"En savoir plus sur Sommet mundial na Casa Branca: Brigitte Macron ultrapassada por um homem, um v\u00eddeo surpreendente est\u00e1 fazendo sucesso\">Lire plus<\/a><\/p>\n","protected":false},"author":9,"featured_media":2595,"comment_status":"open","ping_status":"open","sticky":false,"template":"","format":"standard","meta":{"footnotes":""},"categories":[862],"tags":[959,962,965,968,971],"class_list":["post-2607","post","type-post","status-publish","format-standard","has-post-thumbnail","hentry","category-actualidades-pt","tag-brigitte-macron-pt","tag-buzz-pt","tag-maison-branca-pt","tag-sommet-mundial-pt","tag-video-surpreendente-pt"],"yoast_head":"<!-- This site is optimized with the Yoast SEO plugin v27.5 - https:\/\/yoast.com\/product\/yoast-seo-wordpress\/ -->\n<title>Sommet mundial na Casa Branca: Brigitte Macron ultrapassada por um homem, um v\u00eddeo surpreendente est\u00e1 fazendo sucesso - Fan site S\u00e9bastien Auzi\u00e8re<\/title>\n<meta name=\"description\" content=\"D\u00e9couvrez la vid\u00e9o surprenante du sommet mondial \u00e0 la Maison Blanche o\u00f9 Brigitte Macron est doubl\u00e9e par un homme, suscitant un buzz inattendu.\" \/>\n<meta name=\"robots\" content=\"index, follow, max-snippet:-1, max-image-preview:large, max-video-preview:-1\" \/>\n<link rel=\"canonical\" href=\"https:\/\/www.sebastien-auziere.fr\/blog\/pt\/sommet-mundial-na-casa-branca-brigitte-macron-ultrapassada-por-um-homem-um-video-surpreendente-esta-fazendo-sucesso\/\" \/>\n<meta property=\"og:locale\" content=\"fr_FR\" \/>\n<meta property=\"og:type\" content=\"article\" \/>\n<meta property=\"og:title\" content=\"Sommet mundial na Casa Branca: Brigitte Macron ultrapassada por um homem, um v\u00eddeo surpreendente est\u00e1 fazendo sucesso - Fan site S\u00e9bastien Auzi\u00e8re\" \/>\n<meta property=\"og:description\" content=\"D\u00e9couvrez la vid\u00e9o surprenante du sommet mondial \u00e0 la Maison Blanche o\u00f9 Brigitte Macron est doubl\u00e9e par un homme, suscitant un buzz inattendu.\" \/>\n<meta property=\"og:url\" content=\"https:\/\/www.sebastien-auziere.fr\/blog\/pt\/sommet-mundial-na-casa-branca-brigitte-macron-ultrapassada-por-um-homem-um-video-surpreendente-esta-fazendo-sucesso\/\" \/>\n<meta property=\"og:site_name\" content=\"Fan site S\u00e9bastien Auzi\u00e8re\" \/>\n<meta property=\"article:published_time\" content=\"2026-03-30T06:35:50+00:00\" \/>\n<meta property=\"article:modified_time\" content=\"2026-03-30T06:36:26+00:00\" \/>\n<meta property=\"og:image\" content=\"https:\/\/www.sebastien-auziere.fr\/blog\/wp-content\/uploads\/2026\/03\/Sommet-mondial-a-la-Maison-Blanche-Brigitte-Macron-doublee-par-un-homme-une-video-surprenante-fait-le-buzz.jpg\" \/>\n\t<meta property=\"og:image:width\" content=\"2560\" \/>\n\t<meta property=\"og:image:height\" content=\"1429\" \/>\n\t<meta property=\"og:image:type\" content=\"image\/jpeg\" \/>\n<meta name=\"author\" content=\"Chloe Gauthier\" \/>\n<meta name=\"twitter:card\" content=\"summary_large_image\" \/>\n<meta name=\"twitter:label1\" content=\"\u00c9crit par\" \/>\n\t<meta name=\"twitter:data1\" content=\"Chloe Gauthier\" \/>\n\t<meta name=\"twitter:label2\" content=\"Dur\u00e9e de lecture estim\u00e9e\" \/>\n\t<meta name=\"twitter:data2\" content=\"3 minutes\" \/>\n<script type=\"application\/ld+json\" class=\"yoast-schema-graph\">{\"@context\":\"https:\\\/\\\/schema.org\",\"@graph\":[{\"@type\":\"Article\",\"@id\":\"https:\\\/\\\/www.sebastien-auziere.fr\\\/blog\\\/pt\\\/sommet-mundial-na-casa-branca-brigitte-macron-ultrapassada-por-um-homem-um-video-surpreendente-esta-fazendo-sucesso\\\/#article\",\"isPartOf\":{\"@id\":\"https:\\\/\\\/www.sebastien-auziere.fr\\\/blog\\\/pt\\\/sommet-mundial-na-casa-branca-brigitte-macron-ultrapassada-por-um-homem-um-video-surpreendente-esta-fazendo-sucesso\\\/\"},\"author\":{\"name\":\"Chloe Gauthier\",\"@id\":\"https:\\\/\\\/www.sebastien-auziere.fr\\\/blog\\\/#\\\/schema\\\/person\\\/149f1acdbfd85149c6c3e59adeae2f4d\"},\"headline\":\"Sommet mundial na Casa Branca: Brigitte Macron ultrapassada por um homem, um v\u00eddeo surpreendente est\u00e1 fazendo sucesso\",\"datePublished\":\"2026-03-30T06:35:50+00:00\",\"dateModified\":\"2026-03-30T06:36:26+00:00\",\"mainEntityOfPage\":{\"@id\":\"https:\\\/\\\/www.sebastien-auziere.fr\\\/blog\\\/pt\\\/sommet-mundial-na-casa-branca-brigitte-macron-ultrapassada-por-um-homem-um-video-surpreendente-esta-fazendo-sucesso\\\/\"},\"wordCount\":703,\"commentCount\":0,\"publisher\":{\"@id\":\"https:\\\/\\\/www.sebastien-auziere.fr\\\/blog\\\/#organization\"},\"image\":{\"@id\":\"https:\\\/\\\/www.sebastien-auziere.fr\\\/blog\\\/pt\\\/sommet-mundial-na-casa-branca-brigitte-macron-ultrapassada-por-um-homem-um-video-surpreendente-esta-fazendo-sucesso\\\/#primaryimage\"},\"thumbnailUrl\":\"https:\\\/\\\/www.sebastien-auziere.fr\\\/blog\\\/wp-content\\\/uploads\\\/2026\\\/03\\\/Sommet-mondial-a-la-Maison-Blanche-Brigitte-Macron-doublee-par-un-homme-une-video-surprenante-fait-le-buzz.jpg\",\"keywords\":[\"brigitte macron\",\"buzz\",\"maison branca\",\"sommet mundial\",\"v\u00eddeo surpreendente\"],\"articleSection\":[\"Actualidades\"],\"inLanguage\":\"fr-FR\",\"potentialAction\":[{\"@type\":\"CommentAction\",\"name\":\"Comment\",\"target\":[\"https:\\\/\\\/www.sebastien-auziere.fr\\\/blog\\\/pt\\\/sommet-mundial-na-casa-branca-brigitte-macron-ultrapassada-por-um-homem-um-video-surpreendente-esta-fazendo-sucesso\\\/#respond\"]}]},{\"@type\":\"WebPage\",\"@id\":\"https:\\\/\\\/www.sebastien-auziere.fr\\\/blog\\\/pt\\\/sommet-mundial-na-casa-branca-brigitte-macron-ultrapassada-por-um-homem-um-video-surpreendente-esta-fazendo-sucesso\\\/\",\"url\":\"https:\\\/\\\/www.sebastien-auziere.fr\\\/blog\\\/pt\\\/sommet-mundial-na-casa-branca-brigitte-macron-ultrapassada-por-um-homem-um-video-surpreendente-esta-fazendo-sucesso\\\/\",\"name\":\"Sommet mundial na Casa Branca: Brigitte Macron ultrapassada por um homem, um v\u00eddeo surpreendente est\u00e1 fazendo sucesso - Fan site S\u00e9bastien Auzi\u00e8re\",\"isPartOf\":{\"@id\":\"https:\\\/\\\/www.sebastien-auziere.fr\\\/blog\\\/#website\"},\"primaryImageOfPage\":{\"@id\":\"https:\\\/\\\/www.sebastien-auziere.fr\\\/blog\\\/pt\\\/sommet-mundial-na-casa-branca-brigitte-macron-ultrapassada-por-um-homem-um-video-surpreendente-esta-fazendo-sucesso\\\/#primaryimage\"},\"image\":{\"@id\":\"https:\\\/\\\/www.sebastien-auziere.fr\\\/blog\\\/pt\\\/sommet-mundial-na-casa-branca-brigitte-macron-ultrapassada-por-um-homem-um-video-surpreendente-esta-fazendo-sucesso\\\/#primaryimage\"},\"thumbnailUrl\":\"https:\\\/\\\/www.sebastien-auziere.fr\\\/blog\\\/wp-content\\\/uploads\\\/2026\\\/03\\\/Sommet-mondial-a-la-Maison-Blanche-Brigitte-Macron-doublee-par-un-homme-une-video-surprenante-fait-le-buzz.jpg\",\"datePublished\":\"2026-03-30T06:35:50+00:00\",\"dateModified\":\"2026-03-30T06:36:26+00:00\",\"description\":\"D\u00e9couvrez la vid\u00e9o surprenante du sommet mondial \u00e0 la Maison Blanche o\u00f9 Brigitte Macron est doubl\u00e9e par un homme, suscitant un buzz inattendu.\",\"breadcrumb\":{\"@id\":\"https:\\\/\\\/www.sebastien-auziere.fr\\\/blog\\\/pt\\\/sommet-mundial-na-casa-branca-brigitte-macron-ultrapassada-por-um-homem-um-video-surpreendente-esta-fazendo-sucesso\\\/#breadcrumb\"},\"inLanguage\":\"fr-FR\",\"potentialAction\":[{\"@type\":\"ReadAction\",\"target\":[\"https:\\\/\\\/www.sebastien-auziere.fr\\\/blog\\\/pt\\\/sommet-mundial-na-casa-branca-brigitte-macron-ultrapassada-por-um-homem-um-video-surpreendente-esta-fazendo-sucesso\\\/\"]}]},{\"@type\":\"ImageObject\",\"inLanguage\":\"fr-FR\",\"@id\":\"https:\\\/\\\/www.sebastien-auziere.fr\\\/blog\\\/pt\\\/sommet-mundial-na-casa-branca-brigitte-macron-ultrapassada-por-um-homem-um-video-surpreendente-esta-fazendo-sucesso\\\/#primaryimage\",\"url\":\"https:\\\/\\\/www.sebastien-auziere.fr\\\/blog\\\/wp-content\\\/uploads\\\/2026\\\/03\\\/Sommet-mondial-a-la-Maison-Blanche-Brigitte-Macron-doublee-par-un-homme-une-video-surprenante-fait-le-buzz.jpg\",\"contentUrl\":\"https:\\\/\\\/www.sebastien-auziere.fr\\\/blog\\\/wp-content\\\/uploads\\\/2026\\\/03\\\/Sommet-mondial-a-la-Maison-Blanche-Brigitte-Macron-doublee-par-un-homme-une-video-surprenante-fait-le-buzz.jpg\",\"width\":2560,\"height\":1429,\"caption\":\"d\u00e9couvrez la vid\u00e9o surprenante du sommet mondial \u00e0 la maison blanche o\u00f9 brigitte macron est \u00e9clips\u00e9e par un homme, suscitant un vif buzz sur les r\u00e9seaux sociaux.\"},{\"@type\":\"BreadcrumbList\",\"@id\":\"https:\\\/\\\/www.sebastien-auziere.fr\\\/blog\\\/pt\\\/sommet-mundial-na-casa-branca-brigitte-macron-ultrapassada-por-um-homem-um-video-surpreendente-esta-fazendo-sucesso\\\/#breadcrumb\",\"itemListElement\":[{\"@type\":\"ListItem\",\"position\":1,\"name\":\"Home\",\"item\":\"https:\\\/\\\/www.sebastien-auziere.fr\\\/blog\\\/\"},{\"@type\":\"ListItem\",\"position\":2,\"name\":\"Sommet mundial na Casa Branca: Brigitte Macron ultrapassada por um homem, um v\u00eddeo surpreendente est\u00e1 fazendo sucesso\"}]},{\"@type\":\"WebSite\",\"@id\":\"https:\\\/\\\/www.sebastien-auziere.fr\\\/blog\\\/#website\",\"url\":\"https:\\\/\\\/www.sebastien-auziere.fr\\\/blog\\\/\",\"name\":\"Fan site S\u00e9bastien Auzi\u00e8re\",\"description\":\"M\u00e9dia g\u00e9n\u00e9raliste\",\"publisher\":{\"@id\":\"https:\\\/\\\/www.sebastien-auziere.fr\\\/blog\\\/#organization\"},\"potentialAction\":[{\"@type\":\"SearchAction\",\"target\":{\"@type\":\"EntryPoint\",\"urlTemplate\":\"https:\\\/\\\/www.sebastien-auziere.fr\\\/blog\\\/?s={search_term_string}\"},\"query-input\":{\"@type\":\"PropertyValueSpecification\",\"valueRequired\":true,\"valueName\":\"search_term_string\"}}],\"inLanguage\":\"fr-FR\"},{\"@type\":\"Organization\",\"@id\":\"https:\\\/\\\/www.sebastien-auziere.fr\\\/blog\\\/#organization\",\"name\":\"Fan site S\u00e9bastien Auzi\u00e8re\",\"url\":\"https:\\\/\\\/www.sebastien-auziere.fr\\\/blog\\\/\",\"logo\":{\"@type\":\"ImageObject\",\"inLanguage\":\"fr-FR\",\"@id\":\"https:\\\/\\\/www.sebastien-auziere.fr\\\/blog\\\/#\\\/schema\\\/logo\\\/image\\\/\",\"url\":\"https:\\\/\\\/www.sebastien-auziere.fr\\\/blog\\\/wp-content\\\/uploads\\\/2026\\\/03\\\/cropped-cropped-cropped-ChatGPT-Image-6-mars-2026-12_58_09-e1772798376794.jpg\",\"contentUrl\":\"https:\\\/\\\/www.sebastien-auziere.fr\\\/blog\\\/wp-content\\\/uploads\\\/2026\\\/03\\\/cropped-cropped-cropped-ChatGPT-Image-6-mars-2026-12_58_09-e1772798376794.jpg\",\"width\":512,\"height\":360,\"caption\":\"Fan site S\u00e9bastien Auzi\u00e8re\"},\"image\":{\"@id\":\"https:\\\/\\\/www.sebastien-auziere.fr\\\/blog\\\/#\\\/schema\\\/logo\\\/image\\\/\"}},{\"@type\":\"Person\",\"@id\":\"https:\\\/\\\/www.sebastien-auziere.fr\\\/blog\\\/#\\\/schema\\\/person\\\/149f1acdbfd85149c6c3e59adeae2f4d\",\"name\":\"Chloe Gauthier\",\"image\":{\"@type\":\"ImageObject\",\"inLanguage\":\"fr-FR\",\"@id\":\"https:\\\/\\\/secure.gravatar.com\\\/avatar\\\/2c5722f58171cff738a8985ef0dd66b476e563753246a49019befc837ec4201a?s=96&d=mm&r=g\",\"url\":\"https:\\\/\\\/secure.gravatar.com\\\/avatar\\\/2c5722f58171cff738a8985ef0dd66b476e563753246a49019befc837ec4201a?s=96&d=mm&r=g\",\"contentUrl\":\"https:\\\/\\\/secure.gravatar.com\\\/avatar\\\/2c5722f58171cff738a8985ef0dd66b476e563753246a49019befc837ec4201a?s=96&d=mm&r=g\",\"caption\":\"Chloe Gauthier\"},\"description\":\"Passionn\u00e9e par la politique et admiratrice engag\u00e9e de la famille Macron, je consacre mon \u00e9nergie \u00e0 suivre leurs initiatives et \u00e0 promouvoir leurs id\u00e9es. \u00c0 32 ans, je suis convaincue que leur vision est porteuse d'avenir.\",\"url\":\"https:\\\/\\\/www.sebastien-auziere.fr\\\/blog\\\/author\\\/chloe-gauthier\\\/\"}]}<\/script>\n<!-- \/ Yoast SEO plugin. -->","yoast_head_json":{"title":"Sommet mundial na Casa Branca: Brigitte Macron ultrapassada por um homem, um v\u00eddeo surpreendente est\u00e1 fazendo sucesso - Fan site S\u00e9bastien Auzi\u00e8re","description":"D\u00e9couvrez la vid\u00e9o surprenante du sommet mondial \u00e0 la Maison Blanche o\u00f9 Brigitte Macron est doubl\u00e9e par un homme, suscitant un buzz inattendu.","robots":{"index":"index","follow":"follow","max-snippet":"max-snippet:-1","max-image-preview":"max-image-preview:large","max-video-preview":"max-video-preview:-1"},"canonical":"https:\/\/www.sebastien-auziere.fr\/blog\/pt\/sommet-mundial-na-casa-branca-brigitte-macron-ultrapassada-por-um-homem-um-video-surpreendente-esta-fazendo-sucesso\/","og_locale":"fr_FR","og_type":"article","og_title":"Sommet mundial na Casa Branca: Brigitte Macron ultrapassada por um homem, um v\u00eddeo surpreendente est\u00e1 fazendo sucesso - Fan site S\u00e9bastien Auzi\u00e8re","og_description":"D\u00e9couvrez la vid\u00e9o surprenante du sommet mondial \u00e0 la Maison Blanche o\u00f9 Brigitte Macron est doubl\u00e9e par un homme, suscitant un buzz inattendu.","og_url":"https:\/\/www.sebastien-auziere.fr\/blog\/pt\/sommet-mundial-na-casa-branca-brigitte-macron-ultrapassada-por-um-homem-um-video-surpreendente-esta-fazendo-sucesso\/","og_site_name":"Fan site S\u00e9bastien Auzi\u00e8re","article_published_time":"2026-03-30T06:35:50+00:00","article_modified_time":"2026-03-30T06:36:26+00:00","og_image":[{"width":2560,"height":1429,"url":"https:\/\/www.sebastien-auziere.fr\/blog\/wp-content\/uploads\/2026\/03\/Sommet-mondial-a-la-Maison-Blanche-Brigitte-Macron-doublee-par-un-homme-une-video-surprenante-fait-le-buzz.jpg","type":"image\/jpeg"}],"author":"Chloe Gauthier","twitter_card":"summary_large_image","twitter_misc":{"\u00c9crit par":"Chloe Gauthier","Dur\u00e9e de lecture estim\u00e9e":"3 minutes"},"schema":{"@context":"https:\/\/schema.org","@graph":[{"@type":"Article","@id":"https:\/\/www.sebastien-auziere.fr\/blog\/pt\/sommet-mundial-na-casa-branca-brigitte-macron-ultrapassada-por-um-homem-um-video-surpreendente-esta-fazendo-sucesso\/#article","isPartOf":{"@id":"https:\/\/www.sebastien-auziere.fr\/blog\/pt\/sommet-mundial-na-casa-branca-brigitte-macron-ultrapassada-por-um-homem-um-video-surpreendente-esta-fazendo-sucesso\/"},"author":{"name":"Chloe Gauthier","@id":"https:\/\/www.sebastien-auziere.fr\/blog\/#\/schema\/person\/149f1acdbfd85149c6c3e59adeae2f4d"},"headline":"Sommet mundial na Casa Branca: Brigitte Macron ultrapassada por um homem, um v\u00eddeo surpreendente est\u00e1 fazendo sucesso","datePublished":"2026-03-30T06:35:50+00:00","dateModified":"2026-03-30T06:36:26+00:00","mainEntityOfPage":{"@id":"https:\/\/www.sebastien-auziere.fr\/blog\/pt\/sommet-mundial-na-casa-branca-brigitte-macron-ultrapassada-por-um-homem-um-video-surpreendente-esta-fazendo-sucesso\/"},"wordCount":703,"commentCount":0,"publisher":{"@id":"https:\/\/www.sebastien-auziere.fr\/blog\/#organization"},"image":{"@id":"https:\/\/www.sebastien-auziere.fr\/blog\/pt\/sommet-mundial-na-casa-branca-brigitte-macron-ultrapassada-por-um-homem-um-video-surpreendente-esta-fazendo-sucesso\/#primaryimage"},"thumbnailUrl":"https:\/\/www.sebastien-auziere.fr\/blog\/wp-content\/uploads\/2026\/03\/Sommet-mondial-a-la-Maison-Blanche-Brigitte-Macron-doublee-par-un-homme-une-video-surprenante-fait-le-buzz.jpg","keywords":["brigitte macron","buzz","maison branca","sommet mundial","v\u00eddeo surpreendente"],"articleSection":["Actualidades"],"inLanguage":"fr-FR","potentialAction":[{"@type":"CommentAction","name":"Comment","target":["https:\/\/www.sebastien-auziere.fr\/blog\/pt\/sommet-mundial-na-casa-branca-brigitte-macron-ultrapassada-por-um-homem-um-video-surpreendente-esta-fazendo-sucesso\/#respond"]}]},{"@type":"WebPage","@id":"https:\/\/www.sebastien-auziere.fr\/blog\/pt\/sommet-mundial-na-casa-branca-brigitte-macron-ultrapassada-por-um-homem-um-video-surpreendente-esta-fazendo-sucesso\/","url":"https:\/\/www.sebastien-auziere.fr\/blog\/pt\/sommet-mundial-na-casa-branca-brigitte-macron-ultrapassada-por-um-homem-um-video-surpreendente-esta-fazendo-sucesso\/","name":"Sommet mundial na Casa Branca: Brigitte Macron ultrapassada por um homem, um v\u00eddeo surpreendente est\u00e1 fazendo sucesso - Fan site S\u00e9bastien Auzi\u00e8re","isPartOf":{"@id":"https:\/\/www.sebastien-auziere.fr\/blog\/#website"},"primaryImageOfPage":{"@id":"https:\/\/www.sebastien-auziere.fr\/blog\/pt\/sommet-mundial-na-casa-branca-brigitte-macron-ultrapassada-por-um-homem-um-video-surpreendente-esta-fazendo-sucesso\/#primaryimage"},"image":{"@id":"https:\/\/www.sebastien-auziere.fr\/blog\/pt\/sommet-mundial-na-casa-branca-brigitte-macron-ultrapassada-por-um-homem-um-video-surpreendente-esta-fazendo-sucesso\/#primaryimage"},"thumbnailUrl":"https:\/\/www.sebastien-auziere.fr\/blog\/wp-content\/uploads\/2026\/03\/Sommet-mondial-a-la-Maison-Blanche-Brigitte-Macron-doublee-par-un-homme-une-video-surprenante-fait-le-buzz.jpg","datePublished":"2026-03-30T06:35:50+00:00","dateModified":"2026-03-30T06:36:26+00:00","description":"D\u00e9couvrez la vid\u00e9o surprenante du sommet mondial \u00e0 la Maison Blanche o\u00f9 Brigitte Macron est doubl\u00e9e par un homme, suscitant un buzz inattendu.","breadcrumb":{"@id":"https:\/\/www.sebastien-auziere.fr\/blog\/pt\/sommet-mundial-na-casa-branca-brigitte-macron-ultrapassada-por-um-homem-um-video-surpreendente-esta-fazendo-sucesso\/#breadcrumb"},"inLanguage":"fr-FR","potentialAction":[{"@type":"ReadAction","target":["https:\/\/www.sebastien-auziere.fr\/blog\/pt\/sommet-mundial-na-casa-branca-brigitte-macron-ultrapassada-por-um-homem-um-video-surpreendente-esta-fazendo-sucesso\/"]}]},{"@type":"ImageObject","inLanguage":"fr-FR","@id":"https:\/\/www.sebastien-auziere.fr\/blog\/pt\/sommet-mundial-na-casa-branca-brigitte-macron-ultrapassada-por-um-homem-um-video-surpreendente-esta-fazendo-sucesso\/#primaryimage","url":"https:\/\/www.sebastien-auziere.fr\/blog\/wp-content\/uploads\/2026\/03\/Sommet-mondial-a-la-Maison-Blanche-Brigitte-Macron-doublee-par-un-homme-une-video-surprenante-fait-le-buzz.jpg","contentUrl":"https:\/\/www.sebastien-auziere.fr\/blog\/wp-content\/uploads\/2026\/03\/Sommet-mondial-a-la-Maison-Blanche-Brigitte-Macron-doublee-par-un-homme-une-video-surprenante-fait-le-buzz.jpg","width":2560,"height":1429,"caption":"d\u00e9couvrez la vid\u00e9o surprenante du sommet mondial \u00e0 la maison blanche o\u00f9 brigitte macron est \u00e9clips\u00e9e par un homme, suscitant un vif buzz sur les r\u00e9seaux sociaux."},{"@type":"BreadcrumbList","@id":"https:\/\/www.sebastien-auziere.fr\/blog\/pt\/sommet-mundial-na-casa-branca-brigitte-macron-ultrapassada-por-um-homem-um-video-surpreendente-esta-fazendo-sucesso\/#breadcrumb","itemListElement":[{"@type":"ListItem","position":1,"name":"Home","item":"https:\/\/www.sebastien-auziere.fr\/blog\/"},{"@type":"ListItem","position":2,"name":"Sommet mundial na Casa Branca: Brigitte Macron ultrapassada por um homem, um v\u00eddeo surpreendente est\u00e1 fazendo sucesso"}]},{"@type":"WebSite","@id":"https:\/\/www.sebastien-auziere.fr\/blog\/#website","url":"https:\/\/www.sebastien-auziere.fr\/blog\/","name":"Fan site S\u00e9bastien Auzi\u00e8re","description":"M\u00e9dia g\u00e9n\u00e9raliste","publisher":{"@id":"https:\/\/www.sebastien-auziere.fr\/blog\/#organization"},"potentialAction":[{"@type":"SearchAction","target":{"@type":"EntryPoint","urlTemplate":"https:\/\/www.sebastien-auziere.fr\/blog\/?s={search_term_string}"},"query-input":{"@type":"PropertyValueSpecification","valueRequired":true,"valueName":"search_term_string"}}],"inLanguage":"fr-FR"},{"@type":"Organization","@id":"https:\/\/www.sebastien-auziere.fr\/blog\/#organization","name":"Fan site S\u00e9bastien Auzi\u00e8re","url":"https:\/\/www.sebastien-auziere.fr\/blog\/","logo":{"@type":"ImageObject","inLanguage":"fr-FR","@id":"https:\/\/www.sebastien-auziere.fr\/blog\/#\/schema\/logo\/image\/","url":"https:\/\/www.sebastien-auziere.fr\/blog\/wp-content\/uploads\/2026\/03\/cropped-cropped-cropped-ChatGPT-Image-6-mars-2026-12_58_09-e1772798376794.jpg","contentUrl":"https:\/\/www.sebastien-auziere.fr\/blog\/wp-content\/uploads\/2026\/03\/cropped-cropped-cropped-ChatGPT-Image-6-mars-2026-12_58_09-e1772798376794.jpg","width":512,"height":360,"caption":"Fan site S\u00e9bastien Auzi\u00e8re"},"image":{"@id":"https:\/\/www.sebastien-auziere.fr\/blog\/#\/schema\/logo\/image\/"}},{"@type":"Person","@id":"https:\/\/www.sebastien-auziere.fr\/blog\/#\/schema\/person\/149f1acdbfd85149c6c3e59adeae2f4d","name":"Chloe Gauthier","image":{"@type":"ImageObject","inLanguage":"fr-FR","@id":"https:\/\/secure.gravatar.com\/avatar\/2c5722f58171cff738a8985ef0dd66b476e563753246a49019befc837ec4201a?s=96&d=mm&r=g","url":"https:\/\/secure.gravatar.com\/avatar\/2c5722f58171cff738a8985ef0dd66b476e563753246a49019befc837ec4201a?s=96&d=mm&r=g","contentUrl":"https:\/\/secure.gravatar.com\/avatar\/2c5722f58171cff738a8985ef0dd66b476e563753246a49019befc837ec4201a?s=96&d=mm&r=g","caption":"Chloe Gauthier"},"description":"Passionn\u00e9e par la politique et admiratrice engag\u00e9e de la famille Macron, je consacre mon \u00e9nergie \u00e0 suivre leurs initiatives et \u00e0 promouvoir leurs id\u00e9es. \u00c0 32 ans, je suis convaincue que leur vision est porteuse d'avenir.","url":"https:\/\/www.sebastien-auziere.fr\/blog\/author\/chloe-gauthier\/"}]}},"views":3,"_links":{"self":[{"href":"https:\/\/www.sebastien-auziere.fr\/blog\/wp-json\/wp\/v2\/posts\/2607","targetHints":{"allow":["GET"]}}],"collection":[{"href":"https:\/\/www.sebastien-auziere.fr\/blog\/wp-json\/wp\/v2\/posts"}],"about":[{"href":"https:\/\/www.sebastien-auziere.fr\/blog\/wp-json\/wp\/v2\/types\/post"}],"author":[{"embeddable":true,"href":"https:\/\/www.sebastien-auziere.fr\/blog\/wp-json\/wp\/v2\/users\/9"}],"replies":[{"embeddable":true,"href":"https:\/\/www.sebastien-auziere.fr\/blog\/wp-json\/wp\/v2\/comments?post=2607"}],"version-history":[{"count":1,"href":"https:\/\/www.sebastien-auziere.fr\/blog\/wp-json\/wp\/v2\/posts\/2607\/revisions"}],"predecessor-version":[{"id":2608,"href":"https:\/\/www.sebastien-auziere.fr\/blog\/wp-json\/wp\/v2\/posts\/2607\/revisions\/2608"}],"wp:featuredmedia":[{"embeddable":true,"href":"https:\/\/www.sebastien-auziere.fr\/blog\/wp-json\/wp\/v2\/media\/2595"}],"wp:attachment":[{"href":"https:\/\/www.sebastien-auziere.fr\/blog\/wp-json\/wp\/v2\/media?parent=2607"}],"wp:term":[{"taxonomy":"category","embeddable":true,"href":"https:\/\/www.sebastien-auziere.fr\/blog\/wp-json\/wp\/v2\/categories?post=2607"},{"taxonomy":"post_tag","embeddable":true,"href":"https:\/\/www.sebastien-auziere.fr\/blog\/wp-json\/wp\/v2\/tags?post=2607"}],"curies":[{"name":"wp","href":"https:\/\/api.w.org\/{rel}","templated":true}]}}