{"id":2601,"date":"2026-03-30T06:34:23","date_gmt":"2026-03-30T06:34:23","guid":{"rendered":"https:\/\/www.sebastien-auziere.fr\/blog\/?p=2601"},"modified":"2026-03-30T06:34:52","modified_gmt":"2026-03-30T06:34:52","slug":"sommet-der-welt-im-weisen-haus-brigitte-macron-von-einem-mann-uberholt-ein-uberraschendes-video-sorgt-fur-aufsehen","status":"publish","type":"post","link":"https:\/\/www.sebastien-auziere.fr\/blog\/de\/sommet-der-welt-im-weisen-haus-brigitte-macron-von-einem-mann-uberholt-ein-uberraschendes-video-sorgt-fur-aufsehen\/","title":{"rendered":"Sommet der Welt im Wei\u00dfen Haus: Brigitte Macron von einem Mann \u00fcberholt, ein \u00fcberraschendes Video sorgt f\u00fcr Aufsehen"},"content":{"rendered":"<p><strong>Weltgipfel<\/strong> im <strong>Wei\u00dfen Haus<\/strong>: W\u00e4hrend der Debatte am 24. M\u00e4rz 2026 wurde <strong>Brigitte Macron<\/strong>\u2019s Rede auf Franz\u00f6sisch durch eine englische \u00dcbersetzung&#8230; \u00fcber die Stimme eines <strong>Mannes<\/strong> wiedergegeben. Das <strong>\u00fcberraschende Video<\/strong> sorgte sofort f\u00fcr <strong>Aufsehen<\/strong> in den sozialen Medien und belebt die \u00f6ffentliche Debatte.<\/p>\n\n<ul class=\"wp-block-list\"><li><strong>Datum<\/strong>: 24. M\u00e4rz 2026, Gipfel \u201eGemeinsam die Zukunft gestalten\u201c eingeladen von Melania Trump.<\/li><li><strong>Ort<\/strong>: <strong>Wei\u00dfes Haus<\/strong>.<\/li><li><strong>Vorfall<\/strong>: englische Synchronisation mit einer m\u00e4nnlichen Stimme.<\/li><li><strong>Reaktionen<\/strong>: Millionen von Aufrufen und gemischte Kommentare.<\/li><li><strong>Quellen<\/strong>: Artikel und Videos ver\u00f6ffentlicht von <a href=\"https:\/\/www.cnews.fr\/monde\/2026-03-26\/invitee-par-melania-trump-la-maison-blanche-brigitte-macron-accueillie-par-un\" rel=\"nofollow\">CNews<\/a> und <a href=\"https:\/\/www.letribunaldunet.fr\/faits-divers\/brigitte-macron-homme-incarne-doublure-sommet-maison-blanche-video.html\" rel=\"nofollow\">Le Tribunal du Net<\/a>.<\/li><\/ul>\n\n<h2 class=\"wp-block-heading\">Was tats\u00e4chlich beim Weltgipfel im Wei\u00dfen Haus geschah<\/h2>\n\n<p>Beim Gipfel der Koalition zur digitalen Bildung sprach <strong>Brigitte Macron<\/strong> auf Franz\u00f6sisch \u00fcber den Schutz von Kindern online. Ein Dolmetscher gab ihre Ansprache auf Englisch wieder, doch die ausgestrahlte Sequenz zeigt deutlich eine m\u00e4nnliche Stimme in der Synchronisation, was eine Welle von Fragen ausl\u00f6ste.<\/p>\n\n<p>Die Sequenz wurde am 24. M\u00e4rz gefilmt und massenhaft geteilt: Fakt ist Fakt, Punkt aus.<\/p>\n\n<h2 class=\"wp-block-heading\">Das <strong>Video<\/strong>, das f\u00fcr <strong>Aufsehen<\/strong> sorgt, und die Reaktionen online<\/h2>\n\n<p>Das <strong>\u00fcberraschende Video<\/strong> kursierte auf Instagram, X und Facebook, generierte Millionen von Interaktionen und unterschiedliche Reaktionen. Einige sehen darin ein technisches Missgeschick; andere kritisieren eine unpassende Inszenierung nach alten Ger\u00fcchten und intensiver medialer Berichterstattung.<\/p>\n\n<p>Um den Ausschnitt zu sehen, wie er kursiert, schaue dir die Beitr\u00e4ge an, die von <a href=\"https:\/\/www.instagram.com\/reels\/DWUSrh-iMwY\/\" rel=\"nofollow\">Instagram<\/a> und die Videoberichterstattung von <a href=\"https:\/\/www.bfmtv.com\/international\/video-reseaux-sociaux-ecrans-brigitte-macron-prend-la-parole-lors-d-un-sommet-de-melania-trump-a-la-maison-blanche_VN-202603250667.html\" rel=\"nofollow\">BFMTV<\/a> geteilt wurden. Die mediale Wirkung ist klar und sofort sp\u00fcrbar.<\/p>\n\n<h2 class=\"wp-block-heading\">Kontext, Herausforderungen und \u00f6ffentliche Wahrnehmung des Vorfalls<\/h2>\n\n<p>Die Anwesenheit von <strong>Brigitte Macron<\/strong> beim Gipfel folgte ihrem Engagement f\u00fcr Kinder durch die Initiative <strong>Pi\u00e8ces Jaunes<\/strong> und die Stiftung der Krankenh\u00e4user. Die Szene wurde im Lichte alter Ger\u00fcchte und einer Medienaff\u00e4re, die eine amerikanische Journalistin betraf, kommentiert, die bereits in den Medien erw\u00e4hnt wurde.<\/p>\n\n<p>Die Lehre: Ein technisches Missgeschick kann \u00f6ffentliche Kontroversen neu entfachen \u2014 und die internationale politische Wahrnehmung beeinflussen.<\/p>\n\n<figure class=\"wp-block-table\"><table>\n<thead>\n<tr>\n<th>Datum<\/th>\n<th>Ereignis<\/th>\n<th>Quelle<\/th>\n<\/tr>\n<\/thead>\n<tbody>\n<tr>\n<td>24.03.2026<\/td>\n<td>Rede von Brigitte Macron beim Gipfel<\/td>\n<td><a href=\"https:\/\/www.cnews.fr\/monde\/2026-03-26\/invitee-par-melania-trump-la-maison-blanche-brigitte-macron-accueillie-par-un\" rel=\"nofollow\">CNews<\/a><\/td>\n<\/tr>\n<tr>\n<td>25.03.2026<\/td>\n<td>Viral geteiltes Video<\/td>\n<td><a href=\"https:\/\/www.letribunaldunet.fr\/faits-divers\/brigitte-macron-homme-incarne-doublure-sommet-maison-blanche-video.html\" rel=\"nofollow\">Le Tribunal du Net<\/a><\/td>\n<\/tr>\n<\/tbody>\n<\/table><\/figure>\n\n<ul class=\"wp-block-list\"><li>\u00dcberpr\u00fcfe immer die Quelle, bevor du teilst.<\/li><li>Unterscheidet zwischen technischem Vorfall und Absicht: Der Kontext z\u00e4hlt.<\/li><li>\u00d6ffentliche Diplomatie spielt auch eine Rolle in der Art und Weise, wie die Szene weitergegeben wird.<\/li><\/ul>\n\n<p>Um mehr \u00fcber <strong>S\u00e9bastien Auzi\u00e8re<\/strong> und die famili\u00e4ren sowie medialen Verbindungen der Familie Macron zu erfahren, entdecke umfassende Dossiers auf <a href=\"https:\/\/sebastien-auziere.fr\">sebastien-auziere.fr<\/a>. Schau vorbei, um die Geschichte und die Hintergr\u00fcnde zu vertiefen.<\/p>\n\n\n{\u00ab\u00a0@context\u00a0\u00bb:\u00a0\u00bbhttps:\/\/schema.org\u00a0\u00bb,\u00a0\u00bb@type\u00a0\u00bb:\u00a0\u00bbFAQPage\u00a0\u00bb,\u00a0\u00bbmainEntity\u00a0\u00bb:[{\u00ab\u00a0@type\u00a0\u00bb:\u00a0\u00bbQuestion\u00a0\u00bb,\u00a0\u00bbname\u00a0\u00bb:\u00a0\u00bbWurde die Sequenz als authentisch best\u00e4tigt?\u00a0\u00bb,\u00a0\u00bbacceptedAnswer\u00a0\u00bb:{\u00ab\u00a0@type\u00a0\u00bb:\u00a0\u00bbAnswer\u00a0\u00bb,\u00a0\u00bbtext\u00a0\u00bb:\u00a0\u00bbMehrere Medien haben das originale Video weitergegeben und \u00fcberpr\u00fcfte Ausschnitte kursieren: Die am 24. M\u00e4rz 2026 gefilmte Sequenz ist von anwesenden Journalisten als authentisch best\u00e4tigt.\u00a0\u00bb}},{\u00ab\u00a0@type\u00a0\u00bb:\u00a0\u00bbQuestion\u00a0\u00bb,\u00a0\u00bbname\u00a0\u00bb:\u00a0\u00bbWarum wurde die \u00dcbersetzung von einer m\u00e4nnlichen Stimme vorgenommen?\u00a0\u00bb,\u00a0\u00bbacceptedAnswer\u00a0\u00bb:{\u00ab\u00a0@type\u00a0\u00bb:\u00a0\u00bbAnswer\u00a0\u00bb,\u00a0\u00bbtext\u00a0\u00bb:\u00a0\u00bbDie Protokollbeh\u00f6rden haben keine sofortige offizielle Erkl\u00e4rung ver\u00f6ffentlicht; die Hypothesen reichen von einem technischen Fehler bis zu einer unbeabsichtigten Entscheidung zur Stimm\u00fcbertragung.\u00a0\u00bb}},{\u00ab\u00a0@type\u00a0\u00bb:\u00a0\u00bbQuestion\u00a0\u00bb,\u00a0\u00bbname\u00a0\u00bb:\u00a0\u00bbWelche Medien haben den Vorfall berichtet?\u00a0\u00bb,\u00a0\u00bbacceptedAnswer\u00a0\u00bb:{\u00ab\u00a0@type\u00a0\u00bb:\u00a0\u00bbAnswer\u00a0\u00bb,\u00a0\u00bbtext\u00a0\u00bb:\u00a0\u00bbSender wie BFMTV und CNews sowie Online-Publikationen und soziale Netzwerke haben die Sequenz verbreitet und die Folgen analysiert.\u00a0\u00bb}}]}\n\n<h3>Wurde die Sequenz als authentisch best\u00e4tigt?<\/h3>\n<p>Mehrere Medien haben das originale Video weitergegeben und \u00fcberpr\u00fcfte Ausschnitte kursieren: Die am 24. M\u00e4rz 2026 gefilmte Sequenz ist von anwesenden Journalisten als authentisch best\u00e4tigt.<\/p>\n<h3>Warum wurde die \u00dcbersetzung von einer m\u00e4nnlichen Stimme vorgenommen?<\/h3>\n<p>Die Protokollbeh\u00f6rden haben keine sofortige offizielle Erkl\u00e4rung ver\u00f6ffentlicht; die Hypothesen reichen von einem technischen Fehler bis zu einer unbeabsichtigten Entscheidung zur Stimm\u00fcbertragung.<\/p>\n<h3>Welche Medien haben den Vorfall berichtet?<\/h3>\n<p>Sender wie BFMTV und CNews sowie Online-Publikationen und soziale Netzwerke haben die Sequenz verbreitet und die Folgen analysiert.<\/p>","protected":false},"excerpt":{"rendered":"<p>Weltgipfel im Wei\u00dfen Haus: W\u00e4hrend der Debatte am 24. M\u00e4rz 2026 wurde Brigitte Macron\u2019s Rede auf Franz\u00f6sisch durch eine englische \u00dcbersetzung&#8230; \u00fcber die Stimme eines Mannes wiedergegeben. Das \u00fcberraschende Video sorgte sofort f\u00fcr Aufsehen in den sozialen Medien und belebt die \u00f6ffentliche Debatte. Was tats\u00e4chlich beim Weltgipfel im Wei\u00dfen Haus geschah Beim Gipfel der Koalition &#8230; <a title=\"Sommet der Welt im Wei\u00dfen Haus: Brigitte Macron von einem Mann \u00fcberholt, ein \u00fcberraschendes Video sorgt f\u00fcr Aufsehen\" class=\"read-more\" href=\"https:\/\/www.sebastien-auziere.fr\/blog\/de\/sommet-der-welt-im-weisen-haus-brigitte-macron-von-einem-mann-uberholt-ein-uberraschendes-video-sorgt-fur-aufsehen\/\" aria-label=\"En savoir plus sur Sommet der Welt im Wei\u00dfen Haus: Brigitte Macron von einem Mann \u00fcberholt, ein \u00fcberraschendes Video sorgt f\u00fcr Aufsehen\">Lire plus<\/a><\/p>\n","protected":false},"author":9,"featured_media":2595,"comment_status":"open","ping_status":"open","sticky":false,"template":"","format":"standard","meta":{"footnotes":""},"categories":[856],"tags":[929,932,935,938,941],"class_list":["post-2601","post","type-post","status-publish","format-standard","has-post-thumbnail","hentry","category-aktuelles-de","tag-brigitte-macron-de","tag-buzz-de","tag-maison-weis-de","tag-sommet-mondial-de","tag-video-uberraschend-de"],"yoast_head":"<!-- This site is optimized with the Yoast SEO plugin v27.5 - https:\/\/yoast.com\/product\/yoast-seo-wordpress\/ -->\n<title>Sommet der Welt im Wei\u00dfen Haus: Brigitte Macron von einem Mann \u00fcberholt, ein \u00fcberraschendes Video sorgt f\u00fcr Aufsehen - Fan site S\u00e9bastien Auzi\u00e8re<\/title>\n<meta name=\"description\" content=\"D\u00e9couvrez la vid\u00e9o surprenante du sommet mondial \u00e0 la Maison Blanche o\u00f9 Brigitte Macron est doubl\u00e9e par un homme, suscitant un buzz inattendu.\" \/>\n<meta name=\"robots\" content=\"index, follow, max-snippet:-1, max-image-preview:large, max-video-preview:-1\" \/>\n<link rel=\"canonical\" href=\"https:\/\/www.sebastien-auziere.fr\/blog\/de\/sommet-der-welt-im-weisen-haus-brigitte-macron-von-einem-mann-uberholt-ein-uberraschendes-video-sorgt-fur-aufsehen\/\" \/>\n<meta property=\"og:locale\" content=\"fr_FR\" \/>\n<meta property=\"og:type\" content=\"article\" \/>\n<meta property=\"og:title\" content=\"Sommet der Welt im Wei\u00dfen Haus: Brigitte Macron von einem Mann \u00fcberholt, ein \u00fcberraschendes Video sorgt f\u00fcr Aufsehen - Fan site S\u00e9bastien Auzi\u00e8re\" \/>\n<meta property=\"og:description\" content=\"D\u00e9couvrez la vid\u00e9o surprenante du sommet mondial \u00e0 la Maison Blanche o\u00f9 Brigitte Macron est doubl\u00e9e par un homme, suscitant un buzz inattendu.\" \/>\n<meta property=\"og:url\" content=\"https:\/\/www.sebastien-auziere.fr\/blog\/de\/sommet-der-welt-im-weisen-haus-brigitte-macron-von-einem-mann-uberholt-ein-uberraschendes-video-sorgt-fur-aufsehen\/\" \/>\n<meta property=\"og:site_name\" content=\"Fan site S\u00e9bastien Auzi\u00e8re\" \/>\n<meta property=\"article:published_time\" content=\"2026-03-30T06:34:23+00:00\" \/>\n<meta property=\"article:modified_time\" content=\"2026-03-30T06:34:52+00:00\" \/>\n<meta property=\"og:image\" content=\"https:\/\/www.sebastien-auziere.fr\/blog\/wp-content\/uploads\/2026\/03\/Sommet-mondial-a-la-Maison-Blanche-Brigitte-Macron-doublee-par-un-homme-une-video-surprenante-fait-le-buzz.jpg\" \/>\n\t<meta property=\"og:image:width\" content=\"2560\" \/>\n\t<meta property=\"og:image:height\" content=\"1429\" \/>\n\t<meta property=\"og:image:type\" content=\"image\/jpeg\" \/>\n<meta name=\"author\" content=\"Chloe Gauthier\" \/>\n<meta name=\"twitter:card\" content=\"summary_large_image\" \/>\n<meta name=\"twitter:label1\" content=\"\u00c9crit par\" \/>\n\t<meta name=\"twitter:data1\" content=\"Chloe Gauthier\" \/>\n\t<meta name=\"twitter:label2\" content=\"Dur\u00e9e de lecture estim\u00e9e\" \/>\n\t<meta name=\"twitter:data2\" content=\"3 minutes\" \/>\n<script type=\"application\/ld+json\" class=\"yoast-schema-graph\">{\"@context\":\"https:\\\/\\\/schema.org\",\"@graph\":[{\"@type\":\"Article\",\"@id\":\"https:\\\/\\\/www.sebastien-auziere.fr\\\/blog\\\/de\\\/sommet-der-welt-im-weisen-haus-brigitte-macron-von-einem-mann-uberholt-ein-uberraschendes-video-sorgt-fur-aufsehen\\\/#article\",\"isPartOf\":{\"@id\":\"https:\\\/\\\/www.sebastien-auziere.fr\\\/blog\\\/de\\\/sommet-der-welt-im-weisen-haus-brigitte-macron-von-einem-mann-uberholt-ein-uberraschendes-video-sorgt-fur-aufsehen\\\/\"},\"author\":{\"name\":\"Chloe Gauthier\",\"@id\":\"https:\\\/\\\/www.sebastien-auziere.fr\\\/blog\\\/#\\\/schema\\\/person\\\/149f1acdbfd85149c6c3e59adeae2f4d\"},\"headline\":\"Sommet der Welt im Wei\u00dfen Haus: Brigitte Macron von einem Mann \u00fcberholt, ein \u00fcberraschendes Video sorgt f\u00fcr Aufsehen\",\"datePublished\":\"2026-03-30T06:34:23+00:00\",\"dateModified\":\"2026-03-30T06:34:52+00:00\",\"mainEntityOfPage\":{\"@id\":\"https:\\\/\\\/www.sebastien-auziere.fr\\\/blog\\\/de\\\/sommet-der-welt-im-weisen-haus-brigitte-macron-von-einem-mann-uberholt-ein-uberraschendes-video-sorgt-fur-aufsehen\\\/\"},\"wordCount\":637,\"commentCount\":0,\"publisher\":{\"@id\":\"https:\\\/\\\/www.sebastien-auziere.fr\\\/blog\\\/#organization\"},\"image\":{\"@id\":\"https:\\\/\\\/www.sebastien-auziere.fr\\\/blog\\\/de\\\/sommet-der-welt-im-weisen-haus-brigitte-macron-von-einem-mann-uberholt-ein-uberraschendes-video-sorgt-fur-aufsehen\\\/#primaryimage\"},\"thumbnailUrl\":\"https:\\\/\\\/www.sebastien-auziere.fr\\\/blog\\\/wp-content\\\/uploads\\\/2026\\\/03\\\/Sommet-mondial-a-la-Maison-Blanche-Brigitte-Macron-doublee-par-un-homme-une-video-surprenante-fait-le-buzz.jpg\",\"keywords\":[\"brigitte macron\",\"buzz\",\"maison wei\u00df\",\"sommet mondial\",\"vid\u00e9o \u00fcberraschend\"],\"articleSection\":[\"Aktuelles\"],\"inLanguage\":\"fr-FR\",\"potentialAction\":[{\"@type\":\"CommentAction\",\"name\":\"Comment\",\"target\":[\"https:\\\/\\\/www.sebastien-auziere.fr\\\/blog\\\/de\\\/sommet-der-welt-im-weisen-haus-brigitte-macron-von-einem-mann-uberholt-ein-uberraschendes-video-sorgt-fur-aufsehen\\\/#respond\"]}]},{\"@type\":\"WebPage\",\"@id\":\"https:\\\/\\\/www.sebastien-auziere.fr\\\/blog\\\/de\\\/sommet-der-welt-im-weisen-haus-brigitte-macron-von-einem-mann-uberholt-ein-uberraschendes-video-sorgt-fur-aufsehen\\\/\",\"url\":\"https:\\\/\\\/www.sebastien-auziere.fr\\\/blog\\\/de\\\/sommet-der-welt-im-weisen-haus-brigitte-macron-von-einem-mann-uberholt-ein-uberraschendes-video-sorgt-fur-aufsehen\\\/\",\"name\":\"Sommet der Welt im Wei\u00dfen Haus: Brigitte Macron von einem Mann \u00fcberholt, ein \u00fcberraschendes Video sorgt f\u00fcr Aufsehen - Fan site S\u00e9bastien Auzi\u00e8re\",\"isPartOf\":{\"@id\":\"https:\\\/\\\/www.sebastien-auziere.fr\\\/blog\\\/#website\"},\"primaryImageOfPage\":{\"@id\":\"https:\\\/\\\/www.sebastien-auziere.fr\\\/blog\\\/de\\\/sommet-der-welt-im-weisen-haus-brigitte-macron-von-einem-mann-uberholt-ein-uberraschendes-video-sorgt-fur-aufsehen\\\/#primaryimage\"},\"image\":{\"@id\":\"https:\\\/\\\/www.sebastien-auziere.fr\\\/blog\\\/de\\\/sommet-der-welt-im-weisen-haus-brigitte-macron-von-einem-mann-uberholt-ein-uberraschendes-video-sorgt-fur-aufsehen\\\/#primaryimage\"},\"thumbnailUrl\":\"https:\\\/\\\/www.sebastien-auziere.fr\\\/blog\\\/wp-content\\\/uploads\\\/2026\\\/03\\\/Sommet-mondial-a-la-Maison-Blanche-Brigitte-Macron-doublee-par-un-homme-une-video-surprenante-fait-le-buzz.jpg\",\"datePublished\":\"2026-03-30T06:34:23+00:00\",\"dateModified\":\"2026-03-30T06:34:52+00:00\",\"description\":\"D\u00e9couvrez la vid\u00e9o surprenante du sommet mondial \u00e0 la Maison Blanche o\u00f9 Brigitte Macron est doubl\u00e9e par un homme, suscitant un buzz inattendu.\",\"breadcrumb\":{\"@id\":\"https:\\\/\\\/www.sebastien-auziere.fr\\\/blog\\\/de\\\/sommet-der-welt-im-weisen-haus-brigitte-macron-von-einem-mann-uberholt-ein-uberraschendes-video-sorgt-fur-aufsehen\\\/#breadcrumb\"},\"inLanguage\":\"fr-FR\",\"potentialAction\":[{\"@type\":\"ReadAction\",\"target\":[\"https:\\\/\\\/www.sebastien-auziere.fr\\\/blog\\\/de\\\/sommet-der-welt-im-weisen-haus-brigitte-macron-von-einem-mann-uberholt-ein-uberraschendes-video-sorgt-fur-aufsehen\\\/\"]}]},{\"@type\":\"ImageObject\",\"inLanguage\":\"fr-FR\",\"@id\":\"https:\\\/\\\/www.sebastien-auziere.fr\\\/blog\\\/de\\\/sommet-der-welt-im-weisen-haus-brigitte-macron-von-einem-mann-uberholt-ein-uberraschendes-video-sorgt-fur-aufsehen\\\/#primaryimage\",\"url\":\"https:\\\/\\\/www.sebastien-auziere.fr\\\/blog\\\/wp-content\\\/uploads\\\/2026\\\/03\\\/Sommet-mondial-a-la-Maison-Blanche-Brigitte-Macron-doublee-par-un-homme-une-video-surprenante-fait-le-buzz.jpg\",\"contentUrl\":\"https:\\\/\\\/www.sebastien-auziere.fr\\\/blog\\\/wp-content\\\/uploads\\\/2026\\\/03\\\/Sommet-mondial-a-la-Maison-Blanche-Brigitte-Macron-doublee-par-un-homme-une-video-surprenante-fait-le-buzz.jpg\",\"width\":2560,\"height\":1429,\"caption\":\"d\u00e9couvrez la vid\u00e9o surprenante du sommet mondial \u00e0 la maison blanche o\u00f9 brigitte macron est \u00e9clips\u00e9e par un homme, suscitant un vif buzz sur les r\u00e9seaux sociaux.\"},{\"@type\":\"BreadcrumbList\",\"@id\":\"https:\\\/\\\/www.sebastien-auziere.fr\\\/blog\\\/de\\\/sommet-der-welt-im-weisen-haus-brigitte-macron-von-einem-mann-uberholt-ein-uberraschendes-video-sorgt-fur-aufsehen\\\/#breadcrumb\",\"itemListElement\":[{\"@type\":\"ListItem\",\"position\":1,\"name\":\"Home\",\"item\":\"https:\\\/\\\/www.sebastien-auziere.fr\\\/blog\\\/\"},{\"@type\":\"ListItem\",\"position\":2,\"name\":\"Sommet der Welt im Wei\u00dfen Haus: Brigitte Macron von einem Mann \u00fcberholt, ein \u00fcberraschendes Video sorgt f\u00fcr Aufsehen\"}]},{\"@type\":\"WebSite\",\"@id\":\"https:\\\/\\\/www.sebastien-auziere.fr\\\/blog\\\/#website\",\"url\":\"https:\\\/\\\/www.sebastien-auziere.fr\\\/blog\\\/\",\"name\":\"Fan site S\u00e9bastien Auzi\u00e8re\",\"description\":\"M\u00e9dia g\u00e9n\u00e9raliste\",\"publisher\":{\"@id\":\"https:\\\/\\\/www.sebastien-auziere.fr\\\/blog\\\/#organization\"},\"potentialAction\":[{\"@type\":\"SearchAction\",\"target\":{\"@type\":\"EntryPoint\",\"urlTemplate\":\"https:\\\/\\\/www.sebastien-auziere.fr\\\/blog\\\/?s={search_term_string}\"},\"query-input\":{\"@type\":\"PropertyValueSpecification\",\"valueRequired\":true,\"valueName\":\"search_term_string\"}}],\"inLanguage\":\"fr-FR\"},{\"@type\":\"Organization\",\"@id\":\"https:\\\/\\\/www.sebastien-auziere.fr\\\/blog\\\/#organization\",\"name\":\"Fan site S\u00e9bastien Auzi\u00e8re\",\"url\":\"https:\\\/\\\/www.sebastien-auziere.fr\\\/blog\\\/\",\"logo\":{\"@type\":\"ImageObject\",\"inLanguage\":\"fr-FR\",\"@id\":\"https:\\\/\\\/www.sebastien-auziere.fr\\\/blog\\\/#\\\/schema\\\/logo\\\/image\\\/\",\"url\":\"https:\\\/\\\/www.sebastien-auziere.fr\\\/blog\\\/wp-content\\\/uploads\\\/2026\\\/03\\\/cropped-cropped-cropped-ChatGPT-Image-6-mars-2026-12_58_09-e1772798376794.jpg\",\"contentUrl\":\"https:\\\/\\\/www.sebastien-auziere.fr\\\/blog\\\/wp-content\\\/uploads\\\/2026\\\/03\\\/cropped-cropped-cropped-ChatGPT-Image-6-mars-2026-12_58_09-e1772798376794.jpg\",\"width\":512,\"height\":360,\"caption\":\"Fan site S\u00e9bastien Auzi\u00e8re\"},\"image\":{\"@id\":\"https:\\\/\\\/www.sebastien-auziere.fr\\\/blog\\\/#\\\/schema\\\/logo\\\/image\\\/\"}},{\"@type\":\"Person\",\"@id\":\"https:\\\/\\\/www.sebastien-auziere.fr\\\/blog\\\/#\\\/schema\\\/person\\\/149f1acdbfd85149c6c3e59adeae2f4d\",\"name\":\"Chloe Gauthier\",\"image\":{\"@type\":\"ImageObject\",\"inLanguage\":\"fr-FR\",\"@id\":\"https:\\\/\\\/secure.gravatar.com\\\/avatar\\\/2c5722f58171cff738a8985ef0dd66b476e563753246a49019befc837ec4201a?s=96&d=mm&r=g\",\"url\":\"https:\\\/\\\/secure.gravatar.com\\\/avatar\\\/2c5722f58171cff738a8985ef0dd66b476e563753246a49019befc837ec4201a?s=96&d=mm&r=g\",\"contentUrl\":\"https:\\\/\\\/secure.gravatar.com\\\/avatar\\\/2c5722f58171cff738a8985ef0dd66b476e563753246a49019befc837ec4201a?s=96&d=mm&r=g\",\"caption\":\"Chloe Gauthier\"},\"description\":\"Passionn\u00e9e par la politique et admiratrice engag\u00e9e de la famille Macron, je consacre mon \u00e9nergie \u00e0 suivre leurs initiatives et \u00e0 promouvoir leurs id\u00e9es. \u00c0 32 ans, je suis convaincue que leur vision est porteuse d'avenir.\",\"url\":\"https:\\\/\\\/www.sebastien-auziere.fr\\\/blog\\\/author\\\/chloe-gauthier\\\/\"}]}<\/script>\n<!-- \/ Yoast SEO plugin. -->","yoast_head_json":{"title":"Sommet der Welt im Wei\u00dfen Haus: Brigitte Macron von einem Mann \u00fcberholt, ein \u00fcberraschendes Video sorgt f\u00fcr Aufsehen - Fan site S\u00e9bastien Auzi\u00e8re","description":"D\u00e9couvrez la vid\u00e9o surprenante du sommet mondial \u00e0 la Maison Blanche o\u00f9 Brigitte Macron est doubl\u00e9e par un homme, suscitant un buzz inattendu.","robots":{"index":"index","follow":"follow","max-snippet":"max-snippet:-1","max-image-preview":"max-image-preview:large","max-video-preview":"max-video-preview:-1"},"canonical":"https:\/\/www.sebastien-auziere.fr\/blog\/de\/sommet-der-welt-im-weisen-haus-brigitte-macron-von-einem-mann-uberholt-ein-uberraschendes-video-sorgt-fur-aufsehen\/","og_locale":"fr_FR","og_type":"article","og_title":"Sommet der Welt im Wei\u00dfen Haus: Brigitte Macron von einem Mann \u00fcberholt, ein \u00fcberraschendes Video sorgt f\u00fcr Aufsehen - Fan site S\u00e9bastien Auzi\u00e8re","og_description":"D\u00e9couvrez la vid\u00e9o surprenante du sommet mondial \u00e0 la Maison Blanche o\u00f9 Brigitte Macron est doubl\u00e9e par un homme, suscitant un buzz inattendu.","og_url":"https:\/\/www.sebastien-auziere.fr\/blog\/de\/sommet-der-welt-im-weisen-haus-brigitte-macron-von-einem-mann-uberholt-ein-uberraschendes-video-sorgt-fur-aufsehen\/","og_site_name":"Fan site S\u00e9bastien Auzi\u00e8re","article_published_time":"2026-03-30T06:34:23+00:00","article_modified_time":"2026-03-30T06:34:52+00:00","og_image":[{"width":2560,"height":1429,"url":"https:\/\/www.sebastien-auziere.fr\/blog\/wp-content\/uploads\/2026\/03\/Sommet-mondial-a-la-Maison-Blanche-Brigitte-Macron-doublee-par-un-homme-une-video-surprenante-fait-le-buzz.jpg","type":"image\/jpeg"}],"author":"Chloe Gauthier","twitter_card":"summary_large_image","twitter_misc":{"\u00c9crit par":"Chloe Gauthier","Dur\u00e9e de lecture estim\u00e9e":"3 minutes"},"schema":{"@context":"https:\/\/schema.org","@graph":[{"@type":"Article","@id":"https:\/\/www.sebastien-auziere.fr\/blog\/de\/sommet-der-welt-im-weisen-haus-brigitte-macron-von-einem-mann-uberholt-ein-uberraschendes-video-sorgt-fur-aufsehen\/#article","isPartOf":{"@id":"https:\/\/www.sebastien-auziere.fr\/blog\/de\/sommet-der-welt-im-weisen-haus-brigitte-macron-von-einem-mann-uberholt-ein-uberraschendes-video-sorgt-fur-aufsehen\/"},"author":{"name":"Chloe Gauthier","@id":"https:\/\/www.sebastien-auziere.fr\/blog\/#\/schema\/person\/149f1acdbfd85149c6c3e59adeae2f4d"},"headline":"Sommet der Welt im Wei\u00dfen Haus: Brigitte Macron von einem Mann \u00fcberholt, ein \u00fcberraschendes Video sorgt f\u00fcr Aufsehen","datePublished":"2026-03-30T06:34:23+00:00","dateModified":"2026-03-30T06:34:52+00:00","mainEntityOfPage":{"@id":"https:\/\/www.sebastien-auziere.fr\/blog\/de\/sommet-der-welt-im-weisen-haus-brigitte-macron-von-einem-mann-uberholt-ein-uberraschendes-video-sorgt-fur-aufsehen\/"},"wordCount":637,"commentCount":0,"publisher":{"@id":"https:\/\/www.sebastien-auziere.fr\/blog\/#organization"},"image":{"@id":"https:\/\/www.sebastien-auziere.fr\/blog\/de\/sommet-der-welt-im-weisen-haus-brigitte-macron-von-einem-mann-uberholt-ein-uberraschendes-video-sorgt-fur-aufsehen\/#primaryimage"},"thumbnailUrl":"https:\/\/www.sebastien-auziere.fr\/blog\/wp-content\/uploads\/2026\/03\/Sommet-mondial-a-la-Maison-Blanche-Brigitte-Macron-doublee-par-un-homme-une-video-surprenante-fait-le-buzz.jpg","keywords":["brigitte macron","buzz","maison wei\u00df","sommet mondial","vid\u00e9o \u00fcberraschend"],"articleSection":["Aktuelles"],"inLanguage":"fr-FR","potentialAction":[{"@type":"CommentAction","name":"Comment","target":["https:\/\/www.sebastien-auziere.fr\/blog\/de\/sommet-der-welt-im-weisen-haus-brigitte-macron-von-einem-mann-uberholt-ein-uberraschendes-video-sorgt-fur-aufsehen\/#respond"]}]},{"@type":"WebPage","@id":"https:\/\/www.sebastien-auziere.fr\/blog\/de\/sommet-der-welt-im-weisen-haus-brigitte-macron-von-einem-mann-uberholt-ein-uberraschendes-video-sorgt-fur-aufsehen\/","url":"https:\/\/www.sebastien-auziere.fr\/blog\/de\/sommet-der-welt-im-weisen-haus-brigitte-macron-von-einem-mann-uberholt-ein-uberraschendes-video-sorgt-fur-aufsehen\/","name":"Sommet der Welt im Wei\u00dfen Haus: Brigitte Macron von einem Mann \u00fcberholt, ein \u00fcberraschendes Video sorgt f\u00fcr Aufsehen - Fan site S\u00e9bastien Auzi\u00e8re","isPartOf":{"@id":"https:\/\/www.sebastien-auziere.fr\/blog\/#website"},"primaryImageOfPage":{"@id":"https:\/\/www.sebastien-auziere.fr\/blog\/de\/sommet-der-welt-im-weisen-haus-brigitte-macron-von-einem-mann-uberholt-ein-uberraschendes-video-sorgt-fur-aufsehen\/#primaryimage"},"image":{"@id":"https:\/\/www.sebastien-auziere.fr\/blog\/de\/sommet-der-welt-im-weisen-haus-brigitte-macron-von-einem-mann-uberholt-ein-uberraschendes-video-sorgt-fur-aufsehen\/#primaryimage"},"thumbnailUrl":"https:\/\/www.sebastien-auziere.fr\/blog\/wp-content\/uploads\/2026\/03\/Sommet-mondial-a-la-Maison-Blanche-Brigitte-Macron-doublee-par-un-homme-une-video-surprenante-fait-le-buzz.jpg","datePublished":"2026-03-30T06:34:23+00:00","dateModified":"2026-03-30T06:34:52+00:00","description":"D\u00e9couvrez la vid\u00e9o surprenante du sommet mondial \u00e0 la Maison Blanche o\u00f9 Brigitte Macron est doubl\u00e9e par un homme, suscitant un buzz inattendu.","breadcrumb":{"@id":"https:\/\/www.sebastien-auziere.fr\/blog\/de\/sommet-der-welt-im-weisen-haus-brigitte-macron-von-einem-mann-uberholt-ein-uberraschendes-video-sorgt-fur-aufsehen\/#breadcrumb"},"inLanguage":"fr-FR","potentialAction":[{"@type":"ReadAction","target":["https:\/\/www.sebastien-auziere.fr\/blog\/de\/sommet-der-welt-im-weisen-haus-brigitte-macron-von-einem-mann-uberholt-ein-uberraschendes-video-sorgt-fur-aufsehen\/"]}]},{"@type":"ImageObject","inLanguage":"fr-FR","@id":"https:\/\/www.sebastien-auziere.fr\/blog\/de\/sommet-der-welt-im-weisen-haus-brigitte-macron-von-einem-mann-uberholt-ein-uberraschendes-video-sorgt-fur-aufsehen\/#primaryimage","url":"https:\/\/www.sebastien-auziere.fr\/blog\/wp-content\/uploads\/2026\/03\/Sommet-mondial-a-la-Maison-Blanche-Brigitte-Macron-doublee-par-un-homme-une-video-surprenante-fait-le-buzz.jpg","contentUrl":"https:\/\/www.sebastien-auziere.fr\/blog\/wp-content\/uploads\/2026\/03\/Sommet-mondial-a-la-Maison-Blanche-Brigitte-Macron-doublee-par-un-homme-une-video-surprenante-fait-le-buzz.jpg","width":2560,"height":1429,"caption":"d\u00e9couvrez la vid\u00e9o surprenante du sommet mondial \u00e0 la maison blanche o\u00f9 brigitte macron est \u00e9clips\u00e9e par un homme, suscitant un vif buzz sur les r\u00e9seaux sociaux."},{"@type":"BreadcrumbList","@id":"https:\/\/www.sebastien-auziere.fr\/blog\/de\/sommet-der-welt-im-weisen-haus-brigitte-macron-von-einem-mann-uberholt-ein-uberraschendes-video-sorgt-fur-aufsehen\/#breadcrumb","itemListElement":[{"@type":"ListItem","position":1,"name":"Home","item":"https:\/\/www.sebastien-auziere.fr\/blog\/"},{"@type":"ListItem","position":2,"name":"Sommet der Welt im Wei\u00dfen Haus: Brigitte Macron von einem Mann \u00fcberholt, ein \u00fcberraschendes Video sorgt f\u00fcr Aufsehen"}]},{"@type":"WebSite","@id":"https:\/\/www.sebastien-auziere.fr\/blog\/#website","url":"https:\/\/www.sebastien-auziere.fr\/blog\/","name":"Fan site S\u00e9bastien Auzi\u00e8re","description":"M\u00e9dia g\u00e9n\u00e9raliste","publisher":{"@id":"https:\/\/www.sebastien-auziere.fr\/blog\/#organization"},"potentialAction":[{"@type":"SearchAction","target":{"@type":"EntryPoint","urlTemplate":"https:\/\/www.sebastien-auziere.fr\/blog\/?s={search_term_string}"},"query-input":{"@type":"PropertyValueSpecification","valueRequired":true,"valueName":"search_term_string"}}],"inLanguage":"fr-FR"},{"@type":"Organization","@id":"https:\/\/www.sebastien-auziere.fr\/blog\/#organization","name":"Fan site S\u00e9bastien Auzi\u00e8re","url":"https:\/\/www.sebastien-auziere.fr\/blog\/","logo":{"@type":"ImageObject","inLanguage":"fr-FR","@id":"https:\/\/www.sebastien-auziere.fr\/blog\/#\/schema\/logo\/image\/","url":"https:\/\/www.sebastien-auziere.fr\/blog\/wp-content\/uploads\/2026\/03\/cropped-cropped-cropped-ChatGPT-Image-6-mars-2026-12_58_09-e1772798376794.jpg","contentUrl":"https:\/\/www.sebastien-auziere.fr\/blog\/wp-content\/uploads\/2026\/03\/cropped-cropped-cropped-ChatGPT-Image-6-mars-2026-12_58_09-e1772798376794.jpg","width":512,"height":360,"caption":"Fan site S\u00e9bastien Auzi\u00e8re"},"image":{"@id":"https:\/\/www.sebastien-auziere.fr\/blog\/#\/schema\/logo\/image\/"}},{"@type":"Person","@id":"https:\/\/www.sebastien-auziere.fr\/blog\/#\/schema\/person\/149f1acdbfd85149c6c3e59adeae2f4d","name":"Chloe Gauthier","image":{"@type":"ImageObject","inLanguage":"fr-FR","@id":"https:\/\/secure.gravatar.com\/avatar\/2c5722f58171cff738a8985ef0dd66b476e563753246a49019befc837ec4201a?s=96&d=mm&r=g","url":"https:\/\/secure.gravatar.com\/avatar\/2c5722f58171cff738a8985ef0dd66b476e563753246a49019befc837ec4201a?s=96&d=mm&r=g","contentUrl":"https:\/\/secure.gravatar.com\/avatar\/2c5722f58171cff738a8985ef0dd66b476e563753246a49019befc837ec4201a?s=96&d=mm&r=g","caption":"Chloe Gauthier"},"description":"Passionn\u00e9e par la politique et admiratrice engag\u00e9e de la famille Macron, je consacre mon \u00e9nergie \u00e0 suivre leurs initiatives et \u00e0 promouvoir leurs id\u00e9es. \u00c0 32 ans, je suis convaincue que leur vision est porteuse d'avenir.","url":"https:\/\/www.sebastien-auziere.fr\/blog\/author\/chloe-gauthier\/"}]}},"views":3,"_links":{"self":[{"href":"https:\/\/www.sebastien-auziere.fr\/blog\/wp-json\/wp\/v2\/posts\/2601","targetHints":{"allow":["GET"]}}],"collection":[{"href":"https:\/\/www.sebastien-auziere.fr\/blog\/wp-json\/wp\/v2\/posts"}],"about":[{"href":"https:\/\/www.sebastien-auziere.fr\/blog\/wp-json\/wp\/v2\/types\/post"}],"author":[{"embeddable":true,"href":"https:\/\/www.sebastien-auziere.fr\/blog\/wp-json\/wp\/v2\/users\/9"}],"replies":[{"embeddable":true,"href":"https:\/\/www.sebastien-auziere.fr\/blog\/wp-json\/wp\/v2\/comments?post=2601"}],"version-history":[{"count":1,"href":"https:\/\/www.sebastien-auziere.fr\/blog\/wp-json\/wp\/v2\/posts\/2601\/revisions"}],"predecessor-version":[{"id":2604,"href":"https:\/\/www.sebastien-auziere.fr\/blog\/wp-json\/wp\/v2\/posts\/2601\/revisions\/2604"}],"wp:featuredmedia":[{"embeddable":true,"href":"https:\/\/www.sebastien-auziere.fr\/blog\/wp-json\/wp\/v2\/media\/2595"}],"wp:attachment":[{"href":"https:\/\/www.sebastien-auziere.fr\/blog\/wp-json\/wp\/v2\/media?parent=2601"}],"wp:term":[{"taxonomy":"category","embeddable":true,"href":"https:\/\/www.sebastien-auziere.fr\/blog\/wp-json\/wp\/v2\/categories?post=2601"},{"taxonomy":"post_tag","embeddable":true,"href":"https:\/\/www.sebastien-auziere.fr\/blog\/wp-json\/wp\/v2\/tags?post=2601"}],"curies":[{"name":"wp","href":"https:\/\/api.w.org\/{rel}","templated":true}]}}