{"id":2599,"date":"2026-03-30T06:33:22","date_gmt":"2026-03-30T06:33:22","guid":{"rendered":"https:\/\/www.sebastien-auziere.fr\/blog\/?p=2599"},"modified":"2026-03-30T06:33:51","modified_gmt":"2026-03-30T06:33:51","slug":"sommet-mundial-en-la-casa-blanca-brigitte-macron-adelantada-por-un-hombre-un-video-sorprendente-esta-causando-sensacion","status":"publish","type":"post","link":"https:\/\/www.sebastien-auziere.fr\/blog\/es\/sommet-mundial-en-la-casa-blanca-brigitte-macron-adelantada-por-un-hombre-un-video-sorprendente-esta-causando-sensacion\/","title":{"rendered":"Sommet mundial en la Casa Blanca: Brigitte Macron adelantada por un hombre, un video sorprendente est\u00e1 causando sensaci\u00f3n"},"content":{"rendered":"<p><strong>Sommet mundial<\/strong> en la <strong>Casa Blanca<\/strong>: durante el debate del 24 de marzo de 2026, <strong>Brigitte Macron<\/strong> tuvo su intervenci\u00f3n en franc\u00e9s transmitida por una traducci\u00f3n al ingl\u00e9s llevada a cabo&#8230; por la voz de un <strong>hombre<\/strong>. El <strong>video sorprendente<\/strong> inmediatamente se volvi\u00f3 viral en las redes y reaviv\u00f3 el debate p\u00fablico.<\/p>\n\n<ul class=\"wp-block-list\"><li><strong>Fecha<\/strong>: 24 de marzo de 2026, cumbre \u00ab\u00a0Construyendo juntos el futuro\u00a0\u00bb invitada por Melania Trump.<\/li><li><strong>Lugar<\/strong>: <strong>Casa Blanca<\/strong>.<\/li><li><strong>Incidente<\/strong>: doblaje en ingl\u00e9s por una voz masculina.<\/li><li><strong>Reacciones<\/strong>: millones de vistas y comentarios mixtos.<\/li><li><strong>Fuentes<\/strong>: art\u00edculos y videos compartidos por <a href=\"https:\/\/www.cnews.fr\/monde\/2026-03-26\/invitee-par-melania-trump-la-maison-blanche-brigitte-macron-accueillie-par-un\" rel=\"nofollow\">CNews<\/a> y <a href=\"https:\/\/www.letribunaldunet.fr\/faits-divers\/brigitte-macron-homme-incarne-doublure-sommet-maison-blanche-video.html\" rel=\"nofollow\">Le Tribunal du Net<\/a>.<\/li><\/ul>\n\n<h2 class=\"wp-block-heading\">Lo que realmente sucedi\u00f3 en la cumbre mundial en la Casa Blanca<\/h2>\n\n<p>Durante la cumbre de la coalici\u00f3n sobre educaci\u00f3n digital, <strong>Brigitte Macron<\/strong> habl\u00f3 en franc\u00e9s sobre la protecci\u00f3n de los ni\u00f1os en l\u00ednea. Un int\u00e9rprete tradujo su discurso al ingl\u00e9s, pero la secuencia emitida muestra claramente una voz masculina en el doblaje, provocando una ola de interrogantes.<\/p>\n\n<p>La secuencia fue filmada el 24 de marzo y se comparti\u00f3 masivamente: constataci\u00f3n factual, punto final.<\/p>\n\n<h2 class=\"wp-block-heading\">El <strong>video<\/strong> que hace <strong>buzz<\/strong> y las reacciones en l\u00ednea<\/h2>\n\n<p>El <strong>video sorprendente<\/strong> circul\u00f3 en Instagram, X y Facebook, generando millones de interacciones y reacciones contrastantes. Algunos lo ven como un error t\u00e9cnico; otros denuncian una puesta en escena inapropiada tras viejas rumores y una intensa cobertura medi\u00e1tica.<\/p>\n\n<p>Para ver el extracto tal como circula, consulta las publicaciones compartidas por <a href=\"https:\/\/www.instagram.com\/reels\/DWUSrh-iMwY\/\" rel=\"nofollow\">Instagram<\/a> y la cobertura de video de <a href=\"https:\/\/www.bfmtv.com\/international\/video-reseaux-sociaux-ecrans-brigitte-macron-prend-la-parole-lors-d-un-sommet-de-melania-trump-a-la-maison-blanche_VN-202603250667.html\" rel=\"nofollow\">BFMTV<\/a>. El impacto medi\u00e1tico es claro e inmediato.<\/p>\n\n<h2 class=\"wp-block-heading\">Contexto, cuestiones y memoria p\u00fablica en torno al incidente<\/h2>\n\n<p>La presencia de <strong>Brigitte Macron<\/strong> en la cumbre sigui\u00f3 a su compromiso por los ni\u00f1os a trav\u00e9s de la operaci\u00f3n <strong>Pi\u00e8ces Jaunes<\/strong> y la Fundaci\u00f3n de Hospitales. La escena ha sido comentada a la luz de antiguos rumores y un caso medi\u00e1tico que involucra a una periodista estadounidense, ya mencionado en los medios.<\/p>\n\n<p>La lecci\u00f3n: un incidente t\u00e9cnico puede reavivar pol\u00e9micas p\u00fablicas \u2014 y afectar la percepci\u00f3n pol\u00edtica a nivel internacional.<\/p>\n\n<figure class=\"wp-block-table\"><table>\n<thead>\n<tr>\n<th>Fecha<\/th>\n<th>Evento<\/th>\n<th>Fuente<\/th>\n<\/tr>\n<\/thead>\n<tbody>\n<tr>\n<td>24\/03\/2026<\/td>\n<td>Discurso de Brigitte Macron en la cumbre<\/td>\n<td><a href=\"https:\/\/www.cnews.fr\/monde\/2026-03-26\/invitee-par-melania-trump-la-maison-blanche-brigitte-macron-accueillie-par-un\" rel=\"nofollow\">CNews<\/a><\/td>\n<\/tr>\n<tr>\n<td>25\/03\/2026<\/td>\n<td>Video viral compartido<\/td>\n<td><a href=\"https:\/\/www.letribunaldunet.fr\/faits-divers\/brigitte-macron-homme-incarne-doublure-sommet-maison-blanche-video.html\" rel=\"nofollow\">Le Tribunal du Net<\/a><\/td>\n<\/tr>\n<\/tbody>\n<\/table><\/figure>\n\n<ul class=\"wp-block-list\"><li>Siempre verifica la fuente antes de compartir.<\/li><li>Distingue entre un incidente t\u00e9cnico y la intenci\u00f3n: el contexto cuenta.<\/li><li>La diplomacia p\u00fablica tambi\u00e9n se juega en la manera en que se transmite la escena.<\/li><\/ul>\n\n<p>Para saber m\u00e1s sobre <strong>S\u00e9bastien Auzi\u00e8re<\/strong> y los v\u00ednculos familiares y medi\u00e1ticos de la familia Macron, descubre dossieres completos en <a href=\"https:\/\/sebastien-auziere.fr\">sebastien-auziere.fr<\/a>. Ve a echar un vistazo para profundizar en la historia y las tramas detr\u00e1s.<\/p>\n\n\n{\u00ab\u00a0@context\u00a0\u00bb:\u00a0\u00bbhttps:\/\/schema.org\u00a0\u00bb,\u00a0\u00bb@type\u00a0\u00bb:\u00a0\u00bbFAQPage\u00a0\u00bb,\u00a0\u00bbmainEntity\u00a0\u00bb:[{\u00ab\u00a0@type\u00a0\u00bb:\u00a0\u00bbQuestion\u00a0\u00bb,\u00a0\u00bbname\u00a0\u00bb:\u00a0\u00bb\u00bfLa secuencia ha sido confirmada como aut\u00e9ntica?\u00a0\u00bb,\u00a0\u00bbacceptedAnswer\u00a0\u00bb:{\u00ab\u00a0@type\u00a0\u00bb:\u00a0\u00bbAnswer\u00a0\u00bb,\u00a0\u00bbtext\u00a0\u00bb:\u00a0\u00bbVarios medios han compartido el video original y circulan extractos verificados: la secuencia filmada en la cumbre del 24 de marzo de 2026 est\u00e1 autenticada por periodistas presentes.\u00a0\u00bb}},{\u00ab\u00a0@type\u00a0\u00bb:\u00a0\u00bbQuestion\u00a0\u00bb,\u00a0\u00bbname\u00a0\u00bb:\u00a0\u00bb\u00bfPor qu\u00e9 la traducci\u00f3n fue realizada por una voz masculina?\u00a0\u00bb,\u00a0\u00bbacceptedAnswer\u00a0\u00bb:{\u00ab\u00a0@type\u00a0\u00bb:\u00a0\u00bbAnswer\u00a0\u00bb,\u00a0\u00bbtext\u00a0\u00bb:\u00a0\u00bbLas autoridades del protocolo no han publicado una explicaci\u00f3n oficial inmediata; las hip\u00f3tesis van desde un error t\u00e9cnico a una decisi\u00f3n involuntaria de relevo vocal.\u00a0\u00bb}},{\u00ab\u00a0@type\u00a0\u00bb:\u00a0\u00bbQuestion\u00a0\u00bb,\u00a0\u00bbname\u00a0\u00bb:\u00a0\u00bb\u00bfQu\u00e9 medios cubrieron el incidente?\u00a0\u00bb,\u00a0\u00bbacceptedAnswer\u00a0\u00bb:{\u00ab\u00a0@type\u00a0\u00bb:\u00a0\u00bbAnswer\u00a0\u00bb,\u00a0\u00bbtext\u00a0\u00bb:\u00a0\u00bbCadenas como BFMTV y CNews, as\u00ed como publicaciones en l\u00ednea y redes sociales han difundido la secuencia y analizado sus repercusiones.\u00a0\u00bb}}]}\n\n<h3>\u00bfLa secuencia ha sido confirmada como aut\u00e9ntica?<\/h3>\n<p>Varios medios han compartido el video original y circulan extractos verificados: la secuencia filmada en la cumbre del 24 de marzo de 2026 est\u00e1 autenticada por periodistas presentes.<\/p>\n<h3>\u00bfPor qu\u00e9 la traducci\u00f3n fue realizada por una voz masculina?<\/h3>\n<p>Las autoridades del protocolo no han publicado una explicaci\u00f3n oficial inmediata; las hip\u00f3tesis van desde un error t\u00e9cnico a una decisi\u00f3n involuntaria de relevo vocal.<\/p>\n<h3>\u00bfQu\u00e9 medios cubrieron el incidente?<\/h3>\n<p>Cadenas como BFMTV y CNews, as\u00ed como publicaciones en l\u00ednea y redes sociales han difundido la secuencia y analizado sus repercusiones.<\/p>","protected":false},"excerpt":{"rendered":"<p>Sommet mundial en la Casa Blanca: durante el debate del 24 de marzo de 2026, Brigitte Macron tuvo su intervenci\u00f3n en franc\u00e9s transmitida por una traducci\u00f3n al ingl\u00e9s llevada a cabo&#8230; por la voz de un hombre. El video sorprendente inmediatamente se volvi\u00f3 viral en las redes y reaviv\u00f3 el debate p\u00fablico. Lo que realmente &#8230; <a title=\"Sommet mundial en la Casa Blanca: Brigitte Macron adelantada por un hombre, un video sorprendente est\u00e1 causando sensaci\u00f3n\" class=\"read-more\" href=\"https:\/\/www.sebastien-auziere.fr\/blog\/es\/sommet-mundial-en-la-casa-blanca-brigitte-macron-adelantada-por-un-hombre-un-video-sorprendente-esta-causando-sensacion\/\" aria-label=\"En savoir plus sur Sommet mundial en la Casa Blanca: Brigitte Macron adelantada por un hombre, un video sorprendente est\u00e1 causando sensaci\u00f3n\">Lire plus<\/a><\/p>\n","protected":false},"author":9,"featured_media":2595,"comment_status":"open","ping_status":"open","sticky":false,"template":"","format":"standard","meta":{"footnotes":""},"categories":[820],"tags":[914,917,920,923,926],"class_list":["post-2599","post","type-post","status-publish","format-standard","has-post-thumbnail","hentry","category-actualidades-es","tag-brigitte-macron-es","tag-buzz-es","tag-maison-blanca-es","tag-sommet-mundial-es","tag-video-sorprendente-es"],"yoast_head":"<!-- This site is optimized with the Yoast SEO plugin v27.5 - https:\/\/yoast.com\/product\/yoast-seo-wordpress\/ -->\n<title>Sommet mundial en la Casa Blanca: Brigitte Macron adelantada por un hombre, un video sorprendente est\u00e1 causando sensaci\u00f3n - Fan site S\u00e9bastien Auzi\u00e8re<\/title>\n<meta name=\"description\" content=\"D\u00e9couvrez la vid\u00e9o surprenante du sommet mondial \u00e0 la Maison Blanche o\u00f9 Brigitte Macron est doubl\u00e9e par un homme, suscitant un buzz inattendu.\" \/>\n<meta name=\"robots\" content=\"index, follow, max-snippet:-1, max-image-preview:large, max-video-preview:-1\" \/>\n<link rel=\"canonical\" href=\"https:\/\/www.sebastien-auziere.fr\/blog\/es\/sommet-mundial-en-la-casa-blanca-brigitte-macron-adelantada-por-un-hombre-un-video-sorprendente-esta-causando-sensacion\/\" \/>\n<meta property=\"og:locale\" content=\"fr_FR\" \/>\n<meta property=\"og:type\" content=\"article\" \/>\n<meta property=\"og:title\" content=\"Sommet mundial en la Casa Blanca: Brigitte Macron adelantada por un hombre, un video sorprendente est\u00e1 causando sensaci\u00f3n - Fan site S\u00e9bastien Auzi\u00e8re\" \/>\n<meta property=\"og:description\" content=\"D\u00e9couvrez la vid\u00e9o surprenante du sommet mondial \u00e0 la Maison Blanche o\u00f9 Brigitte Macron est doubl\u00e9e par un homme, suscitant un buzz inattendu.\" \/>\n<meta property=\"og:url\" content=\"https:\/\/www.sebastien-auziere.fr\/blog\/es\/sommet-mundial-en-la-casa-blanca-brigitte-macron-adelantada-por-un-hombre-un-video-sorprendente-esta-causando-sensacion\/\" \/>\n<meta property=\"og:site_name\" content=\"Fan site S\u00e9bastien Auzi\u00e8re\" \/>\n<meta property=\"article:published_time\" content=\"2026-03-30T06:33:22+00:00\" \/>\n<meta property=\"article:modified_time\" content=\"2026-03-30T06:33:51+00:00\" \/>\n<meta property=\"og:image\" content=\"https:\/\/www.sebastien-auziere.fr\/blog\/wp-content\/uploads\/2026\/03\/Sommet-mondial-a-la-Maison-Blanche-Brigitte-Macron-doublee-par-un-homme-une-video-surprenante-fait-le-buzz.jpg\" \/>\n\t<meta property=\"og:image:width\" content=\"2560\" \/>\n\t<meta property=\"og:image:height\" content=\"1429\" \/>\n\t<meta property=\"og:image:type\" content=\"image\/jpeg\" \/>\n<meta name=\"author\" content=\"Chloe Gauthier\" \/>\n<meta name=\"twitter:card\" content=\"summary_large_image\" \/>\n<meta name=\"twitter:label1\" content=\"\u00c9crit par\" \/>\n\t<meta name=\"twitter:data1\" content=\"Chloe Gauthier\" \/>\n\t<meta name=\"twitter:label2\" content=\"Dur\u00e9e de lecture estim\u00e9e\" \/>\n\t<meta name=\"twitter:data2\" content=\"3 minutes\" \/>\n<script type=\"application\/ld+json\" class=\"yoast-schema-graph\">{\"@context\":\"https:\\\/\\\/schema.org\",\"@graph\":[{\"@type\":\"Article\",\"@id\":\"https:\\\/\\\/www.sebastien-auziere.fr\\\/blog\\\/es\\\/sommet-mundial-en-la-casa-blanca-brigitte-macron-adelantada-por-un-hombre-un-video-sorprendente-esta-causando-sensacion\\\/#article\",\"isPartOf\":{\"@id\":\"https:\\\/\\\/www.sebastien-auziere.fr\\\/blog\\\/es\\\/sommet-mundial-en-la-casa-blanca-brigitte-macron-adelantada-por-un-hombre-un-video-sorprendente-esta-causando-sensacion\\\/\"},\"author\":{\"name\":\"Chloe Gauthier\",\"@id\":\"https:\\\/\\\/www.sebastien-auziere.fr\\\/blog\\\/#\\\/schema\\\/person\\\/149f1acdbfd85149c6c3e59adeae2f4d\"},\"headline\":\"Sommet mundial en la Casa Blanca: Brigitte Macron adelantada por un hombre, un video sorprendente est\u00e1 causando sensaci\u00f3n\",\"datePublished\":\"2026-03-30T06:33:22+00:00\",\"dateModified\":\"2026-03-30T06:33:51+00:00\",\"mainEntityOfPage\":{\"@id\":\"https:\\\/\\\/www.sebastien-auziere.fr\\\/blog\\\/es\\\/sommet-mundial-en-la-casa-blanca-brigitte-macron-adelantada-por-un-hombre-un-video-sorprendente-esta-causando-sensacion\\\/\"},\"wordCount\":699,\"commentCount\":0,\"publisher\":{\"@id\":\"https:\\\/\\\/www.sebastien-auziere.fr\\\/blog\\\/#organization\"},\"image\":{\"@id\":\"https:\\\/\\\/www.sebastien-auziere.fr\\\/blog\\\/es\\\/sommet-mundial-en-la-casa-blanca-brigitte-macron-adelantada-por-un-hombre-un-video-sorprendente-esta-causando-sensacion\\\/#primaryimage\"},\"thumbnailUrl\":\"https:\\\/\\\/www.sebastien-auziere.fr\\\/blog\\\/wp-content\\\/uploads\\\/2026\\\/03\\\/Sommet-mondial-a-la-Maison-Blanche-Brigitte-Macron-doublee-par-un-homme-une-video-surprenante-fait-le-buzz.jpg\",\"keywords\":[\"brigitte macron\",\"buzz\",\"maison blanca\",\"sommet mundial\",\"v\u00eddeo sorprendente\"],\"articleSection\":[\"Actualidades\"],\"inLanguage\":\"fr-FR\",\"potentialAction\":[{\"@type\":\"CommentAction\",\"name\":\"Comment\",\"target\":[\"https:\\\/\\\/www.sebastien-auziere.fr\\\/blog\\\/es\\\/sommet-mundial-en-la-casa-blanca-brigitte-macron-adelantada-por-un-hombre-un-video-sorprendente-esta-causando-sensacion\\\/#respond\"]}]},{\"@type\":\"WebPage\",\"@id\":\"https:\\\/\\\/www.sebastien-auziere.fr\\\/blog\\\/es\\\/sommet-mundial-en-la-casa-blanca-brigitte-macron-adelantada-por-un-hombre-un-video-sorprendente-esta-causando-sensacion\\\/\",\"url\":\"https:\\\/\\\/www.sebastien-auziere.fr\\\/blog\\\/es\\\/sommet-mundial-en-la-casa-blanca-brigitte-macron-adelantada-por-un-hombre-un-video-sorprendente-esta-causando-sensacion\\\/\",\"name\":\"Sommet mundial en la Casa Blanca: Brigitte Macron adelantada por un hombre, un video sorprendente est\u00e1 causando sensaci\u00f3n - Fan site S\u00e9bastien Auzi\u00e8re\",\"isPartOf\":{\"@id\":\"https:\\\/\\\/www.sebastien-auziere.fr\\\/blog\\\/#website\"},\"primaryImageOfPage\":{\"@id\":\"https:\\\/\\\/www.sebastien-auziere.fr\\\/blog\\\/es\\\/sommet-mundial-en-la-casa-blanca-brigitte-macron-adelantada-por-un-hombre-un-video-sorprendente-esta-causando-sensacion\\\/#primaryimage\"},\"image\":{\"@id\":\"https:\\\/\\\/www.sebastien-auziere.fr\\\/blog\\\/es\\\/sommet-mundial-en-la-casa-blanca-brigitte-macron-adelantada-por-un-hombre-un-video-sorprendente-esta-causando-sensacion\\\/#primaryimage\"},\"thumbnailUrl\":\"https:\\\/\\\/www.sebastien-auziere.fr\\\/blog\\\/wp-content\\\/uploads\\\/2026\\\/03\\\/Sommet-mondial-a-la-Maison-Blanche-Brigitte-Macron-doublee-par-un-homme-une-video-surprenante-fait-le-buzz.jpg\",\"datePublished\":\"2026-03-30T06:33:22+00:00\",\"dateModified\":\"2026-03-30T06:33:51+00:00\",\"description\":\"D\u00e9couvrez la vid\u00e9o surprenante du sommet mondial \u00e0 la Maison Blanche o\u00f9 Brigitte Macron est doubl\u00e9e par un homme, suscitant un buzz inattendu.\",\"breadcrumb\":{\"@id\":\"https:\\\/\\\/www.sebastien-auziere.fr\\\/blog\\\/es\\\/sommet-mundial-en-la-casa-blanca-brigitte-macron-adelantada-por-un-hombre-un-video-sorprendente-esta-causando-sensacion\\\/#breadcrumb\"},\"inLanguage\":\"fr-FR\",\"potentialAction\":[{\"@type\":\"ReadAction\",\"target\":[\"https:\\\/\\\/www.sebastien-auziere.fr\\\/blog\\\/es\\\/sommet-mundial-en-la-casa-blanca-brigitte-macron-adelantada-por-un-hombre-un-video-sorprendente-esta-causando-sensacion\\\/\"]}]},{\"@type\":\"ImageObject\",\"inLanguage\":\"fr-FR\",\"@id\":\"https:\\\/\\\/www.sebastien-auziere.fr\\\/blog\\\/es\\\/sommet-mundial-en-la-casa-blanca-brigitte-macron-adelantada-por-un-hombre-un-video-sorprendente-esta-causando-sensacion\\\/#primaryimage\",\"url\":\"https:\\\/\\\/www.sebastien-auziere.fr\\\/blog\\\/wp-content\\\/uploads\\\/2026\\\/03\\\/Sommet-mondial-a-la-Maison-Blanche-Brigitte-Macron-doublee-par-un-homme-une-video-surprenante-fait-le-buzz.jpg\",\"contentUrl\":\"https:\\\/\\\/www.sebastien-auziere.fr\\\/blog\\\/wp-content\\\/uploads\\\/2026\\\/03\\\/Sommet-mondial-a-la-Maison-Blanche-Brigitte-Macron-doublee-par-un-homme-une-video-surprenante-fait-le-buzz.jpg\",\"width\":2560,\"height\":1429,\"caption\":\"d\u00e9couvrez la vid\u00e9o surprenante du sommet mondial \u00e0 la maison blanche o\u00f9 brigitte macron est \u00e9clips\u00e9e par un homme, suscitant un vif buzz sur les r\u00e9seaux sociaux.\"},{\"@type\":\"BreadcrumbList\",\"@id\":\"https:\\\/\\\/www.sebastien-auziere.fr\\\/blog\\\/es\\\/sommet-mundial-en-la-casa-blanca-brigitte-macron-adelantada-por-un-hombre-un-video-sorprendente-esta-causando-sensacion\\\/#breadcrumb\",\"itemListElement\":[{\"@type\":\"ListItem\",\"position\":1,\"name\":\"Home\",\"item\":\"https:\\\/\\\/www.sebastien-auziere.fr\\\/blog\\\/\"},{\"@type\":\"ListItem\",\"position\":2,\"name\":\"Sommet mundial en la Casa Blanca: Brigitte Macron adelantada por un hombre, un video sorprendente est\u00e1 causando sensaci\u00f3n\"}]},{\"@type\":\"WebSite\",\"@id\":\"https:\\\/\\\/www.sebastien-auziere.fr\\\/blog\\\/#website\",\"url\":\"https:\\\/\\\/www.sebastien-auziere.fr\\\/blog\\\/\",\"name\":\"Fan site S\u00e9bastien Auzi\u00e8re\",\"description\":\"M\u00e9dia g\u00e9n\u00e9raliste\",\"publisher\":{\"@id\":\"https:\\\/\\\/www.sebastien-auziere.fr\\\/blog\\\/#organization\"},\"potentialAction\":[{\"@type\":\"SearchAction\",\"target\":{\"@type\":\"EntryPoint\",\"urlTemplate\":\"https:\\\/\\\/www.sebastien-auziere.fr\\\/blog\\\/?s={search_term_string}\"},\"query-input\":{\"@type\":\"PropertyValueSpecification\",\"valueRequired\":true,\"valueName\":\"search_term_string\"}}],\"inLanguage\":\"fr-FR\"},{\"@type\":\"Organization\",\"@id\":\"https:\\\/\\\/www.sebastien-auziere.fr\\\/blog\\\/#organization\",\"name\":\"Fan site S\u00e9bastien Auzi\u00e8re\",\"url\":\"https:\\\/\\\/www.sebastien-auziere.fr\\\/blog\\\/\",\"logo\":{\"@type\":\"ImageObject\",\"inLanguage\":\"fr-FR\",\"@id\":\"https:\\\/\\\/www.sebastien-auziere.fr\\\/blog\\\/#\\\/schema\\\/logo\\\/image\\\/\",\"url\":\"https:\\\/\\\/www.sebastien-auziere.fr\\\/blog\\\/wp-content\\\/uploads\\\/2026\\\/03\\\/cropped-cropped-cropped-ChatGPT-Image-6-mars-2026-12_58_09-e1772798376794.jpg\",\"contentUrl\":\"https:\\\/\\\/www.sebastien-auziere.fr\\\/blog\\\/wp-content\\\/uploads\\\/2026\\\/03\\\/cropped-cropped-cropped-ChatGPT-Image-6-mars-2026-12_58_09-e1772798376794.jpg\",\"width\":512,\"height\":360,\"caption\":\"Fan site S\u00e9bastien Auzi\u00e8re\"},\"image\":{\"@id\":\"https:\\\/\\\/www.sebastien-auziere.fr\\\/blog\\\/#\\\/schema\\\/logo\\\/image\\\/\"}},{\"@type\":\"Person\",\"@id\":\"https:\\\/\\\/www.sebastien-auziere.fr\\\/blog\\\/#\\\/schema\\\/person\\\/149f1acdbfd85149c6c3e59adeae2f4d\",\"name\":\"Chloe Gauthier\",\"image\":{\"@type\":\"ImageObject\",\"inLanguage\":\"fr-FR\",\"@id\":\"https:\\\/\\\/secure.gravatar.com\\\/avatar\\\/2c5722f58171cff738a8985ef0dd66b476e563753246a49019befc837ec4201a?s=96&d=mm&r=g\",\"url\":\"https:\\\/\\\/secure.gravatar.com\\\/avatar\\\/2c5722f58171cff738a8985ef0dd66b476e563753246a49019befc837ec4201a?s=96&d=mm&r=g\",\"contentUrl\":\"https:\\\/\\\/secure.gravatar.com\\\/avatar\\\/2c5722f58171cff738a8985ef0dd66b476e563753246a49019befc837ec4201a?s=96&d=mm&r=g\",\"caption\":\"Chloe Gauthier\"},\"description\":\"Passionn\u00e9e par la politique et admiratrice engag\u00e9e de la famille Macron, je consacre mon \u00e9nergie \u00e0 suivre leurs initiatives et \u00e0 promouvoir leurs id\u00e9es. \u00c0 32 ans, je suis convaincue que leur vision est porteuse d'avenir.\",\"url\":\"https:\\\/\\\/www.sebastien-auziere.fr\\\/blog\\\/author\\\/chloe-gauthier\\\/\"}]}<\/script>\n<!-- \/ Yoast SEO plugin. -->","yoast_head_json":{"title":"Sommet mundial en la Casa Blanca: Brigitte Macron adelantada por un hombre, un video sorprendente est\u00e1 causando sensaci\u00f3n - Fan site S\u00e9bastien Auzi\u00e8re","description":"D\u00e9couvrez la vid\u00e9o surprenante du sommet mondial \u00e0 la Maison Blanche o\u00f9 Brigitte Macron est doubl\u00e9e par un homme, suscitant un buzz inattendu.","robots":{"index":"index","follow":"follow","max-snippet":"max-snippet:-1","max-image-preview":"max-image-preview:large","max-video-preview":"max-video-preview:-1"},"canonical":"https:\/\/www.sebastien-auziere.fr\/blog\/es\/sommet-mundial-en-la-casa-blanca-brigitte-macron-adelantada-por-un-hombre-un-video-sorprendente-esta-causando-sensacion\/","og_locale":"fr_FR","og_type":"article","og_title":"Sommet mundial en la Casa Blanca: Brigitte Macron adelantada por un hombre, un video sorprendente est\u00e1 causando sensaci\u00f3n - Fan site S\u00e9bastien Auzi\u00e8re","og_description":"D\u00e9couvrez la vid\u00e9o surprenante du sommet mondial \u00e0 la Maison Blanche o\u00f9 Brigitte Macron est doubl\u00e9e par un homme, suscitant un buzz inattendu.","og_url":"https:\/\/www.sebastien-auziere.fr\/blog\/es\/sommet-mundial-en-la-casa-blanca-brigitte-macron-adelantada-por-un-hombre-un-video-sorprendente-esta-causando-sensacion\/","og_site_name":"Fan site S\u00e9bastien Auzi\u00e8re","article_published_time":"2026-03-30T06:33:22+00:00","article_modified_time":"2026-03-30T06:33:51+00:00","og_image":[{"width":2560,"height":1429,"url":"https:\/\/www.sebastien-auziere.fr\/blog\/wp-content\/uploads\/2026\/03\/Sommet-mondial-a-la-Maison-Blanche-Brigitte-Macron-doublee-par-un-homme-une-video-surprenante-fait-le-buzz.jpg","type":"image\/jpeg"}],"author":"Chloe Gauthier","twitter_card":"summary_large_image","twitter_misc":{"\u00c9crit par":"Chloe Gauthier","Dur\u00e9e de lecture estim\u00e9e":"3 minutes"},"schema":{"@context":"https:\/\/schema.org","@graph":[{"@type":"Article","@id":"https:\/\/www.sebastien-auziere.fr\/blog\/es\/sommet-mundial-en-la-casa-blanca-brigitte-macron-adelantada-por-un-hombre-un-video-sorprendente-esta-causando-sensacion\/#article","isPartOf":{"@id":"https:\/\/www.sebastien-auziere.fr\/blog\/es\/sommet-mundial-en-la-casa-blanca-brigitte-macron-adelantada-por-un-hombre-un-video-sorprendente-esta-causando-sensacion\/"},"author":{"name":"Chloe Gauthier","@id":"https:\/\/www.sebastien-auziere.fr\/blog\/#\/schema\/person\/149f1acdbfd85149c6c3e59adeae2f4d"},"headline":"Sommet mundial en la Casa Blanca: Brigitte Macron adelantada por un hombre, un video sorprendente est\u00e1 causando sensaci\u00f3n","datePublished":"2026-03-30T06:33:22+00:00","dateModified":"2026-03-30T06:33:51+00:00","mainEntityOfPage":{"@id":"https:\/\/www.sebastien-auziere.fr\/blog\/es\/sommet-mundial-en-la-casa-blanca-brigitte-macron-adelantada-por-un-hombre-un-video-sorprendente-esta-causando-sensacion\/"},"wordCount":699,"commentCount":0,"publisher":{"@id":"https:\/\/www.sebastien-auziere.fr\/blog\/#organization"},"image":{"@id":"https:\/\/www.sebastien-auziere.fr\/blog\/es\/sommet-mundial-en-la-casa-blanca-brigitte-macron-adelantada-por-un-hombre-un-video-sorprendente-esta-causando-sensacion\/#primaryimage"},"thumbnailUrl":"https:\/\/www.sebastien-auziere.fr\/blog\/wp-content\/uploads\/2026\/03\/Sommet-mondial-a-la-Maison-Blanche-Brigitte-Macron-doublee-par-un-homme-une-video-surprenante-fait-le-buzz.jpg","keywords":["brigitte macron","buzz","maison blanca","sommet mundial","v\u00eddeo sorprendente"],"articleSection":["Actualidades"],"inLanguage":"fr-FR","potentialAction":[{"@type":"CommentAction","name":"Comment","target":["https:\/\/www.sebastien-auziere.fr\/blog\/es\/sommet-mundial-en-la-casa-blanca-brigitte-macron-adelantada-por-un-hombre-un-video-sorprendente-esta-causando-sensacion\/#respond"]}]},{"@type":"WebPage","@id":"https:\/\/www.sebastien-auziere.fr\/blog\/es\/sommet-mundial-en-la-casa-blanca-brigitte-macron-adelantada-por-un-hombre-un-video-sorprendente-esta-causando-sensacion\/","url":"https:\/\/www.sebastien-auziere.fr\/blog\/es\/sommet-mundial-en-la-casa-blanca-brigitte-macron-adelantada-por-un-hombre-un-video-sorprendente-esta-causando-sensacion\/","name":"Sommet mundial en la Casa Blanca: Brigitte Macron adelantada por un hombre, un video sorprendente est\u00e1 causando sensaci\u00f3n - Fan site S\u00e9bastien Auzi\u00e8re","isPartOf":{"@id":"https:\/\/www.sebastien-auziere.fr\/blog\/#website"},"primaryImageOfPage":{"@id":"https:\/\/www.sebastien-auziere.fr\/blog\/es\/sommet-mundial-en-la-casa-blanca-brigitte-macron-adelantada-por-un-hombre-un-video-sorprendente-esta-causando-sensacion\/#primaryimage"},"image":{"@id":"https:\/\/www.sebastien-auziere.fr\/blog\/es\/sommet-mundial-en-la-casa-blanca-brigitte-macron-adelantada-por-un-hombre-un-video-sorprendente-esta-causando-sensacion\/#primaryimage"},"thumbnailUrl":"https:\/\/www.sebastien-auziere.fr\/blog\/wp-content\/uploads\/2026\/03\/Sommet-mondial-a-la-Maison-Blanche-Brigitte-Macron-doublee-par-un-homme-une-video-surprenante-fait-le-buzz.jpg","datePublished":"2026-03-30T06:33:22+00:00","dateModified":"2026-03-30T06:33:51+00:00","description":"D\u00e9couvrez la vid\u00e9o surprenante du sommet mondial \u00e0 la Maison Blanche o\u00f9 Brigitte Macron est doubl\u00e9e par un homme, suscitant un buzz inattendu.","breadcrumb":{"@id":"https:\/\/www.sebastien-auziere.fr\/blog\/es\/sommet-mundial-en-la-casa-blanca-brigitte-macron-adelantada-por-un-hombre-un-video-sorprendente-esta-causando-sensacion\/#breadcrumb"},"inLanguage":"fr-FR","potentialAction":[{"@type":"ReadAction","target":["https:\/\/www.sebastien-auziere.fr\/blog\/es\/sommet-mundial-en-la-casa-blanca-brigitte-macron-adelantada-por-un-hombre-un-video-sorprendente-esta-causando-sensacion\/"]}]},{"@type":"ImageObject","inLanguage":"fr-FR","@id":"https:\/\/www.sebastien-auziere.fr\/blog\/es\/sommet-mundial-en-la-casa-blanca-brigitte-macron-adelantada-por-un-hombre-un-video-sorprendente-esta-causando-sensacion\/#primaryimage","url":"https:\/\/www.sebastien-auziere.fr\/blog\/wp-content\/uploads\/2026\/03\/Sommet-mondial-a-la-Maison-Blanche-Brigitte-Macron-doublee-par-un-homme-une-video-surprenante-fait-le-buzz.jpg","contentUrl":"https:\/\/www.sebastien-auziere.fr\/blog\/wp-content\/uploads\/2026\/03\/Sommet-mondial-a-la-Maison-Blanche-Brigitte-Macron-doublee-par-un-homme-une-video-surprenante-fait-le-buzz.jpg","width":2560,"height":1429,"caption":"d\u00e9couvrez la vid\u00e9o surprenante du sommet mondial \u00e0 la maison blanche o\u00f9 brigitte macron est \u00e9clips\u00e9e par un homme, suscitant un vif buzz sur les r\u00e9seaux sociaux."},{"@type":"BreadcrumbList","@id":"https:\/\/www.sebastien-auziere.fr\/blog\/es\/sommet-mundial-en-la-casa-blanca-brigitte-macron-adelantada-por-un-hombre-un-video-sorprendente-esta-causando-sensacion\/#breadcrumb","itemListElement":[{"@type":"ListItem","position":1,"name":"Home","item":"https:\/\/www.sebastien-auziere.fr\/blog\/"},{"@type":"ListItem","position":2,"name":"Sommet mundial en la Casa Blanca: Brigitte Macron adelantada por un hombre, un video sorprendente est\u00e1 causando sensaci\u00f3n"}]},{"@type":"WebSite","@id":"https:\/\/www.sebastien-auziere.fr\/blog\/#website","url":"https:\/\/www.sebastien-auziere.fr\/blog\/","name":"Fan site S\u00e9bastien Auzi\u00e8re","description":"M\u00e9dia g\u00e9n\u00e9raliste","publisher":{"@id":"https:\/\/www.sebastien-auziere.fr\/blog\/#organization"},"potentialAction":[{"@type":"SearchAction","target":{"@type":"EntryPoint","urlTemplate":"https:\/\/www.sebastien-auziere.fr\/blog\/?s={search_term_string}"},"query-input":{"@type":"PropertyValueSpecification","valueRequired":true,"valueName":"search_term_string"}}],"inLanguage":"fr-FR"},{"@type":"Organization","@id":"https:\/\/www.sebastien-auziere.fr\/blog\/#organization","name":"Fan site S\u00e9bastien Auzi\u00e8re","url":"https:\/\/www.sebastien-auziere.fr\/blog\/","logo":{"@type":"ImageObject","inLanguage":"fr-FR","@id":"https:\/\/www.sebastien-auziere.fr\/blog\/#\/schema\/logo\/image\/","url":"https:\/\/www.sebastien-auziere.fr\/blog\/wp-content\/uploads\/2026\/03\/cropped-cropped-cropped-ChatGPT-Image-6-mars-2026-12_58_09-e1772798376794.jpg","contentUrl":"https:\/\/www.sebastien-auziere.fr\/blog\/wp-content\/uploads\/2026\/03\/cropped-cropped-cropped-ChatGPT-Image-6-mars-2026-12_58_09-e1772798376794.jpg","width":512,"height":360,"caption":"Fan site S\u00e9bastien Auzi\u00e8re"},"image":{"@id":"https:\/\/www.sebastien-auziere.fr\/blog\/#\/schema\/logo\/image\/"}},{"@type":"Person","@id":"https:\/\/www.sebastien-auziere.fr\/blog\/#\/schema\/person\/149f1acdbfd85149c6c3e59adeae2f4d","name":"Chloe Gauthier","image":{"@type":"ImageObject","inLanguage":"fr-FR","@id":"https:\/\/secure.gravatar.com\/avatar\/2c5722f58171cff738a8985ef0dd66b476e563753246a49019befc837ec4201a?s=96&d=mm&r=g","url":"https:\/\/secure.gravatar.com\/avatar\/2c5722f58171cff738a8985ef0dd66b476e563753246a49019befc837ec4201a?s=96&d=mm&r=g","contentUrl":"https:\/\/secure.gravatar.com\/avatar\/2c5722f58171cff738a8985ef0dd66b476e563753246a49019befc837ec4201a?s=96&d=mm&r=g","caption":"Chloe Gauthier"},"description":"Passionn\u00e9e par la politique et admiratrice engag\u00e9e de la famille Macron, je consacre mon \u00e9nergie \u00e0 suivre leurs initiatives et \u00e0 promouvoir leurs id\u00e9es. \u00c0 32 ans, je suis convaincue que leur vision est porteuse d'avenir.","url":"https:\/\/www.sebastien-auziere.fr\/blog\/author\/chloe-gauthier\/"}]}},"views":3,"_links":{"self":[{"href":"https:\/\/www.sebastien-auziere.fr\/blog\/wp-json\/wp\/v2\/posts\/2599","targetHints":{"allow":["GET"]}}],"collection":[{"href":"https:\/\/www.sebastien-auziere.fr\/blog\/wp-json\/wp\/v2\/posts"}],"about":[{"href":"https:\/\/www.sebastien-auziere.fr\/blog\/wp-json\/wp\/v2\/types\/post"}],"author":[{"embeddable":true,"href":"https:\/\/www.sebastien-auziere.fr\/blog\/wp-json\/wp\/v2\/users\/9"}],"replies":[{"embeddable":true,"href":"https:\/\/www.sebastien-auziere.fr\/blog\/wp-json\/wp\/v2\/comments?post=2599"}],"version-history":[{"count":1,"href":"https:\/\/www.sebastien-auziere.fr\/blog\/wp-json\/wp\/v2\/posts\/2599\/revisions"}],"predecessor-version":[{"id":2600,"href":"https:\/\/www.sebastien-auziere.fr\/blog\/wp-json\/wp\/v2\/posts\/2599\/revisions\/2600"}],"wp:featuredmedia":[{"embeddable":true,"href":"https:\/\/www.sebastien-auziere.fr\/blog\/wp-json\/wp\/v2\/media\/2595"}],"wp:attachment":[{"href":"https:\/\/www.sebastien-auziere.fr\/blog\/wp-json\/wp\/v2\/media?parent=2599"}],"wp:term":[{"taxonomy":"category","embeddable":true,"href":"https:\/\/www.sebastien-auziere.fr\/blog\/wp-json\/wp\/v2\/categories?post=2599"},{"taxonomy":"post_tag","embeddable":true,"href":"https:\/\/www.sebastien-auziere.fr\/blog\/wp-json\/wp\/v2\/tags?post=2599"}],"curies":[{"name":"wp","href":"https:\/\/api.w.org\/{rel}","templated":true}]}}