{"id":2597,"date":"2026-03-30T06:31:52","date_gmt":"2026-03-30T06:31:52","guid":{"rendered":"https:\/\/www.sebastien-auziere.fr\/blog\/?p=2597"},"modified":"2026-03-30T06:32:28","modified_gmt":"2026-03-30T06:32:28","slug":"sommet-mondial-a-la-maison-blanche-brigitte-macron-doublee-par-un-homme-une-video-surprenante-fait-le-buzz","status":"publish","type":"post","link":"https:\/\/www.sebastien-auziere.fr\/blog\/en\/sommet-mondial-a-la-maison-blanche-brigitte-macron-doublee-par-un-homme-une-video-surprenante-fait-le-buzz\/","title":{"rendered":"Sommet mondial \u00e0 la Maison Blanche : Brigitte Macron doubl\u00e9e par un homme, une vid\u00e9o surprenante fait le buzz"},"content":{"rendered":"<p><strong>Global Summit<\/strong> at the <strong>White House<\/strong> : during the debate on March 24, 2026, <strong>Brigitte Macron<\/strong> had her speech in French relayed by an English translation provided&#8230; by the voice of a <strong>man<\/strong>. The <strong>surprising video<\/strong> immediately went viral on social media and reignited public debate.<\/p>\n\n<ul class=\"wp-block-list\"><li><strong>Date<\/strong> : March 24, 2026, summit \u201cBuilding the Future Together\u201d hosted by Melania Trump.<\/li><li><strong>Location<\/strong> : <strong>White House<\/strong>.<\/li><li><strong>Incident<\/strong> : English dubbing by a male voice.<\/li><li><strong>Reactions<\/strong> : millions of views and mixed comments.<\/li><li><strong>Sources<\/strong> : articles and videos shared by <a href=\"https:\/\/www.cnews.fr\/monde\/2026-03-26\/invitee-par-melania-trump-la-maison-blanche-brigitte-macron-accueillie-par-un\" rel=\"nofollow\">CNews<\/a> and <a href=\"https:\/\/www.letribunaldunet.fr\/faits-divers\/brigitte-macron-homme-incarne-doublure-sommet-maison-blanche-video.html\" rel=\"nofollow\">Le Tribunal du Net<\/a>.<\/li><\/ul>\n\n<h2 class=\"wp-block-heading\">What Really Happened at the Global Summit at the White House<\/h2>\n\n<p>During the coalition summit on digital education, <strong>Brigitte Macron<\/strong> spoke in French about the protection of children online. An interpreter rendered her speech in English, but the broadcast sequence clearly shows a male voice in dubbing, triggering a wave of questions.<\/p>\n\n<p>The sequence was filmed on March 24 and shared massively: factual observation, end of story.<\/p>\n\n<h2 class=\"wp-block-heading\">The <strong>video<\/strong> that is making the <strong>buzz<\/strong> and online reactions<\/h2>\n\n<p>The <strong>surprising video<\/strong> circulated on Instagram, X, and Facebook, generating millions of interactions and mixed reactions. Some see it as a technical blunder; others condemn it as an inappropriate staging after long-standing rumors and intense media coverage.<\/p>\n\n<p>To see the excerpt as it circulates, check the posts shared by <a href=\"https:\/\/www.instagram.com\/reels\/DWUSrh-iMwY\/\" rel=\"nofollow\">Instagram<\/a> and the video coverage by <a href=\"https:\/\/www.bfmtv.com\/international\/video-reseaux-sociaux-ecrans-brigitte-macron-prend-la-parole-lors-d-un-sommet-de-melania-trump-a-la-maison-blanche_VN-202603250667.html\" rel=\"nofollow\">BFMTV<\/a>. The media impact is clear and immediate.<\/p>\n\n<h2 class=\"wp-block-heading\">Context, Issues, and Public Memory Surrounding the Incident<\/h2>\n\n<p>The presence of <strong>Brigitte Macron<\/strong> at the summit followed her commitment to children through the <strong>Golden Coins<\/strong> operation and the Hospitals Foundation. The scene has been commented on in light of old rumors and a media affair involving an American journalist, already mentioned in the media.<\/p>\n\n<p>The lesson: a technical incident can revive public controversies \u2014 and influence political perception internationally.<\/p>\n\n<figure class=\"wp-block-table\"><table>\n<thead>\n<tr>\n<th>Date<\/th>\n<th>Event<\/th>\n<th>Source<\/th>\n<\/tr>\n<\/thead>\n<tbody>\n<tr>\n<td>03\/24\/2026<\/td>\n<td>Speech by Brigitte Macron at the summit<\/td>\n<td><a href=\"https:\/\/www.cnews.fr\/monde\/2026-03-26\/invitee-par-melania-trump-la-maison-blanche-brigitte-macron-accueillie-par-un\" rel=\"nofollow\">CNews<\/a><\/td>\n<\/tr>\n<tr>\n<td>03\/25\/2026<\/td>\n<td>Viral video shared<\/td>\n<td><a href=\"https:\/\/www.letribunaldunet.fr\/faits-divers\/brigitte-macron-homme-incarne-doublure-sommet-maison-blanche-video.html\" rel=\"nofollow\">Le Tribunal du Net<\/a><\/td>\n<\/tr>\n<\/tbody>\n<\/table><\/figure>\n\n<ul class=\"wp-block-list\"><li>Always check the source before sharing.<\/li><li>Differentiating technical incidents from intent: context matters.<\/li><li>Public diplomacy also plays out in how the scene is relayed.<\/li><\/ul>\n\n<p>To learn more about <strong>S\u00e9bastien Auzi\u00e8re<\/strong> and the family and media connections of the Macron family, discover complete files on <a href=\"https:\/\/sebastien-auziere.fr\">sebastien-auziere.fr<\/a>. Go take a look to delve deeper into the story and behind-the-scenes.<\/p>\n\n<script type=\"application\/ld+json\">\n{\"@context\":\"https:\/\/schema.org\",\"@type\":\"FAQPage\",\"mainEntity\":[{\"@type\":\"Question\",\"name\":\"Has the sequence been confirmed as authentic?\",\"acceptedAnswer\":{\"@type\":\"Answer\",\"text\":\"Several media outlets have relayed the original video, and verified excerpts are circulating: the sequence filmed at the summit on March 24, 2026, has been authenticated by journalists present.\"}},{\"@type\":\"Question\",\"name\":\"Why was the translation done by a male voice?\",\"acceptedAnswer\":{\"@type\":\"Answer\",\"text\":\"The protocol authorities have not published an immediate official explanation; hypotheses range from a technical error to an unintentional decision regarding voice relay.\"}},{\"@type\":\"Question\",\"name\":\"Which media covered the incident?\",\"acceptedAnswer\":{\"@type\":\"Answer\",\"text\":\"Channels like BFMTV and CNews, as well as online publications and social media, have disseminated the sequence and analyzed its aftermath.\"}}]}\n<\/script>\n<h3>Has the sequence been confirmed as authentic?<\/h3>\n<p>Several media outlets have relayed the original video, and verified excerpts are circulating: the sequence filmed at the summit on March 24, 2026, has been authenticated by journalists present.<\/p>\n<h3>Why was the translation done by a male voice?<\/h3>\n<p>The protocol authorities have not published an immediate official explanation; hypotheses range from a technical error to an unintentional decision regarding voice relay.<\/p>\n<h3>Which media covered the incident?<\/h3>\n<p>Channels like BFMTV and CNews, as well as online publications and social media, have disseminated the sequence and analyzed its aftermath.<\/p>","protected":false},"excerpt":{"rendered":"<p>Global Summit at the White House : during the debate on March 24, 2026, Brigitte Macron had her speech in French relayed by an English translation provided&#8230; by the voice of a man. The surprising video immediately went viral on social media and reignited public debate. What Really Happened at the Global Summit at the &#8230; <a title=\"Sommet mondial \u00e0 la Maison Blanche : Brigitte Macron doubl\u00e9e par un homme, une vid\u00e9o surprenante fait le buzz\" class=\"read-more\" href=\"https:\/\/www.sebastien-auziere.fr\/blog\/en\/sommet-mondial-a-la-maison-blanche-brigitte-macron-doublee-par-un-homme-une-video-surprenante-fait-le-buzz\/\" aria-label=\"En savoir plus sur Sommet mondial \u00e0 la Maison Blanche : Brigitte Macron doubl\u00e9e par un homme, une vid\u00e9o surprenante fait le buzz\">Lire plus<\/a><\/p>\n","protected":false},"author":9,"featured_media":2595,"comment_status":"open","ping_status":"open","sticky":false,"template":"","format":"standard","meta":{"footnotes":""},"categories":[816],"tags":[898,901,904,907,910],"class_list":["post-2597","post","type-post","status-publish","format-standard","has-post-thumbnail","hentry","category-news","tag-brigitte-macron-en","tag-buzz-en","tag-maison-blanche-en","tag-sommet-mondial-en","tag-surprising-video-en"],"yoast_head":"<!-- This site is optimized with the Yoast SEO plugin v27.5 - https:\/\/yoast.com\/product\/yoast-seo-wordpress\/ -->\n<title>Sommet mondial \u00e0 la Maison Blanche : Brigitte Macron doubl\u00e9e par un homme, une vid\u00e9o surprenante fait le buzz - Fan site S\u00e9bastien Auzi\u00e8re<\/title>\n<meta name=\"description\" content=\"D\u00e9couvrez la vid\u00e9o surprenante du sommet mondial \u00e0 la Maison Blanche o\u00f9 Brigitte Macron est doubl\u00e9e par un homme, suscitant un buzz inattendu.\" \/>\n<meta name=\"robots\" content=\"index, follow, max-snippet:-1, max-image-preview:large, max-video-preview:-1\" \/>\n<link rel=\"canonical\" href=\"https:\/\/www.sebastien-auziere.fr\/blog\/en\/sommet-mondial-a-la-maison-blanche-brigitte-macron-doublee-par-un-homme-une-video-surprenante-fait-le-buzz\/\" \/>\n<meta property=\"og:locale\" content=\"fr_FR\" \/>\n<meta property=\"og:type\" content=\"article\" \/>\n<meta property=\"og:title\" content=\"Sommet mondial \u00e0 la Maison Blanche : Brigitte Macron doubl\u00e9e par un homme, une vid\u00e9o surprenante fait le buzz - Fan site S\u00e9bastien Auzi\u00e8re\" \/>\n<meta property=\"og:description\" content=\"D\u00e9couvrez la vid\u00e9o surprenante du sommet mondial \u00e0 la Maison Blanche o\u00f9 Brigitte Macron est doubl\u00e9e par un homme, suscitant un buzz inattendu.\" \/>\n<meta property=\"og:url\" content=\"https:\/\/www.sebastien-auziere.fr\/blog\/en\/sommet-mondial-a-la-maison-blanche-brigitte-macron-doublee-par-un-homme-une-video-surprenante-fait-le-buzz\/\" \/>\n<meta property=\"og:site_name\" content=\"Fan site S\u00e9bastien Auzi\u00e8re\" \/>\n<meta property=\"article:published_time\" content=\"2026-03-30T06:31:52+00:00\" \/>\n<meta property=\"article:modified_time\" content=\"2026-03-30T06:32:28+00:00\" \/>\n<meta property=\"og:image\" content=\"https:\/\/www.sebastien-auziere.fr\/blog\/wp-content\/uploads\/2026\/03\/Sommet-mondial-a-la-Maison-Blanche-Brigitte-Macron-doublee-par-un-homme-une-video-surprenante-fait-le-buzz.jpg\" \/>\n\t<meta property=\"og:image:width\" content=\"2560\" \/>\n\t<meta property=\"og:image:height\" content=\"1429\" \/>\n\t<meta property=\"og:image:type\" content=\"image\/jpeg\" \/>\n<meta name=\"author\" content=\"Chloe Gauthier\" \/>\n<meta name=\"twitter:card\" content=\"summary_large_image\" \/>\n<meta name=\"twitter:label1\" content=\"\u00c9crit par\" \/>\n\t<meta name=\"twitter:data1\" content=\"Chloe Gauthier\" \/>\n\t<meta name=\"twitter:label2\" content=\"Dur\u00e9e de lecture estim\u00e9e\" \/>\n\t<meta name=\"twitter:data2\" content=\"2 minutes\" \/>\n<script type=\"application\/ld+json\" class=\"yoast-schema-graph\">{\"@context\":\"https:\\\/\\\/schema.org\",\"@graph\":[{\"@type\":\"Article\",\"@id\":\"https:\\\/\\\/www.sebastien-auziere.fr\\\/blog\\\/en\\\/sommet-mondial-a-la-maison-blanche-brigitte-macron-doublee-par-un-homme-une-video-surprenante-fait-le-buzz\\\/#article\",\"isPartOf\":{\"@id\":\"https:\\\/\\\/www.sebastien-auziere.fr\\\/blog\\\/en\\\/sommet-mondial-a-la-maison-blanche-brigitte-macron-doublee-par-un-homme-une-video-surprenante-fait-le-buzz\\\/\"},\"author\":{\"name\":\"Chloe Gauthier\",\"@id\":\"https:\\\/\\\/www.sebastien-auziere.fr\\\/blog\\\/#\\\/schema\\\/person\\\/149f1acdbfd85149c6c3e59adeae2f4d\"},\"headline\":\"Sommet mondial \u00e0 la Maison Blanche : Brigitte Macron doubl\u00e9e par un homme, une vid\u00e9o surprenante fait le buzz\",\"datePublished\":\"2026-03-30T06:31:52+00:00\",\"dateModified\":\"2026-03-30T06:32:28+00:00\",\"mainEntityOfPage\":{\"@id\":\"https:\\\/\\\/www.sebastien-auziere.fr\\\/blog\\\/en\\\/sommet-mondial-a-la-maison-blanche-brigitte-macron-doublee-par-un-homme-une-video-surprenante-fait-le-buzz\\\/\"},\"wordCount\":479,\"commentCount\":0,\"publisher\":{\"@id\":\"https:\\\/\\\/www.sebastien-auziere.fr\\\/blog\\\/#organization\"},\"image\":{\"@id\":\"https:\\\/\\\/www.sebastien-auziere.fr\\\/blog\\\/en\\\/sommet-mondial-a-la-maison-blanche-brigitte-macron-doublee-par-un-homme-une-video-surprenante-fait-le-buzz\\\/#primaryimage\"},\"thumbnailUrl\":\"https:\\\/\\\/www.sebastien-auziere.fr\\\/blog\\\/wp-content\\\/uploads\\\/2026\\\/03\\\/Sommet-mondial-a-la-Maison-Blanche-Brigitte-Macron-doublee-par-un-homme-une-video-surprenante-fait-le-buzz.jpg\",\"keywords\":[\"brigitte macron\",\"buzz\",\"maison blanche\",\"sommet mondial\",\"surprising video\"],\"articleSection\":[\"News\"],\"inLanguage\":\"fr-FR\",\"potentialAction\":[{\"@type\":\"CommentAction\",\"name\":\"Comment\",\"target\":[\"https:\\\/\\\/www.sebastien-auziere.fr\\\/blog\\\/en\\\/sommet-mondial-a-la-maison-blanche-brigitte-macron-doublee-par-un-homme-une-video-surprenante-fait-le-buzz\\\/#respond\"]}]},{\"@type\":\"WebPage\",\"@id\":\"https:\\\/\\\/www.sebastien-auziere.fr\\\/blog\\\/en\\\/sommet-mondial-a-la-maison-blanche-brigitte-macron-doublee-par-un-homme-une-video-surprenante-fait-le-buzz\\\/\",\"url\":\"https:\\\/\\\/www.sebastien-auziere.fr\\\/blog\\\/en\\\/sommet-mondial-a-la-maison-blanche-brigitte-macron-doublee-par-un-homme-une-video-surprenante-fait-le-buzz\\\/\",\"name\":\"Sommet mondial \u00e0 la Maison Blanche : Brigitte Macron doubl\u00e9e par un homme, une vid\u00e9o surprenante fait le buzz - Fan site S\u00e9bastien Auzi\u00e8re\",\"isPartOf\":{\"@id\":\"https:\\\/\\\/www.sebastien-auziere.fr\\\/blog\\\/#website\"},\"primaryImageOfPage\":{\"@id\":\"https:\\\/\\\/www.sebastien-auziere.fr\\\/blog\\\/en\\\/sommet-mondial-a-la-maison-blanche-brigitte-macron-doublee-par-un-homme-une-video-surprenante-fait-le-buzz\\\/#primaryimage\"},\"image\":{\"@id\":\"https:\\\/\\\/www.sebastien-auziere.fr\\\/blog\\\/en\\\/sommet-mondial-a-la-maison-blanche-brigitte-macron-doublee-par-un-homme-une-video-surprenante-fait-le-buzz\\\/#primaryimage\"},\"thumbnailUrl\":\"https:\\\/\\\/www.sebastien-auziere.fr\\\/blog\\\/wp-content\\\/uploads\\\/2026\\\/03\\\/Sommet-mondial-a-la-Maison-Blanche-Brigitte-Macron-doublee-par-un-homme-une-video-surprenante-fait-le-buzz.jpg\",\"datePublished\":\"2026-03-30T06:31:52+00:00\",\"dateModified\":\"2026-03-30T06:32:28+00:00\",\"description\":\"D\u00e9couvrez la vid\u00e9o surprenante du sommet mondial \u00e0 la Maison Blanche o\u00f9 Brigitte Macron est doubl\u00e9e par un homme, suscitant un buzz inattendu.\",\"breadcrumb\":{\"@id\":\"https:\\\/\\\/www.sebastien-auziere.fr\\\/blog\\\/en\\\/sommet-mondial-a-la-maison-blanche-brigitte-macron-doublee-par-un-homme-une-video-surprenante-fait-le-buzz\\\/#breadcrumb\"},\"inLanguage\":\"fr-FR\",\"potentialAction\":[{\"@type\":\"ReadAction\",\"target\":[\"https:\\\/\\\/www.sebastien-auziere.fr\\\/blog\\\/en\\\/sommet-mondial-a-la-maison-blanche-brigitte-macron-doublee-par-un-homme-une-video-surprenante-fait-le-buzz\\\/\"]}]},{\"@type\":\"ImageObject\",\"inLanguage\":\"fr-FR\",\"@id\":\"https:\\\/\\\/www.sebastien-auziere.fr\\\/blog\\\/en\\\/sommet-mondial-a-la-maison-blanche-brigitte-macron-doublee-par-un-homme-une-video-surprenante-fait-le-buzz\\\/#primaryimage\",\"url\":\"https:\\\/\\\/www.sebastien-auziere.fr\\\/blog\\\/wp-content\\\/uploads\\\/2026\\\/03\\\/Sommet-mondial-a-la-Maison-Blanche-Brigitte-Macron-doublee-par-un-homme-une-video-surprenante-fait-le-buzz.jpg\",\"contentUrl\":\"https:\\\/\\\/www.sebastien-auziere.fr\\\/blog\\\/wp-content\\\/uploads\\\/2026\\\/03\\\/Sommet-mondial-a-la-Maison-Blanche-Brigitte-Macron-doublee-par-un-homme-une-video-surprenante-fait-le-buzz.jpg\",\"width\":2560,\"height\":1429,\"caption\":\"d\u00e9couvrez la vid\u00e9o surprenante du sommet mondial \u00e0 la maison blanche o\u00f9 brigitte macron est \u00e9clips\u00e9e par un homme, suscitant un vif buzz sur les r\u00e9seaux sociaux.\"},{\"@type\":\"BreadcrumbList\",\"@id\":\"https:\\\/\\\/www.sebastien-auziere.fr\\\/blog\\\/en\\\/sommet-mondial-a-la-maison-blanche-brigitte-macron-doublee-par-un-homme-une-video-surprenante-fait-le-buzz\\\/#breadcrumb\",\"itemListElement\":[{\"@type\":\"ListItem\",\"position\":1,\"name\":\"Home\",\"item\":\"https:\\\/\\\/www.sebastien-auziere.fr\\\/blog\\\/\"},{\"@type\":\"ListItem\",\"position\":2,\"name\":\"Sommet mondial \u00e0 la Maison Blanche : Brigitte Macron doubl\u00e9e par un homme, une vid\u00e9o surprenante fait le buzz\"}]},{\"@type\":\"WebSite\",\"@id\":\"https:\\\/\\\/www.sebastien-auziere.fr\\\/blog\\\/#website\",\"url\":\"https:\\\/\\\/www.sebastien-auziere.fr\\\/blog\\\/\",\"name\":\"Fan site S\u00e9bastien Auzi\u00e8re\",\"description\":\"M\u00e9dia g\u00e9n\u00e9raliste\",\"publisher\":{\"@id\":\"https:\\\/\\\/www.sebastien-auziere.fr\\\/blog\\\/#organization\"},\"potentialAction\":[{\"@type\":\"SearchAction\",\"target\":{\"@type\":\"EntryPoint\",\"urlTemplate\":\"https:\\\/\\\/www.sebastien-auziere.fr\\\/blog\\\/?s={search_term_string}\"},\"query-input\":{\"@type\":\"PropertyValueSpecification\",\"valueRequired\":true,\"valueName\":\"search_term_string\"}}],\"inLanguage\":\"fr-FR\"},{\"@type\":\"Organization\",\"@id\":\"https:\\\/\\\/www.sebastien-auziere.fr\\\/blog\\\/#organization\",\"name\":\"Fan site S\u00e9bastien Auzi\u00e8re\",\"url\":\"https:\\\/\\\/www.sebastien-auziere.fr\\\/blog\\\/\",\"logo\":{\"@type\":\"ImageObject\",\"inLanguage\":\"fr-FR\",\"@id\":\"https:\\\/\\\/www.sebastien-auziere.fr\\\/blog\\\/#\\\/schema\\\/logo\\\/image\\\/\",\"url\":\"https:\\\/\\\/www.sebastien-auziere.fr\\\/blog\\\/wp-content\\\/uploads\\\/2026\\\/03\\\/cropped-cropped-cropped-ChatGPT-Image-6-mars-2026-12_58_09-e1772798376794.jpg\",\"contentUrl\":\"https:\\\/\\\/www.sebastien-auziere.fr\\\/blog\\\/wp-content\\\/uploads\\\/2026\\\/03\\\/cropped-cropped-cropped-ChatGPT-Image-6-mars-2026-12_58_09-e1772798376794.jpg\",\"width\":512,\"height\":360,\"caption\":\"Fan site S\u00e9bastien Auzi\u00e8re\"},\"image\":{\"@id\":\"https:\\\/\\\/www.sebastien-auziere.fr\\\/blog\\\/#\\\/schema\\\/logo\\\/image\\\/\"}},{\"@type\":\"Person\",\"@id\":\"https:\\\/\\\/www.sebastien-auziere.fr\\\/blog\\\/#\\\/schema\\\/person\\\/149f1acdbfd85149c6c3e59adeae2f4d\",\"name\":\"Chloe Gauthier\",\"image\":{\"@type\":\"ImageObject\",\"inLanguage\":\"fr-FR\",\"@id\":\"https:\\\/\\\/secure.gravatar.com\\\/avatar\\\/2c5722f58171cff738a8985ef0dd66b476e563753246a49019befc837ec4201a?s=96&d=mm&r=g\",\"url\":\"https:\\\/\\\/secure.gravatar.com\\\/avatar\\\/2c5722f58171cff738a8985ef0dd66b476e563753246a49019befc837ec4201a?s=96&d=mm&r=g\",\"contentUrl\":\"https:\\\/\\\/secure.gravatar.com\\\/avatar\\\/2c5722f58171cff738a8985ef0dd66b476e563753246a49019befc837ec4201a?s=96&d=mm&r=g\",\"caption\":\"Chloe Gauthier\"},\"description\":\"Passionn\u00e9e par la politique et admiratrice engag\u00e9e de la famille Macron, je consacre mon \u00e9nergie \u00e0 suivre leurs initiatives et \u00e0 promouvoir leurs id\u00e9es. \u00c0 32 ans, je suis convaincue que leur vision est porteuse d'avenir.\",\"url\":\"https:\\\/\\\/www.sebastien-auziere.fr\\\/blog\\\/author\\\/chloe-gauthier\\\/\"}]}<\/script>\n<!-- \/ Yoast SEO plugin. -->","yoast_head_json":{"title":"Sommet mondial \u00e0 la Maison Blanche : Brigitte Macron doubl\u00e9e par un homme, une vid\u00e9o surprenante fait le buzz - Fan site S\u00e9bastien Auzi\u00e8re","description":"D\u00e9couvrez la vid\u00e9o surprenante du sommet mondial \u00e0 la Maison Blanche o\u00f9 Brigitte Macron est doubl\u00e9e par un homme, suscitant un buzz inattendu.","robots":{"index":"index","follow":"follow","max-snippet":"max-snippet:-1","max-image-preview":"max-image-preview:large","max-video-preview":"max-video-preview:-1"},"canonical":"https:\/\/www.sebastien-auziere.fr\/blog\/en\/sommet-mondial-a-la-maison-blanche-brigitte-macron-doublee-par-un-homme-une-video-surprenante-fait-le-buzz\/","og_locale":"fr_FR","og_type":"article","og_title":"Sommet mondial \u00e0 la Maison Blanche : Brigitte Macron doubl\u00e9e par un homme, une vid\u00e9o surprenante fait le buzz - Fan site S\u00e9bastien Auzi\u00e8re","og_description":"D\u00e9couvrez la vid\u00e9o surprenante du sommet mondial \u00e0 la Maison Blanche o\u00f9 Brigitte Macron est doubl\u00e9e par un homme, suscitant un buzz inattendu.","og_url":"https:\/\/www.sebastien-auziere.fr\/blog\/en\/sommet-mondial-a-la-maison-blanche-brigitte-macron-doublee-par-un-homme-une-video-surprenante-fait-le-buzz\/","og_site_name":"Fan site S\u00e9bastien Auzi\u00e8re","article_published_time":"2026-03-30T06:31:52+00:00","article_modified_time":"2026-03-30T06:32:28+00:00","og_image":[{"width":2560,"height":1429,"url":"https:\/\/www.sebastien-auziere.fr\/blog\/wp-content\/uploads\/2026\/03\/Sommet-mondial-a-la-Maison-Blanche-Brigitte-Macron-doublee-par-un-homme-une-video-surprenante-fait-le-buzz.jpg","type":"image\/jpeg"}],"author":"Chloe Gauthier","twitter_card":"summary_large_image","twitter_misc":{"\u00c9crit par":"Chloe Gauthier","Dur\u00e9e de lecture estim\u00e9e":"2 minutes"},"schema":{"@context":"https:\/\/schema.org","@graph":[{"@type":"Article","@id":"https:\/\/www.sebastien-auziere.fr\/blog\/en\/sommet-mondial-a-la-maison-blanche-brigitte-macron-doublee-par-un-homme-une-video-surprenante-fait-le-buzz\/#article","isPartOf":{"@id":"https:\/\/www.sebastien-auziere.fr\/blog\/en\/sommet-mondial-a-la-maison-blanche-brigitte-macron-doublee-par-un-homme-une-video-surprenante-fait-le-buzz\/"},"author":{"name":"Chloe Gauthier","@id":"https:\/\/www.sebastien-auziere.fr\/blog\/#\/schema\/person\/149f1acdbfd85149c6c3e59adeae2f4d"},"headline":"Sommet mondial \u00e0 la Maison Blanche : Brigitte Macron doubl\u00e9e par un homme, une vid\u00e9o surprenante fait le buzz","datePublished":"2026-03-30T06:31:52+00:00","dateModified":"2026-03-30T06:32:28+00:00","mainEntityOfPage":{"@id":"https:\/\/www.sebastien-auziere.fr\/blog\/en\/sommet-mondial-a-la-maison-blanche-brigitte-macron-doublee-par-un-homme-une-video-surprenante-fait-le-buzz\/"},"wordCount":479,"commentCount":0,"publisher":{"@id":"https:\/\/www.sebastien-auziere.fr\/blog\/#organization"},"image":{"@id":"https:\/\/www.sebastien-auziere.fr\/blog\/en\/sommet-mondial-a-la-maison-blanche-brigitte-macron-doublee-par-un-homme-une-video-surprenante-fait-le-buzz\/#primaryimage"},"thumbnailUrl":"https:\/\/www.sebastien-auziere.fr\/blog\/wp-content\/uploads\/2026\/03\/Sommet-mondial-a-la-Maison-Blanche-Brigitte-Macron-doublee-par-un-homme-une-video-surprenante-fait-le-buzz.jpg","keywords":["brigitte macron","buzz","maison blanche","sommet mondial","surprising video"],"articleSection":["News"],"inLanguage":"fr-FR","potentialAction":[{"@type":"CommentAction","name":"Comment","target":["https:\/\/www.sebastien-auziere.fr\/blog\/en\/sommet-mondial-a-la-maison-blanche-brigitte-macron-doublee-par-un-homme-une-video-surprenante-fait-le-buzz\/#respond"]}]},{"@type":"WebPage","@id":"https:\/\/www.sebastien-auziere.fr\/blog\/en\/sommet-mondial-a-la-maison-blanche-brigitte-macron-doublee-par-un-homme-une-video-surprenante-fait-le-buzz\/","url":"https:\/\/www.sebastien-auziere.fr\/blog\/en\/sommet-mondial-a-la-maison-blanche-brigitte-macron-doublee-par-un-homme-une-video-surprenante-fait-le-buzz\/","name":"Sommet mondial \u00e0 la Maison Blanche : Brigitte Macron doubl\u00e9e par un homme, une vid\u00e9o surprenante fait le buzz - Fan site S\u00e9bastien Auzi\u00e8re","isPartOf":{"@id":"https:\/\/www.sebastien-auziere.fr\/blog\/#website"},"primaryImageOfPage":{"@id":"https:\/\/www.sebastien-auziere.fr\/blog\/en\/sommet-mondial-a-la-maison-blanche-brigitte-macron-doublee-par-un-homme-une-video-surprenante-fait-le-buzz\/#primaryimage"},"image":{"@id":"https:\/\/www.sebastien-auziere.fr\/blog\/en\/sommet-mondial-a-la-maison-blanche-brigitte-macron-doublee-par-un-homme-une-video-surprenante-fait-le-buzz\/#primaryimage"},"thumbnailUrl":"https:\/\/www.sebastien-auziere.fr\/blog\/wp-content\/uploads\/2026\/03\/Sommet-mondial-a-la-Maison-Blanche-Brigitte-Macron-doublee-par-un-homme-une-video-surprenante-fait-le-buzz.jpg","datePublished":"2026-03-30T06:31:52+00:00","dateModified":"2026-03-30T06:32:28+00:00","description":"D\u00e9couvrez la vid\u00e9o surprenante du sommet mondial \u00e0 la Maison Blanche o\u00f9 Brigitte Macron est doubl\u00e9e par un homme, suscitant un buzz inattendu.","breadcrumb":{"@id":"https:\/\/www.sebastien-auziere.fr\/blog\/en\/sommet-mondial-a-la-maison-blanche-brigitte-macron-doublee-par-un-homme-une-video-surprenante-fait-le-buzz\/#breadcrumb"},"inLanguage":"fr-FR","potentialAction":[{"@type":"ReadAction","target":["https:\/\/www.sebastien-auziere.fr\/blog\/en\/sommet-mondial-a-la-maison-blanche-brigitte-macron-doublee-par-un-homme-une-video-surprenante-fait-le-buzz\/"]}]},{"@type":"ImageObject","inLanguage":"fr-FR","@id":"https:\/\/www.sebastien-auziere.fr\/blog\/en\/sommet-mondial-a-la-maison-blanche-brigitte-macron-doublee-par-un-homme-une-video-surprenante-fait-le-buzz\/#primaryimage","url":"https:\/\/www.sebastien-auziere.fr\/blog\/wp-content\/uploads\/2026\/03\/Sommet-mondial-a-la-Maison-Blanche-Brigitte-Macron-doublee-par-un-homme-une-video-surprenante-fait-le-buzz.jpg","contentUrl":"https:\/\/www.sebastien-auziere.fr\/blog\/wp-content\/uploads\/2026\/03\/Sommet-mondial-a-la-Maison-Blanche-Brigitte-Macron-doublee-par-un-homme-une-video-surprenante-fait-le-buzz.jpg","width":2560,"height":1429,"caption":"d\u00e9couvrez la vid\u00e9o surprenante du sommet mondial \u00e0 la maison blanche o\u00f9 brigitte macron est \u00e9clips\u00e9e par un homme, suscitant un vif buzz sur les r\u00e9seaux sociaux."},{"@type":"BreadcrumbList","@id":"https:\/\/www.sebastien-auziere.fr\/blog\/en\/sommet-mondial-a-la-maison-blanche-brigitte-macron-doublee-par-un-homme-une-video-surprenante-fait-le-buzz\/#breadcrumb","itemListElement":[{"@type":"ListItem","position":1,"name":"Home","item":"https:\/\/www.sebastien-auziere.fr\/blog\/"},{"@type":"ListItem","position":2,"name":"Sommet mondial \u00e0 la Maison Blanche : Brigitte Macron doubl\u00e9e par un homme, une vid\u00e9o surprenante fait le buzz"}]},{"@type":"WebSite","@id":"https:\/\/www.sebastien-auziere.fr\/blog\/#website","url":"https:\/\/www.sebastien-auziere.fr\/blog\/","name":"Fan site S\u00e9bastien Auzi\u00e8re","description":"M\u00e9dia g\u00e9n\u00e9raliste","publisher":{"@id":"https:\/\/www.sebastien-auziere.fr\/blog\/#organization"},"potentialAction":[{"@type":"SearchAction","target":{"@type":"EntryPoint","urlTemplate":"https:\/\/www.sebastien-auziere.fr\/blog\/?s={search_term_string}"},"query-input":{"@type":"PropertyValueSpecification","valueRequired":true,"valueName":"search_term_string"}}],"inLanguage":"fr-FR"},{"@type":"Organization","@id":"https:\/\/www.sebastien-auziere.fr\/blog\/#organization","name":"Fan site S\u00e9bastien Auzi\u00e8re","url":"https:\/\/www.sebastien-auziere.fr\/blog\/","logo":{"@type":"ImageObject","inLanguage":"fr-FR","@id":"https:\/\/www.sebastien-auziere.fr\/blog\/#\/schema\/logo\/image\/","url":"https:\/\/www.sebastien-auziere.fr\/blog\/wp-content\/uploads\/2026\/03\/cropped-cropped-cropped-ChatGPT-Image-6-mars-2026-12_58_09-e1772798376794.jpg","contentUrl":"https:\/\/www.sebastien-auziere.fr\/blog\/wp-content\/uploads\/2026\/03\/cropped-cropped-cropped-ChatGPT-Image-6-mars-2026-12_58_09-e1772798376794.jpg","width":512,"height":360,"caption":"Fan site S\u00e9bastien Auzi\u00e8re"},"image":{"@id":"https:\/\/www.sebastien-auziere.fr\/blog\/#\/schema\/logo\/image\/"}},{"@type":"Person","@id":"https:\/\/www.sebastien-auziere.fr\/blog\/#\/schema\/person\/149f1acdbfd85149c6c3e59adeae2f4d","name":"Chloe Gauthier","image":{"@type":"ImageObject","inLanguage":"fr-FR","@id":"https:\/\/secure.gravatar.com\/avatar\/2c5722f58171cff738a8985ef0dd66b476e563753246a49019befc837ec4201a?s=96&d=mm&r=g","url":"https:\/\/secure.gravatar.com\/avatar\/2c5722f58171cff738a8985ef0dd66b476e563753246a49019befc837ec4201a?s=96&d=mm&r=g","contentUrl":"https:\/\/secure.gravatar.com\/avatar\/2c5722f58171cff738a8985ef0dd66b476e563753246a49019befc837ec4201a?s=96&d=mm&r=g","caption":"Chloe Gauthier"},"description":"Passionn\u00e9e par la politique et admiratrice engag\u00e9e de la famille Macron, je consacre mon \u00e9nergie \u00e0 suivre leurs initiatives et \u00e0 promouvoir leurs id\u00e9es. \u00c0 32 ans, je suis convaincue que leur vision est porteuse d'avenir.","url":"https:\/\/www.sebastien-auziere.fr\/blog\/author\/chloe-gauthier\/"}]}},"views":7,"_links":{"self":[{"href":"https:\/\/www.sebastien-auziere.fr\/blog\/wp-json\/wp\/v2\/posts\/2597","targetHints":{"allow":["GET"]}}],"collection":[{"href":"https:\/\/www.sebastien-auziere.fr\/blog\/wp-json\/wp\/v2\/posts"}],"about":[{"href":"https:\/\/www.sebastien-auziere.fr\/blog\/wp-json\/wp\/v2\/types\/post"}],"author":[{"embeddable":true,"href":"https:\/\/www.sebastien-auziere.fr\/blog\/wp-json\/wp\/v2\/users\/9"}],"replies":[{"embeddable":true,"href":"https:\/\/www.sebastien-auziere.fr\/blog\/wp-json\/wp\/v2\/comments?post=2597"}],"version-history":[{"count":1,"href":"https:\/\/www.sebastien-auziere.fr\/blog\/wp-json\/wp\/v2\/posts\/2597\/revisions"}],"predecessor-version":[{"id":2598,"href":"https:\/\/www.sebastien-auziere.fr\/blog\/wp-json\/wp\/v2\/posts\/2597\/revisions\/2598"}],"wp:featuredmedia":[{"embeddable":true,"href":"https:\/\/www.sebastien-auziere.fr\/blog\/wp-json\/wp\/v2\/media\/2595"}],"wp:attachment":[{"href":"https:\/\/www.sebastien-auziere.fr\/blog\/wp-json\/wp\/v2\/media?parent=2597"}],"wp:term":[{"taxonomy":"category","embeddable":true,"href":"https:\/\/www.sebastien-auziere.fr\/blog\/wp-json\/wp\/v2\/categories?post=2597"},{"taxonomy":"post_tag","embeddable":true,"href":"https:\/\/www.sebastien-auziere.fr\/blog\/wp-json\/wp\/v2\/tags?post=2597"}],"curies":[{"name":"wp","href":"https:\/\/api.w.org\/{rel}","templated":true}]}}