{"id":2590,"date":"2026-03-22T20:44:35","date_gmt":"2026-03-22T20:44:35","guid":{"rendered":"https:\/\/www.sebastien-auziere.fr\/blog\/?p=2590"},"modified":"2026-03-22T20:45:53","modified_gmt":"2026-03-22T20:45:53","slug":"sister-of-brigitte-macron-who-are-maryvonne-anne-marie-and-monique-trogneux-3","status":"publish","type":"post","link":"https:\/\/www.sebastien-auziere.fr\/blog\/pt\/sister-of-brigitte-macron-who-are-maryvonne-anne-marie-and-monique-trogneux-3\/","title":{"rendered":"Sister of Brigitte Macron: who are Maryvonne, Anne-Marie and Monique Trogneux?"},"content":{"rendered":"<p>Brigitte Macron \u00e9 a ca\u00e7ula de uma fam\u00edlia de seis filhos, todos nascidos de Jean Trogneux (1909-1994) e Simone Pujol (1913-1998), oriundos da famosa fam\u00edlia de chocolatiers de Amiens. Se a Primeira-dama \u00e9 hoje uma figura p\u00fablica muito medi\u00e1tica, suas irm\u00e3s permaneceram amplamente nas sombras. Retrato dessas mulheres que compartilharam a inf\u00e2ncia de Brigitte Macron.<\/p>\n<ul>\n<li>A fam\u00edlia Trogneux conta com seis filhos, dos quais Brigitte \u00e9 a ca\u00e7ula, nascida vinte anos ap\u00f3s o mais velho<\/li>\n<li>Duass irm\u00e3s: Maryvonne (falecida em 1961) e Monique (nascida em 1941, ainda viva), bem como tr\u00eas irm\u00e3os<\/li>\n<li>Anne-Marie Trogneux, irm\u00e3 mais velha, faleceu em 2 de julho de 2025, aos 93 anos<\/li>\n<li>Monique Trogneux, nascida em 1941, \u00e9 esposa de Jean-Claude Gueudet, um dos mais importantes concession\u00e1rios de autom\u00f3veis da Fran\u00e7a<\/li>\n<li>Maryvonne Trogneux faleceu tragicamente em 1961, aos 27 anos, em um acidente de carro enquanto estava gr\u00e1vida<\/li>\n<\/ul>\n<p><strong>Sum\u00e1rio :<\/strong> <a href=\"#famille\">A fam\u00edlia Trogneux<\/a> \u00b7 <a href=\"#maryvonne\">Maryvonne<\/a> \u00b7 <a href=\"#anne-marie\">Anne-Marie<\/a> \u00b7 <a href=\"#monique\">Monique<\/a> \u00b7 <a href=\"#fratrie\">A fam\u00edlia completa<\/a> \u00b7 <a href=\"#faq\">FAQ<\/a><\/p>\n<h2 id=\"famille\">A fam\u00edlia Trogneux : uma fam\u00edlia de seis filhos<\/h2>\n<p>A fam\u00edlia Trogneux \u00e9 uma das mais conhecidas de Amiens. Fundada em 1872, a chocolateria Trogneux \u00e9 renomada em toda a regi\u00e3o por seus macarons. Jean Trogneux e sua esposa Simone Pujol tiveram seis filhos, em uma ordem que se estende por duas d\u00e9cadas: os mais velhos nasceram durante ou logo ap\u00f3s a guerra, em um contexto de priva\u00e7\u00e3o, enquanto Brigitte, a ca\u00e7ula, chegou em 1953 em uma Fran\u00e7a pr\u00f3spera e em plena modernidade.<\/p>\n<p>Essa diferen\u00e7a de gera\u00e7\u00e3o dentro da pr\u00f3pria fam\u00edlia explica que Brigitte tenha crescido em um contexto bem diferente de seus irm\u00e3os e irm\u00e3s mais velhos. Crian\u00e7a mimada, a mais nova de uma fam\u00edlia grande, ela desfrutou de uma liberdade que seus mais velhos n\u00e3o conheceram: direito de sair, usar jeans, pendurar p\u00f4steres de rock em seu quarto. Seus sobrinhos e sobrinhas muitas vezes tinham apenas alguns anos a menos que ela.<\/p>\n<p style=\"background:#fff8e1;border-left:4px solid #f9a825;padding:12px 16px;margin:16px 0\"><strong>A fam\u00edlia Trogneux :<\/strong> Maryvonne (mais velha, falecida em 1961), Jean-Claude (nascido por volta de 1933, falecido em 2018), Anne-Marie, Jean-Michel (nascido em 1945), Monique (nascida em 1941) e Brigitte (nascida em 1953, ca\u00e7ula). As datas exatas de nascimento de Jean-Claude e Anne-Marie n\u00e3o s\u00e3o p\u00fablicas.<\/p>\n<h2 id=\"maryvonne\">Maryvonne Trogneux : a irm\u00e3 que partiu cedo demais<\/h2>\n<p>Maryvonne Trogneux \u00e9 a irm\u00e3 mais velha de Brigitte Macron. Sua hist\u00f3ria \u00e9 marcada pela trag\u00e9dia: ela falece em 1961 em um acidente de carro, com seu marido, enquanto estava gr\u00e1vida. Ela tinha apenas 27 anos. Brigitte tinha ent\u00e3o apenas 8 anos.<\/p>\n<p>Em raras entrevistas, especialmente na revista Elle em 2017, Brigitte Macron fala sobre essa perda com emo\u00e7\u00e3o: a morte de Maryvonne a marcou profundamente. Essa s\u00fabita desapari\u00e7\u00e3o de uma irm\u00e3 gr\u00e1vida, junto com seu marido, deixou uma marca indel\u00e9vel na fam\u00edlia Trogneux e na pequena Brigitte, que ainda a menciona como uma presen\u00e7a constante em sua vida.<\/p>\n<h2 id=\"anne-marie\">Anne-Marie Trogneux : a discreta, falecida em 2025<\/h2>\n<p>Anne-Marie Trogneux \u00e9 a irm\u00e3 que tinha 21 anos a mais que Brigitte quando esta nasceu. Mulher das sombras, ela nunca tentou aproveitar a notoriedade de sua irm\u00e3 mais nova que se tornou Primeira-dama. Desde a chegada de Emmanuel Macron ao El\u00edsio em 2017, ela nunca foi vista em p\u00fablico, nunca entrevistada.<\/p>\n<p>Segundo o livro Les Macron du Touquet \u00c9lys\u00e9e-Plage de Renaud D\u00e9ly e Marie Huret, ela se casou com um empres\u00e1rio influente, dirigente de uma grande empresa do setor sanit\u00e1rio, enquanto permanecia profundamente ligada \u00e0s suas ra\u00edzes ami\u00e9noises. Os mais pr\u00f3ximos a descrevem como uma mulher culta, bondosa, representando um ponto de apoio est\u00e1vel para Brigitte.<\/p>\n<p>Anne-Marie Trogneux faleceu na noite de 2 para 3 de julho de 2025, aos 93 anos, em Amiens. Brigitte Macron esteve ao seu lado na tarde de 4 de julho para se despedir. Ela a chamava carinhosamente de \u00ab\u00a0Nanou\u00a0\u00bb. O funeral ocorreu na ter\u00e7a-feira, 15 de julho de 2025, na igreja de Saint-Martin no bairro Henriville de Amiens, seguido de um sepultamento no cemit\u00e9rio Saint-Acheul. Emmanuel e Brigitte Macron, que acabavam de participar do desfile de 14 de julho, deslocaram-se at\u00e9 Amiens para estas \u00edntimas despedidas.<\/p>\n<h2 id=\"monique\">Monique Trogneux : a irm\u00e3 ainda viva<\/h2>\n<p>Monique Trogneux, nascida em 1941, \u00e9 a \u00fanica irm\u00e3 ainda viva de Brigitte Macron em 2026. Ela se casou com Jean-Claude Gueudet em 1963. Seu marido \u00e9 um dos mais importantes concession\u00e1rios de autom\u00f3veis da Fran\u00e7a: o grupo Gueudet est\u00e1 classificado entre as 500 maiores fortunas francesas pela revista Challenges.<\/p>\n<p>Assim como Anne-Marie antes dela, Monique sempre optou pela total discri\u00e7\u00e3o. Ela nunca aparece em eventos p\u00fablicos relacionados \u00e0 presid\u00eancia, n\u00e3o concede nenhuma entrevista e mant\u00e9m uma separa\u00e7\u00e3o clara entre sua vida privada e a notoriedade de sua irm\u00e3 mais nova.<\/p>\n<h2 id=\"fratrie\">A fam\u00edlia completa : cronologia e estado civil<\/h2>\n<h3>Vis\u00e3o geral da fam\u00edlia Trogneux<\/h3>\n<table style=\"margin-top:0\">\n<thead>\n<tr>\n<th>Nome<\/th>\n<th>Nascimento<\/th>\n<th>Estado<\/th>\n<th>Conjuge \/ Profiss\u00e3o<\/th>\n<\/tr>\n<\/thead>\n<tbody>\n<tr>\n<td><strong>Maryvonne<\/strong><\/td>\n<td>Por volta de 1934<\/td>\n<td>Falecida em 1961 (27 anos)<\/td>\n<td>Faleceu em um acidente de carro, gr\u00e1vida<\/td>\n<\/tr>\n<tr>\n<td><strong>Jean-Claude<\/strong><\/td>\n<td>Por volta de 1933<\/td>\n<td>Falecido em 2018 (85 anos)<\/td>\n<td>Dirigia a chocolateria familiar Trogneux<\/td>\n<\/tr>\n<tr>\n<td><strong>Anne-Marie<\/strong><\/td>\n<td>N.C.<\/td>\n<td>Falecida em 2 de julho de 2025 (93 anos)<\/td>\n<td>Casada com um dirigente do setor sanit\u00e1rio<\/td>\n<\/tr>\n<tr>\n<td><strong>Monique<\/strong><\/td>\n<td>1941<\/td>\n<td>Viva<\/td>\n<td>Esposa de Jean-Claude Gueudet (concession\u00e1rio)<\/td>\n<\/tr>\n<tr>\n<td><strong>Jean-Michel<\/strong><\/td>\n<td>11 de fevereiro de 1945<\/td>\n<td>Vivo<\/td>\n<td>Irm\u00e3o de Brigitte, vida privada<\/td>\n<\/tr>\n<tr>\n<td><strong>Brigitte<\/strong><\/td>\n<td>13 de abril de 1953<\/td>\n<td>Viva<\/td>\n<td>Primeira-dama da Fran\u00e7a, esposa de Emmanuel Macron<\/td>\n<\/tr>\n<\/tbody>\n<\/table>\n<p>Em 2026, Brigitte Macron tem apenas um irm\u00e3o e uma irm\u00e3 vivos: Jean-Michel Trogneux (nascido em 1945) e Monique Trogneux (nascida em 1941). Ela perdeu sucessivamente Maryvonne (1961), Jean-Claude (2018) e Anne-Marie (2025).<\/p>\n<h2 id=\"faq\">FAQ \u2014 Irm\u00e3 de Brigitte Macron<\/h2>\n<dl>\n<dt><strong>Quantas irm\u00e3s Brigitte Macron tem?<\/strong><\/dt>\n<dd>Brigitte Macron teve tr\u00eas irm\u00e3s: Maryvonne (falecida em 1961 aos 27 anos em um acidente de carro), Anne-Marie (falecida em 2 de julho de 2025 aos 93 anos) e Monique (nascida em 1941, ainda viva). Ela \u00e9 a ca\u00e7ula da fam\u00edlia.<\/dd>\n<dt><strong>Quem \u00e9 a irm\u00e3 de Brigitte Macron ainda viva?<\/strong><\/dt>\n<dd>Monique Trogneux, nascida em 1941, \u00e9 a \u00fanica irm\u00e3 ainda viva de Brigitte Macron em 2026. Ela \u00e9 esposa de Jean-Claude Gueudet, um dos mais importantes concession\u00e1rios de autom\u00f3veis da Fran\u00e7a, classificado entre as 500 maiores fortunas francesas pela Challenges.<\/dd>\n<dt><strong>Quando faleceu a irm\u00e3 mais velha de Brigitte Macron?<\/strong><\/dt>\n<dd>Anne-Marie Trogneux faleceu na noite de 2 para 3 de julho de 2025, aos 93 anos, em Amiens. Seu funeral ocorreu em 15 de julho de 2025 na presen\u00e7a de Emmanuel e Brigitte Macron.<\/dd>\n<dt><strong>Como Maryvonne Trogneux faleceu?<\/strong><\/dt>\n<dd>Maryvonne Trogneux, irm\u00e3 mais velha de Brigitte Macron, faleceu em 1961 em um acidente de carro, com seu marido, enquanto estava gr\u00e1vida. Ela tinha apenas 27 anos. Brigitte Macron tinha 8 anos e falou sobre essa perda em v\u00e1rias entrevistas como uma ferida que nunca a deixou.<\/dd>\n<dt><strong>Brigitte Macron tem irm\u00e3os?<\/strong><\/dt>\n<dd>Sim. Brigitte Macron teve dois irm\u00e3os: Jean-Claude Trogneux, que dirigia a chocolateria familiar, falecido em 2018 aos 85 anos, e Jean-Michel Trogneux, nascido em 11 de fevereiro de 1945, ainda vivo em 2026.<\/dd>\n<\/dl>\n<p>{<br \/>\n  \u00ab\u00a0@context\u00a0\u00bb: \u00ab\u00a0https:\/\/schema.org\u00a0\u00bb,<br \/>\n  \u00ab\u00a0@type\u00a0\u00bb: \u00ab\u00a0Article\u00a0\u00bb,<br \/>\n  \u00ab\u00a0headline\u00a0\u00bb: \u00ab\u00a0Irm\u00e3 de Brigitte Macron: quem s\u00e3o Maryvonne, Anne-Marie e Monique Trogneux?\u00a0\u00bb,<br \/>\n  \u00ab\u00a0description\u00a0\u00bb: \u00ab\u00a0Tudo sobre as irm\u00e3s de Brigitte Macron: Maryvonne (falecida em 1961), Anne-Marie (falecida em 2025) e Monique (nascida em 1941). Retrato da fam\u00edlia Trogneux.\u00a0\u00bb,<br \/>\n  \u00ab\u00a0inLanguage\u00a0\u00bb: \u00ab\u00a0fr\u00a0\u00bb,<br \/>\n  \u00ab\u00a0datePublished\u00a0\u00bb: \u00ab\u00a02026-03-19\u00a0\u00bb,<br \/>\n  \u00ab\u00a0dateModified\u00a0\u00bb: \u00ab\u00a02026-03-19\u00a0\u00bb,<br \/>\n  \u00ab\u00a0about\u00a0\u00bb: {<br \/>\n    \u00ab\u00a0@type\u00a0\u00bb: \u00ab\u00a0Person\u00a0\u00bb,<br \/>\n    \u00ab\u00a0name\u00a0\u00bb: \u00ab\u00a0Brigitte Macron\u00a0\u00bb,<br \/>\n    \u00ab\u00a0birthDate\u00a0\u00bb: \u00ab\u00a01953-04-13\u00a0\u00bb<br \/>\n  }<br \/>\n}<\/p>\n<p>{<br \/>\n  \u00ab\u00a0@context\u00a0\u00bb: \u00ab\u00a0https:\/\/schema.org\u00a0\u00bb,<br \/>\n  \u00ab\u00a0@type\u00a0\u00bb: \u00ab\u00a0FAQPage\u00a0\u00bb,<br \/>\n  \u00ab\u00a0mainEntity\u00a0\u00bb: [<br \/>\n    {<br \/>\n      \u00ab\u00a0@type\u00a0\u00bb: \u00ab\u00a0Question\u00a0\u00bb,<br \/>\n      \u00ab\u00a0name\u00a0\u00bb: \u00ab\u00a0Quantas irm\u00e3s Brigitte Macron tem?\u00a0\u00bb,<br \/>\n      \u00ab\u00a0acceptedAnswer\u00a0\u00bb: { \u00ab\u00a0@type\u00a0\u00bb: \u00ab\u00a0Answer\u00a0\u00bb, \u00ab\u00a0text\u00a0\u00bb: \u00ab\u00a0Tr\u00eas irm\u00e3s: Maryvonne (falecida em 1961), Anne-Marie (falecida em 2025) e Monique (nascida em 1941, ainda viva). Ela \u00e9 a ca\u00e7ula.\u00a0\u00bb }<br \/>\n    },<br \/>\n    {<br \/>\n      \u00ab\u00a0@type\u00a0\u00bb: \u00ab\u00a0Question\u00a0\u00bb,<br \/>\n      \u00ab\u00a0name\u00a0\u00bb: \u00ab\u00a0Quem \u00e9 a irm\u00e3 de Brigitte Macron ainda viva?\u00a0\u00bb,<br \/>\n      \u00ab\u00a0acceptedAnswer\u00a0\u00bb: { \u00ab\u00a0@type\u00a0\u00bb: \u00ab\u00a0Answer\u00a0\u00bb, \u00ab\u00a0text\u00a0\u00bb: \u00ab\u00a0Monique Trogneux, nascida em 1941, esposa de Jean-Claude Gueudet, um dos mais importantes concession\u00e1rios de autom\u00f3veis da Fran\u00e7a.\u00a0\u00bb }<br \/>\n    },<br \/>\n    {<br \/>\n      \u00ab\u00a0@type\u00a0\u00bb: \u00ab\u00a0Question\u00a0\u00bb,<br \/>\n      \u00ab\u00a0name\u00a0\u00bb: \u00ab\u00a0Quando faleceu a irm\u00e3 mais velha de Brigitte Macron?\u00a0\u00bb,<br \/>\n      \u00ab\u00a0acceptedAnswer\u00a0\u00bb: { \u00ab\u00a0@type\u00a0\u00bb: \u00ab\u00a0Answer\u00a0\u00bb, \u00ab\u00a0text\u00a0\u00bb: \u00ab\u00a0Anne-Marie Trogneux faleceu em 2 de julho de 2025 aos 93 anos. Seu funeral ocorreu em 15 de julho de 2025 em Amiens.\u00a0\u00bb }<br \/>\n    },<br \/>\n    {<br \/>\n      \u00ab\u00a0@type\u00a0\u00bb: \u00ab\u00a0Question\u00a0\u00bb,<br \/>\n      \u00ab\u00a0name\u00a0\u00bb: \u00ab\u00a0Brigitte Macron tem irm\u00e3os?\u00a0\u00bb,<br \/>\n      \u00ab\u00a0acceptedAnswer\u00a0\u00bb: { \u00ab\u00a0@type\u00a0\u00bb: \u00ab\u00a0Answer\u00a0\u00bb, \u00ab\u00a0text\u00a0\u00bb: \u00ab\u00a0Sim: Jean-Claude (falecido em 2018) que dirigia a chocolateria, e Jean-Michel (nascido em 1945), ainda vivo em 2026.\u00a0\u00bb }<br \/>\n    }<br \/>\n  ]<br \/>\n}<\/p>\n","protected":false},"excerpt":{"rendered":"<p>Brigitte Macron \u00e9 a ca\u00e7ula de uma fam\u00edlia de seis filhos, todos nascidos de Jean Trogneux (1909-1994) e Simone Pujol (1913-1998), oriundos da famosa fam\u00edlia de chocolatiers de Amiens. Se a Primeira-dama \u00e9 hoje uma figura p\u00fablica muito medi\u00e1tica, suas irm\u00e3s permaneceram amplamente nas sombras. Retrato dessas mulheres que compartilharam a inf\u00e2ncia de Brigitte Macron. &#8230; <a title=\"Sister of Brigitte Macron: who are Maryvonne, Anne-Marie and Monique Trogneux?\" class=\"read-more\" href=\"https:\/\/www.sebastien-auziere.fr\/blog\/pt\/sister-of-brigitte-macron-who-are-maryvonne-anne-marie-and-monique-trogneux-3\/\" aria-label=\"En savoir plus sur Sister of Brigitte Macron: who are Maryvonne, Anne-Marie and Monique Trogneux?\">Lire plus<\/a><\/p>\n","protected":false},"author":4,"featured_media":2580,"comment_status":"open","ping_status":"open","sticky":false,"template":"","format":"standard","meta":{"footnotes":""},"categories":[848],"tags":[],"class_list":["post-2590","post","type-post","status-publish","format-standard","has-post-thumbnail","hentry","category-non-classe-pt"],"yoast_head":"<!-- This site is optimized with the Yoast SEO plugin v27.5 - https:\/\/yoast.com\/product\/yoast-seo-wordpress\/ -->\n<title>Soeur de Brigitte Macron : Maryvonne, Anne-Marie et Monique Trogneux<\/title>\n<meta name=\"description\" content=\"i sont les soeurs de Brigitte Macron ? Portrait complet de Maryvonne (d\u00e9c\u00e9d\u00e9e en 1961), Anne-Marie (d\u00e9c\u00e9d\u00e9e en juillet 2025 \u00e0 93 ans) et Monique Trogneux, toujours vivante.\" \/>\n<meta name=\"robots\" content=\"index, follow, max-snippet:-1, max-image-preview:large, max-video-preview:-1\" \/>\n<link rel=\"canonical\" href=\"https:\/\/www.sebastien-auziere.fr\/blog\/pt\/sister-of-brigitte-macron-who-are-maryvonne-anne-marie-and-monique-trogneux-3\/\" \/>\n<meta property=\"og:locale\" content=\"fr_FR\" \/>\n<meta property=\"og:type\" content=\"article\" \/>\n<meta property=\"og:title\" content=\"Soeur de Brigitte Macron : Maryvonne, Anne-Marie et Monique Trogneux\" \/>\n<meta property=\"og:description\" content=\"i sont les soeurs de Brigitte Macron ? Portrait complet de Maryvonne (d\u00e9c\u00e9d\u00e9e en 1961), Anne-Marie (d\u00e9c\u00e9d\u00e9e en juillet 2025 \u00e0 93 ans) et Monique Trogneux, toujours vivante.\" \/>\n<meta property=\"og:url\" content=\"https:\/\/www.sebastien-auziere.fr\/blog\/pt\/sister-of-brigitte-macron-who-are-maryvonne-anne-marie-and-monique-trogneux-3\/\" \/>\n<meta property=\"og:site_name\" content=\"Fan site S\u00e9bastien Auzi\u00e8re\" \/>\n<meta property=\"article:published_time\" content=\"2026-03-22T20:44:35+00:00\" \/>\n<meta property=\"article:modified_time\" content=\"2026-03-22T20:45:53+00:00\" \/>\n<meta property=\"og:image\" content=\"https:\/\/www.sebastien-auziere.fr\/blog\/wp-content\/uploads\/2026\/03\/Capture-decran-2026-03-22-212516.jpg\" \/>\n\t<meta property=\"og:image:width\" content=\"708\" \/>\n\t<meta property=\"og:image:height\" content=\"455\" \/>\n\t<meta property=\"og:image:type\" content=\"image\/jpeg\" \/>\n<meta name=\"author\" content=\"Celine\" \/>\n<meta name=\"twitter:card\" content=\"summary_large_image\" \/>\n<meta name=\"twitter:label1\" content=\"\u00c9crit par\" \/>\n\t<meta name=\"twitter:data1\" content=\"Celine\" \/>\n\t<meta name=\"twitter:label2\" content=\"Dur\u00e9e de lecture estim\u00e9e\" \/>\n\t<meta name=\"twitter:data2\" content=\"7 minutes\" \/>\n<script type=\"application\/ld+json\" class=\"yoast-schema-graph\">{\"@context\":\"https:\\\/\\\/schema.org\",\"@graph\":[{\"@type\":\"Article\",\"@id\":\"https:\\\/\\\/www.sebastien-auziere.fr\\\/blog\\\/pt\\\/sister-of-brigitte-macron-who-are-maryvonne-anne-marie-and-monique-trogneux-3\\\/#article\",\"isPartOf\":{\"@id\":\"https:\\\/\\\/www.sebastien-auziere.fr\\\/blog\\\/pt\\\/sister-of-brigitte-macron-who-are-maryvonne-anne-marie-and-monique-trogneux-3\\\/\"},\"author\":{\"name\":\"Celine\",\"@id\":\"https:\\\/\\\/www.sebastien-auziere.fr\\\/blog\\\/#\\\/schema\\\/person\\\/1e270a963009242469ed08b1c461f81f\"},\"headline\":\"Sister of Brigitte Macron: who are Maryvonne, Anne-Marie and Monique Trogneux?\",\"datePublished\":\"2026-03-22T20:44:35+00:00\",\"dateModified\":\"2026-03-22T20:45:53+00:00\",\"mainEntityOfPage\":{\"@id\":\"https:\\\/\\\/www.sebastien-auziere.fr\\\/blog\\\/pt\\\/sister-of-brigitte-macron-who-are-maryvonne-anne-marie-and-monique-trogneux-3\\\/\"},\"wordCount\":1335,\"commentCount\":0,\"publisher\":{\"@id\":\"https:\\\/\\\/www.sebastien-auziere.fr\\\/blog\\\/#organization\"},\"image\":{\"@id\":\"https:\\\/\\\/www.sebastien-auziere.fr\\\/blog\\\/pt\\\/sister-of-brigitte-macron-who-are-maryvonne-anne-marie-and-monique-trogneux-3\\\/#primaryimage\"},\"thumbnailUrl\":\"https:\\\/\\\/www.sebastien-auziere.fr\\\/blog\\\/wp-content\\\/uploads\\\/2026\\\/03\\\/Capture-decran-2026-03-22-212516.jpg\",\"inLanguage\":\"fr-FR\",\"potentialAction\":[{\"@type\":\"CommentAction\",\"name\":\"Comment\",\"target\":[\"https:\\\/\\\/www.sebastien-auziere.fr\\\/blog\\\/pt\\\/sister-of-brigitte-macron-who-are-maryvonne-anne-marie-and-monique-trogneux-3\\\/#respond\"]}]},{\"@type\":\"WebPage\",\"@id\":\"https:\\\/\\\/www.sebastien-auziere.fr\\\/blog\\\/pt\\\/sister-of-brigitte-macron-who-are-maryvonne-anne-marie-and-monique-trogneux-3\\\/\",\"url\":\"https:\\\/\\\/www.sebastien-auziere.fr\\\/blog\\\/pt\\\/sister-of-brigitte-macron-who-are-maryvonne-anne-marie-and-monique-trogneux-3\\\/\",\"name\":\"Soeur de Brigitte Macron : Maryvonne, Anne-Marie et Monique Trogneux\",\"isPartOf\":{\"@id\":\"https:\\\/\\\/www.sebastien-auziere.fr\\\/blog\\\/#website\"},\"primaryImageOfPage\":{\"@id\":\"https:\\\/\\\/www.sebastien-auziere.fr\\\/blog\\\/pt\\\/sister-of-brigitte-macron-who-are-maryvonne-anne-marie-and-monique-trogneux-3\\\/#primaryimage\"},\"image\":{\"@id\":\"https:\\\/\\\/www.sebastien-auziere.fr\\\/blog\\\/pt\\\/sister-of-brigitte-macron-who-are-maryvonne-anne-marie-and-monique-trogneux-3\\\/#primaryimage\"},\"thumbnailUrl\":\"https:\\\/\\\/www.sebastien-auziere.fr\\\/blog\\\/wp-content\\\/uploads\\\/2026\\\/03\\\/Capture-decran-2026-03-22-212516.jpg\",\"datePublished\":\"2026-03-22T20:44:35+00:00\",\"dateModified\":\"2026-03-22T20:45:53+00:00\",\"description\":\"i sont les soeurs de Brigitte Macron ? Portrait complet de Maryvonne (d\u00e9c\u00e9d\u00e9e en 1961), Anne-Marie (d\u00e9c\u00e9d\u00e9e en juillet 2025 \u00e0 93 ans) et Monique Trogneux, toujours vivante.\",\"breadcrumb\":{\"@id\":\"https:\\\/\\\/www.sebastien-auziere.fr\\\/blog\\\/pt\\\/sister-of-brigitte-macron-who-are-maryvonne-anne-marie-and-monique-trogneux-3\\\/#breadcrumb\"},\"inLanguage\":\"fr-FR\",\"potentialAction\":[{\"@type\":\"ReadAction\",\"target\":[\"https:\\\/\\\/www.sebastien-auziere.fr\\\/blog\\\/pt\\\/sister-of-brigitte-macron-who-are-maryvonne-anne-marie-and-monique-trogneux-3\\\/\"]}]},{\"@type\":\"ImageObject\",\"inLanguage\":\"fr-FR\",\"@id\":\"https:\\\/\\\/www.sebastien-auziere.fr\\\/blog\\\/pt\\\/sister-of-brigitte-macron-who-are-maryvonne-anne-marie-and-monique-trogneux-3\\\/#primaryimage\",\"url\":\"https:\\\/\\\/www.sebastien-auziere.fr\\\/blog\\\/wp-content\\\/uploads\\\/2026\\\/03\\\/Capture-decran-2026-03-22-212516.jpg\",\"contentUrl\":\"https:\\\/\\\/www.sebastien-auziere.fr\\\/blog\\\/wp-content\\\/uploads\\\/2026\\\/03\\\/Capture-decran-2026-03-22-212516.jpg\",\"width\":708,\"height\":455,\"caption\":\"S\u0153ur de Brigitte Macron\"},{\"@type\":\"BreadcrumbList\",\"@id\":\"https:\\\/\\\/www.sebastien-auziere.fr\\\/blog\\\/pt\\\/sister-of-brigitte-macron-who-are-maryvonne-anne-marie-and-monique-trogneux-3\\\/#breadcrumb\",\"itemListElement\":[{\"@type\":\"ListItem\",\"position\":1,\"name\":\"Home\",\"item\":\"https:\\\/\\\/www.sebastien-auziere.fr\\\/blog\\\/\"},{\"@type\":\"ListItem\",\"position\":2,\"name\":\"Sister of Brigitte Macron: who are Maryvonne, Anne-Marie and Monique Trogneux?\"}]},{\"@type\":\"WebSite\",\"@id\":\"https:\\\/\\\/www.sebastien-auziere.fr\\\/blog\\\/#website\",\"url\":\"https:\\\/\\\/www.sebastien-auziere.fr\\\/blog\\\/\",\"name\":\"Fan site S\u00e9bastien Auzi\u00e8re\",\"description\":\"M\u00e9dia g\u00e9n\u00e9raliste\",\"publisher\":{\"@id\":\"https:\\\/\\\/www.sebastien-auziere.fr\\\/blog\\\/#organization\"},\"potentialAction\":[{\"@type\":\"SearchAction\",\"target\":{\"@type\":\"EntryPoint\",\"urlTemplate\":\"https:\\\/\\\/www.sebastien-auziere.fr\\\/blog\\\/?s={search_term_string}\"},\"query-input\":{\"@type\":\"PropertyValueSpecification\",\"valueRequired\":true,\"valueName\":\"search_term_string\"}}],\"inLanguage\":\"fr-FR\"},{\"@type\":\"Organization\",\"@id\":\"https:\\\/\\\/www.sebastien-auziere.fr\\\/blog\\\/#organization\",\"name\":\"Fan site S\u00e9bastien Auzi\u00e8re\",\"url\":\"https:\\\/\\\/www.sebastien-auziere.fr\\\/blog\\\/\",\"logo\":{\"@type\":\"ImageObject\",\"inLanguage\":\"fr-FR\",\"@id\":\"https:\\\/\\\/www.sebastien-auziere.fr\\\/blog\\\/#\\\/schema\\\/logo\\\/image\\\/\",\"url\":\"https:\\\/\\\/www.sebastien-auziere.fr\\\/blog\\\/wp-content\\\/uploads\\\/2026\\\/03\\\/cropped-cropped-cropped-ChatGPT-Image-6-mars-2026-12_58_09-e1772798376794.jpg\",\"contentUrl\":\"https:\\\/\\\/www.sebastien-auziere.fr\\\/blog\\\/wp-content\\\/uploads\\\/2026\\\/03\\\/cropped-cropped-cropped-ChatGPT-Image-6-mars-2026-12_58_09-e1772798376794.jpg\",\"width\":512,\"height\":360,\"caption\":\"Fan site S\u00e9bastien Auzi\u00e8re\"},\"image\":{\"@id\":\"https:\\\/\\\/www.sebastien-auziere.fr\\\/blog\\\/#\\\/schema\\\/logo\\\/image\\\/\"}},{\"@type\":\"Person\",\"@id\":\"https:\\\/\\\/www.sebastien-auziere.fr\\\/blog\\\/#\\\/schema\\\/person\\\/1e270a963009242469ed08b1c461f81f\",\"name\":\"Celine\",\"image\":{\"@type\":\"ImageObject\",\"inLanguage\":\"fr-FR\",\"@id\":\"https:\\\/\\\/secure.gravatar.com\\\/avatar\\\/c88d569fbe1fe19a13c7f21ee0f8973822df96073df21850b95af6a09ba820c9?s=96&d=mm&r=g\",\"url\":\"https:\\\/\\\/secure.gravatar.com\\\/avatar\\\/c88d569fbe1fe19a13c7f21ee0f8973822df96073df21850b95af6a09ba820c9?s=96&d=mm&r=g\",\"contentUrl\":\"https:\\\/\\\/secure.gravatar.com\\\/avatar\\\/c88d569fbe1fe19a13c7f21ee0f8973822df96073df21850b95af6a09ba820c9?s=96&d=mm&r=g\",\"caption\":\"Celine\"},\"description\":\"Je m'appelle C\u00e9line, j'ai 31 ans et je suis journaliste sp\u00e9cialis\u00e9e dans le cin\u00e9ma. Passionn\u00e9e par le septi\u00e8me art, j'explore les actualit\u00e9s, les critiques et les tendances du monde cin\u00e9matographique. Mon objectif est de partager ma passion et d'informer les amateurs de films \u00e0 travers des articles percutants et des analyses approfondies.\",\"url\":\"https:\\\/\\\/www.sebastien-auziere.fr\\\/blog\\\/author\\\/celine\\\/\"}]}<\/script>\n<!-- \/ Yoast SEO plugin. -->","yoast_head_json":{"title":"Soeur de Brigitte Macron : Maryvonne, Anne-Marie et Monique Trogneux","description":"i sont les soeurs de Brigitte Macron ? Portrait complet de Maryvonne (d\u00e9c\u00e9d\u00e9e en 1961), Anne-Marie (d\u00e9c\u00e9d\u00e9e en juillet 2025 \u00e0 93 ans) et Monique Trogneux, toujours vivante.","robots":{"index":"index","follow":"follow","max-snippet":"max-snippet:-1","max-image-preview":"max-image-preview:large","max-video-preview":"max-video-preview:-1"},"canonical":"https:\/\/www.sebastien-auziere.fr\/blog\/pt\/sister-of-brigitte-macron-who-are-maryvonne-anne-marie-and-monique-trogneux-3\/","og_locale":"fr_FR","og_type":"article","og_title":"Soeur de Brigitte Macron : Maryvonne, Anne-Marie et Monique Trogneux","og_description":"i sont les soeurs de Brigitte Macron ? Portrait complet de Maryvonne (d\u00e9c\u00e9d\u00e9e en 1961), Anne-Marie (d\u00e9c\u00e9d\u00e9e en juillet 2025 \u00e0 93 ans) et Monique Trogneux, toujours vivante.","og_url":"https:\/\/www.sebastien-auziere.fr\/blog\/pt\/sister-of-brigitte-macron-who-are-maryvonne-anne-marie-and-monique-trogneux-3\/","og_site_name":"Fan site S\u00e9bastien Auzi\u00e8re","article_published_time":"2026-03-22T20:44:35+00:00","article_modified_time":"2026-03-22T20:45:53+00:00","og_image":[{"width":708,"height":455,"url":"https:\/\/www.sebastien-auziere.fr\/blog\/wp-content\/uploads\/2026\/03\/Capture-decran-2026-03-22-212516.jpg","type":"image\/jpeg"}],"author":"Celine","twitter_card":"summary_large_image","twitter_misc":{"\u00c9crit par":"Celine","Dur\u00e9e de lecture estim\u00e9e":"7 minutes"},"schema":{"@context":"https:\/\/schema.org","@graph":[{"@type":"Article","@id":"https:\/\/www.sebastien-auziere.fr\/blog\/pt\/sister-of-brigitte-macron-who-are-maryvonne-anne-marie-and-monique-trogneux-3\/#article","isPartOf":{"@id":"https:\/\/www.sebastien-auziere.fr\/blog\/pt\/sister-of-brigitte-macron-who-are-maryvonne-anne-marie-and-monique-trogneux-3\/"},"author":{"name":"Celine","@id":"https:\/\/www.sebastien-auziere.fr\/blog\/#\/schema\/person\/1e270a963009242469ed08b1c461f81f"},"headline":"Sister of Brigitte Macron: who are Maryvonne, Anne-Marie and Monique Trogneux?","datePublished":"2026-03-22T20:44:35+00:00","dateModified":"2026-03-22T20:45:53+00:00","mainEntityOfPage":{"@id":"https:\/\/www.sebastien-auziere.fr\/blog\/pt\/sister-of-brigitte-macron-who-are-maryvonne-anne-marie-and-monique-trogneux-3\/"},"wordCount":1335,"commentCount":0,"publisher":{"@id":"https:\/\/www.sebastien-auziere.fr\/blog\/#organization"},"image":{"@id":"https:\/\/www.sebastien-auziere.fr\/blog\/pt\/sister-of-brigitte-macron-who-are-maryvonne-anne-marie-and-monique-trogneux-3\/#primaryimage"},"thumbnailUrl":"https:\/\/www.sebastien-auziere.fr\/blog\/wp-content\/uploads\/2026\/03\/Capture-decran-2026-03-22-212516.jpg","inLanguage":"fr-FR","potentialAction":[{"@type":"CommentAction","name":"Comment","target":["https:\/\/www.sebastien-auziere.fr\/blog\/pt\/sister-of-brigitte-macron-who-are-maryvonne-anne-marie-and-monique-trogneux-3\/#respond"]}]},{"@type":"WebPage","@id":"https:\/\/www.sebastien-auziere.fr\/blog\/pt\/sister-of-brigitte-macron-who-are-maryvonne-anne-marie-and-monique-trogneux-3\/","url":"https:\/\/www.sebastien-auziere.fr\/blog\/pt\/sister-of-brigitte-macron-who-are-maryvonne-anne-marie-and-monique-trogneux-3\/","name":"Soeur de Brigitte Macron : Maryvonne, Anne-Marie et Monique Trogneux","isPartOf":{"@id":"https:\/\/www.sebastien-auziere.fr\/blog\/#website"},"primaryImageOfPage":{"@id":"https:\/\/www.sebastien-auziere.fr\/blog\/pt\/sister-of-brigitte-macron-who-are-maryvonne-anne-marie-and-monique-trogneux-3\/#primaryimage"},"image":{"@id":"https:\/\/www.sebastien-auziere.fr\/blog\/pt\/sister-of-brigitte-macron-who-are-maryvonne-anne-marie-and-monique-trogneux-3\/#primaryimage"},"thumbnailUrl":"https:\/\/www.sebastien-auziere.fr\/blog\/wp-content\/uploads\/2026\/03\/Capture-decran-2026-03-22-212516.jpg","datePublished":"2026-03-22T20:44:35+00:00","dateModified":"2026-03-22T20:45:53+00:00","description":"i sont les soeurs de Brigitte Macron ? Portrait complet de Maryvonne (d\u00e9c\u00e9d\u00e9e en 1961), Anne-Marie (d\u00e9c\u00e9d\u00e9e en juillet 2025 \u00e0 93 ans) et Monique Trogneux, toujours vivante.","breadcrumb":{"@id":"https:\/\/www.sebastien-auziere.fr\/blog\/pt\/sister-of-brigitte-macron-who-are-maryvonne-anne-marie-and-monique-trogneux-3\/#breadcrumb"},"inLanguage":"fr-FR","potentialAction":[{"@type":"ReadAction","target":["https:\/\/www.sebastien-auziere.fr\/blog\/pt\/sister-of-brigitte-macron-who-are-maryvonne-anne-marie-and-monique-trogneux-3\/"]}]},{"@type":"ImageObject","inLanguage":"fr-FR","@id":"https:\/\/www.sebastien-auziere.fr\/blog\/pt\/sister-of-brigitte-macron-who-are-maryvonne-anne-marie-and-monique-trogneux-3\/#primaryimage","url":"https:\/\/www.sebastien-auziere.fr\/blog\/wp-content\/uploads\/2026\/03\/Capture-decran-2026-03-22-212516.jpg","contentUrl":"https:\/\/www.sebastien-auziere.fr\/blog\/wp-content\/uploads\/2026\/03\/Capture-decran-2026-03-22-212516.jpg","width":708,"height":455,"caption":"S\u0153ur de Brigitte Macron"},{"@type":"BreadcrumbList","@id":"https:\/\/www.sebastien-auziere.fr\/blog\/pt\/sister-of-brigitte-macron-who-are-maryvonne-anne-marie-and-monique-trogneux-3\/#breadcrumb","itemListElement":[{"@type":"ListItem","position":1,"name":"Home","item":"https:\/\/www.sebastien-auziere.fr\/blog\/"},{"@type":"ListItem","position":2,"name":"Sister of Brigitte Macron: who are Maryvonne, Anne-Marie and Monique Trogneux?"}]},{"@type":"WebSite","@id":"https:\/\/www.sebastien-auziere.fr\/blog\/#website","url":"https:\/\/www.sebastien-auziere.fr\/blog\/","name":"Fan site S\u00e9bastien Auzi\u00e8re","description":"M\u00e9dia g\u00e9n\u00e9raliste","publisher":{"@id":"https:\/\/www.sebastien-auziere.fr\/blog\/#organization"},"potentialAction":[{"@type":"SearchAction","target":{"@type":"EntryPoint","urlTemplate":"https:\/\/www.sebastien-auziere.fr\/blog\/?s={search_term_string}"},"query-input":{"@type":"PropertyValueSpecification","valueRequired":true,"valueName":"search_term_string"}}],"inLanguage":"fr-FR"},{"@type":"Organization","@id":"https:\/\/www.sebastien-auziere.fr\/blog\/#organization","name":"Fan site S\u00e9bastien Auzi\u00e8re","url":"https:\/\/www.sebastien-auziere.fr\/blog\/","logo":{"@type":"ImageObject","inLanguage":"fr-FR","@id":"https:\/\/www.sebastien-auziere.fr\/blog\/#\/schema\/logo\/image\/","url":"https:\/\/www.sebastien-auziere.fr\/blog\/wp-content\/uploads\/2026\/03\/cropped-cropped-cropped-ChatGPT-Image-6-mars-2026-12_58_09-e1772798376794.jpg","contentUrl":"https:\/\/www.sebastien-auziere.fr\/blog\/wp-content\/uploads\/2026\/03\/cropped-cropped-cropped-ChatGPT-Image-6-mars-2026-12_58_09-e1772798376794.jpg","width":512,"height":360,"caption":"Fan site S\u00e9bastien Auzi\u00e8re"},"image":{"@id":"https:\/\/www.sebastien-auziere.fr\/blog\/#\/schema\/logo\/image\/"}},{"@type":"Person","@id":"https:\/\/www.sebastien-auziere.fr\/blog\/#\/schema\/person\/1e270a963009242469ed08b1c461f81f","name":"Celine","image":{"@type":"ImageObject","inLanguage":"fr-FR","@id":"https:\/\/secure.gravatar.com\/avatar\/c88d569fbe1fe19a13c7f21ee0f8973822df96073df21850b95af6a09ba820c9?s=96&d=mm&r=g","url":"https:\/\/secure.gravatar.com\/avatar\/c88d569fbe1fe19a13c7f21ee0f8973822df96073df21850b95af6a09ba820c9?s=96&d=mm&r=g","contentUrl":"https:\/\/secure.gravatar.com\/avatar\/c88d569fbe1fe19a13c7f21ee0f8973822df96073df21850b95af6a09ba820c9?s=96&d=mm&r=g","caption":"Celine"},"description":"Je m'appelle C\u00e9line, j'ai 31 ans et je suis journaliste sp\u00e9cialis\u00e9e dans le cin\u00e9ma. Passionn\u00e9e par le septi\u00e8me art, j'explore les actualit\u00e9s, les critiques et les tendances du monde cin\u00e9matographique. Mon objectif est de partager ma passion et d'informer les amateurs de films \u00e0 travers des articles percutants et des analyses approfondies.","url":"https:\/\/www.sebastien-auziere.fr\/blog\/author\/celine\/"}]}},"views":2,"_links":{"self":[{"href":"https:\/\/www.sebastien-auziere.fr\/blog\/wp-json\/wp\/v2\/posts\/2590","targetHints":{"allow":["GET"]}}],"collection":[{"href":"https:\/\/www.sebastien-auziere.fr\/blog\/wp-json\/wp\/v2\/posts"}],"about":[{"href":"https:\/\/www.sebastien-auziere.fr\/blog\/wp-json\/wp\/v2\/types\/post"}],"author":[{"embeddable":true,"href":"https:\/\/www.sebastien-auziere.fr\/blog\/wp-json\/wp\/v2\/users\/4"}],"replies":[{"embeddable":true,"href":"https:\/\/www.sebastien-auziere.fr\/blog\/wp-json\/wp\/v2\/comments?post=2590"}],"version-history":[{"count":1,"href":"https:\/\/www.sebastien-auziere.fr\/blog\/wp-json\/wp\/v2\/posts\/2590\/revisions"}],"predecessor-version":[{"id":2591,"href":"https:\/\/www.sebastien-auziere.fr\/blog\/wp-json\/wp\/v2\/posts\/2590\/revisions\/2591"}],"wp:featuredmedia":[{"embeddable":true,"href":"https:\/\/www.sebastien-auziere.fr\/blog\/wp-json\/wp\/v2\/media\/2580"}],"wp:attachment":[{"href":"https:\/\/www.sebastien-auziere.fr\/blog\/wp-json\/wp\/v2\/media?parent=2590"}],"wp:term":[{"taxonomy":"category","embeddable":true,"href":"https:\/\/www.sebastien-auziere.fr\/blog\/wp-json\/wp\/v2\/categories?post=2590"},{"taxonomy":"post_tag","embeddable":true,"href":"https:\/\/www.sebastien-auziere.fr\/blog\/wp-json\/wp\/v2\/tags?post=2590"}],"curies":[{"name":"wp","href":"https:\/\/api.w.org\/{rel}","templated":true}]}}