{"id":2574,"date":"2026-03-20T06:46:06","date_gmt":"2026-03-20T06:46:06","guid":{"rendered":"https:\/\/www.sebastien-auziere.fr\/blog\/?p=2574"},"modified":"2026-03-20T06:46:59","modified_gmt":"2026-03-20T06:46:59","slug":"retiro-aqui-esta-o-valor-que-brigitte-macron-recebe-apos-sua-carreira-no-ensino","status":"publish","type":"post","link":"https:\/\/www.sebastien-auziere.fr\/blog\/pt\/retiro-aqui-esta-o-valor-que-brigitte-macron-recebe-apos-sua-carreira-no-ensino\/","title":{"rendered":"Retiro: aqui est\u00e1 o valor que Brigitte Macron recebe ap\u00f3s sua carreira no ensino"},"content":{"rendered":"<p>Source : Melty<\/em><\/p>\n<p>Antiga professora de letras que se tornou Primeira Dama, Brigitte Macron intriga tanto por seu percurso quanto por sua vida atual. Uma pergunta volta e meia: quanto ela realmente recebe de aposentadoria? A resposta \u00e9 mais complexa do que parece&#8230;<\/p>\n<ul>\n<li>Brigitte Macron ensinou franc\u00eas e latim no privado sob contrato por quase 30 anos, de 1986 a 2015<\/li>\n<li>Ela depende do regime geral (CNAV) e do Agirc-Arrco, e n\u00e3o do regime vantajoso dos funcion\u00e1rios da Educa\u00e7\u00e3o nacional<\/li>\n<li>Os \u00fanicos dados conhecidos datam de 2016: 17.200 euros recebidos de janeiro a agosto, ou cerca de 2.150 euros brutos por m\u00eas<\/li>\n<li>Nenhum sal\u00e1rio em fun\u00e7\u00e3o de Primeira Dama: a Carta de transpar\u00eancia de 2017 pro\u00edbe isso explicitamente<\/li>\n<li>Seu patrim\u00f4nio imobili\u00e1rio, vendido por 3,6 milh\u00f5es de euros em 2025, representa sua principal fonte de riqueza pessoal<\/li>\n<\/ul>\n<p><strong>Sum\u00e1rio :<\/strong> <a href=\"#carriere\">Sua carreira de professora<\/a> \u00b7 <a href=\"#premiere-dame\">Primeira Dama sem sal\u00e1rio<\/a> \u00b7 <a href=\"#retraite\">Seu regime e valor estimado<\/a> \u00b7 <a href=\"#immobilier\">Rendimentos imobili\u00e1rios<\/a> \u00b7 <a href=\"#conclusion\">O que reter<\/a> \u00b7 <a href=\"#faq\">FAQ<\/a><\/p>\n<h2 id=\"carriere\">Antes do \u00c9lys\u00e9e: a carreira de professora apaixonada de Brigitte Macron<\/h2>\n<p>Muito antes de se tornar esposa de Emmanuel Macron, Brigitte Macron teve uma carreira s\u00f3lida no ensino. Durante v\u00e1rias d\u00e9cadas, ela transmitiu seu amor pela literatura a seus alunos, primeiro em Estrasburgo, depois em Amiens, antes de se transferir para Paris.<\/p>\n<p>No auge da campanha eleitoral, neste 15 de mar\u00e7o de 2026, como relatou a Gala, Brigitte Macron apareceu no Touquet com um visual perfeitamente controlado, entre um casaco bord\u00f4 e acess\u00f3rios cuidadosamente escolhidos. Uma imagem de Primeira Dama fiel \u00e0quela que ela reflete h\u00e1 anos. Mas por tr\u00e1s dessa silhueta p\u00fablica muito exposta, uma outra faceta permanece amplamente desconhecida: a de sua antiga vida de professora.<\/p>\n<p>Nascida em 13 de abril de 1953 em Amiens, Brigitte Trogneux conseguiu em 1986 o CAPES de letras cl\u00e1ssicas, o concurso que lhe abriu as portas do ensino de franc\u00eas e latim na educa\u00e7\u00e3o privada sob contrato. Ela come\u00e7ou no coll\u00e8ge Lucie-Berger de Estrasburgo, depois se transferiu para o lyc\u00e9e La Providence em Amiens em 1991, antes de terminar sua carreira no renomado lyc\u00e9e Saint-Louis-de-Gonzague em Paris, onde ensinou at\u00e9 2015. Como esclarece o L&rsquo;Essentiel de l&rsquo;\u00c9co, aos 62 anos, ela decidiu encerrar sua atividade, uma sa\u00edda que corresponde \u00e0 idade legal de abertura dos direitos \u00e0 aposentadoria para sua gera\u00e7\u00e3o (61 anos e 2 meses). Aqueles que a conheceram como professora descrevem uma mulher dedicada, apaixonada, pr\u00f3xima de seus alunos. Uma voca\u00e7\u00e3o bem enraizada, longe dos c\u00f3digos da vida pol\u00edtica que ela se juntaria mais tarde.<\/p>\n<h2 id=\"premiere-dame\">Uma Primeira Dama ativa&#8230; mas sem sal\u00e1rio<\/h2>\n<p>Desde 2017, Brigitte Macron se tornou uma figura indispens\u00e1vel da vida p\u00fablica francesa. No entanto, ao contr\u00e1rio de algumas ideias preconcebidas, a esposa de Emmanuel Macron n\u00e3o recebe nenhuma remunera\u00e7\u00e3o por seu papel. Como esclarece o L&rsquo;Essentiel de l&rsquo;\u00c9co, suas atividades s\u00e3o regulamentadas por uma carta de transpar\u00eancia, mas isso diz respeito apenas aos recursos colocados \u00e0 sua disposi\u00e7\u00e3o: colaboradores, or\u00e7amento de funcionamento, gest\u00e3o de correspond\u00eancia.<\/p>\n<p>Nada que se assemelhe a um sal\u00e1rio. Paralelamente, a Primeira Dama continua se envolvendo em v\u00e1rias causas, principalmente atrav\u00e9s da Funda\u00e7\u00e3o dos Hospitais, da qual \u00e9 presidente desde 2019, sucedendo Bernadette Chirac. Ela tamb\u00e9m preside o Instituto das Voca\u00e7\u00f5es para o Emprego (Live), um programa de forma\u00e7\u00e3o destinado a jovens adultos desempregados, lan\u00e7ado em 2018.<\/p>\n<p>Ali\u00e1s, o Melty que, ao divulgar os dados dispon\u00edveis sobre sua situa\u00e7\u00e3o financeira, lembra que na aus\u00eancia de um status legal para a Primeira Dama, a incerteza sobre seus recursos pessoais continua alimentando rumores e aproxima\u00e7\u00f5es nas redes sociais.<\/p>\n<h2 id=\"retraite\">Sua aposentadoria de professora: qual regime, qual valor estimado?<\/h2>\n<p>\u00c9 aqui que as coisas se tornam t\u00e9cnicas. Brigitte Macron trabalhou na educa\u00e7\u00e3o privada sob contrato, o que a coloca em um regime diferente do dos funcion\u00e1rios da Educa\u00e7\u00e3o nacional. Ela depende do regime geral para sua aposentadoria b\u00e1sica (a CNAV) e do regime complementar Agirc-Arrco, e n\u00e3o do regime dos funcion\u00e1rios. Uma nuance importante, pois esse regime \u00e9 menos favor\u00e1vel do que o dos educadores efetivos da Educa\u00e7\u00e3o nacional, que se beneficiam do regime da fun\u00e7\u00e3o p\u00fablica estadual.<\/p>\n<p>O valor exato de sua pens\u00e3o permanece confidencial. A lei francesa n\u00e3o imp\u00f5e nenhuma obriga\u00e7\u00e3o de publica\u00e7\u00e3o dos rendimentos pessoais do c\u00f4njuge do chefe de Estado. Segundo o Planet.fr, os \u00fanicos dados publicamente dispon\u00edveis datam de 2016: Brigitte Macron recebeu ent\u00e3o 17.200 euros de pens\u00e3o para o per\u00edodo de janeiro a agosto de 2016, ou cerca de 2.150 euros por m\u00eas brutos. Outras estimativas, mencionadas principalmente pelo Le Tribune du Net, falam de uma pens\u00e3o em torno de 3.000 euros mensais, mas sem confirma\u00e7\u00e3o oficial.<\/p>\n<p style=\"background:#fff8e1;border-left:4px solid #f9a825;padding:12px 16px;margin:16px 0\"><strong>Para compara\u00e7\u00e3o:<\/strong> segundo os dados do relat\u00f3rio social da Educa\u00e7\u00e3o nacional, a pens\u00e3o mensal bruta m\u00e9dia dos professores do segundo grau efetivos aposentados em 2017 era de aproximadamente 2.600 euros. Brigitte Macron, sendo do privado sob contrato, com um regime menos vantajoso, sua pens\u00e3o se situaria logicamente em uma faixa compar\u00e1vel ou ligeiramente inferior.<\/p>\n<h2 id=\"immobilier\">Rendimentos imobili\u00e1rios bem mais significativos<\/h2>\n<p>Se a pens\u00e3o de aposentadoria de Brigitte Macron permanece relativamente modesta em rela\u00e7\u00e3o \u00e0 sua notoriedade, seu patrim\u00f4nio pessoal \u00e9, por outro lado, bem mais consider\u00e1vel. Herdeira da chocolateria familiar Trogneux, ela herdou principalmente de seu pai a villa \u00ab\u00a0Mon\u00e9jan\u00a0\u00bb no Touquet-Paris-Plage, um bem que lhe rendia at\u00e9 48.000 euros por ano em rendimentos imobili\u00e1rios gra\u00e7as \u00e0 loca\u00e7\u00e3o de dois espa\u00e7os comerciais no t\u00e9rreo.<\/p>\n<p>Em abril de 2025, essa villa foi vendida por 3,6 milh\u00f5es de euros para a sociedade Oxial, resultando em um lucro consider\u00e1vel em rela\u00e7\u00e3o ao valor declarado de 1,2 milh\u00e3o de euros em 2016. O casal adquiriu simultaneamente uma nova resid\u00eancia no Touquet, na boulevard do Doutor-Jules-Pouget, atrav\u00e9s de uma SCI, por um valor anunciado de 1,85 milh\u00e3o de euros.<\/p>\n<h2 id=\"conclusion\">Uma situa\u00e7\u00e3o financeira claramente acima da m\u00e9dia, mas sem mist\u00e9rio<\/h2>\n<p>No final das contas, a situa\u00e7\u00e3o financeira de Brigitte Macron \u00e9 a de uma aposentada da educa\u00e7\u00e3o privada, com uma pens\u00e3o compar\u00e1vel \u00e0 de seus colegas, complementada por um patrim\u00f4nio imobili\u00e1rio familiar significativo. Nada extraordin\u00e1rio considerando os rumores que circulam regularmente nas redes sociais sobre um hipot\u00e9tico \u00ab\u00a0sal\u00e1rio de Primeira Dama\u00a0\u00bb.<\/p>\n<p>Como lembra o Planet.fr em sua checagem de fatos, a afirma\u00e7\u00e3o de que ela receberia 33.333 euros por m\u00eas em raz\u00e3o de suas fun\u00e7\u00f5es no \u00c9lys\u00e9e \u00e9 uma fake news totalmente desmentida pela Carta de transpar\u00eancia de 2017. O que se pode reter: Brigitte Macron vive confortavelmente, gra\u00e7as a uma aposentadoria convencional e a um patrim\u00f4nio pessoal s\u00f3lido, mas certamente n\u00e3o gra\u00e7as a qualquer tratamento p\u00fablico relacionado ao seu papel de Primeira Dama.<\/p>\n<h2 id=\"faq\">FAQ \u2014 A aposentadoria de Brigitte Macron<\/h2>\n<dl>\n<dt><strong>Qual regime de aposentadoria cobre Brigitte Macron?<\/strong><\/dt>\n<dd>Ela depende do regime geral (CNAV) para sua aposentadoria b\u00e1sica e do Agirc-Arrco para a complementar, pois ensinou na educa\u00e7\u00e3o privada sob contrato e n\u00e3o na fun\u00e7\u00e3o p\u00fablica estadual.<\/dd>\n<dt><strong>Qual \u00e9 o montante estimado de sua pens\u00e3o?<\/strong><\/dt>\n<dd>Os \u00fanicos dados dispon\u00edveis datam de 2016: 17.200 euros recebidos entre janeiro e agosto de 2016, ou cerca de 2.150 euros brutos por m\u00eas. Algumas estimativas falam de 3.000 euros mensais, sem confirma\u00e7\u00e3o oficial.<\/dd>\n<dt><strong>Brigitte Macron recebe um sal\u00e1rio de Primeira Dama?<\/strong><\/dt>\n<dd>N\u00e3o. A Carta de transpar\u00eancia de 2017 pro\u00edbe isso explicitamente. Ela n\u00e3o recebe nenhuma remunera\u00e7\u00e3o, nenhuma despesa de representa\u00e7\u00e3o nem or\u00e7amento pr\u00f3prio na qualidade de esposa do presidente.<\/dd>\n<dt><strong>Quando Brigitte Macron se aposentou?<\/strong><\/dt>\n<dd>Em junho de 2015, aos 62 anos, ap\u00f3s uma carreira de professora de letras cl\u00e1ssicas iniciada em 1986. Sua sa\u00edda corresponde \u00e0 idade legal de abertura dos direitos \u00e0 aposentadoria para sua gera\u00e7\u00e3o.<\/dd>\n<\/dl>\n<p>{<br \/>\n  \u00ab\u00a0@context\u00a0\u00bb: \u00ab\u00a0https:\/\/schema.org\u00a0\u00bb,<br \/>\n  \u00ab\u00a0@type\u00a0\u00bb: \u00ab\u00a0Article\u00a0\u00bb,<br \/>\n  \u00ab\u00a0headline\u00a0\u00bb: \u00ab\u00a0Aposentadoria: eis o montante que Brigitte Macron recebe ap\u00f3s sua carreira no ensino\u00a0\u00bb,<br \/>\n  \u00ab\u00a0description\u00a0\u00bb: \u00ab\u00a0Quanto Brigitte Macron recebe de aposentadoria ap\u00f3s sua carreira de professora? Regime aplic\u00e1vel, montante estimado, patrim\u00f4nio imobili\u00e1rio e lembran\u00e7a sobre a aus\u00eancia de sal\u00e1rio de Primeira Dama.\u00a0\u00bb,<br \/>\n  \u00ab\u00a0inLanguage\u00a0\u00bb: \u00ab\u00a0fr\u00a0\u00bb,<br \/>\n  \u00ab\u00a0datePublished\u00a0\u00bb: \u00ab\u00a02026-03-19\u00a0\u00bb,<br \/>\n  \u00ab\u00a0dateModified\u00a0\u00bb: \u00ab\u00a02026-03-19\u00a0\u00bb<br \/>\n}<\/p>\n<p>{<br \/>\n  \u00ab\u00a0@context\u00a0\u00bb: \u00ab\u00a0https:\/\/schema.org\u00a0\u00bb,<br \/>\n  \u00ab\u00a0@type\u00a0\u00bb: \u00ab\u00a0FAQPage\u00a0\u00bb,<br \/>\n  \u00ab\u00a0mainEntity\u00a0\u00bb: [<br \/>\n    {<br \/>\n      \u00ab\u00a0@type\u00a0\u00bb: \u00ab\u00a0Question\u00a0\u00bb,<br \/>\n      \u00ab\u00a0name\u00a0\u00bb: \u00ab\u00a0Qual regime de aposentadoria cobre Brigitte Macron?\u00a0\u00bb,<br \/>\n      \u00ab\u00a0acceptedAnswer\u00a0\u00bb: { \u00ab\u00a0@type\u00a0\u00bb: \u00ab\u00a0Answer\u00a0\u00bb, \u00ab\u00a0text\u00a0\u00bb: \u00ab\u00a0Regime geral (CNAV) para a base e Agirc-Arrco para a complementar, pois ela ensinou no privado sob contrato.\u00a0\u00bb }<br \/>\n    },<br \/>\n    {<br \/>\n      \u00ab\u00a0@type\u00a0\u00bb: \u00ab\u00a0Question\u00a0\u00bb,<br \/>\n      \u00ab\u00a0name\u00a0\u00bb: \u00ab\u00a0Qual \u00e9 o montante estimado de sua pens\u00e3o?\u00a0\u00bb,<br \/>\n      \u00ab\u00a0acceptedAnswer\u00a0\u00bb: { \u00ab\u00a0@type\u00a0\u00bb: \u00ab\u00a0Answer\u00a0\u00bb, \u00ab\u00a0text\u00a0\u00bb: \u00ab\u00a0Aproximadamente 2.150 euros brutos por m\u00eas em 2016 segundo os \u00fanicos dados dispon\u00edveis. Algumas estimativas falam de 3.000 euros, sem confirma\u00e7\u00e3o oficial.\u00a0\u00bb }<br \/>\n    },<br \/>\n    {<br \/>\n      \u00ab\u00a0@type\u00a0\u00bb: \u00ab\u00a0Question\u00a0\u00bb,<br \/>\n      \u00ab\u00a0name\u00a0\u00bb: \u00ab\u00a0Brigitte Macron recebe um sal\u00e1rio de Primeira Dama?\u00a0\u00bb,<br \/>\n      \u00ab\u00a0acceptedAnswer\u00a0\u00bb: { \u00ab\u00a0@type\u00a0\u00bb: \u00ab\u00a0Answer\u00a0\u00bb, \u00ab\u00a0text\u00a0\u00bb: \u00ab\u00a0N\u00e3o. A Carta de transpar\u00eancia de 2017 pro\u00edbe isso explicitamente.\u00a0\u00bb }<br \/>\n    }<br \/>\n  ]<br \/>\n}<\/p>\n","protected":false},"excerpt":{"rendered":"<p>Source : Melty Antiga professora de letras que se tornou Primeira Dama, Brigitte Macron intriga tanto por seu percurso quanto por sua vida atual. Uma pergunta volta e meia: quanto ela realmente recebe de aposentadoria? A resposta \u00e9 mais complexa do que parece&#8230; Brigitte Macron ensinou franc\u00eas e latim no privado sob contrato por quase &#8230; <a title=\"Retiro: aqui est\u00e1 o valor que Brigitte Macron recebe ap\u00f3s sua carreira no ensino\" class=\"read-more\" href=\"https:\/\/www.sebastien-auziere.fr\/blog\/pt\/retiro-aqui-esta-o-valor-que-brigitte-macron-recebe-apos-sua-carreira-no-ensino\/\" aria-label=\"En savoir plus sur Retiro: aqui est\u00e1 o valor que Brigitte Macron recebe ap\u00f3s sua carreira no ensino\">Lire plus<\/a><\/p>\n","protected":false},"author":4,"featured_media":2564,"comment_status":"open","ping_status":"open","sticky":false,"template":"","format":"standard","meta":{"footnotes":""},"categories":[848],"tags":[],"class_list":["post-2574","post","type-post","status-publish","format-standard","has-post-thumbnail","hentry","category-non-classe-pt"],"yoast_head":"<!-- This site is optimized with the Yoast SEO plugin v27.5 - https:\/\/yoast.com\/product\/yoast-seo-wordpress\/ -->\n<title>etraite Brigitte Macron : quel montant apr\u00e8s sa carri\u00e8re d&#039;enseignante ?<\/title>\n<meta name=\"description\" content=\"Combien Brigitte Macron touche-t-elle \u00e0 la retraite apr\u00e8s plus de 30 ans d&#039;enseignement ? R\u00e9gime, montant estim\u00e9, patrimoine immobilier et point sur l&#039;absence de salaire de Premi\u00e8re dame.\" \/>\n<meta name=\"robots\" content=\"index, follow, max-snippet:-1, max-image-preview:large, max-video-preview:-1\" \/>\n<link rel=\"canonical\" href=\"https:\/\/www.sebastien-auziere.fr\/blog\/pt\/retiro-aqui-esta-o-valor-que-brigitte-macron-recebe-apos-sua-carreira-no-ensino\/\" \/>\n<meta property=\"og:locale\" content=\"fr_FR\" \/>\n<meta property=\"og:type\" content=\"article\" \/>\n<meta property=\"og:title\" content=\"etraite Brigitte Macron : quel montant apr\u00e8s sa carri\u00e8re d&#039;enseignante ?\" \/>\n<meta property=\"og:description\" content=\"Combien Brigitte Macron touche-t-elle \u00e0 la retraite apr\u00e8s plus de 30 ans d&#039;enseignement ? R\u00e9gime, montant estim\u00e9, patrimoine immobilier et point sur l&#039;absence de salaire de Premi\u00e8re dame.\" \/>\n<meta property=\"og:url\" content=\"https:\/\/www.sebastien-auziere.fr\/blog\/pt\/retiro-aqui-esta-o-valor-que-brigitte-macron-recebe-apos-sua-carreira-no-ensino\/\" \/>\n<meta property=\"og:site_name\" content=\"Fan site S\u00e9bastien Auzi\u00e8re\" \/>\n<meta property=\"article:published_time\" content=\"2026-03-20T06:46:06+00:00\" \/>\n<meta property=\"article:modified_time\" content=\"2026-03-20T06:46:59+00:00\" \/>\n<meta property=\"og:image\" content=\"https:\/\/www.sebastien-auziere.fr\/blog\/wp-content\/uploads\/2026\/03\/Capture-decran-2026-03-20-073257.jpg\" \/>\n\t<meta property=\"og:image:width\" content=\"659\" \/>\n\t<meta property=\"og:image:height\" content=\"428\" \/>\n\t<meta property=\"og:image:type\" content=\"image\/jpeg\" \/>\n<meta name=\"author\" content=\"Celine\" \/>\n<meta name=\"twitter:card\" content=\"summary_large_image\" \/>\n<meta name=\"twitter:label1\" content=\"\u00c9crit par\" \/>\n\t<meta name=\"twitter:data1\" content=\"Celine\" \/>\n\t<meta name=\"twitter:label2\" content=\"Dur\u00e9e de lecture estim\u00e9e\" \/>\n\t<meta name=\"twitter:data2\" content=\"7 minutes\" \/>\n<script type=\"application\/ld+json\" class=\"yoast-schema-graph\">{\"@context\":\"https:\\\/\\\/schema.org\",\"@graph\":[{\"@type\":\"Article\",\"@id\":\"https:\\\/\\\/www.sebastien-auziere.fr\\\/blog\\\/pt\\\/retiro-aqui-esta-o-valor-que-brigitte-macron-recebe-apos-sua-carreira-no-ensino\\\/#article\",\"isPartOf\":{\"@id\":\"https:\\\/\\\/www.sebastien-auziere.fr\\\/blog\\\/pt\\\/retiro-aqui-esta-o-valor-que-brigitte-macron-recebe-apos-sua-carreira-no-ensino\\\/\"},\"author\":{\"name\":\"Celine\",\"@id\":\"https:\\\/\\\/www.sebastien-auziere.fr\\\/blog\\\/#\\\/schema\\\/person\\\/1e270a963009242469ed08b1c461f81f\"},\"headline\":\"Retiro: aqui est\u00e1 o valor que Brigitte Macron recebe ap\u00f3s sua carreira no ensino\",\"datePublished\":\"2026-03-20T06:46:06+00:00\",\"dateModified\":\"2026-03-20T06:46:59+00:00\",\"mainEntityOfPage\":{\"@id\":\"https:\\\/\\\/www.sebastien-auziere.fr\\\/blog\\\/pt\\\/retiro-aqui-esta-o-valor-que-brigitte-macron-recebe-apos-sua-carreira-no-ensino\\\/\"},\"wordCount\":1506,\"commentCount\":0,\"publisher\":{\"@id\":\"https:\\\/\\\/www.sebastien-auziere.fr\\\/blog\\\/#organization\"},\"image\":{\"@id\":\"https:\\\/\\\/www.sebastien-auziere.fr\\\/blog\\\/pt\\\/retiro-aqui-esta-o-valor-que-brigitte-macron-recebe-apos-sua-carreira-no-ensino\\\/#primaryimage\"},\"thumbnailUrl\":\"https:\\\/\\\/www.sebastien-auziere.fr\\\/blog\\\/wp-content\\\/uploads\\\/2026\\\/03\\\/Capture-decran-2026-03-20-073257.jpg\",\"inLanguage\":\"fr-FR\",\"potentialAction\":[{\"@type\":\"CommentAction\",\"name\":\"Comment\",\"target\":[\"https:\\\/\\\/www.sebastien-auziere.fr\\\/blog\\\/pt\\\/retiro-aqui-esta-o-valor-que-brigitte-macron-recebe-apos-sua-carreira-no-ensino\\\/#respond\"]}]},{\"@type\":\"WebPage\",\"@id\":\"https:\\\/\\\/www.sebastien-auziere.fr\\\/blog\\\/pt\\\/retiro-aqui-esta-o-valor-que-brigitte-macron-recebe-apos-sua-carreira-no-ensino\\\/\",\"url\":\"https:\\\/\\\/www.sebastien-auziere.fr\\\/blog\\\/pt\\\/retiro-aqui-esta-o-valor-que-brigitte-macron-recebe-apos-sua-carreira-no-ensino\\\/\",\"name\":\"etraite Brigitte Macron : quel montant apr\u00e8s sa carri\u00e8re d'enseignante ?\",\"isPartOf\":{\"@id\":\"https:\\\/\\\/www.sebastien-auziere.fr\\\/blog\\\/#website\"},\"primaryImageOfPage\":{\"@id\":\"https:\\\/\\\/www.sebastien-auziere.fr\\\/blog\\\/pt\\\/retiro-aqui-esta-o-valor-que-brigitte-macron-recebe-apos-sua-carreira-no-ensino\\\/#primaryimage\"},\"image\":{\"@id\":\"https:\\\/\\\/www.sebastien-auziere.fr\\\/blog\\\/pt\\\/retiro-aqui-esta-o-valor-que-brigitte-macron-recebe-apos-sua-carreira-no-ensino\\\/#primaryimage\"},\"thumbnailUrl\":\"https:\\\/\\\/www.sebastien-auziere.fr\\\/blog\\\/wp-content\\\/uploads\\\/2026\\\/03\\\/Capture-decran-2026-03-20-073257.jpg\",\"datePublished\":\"2026-03-20T06:46:06+00:00\",\"dateModified\":\"2026-03-20T06:46:59+00:00\",\"description\":\"Combien Brigitte Macron touche-t-elle \u00e0 la retraite apr\u00e8s plus de 30 ans d'enseignement ? R\u00e9gime, montant estim\u00e9, patrimoine immobilier et point sur l'absence de salaire de Premi\u00e8re dame.\",\"breadcrumb\":{\"@id\":\"https:\\\/\\\/www.sebastien-auziere.fr\\\/blog\\\/pt\\\/retiro-aqui-esta-o-valor-que-brigitte-macron-recebe-apos-sua-carreira-no-ensino\\\/#breadcrumb\"},\"inLanguage\":\"fr-FR\",\"potentialAction\":[{\"@type\":\"ReadAction\",\"target\":[\"https:\\\/\\\/www.sebastien-auziere.fr\\\/blog\\\/pt\\\/retiro-aqui-esta-o-valor-que-brigitte-macron-recebe-apos-sua-carreira-no-ensino\\\/\"]}]},{\"@type\":\"ImageObject\",\"inLanguage\":\"fr-FR\",\"@id\":\"https:\\\/\\\/www.sebastien-auziere.fr\\\/blog\\\/pt\\\/retiro-aqui-esta-o-valor-que-brigitte-macron-recebe-apos-sua-carreira-no-ensino\\\/#primaryimage\",\"url\":\"https:\\\/\\\/www.sebastien-auziere.fr\\\/blog\\\/wp-content\\\/uploads\\\/2026\\\/03\\\/Capture-decran-2026-03-20-073257.jpg\",\"contentUrl\":\"https:\\\/\\\/www.sebastien-auziere.fr\\\/blog\\\/wp-content\\\/uploads\\\/2026\\\/03\\\/Capture-decran-2026-03-20-073257.jpg\",\"width\":659,\"height\":428,\"caption\":\"retraite-brigitte-macron-montant\"},{\"@type\":\"BreadcrumbList\",\"@id\":\"https:\\\/\\\/www.sebastien-auziere.fr\\\/blog\\\/pt\\\/retiro-aqui-esta-o-valor-que-brigitte-macron-recebe-apos-sua-carreira-no-ensino\\\/#breadcrumb\",\"itemListElement\":[{\"@type\":\"ListItem\",\"position\":1,\"name\":\"Home\",\"item\":\"https:\\\/\\\/www.sebastien-auziere.fr\\\/blog\\\/\"},{\"@type\":\"ListItem\",\"position\":2,\"name\":\"Retiro: aqui est\u00e1 o valor que Brigitte Macron recebe ap\u00f3s sua carreira no ensino\"}]},{\"@type\":\"WebSite\",\"@id\":\"https:\\\/\\\/www.sebastien-auziere.fr\\\/blog\\\/#website\",\"url\":\"https:\\\/\\\/www.sebastien-auziere.fr\\\/blog\\\/\",\"name\":\"Fan site S\u00e9bastien Auzi\u00e8re\",\"description\":\"M\u00e9dia g\u00e9n\u00e9raliste\",\"publisher\":{\"@id\":\"https:\\\/\\\/www.sebastien-auziere.fr\\\/blog\\\/#organization\"},\"potentialAction\":[{\"@type\":\"SearchAction\",\"target\":{\"@type\":\"EntryPoint\",\"urlTemplate\":\"https:\\\/\\\/www.sebastien-auziere.fr\\\/blog\\\/?s={search_term_string}\"},\"query-input\":{\"@type\":\"PropertyValueSpecification\",\"valueRequired\":true,\"valueName\":\"search_term_string\"}}],\"inLanguage\":\"fr-FR\"},{\"@type\":\"Organization\",\"@id\":\"https:\\\/\\\/www.sebastien-auziere.fr\\\/blog\\\/#organization\",\"name\":\"Fan site S\u00e9bastien Auzi\u00e8re\",\"url\":\"https:\\\/\\\/www.sebastien-auziere.fr\\\/blog\\\/\",\"logo\":{\"@type\":\"ImageObject\",\"inLanguage\":\"fr-FR\",\"@id\":\"https:\\\/\\\/www.sebastien-auziere.fr\\\/blog\\\/#\\\/schema\\\/logo\\\/image\\\/\",\"url\":\"https:\\\/\\\/www.sebastien-auziere.fr\\\/blog\\\/wp-content\\\/uploads\\\/2026\\\/03\\\/cropped-cropped-cropped-ChatGPT-Image-6-mars-2026-12_58_09-e1772798376794.jpg\",\"contentUrl\":\"https:\\\/\\\/www.sebastien-auziere.fr\\\/blog\\\/wp-content\\\/uploads\\\/2026\\\/03\\\/cropped-cropped-cropped-ChatGPT-Image-6-mars-2026-12_58_09-e1772798376794.jpg\",\"width\":512,\"height\":360,\"caption\":\"Fan site S\u00e9bastien Auzi\u00e8re\"},\"image\":{\"@id\":\"https:\\\/\\\/www.sebastien-auziere.fr\\\/blog\\\/#\\\/schema\\\/logo\\\/image\\\/\"}},{\"@type\":\"Person\",\"@id\":\"https:\\\/\\\/www.sebastien-auziere.fr\\\/blog\\\/#\\\/schema\\\/person\\\/1e270a963009242469ed08b1c461f81f\",\"name\":\"Celine\",\"image\":{\"@type\":\"ImageObject\",\"inLanguage\":\"fr-FR\",\"@id\":\"https:\\\/\\\/secure.gravatar.com\\\/avatar\\\/c88d569fbe1fe19a13c7f21ee0f8973822df96073df21850b95af6a09ba820c9?s=96&d=mm&r=g\",\"url\":\"https:\\\/\\\/secure.gravatar.com\\\/avatar\\\/c88d569fbe1fe19a13c7f21ee0f8973822df96073df21850b95af6a09ba820c9?s=96&d=mm&r=g\",\"contentUrl\":\"https:\\\/\\\/secure.gravatar.com\\\/avatar\\\/c88d569fbe1fe19a13c7f21ee0f8973822df96073df21850b95af6a09ba820c9?s=96&d=mm&r=g\",\"caption\":\"Celine\"},\"description\":\"Je m'appelle C\u00e9line, j'ai 31 ans et je suis journaliste sp\u00e9cialis\u00e9e dans le cin\u00e9ma. Passionn\u00e9e par le septi\u00e8me art, j'explore les actualit\u00e9s, les critiques et les tendances du monde cin\u00e9matographique. Mon objectif est de partager ma passion et d'informer les amateurs de films \u00e0 travers des articles percutants et des analyses approfondies.\",\"url\":\"https:\\\/\\\/www.sebastien-auziere.fr\\\/blog\\\/author\\\/celine\\\/\"}]}<\/script>\n<!-- \/ Yoast SEO plugin. -->","yoast_head_json":{"title":"etraite Brigitte Macron : quel montant apr\u00e8s sa carri\u00e8re d'enseignante ?","description":"Combien Brigitte Macron touche-t-elle \u00e0 la retraite apr\u00e8s plus de 30 ans d'enseignement ? R\u00e9gime, montant estim\u00e9, patrimoine immobilier et point sur l'absence de salaire de Premi\u00e8re dame.","robots":{"index":"index","follow":"follow","max-snippet":"max-snippet:-1","max-image-preview":"max-image-preview:large","max-video-preview":"max-video-preview:-1"},"canonical":"https:\/\/www.sebastien-auziere.fr\/blog\/pt\/retiro-aqui-esta-o-valor-que-brigitte-macron-recebe-apos-sua-carreira-no-ensino\/","og_locale":"fr_FR","og_type":"article","og_title":"etraite Brigitte Macron : quel montant apr\u00e8s sa carri\u00e8re d'enseignante ?","og_description":"Combien Brigitte Macron touche-t-elle \u00e0 la retraite apr\u00e8s plus de 30 ans d'enseignement ? R\u00e9gime, montant estim\u00e9, patrimoine immobilier et point sur l'absence de salaire de Premi\u00e8re dame.","og_url":"https:\/\/www.sebastien-auziere.fr\/blog\/pt\/retiro-aqui-esta-o-valor-que-brigitte-macron-recebe-apos-sua-carreira-no-ensino\/","og_site_name":"Fan site S\u00e9bastien Auzi\u00e8re","article_published_time":"2026-03-20T06:46:06+00:00","article_modified_time":"2026-03-20T06:46:59+00:00","og_image":[{"width":659,"height":428,"url":"https:\/\/www.sebastien-auziere.fr\/blog\/wp-content\/uploads\/2026\/03\/Capture-decran-2026-03-20-073257.jpg","type":"image\/jpeg"}],"author":"Celine","twitter_card":"summary_large_image","twitter_misc":{"\u00c9crit par":"Celine","Dur\u00e9e de lecture estim\u00e9e":"7 minutes"},"schema":{"@context":"https:\/\/schema.org","@graph":[{"@type":"Article","@id":"https:\/\/www.sebastien-auziere.fr\/blog\/pt\/retiro-aqui-esta-o-valor-que-brigitte-macron-recebe-apos-sua-carreira-no-ensino\/#article","isPartOf":{"@id":"https:\/\/www.sebastien-auziere.fr\/blog\/pt\/retiro-aqui-esta-o-valor-que-brigitte-macron-recebe-apos-sua-carreira-no-ensino\/"},"author":{"name":"Celine","@id":"https:\/\/www.sebastien-auziere.fr\/blog\/#\/schema\/person\/1e270a963009242469ed08b1c461f81f"},"headline":"Retiro: aqui est\u00e1 o valor que Brigitte Macron recebe ap\u00f3s sua carreira no ensino","datePublished":"2026-03-20T06:46:06+00:00","dateModified":"2026-03-20T06:46:59+00:00","mainEntityOfPage":{"@id":"https:\/\/www.sebastien-auziere.fr\/blog\/pt\/retiro-aqui-esta-o-valor-que-brigitte-macron-recebe-apos-sua-carreira-no-ensino\/"},"wordCount":1506,"commentCount":0,"publisher":{"@id":"https:\/\/www.sebastien-auziere.fr\/blog\/#organization"},"image":{"@id":"https:\/\/www.sebastien-auziere.fr\/blog\/pt\/retiro-aqui-esta-o-valor-que-brigitte-macron-recebe-apos-sua-carreira-no-ensino\/#primaryimage"},"thumbnailUrl":"https:\/\/www.sebastien-auziere.fr\/blog\/wp-content\/uploads\/2026\/03\/Capture-decran-2026-03-20-073257.jpg","inLanguage":"fr-FR","potentialAction":[{"@type":"CommentAction","name":"Comment","target":["https:\/\/www.sebastien-auziere.fr\/blog\/pt\/retiro-aqui-esta-o-valor-que-brigitte-macron-recebe-apos-sua-carreira-no-ensino\/#respond"]}]},{"@type":"WebPage","@id":"https:\/\/www.sebastien-auziere.fr\/blog\/pt\/retiro-aqui-esta-o-valor-que-brigitte-macron-recebe-apos-sua-carreira-no-ensino\/","url":"https:\/\/www.sebastien-auziere.fr\/blog\/pt\/retiro-aqui-esta-o-valor-que-brigitte-macron-recebe-apos-sua-carreira-no-ensino\/","name":"etraite Brigitte Macron : quel montant apr\u00e8s sa carri\u00e8re d'enseignante ?","isPartOf":{"@id":"https:\/\/www.sebastien-auziere.fr\/blog\/#website"},"primaryImageOfPage":{"@id":"https:\/\/www.sebastien-auziere.fr\/blog\/pt\/retiro-aqui-esta-o-valor-que-brigitte-macron-recebe-apos-sua-carreira-no-ensino\/#primaryimage"},"image":{"@id":"https:\/\/www.sebastien-auziere.fr\/blog\/pt\/retiro-aqui-esta-o-valor-que-brigitte-macron-recebe-apos-sua-carreira-no-ensino\/#primaryimage"},"thumbnailUrl":"https:\/\/www.sebastien-auziere.fr\/blog\/wp-content\/uploads\/2026\/03\/Capture-decran-2026-03-20-073257.jpg","datePublished":"2026-03-20T06:46:06+00:00","dateModified":"2026-03-20T06:46:59+00:00","description":"Combien Brigitte Macron touche-t-elle \u00e0 la retraite apr\u00e8s plus de 30 ans d'enseignement ? R\u00e9gime, montant estim\u00e9, patrimoine immobilier et point sur l'absence de salaire de Premi\u00e8re dame.","breadcrumb":{"@id":"https:\/\/www.sebastien-auziere.fr\/blog\/pt\/retiro-aqui-esta-o-valor-que-brigitte-macron-recebe-apos-sua-carreira-no-ensino\/#breadcrumb"},"inLanguage":"fr-FR","potentialAction":[{"@type":"ReadAction","target":["https:\/\/www.sebastien-auziere.fr\/blog\/pt\/retiro-aqui-esta-o-valor-que-brigitte-macron-recebe-apos-sua-carreira-no-ensino\/"]}]},{"@type":"ImageObject","inLanguage":"fr-FR","@id":"https:\/\/www.sebastien-auziere.fr\/blog\/pt\/retiro-aqui-esta-o-valor-que-brigitte-macron-recebe-apos-sua-carreira-no-ensino\/#primaryimage","url":"https:\/\/www.sebastien-auziere.fr\/blog\/wp-content\/uploads\/2026\/03\/Capture-decran-2026-03-20-073257.jpg","contentUrl":"https:\/\/www.sebastien-auziere.fr\/blog\/wp-content\/uploads\/2026\/03\/Capture-decran-2026-03-20-073257.jpg","width":659,"height":428,"caption":"retraite-brigitte-macron-montant"},{"@type":"BreadcrumbList","@id":"https:\/\/www.sebastien-auziere.fr\/blog\/pt\/retiro-aqui-esta-o-valor-que-brigitte-macron-recebe-apos-sua-carreira-no-ensino\/#breadcrumb","itemListElement":[{"@type":"ListItem","position":1,"name":"Home","item":"https:\/\/www.sebastien-auziere.fr\/blog\/"},{"@type":"ListItem","position":2,"name":"Retiro: aqui est\u00e1 o valor que Brigitte Macron recebe ap\u00f3s sua carreira no ensino"}]},{"@type":"WebSite","@id":"https:\/\/www.sebastien-auziere.fr\/blog\/#website","url":"https:\/\/www.sebastien-auziere.fr\/blog\/","name":"Fan site S\u00e9bastien Auzi\u00e8re","description":"M\u00e9dia g\u00e9n\u00e9raliste","publisher":{"@id":"https:\/\/www.sebastien-auziere.fr\/blog\/#organization"},"potentialAction":[{"@type":"SearchAction","target":{"@type":"EntryPoint","urlTemplate":"https:\/\/www.sebastien-auziere.fr\/blog\/?s={search_term_string}"},"query-input":{"@type":"PropertyValueSpecification","valueRequired":true,"valueName":"search_term_string"}}],"inLanguage":"fr-FR"},{"@type":"Organization","@id":"https:\/\/www.sebastien-auziere.fr\/blog\/#organization","name":"Fan site S\u00e9bastien Auzi\u00e8re","url":"https:\/\/www.sebastien-auziere.fr\/blog\/","logo":{"@type":"ImageObject","inLanguage":"fr-FR","@id":"https:\/\/www.sebastien-auziere.fr\/blog\/#\/schema\/logo\/image\/","url":"https:\/\/www.sebastien-auziere.fr\/blog\/wp-content\/uploads\/2026\/03\/cropped-cropped-cropped-ChatGPT-Image-6-mars-2026-12_58_09-e1772798376794.jpg","contentUrl":"https:\/\/www.sebastien-auziere.fr\/blog\/wp-content\/uploads\/2026\/03\/cropped-cropped-cropped-ChatGPT-Image-6-mars-2026-12_58_09-e1772798376794.jpg","width":512,"height":360,"caption":"Fan site S\u00e9bastien Auzi\u00e8re"},"image":{"@id":"https:\/\/www.sebastien-auziere.fr\/blog\/#\/schema\/logo\/image\/"}},{"@type":"Person","@id":"https:\/\/www.sebastien-auziere.fr\/blog\/#\/schema\/person\/1e270a963009242469ed08b1c461f81f","name":"Celine","image":{"@type":"ImageObject","inLanguage":"fr-FR","@id":"https:\/\/secure.gravatar.com\/avatar\/c88d569fbe1fe19a13c7f21ee0f8973822df96073df21850b95af6a09ba820c9?s=96&d=mm&r=g","url":"https:\/\/secure.gravatar.com\/avatar\/c88d569fbe1fe19a13c7f21ee0f8973822df96073df21850b95af6a09ba820c9?s=96&d=mm&r=g","contentUrl":"https:\/\/secure.gravatar.com\/avatar\/c88d569fbe1fe19a13c7f21ee0f8973822df96073df21850b95af6a09ba820c9?s=96&d=mm&r=g","caption":"Celine"},"description":"Je m'appelle C\u00e9line, j'ai 31 ans et je suis journaliste sp\u00e9cialis\u00e9e dans le cin\u00e9ma. Passionn\u00e9e par le septi\u00e8me art, j'explore les actualit\u00e9s, les critiques et les tendances du monde cin\u00e9matographique. Mon objectif est de partager ma passion et d'informer les amateurs de films \u00e0 travers des articles percutants et des analyses approfondies.","url":"https:\/\/www.sebastien-auziere.fr\/blog\/author\/celine\/"}]}},"views":7,"_links":{"self":[{"href":"https:\/\/www.sebastien-auziere.fr\/blog\/wp-json\/wp\/v2\/posts\/2574","targetHints":{"allow":["GET"]}}],"collection":[{"href":"https:\/\/www.sebastien-auziere.fr\/blog\/wp-json\/wp\/v2\/posts"}],"about":[{"href":"https:\/\/www.sebastien-auziere.fr\/blog\/wp-json\/wp\/v2\/types\/post"}],"author":[{"embeddable":true,"href":"https:\/\/www.sebastien-auziere.fr\/blog\/wp-json\/wp\/v2\/users\/4"}],"replies":[{"embeddable":true,"href":"https:\/\/www.sebastien-auziere.fr\/blog\/wp-json\/wp\/v2\/comments?post=2574"}],"version-history":[{"count":1,"href":"https:\/\/www.sebastien-auziere.fr\/blog\/wp-json\/wp\/v2\/posts\/2574\/revisions"}],"predecessor-version":[{"id":2575,"href":"https:\/\/www.sebastien-auziere.fr\/blog\/wp-json\/wp\/v2\/posts\/2574\/revisions\/2575"}],"wp:featuredmedia":[{"embeddable":true,"href":"https:\/\/www.sebastien-auziere.fr\/blog\/wp-json\/wp\/v2\/media\/2564"}],"wp:attachment":[{"href":"https:\/\/www.sebastien-auziere.fr\/blog\/wp-json\/wp\/v2\/media?parent=2574"}],"wp:term":[{"taxonomy":"category","embeddable":true,"href":"https:\/\/www.sebastien-auziere.fr\/blog\/wp-json\/wp\/v2\/categories?post=2574"},{"taxonomy":"post_tag","embeddable":true,"href":"https:\/\/www.sebastien-auziere.fr\/blog\/wp-json\/wp\/v2\/tags?post=2574"}],"curies":[{"name":"wp","href":"https:\/\/api.w.org\/{rel}","templated":true}]}}