{"id":2572,"date":"2026-03-20T06:44:57","date_gmt":"2026-03-20T06:44:57","guid":{"rendered":"https:\/\/www.sebastien-auziere.fr\/blog\/?p=2572"},"modified":"2026-03-20T06:45:13","modified_gmt":"2026-03-20T06:45:13","slug":"retirement-ecco-limporto-che-riceve-brigitte-macron-dopo-la-sua-carriera-nellinsegnamento","status":"publish","type":"post","link":"https:\/\/www.sebastien-auziere.fr\/blog\/it\/retirement-ecco-limporto-che-riceve-brigitte-macron-dopo-la-sua-carriera-nellinsegnamento\/","title":{"rendered":"Retirement: ecco l&rsquo;importo che riceve Brigitte Macron dopo la sua carriera nell&rsquo;insegnamento"},"content":{"rendered":"<p>Fonte: Melty<\/em><\/p>\n<p>Ex professoressa di lettere diventata Prima donna, Brigitte Macron incuriosisce tanto per il suo percorso quanto per la sua vita attuale. Una domanda torna spesso: quanto riceve realmente di pensione? La risposta \u00e8 pi\u00f9 complessa di quanto sembri&#8230;<\/p>\n<ul>\n<li>Brigitte Macron ha insegnato francese e latino nel privato sotto contratto per quasi 30 anni, dal 1986 al 2015<\/li>\n<li>Dipende dal regime generale (CNAV) e dall&rsquo;Agirc-Arrco, e non dal regime vantaggioso dei funzionari dell&rsquo;\u00c9ducation nationale<\/li>\n<li>Le uniche informazioni note risalgono al 2016: 17.200 euro percepiti da gennaio ad agosto, ovvero circa 2.150 euro lordi al mese<\/li>\n<li>Nessuno stipendio come Prima donna: la Carta di trasparenza del 2017 lo vieta esplicitamente<\/li>\n<li>Il suo patrimonio immobiliare, venduto per 3,6 milioni di euro nel 2025, rappresenta la sua principale fonte di ricchezza personale<\/li>\n<\/ul>\n<p><strong>Indice:<\/strong> <a href=\"#carriere\">La sua carriera di insegnante<\/a> \u00b7 <a href=\"#premiere-dame\">Prima donna senza stipendio<\/a> \u00b7 <a href=\"#retraite\">Il suo regime e l&rsquo;importo stimato<\/a> \u00b7 <a href=\"#immobilier\">Redditi immobiliari<\/a> \u00b7 <a href=\"#conclusion\">Cosa ricordare<\/a> \u00b7 <a href=\"#faq\">FAQ<\/a><\/p>\n<h2 id=\"carriere\">Prima dell&rsquo;\u00c9lys\u00e9e: la carriera di insegnante appassionata di Brigitte Macron<\/h2>\n<p>Ben prima di diventare moglie di Emmanuel Macron, Brigitte Macron ha portato avanti una carriera solida nell&rsquo;insegnamento. Per diversi decenni, trasmette il suo amore per la letteratura ai suoi studenti, prima a Strasburgo, poi ad Amiens, prima di arrivare a Parigi.<\/p>\n<p>In pieno periodo elettorale, questo 15 marzo 2026, come riportato da Gala, Brigitte Macron si presentava a Touquet in un look perfettamente curato, tra cappotto bordeaux e accessori scelti con cura. Un&rsquo;immagine di Prima donna fedele a quella che restituisce da anni. Ma dietro questa silhouette pubblica molto esposta, un&rsquo;altra faccia resta ampiamente sconosciuta: quella della sua vita precedente come professoressa.<\/p>\n<p>Nata il 13 aprile 1953 ad Amiens, Brigitte Trogneux consegue nel 1986 il CAPES di lettere classiche, il concorso che le apre le porte all&rsquo;insegnamento del francese e del latino nell&rsquo;istruzione privata sotto contratto. Inizia al collegio Lucie-Berger di Strasburgo, poi si unisce al liceo La Providence ad Amiens nel 1991, prima di concludere la sua carriera presso il rinomato liceo Saint-Louis-de-Gonzague a Parigi, dove insegna fino al 2015. Come precisa L&rsquo;Essentiel de l&rsquo;\u00c9co, \u00e8 a 62 anni che decide di porre fine alla sua attivit\u00e0, una partenza che corrisponde all&rsquo;et\u00e0 legale di apertura dei diritti alla pensione per la sua generazione (61 anni e 2 mesi). Coloro che l&rsquo;hanno conosciuta come professoressa descrivono una donna appassionata, coinvolta, vicina ai suoi studenti. Una vocazione ben radicata, lontana dai codici della vita politica che entrer\u00e0 a far parte pi\u00f9 tardi.<\/p>\n<h2 id=\"premiere-dame\">Una Prima donna attiva&#8230; ma senza stipendio<\/h2>\n<p>Dal 2017, Brigitte Macron \u00e8 diventata una figura imprescindibile della vita pubblica francese. Tuttavia, contrariamente ad alcune idee preconcette, la moglie di Emmanuel Macron non percepisce alcun compenso per il suo ruolo. Come sottolinea L&rsquo;Essentiel de l&rsquo;\u00c9co, le sue attivit\u00e0 sono disciplinate da una carta di trasparenza, ma questo riguarda solo i mezzi messi a sua disposizione: collaboratori, budget operativo, gestione della corrispondenza.<\/p>\n<p>Niente che somigli a uno stipendio. Parallelamente, la Prima donna continua a impegnarsi in diverse cause, in particolare attraverso la Fondazione degli Ospedali, di cui \u00e8 presidente dal 2019, succedendo a Bernadette Chirac. Presiede anche l&rsquo;Istituto delle Vocazioni per l&rsquo;Occupazione (Live), un programma di formazione destinato a giovani adulti disoccupati, lanciato nel 2018.<\/p>\n<p>\u00c8 proprio Melty che, rilanciando i dati disponibili sulla sua situazione finanziaria, ricorda che in assenza di uno status legale per la Prima donna, l&rsquo;incertezza riguardo alle sue risorse personali continua ad alimentare voci e approssimazioni sui social media.<\/p>\n<h2 id=\"retraite\">La sua pensione di insegnante: quale regime, quale importo stimato?<\/h2>\n<p>\u00c8 qui che le cose diventano tecniche. Brigitte Macron ha lavorato nell&rsquo;insegnamento privato sotto contratto, il che la colloca in un regime diverso da quello dei funzionari dell&rsquo;\u00c9ducation nationale. Dipende dal regime generale per la sua pensione di base (la CNAV) e dal regime complementare Agirc-Arrco, e non dal regime dei funzionari. Una sfumatura importante poich\u00e9 questo regime \u00e8 meno favorevole di quello degli insegnanti di ruolo dell&rsquo;\u00c9ducation nationale, che beneficiano del regime della funzione pubblica di Stato.<\/p>\n<p>L&rsquo;importo esatto della sua pensione rimane riservato. La legge francese non impone alcun obbligo di pubblicazione dei redditi personali del coniuge del capo dello Stato. Secondo Planet.fr, i soli dati pubblicamente disponibili risalgono al 2016: Brigitte Macron aveva allora percepito 17.200 euro di pensione per il periodo da gennaio ad agosto 2016, ovvero circa 2.150 euro al mese lordi. Altre stime, riportate tra l&rsquo;altro da Le Tribune du Net, menzionano una pensione intorno ai 3.000 euro mensili, ma senza conferma ufficiale.<\/p>\n<p style=\"background:#fff8e1;border-left:4px solid #f9a825;padding:12px 16px;margin:16px 0\"><strong>Per confronto:<\/strong> secondo i dati del bilancio sociale dell&rsquo;\u00c9ducation nationale, la pensione mensile lorda media degli insegnanti della scuola secondaria di ruolo andati in pensione nel 2017 era di circa 2.600 euro. Brigitte Macron, essendo nel privato sotto contratto, con un regime meno vantaggioso, la sua pensione si collocherebbe logicamente in un intervallo comparabile o leggermente inferiore.<\/p>\n<h2 id=\"immobilier\">Redditi immobiliari molto pi\u00f9 significativi<\/h2>\n<p>Se la pensione di Brigitte Macron rimane relativamente modesta rispetto alla sua notoriet\u00e0, il suo patrimonio personale \u00e8 di gran lunga pi\u00f9 consistente. Ereditaria della cioccolateria familiare Trogneux, ha soprattutto ereditato da suo padre la villa \u00ab\u00a0Mon\u00e9jan\u00a0\u00bb a Touquet-Paris-Plage, un bene che le fruttava fino a 48.000 euro all&rsquo;anno in redditi fondiari grazie all&rsquo;affitto di due locali commerciali al piano terra.<\/p>\n<p>Ad aprile 2025, questa villa \u00e8 stata venduta per 3,6 milioni di euro alla societ\u00e0 Oxial, ovvero un notevole guadagno rispetto al valore dichiarato di 1,2 milioni di euro nel 2016. La coppia ha contemporaneamente acquisito una nuova residenza a Touquet, sul viale del Dottor-Jules-Pouget, tramite una SCI, per un importo dichiarato di 1,85 milioni di euro.<\/p>\n<h2 id=\"conclusion\">Una situazione finanziaria nettamente sopra la media, ma senza mistero<\/h2>\n<p>In fin dei conti, la situazione finanziaria di Brigitte Macron \u00e8 quella di una pensionata dell&rsquo;insegnamento privato, con una pensione paragonabile a quella dei suoi colleghi, integrata da un patrimonio immobiliare familiare significativo. Niente di straordinario rispetto alle voci che circolano regolarmente sui social media su un ipotetico \u00ab\u00a0stipendio da Prima donna\u00a0\u00bb.<\/p>\n<p>Come ricorda Planet.fr nel suo fact-check, l&rsquo;affermazione secondo cui percepirebbe 33.333 euro al mese per le sue funzioni all&rsquo;\u00c9lys\u00e9e \u00e8 una notizia falsa totalmente smentita dalla Carta di trasparenza del 2017. Ci\u00f2 che si pu\u00f2 ricordare: Brigitte Macron vive comodamente, grazie a una pensione classica e a un patrimonio personale solido, ma certamente non grazie a un trattamento pubblico legato al suo ruolo di Prima donna.<\/p>\n<h2 id=\"faq\">FAQ \u2014 La pensione di Brigitte Macron<\/h2>\n<dl>\n<dt><strong>Quale regime pensionistico copre Brigitte Macron?<\/strong><\/dt>\n<dd>Dipende dal regime generale (CNAV) per la sua pensione di base e dall&rsquo;Agirc-Arrco per quella complementare, poich\u00e9 ha insegnato nel privato sotto contratto e non nella funzione pubblica di Stato.<\/dd>\n<dt><strong>Qual \u00e8 l&rsquo;importo stimato della sua pensione?<\/strong><\/dt>\n<dd>Le uniche informazioni disponibili risalgono al 2016: 17.200 euro percepiti tra gennaio e agosto 2016, ovvero circa 2.150 euro lordi al mese. Alcune stime menzionano 3.000 euro mensili, senza conferma ufficiale.<\/dd>\n<dt><strong>Brigitte Macron percepisce uno stipendio da Prima donna?<\/strong><\/dt>\n<dd>No. La Carta di trasparenza del 2017 lo vieta esplicitamente. Non percepisce alcun compenso, nessun rimborso spese n\u00e9 budget specifico come moglie del presidente.<\/dd>\n<dt><strong>Quando ha preso pensione Brigitte Macron?<\/strong><\/dt>\n<dd>Nel giugno 2015, a 62 anni, dopo una carriera di insegnante di lettere classiche iniziata nel 1986. Il suo pensionamento corrisponde all&rsquo;et\u00e0 legale di apertura dei diritti alla pensione per la sua generazione.<\/dd>\n<\/dl>\n<p>{<br \/>\n  \u00ab\u00a0@context\u00a0\u00bb: \u00ab\u00a0https:\/\/schema.org\u00a0\u00bb,<br \/>\n  \u00ab\u00a0@type\u00a0\u00bb: \u00ab\u00a0Article\u00a0\u00bb,<br \/>\n  \u00ab\u00a0headline\u00a0\u00bb: \u00ab\u00a0Pensione: ecco l&rsquo;importo che Brigitte Macron riceve dopo la sua carriera nell&rsquo;insegnamento\u00a0\u00bb,<br \/>\n  \u00ab\u00a0description\u00a0\u00bb: \u00ab\u00a0Quanto riceve Brigitte Macron di pensione dopo la sua carriera di insegnante? Regime applicabile, importo stimato, patrimonio immobiliare e un riepilogo sull&rsquo;assenza di stipendio da Prima donna.\u00a0\u00bb,<br \/>\n  \u00ab\u00a0inLanguage\u00a0\u00bb: \u00ab\u00a0fr\u00a0\u00bb,<br \/>\n  \u00ab\u00a0datePublished\u00a0\u00bb: \u00ab\u00a02026-03-19\u00a0\u00bb,<br \/>\n  \u00ab\u00a0dateModified\u00a0\u00bb: \u00ab\u00a02026-03-19\u00a0\u00bb<br \/>\n}<\/p>\n<p>{<br \/>\n  \u00ab\u00a0@context\u00a0\u00bb: \u00ab\u00a0https:\/\/schema.org\u00a0\u00bb,<br \/>\n  \u00ab\u00a0@type\u00a0\u00bb: \u00ab\u00a0FAQPage\u00a0\u00bb,<br \/>\n  \u00ab\u00a0mainEntity\u00a0\u00bb: [<br \/>\n    {<br \/>\n      \u00ab\u00a0@type\u00a0\u00bb: \u00ab\u00a0Question\u00a0\u00bb,<br \/>\n      \u00ab\u00a0name\u00a0\u00bb: \u00ab\u00a0Quale regime pensionistico copre Brigitte Macron?\u00a0\u00bb,<br \/>\n      \u00ab\u00a0acceptedAnswer\u00a0\u00bb: { \u00ab\u00a0@type\u00a0\u00bb: \u00ab\u00a0Answer\u00a0\u00bb, \u00ab\u00a0text\u00a0\u00bb: \u00ab\u00a0Regime generale (CNAV) per la base e Agirc-Arrco per la complementare, poich\u00e9 ha insegnato nel privato sotto contratto.\u00a0\u00bb }<br \/>\n    },<br \/>\n    {<br \/>\n      \u00ab\u00a0@type\u00a0\u00bb: \u00ab\u00a0Question\u00a0\u00bb,<br \/>\n      \u00ab\u00a0name\u00a0\u00bb: \u00ab\u00a0Qual \u00e8 l&rsquo;importo stimato della sua pensione?\u00a0\u00bb,<br \/>\n      \u00ab\u00a0acceptedAnswer\u00a0\u00bb: { \u00ab\u00a0@type\u00a0\u00bb: \u00ab\u00a0Answer\u00a0\u00bb, \u00ab\u00a0text\u00a0\u00bb: \u00ab\u00a0Circa 2.150 euro lordi al mese nel 2016 secondo le uniche informazioni disponibili. Alcune stime parlano di 3.000 euro, senza conferma ufficiale.\u00a0\u00bb }<br \/>\n    },<br \/>\n    {<br \/>\n      \u00ab\u00a0@type\u00a0\u00bb: \u00ab\u00a0Question\u00a0\u00bb,<br \/>\n      \u00ab\u00a0name\u00a0\u00bb: \u00ab\u00a0Brigitte Macron percepisce uno stipendio da Prima donna?\u00a0\u00bb,<br \/>\n      \u00ab\u00a0acceptedAnswer\u00a0\u00bb: { \u00ab\u00a0@type\u00a0\u00bb: \u00ab\u00a0Answer\u00a0\u00bb, \u00ab\u00a0text\u00a0\u00bb: \u00ab\u00a0No. La Carta di trasparenza del 2017 lo vieta esplicitamente.\u00a0\u00bb }<br \/>\n    }<br \/>\n  ]<br \/>\n}<\/p>\n","protected":false},"excerpt":{"rendered":"<p>Fonte: Melty Ex professoressa di lettere diventata Prima donna, Brigitte Macron incuriosisce tanto per il suo percorso quanto per la sua vita attuale. Una domanda torna spesso: quanto riceve realmente di pensione? La risposta \u00e8 pi\u00f9 complessa di quanto sembri&#8230; Brigitte Macron ha insegnato francese e latino nel privato sotto contratto per quasi 30 anni, &#8230; <a title=\"Retirement: ecco l&rsquo;importo che riceve Brigitte Macron dopo la sua carriera nell&rsquo;insegnamento\" class=\"read-more\" href=\"https:\/\/www.sebastien-auziere.fr\/blog\/it\/retirement-ecco-limporto-che-riceve-brigitte-macron-dopo-la-sua-carriera-nellinsegnamento\/\" aria-label=\"En savoir plus sur Retirement: ecco l&rsquo;importo che riceve Brigitte Macron dopo la sua carriera nell&rsquo;insegnamento\">Lire plus<\/a><\/p>\n","protected":false},"author":4,"featured_media":2564,"comment_status":"open","ping_status":"open","sticky":false,"template":"","format":"standard","meta":{"footnotes":""},"categories":[843],"tags":[],"class_list":["post-2572","post","type-post","status-publish","format-standard","has-post-thumbnail","hentry","category-non-classe-it"],"yoast_head":"<!-- This site is optimized with the Yoast SEO plugin v27.5 - https:\/\/yoast.com\/product\/yoast-seo-wordpress\/ -->\n<title>etraite Brigitte Macron : quel montant apr\u00e8s sa carri\u00e8re d&#039;enseignante ?<\/title>\n<meta name=\"description\" content=\"Combien Brigitte Macron touche-t-elle \u00e0 la retraite apr\u00e8s plus de 30 ans d&#039;enseignement ? R\u00e9gime, montant estim\u00e9, patrimoine immobilier et point sur l&#039;absence de salaire de Premi\u00e8re dame.\" \/>\n<meta name=\"robots\" content=\"index, follow, max-snippet:-1, max-image-preview:large, max-video-preview:-1\" \/>\n<link rel=\"canonical\" href=\"https:\/\/www.sebastien-auziere.fr\/blog\/it\/retirement-ecco-limporto-che-riceve-brigitte-macron-dopo-la-sua-carriera-nellinsegnamento\/\" \/>\n<meta property=\"og:locale\" content=\"fr_FR\" \/>\n<meta property=\"og:type\" content=\"article\" \/>\n<meta property=\"og:title\" content=\"etraite Brigitte Macron : quel montant apr\u00e8s sa carri\u00e8re d&#039;enseignante ?\" \/>\n<meta property=\"og:description\" content=\"Combien Brigitte Macron touche-t-elle \u00e0 la retraite apr\u00e8s plus de 30 ans d&#039;enseignement ? R\u00e9gime, montant estim\u00e9, patrimoine immobilier et point sur l&#039;absence de salaire de Premi\u00e8re dame.\" \/>\n<meta property=\"og:url\" content=\"https:\/\/www.sebastien-auziere.fr\/blog\/it\/retirement-ecco-limporto-che-riceve-brigitte-macron-dopo-la-sua-carriera-nellinsegnamento\/\" \/>\n<meta property=\"og:site_name\" content=\"Fan site S\u00e9bastien Auzi\u00e8re\" \/>\n<meta property=\"article:published_time\" content=\"2026-03-20T06:44:57+00:00\" \/>\n<meta property=\"article:modified_time\" content=\"2026-03-20T06:45:13+00:00\" \/>\n<meta property=\"og:image\" content=\"https:\/\/www.sebastien-auziere.fr\/blog\/wp-content\/uploads\/2026\/03\/Capture-decran-2026-03-20-073257.jpg\" \/>\n\t<meta property=\"og:image:width\" content=\"659\" \/>\n\t<meta property=\"og:image:height\" content=\"428\" \/>\n\t<meta property=\"og:image:type\" content=\"image\/jpeg\" \/>\n<meta name=\"author\" content=\"Celine\" \/>\n<meta name=\"twitter:card\" content=\"summary_large_image\" \/>\n<meta name=\"twitter:label1\" content=\"\u00c9crit par\" \/>\n\t<meta name=\"twitter:data1\" content=\"Celine\" \/>\n\t<meta name=\"twitter:label2\" content=\"Dur\u00e9e de lecture estim\u00e9e\" \/>\n\t<meta name=\"twitter:data2\" content=\"6 minutes\" \/>\n<script type=\"application\/ld+json\" class=\"yoast-schema-graph\">{\"@context\":\"https:\\\/\\\/schema.org\",\"@graph\":[{\"@type\":\"Article\",\"@id\":\"https:\\\/\\\/www.sebastien-auziere.fr\\\/blog\\\/it\\\/retirement-ecco-limporto-che-riceve-brigitte-macron-dopo-la-sua-carriera-nellinsegnamento\\\/#article\",\"isPartOf\":{\"@id\":\"https:\\\/\\\/www.sebastien-auziere.fr\\\/blog\\\/it\\\/retirement-ecco-limporto-che-riceve-brigitte-macron-dopo-la-sua-carriera-nellinsegnamento\\\/\"},\"author\":{\"name\":\"Celine\",\"@id\":\"https:\\\/\\\/www.sebastien-auziere.fr\\\/blog\\\/#\\\/schema\\\/person\\\/1e270a963009242469ed08b1c461f81f\"},\"headline\":\"Retirement: ecco l&rsquo;importo che riceve Brigitte Macron dopo la sua carriera nell&rsquo;insegnamento\",\"datePublished\":\"2026-03-20T06:44:57+00:00\",\"dateModified\":\"2026-03-20T06:45:13+00:00\",\"mainEntityOfPage\":{\"@id\":\"https:\\\/\\\/www.sebastien-auziere.fr\\\/blog\\\/it\\\/retirement-ecco-limporto-che-riceve-brigitte-macron-dopo-la-sua-carriera-nellinsegnamento\\\/\"},\"wordCount\":1308,\"commentCount\":0,\"publisher\":{\"@id\":\"https:\\\/\\\/www.sebastien-auziere.fr\\\/blog\\\/#organization\"},\"image\":{\"@id\":\"https:\\\/\\\/www.sebastien-auziere.fr\\\/blog\\\/it\\\/retirement-ecco-limporto-che-riceve-brigitte-macron-dopo-la-sua-carriera-nellinsegnamento\\\/#primaryimage\"},\"thumbnailUrl\":\"https:\\\/\\\/www.sebastien-auziere.fr\\\/blog\\\/wp-content\\\/uploads\\\/2026\\\/03\\\/Capture-decran-2026-03-20-073257.jpg\",\"inLanguage\":\"fr-FR\",\"potentialAction\":[{\"@type\":\"CommentAction\",\"name\":\"Comment\",\"target\":[\"https:\\\/\\\/www.sebastien-auziere.fr\\\/blog\\\/it\\\/retirement-ecco-limporto-che-riceve-brigitte-macron-dopo-la-sua-carriera-nellinsegnamento\\\/#respond\"]}]},{\"@type\":\"WebPage\",\"@id\":\"https:\\\/\\\/www.sebastien-auziere.fr\\\/blog\\\/it\\\/retirement-ecco-limporto-che-riceve-brigitte-macron-dopo-la-sua-carriera-nellinsegnamento\\\/\",\"url\":\"https:\\\/\\\/www.sebastien-auziere.fr\\\/blog\\\/it\\\/retirement-ecco-limporto-che-riceve-brigitte-macron-dopo-la-sua-carriera-nellinsegnamento\\\/\",\"name\":\"etraite Brigitte Macron : quel montant apr\u00e8s sa carri\u00e8re d'enseignante ?\",\"isPartOf\":{\"@id\":\"https:\\\/\\\/www.sebastien-auziere.fr\\\/blog\\\/#website\"},\"primaryImageOfPage\":{\"@id\":\"https:\\\/\\\/www.sebastien-auziere.fr\\\/blog\\\/it\\\/retirement-ecco-limporto-che-riceve-brigitte-macron-dopo-la-sua-carriera-nellinsegnamento\\\/#primaryimage\"},\"image\":{\"@id\":\"https:\\\/\\\/www.sebastien-auziere.fr\\\/blog\\\/it\\\/retirement-ecco-limporto-che-riceve-brigitte-macron-dopo-la-sua-carriera-nellinsegnamento\\\/#primaryimage\"},\"thumbnailUrl\":\"https:\\\/\\\/www.sebastien-auziere.fr\\\/blog\\\/wp-content\\\/uploads\\\/2026\\\/03\\\/Capture-decran-2026-03-20-073257.jpg\",\"datePublished\":\"2026-03-20T06:44:57+00:00\",\"dateModified\":\"2026-03-20T06:45:13+00:00\",\"description\":\"Combien Brigitte Macron touche-t-elle \u00e0 la retraite apr\u00e8s plus de 30 ans d'enseignement ? R\u00e9gime, montant estim\u00e9, patrimoine immobilier et point sur l'absence de salaire de Premi\u00e8re dame.\",\"breadcrumb\":{\"@id\":\"https:\\\/\\\/www.sebastien-auziere.fr\\\/blog\\\/it\\\/retirement-ecco-limporto-che-riceve-brigitte-macron-dopo-la-sua-carriera-nellinsegnamento\\\/#breadcrumb\"},\"inLanguage\":\"fr-FR\",\"potentialAction\":[{\"@type\":\"ReadAction\",\"target\":[\"https:\\\/\\\/www.sebastien-auziere.fr\\\/blog\\\/it\\\/retirement-ecco-limporto-che-riceve-brigitte-macron-dopo-la-sua-carriera-nellinsegnamento\\\/\"]}]},{\"@type\":\"ImageObject\",\"inLanguage\":\"fr-FR\",\"@id\":\"https:\\\/\\\/www.sebastien-auziere.fr\\\/blog\\\/it\\\/retirement-ecco-limporto-che-riceve-brigitte-macron-dopo-la-sua-carriera-nellinsegnamento\\\/#primaryimage\",\"url\":\"https:\\\/\\\/www.sebastien-auziere.fr\\\/blog\\\/wp-content\\\/uploads\\\/2026\\\/03\\\/Capture-decran-2026-03-20-073257.jpg\",\"contentUrl\":\"https:\\\/\\\/www.sebastien-auziere.fr\\\/blog\\\/wp-content\\\/uploads\\\/2026\\\/03\\\/Capture-decran-2026-03-20-073257.jpg\",\"width\":659,\"height\":428,\"caption\":\"retraite-brigitte-macron-montant\"},{\"@type\":\"BreadcrumbList\",\"@id\":\"https:\\\/\\\/www.sebastien-auziere.fr\\\/blog\\\/it\\\/retirement-ecco-limporto-che-riceve-brigitte-macron-dopo-la-sua-carriera-nellinsegnamento\\\/#breadcrumb\",\"itemListElement\":[{\"@type\":\"ListItem\",\"position\":1,\"name\":\"Home\",\"item\":\"https:\\\/\\\/www.sebastien-auziere.fr\\\/blog\\\/\"},{\"@type\":\"ListItem\",\"position\":2,\"name\":\"Retirement: ecco l&rsquo;importo che riceve Brigitte Macron dopo la sua carriera nell&rsquo;insegnamento\"}]},{\"@type\":\"WebSite\",\"@id\":\"https:\\\/\\\/www.sebastien-auziere.fr\\\/blog\\\/#website\",\"url\":\"https:\\\/\\\/www.sebastien-auziere.fr\\\/blog\\\/\",\"name\":\"Fan site S\u00e9bastien Auzi\u00e8re\",\"description\":\"M\u00e9dia g\u00e9n\u00e9raliste\",\"publisher\":{\"@id\":\"https:\\\/\\\/www.sebastien-auziere.fr\\\/blog\\\/#organization\"},\"potentialAction\":[{\"@type\":\"SearchAction\",\"target\":{\"@type\":\"EntryPoint\",\"urlTemplate\":\"https:\\\/\\\/www.sebastien-auziere.fr\\\/blog\\\/?s={search_term_string}\"},\"query-input\":{\"@type\":\"PropertyValueSpecification\",\"valueRequired\":true,\"valueName\":\"search_term_string\"}}],\"inLanguage\":\"fr-FR\"},{\"@type\":\"Organization\",\"@id\":\"https:\\\/\\\/www.sebastien-auziere.fr\\\/blog\\\/#organization\",\"name\":\"Fan site S\u00e9bastien Auzi\u00e8re\",\"url\":\"https:\\\/\\\/www.sebastien-auziere.fr\\\/blog\\\/\",\"logo\":{\"@type\":\"ImageObject\",\"inLanguage\":\"fr-FR\",\"@id\":\"https:\\\/\\\/www.sebastien-auziere.fr\\\/blog\\\/#\\\/schema\\\/logo\\\/image\\\/\",\"url\":\"https:\\\/\\\/www.sebastien-auziere.fr\\\/blog\\\/wp-content\\\/uploads\\\/2026\\\/03\\\/cropped-cropped-cropped-ChatGPT-Image-6-mars-2026-12_58_09-e1772798376794.jpg\",\"contentUrl\":\"https:\\\/\\\/www.sebastien-auziere.fr\\\/blog\\\/wp-content\\\/uploads\\\/2026\\\/03\\\/cropped-cropped-cropped-ChatGPT-Image-6-mars-2026-12_58_09-e1772798376794.jpg\",\"width\":512,\"height\":360,\"caption\":\"Fan site S\u00e9bastien Auzi\u00e8re\"},\"image\":{\"@id\":\"https:\\\/\\\/www.sebastien-auziere.fr\\\/blog\\\/#\\\/schema\\\/logo\\\/image\\\/\"}},{\"@type\":\"Person\",\"@id\":\"https:\\\/\\\/www.sebastien-auziere.fr\\\/blog\\\/#\\\/schema\\\/person\\\/1e270a963009242469ed08b1c461f81f\",\"name\":\"Celine\",\"image\":{\"@type\":\"ImageObject\",\"inLanguage\":\"fr-FR\",\"@id\":\"https:\\\/\\\/secure.gravatar.com\\\/avatar\\\/c88d569fbe1fe19a13c7f21ee0f8973822df96073df21850b95af6a09ba820c9?s=96&d=mm&r=g\",\"url\":\"https:\\\/\\\/secure.gravatar.com\\\/avatar\\\/c88d569fbe1fe19a13c7f21ee0f8973822df96073df21850b95af6a09ba820c9?s=96&d=mm&r=g\",\"contentUrl\":\"https:\\\/\\\/secure.gravatar.com\\\/avatar\\\/c88d569fbe1fe19a13c7f21ee0f8973822df96073df21850b95af6a09ba820c9?s=96&d=mm&r=g\",\"caption\":\"Celine\"},\"description\":\"Je m'appelle C\u00e9line, j'ai 31 ans et je suis journaliste sp\u00e9cialis\u00e9e dans le cin\u00e9ma. Passionn\u00e9e par le septi\u00e8me art, j'explore les actualit\u00e9s, les critiques et les tendances du monde cin\u00e9matographique. Mon objectif est de partager ma passion et d'informer les amateurs de films \u00e0 travers des articles percutants et des analyses approfondies.\",\"url\":\"https:\\\/\\\/www.sebastien-auziere.fr\\\/blog\\\/author\\\/celine\\\/\"}]}<\/script>\n<!-- \/ Yoast SEO plugin. -->","yoast_head_json":{"title":"etraite Brigitte Macron : quel montant apr\u00e8s sa carri\u00e8re d'enseignante ?","description":"Combien Brigitte Macron touche-t-elle \u00e0 la retraite apr\u00e8s plus de 30 ans d'enseignement ? R\u00e9gime, montant estim\u00e9, patrimoine immobilier et point sur l'absence de salaire de Premi\u00e8re dame.","robots":{"index":"index","follow":"follow","max-snippet":"max-snippet:-1","max-image-preview":"max-image-preview:large","max-video-preview":"max-video-preview:-1"},"canonical":"https:\/\/www.sebastien-auziere.fr\/blog\/it\/retirement-ecco-limporto-che-riceve-brigitte-macron-dopo-la-sua-carriera-nellinsegnamento\/","og_locale":"fr_FR","og_type":"article","og_title":"etraite Brigitte Macron : quel montant apr\u00e8s sa carri\u00e8re d'enseignante ?","og_description":"Combien Brigitte Macron touche-t-elle \u00e0 la retraite apr\u00e8s plus de 30 ans d'enseignement ? R\u00e9gime, montant estim\u00e9, patrimoine immobilier et point sur l'absence de salaire de Premi\u00e8re dame.","og_url":"https:\/\/www.sebastien-auziere.fr\/blog\/it\/retirement-ecco-limporto-che-riceve-brigitte-macron-dopo-la-sua-carriera-nellinsegnamento\/","og_site_name":"Fan site S\u00e9bastien Auzi\u00e8re","article_published_time":"2026-03-20T06:44:57+00:00","article_modified_time":"2026-03-20T06:45:13+00:00","og_image":[{"width":659,"height":428,"url":"https:\/\/www.sebastien-auziere.fr\/blog\/wp-content\/uploads\/2026\/03\/Capture-decran-2026-03-20-073257.jpg","type":"image\/jpeg"}],"author":"Celine","twitter_card":"summary_large_image","twitter_misc":{"\u00c9crit par":"Celine","Dur\u00e9e de lecture estim\u00e9e":"6 minutes"},"schema":{"@context":"https:\/\/schema.org","@graph":[{"@type":"Article","@id":"https:\/\/www.sebastien-auziere.fr\/blog\/it\/retirement-ecco-limporto-che-riceve-brigitte-macron-dopo-la-sua-carriera-nellinsegnamento\/#article","isPartOf":{"@id":"https:\/\/www.sebastien-auziere.fr\/blog\/it\/retirement-ecco-limporto-che-riceve-brigitte-macron-dopo-la-sua-carriera-nellinsegnamento\/"},"author":{"name":"Celine","@id":"https:\/\/www.sebastien-auziere.fr\/blog\/#\/schema\/person\/1e270a963009242469ed08b1c461f81f"},"headline":"Retirement: ecco l&rsquo;importo che riceve Brigitte Macron dopo la sua carriera nell&rsquo;insegnamento","datePublished":"2026-03-20T06:44:57+00:00","dateModified":"2026-03-20T06:45:13+00:00","mainEntityOfPage":{"@id":"https:\/\/www.sebastien-auziere.fr\/blog\/it\/retirement-ecco-limporto-che-riceve-brigitte-macron-dopo-la-sua-carriera-nellinsegnamento\/"},"wordCount":1308,"commentCount":0,"publisher":{"@id":"https:\/\/www.sebastien-auziere.fr\/blog\/#organization"},"image":{"@id":"https:\/\/www.sebastien-auziere.fr\/blog\/it\/retirement-ecco-limporto-che-riceve-brigitte-macron-dopo-la-sua-carriera-nellinsegnamento\/#primaryimage"},"thumbnailUrl":"https:\/\/www.sebastien-auziere.fr\/blog\/wp-content\/uploads\/2026\/03\/Capture-decran-2026-03-20-073257.jpg","inLanguage":"fr-FR","potentialAction":[{"@type":"CommentAction","name":"Comment","target":["https:\/\/www.sebastien-auziere.fr\/blog\/it\/retirement-ecco-limporto-che-riceve-brigitte-macron-dopo-la-sua-carriera-nellinsegnamento\/#respond"]}]},{"@type":"WebPage","@id":"https:\/\/www.sebastien-auziere.fr\/blog\/it\/retirement-ecco-limporto-che-riceve-brigitte-macron-dopo-la-sua-carriera-nellinsegnamento\/","url":"https:\/\/www.sebastien-auziere.fr\/blog\/it\/retirement-ecco-limporto-che-riceve-brigitte-macron-dopo-la-sua-carriera-nellinsegnamento\/","name":"etraite Brigitte Macron : quel montant apr\u00e8s sa carri\u00e8re d'enseignante ?","isPartOf":{"@id":"https:\/\/www.sebastien-auziere.fr\/blog\/#website"},"primaryImageOfPage":{"@id":"https:\/\/www.sebastien-auziere.fr\/blog\/it\/retirement-ecco-limporto-che-riceve-brigitte-macron-dopo-la-sua-carriera-nellinsegnamento\/#primaryimage"},"image":{"@id":"https:\/\/www.sebastien-auziere.fr\/blog\/it\/retirement-ecco-limporto-che-riceve-brigitte-macron-dopo-la-sua-carriera-nellinsegnamento\/#primaryimage"},"thumbnailUrl":"https:\/\/www.sebastien-auziere.fr\/blog\/wp-content\/uploads\/2026\/03\/Capture-decran-2026-03-20-073257.jpg","datePublished":"2026-03-20T06:44:57+00:00","dateModified":"2026-03-20T06:45:13+00:00","description":"Combien Brigitte Macron touche-t-elle \u00e0 la retraite apr\u00e8s plus de 30 ans d'enseignement ? R\u00e9gime, montant estim\u00e9, patrimoine immobilier et point sur l'absence de salaire de Premi\u00e8re dame.","breadcrumb":{"@id":"https:\/\/www.sebastien-auziere.fr\/blog\/it\/retirement-ecco-limporto-che-riceve-brigitte-macron-dopo-la-sua-carriera-nellinsegnamento\/#breadcrumb"},"inLanguage":"fr-FR","potentialAction":[{"@type":"ReadAction","target":["https:\/\/www.sebastien-auziere.fr\/blog\/it\/retirement-ecco-limporto-che-riceve-brigitte-macron-dopo-la-sua-carriera-nellinsegnamento\/"]}]},{"@type":"ImageObject","inLanguage":"fr-FR","@id":"https:\/\/www.sebastien-auziere.fr\/blog\/it\/retirement-ecco-limporto-che-riceve-brigitte-macron-dopo-la-sua-carriera-nellinsegnamento\/#primaryimage","url":"https:\/\/www.sebastien-auziere.fr\/blog\/wp-content\/uploads\/2026\/03\/Capture-decran-2026-03-20-073257.jpg","contentUrl":"https:\/\/www.sebastien-auziere.fr\/blog\/wp-content\/uploads\/2026\/03\/Capture-decran-2026-03-20-073257.jpg","width":659,"height":428,"caption":"retraite-brigitte-macron-montant"},{"@type":"BreadcrumbList","@id":"https:\/\/www.sebastien-auziere.fr\/blog\/it\/retirement-ecco-limporto-che-riceve-brigitte-macron-dopo-la-sua-carriera-nellinsegnamento\/#breadcrumb","itemListElement":[{"@type":"ListItem","position":1,"name":"Home","item":"https:\/\/www.sebastien-auziere.fr\/blog\/"},{"@type":"ListItem","position":2,"name":"Retirement: ecco l&rsquo;importo che riceve Brigitte Macron dopo la sua carriera nell&rsquo;insegnamento"}]},{"@type":"WebSite","@id":"https:\/\/www.sebastien-auziere.fr\/blog\/#website","url":"https:\/\/www.sebastien-auziere.fr\/blog\/","name":"Fan site S\u00e9bastien Auzi\u00e8re","description":"M\u00e9dia g\u00e9n\u00e9raliste","publisher":{"@id":"https:\/\/www.sebastien-auziere.fr\/blog\/#organization"},"potentialAction":[{"@type":"SearchAction","target":{"@type":"EntryPoint","urlTemplate":"https:\/\/www.sebastien-auziere.fr\/blog\/?s={search_term_string}"},"query-input":{"@type":"PropertyValueSpecification","valueRequired":true,"valueName":"search_term_string"}}],"inLanguage":"fr-FR"},{"@type":"Organization","@id":"https:\/\/www.sebastien-auziere.fr\/blog\/#organization","name":"Fan site S\u00e9bastien Auzi\u00e8re","url":"https:\/\/www.sebastien-auziere.fr\/blog\/","logo":{"@type":"ImageObject","inLanguage":"fr-FR","@id":"https:\/\/www.sebastien-auziere.fr\/blog\/#\/schema\/logo\/image\/","url":"https:\/\/www.sebastien-auziere.fr\/blog\/wp-content\/uploads\/2026\/03\/cropped-cropped-cropped-ChatGPT-Image-6-mars-2026-12_58_09-e1772798376794.jpg","contentUrl":"https:\/\/www.sebastien-auziere.fr\/blog\/wp-content\/uploads\/2026\/03\/cropped-cropped-cropped-ChatGPT-Image-6-mars-2026-12_58_09-e1772798376794.jpg","width":512,"height":360,"caption":"Fan site S\u00e9bastien Auzi\u00e8re"},"image":{"@id":"https:\/\/www.sebastien-auziere.fr\/blog\/#\/schema\/logo\/image\/"}},{"@type":"Person","@id":"https:\/\/www.sebastien-auziere.fr\/blog\/#\/schema\/person\/1e270a963009242469ed08b1c461f81f","name":"Celine","image":{"@type":"ImageObject","inLanguage":"fr-FR","@id":"https:\/\/secure.gravatar.com\/avatar\/c88d569fbe1fe19a13c7f21ee0f8973822df96073df21850b95af6a09ba820c9?s=96&d=mm&r=g","url":"https:\/\/secure.gravatar.com\/avatar\/c88d569fbe1fe19a13c7f21ee0f8973822df96073df21850b95af6a09ba820c9?s=96&d=mm&r=g","contentUrl":"https:\/\/secure.gravatar.com\/avatar\/c88d569fbe1fe19a13c7f21ee0f8973822df96073df21850b95af6a09ba820c9?s=96&d=mm&r=g","caption":"Celine"},"description":"Je m'appelle C\u00e9line, j'ai 31 ans et je suis journaliste sp\u00e9cialis\u00e9e dans le cin\u00e9ma. Passionn\u00e9e par le septi\u00e8me art, j'explore les actualit\u00e9s, les critiques et les tendances du monde cin\u00e9matographique. Mon objectif est de partager ma passion et d'informer les amateurs de films \u00e0 travers des articles percutants et des analyses approfondies.","url":"https:\/\/www.sebastien-auziere.fr\/blog\/author\/celine\/"}]}},"views":6,"_links":{"self":[{"href":"https:\/\/www.sebastien-auziere.fr\/blog\/wp-json\/wp\/v2\/posts\/2572","targetHints":{"allow":["GET"]}}],"collection":[{"href":"https:\/\/www.sebastien-auziere.fr\/blog\/wp-json\/wp\/v2\/posts"}],"about":[{"href":"https:\/\/www.sebastien-auziere.fr\/blog\/wp-json\/wp\/v2\/types\/post"}],"author":[{"embeddable":true,"href":"https:\/\/www.sebastien-auziere.fr\/blog\/wp-json\/wp\/v2\/users\/4"}],"replies":[{"embeddable":true,"href":"https:\/\/www.sebastien-auziere.fr\/blog\/wp-json\/wp\/v2\/comments?post=2572"}],"version-history":[{"count":1,"href":"https:\/\/www.sebastien-auziere.fr\/blog\/wp-json\/wp\/v2\/posts\/2572\/revisions"}],"predecessor-version":[{"id":2573,"href":"https:\/\/www.sebastien-auziere.fr\/blog\/wp-json\/wp\/v2\/posts\/2572\/revisions\/2573"}],"wp:featuredmedia":[{"embeddable":true,"href":"https:\/\/www.sebastien-auziere.fr\/blog\/wp-json\/wp\/v2\/media\/2564"}],"wp:attachment":[{"href":"https:\/\/www.sebastien-auziere.fr\/blog\/wp-json\/wp\/v2\/media?parent=2572"}],"wp:term":[{"taxonomy":"category","embeddable":true,"href":"https:\/\/www.sebastien-auziere.fr\/blog\/wp-json\/wp\/v2\/categories?post=2572"},{"taxonomy":"post_tag","embeddable":true,"href":"https:\/\/www.sebastien-auziere.fr\/blog\/wp-json\/wp\/v2\/tags?post=2572"}],"curies":[{"name":"wp","href":"https:\/\/api.w.org\/{rel}","templated":true}]}}