{"id":2570,"date":"2026-03-20T06:43:21","date_gmt":"2026-03-20T06:43:21","guid":{"rendered":"https:\/\/www.sebastien-auziere.fr\/blog\/?p=2570"},"modified":"2026-03-20T06:44:26","modified_gmt":"2026-03-20T06:44:26","slug":"retirement-das-ist-der-betrag-den-brigitte-macron-nach-ihrer-karriere-im-bildungswesen-erhalt","status":"publish","type":"post","link":"https:\/\/www.sebastien-auziere.fr\/blog\/de\/retirement-das-ist-der-betrag-den-brigitte-macron-nach-ihrer-karriere-im-bildungswesen-erhalt\/","title":{"rendered":"Retirement: das ist der Betrag, den Brigitte Macron nach ihrer Karriere im Bildungswesen erh\u00e4lt"},"content":{"rendered":"<p>Quelle: Melty<\/em><\/p>\n<p>Ehemalige Franz\u00f6sischlehrerin und erste Dame geworden, Brigitte Macron fasziniert sowohl durch ihren Werdegang als auch durch ihr aktuelles Leben. Eine Frage taucht h\u00e4ufig auf: Wie viel bekommt sie tats\u00e4chlich an Rente? Die Antwort ist komplexer als es scheint&#8230;<\/p>\n<ul>\n<li>Brigitte Macron hat fast 30 Jahre lang, von 1986 bis 2015, Franz\u00f6sisch und Latein an einer privaten Schule unterrichtet.<\/li>\n<li>Sie ist abh\u00e4ngig vom allgemeinen Rentensystem (CNAV) und von Agirc-Arrco und nicht vom vorteilhaften System der Beamten im nationalen Bildungswesen.<\/li>\n<li>Die einzigen bekannten Daten stammen aus dem Jahr 2016: 17.200 Euro von Januar bis August, also etwa 2.150 Euro brutto pro Monat.<\/li>\n<li>Kein Gehalt als erste Dame: Die Transparenzcharta von 2017 verbietet dies ausdr\u00fccklich.<\/li>\n<li>Ihr Immobilienverm\u00f6gen, das 2025 f\u00fcr 3,6 Millionen Euro verkauft wurde, stellt ihre Hauptquelle f\u00fcr pers\u00f6nliches Verm\u00f6gen dar.<\/li>\n<\/ul>\n<p><strong>Inhaltsverzeichnis:<\/strong> <a href=\"#carriere\">Ihre Karriere als Lehrerin<\/a> \u00b7 <a href=\"#premiere-dame\">Erste Dame ohne Gehalt<\/a> \u00b7 <a href=\"#retraite\">Ihr Rentensystem und gesch\u00e4tzte H\u00f6he<\/a> \u00b7 <a href=\"#immobilier\">Immobilien-Einkommen<\/a> \u00b7 <a href=\"#conclusion\">Was festgehalten werden muss<\/a> \u00b7 <a href=\"#faq\">FAQ<\/a><\/p>\n<h2 id=\"carriere\">Vor dem \u00c9lys\u00e9e: die Karriere der leidenschaftlichen Lehrerin Brigitte Macron<\/h2>\n<p>Weit bevor sie die Ehefrau von Emmanuel Macron wurde, hatte Brigitte Macron eine solide Karriere im Bildungswesen. \u00dcber mehrere Jahrzehnte hinweg vermittelte sie ihre Liebe zur Literatur an ihre Sch\u00fcler, zuerst in Stra\u00dfburg, dann in Amiens, bevor sie nach Paris wechselte.<\/p>\n<p>Inmitten einer Wahlperiode, am 15. M\u00e4rz 2026, erschien Brigitte Macron, wie Gala berichtete, in Le Touquet in einem perfekt abgestimmten Look zwischen einem bordeauxfarbenen Mantel und sorgf\u00e4ltig ausgew\u00e4hlten Accessoires. Ein Bild der ersten Dame, das dem entspricht, das sie seit Jahren vermittelt. Doch hinter dieser sehr exponierten \u00f6ffentlichen Figur bleibt eine andere Facette weitgehend unbekannt: ihr fr\u00fcheres Leben als Lehrerin.<\/p>\n<p>Am 13. April 1953 in Amiens geboren, erwarb Brigitte Trogneux 1986 das CAPES f\u00fcr klassische Literatur, die Pr\u00fcfung, die ihr die T\u00fcren zur Lehre von Franz\u00f6sisch und Latein an einer privaten Schule unter Vertrag \u00f6ffnete. Sie begann am coll\u00e8ge Lucie-Berger in Stra\u00dfburg, wechselte 1991 an das Lyc\u00e9e La Providence in Amiens und beendete ihre Karriere am sehr renommierten Lyc\u00e9e Saint-Louis-de-Gonzague in Paris, wo sie bis 2015 unterrichtete. Wie L&rsquo;Essentiel de l&rsquo;\u00c9co klarstellt, beschloss sie mit 62 Jahren, ihre T\u00e4tigkeit zu beenden, ein Schritt, der dem gesetzlichen Renteneintrittsalter ihrer Generation (61 Jahre und 2 Monate) entspricht. Diejenigen, die sie als Lehrerin kannten, beschreiben eine engagierte, leidenschaftliche Frau, die ihren Sch\u00fclern nahestand. Eine tief verwurzelte Berufung, weit entfernt von den Regeln des politischen Lebens, dem sie sp\u00e4ter beitreten wird.<\/p>\n<h2 id=\"premiere-dame\">Eine aktive erste Dame&#8230; aber ohne Gehalt<\/h2>\n<p>Seit 2017 ist Brigitte Macron zu einer unverzichtbaren Figur des \u00f6ffentlichen Lebens in Frankreich geworden. Dennoch erh\u00e4lt die Ehefrau von Emmanuel Macron, entgegen verbreiteter Annahmen, keine Verg\u00fctung f\u00fcr ihre Rolle. Wie L&rsquo;Essentiel de l&rsquo;\u00c9co pr\u00e4zisiert, sind ihre Aktivit\u00e4ten durch eine Transparenzcharta geregelt, die sich jedoch nur auf die zur Verf\u00fcgung gestellten Mittel bezieht: Mitarbeiter, Betriebshaushalt, Verwaltung der Korrespondenz.<\/p>\n<p>Nichts, was einem Gehalt \u00e4hnelt. Gleichzeitig engagiert sich die erste Dame weiter in mehreren Anliegen, insbesondere \u00fcber die Fondation des H\u00f4pitaux, deren Pr\u00e4sidentin sie seit 2019 ist und die sie von Bernadette Chirac \u00fcbernommen hat. Au\u00dferdem leitet sie das Institut des Vocations pour l&rsquo;Emploi (Live), ein Ausbildungsprogramm f\u00fcr arbeitslose junge Erwachsene, das 2018 ins Leben gerufen wurde.<\/p>\n<p>Gerade Melty, das die verf\u00fcgbaren Daten zu ihrer finanziellen Situation verbreitet hat, erinnert daran, dass in Abwesenheit eines gesetzlichen Status f\u00fcr die erste Dame die Unklarheit \u00fcber ihre pers\u00f6nlichen Ressourcen weiterhin Ger\u00fcchte und Spekulationen in den sozialen Medien anheizt.<\/p>\n<h2 id=\"retraite\">Ihre Rente als Lehrerin: welches System, welcher gesch\u00e4tzter Betrag?<\/h2>\n<p>Hier wird es technisch. Brigitte Macron hat im privaten Bildungswesen gearbeitet, was sie in ein anderes System als das der Beamten im nationalen Bildungswesen einordnet. Sie ist abh\u00e4ngig vom allgemeinen Rentensystem f\u00fcr ihre Basisrente (die CNAV) und vom erg\u00e4nzenden Agirc-Arrco-System und nicht vom Beamtenstatus. Eine wichtige Nuance, denn dieses System ist weniger vorteilhaft als das der festangestellten Lehrer im nationalen Bildungswesen, die vom Staatlichen Beamtensystem profitieren.<\/p>\n<p>Der genaue Betrag ihrer Rente bleibt vertraulich. Das franz\u00f6sische Gesetz verlangt keine Ver\u00f6ffentlichung der pers\u00f6nlichen Einnahmen des Partners des Staatschefs. Laut Planet.fr stammen die \u00f6ffentlich verf\u00fcgbaren Daten ausschlie\u00dflich aus dem Jahr 2016: Brigitte Macron hatte damals von Januar bis August 2016 eine Rente von 17.200 Euro erhalten, also etwa 2.150 Euro brutto pro Monat. Weitere Sch\u00e4tzungen, die insbesondere von Le Tribune du Net verbreitet werden, sprechen von einer Rente von etwa 3.000 Euro monatlich, jedoch ohne offizielle Best\u00e4tigung.<\/p>\n<p style=\"background:#fff8e1;border-left:4px solid #f9a825;padding:12px 16px;margin:16px 0\"><strong>Zum Vergleich:<\/strong> Laut den Daten des Sozialberichts des nationalen Bildungswesens betrug die durchschnittliche brutto monatliche Rente der im Jahr 2017 in den Ruhestand gegangenen festangestellten Lehrer des zweiten Grades etwa 2.600 Euro. Da Brigitte Macron dem privaten Bildungswesen angeh\u00f6rt, dessen System weniger vorteilhaft ist, w\u00fcrde ihre Rente logisch gesehen in einem vergleichbaren oder leicht niedrigeren Bereich liegen.<\/p>\n<h2 id=\"immobilier\">\u00dcberraschend signifikante Immobilien-Einkommen<\/h2>\n<p>W\u00e4hrend die Altersrente von Brigitte Macron im Vergleich zu ihrer Bekanntheit relativ bescheiden bleibt, ist ihr pers\u00f6nliches Verm\u00f6gen jedoch erheblich. Als Erbin der famili\u00e4ren Schokoladenfabrik Trogneux hat sie vor allem von ihrem Vater die Villa \u00ab\u00a0Mon\u00e9jan\u00a0\u00bb in Le Touquet-Paris-Plage geerbt, ein Eigentum, das ihr durch die Vermietung von zwei gewerblichen Einheiten im Erdgeschoss bis zu 48.000 Euro j\u00e4hrlich einbrachte.<\/p>\n<p>Im April 2025 wurde diese Villa f\u00fcr 3,6 Millionen Euro an die Firma Oxial verkauft, was einen erheblichen Gewinn im Vergleich zum deklarierten Wert von 1,2 Millionen Euro im Jahr 2016 darstellt. Das Paar hat gleichzeitig eine neue Residenz in Le Touquet auf dem Boulevard du Docteur-Jules-Pouget \u00fcber eine SCI f\u00fcr einen angegebenen Betrag von 1,85 Millionen Euro erworben.<\/p>\n<h2 id=\"conclusion\">Eine finanzielle Situation deutlich \u00fcber dem Durchschnitt, aber ohne Geheimnis<\/h2>\n<p>Am Ende ist die finanzielle Lage von Brigitte Macron die einer Rentnerin des privaten Bildungswesens, mit einer Rente, die vergleichbar mit der ihrer Kolleginnen und Kollegen ist, erg\u00e4nzt durch ein erhebliches famili\u00e4res Immobilienverm\u00f6gen. Nichts Au\u00dfergew\u00f6hnliches im Hinblick auf die regelm\u00e4\u00dfig in den sozialen Medien verbreiteten Ger\u00fcchte \u00fcber ein hypothetisches \u00ab\u00a0Gehalt der ersten Dame\u00a0\u00bb.<\/p>\n<p>Wie Planet.fr in seinem Fact-Check erinnert, ist die Behauptung, dass sie 33.333 Euro pro Monat f\u00fcr ihre Funktionen im \u00c9lys\u00e9e erh\u00e4lt, eine v\u00f6llig widerlegte Falschinformation gem\u00e4\u00df der Transparenzcharta von 2017. Was festgehalten werden kann: Brigitte Macron lebt wohlhabend, dank einer klassischen Rente und einem soliden pers\u00f6nlichen Verm\u00f6gen, aber sicherlich nicht durch irgendwelche \u00f6ffentlichen Gelder in Verbindung mit ihrer Rolle als erste Dame.<\/p>\n<h2 id=\"faq\">FAQ \u2014 Die Rente von Brigitte Macron<\/h2>\n<dl>\n<dt><strong>Welches Rentensystem betrifft Brigitte Macron?<\/strong><\/dt>\n<dd>Sie ist abh\u00e4ngig vom allgemeinen Rentensystem (CNAV) f\u00fcr ihre Basisrente und von Agirc-Arrco f\u00fcr die erg\u00e4nzende Rente, da sie im privaten Bildungswesen und nicht im Staatsdienst gelehrt hat.<\/dd>\n<dt><strong>Wie hoch wird ihre Rente gesch\u00e4tzt?<\/strong><\/dt>\n<dd>Die einzigen verf\u00fcgbaren Daten stammen aus dem Jahr 2016: 17.200 Euro, die zwischen Januar und August 2016 bezogen wurden, also etwa 2.150 Euro brutto pro Monat. Einige Sch\u00e4tzungen sprechen von 3.000 Euro monatlich, ohne offizielle Best\u00e4tigung.<\/dd>\n<dt><strong>Erh\u00e4lt Brigitte Macron ein Gehalt als erste Dame?<\/strong><\/dt>\n<dd>Nein. Die Transparenzcharta von 2017 verbietet dies ausdr\u00fccklich. Sie erh\u00e4lt keine Verg\u00fctung, keine Repr\u00e4sentationskosten oder ein eigenes Budget als Ehefrau des Pr\u00e4sidenten.<\/dd>\n<dt><strong>Wann hat Brigitte Macron ihren Ruhestand angetreten?<\/strong><\/dt>\n<dd>Im Juni 2015, mit 62 Jahren, nach einer Karriere als Lehrerin f\u00fcr klassische Literatur, die 1986 begonnen hatte. Ihr Austritt entspricht dem gesetzlichen Renteneintrittsalter f\u00fcr ihre Generation.<\/dd>\n<\/dl>\n<p>{<br \/>\n  \u00ab\u00a0@context\u00a0\u00bb: \u00ab\u00a0https:\/\/schema.org\u00a0\u00bb,<br \/>\n  \u00ab\u00a0@type\u00a0\u00bb: \u00ab\u00a0Article\u00a0\u00bb,<br \/>\n  \u00ab\u00a0headline\u00a0\u00bb: \u00ab\u00a0Rente: Hier ist der Betrag, den Brigitte Macron nach ihrer Karriere im Bildungswesen erh\u00e4lt\u00a0\u00bb,<br \/>\n  \u00ab\u00a0description\u00a0\u00bb: \u00ab\u00a0Wie viel erh\u00e4lt Brigitte Macron an Rente nach ihrer Karriere als Lehrerin? Anwendbares System, gesch\u00e4tzter Betrag, Immobilienverm\u00f6gen und Erinnerung an das Fehlen eines Gehalts als erste Dame.\u00a0\u00bb,<br \/>\n  \u00ab\u00a0inLanguage\u00a0\u00bb: \u00ab\u00a0fr\u00a0\u00bb,<br \/>\n  \u00ab\u00a0datePublished\u00a0\u00bb: \u00ab\u00a02026-03-19\u00a0\u00bb,<br \/>\n  \u00ab\u00a0dateModified\u00a0\u00bb: \u00ab\u00a02026-03-19\u00a0\u00bb<br \/>\n}<\/p>\n<p>{<br \/>\n  \u00ab\u00a0@context\u00a0\u00bb: \u00ab\u00a0https:\/\/schema.org\u00a0\u00bb,<br \/>\n  \u00ab\u00a0@type\u00a0\u00bb: \u00ab\u00a0FAQPage\u00a0\u00bb,<br \/>\n  \u00ab\u00a0mainEntity\u00a0\u00bb: [<br \/>\n    {<br \/>\n      \u00ab\u00a0@type\u00a0\u00bb: \u00ab\u00a0Question\u00a0\u00bb,<br \/>\n      \u00ab\u00a0name\u00a0\u00bb: \u00ab\u00a0Welches Rentensystem betrifft Brigitte Macron?\u00a0\u00bb,<br \/>\n      \u00ab\u00a0acceptedAnswer\u00a0\u00bb: { \u00ab\u00a0@type\u00a0\u00bb: \u00ab\u00a0Answer\u00a0\u00bb, \u00ab\u00a0text\u00a0\u00bb: \u00ab\u00a0Allgemeines System (CNAV) f\u00fcr die Grundlage und Agirc-Arrco f\u00fcr die erg\u00e4nzende, da sie im privaten Bildungswesen t\u00e4tig war.\u00a0\u00bb }<br \/>\n    },<br \/>\n    {<br \/>\n      \u00ab\u00a0@type\u00a0\u00bb: \u00ab\u00a0Question\u00a0\u00bb,<br \/>\n      \u00ab\u00a0name\u00a0\u00bb: \u00ab\u00a0Wie hoch wird ihre Rente gesch\u00e4tzt?\u00a0\u00bb,<br \/>\n      \u00ab\u00a0acceptedAnswer\u00a0\u00bb: { \u00ab\u00a0@type\u00a0\u00bb: \u00ab\u00a0Answer\u00a0\u00bb, \u00ab\u00a0text\u00a0\u00bb: \u00ab\u00a0Etwa 2.150 Euro brutto pro Monat im Jahr 2016 laut den einzigen verf\u00fcgbaren Daten. Einige Sch\u00e4tzungen sprechen von 3.000 Euro, ohne offizielle Best\u00e4tigung.\u00a0\u00bb }<br \/>\n    },<br \/>\n    {<br \/>\n      \u00ab\u00a0@type\u00a0\u00bb: \u00ab\u00a0Question\u00a0\u00bb,<br \/>\n      \u00ab\u00a0name\u00a0\u00bb: \u00ab\u00a0Erh\u00e4lt Brigitte Macron ein Gehalt als erste Dame?\u00a0\u00bb,<br \/>\n      \u00ab\u00a0acceptedAnswer\u00a0\u00bb: { \u00ab\u00a0@type\u00a0\u00bb: \u00ab\u00a0Answer\u00a0\u00bb, \u00ab\u00a0text\u00a0\u00bb: \u00ab\u00a0Nein. Die Transparenzcharta von 2017 verbietet dies ausdr\u00fccklich.\u00a0\u00bb }<br \/>\n    }<br \/>\n  ]<br \/>\n}<\/p>\n","protected":false},"excerpt":{"rendered":"<p>Quelle: Melty Ehemalige Franz\u00f6sischlehrerin und erste Dame geworden, Brigitte Macron fasziniert sowohl durch ihren Werdegang als auch durch ihr aktuelles Leben. Eine Frage taucht h\u00e4ufig auf: Wie viel bekommt sie tats\u00e4chlich an Rente? Die Antwort ist komplexer als es scheint&#8230; Brigitte Macron hat fast 30 Jahre lang, von 1986 bis 2015, Franz\u00f6sisch und Latein an &#8230; <a title=\"Retirement: das ist der Betrag, den Brigitte Macron nach ihrer Karriere im Bildungswesen erh\u00e4lt\" class=\"read-more\" href=\"https:\/\/www.sebastien-auziere.fr\/blog\/de\/retirement-das-ist-der-betrag-den-brigitte-macron-nach-ihrer-karriere-im-bildungswesen-erhalt\/\" aria-label=\"En savoir plus sur Retirement: das ist der Betrag, den Brigitte Macron nach ihrer Karriere im Bildungswesen erh\u00e4lt\">Lire plus<\/a><\/p>\n","protected":false},"author":4,"featured_media":2564,"comment_status":"open","ping_status":"open","sticky":false,"template":"","format":"standard","meta":{"footnotes":""},"categories":[838],"tags":[],"class_list":["post-2570","post","type-post","status-publish","format-standard","has-post-thumbnail","hentry","category-non-classe-de"],"yoast_head":"<!-- This site is optimized with the Yoast SEO plugin v27.5 - https:\/\/yoast.com\/product\/yoast-seo-wordpress\/ -->\n<title>etraite Brigitte Macron : quel montant apr\u00e8s sa carri\u00e8re d&#039;enseignante ?<\/title>\n<meta name=\"description\" content=\"Combien Brigitte Macron touche-t-elle \u00e0 la retraite apr\u00e8s plus de 30 ans d&#039;enseignement ? R\u00e9gime, montant estim\u00e9, patrimoine immobilier et point sur l&#039;absence de salaire de Premi\u00e8re dame.\" \/>\n<meta name=\"robots\" content=\"index, follow, max-snippet:-1, max-image-preview:large, max-video-preview:-1\" \/>\n<link rel=\"canonical\" href=\"https:\/\/www.sebastien-auziere.fr\/blog\/de\/retirement-das-ist-der-betrag-den-brigitte-macron-nach-ihrer-karriere-im-bildungswesen-erhalt\/\" \/>\n<meta property=\"og:locale\" content=\"fr_FR\" \/>\n<meta property=\"og:type\" content=\"article\" \/>\n<meta property=\"og:title\" content=\"etraite Brigitte Macron : quel montant apr\u00e8s sa carri\u00e8re d&#039;enseignante ?\" \/>\n<meta property=\"og:description\" content=\"Combien Brigitte Macron touche-t-elle \u00e0 la retraite apr\u00e8s plus de 30 ans d&#039;enseignement ? R\u00e9gime, montant estim\u00e9, patrimoine immobilier et point sur l&#039;absence de salaire de Premi\u00e8re dame.\" \/>\n<meta property=\"og:url\" content=\"https:\/\/www.sebastien-auziere.fr\/blog\/de\/retirement-das-ist-der-betrag-den-brigitte-macron-nach-ihrer-karriere-im-bildungswesen-erhalt\/\" \/>\n<meta property=\"og:site_name\" content=\"Fan site S\u00e9bastien Auzi\u00e8re\" \/>\n<meta property=\"article:published_time\" content=\"2026-03-20T06:43:21+00:00\" \/>\n<meta property=\"article:modified_time\" content=\"2026-03-20T06:44:26+00:00\" \/>\n<meta property=\"og:image\" content=\"https:\/\/www.sebastien-auziere.fr\/blog\/wp-content\/uploads\/2026\/03\/Capture-decran-2026-03-20-073257.jpg\" \/>\n\t<meta property=\"og:image:width\" content=\"659\" \/>\n\t<meta property=\"og:image:height\" content=\"428\" \/>\n\t<meta property=\"og:image:type\" content=\"image\/jpeg\" \/>\n<meta name=\"author\" content=\"Celine\" \/>\n<meta name=\"twitter:card\" content=\"summary_large_image\" \/>\n<meta name=\"twitter:label1\" content=\"\u00c9crit par\" \/>\n\t<meta name=\"twitter:data1\" content=\"Celine\" \/>\n\t<meta name=\"twitter:label2\" content=\"Dur\u00e9e de lecture estim\u00e9e\" \/>\n\t<meta name=\"twitter:data2\" content=\"7 minutes\" \/>\n<script type=\"application\/ld+json\" class=\"yoast-schema-graph\">{\"@context\":\"https:\\\/\\\/schema.org\",\"@graph\":[{\"@type\":\"Article\",\"@id\":\"https:\\\/\\\/www.sebastien-auziere.fr\\\/blog\\\/de\\\/retirement-das-ist-der-betrag-den-brigitte-macron-nach-ihrer-karriere-im-bildungswesen-erhalt\\\/#article\",\"isPartOf\":{\"@id\":\"https:\\\/\\\/www.sebastien-auziere.fr\\\/blog\\\/de\\\/retirement-das-ist-der-betrag-den-brigitte-macron-nach-ihrer-karriere-im-bildungswesen-erhalt\\\/\"},\"author\":{\"name\":\"Celine\",\"@id\":\"https:\\\/\\\/www.sebastien-auziere.fr\\\/blog\\\/#\\\/schema\\\/person\\\/1e270a963009242469ed08b1c461f81f\"},\"headline\":\"Retirement: das ist der Betrag, den Brigitte Macron nach ihrer Karriere im Bildungswesen erh\u00e4lt\",\"datePublished\":\"2026-03-20T06:43:21+00:00\",\"dateModified\":\"2026-03-20T06:44:26+00:00\",\"mainEntityOfPage\":{\"@id\":\"https:\\\/\\\/www.sebastien-auziere.fr\\\/blog\\\/de\\\/retirement-das-ist-der-betrag-den-brigitte-macron-nach-ihrer-karriere-im-bildungswesen-erhalt\\\/\"},\"wordCount\":1381,\"commentCount\":0,\"publisher\":{\"@id\":\"https:\\\/\\\/www.sebastien-auziere.fr\\\/blog\\\/#organization\"},\"image\":{\"@id\":\"https:\\\/\\\/www.sebastien-auziere.fr\\\/blog\\\/de\\\/retirement-das-ist-der-betrag-den-brigitte-macron-nach-ihrer-karriere-im-bildungswesen-erhalt\\\/#primaryimage\"},\"thumbnailUrl\":\"https:\\\/\\\/www.sebastien-auziere.fr\\\/blog\\\/wp-content\\\/uploads\\\/2026\\\/03\\\/Capture-decran-2026-03-20-073257.jpg\",\"inLanguage\":\"fr-FR\",\"potentialAction\":[{\"@type\":\"CommentAction\",\"name\":\"Comment\",\"target\":[\"https:\\\/\\\/www.sebastien-auziere.fr\\\/blog\\\/de\\\/retirement-das-ist-der-betrag-den-brigitte-macron-nach-ihrer-karriere-im-bildungswesen-erhalt\\\/#respond\"]}]},{\"@type\":\"WebPage\",\"@id\":\"https:\\\/\\\/www.sebastien-auziere.fr\\\/blog\\\/de\\\/retirement-das-ist-der-betrag-den-brigitte-macron-nach-ihrer-karriere-im-bildungswesen-erhalt\\\/\",\"url\":\"https:\\\/\\\/www.sebastien-auziere.fr\\\/blog\\\/de\\\/retirement-das-ist-der-betrag-den-brigitte-macron-nach-ihrer-karriere-im-bildungswesen-erhalt\\\/\",\"name\":\"etraite Brigitte Macron : quel montant apr\u00e8s sa carri\u00e8re d'enseignante ?\",\"isPartOf\":{\"@id\":\"https:\\\/\\\/www.sebastien-auziere.fr\\\/blog\\\/#website\"},\"primaryImageOfPage\":{\"@id\":\"https:\\\/\\\/www.sebastien-auziere.fr\\\/blog\\\/de\\\/retirement-das-ist-der-betrag-den-brigitte-macron-nach-ihrer-karriere-im-bildungswesen-erhalt\\\/#primaryimage\"},\"image\":{\"@id\":\"https:\\\/\\\/www.sebastien-auziere.fr\\\/blog\\\/de\\\/retirement-das-ist-der-betrag-den-brigitte-macron-nach-ihrer-karriere-im-bildungswesen-erhalt\\\/#primaryimage\"},\"thumbnailUrl\":\"https:\\\/\\\/www.sebastien-auziere.fr\\\/blog\\\/wp-content\\\/uploads\\\/2026\\\/03\\\/Capture-decran-2026-03-20-073257.jpg\",\"datePublished\":\"2026-03-20T06:43:21+00:00\",\"dateModified\":\"2026-03-20T06:44:26+00:00\",\"description\":\"Combien Brigitte Macron touche-t-elle \u00e0 la retraite apr\u00e8s plus de 30 ans d'enseignement ? R\u00e9gime, montant estim\u00e9, patrimoine immobilier et point sur l'absence de salaire de Premi\u00e8re dame.\",\"breadcrumb\":{\"@id\":\"https:\\\/\\\/www.sebastien-auziere.fr\\\/blog\\\/de\\\/retirement-das-ist-der-betrag-den-brigitte-macron-nach-ihrer-karriere-im-bildungswesen-erhalt\\\/#breadcrumb\"},\"inLanguage\":\"fr-FR\",\"potentialAction\":[{\"@type\":\"ReadAction\",\"target\":[\"https:\\\/\\\/www.sebastien-auziere.fr\\\/blog\\\/de\\\/retirement-das-ist-der-betrag-den-brigitte-macron-nach-ihrer-karriere-im-bildungswesen-erhalt\\\/\"]}]},{\"@type\":\"ImageObject\",\"inLanguage\":\"fr-FR\",\"@id\":\"https:\\\/\\\/www.sebastien-auziere.fr\\\/blog\\\/de\\\/retirement-das-ist-der-betrag-den-brigitte-macron-nach-ihrer-karriere-im-bildungswesen-erhalt\\\/#primaryimage\",\"url\":\"https:\\\/\\\/www.sebastien-auziere.fr\\\/blog\\\/wp-content\\\/uploads\\\/2026\\\/03\\\/Capture-decran-2026-03-20-073257.jpg\",\"contentUrl\":\"https:\\\/\\\/www.sebastien-auziere.fr\\\/blog\\\/wp-content\\\/uploads\\\/2026\\\/03\\\/Capture-decran-2026-03-20-073257.jpg\",\"width\":659,\"height\":428,\"caption\":\"retraite-brigitte-macron-montant\"},{\"@type\":\"BreadcrumbList\",\"@id\":\"https:\\\/\\\/www.sebastien-auziere.fr\\\/blog\\\/de\\\/retirement-das-ist-der-betrag-den-brigitte-macron-nach-ihrer-karriere-im-bildungswesen-erhalt\\\/#breadcrumb\",\"itemListElement\":[{\"@type\":\"ListItem\",\"position\":1,\"name\":\"Home\",\"item\":\"https:\\\/\\\/www.sebastien-auziere.fr\\\/blog\\\/\"},{\"@type\":\"ListItem\",\"position\":2,\"name\":\"Retirement: das ist der Betrag, den Brigitte Macron nach ihrer Karriere im Bildungswesen erh\u00e4lt\"}]},{\"@type\":\"WebSite\",\"@id\":\"https:\\\/\\\/www.sebastien-auziere.fr\\\/blog\\\/#website\",\"url\":\"https:\\\/\\\/www.sebastien-auziere.fr\\\/blog\\\/\",\"name\":\"Fan site S\u00e9bastien Auzi\u00e8re\",\"description\":\"M\u00e9dia g\u00e9n\u00e9raliste\",\"publisher\":{\"@id\":\"https:\\\/\\\/www.sebastien-auziere.fr\\\/blog\\\/#organization\"},\"potentialAction\":[{\"@type\":\"SearchAction\",\"target\":{\"@type\":\"EntryPoint\",\"urlTemplate\":\"https:\\\/\\\/www.sebastien-auziere.fr\\\/blog\\\/?s={search_term_string}\"},\"query-input\":{\"@type\":\"PropertyValueSpecification\",\"valueRequired\":true,\"valueName\":\"search_term_string\"}}],\"inLanguage\":\"fr-FR\"},{\"@type\":\"Organization\",\"@id\":\"https:\\\/\\\/www.sebastien-auziere.fr\\\/blog\\\/#organization\",\"name\":\"Fan site S\u00e9bastien Auzi\u00e8re\",\"url\":\"https:\\\/\\\/www.sebastien-auziere.fr\\\/blog\\\/\",\"logo\":{\"@type\":\"ImageObject\",\"inLanguage\":\"fr-FR\",\"@id\":\"https:\\\/\\\/www.sebastien-auziere.fr\\\/blog\\\/#\\\/schema\\\/logo\\\/image\\\/\",\"url\":\"https:\\\/\\\/www.sebastien-auziere.fr\\\/blog\\\/wp-content\\\/uploads\\\/2026\\\/03\\\/cropped-cropped-cropped-ChatGPT-Image-6-mars-2026-12_58_09-e1772798376794.jpg\",\"contentUrl\":\"https:\\\/\\\/www.sebastien-auziere.fr\\\/blog\\\/wp-content\\\/uploads\\\/2026\\\/03\\\/cropped-cropped-cropped-ChatGPT-Image-6-mars-2026-12_58_09-e1772798376794.jpg\",\"width\":512,\"height\":360,\"caption\":\"Fan site S\u00e9bastien Auzi\u00e8re\"},\"image\":{\"@id\":\"https:\\\/\\\/www.sebastien-auziere.fr\\\/blog\\\/#\\\/schema\\\/logo\\\/image\\\/\"}},{\"@type\":\"Person\",\"@id\":\"https:\\\/\\\/www.sebastien-auziere.fr\\\/blog\\\/#\\\/schema\\\/person\\\/1e270a963009242469ed08b1c461f81f\",\"name\":\"Celine\",\"image\":{\"@type\":\"ImageObject\",\"inLanguage\":\"fr-FR\",\"@id\":\"https:\\\/\\\/secure.gravatar.com\\\/avatar\\\/c88d569fbe1fe19a13c7f21ee0f8973822df96073df21850b95af6a09ba820c9?s=96&d=mm&r=g\",\"url\":\"https:\\\/\\\/secure.gravatar.com\\\/avatar\\\/c88d569fbe1fe19a13c7f21ee0f8973822df96073df21850b95af6a09ba820c9?s=96&d=mm&r=g\",\"contentUrl\":\"https:\\\/\\\/secure.gravatar.com\\\/avatar\\\/c88d569fbe1fe19a13c7f21ee0f8973822df96073df21850b95af6a09ba820c9?s=96&d=mm&r=g\",\"caption\":\"Celine\"},\"description\":\"Je m'appelle C\u00e9line, j'ai 31 ans et je suis journaliste sp\u00e9cialis\u00e9e dans le cin\u00e9ma. Passionn\u00e9e par le septi\u00e8me art, j'explore les actualit\u00e9s, les critiques et les tendances du monde cin\u00e9matographique. Mon objectif est de partager ma passion et d'informer les amateurs de films \u00e0 travers des articles percutants et des analyses approfondies.\",\"url\":\"https:\\\/\\\/www.sebastien-auziere.fr\\\/blog\\\/author\\\/celine\\\/\"}]}<\/script>\n<!-- \/ Yoast SEO plugin. -->","yoast_head_json":{"title":"etraite Brigitte Macron : quel montant apr\u00e8s sa carri\u00e8re d'enseignante ?","description":"Combien Brigitte Macron touche-t-elle \u00e0 la retraite apr\u00e8s plus de 30 ans d'enseignement ? R\u00e9gime, montant estim\u00e9, patrimoine immobilier et point sur l'absence de salaire de Premi\u00e8re dame.","robots":{"index":"index","follow":"follow","max-snippet":"max-snippet:-1","max-image-preview":"max-image-preview:large","max-video-preview":"max-video-preview:-1"},"canonical":"https:\/\/www.sebastien-auziere.fr\/blog\/de\/retirement-das-ist-der-betrag-den-brigitte-macron-nach-ihrer-karriere-im-bildungswesen-erhalt\/","og_locale":"fr_FR","og_type":"article","og_title":"etraite Brigitte Macron : quel montant apr\u00e8s sa carri\u00e8re d'enseignante ?","og_description":"Combien Brigitte Macron touche-t-elle \u00e0 la retraite apr\u00e8s plus de 30 ans d'enseignement ? R\u00e9gime, montant estim\u00e9, patrimoine immobilier et point sur l'absence de salaire de Premi\u00e8re dame.","og_url":"https:\/\/www.sebastien-auziere.fr\/blog\/de\/retirement-das-ist-der-betrag-den-brigitte-macron-nach-ihrer-karriere-im-bildungswesen-erhalt\/","og_site_name":"Fan site S\u00e9bastien Auzi\u00e8re","article_published_time":"2026-03-20T06:43:21+00:00","article_modified_time":"2026-03-20T06:44:26+00:00","og_image":[{"width":659,"height":428,"url":"https:\/\/www.sebastien-auziere.fr\/blog\/wp-content\/uploads\/2026\/03\/Capture-decran-2026-03-20-073257.jpg","type":"image\/jpeg"}],"author":"Celine","twitter_card":"summary_large_image","twitter_misc":{"\u00c9crit par":"Celine","Dur\u00e9e de lecture estim\u00e9e":"7 minutes"},"schema":{"@context":"https:\/\/schema.org","@graph":[{"@type":"Article","@id":"https:\/\/www.sebastien-auziere.fr\/blog\/de\/retirement-das-ist-der-betrag-den-brigitte-macron-nach-ihrer-karriere-im-bildungswesen-erhalt\/#article","isPartOf":{"@id":"https:\/\/www.sebastien-auziere.fr\/blog\/de\/retirement-das-ist-der-betrag-den-brigitte-macron-nach-ihrer-karriere-im-bildungswesen-erhalt\/"},"author":{"name":"Celine","@id":"https:\/\/www.sebastien-auziere.fr\/blog\/#\/schema\/person\/1e270a963009242469ed08b1c461f81f"},"headline":"Retirement: das ist der Betrag, den Brigitte Macron nach ihrer Karriere im Bildungswesen erh\u00e4lt","datePublished":"2026-03-20T06:43:21+00:00","dateModified":"2026-03-20T06:44:26+00:00","mainEntityOfPage":{"@id":"https:\/\/www.sebastien-auziere.fr\/blog\/de\/retirement-das-ist-der-betrag-den-brigitte-macron-nach-ihrer-karriere-im-bildungswesen-erhalt\/"},"wordCount":1381,"commentCount":0,"publisher":{"@id":"https:\/\/www.sebastien-auziere.fr\/blog\/#organization"},"image":{"@id":"https:\/\/www.sebastien-auziere.fr\/blog\/de\/retirement-das-ist-der-betrag-den-brigitte-macron-nach-ihrer-karriere-im-bildungswesen-erhalt\/#primaryimage"},"thumbnailUrl":"https:\/\/www.sebastien-auziere.fr\/blog\/wp-content\/uploads\/2026\/03\/Capture-decran-2026-03-20-073257.jpg","inLanguage":"fr-FR","potentialAction":[{"@type":"CommentAction","name":"Comment","target":["https:\/\/www.sebastien-auziere.fr\/blog\/de\/retirement-das-ist-der-betrag-den-brigitte-macron-nach-ihrer-karriere-im-bildungswesen-erhalt\/#respond"]}]},{"@type":"WebPage","@id":"https:\/\/www.sebastien-auziere.fr\/blog\/de\/retirement-das-ist-der-betrag-den-brigitte-macron-nach-ihrer-karriere-im-bildungswesen-erhalt\/","url":"https:\/\/www.sebastien-auziere.fr\/blog\/de\/retirement-das-ist-der-betrag-den-brigitte-macron-nach-ihrer-karriere-im-bildungswesen-erhalt\/","name":"etraite Brigitte Macron : quel montant apr\u00e8s sa carri\u00e8re d'enseignante ?","isPartOf":{"@id":"https:\/\/www.sebastien-auziere.fr\/blog\/#website"},"primaryImageOfPage":{"@id":"https:\/\/www.sebastien-auziere.fr\/blog\/de\/retirement-das-ist-der-betrag-den-brigitte-macron-nach-ihrer-karriere-im-bildungswesen-erhalt\/#primaryimage"},"image":{"@id":"https:\/\/www.sebastien-auziere.fr\/blog\/de\/retirement-das-ist-der-betrag-den-brigitte-macron-nach-ihrer-karriere-im-bildungswesen-erhalt\/#primaryimage"},"thumbnailUrl":"https:\/\/www.sebastien-auziere.fr\/blog\/wp-content\/uploads\/2026\/03\/Capture-decran-2026-03-20-073257.jpg","datePublished":"2026-03-20T06:43:21+00:00","dateModified":"2026-03-20T06:44:26+00:00","description":"Combien Brigitte Macron touche-t-elle \u00e0 la retraite apr\u00e8s plus de 30 ans d'enseignement ? R\u00e9gime, montant estim\u00e9, patrimoine immobilier et point sur l'absence de salaire de Premi\u00e8re dame.","breadcrumb":{"@id":"https:\/\/www.sebastien-auziere.fr\/blog\/de\/retirement-das-ist-der-betrag-den-brigitte-macron-nach-ihrer-karriere-im-bildungswesen-erhalt\/#breadcrumb"},"inLanguage":"fr-FR","potentialAction":[{"@type":"ReadAction","target":["https:\/\/www.sebastien-auziere.fr\/blog\/de\/retirement-das-ist-der-betrag-den-brigitte-macron-nach-ihrer-karriere-im-bildungswesen-erhalt\/"]}]},{"@type":"ImageObject","inLanguage":"fr-FR","@id":"https:\/\/www.sebastien-auziere.fr\/blog\/de\/retirement-das-ist-der-betrag-den-brigitte-macron-nach-ihrer-karriere-im-bildungswesen-erhalt\/#primaryimage","url":"https:\/\/www.sebastien-auziere.fr\/blog\/wp-content\/uploads\/2026\/03\/Capture-decran-2026-03-20-073257.jpg","contentUrl":"https:\/\/www.sebastien-auziere.fr\/blog\/wp-content\/uploads\/2026\/03\/Capture-decran-2026-03-20-073257.jpg","width":659,"height":428,"caption":"retraite-brigitte-macron-montant"},{"@type":"BreadcrumbList","@id":"https:\/\/www.sebastien-auziere.fr\/blog\/de\/retirement-das-ist-der-betrag-den-brigitte-macron-nach-ihrer-karriere-im-bildungswesen-erhalt\/#breadcrumb","itemListElement":[{"@type":"ListItem","position":1,"name":"Home","item":"https:\/\/www.sebastien-auziere.fr\/blog\/"},{"@type":"ListItem","position":2,"name":"Retirement: das ist der Betrag, den Brigitte Macron nach ihrer Karriere im Bildungswesen erh\u00e4lt"}]},{"@type":"WebSite","@id":"https:\/\/www.sebastien-auziere.fr\/blog\/#website","url":"https:\/\/www.sebastien-auziere.fr\/blog\/","name":"Fan site S\u00e9bastien Auzi\u00e8re","description":"M\u00e9dia g\u00e9n\u00e9raliste","publisher":{"@id":"https:\/\/www.sebastien-auziere.fr\/blog\/#organization"},"potentialAction":[{"@type":"SearchAction","target":{"@type":"EntryPoint","urlTemplate":"https:\/\/www.sebastien-auziere.fr\/blog\/?s={search_term_string}"},"query-input":{"@type":"PropertyValueSpecification","valueRequired":true,"valueName":"search_term_string"}}],"inLanguage":"fr-FR"},{"@type":"Organization","@id":"https:\/\/www.sebastien-auziere.fr\/blog\/#organization","name":"Fan site S\u00e9bastien Auzi\u00e8re","url":"https:\/\/www.sebastien-auziere.fr\/blog\/","logo":{"@type":"ImageObject","inLanguage":"fr-FR","@id":"https:\/\/www.sebastien-auziere.fr\/blog\/#\/schema\/logo\/image\/","url":"https:\/\/www.sebastien-auziere.fr\/blog\/wp-content\/uploads\/2026\/03\/cropped-cropped-cropped-ChatGPT-Image-6-mars-2026-12_58_09-e1772798376794.jpg","contentUrl":"https:\/\/www.sebastien-auziere.fr\/blog\/wp-content\/uploads\/2026\/03\/cropped-cropped-cropped-ChatGPT-Image-6-mars-2026-12_58_09-e1772798376794.jpg","width":512,"height":360,"caption":"Fan site S\u00e9bastien Auzi\u00e8re"},"image":{"@id":"https:\/\/www.sebastien-auziere.fr\/blog\/#\/schema\/logo\/image\/"}},{"@type":"Person","@id":"https:\/\/www.sebastien-auziere.fr\/blog\/#\/schema\/person\/1e270a963009242469ed08b1c461f81f","name":"Celine","image":{"@type":"ImageObject","inLanguage":"fr-FR","@id":"https:\/\/secure.gravatar.com\/avatar\/c88d569fbe1fe19a13c7f21ee0f8973822df96073df21850b95af6a09ba820c9?s=96&d=mm&r=g","url":"https:\/\/secure.gravatar.com\/avatar\/c88d569fbe1fe19a13c7f21ee0f8973822df96073df21850b95af6a09ba820c9?s=96&d=mm&r=g","contentUrl":"https:\/\/secure.gravatar.com\/avatar\/c88d569fbe1fe19a13c7f21ee0f8973822df96073df21850b95af6a09ba820c9?s=96&d=mm&r=g","caption":"Celine"},"description":"Je m'appelle C\u00e9line, j'ai 31 ans et je suis journaliste sp\u00e9cialis\u00e9e dans le cin\u00e9ma. Passionn\u00e9e par le septi\u00e8me art, j'explore les actualit\u00e9s, les critiques et les tendances du monde cin\u00e9matographique. Mon objectif est de partager ma passion et d'informer les amateurs de films \u00e0 travers des articles percutants et des analyses approfondies.","url":"https:\/\/www.sebastien-auziere.fr\/blog\/author\/celine\/"}]}},"views":4,"_links":{"self":[{"href":"https:\/\/www.sebastien-auziere.fr\/blog\/wp-json\/wp\/v2\/posts\/2570","targetHints":{"allow":["GET"]}}],"collection":[{"href":"https:\/\/www.sebastien-auziere.fr\/blog\/wp-json\/wp\/v2\/posts"}],"about":[{"href":"https:\/\/www.sebastien-auziere.fr\/blog\/wp-json\/wp\/v2\/types\/post"}],"author":[{"embeddable":true,"href":"https:\/\/www.sebastien-auziere.fr\/blog\/wp-json\/wp\/v2\/users\/4"}],"replies":[{"embeddable":true,"href":"https:\/\/www.sebastien-auziere.fr\/blog\/wp-json\/wp\/v2\/comments?post=2570"}],"version-history":[{"count":1,"href":"https:\/\/www.sebastien-auziere.fr\/blog\/wp-json\/wp\/v2\/posts\/2570\/revisions"}],"predecessor-version":[{"id":2571,"href":"https:\/\/www.sebastien-auziere.fr\/blog\/wp-json\/wp\/v2\/posts\/2570\/revisions\/2571"}],"wp:featuredmedia":[{"embeddable":true,"href":"https:\/\/www.sebastien-auziere.fr\/blog\/wp-json\/wp\/v2\/media\/2564"}],"wp:attachment":[{"href":"https:\/\/www.sebastien-auziere.fr\/blog\/wp-json\/wp\/v2\/media?parent=2570"}],"wp:term":[{"taxonomy":"category","embeddable":true,"href":"https:\/\/www.sebastien-auziere.fr\/blog\/wp-json\/wp\/v2\/categories?post=2570"},{"taxonomy":"post_tag","embeddable":true,"href":"https:\/\/www.sebastien-auziere.fr\/blog\/wp-json\/wp\/v2\/tags?post=2570"}],"curies":[{"name":"wp","href":"https:\/\/api.w.org\/{rel}","templated":true}]}}