{"id":2568,"date":"2026-03-20T06:41:55","date_gmt":"2026-03-20T06:41:55","guid":{"rendered":"https:\/\/www.sebastien-auziere.fr\/blog\/?p=2568"},"modified":"2026-03-20T06:43:15","modified_gmt":"2026-03-20T06:43:15","slug":"retiro-aqui-esta-la-cantidad-que-recibe-brigitte-macron-tras-su-carrera-en-la-ensenanza","status":"publish","type":"post","link":"https:\/\/www.sebastien-auziere.fr\/blog\/es\/retiro-aqui-esta-la-cantidad-que-recibe-brigitte-macron-tras-su-carrera-en-la-ensenanza\/","title":{"rendered":"Retiro: aqu\u00ed est\u00e1 la cantidad que recibe Brigitte Macron tras su carrera en la ense\u00f1anza"},"content":{"rendered":"<p>Fuente : Melty<\/em><\/p>\n<p>La antigua profesora de letras convertida en Primera dama, Brigitte Macron intriga tanto por su recorrido como por su vida actual. Una pregunta vuelve a surgir a menudo: \u00bfcu\u00e1nto recibe realmente de pensi\u00f3n? La respuesta es m\u00e1s compleja de lo que parece&#8230;<\/p>\n<ul>\n<li>Brigitte Macron ense\u00f1\u00f3 franc\u00e9s y lat\u00edn en el \u00e1mbito privado con contrato durante casi 30 a\u00f1os, de 1986 a 2015<\/li>\n<li>Depende del r\u00e9gimen general (CNAV) y de Agirc-Arrco, y no del r\u00e9gimen ventajoso de los funcionarios de la Educaci\u00f3n Nacional<\/li>\n<li>Los \u00fanicos datos conocidos datan de 2016: 17 200 euros percibidos de enero a agosto, lo que equivale a aproximadamente 2 150 euros brutos al mes<\/li>\n<li>Ning\u00fan salario en calidad de Primera dama: la Carta de transparencia de 2017 lo proh\u00edbe expl\u00edcitamente<\/li>\n<li>Su patrimonio inmobiliario, vendido por 3,6 millones de euros en 2025, representa su principal fuente de riqueza personal<\/li>\n<\/ul>\n<p><strong>Sumario :<\/strong> <a href=\"#carriere\">Su carrera como docente<\/a> \u00b7 <a href=\"#premiere-dame\">Primera dama sin salario<\/a> \u00b7 <a href=\"#retraite\">Su r\u00e9gimen y monto estimado<\/a> \u00b7 <a href=\"#immobilier\">Ingresos inmobiliarios<\/a> \u00b7 <a href=\"#conclusion\">Lo que hay que retener<\/a> \u00b7 <a href=\"#faq\">FAQ<\/a><\/p>\n<h2 id=\"carriere\">Antes del El\u00edseo: la carrera de docente apasionada de Brigitte Macron<\/h2>\n<p>Mucho antes de convertirse en la esposa de Emmanuel Macron, Brigitte Macron llev\u00f3 una carrera s\u00f3lida en la ense\u00f1anza. Durante varias d\u00e9cadas, transmiti\u00f3 su amor por la literatura a sus alumnos, primero en Estrasburgo, luego en Amiens, antes de llegar a Par\u00eds.<\/p>\n<p>En plena \u00e9poca electoral, este 15 de marzo de 2026, como relat\u00f3 Gala, Brigitte Macron apareci\u00f3 en el Touquet con una apariencia perfectamente controlada, entre abrigo burdeos y accesorios cuidadosamente elegidos. Una imagen de Primera dama fiel a la que ha proyectado durante a\u00f1os. Pero detr\u00e1s de esta figura p\u00fablica muy expuesta, hay otro aspecto que sigue siendo ampliamente desconocido: el de su antigua vida como profesora.<\/p>\n<p>Nacida el 13 de abril de 1953 en Amiens, Brigitte Trogneux obtuvo en 1986 el CAPES de letras cl\u00e1sicas, el concurso que le abre las puertas de la ense\u00f1anza del franc\u00e9s y del lat\u00edn en la educaci\u00f3n privada con contrato. Comienza en el colegio Lucie-Berger de Estrasburgo, luego se une al liceo La Providence en Amiens en 1991, antes de terminar su carrera en el muy reputado liceo Saint-Louis-de-Gonzague en Par\u00eds, donde ense\u00f1a hasta 2015. Como se\u00f1ala L&rsquo;Essentiel de l&rsquo;\u00c9co, fue a los 62 a\u00f1os cuando decidi\u00f3 poner fin a su actividad, una salida que corresponde a la edad legal de apertura de derechos a la jubilaci\u00f3n para su generaci\u00f3n (61 a\u00f1os y 2 meses). Aquellos que la conocieron como profesora describen a una mujer comprometida, apasionada, cercana a sus alumnos. Una vocaci\u00f3n bien arraigada, lejos de los c\u00f3digos de la vida pol\u00edtica que se unir\u00e1 m\u00e1s tarde.<\/p>\n<h2 id=\"premiere-dame\">Una Primera dama activa&#8230; pero sin salario<\/h2>\n<p>Desde 2017, Brigitte Macron se ha convertido en una figura imprescindible de la vida p\u00fablica francesa. Sin embargo, a diferencia de algunas ideas preconcebidas, la esposa de Emmanuel Macron no recibe ninguna remuneraci\u00f3n por su papel. Como precisa L&rsquo;Essentiel de l&rsquo;\u00c9co, sus actividades est\u00e1n enmarcadas por una carta de transparencia, pero esto solo se refiere a los medios puestos a su disposici\u00f3n: colaboradores, presupuesto de funcionamiento, gesti\u00f3n del correo.<\/p>\n<p>Nada que se asemeje a un salario. Al mismo tiempo, la Primera dama contin\u00faa involucr\u00e1ndose en varias causas, notamment a trav\u00e9s de la Fundaci\u00f3n de Hospitales, de la que es presidenta desde 2019, sucediendo a Bernadette Chirac. Tambi\u00e9n preside el Instituto de Vocaciones para el Empleo (Live), un programa de formaci\u00f3n destinado a j\u00f3venes adultos sin empleo, lanzado en 2018.<\/p>\n<p>Es de hecho Melty quien, al relatar los datos disponibles sobre su situaci\u00f3n financiera, recuerda que en ausencia de un estatus legal para la Primera dama, la confusi\u00f3n en torno a sus recursos personales sigue alimentando rumores y aproximaciones en las redes sociales.<\/p>\n<h2 id=\"retraite\">Su jubilaci\u00f3n de docente: \u00bfqu\u00e9 r\u00e9gimen, qu\u00e9 monto estimado?<\/h2>\n<p>Aqu\u00ed es donde las cosas se vuelven t\u00e9cnicas. Brigitte Macron ejerci\u00f3 en la educaci\u00f3n privada con contrato, lo que la sit\u00faa en un r\u00e9gimen diferente al de los funcionarios de la Educaci\u00f3n Nacional. Ella depende del r\u00e9gimen general para su pensi\u00f3n base (la CNAV) y del r\u00e9gimen complementario Agirc-Arrco, y no del r\u00e9gimen de los funcionarios. Una matiz importante ya que este r\u00e9gimen es menos favorable que el de los docentes titulares de la Educaci\u00f3n Nacional, que se benefician del r\u00e9gimen de la funci\u00f3n p\u00fablica estatal.<\/p>\n<p>El monto exacto de su pensi\u00f3n sigue siendo confidencial. La ley francesa no impone ninguna obligaci\u00f3n de publicaci\u00f3n de los ingresos personales del c\u00f3nyuge del jefe de Estado. Seg\u00fan Planet.fr, los \u00fanicos datos disponibles p\u00fablicamente datan de 2016: Brigitte Macron hab\u00eda percibido en ese entonces 17 200 euros de pensi\u00f3n durante el per\u00edodo de enero a agosto de 2016, lo que equivale a aproximadamente 2 150 euros al mes brutos. Otras estimaciones, mencionadas espec\u00edficamente por Le Tribune du Net, hablan de una pensi\u00f3n de alrededor de 3 000 euros mensuales, pero sin confirmaci\u00f3n oficial.<\/p>\n<p style=\"background:#fff8e1;border-left:4px solid #f9a825;padding:12px 16px;margin:16px 0\"><strong>Para comparaci\u00f3n :<\/strong> seg\u00fan los datos del balance social de la Educaci\u00f3n Nacional, la pensi\u00f3n mensual bruta promedio de los docentes de secundaria titulares que se jubilaron en 2017 era de aproximadamente 2 600 euros. Dado que Brigitte Macron pertenece al privado bajo contrato, con un r\u00e9gimen menos ventajoso, su pensi\u00f3n se situar\u00eda l\u00f3gicamente en un rango comparable o ligeramente inferior.<\/p>\n<h2 id=\"immobilier\">Ingresos inmobiliarios mucho m\u00e1s significativos<\/h2>\n<p>Si la pensi\u00f3n de jubilaci\u00f3n de Brigitte Macron sigue siendo relativamente modesta en relaci\u00f3n a su notoriedad, su patrimonio personal, en cambio, es mucho m\u00e1s considerable. Heredera de la chocolater\u00eda familiar Trogneux, sobre todo hered\u00f3 de su padre la villa \u00ab\u00a0Mon\u00e9jan\u00a0\u00bb en el Touquet-Paris-Plage, un bien que le reportaba hasta 48 000 euros al a\u00f1o en ingresos inmobiliarios gracias al alquiler de dos locales comerciales en la planta baja.<\/p>\n<p>En abril de 2025, esta villa fue vendida por 3,6 millones de euros a la sociedad Oxial, lo que supone una plusval\u00eda considerable respecto al valor declarado de 1,2 millones de euros en 2016. La pareja adquiri\u00f3 simult\u00e1neamente una nueva residencia en el Touquet, en el bulevar del Doctor-Jules-Pouget, a trav\u00e9s de una SCI, por un monto declarado de 1,85 millones de euros.<\/p>\n<h2 id=\"conclusion\">Una situaci\u00f3n financiera claramente por encima de la media, pero sin misterio<\/h2>\n<p>Al final, la situaci\u00f3n financiera de Brigitte Macron es la de una jubilada de la educaci\u00f3n privada, con una pensi\u00f3n comparable a la de sus colegas, complementada por un patrimonio inmobiliario familiar significativo. Nada extraordinario en vista de los rumores que circulan regularmente en las redes sociales sobre un hipot\u00e9tico \u00ab\u00a0salario de Primera dama\u00a0\u00bb.<\/p>\n<p>Como recuerda Planet.fr en su verificaci\u00f3n de hechos, la afirmaci\u00f3n de que ella percibir\u00eda 33 333 euros al mes en virtud de sus funciones en el El\u00edseo es una informaci\u00f3n totalmente desmentida por la Carta de transparencia de 2017. Lo que se puede retener: Brigitte Macron vive c\u00f3modamente, gracias a una pensi\u00f3n cl\u00e1sica y un patrimonio personal s\u00f3lido, pero ciertamente no gracias a ning\u00fan tratamiento p\u00fablico relacionado con su rol de Primera dama.<\/p>\n<h2 id=\"faq\">FAQ \u2014 La jubilaci\u00f3n de Brigitte Macron<\/h2>\n<dl>\n<dt><strong>\u00bfQu\u00e9 r\u00e9gimen de jubilaci\u00f3n cubre a Brigitte Macron?<\/strong><\/dt>\n<dd>Ella depende del r\u00e9gimen general (CNAV) para su pensi\u00f3n base y de Agirc-Arrco para la complementaria, ya que ense\u00f1\u00f3 en el \u00e1mbito privado con contrato y no en la funci\u00f3n p\u00fablica estatal.<\/dd>\n<dt><strong>\u00bfCu\u00e1l es el monto estimado de su pensi\u00f3n?<\/strong><\/dt>\n<dd>Los \u00fanicos datos disponibles datan de 2016: 17 200 euros percibidos entre enero y agosto de 2016, es decir, aproximadamente 2 150 euros brutos al mes. Algunas estimaciones hablan de 3 000 euros mensuales, sin confirmaci\u00f3n oficial.<\/dd>\n<dt><strong>\u00bfBrigitte Macron recibe un salario de Primera dama?<\/strong><\/dt>\n<dd>No. La Carta de transparencia de 2017 lo proh\u00edbe expl\u00edcitamente. No recibe ninguna remuneraci\u00f3n, ni gastos de representaci\u00f3n ni presupuesto propio como esposa del presidente.<\/dd>\n<dt><strong>\u00bfCu\u00e1ndo se jubil\u00f3 Brigitte Macron?<\/strong><\/dt>\n<dd>En junio de 2015, a los 62 a\u00f1os, tras una carrera de docente de letras cl\u00e1sicas iniciada en 1986. Su salida corresponde a la edad legal de apertura de derechos a la jubilaci\u00f3n para su generaci\u00f3n.<\/dd>\n<\/dl>\n<p>{<br \/>\n  \u00ab\u00a0@context\u00a0\u00bb: \u00ab\u00a0https:\/\/schema.org\u00a0\u00bb,<br \/>\n  \u00ab\u00a0@type\u00a0\u00bb: \u00ab\u00a0Article\u00a0\u00bb,<br \/>\n  \u00ab\u00a0headline\u00a0\u00bb: \u00ab\u00a0Jubilaci\u00f3n: aqu\u00ed est\u00e1 el monto que recibe Brigitte Macron tras su carrera en la ense\u00f1anza\u00a0\u00bb,<br \/>\n  \u00ab\u00a0description\u00a0\u00bb: \u00ab\u00a0\u00bfCu\u00e1nto recibe Brigitte Macron al jubilarse tras su carrera como docente? R\u00e9gimen aplicable, monto estimado, patrimonio inmobiliario y recordatorio sobre la ausencia de salario de Primera dama.\u00a0\u00bb,<br \/>\n  \u00ab\u00a0inLanguage\u00a0\u00bb: \u00ab\u00a0es\u00a0\u00bb,<br \/>\n  \u00ab\u00a0datePublished\u00a0\u00bb: \u00ab\u00a02026-03-19\u00a0\u00bb,<br \/>\n  \u00ab\u00a0dateModified\u00a0\u00bb: \u00ab\u00a02026-03-19\u00a0\u00bb<br \/>\n}<\/p>\n<p>{<br \/>\n  \u00ab\u00a0@context\u00a0\u00bb: \u00ab\u00a0https:\/\/schema.org\u00a0\u00bb,<br \/>\n  \u00ab\u00a0@type\u00a0\u00bb: \u00ab\u00a0FAQPage\u00a0\u00bb,<br \/>\n  \u00ab\u00a0mainEntity\u00a0\u00bb: [<br \/>\n    {<br \/>\n      \u00ab\u00a0@type\u00a0\u00bb: \u00ab\u00a0Question\u00a0\u00bb,<br \/>\n      \u00ab\u00a0name\u00a0\u00bb: \u00ab\u00a0\u00bfQu\u00e9 r\u00e9gimen de jubilaci\u00f3n cubre a Brigitte Macron?\u00a0\u00bb,<br \/>\n      \u00ab\u00a0acceptedAnswer\u00a0\u00bb: { \u00ab\u00a0@type\u00a0\u00bb: \u00ab\u00a0Answer\u00a0\u00bb, \u00ab\u00a0text\u00a0\u00bb: \u00ab\u00a0R\u00e9gimen general (CNAV) para la base y Agirc-Arrco para la complementaria, ya que ense\u00f1\u00f3 en el privado bajo contrato.\u00a0\u00bb }<br \/>\n    },<br \/>\n    {<br \/>\n      \u00ab\u00a0@type\u00a0\u00bb: \u00ab\u00a0Question\u00a0\u00bb,<br \/>\n      \u00ab\u00a0name\u00a0\u00bb: \u00ab\u00a0\u00bfCu\u00e1l es el monto estimado de su pensi\u00f3n?\u00a0\u00bb,<br \/>\n      \u00ab\u00a0acceptedAnswer\u00a0\u00bb: { \u00ab\u00a0@type\u00a0\u00bb: \u00ab\u00a0Answer\u00a0\u00bb, \u00ab\u00a0text\u00a0\u00bb: \u00ab\u00a0Aproximadamente 2 150 euros brutos al mes en 2016 seg\u00fan los \u00fanicos datos disponibles. Algunas estimaciones hablan de 3 000 euros, sin confirmaci\u00f3n oficial.\u00a0\u00bb }<br \/>\n    },<br \/>\n    {<br \/>\n      \u00ab\u00a0@type\u00a0\u00bb: \u00ab\u00a0Question\u00a0\u00bb,<br \/>\n      \u00ab\u00a0name\u00a0\u00bb: \u00ab\u00a0\u00bfBrigitte Macron recibe un salario de Primera dama?\u00a0\u00bb,<br \/>\n      \u00ab\u00a0acceptedAnswer\u00a0\u00bb: { \u00ab\u00a0@type\u00a0\u00bb: \u00ab\u00a0Answer\u00a0\u00bb, \u00ab\u00a0text\u00a0\u00bb: \u00ab\u00a0No. La Carta de transparencia de 2017 lo proh\u00edbe expl\u00edcitamente.\u00a0\u00bb }<br \/>\n    }<br \/>\n  ]<br \/>\n}<\/p>\n","protected":false},"excerpt":{"rendered":"<p>Fuente : Melty La antigua profesora de letras convertida en Primera dama, Brigitte Macron intriga tanto por su recorrido como por su vida actual. Una pregunta vuelve a surgir a menudo: \u00bfcu\u00e1nto recibe realmente de pensi\u00f3n? La respuesta es m\u00e1s compleja de lo que parece&#8230; Brigitte Macron ense\u00f1\u00f3 franc\u00e9s y lat\u00edn en el \u00e1mbito privado &#8230; <a title=\"Retiro: aqu\u00ed est\u00e1 la cantidad que recibe Brigitte Macron tras su carrera en la ense\u00f1anza\" class=\"read-more\" href=\"https:\/\/www.sebastien-auziere.fr\/blog\/es\/retiro-aqui-esta-la-cantidad-que-recibe-brigitte-macron-tras-su-carrera-en-la-ensenanza\/\" aria-label=\"En savoir plus sur Retiro: aqu\u00ed est\u00e1 la cantidad que recibe Brigitte Macron tras su carrera en la ense\u00f1anza\">Lire plus<\/a><\/p>\n","protected":false},"author":4,"featured_media":2564,"comment_status":"open","ping_status":"open","sticky":false,"template":"","format":"standard","meta":{"footnotes":""},"categories":[602],"tags":[],"class_list":["post-2568","post","type-post","status-publish","format-standard","has-post-thumbnail","hentry","category-tendencia"],"yoast_head":"<!-- This site is optimized with the Yoast SEO plugin v27.5 - https:\/\/yoast.com\/product\/yoast-seo-wordpress\/ -->\n<title>etraite Brigitte Macron : quel montant apr\u00e8s sa carri\u00e8re d&#039;enseignante ?<\/title>\n<meta name=\"description\" content=\"Combien Brigitte Macron touche-t-elle \u00e0 la retraite apr\u00e8s plus de 30 ans d&#039;enseignement ? R\u00e9gime, montant estim\u00e9, patrimoine immobilier et point sur l&#039;absence de salaire de Premi\u00e8re dame.\" \/>\n<meta name=\"robots\" content=\"index, follow, max-snippet:-1, max-image-preview:large, max-video-preview:-1\" \/>\n<link rel=\"canonical\" href=\"https:\/\/www.sebastien-auziere.fr\/blog\/es\/retiro-aqui-esta-la-cantidad-que-recibe-brigitte-macron-tras-su-carrera-en-la-ensenanza\/\" \/>\n<meta property=\"og:locale\" content=\"fr_FR\" \/>\n<meta property=\"og:type\" content=\"article\" \/>\n<meta property=\"og:title\" content=\"etraite Brigitte Macron : quel montant apr\u00e8s sa carri\u00e8re d&#039;enseignante ?\" \/>\n<meta property=\"og:description\" content=\"Combien Brigitte Macron touche-t-elle \u00e0 la retraite apr\u00e8s plus de 30 ans d&#039;enseignement ? R\u00e9gime, montant estim\u00e9, patrimoine immobilier et point sur l&#039;absence de salaire de Premi\u00e8re dame.\" \/>\n<meta property=\"og:url\" content=\"https:\/\/www.sebastien-auziere.fr\/blog\/es\/retiro-aqui-esta-la-cantidad-que-recibe-brigitte-macron-tras-su-carrera-en-la-ensenanza\/\" \/>\n<meta property=\"og:site_name\" content=\"Fan site S\u00e9bastien Auzi\u00e8re\" \/>\n<meta property=\"article:published_time\" content=\"2026-03-20T06:41:55+00:00\" \/>\n<meta property=\"article:modified_time\" content=\"2026-03-20T06:43:15+00:00\" \/>\n<meta property=\"og:image\" content=\"https:\/\/www.sebastien-auziere.fr\/blog\/wp-content\/uploads\/2026\/03\/Capture-decran-2026-03-20-073257.jpg\" \/>\n\t<meta property=\"og:image:width\" content=\"659\" \/>\n\t<meta property=\"og:image:height\" content=\"428\" \/>\n\t<meta property=\"og:image:type\" content=\"image\/jpeg\" \/>\n<meta name=\"author\" content=\"Celine\" \/>\n<meta name=\"twitter:card\" content=\"summary_large_image\" \/>\n<meta name=\"twitter:label1\" content=\"\u00c9crit par\" \/>\n\t<meta name=\"twitter:data1\" content=\"Celine\" \/>\n\t<meta name=\"twitter:label2\" content=\"Dur\u00e9e de lecture estim\u00e9e\" \/>\n\t<meta name=\"twitter:data2\" content=\"8 minutes\" \/>\n<script type=\"application\/ld+json\" class=\"yoast-schema-graph\">{\"@context\":\"https:\\\/\\\/schema.org\",\"@graph\":[{\"@type\":\"Article\",\"@id\":\"https:\\\/\\\/www.sebastien-auziere.fr\\\/blog\\\/es\\\/retiro-aqui-esta-la-cantidad-que-recibe-brigitte-macron-tras-su-carrera-en-la-ensenanza\\\/#article\",\"isPartOf\":{\"@id\":\"https:\\\/\\\/www.sebastien-auziere.fr\\\/blog\\\/es\\\/retiro-aqui-esta-la-cantidad-que-recibe-brigitte-macron-tras-su-carrera-en-la-ensenanza\\\/\"},\"author\":{\"name\":\"Celine\",\"@id\":\"https:\\\/\\\/www.sebastien-auziere.fr\\\/blog\\\/#\\\/schema\\\/person\\\/1e270a963009242469ed08b1c461f81f\"},\"headline\":\"Retiro: aqu\u00ed est\u00e1 la cantidad que recibe Brigitte Macron tras su carrera en la ense\u00f1anza\",\"datePublished\":\"2026-03-20T06:41:55+00:00\",\"dateModified\":\"2026-03-20T06:43:15+00:00\",\"mainEntityOfPage\":{\"@id\":\"https:\\\/\\\/www.sebastien-auziere.fr\\\/blog\\\/es\\\/retiro-aqui-esta-la-cantidad-que-recibe-brigitte-macron-tras-su-carrera-en-la-ensenanza\\\/\"},\"wordCount\":1569,\"commentCount\":0,\"publisher\":{\"@id\":\"https:\\\/\\\/www.sebastien-auziere.fr\\\/blog\\\/#organization\"},\"image\":{\"@id\":\"https:\\\/\\\/www.sebastien-auziere.fr\\\/blog\\\/es\\\/retiro-aqui-esta-la-cantidad-que-recibe-brigitte-macron-tras-su-carrera-en-la-ensenanza\\\/#primaryimage\"},\"thumbnailUrl\":\"https:\\\/\\\/www.sebastien-auziere.fr\\\/blog\\\/wp-content\\\/uploads\\\/2026\\\/03\\\/Capture-decran-2026-03-20-073257.jpg\",\"articleSection\":[\"Tendencia\"],\"inLanguage\":\"fr-FR\",\"potentialAction\":[{\"@type\":\"CommentAction\",\"name\":\"Comment\",\"target\":[\"https:\\\/\\\/www.sebastien-auziere.fr\\\/blog\\\/es\\\/retiro-aqui-esta-la-cantidad-que-recibe-brigitte-macron-tras-su-carrera-en-la-ensenanza\\\/#respond\"]}]},{\"@type\":\"WebPage\",\"@id\":\"https:\\\/\\\/www.sebastien-auziere.fr\\\/blog\\\/es\\\/retiro-aqui-esta-la-cantidad-que-recibe-brigitte-macron-tras-su-carrera-en-la-ensenanza\\\/\",\"url\":\"https:\\\/\\\/www.sebastien-auziere.fr\\\/blog\\\/es\\\/retiro-aqui-esta-la-cantidad-que-recibe-brigitte-macron-tras-su-carrera-en-la-ensenanza\\\/\",\"name\":\"etraite Brigitte Macron : quel montant apr\u00e8s sa carri\u00e8re d'enseignante ?\",\"isPartOf\":{\"@id\":\"https:\\\/\\\/www.sebastien-auziere.fr\\\/blog\\\/#website\"},\"primaryImageOfPage\":{\"@id\":\"https:\\\/\\\/www.sebastien-auziere.fr\\\/blog\\\/es\\\/retiro-aqui-esta-la-cantidad-que-recibe-brigitte-macron-tras-su-carrera-en-la-ensenanza\\\/#primaryimage\"},\"image\":{\"@id\":\"https:\\\/\\\/www.sebastien-auziere.fr\\\/blog\\\/es\\\/retiro-aqui-esta-la-cantidad-que-recibe-brigitte-macron-tras-su-carrera-en-la-ensenanza\\\/#primaryimage\"},\"thumbnailUrl\":\"https:\\\/\\\/www.sebastien-auziere.fr\\\/blog\\\/wp-content\\\/uploads\\\/2026\\\/03\\\/Capture-decran-2026-03-20-073257.jpg\",\"datePublished\":\"2026-03-20T06:41:55+00:00\",\"dateModified\":\"2026-03-20T06:43:15+00:00\",\"description\":\"Combien Brigitte Macron touche-t-elle \u00e0 la retraite apr\u00e8s plus de 30 ans d'enseignement ? R\u00e9gime, montant estim\u00e9, patrimoine immobilier et point sur l'absence de salaire de Premi\u00e8re dame.\",\"breadcrumb\":{\"@id\":\"https:\\\/\\\/www.sebastien-auziere.fr\\\/blog\\\/es\\\/retiro-aqui-esta-la-cantidad-que-recibe-brigitte-macron-tras-su-carrera-en-la-ensenanza\\\/#breadcrumb\"},\"inLanguage\":\"fr-FR\",\"potentialAction\":[{\"@type\":\"ReadAction\",\"target\":[\"https:\\\/\\\/www.sebastien-auziere.fr\\\/blog\\\/es\\\/retiro-aqui-esta-la-cantidad-que-recibe-brigitte-macron-tras-su-carrera-en-la-ensenanza\\\/\"]}]},{\"@type\":\"ImageObject\",\"inLanguage\":\"fr-FR\",\"@id\":\"https:\\\/\\\/www.sebastien-auziere.fr\\\/blog\\\/es\\\/retiro-aqui-esta-la-cantidad-que-recibe-brigitte-macron-tras-su-carrera-en-la-ensenanza\\\/#primaryimage\",\"url\":\"https:\\\/\\\/www.sebastien-auziere.fr\\\/blog\\\/wp-content\\\/uploads\\\/2026\\\/03\\\/Capture-decran-2026-03-20-073257.jpg\",\"contentUrl\":\"https:\\\/\\\/www.sebastien-auziere.fr\\\/blog\\\/wp-content\\\/uploads\\\/2026\\\/03\\\/Capture-decran-2026-03-20-073257.jpg\",\"width\":659,\"height\":428,\"caption\":\"retraite-brigitte-macron-montant\"},{\"@type\":\"BreadcrumbList\",\"@id\":\"https:\\\/\\\/www.sebastien-auziere.fr\\\/blog\\\/es\\\/retiro-aqui-esta-la-cantidad-que-recibe-brigitte-macron-tras-su-carrera-en-la-ensenanza\\\/#breadcrumb\",\"itemListElement\":[{\"@type\":\"ListItem\",\"position\":1,\"name\":\"Home\",\"item\":\"https:\\\/\\\/www.sebastien-auziere.fr\\\/blog\\\/\"},{\"@type\":\"ListItem\",\"position\":2,\"name\":\"Retiro: aqu\u00ed est\u00e1 la cantidad que recibe Brigitte Macron tras su carrera en la ense\u00f1anza\"}]},{\"@type\":\"WebSite\",\"@id\":\"https:\\\/\\\/www.sebastien-auziere.fr\\\/blog\\\/#website\",\"url\":\"https:\\\/\\\/www.sebastien-auziere.fr\\\/blog\\\/\",\"name\":\"Fan site S\u00e9bastien Auzi\u00e8re\",\"description\":\"M\u00e9dia g\u00e9n\u00e9raliste\",\"publisher\":{\"@id\":\"https:\\\/\\\/www.sebastien-auziere.fr\\\/blog\\\/#organization\"},\"potentialAction\":[{\"@type\":\"SearchAction\",\"target\":{\"@type\":\"EntryPoint\",\"urlTemplate\":\"https:\\\/\\\/www.sebastien-auziere.fr\\\/blog\\\/?s={search_term_string}\"},\"query-input\":{\"@type\":\"PropertyValueSpecification\",\"valueRequired\":true,\"valueName\":\"search_term_string\"}}],\"inLanguage\":\"fr-FR\"},{\"@type\":\"Organization\",\"@id\":\"https:\\\/\\\/www.sebastien-auziere.fr\\\/blog\\\/#organization\",\"name\":\"Fan site S\u00e9bastien Auzi\u00e8re\",\"url\":\"https:\\\/\\\/www.sebastien-auziere.fr\\\/blog\\\/\",\"logo\":{\"@type\":\"ImageObject\",\"inLanguage\":\"fr-FR\",\"@id\":\"https:\\\/\\\/www.sebastien-auziere.fr\\\/blog\\\/#\\\/schema\\\/logo\\\/image\\\/\",\"url\":\"https:\\\/\\\/www.sebastien-auziere.fr\\\/blog\\\/wp-content\\\/uploads\\\/2026\\\/03\\\/cropped-cropped-cropped-ChatGPT-Image-6-mars-2026-12_58_09-e1772798376794.jpg\",\"contentUrl\":\"https:\\\/\\\/www.sebastien-auziere.fr\\\/blog\\\/wp-content\\\/uploads\\\/2026\\\/03\\\/cropped-cropped-cropped-ChatGPT-Image-6-mars-2026-12_58_09-e1772798376794.jpg\",\"width\":512,\"height\":360,\"caption\":\"Fan site S\u00e9bastien Auzi\u00e8re\"},\"image\":{\"@id\":\"https:\\\/\\\/www.sebastien-auziere.fr\\\/blog\\\/#\\\/schema\\\/logo\\\/image\\\/\"}},{\"@type\":\"Person\",\"@id\":\"https:\\\/\\\/www.sebastien-auziere.fr\\\/blog\\\/#\\\/schema\\\/person\\\/1e270a963009242469ed08b1c461f81f\",\"name\":\"Celine\",\"image\":{\"@type\":\"ImageObject\",\"inLanguage\":\"fr-FR\",\"@id\":\"https:\\\/\\\/secure.gravatar.com\\\/avatar\\\/c88d569fbe1fe19a13c7f21ee0f8973822df96073df21850b95af6a09ba820c9?s=96&d=mm&r=g\",\"url\":\"https:\\\/\\\/secure.gravatar.com\\\/avatar\\\/c88d569fbe1fe19a13c7f21ee0f8973822df96073df21850b95af6a09ba820c9?s=96&d=mm&r=g\",\"contentUrl\":\"https:\\\/\\\/secure.gravatar.com\\\/avatar\\\/c88d569fbe1fe19a13c7f21ee0f8973822df96073df21850b95af6a09ba820c9?s=96&d=mm&r=g\",\"caption\":\"Celine\"},\"description\":\"Je m'appelle C\u00e9line, j'ai 31 ans et je suis journaliste sp\u00e9cialis\u00e9e dans le cin\u00e9ma. Passionn\u00e9e par le septi\u00e8me art, j'explore les actualit\u00e9s, les critiques et les tendances du monde cin\u00e9matographique. Mon objectif est de partager ma passion et d'informer les amateurs de films \u00e0 travers des articles percutants et des analyses approfondies.\",\"url\":\"https:\\\/\\\/www.sebastien-auziere.fr\\\/blog\\\/author\\\/celine\\\/\"}]}<\/script>\n<!-- \/ Yoast SEO plugin. -->","yoast_head_json":{"title":"etraite Brigitte Macron : quel montant apr\u00e8s sa carri\u00e8re d'enseignante ?","description":"Combien Brigitte Macron touche-t-elle \u00e0 la retraite apr\u00e8s plus de 30 ans d'enseignement ? R\u00e9gime, montant estim\u00e9, patrimoine immobilier et point sur l'absence de salaire de Premi\u00e8re dame.","robots":{"index":"index","follow":"follow","max-snippet":"max-snippet:-1","max-image-preview":"max-image-preview:large","max-video-preview":"max-video-preview:-1"},"canonical":"https:\/\/www.sebastien-auziere.fr\/blog\/es\/retiro-aqui-esta-la-cantidad-que-recibe-brigitte-macron-tras-su-carrera-en-la-ensenanza\/","og_locale":"fr_FR","og_type":"article","og_title":"etraite Brigitte Macron : quel montant apr\u00e8s sa carri\u00e8re d'enseignante ?","og_description":"Combien Brigitte Macron touche-t-elle \u00e0 la retraite apr\u00e8s plus de 30 ans d'enseignement ? R\u00e9gime, montant estim\u00e9, patrimoine immobilier et point sur l'absence de salaire de Premi\u00e8re dame.","og_url":"https:\/\/www.sebastien-auziere.fr\/blog\/es\/retiro-aqui-esta-la-cantidad-que-recibe-brigitte-macron-tras-su-carrera-en-la-ensenanza\/","og_site_name":"Fan site S\u00e9bastien Auzi\u00e8re","article_published_time":"2026-03-20T06:41:55+00:00","article_modified_time":"2026-03-20T06:43:15+00:00","og_image":[{"width":659,"height":428,"url":"https:\/\/www.sebastien-auziere.fr\/blog\/wp-content\/uploads\/2026\/03\/Capture-decran-2026-03-20-073257.jpg","type":"image\/jpeg"}],"author":"Celine","twitter_card":"summary_large_image","twitter_misc":{"\u00c9crit par":"Celine","Dur\u00e9e de lecture estim\u00e9e":"8 minutes"},"schema":{"@context":"https:\/\/schema.org","@graph":[{"@type":"Article","@id":"https:\/\/www.sebastien-auziere.fr\/blog\/es\/retiro-aqui-esta-la-cantidad-que-recibe-brigitte-macron-tras-su-carrera-en-la-ensenanza\/#article","isPartOf":{"@id":"https:\/\/www.sebastien-auziere.fr\/blog\/es\/retiro-aqui-esta-la-cantidad-que-recibe-brigitte-macron-tras-su-carrera-en-la-ensenanza\/"},"author":{"name":"Celine","@id":"https:\/\/www.sebastien-auziere.fr\/blog\/#\/schema\/person\/1e270a963009242469ed08b1c461f81f"},"headline":"Retiro: aqu\u00ed est\u00e1 la cantidad que recibe Brigitte Macron tras su carrera en la ense\u00f1anza","datePublished":"2026-03-20T06:41:55+00:00","dateModified":"2026-03-20T06:43:15+00:00","mainEntityOfPage":{"@id":"https:\/\/www.sebastien-auziere.fr\/blog\/es\/retiro-aqui-esta-la-cantidad-que-recibe-brigitte-macron-tras-su-carrera-en-la-ensenanza\/"},"wordCount":1569,"commentCount":0,"publisher":{"@id":"https:\/\/www.sebastien-auziere.fr\/blog\/#organization"},"image":{"@id":"https:\/\/www.sebastien-auziere.fr\/blog\/es\/retiro-aqui-esta-la-cantidad-que-recibe-brigitte-macron-tras-su-carrera-en-la-ensenanza\/#primaryimage"},"thumbnailUrl":"https:\/\/www.sebastien-auziere.fr\/blog\/wp-content\/uploads\/2026\/03\/Capture-decran-2026-03-20-073257.jpg","articleSection":["Tendencia"],"inLanguage":"fr-FR","potentialAction":[{"@type":"CommentAction","name":"Comment","target":["https:\/\/www.sebastien-auziere.fr\/blog\/es\/retiro-aqui-esta-la-cantidad-que-recibe-brigitte-macron-tras-su-carrera-en-la-ensenanza\/#respond"]}]},{"@type":"WebPage","@id":"https:\/\/www.sebastien-auziere.fr\/blog\/es\/retiro-aqui-esta-la-cantidad-que-recibe-brigitte-macron-tras-su-carrera-en-la-ensenanza\/","url":"https:\/\/www.sebastien-auziere.fr\/blog\/es\/retiro-aqui-esta-la-cantidad-que-recibe-brigitte-macron-tras-su-carrera-en-la-ensenanza\/","name":"etraite Brigitte Macron : quel montant apr\u00e8s sa carri\u00e8re d'enseignante ?","isPartOf":{"@id":"https:\/\/www.sebastien-auziere.fr\/blog\/#website"},"primaryImageOfPage":{"@id":"https:\/\/www.sebastien-auziere.fr\/blog\/es\/retiro-aqui-esta-la-cantidad-que-recibe-brigitte-macron-tras-su-carrera-en-la-ensenanza\/#primaryimage"},"image":{"@id":"https:\/\/www.sebastien-auziere.fr\/blog\/es\/retiro-aqui-esta-la-cantidad-que-recibe-brigitte-macron-tras-su-carrera-en-la-ensenanza\/#primaryimage"},"thumbnailUrl":"https:\/\/www.sebastien-auziere.fr\/blog\/wp-content\/uploads\/2026\/03\/Capture-decran-2026-03-20-073257.jpg","datePublished":"2026-03-20T06:41:55+00:00","dateModified":"2026-03-20T06:43:15+00:00","description":"Combien Brigitte Macron touche-t-elle \u00e0 la retraite apr\u00e8s plus de 30 ans d'enseignement ? R\u00e9gime, montant estim\u00e9, patrimoine immobilier et point sur l'absence de salaire de Premi\u00e8re dame.","breadcrumb":{"@id":"https:\/\/www.sebastien-auziere.fr\/blog\/es\/retiro-aqui-esta-la-cantidad-que-recibe-brigitte-macron-tras-su-carrera-en-la-ensenanza\/#breadcrumb"},"inLanguage":"fr-FR","potentialAction":[{"@type":"ReadAction","target":["https:\/\/www.sebastien-auziere.fr\/blog\/es\/retiro-aqui-esta-la-cantidad-que-recibe-brigitte-macron-tras-su-carrera-en-la-ensenanza\/"]}]},{"@type":"ImageObject","inLanguage":"fr-FR","@id":"https:\/\/www.sebastien-auziere.fr\/blog\/es\/retiro-aqui-esta-la-cantidad-que-recibe-brigitte-macron-tras-su-carrera-en-la-ensenanza\/#primaryimage","url":"https:\/\/www.sebastien-auziere.fr\/blog\/wp-content\/uploads\/2026\/03\/Capture-decran-2026-03-20-073257.jpg","contentUrl":"https:\/\/www.sebastien-auziere.fr\/blog\/wp-content\/uploads\/2026\/03\/Capture-decran-2026-03-20-073257.jpg","width":659,"height":428,"caption":"retraite-brigitte-macron-montant"},{"@type":"BreadcrumbList","@id":"https:\/\/www.sebastien-auziere.fr\/blog\/es\/retiro-aqui-esta-la-cantidad-que-recibe-brigitte-macron-tras-su-carrera-en-la-ensenanza\/#breadcrumb","itemListElement":[{"@type":"ListItem","position":1,"name":"Home","item":"https:\/\/www.sebastien-auziere.fr\/blog\/"},{"@type":"ListItem","position":2,"name":"Retiro: aqu\u00ed est\u00e1 la cantidad que recibe Brigitte Macron tras su carrera en la ense\u00f1anza"}]},{"@type":"WebSite","@id":"https:\/\/www.sebastien-auziere.fr\/blog\/#website","url":"https:\/\/www.sebastien-auziere.fr\/blog\/","name":"Fan site S\u00e9bastien Auzi\u00e8re","description":"M\u00e9dia g\u00e9n\u00e9raliste","publisher":{"@id":"https:\/\/www.sebastien-auziere.fr\/blog\/#organization"},"potentialAction":[{"@type":"SearchAction","target":{"@type":"EntryPoint","urlTemplate":"https:\/\/www.sebastien-auziere.fr\/blog\/?s={search_term_string}"},"query-input":{"@type":"PropertyValueSpecification","valueRequired":true,"valueName":"search_term_string"}}],"inLanguage":"fr-FR"},{"@type":"Organization","@id":"https:\/\/www.sebastien-auziere.fr\/blog\/#organization","name":"Fan site S\u00e9bastien Auzi\u00e8re","url":"https:\/\/www.sebastien-auziere.fr\/blog\/","logo":{"@type":"ImageObject","inLanguage":"fr-FR","@id":"https:\/\/www.sebastien-auziere.fr\/blog\/#\/schema\/logo\/image\/","url":"https:\/\/www.sebastien-auziere.fr\/blog\/wp-content\/uploads\/2026\/03\/cropped-cropped-cropped-ChatGPT-Image-6-mars-2026-12_58_09-e1772798376794.jpg","contentUrl":"https:\/\/www.sebastien-auziere.fr\/blog\/wp-content\/uploads\/2026\/03\/cropped-cropped-cropped-ChatGPT-Image-6-mars-2026-12_58_09-e1772798376794.jpg","width":512,"height":360,"caption":"Fan site S\u00e9bastien Auzi\u00e8re"},"image":{"@id":"https:\/\/www.sebastien-auziere.fr\/blog\/#\/schema\/logo\/image\/"}},{"@type":"Person","@id":"https:\/\/www.sebastien-auziere.fr\/blog\/#\/schema\/person\/1e270a963009242469ed08b1c461f81f","name":"Celine","image":{"@type":"ImageObject","inLanguage":"fr-FR","@id":"https:\/\/secure.gravatar.com\/avatar\/c88d569fbe1fe19a13c7f21ee0f8973822df96073df21850b95af6a09ba820c9?s=96&d=mm&r=g","url":"https:\/\/secure.gravatar.com\/avatar\/c88d569fbe1fe19a13c7f21ee0f8973822df96073df21850b95af6a09ba820c9?s=96&d=mm&r=g","contentUrl":"https:\/\/secure.gravatar.com\/avatar\/c88d569fbe1fe19a13c7f21ee0f8973822df96073df21850b95af6a09ba820c9?s=96&d=mm&r=g","caption":"Celine"},"description":"Je m'appelle C\u00e9line, j'ai 31 ans et je suis journaliste sp\u00e9cialis\u00e9e dans le cin\u00e9ma. Passionn\u00e9e par le septi\u00e8me art, j'explore les actualit\u00e9s, les critiques et les tendances du monde cin\u00e9matographique. Mon objectif est de partager ma passion et d'informer les amateurs de films \u00e0 travers des articles percutants et des analyses approfondies.","url":"https:\/\/www.sebastien-auziere.fr\/blog\/author\/celine\/"}]}},"views":2,"_links":{"self":[{"href":"https:\/\/www.sebastien-auziere.fr\/blog\/wp-json\/wp\/v2\/posts\/2568","targetHints":{"allow":["GET"]}}],"collection":[{"href":"https:\/\/www.sebastien-auziere.fr\/blog\/wp-json\/wp\/v2\/posts"}],"about":[{"href":"https:\/\/www.sebastien-auziere.fr\/blog\/wp-json\/wp\/v2\/types\/post"}],"author":[{"embeddable":true,"href":"https:\/\/www.sebastien-auziere.fr\/blog\/wp-json\/wp\/v2\/users\/4"}],"replies":[{"embeddable":true,"href":"https:\/\/www.sebastien-auziere.fr\/blog\/wp-json\/wp\/v2\/comments?post=2568"}],"version-history":[{"count":1,"href":"https:\/\/www.sebastien-auziere.fr\/blog\/wp-json\/wp\/v2\/posts\/2568\/revisions"}],"predecessor-version":[{"id":2569,"href":"https:\/\/www.sebastien-auziere.fr\/blog\/wp-json\/wp\/v2\/posts\/2568\/revisions\/2569"}],"wp:featuredmedia":[{"embeddable":true,"href":"https:\/\/www.sebastien-auziere.fr\/blog\/wp-json\/wp\/v2\/media\/2564"}],"wp:attachment":[{"href":"https:\/\/www.sebastien-auziere.fr\/blog\/wp-json\/wp\/v2\/media?parent=2568"}],"wp:term":[{"taxonomy":"category","embeddable":true,"href":"https:\/\/www.sebastien-auziere.fr\/blog\/wp-json\/wp\/v2\/categories?post=2568"},{"taxonomy":"post_tag","embeddable":true,"href":"https:\/\/www.sebastien-auziere.fr\/blog\/wp-json\/wp\/v2\/tags?post=2568"}],"curies":[{"name":"wp","href":"https:\/\/api.w.org\/{rel}","templated":true}]}}