{"id":2566,"date":"2026-03-20T06:40:57","date_gmt":"2026-03-20T06:40:57","guid":{"rendered":"https:\/\/www.sebastien-auziere.fr\/blog\/?p=2566"},"modified":"2026-03-20T06:41:54","modified_gmt":"2026-03-20T06:41:54","slug":"retirement-here-is-the-amount-that-brigitte-macron-receives-after-her-career-in-education","status":"publish","type":"post","link":"https:\/\/www.sebastien-auziere.fr\/blog\/en\/retirement-here-is-the-amount-that-brigitte-macron-receives-after-her-career-in-education\/","title":{"rendered":"Retirement: here is the amount that Brigitte Macron receives after her career in education"},"content":{"rendered":"<p><em>Source : Melty<\/em><\/p>\n<p>Former literature teacher who became First Lady, Brigitte Macron intrigues as much by her journey as by her current life. One question often arises: how much does she actually receive in retirement? The answer is more complex than it appears&#8230;<\/p>\n<ul>\n<li>Brigitte Macron taught French and Latin in private contract schools for nearly 30 years, from 1986 to 2015<\/li>\n<li>She depends on the general scheme (CNAV) and the Agirc-Arrco, and not the advantageous scheme for civil servants of the national education<\/li>\n<li>The only known data dates back to 2016: 17,200 euros received from January to August, or about 2,150 euros gross per month<\/li>\n<li>No salary as First Lady: the 2017 transparency charter explicitly prohibits it<\/li>\n<li>Her real estate assets, sold for 3.6 million euros in 2025, represent her main source of personal wealth<\/li>\n<\/ul>\n<p><strong>Summary :<\/strong> <a href=\"#carriere\">Her teaching career<\/a> \u00b7 <a href=\"#premiere-dame\">First Lady without salary<\/a> \u00b7 <a href=\"#retraite\">Her regime and estimated amount<\/a> \u00b7 <a href=\"#immobilier\">Real estate income<\/a> \u00b7 <a href=\"#conclusion\">What to remember<\/a> \u00b7 <a href=\"#faq\">FAQ<\/a><\/p>\n<h2 id=\"carriere\">Before the \u00c9lys\u00e9e: Brigitte Macron&rsquo;s passionate teaching career<\/h2>\n<p>Long before becoming Emmanuel Macron&rsquo;s wife, Brigitte Macron had a solid career in education. For several decades, she shared her love of literature with her students, first in Strasbourg, then in Amiens, before moving to Paris.<\/p>\n<p>During the electoral period, on March 15, 2026, as reported by Gala, Brigitte Macron appeared in Le Touquet in a perfectly mastered look, between a burgundy coat and carefully chosen accessories. An image of a First Lady true to the one she has projected for years. But behind this highly exposed public figure, another facet remains largely unknown: that of her former life as a teacher.<\/p>\n<p>Born on April 13, 1953, in Amiens, Brigitte Trogneux obtained the CAPES in classical letters in 1986, the exam that opened the doors of teaching French and Latin in private contract schools. She began at the Lucie-Berger College in Strasbourg, then joined the La Providence high school in Amiens in 1991, before finishing her career at the highly reputed Saint-Louis-de-Gonzague high school in Paris, where she taught until 2015. As L&rsquo;Essentiel de l&rsquo;\u00c9co specifies, it was at 62 that she decided to end her activity, a departure corresponding to the legal retirement age for her generation (61 years and 2 months). Those who knew her as a teacher describe a dedicated, passionate woman, close to her students. A well-established vocation, far from the codes of political life she would later join.<\/p>\n<h2 id=\"premiere-dame\">An active First Lady&#8230; but without a salary<\/h2>\n<p>Since 2017, Brigitte Macron has become an indispensable figure in French public life. However, contrary to some preconceived ideas, Emmanuel Macron&rsquo;s wife does not receive any remuneration for her role. As L&rsquo;Essentiel de l&rsquo;\u00c9co points out, her activities are governed by a transparency charter, but this only concerns the means made available to her: collaborators, operating budget, management of correspondence.<\/p>\n<p>Nothing that resembles a salary. Meanwhile, the First Lady continues to invest in several causes, notably through the Hospitals Foundation, of which she has been president since 2019, succeeding Bernadette Chirac. She also presides over the Institute of Vocations for Employment (Live), a training program aimed at young adults without jobs, launched in 2018.<\/p>\n<p>It is, after all, Melty that, by relaying available data on her financial situation, reminds us that in the absence of a legal status for the First Lady, the ambiguity around her personal resources continues to fuel rumors and approximations on social media.<\/p>\n<h2 id=\"retraite\">Her retirement as a teacher: what regime, what estimated amount?<\/h2>\n<p>This is where things become technical. Brigitte Macron worked in private contract education, which places her under a different scheme than that of civil servants of the national education. She depends on the general scheme for her basic retirement (the CNAV) and the Agirc-Arrco complementary scheme, and not the civil servants&rsquo; scheme. An important nuance because this regime is less favorable than that of teachers who are civil servants of the national education, who benefit from the state public service scheme.<\/p>\n<p>The exact amount of her pension remains confidential. French law imposes no obligation to publish the personal income of the spouse of the head of state. According to Planet.fr, the only publicly available data dates back to 2016: Brigitte Macron had then received 17,200 euros in pension for the period from January to August 2016, or about 2,150 euros gross per month. Other estimates, notably relayed by Le Tribune du Net, mention a pension around 3,000 euros per month, but without official confirmation.<\/p>\n<p style=\"background:#fff8e1;border-left:4px solid #f9a825;padding:12px 16px;margin:16px 0\"><strong>For comparison:<\/strong> according to data from the social report of the national education, the average gross monthly pension for secondary school teachers who retired in 2017 was about 2,600 euros. Brigitte Macron, being in private contract schemes with a less advantageous regime, her pension would logically fall within a comparable or slightly lower range.<\/p>\n<h2 id=\"immobilier\">Real estate income much more significant<\/h2>\n<p>If Brigitte Macron&rsquo;s pension remains relatively modest considering her notoriety, her personal assets are, however, much more substantial. Heir to the family chocolate business Trogneux, she mainly inherited from her father the villa \u00ab\u00a0Mon\u00e9jan\u00a0\u00bb in Le Touquet-Paris-Plage, a property that brought her up to 48,000 euros per year in rental income from two commercial premises on the ground floor.<\/p>\n<p>In April 2025, this villa was sold for 3.6 million euros to Oxial, representing a considerable capital gain compared to the declared value of 1.2 million euros in 2016. The couple simultaneously acquired a new residence in Le Touquet, on the boulevard du Docteur-Jules-Pouget, through a SCI, for a displayed amount of 1.85 million euros.<\/p>\n<h2 id=\"conclusion\">A financial situation well above average, but without mystery<\/h2>\n<p>In the end, Brigitte Macron&rsquo;s financial situation is that of a retired private school teacher, with a pension comparable to that of her colleagues, supplemented by significant family real estate assets. Nothing extraordinary relative to the rumors that regularly circulate on social media about a hypothetical \u00ab\u00a0salary of the First Lady\u00a0\u00bb.<\/p>\n<p>As Planet.fr recalls in its fact-check, the claim that she would receive 33,333 euros per month for her functions at the \u00c9lys\u00e9e is a completely unfounded rumor denied by the 2017 transparency charter. What can be retained: Brigitte Macron lives comfortably, thanks to a standard pension and solid personal assets, but certainly not thanks to any public payment related to her role as First Lady.<\/p>\n<h2 id=\"faq\">FAQ \u2014 Brigitte Macron&rsquo;s retirement<\/h2>\n<dl>\n<dt><strong>What retirement scheme covers Brigitte Macron?<\/strong><\/dt>\n<dd>She relies on the general scheme (CNAV) for her basic pension and and the Agirc-Arrco for the complementary, as she taught in private contract schools and not in the state public service.<\/dd>\n<dt><strong>What is the estimated amount of her pension?<\/strong><\/dt>\n<dd>The only available data dates back to 2016: 17,200 euros received between January and August 2016, or about 2,150 euros gross per month. Some estimates mention 3,000 euros monthly, without official confirmation.<\/dd>\n<dt><strong>Does Brigitte Macron receive a salary as First Lady?<\/strong><\/dt>\n<dd>No. The 2017 transparency charter explicitly prohibits it. She receives no remuneration, no representation expenses, nor any personal budget as the president&rsquo;s spouse.<\/dd>\n<dt><strong>When did Brigitte Macron retire?<\/strong><\/dt>\n<dd>In June 2015, at 62, after a career as a teacher of classical letters that began in 1986. Her departure corresponds to the legal retirement age for her generation.<\/dd>\n<\/dl>\n<p>{<br \/>\n  \u00ab\u00a0@context\u00a0\u00bb: \u00ab\u00a0https:\/\/schema.org\u00a0\u00bb,<br \/>\n  \u00ab\u00a0@type\u00a0\u00bb: \u00ab\u00a0Article\u00a0\u00bb,<br \/>\n  \u00ab\u00a0headline\u00a0\u00bb: \u00ab\u00a0Retirement: here&rsquo;s how much Brigitte Macron receives after her teaching career\u00a0\u00bb,<br \/>\n  \u00ab\u00a0description\u00a0\u00bb: \u00ab\u00a0How much does Brigitte Macron receive in retirement after her teaching career? Applicable regime, estimated amount, real estate assets, and reminder of the absence of salary as First Lady.\u00a0\u00bb,<br \/>\n  \u00ab\u00a0inLanguage\u00a0\u00bb: \u00ab\u00a0fr\u00a0\u00bb,<br \/>\n  \u00ab\u00a0datePublished\u00a0\u00bb: \u00ab\u00a02026-03-19\u00a0\u00bb,<br \/>\n  \u00ab\u00a0dateModified\u00a0\u00bb: \u00ab\u00a02026-03-19\u00a0\u00bb<br \/>\n}<\/p>\n<p>{<br \/>\n  \u00ab\u00a0@context\u00a0\u00bb: \u00ab\u00a0https:\/\/schema.org\u00a0\u00bb,<br \/>\n  \u00ab\u00a0@type\u00a0\u00bb: \u00ab\u00a0FAQPage\u00a0\u00bb,<br \/>\n  \u00ab\u00a0mainEntity\u00a0\u00bb: [<br \/>\n    {<br \/>\n      \u00ab\u00a0@type\u00a0\u00bb: \u00ab\u00a0Question\u00a0\u00bb,<br \/>\n      \u00ab\u00a0name\u00a0\u00bb: \u00ab\u00a0What retirement scheme covers Brigitte Macron?\u00a0\u00bb,<br \/>\n      \u00ab\u00a0acceptedAnswer\u00a0\u00bb: { \u00ab\u00a0@type\u00a0\u00bb: \u00ab\u00a0Answer\u00a0\u00bb, \u00ab\u00a0text\u00a0\u00bb: \u00ab\u00a0General scheme (CNAV) for the base and Agirc-Arrco for the complementary, as she taught in private contract schools.\u00a0\u00bb }<br \/>\n    },<br \/>\n    {<br \/>\n      \u00ab\u00a0@type\u00a0\u00bb: \u00ab\u00a0Question\u00a0\u00bb,<br \/>\n      \u00ab\u00a0name\u00a0\u00bb: \u00ab\u00a0What is the estimated amount of her pension?\u00a0\u00bb,<br \/>\n      \u00ab\u00a0acceptedAnswer\u00a0\u00bb: { \u00ab\u00a0@type\u00a0\u00bb: \u00ab\u00a0Answer\u00a0\u00bb, \u00ab\u00a0text\u00a0\u00bb: \u00ab\u00a0About 2,150 euros gross per month in 2016 according to the only available data. Some estimates mention 3,000 euros, without official confirmation.\u00a0\u00bb }<br \/>\n    },<br \/>\n    {<br \/>\n      \u00ab\u00a0@type\u00a0\u00bb: \u00ab\u00a0Question\u00a0\u00bb,<br \/>\n      \u00ab\u00a0name\u00a0\u00bb: \u00ab\u00a0Does Brigitte Macron receive a salary as First Lady?\u00a0\u00bb,<br \/>\n      \u00ab\u00a0acceptedAnswer\u00a0\u00bb: { \u00ab\u00a0@type\u00a0\u00bb: \u00ab\u00a0Answer\u00a0\u00bb, \u00ab\u00a0text\u00a0\u00bb: \u00ab\u00a0No. The 2017 transparency charter explicitly prohibits it.\u00a0\u00bb }<br \/>\n    }<br \/>\n  ]<br \/>\n}<\/p>\n","protected":false},"excerpt":{"rendered":"<p>Source : Melty Former literature teacher who became First Lady, Brigitte Macron intrigues as much by her journey as by her current life. One question often arises: how much does she actually receive in retirement? The answer is more complex than it appears&#8230; Brigitte Macron taught French and Latin in private contract schools for nearly &#8230; <a title=\"Retirement: here is the amount that Brigitte Macron receives after her career in education\" class=\"read-more\" href=\"https:\/\/www.sebastien-auziere.fr\/blog\/en\/retirement-here-is-the-amount-that-brigitte-macron-receives-after-her-career-in-education\/\" aria-label=\"En savoir plus sur Retirement: here is the amount that Brigitte Macron receives after her career in education\">Lire plus<\/a><\/p>\n","protected":false},"author":4,"featured_media":2564,"comment_status":"open","ping_status":"open","sticky":false,"template":"","format":"standard","meta":{"footnotes":""},"categories":[829],"tags":[],"class_list":["post-2566","post","type-post","status-publish","format-standard","has-post-thumbnail","hentry","category-tendency"],"yoast_head":"<!-- This site is optimized with the Yoast SEO plugin v27.5 - https:\/\/yoast.com\/product\/yoast-seo-wordpress\/ -->\n<title>etraite Brigitte Macron : quel montant apr\u00e8s sa carri\u00e8re d&#039;enseignante ?<\/title>\n<meta name=\"description\" content=\"Combien Brigitte Macron touche-t-elle \u00e0 la retraite apr\u00e8s plus de 30 ans d&#039;enseignement ? R\u00e9gime, montant estim\u00e9, patrimoine immobilier et point sur l&#039;absence de salaire de Premi\u00e8re dame.\" \/>\n<meta name=\"robots\" content=\"index, follow, max-snippet:-1, max-image-preview:large, max-video-preview:-1\" \/>\n<link rel=\"canonical\" href=\"https:\/\/www.sebastien-auziere.fr\/blog\/en\/retirement-here-is-the-amount-that-brigitte-macron-receives-after-her-career-in-education\/\" \/>\n<meta property=\"og:locale\" content=\"fr_FR\" \/>\n<meta property=\"og:type\" content=\"article\" \/>\n<meta property=\"og:title\" content=\"etraite Brigitte Macron : quel montant apr\u00e8s sa carri\u00e8re d&#039;enseignante ?\" \/>\n<meta property=\"og:description\" content=\"Combien Brigitte Macron touche-t-elle \u00e0 la retraite apr\u00e8s plus de 30 ans d&#039;enseignement ? R\u00e9gime, montant estim\u00e9, patrimoine immobilier et point sur l&#039;absence de salaire de Premi\u00e8re dame.\" \/>\n<meta property=\"og:url\" content=\"https:\/\/www.sebastien-auziere.fr\/blog\/en\/retirement-here-is-the-amount-that-brigitte-macron-receives-after-her-career-in-education\/\" \/>\n<meta property=\"og:site_name\" content=\"Fan site S\u00e9bastien Auzi\u00e8re\" \/>\n<meta property=\"article:published_time\" content=\"2026-03-20T06:40:57+00:00\" \/>\n<meta property=\"article:modified_time\" content=\"2026-03-20T06:41:54+00:00\" \/>\n<meta property=\"og:image\" content=\"https:\/\/www.sebastien-auziere.fr\/blog\/wp-content\/uploads\/2026\/03\/Capture-decran-2026-03-20-073257.jpg\" \/>\n\t<meta property=\"og:image:width\" content=\"659\" \/>\n\t<meta property=\"og:image:height\" content=\"428\" \/>\n\t<meta property=\"og:image:type\" content=\"image\/jpeg\" \/>\n<meta name=\"author\" content=\"Celine\" \/>\n<meta name=\"twitter:card\" content=\"summary_large_image\" \/>\n<meta name=\"twitter:label1\" content=\"\u00c9crit par\" \/>\n\t<meta name=\"twitter:data1\" content=\"Celine\" \/>\n\t<meta name=\"twitter:label2\" content=\"Dur\u00e9e de lecture estim\u00e9e\" \/>\n\t<meta name=\"twitter:data2\" content=\"6 minutes\" \/>\n<script type=\"application\/ld+json\" class=\"yoast-schema-graph\">{\"@context\":\"https:\\\/\\\/schema.org\",\"@graph\":[{\"@type\":\"Article\",\"@id\":\"https:\\\/\\\/www.sebastien-auziere.fr\\\/blog\\\/en\\\/retirement-here-is-the-amount-that-brigitte-macron-receives-after-her-career-in-education\\\/#article\",\"isPartOf\":{\"@id\":\"https:\\\/\\\/www.sebastien-auziere.fr\\\/blog\\\/en\\\/retirement-here-is-the-amount-that-brigitte-macron-receives-after-her-career-in-education\\\/\"},\"author\":{\"name\":\"Celine\",\"@id\":\"https:\\\/\\\/www.sebastien-auziere.fr\\\/blog\\\/#\\\/schema\\\/person\\\/1e270a963009242469ed08b1c461f81f\"},\"headline\":\"Retirement: here is the amount that Brigitte Macron receives after her career in education\",\"datePublished\":\"2026-03-20T06:40:57+00:00\",\"dateModified\":\"2026-03-20T06:41:54+00:00\",\"mainEntityOfPage\":{\"@id\":\"https:\\\/\\\/www.sebastien-auziere.fr\\\/blog\\\/en\\\/retirement-here-is-the-amount-that-brigitte-macron-receives-after-her-career-in-education\\\/\"},\"wordCount\":1307,\"commentCount\":0,\"publisher\":{\"@id\":\"https:\\\/\\\/www.sebastien-auziere.fr\\\/blog\\\/#organization\"},\"image\":{\"@id\":\"https:\\\/\\\/www.sebastien-auziere.fr\\\/blog\\\/en\\\/retirement-here-is-the-amount-that-brigitte-macron-receives-after-her-career-in-education\\\/#primaryimage\"},\"thumbnailUrl\":\"https:\\\/\\\/www.sebastien-auziere.fr\\\/blog\\\/wp-content\\\/uploads\\\/2026\\\/03\\\/Capture-decran-2026-03-20-073257.jpg\",\"articleSection\":[\"Tendency\"],\"inLanguage\":\"fr-FR\",\"potentialAction\":[{\"@type\":\"CommentAction\",\"name\":\"Comment\",\"target\":[\"https:\\\/\\\/www.sebastien-auziere.fr\\\/blog\\\/en\\\/retirement-here-is-the-amount-that-brigitte-macron-receives-after-her-career-in-education\\\/#respond\"]}]},{\"@type\":\"WebPage\",\"@id\":\"https:\\\/\\\/www.sebastien-auziere.fr\\\/blog\\\/en\\\/retirement-here-is-the-amount-that-brigitte-macron-receives-after-her-career-in-education\\\/\",\"url\":\"https:\\\/\\\/www.sebastien-auziere.fr\\\/blog\\\/en\\\/retirement-here-is-the-amount-that-brigitte-macron-receives-after-her-career-in-education\\\/\",\"name\":\"etraite Brigitte Macron : quel montant apr\u00e8s sa carri\u00e8re d'enseignante ?\",\"isPartOf\":{\"@id\":\"https:\\\/\\\/www.sebastien-auziere.fr\\\/blog\\\/#website\"},\"primaryImageOfPage\":{\"@id\":\"https:\\\/\\\/www.sebastien-auziere.fr\\\/blog\\\/en\\\/retirement-here-is-the-amount-that-brigitte-macron-receives-after-her-career-in-education\\\/#primaryimage\"},\"image\":{\"@id\":\"https:\\\/\\\/www.sebastien-auziere.fr\\\/blog\\\/en\\\/retirement-here-is-the-amount-that-brigitte-macron-receives-after-her-career-in-education\\\/#primaryimage\"},\"thumbnailUrl\":\"https:\\\/\\\/www.sebastien-auziere.fr\\\/blog\\\/wp-content\\\/uploads\\\/2026\\\/03\\\/Capture-decran-2026-03-20-073257.jpg\",\"datePublished\":\"2026-03-20T06:40:57+00:00\",\"dateModified\":\"2026-03-20T06:41:54+00:00\",\"description\":\"Combien Brigitte Macron touche-t-elle \u00e0 la retraite apr\u00e8s plus de 30 ans d'enseignement ? R\u00e9gime, montant estim\u00e9, patrimoine immobilier et point sur l'absence de salaire de Premi\u00e8re dame.\",\"breadcrumb\":{\"@id\":\"https:\\\/\\\/www.sebastien-auziere.fr\\\/blog\\\/en\\\/retirement-here-is-the-amount-that-brigitte-macron-receives-after-her-career-in-education\\\/#breadcrumb\"},\"inLanguage\":\"fr-FR\",\"potentialAction\":[{\"@type\":\"ReadAction\",\"target\":[\"https:\\\/\\\/www.sebastien-auziere.fr\\\/blog\\\/en\\\/retirement-here-is-the-amount-that-brigitte-macron-receives-after-her-career-in-education\\\/\"]}]},{\"@type\":\"ImageObject\",\"inLanguage\":\"fr-FR\",\"@id\":\"https:\\\/\\\/www.sebastien-auziere.fr\\\/blog\\\/en\\\/retirement-here-is-the-amount-that-brigitte-macron-receives-after-her-career-in-education\\\/#primaryimage\",\"url\":\"https:\\\/\\\/www.sebastien-auziere.fr\\\/blog\\\/wp-content\\\/uploads\\\/2026\\\/03\\\/Capture-decran-2026-03-20-073257.jpg\",\"contentUrl\":\"https:\\\/\\\/www.sebastien-auziere.fr\\\/blog\\\/wp-content\\\/uploads\\\/2026\\\/03\\\/Capture-decran-2026-03-20-073257.jpg\",\"width\":659,\"height\":428,\"caption\":\"retraite-brigitte-macron-montant\"},{\"@type\":\"BreadcrumbList\",\"@id\":\"https:\\\/\\\/www.sebastien-auziere.fr\\\/blog\\\/en\\\/retirement-here-is-the-amount-that-brigitte-macron-receives-after-her-career-in-education\\\/#breadcrumb\",\"itemListElement\":[{\"@type\":\"ListItem\",\"position\":1,\"name\":\"Home\",\"item\":\"https:\\\/\\\/www.sebastien-auziere.fr\\\/blog\\\/\"},{\"@type\":\"ListItem\",\"position\":2,\"name\":\"Retirement: here is the amount that Brigitte Macron receives after her career in education\"}]},{\"@type\":\"WebSite\",\"@id\":\"https:\\\/\\\/www.sebastien-auziere.fr\\\/blog\\\/#website\",\"url\":\"https:\\\/\\\/www.sebastien-auziere.fr\\\/blog\\\/\",\"name\":\"Fan site S\u00e9bastien Auzi\u00e8re\",\"description\":\"M\u00e9dia g\u00e9n\u00e9raliste\",\"publisher\":{\"@id\":\"https:\\\/\\\/www.sebastien-auziere.fr\\\/blog\\\/#organization\"},\"potentialAction\":[{\"@type\":\"SearchAction\",\"target\":{\"@type\":\"EntryPoint\",\"urlTemplate\":\"https:\\\/\\\/www.sebastien-auziere.fr\\\/blog\\\/?s={search_term_string}\"},\"query-input\":{\"@type\":\"PropertyValueSpecification\",\"valueRequired\":true,\"valueName\":\"search_term_string\"}}],\"inLanguage\":\"fr-FR\"},{\"@type\":\"Organization\",\"@id\":\"https:\\\/\\\/www.sebastien-auziere.fr\\\/blog\\\/#organization\",\"name\":\"Fan site S\u00e9bastien Auzi\u00e8re\",\"url\":\"https:\\\/\\\/www.sebastien-auziere.fr\\\/blog\\\/\",\"logo\":{\"@type\":\"ImageObject\",\"inLanguage\":\"fr-FR\",\"@id\":\"https:\\\/\\\/www.sebastien-auziere.fr\\\/blog\\\/#\\\/schema\\\/logo\\\/image\\\/\",\"url\":\"https:\\\/\\\/www.sebastien-auziere.fr\\\/blog\\\/wp-content\\\/uploads\\\/2026\\\/03\\\/cropped-cropped-cropped-ChatGPT-Image-6-mars-2026-12_58_09-e1772798376794.jpg\",\"contentUrl\":\"https:\\\/\\\/www.sebastien-auziere.fr\\\/blog\\\/wp-content\\\/uploads\\\/2026\\\/03\\\/cropped-cropped-cropped-ChatGPT-Image-6-mars-2026-12_58_09-e1772798376794.jpg\",\"width\":512,\"height\":360,\"caption\":\"Fan site S\u00e9bastien Auzi\u00e8re\"},\"image\":{\"@id\":\"https:\\\/\\\/www.sebastien-auziere.fr\\\/blog\\\/#\\\/schema\\\/logo\\\/image\\\/\"}},{\"@type\":\"Person\",\"@id\":\"https:\\\/\\\/www.sebastien-auziere.fr\\\/blog\\\/#\\\/schema\\\/person\\\/1e270a963009242469ed08b1c461f81f\",\"name\":\"Celine\",\"image\":{\"@type\":\"ImageObject\",\"inLanguage\":\"fr-FR\",\"@id\":\"https:\\\/\\\/secure.gravatar.com\\\/avatar\\\/c88d569fbe1fe19a13c7f21ee0f8973822df96073df21850b95af6a09ba820c9?s=96&d=mm&r=g\",\"url\":\"https:\\\/\\\/secure.gravatar.com\\\/avatar\\\/c88d569fbe1fe19a13c7f21ee0f8973822df96073df21850b95af6a09ba820c9?s=96&d=mm&r=g\",\"contentUrl\":\"https:\\\/\\\/secure.gravatar.com\\\/avatar\\\/c88d569fbe1fe19a13c7f21ee0f8973822df96073df21850b95af6a09ba820c9?s=96&d=mm&r=g\",\"caption\":\"Celine\"},\"description\":\"Je m'appelle C\u00e9line, j'ai 31 ans et je suis journaliste sp\u00e9cialis\u00e9e dans le cin\u00e9ma. Passionn\u00e9e par le septi\u00e8me art, j'explore les actualit\u00e9s, les critiques et les tendances du monde cin\u00e9matographique. Mon objectif est de partager ma passion et d'informer les amateurs de films \u00e0 travers des articles percutants et des analyses approfondies.\",\"url\":\"https:\\\/\\\/www.sebastien-auziere.fr\\\/blog\\\/author\\\/celine\\\/\"}]}<\/script>\n<!-- \/ Yoast SEO plugin. -->","yoast_head_json":{"title":"etraite Brigitte Macron : quel montant apr\u00e8s sa carri\u00e8re d'enseignante ?","description":"Combien Brigitte Macron touche-t-elle \u00e0 la retraite apr\u00e8s plus de 30 ans d'enseignement ? R\u00e9gime, montant estim\u00e9, patrimoine immobilier et point sur l'absence de salaire de Premi\u00e8re dame.","robots":{"index":"index","follow":"follow","max-snippet":"max-snippet:-1","max-image-preview":"max-image-preview:large","max-video-preview":"max-video-preview:-1"},"canonical":"https:\/\/www.sebastien-auziere.fr\/blog\/en\/retirement-here-is-the-amount-that-brigitte-macron-receives-after-her-career-in-education\/","og_locale":"fr_FR","og_type":"article","og_title":"etraite Brigitte Macron : quel montant apr\u00e8s sa carri\u00e8re d'enseignante ?","og_description":"Combien Brigitte Macron touche-t-elle \u00e0 la retraite apr\u00e8s plus de 30 ans d'enseignement ? R\u00e9gime, montant estim\u00e9, patrimoine immobilier et point sur l'absence de salaire de Premi\u00e8re dame.","og_url":"https:\/\/www.sebastien-auziere.fr\/blog\/en\/retirement-here-is-the-amount-that-brigitte-macron-receives-after-her-career-in-education\/","og_site_name":"Fan site S\u00e9bastien Auzi\u00e8re","article_published_time":"2026-03-20T06:40:57+00:00","article_modified_time":"2026-03-20T06:41:54+00:00","og_image":[{"width":659,"height":428,"url":"https:\/\/www.sebastien-auziere.fr\/blog\/wp-content\/uploads\/2026\/03\/Capture-decran-2026-03-20-073257.jpg","type":"image\/jpeg"}],"author":"Celine","twitter_card":"summary_large_image","twitter_misc":{"\u00c9crit par":"Celine","Dur\u00e9e de lecture estim\u00e9e":"6 minutes"},"schema":{"@context":"https:\/\/schema.org","@graph":[{"@type":"Article","@id":"https:\/\/www.sebastien-auziere.fr\/blog\/en\/retirement-here-is-the-amount-that-brigitte-macron-receives-after-her-career-in-education\/#article","isPartOf":{"@id":"https:\/\/www.sebastien-auziere.fr\/blog\/en\/retirement-here-is-the-amount-that-brigitte-macron-receives-after-her-career-in-education\/"},"author":{"name":"Celine","@id":"https:\/\/www.sebastien-auziere.fr\/blog\/#\/schema\/person\/1e270a963009242469ed08b1c461f81f"},"headline":"Retirement: here is the amount that Brigitte Macron receives after her career in education","datePublished":"2026-03-20T06:40:57+00:00","dateModified":"2026-03-20T06:41:54+00:00","mainEntityOfPage":{"@id":"https:\/\/www.sebastien-auziere.fr\/blog\/en\/retirement-here-is-the-amount-that-brigitte-macron-receives-after-her-career-in-education\/"},"wordCount":1307,"commentCount":0,"publisher":{"@id":"https:\/\/www.sebastien-auziere.fr\/blog\/#organization"},"image":{"@id":"https:\/\/www.sebastien-auziere.fr\/blog\/en\/retirement-here-is-the-amount-that-brigitte-macron-receives-after-her-career-in-education\/#primaryimage"},"thumbnailUrl":"https:\/\/www.sebastien-auziere.fr\/blog\/wp-content\/uploads\/2026\/03\/Capture-decran-2026-03-20-073257.jpg","articleSection":["Tendency"],"inLanguage":"fr-FR","potentialAction":[{"@type":"CommentAction","name":"Comment","target":["https:\/\/www.sebastien-auziere.fr\/blog\/en\/retirement-here-is-the-amount-that-brigitte-macron-receives-after-her-career-in-education\/#respond"]}]},{"@type":"WebPage","@id":"https:\/\/www.sebastien-auziere.fr\/blog\/en\/retirement-here-is-the-amount-that-brigitte-macron-receives-after-her-career-in-education\/","url":"https:\/\/www.sebastien-auziere.fr\/blog\/en\/retirement-here-is-the-amount-that-brigitte-macron-receives-after-her-career-in-education\/","name":"etraite Brigitte Macron : quel montant apr\u00e8s sa carri\u00e8re d'enseignante ?","isPartOf":{"@id":"https:\/\/www.sebastien-auziere.fr\/blog\/#website"},"primaryImageOfPage":{"@id":"https:\/\/www.sebastien-auziere.fr\/blog\/en\/retirement-here-is-the-amount-that-brigitte-macron-receives-after-her-career-in-education\/#primaryimage"},"image":{"@id":"https:\/\/www.sebastien-auziere.fr\/blog\/en\/retirement-here-is-the-amount-that-brigitte-macron-receives-after-her-career-in-education\/#primaryimage"},"thumbnailUrl":"https:\/\/www.sebastien-auziere.fr\/blog\/wp-content\/uploads\/2026\/03\/Capture-decran-2026-03-20-073257.jpg","datePublished":"2026-03-20T06:40:57+00:00","dateModified":"2026-03-20T06:41:54+00:00","description":"Combien Brigitte Macron touche-t-elle \u00e0 la retraite apr\u00e8s plus de 30 ans d'enseignement ? R\u00e9gime, montant estim\u00e9, patrimoine immobilier et point sur l'absence de salaire de Premi\u00e8re dame.","breadcrumb":{"@id":"https:\/\/www.sebastien-auziere.fr\/blog\/en\/retirement-here-is-the-amount-that-brigitte-macron-receives-after-her-career-in-education\/#breadcrumb"},"inLanguage":"fr-FR","potentialAction":[{"@type":"ReadAction","target":["https:\/\/www.sebastien-auziere.fr\/blog\/en\/retirement-here-is-the-amount-that-brigitte-macron-receives-after-her-career-in-education\/"]}]},{"@type":"ImageObject","inLanguage":"fr-FR","@id":"https:\/\/www.sebastien-auziere.fr\/blog\/en\/retirement-here-is-the-amount-that-brigitte-macron-receives-after-her-career-in-education\/#primaryimage","url":"https:\/\/www.sebastien-auziere.fr\/blog\/wp-content\/uploads\/2026\/03\/Capture-decran-2026-03-20-073257.jpg","contentUrl":"https:\/\/www.sebastien-auziere.fr\/blog\/wp-content\/uploads\/2026\/03\/Capture-decran-2026-03-20-073257.jpg","width":659,"height":428,"caption":"retraite-brigitte-macron-montant"},{"@type":"BreadcrumbList","@id":"https:\/\/www.sebastien-auziere.fr\/blog\/en\/retirement-here-is-the-amount-that-brigitte-macron-receives-after-her-career-in-education\/#breadcrumb","itemListElement":[{"@type":"ListItem","position":1,"name":"Home","item":"https:\/\/www.sebastien-auziere.fr\/blog\/"},{"@type":"ListItem","position":2,"name":"Retirement: here is the amount that Brigitte Macron receives after her career in education"}]},{"@type":"WebSite","@id":"https:\/\/www.sebastien-auziere.fr\/blog\/#website","url":"https:\/\/www.sebastien-auziere.fr\/blog\/","name":"Fan site S\u00e9bastien Auzi\u00e8re","description":"M\u00e9dia g\u00e9n\u00e9raliste","publisher":{"@id":"https:\/\/www.sebastien-auziere.fr\/blog\/#organization"},"potentialAction":[{"@type":"SearchAction","target":{"@type":"EntryPoint","urlTemplate":"https:\/\/www.sebastien-auziere.fr\/blog\/?s={search_term_string}"},"query-input":{"@type":"PropertyValueSpecification","valueRequired":true,"valueName":"search_term_string"}}],"inLanguage":"fr-FR"},{"@type":"Organization","@id":"https:\/\/www.sebastien-auziere.fr\/blog\/#organization","name":"Fan site S\u00e9bastien Auzi\u00e8re","url":"https:\/\/www.sebastien-auziere.fr\/blog\/","logo":{"@type":"ImageObject","inLanguage":"fr-FR","@id":"https:\/\/www.sebastien-auziere.fr\/blog\/#\/schema\/logo\/image\/","url":"https:\/\/www.sebastien-auziere.fr\/blog\/wp-content\/uploads\/2026\/03\/cropped-cropped-cropped-ChatGPT-Image-6-mars-2026-12_58_09-e1772798376794.jpg","contentUrl":"https:\/\/www.sebastien-auziere.fr\/blog\/wp-content\/uploads\/2026\/03\/cropped-cropped-cropped-ChatGPT-Image-6-mars-2026-12_58_09-e1772798376794.jpg","width":512,"height":360,"caption":"Fan site S\u00e9bastien Auzi\u00e8re"},"image":{"@id":"https:\/\/www.sebastien-auziere.fr\/blog\/#\/schema\/logo\/image\/"}},{"@type":"Person","@id":"https:\/\/www.sebastien-auziere.fr\/blog\/#\/schema\/person\/1e270a963009242469ed08b1c461f81f","name":"Celine","image":{"@type":"ImageObject","inLanguage":"fr-FR","@id":"https:\/\/secure.gravatar.com\/avatar\/c88d569fbe1fe19a13c7f21ee0f8973822df96073df21850b95af6a09ba820c9?s=96&d=mm&r=g","url":"https:\/\/secure.gravatar.com\/avatar\/c88d569fbe1fe19a13c7f21ee0f8973822df96073df21850b95af6a09ba820c9?s=96&d=mm&r=g","contentUrl":"https:\/\/secure.gravatar.com\/avatar\/c88d569fbe1fe19a13c7f21ee0f8973822df96073df21850b95af6a09ba820c9?s=96&d=mm&r=g","caption":"Celine"},"description":"Je m'appelle C\u00e9line, j'ai 31 ans et je suis journaliste sp\u00e9cialis\u00e9e dans le cin\u00e9ma. Passionn\u00e9e par le septi\u00e8me art, j'explore les actualit\u00e9s, les critiques et les tendances du monde cin\u00e9matographique. Mon objectif est de partager ma passion et d'informer les amateurs de films \u00e0 travers des articles percutants et des analyses approfondies.","url":"https:\/\/www.sebastien-auziere.fr\/blog\/author\/celine\/"}]}},"views":12,"_links":{"self":[{"href":"https:\/\/www.sebastien-auziere.fr\/blog\/wp-json\/wp\/v2\/posts\/2566","targetHints":{"allow":["GET"]}}],"collection":[{"href":"https:\/\/www.sebastien-auziere.fr\/blog\/wp-json\/wp\/v2\/posts"}],"about":[{"href":"https:\/\/www.sebastien-auziere.fr\/blog\/wp-json\/wp\/v2\/types\/post"}],"author":[{"embeddable":true,"href":"https:\/\/www.sebastien-auziere.fr\/blog\/wp-json\/wp\/v2\/users\/4"}],"replies":[{"embeddable":true,"href":"https:\/\/www.sebastien-auziere.fr\/blog\/wp-json\/wp\/v2\/comments?post=2566"}],"version-history":[{"count":1,"href":"https:\/\/www.sebastien-auziere.fr\/blog\/wp-json\/wp\/v2\/posts\/2566\/revisions"}],"predecessor-version":[{"id":2567,"href":"https:\/\/www.sebastien-auziere.fr\/blog\/wp-json\/wp\/v2\/posts\/2566\/revisions\/2567"}],"wp:featuredmedia":[{"embeddable":true,"href":"https:\/\/www.sebastien-auziere.fr\/blog\/wp-json\/wp\/v2\/media\/2564"}],"wp:attachment":[{"href":"https:\/\/www.sebastien-auziere.fr\/blog\/wp-json\/wp\/v2\/media?parent=2566"}],"wp:term":[{"taxonomy":"category","embeddable":true,"href":"https:\/\/www.sebastien-auziere.fr\/blog\/wp-json\/wp\/v2\/categories?post=2566"},{"taxonomy":"post_tag","embeddable":true,"href":"https:\/\/www.sebastien-auziere.fr\/blog\/wp-json\/wp\/v2\/tags?post=2566"}],"curies":[{"name":"wp","href":"https:\/\/api.w.org\/{rel}","templated":true}]}}