{"id":2554,"date":"2026-03-18T10:06:26","date_gmt":"2026-03-18T10:06:26","guid":{"rendered":"https:\/\/www.sebastien-auziere.fr\/blog\/?p=2554"},"modified":"2026-03-18T10:07:32","modified_gmt":"2026-03-18T10:07:32","slug":"brigitte-macron-em-1980-retrato-familia-e-percurso-profissional","status":"publish","type":"post","link":"https:\/\/www.sebastien-auziere.fr\/blog\/pt\/brigitte-macron-em-1980-retrato-familia-e-percurso-profissional\/","title":{"rendered":"Brigitte Macron em 1980: retrato, fam\u00edlia e percurso profissional"},"content":{"rendered":"<p>Em 1980, Brigitte Macron \u2014 nascida Trogneux em 13 de abril de 1953 em Amiens \u2014 tem 27 anos. Longe dos holofotes do \u00c9lys\u00e9e, ela leva uma vida discreta de jovem mulher casada, m\u00e3e de dois filhos, em plena constru\u00e7\u00e3o de sua carreira profissional. Esse per\u00edodo crucial dos anos 1980 \u00e9, no entanto, fundacional: desenha os contornos da mulher p\u00fablica que ela se tornar\u00e1 d\u00e9cadas mais tarde.<\/p>\n<ul>\n<li>Em 1980, Brigitte Trogneux est\u00e1 casada com Andr\u00e9-Louis Auzi\u00e8re desde 1974 e \u00e9 m\u00e3e de S\u00e9bastien (nascido em 1975) e Laurence (nascida em 1977)<\/li>\n<li>Ela trabalha como assessora de imprensa na c\u00e2mara de com\u00e9rcio do Norte-Pas-de-Calais, cargo que ocupa durante dois anos no in\u00edcio dos anos 1980<\/li>\n<li>Com um mestrado em letras cl\u00e1ssicas, ela se prepara para a sua reconvers\u00e3o para o ensino<\/li>\n<li>A fam\u00edlia se mudar\u00e1 para Truchtersheim (Baixa Als\u00e1cia) em 1984, devido \u00e0 transfer\u00eancia profissional de seu marido<\/li>\n<li>Seu terceiro filho, Tiphaine, nascer\u00e1 em 1984, ap\u00f3s o que ela far\u00e1 o CAPES de letras cl\u00e1ssicas em 1986<\/li>\n<\/ul>\n<p><strong>Sum\u00e1rio:<\/strong> <a href=\"#portrait\">Retrato em 1980<\/a> \u00b7 <a href=\"#famille\">Vida familiar<\/a> \u00b7 <a href=\"#carriere\">Percurso profissional<\/a> \u00b7 <a href=\"#annees80\">Os anos 1980 na \u00edntegra<\/a> \u00b7 <a href=\"#apres\">A continua\u00e7\u00e3o do percurso<\/a> \u00b7 <a href=\"#faq\">FAQ<\/a><\/p>\n<h2 id=\"portrait\">Brigitte Macron em 1980: retrato de uma mulher discreta<\/h2>\n<p>Em 1980, Brigitte Trogneux ainda n\u00e3o \u00e9 uma figura p\u00fablica. Ela \u00e9 uma jovem de 27 anos oriunda de uma fam\u00edlia burguesa de Amiens, os Trogneux, conhecidos na regi\u00e3o por sua chocolateria fundada no s\u00e9culo XIX. Ca\u00e7ula de uma cole\u00e7\u00e3o de seis filhos, ela cresceu em um ambiente ao mesmo tempo cult e provincial, marcado por valores cat\u00f3licos e um gosto afirmado por letras e teatro.<\/p>\n<p>Aluna brilhante no liceu Sacr\u00e9-C\u0153ur de Amiens, ela obteve seu bacharelato com men\u00e7\u00e3o muito boa em 1972. Em seguida, obteve um mestrado em letras cl\u00e1ssicas, dedicando sua disserta\u00e7\u00e3o ao tema do amor cort\u00eas \u2014 assunto que, retroativamente, ressoa de forma singular com seu percurso pessoal. Aos 27 anos, ela j\u00e1 apresenta as caracter\u00edsticas que a acompanhar\u00e3o por toda a vida: um profundo gosto pela literatura, uma energia contagiante e uma personalidade afirmativa.<\/p>\n<p>A Fran\u00e7a de 1980 \u00e9 a de Val\u00e9ry Giscard d&rsquo;Estaing, a poucos meses da elei\u00e7\u00e3o de Fran\u00e7ois Mitterrand. O pa\u00eds passa por um per\u00edodo de muta\u00e7\u00e3o cultural e social: as mulheres acessam massivamente profiss\u00f5es qualificadas, o feminismo reconfigura as rela\u00e7\u00f5es familiares e profissionais. Brigitte Trogneux pertence a essa gera\u00e7\u00e3o de mulheres que constroem uma trajet\u00f3ria pr\u00f3pria enquanto assumem os pap\u00e9is familiares tradicionais.<\/p>\n<h2 id=\"famille\">Sua vida familiar em 1980<\/h2>\n<p>Em 22 de junho de 1974, Brigitte Trogneux casou-se com Andr\u00e9-Louis Auzi\u00e8re em Touquet-Paris-Plage. Banqueiro de forma\u00e7\u00e3o, nascido em \u00c9s\u00e9ka, Camar\u00f5es, Andr\u00e9-Louis Auzi\u00e8re \u00e9 oriundo de uma fam\u00edlia de altos funcion\u00e1rios. O casal se estabelece no norte da Fran\u00e7a, dentro da \u00f3rbita profissional de Andr\u00e9-Louis.<\/p>\n<p>Em 1980, eles t\u00eam dois filhos:<\/p>\n<ul>\n<li><strong>S\u00e9bastien Auzi\u00e8re<\/strong>, nascido em 1975, futuro engenheiro estat\u00edstico formado pela ENSAI<\/li>\n<li><strong>Laurence Auzi\u00e8re<\/strong>, nascida em 1977, futura cardiologista<\/li>\n<\/ul>\n<p>O terceiro filho do casal, Tiphaine, s\u00f3 nascer\u00e1 em 1984. Em 1980, Brigitte Trogneux \u00e9, portanto, uma jovem m\u00e3e de dois filhos pequenos, enquanto mant\u00e9m uma atividade profissional. Essa capacidade de conciliar a vida familiar e o investimento pessoal constitui uma constante em seu percurso.<\/p>\n<p style=\"background:#fff8e1;border-left:4px solid #f9a825;padding:12px 16px;margin:16px 0\"><strong>A notar:<\/strong> Laurence Auzi\u00e8re, nascida em 1977, ser\u00e1 uma das colegas de classe de Emmanuel Macron no liceu La Providence de Amiens no in\u00edcio dos anos 1990. \u00c9 nesse contexto que Brigitte Trogneux, j\u00e1 professora, encontrar\u00e1 pela primeira vez o futuro presidente.<\/p>\n<h2 id=\"carriere\">Seu percurso profissional na virada dos anos 1980<\/h2>\n<p>Ap\u00f3s obter seu mestrado em letras cl\u00e1ssicas, Brigitte Trogneux segue um caminho profissional at\u00edpico antes de se dedicar ao ensino. No in\u00edcio dos anos 1980, ela ocupa por cerca de dois anos um cargo de assessora de imprensa na c\u00e2mara de com\u00e9rcio do Norte-Pas-de-Calais. Essa passagem pelo mundo da comunica\u00e7\u00e3o e do servi\u00e7o \u00e0s empresas lhe proporciona uma experi\u00eancia da vida profissional fora do mundo acad\u00eamico, rara para uma liter\u00e1ria de sua gera\u00e7\u00e3o.<\/p>\n<p>\u00c9 uma etapa de transi\u00e7\u00e3o: ela prepara paralelamente seu CAPES de letras cl\u00e1ssicas, o concurso nacional que d\u00e1 acesso ao ensino secund\u00e1rio na Fran\u00e7a. Mas o nascimento de Tiphaine em 1984 e a mudan\u00e7a da fam\u00edlia para Truchtersheim (Baixa Als\u00e1cia) no mesmo ano adiam esse projeto. Ela finalmente obter\u00e1 o CAPES em 1986, ap\u00f3s o nascimento de seu terceiro filho.<\/p>\n<h2 id=\"annees80\">Os anos 1980 de Brigitte Macron: cronologia<\/h2>\n<h3>Uma d\u00e9cada de transi\u00e7\u00e3o<\/h3>\n<table style=\"margin-top:0\">\n<thead>\n<tr>\n<th>Ano<\/th>\n<th>Evento<\/th>\n<\/tr>\n<\/thead>\n<tbody>\n<tr>\n<td>1980<\/td>\n<td>27 anos, assessora de imprensa na c\u00e2mara de com\u00e9rcio do Norte-Pas-de-Calais, m\u00e3e de S\u00e9bastien e Laurence<\/td>\n<\/tr>\n<tr>\n<td>1981-1982<\/td>\n<td>Fim de seu cargo de assessora de imprensa, reflex\u00e3o sobre sua reconvers\u00e3o para o ensino<\/td>\n<\/tr>\n<tr>\n<td>1984<\/td>\n<td>Nascimento de Tiphaine Auzi\u00e8re. Mudan\u00e7a para Truchtersheim (Baixa Als\u00e1cia) devido \u00e0 transfer\u00eancia de Andr\u00e9-Louis Auzi\u00e8re<\/td>\n<\/tr>\n<tr>\n<td>1986<\/td>\n<td>Obten\u00e7\u00e3o do CAPES de letras cl\u00e1ssicas<\/td>\n<\/tr>\n<tr>\n<td>1986-1991<\/td>\n<td>Professora de franc\u00eas e latim no col\u00e9gio Lucie-Berger de Estrasburgo<\/td>\n<\/tr>\n<tr>\n<td>1989<\/td>\n<td>Candidata em uma lista sem partido nas elei\u00e7\u00f5es municipais de Truchtersheim, n\u00e3o eleita<\/td>\n<\/tr>\n<\/tbody>\n<\/table>\n<p>Os anos 1980 marcam, portanto, para Brigitte Trogneux uma d\u00e9cada de funda\u00e7\u00f5es: constru\u00e7\u00e3o de sua fam\u00edlia, reconvers\u00e3o profissional, deslocamento geogr\u00e1fico. Nada ainda prev\u00ea a trajet\u00f3ria p\u00fablica e midi\u00e1tica que ser\u00e1 a sua a partir dos anos 2010.<\/p>\n<h2 id=\"apres\">A continua\u00e7\u00e3o do percurso: da professora \u00e0 Primeira dama<\/h2>\n<p>Ap\u00f3s seus anos no col\u00e9gio Lucie-Berger em Estrasburgo (1986-1991), Brigitte Auzi\u00e8re junta-se ao liceu La Providence em Amiens, institui\u00e7\u00e3o cat\u00f3lica onde ensina franc\u00eas e latim e organiza um ateli\u00ea de teatro. \u00c9 nesse contexto, durante o ano letivo de 1992-1993, que ela encontra Emmanuel Macron, ent\u00e3o aluno da segunda s\u00e9rie com 15 anos, e filho espiritual dessa cultura liter\u00e1ria que ela transmite h\u00e1 anos.<\/p>\n<p>Sua carreira como professora seguir\u00e1 at\u00e9 2015, notadamente no prestigiado liceu Saint-Louis-de-Gonzague em Paris (16\u00ba arrondissement), onde conta entre seus alunos com Fr\u00e9d\u00e9ric e Jean Arnault, filhos de Bernard Arnault. Ela encerra sua atividade de professora para apoiar a campanha presidencial de Emmanuel Macron.<\/p>\n<p>Desde 2017, Brigitte Macron \u00e9 Primeira dama da Fran\u00e7a. Ela se envolve em v\u00e1rias causas: luta contra o bullying escolar, inclus\u00e3o de pessoas com defici\u00eancia, prote\u00e7\u00e3o da inf\u00e2ncia. Em junho de 2019, ela \u00e9 eleita presidente da Funda\u00e7\u00e3o dos Hospitais de Paris, sucedendo a Bernadette Chirac.<\/p>\n<h2 id=\"faq\">FAQ \u2014 Brigitte Macron em 1980<\/h2>\n<dl>\n<dt><strong>Qual a idade de Brigitte Macron em 1980?<\/strong><\/dt>\n<dd>Nascida em 13 de abril de 1953 em Amiens, Brigitte Macron tinha 26 anos no in\u00edcio de 1980 e completou 27 anos em abril do mesmo ano.<\/dd>\n<dt><strong>O que Brigitte Macron fazia profissionalmente em 1980?<\/strong><\/dt>\n<dd>No in\u00edcio dos anos 1980, ela trabalhava como assessora de imprensa na c\u00e2mara de com\u00e9rcio do Norte-Pas-de-Calais, cargo que ocupou por cerca de dois anos antes de iniciar sua reconvers\u00e3o para o ensino.<\/dd>\n<dt><strong>Brigitte Macron j\u00e1 era casada em 1980?<\/strong><\/dt>\n<dd>Sim. Ela estava casada com Andr\u00e9-Louis Auzi\u00e8re desde 22 de junho de 1974. Eles tinham dois filhos em 1980: S\u00e9bastien (nascido em 1975) e Laurence (nascida em 1977). Seu terceiro filho, Tiphaine, nascer\u00e1 em 1984.<\/dd>\n<dt><strong>Brigitte Macron j\u00e1 era professora em 1980?<\/strong><\/dt>\n<dd>N\u00e3o. Ela obteve seu CAPES de letras cl\u00e1ssicas em 1986, ap\u00f3s o nascimento de Tiphaine. Sua carreira de professora come\u00e7a oficialmente em 1986 no col\u00e9gio Lucie-Berger de Estrasburgo. Em 1980, ela ainda estava em transi\u00e7\u00e3o profissional.<\/dd>\n<dt><strong>Onde Brigitte Macron morava em 1980?<\/strong><\/dt>\n<dd>Em 1980, a fam\u00edlia residia no norte da Fran\u00e7a, na regi\u00e3o do Norte-Pas-de-Calais, em fun\u00e7\u00e3o das atividades profissionais de Andr\u00e9-Louis Auzi\u00e8re. A fam\u00edlia se mudar\u00e1 para a Als\u00e1cia (Truchtersheim, Baixa Als\u00e1cia) em 1984, devido \u00e0 transfer\u00eancia do marido.<\/dd>\n<\/dl>\n<p>{<br \/>\n  \u00ab\u00a0@context\u00a0\u00bb: \u00ab\u00a0https:\/\/schema.org\u00a0\u00bb,<br \/>\n  \u00ab\u00a0@type\u00a0\u00bb: \u00ab\u00a0Article\u00a0\u00bb,<br \/>\n  \u00ab\u00a0headline\u00a0\u00bb: \u00ab\u00a0Brigitte Macron em 1980: retrato, fam\u00edlia e percurso profissional\u00a0\u00bb,<br \/>\n  \u00ab\u00a0description\u00a0\u00bb: \u00ab\u00a0O que Brigitte Macron fazia em 1980? Idade, vida familiar, carreira, cronologia dos anos 1980: retrato completo da futura Primeira dama antes da notoriedade.\u00a0\u00bb,<br \/>\n  \u00ab\u00a0inLanguage\u00a0\u00bb: \u00ab\u00a0fr\u00a0\u00bb,<br \/>\n  \u00ab\u00a0datePublished\u00a0\u00bb: \u00ab\u00a02026-03-18\u00a0\u00bb,<br \/>\n  \u00ab\u00a0dateModified\u00a0\u00bb: \u00ab\u00a02026-03-18\u00a0\u00bb,<br \/>\n  \u00ab\u00a0about\u00a0\u00bb: {<br \/>\n    \u00ab\u00a0@type\u00a0\u00bb: \u00ab\u00a0Person\u00a0\u00bb,<br \/>\n    \u00ab\u00a0name\u00a0\u00bb: \u00ab\u00a0Brigitte Macron\u00a0\u00bb,<br \/>\n    \u00ab\u00a0birthDate\u00a0\u00bb: \u00ab\u00a01953-04-13\u00a0\u00bb,<br \/>\n    \u00ab\u00a0birthPlace\u00a0\u00bb: \u00ab\u00a0Amiens, Fran\u00e7a\u00a0\u00bb<br \/>\n  }<br \/>\n}<\/p>\n<p>{<br \/>\n  \u00ab\u00a0@context\u00a0\u00bb: \u00ab\u00a0https:\/\/schema.org\u00a0\u00bb,<br \/>\n  \u00ab\u00a0@type\u00a0\u00bb: \u00ab\u00a0FAQPage\u00a0\u00bb,<br \/>\n  \u00ab\u00a0mainEntity\u00a0\u00bb: [<br \/>\n    {<br \/>\n      \u00ab\u00a0@type\u00a0\u00bb: \u00ab\u00a0Question\u00a0\u00bb,<br \/>\n      \u00ab\u00a0name\u00a0\u00bb: \u00ab\u00a0Qual a idade de Brigitte Macron em 1980?\u00a0\u00bb,<br \/>\n      \u00ab\u00a0acceptedAnswer\u00a0\u00bb: { \u00ab\u00a0@type\u00a0\u00bb: \u00ab\u00a0Answer\u00a0\u00bb, \u00ab\u00a0text\u00a0\u00bb: \u00ab\u00a0Nascida em 13 de abril de 1953, Brigitte Macron tinha 26 anos no in\u00edcio de 1980 e completou 27 anos em abril.\u00a0\u00bb }<br \/>\n    },<br \/>\n    {<br \/>\n      \u00ab\u00a0@type\u00a0\u00bb: \u00ab\u00a0Question\u00a0\u00bb,<br \/>\n      \u00ab\u00a0name\u00a0\u00bb: \u00ab\u00a0O que Brigitte Macron fazia profissionalmente em 1980?\u00a0\u00bb,<br \/>\n      \u00ab\u00a0acceptedAnswer\u00a0\u00bb: { \u00ab\u00a0@type\u00a0\u00bb: \u00ab\u00a0Answer\u00a0\u00bb, \u00ab\u00a0text\u00a0\u00bb: \u00ab\u00a0Ela trabalhava como assessora de imprensa na c\u00e2mara de com\u00e9rcio do Norte-Pas-de-Calais, antes de sua reconvers\u00e3o para o ensino.\u00a0\u00bb }<br \/>\n    },<br \/>\n    {<br \/>\n      \u00ab\u00a0@type\u00a0\u00bb: \u00ab\u00a0Question\u00a0\u00bb,<br \/>\n      \u00ab\u00a0name\u00a0\u00bb: \u00ab\u00a0Brigitte Macron j\u00e1 era professora em 1980?\u00a0\u00bb,<br \/>\n      \u00ab\u00a0acceptedAnswer\u00a0\u00bb: { \u00ab\u00a0@type\u00a0\u00bb: \u00ab\u00a0Answer\u00a0\u00bb, \u00ab\u00a0text\u00a0\u00bb: \u00ab\u00a0N\u00e3o. Ela obteve seu CAPES em 1986 e come\u00e7ou sua carreira de professora no col\u00e9gio Lucie-Berger de Estrasburgo no mesmo ano.\u00a0\u00bb }<br \/>\n    },<br \/>\n    {<br \/>\n      \u00ab\u00a0@type\u00a0\u00bb: \u00ab\u00a0Question\u00a0\u00bb,<br \/>\n      \u00ab\u00a0name\u00a0\u00bb: \u00ab\u00a0Brigitte Macron j\u00e1 era casada em 1980?\u00a0\u00bb,<br \/>\n      \u00ab\u00a0acceptedAnswer\u00a0\u00bb: { \u00ab\u00a0@type\u00a0\u00bb: \u00ab\u00a0Answer\u00a0\u00bb, \u00ab\u00a0text\u00a0\u00bb: \u00ab\u00a0Sim, com Andr\u00e9-Louis Auzi\u00e8re desde 1974. Eles tinham dois filhos: S\u00e9bastien (1975) e Laurence (1977).\u00a0\u00bb }<br \/>\n    }<br \/>\n  ]<br \/>\n}<\/p>\n","protected":false},"excerpt":{"rendered":"<p>Em 1980, Brigitte Macron \u2014 nascida Trogneux em 13 de abril de 1953 em Amiens \u2014 tem 27 anos. Longe dos holofotes do \u00c9lys\u00e9e, ela leva uma vida discreta de jovem mulher casada, m\u00e3e de dois filhos, em plena constru\u00e7\u00e3o de sua carreira profissional. Esse per\u00edodo crucial dos anos 1980 \u00e9, no entanto, fundacional: desenha &#8230; <a title=\"Brigitte Macron em 1980: retrato, fam\u00edlia e percurso profissional\" class=\"read-more\" href=\"https:\/\/www.sebastien-auziere.fr\/blog\/pt\/brigitte-macron-em-1980-retrato-familia-e-percurso-profissional\/\" aria-label=\"En savoir plus sur Brigitte Macron em 1980: retrato, fam\u00edlia e percurso profissional\">Lire plus<\/a><\/p>\n","protected":false},"author":4,"featured_media":2533,"comment_status":"open","ping_status":"open","sticky":false,"template":"","format":"standard","meta":{"footnotes":""},"categories":[848],"tags":[],"class_list":["post-2554","post","type-post","status-publish","format-standard","has-post-thumbnail","hentry","category-non-classe-pt"],"yoast_head":"<!-- This site is optimized with the Yoast SEO plugin v27.5 - https:\/\/yoast.com\/product\/yoast-seo-wordpress\/ -->\n<title>Brigitte Macron 1980 : \u00e2ge, vie de famille et carri\u00e8re<\/title>\n<meta name=\"description\" content=\"Que faisait Brigitte Macron en 1980 ? Portrait complet : \u00e2ge, situation familiale, carri\u00e8re professionnelle et chronologie des ann\u00e9es 1980 avant la notori\u00e9t\u00e9.\" \/>\n<meta name=\"robots\" content=\"index, follow, max-snippet:-1, max-image-preview:large, max-video-preview:-1\" \/>\n<link rel=\"canonical\" href=\"https:\/\/www.sebastien-auziere.fr\/blog\/pt\/brigitte-macron-em-1980-retrato-familia-e-percurso-profissional\/\" \/>\n<meta property=\"og:locale\" content=\"fr_FR\" \/>\n<meta property=\"og:type\" content=\"article\" \/>\n<meta property=\"og:title\" content=\"Brigitte Macron 1980 : \u00e2ge, vie de famille et carri\u00e8re\" \/>\n<meta property=\"og:description\" content=\"Que faisait Brigitte Macron en 1980 ? Portrait complet : \u00e2ge, situation familiale, carri\u00e8re professionnelle et chronologie des ann\u00e9es 1980 avant la notori\u00e9t\u00e9.\" \/>\n<meta property=\"og:url\" content=\"https:\/\/www.sebastien-auziere.fr\/blog\/pt\/brigitte-macron-em-1980-retrato-familia-e-percurso-profissional\/\" \/>\n<meta property=\"og:site_name\" content=\"Fan site S\u00e9bastien Auzi\u00e8re\" \/>\n<meta property=\"article:published_time\" content=\"2026-03-18T10:06:26+00:00\" \/>\n<meta property=\"article:modified_time\" content=\"2026-03-18T10:07:32+00:00\" \/>\n<meta property=\"og:image\" content=\"https:\/\/www.sebastien-auziere.fr\/blog\/wp-content\/uploads\/2026\/03\/Capture-decran-2026-03-18-103444.png\" \/>\n\t<meta property=\"og:image:width\" content=\"494\" \/>\n\t<meta property=\"og:image:height\" content=\"333\" \/>\n\t<meta property=\"og:image:type\" content=\"image\/png\" \/>\n<meta name=\"author\" content=\"Celine\" \/>\n<meta name=\"twitter:card\" content=\"summary_large_image\" \/>\n<meta name=\"twitter:label1\" content=\"\u00c9crit par\" \/>\n\t<meta name=\"twitter:data1\" content=\"Celine\" \/>\n\t<meta name=\"twitter:label2\" content=\"Dur\u00e9e de lecture estim\u00e9e\" \/>\n\t<meta name=\"twitter:data2\" content=\"7 minutes\" \/>\n<script type=\"application\/ld+json\" class=\"yoast-schema-graph\">{\"@context\":\"https:\\\/\\\/schema.org\",\"@graph\":[{\"@type\":\"Article\",\"@id\":\"https:\\\/\\\/www.sebastien-auziere.fr\\\/blog\\\/pt\\\/brigitte-macron-em-1980-retrato-familia-e-percurso-profissional\\\/#article\",\"isPartOf\":{\"@id\":\"https:\\\/\\\/www.sebastien-auziere.fr\\\/blog\\\/pt\\\/brigitte-macron-em-1980-retrato-familia-e-percurso-profissional\\\/\"},\"author\":{\"name\":\"Celine\",\"@id\":\"https:\\\/\\\/www.sebastien-auziere.fr\\\/blog\\\/#\\\/schema\\\/person\\\/1e270a963009242469ed08b1c461f81f\"},\"headline\":\"Brigitte Macron em 1980: retrato, fam\u00edlia e percurso profissional\",\"datePublished\":\"2026-03-18T10:06:26+00:00\",\"dateModified\":\"2026-03-18T10:07:32+00:00\",\"mainEntityOfPage\":{\"@id\":\"https:\\\/\\\/www.sebastien-auziere.fr\\\/blog\\\/pt\\\/brigitte-macron-em-1980-retrato-familia-e-percurso-profissional\\\/\"},\"wordCount\":1480,\"commentCount\":0,\"publisher\":{\"@id\":\"https:\\\/\\\/www.sebastien-auziere.fr\\\/blog\\\/#organization\"},\"image\":{\"@id\":\"https:\\\/\\\/www.sebastien-auziere.fr\\\/blog\\\/pt\\\/brigitte-macron-em-1980-retrato-familia-e-percurso-profissional\\\/#primaryimage\"},\"thumbnailUrl\":\"https:\\\/\\\/www.sebastien-auziere.fr\\\/blog\\\/wp-content\\\/uploads\\\/2026\\\/03\\\/Capture-decran-2026-03-18-103444.png\",\"inLanguage\":\"fr-FR\",\"potentialAction\":[{\"@type\":\"CommentAction\",\"name\":\"Comment\",\"target\":[\"https:\\\/\\\/www.sebastien-auziere.fr\\\/blog\\\/pt\\\/brigitte-macron-em-1980-retrato-familia-e-percurso-profissional\\\/#respond\"]}]},{\"@type\":\"WebPage\",\"@id\":\"https:\\\/\\\/www.sebastien-auziere.fr\\\/blog\\\/pt\\\/brigitte-macron-em-1980-retrato-familia-e-percurso-profissional\\\/\",\"url\":\"https:\\\/\\\/www.sebastien-auziere.fr\\\/blog\\\/pt\\\/brigitte-macron-em-1980-retrato-familia-e-percurso-profissional\\\/\",\"name\":\"Brigitte Macron 1980 : \u00e2ge, vie de famille et carri\u00e8re\",\"isPartOf\":{\"@id\":\"https:\\\/\\\/www.sebastien-auziere.fr\\\/blog\\\/#website\"},\"primaryImageOfPage\":{\"@id\":\"https:\\\/\\\/www.sebastien-auziere.fr\\\/blog\\\/pt\\\/brigitte-macron-em-1980-retrato-familia-e-percurso-profissional\\\/#primaryimage\"},\"image\":{\"@id\":\"https:\\\/\\\/www.sebastien-auziere.fr\\\/blog\\\/pt\\\/brigitte-macron-em-1980-retrato-familia-e-percurso-profissional\\\/#primaryimage\"},\"thumbnailUrl\":\"https:\\\/\\\/www.sebastien-auziere.fr\\\/blog\\\/wp-content\\\/uploads\\\/2026\\\/03\\\/Capture-decran-2026-03-18-103444.png\",\"datePublished\":\"2026-03-18T10:06:26+00:00\",\"dateModified\":\"2026-03-18T10:07:32+00:00\",\"description\":\"Que faisait Brigitte Macron en 1980 ? Portrait complet : \u00e2ge, situation familiale, carri\u00e8re professionnelle et chronologie des ann\u00e9es 1980 avant la notori\u00e9t\u00e9.\",\"breadcrumb\":{\"@id\":\"https:\\\/\\\/www.sebastien-auziere.fr\\\/blog\\\/pt\\\/brigitte-macron-em-1980-retrato-familia-e-percurso-profissional\\\/#breadcrumb\"},\"inLanguage\":\"fr-FR\",\"potentialAction\":[{\"@type\":\"ReadAction\",\"target\":[\"https:\\\/\\\/www.sebastien-auziere.fr\\\/blog\\\/pt\\\/brigitte-macron-em-1980-retrato-familia-e-percurso-profissional\\\/\"]}]},{\"@type\":\"ImageObject\",\"inLanguage\":\"fr-FR\",\"@id\":\"https:\\\/\\\/www.sebastien-auziere.fr\\\/blog\\\/pt\\\/brigitte-macron-em-1980-retrato-familia-e-percurso-profissional\\\/#primaryimage\",\"url\":\"https:\\\/\\\/www.sebastien-auziere.fr\\\/blog\\\/wp-content\\\/uploads\\\/2026\\\/03\\\/Capture-decran-2026-03-18-103444.png\",\"contentUrl\":\"https:\\\/\\\/www.sebastien-auziere.fr\\\/blog\\\/wp-content\\\/uploads\\\/2026\\\/03\\\/Capture-decran-2026-03-18-103444.png\",\"width\":494,\"height\":333,\"caption\":\"Brigitte Macron en 1980\"},{\"@type\":\"BreadcrumbList\",\"@id\":\"https:\\\/\\\/www.sebastien-auziere.fr\\\/blog\\\/pt\\\/brigitte-macron-em-1980-retrato-familia-e-percurso-profissional\\\/#breadcrumb\",\"itemListElement\":[{\"@type\":\"ListItem\",\"position\":1,\"name\":\"Home\",\"item\":\"https:\\\/\\\/www.sebastien-auziere.fr\\\/blog\\\/\"},{\"@type\":\"ListItem\",\"position\":2,\"name\":\"Brigitte Macron em 1980: retrato, fam\u00edlia e percurso profissional\"}]},{\"@type\":\"WebSite\",\"@id\":\"https:\\\/\\\/www.sebastien-auziere.fr\\\/blog\\\/#website\",\"url\":\"https:\\\/\\\/www.sebastien-auziere.fr\\\/blog\\\/\",\"name\":\"Fan site S\u00e9bastien Auzi\u00e8re\",\"description\":\"M\u00e9dia g\u00e9n\u00e9raliste\",\"publisher\":{\"@id\":\"https:\\\/\\\/www.sebastien-auziere.fr\\\/blog\\\/#organization\"},\"potentialAction\":[{\"@type\":\"SearchAction\",\"target\":{\"@type\":\"EntryPoint\",\"urlTemplate\":\"https:\\\/\\\/www.sebastien-auziere.fr\\\/blog\\\/?s={search_term_string}\"},\"query-input\":{\"@type\":\"PropertyValueSpecification\",\"valueRequired\":true,\"valueName\":\"search_term_string\"}}],\"inLanguage\":\"fr-FR\"},{\"@type\":\"Organization\",\"@id\":\"https:\\\/\\\/www.sebastien-auziere.fr\\\/blog\\\/#organization\",\"name\":\"Fan site S\u00e9bastien Auzi\u00e8re\",\"url\":\"https:\\\/\\\/www.sebastien-auziere.fr\\\/blog\\\/\",\"logo\":{\"@type\":\"ImageObject\",\"inLanguage\":\"fr-FR\",\"@id\":\"https:\\\/\\\/www.sebastien-auziere.fr\\\/blog\\\/#\\\/schema\\\/logo\\\/image\\\/\",\"url\":\"https:\\\/\\\/www.sebastien-auziere.fr\\\/blog\\\/wp-content\\\/uploads\\\/2026\\\/03\\\/cropped-cropped-cropped-ChatGPT-Image-6-mars-2026-12_58_09-e1772798376794.jpg\",\"contentUrl\":\"https:\\\/\\\/www.sebastien-auziere.fr\\\/blog\\\/wp-content\\\/uploads\\\/2026\\\/03\\\/cropped-cropped-cropped-ChatGPT-Image-6-mars-2026-12_58_09-e1772798376794.jpg\",\"width\":512,\"height\":360,\"caption\":\"Fan site S\u00e9bastien Auzi\u00e8re\"},\"image\":{\"@id\":\"https:\\\/\\\/www.sebastien-auziere.fr\\\/blog\\\/#\\\/schema\\\/logo\\\/image\\\/\"}},{\"@type\":\"Person\",\"@id\":\"https:\\\/\\\/www.sebastien-auziere.fr\\\/blog\\\/#\\\/schema\\\/person\\\/1e270a963009242469ed08b1c461f81f\",\"name\":\"Celine\",\"image\":{\"@type\":\"ImageObject\",\"inLanguage\":\"fr-FR\",\"@id\":\"https:\\\/\\\/secure.gravatar.com\\\/avatar\\\/c88d569fbe1fe19a13c7f21ee0f8973822df96073df21850b95af6a09ba820c9?s=96&d=mm&r=g\",\"url\":\"https:\\\/\\\/secure.gravatar.com\\\/avatar\\\/c88d569fbe1fe19a13c7f21ee0f8973822df96073df21850b95af6a09ba820c9?s=96&d=mm&r=g\",\"contentUrl\":\"https:\\\/\\\/secure.gravatar.com\\\/avatar\\\/c88d569fbe1fe19a13c7f21ee0f8973822df96073df21850b95af6a09ba820c9?s=96&d=mm&r=g\",\"caption\":\"Celine\"},\"description\":\"Je m'appelle C\u00e9line, j'ai 31 ans et je suis journaliste sp\u00e9cialis\u00e9e dans le cin\u00e9ma. Passionn\u00e9e par le septi\u00e8me art, j'explore les actualit\u00e9s, les critiques et les tendances du monde cin\u00e9matographique. Mon objectif est de partager ma passion et d'informer les amateurs de films \u00e0 travers des articles percutants et des analyses approfondies.\",\"url\":\"https:\\\/\\\/www.sebastien-auziere.fr\\\/blog\\\/author\\\/celine\\\/\"}]}<\/script>\n<!-- \/ Yoast SEO plugin. -->","yoast_head_json":{"title":"Brigitte Macron 1980 : \u00e2ge, vie de famille et carri\u00e8re","description":"Que faisait Brigitte Macron en 1980 ? Portrait complet : \u00e2ge, situation familiale, carri\u00e8re professionnelle et chronologie des ann\u00e9es 1980 avant la notori\u00e9t\u00e9.","robots":{"index":"index","follow":"follow","max-snippet":"max-snippet:-1","max-image-preview":"max-image-preview:large","max-video-preview":"max-video-preview:-1"},"canonical":"https:\/\/www.sebastien-auziere.fr\/blog\/pt\/brigitte-macron-em-1980-retrato-familia-e-percurso-profissional\/","og_locale":"fr_FR","og_type":"article","og_title":"Brigitte Macron 1980 : \u00e2ge, vie de famille et carri\u00e8re","og_description":"Que faisait Brigitte Macron en 1980 ? Portrait complet : \u00e2ge, situation familiale, carri\u00e8re professionnelle et chronologie des ann\u00e9es 1980 avant la notori\u00e9t\u00e9.","og_url":"https:\/\/www.sebastien-auziere.fr\/blog\/pt\/brigitte-macron-em-1980-retrato-familia-e-percurso-profissional\/","og_site_name":"Fan site S\u00e9bastien Auzi\u00e8re","article_published_time":"2026-03-18T10:06:26+00:00","article_modified_time":"2026-03-18T10:07:32+00:00","og_image":[{"width":494,"height":333,"url":"https:\/\/www.sebastien-auziere.fr\/blog\/wp-content\/uploads\/2026\/03\/Capture-decran-2026-03-18-103444.png","type":"image\/png"}],"author":"Celine","twitter_card":"summary_large_image","twitter_misc":{"\u00c9crit par":"Celine","Dur\u00e9e de lecture estim\u00e9e":"7 minutes"},"schema":{"@context":"https:\/\/schema.org","@graph":[{"@type":"Article","@id":"https:\/\/www.sebastien-auziere.fr\/blog\/pt\/brigitte-macron-em-1980-retrato-familia-e-percurso-profissional\/#article","isPartOf":{"@id":"https:\/\/www.sebastien-auziere.fr\/blog\/pt\/brigitte-macron-em-1980-retrato-familia-e-percurso-profissional\/"},"author":{"name":"Celine","@id":"https:\/\/www.sebastien-auziere.fr\/blog\/#\/schema\/person\/1e270a963009242469ed08b1c461f81f"},"headline":"Brigitte Macron em 1980: retrato, fam\u00edlia e percurso profissional","datePublished":"2026-03-18T10:06:26+00:00","dateModified":"2026-03-18T10:07:32+00:00","mainEntityOfPage":{"@id":"https:\/\/www.sebastien-auziere.fr\/blog\/pt\/brigitte-macron-em-1980-retrato-familia-e-percurso-profissional\/"},"wordCount":1480,"commentCount":0,"publisher":{"@id":"https:\/\/www.sebastien-auziere.fr\/blog\/#organization"},"image":{"@id":"https:\/\/www.sebastien-auziere.fr\/blog\/pt\/brigitte-macron-em-1980-retrato-familia-e-percurso-profissional\/#primaryimage"},"thumbnailUrl":"https:\/\/www.sebastien-auziere.fr\/blog\/wp-content\/uploads\/2026\/03\/Capture-decran-2026-03-18-103444.png","inLanguage":"fr-FR","potentialAction":[{"@type":"CommentAction","name":"Comment","target":["https:\/\/www.sebastien-auziere.fr\/blog\/pt\/brigitte-macron-em-1980-retrato-familia-e-percurso-profissional\/#respond"]}]},{"@type":"WebPage","@id":"https:\/\/www.sebastien-auziere.fr\/blog\/pt\/brigitte-macron-em-1980-retrato-familia-e-percurso-profissional\/","url":"https:\/\/www.sebastien-auziere.fr\/blog\/pt\/brigitte-macron-em-1980-retrato-familia-e-percurso-profissional\/","name":"Brigitte Macron 1980 : \u00e2ge, vie de famille et carri\u00e8re","isPartOf":{"@id":"https:\/\/www.sebastien-auziere.fr\/blog\/#website"},"primaryImageOfPage":{"@id":"https:\/\/www.sebastien-auziere.fr\/blog\/pt\/brigitte-macron-em-1980-retrato-familia-e-percurso-profissional\/#primaryimage"},"image":{"@id":"https:\/\/www.sebastien-auziere.fr\/blog\/pt\/brigitte-macron-em-1980-retrato-familia-e-percurso-profissional\/#primaryimage"},"thumbnailUrl":"https:\/\/www.sebastien-auziere.fr\/blog\/wp-content\/uploads\/2026\/03\/Capture-decran-2026-03-18-103444.png","datePublished":"2026-03-18T10:06:26+00:00","dateModified":"2026-03-18T10:07:32+00:00","description":"Que faisait Brigitte Macron en 1980 ? Portrait complet : \u00e2ge, situation familiale, carri\u00e8re professionnelle et chronologie des ann\u00e9es 1980 avant la notori\u00e9t\u00e9.","breadcrumb":{"@id":"https:\/\/www.sebastien-auziere.fr\/blog\/pt\/brigitte-macron-em-1980-retrato-familia-e-percurso-profissional\/#breadcrumb"},"inLanguage":"fr-FR","potentialAction":[{"@type":"ReadAction","target":["https:\/\/www.sebastien-auziere.fr\/blog\/pt\/brigitte-macron-em-1980-retrato-familia-e-percurso-profissional\/"]}]},{"@type":"ImageObject","inLanguage":"fr-FR","@id":"https:\/\/www.sebastien-auziere.fr\/blog\/pt\/brigitte-macron-em-1980-retrato-familia-e-percurso-profissional\/#primaryimage","url":"https:\/\/www.sebastien-auziere.fr\/blog\/wp-content\/uploads\/2026\/03\/Capture-decran-2026-03-18-103444.png","contentUrl":"https:\/\/www.sebastien-auziere.fr\/blog\/wp-content\/uploads\/2026\/03\/Capture-decran-2026-03-18-103444.png","width":494,"height":333,"caption":"Brigitte Macron en 1980"},{"@type":"BreadcrumbList","@id":"https:\/\/www.sebastien-auziere.fr\/blog\/pt\/brigitte-macron-em-1980-retrato-familia-e-percurso-profissional\/#breadcrumb","itemListElement":[{"@type":"ListItem","position":1,"name":"Home","item":"https:\/\/www.sebastien-auziere.fr\/blog\/"},{"@type":"ListItem","position":2,"name":"Brigitte Macron em 1980: retrato, fam\u00edlia e percurso profissional"}]},{"@type":"WebSite","@id":"https:\/\/www.sebastien-auziere.fr\/blog\/#website","url":"https:\/\/www.sebastien-auziere.fr\/blog\/","name":"Fan site S\u00e9bastien Auzi\u00e8re","description":"M\u00e9dia g\u00e9n\u00e9raliste","publisher":{"@id":"https:\/\/www.sebastien-auziere.fr\/blog\/#organization"},"potentialAction":[{"@type":"SearchAction","target":{"@type":"EntryPoint","urlTemplate":"https:\/\/www.sebastien-auziere.fr\/blog\/?s={search_term_string}"},"query-input":{"@type":"PropertyValueSpecification","valueRequired":true,"valueName":"search_term_string"}}],"inLanguage":"fr-FR"},{"@type":"Organization","@id":"https:\/\/www.sebastien-auziere.fr\/blog\/#organization","name":"Fan site S\u00e9bastien Auzi\u00e8re","url":"https:\/\/www.sebastien-auziere.fr\/blog\/","logo":{"@type":"ImageObject","inLanguage":"fr-FR","@id":"https:\/\/www.sebastien-auziere.fr\/blog\/#\/schema\/logo\/image\/","url":"https:\/\/www.sebastien-auziere.fr\/blog\/wp-content\/uploads\/2026\/03\/cropped-cropped-cropped-ChatGPT-Image-6-mars-2026-12_58_09-e1772798376794.jpg","contentUrl":"https:\/\/www.sebastien-auziere.fr\/blog\/wp-content\/uploads\/2026\/03\/cropped-cropped-cropped-ChatGPT-Image-6-mars-2026-12_58_09-e1772798376794.jpg","width":512,"height":360,"caption":"Fan site S\u00e9bastien Auzi\u00e8re"},"image":{"@id":"https:\/\/www.sebastien-auziere.fr\/blog\/#\/schema\/logo\/image\/"}},{"@type":"Person","@id":"https:\/\/www.sebastien-auziere.fr\/blog\/#\/schema\/person\/1e270a963009242469ed08b1c461f81f","name":"Celine","image":{"@type":"ImageObject","inLanguage":"fr-FR","@id":"https:\/\/secure.gravatar.com\/avatar\/c88d569fbe1fe19a13c7f21ee0f8973822df96073df21850b95af6a09ba820c9?s=96&d=mm&r=g","url":"https:\/\/secure.gravatar.com\/avatar\/c88d569fbe1fe19a13c7f21ee0f8973822df96073df21850b95af6a09ba820c9?s=96&d=mm&r=g","contentUrl":"https:\/\/secure.gravatar.com\/avatar\/c88d569fbe1fe19a13c7f21ee0f8973822df96073df21850b95af6a09ba820c9?s=96&d=mm&r=g","caption":"Celine"},"description":"Je m'appelle C\u00e9line, j'ai 31 ans et je suis journaliste sp\u00e9cialis\u00e9e dans le cin\u00e9ma. Passionn\u00e9e par le septi\u00e8me art, j'explore les actualit\u00e9s, les critiques et les tendances du monde cin\u00e9matographique. Mon objectif est de partager ma passion et d'informer les amateurs de films \u00e0 travers des articles percutants et des analyses approfondies.","url":"https:\/\/www.sebastien-auziere.fr\/blog\/author\/celine\/"}]}},"views":519,"_links":{"self":[{"href":"https:\/\/www.sebastien-auziere.fr\/blog\/wp-json\/wp\/v2\/posts\/2554","targetHints":{"allow":["GET"]}}],"collection":[{"href":"https:\/\/www.sebastien-auziere.fr\/blog\/wp-json\/wp\/v2\/posts"}],"about":[{"href":"https:\/\/www.sebastien-auziere.fr\/blog\/wp-json\/wp\/v2\/types\/post"}],"author":[{"embeddable":true,"href":"https:\/\/www.sebastien-auziere.fr\/blog\/wp-json\/wp\/v2\/users\/4"}],"replies":[{"embeddable":true,"href":"https:\/\/www.sebastien-auziere.fr\/blog\/wp-json\/wp\/v2\/comments?post=2554"}],"version-history":[{"count":1,"href":"https:\/\/www.sebastien-auziere.fr\/blog\/wp-json\/wp\/v2\/posts\/2554\/revisions"}],"predecessor-version":[{"id":2555,"href":"https:\/\/www.sebastien-auziere.fr\/blog\/wp-json\/wp\/v2\/posts\/2554\/revisions\/2555"}],"wp:featuredmedia":[{"embeddable":true,"href":"https:\/\/www.sebastien-auziere.fr\/blog\/wp-json\/wp\/v2\/media\/2533"}],"wp:attachment":[{"href":"https:\/\/www.sebastien-auziere.fr\/blog\/wp-json\/wp\/v2\/media?parent=2554"}],"wp:term":[{"taxonomy":"category","embeddable":true,"href":"https:\/\/www.sebastien-auziere.fr\/blog\/wp-json\/wp\/v2\/categories?post=2554"},{"taxonomy":"post_tag","embeddable":true,"href":"https:\/\/www.sebastien-auziere.fr\/blog\/wp-json\/wp\/v2\/tags?post=2554"}],"curies":[{"name":"wp","href":"https:\/\/api.w.org\/{rel}","templated":true}]}}