{"id":2551,"date":"2026-03-18T09:58:40","date_gmt":"2026-03-18T09:58:40","guid":{"rendered":"https:\/\/www.sebastien-auziere.fr\/blog\/?p=2551"},"modified":"2026-03-18T09:59:46","modified_gmt":"2026-03-18T09:59:46","slug":"brigitte-macron-im-jahr-1980-portrat-familie-und-beruflicher-werdegang","status":"publish","type":"post","link":"https:\/\/www.sebastien-auziere.fr\/blog\/de\/brigitte-macron-im-jahr-1980-portrat-familie-und-beruflicher-werdegang\/","title":{"rendered":"Brigitte Macron im Jahr 1980: Portr\u00e4t, Familie und beruflicher Werdegang"},"content":{"rendered":"<p>Im Jahr 1980 ist Brigitte Macron \u2014 geborene Trogneux am 13. April 1953 in Amiens \u2014 27 Jahre alt. Abseits der Scheinwerfer des \u00c9lys\u00e9e f\u00fchrt sie ein diskretes Leben als junge verheiratete Frau, Mutter zweier Kinder und befindet sich mitten im Aufbau ihrer beruflichen Karriere. Diese entscheidende Phase der 1980er Jahre ist dennoch pr\u00e4gend: Sie skizziert die Konturen der \u00f6ffentlichen Frau, die sie Jahrzehnte sp\u00e4ter werden wird.<\/p>\n<ul>\n<li>Im Jahr 1980 ist Brigitte Trogneux seit 1974 mit Andr\u00e9-Louis Auzi\u00e8re verheiratet und Mutter von S\u00e9bastien (geboren 1975) und Laurence (geboren 1977).<\/li>\n<li>Sie arbeitet damals als Pressemitarbeiterin in der Handelskammer des Nord-Pas-de-Calais, eine Position, die sie in den fr\u00fchen 1980er Jahren f\u00fcr zwei Jahre innehat.<\/li>\n<li>Inhaber eines Masters in klassischen Literatur, bereitet sie ihren Wechsel in den Lehrberuf vor.<\/li>\n<li>Die Familie wird 1984 nach Truchtersheim (Bas-Rhin) umziehen, infolge der beruflichen Versetzung ihres Mannes.<\/li>\n<li>Ihr drittes Kind, Tiphaine, wird 1984 geboren, nach dessen Geburt wird sie 1986 das CAPES f\u00fcr klassische Literatur ablegen.<\/li>\n<\/ul>\n<p><strong>Inhaltsverzeichnis:<\/strong> <a href=\"#portrait\">Portr\u00e4t 1980<\/a> \u00b7 <a href=\"#famille\">Familienleben<\/a> \u00b7 <a href=\"#carriere\">Beruflicher Werdegang<\/a> \u00b7 <a href=\"#annees80\">Die 1980er Jahre im Ganzen<\/a> \u00b7 <a href=\"#apres\">Der weitere Werdegang<\/a> \u00b7 <a href=\"#faq\">FAQ<\/a><\/p>\n<h2 id=\"portrait\">Brigitte Macron 1980: Portr\u00e4t einer diskreten Frau<\/h2>\n<p>Im Jahr 1980 ist Brigitte Trogneux noch keine \u00f6ffentliche Person. Sie ist eine 27-j\u00e4hrige Frau aus einer b\u00fcrgerlichen Familie in Amiens, den Trogneux, die in der Region f\u00fcr ihre im 19. Jahrhundert gegr\u00fcndete Schokoladenfabrik bekannt ist. Als J\u00fcngste von sechs Kindern ist sie in einem sowohl kultivierten als auch provinziellen Umfeld aufgewachsen, gepr\u00e4gt von katholischen Werten und einer ausgepr\u00e4gten Vorliebe f\u00fcr Literatur und Theater.<\/p>\n<p>Als brillante Sch\u00fclerin am Sacr\u00e9-C\u0153ur-Lyzeum in Amiens hat sie 1972 ihr Abitur mit sehr gutem Ergebnis bestanden. Anschlie\u00dfend hat sie einen Master in klassischer Literatur erworben und widmete ihre Abschlussarbeit dem Thema der h\u00f6fischen Liebe \u2014 ein Thema, das retrospektiv bemerkenswert mit ihrem pers\u00f6nlichen Werdegang resoniert. Mit 27 Jahren tr\u00e4gt sie bereits die Merkmale, die sie ihr ganzes Leben lang charakterisieren werden: eine tiefe Vorliebe f\u00fcr Literatur, eine ansteckende Energie und eine ausgepr\u00e4gte Pers\u00f6nlichkeit.<\/p>\n<p>Das Frankreich von 1980 ist das von Val\u00e9ry Giscard d&rsquo;Estaing, nur wenige Monate vor der Wahl von Fran\u00e7ois Mitterrand. Das Land durchlebt eine Phase kultureller und sozialer Umw\u00e4lzungen: Frauen dringen in qualifizierte Berufe ein, der Feminismus ver\u00e4ndert die famili\u00e4ren und beruflichen Beziehungen. Brigitte Trogneux geh\u00f6rt zu jener Generation von Frauen, die ihren eigenen Weg gehen und gleichzeitig die traditionellen Familienrollen \u00fcbernehmen.<\/p>\n<h2 id=\"famille\">Ihr Familienleben im Jahr 1980<\/h2>\n<p>Am 22. Juni 1974 heiratet Brigitte Trogneux Andr\u00e9-Louis Auzi\u00e8re in Le Touquet-Paris-Plage. Bankier von Beruf, geboren in \u00c9s\u00e9ka in Kamerun, stammt Andr\u00e9-Louis Auzi\u00e8re aus einer Familie von hohen Beamten. Das Paar l\u00e4sst sich im Norden Frankreichs nieder, im beruflichen Umfeld von Andr\u00e9-Louis.<\/p>\n<p>Im Jahr 1980 haben sie zwei Kinder:<\/p>\n<ul>\n<li><strong>S\u00e9bastien Auzi\u00e8re<\/strong>, geboren 1975, zuk\u00fcnftiger Ingenieur f\u00fcr Statistik, Absolvent der ENSAI<\/li>\n<li><strong>Laurence Auzi\u00e8re<\/strong>, geboren 1977, zuk\u00fcnftige Kardiologin<\/li>\n<\/ul>\n<p>Das dritte Kind des Paares, Tiphaine, wird erst 1984 geboren. Im Jahr 1980 ist Brigitte Trogneux also eine junge Mutter von zwei kleinen Kindern, w\u00e4hrend sie weiterhin beruflich aktiv ist. Diese F\u00e4higkeit, Familienleben und pers\u00f6nliche Investition zu vereinbaren, ist eine Konstante ihres Werdegangs.<\/p>\n<p style=\"background:#fff8e1;border-left:4px solid #f9a825;padding:12px 16px;margin:16px 0\"><strong>Zu beachten:<\/strong> Laurence Auzi\u00e8re, geboren 1977, wird in den fr\u00fchen 1990er Jahren eine Klassenkameradin von Emmanuel Macron am Lyc\u00e9e La Providence in Amiens. In diesem Kontext wird Brigitte Trogneux, die Lehrerin geworden ist, zum ersten Mal den k\u00fcnftigen Pr\u00e4sidenten treffen.<\/p>\n<h2 id=\"carriere\">Ihr beruflicher Werdegang an der Wende der 1980er Jahre<\/h2>\n<p>Nach dem Erwerb ihres Masters in klassischer Literatur schl\u00e4gt Brigitte Trogneux einen unkonventionellen Berufsweg ein, bevor sie sich dem Lehrberuf widmet. Zu Beginn der 1980er Jahre hat sie etwa zwei Jahre lang einen Job als Pressemitarbeiterin in der Handelskammer des Nord-Pas-de-Calais. Dieser Zwischenaufenthalt in der Welt der Kommunikation und des Unternehmensservices gibt ihr eine Erfahrung im Berufsleben au\u00dferhalb der akademischen Welt, die f\u00fcr eine Literatin ihrer Generation selten ist.<\/p>\n<p>Es ist eine \u00dcbergangsphase: Sie bereitet parallel ihr CAPES f\u00fcr klassische Literatur vor, dem nationalen Wettbewerb, der den Zugang zum Sekundarschulunterricht in Frankreich erm\u00f6glicht. Doch die Geburt von Tiphaine im Jahr 1984 und der Umzug der Familie nach Truchtersheim (Bas-Rhin) im selben Jahr verschieben dieses Projekt. Schlie\u00dflich wird sie das CAPES 1986, nach der Geburt ihres dritten Kindes, bestehen.<\/p>\n<h2 id=\"annees80\">Die 1980er Jahre von Brigitte Macron: Chronologie<\/h2>\n<h3>Ein Jahrzehnt des Wandels<\/h3>\n<table style=\"margin-top:0\">\n<thead>\n<tr>\n<th>Jahr<\/th>\n<th>Ereignis<\/th>\n<\/tr>\n<\/thead>\n<tbody>\n<tr>\n<td>1980<\/td>\n<td>27 Jahre, Pressemitarbeiterin in der Handelskammer des Nord-Pas-de-Calais, Mutter von S\u00e9bastien und Laurence<\/td>\n<\/tr>\n<tr>\n<td>1981-1982<\/td>\n<td>Ende ihrer Stelle als Pressemitarbeiterin, \u00dcberlegungen zu ihrem Wechsel in den Lehrberuf<\/td>\n<\/tr>\n<tr>\n<td>1984<\/td>\n<td>Geburt von Tiphaine Auzi\u00e8re. Umzug nach Truchtersheim (Bas-Rhin) aufgrund der Versetzung von Andr\u00e9-Louis Auzi\u00e8re<\/td>\n<\/tr>\n<tr>\n<td>1986<\/td>\n<td>Erwerb des CAPES f\u00fcr klassische Literatur<\/td>\n<\/tr>\n<tr>\n<td>1986-1991<\/td>\n<td>Lehrerin f\u00fcr Franz\u00f6sisch und Latein am Coll\u00e8ge Lucie-Berger in Stra\u00dfburg<\/td>\n<\/tr>\n<tr>\n<td>1989<\/td>\n<td>Er kandidiert auf einer parteilosen Liste bei den Kommunalwahlen in Truchtersheim, wird nicht gew\u00e4hlt<\/td>\n<\/tr>\n<\/tbody>\n<\/table>\n<p>Die 1980er Jahre markieren f\u00fcr Brigitte Trogneux ein Jahrzehnt der Grundlagen: Aufbau ihrer Familie, berufliche Umorientierung, geografische Entwurzelung. Nichts deutet bisher auf den \u00f6ffentlichen und medialen Werdegang hin, den sie ab den 2010er Jahren nehmen wird.<\/p>\n<h2 id=\"apres\">Der weitere Werdegang: von der Lehrerin zur First Lady<\/h2>\n<p>Nach ihren Jahren am Coll\u00e8ge Lucie-Berger in Stra\u00dfburg (1986-1991) wechselt Brigitte Auzi\u00e8re an das Lyc\u00e9e La Providence in Amiens, eine katholische Einrichtung, an der sie Franz\u00f6sisch und Latein unterrichtet und einen Theaterworkshop leitet. In diesem Rahmen trifft sie im Schuljahr 1992-1993 auf Emmanuel Macron, der damals 15 Jahre alt ist und einen Sch\u00fcler der 10. Klasse ist, sowie den geistigen Sohn dieser literarischen Kultur, die sie seit Jahren weitergibt.<\/p>\n<p>Ihre Lehrt\u00e4tigkeit wird bis 2015 fortgesetzt, insbesondere am renommierten Lyc\u00e9e Saint-Louis-de-Gonzague in Paris (16. Arrondissement), wo sie unter ihren Sch\u00fclern Fr\u00e9d\u00e9ric und Jean Arnault, S\u00f6hne von Bernard Arnault, hat. Sie beendet ihre Lehrt\u00e4tigkeit, um die Pr\u00e4sidentschaftskampagne von Emmanuel Macron zu unterst\u00fctzen.<\/p>\n<p>Seit 2017 ist Brigitte Macron die First Lady von Frankreich. Sie engagiert sich f\u00fcr mehrere Anliegen: Bek\u00e4mpfung von Mobbing in Schulen, Inklusion von Menschen mit Behinderungen, Kinderschutz. Im Juni 2019 wird sie zur Pr\u00e4sidentin der Stiftung der Pariser Krankenh\u00e4user gew\u00e4hlt und tritt die Nachfolge von Bernadette Chirac an.<\/p>\n<h2 id=\"faq\">FAQ \u2014 Brigitte Macron im Jahr 1980<\/h2>\n<dl>\n<dt><strong>Wie alt war Brigitte Macron im Jahr 1980?<\/strong><\/dt>\n<dd>Geboren am 13. April 1953 in Amiens, war Brigitte Macron zu Beginn des Jahres 1980 26 Jahre alt und feierte im April desselben Jahres ihren 27. Geburtstag.<\/dd>\n<dt><strong>Was machte Brigitte Macron beruflich im Jahr 1980?<\/strong><\/dt>\n<dd>Zu Beginn der 1980er Jahre arbeitete sie als Pressemitarbeiterin in der Handelskammer des Nord-Pas-de-Calais, eine Stelle, die sie ungef\u00e4hr zwei Jahre lang innehatte, bevor sie ihren Wechsel in den Lehrberuf begann.<\/dd>\n<dt><strong>War Brigitte Macron 1980 schon verheiratet?<\/strong><\/dt>\n<dd>Ja. Sie war seit dem 22. Juni 1974 mit Andr\u00e9-Louis Auzi\u00e8re verheiratet. 1980 hatten sie zwei Kinder: S\u00e9bastien (geboren 1975) und Laurence (geboren 1977). Ihr drittes Kind, Tiphaine, wird 1984 geboren.<\/dd>\n<dt><strong>War Brigitte Macron 1980 schon Lehrerin?<\/strong><\/dt>\n<dd>Nein. Sie erhielt ihr CAPES in klassischer Literatur 1986, nach der Geburt von Tiphaine. Ihre Lehrkarriere begann offiziell 1986 am Coll\u00e8ge Lucie-Berger in Stra\u00dfburg. 1980 befand sie sich noch in einer beruflichen \u00dcbergangsphase.<\/dd>\n<dt><strong>Wo lebte Brigitte Macron 1980?<\/strong><\/dt>\n<dd>Im Jahr 1980 lebte die Familie im Norden Frankreichs, in der Region Nord-Pas-de-Calais, im Zusammenhang mit den beruflichen Aktivit\u00e4ten von Andr\u00e9-Louis Auzi\u00e8re. Die Familie zog 1984 nach Alsace (Truchtersheim, Bas-Rhin) aufgrund der Versetzung des Mannes.<\/dd>\n<\/dl>\n<p>{<br \/>\n  \u00ab\u00a0@context\u00a0\u00bb: \u00ab\u00a0https:\/\/schema.org\u00a0\u00bb,<br \/>\n  \u00ab\u00a0@type\u00a0\u00bb: \u00ab\u00a0Article\u00a0\u00bb,<br \/>\n  \u00ab\u00a0headline\u00a0\u00bb: \u00ab\u00a0Brigitte Macron im Jahr 1980: Portr\u00e4t, Familie und beruflicher Werdegang\u00a0\u00bb,<br \/>\n  \u00ab\u00a0description\u00a0\u00bb: \u00ab\u00a0Was machte Brigitte Macron im Jahr 1980? Alter, Familienleben, Karriere, Chronologie der 1980er Jahre: vollst\u00e4ndiges Portr\u00e4t der zuk\u00fcnftigen First Lady vor der Bekanntheit.\u00a0\u00bb,<br \/>\n  \u00ab\u00a0inLanguage\u00a0\u00bb: \u00ab\u00a0de\u00a0\u00bb,<br \/>\n  \u00ab\u00a0datePublished\u00a0\u00bb: \u00ab\u00a02026-03-18\u00a0\u00bb,<br \/>\n  \u00ab\u00a0dateModified\u00a0\u00bb: \u00ab\u00a02026-03-18\u00a0\u00bb,<br \/>\n  \u00ab\u00a0about\u00a0\u00bb: {<br \/>\n    \u00ab\u00a0@type\u00a0\u00bb: \u00ab\u00a0Person\u00a0\u00bb,<br \/>\n    \u00ab\u00a0name\u00a0\u00bb: \u00ab\u00a0Brigitte Macron\u00a0\u00bb,<br \/>\n    \u00ab\u00a0birthDate\u00a0\u00bb: \u00ab\u00a01953-04-13\u00a0\u00bb,<br \/>\n    \u00ab\u00a0birthPlace\u00a0\u00bb: \u00ab\u00a0Amiens, Frankreich\u00a0\u00bb<br \/>\n  }<br \/>\n}<\/p>\n<p>{<br \/>\n  \u00ab\u00a0@context\u00a0\u00bb: \u00ab\u00a0https:\/\/schema.org\u00a0\u00bb,<br \/>\n  \u00ab\u00a0@type\u00a0\u00bb: \u00ab\u00a0FAQPage\u00a0\u00bb,<br \/>\n  \u00ab\u00a0mainEntity\u00a0\u00bb: [<br \/>\n    {<br \/>\n      \u00ab\u00a0@type\u00a0\u00bb: \u00ab\u00a0Question\u00a0\u00bb,<br \/>\n      \u00ab\u00a0name\u00a0\u00bb: \u00ab\u00a0Wie alt war Brigitte Macron im Jahr 1980?\u00a0\u00bb,<br \/>\n      \u00ab\u00a0acceptedAnswer\u00a0\u00bb: { \u00ab\u00a0@type\u00a0\u00bb: \u00ab\u00a0Answer\u00a0\u00bb, \u00ab\u00a0text\u00a0\u00bb: \u00ab\u00a0Geboren am 13. April 1953, war Brigitte Macron zu Beginn des Jahres 1980 26 Jahre alt und feierte ihren 27. Geburtstag im April.\u00a0\u00bb }<br \/>\n    },<br \/>\n    {<br \/>\n      \u00ab\u00a0@type\u00a0\u00bb: \u00ab\u00a0Question\u00a0\u00bb,<br \/>\n      \u00ab\u00a0name\u00a0\u00bb: \u00ab\u00a0Was machte Brigitte Macron beruflich im Jahr 1980?\u00a0\u00bb,<br \/>\n      \u00ab\u00a0acceptedAnswer\u00a0\u00bb: { \u00ab\u00a0@type\u00a0\u00bb: \u00ab\u00a0Answer\u00a0\u00bb, \u00ab\u00a0text\u00a0\u00bb: \u00ab\u00a0Sie arbeitete als Pressemitarbeiterin in der Handelskammer des Nord-Pas-de-Calais, bevor sie in den Lehrberuf wechselte.\u00a0\u00bb }<br \/>\n    },<br \/>\n    {<br \/>\n      \u00ab\u00a0@type\u00a0\u00bb: \u00ab\u00a0Question\u00a0\u00bb,<br \/>\n      \u00ab\u00a0name\u00a0\u00bb: \u00ab\u00a0War Brigitte Macron im Jahr 1980 Lehrerin?\u00a0\u00bb,<br \/>\n      \u00ab\u00a0acceptedAnswer\u00a0\u00bb: { \u00ab\u00a0@type\u00a0\u00bb: \u00ab\u00a0Answer\u00a0\u00bb, \u00ab\u00a0text\u00a0\u00bb: \u00ab\u00a0Nein. Sie erhielt ihr CAPES 1986 und begann ihre Lehrkarriere im selben Jahr am Coll\u00e8ge Lucie-Berger in Stra\u00dfburg.\u00a0\u00bb }<br \/>\n    },<br \/>\n    {<br \/>\n      \u00ab\u00a0@type\u00a0\u00bb: \u00ab\u00a0Question\u00a0\u00bb,<br \/>\n      \u00ab\u00a0name\u00a0\u00bb: \u00ab\u00a0War Brigitte Macron im Jahr 1980 verheiratet?\u00a0\u00bb,<br \/>\n      \u00ab\u00a0acceptedAnswer\u00a0\u00bb: { \u00ab\u00a0@type\u00a0\u00bb: \u00ab\u00a0Answer\u00a0\u00bb, \u00ab\u00a0text\u00a0\u00bb: \u00ab\u00a0Ja, mit Andr\u00e9-Louis Auzi\u00e8re seit 1974. Sie hatten zwei Kinder: S\u00e9bastien (1975) und Laurence (1977).\u00a0\u00bb }<br \/>\n    }<br \/>\n  ]<br \/>\n}<\/p>\n","protected":false},"excerpt":{"rendered":"<p>Im Jahr 1980 ist Brigitte Macron \u2014 geborene Trogneux am 13. April 1953 in Amiens \u2014 27 Jahre alt. Abseits der Scheinwerfer des \u00c9lys\u00e9e f\u00fchrt sie ein diskretes Leben als junge verheiratete Frau, Mutter zweier Kinder und befindet sich mitten im Aufbau ihrer beruflichen Karriere. Diese entscheidende Phase der 1980er Jahre ist dennoch pr\u00e4gend: Sie &#8230; <a title=\"Brigitte Macron im Jahr 1980: Portr\u00e4t, Familie und beruflicher Werdegang\" class=\"read-more\" href=\"https:\/\/www.sebastien-auziere.fr\/blog\/de\/brigitte-macron-im-jahr-1980-portrat-familie-und-beruflicher-werdegang\/\" aria-label=\"En savoir plus sur Brigitte Macron im Jahr 1980: Portr\u00e4t, Familie und beruflicher Werdegang\">Lire plus<\/a><\/p>\n","protected":false},"author":4,"featured_media":2533,"comment_status":"open","ping_status":"open","sticky":false,"template":"","format":"standard","meta":{"footnotes":""},"categories":[838],"tags":[],"class_list":["post-2551","post","type-post","status-publish","format-standard","has-post-thumbnail","hentry","category-non-classe-de"],"yoast_head":"<!-- This site is optimized with the Yoast SEO plugin v27.5 - https:\/\/yoast.com\/product\/yoast-seo-wordpress\/ -->\n<title>Brigitte Macron 1980 : \u00e2ge, vie de famille et carri\u00e8re<\/title>\n<meta name=\"description\" content=\"Que faisait Brigitte Macron en 1980 ? Portrait complet : \u00e2ge, situation familiale, carri\u00e8re professionnelle et chronologie des ann\u00e9es 1980 avant la notori\u00e9t\u00e9.\" \/>\n<meta name=\"robots\" content=\"index, follow, max-snippet:-1, max-image-preview:large, max-video-preview:-1\" \/>\n<link rel=\"canonical\" href=\"https:\/\/www.sebastien-auziere.fr\/blog\/de\/brigitte-macron-im-jahr-1980-portrat-familie-und-beruflicher-werdegang\/\" \/>\n<meta property=\"og:locale\" content=\"fr_FR\" \/>\n<meta property=\"og:type\" content=\"article\" \/>\n<meta property=\"og:title\" content=\"Brigitte Macron 1980 : \u00e2ge, vie de famille et carri\u00e8re\" \/>\n<meta property=\"og:description\" content=\"Que faisait Brigitte Macron en 1980 ? Portrait complet : \u00e2ge, situation familiale, carri\u00e8re professionnelle et chronologie des ann\u00e9es 1980 avant la notori\u00e9t\u00e9.\" \/>\n<meta property=\"og:url\" content=\"https:\/\/www.sebastien-auziere.fr\/blog\/de\/brigitte-macron-im-jahr-1980-portrat-familie-und-beruflicher-werdegang\/\" \/>\n<meta property=\"og:site_name\" content=\"Fan site S\u00e9bastien Auzi\u00e8re\" \/>\n<meta property=\"article:published_time\" content=\"2026-03-18T09:58:40+00:00\" \/>\n<meta property=\"article:modified_time\" content=\"2026-03-18T09:59:46+00:00\" \/>\n<meta property=\"og:image\" content=\"https:\/\/www.sebastien-auziere.fr\/blog\/wp-content\/uploads\/2026\/03\/Capture-decran-2026-03-18-103444.png\" \/>\n\t<meta property=\"og:image:width\" content=\"494\" \/>\n\t<meta property=\"og:image:height\" content=\"333\" \/>\n\t<meta property=\"og:image:type\" content=\"image\/png\" \/>\n<meta name=\"author\" content=\"Celine\" \/>\n<meta name=\"twitter:card\" content=\"summary_large_image\" \/>\n<meta name=\"twitter:label1\" content=\"\u00c9crit par\" \/>\n\t<meta name=\"twitter:data1\" content=\"Celine\" \/>\n\t<meta name=\"twitter:label2\" content=\"Dur\u00e9e de lecture estim\u00e9e\" \/>\n\t<meta name=\"twitter:data2\" content=\"7 minutes\" \/>\n<script type=\"application\/ld+json\" class=\"yoast-schema-graph\">{\"@context\":\"https:\\\/\\\/schema.org\",\"@graph\":[{\"@type\":\"Article\",\"@id\":\"https:\\\/\\\/www.sebastien-auziere.fr\\\/blog\\\/de\\\/brigitte-macron-im-jahr-1980-portrat-familie-und-beruflicher-werdegang\\\/#article\",\"isPartOf\":{\"@id\":\"https:\\\/\\\/www.sebastien-auziere.fr\\\/blog\\\/de\\\/brigitte-macron-im-jahr-1980-portrat-familie-und-beruflicher-werdegang\\\/\"},\"author\":{\"name\":\"Celine\",\"@id\":\"https:\\\/\\\/www.sebastien-auziere.fr\\\/blog\\\/#\\\/schema\\\/person\\\/1e270a963009242469ed08b1c461f81f\"},\"headline\":\"Brigitte Macron im Jahr 1980: Portr\u00e4t, Familie und beruflicher Werdegang\",\"datePublished\":\"2026-03-18T09:58:40+00:00\",\"dateModified\":\"2026-03-18T09:59:46+00:00\",\"mainEntityOfPage\":{\"@id\":\"https:\\\/\\\/www.sebastien-auziere.fr\\\/blog\\\/de\\\/brigitte-macron-im-jahr-1980-portrat-familie-und-beruflicher-werdegang\\\/\"},\"wordCount\":1397,\"commentCount\":0,\"publisher\":{\"@id\":\"https:\\\/\\\/www.sebastien-auziere.fr\\\/blog\\\/#organization\"},\"image\":{\"@id\":\"https:\\\/\\\/www.sebastien-auziere.fr\\\/blog\\\/de\\\/brigitte-macron-im-jahr-1980-portrat-familie-und-beruflicher-werdegang\\\/#primaryimage\"},\"thumbnailUrl\":\"https:\\\/\\\/www.sebastien-auziere.fr\\\/blog\\\/wp-content\\\/uploads\\\/2026\\\/03\\\/Capture-decran-2026-03-18-103444.png\",\"inLanguage\":\"fr-FR\",\"potentialAction\":[{\"@type\":\"CommentAction\",\"name\":\"Comment\",\"target\":[\"https:\\\/\\\/www.sebastien-auziere.fr\\\/blog\\\/de\\\/brigitte-macron-im-jahr-1980-portrat-familie-und-beruflicher-werdegang\\\/#respond\"]}]},{\"@type\":\"WebPage\",\"@id\":\"https:\\\/\\\/www.sebastien-auziere.fr\\\/blog\\\/de\\\/brigitte-macron-im-jahr-1980-portrat-familie-und-beruflicher-werdegang\\\/\",\"url\":\"https:\\\/\\\/www.sebastien-auziere.fr\\\/blog\\\/de\\\/brigitte-macron-im-jahr-1980-portrat-familie-und-beruflicher-werdegang\\\/\",\"name\":\"Brigitte Macron 1980 : \u00e2ge, vie de famille et carri\u00e8re\",\"isPartOf\":{\"@id\":\"https:\\\/\\\/www.sebastien-auziere.fr\\\/blog\\\/#website\"},\"primaryImageOfPage\":{\"@id\":\"https:\\\/\\\/www.sebastien-auziere.fr\\\/blog\\\/de\\\/brigitte-macron-im-jahr-1980-portrat-familie-und-beruflicher-werdegang\\\/#primaryimage\"},\"image\":{\"@id\":\"https:\\\/\\\/www.sebastien-auziere.fr\\\/blog\\\/de\\\/brigitte-macron-im-jahr-1980-portrat-familie-und-beruflicher-werdegang\\\/#primaryimage\"},\"thumbnailUrl\":\"https:\\\/\\\/www.sebastien-auziere.fr\\\/blog\\\/wp-content\\\/uploads\\\/2026\\\/03\\\/Capture-decran-2026-03-18-103444.png\",\"datePublished\":\"2026-03-18T09:58:40+00:00\",\"dateModified\":\"2026-03-18T09:59:46+00:00\",\"description\":\"Que faisait Brigitte Macron en 1980 ? Portrait complet : \u00e2ge, situation familiale, carri\u00e8re professionnelle et chronologie des ann\u00e9es 1980 avant la notori\u00e9t\u00e9.\",\"breadcrumb\":{\"@id\":\"https:\\\/\\\/www.sebastien-auziere.fr\\\/blog\\\/de\\\/brigitte-macron-im-jahr-1980-portrat-familie-und-beruflicher-werdegang\\\/#breadcrumb\"},\"inLanguage\":\"fr-FR\",\"potentialAction\":[{\"@type\":\"ReadAction\",\"target\":[\"https:\\\/\\\/www.sebastien-auziere.fr\\\/blog\\\/de\\\/brigitte-macron-im-jahr-1980-portrat-familie-und-beruflicher-werdegang\\\/\"]}]},{\"@type\":\"ImageObject\",\"inLanguage\":\"fr-FR\",\"@id\":\"https:\\\/\\\/www.sebastien-auziere.fr\\\/blog\\\/de\\\/brigitte-macron-im-jahr-1980-portrat-familie-und-beruflicher-werdegang\\\/#primaryimage\",\"url\":\"https:\\\/\\\/www.sebastien-auziere.fr\\\/blog\\\/wp-content\\\/uploads\\\/2026\\\/03\\\/Capture-decran-2026-03-18-103444.png\",\"contentUrl\":\"https:\\\/\\\/www.sebastien-auziere.fr\\\/blog\\\/wp-content\\\/uploads\\\/2026\\\/03\\\/Capture-decran-2026-03-18-103444.png\",\"width\":494,\"height\":333,\"caption\":\"Brigitte Macron en 1980\"},{\"@type\":\"BreadcrumbList\",\"@id\":\"https:\\\/\\\/www.sebastien-auziere.fr\\\/blog\\\/de\\\/brigitte-macron-im-jahr-1980-portrat-familie-und-beruflicher-werdegang\\\/#breadcrumb\",\"itemListElement\":[{\"@type\":\"ListItem\",\"position\":1,\"name\":\"Home\",\"item\":\"https:\\\/\\\/www.sebastien-auziere.fr\\\/blog\\\/\"},{\"@type\":\"ListItem\",\"position\":2,\"name\":\"Brigitte Macron im Jahr 1980: Portr\u00e4t, Familie und beruflicher Werdegang\"}]},{\"@type\":\"WebSite\",\"@id\":\"https:\\\/\\\/www.sebastien-auziere.fr\\\/blog\\\/#website\",\"url\":\"https:\\\/\\\/www.sebastien-auziere.fr\\\/blog\\\/\",\"name\":\"Fan site S\u00e9bastien Auzi\u00e8re\",\"description\":\"M\u00e9dia g\u00e9n\u00e9raliste\",\"publisher\":{\"@id\":\"https:\\\/\\\/www.sebastien-auziere.fr\\\/blog\\\/#organization\"},\"potentialAction\":[{\"@type\":\"SearchAction\",\"target\":{\"@type\":\"EntryPoint\",\"urlTemplate\":\"https:\\\/\\\/www.sebastien-auziere.fr\\\/blog\\\/?s={search_term_string}\"},\"query-input\":{\"@type\":\"PropertyValueSpecification\",\"valueRequired\":true,\"valueName\":\"search_term_string\"}}],\"inLanguage\":\"fr-FR\"},{\"@type\":\"Organization\",\"@id\":\"https:\\\/\\\/www.sebastien-auziere.fr\\\/blog\\\/#organization\",\"name\":\"Fan site S\u00e9bastien Auzi\u00e8re\",\"url\":\"https:\\\/\\\/www.sebastien-auziere.fr\\\/blog\\\/\",\"logo\":{\"@type\":\"ImageObject\",\"inLanguage\":\"fr-FR\",\"@id\":\"https:\\\/\\\/www.sebastien-auziere.fr\\\/blog\\\/#\\\/schema\\\/logo\\\/image\\\/\",\"url\":\"https:\\\/\\\/www.sebastien-auziere.fr\\\/blog\\\/wp-content\\\/uploads\\\/2026\\\/03\\\/cropped-cropped-cropped-ChatGPT-Image-6-mars-2026-12_58_09-e1772798376794.jpg\",\"contentUrl\":\"https:\\\/\\\/www.sebastien-auziere.fr\\\/blog\\\/wp-content\\\/uploads\\\/2026\\\/03\\\/cropped-cropped-cropped-ChatGPT-Image-6-mars-2026-12_58_09-e1772798376794.jpg\",\"width\":512,\"height\":360,\"caption\":\"Fan site S\u00e9bastien Auzi\u00e8re\"},\"image\":{\"@id\":\"https:\\\/\\\/www.sebastien-auziere.fr\\\/blog\\\/#\\\/schema\\\/logo\\\/image\\\/\"}},{\"@type\":\"Person\",\"@id\":\"https:\\\/\\\/www.sebastien-auziere.fr\\\/blog\\\/#\\\/schema\\\/person\\\/1e270a963009242469ed08b1c461f81f\",\"name\":\"Celine\",\"image\":{\"@type\":\"ImageObject\",\"inLanguage\":\"fr-FR\",\"@id\":\"https:\\\/\\\/secure.gravatar.com\\\/avatar\\\/c88d569fbe1fe19a13c7f21ee0f8973822df96073df21850b95af6a09ba820c9?s=96&d=mm&r=g\",\"url\":\"https:\\\/\\\/secure.gravatar.com\\\/avatar\\\/c88d569fbe1fe19a13c7f21ee0f8973822df96073df21850b95af6a09ba820c9?s=96&d=mm&r=g\",\"contentUrl\":\"https:\\\/\\\/secure.gravatar.com\\\/avatar\\\/c88d569fbe1fe19a13c7f21ee0f8973822df96073df21850b95af6a09ba820c9?s=96&d=mm&r=g\",\"caption\":\"Celine\"},\"description\":\"Je m'appelle C\u00e9line, j'ai 31 ans et je suis journaliste sp\u00e9cialis\u00e9e dans le cin\u00e9ma. Passionn\u00e9e par le septi\u00e8me art, j'explore les actualit\u00e9s, les critiques et les tendances du monde cin\u00e9matographique. Mon objectif est de partager ma passion et d'informer les amateurs de films \u00e0 travers des articles percutants et des analyses approfondies.\",\"url\":\"https:\\\/\\\/www.sebastien-auziere.fr\\\/blog\\\/author\\\/celine\\\/\"}]}<\/script>\n<!-- \/ Yoast SEO plugin. -->","yoast_head_json":{"title":"Brigitte Macron 1980 : \u00e2ge, vie de famille et carri\u00e8re","description":"Que faisait Brigitte Macron en 1980 ? Portrait complet : \u00e2ge, situation familiale, carri\u00e8re professionnelle et chronologie des ann\u00e9es 1980 avant la notori\u00e9t\u00e9.","robots":{"index":"index","follow":"follow","max-snippet":"max-snippet:-1","max-image-preview":"max-image-preview:large","max-video-preview":"max-video-preview:-1"},"canonical":"https:\/\/www.sebastien-auziere.fr\/blog\/de\/brigitte-macron-im-jahr-1980-portrat-familie-und-beruflicher-werdegang\/","og_locale":"fr_FR","og_type":"article","og_title":"Brigitte Macron 1980 : \u00e2ge, vie de famille et carri\u00e8re","og_description":"Que faisait Brigitte Macron en 1980 ? Portrait complet : \u00e2ge, situation familiale, carri\u00e8re professionnelle et chronologie des ann\u00e9es 1980 avant la notori\u00e9t\u00e9.","og_url":"https:\/\/www.sebastien-auziere.fr\/blog\/de\/brigitte-macron-im-jahr-1980-portrat-familie-und-beruflicher-werdegang\/","og_site_name":"Fan site S\u00e9bastien Auzi\u00e8re","article_published_time":"2026-03-18T09:58:40+00:00","article_modified_time":"2026-03-18T09:59:46+00:00","og_image":[{"width":494,"height":333,"url":"https:\/\/www.sebastien-auziere.fr\/blog\/wp-content\/uploads\/2026\/03\/Capture-decran-2026-03-18-103444.png","type":"image\/png"}],"author":"Celine","twitter_card":"summary_large_image","twitter_misc":{"\u00c9crit par":"Celine","Dur\u00e9e de lecture estim\u00e9e":"7 minutes"},"schema":{"@context":"https:\/\/schema.org","@graph":[{"@type":"Article","@id":"https:\/\/www.sebastien-auziere.fr\/blog\/de\/brigitte-macron-im-jahr-1980-portrat-familie-und-beruflicher-werdegang\/#article","isPartOf":{"@id":"https:\/\/www.sebastien-auziere.fr\/blog\/de\/brigitte-macron-im-jahr-1980-portrat-familie-und-beruflicher-werdegang\/"},"author":{"name":"Celine","@id":"https:\/\/www.sebastien-auziere.fr\/blog\/#\/schema\/person\/1e270a963009242469ed08b1c461f81f"},"headline":"Brigitte Macron im Jahr 1980: Portr\u00e4t, Familie und beruflicher Werdegang","datePublished":"2026-03-18T09:58:40+00:00","dateModified":"2026-03-18T09:59:46+00:00","mainEntityOfPage":{"@id":"https:\/\/www.sebastien-auziere.fr\/blog\/de\/brigitte-macron-im-jahr-1980-portrat-familie-und-beruflicher-werdegang\/"},"wordCount":1397,"commentCount":0,"publisher":{"@id":"https:\/\/www.sebastien-auziere.fr\/blog\/#organization"},"image":{"@id":"https:\/\/www.sebastien-auziere.fr\/blog\/de\/brigitte-macron-im-jahr-1980-portrat-familie-und-beruflicher-werdegang\/#primaryimage"},"thumbnailUrl":"https:\/\/www.sebastien-auziere.fr\/blog\/wp-content\/uploads\/2026\/03\/Capture-decran-2026-03-18-103444.png","inLanguage":"fr-FR","potentialAction":[{"@type":"CommentAction","name":"Comment","target":["https:\/\/www.sebastien-auziere.fr\/blog\/de\/brigitte-macron-im-jahr-1980-portrat-familie-und-beruflicher-werdegang\/#respond"]}]},{"@type":"WebPage","@id":"https:\/\/www.sebastien-auziere.fr\/blog\/de\/brigitte-macron-im-jahr-1980-portrat-familie-und-beruflicher-werdegang\/","url":"https:\/\/www.sebastien-auziere.fr\/blog\/de\/brigitte-macron-im-jahr-1980-portrat-familie-und-beruflicher-werdegang\/","name":"Brigitte Macron 1980 : \u00e2ge, vie de famille et carri\u00e8re","isPartOf":{"@id":"https:\/\/www.sebastien-auziere.fr\/blog\/#website"},"primaryImageOfPage":{"@id":"https:\/\/www.sebastien-auziere.fr\/blog\/de\/brigitte-macron-im-jahr-1980-portrat-familie-und-beruflicher-werdegang\/#primaryimage"},"image":{"@id":"https:\/\/www.sebastien-auziere.fr\/blog\/de\/brigitte-macron-im-jahr-1980-portrat-familie-und-beruflicher-werdegang\/#primaryimage"},"thumbnailUrl":"https:\/\/www.sebastien-auziere.fr\/blog\/wp-content\/uploads\/2026\/03\/Capture-decran-2026-03-18-103444.png","datePublished":"2026-03-18T09:58:40+00:00","dateModified":"2026-03-18T09:59:46+00:00","description":"Que faisait Brigitte Macron en 1980 ? Portrait complet : \u00e2ge, situation familiale, carri\u00e8re professionnelle et chronologie des ann\u00e9es 1980 avant la notori\u00e9t\u00e9.","breadcrumb":{"@id":"https:\/\/www.sebastien-auziere.fr\/blog\/de\/brigitte-macron-im-jahr-1980-portrat-familie-und-beruflicher-werdegang\/#breadcrumb"},"inLanguage":"fr-FR","potentialAction":[{"@type":"ReadAction","target":["https:\/\/www.sebastien-auziere.fr\/blog\/de\/brigitte-macron-im-jahr-1980-portrat-familie-und-beruflicher-werdegang\/"]}]},{"@type":"ImageObject","inLanguage":"fr-FR","@id":"https:\/\/www.sebastien-auziere.fr\/blog\/de\/brigitte-macron-im-jahr-1980-portrat-familie-und-beruflicher-werdegang\/#primaryimage","url":"https:\/\/www.sebastien-auziere.fr\/blog\/wp-content\/uploads\/2026\/03\/Capture-decran-2026-03-18-103444.png","contentUrl":"https:\/\/www.sebastien-auziere.fr\/blog\/wp-content\/uploads\/2026\/03\/Capture-decran-2026-03-18-103444.png","width":494,"height":333,"caption":"Brigitte Macron en 1980"},{"@type":"BreadcrumbList","@id":"https:\/\/www.sebastien-auziere.fr\/blog\/de\/brigitte-macron-im-jahr-1980-portrat-familie-und-beruflicher-werdegang\/#breadcrumb","itemListElement":[{"@type":"ListItem","position":1,"name":"Home","item":"https:\/\/www.sebastien-auziere.fr\/blog\/"},{"@type":"ListItem","position":2,"name":"Brigitte Macron im Jahr 1980: Portr\u00e4t, Familie und beruflicher Werdegang"}]},{"@type":"WebSite","@id":"https:\/\/www.sebastien-auziere.fr\/blog\/#website","url":"https:\/\/www.sebastien-auziere.fr\/blog\/","name":"Fan site S\u00e9bastien Auzi\u00e8re","description":"M\u00e9dia g\u00e9n\u00e9raliste","publisher":{"@id":"https:\/\/www.sebastien-auziere.fr\/blog\/#organization"},"potentialAction":[{"@type":"SearchAction","target":{"@type":"EntryPoint","urlTemplate":"https:\/\/www.sebastien-auziere.fr\/blog\/?s={search_term_string}"},"query-input":{"@type":"PropertyValueSpecification","valueRequired":true,"valueName":"search_term_string"}}],"inLanguage":"fr-FR"},{"@type":"Organization","@id":"https:\/\/www.sebastien-auziere.fr\/blog\/#organization","name":"Fan site S\u00e9bastien Auzi\u00e8re","url":"https:\/\/www.sebastien-auziere.fr\/blog\/","logo":{"@type":"ImageObject","inLanguage":"fr-FR","@id":"https:\/\/www.sebastien-auziere.fr\/blog\/#\/schema\/logo\/image\/","url":"https:\/\/www.sebastien-auziere.fr\/blog\/wp-content\/uploads\/2026\/03\/cropped-cropped-cropped-ChatGPT-Image-6-mars-2026-12_58_09-e1772798376794.jpg","contentUrl":"https:\/\/www.sebastien-auziere.fr\/blog\/wp-content\/uploads\/2026\/03\/cropped-cropped-cropped-ChatGPT-Image-6-mars-2026-12_58_09-e1772798376794.jpg","width":512,"height":360,"caption":"Fan site S\u00e9bastien Auzi\u00e8re"},"image":{"@id":"https:\/\/www.sebastien-auziere.fr\/blog\/#\/schema\/logo\/image\/"}},{"@type":"Person","@id":"https:\/\/www.sebastien-auziere.fr\/blog\/#\/schema\/person\/1e270a963009242469ed08b1c461f81f","name":"Celine","image":{"@type":"ImageObject","inLanguage":"fr-FR","@id":"https:\/\/secure.gravatar.com\/avatar\/c88d569fbe1fe19a13c7f21ee0f8973822df96073df21850b95af6a09ba820c9?s=96&d=mm&r=g","url":"https:\/\/secure.gravatar.com\/avatar\/c88d569fbe1fe19a13c7f21ee0f8973822df96073df21850b95af6a09ba820c9?s=96&d=mm&r=g","contentUrl":"https:\/\/secure.gravatar.com\/avatar\/c88d569fbe1fe19a13c7f21ee0f8973822df96073df21850b95af6a09ba820c9?s=96&d=mm&r=g","caption":"Celine"},"description":"Je m'appelle C\u00e9line, j'ai 31 ans et je suis journaliste sp\u00e9cialis\u00e9e dans le cin\u00e9ma. Passionn\u00e9e par le septi\u00e8me art, j'explore les actualit\u00e9s, les critiques et les tendances du monde cin\u00e9matographique. Mon objectif est de partager ma passion et d'informer les amateurs de films \u00e0 travers des articles percutants et des analyses approfondies.","url":"https:\/\/www.sebastien-auziere.fr\/blog\/author\/celine\/"}]}},"views":522,"_links":{"self":[{"href":"https:\/\/www.sebastien-auziere.fr\/blog\/wp-json\/wp\/v2\/posts\/2551","targetHints":{"allow":["GET"]}}],"collection":[{"href":"https:\/\/www.sebastien-auziere.fr\/blog\/wp-json\/wp\/v2\/posts"}],"about":[{"href":"https:\/\/www.sebastien-auziere.fr\/blog\/wp-json\/wp\/v2\/types\/post"}],"author":[{"embeddable":true,"href":"https:\/\/www.sebastien-auziere.fr\/blog\/wp-json\/wp\/v2\/users\/4"}],"replies":[{"embeddable":true,"href":"https:\/\/www.sebastien-auziere.fr\/blog\/wp-json\/wp\/v2\/comments?post=2551"}],"version-history":[{"count":1,"href":"https:\/\/www.sebastien-auziere.fr\/blog\/wp-json\/wp\/v2\/posts\/2551\/revisions"}],"predecessor-version":[{"id":2552,"href":"https:\/\/www.sebastien-auziere.fr\/blog\/wp-json\/wp\/v2\/posts\/2551\/revisions\/2552"}],"wp:featuredmedia":[{"embeddable":true,"href":"https:\/\/www.sebastien-auziere.fr\/blog\/wp-json\/wp\/v2\/media\/2533"}],"wp:attachment":[{"href":"https:\/\/www.sebastien-auziere.fr\/blog\/wp-json\/wp\/v2\/media?parent=2551"}],"wp:term":[{"taxonomy":"category","embeddable":true,"href":"https:\/\/www.sebastien-auziere.fr\/blog\/wp-json\/wp\/v2\/categories?post=2551"},{"taxonomy":"post_tag","embeddable":true,"href":"https:\/\/www.sebastien-auziere.fr\/blog\/wp-json\/wp\/v2\/tags?post=2551"}],"curies":[{"name":"wp","href":"https:\/\/api.w.org\/{rel}","templated":true}]}}