{"id":2544,"date":"2026-03-18T09:46:49","date_gmt":"2026-03-18T09:46:49","guid":{"rendered":"https:\/\/www.sebastien-auziere.fr\/blog\/?p=2544"},"modified":"2026-03-18T10:05:11","modified_gmt":"2026-03-18T10:05:11","slug":"brigitte-macron-nel-1980-ritratto-famiglia-e-percorso-professionale","status":"publish","type":"post","link":"https:\/\/www.sebastien-auziere.fr\/blog\/it\/brigitte-macron-nel-1980-ritratto-famiglia-e-percorso-professionale\/","title":{"rendered":"Brigitte Macron nel 1980: ritratto, famiglia e percorso professionale"},"content":{"rendered":"<p>Nel 1980, Brigitte Macron \u2014 nata Trogneux il 13 aprile 1953 ad Amiens \u2014 ha 27 anni. Lontano dai riflettori dell&rsquo;\u00c9lys\u00e9e, conduce una vita discreta di giovane donna sposata, madre di due figli, mentre costruisce la sua carriera professionale. Questo periodo cruciale degli anni &rsquo;80 \u00e8 tuttavia fondante: delinea i contorni della donna pubblica che diventer\u00e0 decenni dopo.<\/p>\n<ul>\n<li>Nel 1980, Brigitte Trogneux \u00e8 sposata con Andr\u00e9-Louis Auzi\u00e8re dal 1974 e madre di S\u00e9bastien (nato nel 1975) e Laurence (nata nel 1977)<\/li>\n<li>Allora lavora come addetta stampa alla camera di commercio del Nord-Pas-de-Calais, incarico che ricopre per due anni all&rsquo;inizio degli anni &rsquo;80<\/li>\n<li>Con un master in lettere classiche, sta preparando la sua riconversione all&rsquo;insegnamento<\/li>\n<li>La famiglia si trasferir\u00e0 a Truchtersheim (Bas-Rhin) nel 1984, a seguito della trasferimento professionale di suo marito<\/li>\n<li>Il suo terzo figlio, Tiphaine, nascer\u00e0 nel 1984, dopo di che passer\u00e0 il CAPES di lettere classiche nel 1986<\/li>\n<\/ul>\n<p><strong>Indice :<\/strong> <a href=\"#portrait\">Ritratto nel 1980<\/a> \u00b7 <a href=\"#famille\">Vita familiare<\/a> \u00b7 <a href=\"#carriere\">Percorso professionale<\/a> \u00b7 <a href=\"#annees80\">Gli anni &rsquo;80 in toto<\/a> \u00b7 <a href=\"#apres\">Il seguito del percorso<\/a> \u00b7 <a href=\"#faq\">FAQ<\/a><\/p>\n<h2 id=\"portrait\">Brigitte Macron nel 1980: ritratto di una donna discreta<\/h2>\n<p>Nel 1980, Brigitte Trogneux non \u00e8 ancora un personaggio pubblico. \u00c8 una giovane donna di 27 anni proveniente da una famiglia borghese di Amiens, i Trogneux, noti nella regione per la loro cioccolateria fondata nel XIX secolo. Ultima di sei figli, \u00e8 cresciuta in un ambiente colto e provinciale, segnato da valori cattolici e un forte amore per la letteratura e il teatro.<\/p>\n<p>Brillante studentessa al liceo Sacr\u00e9-C\u0153ur di Amiens, ha conseguito il suo diploma con il massimo dei voti nel 1972. Ha poi ottenuto un master in lettere classiche, dedicando la sua tesi di laurea al tema dell&rsquo;amore cortese \u2014 un argomento che, retrospettivamente, risuona in modo singolare con il suo percorso personale. A 27 anni, porta gi\u00e0 i tratti che la caratterizzeranno per tutta la vita: un profondo amore per la letteratura, un&rsquo;energia comunicativa e una personalit\u00e0 forte.<\/p>\n<p>La Francia del 1980 \u00e8 quella di Val\u00e9ry Giscard d&rsquo;Estaing, a pochi mesi dall&rsquo;elezione di Fran\u00e7ois Mitterrand. Il paese sta attraversando un periodo di mutazione culturale e sociale: le donne accedono massicciamente alle professioni qualificate, il femminismo ristruttura i rapporti familiari e professionali. Brigitte Trogneux appartiene a questa generazione di donne che costruiscono un percorso personale assumendo al contempo i ruoli familiari tradizionali.<\/p>\n<h2 id=\"famille\">La sua vita familiare nel 1980<\/h2>\n<p>Il 22 giugno 1974, Brigitte Trogneux ha sposato Andr\u00e9-Louis Auzi\u00e8re a Touquet-Paris-Plage. Banchiere di formazione, nato a \u00c9s\u00e9ka in Camerun, Andr\u00e9-Louis Auzi\u00e8re proviene da una famiglia di alti funzionari. La coppia si stabilisce nel nord della Francia, nell&rsquo;orbita professionale di Andr\u00e9-Louis.<\/p>\n<p>Nel 1980 hanno due figli:<\/p>\n<ul>\n<li><strong>S\u00e9bastien Auzi\u00e8re<\/strong>, nato nel 1975, futuro ingegnere statistico laureato all&rsquo;ENSAI<\/li>\n<li><strong>Laurence Auzi\u00e8re<\/strong>, nata nel 1977, futura cardiologa<\/li>\n<\/ul>\n<p>Il terzo figlio della coppia, Tiphaine, nascer\u00e0 solo nel 1984. Nel 1980, Brigitte Trogneux \u00e8 quindi una giovane madre di due bambini piccoli, mentre mantiene un&rsquo;attivit\u00e0 professionale. Questa capacit\u00e0 di conciliare vita familiare e impegno personale rappresenta una costante del suo percorso.<\/p>\n<p style=\"background:#fff8e1;border-left:4px solid #f9a825;padding:12px 16px;margin:16px 0\"><strong>Da notare:<\/strong> Laurence Auzi\u00e8re, nata nel 1977, sar\u00e0 una delle compagne di classe di Emmanuel Macron al liceo La Providence di Amiens all&rsquo;inizio degli anni &rsquo;90. \u00c8 in questo contesto che Brigitte Trogneux, diventata insegnante, incontrer\u00e0 per la prima volta il futuro presidente.<\/p>\n<h2 id=\"carriere\">Il suo percorso professionale all&rsquo;inizio degli anni &rsquo;80<\/h2>\n<p>Dopo aver conseguito il master in lettere classiche, Brigitte Trogneux intraprende un percorso professionale atipico prima di dedicarsi all&rsquo;insegnamento. All&rsquo;inizio degli anni &rsquo;80, ricopre per circa due anni l&rsquo;incarico di addetta stampa alla camera di commercio del Nord-Pas-de-Calais. Questo passaggio nel mondo della comunicazione e dei servizi alle imprese le d\u00e0 un&rsquo;esperienza della vita professionale al di fuori del mondo accademico, rara per una letterata della sua generazione.<\/p>\n<p>\u00c8 una fase di transizione: nel contempo sta preparando il suo CAPES di lettere classiche, il concorso nazionale che d\u00e0 accesso all&rsquo;insegnamento secondario in Francia. Ma la nascita di Tiphaine nel 1984 e il trasferimento della famiglia a Truchtersheim (Bas-Rhin) nello stesso anno rinviano questo progetto. Otterr\u00e0 infine il CAPES nel 1986, dopo la nascita del suo terzo figlio.<\/p>\n<h2 id=\"annees80\">Gli anni &rsquo;80 di Brigitte Macron: cronologia<\/h2>\n<h3>Un decennio di transizione<\/h3>\n<table style=\"margin-top:0\">\n<thead>\n<tr>\n<th>Anno<\/th>\n<th>Evento<\/th>\n<\/tr>\n<\/thead>\n<tbody>\n<tr>\n<td>1980<\/td>\n<td>27 anni, addetta stampa alla camera di commercio del Nord-Pas-de-Calais, madre di S\u00e9bastien e Laurence<\/td>\n<\/tr>\n<tr>\n<td>1981-1982<\/td>\n<td>Fine del suo incarico di addetta stampa, riflessione sulla sua riconversione verso l&rsquo;insegnamento<\/td>\n<\/tr>\n<tr>\n<td>1984<\/td>\n<td>Nascita di Tiphaine Auzi\u00e8re. Trasferimento a Truchtersheim (Bas-Rhin) a seguito della mutazione di Andr\u00e9-Louis Auzi\u00e8re<\/td>\n<\/tr>\n<tr>\n<td>1986<\/td>\n<td>Conseguimento del CAPES di lettere classiche<\/td>\n<\/tr>\n<tr>\n<td>1986-1991<\/td>\n<td>Insegnante di francese e latino al college Lucie-Berger di Strasburgo<\/td>\n<\/tr>\n<tr>\n<td>1989<\/td>\n<td>Si presenta su una lista senza etichetta alle elezioni municipali di Truchtersheim, non eletta<\/td>\n<\/tr>\n<\/tbody>\n<\/table>\n<p>Gli anni &rsquo;80 segnano quindi per Brigitte Trogneux un decennio di fondamenta: costruzione della sua famiglia, riconversione professionale, sradicamento geografico. Niente prefigura ancora il suo percorso pubblico e mediatico che sar\u00e0 il suo a partire dagli anni 2010.<\/p>\n<h2 id=\"apres\">Il seguito del percorso: dall&rsquo;insegnante alla Prima donna<\/h2>\n<p>Dopo gli anni al college Lucie-Berger a Strasburgo (1986-1991), Brigitte Auzi\u00e8re si unisce al liceo La Providence ad Amiens, istituto cattolico dove insegna francese e latino e dirige un laboratorio teatrale. \u00c8 in questo contesto, durante l&rsquo;anno scolastico 1992-1993, che incontra Emmanuel Macron, allora studente di seconda superiore di 15 anni, e figlio spirituale di questa cultura letteraria che trasmette da anni.<\/p>\n<p>La sua carriera di insegnante continuer\u00e0 fino al 2015, in particolare presso il prestigioso liceo Saint-Louis-de-Gonzague a Parigi (16\u00b0 arrondissement), dove conta tra i suoi studenti Fr\u00e9d\u00e9ric e Jean Arnault, figli di Bernard Arnault. Interrompe la sua attivit\u00e0 di insegnante per sostenere la campagna presidenziale di Emmanuel Macron.<\/p>\n<p>Dal 2017, Brigitte Macron \u00e8 Prima donna di Francia. Si impegna in diverse cause: lotta contro il bullismo scolastico, inclusione delle persone con disabilit\u00e0, protezione dell&rsquo;infanzia. Nel giugno 2019, \u00e8 eletta presidente della Fondazione degli Ospedali di Parigi, succedendo a Bernadette Chirac.<\/p>\n<h2 id=\"faq\">FAQ \u2014 Brigitte Macron nel 1980<\/h2>\n<dl>\n<dt><strong>Quanti anni aveva Brigitte Macron nel 1980?<\/strong><\/dt>\n<dd>Nata il 13 aprile 1953 ad Amiens, Brigitte Macron aveva 26 anni all&rsquo;inizio dell&rsquo;anno 1980, e festeggiava i 27 anni ad aprile dello stesso anno.<\/dd>\n<dt><strong>Cosa faceva Brigitte Macron professionalmente nel 1980?<\/strong><\/dt>\n<dd>All&rsquo;inizio degli anni &rsquo;80, lavorava come addetta stampa alla camera di commercio del Nord-Pas-de-Calais, incarico che ha ricoperto per circa due anni prima di intraprendere la sua riconversione all&rsquo;insegnamento.<\/dd>\n<dt><strong>Brigitte Macron era gi\u00e0 sposata nel 1980?<\/strong><\/dt>\n<dd>S\u00ec. Era sposata con Andr\u00e9-Louis Auzi\u00e8re dal 22 giugno 1974. Avevano due figli nel 1980: S\u00e9bastien (nato nel 1975) e Laurence (nata nel 1977). Il loro terzo figlio, Tiphaine, nascer\u00e0 nel 1984.<\/dd>\n<dt><strong>Brigitte Macron era gi\u00e0 insegnante nel 1980?<\/strong><\/dt>\n<dd>No. Ha ottenuto il CAPES di lettere classiche nel 1986, dopo la nascita di Tiphaine. La sua carriera di insegnante inizia ufficialmente nel 1986 al college Lucie-Berger di Strasburgo. Nel 1980 era ancora in fase di transizione professionale.<\/dd>\n<dt><strong>Dove abitava Brigitte Macron nel 1980?<\/strong><\/dt>\n<dd>Nel 1980, la famiglia risiedeva nel nord della Francia, nella regione del Nord-Pas-de-Calais, in relazione alle attivit\u00e0 professionali di Andr\u00e9-Louis Auzi\u00e8re. La famiglia si trasferir\u00e0 in Alsazia (Truchtersheim, Bas-Rhin) nel 1984, a seguito della mutazione del marito.<\/dd>\n<\/dl>\n<p>{<br \/>\n  \u00ab\u00a0@context\u00a0\u00bb: \u00ab\u00a0https:\/\/schema.org\u00a0\u00bb,<br \/>\n  \u00ab\u00a0@type\u00a0\u00bb: \u00ab\u00a0Article\u00a0\u00bb,<br \/>\n  \u00ab\u00a0headline\u00a0\u00bb: \u00ab\u00a0Brigitte Macron nel 1980: ritratto, famiglia e percorso professionale\u00a0\u00bb,<br \/>\n  \u00ab\u00a0description\u00a0\u00bb: \u00ab\u00a0Cosa faceva Brigitte Macron nel 1980? Et\u00e0, vita familiare, carriera, cronologia degli anni &rsquo;80: ritratto completo della futura Prima donna prima della notoriet\u00e0.\u00a0\u00bb,<br \/>\n  \u00ab\u00a0inLanguage\u00a0\u00bb: \u00ab\u00a0fr\u00a0\u00bb,<br \/>\n  \u00ab\u00a0datePublished\u00a0\u00bb: \u00ab\u00a02026-03-18\u00a0\u00bb,<br \/>\n  \u00ab\u00a0dateModified\u00a0\u00bb: \u00ab\u00a02026-03-18\u00a0\u00bb,<br \/>\n  \u00ab\u00a0about\u00a0\u00bb: {<br \/>\n    \u00ab\u00a0@type\u00a0\u00bb: \u00ab\u00a0Person\u00a0\u00bb,<br \/>\n    \u00ab\u00a0name\u00a0\u00bb: \u00ab\u00a0Brigitte Macron\u00a0\u00bb,<br \/>\n    \u00ab\u00a0birthDate\u00a0\u00bb: \u00ab\u00a01953-04-13\u00a0\u00bb,<br \/>\n    \u00ab\u00a0birthPlace\u00a0\u00bb: \u00ab\u00a0Amiens, Francia\u00a0\u00bb<br \/>\n  }<br \/>\n}<\/p>\n<p>{<br \/>\n  \u00ab\u00a0@context\u00a0\u00bb: \u00ab\u00a0https:\/\/schema.org\u00a0\u00bb,<br \/>\n  \u00ab\u00a0@type\u00a0\u00bb: \u00ab\u00a0FAQPage\u00a0\u00bb,<br \/>\n  \u00ab\u00a0mainEntity\u00a0\u00bb: [<br \/>\n    {<br \/>\n      \u00ab\u00a0@type\u00a0\u00bb: \u00ab\u00a0Question\u00a0\u00bb,<br \/>\n      \u00ab\u00a0name\u00a0\u00bb: \u00ab\u00a0Quanti anni aveva Brigitte Macron nel 1980?\u00a0\u00bb,<br \/>\n      \u00ab\u00a0acceptedAnswer\u00a0\u00bb: { \u00ab\u00a0@type\u00a0\u00bb: \u00ab\u00a0Answer\u00a0\u00bb, \u00ab\u00a0text\u00a0\u00bb: \u00ab\u00a0Nata il 13 aprile 1953, Brigitte Macron aveva 26 anni all&rsquo;inizio del 1980 e festeggiava i 27 anni in aprile.\u00a0\u00bb }<br \/>\n    },<br \/>\n    {<br \/>\n      \u00ab\u00a0@type\u00a0\u00bb: \u00ab\u00a0Question\u00a0\u00bb,<br \/>\n      \u00ab\u00a0name\u00a0\u00bb: \u00ab\u00a0Cosa faceva Brigitte Macron professionalmente nel 1980?\u00a0\u00bb,<br \/>\n      \u00ab\u00a0acceptedAnswer\u00a0\u00bb: { \u00ab\u00a0@type\u00a0\u00bb: \u00ab\u00a0Answer\u00a0\u00bb, \u00ab\u00a0text\u00a0\u00bb: \u00ab\u00a0Lavorava come addetta stampa alla camera di commercio del Nord-Pas-de-Calais, prima della sua riconversione all&rsquo;insegnamento.\u00a0\u00bb }<br \/>\n    },<br \/>\n    {<br \/>\n      \u00ab\u00a0@type\u00a0\u00bb: \u00ab\u00a0Question\u00a0\u00bb,<br \/>\n      \u00ab\u00a0name\u00a0\u00bb: \u00ab\u00a0Brigitte Macron era gi\u00e0 insegnante nel 1980?\u00a0\u00bb,<br \/>\n      \u00ab\u00a0acceptedAnswer\u00a0\u00bb: { \u00ab\u00a0@type\u00a0\u00bb: \u00ab\u00a0Answer\u00a0\u00bb, \u00ab\u00a0text\u00a0\u00bb: \u00ab\u00a0No. Ha ottenuto il CAPES nel 1986 e ha iniziato la sua carriera di insegnante al college Lucie-Berger di Strasburgo nello stesso anno.\u00a0\u00bb }<br \/>\n    },<br \/>\n    {<br \/>\n      \u00ab\u00a0@type\u00a0\u00bb: \u00ab\u00a0Question\u00a0\u00bb,<br \/>\n      \u00ab\u00a0name\u00a0\u00bb: \u00ab\u00a0Brigitte Macron era sposata nel 1980?\u00a0\u00bb,<br \/>\n      \u00ab\u00a0acceptedAnswer\u00a0\u00bb: { \u00ab\u00a0@type\u00a0\u00bb: \u00ab\u00a0Answer\u00a0\u00bb, \u00ab\u00a0text\u00a0\u00bb: \u00ab\u00a0S\u00ec, con Andr\u00e9-Louis Auzi\u00e8re dal 1974. Avevano due figli: S\u00e9bastien (1975) e Laurence (1977).\u00a0\u00bb }<br \/>\n    }<br \/>\n  ]<br \/>\n}<\/p>\n","protected":false},"excerpt":{"rendered":"<p>Nel 1980, Brigitte Macron \u2014 nata Trogneux il 13 aprile 1953 ad Amiens \u2014 ha 27 anni. Lontano dai riflettori dell&rsquo;\u00c9lys\u00e9e, conduce una vita discreta di giovane donna sposata, madre di due figli, mentre costruisce la sua carriera professionale. Questo periodo cruciale degli anni &rsquo;80 \u00e8 tuttavia fondante: delinea i contorni della donna pubblica che &#8230; <a title=\"Brigitte Macron nel 1980: ritratto, famiglia e percorso professionale\" class=\"read-more\" href=\"https:\/\/www.sebastien-auziere.fr\/blog\/it\/brigitte-macron-nel-1980-ritratto-famiglia-e-percorso-professionale\/\" aria-label=\"En savoir plus sur Brigitte Macron nel 1980: ritratto, famiglia e percorso professionale\">Lire plus<\/a><\/p>\n","protected":false},"author":4,"featured_media":2533,"comment_status":"open","ping_status":"open","sticky":false,"template":"","format":"standard","meta":{"footnotes":""},"categories":[843],"tags":[],"class_list":["post-2544","post","type-post","status-publish","format-standard","has-post-thumbnail","hentry","category-non-classe-it"],"yoast_head":"<!-- This site is optimized with the Yoast SEO plugin v27.5 - https:\/\/yoast.com\/product\/yoast-seo-wordpress\/ -->\n<title>Brigitte Macron 1980 : \u00e2ge, vie de famille et carri\u00e8re<\/title>\n<meta name=\"description\" content=\"Que faisait Brigitte Macron en 1980 ? Portrait complet : \u00e2ge, situation familiale, carri\u00e8re professionnelle et chronologie des ann\u00e9es 1980 avant la notori\u00e9t\u00e9.\" \/>\n<meta name=\"robots\" content=\"index, follow, max-snippet:-1, max-image-preview:large, max-video-preview:-1\" \/>\n<link rel=\"canonical\" href=\"https:\/\/www.sebastien-auziere.fr\/blog\/it\/brigitte-macron-nel-1980-ritratto-famiglia-e-percorso-professionale\/\" \/>\n<meta property=\"og:locale\" content=\"fr_FR\" \/>\n<meta property=\"og:type\" content=\"article\" \/>\n<meta property=\"og:title\" content=\"Brigitte Macron 1980 : \u00e2ge, vie de famille et carri\u00e8re\" \/>\n<meta property=\"og:description\" content=\"Que faisait Brigitte Macron en 1980 ? Portrait complet : \u00e2ge, situation familiale, carri\u00e8re professionnelle et chronologie des ann\u00e9es 1980 avant la notori\u00e9t\u00e9.\" \/>\n<meta property=\"og:url\" content=\"https:\/\/www.sebastien-auziere.fr\/blog\/it\/brigitte-macron-nel-1980-ritratto-famiglia-e-percorso-professionale\/\" \/>\n<meta property=\"og:site_name\" content=\"Fan site S\u00e9bastien Auzi\u00e8re\" \/>\n<meta property=\"article:published_time\" content=\"2026-03-18T09:46:49+00:00\" \/>\n<meta property=\"article:modified_time\" content=\"2026-03-18T10:05:11+00:00\" \/>\n<meta property=\"og:image\" content=\"https:\/\/www.sebastien-auziere.fr\/blog\/wp-content\/uploads\/2026\/03\/Capture-decran-2026-03-18-103444.png\" \/>\n\t<meta property=\"og:image:width\" content=\"494\" \/>\n\t<meta property=\"og:image:height\" content=\"333\" \/>\n\t<meta property=\"og:image:type\" content=\"image\/png\" \/>\n<meta name=\"author\" content=\"Celine\" \/>\n<meta name=\"twitter:card\" content=\"summary_large_image\" \/>\n<meta name=\"twitter:label1\" content=\"\u00c9crit par\" \/>\n\t<meta name=\"twitter:data1\" content=\"Celine\" \/>\n\t<meta name=\"twitter:label2\" content=\"Dur\u00e9e de lecture estim\u00e9e\" \/>\n\t<meta name=\"twitter:data2\" content=\"6 minutes\" \/>\n<script type=\"application\/ld+json\" class=\"yoast-schema-graph\">{\"@context\":\"https:\\\/\\\/schema.org\",\"@graph\":[{\"@type\":\"Article\",\"@id\":\"https:\\\/\\\/www.sebastien-auziere.fr\\\/blog\\\/it\\\/brigitte-macron-nel-1980-ritratto-famiglia-e-percorso-professionale\\\/#article\",\"isPartOf\":{\"@id\":\"https:\\\/\\\/www.sebastien-auziere.fr\\\/blog\\\/it\\\/brigitte-macron-nel-1980-ritratto-famiglia-e-percorso-professionale\\\/\"},\"author\":{\"name\":\"Celine\",\"@id\":\"https:\\\/\\\/www.sebastien-auziere.fr\\\/blog\\\/#\\\/schema\\\/person\\\/1e270a963009242469ed08b1c461f81f\"},\"headline\":\"Brigitte Macron nel 1980: ritratto, famiglia e percorso professionale\",\"datePublished\":\"2026-03-18T09:46:49+00:00\",\"dateModified\":\"2026-03-18T10:05:11+00:00\",\"mainEntityOfPage\":{\"@id\":\"https:\\\/\\\/www.sebastien-auziere.fr\\\/blog\\\/it\\\/brigitte-macron-nel-1980-ritratto-famiglia-e-percorso-professionale\\\/\"},\"wordCount\":1303,\"commentCount\":0,\"publisher\":{\"@id\":\"https:\\\/\\\/www.sebastien-auziere.fr\\\/blog\\\/#organization\"},\"image\":{\"@id\":\"https:\\\/\\\/www.sebastien-auziere.fr\\\/blog\\\/it\\\/brigitte-macron-nel-1980-ritratto-famiglia-e-percorso-professionale\\\/#primaryimage\"},\"thumbnailUrl\":\"https:\\\/\\\/www.sebastien-auziere.fr\\\/blog\\\/wp-content\\\/uploads\\\/2026\\\/03\\\/Capture-decran-2026-03-18-103444.png\",\"inLanguage\":\"fr-FR\",\"potentialAction\":[{\"@type\":\"CommentAction\",\"name\":\"Comment\",\"target\":[\"https:\\\/\\\/www.sebastien-auziere.fr\\\/blog\\\/it\\\/brigitte-macron-nel-1980-ritratto-famiglia-e-percorso-professionale\\\/#respond\"]}]},{\"@type\":\"WebPage\",\"@id\":\"https:\\\/\\\/www.sebastien-auziere.fr\\\/blog\\\/it\\\/brigitte-macron-nel-1980-ritratto-famiglia-e-percorso-professionale\\\/\",\"url\":\"https:\\\/\\\/www.sebastien-auziere.fr\\\/blog\\\/it\\\/brigitte-macron-nel-1980-ritratto-famiglia-e-percorso-professionale\\\/\",\"name\":\"Brigitte Macron 1980 : \u00e2ge, vie de famille et carri\u00e8re\",\"isPartOf\":{\"@id\":\"https:\\\/\\\/www.sebastien-auziere.fr\\\/blog\\\/#website\"},\"primaryImageOfPage\":{\"@id\":\"https:\\\/\\\/www.sebastien-auziere.fr\\\/blog\\\/it\\\/brigitte-macron-nel-1980-ritratto-famiglia-e-percorso-professionale\\\/#primaryimage\"},\"image\":{\"@id\":\"https:\\\/\\\/www.sebastien-auziere.fr\\\/blog\\\/it\\\/brigitte-macron-nel-1980-ritratto-famiglia-e-percorso-professionale\\\/#primaryimage\"},\"thumbnailUrl\":\"https:\\\/\\\/www.sebastien-auziere.fr\\\/blog\\\/wp-content\\\/uploads\\\/2026\\\/03\\\/Capture-decran-2026-03-18-103444.png\",\"datePublished\":\"2026-03-18T09:46:49+00:00\",\"dateModified\":\"2026-03-18T10:05:11+00:00\",\"description\":\"Que faisait Brigitte Macron en 1980 ? Portrait complet : \u00e2ge, situation familiale, carri\u00e8re professionnelle et chronologie des ann\u00e9es 1980 avant la notori\u00e9t\u00e9.\",\"breadcrumb\":{\"@id\":\"https:\\\/\\\/www.sebastien-auziere.fr\\\/blog\\\/it\\\/brigitte-macron-nel-1980-ritratto-famiglia-e-percorso-professionale\\\/#breadcrumb\"},\"inLanguage\":\"fr-FR\",\"potentialAction\":[{\"@type\":\"ReadAction\",\"target\":[\"https:\\\/\\\/www.sebastien-auziere.fr\\\/blog\\\/it\\\/brigitte-macron-nel-1980-ritratto-famiglia-e-percorso-professionale\\\/\"]}]},{\"@type\":\"ImageObject\",\"inLanguage\":\"fr-FR\",\"@id\":\"https:\\\/\\\/www.sebastien-auziere.fr\\\/blog\\\/it\\\/brigitte-macron-nel-1980-ritratto-famiglia-e-percorso-professionale\\\/#primaryimage\",\"url\":\"https:\\\/\\\/www.sebastien-auziere.fr\\\/blog\\\/wp-content\\\/uploads\\\/2026\\\/03\\\/Capture-decran-2026-03-18-103444.png\",\"contentUrl\":\"https:\\\/\\\/www.sebastien-auziere.fr\\\/blog\\\/wp-content\\\/uploads\\\/2026\\\/03\\\/Capture-decran-2026-03-18-103444.png\",\"width\":494,\"height\":333,\"caption\":\"Brigitte Macron en 1980\"},{\"@type\":\"BreadcrumbList\",\"@id\":\"https:\\\/\\\/www.sebastien-auziere.fr\\\/blog\\\/it\\\/brigitte-macron-nel-1980-ritratto-famiglia-e-percorso-professionale\\\/#breadcrumb\",\"itemListElement\":[{\"@type\":\"ListItem\",\"position\":1,\"name\":\"Home\",\"item\":\"https:\\\/\\\/www.sebastien-auziere.fr\\\/blog\\\/\"},{\"@type\":\"ListItem\",\"position\":2,\"name\":\"Brigitte Macron nel 1980: ritratto, famiglia e percorso professionale\"}]},{\"@type\":\"WebSite\",\"@id\":\"https:\\\/\\\/www.sebastien-auziere.fr\\\/blog\\\/#website\",\"url\":\"https:\\\/\\\/www.sebastien-auziere.fr\\\/blog\\\/\",\"name\":\"Fan site S\u00e9bastien Auzi\u00e8re\",\"description\":\"M\u00e9dia g\u00e9n\u00e9raliste\",\"publisher\":{\"@id\":\"https:\\\/\\\/www.sebastien-auziere.fr\\\/blog\\\/#organization\"},\"potentialAction\":[{\"@type\":\"SearchAction\",\"target\":{\"@type\":\"EntryPoint\",\"urlTemplate\":\"https:\\\/\\\/www.sebastien-auziere.fr\\\/blog\\\/?s={search_term_string}\"},\"query-input\":{\"@type\":\"PropertyValueSpecification\",\"valueRequired\":true,\"valueName\":\"search_term_string\"}}],\"inLanguage\":\"fr-FR\"},{\"@type\":\"Organization\",\"@id\":\"https:\\\/\\\/www.sebastien-auziere.fr\\\/blog\\\/#organization\",\"name\":\"Fan site S\u00e9bastien Auzi\u00e8re\",\"url\":\"https:\\\/\\\/www.sebastien-auziere.fr\\\/blog\\\/\",\"logo\":{\"@type\":\"ImageObject\",\"inLanguage\":\"fr-FR\",\"@id\":\"https:\\\/\\\/www.sebastien-auziere.fr\\\/blog\\\/#\\\/schema\\\/logo\\\/image\\\/\",\"url\":\"https:\\\/\\\/www.sebastien-auziere.fr\\\/blog\\\/wp-content\\\/uploads\\\/2026\\\/03\\\/cropped-cropped-cropped-ChatGPT-Image-6-mars-2026-12_58_09-e1772798376794.jpg\",\"contentUrl\":\"https:\\\/\\\/www.sebastien-auziere.fr\\\/blog\\\/wp-content\\\/uploads\\\/2026\\\/03\\\/cropped-cropped-cropped-ChatGPT-Image-6-mars-2026-12_58_09-e1772798376794.jpg\",\"width\":512,\"height\":360,\"caption\":\"Fan site S\u00e9bastien Auzi\u00e8re\"},\"image\":{\"@id\":\"https:\\\/\\\/www.sebastien-auziere.fr\\\/blog\\\/#\\\/schema\\\/logo\\\/image\\\/\"}},{\"@type\":\"Person\",\"@id\":\"https:\\\/\\\/www.sebastien-auziere.fr\\\/blog\\\/#\\\/schema\\\/person\\\/1e270a963009242469ed08b1c461f81f\",\"name\":\"Celine\",\"image\":{\"@type\":\"ImageObject\",\"inLanguage\":\"fr-FR\",\"@id\":\"https:\\\/\\\/secure.gravatar.com\\\/avatar\\\/c88d569fbe1fe19a13c7f21ee0f8973822df96073df21850b95af6a09ba820c9?s=96&d=mm&r=g\",\"url\":\"https:\\\/\\\/secure.gravatar.com\\\/avatar\\\/c88d569fbe1fe19a13c7f21ee0f8973822df96073df21850b95af6a09ba820c9?s=96&d=mm&r=g\",\"contentUrl\":\"https:\\\/\\\/secure.gravatar.com\\\/avatar\\\/c88d569fbe1fe19a13c7f21ee0f8973822df96073df21850b95af6a09ba820c9?s=96&d=mm&r=g\",\"caption\":\"Celine\"},\"description\":\"Je m'appelle C\u00e9line, j'ai 31 ans et je suis journaliste sp\u00e9cialis\u00e9e dans le cin\u00e9ma. Passionn\u00e9e par le septi\u00e8me art, j'explore les actualit\u00e9s, les critiques et les tendances du monde cin\u00e9matographique. Mon objectif est de partager ma passion et d'informer les amateurs de films \u00e0 travers des articles percutants et des analyses approfondies.\",\"url\":\"https:\\\/\\\/www.sebastien-auziere.fr\\\/blog\\\/author\\\/celine\\\/\"}]}<\/script>\n<!-- \/ Yoast SEO plugin. -->","yoast_head_json":{"title":"Brigitte Macron 1980 : \u00e2ge, vie de famille et carri\u00e8re","description":"Que faisait Brigitte Macron en 1980 ? Portrait complet : \u00e2ge, situation familiale, carri\u00e8re professionnelle et chronologie des ann\u00e9es 1980 avant la notori\u00e9t\u00e9.","robots":{"index":"index","follow":"follow","max-snippet":"max-snippet:-1","max-image-preview":"max-image-preview:large","max-video-preview":"max-video-preview:-1"},"canonical":"https:\/\/www.sebastien-auziere.fr\/blog\/it\/brigitte-macron-nel-1980-ritratto-famiglia-e-percorso-professionale\/","og_locale":"fr_FR","og_type":"article","og_title":"Brigitte Macron 1980 : \u00e2ge, vie de famille et carri\u00e8re","og_description":"Que faisait Brigitte Macron en 1980 ? Portrait complet : \u00e2ge, situation familiale, carri\u00e8re professionnelle et chronologie des ann\u00e9es 1980 avant la notori\u00e9t\u00e9.","og_url":"https:\/\/www.sebastien-auziere.fr\/blog\/it\/brigitte-macron-nel-1980-ritratto-famiglia-e-percorso-professionale\/","og_site_name":"Fan site S\u00e9bastien Auzi\u00e8re","article_published_time":"2026-03-18T09:46:49+00:00","article_modified_time":"2026-03-18T10:05:11+00:00","og_image":[{"width":494,"height":333,"url":"https:\/\/www.sebastien-auziere.fr\/blog\/wp-content\/uploads\/2026\/03\/Capture-decran-2026-03-18-103444.png","type":"image\/png"}],"author":"Celine","twitter_card":"summary_large_image","twitter_misc":{"\u00c9crit par":"Celine","Dur\u00e9e de lecture estim\u00e9e":"6 minutes"},"schema":{"@context":"https:\/\/schema.org","@graph":[{"@type":"Article","@id":"https:\/\/www.sebastien-auziere.fr\/blog\/it\/brigitte-macron-nel-1980-ritratto-famiglia-e-percorso-professionale\/#article","isPartOf":{"@id":"https:\/\/www.sebastien-auziere.fr\/blog\/it\/brigitte-macron-nel-1980-ritratto-famiglia-e-percorso-professionale\/"},"author":{"name":"Celine","@id":"https:\/\/www.sebastien-auziere.fr\/blog\/#\/schema\/person\/1e270a963009242469ed08b1c461f81f"},"headline":"Brigitte Macron nel 1980: ritratto, famiglia e percorso professionale","datePublished":"2026-03-18T09:46:49+00:00","dateModified":"2026-03-18T10:05:11+00:00","mainEntityOfPage":{"@id":"https:\/\/www.sebastien-auziere.fr\/blog\/it\/brigitte-macron-nel-1980-ritratto-famiglia-e-percorso-professionale\/"},"wordCount":1303,"commentCount":0,"publisher":{"@id":"https:\/\/www.sebastien-auziere.fr\/blog\/#organization"},"image":{"@id":"https:\/\/www.sebastien-auziere.fr\/blog\/it\/brigitte-macron-nel-1980-ritratto-famiglia-e-percorso-professionale\/#primaryimage"},"thumbnailUrl":"https:\/\/www.sebastien-auziere.fr\/blog\/wp-content\/uploads\/2026\/03\/Capture-decran-2026-03-18-103444.png","inLanguage":"fr-FR","potentialAction":[{"@type":"CommentAction","name":"Comment","target":["https:\/\/www.sebastien-auziere.fr\/blog\/it\/brigitte-macron-nel-1980-ritratto-famiglia-e-percorso-professionale\/#respond"]}]},{"@type":"WebPage","@id":"https:\/\/www.sebastien-auziere.fr\/blog\/it\/brigitte-macron-nel-1980-ritratto-famiglia-e-percorso-professionale\/","url":"https:\/\/www.sebastien-auziere.fr\/blog\/it\/brigitte-macron-nel-1980-ritratto-famiglia-e-percorso-professionale\/","name":"Brigitte Macron 1980 : \u00e2ge, vie de famille et carri\u00e8re","isPartOf":{"@id":"https:\/\/www.sebastien-auziere.fr\/blog\/#website"},"primaryImageOfPage":{"@id":"https:\/\/www.sebastien-auziere.fr\/blog\/it\/brigitte-macron-nel-1980-ritratto-famiglia-e-percorso-professionale\/#primaryimage"},"image":{"@id":"https:\/\/www.sebastien-auziere.fr\/blog\/it\/brigitte-macron-nel-1980-ritratto-famiglia-e-percorso-professionale\/#primaryimage"},"thumbnailUrl":"https:\/\/www.sebastien-auziere.fr\/blog\/wp-content\/uploads\/2026\/03\/Capture-decran-2026-03-18-103444.png","datePublished":"2026-03-18T09:46:49+00:00","dateModified":"2026-03-18T10:05:11+00:00","description":"Que faisait Brigitte Macron en 1980 ? Portrait complet : \u00e2ge, situation familiale, carri\u00e8re professionnelle et chronologie des ann\u00e9es 1980 avant la notori\u00e9t\u00e9.","breadcrumb":{"@id":"https:\/\/www.sebastien-auziere.fr\/blog\/it\/brigitte-macron-nel-1980-ritratto-famiglia-e-percorso-professionale\/#breadcrumb"},"inLanguage":"fr-FR","potentialAction":[{"@type":"ReadAction","target":["https:\/\/www.sebastien-auziere.fr\/blog\/it\/brigitte-macron-nel-1980-ritratto-famiglia-e-percorso-professionale\/"]}]},{"@type":"ImageObject","inLanguage":"fr-FR","@id":"https:\/\/www.sebastien-auziere.fr\/blog\/it\/brigitte-macron-nel-1980-ritratto-famiglia-e-percorso-professionale\/#primaryimage","url":"https:\/\/www.sebastien-auziere.fr\/blog\/wp-content\/uploads\/2026\/03\/Capture-decran-2026-03-18-103444.png","contentUrl":"https:\/\/www.sebastien-auziere.fr\/blog\/wp-content\/uploads\/2026\/03\/Capture-decran-2026-03-18-103444.png","width":494,"height":333,"caption":"Brigitte Macron en 1980"},{"@type":"BreadcrumbList","@id":"https:\/\/www.sebastien-auziere.fr\/blog\/it\/brigitte-macron-nel-1980-ritratto-famiglia-e-percorso-professionale\/#breadcrumb","itemListElement":[{"@type":"ListItem","position":1,"name":"Home","item":"https:\/\/www.sebastien-auziere.fr\/blog\/"},{"@type":"ListItem","position":2,"name":"Brigitte Macron nel 1980: ritratto, famiglia e percorso professionale"}]},{"@type":"WebSite","@id":"https:\/\/www.sebastien-auziere.fr\/blog\/#website","url":"https:\/\/www.sebastien-auziere.fr\/blog\/","name":"Fan site S\u00e9bastien Auzi\u00e8re","description":"M\u00e9dia g\u00e9n\u00e9raliste","publisher":{"@id":"https:\/\/www.sebastien-auziere.fr\/blog\/#organization"},"potentialAction":[{"@type":"SearchAction","target":{"@type":"EntryPoint","urlTemplate":"https:\/\/www.sebastien-auziere.fr\/blog\/?s={search_term_string}"},"query-input":{"@type":"PropertyValueSpecification","valueRequired":true,"valueName":"search_term_string"}}],"inLanguage":"fr-FR"},{"@type":"Organization","@id":"https:\/\/www.sebastien-auziere.fr\/blog\/#organization","name":"Fan site S\u00e9bastien Auzi\u00e8re","url":"https:\/\/www.sebastien-auziere.fr\/blog\/","logo":{"@type":"ImageObject","inLanguage":"fr-FR","@id":"https:\/\/www.sebastien-auziere.fr\/blog\/#\/schema\/logo\/image\/","url":"https:\/\/www.sebastien-auziere.fr\/blog\/wp-content\/uploads\/2026\/03\/cropped-cropped-cropped-ChatGPT-Image-6-mars-2026-12_58_09-e1772798376794.jpg","contentUrl":"https:\/\/www.sebastien-auziere.fr\/blog\/wp-content\/uploads\/2026\/03\/cropped-cropped-cropped-ChatGPT-Image-6-mars-2026-12_58_09-e1772798376794.jpg","width":512,"height":360,"caption":"Fan site S\u00e9bastien Auzi\u00e8re"},"image":{"@id":"https:\/\/www.sebastien-auziere.fr\/blog\/#\/schema\/logo\/image\/"}},{"@type":"Person","@id":"https:\/\/www.sebastien-auziere.fr\/blog\/#\/schema\/person\/1e270a963009242469ed08b1c461f81f","name":"Celine","image":{"@type":"ImageObject","inLanguage":"fr-FR","@id":"https:\/\/secure.gravatar.com\/avatar\/c88d569fbe1fe19a13c7f21ee0f8973822df96073df21850b95af6a09ba820c9?s=96&d=mm&r=g","url":"https:\/\/secure.gravatar.com\/avatar\/c88d569fbe1fe19a13c7f21ee0f8973822df96073df21850b95af6a09ba820c9?s=96&d=mm&r=g","contentUrl":"https:\/\/secure.gravatar.com\/avatar\/c88d569fbe1fe19a13c7f21ee0f8973822df96073df21850b95af6a09ba820c9?s=96&d=mm&r=g","caption":"Celine"},"description":"Je m'appelle C\u00e9line, j'ai 31 ans et je suis journaliste sp\u00e9cialis\u00e9e dans le cin\u00e9ma. Passionn\u00e9e par le septi\u00e8me art, j'explore les actualit\u00e9s, les critiques et les tendances du monde cin\u00e9matographique. Mon objectif est de partager ma passion et d'informer les amateurs de films \u00e0 travers des articles percutants et des analyses approfondies.","url":"https:\/\/www.sebastien-auziere.fr\/blog\/author\/celine\/"}]}},"views":520,"_links":{"self":[{"href":"https:\/\/www.sebastien-auziere.fr\/blog\/wp-json\/wp\/v2\/posts\/2544","targetHints":{"allow":["GET"]}}],"collection":[{"href":"https:\/\/www.sebastien-auziere.fr\/blog\/wp-json\/wp\/v2\/posts"}],"about":[{"href":"https:\/\/www.sebastien-auziere.fr\/blog\/wp-json\/wp\/v2\/types\/post"}],"author":[{"embeddable":true,"href":"https:\/\/www.sebastien-auziere.fr\/blog\/wp-json\/wp\/v2\/users\/4"}],"replies":[{"embeddable":true,"href":"https:\/\/www.sebastien-auziere.fr\/blog\/wp-json\/wp\/v2\/comments?post=2544"}],"version-history":[{"count":2,"href":"https:\/\/www.sebastien-auziere.fr\/blog\/wp-json\/wp\/v2\/posts\/2544\/revisions"}],"predecessor-version":[{"id":2553,"href":"https:\/\/www.sebastien-auziere.fr\/blog\/wp-json\/wp\/v2\/posts\/2544\/revisions\/2553"}],"wp:featuredmedia":[{"embeddable":true,"href":"https:\/\/www.sebastien-auziere.fr\/blog\/wp-json\/wp\/v2\/media\/2533"}],"wp:attachment":[{"href":"https:\/\/www.sebastien-auziere.fr\/blog\/wp-json\/wp\/v2\/media?parent=2544"}],"wp:term":[{"taxonomy":"category","embeddable":true,"href":"https:\/\/www.sebastien-auziere.fr\/blog\/wp-json\/wp\/v2\/categories?post=2544"},{"taxonomy":"post_tag","embeddable":true,"href":"https:\/\/www.sebastien-auziere.fr\/blog\/wp-json\/wp\/v2\/tags?post=2544"}],"curies":[{"name":"wp","href":"https:\/\/api.w.org\/{rel}","templated":true}]}}