{"id":2538,"date":"2026-03-18T09:39:56","date_gmt":"2026-03-18T09:39:56","guid":{"rendered":"https:\/\/www.sebastien-auziere.fr\/blog\/?p=2538"},"modified":"2026-03-18T09:58:38","modified_gmt":"2026-03-18T09:58:38","slug":"brigitte-macron-en-1980-retrato-familia-y-trayectoria-profesional","status":"publish","type":"post","link":"https:\/\/www.sebastien-auziere.fr\/blog\/es\/brigitte-macron-en-1980-retrato-familia-y-trayectoria-profesional\/","title":{"rendered":"Brigitte Macron en 1980: retrato, familia y trayectoria profesional"},"content":{"rendered":"<p>En 1980, Brigitte Macron \u2014 n\u00e9e Trogneux el 13 de abril de 1953 en Amiens \u2014 tiene 27 a\u00f1os. Lejos de los focos del El\u00edseo, lleva una vida discreta como joven esposa, madre de dos hijos, en plena construcci\u00f3n de su carrera profesional. Este per\u00edodo clave de los a\u00f1os 1980 es, sin embargo, fundamental: traza los contornos de la mujer p\u00fablica que se convertir\u00e1 d\u00e9cadas m\u00e1s tarde.<\/p>\n<ul>\n<li>En 1980, Brigitte Trogneux est\u00e1 casada con Andr\u00e9-Louis Auzi\u00e8re desde 1974 y es madre de S\u00e9bastien (nacido en 1975) y Laurence (nacida en 1977)<\/li>\n<li>En ese momento, trabaja como attach\u00e9e de prensa en la c\u00e1mara de comercio del Nord-Pas-de-Calais, puesto que ocupa durante dos a\u00f1os a principios de los a\u00f1os 1980<\/li>\n<li>Titular de una maestr\u00eda en letras cl\u00e1sicas, prepara su reconversi\u00f3n hacia la ense\u00f1anza<\/li>\n<li>La familia se mudar\u00e1 a Truchtersheim (Bas-Rhin) en 1984, a ra\u00edz del cambio profesional de su marido<\/li>\n<li>Su tercer hijo, Tiphaine, nacer\u00e1 en 1984, despu\u00e9s de lo cual presentar\u00e1 el CAPES de letras cl\u00e1sicas en 1986<\/li>\n<\/ul>\n<p><strong>\u00cdndice:<\/strong> <a href=\"#portrait\">Retrato en 1980<\/a> \u00b7 <a href=\"#famille\">Vida familiar<\/a> \u00b7 <a href=\"#carriere\">Trayectoria profesional<\/a> \u00b7 <a href=\"#annees80\">Los a\u00f1os 1980 completos<\/a> \u00b7 <a href=\"#apres\">La continuaci\u00f3n de la trayectoria<\/a> \u00b7 <a href=\"#faq\">FAQ<\/a><\/p>\n<h2 id=\"portrait\">Brigitte Macron en 1980: retrato de una mujer discreta<\/h2>\n<p>En 1980, Brigitte Trogneux a\u00fan no es un personaje p\u00fablico. Es una joven de 27 a\u00f1os de una familia burguesa de Amiens, los Trogneux, conocidos en la regi\u00f3n por su chocolater\u00eda fundada en el siglo XIX. La menor de una familia de seis hijos, creci\u00f3 en un entorno a la vez culto y provincial, marcado por valores cat\u00f3licos y un gusto por las letras y el teatro.<\/p>\n<p>Brillante alumna en el lyc\u00e9e Sacr\u00e9-C\u0153ur de Amiens, obtuvo su bachillerato con menci\u00f3n muy bien en 1972. Luego obtuvo una maestr\u00eda en letras cl\u00e1sicas, dedicando su trabajo de final de estudios al tema del amor cort\u00e9s \u2014 un tema que, retrospectivamente, resuena notablemente con su trayectoria personal. A los 27 a\u00f1os, ya exhibe los rasgos que la caracterizar\u00e1n toda su vida: un profundo gusto por la literatura, una energ\u00eda comunicativa y una personalidad decidida.<\/p>\n<p>La Francia de 1980 es la de Val\u00e9ry Giscard d&rsquo;Estaing, a pocos meses de la elecci\u00f3n de Fran\u00e7ois Mitterrand. El pa\u00eds atraviesa un per\u00edodo de mutaci\u00f3n cultural y social: las mujeres acceden masivamente a ocupaciones cualificadas, el feminismo recompone las relaciones familiares y profesionales. Brigitte Trogneux pertenece a esta generaci\u00f3n de mujeres que construyen una trayectoria propia mientras asumen los roles familiares tradicionales.<\/p>\n<h2 id=\"famille\">Su vida familiar en 1980<\/h2>\n<p>El 22 de junio de 1974, Brigitte Trogneux se cas\u00f3 con Andr\u00e9-Louis Auzi\u00e8re en Le Touquet-Paris-Plage. Banquero de formaci\u00f3n, nacido en \u00c9s\u00e9ka en Camer\u00fan, Andr\u00e9-Louis Auzi\u00e8re proviene de una familia de altos funcionarios. La pareja se establece en el norte de Francia, en el \u00e1mbito profesional de Andr\u00e9-Louis.<\/p>\n<p>En 1980, tienen dos hijos:<\/p>\n<ul>\n<li><strong>S\u00e9bastien Auzi\u00e8re<\/strong>, nacido en 1975, futuro ingeniero estad\u00edstico graduado de la ENSAI<\/li>\n<li><strong>Laurence Auzi\u00e8re<\/strong>, nacida en 1977, futura cardi\u00f3loga<\/li>\n<\/ul>\n<p>El tercer hijo de la pareja, Tiphaine, no nacer\u00e1 hasta 1984. En 1980, Brigitte Trogneux es, por tanto, una joven madre de dos ni\u00f1os peque\u00f1os, al mismo tiempo que mantiene una actividad profesional. Esta capacidad de conciliar la vida familiar y la inversi\u00f3n personal es una constante en su trayectoria.<\/p>\n<p style=\"background:#fff8e1;border-left:4px solid #f9a825;padding:12px 16px;margin:16px 0\"><strong>Nota:<\/strong> Laurence Auzi\u00e8re, nacida en 1977, ser\u00e1 una de las compa\u00f1eras de clase de Emmanuel Macron en el lyc\u00e9e La Providence de Amiens a principios de los a\u00f1os 1990. Es en este contexto que Brigitte Trogneux, convertida en profesora, conocer\u00e1 por primera vez al futuro presidente.<\/p>\n<h2 id=\"carriere\">Su trayectoria profesional a finales de los a\u00f1os 1980<\/h2>\n<p>Tras obtener su maestr\u00eda en letras cl\u00e1sicas, Brigitte Trogneux toma un camino profesional at\u00edpico antes de dedicarse a la ense\u00f1anza. A principios de los a\u00f1os 1980, ocupa durante aproximadamente dos a\u00f1os un puesto de attach\u00e9e de prensa en la c\u00e1mara de comercio del Nord-Pas-de-Calais. Este paso por el mundo de la comunicaci\u00f3n y el servicio a las empresas le brinda una experiencia de la vida profesional fuera del mundo acad\u00e9mico, algo raro para una literaria de su generaci\u00f3n.<\/p>\n<p>Es una etapa de transici\u00f3n: prepara en paralelo su CAPES en letras cl\u00e1sicas, el concurso nacional que da acceso a la ense\u00f1anza secundaria en Francia. Pero el nacimiento de Tiphaine en 1984 y el traslado de la familia a Truchtersheim (Bas-Rhin) ese mismo a\u00f1o retrasan este proyecto. Finalmente obtendr\u00e1 el CAPES en 1986, despu\u00e9s del nacimiento de su tercer hijo.<\/p>\n<h2 id=\"annees80\">Los a\u00f1os 1980 de Brigitte Macron: cronolog\u00eda<\/h2>\n<h3>Una d\u00e9cada de transici\u00f3n<\/h3>\n<table style=\"margin-top:0\">\n<thead>\n<tr>\n<th>A\u00f1o<\/th>\n<th>Evento<\/th>\n<\/tr>\n<\/thead>\n<tbody>\n<tr>\n<td>1980<\/td>\n<td>27 a\u00f1os, attach\u00e9e de prensa en la c\u00e1mara de comercio del Nord-Pas-de-Calais, madre de S\u00e9bastien y Laurence<\/td>\n<\/tr>\n<tr>\n<td>1981-1982<\/td>\n<td>Fin de su puesto como attach\u00e9e de prensa, reflexi\u00f3n sobre su reconversi\u00f3n hacia la ense\u00f1anza<\/td>\n<\/tr>\n<tr>\n<td>1984<\/td>\n<td>Nacimiento de Tiphaine Auzi\u00e8re. Mudanza a Truchtersheim (Bas-Rhin) debido a la transferencia de Andr\u00e9-Louis Auzi\u00e8re<\/td>\n<\/tr>\n<tr>\n<td>1986<\/td>\n<td>Obtenci\u00f3n del CAPES en letras cl\u00e1sicas<\/td>\n<\/tr>\n<tr>\n<td>1986-1991<\/td>\n<td>Profesora de franc\u00e9s y lat\u00edn en el colegio Lucie-Berger de Estrasburgo<\/td>\n<\/tr>\n<tr>\n<td>1989<\/td>\n<td>Se presenta en una lista independiente a las elecciones municipales de Truchtersheim, no elegida<\/td>\n<\/tr>\n<\/tbody>\n<\/table>\n<p>Los a\u00f1os 1980 marcan, por lo tanto, para Brigitte Trogneux una d\u00e9cada de fundamentos: construcci\u00f3n de su familia, reconversi\u00f3n profesional, desarraigo geogr\u00e1fico. Nada presagiaba a\u00fan la trayectoria p\u00fablica y medi\u00e1tica que tendr\u00eda a partir de los a\u00f1os 2010.<\/p>\n<h2 id=\"apres\">La continuaci\u00f3n de la trayectoria: de la profesora a la Primera Dama<\/h2>\n<p>Despu\u00e9s de sus a\u00f1os en el colegio Lucie-Berger en Estrasburgo (1986-1991), Brigitte Auzi\u00e8re se une al lyc\u00e9e La Providence en Amiens, un establecimiento cat\u00f3lico donde ense\u00f1a franc\u00e9s y lat\u00edn y dirige un taller de teatro. Es en este contexto, durante el a\u00f1o escolar 1992-1993, que conoce a Emmanuel Macron, entonces alumno de segundo a\u00f1o, de 15 a\u00f1os, y disc\u00edpulo espiritual de esta cultura literaria que ella ha transmitido durante a\u00f1os.<\/p>\n<p>Su carrera como docente continuar\u00e1 hasta 2015, en particular en el prestigioso lyc\u00e9e Saint-Louis-de-Gonzague en Par\u00eds (16\u00ba arrondissement), donde cuenta entre sus alumnos a Fr\u00e9d\u00e9ric y Jean Arnault, hijos de Bernard Arnault. Ella pone fin a su actividad docente para apoyar la campa\u00f1a presidencial de Emmanuel Macron.<\/p>\n<p>Desde 2017, Brigitte Macron es la Primera Dama de Francia. Se involucra en varias causas: lucha contra el acoso escolar, inclusi\u00f3n de personas con discapacidad, protecci\u00f3n de la infancia. En junio de 2019, es elegida presidenta de la Fundaci\u00f3n de los Hospitales de Par\u00eds, sucediendo a Bernadette Chirac.<\/p>\n<h2 id=\"faq\">FAQ \u2014 Brigitte Macron en 1980<\/h2>\n<dl>\n<dt><strong>\u00bfQu\u00e9 edad ten\u00eda Brigitte Macron en 1980?<\/strong><\/dt>\n<dd>Nacida el 13 de abril de 1953 en Amiens, Brigitte Macron ten\u00eda 26 a\u00f1os al comienzo de 1980 y celebr\u00f3 sus 27 a\u00f1os en abril de ese mismo a\u00f1o.<\/dd>\n<dt><strong>\u00bfQu\u00e9 hac\u00eda Brigitte Macron profesionalmente en 1980?<\/strong><\/dt>\n<dd>Al comienzo de los a\u00f1os 1980, trabajaba como attach\u00e9e de prensa en la c\u00e1mara de comercio del Nord-Pas-de-Calais, puesto que ocup\u00f3 durante aproximadamente dos a\u00f1os antes de emprender su reconversi\u00f3n hacia la ense\u00f1anza.<\/dd>\n<dt><strong>\u00bfBrigitte Macron ya estaba casada en 1980?<\/strong><\/dt>\n<dd>S\u00ed. Estaba casada con Andr\u00e9-Louis Auzi\u00e8re desde el 22 de junio de 1974. Ten\u00edan dos hijos en 1980: S\u00e9bastien (nacido en 1975) y Laurence (nacida en 1977). Su tercer hijo, Tiphaine, nacer\u00e1 en 1984.<\/dd>\n<dt><strong>\u00bfBrigitte Macron ya era profesora en 1980?<\/strong><\/dt>\n<dd>No. Obtuvo su CAPES de letras cl\u00e1sicas en 1986, despu\u00e9s del nacimiento de Tiphaine. Su carrera docente comienza oficialmente en 1986 en el colegio Lucie-Berger de Estrasburgo. En 1980, a\u00fan estaba en transici\u00f3n profesional.<\/dd>\n<dt><strong>\u00bfD\u00f3nde viv\u00eda Brigitte Macron en 1980?<\/strong><\/dt>\n<dd>En 1980, la familia resid\u00eda en el norte de Francia, en la regi\u00f3n del Nord-Pas-de-Calais, en relaci\u00f3n con las actividades profesionales de Andr\u00e9-Louis Auzi\u00e8re. La familia se mudar\u00e1 a Alsacia (Truchtersheim, Bas-Rhin) en 1984, debido a la transferencia del marido.<\/dd>\n<\/dl>\n<p>{<br \/>\n  \u00ab\u00a0@context\u00a0\u00bb: \u00ab\u00a0https:\/\/schema.org\u00a0\u00bb,<br \/>\n  \u00ab\u00a0@type\u00a0\u00bb: \u00ab\u00a0Article\u00a0\u00bb,<br \/>\n  \u00ab\u00a0headline\u00a0\u00bb: \u00ab\u00a0Brigitte Macron en 1980: retrato, familia y trayectoria profesional\u00a0\u00bb,<br \/>\n  \u00ab\u00a0description\u00a0\u00bb: \u00ab\u00a0\u00bfQu\u00e9 hac\u00eda Brigitte Macron en 1980? Edad, vida familiar, carrera, cronolog\u00eda de los a\u00f1os 1980: retrato completo de la futura Primera Dama antes de la notoriedad.\u00a0\u00bb,<br \/>\n  \u00ab\u00a0inLanguage\u00a0\u00bb: \u00ab\u00a0fr\u00a0\u00bb,<br \/>\n  \u00ab\u00a0datePublished\u00a0\u00bb: \u00ab\u00a02026-03-18\u00a0\u00bb,<br \/>\n  \u00ab\u00a0dateModified\u00a0\u00bb: \u00ab\u00a02026-03-18\u00a0\u00bb,<br \/>\n  \u00ab\u00a0about\u00a0\u00bb: {<br \/>\n    \u00ab\u00a0@type\u00a0\u00bb: \u00ab\u00a0Person\u00a0\u00bb,<br \/>\n    \u00ab\u00a0name\u00a0\u00bb: \u00ab\u00a0Brigitte Macron\u00a0\u00bb,<br \/>\n    \u00ab\u00a0birthDate\u00a0\u00bb: \u00ab\u00a01953-04-13\u00a0\u00bb,<br \/>\n    \u00ab\u00a0birthPlace\u00a0\u00bb: \u00ab\u00a0Amiens, Francia\u00a0\u00bb<br \/>\n  }<br \/>\n}<\/p>\n<p>{<br \/>\n  \u00ab\u00a0@context\u00a0\u00bb: \u00ab\u00a0https:\/\/schema.org\u00a0\u00bb,<br \/>\n  \u00ab\u00a0@type\u00a0\u00bb: \u00ab\u00a0FAQPage\u00a0\u00bb,<br \/>\n  \u00ab\u00a0mainEntity\u00a0\u00bb: [<br \/>\n    {<br \/>\n      \u00ab\u00a0@type\u00a0\u00bb: \u00ab\u00a0Question\u00a0\u00bb,<br \/>\n      \u00ab\u00a0name\u00a0\u00bb: \u00ab\u00a0\u00bfQu\u00e9 edad ten\u00eda Brigitte Macron en 1980?\u00a0\u00bb,<br \/>\n      \u00ab\u00a0acceptedAnswer\u00a0\u00bb: { \u00ab\u00a0@type\u00a0\u00bb: \u00ab\u00a0Answer\u00a0\u00bb, \u00ab\u00a0text\u00a0\u00bb: \u00ab\u00a0Nacida el 13 de abril de 1953, Brigitte Macron ten\u00eda 26 a\u00f1os al comienzo de 1980 y celebr\u00f3 sus 27 a\u00f1os en abril.\u00a0\u00bb }<br \/>\n    },<br \/>\n    {<br \/>\n      \u00ab\u00a0@type\u00a0\u00bb: \u00ab\u00a0Question\u00a0\u00bb,<br \/>\n      \u00ab\u00a0name\u00a0\u00bb: \u00ab\u00a0\u00bfQu\u00e9 hac\u00eda Brigitte Macron profesionalmente en 1980?\u00a0\u00bb,<br \/>\n      \u00ab\u00a0acceptedAnswer\u00a0\u00bb: { \u00ab\u00a0@type\u00a0\u00bb: \u00ab\u00a0Answer\u00a0\u00bb, \u00ab\u00a0text\u00a0\u00bb: \u00ab\u00a0Trabajaba como attach\u00e9e de prensa en la c\u00e1mara de comercio del Nord-Pas-de-Calais, antes de su reconversi\u00f3n hacia la ense\u00f1anza.\u00a0\u00bb }<br \/>\n    },<br \/>\n    {<br \/>\n      \u00ab\u00a0@type\u00a0\u00bb: \u00ab\u00a0Question\u00a0\u00bb,<br \/>\n      \u00ab\u00a0name\u00a0\u00bb: \u00ab\u00a0\u00bfBrigitte Macron ya era profesora en 1980?\u00a0\u00bb,<br \/>\n      \u00ab\u00a0acceptedAnswer\u00a0\u00bb: { \u00ab\u00a0@type\u00a0\u00bb: \u00ab\u00a0Answer\u00a0\u00bb, \u00ab\u00a0text\u00a0\u00bb: \u00ab\u00a0No. Obtuvo su CAPES en 1986 y comenz\u00f3 su carrera docente en el colegio Lucie-Berger de Estrasburgo ese mismo a\u00f1o.\u00a0\u00bb }<br \/>\n    },<br \/>\n    {<br \/>\n      \u00ab\u00a0@type\u00a0\u00bb: \u00ab\u00a0Question\u00a0\u00bb,<br \/>\n      \u00ab\u00a0name\u00a0\u00bb: \u00ab\u00a0\u00bfBrigitte Macron ya estaba casada en 1980?\u00a0\u00bb,<br \/>\n      \u00ab\u00a0acceptedAnswer\u00a0\u00bb: { \u00ab\u00a0@type\u00a0\u00bb: \u00ab\u00a0Answer\u00a0\u00bb, \u00ab\u00a0text\u00a0\u00bb: \u00ab\u00a0S\u00ed, con Andr\u00e9-Louis Auzi\u00e8re desde 1974. Ten\u00edan dos hijos: S\u00e9bastien (1975) y Laurence (1977).\u00a0\u00bb }<br \/>\n    }<br \/>\n  ]<br \/>\n}<\/p>\n","protected":false},"excerpt":{"rendered":"<p>En 1980, Brigitte Macron \u2014 n\u00e9e Trogneux el 13 de abril de 1953 en Amiens \u2014 tiene 27 a\u00f1os. Lejos de los focos del El\u00edseo, lleva una vida discreta como joven esposa, madre de dos hijos, en plena construcci\u00f3n de su carrera profesional. Este per\u00edodo clave de los a\u00f1os 1980 es, sin embargo, fundamental: traza &#8230; <a title=\"Brigitte Macron en 1980: retrato, familia y trayectoria profesional\" class=\"read-more\" href=\"https:\/\/www.sebastien-auziere.fr\/blog\/es\/brigitte-macron-en-1980-retrato-familia-y-trayectoria-profesional\/\" aria-label=\"En savoir plus sur Brigitte Macron en 1980: retrato, familia y trayectoria profesional\">Lire plus<\/a><\/p>\n","protected":false},"author":4,"featured_media":2533,"comment_status":"open","ping_status":"open","sticky":false,"template":"","format":"standard","meta":{"footnotes":""},"categories":[602],"tags":[],"class_list":["post-2538","post","type-post","status-publish","format-standard","has-post-thumbnail","hentry","category-tendencia"],"yoast_head":"<!-- This site is optimized with the Yoast SEO plugin v27.5 - https:\/\/yoast.com\/product\/yoast-seo-wordpress\/ -->\n<title>Brigitte Macron 1980 : \u00e2ge, vie de famille et carri\u00e8re<\/title>\n<meta name=\"description\" content=\"Que faisait Brigitte Macron en 1980 ? Portrait complet : \u00e2ge, situation familiale, carri\u00e8re professionnelle et chronologie des ann\u00e9es 1980 avant la notori\u00e9t\u00e9.\" \/>\n<meta name=\"robots\" content=\"index, follow, max-snippet:-1, max-image-preview:large, max-video-preview:-1\" \/>\n<link rel=\"canonical\" href=\"https:\/\/www.sebastien-auziere.fr\/blog\/es\/brigitte-macron-en-1980-retrato-familia-y-trayectoria-profesional\/\" \/>\n<meta property=\"og:locale\" content=\"fr_FR\" \/>\n<meta property=\"og:type\" content=\"article\" \/>\n<meta property=\"og:title\" content=\"Brigitte Macron 1980 : \u00e2ge, vie de famille et carri\u00e8re\" \/>\n<meta property=\"og:description\" content=\"Que faisait Brigitte Macron en 1980 ? Portrait complet : \u00e2ge, situation familiale, carri\u00e8re professionnelle et chronologie des ann\u00e9es 1980 avant la notori\u00e9t\u00e9.\" \/>\n<meta property=\"og:url\" content=\"https:\/\/www.sebastien-auziere.fr\/blog\/es\/brigitte-macron-en-1980-retrato-familia-y-trayectoria-profesional\/\" \/>\n<meta property=\"og:site_name\" content=\"Fan site S\u00e9bastien Auzi\u00e8re\" \/>\n<meta property=\"article:published_time\" content=\"2026-03-18T09:39:56+00:00\" \/>\n<meta property=\"article:modified_time\" content=\"2026-03-18T09:58:38+00:00\" \/>\n<meta property=\"og:image\" content=\"https:\/\/www.sebastien-auziere.fr\/blog\/wp-content\/uploads\/2026\/03\/Capture-decran-2026-03-18-103444.png\" \/>\n\t<meta property=\"og:image:width\" content=\"494\" \/>\n\t<meta property=\"og:image:height\" content=\"333\" \/>\n\t<meta property=\"og:image:type\" content=\"image\/png\" \/>\n<meta name=\"author\" content=\"Celine\" \/>\n<meta name=\"twitter:card\" content=\"summary_large_image\" \/>\n<meta name=\"twitter:label1\" content=\"\u00c9crit par\" \/>\n\t<meta name=\"twitter:data1\" content=\"Celine\" \/>\n\t<meta name=\"twitter:label2\" content=\"Dur\u00e9e de lecture estim\u00e9e\" \/>\n\t<meta name=\"twitter:data2\" content=\"8 minutes\" \/>\n<script type=\"application\/ld+json\" class=\"yoast-schema-graph\">{\"@context\":\"https:\\\/\\\/schema.org\",\"@graph\":[{\"@type\":\"Article\",\"@id\":\"https:\\\/\\\/www.sebastien-auziere.fr\\\/blog\\\/es\\\/brigitte-macron-en-1980-retrato-familia-y-trayectoria-profesional\\\/#article\",\"isPartOf\":{\"@id\":\"https:\\\/\\\/www.sebastien-auziere.fr\\\/blog\\\/es\\\/brigitte-macron-en-1980-retrato-familia-y-trayectoria-profesional\\\/\"},\"author\":{\"name\":\"Celine\",\"@id\":\"https:\\\/\\\/www.sebastien-auziere.fr\\\/blog\\\/#\\\/schema\\\/person\\\/1e270a963009242469ed08b1c461f81f\"},\"headline\":\"Brigitte Macron en 1980: retrato, familia y trayectoria profesional\",\"datePublished\":\"2026-03-18T09:39:56+00:00\",\"dateModified\":\"2026-03-18T09:58:38+00:00\",\"mainEntityOfPage\":{\"@id\":\"https:\\\/\\\/www.sebastien-auziere.fr\\\/blog\\\/es\\\/brigitte-macron-en-1980-retrato-familia-y-trayectoria-profesional\\\/\"},\"wordCount\":1541,\"commentCount\":0,\"publisher\":{\"@id\":\"https:\\\/\\\/www.sebastien-auziere.fr\\\/blog\\\/#organization\"},\"image\":{\"@id\":\"https:\\\/\\\/www.sebastien-auziere.fr\\\/blog\\\/es\\\/brigitte-macron-en-1980-retrato-familia-y-trayectoria-profesional\\\/#primaryimage\"},\"thumbnailUrl\":\"https:\\\/\\\/www.sebastien-auziere.fr\\\/blog\\\/wp-content\\\/uploads\\\/2026\\\/03\\\/Capture-decran-2026-03-18-103444.png\",\"articleSection\":[\"Tendencia\"],\"inLanguage\":\"fr-FR\",\"potentialAction\":[{\"@type\":\"CommentAction\",\"name\":\"Comment\",\"target\":[\"https:\\\/\\\/www.sebastien-auziere.fr\\\/blog\\\/es\\\/brigitte-macron-en-1980-retrato-familia-y-trayectoria-profesional\\\/#respond\"]}]},{\"@type\":\"WebPage\",\"@id\":\"https:\\\/\\\/www.sebastien-auziere.fr\\\/blog\\\/es\\\/brigitte-macron-en-1980-retrato-familia-y-trayectoria-profesional\\\/\",\"url\":\"https:\\\/\\\/www.sebastien-auziere.fr\\\/blog\\\/es\\\/brigitte-macron-en-1980-retrato-familia-y-trayectoria-profesional\\\/\",\"name\":\"Brigitte Macron 1980 : \u00e2ge, vie de famille et carri\u00e8re\",\"isPartOf\":{\"@id\":\"https:\\\/\\\/www.sebastien-auziere.fr\\\/blog\\\/#website\"},\"primaryImageOfPage\":{\"@id\":\"https:\\\/\\\/www.sebastien-auziere.fr\\\/blog\\\/es\\\/brigitte-macron-en-1980-retrato-familia-y-trayectoria-profesional\\\/#primaryimage\"},\"image\":{\"@id\":\"https:\\\/\\\/www.sebastien-auziere.fr\\\/blog\\\/es\\\/brigitte-macron-en-1980-retrato-familia-y-trayectoria-profesional\\\/#primaryimage\"},\"thumbnailUrl\":\"https:\\\/\\\/www.sebastien-auziere.fr\\\/blog\\\/wp-content\\\/uploads\\\/2026\\\/03\\\/Capture-decran-2026-03-18-103444.png\",\"datePublished\":\"2026-03-18T09:39:56+00:00\",\"dateModified\":\"2026-03-18T09:58:38+00:00\",\"description\":\"Que faisait Brigitte Macron en 1980 ? Portrait complet : \u00e2ge, situation familiale, carri\u00e8re professionnelle et chronologie des ann\u00e9es 1980 avant la notori\u00e9t\u00e9.\",\"breadcrumb\":{\"@id\":\"https:\\\/\\\/www.sebastien-auziere.fr\\\/blog\\\/es\\\/brigitte-macron-en-1980-retrato-familia-y-trayectoria-profesional\\\/#breadcrumb\"},\"inLanguage\":\"fr-FR\",\"potentialAction\":[{\"@type\":\"ReadAction\",\"target\":[\"https:\\\/\\\/www.sebastien-auziere.fr\\\/blog\\\/es\\\/brigitte-macron-en-1980-retrato-familia-y-trayectoria-profesional\\\/\"]}]},{\"@type\":\"ImageObject\",\"inLanguage\":\"fr-FR\",\"@id\":\"https:\\\/\\\/www.sebastien-auziere.fr\\\/blog\\\/es\\\/brigitte-macron-en-1980-retrato-familia-y-trayectoria-profesional\\\/#primaryimage\",\"url\":\"https:\\\/\\\/www.sebastien-auziere.fr\\\/blog\\\/wp-content\\\/uploads\\\/2026\\\/03\\\/Capture-decran-2026-03-18-103444.png\",\"contentUrl\":\"https:\\\/\\\/www.sebastien-auziere.fr\\\/blog\\\/wp-content\\\/uploads\\\/2026\\\/03\\\/Capture-decran-2026-03-18-103444.png\",\"width\":494,\"height\":333,\"caption\":\"Brigitte Macron en 1980\"},{\"@type\":\"BreadcrumbList\",\"@id\":\"https:\\\/\\\/www.sebastien-auziere.fr\\\/blog\\\/es\\\/brigitte-macron-en-1980-retrato-familia-y-trayectoria-profesional\\\/#breadcrumb\",\"itemListElement\":[{\"@type\":\"ListItem\",\"position\":1,\"name\":\"Home\",\"item\":\"https:\\\/\\\/www.sebastien-auziere.fr\\\/blog\\\/\"},{\"@type\":\"ListItem\",\"position\":2,\"name\":\"Brigitte Macron en 1980: retrato, familia y trayectoria profesional\"}]},{\"@type\":\"WebSite\",\"@id\":\"https:\\\/\\\/www.sebastien-auziere.fr\\\/blog\\\/#website\",\"url\":\"https:\\\/\\\/www.sebastien-auziere.fr\\\/blog\\\/\",\"name\":\"Fan site S\u00e9bastien Auzi\u00e8re\",\"description\":\"M\u00e9dia g\u00e9n\u00e9raliste\",\"publisher\":{\"@id\":\"https:\\\/\\\/www.sebastien-auziere.fr\\\/blog\\\/#organization\"},\"potentialAction\":[{\"@type\":\"SearchAction\",\"target\":{\"@type\":\"EntryPoint\",\"urlTemplate\":\"https:\\\/\\\/www.sebastien-auziere.fr\\\/blog\\\/?s={search_term_string}\"},\"query-input\":{\"@type\":\"PropertyValueSpecification\",\"valueRequired\":true,\"valueName\":\"search_term_string\"}}],\"inLanguage\":\"fr-FR\"},{\"@type\":\"Organization\",\"@id\":\"https:\\\/\\\/www.sebastien-auziere.fr\\\/blog\\\/#organization\",\"name\":\"Fan site S\u00e9bastien Auzi\u00e8re\",\"url\":\"https:\\\/\\\/www.sebastien-auziere.fr\\\/blog\\\/\",\"logo\":{\"@type\":\"ImageObject\",\"inLanguage\":\"fr-FR\",\"@id\":\"https:\\\/\\\/www.sebastien-auziere.fr\\\/blog\\\/#\\\/schema\\\/logo\\\/image\\\/\",\"url\":\"https:\\\/\\\/www.sebastien-auziere.fr\\\/blog\\\/wp-content\\\/uploads\\\/2026\\\/03\\\/cropped-cropped-cropped-ChatGPT-Image-6-mars-2026-12_58_09-e1772798376794.jpg\",\"contentUrl\":\"https:\\\/\\\/www.sebastien-auziere.fr\\\/blog\\\/wp-content\\\/uploads\\\/2026\\\/03\\\/cropped-cropped-cropped-ChatGPT-Image-6-mars-2026-12_58_09-e1772798376794.jpg\",\"width\":512,\"height\":360,\"caption\":\"Fan site S\u00e9bastien Auzi\u00e8re\"},\"image\":{\"@id\":\"https:\\\/\\\/www.sebastien-auziere.fr\\\/blog\\\/#\\\/schema\\\/logo\\\/image\\\/\"}},{\"@type\":\"Person\",\"@id\":\"https:\\\/\\\/www.sebastien-auziere.fr\\\/blog\\\/#\\\/schema\\\/person\\\/1e270a963009242469ed08b1c461f81f\",\"name\":\"Celine\",\"image\":{\"@type\":\"ImageObject\",\"inLanguage\":\"fr-FR\",\"@id\":\"https:\\\/\\\/secure.gravatar.com\\\/avatar\\\/c88d569fbe1fe19a13c7f21ee0f8973822df96073df21850b95af6a09ba820c9?s=96&d=mm&r=g\",\"url\":\"https:\\\/\\\/secure.gravatar.com\\\/avatar\\\/c88d569fbe1fe19a13c7f21ee0f8973822df96073df21850b95af6a09ba820c9?s=96&d=mm&r=g\",\"contentUrl\":\"https:\\\/\\\/secure.gravatar.com\\\/avatar\\\/c88d569fbe1fe19a13c7f21ee0f8973822df96073df21850b95af6a09ba820c9?s=96&d=mm&r=g\",\"caption\":\"Celine\"},\"description\":\"Je m'appelle C\u00e9line, j'ai 31 ans et je suis journaliste sp\u00e9cialis\u00e9e dans le cin\u00e9ma. Passionn\u00e9e par le septi\u00e8me art, j'explore les actualit\u00e9s, les critiques et les tendances du monde cin\u00e9matographique. Mon objectif est de partager ma passion et d'informer les amateurs de films \u00e0 travers des articles percutants et des analyses approfondies.\",\"url\":\"https:\\\/\\\/www.sebastien-auziere.fr\\\/blog\\\/author\\\/celine\\\/\"}]}<\/script>\n<!-- \/ Yoast SEO plugin. -->","yoast_head_json":{"title":"Brigitte Macron 1980 : \u00e2ge, vie de famille et carri\u00e8re","description":"Que faisait Brigitte Macron en 1980 ? Portrait complet : \u00e2ge, situation familiale, carri\u00e8re professionnelle et chronologie des ann\u00e9es 1980 avant la notori\u00e9t\u00e9.","robots":{"index":"index","follow":"follow","max-snippet":"max-snippet:-1","max-image-preview":"max-image-preview:large","max-video-preview":"max-video-preview:-1"},"canonical":"https:\/\/www.sebastien-auziere.fr\/blog\/es\/brigitte-macron-en-1980-retrato-familia-y-trayectoria-profesional\/","og_locale":"fr_FR","og_type":"article","og_title":"Brigitte Macron 1980 : \u00e2ge, vie de famille et carri\u00e8re","og_description":"Que faisait Brigitte Macron en 1980 ? Portrait complet : \u00e2ge, situation familiale, carri\u00e8re professionnelle et chronologie des ann\u00e9es 1980 avant la notori\u00e9t\u00e9.","og_url":"https:\/\/www.sebastien-auziere.fr\/blog\/es\/brigitte-macron-en-1980-retrato-familia-y-trayectoria-profesional\/","og_site_name":"Fan site S\u00e9bastien Auzi\u00e8re","article_published_time":"2026-03-18T09:39:56+00:00","article_modified_time":"2026-03-18T09:58:38+00:00","og_image":[{"width":494,"height":333,"url":"https:\/\/www.sebastien-auziere.fr\/blog\/wp-content\/uploads\/2026\/03\/Capture-decran-2026-03-18-103444.png","type":"image\/png"}],"author":"Celine","twitter_card":"summary_large_image","twitter_misc":{"\u00c9crit par":"Celine","Dur\u00e9e de lecture estim\u00e9e":"8 minutes"},"schema":{"@context":"https:\/\/schema.org","@graph":[{"@type":"Article","@id":"https:\/\/www.sebastien-auziere.fr\/blog\/es\/brigitte-macron-en-1980-retrato-familia-y-trayectoria-profesional\/#article","isPartOf":{"@id":"https:\/\/www.sebastien-auziere.fr\/blog\/es\/brigitte-macron-en-1980-retrato-familia-y-trayectoria-profesional\/"},"author":{"name":"Celine","@id":"https:\/\/www.sebastien-auziere.fr\/blog\/#\/schema\/person\/1e270a963009242469ed08b1c461f81f"},"headline":"Brigitte Macron en 1980: retrato, familia y trayectoria profesional","datePublished":"2026-03-18T09:39:56+00:00","dateModified":"2026-03-18T09:58:38+00:00","mainEntityOfPage":{"@id":"https:\/\/www.sebastien-auziere.fr\/blog\/es\/brigitte-macron-en-1980-retrato-familia-y-trayectoria-profesional\/"},"wordCount":1541,"commentCount":0,"publisher":{"@id":"https:\/\/www.sebastien-auziere.fr\/blog\/#organization"},"image":{"@id":"https:\/\/www.sebastien-auziere.fr\/blog\/es\/brigitte-macron-en-1980-retrato-familia-y-trayectoria-profesional\/#primaryimage"},"thumbnailUrl":"https:\/\/www.sebastien-auziere.fr\/blog\/wp-content\/uploads\/2026\/03\/Capture-decran-2026-03-18-103444.png","articleSection":["Tendencia"],"inLanguage":"fr-FR","potentialAction":[{"@type":"CommentAction","name":"Comment","target":["https:\/\/www.sebastien-auziere.fr\/blog\/es\/brigitte-macron-en-1980-retrato-familia-y-trayectoria-profesional\/#respond"]}]},{"@type":"WebPage","@id":"https:\/\/www.sebastien-auziere.fr\/blog\/es\/brigitte-macron-en-1980-retrato-familia-y-trayectoria-profesional\/","url":"https:\/\/www.sebastien-auziere.fr\/blog\/es\/brigitte-macron-en-1980-retrato-familia-y-trayectoria-profesional\/","name":"Brigitte Macron 1980 : \u00e2ge, vie de famille et carri\u00e8re","isPartOf":{"@id":"https:\/\/www.sebastien-auziere.fr\/blog\/#website"},"primaryImageOfPage":{"@id":"https:\/\/www.sebastien-auziere.fr\/blog\/es\/brigitte-macron-en-1980-retrato-familia-y-trayectoria-profesional\/#primaryimage"},"image":{"@id":"https:\/\/www.sebastien-auziere.fr\/blog\/es\/brigitte-macron-en-1980-retrato-familia-y-trayectoria-profesional\/#primaryimage"},"thumbnailUrl":"https:\/\/www.sebastien-auziere.fr\/blog\/wp-content\/uploads\/2026\/03\/Capture-decran-2026-03-18-103444.png","datePublished":"2026-03-18T09:39:56+00:00","dateModified":"2026-03-18T09:58:38+00:00","description":"Que faisait Brigitte Macron en 1980 ? Portrait complet : \u00e2ge, situation familiale, carri\u00e8re professionnelle et chronologie des ann\u00e9es 1980 avant la notori\u00e9t\u00e9.","breadcrumb":{"@id":"https:\/\/www.sebastien-auziere.fr\/blog\/es\/brigitte-macron-en-1980-retrato-familia-y-trayectoria-profesional\/#breadcrumb"},"inLanguage":"fr-FR","potentialAction":[{"@type":"ReadAction","target":["https:\/\/www.sebastien-auziere.fr\/blog\/es\/brigitte-macron-en-1980-retrato-familia-y-trayectoria-profesional\/"]}]},{"@type":"ImageObject","inLanguage":"fr-FR","@id":"https:\/\/www.sebastien-auziere.fr\/blog\/es\/brigitte-macron-en-1980-retrato-familia-y-trayectoria-profesional\/#primaryimage","url":"https:\/\/www.sebastien-auziere.fr\/blog\/wp-content\/uploads\/2026\/03\/Capture-decran-2026-03-18-103444.png","contentUrl":"https:\/\/www.sebastien-auziere.fr\/blog\/wp-content\/uploads\/2026\/03\/Capture-decran-2026-03-18-103444.png","width":494,"height":333,"caption":"Brigitte Macron en 1980"},{"@type":"BreadcrumbList","@id":"https:\/\/www.sebastien-auziere.fr\/blog\/es\/brigitte-macron-en-1980-retrato-familia-y-trayectoria-profesional\/#breadcrumb","itemListElement":[{"@type":"ListItem","position":1,"name":"Home","item":"https:\/\/www.sebastien-auziere.fr\/blog\/"},{"@type":"ListItem","position":2,"name":"Brigitte Macron en 1980: retrato, familia y trayectoria profesional"}]},{"@type":"WebSite","@id":"https:\/\/www.sebastien-auziere.fr\/blog\/#website","url":"https:\/\/www.sebastien-auziere.fr\/blog\/","name":"Fan site S\u00e9bastien Auzi\u00e8re","description":"M\u00e9dia g\u00e9n\u00e9raliste","publisher":{"@id":"https:\/\/www.sebastien-auziere.fr\/blog\/#organization"},"potentialAction":[{"@type":"SearchAction","target":{"@type":"EntryPoint","urlTemplate":"https:\/\/www.sebastien-auziere.fr\/blog\/?s={search_term_string}"},"query-input":{"@type":"PropertyValueSpecification","valueRequired":true,"valueName":"search_term_string"}}],"inLanguage":"fr-FR"},{"@type":"Organization","@id":"https:\/\/www.sebastien-auziere.fr\/blog\/#organization","name":"Fan site S\u00e9bastien Auzi\u00e8re","url":"https:\/\/www.sebastien-auziere.fr\/blog\/","logo":{"@type":"ImageObject","inLanguage":"fr-FR","@id":"https:\/\/www.sebastien-auziere.fr\/blog\/#\/schema\/logo\/image\/","url":"https:\/\/www.sebastien-auziere.fr\/blog\/wp-content\/uploads\/2026\/03\/cropped-cropped-cropped-ChatGPT-Image-6-mars-2026-12_58_09-e1772798376794.jpg","contentUrl":"https:\/\/www.sebastien-auziere.fr\/blog\/wp-content\/uploads\/2026\/03\/cropped-cropped-cropped-ChatGPT-Image-6-mars-2026-12_58_09-e1772798376794.jpg","width":512,"height":360,"caption":"Fan site S\u00e9bastien Auzi\u00e8re"},"image":{"@id":"https:\/\/www.sebastien-auziere.fr\/blog\/#\/schema\/logo\/image\/"}},{"@type":"Person","@id":"https:\/\/www.sebastien-auziere.fr\/blog\/#\/schema\/person\/1e270a963009242469ed08b1c461f81f","name":"Celine","image":{"@type":"ImageObject","inLanguage":"fr-FR","@id":"https:\/\/secure.gravatar.com\/avatar\/c88d569fbe1fe19a13c7f21ee0f8973822df96073df21850b95af6a09ba820c9?s=96&d=mm&r=g","url":"https:\/\/secure.gravatar.com\/avatar\/c88d569fbe1fe19a13c7f21ee0f8973822df96073df21850b95af6a09ba820c9?s=96&d=mm&r=g","contentUrl":"https:\/\/secure.gravatar.com\/avatar\/c88d569fbe1fe19a13c7f21ee0f8973822df96073df21850b95af6a09ba820c9?s=96&d=mm&r=g","caption":"Celine"},"description":"Je m'appelle C\u00e9line, j'ai 31 ans et je suis journaliste sp\u00e9cialis\u00e9e dans le cin\u00e9ma. Passionn\u00e9e par le septi\u00e8me art, j'explore les actualit\u00e9s, les critiques et les tendances du monde cin\u00e9matographique. Mon objectif est de partager ma passion et d'informer les amateurs de films \u00e0 travers des articles percutants et des analyses approfondies.","url":"https:\/\/www.sebastien-auziere.fr\/blog\/author\/celine\/"}]}},"views":515,"_links":{"self":[{"href":"https:\/\/www.sebastien-auziere.fr\/blog\/wp-json\/wp\/v2\/posts\/2538","targetHints":{"allow":["GET"]}}],"collection":[{"href":"https:\/\/www.sebastien-auziere.fr\/blog\/wp-json\/wp\/v2\/posts"}],"about":[{"href":"https:\/\/www.sebastien-auziere.fr\/blog\/wp-json\/wp\/v2\/types\/post"}],"author":[{"embeddable":true,"href":"https:\/\/www.sebastien-auziere.fr\/blog\/wp-json\/wp\/v2\/users\/4"}],"replies":[{"embeddable":true,"href":"https:\/\/www.sebastien-auziere.fr\/blog\/wp-json\/wp\/v2\/comments?post=2538"}],"version-history":[{"count":2,"href":"https:\/\/www.sebastien-auziere.fr\/blog\/wp-json\/wp\/v2\/posts\/2538\/revisions"}],"predecessor-version":[{"id":2550,"href":"https:\/\/www.sebastien-auziere.fr\/blog\/wp-json\/wp\/v2\/posts\/2538\/revisions\/2550"}],"wp:featuredmedia":[{"embeddable":true,"href":"https:\/\/www.sebastien-auziere.fr\/blog\/wp-json\/wp\/v2\/media\/2533"}],"wp:attachment":[{"href":"https:\/\/www.sebastien-auziere.fr\/blog\/wp-json\/wp\/v2\/media?parent=2538"}],"wp:term":[{"taxonomy":"category","embeddable":true,"href":"https:\/\/www.sebastien-auziere.fr\/blog\/wp-json\/wp\/v2\/categories?post=2538"},{"taxonomy":"post_tag","embeddable":true,"href":"https:\/\/www.sebastien-auziere.fr\/blog\/wp-json\/wp\/v2\/tags?post=2538"}],"curies":[{"name":"wp","href":"https:\/\/api.w.org\/{rel}","templated":true}]}}