{"id":2528,"date":"2026-03-16T20:11:51","date_gmt":"2026-03-16T20:11:51","guid":{"rendered":"https:\/\/www.sebastien-auziere.fr\/blog\/?p=2528"},"modified":"2026-03-16T20:12:19","modified_gmt":"2026-03-16T20:12:19","slug":"jair-bolsonaro-hospitalizado-em-cuidados-intensivos-o-ex-presidente-brasileiro-que-insultou-brigitte-macron-esta-em-reanimacao","status":"publish","type":"post","link":"https:\/\/www.sebastien-auziere.fr\/blog\/pt\/jair-bolsonaro-hospitalizado-em-cuidados-intensivos-o-ex-presidente-brasileiro-que-insultou-brigitte-macron-esta-em-reanimacao\/","title":{"rendered":"Jair Bolsonaro hospitalizado em cuidados intensivos: o ex-presidente brasileiro que insultou Brigitte Macron est\u00e1 em reanima\u00e7\u00e3o"},"content":{"rendered":"<p><em>Publicado em 16 de mar\u00e7o de 2026 \u2014 Atualizado com os \u00faltimos boletins m\u00e9dicos.<\/em><\/p>\n<p>Condenado a 27 anos de pris\u00e3o por tentativa de golpe de Estado, Jair Bolsonaro, o ex-presidente brasileiro conhecido por ter <strong>insultado Brigitte Macron<\/strong>, foi hospitalizado de emerg\u00eancia no dia 13 de mar\u00e7o de 2026 ap\u00f3s um mal-estar em sua cela. Colocado em cuidados intensivos na cl\u00ednica privada DF Star de Bras\u00edlia, ele sofre de uma <strong>broncopneumonia bacteriana<\/strong>. Aqui est\u00e1 o ponto completo sobre seu estado de sa\u00fade em 16 de mar\u00e7o.<\/p>\n<h2>Um mal-estar brutal em sua cela no dia 13 de mar\u00e7o<\/h2>\n<p>Foi desde o complexo penitenci\u00e1rio de Papuda, em Bras\u00edlia, onde est\u00e1 encarcerado desde 8 de novembro de 2025, que Jair Bolsonaro teve um mal-estar na manh\u00e3 de sexta-feira, 13 de mar\u00e7o. Sua esposa Michelle Bolsonaro foi a primeira a alertar a opini\u00e3o p\u00fablica via Instagram, detalhando os sintomas que surgiram brutalmente: <strong>febre alta, queda da satura\u00e7\u00e3o de oxig\u00eanio, suores abundantes e calafrios<\/strong>.<\/p>\n<p>Rapidamente atendido pela equipe penitenci\u00e1ria, o ex-chefe de Estado de 70 anos foi transferido de emerg\u00eancia para a <strong>cl\u00ednica privada DF Star de Bras\u00edlia<\/strong>, onde os exames confirmaram um diagn\u00f3stico de broncopneumonia. Ele foi imediatamente colocado em unidade de cuidados intensivos.<\/p>\n<h2>Um estado est\u00e1vel, mas preocupante<\/h2>\n<p>Segundo os boletins m\u00e9dicos sucessivos publicados desde sua admiss\u00e3o, o estado de Jair Bolsonaro \u00e9 <strong>clinicamente est\u00e1vel<\/strong>, mas os m\u00e9dicos notaram v\u00e1rios sinais preocupantes:<\/p>\n<ul>\n<li>Deteriora\u00e7\u00e3o da <strong>fun\u00e7\u00e3o renal<\/strong> constatada em 14 de mar\u00e7o<\/li>\n<li>Aumento dos <strong>marcadores inflamat\u00f3rios<\/strong><\/li>\n<li>Refor\u00e7o do <strong>tratamento antibi\u00f3tico<\/strong> para combater a pneumonia bacteriana<\/li>\n<li>Sinais de melhora progressiva a partir de 15 de mar\u00e7o (terceiro dia em cuidados intensivos)<\/li>\n<\/ul>\n<p style=\"background:#fff8e1;border-left:4px solid #f9a825;padding:12px 16px;margin:16px 0\"><strong>\ud83d\udccb \u00daltima atualiza\u00e7\u00e3o (16 de mar\u00e7o) :<\/strong> O hospital indicou que o estado de Bolsonaro se estabilizou e que sua fun\u00e7\u00e3o renal mostrou sinais de melhora. Os m\u00e9dicos, no entanto, mantiveram o refor\u00e7o do tratamento antibi\u00f3tico.<\/p>\n<h2>As sequelas do golpe de faca de 2018, causa direta<\/h2>\n<p>A infec\u00e7\u00e3o pulmonar n\u00e3o \u00e9 por acaso. Ela \u00e9 a consequ\u00eancia direta de um <strong>epis\u00f3dio de broncoaspira\u00e7\u00e3o<\/strong>, um dist\u00farbio recorrente do qual Bolsonaro sofre desde 2018. Naquele ano, em plena campanha eleitoral, ele havia recebido um <strong>golpe de faca no abd\u00f4men<\/strong> durante um com\u00edcio em Juiz de Fora. Escapando por pouco dessa agress\u00e3o, ele passou por v\u00e1rias opera\u00e7\u00f5es cir\u00fargicas nos meses e anos que se seguiram.<\/p>\n<p>Desde ent\u00e3o, o ex-presidente est\u00e1 permanentemente fragilizado: ele sofre regularmente de <strong>crises de solu\u00e7os e v\u00f4mitos<\/strong> que podem durar v\u00e1rios dias \u2014 sintomas que seus m\u00e9dicos identificam como a causa direta da pneumonia atual. Em dezembro de 2025, ele j\u00e1 havia sido hospitalizado por uma h\u00e9rnia inguinal, uma opera\u00e7\u00e3o considerada sucesso por seu c\u00edrculo pr\u00f3ximo.<\/p>\n<h2>Sempre atr\u00e1s das barras, apesar dos pedidos de sua fam\u00edlia<\/h2>\n<p>Seu filho mais velho, Flavio Bolsonaro, candidato \u00e0 elei\u00e7\u00e3o presidencial de outubro de 2026, n\u00e3o escondeu sua raiva desde a hospitaliza\u00e7\u00e3o de seu pai. <em>\u201cEst\u00e3o brincando com a vida do meu pai\u201d<\/em>, declarou ele aos jornalistas. <em>\u201cEle deveria ter, no m\u00ednimo, uma cela domiciliar, para ser tratado continuamente junto \u00e0 sua fam\u00edlia. Onde ele est\u00e1, seu estado de sa\u00fade tende a piorar.\u201d<\/em><\/p>\n<p>A <strong>Corte Suprema brasileira<\/strong> rejeitou v\u00e1rias vezes os pedidos da defesa para permitir que Bolsonaro cumprisse sua pena em casa. Uma vez recuperado, o ex-presidente ter\u00e1 que reintegrar sua cela no complexo de Papuda \u2014 um espa\u00e7o de 65 m\u00b2 adaptado para quatro pessoas, com cozinha, televis\u00e3o, cama de casal e espa\u00e7o externo privado.<\/p>\n<h2>Um contexto pol\u00edtico tenso<\/h2>\n<p>Essa hospitaliza\u00e7\u00e3o ocorre em um contexto pol\u00edtico particularmente carregado no Brasil. Condenado em setembro de 2025 a 27 anos de pris\u00e3o por ter tentado se manter ilegalmente no poder ap\u00f3s sua derrota na elei\u00e7\u00e3o de 2022 para Luiz In\u00e1cio Lula da Silva, Bolsonaro continua sendo uma figura central da direita brasileira. O Brasil realiza uma elei\u00e7\u00e3o presidencial em outubro de 2026, e segundo as \u00faltimas pesquisas do instituto Datafolha, seu filho Flavio Bolsonaro e o presidente Lula est\u00e3o em empate t\u00e9cnico para um poss\u00edvel segundo turno.<\/p>\n<p>O estado de sa\u00fade do ex-presidente pode, al\u00e9m disso, influenciar as modalidades de sua deten\u00e7\u00e3o, segundo certos observadores judiciais brasileiros.<\/p>\n<h2>Lembrete: o insulto a Brigitte Macron<\/h2>\n<p>Jair Bolsonaro \u00e9 conhecido na Fran\u00e7a por uma pol\u00eamica que ficou na mem\u00f3ria: em 2019, nas redes sociais, ele havia compartilhado um coment\u00e1rio de um internauta comparando Brigitte Macron a Emmanuel Macron, sugerindo que a Primeira-dama francesa era menos atraente que sua pr\u00f3pria esposa Michelle. Longe de se desculpar, Bolsonaro assumiu suas palavras, provocando uma forte tens\u00e3o diplom\u00e1tica entre Bras\u00edlia e Paris.<\/p>\n<p>{<br \/>\n  \u00ab\u00a0@context\u00a0\u00bb: \u00ab\u00a0https:\/\/schema.org\u00a0\u00bb,<br \/>\n  \u00ab\u00a0@type\u00a0\u00bb: \u00ab\u00a0Article\u00a0\u00bb,<br \/>\n  \u00ab\u00a0headline\u00a0\u00bb: \u00ab\u00a0Jair Bolsonaro hospitalizado em cuidados intensivos: o ex-presidente brasileiro que insultou Brigitte Macron colocado em reanima\u00e7\u00e3o\u00a0\u00bb,<br \/>\n  \u00ab\u00a0description\u00a0\u00bb: \u00ab\u00a0Jair Bolsonaro, condenado a 27 anos de pris\u00e3o e ex-presidente brasileiro, foi hospitalizado de emerg\u00eancia no dia 13 de mar\u00e7o de 2026 ap\u00f3s um mal-estar em sua cela. Cuidados intensivos, broncopneumonia, estado em 16 de mar\u00e7o.\u00a0\u00bb,<br \/>\n  \u00ab\u00a0inLanguage\u00a0\u00bb: \u00ab\u00a0pt\u00a0\u00bb,<br \/>\n  \u00ab\u00a0datePublished\u00a0\u00bb: \u00ab\u00a02026-03-16\u00a0\u00bb,<br \/>\n  \u00ab\u00a0dateModified\u00a0\u00bb: \u00ab\u00a02026-03-16\u00a0\u00bb<br \/>\n}<\/p>\n","protected":false},"excerpt":{"rendered":"<p>Publicado em 16 de mar\u00e7o de 2026 \u2014 Atualizado com os \u00faltimos boletins m\u00e9dicos. Condenado a 27 anos de pris\u00e3o por tentativa de golpe de Estado, Jair Bolsonaro, o ex-presidente brasileiro conhecido por ter insultado Brigitte Macron, foi hospitalizado de emerg\u00eancia no dia 13 de mar\u00e7o de 2026 ap\u00f3s um mal-estar em sua cela. Colocado &#8230; <a title=\"Jair Bolsonaro hospitalizado em cuidados intensivos: o ex-presidente brasileiro que insultou Brigitte Macron est\u00e1 em reanima\u00e7\u00e3o\" class=\"read-more\" href=\"https:\/\/www.sebastien-auziere.fr\/blog\/pt\/jair-bolsonaro-hospitalizado-em-cuidados-intensivos-o-ex-presidente-brasileiro-que-insultou-brigitte-macron-esta-em-reanimacao\/\" aria-label=\"En savoir plus sur Jair Bolsonaro hospitalizado em cuidados intensivos: o ex-presidente brasileiro que insultou Brigitte Macron est\u00e1 em reanima\u00e7\u00e3o\">Lire plus<\/a><\/p>\n","protected":false},"author":4,"featured_media":2517,"comment_status":"open","ping_status":"open","sticky":false,"template":"","format":"standard","meta":{"footnotes":""},"categories":[862],"tags":[],"class_list":["post-2528","post","type-post","status-publish","format-standard","has-post-thumbnail","hentry","category-actualidades-pt"],"yoast_head":"<!-- This site is optimized with the Yoast SEO plugin v27.5 - https:\/\/yoast.com\/product\/yoast-seo-wordpress\/ -->\n<title>Bolsonaro hospitalis\u00e9 : l&#039;ex-pr\u00e9sident qui avait insult\u00e9 Brigitte Macron en soins intensifs<\/title>\n<meta name=\"description\" content=\"Jair Bolsonaro, l&#039;ancien pr\u00e9sident br\u00e9silien qui avait insult\u00e9 Brigitte Macron, est hospitalis\u00e9 en soins intensifs depuis le 13 mars 2026. Bronchopneumonie, d\u00e9t\u00e9rioration r\u00e9nale : point complet sur son \u00e9tat de sant\u00e9.\" \/>\n<meta name=\"robots\" content=\"index, follow, max-snippet:-1, max-image-preview:large, max-video-preview:-1\" \/>\n<link rel=\"canonical\" href=\"https:\/\/www.sebastien-auziere.fr\/blog\/pt\/jair-bolsonaro-hospitalizado-em-cuidados-intensivos-o-ex-presidente-brasileiro-que-insultou-brigitte-macron-esta-em-reanimacao\/\" \/>\n<meta property=\"og:locale\" content=\"fr_FR\" \/>\n<meta property=\"og:type\" content=\"article\" \/>\n<meta property=\"og:title\" content=\"Bolsonaro hospitalis\u00e9 : l&#039;ex-pr\u00e9sident qui avait insult\u00e9 Brigitte Macron en soins intensifs\" \/>\n<meta property=\"og:description\" content=\"Jair Bolsonaro, l&#039;ancien pr\u00e9sident br\u00e9silien qui avait insult\u00e9 Brigitte Macron, est hospitalis\u00e9 en soins intensifs depuis le 13 mars 2026. Bronchopneumonie, d\u00e9t\u00e9rioration r\u00e9nale : point complet sur son \u00e9tat de sant\u00e9.\" \/>\n<meta property=\"og:url\" content=\"https:\/\/www.sebastien-auziere.fr\/blog\/pt\/jair-bolsonaro-hospitalizado-em-cuidados-intensivos-o-ex-presidente-brasileiro-que-insultou-brigitte-macron-esta-em-reanimacao\/\" \/>\n<meta property=\"og:site_name\" content=\"Fan site S\u00e9bastien Auzi\u00e8re\" \/>\n<meta property=\"article:published_time\" content=\"2026-03-16T20:11:51+00:00\" \/>\n<meta property=\"article:modified_time\" content=\"2026-03-16T20:12:19+00:00\" \/>\n<meta property=\"og:image\" content=\"https:\/\/www.sebastien-auziere.fr\/blog\/wp-content\/uploads\/2026\/03\/Capture-decran-2026-03-16-210521.png\" \/>\n\t<meta property=\"og:image:width\" content=\"566\" \/>\n\t<meta property=\"og:image:height\" content=\"377\" \/>\n\t<meta property=\"og:image:type\" content=\"image\/png\" \/>\n<meta name=\"author\" content=\"Celine\" \/>\n<meta name=\"twitter:card\" content=\"summary_large_image\" \/>\n<meta name=\"twitter:label1\" content=\"\u00c9crit par\" \/>\n\t<meta name=\"twitter:data1\" content=\"Celine\" \/>\n\t<meta name=\"twitter:label2\" content=\"Dur\u00e9e de lecture estim\u00e9e\" \/>\n\t<meta name=\"twitter:data2\" content=\"4 minutes\" \/>\n<script type=\"application\/ld+json\" class=\"yoast-schema-graph\">{\"@context\":\"https:\\\/\\\/schema.org\",\"@graph\":[{\"@type\":\"Article\",\"@id\":\"https:\\\/\\\/www.sebastien-auziere.fr\\\/blog\\\/pt\\\/jair-bolsonaro-hospitalizado-em-cuidados-intensivos-o-ex-presidente-brasileiro-que-insultou-brigitte-macron-esta-em-reanimacao\\\/#article\",\"isPartOf\":{\"@id\":\"https:\\\/\\\/www.sebastien-auziere.fr\\\/blog\\\/pt\\\/jair-bolsonaro-hospitalizado-em-cuidados-intensivos-o-ex-presidente-brasileiro-que-insultou-brigitte-macron-esta-em-reanimacao\\\/\"},\"author\":{\"name\":\"Celine\",\"@id\":\"https:\\\/\\\/www.sebastien-auziere.fr\\\/blog\\\/#\\\/schema\\\/person\\\/1e270a963009242469ed08b1c461f81f\"},\"headline\":\"Jair Bolsonaro hospitalizado em cuidados intensivos: o ex-presidente brasileiro que insultou Brigitte Macron est\u00e1 em reanima\u00e7\u00e3o\",\"datePublished\":\"2026-03-16T20:11:51+00:00\",\"dateModified\":\"2026-03-16T20:12:19+00:00\",\"mainEntityOfPage\":{\"@id\":\"https:\\\/\\\/www.sebastien-auziere.fr\\\/blog\\\/pt\\\/jair-bolsonaro-hospitalizado-em-cuidados-intensivos-o-ex-presidente-brasileiro-que-insultou-brigitte-macron-esta-em-reanimacao\\\/\"},\"wordCount\":886,\"commentCount\":0,\"publisher\":{\"@id\":\"https:\\\/\\\/www.sebastien-auziere.fr\\\/blog\\\/#organization\"},\"image\":{\"@id\":\"https:\\\/\\\/www.sebastien-auziere.fr\\\/blog\\\/pt\\\/jair-bolsonaro-hospitalizado-em-cuidados-intensivos-o-ex-presidente-brasileiro-que-insultou-brigitte-macron-esta-em-reanimacao\\\/#primaryimage\"},\"thumbnailUrl\":\"https:\\\/\\\/www.sebastien-auziere.fr\\\/blog\\\/wp-content\\\/uploads\\\/2026\\\/03\\\/Capture-decran-2026-03-16-210521.png\",\"articleSection\":[\"Actualidades\"],\"inLanguage\":\"fr-FR\",\"potentialAction\":[{\"@type\":\"CommentAction\",\"name\":\"Comment\",\"target\":[\"https:\\\/\\\/www.sebastien-auziere.fr\\\/blog\\\/pt\\\/jair-bolsonaro-hospitalizado-em-cuidados-intensivos-o-ex-presidente-brasileiro-que-insultou-brigitte-macron-esta-em-reanimacao\\\/#respond\"]}]},{\"@type\":\"WebPage\",\"@id\":\"https:\\\/\\\/www.sebastien-auziere.fr\\\/blog\\\/pt\\\/jair-bolsonaro-hospitalizado-em-cuidados-intensivos-o-ex-presidente-brasileiro-que-insultou-brigitte-macron-esta-em-reanimacao\\\/\",\"url\":\"https:\\\/\\\/www.sebastien-auziere.fr\\\/blog\\\/pt\\\/jair-bolsonaro-hospitalizado-em-cuidados-intensivos-o-ex-presidente-brasileiro-que-insultou-brigitte-macron-esta-em-reanimacao\\\/\",\"name\":\"Bolsonaro hospitalis\u00e9 : l'ex-pr\u00e9sident qui avait insult\u00e9 Brigitte Macron en soins intensifs\",\"isPartOf\":{\"@id\":\"https:\\\/\\\/www.sebastien-auziere.fr\\\/blog\\\/#website\"},\"primaryImageOfPage\":{\"@id\":\"https:\\\/\\\/www.sebastien-auziere.fr\\\/blog\\\/pt\\\/jair-bolsonaro-hospitalizado-em-cuidados-intensivos-o-ex-presidente-brasileiro-que-insultou-brigitte-macron-esta-em-reanimacao\\\/#primaryimage\"},\"image\":{\"@id\":\"https:\\\/\\\/www.sebastien-auziere.fr\\\/blog\\\/pt\\\/jair-bolsonaro-hospitalizado-em-cuidados-intensivos-o-ex-presidente-brasileiro-que-insultou-brigitte-macron-esta-em-reanimacao\\\/#primaryimage\"},\"thumbnailUrl\":\"https:\\\/\\\/www.sebastien-auziere.fr\\\/blog\\\/wp-content\\\/uploads\\\/2026\\\/03\\\/Capture-decran-2026-03-16-210521.png\",\"datePublished\":\"2026-03-16T20:11:51+00:00\",\"dateModified\":\"2026-03-16T20:12:19+00:00\",\"description\":\"Jair Bolsonaro, l'ancien pr\u00e9sident br\u00e9silien qui avait insult\u00e9 Brigitte Macron, est hospitalis\u00e9 en soins intensifs depuis le 13 mars 2026. Bronchopneumonie, d\u00e9t\u00e9rioration r\u00e9nale : point complet sur son \u00e9tat de sant\u00e9.\",\"breadcrumb\":{\"@id\":\"https:\\\/\\\/www.sebastien-auziere.fr\\\/blog\\\/pt\\\/jair-bolsonaro-hospitalizado-em-cuidados-intensivos-o-ex-presidente-brasileiro-que-insultou-brigitte-macron-esta-em-reanimacao\\\/#breadcrumb\"},\"inLanguage\":\"fr-FR\",\"potentialAction\":[{\"@type\":\"ReadAction\",\"target\":[\"https:\\\/\\\/www.sebastien-auziere.fr\\\/blog\\\/pt\\\/jair-bolsonaro-hospitalizado-em-cuidados-intensivos-o-ex-presidente-brasileiro-que-insultou-brigitte-macron-esta-em-reanimacao\\\/\"]}]},{\"@type\":\"ImageObject\",\"inLanguage\":\"fr-FR\",\"@id\":\"https:\\\/\\\/www.sebastien-auziere.fr\\\/blog\\\/pt\\\/jair-bolsonaro-hospitalizado-em-cuidados-intensivos-o-ex-presidente-brasileiro-que-insultou-brigitte-macron-esta-em-reanimacao\\\/#primaryimage\",\"url\":\"https:\\\/\\\/www.sebastien-auziere.fr\\\/blog\\\/wp-content\\\/uploads\\\/2026\\\/03\\\/Capture-decran-2026-03-16-210521.png\",\"contentUrl\":\"https:\\\/\\\/www.sebastien-auziere.fr\\\/blog\\\/wp-content\\\/uploads\\\/2026\\\/03\\\/Capture-decran-2026-03-16-210521.png\",\"width\":566,\"height\":377,\"caption\":\"Bolsonaro hospitalis\u00e9 : l'ex-pr\u00e9sident qui avait insult\u00e9 Brigitte Macron en soins intensifs\"},{\"@type\":\"BreadcrumbList\",\"@id\":\"https:\\\/\\\/www.sebastien-auziere.fr\\\/blog\\\/pt\\\/jair-bolsonaro-hospitalizado-em-cuidados-intensivos-o-ex-presidente-brasileiro-que-insultou-brigitte-macron-esta-em-reanimacao\\\/#breadcrumb\",\"itemListElement\":[{\"@type\":\"ListItem\",\"position\":1,\"name\":\"Home\",\"item\":\"https:\\\/\\\/www.sebastien-auziere.fr\\\/blog\\\/\"},{\"@type\":\"ListItem\",\"position\":2,\"name\":\"Jair Bolsonaro hospitalizado em cuidados intensivos: o ex-presidente brasileiro que insultou Brigitte Macron est\u00e1 em reanima\u00e7\u00e3o\"}]},{\"@type\":\"WebSite\",\"@id\":\"https:\\\/\\\/www.sebastien-auziere.fr\\\/blog\\\/#website\",\"url\":\"https:\\\/\\\/www.sebastien-auziere.fr\\\/blog\\\/\",\"name\":\"Fan site S\u00e9bastien Auzi\u00e8re\",\"description\":\"M\u00e9dia g\u00e9n\u00e9raliste\",\"publisher\":{\"@id\":\"https:\\\/\\\/www.sebastien-auziere.fr\\\/blog\\\/#organization\"},\"potentialAction\":[{\"@type\":\"SearchAction\",\"target\":{\"@type\":\"EntryPoint\",\"urlTemplate\":\"https:\\\/\\\/www.sebastien-auziere.fr\\\/blog\\\/?s={search_term_string}\"},\"query-input\":{\"@type\":\"PropertyValueSpecification\",\"valueRequired\":true,\"valueName\":\"search_term_string\"}}],\"inLanguage\":\"fr-FR\"},{\"@type\":\"Organization\",\"@id\":\"https:\\\/\\\/www.sebastien-auziere.fr\\\/blog\\\/#organization\",\"name\":\"Fan site S\u00e9bastien Auzi\u00e8re\",\"url\":\"https:\\\/\\\/www.sebastien-auziere.fr\\\/blog\\\/\",\"logo\":{\"@type\":\"ImageObject\",\"inLanguage\":\"fr-FR\",\"@id\":\"https:\\\/\\\/www.sebastien-auziere.fr\\\/blog\\\/#\\\/schema\\\/logo\\\/image\\\/\",\"url\":\"https:\\\/\\\/www.sebastien-auziere.fr\\\/blog\\\/wp-content\\\/uploads\\\/2026\\\/03\\\/cropped-cropped-cropped-ChatGPT-Image-6-mars-2026-12_58_09-e1772798376794.jpg\",\"contentUrl\":\"https:\\\/\\\/www.sebastien-auziere.fr\\\/blog\\\/wp-content\\\/uploads\\\/2026\\\/03\\\/cropped-cropped-cropped-ChatGPT-Image-6-mars-2026-12_58_09-e1772798376794.jpg\",\"width\":512,\"height\":360,\"caption\":\"Fan site S\u00e9bastien Auzi\u00e8re\"},\"image\":{\"@id\":\"https:\\\/\\\/www.sebastien-auziere.fr\\\/blog\\\/#\\\/schema\\\/logo\\\/image\\\/\"}},{\"@type\":\"Person\",\"@id\":\"https:\\\/\\\/www.sebastien-auziere.fr\\\/blog\\\/#\\\/schema\\\/person\\\/1e270a963009242469ed08b1c461f81f\",\"name\":\"Celine\",\"image\":{\"@type\":\"ImageObject\",\"inLanguage\":\"fr-FR\",\"@id\":\"https:\\\/\\\/secure.gravatar.com\\\/avatar\\\/c88d569fbe1fe19a13c7f21ee0f8973822df96073df21850b95af6a09ba820c9?s=96&d=mm&r=g\",\"url\":\"https:\\\/\\\/secure.gravatar.com\\\/avatar\\\/c88d569fbe1fe19a13c7f21ee0f8973822df96073df21850b95af6a09ba820c9?s=96&d=mm&r=g\",\"contentUrl\":\"https:\\\/\\\/secure.gravatar.com\\\/avatar\\\/c88d569fbe1fe19a13c7f21ee0f8973822df96073df21850b95af6a09ba820c9?s=96&d=mm&r=g\",\"caption\":\"Celine\"},\"description\":\"Je m'appelle C\u00e9line, j'ai 31 ans et je suis journaliste sp\u00e9cialis\u00e9e dans le cin\u00e9ma. Passionn\u00e9e par le septi\u00e8me art, j'explore les actualit\u00e9s, les critiques et les tendances du monde cin\u00e9matographique. Mon objectif est de partager ma passion et d'informer les amateurs de films \u00e0 travers des articles percutants et des analyses approfondies.\",\"url\":\"https:\\\/\\\/www.sebastien-auziere.fr\\\/blog\\\/author\\\/celine\\\/\"}]}<\/script>\n<!-- \/ Yoast SEO plugin. -->","yoast_head_json":{"title":"Bolsonaro hospitalis\u00e9 : l'ex-pr\u00e9sident qui avait insult\u00e9 Brigitte Macron en soins intensifs","description":"Jair Bolsonaro, l'ancien pr\u00e9sident br\u00e9silien qui avait insult\u00e9 Brigitte Macron, est hospitalis\u00e9 en soins intensifs depuis le 13 mars 2026. Bronchopneumonie, d\u00e9t\u00e9rioration r\u00e9nale : point complet sur son \u00e9tat de sant\u00e9.","robots":{"index":"index","follow":"follow","max-snippet":"max-snippet:-1","max-image-preview":"max-image-preview:large","max-video-preview":"max-video-preview:-1"},"canonical":"https:\/\/www.sebastien-auziere.fr\/blog\/pt\/jair-bolsonaro-hospitalizado-em-cuidados-intensivos-o-ex-presidente-brasileiro-que-insultou-brigitte-macron-esta-em-reanimacao\/","og_locale":"fr_FR","og_type":"article","og_title":"Bolsonaro hospitalis\u00e9 : l'ex-pr\u00e9sident qui avait insult\u00e9 Brigitte Macron en soins intensifs","og_description":"Jair Bolsonaro, l'ancien pr\u00e9sident br\u00e9silien qui avait insult\u00e9 Brigitte Macron, est hospitalis\u00e9 en soins intensifs depuis le 13 mars 2026. Bronchopneumonie, d\u00e9t\u00e9rioration r\u00e9nale : point complet sur son \u00e9tat de sant\u00e9.","og_url":"https:\/\/www.sebastien-auziere.fr\/blog\/pt\/jair-bolsonaro-hospitalizado-em-cuidados-intensivos-o-ex-presidente-brasileiro-que-insultou-brigitte-macron-esta-em-reanimacao\/","og_site_name":"Fan site S\u00e9bastien Auzi\u00e8re","article_published_time":"2026-03-16T20:11:51+00:00","article_modified_time":"2026-03-16T20:12:19+00:00","og_image":[{"width":566,"height":377,"url":"https:\/\/www.sebastien-auziere.fr\/blog\/wp-content\/uploads\/2026\/03\/Capture-decran-2026-03-16-210521.png","type":"image\/png"}],"author":"Celine","twitter_card":"summary_large_image","twitter_misc":{"\u00c9crit par":"Celine","Dur\u00e9e de lecture estim\u00e9e":"4 minutes"},"schema":{"@context":"https:\/\/schema.org","@graph":[{"@type":"Article","@id":"https:\/\/www.sebastien-auziere.fr\/blog\/pt\/jair-bolsonaro-hospitalizado-em-cuidados-intensivos-o-ex-presidente-brasileiro-que-insultou-brigitte-macron-esta-em-reanimacao\/#article","isPartOf":{"@id":"https:\/\/www.sebastien-auziere.fr\/blog\/pt\/jair-bolsonaro-hospitalizado-em-cuidados-intensivos-o-ex-presidente-brasileiro-que-insultou-brigitte-macron-esta-em-reanimacao\/"},"author":{"name":"Celine","@id":"https:\/\/www.sebastien-auziere.fr\/blog\/#\/schema\/person\/1e270a963009242469ed08b1c461f81f"},"headline":"Jair Bolsonaro hospitalizado em cuidados intensivos: o ex-presidente brasileiro que insultou Brigitte Macron est\u00e1 em reanima\u00e7\u00e3o","datePublished":"2026-03-16T20:11:51+00:00","dateModified":"2026-03-16T20:12:19+00:00","mainEntityOfPage":{"@id":"https:\/\/www.sebastien-auziere.fr\/blog\/pt\/jair-bolsonaro-hospitalizado-em-cuidados-intensivos-o-ex-presidente-brasileiro-que-insultou-brigitte-macron-esta-em-reanimacao\/"},"wordCount":886,"commentCount":0,"publisher":{"@id":"https:\/\/www.sebastien-auziere.fr\/blog\/#organization"},"image":{"@id":"https:\/\/www.sebastien-auziere.fr\/blog\/pt\/jair-bolsonaro-hospitalizado-em-cuidados-intensivos-o-ex-presidente-brasileiro-que-insultou-brigitte-macron-esta-em-reanimacao\/#primaryimage"},"thumbnailUrl":"https:\/\/www.sebastien-auziere.fr\/blog\/wp-content\/uploads\/2026\/03\/Capture-decran-2026-03-16-210521.png","articleSection":["Actualidades"],"inLanguage":"fr-FR","potentialAction":[{"@type":"CommentAction","name":"Comment","target":["https:\/\/www.sebastien-auziere.fr\/blog\/pt\/jair-bolsonaro-hospitalizado-em-cuidados-intensivos-o-ex-presidente-brasileiro-que-insultou-brigitte-macron-esta-em-reanimacao\/#respond"]}]},{"@type":"WebPage","@id":"https:\/\/www.sebastien-auziere.fr\/blog\/pt\/jair-bolsonaro-hospitalizado-em-cuidados-intensivos-o-ex-presidente-brasileiro-que-insultou-brigitte-macron-esta-em-reanimacao\/","url":"https:\/\/www.sebastien-auziere.fr\/blog\/pt\/jair-bolsonaro-hospitalizado-em-cuidados-intensivos-o-ex-presidente-brasileiro-que-insultou-brigitte-macron-esta-em-reanimacao\/","name":"Bolsonaro hospitalis\u00e9 : l'ex-pr\u00e9sident qui avait insult\u00e9 Brigitte Macron en soins intensifs","isPartOf":{"@id":"https:\/\/www.sebastien-auziere.fr\/blog\/#website"},"primaryImageOfPage":{"@id":"https:\/\/www.sebastien-auziere.fr\/blog\/pt\/jair-bolsonaro-hospitalizado-em-cuidados-intensivos-o-ex-presidente-brasileiro-que-insultou-brigitte-macron-esta-em-reanimacao\/#primaryimage"},"image":{"@id":"https:\/\/www.sebastien-auziere.fr\/blog\/pt\/jair-bolsonaro-hospitalizado-em-cuidados-intensivos-o-ex-presidente-brasileiro-que-insultou-brigitte-macron-esta-em-reanimacao\/#primaryimage"},"thumbnailUrl":"https:\/\/www.sebastien-auziere.fr\/blog\/wp-content\/uploads\/2026\/03\/Capture-decran-2026-03-16-210521.png","datePublished":"2026-03-16T20:11:51+00:00","dateModified":"2026-03-16T20:12:19+00:00","description":"Jair Bolsonaro, l'ancien pr\u00e9sident br\u00e9silien qui avait insult\u00e9 Brigitte Macron, est hospitalis\u00e9 en soins intensifs depuis le 13 mars 2026. Bronchopneumonie, d\u00e9t\u00e9rioration r\u00e9nale : point complet sur son \u00e9tat de sant\u00e9.","breadcrumb":{"@id":"https:\/\/www.sebastien-auziere.fr\/blog\/pt\/jair-bolsonaro-hospitalizado-em-cuidados-intensivos-o-ex-presidente-brasileiro-que-insultou-brigitte-macron-esta-em-reanimacao\/#breadcrumb"},"inLanguage":"fr-FR","potentialAction":[{"@type":"ReadAction","target":["https:\/\/www.sebastien-auziere.fr\/blog\/pt\/jair-bolsonaro-hospitalizado-em-cuidados-intensivos-o-ex-presidente-brasileiro-que-insultou-brigitte-macron-esta-em-reanimacao\/"]}]},{"@type":"ImageObject","inLanguage":"fr-FR","@id":"https:\/\/www.sebastien-auziere.fr\/blog\/pt\/jair-bolsonaro-hospitalizado-em-cuidados-intensivos-o-ex-presidente-brasileiro-que-insultou-brigitte-macron-esta-em-reanimacao\/#primaryimage","url":"https:\/\/www.sebastien-auziere.fr\/blog\/wp-content\/uploads\/2026\/03\/Capture-decran-2026-03-16-210521.png","contentUrl":"https:\/\/www.sebastien-auziere.fr\/blog\/wp-content\/uploads\/2026\/03\/Capture-decran-2026-03-16-210521.png","width":566,"height":377,"caption":"Bolsonaro hospitalis\u00e9 : l'ex-pr\u00e9sident qui avait insult\u00e9 Brigitte Macron en soins intensifs"},{"@type":"BreadcrumbList","@id":"https:\/\/www.sebastien-auziere.fr\/blog\/pt\/jair-bolsonaro-hospitalizado-em-cuidados-intensivos-o-ex-presidente-brasileiro-que-insultou-brigitte-macron-esta-em-reanimacao\/#breadcrumb","itemListElement":[{"@type":"ListItem","position":1,"name":"Home","item":"https:\/\/www.sebastien-auziere.fr\/blog\/"},{"@type":"ListItem","position":2,"name":"Jair Bolsonaro hospitalizado em cuidados intensivos: o ex-presidente brasileiro que insultou Brigitte Macron est\u00e1 em reanima\u00e7\u00e3o"}]},{"@type":"WebSite","@id":"https:\/\/www.sebastien-auziere.fr\/blog\/#website","url":"https:\/\/www.sebastien-auziere.fr\/blog\/","name":"Fan site S\u00e9bastien Auzi\u00e8re","description":"M\u00e9dia g\u00e9n\u00e9raliste","publisher":{"@id":"https:\/\/www.sebastien-auziere.fr\/blog\/#organization"},"potentialAction":[{"@type":"SearchAction","target":{"@type":"EntryPoint","urlTemplate":"https:\/\/www.sebastien-auziere.fr\/blog\/?s={search_term_string}"},"query-input":{"@type":"PropertyValueSpecification","valueRequired":true,"valueName":"search_term_string"}}],"inLanguage":"fr-FR"},{"@type":"Organization","@id":"https:\/\/www.sebastien-auziere.fr\/blog\/#organization","name":"Fan site S\u00e9bastien Auzi\u00e8re","url":"https:\/\/www.sebastien-auziere.fr\/blog\/","logo":{"@type":"ImageObject","inLanguage":"fr-FR","@id":"https:\/\/www.sebastien-auziere.fr\/blog\/#\/schema\/logo\/image\/","url":"https:\/\/www.sebastien-auziere.fr\/blog\/wp-content\/uploads\/2026\/03\/cropped-cropped-cropped-ChatGPT-Image-6-mars-2026-12_58_09-e1772798376794.jpg","contentUrl":"https:\/\/www.sebastien-auziere.fr\/blog\/wp-content\/uploads\/2026\/03\/cropped-cropped-cropped-ChatGPT-Image-6-mars-2026-12_58_09-e1772798376794.jpg","width":512,"height":360,"caption":"Fan site S\u00e9bastien Auzi\u00e8re"},"image":{"@id":"https:\/\/www.sebastien-auziere.fr\/blog\/#\/schema\/logo\/image\/"}},{"@type":"Person","@id":"https:\/\/www.sebastien-auziere.fr\/blog\/#\/schema\/person\/1e270a963009242469ed08b1c461f81f","name":"Celine","image":{"@type":"ImageObject","inLanguage":"fr-FR","@id":"https:\/\/secure.gravatar.com\/avatar\/c88d569fbe1fe19a13c7f21ee0f8973822df96073df21850b95af6a09ba820c9?s=96&d=mm&r=g","url":"https:\/\/secure.gravatar.com\/avatar\/c88d569fbe1fe19a13c7f21ee0f8973822df96073df21850b95af6a09ba820c9?s=96&d=mm&r=g","contentUrl":"https:\/\/secure.gravatar.com\/avatar\/c88d569fbe1fe19a13c7f21ee0f8973822df96073df21850b95af6a09ba820c9?s=96&d=mm&r=g","caption":"Celine"},"description":"Je m'appelle C\u00e9line, j'ai 31 ans et je suis journaliste sp\u00e9cialis\u00e9e dans le cin\u00e9ma. Passionn\u00e9e par le septi\u00e8me art, j'explore les actualit\u00e9s, les critiques et les tendances du monde cin\u00e9matographique. Mon objectif est de partager ma passion et d'informer les amateurs de films \u00e0 travers des articles percutants et des analyses approfondies.","url":"https:\/\/www.sebastien-auziere.fr\/blog\/author\/celine\/"}]}},"views":3,"_links":{"self":[{"href":"https:\/\/www.sebastien-auziere.fr\/blog\/wp-json\/wp\/v2\/posts\/2528","targetHints":{"allow":["GET"]}}],"collection":[{"href":"https:\/\/www.sebastien-auziere.fr\/blog\/wp-json\/wp\/v2\/posts"}],"about":[{"href":"https:\/\/www.sebastien-auziere.fr\/blog\/wp-json\/wp\/v2\/types\/post"}],"author":[{"embeddable":true,"href":"https:\/\/www.sebastien-auziere.fr\/blog\/wp-json\/wp\/v2\/users\/4"}],"replies":[{"embeddable":true,"href":"https:\/\/www.sebastien-auziere.fr\/blog\/wp-json\/wp\/v2\/comments?post=2528"}],"version-history":[{"count":1,"href":"https:\/\/www.sebastien-auziere.fr\/blog\/wp-json\/wp\/v2\/posts\/2528\/revisions"}],"predecessor-version":[{"id":2529,"href":"https:\/\/www.sebastien-auziere.fr\/blog\/wp-json\/wp\/v2\/posts\/2528\/revisions\/2529"}],"wp:featuredmedia":[{"embeddable":true,"href":"https:\/\/www.sebastien-auziere.fr\/blog\/wp-json\/wp\/v2\/media\/2517"}],"wp:attachment":[{"href":"https:\/\/www.sebastien-auziere.fr\/blog\/wp-json\/wp\/v2\/media?parent=2528"}],"wp:term":[{"taxonomy":"category","embeddable":true,"href":"https:\/\/www.sebastien-auziere.fr\/blog\/wp-json\/wp\/v2\/categories?post=2528"},{"taxonomy":"post_tag","embeddable":true,"href":"https:\/\/www.sebastien-auziere.fr\/blog\/wp-json\/wp\/v2\/tags?post=2528"}],"curies":[{"name":"wp","href":"https:\/\/api.w.org\/{rel}","templated":true}]}}