{"id":2526,"date":"2026-03-16T20:11:11","date_gmt":"2026-03-16T20:11:11","guid":{"rendered":"https:\/\/www.sebastien-auziere.fr\/blog\/?p=2526"},"modified":"2026-03-16T20:11:40","modified_gmt":"2026-03-16T20:11:40","slug":"jair-bolsonaro-ricoverato-in-terapia-intensiva-lex-presidente-brasiliano-che-aveva-insultato-brigitte-macron-collocato-in-rianimazione","status":"publish","type":"post","link":"https:\/\/www.sebastien-auziere.fr\/blog\/it\/jair-bolsonaro-ricoverato-in-terapia-intensiva-lex-presidente-brasiliano-che-aveva-insultato-brigitte-macron-collocato-in-rianimazione\/","title":{"rendered":"Jair Bolsonaro ricoverato in terapia intensiva: l&rsquo;ex presidente brasiliano che aveva insultato Brigitte Macron collocato in rianimazione"},"content":{"rendered":"<p><em>Pubblicato il 16 marzo 2026 \u2014 Aggiornato con gli ultimi bollettini medici.<\/em><\/p>\n<p>Condannato a 27 anni di carcere per tentato colpo di stato, Jair Bolsonaro, l&rsquo;ex presidente brasiliano noto soprattutto per aver <strong>insultato Brigitte Macron<\/strong>, \u00e8 stato ricoverato d&rsquo;urgenza il 13 marzo 2026 dopo un malore nella sua cella. Ricoverato in terapia intensiva presso la clinica privata DF Star di Brasilia, soffre di una <strong>bronchopneumonia batterica<\/strong>. Ecco il quadro completo sul suo stato di salute al 16 marzo.<\/p>\n<h2>Un malore brusco nella sua cella il 13 marzo<\/h2>\n<p>\u00c8 dal complesso penitenziario di Papuda, a Brasilia, dove \u00e8 incarcerato dal 8 novembre 2025, che Jair Bolsonaro ha accusato un malore nella mattinata di venerd\u00ec 13 marzo. Sua moglie Michelle Bolsonaro \u00e8 stata la prima ad allertare l&rsquo;opinione pubblica tramite Instagram, dettagliando i sintomi comparsi bruscamente: <strong>forte febbre, calo della saturazione di ossigeno, sudorazione abbondante e brividi<\/strong>.<\/p>\n<p>Rapidly attended by the prison staff, the former head of state, aged 70, was transferred urgently to the <strong>clinica privata DF Star di Brasilia<\/strong>, where tests confirmed a diagnosis of bronchopneumonia. He was immediately placed in intensive care.<\/p>\n<h2>Uno stato stabile ma preoccupante<\/h2>\n<p>Secondo i bollettini medici successivi pubblicati da quando \u00e8 stato ricoverato, lo stato di Jair Bolsonaro \u00e8 <strong>clinicamente stabile<\/strong>, ma i medici hanno rilevato diversi segnali preoccupanti:<\/p>\n<ul>\n<li>Deterioramento della <strong>funzione renale<\/strong> constatato il 14 marzo<\/li>\n<li>Elevazione dei <strong>marcatori infiammatori<\/strong><\/li>\n<li>Rinforzo del <strong>trattamento antibiotico<\/strong> per combattere la polmonite batterica<\/li>\n<li>Segni di miglioramento progressivo a partire dal 15 marzo (terzo giorno in terapia intensiva)<\/li>\n<\/ul>\n<p style=\"background:#fff8e1;border-left:4px solid #f9a825;padding:12px 16px;margin:16px 0\"><strong>\ud83d\udccb Ultimo aggiornamento (16 marzo) :<\/strong> L&rsquo;ospedale ha indicato che lo stato di Bolsonaro si \u00e8 stabilizzato e che la sua funzione renale ha mostrato segni di miglioramento. I medici hanno comunque mantenuto il rinforzo del trattamento antibiotico.<\/p>\n<h2>Le conseguenze del colpo di coltello del 2018, causa diretta<\/h2>\n<p>L&rsquo;infezione polmonare non \u00e8 un caso fortuito. \u00c8 la conseguenza diretta di un <strong>episodio di broncoaspirazione<\/strong>, un disturbo ricorrente di cui Bolsonaro soffre dal 2018. Quell&rsquo;anno, in piena campagna elettorale, aveva ricevuto un <strong>colpo di coltello all&rsquo;addome<\/strong> durante un comizio a Juiz de Fora. Uscito miracolosamente da quell&rsquo;aggressione, aveva subito numerosi interventi chirurgici nei mesi e anni successivi.<\/p>\n<p>Da allora, l&rsquo;ex presidente \u00e8 permanentemente indebolito: soffre regolarmente di <strong>crisi di singhiozzo e di vomito<\/strong> che possono durare diversi giorni \u2014 sintomi che i suoi medici identificano come la causa diretta della polmonite attuale. Nel dicembre 2025, era gi\u00e0 stato ricoverato per un&rsquo;ernia inguinale, un intervento qualificato come successo dal suo entourage.<\/p>\n<h2>Ancora dietro le sbarre nonostante le richieste della sua famiglia<\/h2>\n<p>Suo figlio maggiore Flavio Bolsonaro, candidato alle elezioni presidenziali di ottobre 2026, non ha nascosto la sua rabbia da quando suo padre \u00e8 stato ricoverato. <em>\u00abStanno giocando con la vita di mio padre\u00bb<\/em>, ha dichiarato ai giornalisti. <em>\u00abDovrebbe beneficiare almeno di un arresto domiciliari, per essere curato permanentemente vicino alla sua famiglia. Dove si trova, il suo stato di salute tende a peggiorare.\u00bb<\/em><\/p>\n<p>La <strong>Corte suprema brasiliana<\/strong> ha per\u00f2 respinto pi\u00f9 volte le richieste della difesa per permettere a Bolsonaro di scontare la pena a casa. Una volta ristabilito, l&rsquo;ex presidente dovr\u00e0 quindi reintegrarsi nella sua cella del complesso di Papuda \u2014 uno spazio di 65 m\u00b2 allestito per quattro persone, con cucina, televisione, letto matrimoniale e spazio esterno privato.<\/p>\n<h2>Un contesto politico teso<\/h2>\n<p>Questo ricovero avviene in un contesto politico particolarmente carico in Brasile. Condannato a settembre 2025 a 27 anni di carcere per aver tentato di mantenersi illegalmente al potere dopo la sua sconfitta alle elezioni del 2022 contro Luiz In\u00e1cio Lula da Silva, Bolsonaro rimane una figura centrale della destra brasiliana. Il Brasile organizza un&rsquo;elezione presidenziale in ottobre 2026, e secondo gli ultimi sondaggi dell&rsquo;istituto Datafolha, suo figlio Flavio Bolsonaro e il presidente Lula sono appaiati in previsione di un secondo turno.<\/p>\n<p>Lo stato di salute dell&rsquo;ex presidente potrebbe inoltre influenzare le modalit\u00e0 della sua detenzione, secondo alcuni osservatori giudiziari brasiliani.<\/p>\n<h2>Promemoria: l&rsquo;insulto a Brigitte Macron<\/h2>\n<p>Jair Bolsonaro \u00e8 noto in Francia per una polemica rimasta nella memoria: nel 2019, sui social media, aveva condiviso un commento di un utente che paragonava Brigitte Macron a Emmanuel Macron, lasciando intendere che la first lady francese fosse meno attraente della propria moglie Michelle. Lungi dall&rsquo;unirsi a scuse, Bolsonaro aveva assunto le sue affermazioni, provocando una forte tensione diplomatica tra Brasilia e Parigi.<\/p>\n<p>{<br \/>\n  \u00ab\u00a0@context\u00a0\u00bb: \u00ab\u00a0https:\/\/schema.org\u00a0\u00bb,<br \/>\n  \u00ab\u00a0@type\u00a0\u00bb: \u00ab\u00a0Article\u00a0\u00bb,<br \/>\n  \u00ab\u00a0headline\u00a0\u00bb: \u00ab\u00a0Jair Bolsonaro ricoverato in terapia intensiva: l&rsquo;ex presidente brasiliano che aveva insultato Brigitte Macron collocato in rianimazione\u00a0\u00bb,<br \/>\n  \u00ab\u00a0description\u00a0\u00bb: \u00ab\u00a0Jair Bolsonaro, condannato a 27 anni di carcere e ex presidente brasiliano, \u00e8 stato ricoverato d&rsquo;urgenza il 13 marzo 2026 dopo un malore in cella. Terapia intensiva, bronchopneumonia, stato al 16 marzo.\u00a0\u00bb,<br \/>\n  \u00ab\u00a0inLanguage\u00a0\u00bb: \u00ab\u00a0it\u00a0\u00bb,<br \/>\n  \u00ab\u00a0datePublished\u00a0\u00bb: \u00ab\u00a02026-03-16\u00a0\u00bb,<br \/>\n  \u00ab\u00a0dateModified\u00a0\u00bb: \u00ab\u00a02026-03-16\u00a0\u00bb<br \/>\n}<\/p>\n","protected":false},"excerpt":{"rendered":"<p>Pubblicato il 16 marzo 2026 \u2014 Aggiornato con gli ultimi bollettini medici. Condannato a 27 anni di carcere per tentato colpo di stato, Jair Bolsonaro, l&rsquo;ex presidente brasiliano noto soprattutto per aver insultato Brigitte Macron, \u00e8 stato ricoverato d&rsquo;urgenza il 13 marzo 2026 dopo un malore nella sua cella. Ricoverato in terapia intensiva presso la &#8230; <a title=\"Jair Bolsonaro ricoverato in terapia intensiva: l&rsquo;ex presidente brasiliano che aveva insultato Brigitte Macron collocato in rianimazione\" class=\"read-more\" href=\"https:\/\/www.sebastien-auziere.fr\/blog\/it\/jair-bolsonaro-ricoverato-in-terapia-intensiva-lex-presidente-brasiliano-che-aveva-insultato-brigitte-macron-collocato-in-rianimazione\/\" aria-label=\"En savoir plus sur Jair Bolsonaro ricoverato in terapia intensiva: l&rsquo;ex presidente brasiliano che aveva insultato Brigitte Macron collocato in rianimazione\">Lire plus<\/a><\/p>\n","protected":false},"author":4,"featured_media":2517,"comment_status":"open","ping_status":"open","sticky":false,"template":"","format":"standard","meta":{"footnotes":""},"categories":[859],"tags":[],"class_list":["post-2526","post","type-post","status-publish","format-standard","has-post-thumbnail","hentry","category-actualita-it"],"yoast_head":"<!-- This site is optimized with the Yoast SEO plugin v27.5 - https:\/\/yoast.com\/product\/yoast-seo-wordpress\/ -->\n<title>Bolsonaro hospitalis\u00e9 : l&#039;ex-pr\u00e9sident qui avait insult\u00e9 Brigitte Macron en soins intensifs<\/title>\n<meta name=\"description\" content=\"Jair Bolsonaro, l&#039;ancien pr\u00e9sident br\u00e9silien qui avait insult\u00e9 Brigitte Macron, est hospitalis\u00e9 en soins intensifs depuis le 13 mars 2026. Bronchopneumonie, d\u00e9t\u00e9rioration r\u00e9nale : point complet sur son \u00e9tat de sant\u00e9.\" \/>\n<meta name=\"robots\" content=\"index, follow, max-snippet:-1, max-image-preview:large, max-video-preview:-1\" \/>\n<link rel=\"canonical\" href=\"https:\/\/www.sebastien-auziere.fr\/blog\/it\/jair-bolsonaro-ricoverato-in-terapia-intensiva-lex-presidente-brasiliano-che-aveva-insultato-brigitte-macron-collocato-in-rianimazione\/\" \/>\n<meta property=\"og:locale\" content=\"fr_FR\" \/>\n<meta property=\"og:type\" content=\"article\" \/>\n<meta property=\"og:title\" content=\"Bolsonaro hospitalis\u00e9 : l&#039;ex-pr\u00e9sident qui avait insult\u00e9 Brigitte Macron en soins intensifs\" \/>\n<meta property=\"og:description\" content=\"Jair Bolsonaro, l&#039;ancien pr\u00e9sident br\u00e9silien qui avait insult\u00e9 Brigitte Macron, est hospitalis\u00e9 en soins intensifs depuis le 13 mars 2026. Bronchopneumonie, d\u00e9t\u00e9rioration r\u00e9nale : point complet sur son \u00e9tat de sant\u00e9.\" \/>\n<meta property=\"og:url\" content=\"https:\/\/www.sebastien-auziere.fr\/blog\/it\/jair-bolsonaro-ricoverato-in-terapia-intensiva-lex-presidente-brasiliano-che-aveva-insultato-brigitte-macron-collocato-in-rianimazione\/\" \/>\n<meta property=\"og:site_name\" content=\"Fan site S\u00e9bastien Auzi\u00e8re\" \/>\n<meta property=\"article:published_time\" content=\"2026-03-16T20:11:11+00:00\" \/>\n<meta property=\"article:modified_time\" content=\"2026-03-16T20:11:40+00:00\" \/>\n<meta property=\"og:image\" content=\"https:\/\/www.sebastien-auziere.fr\/blog\/wp-content\/uploads\/2026\/03\/Capture-decran-2026-03-16-210521.png\" \/>\n\t<meta property=\"og:image:width\" content=\"566\" \/>\n\t<meta property=\"og:image:height\" content=\"377\" \/>\n\t<meta property=\"og:image:type\" content=\"image\/png\" \/>\n<meta name=\"author\" content=\"Celine\" \/>\n<meta name=\"twitter:card\" content=\"summary_large_image\" \/>\n<meta name=\"twitter:label1\" content=\"\u00c9crit par\" \/>\n\t<meta name=\"twitter:data1\" content=\"Celine\" \/>\n\t<meta name=\"twitter:label2\" content=\"Dur\u00e9e de lecture estim\u00e9e\" \/>\n\t<meta name=\"twitter:data2\" content=\"4 minutes\" \/>\n<script type=\"application\/ld+json\" class=\"yoast-schema-graph\">{\"@context\":\"https:\\\/\\\/schema.org\",\"@graph\":[{\"@type\":\"Article\",\"@id\":\"https:\\\/\\\/www.sebastien-auziere.fr\\\/blog\\\/it\\\/jair-bolsonaro-ricoverato-in-terapia-intensiva-lex-presidente-brasiliano-che-aveva-insultato-brigitte-macron-collocato-in-rianimazione\\\/#article\",\"isPartOf\":{\"@id\":\"https:\\\/\\\/www.sebastien-auziere.fr\\\/blog\\\/it\\\/jair-bolsonaro-ricoverato-in-terapia-intensiva-lex-presidente-brasiliano-che-aveva-insultato-brigitte-macron-collocato-in-rianimazione\\\/\"},\"author\":{\"name\":\"Celine\",\"@id\":\"https:\\\/\\\/www.sebastien-auziere.fr\\\/blog\\\/#\\\/schema\\\/person\\\/1e270a963009242469ed08b1c461f81f\"},\"headline\":\"Jair Bolsonaro ricoverato in terapia intensiva: l&rsquo;ex presidente brasiliano che aveva insultato Brigitte Macron collocato in rianimazione\",\"datePublished\":\"2026-03-16T20:11:11+00:00\",\"dateModified\":\"2026-03-16T20:11:40+00:00\",\"mainEntityOfPage\":{\"@id\":\"https:\\\/\\\/www.sebastien-auziere.fr\\\/blog\\\/it\\\/jair-bolsonaro-ricoverato-in-terapia-intensiva-lex-presidente-brasiliano-che-aveva-insultato-brigitte-macron-collocato-in-rianimazione\\\/\"},\"wordCount\":749,\"commentCount\":0,\"publisher\":{\"@id\":\"https:\\\/\\\/www.sebastien-auziere.fr\\\/blog\\\/#organization\"},\"image\":{\"@id\":\"https:\\\/\\\/www.sebastien-auziere.fr\\\/blog\\\/it\\\/jair-bolsonaro-ricoverato-in-terapia-intensiva-lex-presidente-brasiliano-che-aveva-insultato-brigitte-macron-collocato-in-rianimazione\\\/#primaryimage\"},\"thumbnailUrl\":\"https:\\\/\\\/www.sebastien-auziere.fr\\\/blog\\\/wp-content\\\/uploads\\\/2026\\\/03\\\/Capture-decran-2026-03-16-210521.png\",\"articleSection\":[\"Actualit\u00e0\"],\"inLanguage\":\"fr-FR\",\"potentialAction\":[{\"@type\":\"CommentAction\",\"name\":\"Comment\",\"target\":[\"https:\\\/\\\/www.sebastien-auziere.fr\\\/blog\\\/it\\\/jair-bolsonaro-ricoverato-in-terapia-intensiva-lex-presidente-brasiliano-che-aveva-insultato-brigitte-macron-collocato-in-rianimazione\\\/#respond\"]}]},{\"@type\":\"WebPage\",\"@id\":\"https:\\\/\\\/www.sebastien-auziere.fr\\\/blog\\\/it\\\/jair-bolsonaro-ricoverato-in-terapia-intensiva-lex-presidente-brasiliano-che-aveva-insultato-brigitte-macron-collocato-in-rianimazione\\\/\",\"url\":\"https:\\\/\\\/www.sebastien-auziere.fr\\\/blog\\\/it\\\/jair-bolsonaro-ricoverato-in-terapia-intensiva-lex-presidente-brasiliano-che-aveva-insultato-brigitte-macron-collocato-in-rianimazione\\\/\",\"name\":\"Bolsonaro hospitalis\u00e9 : l'ex-pr\u00e9sident qui avait insult\u00e9 Brigitte Macron en soins intensifs\",\"isPartOf\":{\"@id\":\"https:\\\/\\\/www.sebastien-auziere.fr\\\/blog\\\/#website\"},\"primaryImageOfPage\":{\"@id\":\"https:\\\/\\\/www.sebastien-auziere.fr\\\/blog\\\/it\\\/jair-bolsonaro-ricoverato-in-terapia-intensiva-lex-presidente-brasiliano-che-aveva-insultato-brigitte-macron-collocato-in-rianimazione\\\/#primaryimage\"},\"image\":{\"@id\":\"https:\\\/\\\/www.sebastien-auziere.fr\\\/blog\\\/it\\\/jair-bolsonaro-ricoverato-in-terapia-intensiva-lex-presidente-brasiliano-che-aveva-insultato-brigitte-macron-collocato-in-rianimazione\\\/#primaryimage\"},\"thumbnailUrl\":\"https:\\\/\\\/www.sebastien-auziere.fr\\\/blog\\\/wp-content\\\/uploads\\\/2026\\\/03\\\/Capture-decran-2026-03-16-210521.png\",\"datePublished\":\"2026-03-16T20:11:11+00:00\",\"dateModified\":\"2026-03-16T20:11:40+00:00\",\"description\":\"Jair Bolsonaro, l'ancien pr\u00e9sident br\u00e9silien qui avait insult\u00e9 Brigitte Macron, est hospitalis\u00e9 en soins intensifs depuis le 13 mars 2026. Bronchopneumonie, d\u00e9t\u00e9rioration r\u00e9nale : point complet sur son \u00e9tat de sant\u00e9.\",\"breadcrumb\":{\"@id\":\"https:\\\/\\\/www.sebastien-auziere.fr\\\/blog\\\/it\\\/jair-bolsonaro-ricoverato-in-terapia-intensiva-lex-presidente-brasiliano-che-aveva-insultato-brigitte-macron-collocato-in-rianimazione\\\/#breadcrumb\"},\"inLanguage\":\"fr-FR\",\"potentialAction\":[{\"@type\":\"ReadAction\",\"target\":[\"https:\\\/\\\/www.sebastien-auziere.fr\\\/blog\\\/it\\\/jair-bolsonaro-ricoverato-in-terapia-intensiva-lex-presidente-brasiliano-che-aveva-insultato-brigitte-macron-collocato-in-rianimazione\\\/\"]}]},{\"@type\":\"ImageObject\",\"inLanguage\":\"fr-FR\",\"@id\":\"https:\\\/\\\/www.sebastien-auziere.fr\\\/blog\\\/it\\\/jair-bolsonaro-ricoverato-in-terapia-intensiva-lex-presidente-brasiliano-che-aveva-insultato-brigitte-macron-collocato-in-rianimazione\\\/#primaryimage\",\"url\":\"https:\\\/\\\/www.sebastien-auziere.fr\\\/blog\\\/wp-content\\\/uploads\\\/2026\\\/03\\\/Capture-decran-2026-03-16-210521.png\",\"contentUrl\":\"https:\\\/\\\/www.sebastien-auziere.fr\\\/blog\\\/wp-content\\\/uploads\\\/2026\\\/03\\\/Capture-decran-2026-03-16-210521.png\",\"width\":566,\"height\":377,\"caption\":\"Bolsonaro hospitalis\u00e9 : l'ex-pr\u00e9sident qui avait insult\u00e9 Brigitte Macron en soins intensifs\"},{\"@type\":\"BreadcrumbList\",\"@id\":\"https:\\\/\\\/www.sebastien-auziere.fr\\\/blog\\\/it\\\/jair-bolsonaro-ricoverato-in-terapia-intensiva-lex-presidente-brasiliano-che-aveva-insultato-brigitte-macron-collocato-in-rianimazione\\\/#breadcrumb\",\"itemListElement\":[{\"@type\":\"ListItem\",\"position\":1,\"name\":\"Home\",\"item\":\"https:\\\/\\\/www.sebastien-auziere.fr\\\/blog\\\/\"},{\"@type\":\"ListItem\",\"position\":2,\"name\":\"Jair Bolsonaro ricoverato in terapia intensiva: l&rsquo;ex presidente brasiliano che aveva insultato Brigitte Macron collocato in rianimazione\"}]},{\"@type\":\"WebSite\",\"@id\":\"https:\\\/\\\/www.sebastien-auziere.fr\\\/blog\\\/#website\",\"url\":\"https:\\\/\\\/www.sebastien-auziere.fr\\\/blog\\\/\",\"name\":\"Fan site S\u00e9bastien Auzi\u00e8re\",\"description\":\"M\u00e9dia g\u00e9n\u00e9raliste\",\"publisher\":{\"@id\":\"https:\\\/\\\/www.sebastien-auziere.fr\\\/blog\\\/#organization\"},\"potentialAction\":[{\"@type\":\"SearchAction\",\"target\":{\"@type\":\"EntryPoint\",\"urlTemplate\":\"https:\\\/\\\/www.sebastien-auziere.fr\\\/blog\\\/?s={search_term_string}\"},\"query-input\":{\"@type\":\"PropertyValueSpecification\",\"valueRequired\":true,\"valueName\":\"search_term_string\"}}],\"inLanguage\":\"fr-FR\"},{\"@type\":\"Organization\",\"@id\":\"https:\\\/\\\/www.sebastien-auziere.fr\\\/blog\\\/#organization\",\"name\":\"Fan site S\u00e9bastien Auzi\u00e8re\",\"url\":\"https:\\\/\\\/www.sebastien-auziere.fr\\\/blog\\\/\",\"logo\":{\"@type\":\"ImageObject\",\"inLanguage\":\"fr-FR\",\"@id\":\"https:\\\/\\\/www.sebastien-auziere.fr\\\/blog\\\/#\\\/schema\\\/logo\\\/image\\\/\",\"url\":\"https:\\\/\\\/www.sebastien-auziere.fr\\\/blog\\\/wp-content\\\/uploads\\\/2026\\\/03\\\/cropped-cropped-cropped-ChatGPT-Image-6-mars-2026-12_58_09-e1772798376794.jpg\",\"contentUrl\":\"https:\\\/\\\/www.sebastien-auziere.fr\\\/blog\\\/wp-content\\\/uploads\\\/2026\\\/03\\\/cropped-cropped-cropped-ChatGPT-Image-6-mars-2026-12_58_09-e1772798376794.jpg\",\"width\":512,\"height\":360,\"caption\":\"Fan site S\u00e9bastien Auzi\u00e8re\"},\"image\":{\"@id\":\"https:\\\/\\\/www.sebastien-auziere.fr\\\/blog\\\/#\\\/schema\\\/logo\\\/image\\\/\"}},{\"@type\":\"Person\",\"@id\":\"https:\\\/\\\/www.sebastien-auziere.fr\\\/blog\\\/#\\\/schema\\\/person\\\/1e270a963009242469ed08b1c461f81f\",\"name\":\"Celine\",\"image\":{\"@type\":\"ImageObject\",\"inLanguage\":\"fr-FR\",\"@id\":\"https:\\\/\\\/secure.gravatar.com\\\/avatar\\\/c88d569fbe1fe19a13c7f21ee0f8973822df96073df21850b95af6a09ba820c9?s=96&d=mm&r=g\",\"url\":\"https:\\\/\\\/secure.gravatar.com\\\/avatar\\\/c88d569fbe1fe19a13c7f21ee0f8973822df96073df21850b95af6a09ba820c9?s=96&d=mm&r=g\",\"contentUrl\":\"https:\\\/\\\/secure.gravatar.com\\\/avatar\\\/c88d569fbe1fe19a13c7f21ee0f8973822df96073df21850b95af6a09ba820c9?s=96&d=mm&r=g\",\"caption\":\"Celine\"},\"description\":\"Je m'appelle C\u00e9line, j'ai 31 ans et je suis journaliste sp\u00e9cialis\u00e9e dans le cin\u00e9ma. Passionn\u00e9e par le septi\u00e8me art, j'explore les actualit\u00e9s, les critiques et les tendances du monde cin\u00e9matographique. Mon objectif est de partager ma passion et d'informer les amateurs de films \u00e0 travers des articles percutants et des analyses approfondies.\",\"url\":\"https:\\\/\\\/www.sebastien-auziere.fr\\\/blog\\\/author\\\/celine\\\/\"}]}<\/script>\n<!-- \/ Yoast SEO plugin. -->","yoast_head_json":{"title":"Bolsonaro hospitalis\u00e9 : l'ex-pr\u00e9sident qui avait insult\u00e9 Brigitte Macron en soins intensifs","description":"Jair Bolsonaro, l'ancien pr\u00e9sident br\u00e9silien qui avait insult\u00e9 Brigitte Macron, est hospitalis\u00e9 en soins intensifs depuis le 13 mars 2026. Bronchopneumonie, d\u00e9t\u00e9rioration r\u00e9nale : point complet sur son \u00e9tat de sant\u00e9.","robots":{"index":"index","follow":"follow","max-snippet":"max-snippet:-1","max-image-preview":"max-image-preview:large","max-video-preview":"max-video-preview:-1"},"canonical":"https:\/\/www.sebastien-auziere.fr\/blog\/it\/jair-bolsonaro-ricoverato-in-terapia-intensiva-lex-presidente-brasiliano-che-aveva-insultato-brigitte-macron-collocato-in-rianimazione\/","og_locale":"fr_FR","og_type":"article","og_title":"Bolsonaro hospitalis\u00e9 : l'ex-pr\u00e9sident qui avait insult\u00e9 Brigitte Macron en soins intensifs","og_description":"Jair Bolsonaro, l'ancien pr\u00e9sident br\u00e9silien qui avait insult\u00e9 Brigitte Macron, est hospitalis\u00e9 en soins intensifs depuis le 13 mars 2026. Bronchopneumonie, d\u00e9t\u00e9rioration r\u00e9nale : point complet sur son \u00e9tat de sant\u00e9.","og_url":"https:\/\/www.sebastien-auziere.fr\/blog\/it\/jair-bolsonaro-ricoverato-in-terapia-intensiva-lex-presidente-brasiliano-che-aveva-insultato-brigitte-macron-collocato-in-rianimazione\/","og_site_name":"Fan site S\u00e9bastien Auzi\u00e8re","article_published_time":"2026-03-16T20:11:11+00:00","article_modified_time":"2026-03-16T20:11:40+00:00","og_image":[{"width":566,"height":377,"url":"https:\/\/www.sebastien-auziere.fr\/blog\/wp-content\/uploads\/2026\/03\/Capture-decran-2026-03-16-210521.png","type":"image\/png"}],"author":"Celine","twitter_card":"summary_large_image","twitter_misc":{"\u00c9crit par":"Celine","Dur\u00e9e de lecture estim\u00e9e":"4 minutes"},"schema":{"@context":"https:\/\/schema.org","@graph":[{"@type":"Article","@id":"https:\/\/www.sebastien-auziere.fr\/blog\/it\/jair-bolsonaro-ricoverato-in-terapia-intensiva-lex-presidente-brasiliano-che-aveva-insultato-brigitte-macron-collocato-in-rianimazione\/#article","isPartOf":{"@id":"https:\/\/www.sebastien-auziere.fr\/blog\/it\/jair-bolsonaro-ricoverato-in-terapia-intensiva-lex-presidente-brasiliano-che-aveva-insultato-brigitte-macron-collocato-in-rianimazione\/"},"author":{"name":"Celine","@id":"https:\/\/www.sebastien-auziere.fr\/blog\/#\/schema\/person\/1e270a963009242469ed08b1c461f81f"},"headline":"Jair Bolsonaro ricoverato in terapia intensiva: l&rsquo;ex presidente brasiliano che aveva insultato Brigitte Macron collocato in rianimazione","datePublished":"2026-03-16T20:11:11+00:00","dateModified":"2026-03-16T20:11:40+00:00","mainEntityOfPage":{"@id":"https:\/\/www.sebastien-auziere.fr\/blog\/it\/jair-bolsonaro-ricoverato-in-terapia-intensiva-lex-presidente-brasiliano-che-aveva-insultato-brigitte-macron-collocato-in-rianimazione\/"},"wordCount":749,"commentCount":0,"publisher":{"@id":"https:\/\/www.sebastien-auziere.fr\/blog\/#organization"},"image":{"@id":"https:\/\/www.sebastien-auziere.fr\/blog\/it\/jair-bolsonaro-ricoverato-in-terapia-intensiva-lex-presidente-brasiliano-che-aveva-insultato-brigitte-macron-collocato-in-rianimazione\/#primaryimage"},"thumbnailUrl":"https:\/\/www.sebastien-auziere.fr\/blog\/wp-content\/uploads\/2026\/03\/Capture-decran-2026-03-16-210521.png","articleSection":["Actualit\u00e0"],"inLanguage":"fr-FR","potentialAction":[{"@type":"CommentAction","name":"Comment","target":["https:\/\/www.sebastien-auziere.fr\/blog\/it\/jair-bolsonaro-ricoverato-in-terapia-intensiva-lex-presidente-brasiliano-che-aveva-insultato-brigitte-macron-collocato-in-rianimazione\/#respond"]}]},{"@type":"WebPage","@id":"https:\/\/www.sebastien-auziere.fr\/blog\/it\/jair-bolsonaro-ricoverato-in-terapia-intensiva-lex-presidente-brasiliano-che-aveva-insultato-brigitte-macron-collocato-in-rianimazione\/","url":"https:\/\/www.sebastien-auziere.fr\/blog\/it\/jair-bolsonaro-ricoverato-in-terapia-intensiva-lex-presidente-brasiliano-che-aveva-insultato-brigitte-macron-collocato-in-rianimazione\/","name":"Bolsonaro hospitalis\u00e9 : l'ex-pr\u00e9sident qui avait insult\u00e9 Brigitte Macron en soins intensifs","isPartOf":{"@id":"https:\/\/www.sebastien-auziere.fr\/blog\/#website"},"primaryImageOfPage":{"@id":"https:\/\/www.sebastien-auziere.fr\/blog\/it\/jair-bolsonaro-ricoverato-in-terapia-intensiva-lex-presidente-brasiliano-che-aveva-insultato-brigitte-macron-collocato-in-rianimazione\/#primaryimage"},"image":{"@id":"https:\/\/www.sebastien-auziere.fr\/blog\/it\/jair-bolsonaro-ricoverato-in-terapia-intensiva-lex-presidente-brasiliano-che-aveva-insultato-brigitte-macron-collocato-in-rianimazione\/#primaryimage"},"thumbnailUrl":"https:\/\/www.sebastien-auziere.fr\/blog\/wp-content\/uploads\/2026\/03\/Capture-decran-2026-03-16-210521.png","datePublished":"2026-03-16T20:11:11+00:00","dateModified":"2026-03-16T20:11:40+00:00","description":"Jair Bolsonaro, l'ancien pr\u00e9sident br\u00e9silien qui avait insult\u00e9 Brigitte Macron, est hospitalis\u00e9 en soins intensifs depuis le 13 mars 2026. Bronchopneumonie, d\u00e9t\u00e9rioration r\u00e9nale : point complet sur son \u00e9tat de sant\u00e9.","breadcrumb":{"@id":"https:\/\/www.sebastien-auziere.fr\/blog\/it\/jair-bolsonaro-ricoverato-in-terapia-intensiva-lex-presidente-brasiliano-che-aveva-insultato-brigitte-macron-collocato-in-rianimazione\/#breadcrumb"},"inLanguage":"fr-FR","potentialAction":[{"@type":"ReadAction","target":["https:\/\/www.sebastien-auziere.fr\/blog\/it\/jair-bolsonaro-ricoverato-in-terapia-intensiva-lex-presidente-brasiliano-che-aveva-insultato-brigitte-macron-collocato-in-rianimazione\/"]}]},{"@type":"ImageObject","inLanguage":"fr-FR","@id":"https:\/\/www.sebastien-auziere.fr\/blog\/it\/jair-bolsonaro-ricoverato-in-terapia-intensiva-lex-presidente-brasiliano-che-aveva-insultato-brigitte-macron-collocato-in-rianimazione\/#primaryimage","url":"https:\/\/www.sebastien-auziere.fr\/blog\/wp-content\/uploads\/2026\/03\/Capture-decran-2026-03-16-210521.png","contentUrl":"https:\/\/www.sebastien-auziere.fr\/blog\/wp-content\/uploads\/2026\/03\/Capture-decran-2026-03-16-210521.png","width":566,"height":377,"caption":"Bolsonaro hospitalis\u00e9 : l'ex-pr\u00e9sident qui avait insult\u00e9 Brigitte Macron en soins intensifs"},{"@type":"BreadcrumbList","@id":"https:\/\/www.sebastien-auziere.fr\/blog\/it\/jair-bolsonaro-ricoverato-in-terapia-intensiva-lex-presidente-brasiliano-che-aveva-insultato-brigitte-macron-collocato-in-rianimazione\/#breadcrumb","itemListElement":[{"@type":"ListItem","position":1,"name":"Home","item":"https:\/\/www.sebastien-auziere.fr\/blog\/"},{"@type":"ListItem","position":2,"name":"Jair Bolsonaro ricoverato in terapia intensiva: l&rsquo;ex presidente brasiliano che aveva insultato Brigitte Macron collocato in rianimazione"}]},{"@type":"WebSite","@id":"https:\/\/www.sebastien-auziere.fr\/blog\/#website","url":"https:\/\/www.sebastien-auziere.fr\/blog\/","name":"Fan site S\u00e9bastien Auzi\u00e8re","description":"M\u00e9dia g\u00e9n\u00e9raliste","publisher":{"@id":"https:\/\/www.sebastien-auziere.fr\/blog\/#organization"},"potentialAction":[{"@type":"SearchAction","target":{"@type":"EntryPoint","urlTemplate":"https:\/\/www.sebastien-auziere.fr\/blog\/?s={search_term_string}"},"query-input":{"@type":"PropertyValueSpecification","valueRequired":true,"valueName":"search_term_string"}}],"inLanguage":"fr-FR"},{"@type":"Organization","@id":"https:\/\/www.sebastien-auziere.fr\/blog\/#organization","name":"Fan site S\u00e9bastien Auzi\u00e8re","url":"https:\/\/www.sebastien-auziere.fr\/blog\/","logo":{"@type":"ImageObject","inLanguage":"fr-FR","@id":"https:\/\/www.sebastien-auziere.fr\/blog\/#\/schema\/logo\/image\/","url":"https:\/\/www.sebastien-auziere.fr\/blog\/wp-content\/uploads\/2026\/03\/cropped-cropped-cropped-ChatGPT-Image-6-mars-2026-12_58_09-e1772798376794.jpg","contentUrl":"https:\/\/www.sebastien-auziere.fr\/blog\/wp-content\/uploads\/2026\/03\/cropped-cropped-cropped-ChatGPT-Image-6-mars-2026-12_58_09-e1772798376794.jpg","width":512,"height":360,"caption":"Fan site S\u00e9bastien Auzi\u00e8re"},"image":{"@id":"https:\/\/www.sebastien-auziere.fr\/blog\/#\/schema\/logo\/image\/"}},{"@type":"Person","@id":"https:\/\/www.sebastien-auziere.fr\/blog\/#\/schema\/person\/1e270a963009242469ed08b1c461f81f","name":"Celine","image":{"@type":"ImageObject","inLanguage":"fr-FR","@id":"https:\/\/secure.gravatar.com\/avatar\/c88d569fbe1fe19a13c7f21ee0f8973822df96073df21850b95af6a09ba820c9?s=96&d=mm&r=g","url":"https:\/\/secure.gravatar.com\/avatar\/c88d569fbe1fe19a13c7f21ee0f8973822df96073df21850b95af6a09ba820c9?s=96&d=mm&r=g","contentUrl":"https:\/\/secure.gravatar.com\/avatar\/c88d569fbe1fe19a13c7f21ee0f8973822df96073df21850b95af6a09ba820c9?s=96&d=mm&r=g","caption":"Celine"},"description":"Je m'appelle C\u00e9line, j'ai 31 ans et je suis journaliste sp\u00e9cialis\u00e9e dans le cin\u00e9ma. Passionn\u00e9e par le septi\u00e8me art, j'explore les actualit\u00e9s, les critiques et les tendances du monde cin\u00e9matographique. Mon objectif est de partager ma passion et d'informer les amateurs de films \u00e0 travers des articles percutants et des analyses approfondies.","url":"https:\/\/www.sebastien-auziere.fr\/blog\/author\/celine\/"}]}},"views":8,"_links":{"self":[{"href":"https:\/\/www.sebastien-auziere.fr\/blog\/wp-json\/wp\/v2\/posts\/2526","targetHints":{"allow":["GET"]}}],"collection":[{"href":"https:\/\/www.sebastien-auziere.fr\/blog\/wp-json\/wp\/v2\/posts"}],"about":[{"href":"https:\/\/www.sebastien-auziere.fr\/blog\/wp-json\/wp\/v2\/types\/post"}],"author":[{"embeddable":true,"href":"https:\/\/www.sebastien-auziere.fr\/blog\/wp-json\/wp\/v2\/users\/4"}],"replies":[{"embeddable":true,"href":"https:\/\/www.sebastien-auziere.fr\/blog\/wp-json\/wp\/v2\/comments?post=2526"}],"version-history":[{"count":1,"href":"https:\/\/www.sebastien-auziere.fr\/blog\/wp-json\/wp\/v2\/posts\/2526\/revisions"}],"predecessor-version":[{"id":2527,"href":"https:\/\/www.sebastien-auziere.fr\/blog\/wp-json\/wp\/v2\/posts\/2526\/revisions\/2527"}],"wp:featuredmedia":[{"embeddable":true,"href":"https:\/\/www.sebastien-auziere.fr\/blog\/wp-json\/wp\/v2\/media\/2517"}],"wp:attachment":[{"href":"https:\/\/www.sebastien-auziere.fr\/blog\/wp-json\/wp\/v2\/media?parent=2526"}],"wp:term":[{"taxonomy":"category","embeddable":true,"href":"https:\/\/www.sebastien-auziere.fr\/blog\/wp-json\/wp\/v2\/categories?post=2526"},{"taxonomy":"post_tag","embeddable":true,"href":"https:\/\/www.sebastien-auziere.fr\/blog\/wp-json\/wp\/v2\/tags?post=2526"}],"curies":[{"name":"wp","href":"https:\/\/api.w.org\/{rel}","templated":true}]}}