{"id":2524,"date":"2026-03-16T20:10:22","date_gmt":"2026-03-16T20:10:22","guid":{"rendered":"https:\/\/www.sebastien-auziere.fr\/blog\/?p=2524"},"modified":"2026-03-16T20:10:48","modified_gmt":"2026-03-16T20:10:48","slug":"jair-bolsonaro-in-der-intensivpflege-der-ehemalige-brasilianische-prasident-der-brigitte-macron-beleidigt-hatte-in-der-intensivstation","status":"publish","type":"post","link":"https:\/\/www.sebastien-auziere.fr\/blog\/de\/jair-bolsonaro-in-der-intensivpflege-der-ehemalige-brasilianische-prasident-der-brigitte-macron-beleidigt-hatte-in-der-intensivstation\/","title":{"rendered":"Jair Bolsonaro in der Intensivpflege: der ehemalige brasilianische Pr\u00e4sident, der Brigitte Macron beleidigt hatte, in der Intensivstation"},"content":{"rendered":"<p><em>Ver\u00f6ffentlicht am 16. M\u00e4rz 2026 \u2014 Aktualisiert mit den neuesten medizinischen Berichten.<\/em><\/p>\n<p>Zu 27 Jahren Haft verurteilt wegen versuchten Staatsstreichs, wurde Jair Bolsonaro, der ehemalige brasilianische Pr\u00e4sident, bekannt daf\u00fcr, <strong>Brigitte Macron beleidigt<\/strong> zu haben, am 13. M\u00e4rz 2026 notfallm\u00e4\u00dfig ins Krankenhaus eingeliefert, nachdem er in seiner Zelle einen Unwohlsein erlitten hatte. Er wurde intensivmedizinisch in der privaten Klinik DF Star in Bras\u00edlia behandelt und leidet an einer <strong>bakteriellen Bronchopneumonie<\/strong>. Hier ist der vollst\u00e4ndige Stand seines Gesundheitszustands am 16. M\u00e4rz.<\/p>\n<h2>Ein brutales Unwohlsein in seiner Zelle am 13. M\u00e4rz<\/h2>\n<p>Im Strafvollzugszentrum von Papuda in Bras\u00edlia, wo er seit dem 8. November 2025 inhaftiert ist, erlitt Jair Bolsonaro am Freitagmorgen, den 13. M\u00e4rz, einen Zusammenbruch. Seine Frau Michelle Bolsonaro war die erste, die \u00fcber Instagram die \u00d6ffentlichkeit alarmierte und die pl\u00f6tzlich aufgetretenen Symptome detaillierte: <strong>hohe Fieber, Abfall der Sauerstoffs\u00e4ttigung, reichlich Schwitzen und Schauer<\/strong>.<\/p>\n<p>Schnell vom Gef\u00e4ngnispersonal versorgt, wurde der 70-j\u00e4hrige fr\u00fchere Staatschef notfallm\u00e4\u00dfig in die <strong>private Klinik DF Star in Bras\u00edlia<\/strong> gebracht, wo die Untersuchungen ein Diagnose \u00fcber Bronchopneumonie best\u00e4tigten. Er wurde sofort auf die Intensivstation verlegt.<\/p>\n<h2>Ein stabiler, aber besorgniserregender Zustand<\/h2>\n<p>Nach den fortlaufenden medizinischen Berichten seit seiner Aufnahme ist der Gesundheitszustand von Jair Bolsonaro <strong>klinisch stabil<\/strong>, doch die \u00c4rzte haben mehrere beunruhigende Signale festgestellt:<\/p>\n<ul>\n<li>Verschlechterung der <strong>Nierenfunktion<\/strong> festgestellt am 14. M\u00e4rz<\/li>\n<li>Erh\u00f6hung der <strong>Entz\u00fcndungsmarker<\/strong><\/li>\n<li>Verst\u00e4rkung der <strong>Antibiotikabehandlung<\/strong>, um die bakterielle Pneumonie zu bek\u00e4mpfen<\/li>\n<li>Anzeichen einer allm\u00e4hlichen Verbesserung ab dem 15. M\u00e4rz (dritter Tag auf der Intensivstation)<\/li>\n<\/ul>\n<p style=\"background:#fff8e1;border-left:4px solid #f9a825;padding:12px 16px;margin:16px 0\"><strong>\ud83d\udccb Letztes Update (16. M\u00e4rz) :<\/strong> Das Krankenhaus hat mitgeteilt, dass sich der Zustand von Bolsonaro stabilisiert hat und seine Nierenfunktion Anzeichen von Verbesserung gezeigt hat. Die \u00c4rzte haben jedoch die Verst\u00e4rkung der Antibiotikabehandlung beibehalten.<\/p>\n<h2>Die Folgen des Messerstichs von 2018, direkte Ursache<\/h2>\n<p>Die Lungenentz\u00fcndung ist kein Zufall. Sie ist die direkte Folge eines <strong>Bronchoaspirationsereignisses<\/strong>, einer wiederkehrenden St\u00f6rung, unter der Bolsonaro seit 2018 leidet. In diesem Jahr, mitten im Wahlkampf, erhielt er einen <strong>Messerstich in den Bauch<\/strong> w\u00e4hrend einer Veranstaltung in Juiz de Fora. Er kam nur knapp aus diesem \u00dcbergriff heraus und musste in den folgenden Monaten und Jahren zahlreiche chirurgische Eingriffe \u00fcber sich ergehen lassen.<\/p>\n<p>Seitdem ist der ehemalige Pr\u00e4sident dauerhaft geschw\u00e4cht: Er leidet regelm\u00e4\u00dfig unter <strong>Schluckauf und Erbrechen<\/strong>, die mehrere Tage andauern k\u00f6nnen \u2014 Symptome, die seine \u00c4rzte als direkte Ursache der aktuellen Pneumonie identifizieren. Im Dezember 2025 wurde er bereits wegen einer Leistenhernie ins Krankenhaus eingeliefert, eine Operation, die von seinem Umfeld als Erfolg bezeichnet wurde.<\/p>\n<h2>Immer noch hinter Gittern trotz der Forderungen seiner Familie<\/h2>\n<p>Sein \u00e4ltester Sohn Flavio Bolsonaro, Kandidat f\u00fcr die Pr\u00e4sidentschaftswahlen im Oktober 2026, hat seit der Hospitalisierung seines Vaters seinen \u00c4rger nicht verbergen k\u00f6nnen. <em>\u201eSie spielen mit dem Leben meines Vaters\u201c<\/em>, erkl\u00e4rte er gegen\u00fcber den Journalisten. <em>\u201eEr sollte mindestens unter Hausarrest gestellt werden, um dauerhaft bei seiner Familie behandelt zu werden. Dort, wo er sich befindet, neigt sein Gesundheitszustand dazu, sich zu verschlechtern.\u201c<\/em><\/p>\n<p>Das <strong>Oberste Gericht Brasiliens<\/strong> hat jedoch mehrfach die Antr\u00e4ge der Verteidigung abgelehnt, die es Bolsonaro erm\u00f6glichen sollten, seine Strafe zu Hause abzusitzen. Nach seiner Genesung wird der ehemalige Pr\u00e4sident also wieder in seine Zelle im Komplex Papuda zur\u00fcckkehren m\u00fcssen \u2014 einem 65 m\u00b2 gro\u00dfen Raum, der f\u00fcr vier Personen eingerichtet ist, mit K\u00fcche, Fernseher, Doppelbett und privatem Au\u00dfenbereich.<\/p>\n<h2>Ein angespanntes politisches Umfeld<\/h2>\n<p>Diese Hospitalisierung erfolgt in einem besonders angespannte politischen Umfeld in Brasilien. Im September 2025 wurde er zu 27 Jahren Gef\u00e4ngnis verurteilt, weil er versucht hatte, illegal an der Macht zu bleiben, nachdem er bei den Wahlen 2022 gegen Luiz In\u00e1cio Lula da Silva verloren hatte. Bolsonaro bleibt eine zentrale Figur der brasilianischen Rechten. Brasilien f\u00fchrt im Oktober 2026 Pr\u00e4sidentschaftswahlen durch, und laut den aktuellen Umfragen des Instituts Datafolha liegen sein Sohn Flavio Bolsonaro und Pr\u00e4sident Lula im Falle einer zweiten Runde Kopf an Kopf.<\/p>\n<p>Der Gesundheitszustand des Ex-Pr\u00e4sidenten k\u00f6nnte zudem die Modalit\u00e4ten seiner Haft beeinflussen, so einige brasilianische Justizbeobachter.<\/p>\n<h2>Erinnerung: die Beleidigung gegen\u00fcber Brigitte Macron<\/h2>\n<p>Jair Bolsonaro ist in Frankreich f\u00fcr eine Kontroverse bekannt, die in Erinnerung bleibt: 2019 hatte er in den sozialen Medien einen Kommentar eines Internetnutzers geteilt, der Brigitte Macron mit Emmanuel Macron verglich und andeutete, dass die franz\u00f6sische First Lady weniger attraktiv sei als seine eigene Frau Michelle. Statt sich zu entschuldigen, hatte Bolsonaro seine \u00c4u\u00dferungen verteidigt, was zu einer angespannten diplomatischen Beziehung zwischen Bras\u00edlia und Paris f\u00fchrte.<\/p>\n<p>{<br \/>\n  \u00ab\u00a0@context\u00a0\u00bb: \u00ab\u00a0https:\/\/schema.org\u00a0\u00bb,<br \/>\n  \u00ab\u00a0@type\u00a0\u00bb: \u00ab\u00a0Article\u00a0\u00bb,<br \/>\n  \u00ab\u00a0headline\u00a0\u00bb: \u00ab\u00a0Jair Bolsonaro in der Intensivpflege: der ehemalige brasilianische Pr\u00e4sident, der Brigitte Macron beleidigt hatte, wurde in die Intensivstation verlegt\u00a0\u00bb,<br \/>\n  \u00ab\u00a0description\u00a0\u00bb: \u00ab\u00a0Jair Bolsonaro, zu 27 Jahren Gef\u00e4ngnis verurteilt und ehemaliger brasilianischer Pr\u00e4sident, wurde am 13. M\u00e4rz 2026 notfallm\u00e4\u00dfig ins Hospital eingeliefert nach einem Unwohlsein in seiner Zelle. Intensivmedizinische Betreuung, bakterielle Bronchopneumonie, Zustand am 16. M\u00e4rz.\u00a0\u00bb,<br \/>\n  \u00ab\u00a0inLanguage\u00a0\u00bb: \u00ab\u00a0de\u00a0\u00bb,<br \/>\n  \u00ab\u00a0datePublished\u00a0\u00bb: \u00ab\u00a02026-03-16\u00a0\u00bb,<br \/>\n  \u00ab\u00a0dateModified\u00a0\u00bb: \u00ab\u00a02026-03-16\u00a0\u00bb<br \/>\n}<\/p>\n","protected":false},"excerpt":{"rendered":"<p>Ver\u00f6ffentlicht am 16. M\u00e4rz 2026 \u2014 Aktualisiert mit den neuesten medizinischen Berichten. Zu 27 Jahren Haft verurteilt wegen versuchten Staatsstreichs, wurde Jair Bolsonaro, der ehemalige brasilianische Pr\u00e4sident, bekannt daf\u00fcr, Brigitte Macron beleidigt zu haben, am 13. M\u00e4rz 2026 notfallm\u00e4\u00dfig ins Krankenhaus eingeliefert, nachdem er in seiner Zelle einen Unwohlsein erlitten hatte. Er wurde intensivmedizinisch in &#8230; <a title=\"Jair Bolsonaro in der Intensivpflege: der ehemalige brasilianische Pr\u00e4sident, der Brigitte Macron beleidigt hatte, in der Intensivstation\" class=\"read-more\" href=\"https:\/\/www.sebastien-auziere.fr\/blog\/de\/jair-bolsonaro-in-der-intensivpflege-der-ehemalige-brasilianische-prasident-der-brigitte-macron-beleidigt-hatte-in-der-intensivstation\/\" aria-label=\"En savoir plus sur Jair Bolsonaro in der Intensivpflege: der ehemalige brasilianische Pr\u00e4sident, der Brigitte Macron beleidigt hatte, in der Intensivstation\">Lire plus<\/a><\/p>\n","protected":false},"author":4,"featured_media":2517,"comment_status":"open","ping_status":"open","sticky":false,"template":"","format":"standard","meta":{"footnotes":""},"categories":[856],"tags":[],"class_list":["post-2524","post","type-post","status-publish","format-standard","has-post-thumbnail","hentry","category-aktuelles-de"],"yoast_head":"<!-- This site is optimized with the Yoast SEO plugin v27.5 - https:\/\/yoast.com\/product\/yoast-seo-wordpress\/ -->\n<title>Bolsonaro hospitalis\u00e9 : l&#039;ex-pr\u00e9sident qui avait insult\u00e9 Brigitte Macron en soins intensifs<\/title>\n<meta name=\"description\" content=\"Jair Bolsonaro, l&#039;ancien pr\u00e9sident br\u00e9silien qui avait insult\u00e9 Brigitte Macron, est hospitalis\u00e9 en soins intensifs depuis le 13 mars 2026. Bronchopneumonie, d\u00e9t\u00e9rioration r\u00e9nale : point complet sur son \u00e9tat de sant\u00e9.\" \/>\n<meta name=\"robots\" content=\"index, follow, max-snippet:-1, max-image-preview:large, max-video-preview:-1\" \/>\n<link rel=\"canonical\" href=\"https:\/\/www.sebastien-auziere.fr\/blog\/de\/jair-bolsonaro-in-der-intensivpflege-der-ehemalige-brasilianische-prasident-der-brigitte-macron-beleidigt-hatte-in-der-intensivstation\/\" \/>\n<meta property=\"og:locale\" content=\"fr_FR\" \/>\n<meta property=\"og:type\" content=\"article\" \/>\n<meta property=\"og:title\" content=\"Bolsonaro hospitalis\u00e9 : l&#039;ex-pr\u00e9sident qui avait insult\u00e9 Brigitte Macron en soins intensifs\" \/>\n<meta property=\"og:description\" content=\"Jair Bolsonaro, l&#039;ancien pr\u00e9sident br\u00e9silien qui avait insult\u00e9 Brigitte Macron, est hospitalis\u00e9 en soins intensifs depuis le 13 mars 2026. Bronchopneumonie, d\u00e9t\u00e9rioration r\u00e9nale : point complet sur son \u00e9tat de sant\u00e9.\" \/>\n<meta property=\"og:url\" content=\"https:\/\/www.sebastien-auziere.fr\/blog\/de\/jair-bolsonaro-in-der-intensivpflege-der-ehemalige-brasilianische-prasident-der-brigitte-macron-beleidigt-hatte-in-der-intensivstation\/\" \/>\n<meta property=\"og:site_name\" content=\"Fan site S\u00e9bastien Auzi\u00e8re\" \/>\n<meta property=\"article:published_time\" content=\"2026-03-16T20:10:22+00:00\" \/>\n<meta property=\"article:modified_time\" content=\"2026-03-16T20:10:48+00:00\" \/>\n<meta property=\"og:image\" content=\"https:\/\/www.sebastien-auziere.fr\/blog\/wp-content\/uploads\/2026\/03\/Capture-decran-2026-03-16-210521.png\" \/>\n\t<meta property=\"og:image:width\" content=\"566\" \/>\n\t<meta property=\"og:image:height\" content=\"377\" \/>\n\t<meta property=\"og:image:type\" content=\"image\/png\" \/>\n<meta name=\"author\" content=\"Celine\" \/>\n<meta name=\"twitter:card\" content=\"summary_large_image\" \/>\n<meta name=\"twitter:label1\" content=\"\u00c9crit par\" \/>\n\t<meta name=\"twitter:data1\" content=\"Celine\" \/>\n\t<meta name=\"twitter:label2\" content=\"Dur\u00e9e de lecture estim\u00e9e\" \/>\n\t<meta name=\"twitter:data2\" content=\"4 minutes\" \/>\n<script type=\"application\/ld+json\" class=\"yoast-schema-graph\">{\"@context\":\"https:\\\/\\\/schema.org\",\"@graph\":[{\"@type\":\"Article\",\"@id\":\"https:\\\/\\\/www.sebastien-auziere.fr\\\/blog\\\/de\\\/jair-bolsonaro-in-der-intensivpflege-der-ehemalige-brasilianische-prasident-der-brigitte-macron-beleidigt-hatte-in-der-intensivstation\\\/#article\",\"isPartOf\":{\"@id\":\"https:\\\/\\\/www.sebastien-auziere.fr\\\/blog\\\/de\\\/jair-bolsonaro-in-der-intensivpflege-der-ehemalige-brasilianische-prasident-der-brigitte-macron-beleidigt-hatte-in-der-intensivstation\\\/\"},\"author\":{\"name\":\"Celine\",\"@id\":\"https:\\\/\\\/www.sebastien-auziere.fr\\\/blog\\\/#\\\/schema\\\/person\\\/1e270a963009242469ed08b1c461f81f\"},\"headline\":\"Jair Bolsonaro in der Intensivpflege: der ehemalige brasilianische Pr\u00e4sident, der Brigitte Macron beleidigt hatte, in der Intensivstation\",\"datePublished\":\"2026-03-16T20:10:22+00:00\",\"dateModified\":\"2026-03-16T20:10:48+00:00\",\"mainEntityOfPage\":{\"@id\":\"https:\\\/\\\/www.sebastien-auziere.fr\\\/blog\\\/de\\\/jair-bolsonaro-in-der-intensivpflege-der-ehemalige-brasilianische-prasident-der-brigitte-macron-beleidigt-hatte-in-der-intensivstation\\\/\"},\"wordCount\":826,\"commentCount\":0,\"publisher\":{\"@id\":\"https:\\\/\\\/www.sebastien-auziere.fr\\\/blog\\\/#organization\"},\"image\":{\"@id\":\"https:\\\/\\\/www.sebastien-auziere.fr\\\/blog\\\/de\\\/jair-bolsonaro-in-der-intensivpflege-der-ehemalige-brasilianische-prasident-der-brigitte-macron-beleidigt-hatte-in-der-intensivstation\\\/#primaryimage\"},\"thumbnailUrl\":\"https:\\\/\\\/www.sebastien-auziere.fr\\\/blog\\\/wp-content\\\/uploads\\\/2026\\\/03\\\/Capture-decran-2026-03-16-210521.png\",\"articleSection\":[\"Aktuelles\"],\"inLanguage\":\"fr-FR\",\"potentialAction\":[{\"@type\":\"CommentAction\",\"name\":\"Comment\",\"target\":[\"https:\\\/\\\/www.sebastien-auziere.fr\\\/blog\\\/de\\\/jair-bolsonaro-in-der-intensivpflege-der-ehemalige-brasilianische-prasident-der-brigitte-macron-beleidigt-hatte-in-der-intensivstation\\\/#respond\"]}]},{\"@type\":\"WebPage\",\"@id\":\"https:\\\/\\\/www.sebastien-auziere.fr\\\/blog\\\/de\\\/jair-bolsonaro-in-der-intensivpflege-der-ehemalige-brasilianische-prasident-der-brigitte-macron-beleidigt-hatte-in-der-intensivstation\\\/\",\"url\":\"https:\\\/\\\/www.sebastien-auziere.fr\\\/blog\\\/de\\\/jair-bolsonaro-in-der-intensivpflege-der-ehemalige-brasilianische-prasident-der-brigitte-macron-beleidigt-hatte-in-der-intensivstation\\\/\",\"name\":\"Bolsonaro hospitalis\u00e9 : l'ex-pr\u00e9sident qui avait insult\u00e9 Brigitte Macron en soins intensifs\",\"isPartOf\":{\"@id\":\"https:\\\/\\\/www.sebastien-auziere.fr\\\/blog\\\/#website\"},\"primaryImageOfPage\":{\"@id\":\"https:\\\/\\\/www.sebastien-auziere.fr\\\/blog\\\/de\\\/jair-bolsonaro-in-der-intensivpflege-der-ehemalige-brasilianische-prasident-der-brigitte-macron-beleidigt-hatte-in-der-intensivstation\\\/#primaryimage\"},\"image\":{\"@id\":\"https:\\\/\\\/www.sebastien-auziere.fr\\\/blog\\\/de\\\/jair-bolsonaro-in-der-intensivpflege-der-ehemalige-brasilianische-prasident-der-brigitte-macron-beleidigt-hatte-in-der-intensivstation\\\/#primaryimage\"},\"thumbnailUrl\":\"https:\\\/\\\/www.sebastien-auziere.fr\\\/blog\\\/wp-content\\\/uploads\\\/2026\\\/03\\\/Capture-decran-2026-03-16-210521.png\",\"datePublished\":\"2026-03-16T20:10:22+00:00\",\"dateModified\":\"2026-03-16T20:10:48+00:00\",\"description\":\"Jair Bolsonaro, l'ancien pr\u00e9sident br\u00e9silien qui avait insult\u00e9 Brigitte Macron, est hospitalis\u00e9 en soins intensifs depuis le 13 mars 2026. Bronchopneumonie, d\u00e9t\u00e9rioration r\u00e9nale : point complet sur son \u00e9tat de sant\u00e9.\",\"breadcrumb\":{\"@id\":\"https:\\\/\\\/www.sebastien-auziere.fr\\\/blog\\\/de\\\/jair-bolsonaro-in-der-intensivpflege-der-ehemalige-brasilianische-prasident-der-brigitte-macron-beleidigt-hatte-in-der-intensivstation\\\/#breadcrumb\"},\"inLanguage\":\"fr-FR\",\"potentialAction\":[{\"@type\":\"ReadAction\",\"target\":[\"https:\\\/\\\/www.sebastien-auziere.fr\\\/blog\\\/de\\\/jair-bolsonaro-in-der-intensivpflege-der-ehemalige-brasilianische-prasident-der-brigitte-macron-beleidigt-hatte-in-der-intensivstation\\\/\"]}]},{\"@type\":\"ImageObject\",\"inLanguage\":\"fr-FR\",\"@id\":\"https:\\\/\\\/www.sebastien-auziere.fr\\\/blog\\\/de\\\/jair-bolsonaro-in-der-intensivpflege-der-ehemalige-brasilianische-prasident-der-brigitte-macron-beleidigt-hatte-in-der-intensivstation\\\/#primaryimage\",\"url\":\"https:\\\/\\\/www.sebastien-auziere.fr\\\/blog\\\/wp-content\\\/uploads\\\/2026\\\/03\\\/Capture-decran-2026-03-16-210521.png\",\"contentUrl\":\"https:\\\/\\\/www.sebastien-auziere.fr\\\/blog\\\/wp-content\\\/uploads\\\/2026\\\/03\\\/Capture-decran-2026-03-16-210521.png\",\"width\":566,\"height\":377,\"caption\":\"Bolsonaro hospitalis\u00e9 : l'ex-pr\u00e9sident qui avait insult\u00e9 Brigitte Macron en soins intensifs\"},{\"@type\":\"BreadcrumbList\",\"@id\":\"https:\\\/\\\/www.sebastien-auziere.fr\\\/blog\\\/de\\\/jair-bolsonaro-in-der-intensivpflege-der-ehemalige-brasilianische-prasident-der-brigitte-macron-beleidigt-hatte-in-der-intensivstation\\\/#breadcrumb\",\"itemListElement\":[{\"@type\":\"ListItem\",\"position\":1,\"name\":\"Home\",\"item\":\"https:\\\/\\\/www.sebastien-auziere.fr\\\/blog\\\/\"},{\"@type\":\"ListItem\",\"position\":2,\"name\":\"Jair Bolsonaro in der Intensivpflege: der ehemalige brasilianische Pr\u00e4sident, der Brigitte Macron beleidigt hatte, in der Intensivstation\"}]},{\"@type\":\"WebSite\",\"@id\":\"https:\\\/\\\/www.sebastien-auziere.fr\\\/blog\\\/#website\",\"url\":\"https:\\\/\\\/www.sebastien-auziere.fr\\\/blog\\\/\",\"name\":\"Fan site S\u00e9bastien Auzi\u00e8re\",\"description\":\"M\u00e9dia g\u00e9n\u00e9raliste\",\"publisher\":{\"@id\":\"https:\\\/\\\/www.sebastien-auziere.fr\\\/blog\\\/#organization\"},\"potentialAction\":[{\"@type\":\"SearchAction\",\"target\":{\"@type\":\"EntryPoint\",\"urlTemplate\":\"https:\\\/\\\/www.sebastien-auziere.fr\\\/blog\\\/?s={search_term_string}\"},\"query-input\":{\"@type\":\"PropertyValueSpecification\",\"valueRequired\":true,\"valueName\":\"search_term_string\"}}],\"inLanguage\":\"fr-FR\"},{\"@type\":\"Organization\",\"@id\":\"https:\\\/\\\/www.sebastien-auziere.fr\\\/blog\\\/#organization\",\"name\":\"Fan site S\u00e9bastien Auzi\u00e8re\",\"url\":\"https:\\\/\\\/www.sebastien-auziere.fr\\\/blog\\\/\",\"logo\":{\"@type\":\"ImageObject\",\"inLanguage\":\"fr-FR\",\"@id\":\"https:\\\/\\\/www.sebastien-auziere.fr\\\/blog\\\/#\\\/schema\\\/logo\\\/image\\\/\",\"url\":\"https:\\\/\\\/www.sebastien-auziere.fr\\\/blog\\\/wp-content\\\/uploads\\\/2026\\\/03\\\/cropped-cropped-cropped-ChatGPT-Image-6-mars-2026-12_58_09-e1772798376794.jpg\",\"contentUrl\":\"https:\\\/\\\/www.sebastien-auziere.fr\\\/blog\\\/wp-content\\\/uploads\\\/2026\\\/03\\\/cropped-cropped-cropped-ChatGPT-Image-6-mars-2026-12_58_09-e1772798376794.jpg\",\"width\":512,\"height\":360,\"caption\":\"Fan site S\u00e9bastien Auzi\u00e8re\"},\"image\":{\"@id\":\"https:\\\/\\\/www.sebastien-auziere.fr\\\/blog\\\/#\\\/schema\\\/logo\\\/image\\\/\"}},{\"@type\":\"Person\",\"@id\":\"https:\\\/\\\/www.sebastien-auziere.fr\\\/blog\\\/#\\\/schema\\\/person\\\/1e270a963009242469ed08b1c461f81f\",\"name\":\"Celine\",\"image\":{\"@type\":\"ImageObject\",\"inLanguage\":\"fr-FR\",\"@id\":\"https:\\\/\\\/secure.gravatar.com\\\/avatar\\\/c88d569fbe1fe19a13c7f21ee0f8973822df96073df21850b95af6a09ba820c9?s=96&d=mm&r=g\",\"url\":\"https:\\\/\\\/secure.gravatar.com\\\/avatar\\\/c88d569fbe1fe19a13c7f21ee0f8973822df96073df21850b95af6a09ba820c9?s=96&d=mm&r=g\",\"contentUrl\":\"https:\\\/\\\/secure.gravatar.com\\\/avatar\\\/c88d569fbe1fe19a13c7f21ee0f8973822df96073df21850b95af6a09ba820c9?s=96&d=mm&r=g\",\"caption\":\"Celine\"},\"description\":\"Je m'appelle C\u00e9line, j'ai 31 ans et je suis journaliste sp\u00e9cialis\u00e9e dans le cin\u00e9ma. Passionn\u00e9e par le septi\u00e8me art, j'explore les actualit\u00e9s, les critiques et les tendances du monde cin\u00e9matographique. Mon objectif est de partager ma passion et d'informer les amateurs de films \u00e0 travers des articles percutants et des analyses approfondies.\",\"url\":\"https:\\\/\\\/www.sebastien-auziere.fr\\\/blog\\\/author\\\/celine\\\/\"}]}<\/script>\n<!-- \/ Yoast SEO plugin. -->","yoast_head_json":{"title":"Bolsonaro hospitalis\u00e9 : l'ex-pr\u00e9sident qui avait insult\u00e9 Brigitte Macron en soins intensifs","description":"Jair Bolsonaro, l'ancien pr\u00e9sident br\u00e9silien qui avait insult\u00e9 Brigitte Macron, est hospitalis\u00e9 en soins intensifs depuis le 13 mars 2026. Bronchopneumonie, d\u00e9t\u00e9rioration r\u00e9nale : point complet sur son \u00e9tat de sant\u00e9.","robots":{"index":"index","follow":"follow","max-snippet":"max-snippet:-1","max-image-preview":"max-image-preview:large","max-video-preview":"max-video-preview:-1"},"canonical":"https:\/\/www.sebastien-auziere.fr\/blog\/de\/jair-bolsonaro-in-der-intensivpflege-der-ehemalige-brasilianische-prasident-der-brigitte-macron-beleidigt-hatte-in-der-intensivstation\/","og_locale":"fr_FR","og_type":"article","og_title":"Bolsonaro hospitalis\u00e9 : l'ex-pr\u00e9sident qui avait insult\u00e9 Brigitte Macron en soins intensifs","og_description":"Jair Bolsonaro, l'ancien pr\u00e9sident br\u00e9silien qui avait insult\u00e9 Brigitte Macron, est hospitalis\u00e9 en soins intensifs depuis le 13 mars 2026. Bronchopneumonie, d\u00e9t\u00e9rioration r\u00e9nale : point complet sur son \u00e9tat de sant\u00e9.","og_url":"https:\/\/www.sebastien-auziere.fr\/blog\/de\/jair-bolsonaro-in-der-intensivpflege-der-ehemalige-brasilianische-prasident-der-brigitte-macron-beleidigt-hatte-in-der-intensivstation\/","og_site_name":"Fan site S\u00e9bastien Auzi\u00e8re","article_published_time":"2026-03-16T20:10:22+00:00","article_modified_time":"2026-03-16T20:10:48+00:00","og_image":[{"width":566,"height":377,"url":"https:\/\/www.sebastien-auziere.fr\/blog\/wp-content\/uploads\/2026\/03\/Capture-decran-2026-03-16-210521.png","type":"image\/png"}],"author":"Celine","twitter_card":"summary_large_image","twitter_misc":{"\u00c9crit par":"Celine","Dur\u00e9e de lecture estim\u00e9e":"4 minutes"},"schema":{"@context":"https:\/\/schema.org","@graph":[{"@type":"Article","@id":"https:\/\/www.sebastien-auziere.fr\/blog\/de\/jair-bolsonaro-in-der-intensivpflege-der-ehemalige-brasilianische-prasident-der-brigitte-macron-beleidigt-hatte-in-der-intensivstation\/#article","isPartOf":{"@id":"https:\/\/www.sebastien-auziere.fr\/blog\/de\/jair-bolsonaro-in-der-intensivpflege-der-ehemalige-brasilianische-prasident-der-brigitte-macron-beleidigt-hatte-in-der-intensivstation\/"},"author":{"name":"Celine","@id":"https:\/\/www.sebastien-auziere.fr\/blog\/#\/schema\/person\/1e270a963009242469ed08b1c461f81f"},"headline":"Jair Bolsonaro in der Intensivpflege: der ehemalige brasilianische Pr\u00e4sident, der Brigitte Macron beleidigt hatte, in der Intensivstation","datePublished":"2026-03-16T20:10:22+00:00","dateModified":"2026-03-16T20:10:48+00:00","mainEntityOfPage":{"@id":"https:\/\/www.sebastien-auziere.fr\/blog\/de\/jair-bolsonaro-in-der-intensivpflege-der-ehemalige-brasilianische-prasident-der-brigitte-macron-beleidigt-hatte-in-der-intensivstation\/"},"wordCount":826,"commentCount":0,"publisher":{"@id":"https:\/\/www.sebastien-auziere.fr\/blog\/#organization"},"image":{"@id":"https:\/\/www.sebastien-auziere.fr\/blog\/de\/jair-bolsonaro-in-der-intensivpflege-der-ehemalige-brasilianische-prasident-der-brigitte-macron-beleidigt-hatte-in-der-intensivstation\/#primaryimage"},"thumbnailUrl":"https:\/\/www.sebastien-auziere.fr\/blog\/wp-content\/uploads\/2026\/03\/Capture-decran-2026-03-16-210521.png","articleSection":["Aktuelles"],"inLanguage":"fr-FR","potentialAction":[{"@type":"CommentAction","name":"Comment","target":["https:\/\/www.sebastien-auziere.fr\/blog\/de\/jair-bolsonaro-in-der-intensivpflege-der-ehemalige-brasilianische-prasident-der-brigitte-macron-beleidigt-hatte-in-der-intensivstation\/#respond"]}]},{"@type":"WebPage","@id":"https:\/\/www.sebastien-auziere.fr\/blog\/de\/jair-bolsonaro-in-der-intensivpflege-der-ehemalige-brasilianische-prasident-der-brigitte-macron-beleidigt-hatte-in-der-intensivstation\/","url":"https:\/\/www.sebastien-auziere.fr\/blog\/de\/jair-bolsonaro-in-der-intensivpflege-der-ehemalige-brasilianische-prasident-der-brigitte-macron-beleidigt-hatte-in-der-intensivstation\/","name":"Bolsonaro hospitalis\u00e9 : l'ex-pr\u00e9sident qui avait insult\u00e9 Brigitte Macron en soins intensifs","isPartOf":{"@id":"https:\/\/www.sebastien-auziere.fr\/blog\/#website"},"primaryImageOfPage":{"@id":"https:\/\/www.sebastien-auziere.fr\/blog\/de\/jair-bolsonaro-in-der-intensivpflege-der-ehemalige-brasilianische-prasident-der-brigitte-macron-beleidigt-hatte-in-der-intensivstation\/#primaryimage"},"image":{"@id":"https:\/\/www.sebastien-auziere.fr\/blog\/de\/jair-bolsonaro-in-der-intensivpflege-der-ehemalige-brasilianische-prasident-der-brigitte-macron-beleidigt-hatte-in-der-intensivstation\/#primaryimage"},"thumbnailUrl":"https:\/\/www.sebastien-auziere.fr\/blog\/wp-content\/uploads\/2026\/03\/Capture-decran-2026-03-16-210521.png","datePublished":"2026-03-16T20:10:22+00:00","dateModified":"2026-03-16T20:10:48+00:00","description":"Jair Bolsonaro, l'ancien pr\u00e9sident br\u00e9silien qui avait insult\u00e9 Brigitte Macron, est hospitalis\u00e9 en soins intensifs depuis le 13 mars 2026. Bronchopneumonie, d\u00e9t\u00e9rioration r\u00e9nale : point complet sur son \u00e9tat de sant\u00e9.","breadcrumb":{"@id":"https:\/\/www.sebastien-auziere.fr\/blog\/de\/jair-bolsonaro-in-der-intensivpflege-der-ehemalige-brasilianische-prasident-der-brigitte-macron-beleidigt-hatte-in-der-intensivstation\/#breadcrumb"},"inLanguage":"fr-FR","potentialAction":[{"@type":"ReadAction","target":["https:\/\/www.sebastien-auziere.fr\/blog\/de\/jair-bolsonaro-in-der-intensivpflege-der-ehemalige-brasilianische-prasident-der-brigitte-macron-beleidigt-hatte-in-der-intensivstation\/"]}]},{"@type":"ImageObject","inLanguage":"fr-FR","@id":"https:\/\/www.sebastien-auziere.fr\/blog\/de\/jair-bolsonaro-in-der-intensivpflege-der-ehemalige-brasilianische-prasident-der-brigitte-macron-beleidigt-hatte-in-der-intensivstation\/#primaryimage","url":"https:\/\/www.sebastien-auziere.fr\/blog\/wp-content\/uploads\/2026\/03\/Capture-decran-2026-03-16-210521.png","contentUrl":"https:\/\/www.sebastien-auziere.fr\/blog\/wp-content\/uploads\/2026\/03\/Capture-decran-2026-03-16-210521.png","width":566,"height":377,"caption":"Bolsonaro hospitalis\u00e9 : l'ex-pr\u00e9sident qui avait insult\u00e9 Brigitte Macron en soins intensifs"},{"@type":"BreadcrumbList","@id":"https:\/\/www.sebastien-auziere.fr\/blog\/de\/jair-bolsonaro-in-der-intensivpflege-der-ehemalige-brasilianische-prasident-der-brigitte-macron-beleidigt-hatte-in-der-intensivstation\/#breadcrumb","itemListElement":[{"@type":"ListItem","position":1,"name":"Home","item":"https:\/\/www.sebastien-auziere.fr\/blog\/"},{"@type":"ListItem","position":2,"name":"Jair Bolsonaro in der Intensivpflege: der ehemalige brasilianische Pr\u00e4sident, der Brigitte Macron beleidigt hatte, in der Intensivstation"}]},{"@type":"WebSite","@id":"https:\/\/www.sebastien-auziere.fr\/blog\/#website","url":"https:\/\/www.sebastien-auziere.fr\/blog\/","name":"Fan site S\u00e9bastien Auzi\u00e8re","description":"M\u00e9dia g\u00e9n\u00e9raliste","publisher":{"@id":"https:\/\/www.sebastien-auziere.fr\/blog\/#organization"},"potentialAction":[{"@type":"SearchAction","target":{"@type":"EntryPoint","urlTemplate":"https:\/\/www.sebastien-auziere.fr\/blog\/?s={search_term_string}"},"query-input":{"@type":"PropertyValueSpecification","valueRequired":true,"valueName":"search_term_string"}}],"inLanguage":"fr-FR"},{"@type":"Organization","@id":"https:\/\/www.sebastien-auziere.fr\/blog\/#organization","name":"Fan site S\u00e9bastien Auzi\u00e8re","url":"https:\/\/www.sebastien-auziere.fr\/blog\/","logo":{"@type":"ImageObject","inLanguage":"fr-FR","@id":"https:\/\/www.sebastien-auziere.fr\/blog\/#\/schema\/logo\/image\/","url":"https:\/\/www.sebastien-auziere.fr\/blog\/wp-content\/uploads\/2026\/03\/cropped-cropped-cropped-ChatGPT-Image-6-mars-2026-12_58_09-e1772798376794.jpg","contentUrl":"https:\/\/www.sebastien-auziere.fr\/blog\/wp-content\/uploads\/2026\/03\/cropped-cropped-cropped-ChatGPT-Image-6-mars-2026-12_58_09-e1772798376794.jpg","width":512,"height":360,"caption":"Fan site S\u00e9bastien Auzi\u00e8re"},"image":{"@id":"https:\/\/www.sebastien-auziere.fr\/blog\/#\/schema\/logo\/image\/"}},{"@type":"Person","@id":"https:\/\/www.sebastien-auziere.fr\/blog\/#\/schema\/person\/1e270a963009242469ed08b1c461f81f","name":"Celine","image":{"@type":"ImageObject","inLanguage":"fr-FR","@id":"https:\/\/secure.gravatar.com\/avatar\/c88d569fbe1fe19a13c7f21ee0f8973822df96073df21850b95af6a09ba820c9?s=96&d=mm&r=g","url":"https:\/\/secure.gravatar.com\/avatar\/c88d569fbe1fe19a13c7f21ee0f8973822df96073df21850b95af6a09ba820c9?s=96&d=mm&r=g","contentUrl":"https:\/\/secure.gravatar.com\/avatar\/c88d569fbe1fe19a13c7f21ee0f8973822df96073df21850b95af6a09ba820c9?s=96&d=mm&r=g","caption":"Celine"},"description":"Je m'appelle C\u00e9line, j'ai 31 ans et je suis journaliste sp\u00e9cialis\u00e9e dans le cin\u00e9ma. Passionn\u00e9e par le septi\u00e8me art, j'explore les actualit\u00e9s, les critiques et les tendances du monde cin\u00e9matographique. Mon objectif est de partager ma passion et d'informer les amateurs de films \u00e0 travers des articles percutants et des analyses approfondies.","url":"https:\/\/www.sebastien-auziere.fr\/blog\/author\/celine\/"}]}},"views":15,"_links":{"self":[{"href":"https:\/\/www.sebastien-auziere.fr\/blog\/wp-json\/wp\/v2\/posts\/2524","targetHints":{"allow":["GET"]}}],"collection":[{"href":"https:\/\/www.sebastien-auziere.fr\/blog\/wp-json\/wp\/v2\/posts"}],"about":[{"href":"https:\/\/www.sebastien-auziere.fr\/blog\/wp-json\/wp\/v2\/types\/post"}],"author":[{"embeddable":true,"href":"https:\/\/www.sebastien-auziere.fr\/blog\/wp-json\/wp\/v2\/users\/4"}],"replies":[{"embeddable":true,"href":"https:\/\/www.sebastien-auziere.fr\/blog\/wp-json\/wp\/v2\/comments?post=2524"}],"version-history":[{"count":1,"href":"https:\/\/www.sebastien-auziere.fr\/blog\/wp-json\/wp\/v2\/posts\/2524\/revisions"}],"predecessor-version":[{"id":2525,"href":"https:\/\/www.sebastien-auziere.fr\/blog\/wp-json\/wp\/v2\/posts\/2524\/revisions\/2525"}],"wp:featuredmedia":[{"embeddable":true,"href":"https:\/\/www.sebastien-auziere.fr\/blog\/wp-json\/wp\/v2\/media\/2517"}],"wp:attachment":[{"href":"https:\/\/www.sebastien-auziere.fr\/blog\/wp-json\/wp\/v2\/media?parent=2524"}],"wp:term":[{"taxonomy":"category","embeddable":true,"href":"https:\/\/www.sebastien-auziere.fr\/blog\/wp-json\/wp\/v2\/categories?post=2524"},{"taxonomy":"post_tag","embeddable":true,"href":"https:\/\/www.sebastien-auziere.fr\/blog\/wp-json\/wp\/v2\/tags?post=2524"}],"curies":[{"name":"wp","href":"https:\/\/api.w.org\/{rel}","templated":true}]}}