{"id":2522,"date":"2026-03-16T20:09:34","date_gmt":"2026-03-16T20:09:34","guid":{"rendered":"https:\/\/www.sebastien-auziere.fr\/blog\/?p=2522"},"modified":"2026-03-16T20:10:03","modified_gmt":"2026-03-16T20:10:03","slug":"jair-bolsonaro-hospitalizado-en-cuidados-intensivos-el-expresidente-brasileno-que-insulto-a-brigitte-macron-esta-en-reanimacion","status":"publish","type":"post","link":"https:\/\/www.sebastien-auziere.fr\/blog\/es\/jair-bolsonaro-hospitalizado-en-cuidados-intensivos-el-expresidente-brasileno-que-insulto-a-brigitte-macron-esta-en-reanimacion\/","title":{"rendered":"Jair Bolsonaro hospitalizado en cuidados intensivos: el expresidente brasile\u00f1o que insult\u00f3 a Brigitte Macron est\u00e1 en reanimaci\u00f3n"},"content":{"rendered":"<p><em>Publicada el 16 de marzo de 2026 \u2014 Actualizada con los \u00faltimos boletines m\u00e9dicos.<\/em><\/p>\n<p>Condenado a 27 a\u00f1os de prisi\u00f3n por intento de golpe de estado, Jair Bolsonaro, el ex presidente brasile\u00f1o conocido especialmente por haber <strong>insultado a Brigitte Macron<\/strong>, fue ingresado de urgencia el 13 de marzo de 2026 tras un malestar en su celda. Internado en cuidados intensivos en la cl\u00ednica privada DF Star de Brasilia, sufre de <strong>bronconeumon\u00eda bacteriana<\/strong>. Aqu\u00ed est\u00e1 el informe completo sobre su estado de salud al 16 de marzo.<\/p>\n<h2>Un malestar brusco en su celda el 13 de marzo<\/h2>\n<p>Es desde el complejo penitenciario de Papuda, en Brasilia, donde ha estado encarcelado desde el 8 de noviembre de 2025, que Jair Bolsonaro sufri\u00f3 un malestar en la ma\u00f1ana del viernes 13 de marzo. Su esposa Michelle Bolsonaro fue la primera en alertar a la opini\u00f3n p\u00fablica a trav\u00e9s de Instagram, detallando los s\u00edntomas que aparecieron de forma brusca: <strong>fiebre alta, ca\u00edda en la saturaci\u00f3n de ox\u00edgeno, sudoraci\u00f3n abundante y escalofr\u00edos<\/strong>.<\/p>\n<p>R\u00e1pidamente atendido por el personal penitenciario, el ex jefe de Estado de 70 a\u00f1os fue transferido de urgencia a la <strong>cl\u00ednica privada DF Star de Brasilia<\/strong>, donde los ex\u00e1menes confirmaron un diagn\u00f3stico de bronconeumon\u00eda. Fue inmediatamente colocado en la unidad de cuidados intensivos.<\/p>\n<h2>Un estado estable pero preocupante<\/h2>\n<p>Seg\u00fan los boletines m\u00e9dicos sucesivos publicados desde su ingreso, el estado de Jair Bolsonaro es <strong>cl\u00ednicamente estable<\/strong>, pero los m\u00e9dicos han se\u00f1alado varias se\u00f1ales inquietantes:<\/p>\n<ul>\n<li>Deterioro de la <strong>funci\u00f3n renal<\/strong> observado el 14 de marzo<\/li>\n<li>Elevaci\u00f3n de los <strong>marcadores inflamatorios<\/strong><\/li>\n<li>Refuerzo del <strong>tratamiento antibi\u00f3tico<\/strong> para combatir la neumon\u00eda bacteriana<\/li>\n<li>Signos de mejor\u00eda progresiva a partir del 15 de marzo (tercer d\u00eda en cuidados intensivos)<\/li>\n<\/ul>\n<p style=\"background:#fff8e1;border-left:4px solid #f9a825;padding:12px 16px;margin:16px 0\"><strong>\ud83d\udccb \u00daltima actualizaci\u00f3n (16 de marzo):<\/strong> El hospital indic\u00f3 que el estado de Bolsonaro se ha estabilizado y que su funci\u00f3n renal ha mostrado signos de mejor\u00eda. Sin embargo, los m\u00e9dicos han mantenido el refuerzo del tratamiento antibi\u00f3tico.<\/p>\n<h2>Las secuelas de la pu\u00f1alada de 2018, causa directa<\/h2>\n<p>La infecci\u00f3n pulmonar no es una casualidad. Es la consecuencia directa de un <strong>episodio de broncoaspiraci\u00f3n<\/strong>, un trastorno recurrente del cual Bolsonaro ha sufrido desde 2018. Ese a\u00f1o, en plena campa\u00f1a electoral, recibi\u00f3 un <strong>pu\u00f1al en el abdomen<\/strong> durante un mitin en Juiz de Fora. Sali\u00f3 con vida de esta agresi\u00f3n, pero tuvo que someterse a numerosas operaciones quir\u00fargicas en los meses y a\u00f1os siguientes.<\/p>\n<p>Desde entonces, el ex presidente se ha debilitado de forma permanente: sufre regularmente de <strong>crisis de hipo y v\u00f3mitos<\/strong> que pueden durar varios d\u00edas \u2014 s\u00edntomas que sus m\u00e9dicos identifican como la causa directa de la neumon\u00eda actual. En diciembre de 2025, ya hab\u00eda sido hospitalizado por una hernia inguinal, una operaci\u00f3n calificada de \u00e9xito por su entorno.<\/p>\n<h2>Sigue entre rejas a pesar de las solicitudes de su familia<\/h2>\n<p>Su hijo mayor Flavio Bolsonaro, candidato a las elecciones presidenciales de octubre de 2026, no ha ocultado su enojo desde la hospitalizaci\u00f3n de su padre. <em>\u00abEst\u00e1n jugando con la vida de mi padre\u00bb<\/em>, declar\u00f3 a los periodistas. <em>\u00abDeber\u00eda beneficiarse al menos de un arresto domiciliario, para ser atendido continuamente junto a su familia. Donde se encuentra, su estado de salud tiende a empeorar.\u00bb<\/em><\/p>\n<p>La <strong>Corte Suprema brasile\u00f1a<\/strong> ha rechazado en varias ocasiones las solicitudes de la defensa para permitir que Bolsonaro cumpla su condena en casa. Una vez restablecido, el ex presidente deber\u00e1 reintegrarse a su celda en el complejo de Papuda \u2014 un espacio de 65 m\u00b2 adaptado para cuatro personas, con cocina, televisi\u00f3n, cama doble y espacio exterior privado.<\/p>\n<h2>Un contexto pol\u00edtico tenso<\/h2>\n<p>Esta hospitalizaci\u00f3n ocurre en un contexto pol\u00edtico particularmente cargado en Brasil. Condenado en septiembre de 2025 a 27 a\u00f1os de prisi\u00f3n por intentar mantenerse ilegalmente en el poder tras su derrota en las elecciones de 2022 ante Luiz In\u00e1cio Lula da Silva, Bolsonaro sigue siendo una figura central de la derecha brasile\u00f1a. Brasil celebrar\u00e1 elecciones presidenciales en octubre de 2026, y seg\u00fan las \u00faltimas encuestas del instituto Datafolha, su hijo Flavio Bolsonaro y el presidente Lula est\u00e1n codo a codo en la hip\u00f3tesis de una segunda vuelta.<\/p>\n<p>El estado de salud del ex presidente podr\u00eda, adem\u00e1s, influir en las modalidades de su detenci\u00f3n, seg\u00fan algunos observadores judiciales brasile\u00f1os.<\/p>\n<h2>Recordatorio: el insulto a Brigitte Macron<\/h2>\n<p>Jair Bolsonaro es conocido en Francia por una pol\u00e9mica que ha perdurado en la memoria: en 2019, en las redes sociales, comparti\u00f3 un comentario de un internauta que comparaba a Brigitte Macron con Emmanuel Macron, insinuando que la Primera dama francesa era menos atractiva que su propia esposa Michelle. Lejos de disculparse, Bolsonaro asumi\u00f3 sus declaraciones, provocando una fuerte tensi\u00f3n diplom\u00e1tica entre Brasilia y Par\u00eds.<\/p>\n<p>{<br \/>\n  \u00ab\u00a0@context\u00a0\u00bb: \u00ab\u00a0https:\/\/schema.org\u00a0\u00bb,<br \/>\n  \u00ab\u00a0@type\u00a0\u00bb: \u00ab\u00a0Article\u00a0\u00bb,<br \/>\n  \u00ab\u00a0headline\u00a0\u00bb: \u00ab\u00a0Jair Bolsonaro hospitalizado en cuidados intensivos: el ex presidente brasile\u00f1o que insult\u00f3 a Brigitte Macron ingresado en reanimaci\u00f3n\u00a0\u00bb,<br \/>\n  \u00ab\u00a0description\u00a0\u00bb: \u00ab\u00a0Jair Bolsonaro, condenado a 27 a\u00f1os de prisi\u00f3n y ex presidente brasile\u00f1o, fue ingresado de urgencia el 13 de marzo de 2026 tras un malestar en la celda. Cuidados intensivos, bronconeumon\u00eda, estado al 16 de marzo.\u00a0\u00bb,<br \/>\n  \u00ab\u00a0inLanguage\u00a0\u00bb: \u00ab\u00a0es\u00a0\u00bb,<br \/>\n  \u00ab\u00a0datePublished\u00a0\u00bb: \u00ab\u00a02026-03-16\u00a0\u00bb,<br \/>\n  \u00ab\u00a0dateModified\u00a0\u00bb: \u00ab\u00a02026-03-16\u00a0\u00bb<br \/>\n}<\/p>\n","protected":false},"excerpt":{"rendered":"<p>Publicada el 16 de marzo de 2026 \u2014 Actualizada con los \u00faltimos boletines m\u00e9dicos. Condenado a 27 a\u00f1os de prisi\u00f3n por intento de golpe de estado, Jair Bolsonaro, el ex presidente brasile\u00f1o conocido especialmente por haber insultado a Brigitte Macron, fue ingresado de urgencia el 13 de marzo de 2026 tras un malestar en su &#8230; <a title=\"Jair Bolsonaro hospitalizado en cuidados intensivos: el expresidente brasile\u00f1o que insult\u00f3 a Brigitte Macron est\u00e1 en reanimaci\u00f3n\" class=\"read-more\" href=\"https:\/\/www.sebastien-auziere.fr\/blog\/es\/jair-bolsonaro-hospitalizado-en-cuidados-intensivos-el-expresidente-brasileno-que-insulto-a-brigitte-macron-esta-en-reanimacion\/\" aria-label=\"En savoir plus sur Jair Bolsonaro hospitalizado en cuidados intensivos: el expresidente brasile\u00f1o que insult\u00f3 a Brigitte Macron est\u00e1 en reanimaci\u00f3n\">Lire plus<\/a><\/p>\n","protected":false},"author":4,"featured_media":2517,"comment_status":"open","ping_status":"open","sticky":false,"template":"","format":"standard","meta":{"footnotes":""},"categories":[820],"tags":[],"class_list":["post-2522","post","type-post","status-publish","format-standard","has-post-thumbnail","hentry","category-actualidades-es"],"yoast_head":"<!-- This site is optimized with the Yoast SEO plugin v27.5 - https:\/\/yoast.com\/product\/yoast-seo-wordpress\/ -->\n<title>Bolsonaro hospitalis\u00e9 : l&#039;ex-pr\u00e9sident qui avait insult\u00e9 Brigitte Macron en soins intensifs<\/title>\n<meta name=\"description\" content=\"Jair Bolsonaro, l&#039;ancien pr\u00e9sident br\u00e9silien qui avait insult\u00e9 Brigitte Macron, est hospitalis\u00e9 en soins intensifs depuis le 13 mars 2026. Bronchopneumonie, d\u00e9t\u00e9rioration r\u00e9nale : point complet sur son \u00e9tat de sant\u00e9.\" \/>\n<meta name=\"robots\" content=\"index, follow, max-snippet:-1, max-image-preview:large, max-video-preview:-1\" \/>\n<link rel=\"canonical\" href=\"https:\/\/www.sebastien-auziere.fr\/blog\/es\/jair-bolsonaro-hospitalizado-en-cuidados-intensivos-el-expresidente-brasileno-que-insulto-a-brigitte-macron-esta-en-reanimacion\/\" \/>\n<meta property=\"og:locale\" content=\"fr_FR\" \/>\n<meta property=\"og:type\" content=\"article\" \/>\n<meta property=\"og:title\" content=\"Bolsonaro hospitalis\u00e9 : l&#039;ex-pr\u00e9sident qui avait insult\u00e9 Brigitte Macron en soins intensifs\" \/>\n<meta property=\"og:description\" content=\"Jair Bolsonaro, l&#039;ancien pr\u00e9sident br\u00e9silien qui avait insult\u00e9 Brigitte Macron, est hospitalis\u00e9 en soins intensifs depuis le 13 mars 2026. Bronchopneumonie, d\u00e9t\u00e9rioration r\u00e9nale : point complet sur son \u00e9tat de sant\u00e9.\" \/>\n<meta property=\"og:url\" content=\"https:\/\/www.sebastien-auziere.fr\/blog\/es\/jair-bolsonaro-hospitalizado-en-cuidados-intensivos-el-expresidente-brasileno-que-insulto-a-brigitte-macron-esta-en-reanimacion\/\" \/>\n<meta property=\"og:site_name\" content=\"Fan site S\u00e9bastien Auzi\u00e8re\" \/>\n<meta property=\"article:published_time\" content=\"2026-03-16T20:09:34+00:00\" \/>\n<meta property=\"article:modified_time\" content=\"2026-03-16T20:10:03+00:00\" \/>\n<meta property=\"og:image\" content=\"https:\/\/www.sebastien-auziere.fr\/blog\/wp-content\/uploads\/2026\/03\/Capture-decran-2026-03-16-210521.png\" \/>\n\t<meta property=\"og:image:width\" content=\"566\" \/>\n\t<meta property=\"og:image:height\" content=\"377\" \/>\n\t<meta property=\"og:image:type\" content=\"image\/png\" \/>\n<meta name=\"author\" content=\"Celine\" \/>\n<meta name=\"twitter:card\" content=\"summary_large_image\" \/>\n<meta name=\"twitter:label1\" content=\"\u00c9crit par\" \/>\n\t<meta name=\"twitter:data1\" content=\"Celine\" \/>\n\t<meta name=\"twitter:label2\" content=\"Dur\u00e9e de lecture estim\u00e9e\" \/>\n\t<meta name=\"twitter:data2\" content=\"4 minutes\" \/>\n<script type=\"application\/ld+json\" class=\"yoast-schema-graph\">{\"@context\":\"https:\\\/\\\/schema.org\",\"@graph\":[{\"@type\":\"Article\",\"@id\":\"https:\\\/\\\/www.sebastien-auziere.fr\\\/blog\\\/es\\\/jair-bolsonaro-hospitalizado-en-cuidados-intensivos-el-expresidente-brasileno-que-insulto-a-brigitte-macron-esta-en-reanimacion\\\/#article\",\"isPartOf\":{\"@id\":\"https:\\\/\\\/www.sebastien-auziere.fr\\\/blog\\\/es\\\/jair-bolsonaro-hospitalizado-en-cuidados-intensivos-el-expresidente-brasileno-que-insulto-a-brigitte-macron-esta-en-reanimacion\\\/\"},\"author\":{\"name\":\"Celine\",\"@id\":\"https:\\\/\\\/www.sebastien-auziere.fr\\\/blog\\\/#\\\/schema\\\/person\\\/1e270a963009242469ed08b1c461f81f\"},\"headline\":\"Jair Bolsonaro hospitalizado en cuidados intensivos: el expresidente brasile\u00f1o que insult\u00f3 a Brigitte Macron est\u00e1 en reanimaci\u00f3n\",\"datePublished\":\"2026-03-16T20:09:34+00:00\",\"dateModified\":\"2026-03-16T20:10:03+00:00\",\"mainEntityOfPage\":{\"@id\":\"https:\\\/\\\/www.sebastien-auziere.fr\\\/blog\\\/es\\\/jair-bolsonaro-hospitalizado-en-cuidados-intensivos-el-expresidente-brasileno-que-insulto-a-brigitte-macron-esta-en-reanimacion\\\/\"},\"wordCount\":906,\"commentCount\":0,\"publisher\":{\"@id\":\"https:\\\/\\\/www.sebastien-auziere.fr\\\/blog\\\/#organization\"},\"image\":{\"@id\":\"https:\\\/\\\/www.sebastien-auziere.fr\\\/blog\\\/es\\\/jair-bolsonaro-hospitalizado-en-cuidados-intensivos-el-expresidente-brasileno-que-insulto-a-brigitte-macron-esta-en-reanimacion\\\/#primaryimage\"},\"thumbnailUrl\":\"https:\\\/\\\/www.sebastien-auziere.fr\\\/blog\\\/wp-content\\\/uploads\\\/2026\\\/03\\\/Capture-decran-2026-03-16-210521.png\",\"articleSection\":[\"Actualidades\"],\"inLanguage\":\"fr-FR\",\"potentialAction\":[{\"@type\":\"CommentAction\",\"name\":\"Comment\",\"target\":[\"https:\\\/\\\/www.sebastien-auziere.fr\\\/blog\\\/es\\\/jair-bolsonaro-hospitalizado-en-cuidados-intensivos-el-expresidente-brasileno-que-insulto-a-brigitte-macron-esta-en-reanimacion\\\/#respond\"]}]},{\"@type\":\"WebPage\",\"@id\":\"https:\\\/\\\/www.sebastien-auziere.fr\\\/blog\\\/es\\\/jair-bolsonaro-hospitalizado-en-cuidados-intensivos-el-expresidente-brasileno-que-insulto-a-brigitte-macron-esta-en-reanimacion\\\/\",\"url\":\"https:\\\/\\\/www.sebastien-auziere.fr\\\/blog\\\/es\\\/jair-bolsonaro-hospitalizado-en-cuidados-intensivos-el-expresidente-brasileno-que-insulto-a-brigitte-macron-esta-en-reanimacion\\\/\",\"name\":\"Bolsonaro hospitalis\u00e9 : l'ex-pr\u00e9sident qui avait insult\u00e9 Brigitte Macron en soins intensifs\",\"isPartOf\":{\"@id\":\"https:\\\/\\\/www.sebastien-auziere.fr\\\/blog\\\/#website\"},\"primaryImageOfPage\":{\"@id\":\"https:\\\/\\\/www.sebastien-auziere.fr\\\/blog\\\/es\\\/jair-bolsonaro-hospitalizado-en-cuidados-intensivos-el-expresidente-brasileno-que-insulto-a-brigitte-macron-esta-en-reanimacion\\\/#primaryimage\"},\"image\":{\"@id\":\"https:\\\/\\\/www.sebastien-auziere.fr\\\/blog\\\/es\\\/jair-bolsonaro-hospitalizado-en-cuidados-intensivos-el-expresidente-brasileno-que-insulto-a-brigitte-macron-esta-en-reanimacion\\\/#primaryimage\"},\"thumbnailUrl\":\"https:\\\/\\\/www.sebastien-auziere.fr\\\/blog\\\/wp-content\\\/uploads\\\/2026\\\/03\\\/Capture-decran-2026-03-16-210521.png\",\"datePublished\":\"2026-03-16T20:09:34+00:00\",\"dateModified\":\"2026-03-16T20:10:03+00:00\",\"description\":\"Jair Bolsonaro, l'ancien pr\u00e9sident br\u00e9silien qui avait insult\u00e9 Brigitte Macron, est hospitalis\u00e9 en soins intensifs depuis le 13 mars 2026. Bronchopneumonie, d\u00e9t\u00e9rioration r\u00e9nale : point complet sur son \u00e9tat de sant\u00e9.\",\"breadcrumb\":{\"@id\":\"https:\\\/\\\/www.sebastien-auziere.fr\\\/blog\\\/es\\\/jair-bolsonaro-hospitalizado-en-cuidados-intensivos-el-expresidente-brasileno-que-insulto-a-brigitte-macron-esta-en-reanimacion\\\/#breadcrumb\"},\"inLanguage\":\"fr-FR\",\"potentialAction\":[{\"@type\":\"ReadAction\",\"target\":[\"https:\\\/\\\/www.sebastien-auziere.fr\\\/blog\\\/es\\\/jair-bolsonaro-hospitalizado-en-cuidados-intensivos-el-expresidente-brasileno-que-insulto-a-brigitte-macron-esta-en-reanimacion\\\/\"]}]},{\"@type\":\"ImageObject\",\"inLanguage\":\"fr-FR\",\"@id\":\"https:\\\/\\\/www.sebastien-auziere.fr\\\/blog\\\/es\\\/jair-bolsonaro-hospitalizado-en-cuidados-intensivos-el-expresidente-brasileno-que-insulto-a-brigitte-macron-esta-en-reanimacion\\\/#primaryimage\",\"url\":\"https:\\\/\\\/www.sebastien-auziere.fr\\\/blog\\\/wp-content\\\/uploads\\\/2026\\\/03\\\/Capture-decran-2026-03-16-210521.png\",\"contentUrl\":\"https:\\\/\\\/www.sebastien-auziere.fr\\\/blog\\\/wp-content\\\/uploads\\\/2026\\\/03\\\/Capture-decran-2026-03-16-210521.png\",\"width\":566,\"height\":377,\"caption\":\"Bolsonaro hospitalis\u00e9 : l'ex-pr\u00e9sident qui avait insult\u00e9 Brigitte Macron en soins intensifs\"},{\"@type\":\"BreadcrumbList\",\"@id\":\"https:\\\/\\\/www.sebastien-auziere.fr\\\/blog\\\/es\\\/jair-bolsonaro-hospitalizado-en-cuidados-intensivos-el-expresidente-brasileno-que-insulto-a-brigitte-macron-esta-en-reanimacion\\\/#breadcrumb\",\"itemListElement\":[{\"@type\":\"ListItem\",\"position\":1,\"name\":\"Home\",\"item\":\"https:\\\/\\\/www.sebastien-auziere.fr\\\/blog\\\/\"},{\"@type\":\"ListItem\",\"position\":2,\"name\":\"Jair Bolsonaro hospitalizado en cuidados intensivos: el expresidente brasile\u00f1o que insult\u00f3 a Brigitte Macron est\u00e1 en reanimaci\u00f3n\"}]},{\"@type\":\"WebSite\",\"@id\":\"https:\\\/\\\/www.sebastien-auziere.fr\\\/blog\\\/#website\",\"url\":\"https:\\\/\\\/www.sebastien-auziere.fr\\\/blog\\\/\",\"name\":\"Fan site S\u00e9bastien Auzi\u00e8re\",\"description\":\"M\u00e9dia g\u00e9n\u00e9raliste\",\"publisher\":{\"@id\":\"https:\\\/\\\/www.sebastien-auziere.fr\\\/blog\\\/#organization\"},\"potentialAction\":[{\"@type\":\"SearchAction\",\"target\":{\"@type\":\"EntryPoint\",\"urlTemplate\":\"https:\\\/\\\/www.sebastien-auziere.fr\\\/blog\\\/?s={search_term_string}\"},\"query-input\":{\"@type\":\"PropertyValueSpecification\",\"valueRequired\":true,\"valueName\":\"search_term_string\"}}],\"inLanguage\":\"fr-FR\"},{\"@type\":\"Organization\",\"@id\":\"https:\\\/\\\/www.sebastien-auziere.fr\\\/blog\\\/#organization\",\"name\":\"Fan site S\u00e9bastien Auzi\u00e8re\",\"url\":\"https:\\\/\\\/www.sebastien-auziere.fr\\\/blog\\\/\",\"logo\":{\"@type\":\"ImageObject\",\"inLanguage\":\"fr-FR\",\"@id\":\"https:\\\/\\\/www.sebastien-auziere.fr\\\/blog\\\/#\\\/schema\\\/logo\\\/image\\\/\",\"url\":\"https:\\\/\\\/www.sebastien-auziere.fr\\\/blog\\\/wp-content\\\/uploads\\\/2026\\\/03\\\/cropped-cropped-cropped-ChatGPT-Image-6-mars-2026-12_58_09-e1772798376794.jpg\",\"contentUrl\":\"https:\\\/\\\/www.sebastien-auziere.fr\\\/blog\\\/wp-content\\\/uploads\\\/2026\\\/03\\\/cropped-cropped-cropped-ChatGPT-Image-6-mars-2026-12_58_09-e1772798376794.jpg\",\"width\":512,\"height\":360,\"caption\":\"Fan site S\u00e9bastien Auzi\u00e8re\"},\"image\":{\"@id\":\"https:\\\/\\\/www.sebastien-auziere.fr\\\/blog\\\/#\\\/schema\\\/logo\\\/image\\\/\"}},{\"@type\":\"Person\",\"@id\":\"https:\\\/\\\/www.sebastien-auziere.fr\\\/blog\\\/#\\\/schema\\\/person\\\/1e270a963009242469ed08b1c461f81f\",\"name\":\"Celine\",\"image\":{\"@type\":\"ImageObject\",\"inLanguage\":\"fr-FR\",\"@id\":\"https:\\\/\\\/secure.gravatar.com\\\/avatar\\\/c88d569fbe1fe19a13c7f21ee0f8973822df96073df21850b95af6a09ba820c9?s=96&d=mm&r=g\",\"url\":\"https:\\\/\\\/secure.gravatar.com\\\/avatar\\\/c88d569fbe1fe19a13c7f21ee0f8973822df96073df21850b95af6a09ba820c9?s=96&d=mm&r=g\",\"contentUrl\":\"https:\\\/\\\/secure.gravatar.com\\\/avatar\\\/c88d569fbe1fe19a13c7f21ee0f8973822df96073df21850b95af6a09ba820c9?s=96&d=mm&r=g\",\"caption\":\"Celine\"},\"description\":\"Je m'appelle C\u00e9line, j'ai 31 ans et je suis journaliste sp\u00e9cialis\u00e9e dans le cin\u00e9ma. Passionn\u00e9e par le septi\u00e8me art, j'explore les actualit\u00e9s, les critiques et les tendances du monde cin\u00e9matographique. Mon objectif est de partager ma passion et d'informer les amateurs de films \u00e0 travers des articles percutants et des analyses approfondies.\",\"url\":\"https:\\\/\\\/www.sebastien-auziere.fr\\\/blog\\\/author\\\/celine\\\/\"}]}<\/script>\n<!-- \/ Yoast SEO plugin. -->","yoast_head_json":{"title":"Bolsonaro hospitalis\u00e9 : l'ex-pr\u00e9sident qui avait insult\u00e9 Brigitte Macron en soins intensifs","description":"Jair Bolsonaro, l'ancien pr\u00e9sident br\u00e9silien qui avait insult\u00e9 Brigitte Macron, est hospitalis\u00e9 en soins intensifs depuis le 13 mars 2026. Bronchopneumonie, d\u00e9t\u00e9rioration r\u00e9nale : point complet sur son \u00e9tat de sant\u00e9.","robots":{"index":"index","follow":"follow","max-snippet":"max-snippet:-1","max-image-preview":"max-image-preview:large","max-video-preview":"max-video-preview:-1"},"canonical":"https:\/\/www.sebastien-auziere.fr\/blog\/es\/jair-bolsonaro-hospitalizado-en-cuidados-intensivos-el-expresidente-brasileno-que-insulto-a-brigitte-macron-esta-en-reanimacion\/","og_locale":"fr_FR","og_type":"article","og_title":"Bolsonaro hospitalis\u00e9 : l'ex-pr\u00e9sident qui avait insult\u00e9 Brigitte Macron en soins intensifs","og_description":"Jair Bolsonaro, l'ancien pr\u00e9sident br\u00e9silien qui avait insult\u00e9 Brigitte Macron, est hospitalis\u00e9 en soins intensifs depuis le 13 mars 2026. Bronchopneumonie, d\u00e9t\u00e9rioration r\u00e9nale : point complet sur son \u00e9tat de sant\u00e9.","og_url":"https:\/\/www.sebastien-auziere.fr\/blog\/es\/jair-bolsonaro-hospitalizado-en-cuidados-intensivos-el-expresidente-brasileno-que-insulto-a-brigitte-macron-esta-en-reanimacion\/","og_site_name":"Fan site S\u00e9bastien Auzi\u00e8re","article_published_time":"2026-03-16T20:09:34+00:00","article_modified_time":"2026-03-16T20:10:03+00:00","og_image":[{"width":566,"height":377,"url":"https:\/\/www.sebastien-auziere.fr\/blog\/wp-content\/uploads\/2026\/03\/Capture-decran-2026-03-16-210521.png","type":"image\/png"}],"author":"Celine","twitter_card":"summary_large_image","twitter_misc":{"\u00c9crit par":"Celine","Dur\u00e9e de lecture estim\u00e9e":"4 minutes"},"schema":{"@context":"https:\/\/schema.org","@graph":[{"@type":"Article","@id":"https:\/\/www.sebastien-auziere.fr\/blog\/es\/jair-bolsonaro-hospitalizado-en-cuidados-intensivos-el-expresidente-brasileno-que-insulto-a-brigitte-macron-esta-en-reanimacion\/#article","isPartOf":{"@id":"https:\/\/www.sebastien-auziere.fr\/blog\/es\/jair-bolsonaro-hospitalizado-en-cuidados-intensivos-el-expresidente-brasileno-que-insulto-a-brigitte-macron-esta-en-reanimacion\/"},"author":{"name":"Celine","@id":"https:\/\/www.sebastien-auziere.fr\/blog\/#\/schema\/person\/1e270a963009242469ed08b1c461f81f"},"headline":"Jair Bolsonaro hospitalizado en cuidados intensivos: el expresidente brasile\u00f1o que insult\u00f3 a Brigitte Macron est\u00e1 en reanimaci\u00f3n","datePublished":"2026-03-16T20:09:34+00:00","dateModified":"2026-03-16T20:10:03+00:00","mainEntityOfPage":{"@id":"https:\/\/www.sebastien-auziere.fr\/blog\/es\/jair-bolsonaro-hospitalizado-en-cuidados-intensivos-el-expresidente-brasileno-que-insulto-a-brigitte-macron-esta-en-reanimacion\/"},"wordCount":906,"commentCount":0,"publisher":{"@id":"https:\/\/www.sebastien-auziere.fr\/blog\/#organization"},"image":{"@id":"https:\/\/www.sebastien-auziere.fr\/blog\/es\/jair-bolsonaro-hospitalizado-en-cuidados-intensivos-el-expresidente-brasileno-que-insulto-a-brigitte-macron-esta-en-reanimacion\/#primaryimage"},"thumbnailUrl":"https:\/\/www.sebastien-auziere.fr\/blog\/wp-content\/uploads\/2026\/03\/Capture-decran-2026-03-16-210521.png","articleSection":["Actualidades"],"inLanguage":"fr-FR","potentialAction":[{"@type":"CommentAction","name":"Comment","target":["https:\/\/www.sebastien-auziere.fr\/blog\/es\/jair-bolsonaro-hospitalizado-en-cuidados-intensivos-el-expresidente-brasileno-que-insulto-a-brigitte-macron-esta-en-reanimacion\/#respond"]}]},{"@type":"WebPage","@id":"https:\/\/www.sebastien-auziere.fr\/blog\/es\/jair-bolsonaro-hospitalizado-en-cuidados-intensivos-el-expresidente-brasileno-que-insulto-a-brigitte-macron-esta-en-reanimacion\/","url":"https:\/\/www.sebastien-auziere.fr\/blog\/es\/jair-bolsonaro-hospitalizado-en-cuidados-intensivos-el-expresidente-brasileno-que-insulto-a-brigitte-macron-esta-en-reanimacion\/","name":"Bolsonaro hospitalis\u00e9 : l'ex-pr\u00e9sident qui avait insult\u00e9 Brigitte Macron en soins intensifs","isPartOf":{"@id":"https:\/\/www.sebastien-auziere.fr\/blog\/#website"},"primaryImageOfPage":{"@id":"https:\/\/www.sebastien-auziere.fr\/blog\/es\/jair-bolsonaro-hospitalizado-en-cuidados-intensivos-el-expresidente-brasileno-que-insulto-a-brigitte-macron-esta-en-reanimacion\/#primaryimage"},"image":{"@id":"https:\/\/www.sebastien-auziere.fr\/blog\/es\/jair-bolsonaro-hospitalizado-en-cuidados-intensivos-el-expresidente-brasileno-que-insulto-a-brigitte-macron-esta-en-reanimacion\/#primaryimage"},"thumbnailUrl":"https:\/\/www.sebastien-auziere.fr\/blog\/wp-content\/uploads\/2026\/03\/Capture-decran-2026-03-16-210521.png","datePublished":"2026-03-16T20:09:34+00:00","dateModified":"2026-03-16T20:10:03+00:00","description":"Jair Bolsonaro, l'ancien pr\u00e9sident br\u00e9silien qui avait insult\u00e9 Brigitte Macron, est hospitalis\u00e9 en soins intensifs depuis le 13 mars 2026. Bronchopneumonie, d\u00e9t\u00e9rioration r\u00e9nale : point complet sur son \u00e9tat de sant\u00e9.","breadcrumb":{"@id":"https:\/\/www.sebastien-auziere.fr\/blog\/es\/jair-bolsonaro-hospitalizado-en-cuidados-intensivos-el-expresidente-brasileno-que-insulto-a-brigitte-macron-esta-en-reanimacion\/#breadcrumb"},"inLanguage":"fr-FR","potentialAction":[{"@type":"ReadAction","target":["https:\/\/www.sebastien-auziere.fr\/blog\/es\/jair-bolsonaro-hospitalizado-en-cuidados-intensivos-el-expresidente-brasileno-que-insulto-a-brigitte-macron-esta-en-reanimacion\/"]}]},{"@type":"ImageObject","inLanguage":"fr-FR","@id":"https:\/\/www.sebastien-auziere.fr\/blog\/es\/jair-bolsonaro-hospitalizado-en-cuidados-intensivos-el-expresidente-brasileno-que-insulto-a-brigitte-macron-esta-en-reanimacion\/#primaryimage","url":"https:\/\/www.sebastien-auziere.fr\/blog\/wp-content\/uploads\/2026\/03\/Capture-decran-2026-03-16-210521.png","contentUrl":"https:\/\/www.sebastien-auziere.fr\/blog\/wp-content\/uploads\/2026\/03\/Capture-decran-2026-03-16-210521.png","width":566,"height":377,"caption":"Bolsonaro hospitalis\u00e9 : l'ex-pr\u00e9sident qui avait insult\u00e9 Brigitte Macron en soins intensifs"},{"@type":"BreadcrumbList","@id":"https:\/\/www.sebastien-auziere.fr\/blog\/es\/jair-bolsonaro-hospitalizado-en-cuidados-intensivos-el-expresidente-brasileno-que-insulto-a-brigitte-macron-esta-en-reanimacion\/#breadcrumb","itemListElement":[{"@type":"ListItem","position":1,"name":"Home","item":"https:\/\/www.sebastien-auziere.fr\/blog\/"},{"@type":"ListItem","position":2,"name":"Jair Bolsonaro hospitalizado en cuidados intensivos: el expresidente brasile\u00f1o que insult\u00f3 a Brigitte Macron est\u00e1 en reanimaci\u00f3n"}]},{"@type":"WebSite","@id":"https:\/\/www.sebastien-auziere.fr\/blog\/#website","url":"https:\/\/www.sebastien-auziere.fr\/blog\/","name":"Fan site S\u00e9bastien Auzi\u00e8re","description":"M\u00e9dia g\u00e9n\u00e9raliste","publisher":{"@id":"https:\/\/www.sebastien-auziere.fr\/blog\/#organization"},"potentialAction":[{"@type":"SearchAction","target":{"@type":"EntryPoint","urlTemplate":"https:\/\/www.sebastien-auziere.fr\/blog\/?s={search_term_string}"},"query-input":{"@type":"PropertyValueSpecification","valueRequired":true,"valueName":"search_term_string"}}],"inLanguage":"fr-FR"},{"@type":"Organization","@id":"https:\/\/www.sebastien-auziere.fr\/blog\/#organization","name":"Fan site S\u00e9bastien Auzi\u00e8re","url":"https:\/\/www.sebastien-auziere.fr\/blog\/","logo":{"@type":"ImageObject","inLanguage":"fr-FR","@id":"https:\/\/www.sebastien-auziere.fr\/blog\/#\/schema\/logo\/image\/","url":"https:\/\/www.sebastien-auziere.fr\/blog\/wp-content\/uploads\/2026\/03\/cropped-cropped-cropped-ChatGPT-Image-6-mars-2026-12_58_09-e1772798376794.jpg","contentUrl":"https:\/\/www.sebastien-auziere.fr\/blog\/wp-content\/uploads\/2026\/03\/cropped-cropped-cropped-ChatGPT-Image-6-mars-2026-12_58_09-e1772798376794.jpg","width":512,"height":360,"caption":"Fan site S\u00e9bastien Auzi\u00e8re"},"image":{"@id":"https:\/\/www.sebastien-auziere.fr\/blog\/#\/schema\/logo\/image\/"}},{"@type":"Person","@id":"https:\/\/www.sebastien-auziere.fr\/blog\/#\/schema\/person\/1e270a963009242469ed08b1c461f81f","name":"Celine","image":{"@type":"ImageObject","inLanguage":"fr-FR","@id":"https:\/\/secure.gravatar.com\/avatar\/c88d569fbe1fe19a13c7f21ee0f8973822df96073df21850b95af6a09ba820c9?s=96&d=mm&r=g","url":"https:\/\/secure.gravatar.com\/avatar\/c88d569fbe1fe19a13c7f21ee0f8973822df96073df21850b95af6a09ba820c9?s=96&d=mm&r=g","contentUrl":"https:\/\/secure.gravatar.com\/avatar\/c88d569fbe1fe19a13c7f21ee0f8973822df96073df21850b95af6a09ba820c9?s=96&d=mm&r=g","caption":"Celine"},"description":"Je m'appelle C\u00e9line, j'ai 31 ans et je suis journaliste sp\u00e9cialis\u00e9e dans le cin\u00e9ma. Passionn\u00e9e par le septi\u00e8me art, j'explore les actualit\u00e9s, les critiques et les tendances du monde cin\u00e9matographique. Mon objectif est de partager ma passion et d'informer les amateurs de films \u00e0 travers des articles percutants et des analyses approfondies.","url":"https:\/\/www.sebastien-auziere.fr\/blog\/author\/celine\/"}]}},"views":3,"_links":{"self":[{"href":"https:\/\/www.sebastien-auziere.fr\/blog\/wp-json\/wp\/v2\/posts\/2522","targetHints":{"allow":["GET"]}}],"collection":[{"href":"https:\/\/www.sebastien-auziere.fr\/blog\/wp-json\/wp\/v2\/posts"}],"about":[{"href":"https:\/\/www.sebastien-auziere.fr\/blog\/wp-json\/wp\/v2\/types\/post"}],"author":[{"embeddable":true,"href":"https:\/\/www.sebastien-auziere.fr\/blog\/wp-json\/wp\/v2\/users\/4"}],"replies":[{"embeddable":true,"href":"https:\/\/www.sebastien-auziere.fr\/blog\/wp-json\/wp\/v2\/comments?post=2522"}],"version-history":[{"count":1,"href":"https:\/\/www.sebastien-auziere.fr\/blog\/wp-json\/wp\/v2\/posts\/2522\/revisions"}],"predecessor-version":[{"id":2523,"href":"https:\/\/www.sebastien-auziere.fr\/blog\/wp-json\/wp\/v2\/posts\/2522\/revisions\/2523"}],"wp:featuredmedia":[{"embeddable":true,"href":"https:\/\/www.sebastien-auziere.fr\/blog\/wp-json\/wp\/v2\/media\/2517"}],"wp:attachment":[{"href":"https:\/\/www.sebastien-auziere.fr\/blog\/wp-json\/wp\/v2\/media?parent=2522"}],"wp:term":[{"taxonomy":"category","embeddable":true,"href":"https:\/\/www.sebastien-auziere.fr\/blog\/wp-json\/wp\/v2\/categories?post=2522"},{"taxonomy":"post_tag","embeddable":true,"href":"https:\/\/www.sebastien-auziere.fr\/blog\/wp-json\/wp\/v2\/tags?post=2522"}],"curies":[{"name":"wp","href":"https:\/\/api.w.org\/{rel}","templated":true}]}}