{"id":2516,"date":"2026-03-16T20:08:05","date_gmt":"2026-03-16T20:08:05","guid":{"rendered":"https:\/\/www.sebastien-auziere.fr\/blog\/?p=2516"},"modified":"2026-03-16T20:08:42","modified_gmt":"2026-03-16T20:08:42","slug":"bolsonaro-hospitalise-lex-president-qui-avait-insulte-brigitte-macron-en-soins-intensifs","status":"publish","type":"post","link":"https:\/\/www.sebastien-auziere.fr\/blog\/bolsonaro-hospitalise-lex-president-qui-avait-insulte-brigitte-macron-en-soins-intensifs\/","title":{"rendered":"Jair Bolsonaro hospitalis\u00e9 en soins intensifs : l&rsquo;ancien pr\u00e9sident br\u00e9silien qui avait insult\u00e9 Brigitte Macron plac\u00e9 en r\u00e9animation"},"content":{"rendered":"<p><em>Publi\u00e9 le 16 mars 2026 \u2014 Mis \u00e0 jour avec les derniers bulletins m\u00e9dicaux.<\/em><\/p>\n<p>Condamn\u00e9 \u00e0 27 ans de prison pour tentative de coup d&rsquo;\u00c9tat, Jair Bolsonaro, l&rsquo;ancien pr\u00e9sident br\u00e9silien connu notamment pour avoir <strong>insult\u00e9 Brigitte Macron<\/strong>, a \u00e9t\u00e9 hospitalis\u00e9 en urgence le 13 mars 2026 apr\u00e8s un malaise dans sa cellule. Plac\u00e9 en soins intensifs \u00e0 la clinique priv\u00e9e DF Star de Brasilia, il souffre d&rsquo;une <strong>bronchopneumonie bact\u00e9rienne<\/strong>. Voici le point complet sur son \u00e9tat de sant\u00e9 au 16 mars.<\/p>\n<h2>Un malaise brutal dans sa cellule le 13 mars<\/h2>\n<p>C&rsquo;est depuis le complexe p\u00e9nitentiaire de Papuda, \u00e0 Brasilia, o\u00f9 il est incarc\u00e9r\u00e9 depuis le 8 novembre 2025, que Jair Bolsonaro a fait un malaise dans la matin\u00e9e du vendredi 13 mars. Son \u00e9pouse Michelle Bolsonaro a \u00e9t\u00e9 la premi\u00e8re \u00e0 alerter l&rsquo;opinion via Instagram, d\u00e9taillant les sympt\u00f4mes apparus brutalement : <strong>forte fi\u00e8vre, chute de la saturation d&rsquo;oxyg\u00e8ne, sueurs abondantes et frissons<\/strong>.<\/p>\n<p>Rapidement pris en charge par le personnel p\u00e9nitentiaire, l&rsquo;ancien chef d&rsquo;\u00c9tat de 70 ans a \u00e9t\u00e9 transf\u00e9r\u00e9 en urgence \u00e0 la <strong>clinique priv\u00e9e DF Star de Brasilia<\/strong>, o\u00f9 les examens ont confirm\u00e9 un diagnostic de bronchopneumonie. Il a \u00e9t\u00e9 imm\u00e9diatement plac\u00e9 en unit\u00e9 de soins intensifs.<\/p>\n<h2>Un \u00e9tat stable mais pr\u00e9occupant<\/h2>\n<p>Selon les bulletins m\u00e9dicaux successifs publi\u00e9s depuis son admission, l&rsquo;\u00e9tat de Jair Bolsonaro est <strong>cliniquement stable<\/strong>, mais les m\u00e9decins ont relev\u00e9 plusieurs signaux inqui\u00e9tants :<\/p>\n<ul>\n<li>D\u00e9t\u00e9rioration de la <strong>fonction r\u00e9nale<\/strong> constat\u00e9e le 14 mars<\/li>\n<li>\u00c9l\u00e9vation des <strong>marqueurs inflammatoires<\/strong><\/li>\n<li>Renforcement du <strong>traitement antibiotique<\/strong> pour combattre la pneumonie bact\u00e9rienne<\/li>\n<li>Signes d&rsquo;am\u00e9lioration progressive \u00e0 partir du 15 mars (troisi\u00e8me jour en soins intensifs)<\/li>\n<\/ul>\n<p style=\"background:#fff8e1;border-left:4px solid #f9a825;padding:12px 16px;margin:16px 0;\"><strong>\ud83d\udccb Derni\u00e8re mise \u00e0 jour (16 mars) :<\/strong> L&rsquo;h\u00f4pital a indiqu\u00e9 que l&rsquo;\u00e9tat de Bolsonaro s&rsquo;est stabilis\u00e9 et que sa fonction r\u00e9nale a montr\u00e9 des signes d&rsquo;am\u00e9lioration. Les m\u00e9decins ont n\u00e9anmoins maintenu le renforcement du traitement antibiotique.<\/p>\n<h2>Les s\u00e9quelles du coup de couteau de 2018, cause directe<\/h2>\n<p>L&rsquo;infection pulmonaire n&rsquo;est pas un hasard. Elle est la cons\u00e9quence directe d&rsquo;un <strong>\u00e9pisode de bronchoaspiration<\/strong>, un trouble r\u00e9current dont Bolsonaro souffre depuis 2018. Cette ann\u00e9e-l\u00e0, en pleine campagne \u00e9lectorale, il avait re\u00e7u un <strong>coup de couteau \u00e0 l&rsquo;abdomen<\/strong> lors d&rsquo;un meeting \u00e0 Juiz de Fora. Sorti de justesse de cette agression, il avait subi de nombreuses op\u00e9rations chirurgicales dans les mois et ann\u00e9es qui ont suivi.<\/p>\n<p>Depuis, l&rsquo;ancien pr\u00e9sident est fragilis\u00e9 de fa\u00e7on permanente : il souffre r\u00e9guli\u00e8rement de <strong>crises de hoquet et de vomissements<\/strong> pouvant durer plusieurs jours \u2014 sympt\u00f4mes que ses m\u00e9decins identifient comme la cause directe de la pneumonie actuelle. En d\u00e9cembre 2025, il avait d\u00e9j\u00e0 \u00e9t\u00e9 hospitalis\u00e9 pour une hernie inguinale, une op\u00e9ration qualifi\u00e9e de succ\u00e8s par son entourage.<\/p>\n<h2>Toujours derri\u00e8re les barreaux malgr\u00e9 les demandes de sa famille<\/h2>\n<p>Son fils a\u00een\u00e9 Flavio Bolsonaro, candidat \u00e0 l&rsquo;\u00e9lection pr\u00e9sidentielle d&rsquo;octobre 2026, n&rsquo;a pas cach\u00e9 sa col\u00e8re depuis l&rsquo;hospitalisation de son p\u00e8re. <em>\u00ab Ils sont en train de jouer avec la vie de mon p\u00e8re \u00bb<\/em>, a-t-il d\u00e9clar\u00e9 aux journalistes. <em>\u00ab Il devrait b\u00e9n\u00e9ficier au minimum d&rsquo;une assignation \u00e0 r\u00e9sidence, pour \u00eatre soign\u00e9 en permanence aupr\u00e8s de sa famille. L\u00e0 o\u00f9 il se trouve, son \u00e9tat de sant\u00e9 a tendance \u00e0 empirer. \u00bb<\/em><\/p>\n<p>La <strong>Cour supr\u00eame br\u00e9silienne<\/strong> a pourtant rejet\u00e9 \u00e0 plusieurs reprises les demandes de la d\u00e9fense visant \u00e0 permettre \u00e0 Bolsonaro de purger sa peine \u00e0 domicile. Une fois r\u00e9tabli, l&rsquo;ancien pr\u00e9sident devra donc r\u00e9int\u00e9grer sa cellule du complexe de Papuda \u2014 un espace de 65 m\u00b2 am\u00e9nag\u00e9 pour quatre personnes, avec cuisine, t\u00e9l\u00e9vision, lit double et espace ext\u00e9rieur priv\u00e9.<\/p>\n<h2>Un contexte politique tendu<\/h2>\n<p>Cette hospitalisation survient dans un contexte politique particuli\u00e8rement charg\u00e9 au Br\u00e9sil. Condamn\u00e9 en septembre 2025 \u00e0 27 ans de prison pour avoir tent\u00e9 de se maintenir ill\u00e9galement au pouvoir apr\u00e8s sa d\u00e9faite \u00e0 l&rsquo;\u00e9lection de 2022 face \u00e0 Luiz In\u00e1cio Lula da Silva, Bolsonaro reste une figure centrale de la droite br\u00e9silienne. Le Br\u00e9sil organise une \u00e9lection pr\u00e9sidentielle en octobre 2026, et selon les derniers sondages de l&rsquo;institut Datafolha, son fils Flavio Bolsonaro et le pr\u00e9sident Lula sont au coude \u00e0 coude dans l&rsquo;hypoth\u00e8se d&rsquo;un second tour.<\/p>\n<p>L&rsquo;\u00e9tat de sant\u00e9 de l&rsquo;ex-pr\u00e9sident pourrait par ailleurs influencer les modalit\u00e9s de sa d\u00e9tention, selon certains observateurs judiciaires br\u00e9siliens.<\/p>\n<h2>Rappel : l&rsquo;insulte \u00e0 Brigitte Macron<\/h2>\n<p>Jair Bolsonaro est connu en France pour une pol\u00e9mique rest\u00e9e dans les m\u00e9moires : en 2019, sur les r\u00e9seaux sociaux, il avait partag\u00e9 un commentaire d&rsquo;un internaute comparant Brigitte Macron \u00e0 Emmanuel Macron, laissant entendre que la Premi\u00e8re dame fran\u00e7aise \u00e9tait moins attrayante que sa propre \u00e9pouse Michelle. Loin de s&rsquo;excuser, Bolsonaro avait assum\u00e9 ses propos, provoquant une vive tension diplomatique entre Brasilia et Paris.<\/p>\n<p><script type=\"application\/ld+json\">\n{\n  \"@context\": \"https:\/\/schema.org\",\n  \"@type\": \"Article\",\n  \"headline\": \"Jair Bolsonaro hospitalis\u00e9 en soins intensifs : l'ancien pr\u00e9sident br\u00e9silien qui avait insult\u00e9 Brigitte Macron plac\u00e9 en r\u00e9animation\",\n  \"description\": \"Jair Bolsonaro, condamn\u00e9 \u00e0 27 ans de prison et ancien pr\u00e9sident br\u00e9silien, a \u00e9t\u00e9 hospitalis\u00e9 en urgence le 13 mars 2026 apr\u00e8s un malaise en cellule. Soins intensifs, bronchopneumonie, \u00e9tat au 16 mars.\",\n  \"inLanguage\": \"fr\",\n  \"datePublished\": \"2026-03-16\",\n  \"dateModified\": \"2026-03-16\"\n}\n<\/script><\/p>\n","protected":false},"excerpt":{"rendered":"<p>Publi\u00e9 le 16 mars 2026 \u2014 Mis \u00e0 jour avec les derniers bulletins m\u00e9dicaux. Condamn\u00e9 \u00e0 27 ans de prison pour tentative de coup d&rsquo;\u00c9tat, Jair Bolsonaro, l&rsquo;ancien pr\u00e9sident br\u00e9silien connu notamment pour avoir insult\u00e9 Brigitte Macron, a \u00e9t\u00e9 hospitalis\u00e9 en urgence le 13 mars 2026 apr\u00e8s un malaise dans sa cellule. Plac\u00e9 en soins &#8230; <a title=\"Jair Bolsonaro hospitalis\u00e9 en soins intensifs : l&rsquo;ancien pr\u00e9sident br\u00e9silien qui avait insult\u00e9 Brigitte Macron plac\u00e9 en r\u00e9animation\" class=\"read-more\" href=\"https:\/\/www.sebastien-auziere.fr\/blog\/bolsonaro-hospitalise-lex-president-qui-avait-insulte-brigitte-macron-en-soins-intensifs\/\" aria-label=\"En savoir plus sur Jair Bolsonaro hospitalis\u00e9 en soins intensifs : l&rsquo;ancien pr\u00e9sident br\u00e9silien qui avait insult\u00e9 Brigitte Macron plac\u00e9 en r\u00e9animation\">Lire plus<\/a><\/p>\n","protected":false},"author":4,"featured_media":2517,"comment_status":"open","ping_status":"open","sticky":false,"template":"","format":"standard","meta":{"footnotes":""},"categories":[597],"tags":[],"class_list":["post-2516","post","type-post","status-publish","format-standard","has-post-thumbnail","hentry","category-actualites"],"yoast_head":"<!-- This site is optimized with the Yoast SEO plugin v27.5 - https:\/\/yoast.com\/product\/yoast-seo-wordpress\/ -->\n<title>Bolsonaro hospitalis\u00e9 : l&#039;ex-pr\u00e9sident qui avait insult\u00e9 Brigitte Macron en soins intensifs<\/title>\n<meta name=\"description\" content=\"Jair Bolsonaro, l&#039;ancien pr\u00e9sident br\u00e9silien qui avait insult\u00e9 Brigitte Macron, est hospitalis\u00e9 en soins intensifs depuis le 13 mars 2026. Bronchopneumonie, d\u00e9t\u00e9rioration r\u00e9nale : point complet sur son \u00e9tat de sant\u00e9.\" \/>\n<meta name=\"robots\" content=\"index, follow, max-snippet:-1, max-image-preview:large, max-video-preview:-1\" \/>\n<link rel=\"canonical\" href=\"https:\/\/www.sebastien-auziere.fr\/blog\/bolsonaro-hospitalise-lex-president-qui-avait-insulte-brigitte-macron-en-soins-intensifs\/\" \/>\n<meta property=\"og:locale\" content=\"fr_FR\" \/>\n<meta property=\"og:type\" content=\"article\" \/>\n<meta property=\"og:title\" content=\"Bolsonaro hospitalis\u00e9 : l&#039;ex-pr\u00e9sident qui avait insult\u00e9 Brigitte Macron en soins intensifs\" \/>\n<meta property=\"og:description\" content=\"Jair Bolsonaro, l&#039;ancien pr\u00e9sident br\u00e9silien qui avait insult\u00e9 Brigitte Macron, est hospitalis\u00e9 en soins intensifs depuis le 13 mars 2026. Bronchopneumonie, d\u00e9t\u00e9rioration r\u00e9nale : point complet sur son \u00e9tat de sant\u00e9.\" \/>\n<meta property=\"og:url\" content=\"https:\/\/www.sebastien-auziere.fr\/blog\/bolsonaro-hospitalise-lex-president-qui-avait-insulte-brigitte-macron-en-soins-intensifs\/\" \/>\n<meta property=\"og:site_name\" content=\"Fan site S\u00e9bastien Auzi\u00e8re\" \/>\n<meta property=\"article:published_time\" content=\"2026-03-16T20:08:05+00:00\" \/>\n<meta property=\"article:modified_time\" content=\"2026-03-16T20:08:42+00:00\" \/>\n<meta property=\"og:image\" content=\"https:\/\/www.sebastien-auziere.fr\/blog\/wp-content\/uploads\/2026\/03\/Capture-decran-2026-03-16-210521.png\" \/>\n\t<meta property=\"og:image:width\" content=\"566\" \/>\n\t<meta property=\"og:image:height\" content=\"377\" \/>\n\t<meta property=\"og:image:type\" content=\"image\/png\" \/>\n<meta name=\"author\" content=\"Celine\" \/>\n<meta name=\"twitter:card\" content=\"summary_large_image\" \/>\n<meta name=\"twitter:label1\" content=\"\u00c9crit par\" \/>\n\t<meta name=\"twitter:data1\" content=\"Celine\" \/>\n\t<meta name=\"twitter:label2\" content=\"Dur\u00e9e de lecture estim\u00e9e\" \/>\n\t<meta name=\"twitter:data2\" content=\"5 minutes\" \/>\n<script type=\"application\/ld+json\" class=\"yoast-schema-graph\">{\"@context\":\"https:\\\/\\\/schema.org\",\"@graph\":[{\"@type\":\"Article\",\"@id\":\"https:\\\/\\\/www.sebastien-auziere.fr\\\/blog\\\/bolsonaro-hospitalise-lex-president-qui-avait-insulte-brigitte-macron-en-soins-intensifs\\\/#article\",\"isPartOf\":{\"@id\":\"https:\\\/\\\/www.sebastien-auziere.fr\\\/blog\\\/bolsonaro-hospitalise-lex-president-qui-avait-insulte-brigitte-macron-en-soins-intensifs\\\/\"},\"author\":{\"name\":\"Celine\",\"@id\":\"https:\\\/\\\/www.sebastien-auziere.fr\\\/blog\\\/#\\\/schema\\\/person\\\/1e270a963009242469ed08b1c461f81f\"},\"headline\":\"Jair Bolsonaro hospitalis\u00e9 en soins intensifs : l&rsquo;ancien pr\u00e9sident br\u00e9silien qui avait insult\u00e9 Brigitte Macron plac\u00e9 en r\u00e9animation\",\"datePublished\":\"2026-03-16T20:08:05+00:00\",\"dateModified\":\"2026-03-16T20:08:42+00:00\",\"mainEntityOfPage\":{\"@id\":\"https:\\\/\\\/www.sebastien-auziere.fr\\\/blog\\\/bolsonaro-hospitalise-lex-president-qui-avait-insulte-brigitte-macron-en-soins-intensifs\\\/\"},\"wordCount\":819,\"commentCount\":0,\"publisher\":{\"@id\":\"https:\\\/\\\/www.sebastien-auziere.fr\\\/blog\\\/#organization\"},\"image\":{\"@id\":\"https:\\\/\\\/www.sebastien-auziere.fr\\\/blog\\\/bolsonaro-hospitalise-lex-president-qui-avait-insulte-brigitte-macron-en-soins-intensifs\\\/#primaryimage\"},\"thumbnailUrl\":\"https:\\\/\\\/www.sebastien-auziere.fr\\\/blog\\\/wp-content\\\/uploads\\\/2026\\\/03\\\/Capture-decran-2026-03-16-210521.png\",\"articleSection\":[\"Actualit\u00e9s\"],\"inLanguage\":\"fr-FR\",\"potentialAction\":[{\"@type\":\"CommentAction\",\"name\":\"Comment\",\"target\":[\"https:\\\/\\\/www.sebastien-auziere.fr\\\/blog\\\/bolsonaro-hospitalise-lex-president-qui-avait-insulte-brigitte-macron-en-soins-intensifs\\\/#respond\"]}]},{\"@type\":\"WebPage\",\"@id\":\"https:\\\/\\\/www.sebastien-auziere.fr\\\/blog\\\/bolsonaro-hospitalise-lex-president-qui-avait-insulte-brigitte-macron-en-soins-intensifs\\\/\",\"url\":\"https:\\\/\\\/www.sebastien-auziere.fr\\\/blog\\\/bolsonaro-hospitalise-lex-president-qui-avait-insulte-brigitte-macron-en-soins-intensifs\\\/\",\"name\":\"Bolsonaro hospitalis\u00e9 : l'ex-pr\u00e9sident qui avait insult\u00e9 Brigitte Macron en soins intensifs\",\"isPartOf\":{\"@id\":\"https:\\\/\\\/www.sebastien-auziere.fr\\\/blog\\\/#website\"},\"primaryImageOfPage\":{\"@id\":\"https:\\\/\\\/www.sebastien-auziere.fr\\\/blog\\\/bolsonaro-hospitalise-lex-president-qui-avait-insulte-brigitte-macron-en-soins-intensifs\\\/#primaryimage\"},\"image\":{\"@id\":\"https:\\\/\\\/www.sebastien-auziere.fr\\\/blog\\\/bolsonaro-hospitalise-lex-president-qui-avait-insulte-brigitte-macron-en-soins-intensifs\\\/#primaryimage\"},\"thumbnailUrl\":\"https:\\\/\\\/www.sebastien-auziere.fr\\\/blog\\\/wp-content\\\/uploads\\\/2026\\\/03\\\/Capture-decran-2026-03-16-210521.png\",\"datePublished\":\"2026-03-16T20:08:05+00:00\",\"dateModified\":\"2026-03-16T20:08:42+00:00\",\"description\":\"Jair Bolsonaro, l'ancien pr\u00e9sident br\u00e9silien qui avait insult\u00e9 Brigitte Macron, est hospitalis\u00e9 en soins intensifs depuis le 13 mars 2026. Bronchopneumonie, d\u00e9t\u00e9rioration r\u00e9nale : point complet sur son \u00e9tat de sant\u00e9.\",\"breadcrumb\":{\"@id\":\"https:\\\/\\\/www.sebastien-auziere.fr\\\/blog\\\/bolsonaro-hospitalise-lex-president-qui-avait-insulte-brigitte-macron-en-soins-intensifs\\\/#breadcrumb\"},\"inLanguage\":\"fr-FR\",\"potentialAction\":[{\"@type\":\"ReadAction\",\"target\":[\"https:\\\/\\\/www.sebastien-auziere.fr\\\/blog\\\/bolsonaro-hospitalise-lex-president-qui-avait-insulte-brigitte-macron-en-soins-intensifs\\\/\"]}]},{\"@type\":\"ImageObject\",\"inLanguage\":\"fr-FR\",\"@id\":\"https:\\\/\\\/www.sebastien-auziere.fr\\\/blog\\\/bolsonaro-hospitalise-lex-president-qui-avait-insulte-brigitte-macron-en-soins-intensifs\\\/#primaryimage\",\"url\":\"https:\\\/\\\/www.sebastien-auziere.fr\\\/blog\\\/wp-content\\\/uploads\\\/2026\\\/03\\\/Capture-decran-2026-03-16-210521.png\",\"contentUrl\":\"https:\\\/\\\/www.sebastien-auziere.fr\\\/blog\\\/wp-content\\\/uploads\\\/2026\\\/03\\\/Capture-decran-2026-03-16-210521.png\",\"width\":566,\"height\":377,\"caption\":\"Bolsonaro hospitalis\u00e9 : l'ex-pr\u00e9sident qui avait insult\u00e9 Brigitte Macron en soins intensifs\"},{\"@type\":\"BreadcrumbList\",\"@id\":\"https:\\\/\\\/www.sebastien-auziere.fr\\\/blog\\\/bolsonaro-hospitalise-lex-president-qui-avait-insulte-brigitte-macron-en-soins-intensifs\\\/#breadcrumb\",\"itemListElement\":[{\"@type\":\"ListItem\",\"position\":1,\"name\":\"Home\",\"item\":\"https:\\\/\\\/www.sebastien-auziere.fr\\\/blog\\\/\"},{\"@type\":\"ListItem\",\"position\":2,\"name\":\"Jair Bolsonaro hospitalis\u00e9 en soins intensifs : l&rsquo;ancien pr\u00e9sident br\u00e9silien qui avait insult\u00e9 Brigitte Macron plac\u00e9 en r\u00e9animation\"}]},{\"@type\":\"WebSite\",\"@id\":\"https:\\\/\\\/www.sebastien-auziere.fr\\\/blog\\\/#website\",\"url\":\"https:\\\/\\\/www.sebastien-auziere.fr\\\/blog\\\/\",\"name\":\"Fan site S\u00e9bastien Auzi\u00e8re\",\"description\":\"M\u00e9dia g\u00e9n\u00e9raliste\",\"publisher\":{\"@id\":\"https:\\\/\\\/www.sebastien-auziere.fr\\\/blog\\\/#organization\"},\"potentialAction\":[{\"@type\":\"SearchAction\",\"target\":{\"@type\":\"EntryPoint\",\"urlTemplate\":\"https:\\\/\\\/www.sebastien-auziere.fr\\\/blog\\\/?s={search_term_string}\"},\"query-input\":{\"@type\":\"PropertyValueSpecification\",\"valueRequired\":true,\"valueName\":\"search_term_string\"}}],\"inLanguage\":\"fr-FR\"},{\"@type\":\"Organization\",\"@id\":\"https:\\\/\\\/www.sebastien-auziere.fr\\\/blog\\\/#organization\",\"name\":\"Fan site S\u00e9bastien Auzi\u00e8re\",\"url\":\"https:\\\/\\\/www.sebastien-auziere.fr\\\/blog\\\/\",\"logo\":{\"@type\":\"ImageObject\",\"inLanguage\":\"fr-FR\",\"@id\":\"https:\\\/\\\/www.sebastien-auziere.fr\\\/blog\\\/#\\\/schema\\\/logo\\\/image\\\/\",\"url\":\"https:\\\/\\\/www.sebastien-auziere.fr\\\/blog\\\/wp-content\\\/uploads\\\/2026\\\/03\\\/cropped-cropped-cropped-ChatGPT-Image-6-mars-2026-12_58_09-e1772798376794.jpg\",\"contentUrl\":\"https:\\\/\\\/www.sebastien-auziere.fr\\\/blog\\\/wp-content\\\/uploads\\\/2026\\\/03\\\/cropped-cropped-cropped-ChatGPT-Image-6-mars-2026-12_58_09-e1772798376794.jpg\",\"width\":512,\"height\":360,\"caption\":\"Fan site S\u00e9bastien Auzi\u00e8re\"},\"image\":{\"@id\":\"https:\\\/\\\/www.sebastien-auziere.fr\\\/blog\\\/#\\\/schema\\\/logo\\\/image\\\/\"}},{\"@type\":\"Person\",\"@id\":\"https:\\\/\\\/www.sebastien-auziere.fr\\\/blog\\\/#\\\/schema\\\/person\\\/1e270a963009242469ed08b1c461f81f\",\"name\":\"Celine\",\"image\":{\"@type\":\"ImageObject\",\"inLanguage\":\"fr-FR\",\"@id\":\"https:\\\/\\\/secure.gravatar.com\\\/avatar\\\/c88d569fbe1fe19a13c7f21ee0f8973822df96073df21850b95af6a09ba820c9?s=96&d=mm&r=g\",\"url\":\"https:\\\/\\\/secure.gravatar.com\\\/avatar\\\/c88d569fbe1fe19a13c7f21ee0f8973822df96073df21850b95af6a09ba820c9?s=96&d=mm&r=g\",\"contentUrl\":\"https:\\\/\\\/secure.gravatar.com\\\/avatar\\\/c88d569fbe1fe19a13c7f21ee0f8973822df96073df21850b95af6a09ba820c9?s=96&d=mm&r=g\",\"caption\":\"Celine\"},\"description\":\"Je m'appelle C\u00e9line, j'ai 31 ans et je suis journaliste sp\u00e9cialis\u00e9e dans le cin\u00e9ma. Passionn\u00e9e par le septi\u00e8me art, j'explore les actualit\u00e9s, les critiques et les tendances du monde cin\u00e9matographique. Mon objectif est de partager ma passion et d'informer les amateurs de films \u00e0 travers des articles percutants et des analyses approfondies.\",\"url\":\"https:\\\/\\\/www.sebastien-auziere.fr\\\/blog\\\/author\\\/celine\\\/\"}]}<\/script>\n<!-- \/ Yoast SEO plugin. -->","yoast_head_json":{"title":"Bolsonaro hospitalis\u00e9 : l'ex-pr\u00e9sident qui avait insult\u00e9 Brigitte Macron en soins intensifs","description":"Jair Bolsonaro, l'ancien pr\u00e9sident br\u00e9silien qui avait insult\u00e9 Brigitte Macron, est hospitalis\u00e9 en soins intensifs depuis le 13 mars 2026. Bronchopneumonie, d\u00e9t\u00e9rioration r\u00e9nale : point complet sur son \u00e9tat de sant\u00e9.","robots":{"index":"index","follow":"follow","max-snippet":"max-snippet:-1","max-image-preview":"max-image-preview:large","max-video-preview":"max-video-preview:-1"},"canonical":"https:\/\/www.sebastien-auziere.fr\/blog\/bolsonaro-hospitalise-lex-president-qui-avait-insulte-brigitte-macron-en-soins-intensifs\/","og_locale":"fr_FR","og_type":"article","og_title":"Bolsonaro hospitalis\u00e9 : l'ex-pr\u00e9sident qui avait insult\u00e9 Brigitte Macron en soins intensifs","og_description":"Jair Bolsonaro, l'ancien pr\u00e9sident br\u00e9silien qui avait insult\u00e9 Brigitte Macron, est hospitalis\u00e9 en soins intensifs depuis le 13 mars 2026. Bronchopneumonie, d\u00e9t\u00e9rioration r\u00e9nale : point complet sur son \u00e9tat de sant\u00e9.","og_url":"https:\/\/www.sebastien-auziere.fr\/blog\/bolsonaro-hospitalise-lex-president-qui-avait-insulte-brigitte-macron-en-soins-intensifs\/","og_site_name":"Fan site S\u00e9bastien Auzi\u00e8re","article_published_time":"2026-03-16T20:08:05+00:00","article_modified_time":"2026-03-16T20:08:42+00:00","og_image":[{"width":566,"height":377,"url":"https:\/\/www.sebastien-auziere.fr\/blog\/wp-content\/uploads\/2026\/03\/Capture-decran-2026-03-16-210521.png","type":"image\/png"}],"author":"Celine","twitter_card":"summary_large_image","twitter_misc":{"\u00c9crit par":"Celine","Dur\u00e9e de lecture estim\u00e9e":"5 minutes"},"schema":{"@context":"https:\/\/schema.org","@graph":[{"@type":"Article","@id":"https:\/\/www.sebastien-auziere.fr\/blog\/bolsonaro-hospitalise-lex-president-qui-avait-insulte-brigitte-macron-en-soins-intensifs\/#article","isPartOf":{"@id":"https:\/\/www.sebastien-auziere.fr\/blog\/bolsonaro-hospitalise-lex-president-qui-avait-insulte-brigitte-macron-en-soins-intensifs\/"},"author":{"name":"Celine","@id":"https:\/\/www.sebastien-auziere.fr\/blog\/#\/schema\/person\/1e270a963009242469ed08b1c461f81f"},"headline":"Jair Bolsonaro hospitalis\u00e9 en soins intensifs : l&rsquo;ancien pr\u00e9sident br\u00e9silien qui avait insult\u00e9 Brigitte Macron plac\u00e9 en r\u00e9animation","datePublished":"2026-03-16T20:08:05+00:00","dateModified":"2026-03-16T20:08:42+00:00","mainEntityOfPage":{"@id":"https:\/\/www.sebastien-auziere.fr\/blog\/bolsonaro-hospitalise-lex-president-qui-avait-insulte-brigitte-macron-en-soins-intensifs\/"},"wordCount":819,"commentCount":0,"publisher":{"@id":"https:\/\/www.sebastien-auziere.fr\/blog\/#organization"},"image":{"@id":"https:\/\/www.sebastien-auziere.fr\/blog\/bolsonaro-hospitalise-lex-president-qui-avait-insulte-brigitte-macron-en-soins-intensifs\/#primaryimage"},"thumbnailUrl":"https:\/\/www.sebastien-auziere.fr\/blog\/wp-content\/uploads\/2026\/03\/Capture-decran-2026-03-16-210521.png","articleSection":["Actualit\u00e9s"],"inLanguage":"fr-FR","potentialAction":[{"@type":"CommentAction","name":"Comment","target":["https:\/\/www.sebastien-auziere.fr\/blog\/bolsonaro-hospitalise-lex-president-qui-avait-insulte-brigitte-macron-en-soins-intensifs\/#respond"]}]},{"@type":"WebPage","@id":"https:\/\/www.sebastien-auziere.fr\/blog\/bolsonaro-hospitalise-lex-president-qui-avait-insulte-brigitte-macron-en-soins-intensifs\/","url":"https:\/\/www.sebastien-auziere.fr\/blog\/bolsonaro-hospitalise-lex-president-qui-avait-insulte-brigitte-macron-en-soins-intensifs\/","name":"Bolsonaro hospitalis\u00e9 : l'ex-pr\u00e9sident qui avait insult\u00e9 Brigitte Macron en soins intensifs","isPartOf":{"@id":"https:\/\/www.sebastien-auziere.fr\/blog\/#website"},"primaryImageOfPage":{"@id":"https:\/\/www.sebastien-auziere.fr\/blog\/bolsonaro-hospitalise-lex-president-qui-avait-insulte-brigitte-macron-en-soins-intensifs\/#primaryimage"},"image":{"@id":"https:\/\/www.sebastien-auziere.fr\/blog\/bolsonaro-hospitalise-lex-president-qui-avait-insulte-brigitte-macron-en-soins-intensifs\/#primaryimage"},"thumbnailUrl":"https:\/\/www.sebastien-auziere.fr\/blog\/wp-content\/uploads\/2026\/03\/Capture-decran-2026-03-16-210521.png","datePublished":"2026-03-16T20:08:05+00:00","dateModified":"2026-03-16T20:08:42+00:00","description":"Jair Bolsonaro, l'ancien pr\u00e9sident br\u00e9silien qui avait insult\u00e9 Brigitte Macron, est hospitalis\u00e9 en soins intensifs depuis le 13 mars 2026. Bronchopneumonie, d\u00e9t\u00e9rioration r\u00e9nale : point complet sur son \u00e9tat de sant\u00e9.","breadcrumb":{"@id":"https:\/\/www.sebastien-auziere.fr\/blog\/bolsonaro-hospitalise-lex-president-qui-avait-insulte-brigitte-macron-en-soins-intensifs\/#breadcrumb"},"inLanguage":"fr-FR","potentialAction":[{"@type":"ReadAction","target":["https:\/\/www.sebastien-auziere.fr\/blog\/bolsonaro-hospitalise-lex-president-qui-avait-insulte-brigitte-macron-en-soins-intensifs\/"]}]},{"@type":"ImageObject","inLanguage":"fr-FR","@id":"https:\/\/www.sebastien-auziere.fr\/blog\/bolsonaro-hospitalise-lex-president-qui-avait-insulte-brigitte-macron-en-soins-intensifs\/#primaryimage","url":"https:\/\/www.sebastien-auziere.fr\/blog\/wp-content\/uploads\/2026\/03\/Capture-decran-2026-03-16-210521.png","contentUrl":"https:\/\/www.sebastien-auziere.fr\/blog\/wp-content\/uploads\/2026\/03\/Capture-decran-2026-03-16-210521.png","width":566,"height":377,"caption":"Bolsonaro hospitalis\u00e9 : l'ex-pr\u00e9sident qui avait insult\u00e9 Brigitte Macron en soins intensifs"},{"@type":"BreadcrumbList","@id":"https:\/\/www.sebastien-auziere.fr\/blog\/bolsonaro-hospitalise-lex-president-qui-avait-insulte-brigitte-macron-en-soins-intensifs\/#breadcrumb","itemListElement":[{"@type":"ListItem","position":1,"name":"Home","item":"https:\/\/www.sebastien-auziere.fr\/blog\/"},{"@type":"ListItem","position":2,"name":"Jair Bolsonaro hospitalis\u00e9 en soins intensifs : l&rsquo;ancien pr\u00e9sident br\u00e9silien qui avait insult\u00e9 Brigitte Macron plac\u00e9 en r\u00e9animation"}]},{"@type":"WebSite","@id":"https:\/\/www.sebastien-auziere.fr\/blog\/#website","url":"https:\/\/www.sebastien-auziere.fr\/blog\/","name":"Fan site S\u00e9bastien Auzi\u00e8re","description":"M\u00e9dia g\u00e9n\u00e9raliste","publisher":{"@id":"https:\/\/www.sebastien-auziere.fr\/blog\/#organization"},"potentialAction":[{"@type":"SearchAction","target":{"@type":"EntryPoint","urlTemplate":"https:\/\/www.sebastien-auziere.fr\/blog\/?s={search_term_string}"},"query-input":{"@type":"PropertyValueSpecification","valueRequired":true,"valueName":"search_term_string"}}],"inLanguage":"fr-FR"},{"@type":"Organization","@id":"https:\/\/www.sebastien-auziere.fr\/blog\/#organization","name":"Fan site S\u00e9bastien Auzi\u00e8re","url":"https:\/\/www.sebastien-auziere.fr\/blog\/","logo":{"@type":"ImageObject","inLanguage":"fr-FR","@id":"https:\/\/www.sebastien-auziere.fr\/blog\/#\/schema\/logo\/image\/","url":"https:\/\/www.sebastien-auziere.fr\/blog\/wp-content\/uploads\/2026\/03\/cropped-cropped-cropped-ChatGPT-Image-6-mars-2026-12_58_09-e1772798376794.jpg","contentUrl":"https:\/\/www.sebastien-auziere.fr\/blog\/wp-content\/uploads\/2026\/03\/cropped-cropped-cropped-ChatGPT-Image-6-mars-2026-12_58_09-e1772798376794.jpg","width":512,"height":360,"caption":"Fan site S\u00e9bastien Auzi\u00e8re"},"image":{"@id":"https:\/\/www.sebastien-auziere.fr\/blog\/#\/schema\/logo\/image\/"}},{"@type":"Person","@id":"https:\/\/www.sebastien-auziere.fr\/blog\/#\/schema\/person\/1e270a963009242469ed08b1c461f81f","name":"Celine","image":{"@type":"ImageObject","inLanguage":"fr-FR","@id":"https:\/\/secure.gravatar.com\/avatar\/c88d569fbe1fe19a13c7f21ee0f8973822df96073df21850b95af6a09ba820c9?s=96&d=mm&r=g","url":"https:\/\/secure.gravatar.com\/avatar\/c88d569fbe1fe19a13c7f21ee0f8973822df96073df21850b95af6a09ba820c9?s=96&d=mm&r=g","contentUrl":"https:\/\/secure.gravatar.com\/avatar\/c88d569fbe1fe19a13c7f21ee0f8973822df96073df21850b95af6a09ba820c9?s=96&d=mm&r=g","caption":"Celine"},"description":"Je m'appelle C\u00e9line, j'ai 31 ans et je suis journaliste sp\u00e9cialis\u00e9e dans le cin\u00e9ma. Passionn\u00e9e par le septi\u00e8me art, j'explore les actualit\u00e9s, les critiques et les tendances du monde cin\u00e9matographique. Mon objectif est de partager ma passion et d'informer les amateurs de films \u00e0 travers des articles percutants et des analyses approfondies.","url":"https:\/\/www.sebastien-auziere.fr\/blog\/author\/celine\/"}]}},"views":33,"_links":{"self":[{"href":"https:\/\/www.sebastien-auziere.fr\/blog\/wp-json\/wp\/v2\/posts\/2516","targetHints":{"allow":["GET"]}}],"collection":[{"href":"https:\/\/www.sebastien-auziere.fr\/blog\/wp-json\/wp\/v2\/posts"}],"about":[{"href":"https:\/\/www.sebastien-auziere.fr\/blog\/wp-json\/wp\/v2\/types\/post"}],"author":[{"embeddable":true,"href":"https:\/\/www.sebastien-auziere.fr\/blog\/wp-json\/wp\/v2\/users\/4"}],"replies":[{"embeddable":true,"href":"https:\/\/www.sebastien-auziere.fr\/blog\/wp-json\/wp\/v2\/comments?post=2516"}],"version-history":[{"count":2,"href":"https:\/\/www.sebastien-auziere.fr\/blog\/wp-json\/wp\/v2\/posts\/2516\/revisions"}],"predecessor-version":[{"id":2519,"href":"https:\/\/www.sebastien-auziere.fr\/blog\/wp-json\/wp\/v2\/posts\/2516\/revisions\/2519"}],"wp:featuredmedia":[{"embeddable":true,"href":"https:\/\/www.sebastien-auziere.fr\/blog\/wp-json\/wp\/v2\/media\/2517"}],"wp:attachment":[{"href":"https:\/\/www.sebastien-auziere.fr\/blog\/wp-json\/wp\/v2\/media?parent=2516"}],"wp:term":[{"taxonomy":"category","embeddable":true,"href":"https:\/\/www.sebastien-auziere.fr\/blog\/wp-json\/wp\/v2\/categories?post=2516"},{"taxonomy":"post_tag","embeddable":true,"href":"https:\/\/www.sebastien-auziere.fr\/blog\/wp-json\/wp\/v2\/tags?post=2516"}],"curies":[{"name":"wp","href":"https:\/\/api.w.org\/{rel}","templated":true}]}}