{"id":2512,"date":"2026-03-14T14:30:12","date_gmt":"2026-03-14T14:30:12","guid":{"rendered":"https:\/\/www.sebastien-auziere.fr\/blog\/?p=2512"},"modified":"2026-03-14T14:31:05","modified_gmt":"2026-03-14T14:31:05","slug":"brigitte-macron-suas-raras-confissoes-sobre-seu-encontro-e-sua-historia-com-emmanuel-macron","status":"publish","type":"post","link":"https:\/\/www.sebastien-auziere.fr\/blog\/pt\/brigitte-macron-suas-raras-confissoes-sobre-seu-encontro-e-sua-historia-com-emmanuel-macron\/","title":{"rendered":"Brigitte Macron: suas raras confiss\u00f5es sobre seu encontro e sua hist\u00f3ria com Emmanuel Macron"},"content":{"rendered":"<p><title>Brigitte Macron: suas confiss\u00f5es sobre seu encontro e sua hist\u00f3ria com Emmanuel Macron<\/title><\/p>\n<p>  body { font-size: 16px; line-height: 1.7; }<br \/>\n  h2 { font-size: 1.4em; color: #2c2c2c; border-left: 4px solid #b8860b; padding-left: 10px; margin-top: 40px; }<br \/>\n  h3 { font-size: 1.15em; color: #333; margin-top: 24px; }<br \/>\n  .intro-box { background: #fdf9f0; border-left: 5px solid #b8860b; padding: 16px 20px; border-radius: 4px; margin: 0 0 30px; }<br \/>\n  .intro-box p { margin: 0; }<br \/>\n  blockquote { border-left: 4px solid #b8860b; margin: 24px 0; padding: 12px 20px; background: #fdf9f0; font-style: italic; color: #444; }<br \/>\n  ul li, ol li { margin-bottom: 6px; }<br \/>\n  a { color: #b8860b; }<br \/>\n  .faq dt { font-weight: bold; margin-top: 18px; color: #2c2c2c; }<br \/>\n  .faq dd { margin: 6px 0 12px 0; }<\/p>\n<div class=\"intro-box\">\n<p><strong>Em resumo:<\/strong> Em uma entrevista \u00e0 <em>Paris Match<\/em>, Brigitte Macron revelou os primeiros passos de seu relacionamento com Emmanuel Macron \u2014 seu encontro em Amiens, a declara\u00e7\u00e3o aos 17 anos, o div\u00f3rcio e um apego que nunca cedeu, apesar dos obst\u00e1culos.<\/p>\n<\/div>\n<p>A hist\u00f3ria deles fascina h\u00e1 anos. Muito antes do \u00c9lys\u00e9e, muito antes dos holofotes, Emmanuel e Brigitte Macron constru\u00edram uma rela\u00e7\u00e3o extraordin\u00e1ria, nascida nos corredores de um col\u00e9gio em Amiens. Uma rela\u00e7\u00e3o que a primeira-dama concordou em contar com uma sinceridade rara, levantando o v\u00e9u sobre os momentos formadores desse casal singular.<\/p>\n<h2>Um encontro em Amiens, entre teatro e escrita<\/h2>\n<p>Tudo come\u00e7a em Amiens, nos anos 1990. Brigitte Auzi\u00e8re ensina letras no col\u00e9gio La Providence. Emmanuel Macron, por sua vez, \u00e9 apenas um estudante apaixonado por teatro e escrita. \u00c9 nesse cen\u00e1rio \u2014 nos ateli\u00eas de escrita \u00e0s sextas-feiras, nas repeti\u00e7\u00f5es \u2014 que nasce entre eles uma cumplicidade intelectual a princ\u00edpio, depois algo muito mais profundo.<\/p>\n<p>Em sua entrevista \u00e0 <em>Paris Match<\/em>, Brigitte Macron descreve esse deslizamento progressivo, essa atra\u00e7\u00e3o m\u00fatua que se imp\u00f4s apesar das circunst\u00e2ncias:<\/p>\n<blockquote><p>\u00ab A escrita nos reunia todas as sextas-feiras e desencadeou uma proximidade incr\u00edvel. Ele teve uma grande influ\u00eancia sobre mim&#8230; Eu senti que estava deslizando, ele tamb\u00e9m&#8230; Eu ent\u00e3o pedi para ele ir a Paris, para o col\u00e9gio Henri IV, para seu \u00faltimo ano do ensino m\u00e9dio. Ele me garantiu que voltaria. Foi um desgarro. N\u00e3o rompemos o fio. \u00bb<\/p><\/blockquote>\n<h2>A declara\u00e7\u00e3o aos 17 anos: \u00ab Seja o que for que voc\u00ea fa\u00e7a, eu vou me casar com voc\u00ea \u00bb<\/h2>\n<p>A dist\u00e2ncia entre Paris e Amiens n\u00e3o esfriou os sentimentos. Ao contr\u00e1rio. Brigitte Macron conta que o afastamento tornou seu relacionamento ainda mais intenso, impulsionado por uma determina\u00e7\u00e3o rara para um adolescente. Ela se lembra de uma frase que ficar\u00e1 marcada:<\/p>\n<blockquote><p>\u00ab Ao contr\u00e1rio, tornou-se passional e, aos 17 anos, Emmanuel me disse: \u00ab\u00a0Seja o que for que voc\u00ea fa\u00e7a, eu vou me casar com voc\u00ea!\u00a0\u00bb O amor arrastou tudo em seu caminho e me levou ao div\u00f3rcio. Imposs\u00edvel resistir a ele. Meus pais, j\u00e1 idosos, n\u00e3o queriam saber muito&#8230; Quanto a mim, as diferen\u00e7as de idade eu j\u00e1 estava acostumada desde a inf\u00e2ncia. O essencial era preservar os meus, que aceitaram essas mudan\u00e7as. O resto \u00e9 espuma. \u00bb<\/p><\/blockquote>\n<p>Essa declara\u00e7\u00e3o, pronunciada quando Emmanuel Macron tinha 17 anos e Brigitte 24 anos a mais, diz muito sobre o car\u00e1ter do homem que se tornaria presidente. Uma convic\u00e7\u00e3o absoluta, expressa desde a adolesc\u00eancia, que se concretizou em 2007: o casal se casou em Le Touquet, ap\u00f3s Brigitte Macron ter se divorciado de seu primeiro marido, Andr\u00e9-Louis Auzi\u00e8re.<\/p>\n<h2>O div\u00f3rcio, os olhares externos, a fam\u00edlia<\/h2>\n<p>A rela\u00e7\u00e3o n\u00e3o foi sem percal\u00e7os. Brigitte Macron menciona com pudor o peso dos olhares, a necessidade de proteger seus filhos e seus entes queridos de uma situa\u00e7\u00e3o pouco comum. Ela assumiu ent\u00e3o uma vida dupla \u2014 m\u00e3e de fam\u00edlia, professora respeitada \u2014 enquanto vivia uma hist\u00f3ria que ainda n\u00e3o podia tornar p\u00fablica.<\/p>\n<p>Ela enfatiza um ponto: sua prioridade sempre foi \u00ab preservar os seus \u00bb. Seus tr\u00eas filhos \u2014 S\u00e9bastien, Laurence e Tiphaine Auzi\u00e8re \u2014 acabaram por aceitar essa realidade, embora o caminho n\u00e3o tenha sido simples.<\/p>\n<h2>Primeira-dama, mas nunca na sombra<\/h2>\n<p>Desde o \u00c9lys\u00e9e, Brigitte Macron definiu seu pr\u00f3prio papel: presente, atenta, mas sem fun\u00e7\u00e3o oficial. Ela descreve um suporte di\u00e1rio, feito de trocas constantes com o chefe de Estado:<\/p>\n<blockquote><p>\u00ab Se eu levo a vida com leveza, entretanto, tenho o ouvido atento. E como todas as noites, fazemos uma debriefing juntos e repetimos o que ouvimos um sobre o outro. Eu preciso estar atenta a tudo, fazer o m\u00e1ximo para proteg\u00ea-lo. \u00bb<\/p><\/blockquote>\n<p>Um papel informal, mas real, que faz dela muito mais do que uma simples acompanhante. Brigitte Macron \u00e9 descrita pelos \u00edntimos do casal como uma confidente e uma observadora perspicaz da vida pol\u00edtica francesa.<\/p>\n<h2>Uma hist\u00f3ria que continua a fascinar<\/h2>\n<p>Quase trinta anos ap\u00f3s seu encontro em Amiens, seu relacionamento permanece um dos mais comentados da vida p\u00fablica francesa. A diferen\u00e7a de idade \u2014 24 anos \u2014 o contexto do seu encontro, o div\u00f3rcio, a promessa cumprida: tantos elementos que alimentam uma fascina\u00e7\u00e3o duradoura, muito al\u00e9m do mero c\u00edrculo pol\u00edtico.<\/p>\n<p>Brigitte Macron, por sua vez, assume. Ela n\u00e3o tenta reescrever a hist\u00f3ria, nem atenuar suas asperezas. Ela a conta como realmente ocorreu \u2014 com seus rompimentos, seus \u00edmpetos e sua parte de inevit\u00e1vel.<\/p>\n<h2>FAQ \u2014 Brigitte e Emmanuel Macron: sua hist\u00f3ria<\/h2>\n<dl class=\"faq\">\n<dt>Como Brigitte e Emmanuel Macron se conheceram?<\/dt>\n<dd>Eles se conheceram em Amiens, no col\u00e9gio La Providence, onde Brigitte ensinava letras e teatro. Emmanuel Macron era ent\u00e3o seu aluno, apaixonado por escrita e teatro.<\/dd>\n<dt>Quantos anos tinha Emmanuel Macron quando declarou querer se casar com Brigitte?<\/dt>\n<dd>Ele tinha 17 anos quando lhe disse: \u00ab Seja o que for que voc\u00ea fa\u00e7a, eu vou me casar com voc\u00ea. \u00bb Uma promessa que ele cumpriu.<\/dd>\n<dt>Qual \u00e9 a diferen\u00e7a de idade entre Brigitte e Emmanuel Macron?<\/dt>\n<dd>Brigitte Macron \u00e9 24 anos mais velha que Emmanuel Macron. Ela nasceu em 1953, ele em 1977.<\/dd>\n<dt>Quando Emmanuel e Brigitte Macron se casaram?<\/dt>\n<dd>Eles se casaram em 2007 em Le Touquet, ap\u00f3s o div\u00f3rcio de Brigitte de seu primeiro marido Andr\u00e9-Louis Auzi\u00e8re.<\/dd>\n<dt>Brigitte Macron tem filhos?<\/dt>\n<dd>Sim, ela tem tr\u00eas filhos de seu primeiro casamento: S\u00e9bastien, Laurence e Tiphaine Auzi\u00e8re.<\/dd>\n<dt>Qual \u00e9 o papel de Brigitte Macron no \u00c9lys\u00e9e?<\/dt>\n<dd>Ela n\u00e3o tem fun\u00e7\u00e3o oficial, mas desempenha um papel de confidente e apoio di\u00e1rio ao presidente. Ela descreve uma troca constante com ele sobre o que cada um observa de seu lado.<\/dd>\n<\/dl>\n<p>{<br \/>\n  \u00ab\u00a0@context\u00a0\u00bb: \u00ab\u00a0https:\/\/schema.org\u00a0\u00bb,<br \/>\n  \u00ab\u00a0@type\u00a0\u00bb: \u00ab\u00a0Article\u00a0\u00bb,<br \/>\n  \u00ab\u00a0headline\u00a0\u00bb: \u00ab\u00a0Brigitte Macron: suas confiss\u00f5es sobre seu encontro e sua hist\u00f3ria com Emmanuel Macron\u00a0\u00bb,<br \/>\n  \u00ab\u00a0description\u00a0\u00bb: \u00ab\u00a0Na Paris Match, Brigitte Macron contou sobre os primeiros passos de seu relacionamento com Emmanuel Macron: seu encontro em Amiens, a declara\u00e7\u00e3o aos 17 anos e um v\u00ednculo que nunca se rompeu.\u00a0\u00bb,<br \/>\n  \u00ab\u00a0inLanguage\u00a0\u00bb: \u00ab\u00a0pt\u00a0\u00bb,<br \/>\n  \u00ab\u00a0datePublished\u00a0\u00bb: \u00ab\u00a02026-03-13\u00a0\u00bb,<br \/>\n  \u00ab\u00a0dateModified\u00a0\u00bb: \u00ab\u00a02026-03-13\u00a0\u00bb,<br \/>\n  \u00ab\u00a0about\u00a0\u00bb: [<br \/>\n    { \u00ab\u00a0@type\u00a0\u00bb: \u00ab\u00a0Person\u00a0\u00bb, \u00ab\u00a0name\u00a0\u00bb: \u00ab\u00a0Brigitte Macron\u00a0\u00bb },<br \/>\n    { \u00ab\u00a0@type\u00a0\u00bb: \u00ab\u00a0Person\u00a0\u00bb, \u00ab\u00a0name\u00a0\u00bb: \u00ab\u00a0Emmanuel Macron\u00a0\u00bb }<br \/>\n  ]<br \/>\n}<\/p>\n<p>{<br \/>\n  \u00ab\u00a0@context\u00a0\u00bb: \u00ab\u00a0https:\/\/schema.org\u00a0\u00bb,<br \/>\n  \u00ab\u00a0@type\u00a0\u00bb: \u00ab\u00a0FAQPage\u00a0\u00bb,<br \/>\n  \u00ab\u00a0mainEntity\u00a0\u00bb: [<br \/>\n    {<br \/>\n      \u00ab\u00a0@type\u00a0\u00bb: \u00ab\u00a0Question\u00a0\u00bb,<br \/>\n      \u00ab\u00a0name\u00a0\u00bb: \u00ab\u00a0Como Brigitte e Emmanuel Macron se conheceram?\u00a0\u00bb,<br \/>\n      \u00ab\u00a0acceptedAnswer\u00a0\u00bb: { \u00ab\u00a0@type\u00a0\u00bb: \u00ab\u00a0Answer\u00a0\u00bb, \u00ab\u00a0text\u00a0\u00bb: \u00ab\u00a0No col\u00e9gio La Providence em Amiens, onde Brigitte ensinava letras e Emmanuel era seu aluno apaixonado por escrita e teatro.\u00a0\u00bb }<br \/>\n    },<br \/>\n    {<br \/>\n      \u00ab\u00a0@type\u00a0\u00bb: \u00ab\u00a0Question\u00a0\u00bb,<br \/>\n      \u00ab\u00a0name\u00a0\u00bb: \u00ab\u00a0Quantos anos tinha Emmanuel Macron quando declarou querer se casar com Brigitte?\u00a0\u00bb,<br \/>\n      \u00ab\u00a0acceptedAnswer\u00a0\u00bb: { \u00ab\u00a0@type\u00a0\u00bb: \u00ab\u00a0Answer\u00a0\u00bb, \u00ab\u00a0text\u00a0\u00bb: \u00ab\u00a0Ele tinha 17 anos quando lhe disse: &lsquo;Seja o que for que voc\u00ea fa\u00e7a, eu vou me casar com voc\u00ea.'\u00a0\u00bb }<br \/>\n    },<br \/>\n    {<br \/>\n      \u00ab\u00a0@type\u00a0\u00bb: \u00ab\u00a0Question\u00a0\u00bb,<br \/>\n      \u00ab\u00a0name\u00a0\u00bb: \u00ab\u00a0Qual \u00e9 a diferen\u00e7a de idade entre Brigitte e Emmanuel Macron?\u00a0\u00bb,<br \/>\n      \u00ab\u00a0acceptedAnswer\u00a0\u00bb: { \u00ab\u00a0@type\u00a0\u00bb: \u00ab\u00a0Answer\u00a0\u00bb, \u00ab\u00a0text\u00a0\u00bb: \u00ab\u00a0Brigitte Macron \u00e9 24 anos mais velha que Emmanuel Macron.\u00a0\u00bb }<br \/>\n    },<br \/>\n    {<br \/>\n      \u00ab\u00a0@type\u00a0\u00bb: \u00ab\u00a0Question\u00a0\u00bb,<br \/>\n      \u00ab\u00a0name\u00a0\u00bb: \u00ab\u00a0Quando Emmanuel e Brigitte Macron se casaram?\u00a0\u00bb,<br \/>\n      \u00ab\u00a0acceptedAnswer\u00a0\u00bb: { \u00ab\u00a0@type\u00a0\u00bb: \u00ab\u00a0Answer\u00a0\u00bb, \u00ab\u00a0text\u00a0\u00bb: \u00ab\u00a0Em 2007 em Le Touquet, ap\u00f3s o div\u00f3rcio de Brigitte de seu primeiro marido Andr\u00e9-Louis Auzi\u00e8re.\u00a0\u00bb }<br \/>\n    },<br \/>\n    {<br \/>\n      \u00ab\u00a0@type\u00a0\u00bb: \u00ab\u00a0Question\u00a0\u00bb,<br \/>\n      \u00ab\u00a0name\u00a0\u00bb: \u00ab\u00a0Brigitte Macron tem filhos?\u00a0\u00bb,<br \/>\n      \u00ab\u00a0acceptedAnswer\u00a0\u00bb: { \u00ab\u00a0@type\u00a0\u00bb: \u00ab\u00a0Answer\u00a0\u00bb, \u00ab\u00a0text\u00a0\u00bb: \u00ab\u00a0Sim, tr\u00eas filhos de seu primeiro casamento: S\u00e9bastien, Laurence e Tiphaine Auzi\u00e8re.\u00a0\u00bb }<br \/>\n    },<br \/>\n    {<br \/>\n      \u00ab\u00a0@type\u00a0\u00bb: \u00ab\u00a0Question\u00a0\u00bb,<br \/>\n      \u00ab\u00a0name\u00a0\u00bb: \u00ab\u00a0Qual \u00e9 o papel de Brigitte Macron no \u00c9lys\u00e9e?\u00a0\u00bb,<br \/>\n      \u00ab\u00a0acceptedAnswer\u00a0\u00bb: { \u00ab\u00a0@type\u00a0\u00bb: \u00ab\u00a0Answer\u00a0\u00bb, \u00ab\u00a0text\u00a0\u00bb: \u00ab\u00a0Sem fun\u00e7\u00e3o oficial, mas um papel de confidente e apoio di\u00e1rio. Ela troca cada noite com o presidente sobre o que cada um observou.\u00a0\u00bb }<br \/>\n    }<br \/>\n  ]<br \/>\n}<\/p>\n","protected":false},"excerpt":{"rendered":"<p>Brigitte Macron: suas confiss\u00f5es sobre seu encontro e sua hist\u00f3ria com Emmanuel Macron body { font-size: 16px; line-height: 1.7; } h2 { font-size: 1.4em; color: #2c2c2c; border-left: 4px solid #b8860b; padding-left: 10px; margin-top: 40px; } h3 { font-size: 1.15em; color: #333; margin-top: 24px; } .intro-box { background: #fdf9f0; border-left: 5px solid #b8860b; padding: 16px 20px; &#8230; <a title=\"Brigitte Macron: suas raras confiss\u00f5es sobre seu encontro e sua hist\u00f3ria com Emmanuel Macron\" class=\"read-more\" href=\"https:\/\/www.sebastien-auziere.fr\/blog\/pt\/brigitte-macron-suas-raras-confissoes-sobre-seu-encontro-e-sua-historia-com-emmanuel-macron\/\" aria-label=\"En savoir plus sur Brigitte Macron: suas raras confiss\u00f5es sobre seu encontro e sua hist\u00f3ria com Emmanuel Macron\">Lire plus<\/a><\/p>\n","protected":false},"author":4,"featured_media":2493,"comment_status":"open","ping_status":"open","sticky":false,"template":"","format":"standard","meta":{"footnotes":""},"categories":[862,848],"tags":[],"class_list":["post-2512","post","type-post","status-publish","format-standard","has-post-thumbnail","hentry","category-actualidades-pt","category-non-classe-pt"],"yoast_head":"<!-- This site is optimized with the Yoast SEO plugin v27.5 - https:\/\/yoast.com\/product\/yoast-seo-wordpress\/ -->\n<title>Brigitte Macron : ses confessions sur sa rencontre et son histoire avec Emmanuel Macron<\/title>\n<meta name=\"description\" content=\"Dans Paris Match, Brigitte Macron a racont\u00e9 les d\u00e9buts de sa relation avec Emmanuel Macron : leur rencontre \u00e0 Amiens, la d\u00e9claration \u00e0 17 ans et un lien qui n&#039;a jamais rompu.\" \/>\n<meta name=\"robots\" content=\"index, follow, max-snippet:-1, max-image-preview:large, max-video-preview:-1\" \/>\n<link rel=\"canonical\" href=\"https:\/\/www.sebastien-auziere.fr\/blog\/pt\/brigitte-macron-suas-raras-confissoes-sobre-seu-encontro-e-sua-historia-com-emmanuel-macron\/\" \/>\n<meta property=\"og:locale\" content=\"fr_FR\" \/>\n<meta property=\"og:type\" content=\"article\" \/>\n<meta property=\"og:title\" content=\"Brigitte Macron : ses confessions sur sa rencontre et son histoire avec Emmanuel Macron\" \/>\n<meta property=\"og:description\" content=\"Dans Paris Match, Brigitte Macron a racont\u00e9 les d\u00e9buts de sa relation avec Emmanuel Macron : leur rencontre \u00e0 Amiens, la d\u00e9claration \u00e0 17 ans et un lien qui n&#039;a jamais rompu.\" \/>\n<meta property=\"og:url\" content=\"https:\/\/www.sebastien-auziere.fr\/blog\/pt\/brigitte-macron-suas-raras-confissoes-sobre-seu-encontro-e-sua-historia-com-emmanuel-macron\/\" \/>\n<meta property=\"og:site_name\" content=\"Fan site S\u00e9bastien Auzi\u00e8re\" \/>\n<meta property=\"article:published_time\" content=\"2026-03-14T14:30:12+00:00\" \/>\n<meta property=\"article:modified_time\" content=\"2026-03-14T14:31:05+00:00\" \/>\n<meta property=\"og:image\" content=\"https:\/\/www.sebastien-auziere.fr\/blog\/wp-content\/uploads\/2026\/03\/Capture-decran-2026-03-14-144614.jpg\" \/>\n\t<meta property=\"og:image:width\" content=\"1184\" \/>\n\t<meta property=\"og:image:height\" content=\"754\" \/>\n\t<meta property=\"og:image:type\" content=\"image\/jpeg\" \/>\n<meta name=\"author\" content=\"Celine\" \/>\n<meta name=\"twitter:card\" content=\"summary_large_image\" \/>\n<meta name=\"twitter:label1\" content=\"\u00c9crit par\" \/>\n\t<meta name=\"twitter:data1\" content=\"Celine\" \/>\n\t<meta name=\"twitter:label2\" content=\"Dur\u00e9e de lecture estim\u00e9e\" \/>\n\t<meta name=\"twitter:data2\" content=\"7 minutes\" \/>\n<script type=\"application\/ld+json\" class=\"yoast-schema-graph\">{\"@context\":\"https:\\\/\\\/schema.org\",\"@graph\":[{\"@type\":\"Article\",\"@id\":\"https:\\\/\\\/www.sebastien-auziere.fr\\\/blog\\\/pt\\\/brigitte-macron-suas-raras-confissoes-sobre-seu-encontro-e-sua-historia-com-emmanuel-macron\\\/#article\",\"isPartOf\":{\"@id\":\"https:\\\/\\\/www.sebastien-auziere.fr\\\/blog\\\/pt\\\/brigitte-macron-suas-raras-confissoes-sobre-seu-encontro-e-sua-historia-com-emmanuel-macron\\\/\"},\"author\":{\"name\":\"Celine\",\"@id\":\"https:\\\/\\\/www.sebastien-auziere.fr\\\/blog\\\/#\\\/schema\\\/person\\\/1e270a963009242469ed08b1c461f81f\"},\"headline\":\"Brigitte Macron: suas raras confiss\u00f5es sobre seu encontro e sua hist\u00f3ria com Emmanuel Macron\",\"datePublished\":\"2026-03-14T14:30:12+00:00\",\"dateModified\":\"2026-03-14T14:31:05+00:00\",\"mainEntityOfPage\":{\"@id\":\"https:\\\/\\\/www.sebastien-auziere.fr\\\/blog\\\/pt\\\/brigitte-macron-suas-raras-confissoes-sobre-seu-encontro-e-sua-historia-com-emmanuel-macron\\\/\"},\"wordCount\":1380,\"commentCount\":0,\"publisher\":{\"@id\":\"https:\\\/\\\/www.sebastien-auziere.fr\\\/blog\\\/#organization\"},\"image\":{\"@id\":\"https:\\\/\\\/www.sebastien-auziere.fr\\\/blog\\\/pt\\\/brigitte-macron-suas-raras-confissoes-sobre-seu-encontro-e-sua-historia-com-emmanuel-macron\\\/#primaryimage\"},\"thumbnailUrl\":\"https:\\\/\\\/www.sebastien-auziere.fr\\\/blog\\\/wp-content\\\/uploads\\\/2026\\\/03\\\/Capture-decran-2026-03-14-144614.jpg\",\"articleSection\":[\"Actualidades\"],\"inLanguage\":\"fr-FR\",\"potentialAction\":[{\"@type\":\"CommentAction\",\"name\":\"Comment\",\"target\":[\"https:\\\/\\\/www.sebastien-auziere.fr\\\/blog\\\/pt\\\/brigitte-macron-suas-raras-confissoes-sobre-seu-encontro-e-sua-historia-com-emmanuel-macron\\\/#respond\"]}]},{\"@type\":\"WebPage\",\"@id\":\"https:\\\/\\\/www.sebastien-auziere.fr\\\/blog\\\/pt\\\/brigitte-macron-suas-raras-confissoes-sobre-seu-encontro-e-sua-historia-com-emmanuel-macron\\\/\",\"url\":\"https:\\\/\\\/www.sebastien-auziere.fr\\\/blog\\\/pt\\\/brigitte-macron-suas-raras-confissoes-sobre-seu-encontro-e-sua-historia-com-emmanuel-macron\\\/\",\"name\":\"Brigitte Macron : ses confessions sur sa rencontre et son histoire avec Emmanuel Macron\",\"isPartOf\":{\"@id\":\"https:\\\/\\\/www.sebastien-auziere.fr\\\/blog\\\/#website\"},\"primaryImageOfPage\":{\"@id\":\"https:\\\/\\\/www.sebastien-auziere.fr\\\/blog\\\/pt\\\/brigitte-macron-suas-raras-confissoes-sobre-seu-encontro-e-sua-historia-com-emmanuel-macron\\\/#primaryimage\"},\"image\":{\"@id\":\"https:\\\/\\\/www.sebastien-auziere.fr\\\/blog\\\/pt\\\/brigitte-macron-suas-raras-confissoes-sobre-seu-encontro-e-sua-historia-com-emmanuel-macron\\\/#primaryimage\"},\"thumbnailUrl\":\"https:\\\/\\\/www.sebastien-auziere.fr\\\/blog\\\/wp-content\\\/uploads\\\/2026\\\/03\\\/Capture-decran-2026-03-14-144614.jpg\",\"datePublished\":\"2026-03-14T14:30:12+00:00\",\"dateModified\":\"2026-03-14T14:31:05+00:00\",\"description\":\"Dans Paris Match, Brigitte Macron a racont\u00e9 les d\u00e9buts de sa relation avec Emmanuel Macron : leur rencontre \u00e0 Amiens, la d\u00e9claration \u00e0 17 ans et un lien qui n'a jamais rompu.\",\"breadcrumb\":{\"@id\":\"https:\\\/\\\/www.sebastien-auziere.fr\\\/blog\\\/pt\\\/brigitte-macron-suas-raras-confissoes-sobre-seu-encontro-e-sua-historia-com-emmanuel-macron\\\/#breadcrumb\"},\"inLanguage\":\"fr-FR\",\"potentialAction\":[{\"@type\":\"ReadAction\",\"target\":[\"https:\\\/\\\/www.sebastien-auziere.fr\\\/blog\\\/pt\\\/brigitte-macron-suas-raras-confissoes-sobre-seu-encontro-e-sua-historia-com-emmanuel-macron\\\/\"]}]},{\"@type\":\"ImageObject\",\"inLanguage\":\"fr-FR\",\"@id\":\"https:\\\/\\\/www.sebastien-auziere.fr\\\/blog\\\/pt\\\/brigitte-macron-suas-raras-confissoes-sobre-seu-encontro-e-sua-historia-com-emmanuel-macron\\\/#primaryimage\",\"url\":\"https:\\\/\\\/www.sebastien-auziere.fr\\\/blog\\\/wp-content\\\/uploads\\\/2026\\\/03\\\/Capture-decran-2026-03-14-144614.jpg\",\"contentUrl\":\"https:\\\/\\\/www.sebastien-auziere.fr\\\/blog\\\/wp-content\\\/uploads\\\/2026\\\/03\\\/Capture-decran-2026-03-14-144614.jpg\",\"width\":1184,\"height\":754,\"caption\":\"Brigitte Macron : ses confessions rares sur sa rencontre et son histoire avec Emmanuel Macron\"},{\"@type\":\"BreadcrumbList\",\"@id\":\"https:\\\/\\\/www.sebastien-auziere.fr\\\/blog\\\/pt\\\/brigitte-macron-suas-raras-confissoes-sobre-seu-encontro-e-sua-historia-com-emmanuel-macron\\\/#breadcrumb\",\"itemListElement\":[{\"@type\":\"ListItem\",\"position\":1,\"name\":\"Home\",\"item\":\"https:\\\/\\\/www.sebastien-auziere.fr\\\/blog\\\/\"},{\"@type\":\"ListItem\",\"position\":2,\"name\":\"Brigitte Macron: suas raras confiss\u00f5es sobre seu encontro e sua hist\u00f3ria com Emmanuel Macron\"}]},{\"@type\":\"WebSite\",\"@id\":\"https:\\\/\\\/www.sebastien-auziere.fr\\\/blog\\\/#website\",\"url\":\"https:\\\/\\\/www.sebastien-auziere.fr\\\/blog\\\/\",\"name\":\"Fan site S\u00e9bastien Auzi\u00e8re\",\"description\":\"M\u00e9dia g\u00e9n\u00e9raliste\",\"publisher\":{\"@id\":\"https:\\\/\\\/www.sebastien-auziere.fr\\\/blog\\\/#organization\"},\"potentialAction\":[{\"@type\":\"SearchAction\",\"target\":{\"@type\":\"EntryPoint\",\"urlTemplate\":\"https:\\\/\\\/www.sebastien-auziere.fr\\\/blog\\\/?s={search_term_string}\"},\"query-input\":{\"@type\":\"PropertyValueSpecification\",\"valueRequired\":true,\"valueName\":\"search_term_string\"}}],\"inLanguage\":\"fr-FR\"},{\"@type\":\"Organization\",\"@id\":\"https:\\\/\\\/www.sebastien-auziere.fr\\\/blog\\\/#organization\",\"name\":\"Fan site S\u00e9bastien Auzi\u00e8re\",\"url\":\"https:\\\/\\\/www.sebastien-auziere.fr\\\/blog\\\/\",\"logo\":{\"@type\":\"ImageObject\",\"inLanguage\":\"fr-FR\",\"@id\":\"https:\\\/\\\/www.sebastien-auziere.fr\\\/blog\\\/#\\\/schema\\\/logo\\\/image\\\/\",\"url\":\"https:\\\/\\\/www.sebastien-auziere.fr\\\/blog\\\/wp-content\\\/uploads\\\/2026\\\/03\\\/cropped-cropped-cropped-ChatGPT-Image-6-mars-2026-12_58_09-e1772798376794.jpg\",\"contentUrl\":\"https:\\\/\\\/www.sebastien-auziere.fr\\\/blog\\\/wp-content\\\/uploads\\\/2026\\\/03\\\/cropped-cropped-cropped-ChatGPT-Image-6-mars-2026-12_58_09-e1772798376794.jpg\",\"width\":512,\"height\":360,\"caption\":\"Fan site S\u00e9bastien Auzi\u00e8re\"},\"image\":{\"@id\":\"https:\\\/\\\/www.sebastien-auziere.fr\\\/blog\\\/#\\\/schema\\\/logo\\\/image\\\/\"}},{\"@type\":\"Person\",\"@id\":\"https:\\\/\\\/www.sebastien-auziere.fr\\\/blog\\\/#\\\/schema\\\/person\\\/1e270a963009242469ed08b1c461f81f\",\"name\":\"Celine\",\"image\":{\"@type\":\"ImageObject\",\"inLanguage\":\"fr-FR\",\"@id\":\"https:\\\/\\\/secure.gravatar.com\\\/avatar\\\/c88d569fbe1fe19a13c7f21ee0f8973822df96073df21850b95af6a09ba820c9?s=96&d=mm&r=g\",\"url\":\"https:\\\/\\\/secure.gravatar.com\\\/avatar\\\/c88d569fbe1fe19a13c7f21ee0f8973822df96073df21850b95af6a09ba820c9?s=96&d=mm&r=g\",\"contentUrl\":\"https:\\\/\\\/secure.gravatar.com\\\/avatar\\\/c88d569fbe1fe19a13c7f21ee0f8973822df96073df21850b95af6a09ba820c9?s=96&d=mm&r=g\",\"caption\":\"Celine\"},\"description\":\"Je m'appelle C\u00e9line, j'ai 31 ans et je suis journaliste sp\u00e9cialis\u00e9e dans le cin\u00e9ma. Passionn\u00e9e par le septi\u00e8me art, j'explore les actualit\u00e9s, les critiques et les tendances du monde cin\u00e9matographique. Mon objectif est de partager ma passion et d'informer les amateurs de films \u00e0 travers des articles percutants et des analyses approfondies.\",\"url\":\"https:\\\/\\\/www.sebastien-auziere.fr\\\/blog\\\/author\\\/celine\\\/\"}]}<\/script>\n<!-- \/ Yoast SEO plugin. -->","yoast_head_json":{"title":"Brigitte Macron : ses confessions sur sa rencontre et son histoire avec Emmanuel Macron","description":"Dans Paris Match, Brigitte Macron a racont\u00e9 les d\u00e9buts de sa relation avec Emmanuel Macron : leur rencontre \u00e0 Amiens, la d\u00e9claration \u00e0 17 ans et un lien qui n'a jamais rompu.","robots":{"index":"index","follow":"follow","max-snippet":"max-snippet:-1","max-image-preview":"max-image-preview:large","max-video-preview":"max-video-preview:-1"},"canonical":"https:\/\/www.sebastien-auziere.fr\/blog\/pt\/brigitte-macron-suas-raras-confissoes-sobre-seu-encontro-e-sua-historia-com-emmanuel-macron\/","og_locale":"fr_FR","og_type":"article","og_title":"Brigitte Macron : ses confessions sur sa rencontre et son histoire avec Emmanuel Macron","og_description":"Dans Paris Match, Brigitte Macron a racont\u00e9 les d\u00e9buts de sa relation avec Emmanuel Macron : leur rencontre \u00e0 Amiens, la d\u00e9claration \u00e0 17 ans et un lien qui n'a jamais rompu.","og_url":"https:\/\/www.sebastien-auziere.fr\/blog\/pt\/brigitte-macron-suas-raras-confissoes-sobre-seu-encontro-e-sua-historia-com-emmanuel-macron\/","og_site_name":"Fan site S\u00e9bastien Auzi\u00e8re","article_published_time":"2026-03-14T14:30:12+00:00","article_modified_time":"2026-03-14T14:31:05+00:00","og_image":[{"width":1184,"height":754,"url":"https:\/\/www.sebastien-auziere.fr\/blog\/wp-content\/uploads\/2026\/03\/Capture-decran-2026-03-14-144614.jpg","type":"image\/jpeg"}],"author":"Celine","twitter_card":"summary_large_image","twitter_misc":{"\u00c9crit par":"Celine","Dur\u00e9e de lecture estim\u00e9e":"7 minutes"},"schema":{"@context":"https:\/\/schema.org","@graph":[{"@type":"Article","@id":"https:\/\/www.sebastien-auziere.fr\/blog\/pt\/brigitte-macron-suas-raras-confissoes-sobre-seu-encontro-e-sua-historia-com-emmanuel-macron\/#article","isPartOf":{"@id":"https:\/\/www.sebastien-auziere.fr\/blog\/pt\/brigitte-macron-suas-raras-confissoes-sobre-seu-encontro-e-sua-historia-com-emmanuel-macron\/"},"author":{"name":"Celine","@id":"https:\/\/www.sebastien-auziere.fr\/blog\/#\/schema\/person\/1e270a963009242469ed08b1c461f81f"},"headline":"Brigitte Macron: suas raras confiss\u00f5es sobre seu encontro e sua hist\u00f3ria com Emmanuel Macron","datePublished":"2026-03-14T14:30:12+00:00","dateModified":"2026-03-14T14:31:05+00:00","mainEntityOfPage":{"@id":"https:\/\/www.sebastien-auziere.fr\/blog\/pt\/brigitte-macron-suas-raras-confissoes-sobre-seu-encontro-e-sua-historia-com-emmanuel-macron\/"},"wordCount":1380,"commentCount":0,"publisher":{"@id":"https:\/\/www.sebastien-auziere.fr\/blog\/#organization"},"image":{"@id":"https:\/\/www.sebastien-auziere.fr\/blog\/pt\/brigitte-macron-suas-raras-confissoes-sobre-seu-encontro-e-sua-historia-com-emmanuel-macron\/#primaryimage"},"thumbnailUrl":"https:\/\/www.sebastien-auziere.fr\/blog\/wp-content\/uploads\/2026\/03\/Capture-decran-2026-03-14-144614.jpg","articleSection":["Actualidades"],"inLanguage":"fr-FR","potentialAction":[{"@type":"CommentAction","name":"Comment","target":["https:\/\/www.sebastien-auziere.fr\/blog\/pt\/brigitte-macron-suas-raras-confissoes-sobre-seu-encontro-e-sua-historia-com-emmanuel-macron\/#respond"]}]},{"@type":"WebPage","@id":"https:\/\/www.sebastien-auziere.fr\/blog\/pt\/brigitte-macron-suas-raras-confissoes-sobre-seu-encontro-e-sua-historia-com-emmanuel-macron\/","url":"https:\/\/www.sebastien-auziere.fr\/blog\/pt\/brigitte-macron-suas-raras-confissoes-sobre-seu-encontro-e-sua-historia-com-emmanuel-macron\/","name":"Brigitte Macron : ses confessions sur sa rencontre et son histoire avec Emmanuel Macron","isPartOf":{"@id":"https:\/\/www.sebastien-auziere.fr\/blog\/#website"},"primaryImageOfPage":{"@id":"https:\/\/www.sebastien-auziere.fr\/blog\/pt\/brigitte-macron-suas-raras-confissoes-sobre-seu-encontro-e-sua-historia-com-emmanuel-macron\/#primaryimage"},"image":{"@id":"https:\/\/www.sebastien-auziere.fr\/blog\/pt\/brigitte-macron-suas-raras-confissoes-sobre-seu-encontro-e-sua-historia-com-emmanuel-macron\/#primaryimage"},"thumbnailUrl":"https:\/\/www.sebastien-auziere.fr\/blog\/wp-content\/uploads\/2026\/03\/Capture-decran-2026-03-14-144614.jpg","datePublished":"2026-03-14T14:30:12+00:00","dateModified":"2026-03-14T14:31:05+00:00","description":"Dans Paris Match, Brigitte Macron a racont\u00e9 les d\u00e9buts de sa relation avec Emmanuel Macron : leur rencontre \u00e0 Amiens, la d\u00e9claration \u00e0 17 ans et un lien qui n'a jamais rompu.","breadcrumb":{"@id":"https:\/\/www.sebastien-auziere.fr\/blog\/pt\/brigitte-macron-suas-raras-confissoes-sobre-seu-encontro-e-sua-historia-com-emmanuel-macron\/#breadcrumb"},"inLanguage":"fr-FR","potentialAction":[{"@type":"ReadAction","target":["https:\/\/www.sebastien-auziere.fr\/blog\/pt\/brigitte-macron-suas-raras-confissoes-sobre-seu-encontro-e-sua-historia-com-emmanuel-macron\/"]}]},{"@type":"ImageObject","inLanguage":"fr-FR","@id":"https:\/\/www.sebastien-auziere.fr\/blog\/pt\/brigitte-macron-suas-raras-confissoes-sobre-seu-encontro-e-sua-historia-com-emmanuel-macron\/#primaryimage","url":"https:\/\/www.sebastien-auziere.fr\/blog\/wp-content\/uploads\/2026\/03\/Capture-decran-2026-03-14-144614.jpg","contentUrl":"https:\/\/www.sebastien-auziere.fr\/blog\/wp-content\/uploads\/2026\/03\/Capture-decran-2026-03-14-144614.jpg","width":1184,"height":754,"caption":"Brigitte Macron : ses confessions rares sur sa rencontre et son histoire avec Emmanuel Macron"},{"@type":"BreadcrumbList","@id":"https:\/\/www.sebastien-auziere.fr\/blog\/pt\/brigitte-macron-suas-raras-confissoes-sobre-seu-encontro-e-sua-historia-com-emmanuel-macron\/#breadcrumb","itemListElement":[{"@type":"ListItem","position":1,"name":"Home","item":"https:\/\/www.sebastien-auziere.fr\/blog\/"},{"@type":"ListItem","position":2,"name":"Brigitte Macron: suas raras confiss\u00f5es sobre seu encontro e sua hist\u00f3ria com Emmanuel Macron"}]},{"@type":"WebSite","@id":"https:\/\/www.sebastien-auziere.fr\/blog\/#website","url":"https:\/\/www.sebastien-auziere.fr\/blog\/","name":"Fan site S\u00e9bastien Auzi\u00e8re","description":"M\u00e9dia g\u00e9n\u00e9raliste","publisher":{"@id":"https:\/\/www.sebastien-auziere.fr\/blog\/#organization"},"potentialAction":[{"@type":"SearchAction","target":{"@type":"EntryPoint","urlTemplate":"https:\/\/www.sebastien-auziere.fr\/blog\/?s={search_term_string}"},"query-input":{"@type":"PropertyValueSpecification","valueRequired":true,"valueName":"search_term_string"}}],"inLanguage":"fr-FR"},{"@type":"Organization","@id":"https:\/\/www.sebastien-auziere.fr\/blog\/#organization","name":"Fan site S\u00e9bastien Auzi\u00e8re","url":"https:\/\/www.sebastien-auziere.fr\/blog\/","logo":{"@type":"ImageObject","inLanguage":"fr-FR","@id":"https:\/\/www.sebastien-auziere.fr\/blog\/#\/schema\/logo\/image\/","url":"https:\/\/www.sebastien-auziere.fr\/blog\/wp-content\/uploads\/2026\/03\/cropped-cropped-cropped-ChatGPT-Image-6-mars-2026-12_58_09-e1772798376794.jpg","contentUrl":"https:\/\/www.sebastien-auziere.fr\/blog\/wp-content\/uploads\/2026\/03\/cropped-cropped-cropped-ChatGPT-Image-6-mars-2026-12_58_09-e1772798376794.jpg","width":512,"height":360,"caption":"Fan site S\u00e9bastien Auzi\u00e8re"},"image":{"@id":"https:\/\/www.sebastien-auziere.fr\/blog\/#\/schema\/logo\/image\/"}},{"@type":"Person","@id":"https:\/\/www.sebastien-auziere.fr\/blog\/#\/schema\/person\/1e270a963009242469ed08b1c461f81f","name":"Celine","image":{"@type":"ImageObject","inLanguage":"fr-FR","@id":"https:\/\/secure.gravatar.com\/avatar\/c88d569fbe1fe19a13c7f21ee0f8973822df96073df21850b95af6a09ba820c9?s=96&d=mm&r=g","url":"https:\/\/secure.gravatar.com\/avatar\/c88d569fbe1fe19a13c7f21ee0f8973822df96073df21850b95af6a09ba820c9?s=96&d=mm&r=g","contentUrl":"https:\/\/secure.gravatar.com\/avatar\/c88d569fbe1fe19a13c7f21ee0f8973822df96073df21850b95af6a09ba820c9?s=96&d=mm&r=g","caption":"Celine"},"description":"Je m'appelle C\u00e9line, j'ai 31 ans et je suis journaliste sp\u00e9cialis\u00e9e dans le cin\u00e9ma. Passionn\u00e9e par le septi\u00e8me art, j'explore les actualit\u00e9s, les critiques et les tendances du monde cin\u00e9matographique. Mon objectif est de partager ma passion et d'informer les amateurs de films \u00e0 travers des articles percutants et des analyses approfondies.","url":"https:\/\/www.sebastien-auziere.fr\/blog\/author\/celine\/"}]}},"views":6,"_links":{"self":[{"href":"https:\/\/www.sebastien-auziere.fr\/blog\/wp-json\/wp\/v2\/posts\/2512","targetHints":{"allow":["GET"]}}],"collection":[{"href":"https:\/\/www.sebastien-auziere.fr\/blog\/wp-json\/wp\/v2\/posts"}],"about":[{"href":"https:\/\/www.sebastien-auziere.fr\/blog\/wp-json\/wp\/v2\/types\/post"}],"author":[{"embeddable":true,"href":"https:\/\/www.sebastien-auziere.fr\/blog\/wp-json\/wp\/v2\/users\/4"}],"replies":[{"embeddable":true,"href":"https:\/\/www.sebastien-auziere.fr\/blog\/wp-json\/wp\/v2\/comments?post=2512"}],"version-history":[{"count":1,"href":"https:\/\/www.sebastien-auziere.fr\/blog\/wp-json\/wp\/v2\/posts\/2512\/revisions"}],"predecessor-version":[{"id":2513,"href":"https:\/\/www.sebastien-auziere.fr\/blog\/wp-json\/wp\/v2\/posts\/2512\/revisions\/2513"}],"wp:featuredmedia":[{"embeddable":true,"href":"https:\/\/www.sebastien-auziere.fr\/blog\/wp-json\/wp\/v2\/media\/2493"}],"wp:attachment":[{"href":"https:\/\/www.sebastien-auziere.fr\/blog\/wp-json\/wp\/v2\/media?parent=2512"}],"wp:term":[{"taxonomy":"category","embeddable":true,"href":"https:\/\/www.sebastien-auziere.fr\/blog\/wp-json\/wp\/v2\/categories?post=2512"},{"taxonomy":"post_tag","embeddable":true,"href":"https:\/\/www.sebastien-auziere.fr\/blog\/wp-json\/wp\/v2\/tags?post=2512"}],"curies":[{"name":"wp","href":"https:\/\/api.w.org\/{rel}","templated":true}]}}