{"id":2510,"date":"2026-03-14T14:28:15","date_gmt":"2026-03-14T14:28:15","guid":{"rendered":"https:\/\/www.sebastien-auziere.fr\/blog\/?p=2510"},"modified":"2026-03-14T14:29:10","modified_gmt":"2026-03-14T14:29:10","slug":"brigitte-macron-le-sue-rare-confessioni-sulla-sua-incontro-e-la-sua-storia-con-emmanuel-macron","status":"publish","type":"post","link":"https:\/\/www.sebastien-auziere.fr\/blog\/it\/brigitte-macron-le-sue-rare-confessioni-sulla-sua-incontro-e-la-sua-storia-con-emmanuel-macron\/","title":{"rendered":"Brigitte Macron: le sue rare confessioni sulla sua incontro e la sua storia con Emmanuel Macron"},"content":{"rendered":"<p><title>Brigitte Macron: le sue confessioni sulla sua incontro e storia con Emmanuel Macron<\/title><\/p>\n<p>  body { font-size: 16px; line-height: 1.7; }<br \/>\n  h2 { font-size: 1.4em; color: #2c2c2c; border-left: 4px solid #b8860b; padding-left: 10px; margin-top: 40px; }<br \/>\n  h3 { font-size: 1.15em; color: #333; margin-top: 24px; }<br \/>\n  .intro-box { background: #fdf9f0; border-left: 5px solid #b8860b; padding: 16px 20px; border-radius: 4px; margin: 0 0 30px; }<br \/>\n  .intro-box p { margin: 0; }<br \/>\n  blockquote { border-left: 4px solid #b8860b; margin: 24px 0; padding: 12px 20px; background: #fdf9f0; font-style: italic; color: #444; }<br \/>\n  ul li, ol li { margin-bottom: 6px; }<br \/>\n  a { color: #b8860b; }<br \/>\n  .faq dt { font-weight: bold; margin-top: 18px; color: #2c2c2c; }<br \/>\n  .faq dd { margin: 6px 0 12px 0; }<\/p>\n<div class=\"intro-box\">\n<p><strong>In breve:<\/strong> In un&rsquo;intervista concessa a <em>Paris Match<\/em>, Brigitte Macron ha svelato i primi periodi della sua relazione con Emmanuel Macron: il loro incontro ad Amiens, la dichiarazione a 17 anni, il divorzio e un attaccamento che non ha mai ceduto nonostante gli ostacoli.<\/p>\n<\/div>\n<p>La loro storia affascina da anni. Ben prima dell&rsquo;\u00c9lys\u00e9e, ben prima delle luci della ribalta, Emmanuel e Brigitte Macron hanno costruito una relazione straordinaria, nata nei corridoi di un liceo ami\u00e9nois. Una relazione che la Prima donna ha accettato di raccontare con una rara franchezza, svelando i momenti fondanti di questa coppia singolare.<\/p>\n<h2>Un incontro ad Amiens, tra teatro e scrittura<\/h2>\n<p>Tutto inizia ad Amiens, negli anni &rsquo;90. Brigitte Auzi\u00e8re insegna lettere al liceo La Providence. Emmanuel Macron, invece, \u00e8 solo un liceale appassionato di teatro e scrittura. \u00c8 in questo contesto \u2014 i laboratori di scrittura del venerd\u00ec, le prove \u2014 che nasce tra loro una complicit\u00e0 intellettuale inizialmente, poi qualcosa di molto pi\u00f9 profondo.<\/p>\n<p>Nell&rsquo;intervista a <em>Paris Match<\/em>, Brigitte Macron descrive questo scivolamento progressivo, questa attrazione reciproca che si \u00e8 imposta nonostante le circostanze:<\/p>\n<blockquote><p>\u00ab La scrittura ci univa ogni venerd\u00ec e ha scatenato una vicino incredibile. Ha preso un grande ascendente su di me\u2026 Ho sentito che stavo scivolando, anche lui\u2026 Allora gli ho chiesto di andare a Parigi, al liceo Henri IV, per il suo ultimo anno di scuola. Mi ha assicurato che sarebbe tornato. \u00c8 stato uno strappo. Non abbiamo spezzato il filo. \u00bb<\/p><\/blockquote>\n<h2>La dichiarazione a 17 anni: \u00ab Qualunque cosa facciate, vi sposer\u00f2 \u00bb<\/h2>\n<p>La distanza tra Parigi e Amiens non ha raffreddato i sentimenti. Al contrario. Brigitte Macron racconta che l&rsquo;allontanamento ha reso la loro relazione ancora pi\u00f9 intensa, sostenuta da una determinazione rara per un adolescente. Ricorda una frase che rimarr\u00e0 impressa:<\/p>\n<blockquote><p>\u00ab Al contrario, \u00e8 diventato passionale e, a 17 anni, Emmanuel mi ha detto: \u00ab\u00a0Qualunque cosa facciate, vi sposer\u00f2!\u00a0\u00bb L&rsquo;amore ha travolto tutto sul suo cammino e mi ha condotta al divorzio. Impossibile resistergli. I miei genitori, gi\u00e0 anziani, non volevano sapere troppo\u2026 Quanto a me, le differenze di et\u00e0 ero abituata a viverle fin dall&rsquo;infanzia. L&rsquo;essenziale era proteggere i miei, che hanno accettato questi sconvolgimenti. Il resto \u00e8 solo schiuma. \u00bb<\/p><\/blockquote>\n<p>Questa dichiarazione, pronunciata quando Emmanuel Macron aveva 17 anni e Brigitte 24 anni in pi\u00f9, dice molto del carattere dell&rsquo;uomo che diventer\u00e0 presidente. Una convinzione assoluta, espressa fin dall&rsquo;adolescenza, che si \u00e8 realizzata nel 2007: la coppia si sposa a Le Touquet, dopo che Brigitte Macron ha divorziato dal suo primo marito, Andr\u00e9-Louis Auzi\u00e8re.<\/p>\n<h2>Il divorzio, gli sguardi esterni, la famiglia<\/h2>\n<p>La relazione non \u00e8 stata senza attriti. Brigitte Macron evoca con pudore il peso degli sguardi, la necessit\u00e0 di proteggere i suoi figli e i suoi cari da una situazione poco ordinaria. Assumendo cos\u00ec una doppia vita \u2014 madre di famiglia, insegnante rispettata \u2014 mentre viveva una storia che non poteva ancora rendere pubblica.<\/p>\n<p>Insiste su un punto: la sua priorit\u00e0 \u00e8 sempre stata quella di \u00ab preservare i propri \u00bb. I suoi tre figli \u2014 S\u00e9bastien, Laurence e Tiphaine Auzi\u00e8re \u2014 hanno alla fine accettato questa realt\u00e0, anche se il percorso non \u00e8 stato semplice.<\/p>\n<h2>Prima donna ma mai nell&rsquo;ombra<\/h2>\n<p>Da \u00c9lys\u00e9e, Brigitte Macron ha definito il suo ruolo: presente, attenta, ma senza una funzione ufficiale. Descrive un supporto quotidiano, fatto di scambi costanti con il capo dello Stato:<\/p>\n<blockquote><p>\u00ab Se prendo la vita con leggerezza, ho comunque l&rsquo;orecchio che si fa attento. E come ogni sera, discutiamo insieme e ci ripetiamo ci\u00f2 che abbiamo sentito l&rsquo;uno sull&rsquo;altro. Devo essere attenta a tutto, fare il massimo per proteggerlo. \u00bb<\/p><\/blockquote>\n<p>Un ruolo informale ma reale, che la rende ben pi\u00f9 di una semplice accompagnatrice. Brigitte Macron \u00e8 descritta dai vicini della coppia come una confidente e una osservatrice attenta della vita politica francese.<\/p>\n<h2>Una storia che continua a affascinare<\/h2>\n<p>Quasi trent&rsquo;anni dopo il loro incontro ad Amiens, la loro relazione resta una delle pi\u00f9 commentate della vita pubblica francese. La differenza di et\u00e0 \u2014 24 anni \u2014 il contesto del loro incontro, il divorzio, la promessa mantenuta: tanti elementi che alimentano una fascinazione duratura, ben oltre il solo cerchio politico.<\/p>\n<p>Brigitte Macron, lei, accetta. Non cerca di riscrivere la storia, n\u00e9 di attenuarne le asperit\u00e0. La racconta cos\u00ec come si \u00e8 svolta \u2014 con le sue rotture, i suoi slanci e la sua parte di inevitabile.<\/p>\n<h2>FAQ \u2014 Brigitte ed Emmanuel Macron: la loro storia<\/h2>\n<dl class=\"faq\">\n<dt>Come si sono incontrati Brigitte ed Emmanuel Macron?<\/dt>\n<dd>Si sono incontrati ad Amiens, al liceo La Providence, dove Brigitte insegnava lettere e teatro. Emmanuel Macron era allora il suo allievo, appassionato di scrittura e teatro.<\/dd>\n<dt>Quale et\u00e0 aveva Emmanuel Macron quando ha dichiarato di voler sposare Brigitte?<\/dt>\n<dd>Aveva 17 anni quando le ha detto: \u00ab Qualunque cosa facciate, vi sposer\u00f2. \u00bb Una promessa che ha mantenuto.<\/dd>\n<dt>Qual \u00e8 la differenza di et\u00e0 tra Brigitte ed Emmanuel Macron?<\/dt>\n<dd>Brigitte Macron ha 24 anni pi\u00f9 di Emmanuel Macron. \u00c8 nata nel 1953, lui nel 1977.<\/dd>\n<dt>Quando si sono sposati Emmanuel e Brigitte Macron?<\/dt>\n<dd>Si sono sposati nel 2007 a Le Touquet, dopo il divorzio di Brigitte dal suo primo marito Andr\u00e9-Louis Auzi\u00e8re.<\/dd>\n<dt>Brigitte Macron ha dei figli?<\/dt>\n<dd>S\u00ec, ha tre figli dal suo primo matrimonio: S\u00e9bastien, Laurence e Tiphaine Auzi\u00e8re.<\/dd>\n<dt>Qual \u00e8 il ruolo di Brigitte Macron all&rsquo;\u00c9lys\u00e9e?<\/dt>\n<dd>Non ha una funzione ufficiale, ma svolge un ruolo di confidente e supporto quotidiano per il presidente. Descrive uno scambio costante con lui su ci\u00f2 che osservano ognuno dal proprio lato.<\/dd>\n<\/dl>\n<p>{<br \/>\n  \u00ab\u00a0@context\u00a0\u00bb: \u00ab\u00a0https:\/\/schema.org\u00a0\u00bb,<br \/>\n  \u00ab\u00a0@type\u00a0\u00bb: \u00ab\u00a0Article\u00a0\u00bb,<br \/>\n  \u00ab\u00a0headline\u00a0\u00bb: \u00ab\u00a0Brigitte Macron: le sue confessioni sulla sua incontro e storia con Emmanuel Macron\u00a0\u00bb,<br \/>\n  \u00ab\u00a0description\u00a0\u00bb: \u00ab\u00a0In Paris Match, Brigitte Macron ha raccontato i primi periodi della sua relazione con Emmanuel Macron: il loro incontro ad Amiens, la dichiarazione a 17 anni e un legame che non si \u00e8 mai spezzato.\u00a0\u00bb,<br \/>\n  \u00ab\u00a0inLanguage\u00a0\u00bb: \u00ab\u00a0it\u00a0\u00bb,<br \/>\n  \u00ab\u00a0datePublished\u00a0\u00bb: \u00ab\u00a02026-03-13\u00a0\u00bb,<br \/>\n  \u00ab\u00a0dateModified\u00a0\u00bb: \u00ab\u00a02026-03-13\u00a0\u00bb,<br \/>\n  \u00ab\u00a0about\u00a0\u00bb: [<br \/>\n    { \u00ab\u00a0@type\u00a0\u00bb: \u00ab\u00a0Person\u00a0\u00bb, \u00ab\u00a0name\u00a0\u00bb: \u00ab\u00a0Brigitte Macron\u00a0\u00bb },<br \/>\n    { \u00ab\u00a0@type\u00a0\u00bb: \u00ab\u00a0Person\u00a0\u00bb, \u00ab\u00a0name\u00a0\u00bb: \u00ab\u00a0Emmanuel Macron\u00a0\u00bb }<br \/>\n  ]<br \/>\n}<\/p>\n<p>{<br \/>\n  \u00ab\u00a0@context\u00a0\u00bb: \u00ab\u00a0https:\/\/schema.org\u00a0\u00bb,<br \/>\n  \u00ab\u00a0@type\u00a0\u00bb: \u00ab\u00a0FAQPage\u00a0\u00bb,<br \/>\n  \u00ab\u00a0mainEntity\u00a0\u00bb: [<br \/>\n    {<br \/>\n      \u00ab\u00a0@type\u00a0\u00bb: \u00ab\u00a0Question\u00a0\u00bb,<br \/>\n      \u00ab\u00a0name\u00a0\u00bb: \u00ab\u00a0Come si sono incontrati Brigitte ed Emmanuel Macron?\u00a0\u00bb,<br \/>\n      \u00ab\u00a0acceptedAnswer\u00a0\u00bb: { \u00ab\u00a0@type\u00a0\u00bb: \u00ab\u00a0Answer\u00a0\u00bb, \u00ab\u00a0text\u00a0\u00bb: \u00ab\u00a0Al liceo La Providence ad Amiens, dove Brigitte insegnava lettere ed Emmanuel era il suo allievo appassionato di scrittura e teatro.\u00a0\u00bb }<br \/>\n    },<br \/>\n    {<br \/>\n      \u00ab\u00a0@type\u00a0\u00bb: \u00ab\u00a0Question\u00a0\u00bb,<br \/>\n      \u00ab\u00a0name\u00a0\u00bb: \u00ab\u00a0Quale et\u00e0 aveva Emmanuel Macron quando ha dichiarato di voler sposare Brigitte?\u00a0\u00bb,<br \/>\n      \u00ab\u00a0acceptedAnswer\u00a0\u00bb: { \u00ab\u00a0@type\u00a0\u00bb: \u00ab\u00a0Answer\u00a0\u00bb, \u00ab\u00a0text\u00a0\u00bb: \u00ab\u00a0Aveva 17 anni quando le ha detto: &lsquo;Qualunque cosa facciate, vi sposer\u00f2.'\u00a0\u00bb }<br \/>\n    },<br \/>\n    {<br \/>\n      \u00ab\u00a0@type\u00a0\u00bb: \u00ab\u00a0Question\u00a0\u00bb,<br \/>\n      \u00ab\u00a0name\u00a0\u00bb: \u00ab\u00a0Qual \u00e8 la differenza di et\u00e0 tra Brigitte ed Emmanuel Macron?\u00a0\u00bb,<br \/>\n      \u00ab\u00a0acceptedAnswer\u00a0\u00bb: { \u00ab\u00a0@type\u00a0\u00bb: \u00ab\u00a0Answer\u00a0\u00bb, \u00ab\u00a0text\u00a0\u00bb: \u00ab\u00a0Brigitte Macron ha 24 anni pi\u00f9 di Emmanuel Macron.\u00a0\u00bb }<br \/>\n    },<br \/>\n    {<br \/>\n      \u00ab\u00a0@type\u00a0\u00bb: \u00ab\u00a0Question\u00a0\u00bb,<br \/>\n      \u00ab\u00a0name\u00a0\u00bb: \u00ab\u00a0Quando si sono sposati Emmanuel e Brigitte Macron?\u00a0\u00bb,<br \/>\n      \u00ab\u00a0acceptedAnswer\u00a0\u00bb: { \u00ab\u00a0@type\u00a0\u00bb: \u00ab\u00a0Answer\u00a0\u00bb, \u00ab\u00a0text\u00a0\u00bb: \u00ab\u00a0Nel 2007 a Le Touquet, dopo il divorzio di Brigitte dal suo primo marito Andr\u00e9-Louis Auzi\u00e8re.\u00a0\u00bb }<br \/>\n    },<br \/>\n    {<br \/>\n      \u00ab\u00a0@type\u00a0\u00bb: \u00ab\u00a0Question\u00a0\u00bb,<br \/>\n      \u00ab\u00a0name\u00a0\u00bb: \u00ab\u00a0Brigitte Macron ha dei figli?\u00a0\u00bb,<br \/>\n      \u00ab\u00a0acceptedAnswer\u00a0\u00bb: { \u00ab\u00a0@type\u00a0\u00bb: \u00ab\u00a0Answer\u00a0\u00bb, \u00ab\u00a0text\u00a0\u00bb: \u00ab\u00a0S\u00ec, tre figli dal suo primo matrimonio: S\u00e9bastien, Laurence e Tiphaine Auzi\u00e8re.\u00a0\u00bb }<br \/>\n    },<br \/>\n    {<br \/>\n      \u00ab\u00a0@type\u00a0\u00bb: \u00ab\u00a0Question\u00a0\u00bb,<br \/>\n      \u00ab\u00a0name\u00a0\u00bb: \u00ab\u00a0Qual \u00e8 il ruolo di Brigitte Macron all&rsquo;\u00c9lys\u00e9e?\u00a0\u00bb,<br \/>\n      \u00ab\u00a0acceptedAnswer\u00a0\u00bb: { \u00ab\u00a0@type\u00a0\u00bb: \u00ab\u00a0Answer\u00a0\u00bb, \u00ab\u00a0text\u00a0\u00bb: \u00ab\u00a0Nessuna funzione ufficiale, ma un ruolo di confidente e supporto quotidiano. Ogni sera scambia con il presidente su ci\u00f2 che hanno osservato ciascuno dal proprio lato.\u00a0\u00bb }<br \/>\n    }<br \/>\n  ]<br \/>\n}<\/p>\n","protected":false},"excerpt":{"rendered":"<p>Brigitte Macron: le sue confessioni sulla sua incontro e storia con Emmanuel Macron body { font-size: 16px; line-height: 1.7; } h2 { font-size: 1.4em; color: #2c2c2c; border-left: 4px solid #b8860b; padding-left: 10px; margin-top: 40px; } h3 { font-size: 1.15em; color: #333; margin-top: 24px; } .intro-box { background: #fdf9f0; border-left: 5px solid #b8860b; padding: 16px 20px; &#8230; <a title=\"Brigitte Macron: le sue rare confessioni sulla sua incontro e la sua storia con Emmanuel Macron\" class=\"read-more\" href=\"https:\/\/www.sebastien-auziere.fr\/blog\/it\/brigitte-macron-le-sue-rare-confessioni-sulla-sua-incontro-e-la-sua-storia-con-emmanuel-macron\/\" aria-label=\"En savoir plus sur Brigitte Macron: le sue rare confessioni sulla sua incontro e la sua storia con Emmanuel Macron\">Lire plus<\/a><\/p>\n","protected":false},"author":4,"featured_media":2493,"comment_status":"open","ping_status":"open","sticky":false,"template":"","format":"standard","meta":{"footnotes":""},"categories":[859,843],"tags":[],"class_list":["post-2510","post","type-post","status-publish","format-standard","has-post-thumbnail","hentry","category-actualita-it","category-non-classe-it"],"yoast_head":"<!-- This site is optimized with the Yoast SEO plugin v27.5 - https:\/\/yoast.com\/product\/yoast-seo-wordpress\/ -->\n<title>Brigitte Macron : ses confessions sur sa rencontre et son histoire avec Emmanuel Macron<\/title>\n<meta name=\"description\" content=\"Dans Paris Match, Brigitte Macron a racont\u00e9 les d\u00e9buts de sa relation avec Emmanuel Macron : leur rencontre \u00e0 Amiens, la d\u00e9claration \u00e0 17 ans et un lien qui n&#039;a jamais rompu.\" \/>\n<meta name=\"robots\" content=\"index, follow, max-snippet:-1, max-image-preview:large, max-video-preview:-1\" \/>\n<link rel=\"canonical\" href=\"https:\/\/www.sebastien-auziere.fr\/blog\/it\/brigitte-macron-le-sue-rare-confessioni-sulla-sua-incontro-e-la-sua-storia-con-emmanuel-macron\/\" \/>\n<meta property=\"og:locale\" content=\"fr_FR\" \/>\n<meta property=\"og:type\" content=\"article\" \/>\n<meta property=\"og:title\" content=\"Brigitte Macron : ses confessions sur sa rencontre et son histoire avec Emmanuel Macron\" \/>\n<meta property=\"og:description\" content=\"Dans Paris Match, Brigitte Macron a racont\u00e9 les d\u00e9buts de sa relation avec Emmanuel Macron : leur rencontre \u00e0 Amiens, la d\u00e9claration \u00e0 17 ans et un lien qui n&#039;a jamais rompu.\" \/>\n<meta property=\"og:url\" content=\"https:\/\/www.sebastien-auziere.fr\/blog\/it\/brigitte-macron-le-sue-rare-confessioni-sulla-sua-incontro-e-la-sua-storia-con-emmanuel-macron\/\" \/>\n<meta property=\"og:site_name\" content=\"Fan site S\u00e9bastien Auzi\u00e8re\" \/>\n<meta property=\"article:published_time\" content=\"2026-03-14T14:28:15+00:00\" \/>\n<meta property=\"article:modified_time\" content=\"2026-03-14T14:29:10+00:00\" \/>\n<meta property=\"og:image\" content=\"https:\/\/www.sebastien-auziere.fr\/blog\/wp-content\/uploads\/2026\/03\/Capture-decran-2026-03-14-144614.jpg\" \/>\n\t<meta property=\"og:image:width\" content=\"1184\" \/>\n\t<meta property=\"og:image:height\" content=\"754\" \/>\n\t<meta property=\"og:image:type\" content=\"image\/jpeg\" \/>\n<meta name=\"author\" content=\"Celine\" \/>\n<meta name=\"twitter:card\" content=\"summary_large_image\" \/>\n<meta name=\"twitter:label1\" content=\"\u00c9crit par\" \/>\n\t<meta name=\"twitter:data1\" content=\"Celine\" \/>\n\t<meta name=\"twitter:label2\" content=\"Dur\u00e9e de lecture estim\u00e9e\" \/>\n\t<meta name=\"twitter:data2\" content=\"6 minutes\" \/>\n<script type=\"application\/ld+json\" class=\"yoast-schema-graph\">{\"@context\":\"https:\\\/\\\/schema.org\",\"@graph\":[{\"@type\":\"Article\",\"@id\":\"https:\\\/\\\/www.sebastien-auziere.fr\\\/blog\\\/it\\\/brigitte-macron-le-sue-rare-confessioni-sulla-sua-incontro-e-la-sua-storia-con-emmanuel-macron\\\/#article\",\"isPartOf\":{\"@id\":\"https:\\\/\\\/www.sebastien-auziere.fr\\\/blog\\\/it\\\/brigitte-macron-le-sue-rare-confessioni-sulla-sua-incontro-e-la-sua-storia-con-emmanuel-macron\\\/\"},\"author\":{\"name\":\"Celine\",\"@id\":\"https:\\\/\\\/www.sebastien-auziere.fr\\\/blog\\\/#\\\/schema\\\/person\\\/1e270a963009242469ed08b1c461f81f\"},\"headline\":\"Brigitte Macron: le sue rare confessioni sulla sua incontro e la sua storia con Emmanuel Macron\",\"datePublished\":\"2026-03-14T14:28:15+00:00\",\"dateModified\":\"2026-03-14T14:29:10+00:00\",\"mainEntityOfPage\":{\"@id\":\"https:\\\/\\\/www.sebastien-auziere.fr\\\/blog\\\/it\\\/brigitte-macron-le-sue-rare-confessioni-sulla-sua-incontro-e-la-sua-storia-con-emmanuel-macron\\\/\"},\"wordCount\":1264,\"commentCount\":0,\"publisher\":{\"@id\":\"https:\\\/\\\/www.sebastien-auziere.fr\\\/blog\\\/#organization\"},\"image\":{\"@id\":\"https:\\\/\\\/www.sebastien-auziere.fr\\\/blog\\\/it\\\/brigitte-macron-le-sue-rare-confessioni-sulla-sua-incontro-e-la-sua-storia-con-emmanuel-macron\\\/#primaryimage\"},\"thumbnailUrl\":\"https:\\\/\\\/www.sebastien-auziere.fr\\\/blog\\\/wp-content\\\/uploads\\\/2026\\\/03\\\/Capture-decran-2026-03-14-144614.jpg\",\"articleSection\":[\"Actualit\u00e0\"],\"inLanguage\":\"fr-FR\",\"potentialAction\":[{\"@type\":\"CommentAction\",\"name\":\"Comment\",\"target\":[\"https:\\\/\\\/www.sebastien-auziere.fr\\\/blog\\\/it\\\/brigitte-macron-le-sue-rare-confessioni-sulla-sua-incontro-e-la-sua-storia-con-emmanuel-macron\\\/#respond\"]}]},{\"@type\":\"WebPage\",\"@id\":\"https:\\\/\\\/www.sebastien-auziere.fr\\\/blog\\\/it\\\/brigitte-macron-le-sue-rare-confessioni-sulla-sua-incontro-e-la-sua-storia-con-emmanuel-macron\\\/\",\"url\":\"https:\\\/\\\/www.sebastien-auziere.fr\\\/blog\\\/it\\\/brigitte-macron-le-sue-rare-confessioni-sulla-sua-incontro-e-la-sua-storia-con-emmanuel-macron\\\/\",\"name\":\"Brigitte Macron : ses confessions sur sa rencontre et son histoire avec Emmanuel Macron\",\"isPartOf\":{\"@id\":\"https:\\\/\\\/www.sebastien-auziere.fr\\\/blog\\\/#website\"},\"primaryImageOfPage\":{\"@id\":\"https:\\\/\\\/www.sebastien-auziere.fr\\\/blog\\\/it\\\/brigitte-macron-le-sue-rare-confessioni-sulla-sua-incontro-e-la-sua-storia-con-emmanuel-macron\\\/#primaryimage\"},\"image\":{\"@id\":\"https:\\\/\\\/www.sebastien-auziere.fr\\\/blog\\\/it\\\/brigitte-macron-le-sue-rare-confessioni-sulla-sua-incontro-e-la-sua-storia-con-emmanuel-macron\\\/#primaryimage\"},\"thumbnailUrl\":\"https:\\\/\\\/www.sebastien-auziere.fr\\\/blog\\\/wp-content\\\/uploads\\\/2026\\\/03\\\/Capture-decran-2026-03-14-144614.jpg\",\"datePublished\":\"2026-03-14T14:28:15+00:00\",\"dateModified\":\"2026-03-14T14:29:10+00:00\",\"description\":\"Dans Paris Match, Brigitte Macron a racont\u00e9 les d\u00e9buts de sa relation avec Emmanuel Macron : leur rencontre \u00e0 Amiens, la d\u00e9claration \u00e0 17 ans et un lien qui n'a jamais rompu.\",\"breadcrumb\":{\"@id\":\"https:\\\/\\\/www.sebastien-auziere.fr\\\/blog\\\/it\\\/brigitte-macron-le-sue-rare-confessioni-sulla-sua-incontro-e-la-sua-storia-con-emmanuel-macron\\\/#breadcrumb\"},\"inLanguage\":\"fr-FR\",\"potentialAction\":[{\"@type\":\"ReadAction\",\"target\":[\"https:\\\/\\\/www.sebastien-auziere.fr\\\/blog\\\/it\\\/brigitte-macron-le-sue-rare-confessioni-sulla-sua-incontro-e-la-sua-storia-con-emmanuel-macron\\\/\"]}]},{\"@type\":\"ImageObject\",\"inLanguage\":\"fr-FR\",\"@id\":\"https:\\\/\\\/www.sebastien-auziere.fr\\\/blog\\\/it\\\/brigitte-macron-le-sue-rare-confessioni-sulla-sua-incontro-e-la-sua-storia-con-emmanuel-macron\\\/#primaryimage\",\"url\":\"https:\\\/\\\/www.sebastien-auziere.fr\\\/blog\\\/wp-content\\\/uploads\\\/2026\\\/03\\\/Capture-decran-2026-03-14-144614.jpg\",\"contentUrl\":\"https:\\\/\\\/www.sebastien-auziere.fr\\\/blog\\\/wp-content\\\/uploads\\\/2026\\\/03\\\/Capture-decran-2026-03-14-144614.jpg\",\"width\":1184,\"height\":754,\"caption\":\"Brigitte Macron : ses confessions rares sur sa rencontre et son histoire avec Emmanuel Macron\"},{\"@type\":\"BreadcrumbList\",\"@id\":\"https:\\\/\\\/www.sebastien-auziere.fr\\\/blog\\\/it\\\/brigitte-macron-le-sue-rare-confessioni-sulla-sua-incontro-e-la-sua-storia-con-emmanuel-macron\\\/#breadcrumb\",\"itemListElement\":[{\"@type\":\"ListItem\",\"position\":1,\"name\":\"Home\",\"item\":\"https:\\\/\\\/www.sebastien-auziere.fr\\\/blog\\\/\"},{\"@type\":\"ListItem\",\"position\":2,\"name\":\"Brigitte Macron: le sue rare confessioni sulla sua incontro e la sua storia con Emmanuel Macron\"}]},{\"@type\":\"WebSite\",\"@id\":\"https:\\\/\\\/www.sebastien-auziere.fr\\\/blog\\\/#website\",\"url\":\"https:\\\/\\\/www.sebastien-auziere.fr\\\/blog\\\/\",\"name\":\"Fan site S\u00e9bastien Auzi\u00e8re\",\"description\":\"M\u00e9dia g\u00e9n\u00e9raliste\",\"publisher\":{\"@id\":\"https:\\\/\\\/www.sebastien-auziere.fr\\\/blog\\\/#organization\"},\"potentialAction\":[{\"@type\":\"SearchAction\",\"target\":{\"@type\":\"EntryPoint\",\"urlTemplate\":\"https:\\\/\\\/www.sebastien-auziere.fr\\\/blog\\\/?s={search_term_string}\"},\"query-input\":{\"@type\":\"PropertyValueSpecification\",\"valueRequired\":true,\"valueName\":\"search_term_string\"}}],\"inLanguage\":\"fr-FR\"},{\"@type\":\"Organization\",\"@id\":\"https:\\\/\\\/www.sebastien-auziere.fr\\\/blog\\\/#organization\",\"name\":\"Fan site S\u00e9bastien Auzi\u00e8re\",\"url\":\"https:\\\/\\\/www.sebastien-auziere.fr\\\/blog\\\/\",\"logo\":{\"@type\":\"ImageObject\",\"inLanguage\":\"fr-FR\",\"@id\":\"https:\\\/\\\/www.sebastien-auziere.fr\\\/blog\\\/#\\\/schema\\\/logo\\\/image\\\/\",\"url\":\"https:\\\/\\\/www.sebastien-auziere.fr\\\/blog\\\/wp-content\\\/uploads\\\/2026\\\/03\\\/cropped-cropped-cropped-ChatGPT-Image-6-mars-2026-12_58_09-e1772798376794.jpg\",\"contentUrl\":\"https:\\\/\\\/www.sebastien-auziere.fr\\\/blog\\\/wp-content\\\/uploads\\\/2026\\\/03\\\/cropped-cropped-cropped-ChatGPT-Image-6-mars-2026-12_58_09-e1772798376794.jpg\",\"width\":512,\"height\":360,\"caption\":\"Fan site S\u00e9bastien Auzi\u00e8re\"},\"image\":{\"@id\":\"https:\\\/\\\/www.sebastien-auziere.fr\\\/blog\\\/#\\\/schema\\\/logo\\\/image\\\/\"}},{\"@type\":\"Person\",\"@id\":\"https:\\\/\\\/www.sebastien-auziere.fr\\\/blog\\\/#\\\/schema\\\/person\\\/1e270a963009242469ed08b1c461f81f\",\"name\":\"Celine\",\"image\":{\"@type\":\"ImageObject\",\"inLanguage\":\"fr-FR\",\"@id\":\"https:\\\/\\\/secure.gravatar.com\\\/avatar\\\/c88d569fbe1fe19a13c7f21ee0f8973822df96073df21850b95af6a09ba820c9?s=96&d=mm&r=g\",\"url\":\"https:\\\/\\\/secure.gravatar.com\\\/avatar\\\/c88d569fbe1fe19a13c7f21ee0f8973822df96073df21850b95af6a09ba820c9?s=96&d=mm&r=g\",\"contentUrl\":\"https:\\\/\\\/secure.gravatar.com\\\/avatar\\\/c88d569fbe1fe19a13c7f21ee0f8973822df96073df21850b95af6a09ba820c9?s=96&d=mm&r=g\",\"caption\":\"Celine\"},\"description\":\"Je m'appelle C\u00e9line, j'ai 31 ans et je suis journaliste sp\u00e9cialis\u00e9e dans le cin\u00e9ma. Passionn\u00e9e par le septi\u00e8me art, j'explore les actualit\u00e9s, les critiques et les tendances du monde cin\u00e9matographique. Mon objectif est de partager ma passion et d'informer les amateurs de films \u00e0 travers des articles percutants et des analyses approfondies.\",\"url\":\"https:\\\/\\\/www.sebastien-auziere.fr\\\/blog\\\/author\\\/celine\\\/\"}]}<\/script>\n<!-- \/ Yoast SEO plugin. -->","yoast_head_json":{"title":"Brigitte Macron : ses confessions sur sa rencontre et son histoire avec Emmanuel Macron","description":"Dans Paris Match, Brigitte Macron a racont\u00e9 les d\u00e9buts de sa relation avec Emmanuel Macron : leur rencontre \u00e0 Amiens, la d\u00e9claration \u00e0 17 ans et un lien qui n'a jamais rompu.","robots":{"index":"index","follow":"follow","max-snippet":"max-snippet:-1","max-image-preview":"max-image-preview:large","max-video-preview":"max-video-preview:-1"},"canonical":"https:\/\/www.sebastien-auziere.fr\/blog\/it\/brigitte-macron-le-sue-rare-confessioni-sulla-sua-incontro-e-la-sua-storia-con-emmanuel-macron\/","og_locale":"fr_FR","og_type":"article","og_title":"Brigitte Macron : ses confessions sur sa rencontre et son histoire avec Emmanuel Macron","og_description":"Dans Paris Match, Brigitte Macron a racont\u00e9 les d\u00e9buts de sa relation avec Emmanuel Macron : leur rencontre \u00e0 Amiens, la d\u00e9claration \u00e0 17 ans et un lien qui n'a jamais rompu.","og_url":"https:\/\/www.sebastien-auziere.fr\/blog\/it\/brigitte-macron-le-sue-rare-confessioni-sulla-sua-incontro-e-la-sua-storia-con-emmanuel-macron\/","og_site_name":"Fan site S\u00e9bastien Auzi\u00e8re","article_published_time":"2026-03-14T14:28:15+00:00","article_modified_time":"2026-03-14T14:29:10+00:00","og_image":[{"width":1184,"height":754,"url":"https:\/\/www.sebastien-auziere.fr\/blog\/wp-content\/uploads\/2026\/03\/Capture-decran-2026-03-14-144614.jpg","type":"image\/jpeg"}],"author":"Celine","twitter_card":"summary_large_image","twitter_misc":{"\u00c9crit par":"Celine","Dur\u00e9e de lecture estim\u00e9e":"6 minutes"},"schema":{"@context":"https:\/\/schema.org","@graph":[{"@type":"Article","@id":"https:\/\/www.sebastien-auziere.fr\/blog\/it\/brigitte-macron-le-sue-rare-confessioni-sulla-sua-incontro-e-la-sua-storia-con-emmanuel-macron\/#article","isPartOf":{"@id":"https:\/\/www.sebastien-auziere.fr\/blog\/it\/brigitte-macron-le-sue-rare-confessioni-sulla-sua-incontro-e-la-sua-storia-con-emmanuel-macron\/"},"author":{"name":"Celine","@id":"https:\/\/www.sebastien-auziere.fr\/blog\/#\/schema\/person\/1e270a963009242469ed08b1c461f81f"},"headline":"Brigitte Macron: le sue rare confessioni sulla sua incontro e la sua storia con Emmanuel Macron","datePublished":"2026-03-14T14:28:15+00:00","dateModified":"2026-03-14T14:29:10+00:00","mainEntityOfPage":{"@id":"https:\/\/www.sebastien-auziere.fr\/blog\/it\/brigitte-macron-le-sue-rare-confessioni-sulla-sua-incontro-e-la-sua-storia-con-emmanuel-macron\/"},"wordCount":1264,"commentCount":0,"publisher":{"@id":"https:\/\/www.sebastien-auziere.fr\/blog\/#organization"},"image":{"@id":"https:\/\/www.sebastien-auziere.fr\/blog\/it\/brigitte-macron-le-sue-rare-confessioni-sulla-sua-incontro-e-la-sua-storia-con-emmanuel-macron\/#primaryimage"},"thumbnailUrl":"https:\/\/www.sebastien-auziere.fr\/blog\/wp-content\/uploads\/2026\/03\/Capture-decran-2026-03-14-144614.jpg","articleSection":["Actualit\u00e0"],"inLanguage":"fr-FR","potentialAction":[{"@type":"CommentAction","name":"Comment","target":["https:\/\/www.sebastien-auziere.fr\/blog\/it\/brigitte-macron-le-sue-rare-confessioni-sulla-sua-incontro-e-la-sua-storia-con-emmanuel-macron\/#respond"]}]},{"@type":"WebPage","@id":"https:\/\/www.sebastien-auziere.fr\/blog\/it\/brigitte-macron-le-sue-rare-confessioni-sulla-sua-incontro-e-la-sua-storia-con-emmanuel-macron\/","url":"https:\/\/www.sebastien-auziere.fr\/blog\/it\/brigitte-macron-le-sue-rare-confessioni-sulla-sua-incontro-e-la-sua-storia-con-emmanuel-macron\/","name":"Brigitte Macron : ses confessions sur sa rencontre et son histoire avec Emmanuel Macron","isPartOf":{"@id":"https:\/\/www.sebastien-auziere.fr\/blog\/#website"},"primaryImageOfPage":{"@id":"https:\/\/www.sebastien-auziere.fr\/blog\/it\/brigitte-macron-le-sue-rare-confessioni-sulla-sua-incontro-e-la-sua-storia-con-emmanuel-macron\/#primaryimage"},"image":{"@id":"https:\/\/www.sebastien-auziere.fr\/blog\/it\/brigitte-macron-le-sue-rare-confessioni-sulla-sua-incontro-e-la-sua-storia-con-emmanuel-macron\/#primaryimage"},"thumbnailUrl":"https:\/\/www.sebastien-auziere.fr\/blog\/wp-content\/uploads\/2026\/03\/Capture-decran-2026-03-14-144614.jpg","datePublished":"2026-03-14T14:28:15+00:00","dateModified":"2026-03-14T14:29:10+00:00","description":"Dans Paris Match, Brigitte Macron a racont\u00e9 les d\u00e9buts de sa relation avec Emmanuel Macron : leur rencontre \u00e0 Amiens, la d\u00e9claration \u00e0 17 ans et un lien qui n'a jamais rompu.","breadcrumb":{"@id":"https:\/\/www.sebastien-auziere.fr\/blog\/it\/brigitte-macron-le-sue-rare-confessioni-sulla-sua-incontro-e-la-sua-storia-con-emmanuel-macron\/#breadcrumb"},"inLanguage":"fr-FR","potentialAction":[{"@type":"ReadAction","target":["https:\/\/www.sebastien-auziere.fr\/blog\/it\/brigitte-macron-le-sue-rare-confessioni-sulla-sua-incontro-e-la-sua-storia-con-emmanuel-macron\/"]}]},{"@type":"ImageObject","inLanguage":"fr-FR","@id":"https:\/\/www.sebastien-auziere.fr\/blog\/it\/brigitte-macron-le-sue-rare-confessioni-sulla-sua-incontro-e-la-sua-storia-con-emmanuel-macron\/#primaryimage","url":"https:\/\/www.sebastien-auziere.fr\/blog\/wp-content\/uploads\/2026\/03\/Capture-decran-2026-03-14-144614.jpg","contentUrl":"https:\/\/www.sebastien-auziere.fr\/blog\/wp-content\/uploads\/2026\/03\/Capture-decran-2026-03-14-144614.jpg","width":1184,"height":754,"caption":"Brigitte Macron : ses confessions rares sur sa rencontre et son histoire avec Emmanuel Macron"},{"@type":"BreadcrumbList","@id":"https:\/\/www.sebastien-auziere.fr\/blog\/it\/brigitte-macron-le-sue-rare-confessioni-sulla-sua-incontro-e-la-sua-storia-con-emmanuel-macron\/#breadcrumb","itemListElement":[{"@type":"ListItem","position":1,"name":"Home","item":"https:\/\/www.sebastien-auziere.fr\/blog\/"},{"@type":"ListItem","position":2,"name":"Brigitte Macron: le sue rare confessioni sulla sua incontro e la sua storia con Emmanuel Macron"}]},{"@type":"WebSite","@id":"https:\/\/www.sebastien-auziere.fr\/blog\/#website","url":"https:\/\/www.sebastien-auziere.fr\/blog\/","name":"Fan site S\u00e9bastien Auzi\u00e8re","description":"M\u00e9dia g\u00e9n\u00e9raliste","publisher":{"@id":"https:\/\/www.sebastien-auziere.fr\/blog\/#organization"},"potentialAction":[{"@type":"SearchAction","target":{"@type":"EntryPoint","urlTemplate":"https:\/\/www.sebastien-auziere.fr\/blog\/?s={search_term_string}"},"query-input":{"@type":"PropertyValueSpecification","valueRequired":true,"valueName":"search_term_string"}}],"inLanguage":"fr-FR"},{"@type":"Organization","@id":"https:\/\/www.sebastien-auziere.fr\/blog\/#organization","name":"Fan site S\u00e9bastien Auzi\u00e8re","url":"https:\/\/www.sebastien-auziere.fr\/blog\/","logo":{"@type":"ImageObject","inLanguage":"fr-FR","@id":"https:\/\/www.sebastien-auziere.fr\/blog\/#\/schema\/logo\/image\/","url":"https:\/\/www.sebastien-auziere.fr\/blog\/wp-content\/uploads\/2026\/03\/cropped-cropped-cropped-ChatGPT-Image-6-mars-2026-12_58_09-e1772798376794.jpg","contentUrl":"https:\/\/www.sebastien-auziere.fr\/blog\/wp-content\/uploads\/2026\/03\/cropped-cropped-cropped-ChatGPT-Image-6-mars-2026-12_58_09-e1772798376794.jpg","width":512,"height":360,"caption":"Fan site S\u00e9bastien Auzi\u00e8re"},"image":{"@id":"https:\/\/www.sebastien-auziere.fr\/blog\/#\/schema\/logo\/image\/"}},{"@type":"Person","@id":"https:\/\/www.sebastien-auziere.fr\/blog\/#\/schema\/person\/1e270a963009242469ed08b1c461f81f","name":"Celine","image":{"@type":"ImageObject","inLanguage":"fr-FR","@id":"https:\/\/secure.gravatar.com\/avatar\/c88d569fbe1fe19a13c7f21ee0f8973822df96073df21850b95af6a09ba820c9?s=96&d=mm&r=g","url":"https:\/\/secure.gravatar.com\/avatar\/c88d569fbe1fe19a13c7f21ee0f8973822df96073df21850b95af6a09ba820c9?s=96&d=mm&r=g","contentUrl":"https:\/\/secure.gravatar.com\/avatar\/c88d569fbe1fe19a13c7f21ee0f8973822df96073df21850b95af6a09ba820c9?s=96&d=mm&r=g","caption":"Celine"},"description":"Je m'appelle C\u00e9line, j'ai 31 ans et je suis journaliste sp\u00e9cialis\u00e9e dans le cin\u00e9ma. Passionn\u00e9e par le septi\u00e8me art, j'explore les actualit\u00e9s, les critiques et les tendances du monde cin\u00e9matographique. Mon objectif est de partager ma passion et d'informer les amateurs de films \u00e0 travers des articles percutants et des analyses approfondies.","url":"https:\/\/www.sebastien-auziere.fr\/blog\/author\/celine\/"}]}},"views":12,"_links":{"self":[{"href":"https:\/\/www.sebastien-auziere.fr\/blog\/wp-json\/wp\/v2\/posts\/2510","targetHints":{"allow":["GET"]}}],"collection":[{"href":"https:\/\/www.sebastien-auziere.fr\/blog\/wp-json\/wp\/v2\/posts"}],"about":[{"href":"https:\/\/www.sebastien-auziere.fr\/blog\/wp-json\/wp\/v2\/types\/post"}],"author":[{"embeddable":true,"href":"https:\/\/www.sebastien-auziere.fr\/blog\/wp-json\/wp\/v2\/users\/4"}],"replies":[{"embeddable":true,"href":"https:\/\/www.sebastien-auziere.fr\/blog\/wp-json\/wp\/v2\/comments?post=2510"}],"version-history":[{"count":1,"href":"https:\/\/www.sebastien-auziere.fr\/blog\/wp-json\/wp\/v2\/posts\/2510\/revisions"}],"predecessor-version":[{"id":2511,"href":"https:\/\/www.sebastien-auziere.fr\/blog\/wp-json\/wp\/v2\/posts\/2510\/revisions\/2511"}],"wp:featuredmedia":[{"embeddable":true,"href":"https:\/\/www.sebastien-auziere.fr\/blog\/wp-json\/wp\/v2\/media\/2493"}],"wp:attachment":[{"href":"https:\/\/www.sebastien-auziere.fr\/blog\/wp-json\/wp\/v2\/media?parent=2510"}],"wp:term":[{"taxonomy":"category","embeddable":true,"href":"https:\/\/www.sebastien-auziere.fr\/blog\/wp-json\/wp\/v2\/categories?post=2510"},{"taxonomy":"post_tag","embeddable":true,"href":"https:\/\/www.sebastien-auziere.fr\/blog\/wp-json\/wp\/v2\/tags?post=2510"}],"curies":[{"name":"wp","href":"https:\/\/api.w.org\/{rel}","templated":true}]}}