{"id":2508,"date":"2026-03-14T14:26:38","date_gmt":"2026-03-14T14:26:38","guid":{"rendered":"https:\/\/www.sebastien-auziere.fr\/blog\/?p=2508"},"modified":"2026-03-14T14:27:31","modified_gmt":"2026-03-14T14:27:31","slug":"brigitte-macron-ihre-seltenen-gestandnisse-uber-ihr-treffen-und-ihre-geschichte-mit-emmanuel-macron","status":"publish","type":"post","link":"https:\/\/www.sebastien-auziere.fr\/blog\/de\/brigitte-macron-ihre-seltenen-gestandnisse-uber-ihr-treffen-und-ihre-geschichte-mit-emmanuel-macron\/","title":{"rendered":"Brigitte Macron : ihre seltenen Gest\u00e4ndnisse \u00fcber ihr Treffen und ihre Geschichte mit Emmanuel Macron"},"content":{"rendered":"<p><title>Brigitte Macron: Ihre Gest\u00e4ndnisse \u00fcber die Begegnung und die Geschichte mit Emmanuel Macron<\/title><\/p>\n<p>  body { font-size: 16px; line-height: 1.7; }<br \/>\n  h2 { font-size: 1.4em; color: #2c2c2c; border-left: 4px solid #b8860b; padding-left: 10px; margin-top: 40px; }<br \/>\n  h3 { font-size: 1.15em; color: #333; margin-top: 24px; }<br \/>\n  .intro-box { background: #fdf9f0; border-left: 5px solid #b8860b; padding: 16px 20px; border-radius: 4px; margin: 0 0 30px; }<br \/>\n  .intro-box p { margin: 0; }<br \/>\n  blockquote { border-left: 4px solid #b8860b; margin: 24px 0; padding: 12px 20px; background: #fdf9f0; font-style: italic; color: #444; }<br \/>\n  ul li, ol li { margin-bottom: 6px; }<br \/>\n  a { color: #b8860b; }<br \/>\n  .faq dt { font-weight: bold; margin-top: 18px; color: #2c2c2c; }<br \/>\n  .faq dd { margin: 6px 0 12px 0; }<\/p>\n<div class=\"intro-box\">\n<p><strong>Kurz gesagt:<\/strong> In einem Interview mit <em>Paris Match<\/em> hat Brigitte Macron den Schleier \u00fcber die Anf\u00e4nge ihrer Beziehung zu Emmanuel Macron gel\u00fcftet \u2014 ihre Begegnung in Amiens, das Gest\u00e4ndnis mit 17, die Scheidung und eine Bindung, die trotz aller Hindernisse nie gebrochen ist.<\/p>\n<\/div>\n<p>Ihre Geschichte fasziniert seit Jahren. Lange vor dem \u00c9lys\u00e9e, lange bevor die Scheinwerfer auf sie fielen, haben Emmanuel und Brigitte Macron eine au\u00dfergew\u00f6hnliche Beziehung aufgebaut, die in den G\u00e4ngen eines Ami\u00e9ner Gymnasiums geboren wurde. Eine Beziehung, die die First Lady bereitwillig mit seltenem Offenheit erz\u00e4hlt und dabei die Grundmomente dieses einzigartigen Paares enth\u00fcllt.<\/p>\n<h2>Eine Begegnung in Amiens, zwischen Theater und Schreiben<\/h2>\n<p>Alles beginnt in den 1990er Jahren in Amiens. Brigitte Auzi\u00e8re unterrichtet Literatur am Lyc\u00e9e La Providence. Emmanuel Macron ist zu diesem Zeitpunkt nur ein Sch\u00fcler, der leidenschaftlich Theater und Schreiben liebt. In diesem Rahmen \u2014 den Schreibwerkst\u00e4tten am Freitag, den Proben \u2014 entsteht zun\u00e4chst eine intellektuelle Vertrautheit zwischen ihnen, dann jedoch etwas viel Tieferes.<\/p>\n<p>In ihrem Interview mit <em>Paris Match<\/em> beschreibt Brigitte Macron diesen schrittweisen Wandel, diese gegenseitige Anziehung, die sich trotz der Umst\u00e4nde Bahn brach:<\/p>\n<blockquote><p>\u201eDas Schreiben vereinte uns jeden Freitag und schuf eine unglaubliche N\u00e4he. Er hatte einen gro\u00dfen Einfluss auf mich&#8230; Ich sp\u00fcrte, dass ich ihm entglitt, er mir auch&#8230; Ich bat ihn, nach Paris, an das Lyc\u00e9e Henri IV, f\u00fcr seine Abschlussklasse zu gehen. Er versicherte mir, dass er zur\u00fcckkommen w\u00fcrde. Es war ein Herzschmerz. Wir haben den Faden nicht durchtrennt.\u201c<\/p><\/blockquote>\n<h2>Das Gest\u00e4ndnis mit 17: \u201eEgal was Sie tun, ich werde Sie heiraten\u201c<\/h2>\n<p>Die Entfernung zwischen Paris und Amiens hat die Gef\u00fchle nicht abgek\u00fchlt. Im Gegenteil. Brigitte Macron erz\u00e4hlt, dass die Distanz ihre Beziehung noch intensiver gemacht hat, getragen von einer seltenen Entschlossenheit f\u00fcr einen Jugendlichen. Sie erinnert sich an einen Satz, der dauerhaft im Ged\u00e4chtnis bleibt:<\/p>\n<blockquote><p>\u201eIm Gegenteil, es wurde leidenschaftlich und mit 17 Jahren sagte Emmanuel zu mir: &lsquo;Egal was Sie tun, ich werde Sie heiraten!&rsquo; Die Liebe hat alles auf ihrem Weg mitgerissen und f\u00fchrte mich zur Scheidung. Es war unm\u00f6glich, ihm zu widerstehen. Meine Eltern, bereits \u00e4lter, wollten nicht viel dar\u00fcber wissen&#8230; Was mich betrifft, die Altersunterschiede hatte ich seit meiner Kindheit akzeptiert. Das Wichtigste war, meine Familie zu sch\u00fctzen, die diese Ver\u00e4nderungen akzeptiert hat. Der Rest ist Schaum.\u201c<\/p><\/blockquote>\n<p>Dieses Gest\u00e4ndnis, ausgesprochen als Emmanuel Macron 17 Jahre alt war und Brigitte 24 Jahre \u00e4lter war, sagt viel \u00fcber den Charakter des Mannes aus, der Pr\u00e4sident werden wird. Eine absolute \u00dcberzeugung, die bereits in der Jugend ge\u00e4u\u00dfert wurde, die sich 2007 verwirklichte: Das Paar heiratet in Le Touquet, nachdem Brigitte Macron von ihrem ersten Ehemann Andr\u00e9-Louis Auzi\u00e8re geschieden wurde.<\/p>\n<h2>Die Scheidung, die \u00e4u\u00dferen Blicke, die Familie<\/h2>\n<p>Die Beziehung war nicht ohne Schwierigkeiten. Brigitte Macron spricht mit Zur\u00fcckhaltung \u00fcber den Druck von au\u00dfen, die Notwendigkeit, ihre Kinder und Angeh\u00f6rigen vor einer ungew\u00f6hnlichen Situation zu sch\u00fctzen. Zu dieser Zeit lebte sie ein Doppelleben \u2014 als Mutter und respektierte Lehrerin \u2014 w\u00e4hrend sie eine Geschichte lebte, die sie nicht \u00f6ffentlich machen konnte.<\/p>\n<p>Sie legt besonderen Wert auf einen Punkt: Ihre Priorit\u00e4t war immer, \u201eihre Lieben zu sch\u00fctzen\u201c. Ihre drei Kinder \u2014 S\u00e9bastien, Laurence und Tiphaine Auzi\u00e8re \u2014 haben schlie\u00dflich diese Realit\u00e4t akzeptiert, obwohl der Weg nicht einfach war.<\/p>\n<h2>Erste Dame, aber niemals im Schatten<\/h2>\n<p>Seit dem \u00c9lys\u00e9e hat Brigitte Macron ihre eigene Rolle definiert: pr\u00e4sent, aufmerksam, aber ohne offizielle Funktion. Sie beschreibt eine t\u00e4gliche Unterst\u00fctzung, gepr\u00e4gt von st\u00e4ndigen Austausch mit dem Staatschef:<\/p>\n<blockquote><p>\u201eWenn ich das Leben leicht nehme, habe ich dennoch ein Ohr f\u00fcr alles. Und jeden Abend besprechen wir gemeinsam und wiederholen uns, was wir jeweils \u00fcber den anderen geh\u00f6rt haben. Ich muss auf alles achten, so gut wie m\u00f6glich f\u00fcr ihn sorgen.\u201c<\/p><\/blockquote>\n<p>Eine informelle, aber echte Rolle, die sie weit mehr als nur eine einfache Begleiterin macht. Brigitte Macron wird von den Vertrauten des Paares als Vertraute und aufmerksame Beobachterin des politischen Lebens in Frankreich beschrieben.<\/p>\n<h2>Eine Geschichte, die weiterhin fasziniert<\/h2>\n<p>Fast drei\u00dfig Jahre nach ihrer Begegnung in Amiens bleibt ihre Beziehung eine der am meisten kommentierten in der franz\u00f6sischen \u00d6ffentlichkeit. Der Altersunterschied \u2014 24 Jahre \u2014 der Kontext ihrer Begegnung, die Scheidung, das gehaltene Versprechen: all diese Elemente n\u00e4hren eine anhaltende Faszination, weit \u00fcber den politischen Rahmen hinaus.<\/p>\n<p>Brigitte Macron hingegen akzeptiert es. Sie versucht nicht, die Geschichte neu zu schreiben, oder ihre Unebenheiten zu mildern. Sie erz\u00e4hlt sie so, wie sie verlaufen ist \u2014 mit ihren Br\u00fcchen, ihren Anfl\u00fcgen und ihrem unvermeidlichen Anteil.<\/p>\n<h2>FAQ \u2014 Brigitte und Emmanuel Macron: ihre Geschichte<\/h2>\n<dl class=\"faq\">\n<dt>Wie haben sich Brigitte und Emmanuel Macron kennengelernt?<\/dt>\n<dd>Sie lernten sich in Amiens am Lyc\u00e9e La Providence kennen, wo Brigitte Literatur und Theater unterrichtete. Emmanuel Macron war zu dieser Zeit ihr Sch\u00fcler, leidenschaftlich an Schreiben und Theater interessiert.<\/dd>\n<dt>Wie alt war Emmanuel Macron, als er erkl\u00e4rte, Brigitte heiraten zu wollen?<\/dt>\n<dd>Er war 17 Jahre alt, als er zu ihr sagte: \u201eEgal was Sie tun, ich werde Sie heiraten.\u201c Ein Versprechen, das er gehalten hat.<\/dd>\n<dt>Wie gro\u00df ist der Altersunterschied zwischen Brigitte und Emmanuel Macron?<\/dt>\n<dd>Brigitte Macron ist 24 Jahre \u00e4lter als Emmanuel Macron. Sie wurde 1953 geboren, er 1977.<\/dd>\n<dt>Wann haben sich Emmanuel und Brigitte Macron das Ja-Wort gegeben?<\/dt>\n<dd>Sie heirateten 2007 in Le Touquet, nach der Scheidung von Brigitte Macron von ihrem ersten Ehemann Andr\u00e9-Louis Auzi\u00e8re.<\/dd>\n<dt>Hat Brigitte Macron Kinder?<\/dt>\n<dd>Ja, sie hat drei Kinder aus ihrer ersten Ehe: S\u00e9bastien, Laurence und Tiphaine Auzi\u00e8re.<\/dd>\n<dt>Welche Rolle hat Brigitte Macron im \u00c9lys\u00e9e?<\/dt>\n<dd>Sie hat keine offizielle Funktion, spielt aber eine Rolle als Vertraute und t\u00e4gliche Unterst\u00fctzung des Pr\u00e4sidenten. Sie beschreibt einen konstanten Austausch mit ihm dar\u00fcber, was sie jeweils beobachtet haben.<\/dd>\n<\/dl>\n<p>{<br \/>\n  \u00ab\u00a0@context\u00a0\u00bb: \u00ab\u00a0https:\/\/schema.org\u00a0\u00bb,<br \/>\n  \u00ab\u00a0@type\u00a0\u00bb: \u00ab\u00a0Article\u00a0\u00bb,<br \/>\n  \u00ab\u00a0headline\u00a0\u00bb: \u00ab\u00a0Brigitte Macron: Ihre Gest\u00e4ndnisse \u00fcber die Begegnung und die Geschichte mit Emmanuel Macron\u00a0\u00bb,<br \/>\n  \u00ab\u00a0description\u00a0\u00bb: \u00ab\u00a0In Paris Match erz\u00e4hlte Brigitte Macron von den Anf\u00e4ngen ihrer Beziehung zu Emmanuel Macron: ihre Begegnung in Amiens, das Gest\u00e4ndnis mit 17 Jahren und eine Bindung, die nie abgebrochen ist.\u00a0\u00bb,<br \/>\n  \u00ab\u00a0inLanguage\u00a0\u00bb: \u00ab\u00a0de\u00a0\u00bb,<br \/>\n  \u00ab\u00a0datePublished\u00a0\u00bb: \u00ab\u00a02026-03-13\u00a0\u00bb,<br \/>\n  \u00ab\u00a0dateModified\u00a0\u00bb: \u00ab\u00a02026-03-13\u00a0\u00bb,<br \/>\n  \u00ab\u00a0about\u00a0\u00bb: [<br \/>\n    { \u00ab\u00a0@type\u00a0\u00bb: \u00ab\u00a0Person\u00a0\u00bb, \u00ab\u00a0name\u00a0\u00bb: \u00ab\u00a0Brigitte Macron\u00a0\u00bb },<br \/>\n    { \u00ab\u00a0@type\u00a0\u00bb: \u00ab\u00a0Person\u00a0\u00bb, \u00ab\u00a0name\u00a0\u00bb: \u00ab\u00a0Emmanuel Macron\u00a0\u00bb }<br \/>\n  ]<br \/>\n}<\/p>\n<p>{<br \/>\n  \u00ab\u00a0@context\u00a0\u00bb: \u00ab\u00a0https:\/\/schema.org\u00a0\u00bb,<br \/>\n  \u00ab\u00a0@type\u00a0\u00bb: \u00ab\u00a0FAQPage\u00a0\u00bb,<br \/>\n  \u00ab\u00a0mainEntity\u00a0\u00bb: [<br \/>\n    {<br \/>\n      \u00ab\u00a0@type\u00a0\u00bb: \u00ab\u00a0Question\u00a0\u00bb,<br \/>\n      \u00ab\u00a0name\u00a0\u00bb: \u00ab\u00a0Wie haben sich Brigitte und Emmanuel Macron kennengelernt?\u00a0\u00bb,<br \/>\n      \u00ab\u00a0acceptedAnswer\u00a0\u00bb: { \u00ab\u00a0@type\u00a0\u00bb: \u00ab\u00a0Answer\u00a0\u00bb, \u00ab\u00a0text\u00a0\u00bb: \u00ab\u00a0Am Lyc\u00e9e La Providence in Amiens, wo Brigitte die Literatur unterrichtete und Emmanuel ihr Sch\u00fcler war, leidenschaftlich an Schreiben und Theater interessiert.\u00a0\u00bb }<br \/>\n    },<br \/>\n    {<br \/>\n      \u00ab\u00a0@type\u00a0\u00bb: \u00ab\u00a0Question\u00a0\u00bb,<br \/>\n      \u00ab\u00a0name\u00a0\u00bb: \u00ab\u00a0Wie alt war Emmanuel Macron, als er erkl\u00e4rte, Brigitte heiraten zu wollen?\u00a0\u00bb,<br \/>\n      \u00ab\u00a0acceptedAnswer\u00a0\u00bb: { \u00ab\u00a0@type\u00a0\u00bb: \u00ab\u00a0Answer\u00a0\u00bb, \u00ab\u00a0text\u00a0\u00bb: \u00ab\u00a0Er war 17 Jahre alt, als er zu ihr sagte: &lsquo;Egal was Sie tun, ich werde Sie heiraten.'\u00a0\u00bb }<br \/>\n    },<br \/>\n    {<br \/>\n      \u00ab\u00a0@type\u00a0\u00bb: \u00ab\u00a0Question\u00a0\u00bb,<br \/>\n      \u00ab\u00a0name\u00a0\u00bb: \u00ab\u00a0Wie gro\u00df ist der Altersunterschied zwischen Brigitte und Emmanuel Macron?\u00a0\u00bb,<br \/>\n      \u00ab\u00a0acceptedAnswer\u00a0\u00bb: { \u00ab\u00a0@type\u00a0\u00bb: \u00ab\u00a0Answer\u00a0\u00bb, \u00ab\u00a0text\u00a0\u00bb: \u00ab\u00a0Brigitte Macron ist 24 Jahre \u00e4lter als Emmanuel Macron.\u00a0\u00bb }<br \/>\n    },<br \/>\n    {<br \/>\n      \u00ab\u00a0@type\u00a0\u00bb: \u00ab\u00a0Question\u00a0\u00bb,<br \/>\n      \u00ab\u00a0name\u00a0\u00bb: \u00ab\u00a0Wann haben sich Emmanuel und Brigitte Macron das Ja-Wort gegeben?\u00a0\u00bb,<br \/>\n      \u00ab\u00a0acceptedAnswer\u00a0\u00bb: { \u00ab\u00a0@type\u00a0\u00bb: \u00ab\u00a0Answer\u00a0\u00bb, \u00ab\u00a0text\u00a0\u00bb: \u00ab\u00a02007 in Le Touquet, nach der Scheidung von Brigitte von ihrem ersten Ehemann Andr\u00e9-Louis Auzi\u00e8re.\u00a0\u00bb }<br \/>\n    },<br \/>\n    {<br \/>\n      \u00ab\u00a0@type\u00a0\u00bb: \u00ab\u00a0Question\u00a0\u00bb,<br \/>\n      \u00ab\u00a0name\u00a0\u00bb: \u00ab\u00a0Hat Brigitte Macron Kinder?\u00a0\u00bb,<br \/>\n      \u00ab\u00a0acceptedAnswer\u00a0\u00bb: { \u00ab\u00a0@type\u00a0\u00bb: \u00ab\u00a0Answer\u00a0\u00bb, \u00ab\u00a0text\u00a0\u00bb: \u00ab\u00a0Ja, drei Kinder aus ihrer ersten Ehe: S\u00e9bastien, Laurence und Tiphaine Auzi\u00e8re.\u00a0\u00bb }<br \/>\n    },<br \/>\n    {<br \/>\n      \u00ab\u00a0@type\u00a0\u00bb: \u00ab\u00a0Question\u00a0\u00bb,<br \/>\n      \u00ab\u00a0name\u00a0\u00bb: \u00ab\u00a0Welche Rolle hat Brigitte Macron im \u00c9lys\u00e9e?\u00a0\u00bb,<br \/>\n      \u00ab\u00a0acceptedAnswer\u00a0\u00bb: { \u00ab\u00a0@type\u00a0\u00bb: \u00ab\u00a0Answer\u00a0\u00bb, \u00ab\u00a0text\u00a0\u00bb: \u00ab\u00a0Keine offizielle Funktion, aber eine Rolle als Vertraute und t\u00e4gliche Unterst\u00fctzung. Sie spricht jeden Abend mit dem Pr\u00e4sidenten \u00fcber das, was sie jeweils beobachtet haben.\u00a0\u00bb }<br \/>\n    }<br \/>\n  ]<br \/>\n}<\/p>\n","protected":false},"excerpt":{"rendered":"<p>Brigitte Macron: Ihre Gest\u00e4ndnisse \u00fcber die Begegnung und die Geschichte mit Emmanuel Macron body { font-size: 16px; line-height: 1.7; } h2 { font-size: 1.4em; color: #2c2c2c; border-left: 4px solid #b8860b; padding-left: 10px; margin-top: 40px; } h3 { font-size: 1.15em; color: #333; margin-top: 24px; } .intro-box { background: #fdf9f0; border-left: 5px solid #b8860b; padding: 16px 20px; &#8230; <a title=\"Brigitte Macron : ihre seltenen Gest\u00e4ndnisse \u00fcber ihr Treffen und ihre Geschichte mit Emmanuel Macron\" class=\"read-more\" href=\"https:\/\/www.sebastien-auziere.fr\/blog\/de\/brigitte-macron-ihre-seltenen-gestandnisse-uber-ihr-treffen-und-ihre-geschichte-mit-emmanuel-macron\/\" aria-label=\"En savoir plus sur Brigitte Macron : ihre seltenen Gest\u00e4ndnisse \u00fcber ihr Treffen und ihre Geschichte mit Emmanuel Macron\">Lire plus<\/a><\/p>\n","protected":false},"author":4,"featured_media":2493,"comment_status":"open","ping_status":"open","sticky":false,"template":"","format":"standard","meta":{"footnotes":""},"categories":[856,838],"tags":[],"class_list":["post-2508","post","type-post","status-publish","format-standard","has-post-thumbnail","hentry","category-aktuelles-de","category-non-classe-de"],"yoast_head":"<!-- This site is optimized with the Yoast SEO plugin v27.5 - https:\/\/yoast.com\/product\/yoast-seo-wordpress\/ -->\n<title>Brigitte Macron : ses confessions sur sa rencontre et son histoire avec Emmanuel Macron<\/title>\n<meta name=\"description\" content=\"Dans Paris Match, Brigitte Macron a racont\u00e9 les d\u00e9buts de sa relation avec Emmanuel Macron : leur rencontre \u00e0 Amiens, la d\u00e9claration \u00e0 17 ans et un lien qui n&#039;a jamais rompu.\" \/>\n<meta name=\"robots\" content=\"index, follow, max-snippet:-1, max-image-preview:large, max-video-preview:-1\" \/>\n<link rel=\"canonical\" href=\"https:\/\/www.sebastien-auziere.fr\/blog\/de\/brigitte-macron-ihre-seltenen-gestandnisse-uber-ihr-treffen-und-ihre-geschichte-mit-emmanuel-macron\/\" \/>\n<meta property=\"og:locale\" content=\"fr_FR\" \/>\n<meta property=\"og:type\" content=\"article\" \/>\n<meta property=\"og:title\" content=\"Brigitte Macron : ses confessions sur sa rencontre et son histoire avec Emmanuel Macron\" \/>\n<meta property=\"og:description\" content=\"Dans Paris Match, Brigitte Macron a racont\u00e9 les d\u00e9buts de sa relation avec Emmanuel Macron : leur rencontre \u00e0 Amiens, la d\u00e9claration \u00e0 17 ans et un lien qui n&#039;a jamais rompu.\" \/>\n<meta property=\"og:url\" content=\"https:\/\/www.sebastien-auziere.fr\/blog\/de\/brigitte-macron-ihre-seltenen-gestandnisse-uber-ihr-treffen-und-ihre-geschichte-mit-emmanuel-macron\/\" \/>\n<meta property=\"og:site_name\" content=\"Fan site S\u00e9bastien Auzi\u00e8re\" \/>\n<meta property=\"article:published_time\" content=\"2026-03-14T14:26:38+00:00\" \/>\n<meta property=\"article:modified_time\" content=\"2026-03-14T14:27:31+00:00\" \/>\n<meta property=\"og:image\" content=\"https:\/\/www.sebastien-auziere.fr\/blog\/wp-content\/uploads\/2026\/03\/Capture-decran-2026-03-14-144614.jpg\" \/>\n\t<meta property=\"og:image:width\" content=\"1184\" \/>\n\t<meta property=\"og:image:height\" content=\"754\" \/>\n\t<meta property=\"og:image:type\" content=\"image\/jpeg\" \/>\n<meta name=\"author\" content=\"Celine\" \/>\n<meta name=\"twitter:card\" content=\"summary_large_image\" \/>\n<meta name=\"twitter:label1\" content=\"\u00c9crit par\" \/>\n\t<meta name=\"twitter:data1\" content=\"Celine\" \/>\n\t<meta name=\"twitter:label2\" content=\"Dur\u00e9e de lecture estim\u00e9e\" \/>\n\t<meta name=\"twitter:data2\" content=\"7 minutes\" \/>\n<script type=\"application\/ld+json\" class=\"yoast-schema-graph\">{\"@context\":\"https:\\\/\\\/schema.org\",\"@graph\":[{\"@type\":\"Article\",\"@id\":\"https:\\\/\\\/www.sebastien-auziere.fr\\\/blog\\\/de\\\/brigitte-macron-ihre-seltenen-gestandnisse-uber-ihr-treffen-und-ihre-geschichte-mit-emmanuel-macron\\\/#article\",\"isPartOf\":{\"@id\":\"https:\\\/\\\/www.sebastien-auziere.fr\\\/blog\\\/de\\\/brigitte-macron-ihre-seltenen-gestandnisse-uber-ihr-treffen-und-ihre-geschichte-mit-emmanuel-macron\\\/\"},\"author\":{\"name\":\"Celine\",\"@id\":\"https:\\\/\\\/www.sebastien-auziere.fr\\\/blog\\\/#\\\/schema\\\/person\\\/1e270a963009242469ed08b1c461f81f\"},\"headline\":\"Brigitte Macron : ihre seltenen Gest\u00e4ndnisse \u00fcber ihr Treffen und ihre Geschichte mit Emmanuel Macron\",\"datePublished\":\"2026-03-14T14:26:38+00:00\",\"dateModified\":\"2026-03-14T14:27:31+00:00\",\"mainEntityOfPage\":{\"@id\":\"https:\\\/\\\/www.sebastien-auziere.fr\\\/blog\\\/de\\\/brigitte-macron-ihre-seltenen-gestandnisse-uber-ihr-treffen-und-ihre-geschichte-mit-emmanuel-macron\\\/\"},\"wordCount\":1372,\"commentCount\":0,\"publisher\":{\"@id\":\"https:\\\/\\\/www.sebastien-auziere.fr\\\/blog\\\/#organization\"},\"image\":{\"@id\":\"https:\\\/\\\/www.sebastien-auziere.fr\\\/blog\\\/de\\\/brigitte-macron-ihre-seltenen-gestandnisse-uber-ihr-treffen-und-ihre-geschichte-mit-emmanuel-macron\\\/#primaryimage\"},\"thumbnailUrl\":\"https:\\\/\\\/www.sebastien-auziere.fr\\\/blog\\\/wp-content\\\/uploads\\\/2026\\\/03\\\/Capture-decran-2026-03-14-144614.jpg\",\"articleSection\":[\"Aktuelles\"],\"inLanguage\":\"fr-FR\",\"potentialAction\":[{\"@type\":\"CommentAction\",\"name\":\"Comment\",\"target\":[\"https:\\\/\\\/www.sebastien-auziere.fr\\\/blog\\\/de\\\/brigitte-macron-ihre-seltenen-gestandnisse-uber-ihr-treffen-und-ihre-geschichte-mit-emmanuel-macron\\\/#respond\"]}]},{\"@type\":\"WebPage\",\"@id\":\"https:\\\/\\\/www.sebastien-auziere.fr\\\/blog\\\/de\\\/brigitte-macron-ihre-seltenen-gestandnisse-uber-ihr-treffen-und-ihre-geschichte-mit-emmanuel-macron\\\/\",\"url\":\"https:\\\/\\\/www.sebastien-auziere.fr\\\/blog\\\/de\\\/brigitte-macron-ihre-seltenen-gestandnisse-uber-ihr-treffen-und-ihre-geschichte-mit-emmanuel-macron\\\/\",\"name\":\"Brigitte Macron : ses confessions sur sa rencontre et son histoire avec Emmanuel Macron\",\"isPartOf\":{\"@id\":\"https:\\\/\\\/www.sebastien-auziere.fr\\\/blog\\\/#website\"},\"primaryImageOfPage\":{\"@id\":\"https:\\\/\\\/www.sebastien-auziere.fr\\\/blog\\\/de\\\/brigitte-macron-ihre-seltenen-gestandnisse-uber-ihr-treffen-und-ihre-geschichte-mit-emmanuel-macron\\\/#primaryimage\"},\"image\":{\"@id\":\"https:\\\/\\\/www.sebastien-auziere.fr\\\/blog\\\/de\\\/brigitte-macron-ihre-seltenen-gestandnisse-uber-ihr-treffen-und-ihre-geschichte-mit-emmanuel-macron\\\/#primaryimage\"},\"thumbnailUrl\":\"https:\\\/\\\/www.sebastien-auziere.fr\\\/blog\\\/wp-content\\\/uploads\\\/2026\\\/03\\\/Capture-decran-2026-03-14-144614.jpg\",\"datePublished\":\"2026-03-14T14:26:38+00:00\",\"dateModified\":\"2026-03-14T14:27:31+00:00\",\"description\":\"Dans Paris Match, Brigitte Macron a racont\u00e9 les d\u00e9buts de sa relation avec Emmanuel Macron : leur rencontre \u00e0 Amiens, la d\u00e9claration \u00e0 17 ans et un lien qui n'a jamais rompu.\",\"breadcrumb\":{\"@id\":\"https:\\\/\\\/www.sebastien-auziere.fr\\\/blog\\\/de\\\/brigitte-macron-ihre-seltenen-gestandnisse-uber-ihr-treffen-und-ihre-geschichte-mit-emmanuel-macron\\\/#breadcrumb\"},\"inLanguage\":\"fr-FR\",\"potentialAction\":[{\"@type\":\"ReadAction\",\"target\":[\"https:\\\/\\\/www.sebastien-auziere.fr\\\/blog\\\/de\\\/brigitte-macron-ihre-seltenen-gestandnisse-uber-ihr-treffen-und-ihre-geschichte-mit-emmanuel-macron\\\/\"]}]},{\"@type\":\"ImageObject\",\"inLanguage\":\"fr-FR\",\"@id\":\"https:\\\/\\\/www.sebastien-auziere.fr\\\/blog\\\/de\\\/brigitte-macron-ihre-seltenen-gestandnisse-uber-ihr-treffen-und-ihre-geschichte-mit-emmanuel-macron\\\/#primaryimage\",\"url\":\"https:\\\/\\\/www.sebastien-auziere.fr\\\/blog\\\/wp-content\\\/uploads\\\/2026\\\/03\\\/Capture-decran-2026-03-14-144614.jpg\",\"contentUrl\":\"https:\\\/\\\/www.sebastien-auziere.fr\\\/blog\\\/wp-content\\\/uploads\\\/2026\\\/03\\\/Capture-decran-2026-03-14-144614.jpg\",\"width\":1184,\"height\":754,\"caption\":\"Brigitte Macron : ses confessions rares sur sa rencontre et son histoire avec Emmanuel Macron\"},{\"@type\":\"BreadcrumbList\",\"@id\":\"https:\\\/\\\/www.sebastien-auziere.fr\\\/blog\\\/de\\\/brigitte-macron-ihre-seltenen-gestandnisse-uber-ihr-treffen-und-ihre-geschichte-mit-emmanuel-macron\\\/#breadcrumb\",\"itemListElement\":[{\"@type\":\"ListItem\",\"position\":1,\"name\":\"Home\",\"item\":\"https:\\\/\\\/www.sebastien-auziere.fr\\\/blog\\\/\"},{\"@type\":\"ListItem\",\"position\":2,\"name\":\"Brigitte Macron : ihre seltenen Gest\u00e4ndnisse \u00fcber ihr Treffen und ihre Geschichte mit Emmanuel Macron\"}]},{\"@type\":\"WebSite\",\"@id\":\"https:\\\/\\\/www.sebastien-auziere.fr\\\/blog\\\/#website\",\"url\":\"https:\\\/\\\/www.sebastien-auziere.fr\\\/blog\\\/\",\"name\":\"Fan site S\u00e9bastien Auzi\u00e8re\",\"description\":\"M\u00e9dia g\u00e9n\u00e9raliste\",\"publisher\":{\"@id\":\"https:\\\/\\\/www.sebastien-auziere.fr\\\/blog\\\/#organization\"},\"potentialAction\":[{\"@type\":\"SearchAction\",\"target\":{\"@type\":\"EntryPoint\",\"urlTemplate\":\"https:\\\/\\\/www.sebastien-auziere.fr\\\/blog\\\/?s={search_term_string}\"},\"query-input\":{\"@type\":\"PropertyValueSpecification\",\"valueRequired\":true,\"valueName\":\"search_term_string\"}}],\"inLanguage\":\"fr-FR\"},{\"@type\":\"Organization\",\"@id\":\"https:\\\/\\\/www.sebastien-auziere.fr\\\/blog\\\/#organization\",\"name\":\"Fan site S\u00e9bastien Auzi\u00e8re\",\"url\":\"https:\\\/\\\/www.sebastien-auziere.fr\\\/blog\\\/\",\"logo\":{\"@type\":\"ImageObject\",\"inLanguage\":\"fr-FR\",\"@id\":\"https:\\\/\\\/www.sebastien-auziere.fr\\\/blog\\\/#\\\/schema\\\/logo\\\/image\\\/\",\"url\":\"https:\\\/\\\/www.sebastien-auziere.fr\\\/blog\\\/wp-content\\\/uploads\\\/2026\\\/03\\\/cropped-cropped-cropped-ChatGPT-Image-6-mars-2026-12_58_09-e1772798376794.jpg\",\"contentUrl\":\"https:\\\/\\\/www.sebastien-auziere.fr\\\/blog\\\/wp-content\\\/uploads\\\/2026\\\/03\\\/cropped-cropped-cropped-ChatGPT-Image-6-mars-2026-12_58_09-e1772798376794.jpg\",\"width\":512,\"height\":360,\"caption\":\"Fan site S\u00e9bastien Auzi\u00e8re\"},\"image\":{\"@id\":\"https:\\\/\\\/www.sebastien-auziere.fr\\\/blog\\\/#\\\/schema\\\/logo\\\/image\\\/\"}},{\"@type\":\"Person\",\"@id\":\"https:\\\/\\\/www.sebastien-auziere.fr\\\/blog\\\/#\\\/schema\\\/person\\\/1e270a963009242469ed08b1c461f81f\",\"name\":\"Celine\",\"image\":{\"@type\":\"ImageObject\",\"inLanguage\":\"fr-FR\",\"@id\":\"https:\\\/\\\/secure.gravatar.com\\\/avatar\\\/c88d569fbe1fe19a13c7f21ee0f8973822df96073df21850b95af6a09ba820c9?s=96&d=mm&r=g\",\"url\":\"https:\\\/\\\/secure.gravatar.com\\\/avatar\\\/c88d569fbe1fe19a13c7f21ee0f8973822df96073df21850b95af6a09ba820c9?s=96&d=mm&r=g\",\"contentUrl\":\"https:\\\/\\\/secure.gravatar.com\\\/avatar\\\/c88d569fbe1fe19a13c7f21ee0f8973822df96073df21850b95af6a09ba820c9?s=96&d=mm&r=g\",\"caption\":\"Celine\"},\"description\":\"Je m'appelle C\u00e9line, j'ai 31 ans et je suis journaliste sp\u00e9cialis\u00e9e dans le cin\u00e9ma. Passionn\u00e9e par le septi\u00e8me art, j'explore les actualit\u00e9s, les critiques et les tendances du monde cin\u00e9matographique. Mon objectif est de partager ma passion et d'informer les amateurs de films \u00e0 travers des articles percutants et des analyses approfondies.\",\"url\":\"https:\\\/\\\/www.sebastien-auziere.fr\\\/blog\\\/author\\\/celine\\\/\"}]}<\/script>\n<!-- \/ Yoast SEO plugin. -->","yoast_head_json":{"title":"Brigitte Macron : ses confessions sur sa rencontre et son histoire avec Emmanuel Macron","description":"Dans Paris Match, Brigitte Macron a racont\u00e9 les d\u00e9buts de sa relation avec Emmanuel Macron : leur rencontre \u00e0 Amiens, la d\u00e9claration \u00e0 17 ans et un lien qui n'a jamais rompu.","robots":{"index":"index","follow":"follow","max-snippet":"max-snippet:-1","max-image-preview":"max-image-preview:large","max-video-preview":"max-video-preview:-1"},"canonical":"https:\/\/www.sebastien-auziere.fr\/blog\/de\/brigitte-macron-ihre-seltenen-gestandnisse-uber-ihr-treffen-und-ihre-geschichte-mit-emmanuel-macron\/","og_locale":"fr_FR","og_type":"article","og_title":"Brigitte Macron : ses confessions sur sa rencontre et son histoire avec Emmanuel Macron","og_description":"Dans Paris Match, Brigitte Macron a racont\u00e9 les d\u00e9buts de sa relation avec Emmanuel Macron : leur rencontre \u00e0 Amiens, la d\u00e9claration \u00e0 17 ans et un lien qui n'a jamais rompu.","og_url":"https:\/\/www.sebastien-auziere.fr\/blog\/de\/brigitte-macron-ihre-seltenen-gestandnisse-uber-ihr-treffen-und-ihre-geschichte-mit-emmanuel-macron\/","og_site_name":"Fan site S\u00e9bastien Auzi\u00e8re","article_published_time":"2026-03-14T14:26:38+00:00","article_modified_time":"2026-03-14T14:27:31+00:00","og_image":[{"width":1184,"height":754,"url":"https:\/\/www.sebastien-auziere.fr\/blog\/wp-content\/uploads\/2026\/03\/Capture-decran-2026-03-14-144614.jpg","type":"image\/jpeg"}],"author":"Celine","twitter_card":"summary_large_image","twitter_misc":{"\u00c9crit par":"Celine","Dur\u00e9e de lecture estim\u00e9e":"7 minutes"},"schema":{"@context":"https:\/\/schema.org","@graph":[{"@type":"Article","@id":"https:\/\/www.sebastien-auziere.fr\/blog\/de\/brigitte-macron-ihre-seltenen-gestandnisse-uber-ihr-treffen-und-ihre-geschichte-mit-emmanuel-macron\/#article","isPartOf":{"@id":"https:\/\/www.sebastien-auziere.fr\/blog\/de\/brigitte-macron-ihre-seltenen-gestandnisse-uber-ihr-treffen-und-ihre-geschichte-mit-emmanuel-macron\/"},"author":{"name":"Celine","@id":"https:\/\/www.sebastien-auziere.fr\/blog\/#\/schema\/person\/1e270a963009242469ed08b1c461f81f"},"headline":"Brigitte Macron : ihre seltenen Gest\u00e4ndnisse \u00fcber ihr Treffen und ihre Geschichte mit Emmanuel Macron","datePublished":"2026-03-14T14:26:38+00:00","dateModified":"2026-03-14T14:27:31+00:00","mainEntityOfPage":{"@id":"https:\/\/www.sebastien-auziere.fr\/blog\/de\/brigitte-macron-ihre-seltenen-gestandnisse-uber-ihr-treffen-und-ihre-geschichte-mit-emmanuel-macron\/"},"wordCount":1372,"commentCount":0,"publisher":{"@id":"https:\/\/www.sebastien-auziere.fr\/blog\/#organization"},"image":{"@id":"https:\/\/www.sebastien-auziere.fr\/blog\/de\/brigitte-macron-ihre-seltenen-gestandnisse-uber-ihr-treffen-und-ihre-geschichte-mit-emmanuel-macron\/#primaryimage"},"thumbnailUrl":"https:\/\/www.sebastien-auziere.fr\/blog\/wp-content\/uploads\/2026\/03\/Capture-decran-2026-03-14-144614.jpg","articleSection":["Aktuelles"],"inLanguage":"fr-FR","potentialAction":[{"@type":"CommentAction","name":"Comment","target":["https:\/\/www.sebastien-auziere.fr\/blog\/de\/brigitte-macron-ihre-seltenen-gestandnisse-uber-ihr-treffen-und-ihre-geschichte-mit-emmanuel-macron\/#respond"]}]},{"@type":"WebPage","@id":"https:\/\/www.sebastien-auziere.fr\/blog\/de\/brigitte-macron-ihre-seltenen-gestandnisse-uber-ihr-treffen-und-ihre-geschichte-mit-emmanuel-macron\/","url":"https:\/\/www.sebastien-auziere.fr\/blog\/de\/brigitte-macron-ihre-seltenen-gestandnisse-uber-ihr-treffen-und-ihre-geschichte-mit-emmanuel-macron\/","name":"Brigitte Macron : ses confessions sur sa rencontre et son histoire avec Emmanuel Macron","isPartOf":{"@id":"https:\/\/www.sebastien-auziere.fr\/blog\/#website"},"primaryImageOfPage":{"@id":"https:\/\/www.sebastien-auziere.fr\/blog\/de\/brigitte-macron-ihre-seltenen-gestandnisse-uber-ihr-treffen-und-ihre-geschichte-mit-emmanuel-macron\/#primaryimage"},"image":{"@id":"https:\/\/www.sebastien-auziere.fr\/blog\/de\/brigitte-macron-ihre-seltenen-gestandnisse-uber-ihr-treffen-und-ihre-geschichte-mit-emmanuel-macron\/#primaryimage"},"thumbnailUrl":"https:\/\/www.sebastien-auziere.fr\/blog\/wp-content\/uploads\/2026\/03\/Capture-decran-2026-03-14-144614.jpg","datePublished":"2026-03-14T14:26:38+00:00","dateModified":"2026-03-14T14:27:31+00:00","description":"Dans Paris Match, Brigitte Macron a racont\u00e9 les d\u00e9buts de sa relation avec Emmanuel Macron : leur rencontre \u00e0 Amiens, la d\u00e9claration \u00e0 17 ans et un lien qui n'a jamais rompu.","breadcrumb":{"@id":"https:\/\/www.sebastien-auziere.fr\/blog\/de\/brigitte-macron-ihre-seltenen-gestandnisse-uber-ihr-treffen-und-ihre-geschichte-mit-emmanuel-macron\/#breadcrumb"},"inLanguage":"fr-FR","potentialAction":[{"@type":"ReadAction","target":["https:\/\/www.sebastien-auziere.fr\/blog\/de\/brigitte-macron-ihre-seltenen-gestandnisse-uber-ihr-treffen-und-ihre-geschichte-mit-emmanuel-macron\/"]}]},{"@type":"ImageObject","inLanguage":"fr-FR","@id":"https:\/\/www.sebastien-auziere.fr\/blog\/de\/brigitte-macron-ihre-seltenen-gestandnisse-uber-ihr-treffen-und-ihre-geschichte-mit-emmanuel-macron\/#primaryimage","url":"https:\/\/www.sebastien-auziere.fr\/blog\/wp-content\/uploads\/2026\/03\/Capture-decran-2026-03-14-144614.jpg","contentUrl":"https:\/\/www.sebastien-auziere.fr\/blog\/wp-content\/uploads\/2026\/03\/Capture-decran-2026-03-14-144614.jpg","width":1184,"height":754,"caption":"Brigitte Macron : ses confessions rares sur sa rencontre et son histoire avec Emmanuel Macron"},{"@type":"BreadcrumbList","@id":"https:\/\/www.sebastien-auziere.fr\/blog\/de\/brigitte-macron-ihre-seltenen-gestandnisse-uber-ihr-treffen-und-ihre-geschichte-mit-emmanuel-macron\/#breadcrumb","itemListElement":[{"@type":"ListItem","position":1,"name":"Home","item":"https:\/\/www.sebastien-auziere.fr\/blog\/"},{"@type":"ListItem","position":2,"name":"Brigitte Macron : ihre seltenen Gest\u00e4ndnisse \u00fcber ihr Treffen und ihre Geschichte mit Emmanuel Macron"}]},{"@type":"WebSite","@id":"https:\/\/www.sebastien-auziere.fr\/blog\/#website","url":"https:\/\/www.sebastien-auziere.fr\/blog\/","name":"Fan site S\u00e9bastien Auzi\u00e8re","description":"M\u00e9dia g\u00e9n\u00e9raliste","publisher":{"@id":"https:\/\/www.sebastien-auziere.fr\/blog\/#organization"},"potentialAction":[{"@type":"SearchAction","target":{"@type":"EntryPoint","urlTemplate":"https:\/\/www.sebastien-auziere.fr\/blog\/?s={search_term_string}"},"query-input":{"@type":"PropertyValueSpecification","valueRequired":true,"valueName":"search_term_string"}}],"inLanguage":"fr-FR"},{"@type":"Organization","@id":"https:\/\/www.sebastien-auziere.fr\/blog\/#organization","name":"Fan site S\u00e9bastien Auzi\u00e8re","url":"https:\/\/www.sebastien-auziere.fr\/blog\/","logo":{"@type":"ImageObject","inLanguage":"fr-FR","@id":"https:\/\/www.sebastien-auziere.fr\/blog\/#\/schema\/logo\/image\/","url":"https:\/\/www.sebastien-auziere.fr\/blog\/wp-content\/uploads\/2026\/03\/cropped-cropped-cropped-ChatGPT-Image-6-mars-2026-12_58_09-e1772798376794.jpg","contentUrl":"https:\/\/www.sebastien-auziere.fr\/blog\/wp-content\/uploads\/2026\/03\/cropped-cropped-cropped-ChatGPT-Image-6-mars-2026-12_58_09-e1772798376794.jpg","width":512,"height":360,"caption":"Fan site S\u00e9bastien Auzi\u00e8re"},"image":{"@id":"https:\/\/www.sebastien-auziere.fr\/blog\/#\/schema\/logo\/image\/"}},{"@type":"Person","@id":"https:\/\/www.sebastien-auziere.fr\/blog\/#\/schema\/person\/1e270a963009242469ed08b1c461f81f","name":"Celine","image":{"@type":"ImageObject","inLanguage":"fr-FR","@id":"https:\/\/secure.gravatar.com\/avatar\/c88d569fbe1fe19a13c7f21ee0f8973822df96073df21850b95af6a09ba820c9?s=96&d=mm&r=g","url":"https:\/\/secure.gravatar.com\/avatar\/c88d569fbe1fe19a13c7f21ee0f8973822df96073df21850b95af6a09ba820c9?s=96&d=mm&r=g","contentUrl":"https:\/\/secure.gravatar.com\/avatar\/c88d569fbe1fe19a13c7f21ee0f8973822df96073df21850b95af6a09ba820c9?s=96&d=mm&r=g","caption":"Celine"},"description":"Je m'appelle C\u00e9line, j'ai 31 ans et je suis journaliste sp\u00e9cialis\u00e9e dans le cin\u00e9ma. Passionn\u00e9e par le septi\u00e8me art, j'explore les actualit\u00e9s, les critiques et les tendances du monde cin\u00e9matographique. Mon objectif est de partager ma passion et d'informer les amateurs de films \u00e0 travers des articles percutants et des analyses approfondies.","url":"https:\/\/www.sebastien-auziere.fr\/blog\/author\/celine\/"}]}},"views":9,"_links":{"self":[{"href":"https:\/\/www.sebastien-auziere.fr\/blog\/wp-json\/wp\/v2\/posts\/2508","targetHints":{"allow":["GET"]}}],"collection":[{"href":"https:\/\/www.sebastien-auziere.fr\/blog\/wp-json\/wp\/v2\/posts"}],"about":[{"href":"https:\/\/www.sebastien-auziere.fr\/blog\/wp-json\/wp\/v2\/types\/post"}],"author":[{"embeddable":true,"href":"https:\/\/www.sebastien-auziere.fr\/blog\/wp-json\/wp\/v2\/users\/4"}],"replies":[{"embeddable":true,"href":"https:\/\/www.sebastien-auziere.fr\/blog\/wp-json\/wp\/v2\/comments?post=2508"}],"version-history":[{"count":1,"href":"https:\/\/www.sebastien-auziere.fr\/blog\/wp-json\/wp\/v2\/posts\/2508\/revisions"}],"predecessor-version":[{"id":2509,"href":"https:\/\/www.sebastien-auziere.fr\/blog\/wp-json\/wp\/v2\/posts\/2508\/revisions\/2509"}],"wp:featuredmedia":[{"embeddable":true,"href":"https:\/\/www.sebastien-auziere.fr\/blog\/wp-json\/wp\/v2\/media\/2493"}],"wp:attachment":[{"href":"https:\/\/www.sebastien-auziere.fr\/blog\/wp-json\/wp\/v2\/media?parent=2508"}],"wp:term":[{"taxonomy":"category","embeddable":true,"href":"https:\/\/www.sebastien-auziere.fr\/blog\/wp-json\/wp\/v2\/categories?post=2508"},{"taxonomy":"post_tag","embeddable":true,"href":"https:\/\/www.sebastien-auziere.fr\/blog\/wp-json\/wp\/v2\/tags?post=2508"}],"curies":[{"name":"wp","href":"https:\/\/api.w.org\/{rel}","templated":true}]}}