{"id":2506,"date":"2026-03-14T14:23:49","date_gmt":"2026-03-14T14:23:49","guid":{"rendered":"https:\/\/www.sebastien-auziere.fr\/blog\/?p=2506"},"modified":"2026-03-14T14:24:35","modified_gmt":"2026-03-14T14:24:35","slug":"brigitte-macron-sus-confesiones-raras-sobre-su-encuentro-y-su-historia-con-emmanuel-macron","status":"publish","type":"post","link":"https:\/\/www.sebastien-auziere.fr\/blog\/es\/brigitte-macron-sus-confesiones-raras-sobre-su-encuentro-y-su-historia-con-emmanuel-macron\/","title":{"rendered":"Brigitte Macron: sus confesiones raras sobre su encuentro y su historia con Emmanuel Macron"},"content":{"rendered":"<p><title>Brigitte Macron: sus confesiones sobre su encuentro y su historia con Emmanuel Macron<\/title><\/p>\n<p>  body { font-size: 16px; line-height: 1.7; }<br \/>\n  h2 { font-size: 1.4em; color: #2c2c2c; border-left: 4px solid #b8860b; padding-left: 10px; margin-top: 40px; }<br \/>\n  h3 { font-size: 1.15em; color: #333; margin-top: 24px; }<br \/>\n  .intro-box { background: #fdf9f0; border-left: 5px solid #b8860b; padding: 16px 20px; border-radius: 4px; margin: 0 0 30px; }<br \/>\n  .intro-box p { margin: 0; }<br \/>\n  blockquote { border-left: 4px solid #b8860b; margin: 24px 0; padding: 12px 20px; background: #fdf9f0; font-style: italic; color: #444; }<br \/>\n  ul li, ol li { margin-bottom: 6px; }<br \/>\n  a { color: #b8860b; }<br \/>\n  .faq dt { font-weight: bold; margin-top: 18px; color: #2c2c2c; }<br \/>\n  .faq dd { margin: 6px 0 12px 0; }<\/p>\n<div class=\"intro-box\">\n<p><strong>En resumen:<\/strong> En una entrevista concedida a <em>Paris Match<\/em>, Brigitte Macron ha desvelado los inicios de su relaci\u00f3n con Emmanuel Macron: su encuentro en Amiens, la declaraci\u00f3n a los 17 a\u00f1os, el divorcio y un apego que nunca ha cedido a pesar de los obst\u00e1culos.<\/p>\n<\/div>\n<p>Su historia fascina desde hace a\u00f1os. Mucho antes del El\u00edseo, mucho antes de los focos, Emmanuel y Brigitte Macron construyeron una relaci\u00f3n fuera de lo com\u00fan, nacida en los pasillos de un lyc\u00e9e en Amiens. Una relaci\u00f3n que la Primera dama ha aceptado contar con una franqueza rara, desvelando los momentos fundacionales de esta singular pareja.<\/p>\n<h2>Un encuentro en Amiens, entre teatro y escritura<\/h2>\n<p>Todo comienza en Amiens, en los a\u00f1os 1990. Brigitte Auzi\u00e8re ense\u00f1a letras en el lyc\u00e9e La Providence. Emmanuel Macron, \u00e9l, es solo un estudiante de secundaria apasionado por el teatro y la escritura. Es en este marco \u2014los talleres de escritura del viernes, los ensayos\u2014 donde nace entre ellos una complicidad intelectual primero, y luego algo mucho m\u00e1s profundo.<\/p>\n<p>En su entrevista a <em>Paris Match<\/em>, Brigitte Macron describe este deslizamiento progresivo, esta atracci\u00f3n mutua que se impuso a pesar de las circunstancias:<\/p>\n<blockquote><p>\u00ab La escritura nos reun\u00eda cada viernes y provoc\u00f3 una incre\u00edble proximidad. \u00c9l tom\u00f3 un gran ascendiente sobre m\u00ed\u2026 Sent\u00ed que me deslizaba, \u00e9l tambi\u00e9n\u2026 Entonces le ped\u00ed que fuera a Par\u00eds, al lyc\u00e9e Henri IV, para su \u00faltimo a\u00f1o de bachillerato. Me asegur\u00f3 que volver\u00eda. Fue un desgarro. No rompimos el hilo. \u00bb<\/p><\/blockquote>\n<h2>La declaraci\u00f3n a los 17 a\u00f1os: \u00ab\u00a0Hagas lo que hagas, me casar\u00e9 contigo\u00a0\u00bb <\/h2>\n<p>La distancia entre Par\u00eds y Amiens no ha enfriado los sentimientos. Al contrario. Brigitte Macron cuenta que el alejamiento hizo que su relaci\u00f3n fuera a\u00fan m\u00e1s intensa, impulsada por una determinaci\u00f3n rara para un adolescente. Recuerda una frase que quedar\u00e1 grabada:<\/p>\n<blockquote><p>\u00ab Al contrario, se volvi\u00f3 pasional y, a los 17 a\u00f1os, Emmanuel me dijo: \u00ab\u00a0\u00a1Hagas lo que hagas, me casar\u00e9 contigo!\u00a0\u00bb El amor arrastr\u00f3 todo a su paso y me llev\u00f3 al divorcio. Imposible resistirse a \u00e9l. Mis padres, ya mayores, no quer\u00edan saber demasiado\u2026 En cuanto a m\u00ed, las diferencias de edad ya las hab\u00eda acostumbrado desde la infancia. Lo esencial era preservar a los m\u00edos, que aceptaron estos cambios. Lo dem\u00e1s es espuma. \u00bb<\/p><\/blockquote>\n<p>Esta declaraci\u00f3n, pronunciada cuando Emmanuel Macron ten\u00eda 17 a\u00f1os y Brigitte 24 a\u00f1os m\u00e1s, dice mucho del car\u00e1cter del hombre que se volver\u00eda presidente. Una convicci\u00f3n absoluta, expresada desde la adolescencia, que se realiz\u00f3 en 2007: la pareja se casa en Le Touquet, despu\u00e9s de que Brigitte Macron se divorciara de su primer marido, Andr\u00e9-Louis Auzi\u00e8re.<\/p>\n<h2>El divorcio, las miradas externas, la familia<\/h2>\n<p>La relaci\u00f3n no ha estado exenta de golpes. Brigitte Macron evoca con pudor el peso de las miradas, la necesidad de proteger a sus hijos y a sus seres queridos de una situaci\u00f3n poco ordinaria. Entonces asum\u00eda una doble vida \u2014madre de familia, docente respetada\u2014 mientras viv\u00eda una historia que a\u00fan no pod\u00eda hacer p\u00fablica.<\/p>\n<p>Insiste en un punto: su prioridad siempre ha sido \u00ab\u00a0preservar a los suyos\u00a0\u00bb. Sus tres hijos \u2014S\u00e9bastien, Laurence y Tiphaine Auzi\u00e8re\u2014 terminaron por aceptar esta realidad, aunque el camino no ha sido sencillo.<\/p>\n<h2>Primera dama pero nunca en la sombra<\/h2>\n<p>Desde El\u00edseo, Brigitte Macron ha definido su propio papel: presente, atenta, pero sin funci\u00f3n oficial. Describe un apoyo diario, hecho de intercambios constantes con el jefe del Estado:<\/p>\n<blockquote><p>\u00ab Si tomo la vida a la ligera, no obstante tengo el o\u00eddo atento. Y como cada noche, hacemos un debriefing juntos y nos repetimos lo que hemos o\u00eddo el uno del otro. Debo estar atenta a todo, hacer lo m\u00e1ximo para protegerlo. \u00bb<\/p><\/blockquote>\n<p>Un papel informal pero real, que la convierte en mucho m\u00e1s que una simple acompa\u00f1ante. Brigitte Macron es descrita por los cercanos a la pareja como una confidente y una observadora aguda de la vida pol\u00edtica francesa.<\/p>\n<h2>Una historia que sigue fascinando<\/h2>\n<p>Casi treinta a\u00f1os despu\u00e9s de su encuentro en Amiens, su relaci\u00f3n sigue siendo una de las m\u00e1s comentadas de la vida p\u00fablica francesa. La diferencia de edad \u201424 a\u00f1os\u2014, el contexto de su encuentro, el divorcio, la promesa cumplida: tantos elementos que alimentan una fascinaci\u00f3n duradera, m\u00e1s all\u00e1 del simple c\u00edrculo pol\u00edtico.<\/p>\n<p>Brigitte Macron, por su parte, asume. No busca reescribir la historia, ni atenuar sus asperezas. La cuenta tal como ha sucedido \u2014con sus rupturas, sus impulsos y su parte de inevitable.<\/p>\n<h2>FAQ \u2014 Brigitte y Emmanuel Macron: su historia<\/h2>\n<dl class=\"faq\">\n<dt>\u00bfC\u00f3mo se conocieron Brigitte y Emmanuel Macron?<\/dt>\n<dd>Se conocieron en Amiens, en el lyc\u00e9e La Providence, donde Brigitte ense\u00f1aba letras y teatro. Emmanuel Macron era entonces su alumno, apasionado por la escritura y el teatro.<\/dd>\n<dt>\u00bfQu\u00e9 edad ten\u00eda Emmanuel Macron cuando declar\u00f3 que quer\u00eda casarse con Brigitte?<\/dt>\n<dd>Ten\u00eda 17 a\u00f1os cuando le dijo: \u00ab\u00a0Hagas lo que hagas, me casar\u00e9 contigo.\u00a0\u00bb Una promesa que cumpli\u00f3.<\/dd>\n<dt>\u00bfCu\u00e1l es la diferencia de edad entre Brigitte y Emmanuel Macron?<\/dt>\n<dd>Brigitte Macron es 24 a\u00f1os mayor que Emmanuel Macron. Ella naci\u00f3 en 1953, \u00e9l en 1977.<\/dd>\n<dt>\u00bfCu\u00e1ndo se casaron Emmanuel y Brigitte Macron?<\/dt>\n<dd>Se casaron en 2007 en Le Touquet, tras el divorcio de Brigitte Macron de su primer marido Andr\u00e9-Louis Auzi\u00e8re.<\/dd>\n<dt>\u00bfBrigitte Macron tiene hijos?<\/dt>\n<dd>S\u00ed, tiene tres hijos de su primer matrimonio: S\u00e9bastien, Laurence y Tiphaine Auzi\u00e8re.<\/dd>\n<dt>\u00bfCu\u00e1l es el papel de Brigitte Macron en El\u00edseo?<\/dt>\n<dd>No tiene funci\u00f3n oficial, pero desempe\u00f1a un papel de confidente y apoyo diario al presidente. Describe un intercambio constante con \u00e9l sobre lo que observan cada uno por su lado.<\/dd>\n<\/dl>\n<p>{<br \/>\n  \u00ab\u00a0@context\u00a0\u00bb: \u00ab\u00a0https:\/\/schema.org\u00a0\u00bb,<br \/>\n  \u00ab\u00a0@type\u00a0\u00bb: \u00ab\u00a0Article\u00a0\u00bb,<br \/>\n  \u00ab\u00a0headline\u00a0\u00bb: \u00ab\u00a0Brigitte Macron: sus confesiones sobre su encuentro y su historia con Emmanuel Macron\u00a0\u00bb,<br \/>\n  \u00ab\u00a0description\u00a0\u00bb: \u00ab\u00a0En Paris Match, Brigitte Macron ha contado los inicios de su relaci\u00f3n con Emmanuel Macron: su encuentro en Amiens, la declaraci\u00f3n a los 17 a\u00f1os y un v\u00ednculo que nunca ha roto.\u00a0\u00bb,<br \/>\n  \u00ab\u00a0inLanguage\u00a0\u00bb: \u00ab\u00a0es\u00a0\u00bb,<br \/>\n  \u00ab\u00a0datePublished\u00a0\u00bb: \u00ab\u00a02026-03-13\u00a0\u00bb,<br \/>\n  \u00ab\u00a0dateModified\u00a0\u00bb: \u00ab\u00a02026-03-13\u00a0\u00bb,<br \/>\n  \u00ab\u00a0about\u00a0\u00bb: [<br \/>\n    { \u00ab\u00a0@type\u00a0\u00bb: \u00ab\u00a0Person\u00a0\u00bb, \u00ab\u00a0name\u00a0\u00bb: \u00ab\u00a0Brigitte Macron\u00a0\u00bb },<br \/>\n    { \u00ab\u00a0@type\u00a0\u00bb: \u00ab\u00a0Person\u00a0\u00bb, \u00ab\u00a0name\u00a0\u00bb: \u00ab\u00a0Emmanuel Macron\u00a0\u00bb }<br \/>\n  ]<br \/>\n}<\/p>\n<p>{<br \/>\n  \u00ab\u00a0@context\u00a0\u00bb: \u00ab\u00a0https:\/\/schema.org\u00a0\u00bb,<br \/>\n  \u00ab\u00a0@type\u00a0\u00bb: \u00ab\u00a0FAQPage\u00a0\u00bb,<br \/>\n  \u00ab\u00a0mainEntity\u00a0\u00bb: [<br \/>\n    {<br \/>\n      \u00ab\u00a0@type\u00a0\u00bb: \u00ab\u00a0Question\u00a0\u00bb,<br \/>\n      \u00ab\u00a0name\u00a0\u00bb: \u00ab\u00a0\u00bfC\u00f3mo se conocieron Brigitte y Emmanuel Macron?\u00a0\u00bb,<br \/>\n      \u00ab\u00a0acceptedAnswer\u00a0\u00bb: { \u00ab\u00a0@type\u00a0\u00bb: \u00ab\u00a0Answer\u00a0\u00bb, \u00ab\u00a0text\u00a0\u00bb: \u00ab\u00a0En el lyc\u00e9e La Providence en Amiens, donde Brigitte ense\u00f1aba letras y Emmanuel era su alumno apasionado por la escritura y el teatro.\u00a0\u00bb }<br \/>\n    },<br \/>\n    {<br \/>\n      \u00ab\u00a0@type\u00a0\u00bb: \u00ab\u00a0Question\u00a0\u00bb,<br \/>\n      \u00ab\u00a0name\u00a0\u00bb: \u00ab\u00a0\u00bfQu\u00e9 edad ten\u00eda Emmanuel Macron cuando declar\u00f3 querer casarse con Brigitte?\u00a0\u00bb,<br \/>\n      \u00ab\u00a0acceptedAnswer\u00a0\u00bb: { \u00ab\u00a0@type\u00a0\u00bb: \u00ab\u00a0Answer\u00a0\u00bb, \u00ab\u00a0text\u00a0\u00bb: \u00ab\u00a0Ten\u00eda 17 a\u00f1os cuando le dijo: &lsquo;Hagas lo que hagas, me casar\u00e9 contigo.'\u00a0\u00bb }<br \/>\n    },<br \/>\n    {<br \/>\n      \u00ab\u00a0@type\u00a0\u00bb: \u00ab\u00a0Question\u00a0\u00bb,<br \/>\n      \u00ab\u00a0name\u00a0\u00bb: \u00ab\u00a0\u00bfCu\u00e1l es la diferencia de edad entre Brigitte y Emmanuel Macron?\u00a0\u00bb,<br \/>\n      \u00ab\u00a0acceptedAnswer\u00a0\u00bb: { \u00ab\u00a0@type\u00a0\u00bb: \u00ab\u00a0Answer\u00a0\u00bb, \u00ab\u00a0text\u00a0\u00bb: \u00ab\u00a0Brigitte Macron es 24 a\u00f1os mayor que Emmanuel Macron.\u00a0\u00bb }<br \/>\n    },<br \/>\n    {<br \/>\n      \u00ab\u00a0@type\u00a0\u00bb: \u00ab\u00a0Question\u00a0\u00bb,<br \/>\n      \u00ab\u00a0name\u00a0\u00bb: \u00ab\u00a0\u00bfCu\u00e1ndo se casaron Emmanuel y Brigitte Macron?\u00a0\u00bb,<br \/>\n      \u00ab\u00a0acceptedAnswer\u00a0\u00bb: { \u00ab\u00a0@type\u00a0\u00bb: \u00ab\u00a0Answer\u00a0\u00bb, \u00ab\u00a0text\u00a0\u00bb: \u00ab\u00a0En 2007 en Le Touquet, despu\u00e9s del divorcio de Brigitte de su primer marido Andr\u00e9-Louis Auzi\u00e8re.\u00a0\u00bb }<br \/>\n    },<br \/>\n    {<br \/>\n      \u00ab\u00a0@type\u00a0\u00bb: \u00ab\u00a0Question\u00a0\u00bb,<br \/>\n      \u00ab\u00a0name\u00a0\u00bb: \u00ab\u00a0\u00bfBrigitte Macron tiene hijos?\u00a0\u00bb,<br \/>\n      \u00ab\u00a0acceptedAnswer\u00a0\u00bb: { \u00ab\u00a0@type\u00a0\u00bb: \u00ab\u00a0Answer\u00a0\u00bb, \u00ab\u00a0text\u00a0\u00bb: \u00ab\u00a0S\u00ed, tres hijos de su primer matrimonio: S\u00e9bastien, Laurence y Tiphaine Auzi\u00e8re.\u00a0\u00bb }<br \/>\n    },<br \/>\n    {<br \/>\n      \u00ab\u00a0@type\u00a0\u00bb: \u00ab\u00a0Question\u00a0\u00bb,<br \/>\n      \u00ab\u00a0name\u00a0\u00bb: \u00ab\u00a0\u00bfCu\u00e1l es el papel de Brigitte Macron en El\u00edseo?\u00a0\u00bb,<br \/>\n      \u00ab\u00a0acceptedAnswer\u00a0\u00bb: { \u00ab\u00a0@type\u00a0\u00bb: \u00ab\u00a0Answer\u00a0\u00bb, \u00ab\u00a0text\u00a0\u00bb: \u00ab\u00a0Sin funci\u00f3n oficial, pero con un papel de confidente y apoyo diario. Intercambia cada noche con el presidente sobre lo que han observado cada uno por su lado.\u00a0\u00bb }<br \/>\n    }<br \/>\n  ]<br \/>\n}<\/p>\n","protected":false},"excerpt":{"rendered":"<p>Brigitte Macron: sus confesiones sobre su encuentro y su historia con Emmanuel Macron body { font-size: 16px; line-height: 1.7; } h2 { font-size: 1.4em; color: #2c2c2c; border-left: 4px solid #b8860b; padding-left: 10px; margin-top: 40px; } h3 { font-size: 1.15em; color: #333; margin-top: 24px; } .intro-box { background: #fdf9f0; border-left: 5px solid #b8860b; padding: 16px 20px; &#8230; <a title=\"Brigitte Macron: sus confesiones raras sobre su encuentro y su historia con Emmanuel Macron\" class=\"read-more\" href=\"https:\/\/www.sebastien-auziere.fr\/blog\/es\/brigitte-macron-sus-confesiones-raras-sobre-su-encuentro-y-su-historia-con-emmanuel-macron\/\" aria-label=\"En savoir plus sur Brigitte Macron: sus confesiones raras sobre su encuentro y su historia con Emmanuel Macron\">Lire plus<\/a><\/p>\n","protected":false},"author":4,"featured_media":2493,"comment_status":"open","ping_status":"open","sticky":false,"template":"","format":"standard","meta":{"footnotes":""},"categories":[820,602],"tags":[],"class_list":["post-2506","post","type-post","status-publish","format-standard","has-post-thumbnail","hentry","category-actualidades-es","category-tendencia"],"yoast_head":"<!-- This site is optimized with the Yoast SEO plugin v27.5 - https:\/\/yoast.com\/product\/yoast-seo-wordpress\/ -->\n<title>Brigitte Macron : ses confessions sur sa rencontre et son histoire avec Emmanuel Macron<\/title>\n<meta name=\"description\" content=\"Dans Paris Match, Brigitte Macron a racont\u00e9 les d\u00e9buts de sa relation avec Emmanuel Macron : leur rencontre \u00e0 Amiens, la d\u00e9claration \u00e0 17 ans et un lien qui n&#039;a jamais rompu.\" \/>\n<meta name=\"robots\" content=\"index, follow, max-snippet:-1, max-image-preview:large, max-video-preview:-1\" \/>\n<link rel=\"canonical\" href=\"https:\/\/www.sebastien-auziere.fr\/blog\/es\/brigitte-macron-sus-confesiones-raras-sobre-su-encuentro-y-su-historia-con-emmanuel-macron\/\" \/>\n<meta property=\"og:locale\" content=\"fr_FR\" \/>\n<meta property=\"og:type\" content=\"article\" \/>\n<meta property=\"og:title\" content=\"Brigitte Macron : ses confessions sur sa rencontre et son histoire avec Emmanuel Macron\" \/>\n<meta property=\"og:description\" content=\"Dans Paris Match, Brigitte Macron a racont\u00e9 les d\u00e9buts de sa relation avec Emmanuel Macron : leur rencontre \u00e0 Amiens, la d\u00e9claration \u00e0 17 ans et un lien qui n&#039;a jamais rompu.\" \/>\n<meta property=\"og:url\" content=\"https:\/\/www.sebastien-auziere.fr\/blog\/es\/brigitte-macron-sus-confesiones-raras-sobre-su-encuentro-y-su-historia-con-emmanuel-macron\/\" \/>\n<meta property=\"og:site_name\" content=\"Fan site S\u00e9bastien Auzi\u00e8re\" \/>\n<meta property=\"article:published_time\" content=\"2026-03-14T14:23:49+00:00\" \/>\n<meta property=\"article:modified_time\" content=\"2026-03-14T14:24:35+00:00\" \/>\n<meta property=\"og:image\" content=\"https:\/\/www.sebastien-auziere.fr\/blog\/wp-content\/uploads\/2026\/03\/Capture-decran-2026-03-14-144614.jpg\" \/>\n\t<meta property=\"og:image:width\" content=\"1184\" \/>\n\t<meta property=\"og:image:height\" content=\"754\" \/>\n\t<meta property=\"og:image:type\" content=\"image\/jpeg\" \/>\n<meta name=\"author\" content=\"Celine\" \/>\n<meta name=\"twitter:card\" content=\"summary_large_image\" \/>\n<meta name=\"twitter:label1\" content=\"\u00c9crit par\" \/>\n\t<meta name=\"twitter:data1\" content=\"Celine\" \/>\n\t<meta name=\"twitter:label2\" content=\"Dur\u00e9e de lecture estim\u00e9e\" \/>\n\t<meta name=\"twitter:data2\" content=\"7 minutes\" \/>\n<script type=\"application\/ld+json\" class=\"yoast-schema-graph\">{\"@context\":\"https:\\\/\\\/schema.org\",\"@graph\":[{\"@type\":\"Article\",\"@id\":\"https:\\\/\\\/www.sebastien-auziere.fr\\\/blog\\\/es\\\/brigitte-macron-sus-confesiones-raras-sobre-su-encuentro-y-su-historia-con-emmanuel-macron\\\/#article\",\"isPartOf\":{\"@id\":\"https:\\\/\\\/www.sebastien-auziere.fr\\\/blog\\\/es\\\/brigitte-macron-sus-confesiones-raras-sobre-su-encuentro-y-su-historia-con-emmanuel-macron\\\/\"},\"author\":{\"name\":\"Celine\",\"@id\":\"https:\\\/\\\/www.sebastien-auziere.fr\\\/blog\\\/#\\\/schema\\\/person\\\/1e270a963009242469ed08b1c461f81f\"},\"headline\":\"Brigitte Macron: sus confesiones raras sobre su encuentro y su historia con Emmanuel Macron\",\"datePublished\":\"2026-03-14T14:23:49+00:00\",\"dateModified\":\"2026-03-14T14:24:35+00:00\",\"mainEntityOfPage\":{\"@id\":\"https:\\\/\\\/www.sebastien-auziere.fr\\\/blog\\\/es\\\/brigitte-macron-sus-confesiones-raras-sobre-su-encuentro-y-su-historia-con-emmanuel-macron\\\/\"},\"wordCount\":1385,\"commentCount\":0,\"publisher\":{\"@id\":\"https:\\\/\\\/www.sebastien-auziere.fr\\\/blog\\\/#organization\"},\"image\":{\"@id\":\"https:\\\/\\\/www.sebastien-auziere.fr\\\/blog\\\/es\\\/brigitte-macron-sus-confesiones-raras-sobre-su-encuentro-y-su-historia-con-emmanuel-macron\\\/#primaryimage\"},\"thumbnailUrl\":\"https:\\\/\\\/www.sebastien-auziere.fr\\\/blog\\\/wp-content\\\/uploads\\\/2026\\\/03\\\/Capture-decran-2026-03-14-144614.jpg\",\"articleSection\":[\"Actualidades\",\"Tendencia\"],\"inLanguage\":\"fr-FR\",\"potentialAction\":[{\"@type\":\"CommentAction\",\"name\":\"Comment\",\"target\":[\"https:\\\/\\\/www.sebastien-auziere.fr\\\/blog\\\/es\\\/brigitte-macron-sus-confesiones-raras-sobre-su-encuentro-y-su-historia-con-emmanuel-macron\\\/#respond\"]}]},{\"@type\":\"WebPage\",\"@id\":\"https:\\\/\\\/www.sebastien-auziere.fr\\\/blog\\\/es\\\/brigitte-macron-sus-confesiones-raras-sobre-su-encuentro-y-su-historia-con-emmanuel-macron\\\/\",\"url\":\"https:\\\/\\\/www.sebastien-auziere.fr\\\/blog\\\/es\\\/brigitte-macron-sus-confesiones-raras-sobre-su-encuentro-y-su-historia-con-emmanuel-macron\\\/\",\"name\":\"Brigitte Macron : ses confessions sur sa rencontre et son histoire avec Emmanuel Macron\",\"isPartOf\":{\"@id\":\"https:\\\/\\\/www.sebastien-auziere.fr\\\/blog\\\/#website\"},\"primaryImageOfPage\":{\"@id\":\"https:\\\/\\\/www.sebastien-auziere.fr\\\/blog\\\/es\\\/brigitte-macron-sus-confesiones-raras-sobre-su-encuentro-y-su-historia-con-emmanuel-macron\\\/#primaryimage\"},\"image\":{\"@id\":\"https:\\\/\\\/www.sebastien-auziere.fr\\\/blog\\\/es\\\/brigitte-macron-sus-confesiones-raras-sobre-su-encuentro-y-su-historia-con-emmanuel-macron\\\/#primaryimage\"},\"thumbnailUrl\":\"https:\\\/\\\/www.sebastien-auziere.fr\\\/blog\\\/wp-content\\\/uploads\\\/2026\\\/03\\\/Capture-decran-2026-03-14-144614.jpg\",\"datePublished\":\"2026-03-14T14:23:49+00:00\",\"dateModified\":\"2026-03-14T14:24:35+00:00\",\"description\":\"Dans Paris Match, Brigitte Macron a racont\u00e9 les d\u00e9buts de sa relation avec Emmanuel Macron : leur rencontre \u00e0 Amiens, la d\u00e9claration \u00e0 17 ans et un lien qui n'a jamais rompu.\",\"breadcrumb\":{\"@id\":\"https:\\\/\\\/www.sebastien-auziere.fr\\\/blog\\\/es\\\/brigitte-macron-sus-confesiones-raras-sobre-su-encuentro-y-su-historia-con-emmanuel-macron\\\/#breadcrumb\"},\"inLanguage\":\"fr-FR\",\"potentialAction\":[{\"@type\":\"ReadAction\",\"target\":[\"https:\\\/\\\/www.sebastien-auziere.fr\\\/blog\\\/es\\\/brigitte-macron-sus-confesiones-raras-sobre-su-encuentro-y-su-historia-con-emmanuel-macron\\\/\"]}]},{\"@type\":\"ImageObject\",\"inLanguage\":\"fr-FR\",\"@id\":\"https:\\\/\\\/www.sebastien-auziere.fr\\\/blog\\\/es\\\/brigitte-macron-sus-confesiones-raras-sobre-su-encuentro-y-su-historia-con-emmanuel-macron\\\/#primaryimage\",\"url\":\"https:\\\/\\\/www.sebastien-auziere.fr\\\/blog\\\/wp-content\\\/uploads\\\/2026\\\/03\\\/Capture-decran-2026-03-14-144614.jpg\",\"contentUrl\":\"https:\\\/\\\/www.sebastien-auziere.fr\\\/blog\\\/wp-content\\\/uploads\\\/2026\\\/03\\\/Capture-decran-2026-03-14-144614.jpg\",\"width\":1184,\"height\":754,\"caption\":\"Brigitte Macron : ses confessions rares sur sa rencontre et son histoire avec Emmanuel Macron\"},{\"@type\":\"BreadcrumbList\",\"@id\":\"https:\\\/\\\/www.sebastien-auziere.fr\\\/blog\\\/es\\\/brigitte-macron-sus-confesiones-raras-sobre-su-encuentro-y-su-historia-con-emmanuel-macron\\\/#breadcrumb\",\"itemListElement\":[{\"@type\":\"ListItem\",\"position\":1,\"name\":\"Home\",\"item\":\"https:\\\/\\\/www.sebastien-auziere.fr\\\/blog\\\/\"},{\"@type\":\"ListItem\",\"position\":2,\"name\":\"Brigitte Macron: sus confesiones raras sobre su encuentro y su historia con Emmanuel Macron\"}]},{\"@type\":\"WebSite\",\"@id\":\"https:\\\/\\\/www.sebastien-auziere.fr\\\/blog\\\/#website\",\"url\":\"https:\\\/\\\/www.sebastien-auziere.fr\\\/blog\\\/\",\"name\":\"Fan site S\u00e9bastien Auzi\u00e8re\",\"description\":\"M\u00e9dia g\u00e9n\u00e9raliste\",\"publisher\":{\"@id\":\"https:\\\/\\\/www.sebastien-auziere.fr\\\/blog\\\/#organization\"},\"potentialAction\":[{\"@type\":\"SearchAction\",\"target\":{\"@type\":\"EntryPoint\",\"urlTemplate\":\"https:\\\/\\\/www.sebastien-auziere.fr\\\/blog\\\/?s={search_term_string}\"},\"query-input\":{\"@type\":\"PropertyValueSpecification\",\"valueRequired\":true,\"valueName\":\"search_term_string\"}}],\"inLanguage\":\"fr-FR\"},{\"@type\":\"Organization\",\"@id\":\"https:\\\/\\\/www.sebastien-auziere.fr\\\/blog\\\/#organization\",\"name\":\"Fan site S\u00e9bastien Auzi\u00e8re\",\"url\":\"https:\\\/\\\/www.sebastien-auziere.fr\\\/blog\\\/\",\"logo\":{\"@type\":\"ImageObject\",\"inLanguage\":\"fr-FR\",\"@id\":\"https:\\\/\\\/www.sebastien-auziere.fr\\\/blog\\\/#\\\/schema\\\/logo\\\/image\\\/\",\"url\":\"https:\\\/\\\/www.sebastien-auziere.fr\\\/blog\\\/wp-content\\\/uploads\\\/2026\\\/03\\\/cropped-cropped-cropped-ChatGPT-Image-6-mars-2026-12_58_09-e1772798376794.jpg\",\"contentUrl\":\"https:\\\/\\\/www.sebastien-auziere.fr\\\/blog\\\/wp-content\\\/uploads\\\/2026\\\/03\\\/cropped-cropped-cropped-ChatGPT-Image-6-mars-2026-12_58_09-e1772798376794.jpg\",\"width\":512,\"height\":360,\"caption\":\"Fan site S\u00e9bastien Auzi\u00e8re\"},\"image\":{\"@id\":\"https:\\\/\\\/www.sebastien-auziere.fr\\\/blog\\\/#\\\/schema\\\/logo\\\/image\\\/\"}},{\"@type\":\"Person\",\"@id\":\"https:\\\/\\\/www.sebastien-auziere.fr\\\/blog\\\/#\\\/schema\\\/person\\\/1e270a963009242469ed08b1c461f81f\",\"name\":\"Celine\",\"image\":{\"@type\":\"ImageObject\",\"inLanguage\":\"fr-FR\",\"@id\":\"https:\\\/\\\/secure.gravatar.com\\\/avatar\\\/c88d569fbe1fe19a13c7f21ee0f8973822df96073df21850b95af6a09ba820c9?s=96&d=mm&r=g\",\"url\":\"https:\\\/\\\/secure.gravatar.com\\\/avatar\\\/c88d569fbe1fe19a13c7f21ee0f8973822df96073df21850b95af6a09ba820c9?s=96&d=mm&r=g\",\"contentUrl\":\"https:\\\/\\\/secure.gravatar.com\\\/avatar\\\/c88d569fbe1fe19a13c7f21ee0f8973822df96073df21850b95af6a09ba820c9?s=96&d=mm&r=g\",\"caption\":\"Celine\"},\"description\":\"Je m'appelle C\u00e9line, j'ai 31 ans et je suis journaliste sp\u00e9cialis\u00e9e dans le cin\u00e9ma. Passionn\u00e9e par le septi\u00e8me art, j'explore les actualit\u00e9s, les critiques et les tendances du monde cin\u00e9matographique. Mon objectif est de partager ma passion et d'informer les amateurs de films \u00e0 travers des articles percutants et des analyses approfondies.\",\"url\":\"https:\\\/\\\/www.sebastien-auziere.fr\\\/blog\\\/author\\\/celine\\\/\"}]}<\/script>\n<!-- \/ Yoast SEO plugin. -->","yoast_head_json":{"title":"Brigitte Macron : ses confessions sur sa rencontre et son histoire avec Emmanuel Macron","description":"Dans Paris Match, Brigitte Macron a racont\u00e9 les d\u00e9buts de sa relation avec Emmanuel Macron : leur rencontre \u00e0 Amiens, la d\u00e9claration \u00e0 17 ans et un lien qui n'a jamais rompu.","robots":{"index":"index","follow":"follow","max-snippet":"max-snippet:-1","max-image-preview":"max-image-preview:large","max-video-preview":"max-video-preview:-1"},"canonical":"https:\/\/www.sebastien-auziere.fr\/blog\/es\/brigitte-macron-sus-confesiones-raras-sobre-su-encuentro-y-su-historia-con-emmanuel-macron\/","og_locale":"fr_FR","og_type":"article","og_title":"Brigitte Macron : ses confessions sur sa rencontre et son histoire avec Emmanuel Macron","og_description":"Dans Paris Match, Brigitte Macron a racont\u00e9 les d\u00e9buts de sa relation avec Emmanuel Macron : leur rencontre \u00e0 Amiens, la d\u00e9claration \u00e0 17 ans et un lien qui n'a jamais rompu.","og_url":"https:\/\/www.sebastien-auziere.fr\/blog\/es\/brigitte-macron-sus-confesiones-raras-sobre-su-encuentro-y-su-historia-con-emmanuel-macron\/","og_site_name":"Fan site S\u00e9bastien Auzi\u00e8re","article_published_time":"2026-03-14T14:23:49+00:00","article_modified_time":"2026-03-14T14:24:35+00:00","og_image":[{"width":1184,"height":754,"url":"https:\/\/www.sebastien-auziere.fr\/blog\/wp-content\/uploads\/2026\/03\/Capture-decran-2026-03-14-144614.jpg","type":"image\/jpeg"}],"author":"Celine","twitter_card":"summary_large_image","twitter_misc":{"\u00c9crit par":"Celine","Dur\u00e9e de lecture estim\u00e9e":"7 minutes"},"schema":{"@context":"https:\/\/schema.org","@graph":[{"@type":"Article","@id":"https:\/\/www.sebastien-auziere.fr\/blog\/es\/brigitte-macron-sus-confesiones-raras-sobre-su-encuentro-y-su-historia-con-emmanuel-macron\/#article","isPartOf":{"@id":"https:\/\/www.sebastien-auziere.fr\/blog\/es\/brigitte-macron-sus-confesiones-raras-sobre-su-encuentro-y-su-historia-con-emmanuel-macron\/"},"author":{"name":"Celine","@id":"https:\/\/www.sebastien-auziere.fr\/blog\/#\/schema\/person\/1e270a963009242469ed08b1c461f81f"},"headline":"Brigitte Macron: sus confesiones raras sobre su encuentro y su historia con Emmanuel Macron","datePublished":"2026-03-14T14:23:49+00:00","dateModified":"2026-03-14T14:24:35+00:00","mainEntityOfPage":{"@id":"https:\/\/www.sebastien-auziere.fr\/blog\/es\/brigitte-macron-sus-confesiones-raras-sobre-su-encuentro-y-su-historia-con-emmanuel-macron\/"},"wordCount":1385,"commentCount":0,"publisher":{"@id":"https:\/\/www.sebastien-auziere.fr\/blog\/#organization"},"image":{"@id":"https:\/\/www.sebastien-auziere.fr\/blog\/es\/brigitte-macron-sus-confesiones-raras-sobre-su-encuentro-y-su-historia-con-emmanuel-macron\/#primaryimage"},"thumbnailUrl":"https:\/\/www.sebastien-auziere.fr\/blog\/wp-content\/uploads\/2026\/03\/Capture-decran-2026-03-14-144614.jpg","articleSection":["Actualidades","Tendencia"],"inLanguage":"fr-FR","potentialAction":[{"@type":"CommentAction","name":"Comment","target":["https:\/\/www.sebastien-auziere.fr\/blog\/es\/brigitte-macron-sus-confesiones-raras-sobre-su-encuentro-y-su-historia-con-emmanuel-macron\/#respond"]}]},{"@type":"WebPage","@id":"https:\/\/www.sebastien-auziere.fr\/blog\/es\/brigitte-macron-sus-confesiones-raras-sobre-su-encuentro-y-su-historia-con-emmanuel-macron\/","url":"https:\/\/www.sebastien-auziere.fr\/blog\/es\/brigitte-macron-sus-confesiones-raras-sobre-su-encuentro-y-su-historia-con-emmanuel-macron\/","name":"Brigitte Macron : ses confessions sur sa rencontre et son histoire avec Emmanuel Macron","isPartOf":{"@id":"https:\/\/www.sebastien-auziere.fr\/blog\/#website"},"primaryImageOfPage":{"@id":"https:\/\/www.sebastien-auziere.fr\/blog\/es\/brigitte-macron-sus-confesiones-raras-sobre-su-encuentro-y-su-historia-con-emmanuel-macron\/#primaryimage"},"image":{"@id":"https:\/\/www.sebastien-auziere.fr\/blog\/es\/brigitte-macron-sus-confesiones-raras-sobre-su-encuentro-y-su-historia-con-emmanuel-macron\/#primaryimage"},"thumbnailUrl":"https:\/\/www.sebastien-auziere.fr\/blog\/wp-content\/uploads\/2026\/03\/Capture-decran-2026-03-14-144614.jpg","datePublished":"2026-03-14T14:23:49+00:00","dateModified":"2026-03-14T14:24:35+00:00","description":"Dans Paris Match, Brigitte Macron a racont\u00e9 les d\u00e9buts de sa relation avec Emmanuel Macron : leur rencontre \u00e0 Amiens, la d\u00e9claration \u00e0 17 ans et un lien qui n'a jamais rompu.","breadcrumb":{"@id":"https:\/\/www.sebastien-auziere.fr\/blog\/es\/brigitte-macron-sus-confesiones-raras-sobre-su-encuentro-y-su-historia-con-emmanuel-macron\/#breadcrumb"},"inLanguage":"fr-FR","potentialAction":[{"@type":"ReadAction","target":["https:\/\/www.sebastien-auziere.fr\/blog\/es\/brigitte-macron-sus-confesiones-raras-sobre-su-encuentro-y-su-historia-con-emmanuel-macron\/"]}]},{"@type":"ImageObject","inLanguage":"fr-FR","@id":"https:\/\/www.sebastien-auziere.fr\/blog\/es\/brigitte-macron-sus-confesiones-raras-sobre-su-encuentro-y-su-historia-con-emmanuel-macron\/#primaryimage","url":"https:\/\/www.sebastien-auziere.fr\/blog\/wp-content\/uploads\/2026\/03\/Capture-decran-2026-03-14-144614.jpg","contentUrl":"https:\/\/www.sebastien-auziere.fr\/blog\/wp-content\/uploads\/2026\/03\/Capture-decran-2026-03-14-144614.jpg","width":1184,"height":754,"caption":"Brigitte Macron : ses confessions rares sur sa rencontre et son histoire avec Emmanuel Macron"},{"@type":"BreadcrumbList","@id":"https:\/\/www.sebastien-auziere.fr\/blog\/es\/brigitte-macron-sus-confesiones-raras-sobre-su-encuentro-y-su-historia-con-emmanuel-macron\/#breadcrumb","itemListElement":[{"@type":"ListItem","position":1,"name":"Home","item":"https:\/\/www.sebastien-auziere.fr\/blog\/"},{"@type":"ListItem","position":2,"name":"Brigitte Macron: sus confesiones raras sobre su encuentro y su historia con Emmanuel Macron"}]},{"@type":"WebSite","@id":"https:\/\/www.sebastien-auziere.fr\/blog\/#website","url":"https:\/\/www.sebastien-auziere.fr\/blog\/","name":"Fan site S\u00e9bastien Auzi\u00e8re","description":"M\u00e9dia g\u00e9n\u00e9raliste","publisher":{"@id":"https:\/\/www.sebastien-auziere.fr\/blog\/#organization"},"potentialAction":[{"@type":"SearchAction","target":{"@type":"EntryPoint","urlTemplate":"https:\/\/www.sebastien-auziere.fr\/blog\/?s={search_term_string}"},"query-input":{"@type":"PropertyValueSpecification","valueRequired":true,"valueName":"search_term_string"}}],"inLanguage":"fr-FR"},{"@type":"Organization","@id":"https:\/\/www.sebastien-auziere.fr\/blog\/#organization","name":"Fan site S\u00e9bastien Auzi\u00e8re","url":"https:\/\/www.sebastien-auziere.fr\/blog\/","logo":{"@type":"ImageObject","inLanguage":"fr-FR","@id":"https:\/\/www.sebastien-auziere.fr\/blog\/#\/schema\/logo\/image\/","url":"https:\/\/www.sebastien-auziere.fr\/blog\/wp-content\/uploads\/2026\/03\/cropped-cropped-cropped-ChatGPT-Image-6-mars-2026-12_58_09-e1772798376794.jpg","contentUrl":"https:\/\/www.sebastien-auziere.fr\/blog\/wp-content\/uploads\/2026\/03\/cropped-cropped-cropped-ChatGPT-Image-6-mars-2026-12_58_09-e1772798376794.jpg","width":512,"height":360,"caption":"Fan site S\u00e9bastien Auzi\u00e8re"},"image":{"@id":"https:\/\/www.sebastien-auziere.fr\/blog\/#\/schema\/logo\/image\/"}},{"@type":"Person","@id":"https:\/\/www.sebastien-auziere.fr\/blog\/#\/schema\/person\/1e270a963009242469ed08b1c461f81f","name":"Celine","image":{"@type":"ImageObject","inLanguage":"fr-FR","@id":"https:\/\/secure.gravatar.com\/avatar\/c88d569fbe1fe19a13c7f21ee0f8973822df96073df21850b95af6a09ba820c9?s=96&d=mm&r=g","url":"https:\/\/secure.gravatar.com\/avatar\/c88d569fbe1fe19a13c7f21ee0f8973822df96073df21850b95af6a09ba820c9?s=96&d=mm&r=g","contentUrl":"https:\/\/secure.gravatar.com\/avatar\/c88d569fbe1fe19a13c7f21ee0f8973822df96073df21850b95af6a09ba820c9?s=96&d=mm&r=g","caption":"Celine"},"description":"Je m'appelle C\u00e9line, j'ai 31 ans et je suis journaliste sp\u00e9cialis\u00e9e dans le cin\u00e9ma. Passionn\u00e9e par le septi\u00e8me art, j'explore les actualit\u00e9s, les critiques et les tendances du monde cin\u00e9matographique. Mon objectif est de partager ma passion et d'informer les amateurs de films \u00e0 travers des articles percutants et des analyses approfondies.","url":"https:\/\/www.sebastien-auziere.fr\/blog\/author\/celine\/"}]}},"views":12,"_links":{"self":[{"href":"https:\/\/www.sebastien-auziere.fr\/blog\/wp-json\/wp\/v2\/posts\/2506","targetHints":{"allow":["GET"]}}],"collection":[{"href":"https:\/\/www.sebastien-auziere.fr\/blog\/wp-json\/wp\/v2\/posts"}],"about":[{"href":"https:\/\/www.sebastien-auziere.fr\/blog\/wp-json\/wp\/v2\/types\/post"}],"author":[{"embeddable":true,"href":"https:\/\/www.sebastien-auziere.fr\/blog\/wp-json\/wp\/v2\/users\/4"}],"replies":[{"embeddable":true,"href":"https:\/\/www.sebastien-auziere.fr\/blog\/wp-json\/wp\/v2\/comments?post=2506"}],"version-history":[{"count":1,"href":"https:\/\/www.sebastien-auziere.fr\/blog\/wp-json\/wp\/v2\/posts\/2506\/revisions"}],"predecessor-version":[{"id":2507,"href":"https:\/\/www.sebastien-auziere.fr\/blog\/wp-json\/wp\/v2\/posts\/2506\/revisions\/2507"}],"wp:featuredmedia":[{"embeddable":true,"href":"https:\/\/www.sebastien-auziere.fr\/blog\/wp-json\/wp\/v2\/media\/2493"}],"wp:attachment":[{"href":"https:\/\/www.sebastien-auziere.fr\/blog\/wp-json\/wp\/v2\/media?parent=2506"}],"wp:term":[{"taxonomy":"category","embeddable":true,"href":"https:\/\/www.sebastien-auziere.fr\/blog\/wp-json\/wp\/v2\/categories?post=2506"},{"taxonomy":"post_tag","embeddable":true,"href":"https:\/\/www.sebastien-auziere.fr\/blog\/wp-json\/wp\/v2\/tags?post=2506"}],"curies":[{"name":"wp","href":"https:\/\/api.w.org\/{rel}","templated":true}]}}