{"id":2504,"date":"2026-03-14T14:05:34","date_gmt":"2026-03-14T14:05:34","guid":{"rendered":"https:\/\/www.sebastien-auziere.fr\/blog\/?p=2504"},"modified":"2026-03-14T14:06:26","modified_gmt":"2026-03-14T14:06:26","slug":"brigitte-macron-her-rare-confessions-about-her-meeting-and-her-story-with-emmanuel-macron","status":"publish","type":"post","link":"https:\/\/www.sebastien-auziere.fr\/blog\/en\/brigitte-macron-her-rare-confessions-about-her-meeting-and-her-story-with-emmanuel-macron\/","title":{"rendered":"Brigitte Macron: her rare confessions about her meeting and her story with Emmanuel Macron"},"content":{"rendered":"<p><title>Brigitte Macron: Her Confessions About Meeting and Her Story With Emmanuel Macron<\/title><\/p>\n<p>  body { font-size: 16px; line-height: 1.7; }<br \/>\n  h2 { font-size: 1.4em; color: #2c2c2c; border-left: 4px solid #b8860b; padding-left: 10px; margin-top: 40px; }<br \/>\n  h3 { font-size: 1.15em; color: #333; margin-top: 24px; }<br \/>\n  .intro-box { background: #fdf9f0; border-left: 5px solid #b8860b; padding: 16px 20px; border-radius: 4px; margin: 0 0 30px; }<br \/>\n  .intro-box p { margin: 0; }<br \/>\n  blockquote { border-left: 4px solid #b8860b; margin: 24px 0; padding: 12px 20px; background: #fdf9f0; font-style: italic; color: #444; }<br \/>\n  ul li, ol li { margin-bottom: 6px; }<br \/>\n  a { color: #b8860b; }<br \/>\n  .faq dt { font-weight: bold; margin-top: 18px; color: #2c2c2c; }<br \/>\n  .faq dd { margin: 6px 0 12px 0; }<\/p>\n<div class=\"intro-box\">\n<p><strong>In brief:<\/strong> In an interview with <em>Paris Match<\/em>, Brigitte Macron unveiled the beginnings of her relationship with Emmanuel Macron \u2014 their meeting in Amiens, the declaration at 17 years old, the divorce, and an attachment that has never yielded despite obstacles.<\/p>\n<\/div>\n<p>Their story has fascinated for years. Long before the \u00c9lys\u00e9e, long before the spotlight, Emmanuel and Brigitte Macron built an extraordinary relationship, born in the hallways of a high school in Amiens. A relationship that the First Lady agreed to recount with rare candor, shedding light on the founding moments of this unique couple.<\/p>\n<h2>A meeting in Amiens, between theater and writing<\/h2>\n<p>It all starts in Amiens in the 1990s. Brigitte Auzi\u00e8re teaches literature at La Providence high school. Emmanuel Macron, on the other hand, is just a high school student passionate about theater and writing. It is in this setting \u2014 the Friday writing workshops, the rehearsals \u2014 that an intellectual complicity is first born between them, then something much deeper.<\/p>\n<p>In her interview with <em>Paris Match<\/em>, Brigitte Macron describes this gradual shift, this mutual attraction that asserted itself despite the circumstances:<\/p>\n<blockquote><p>\u201cWriting brought us together every Friday and triggered an incredible closeness. He had a great influence over me\u2026 I felt that I was slipping, and so did he\u2026 I then asked him to go to Paris, to Henri IV high school, for his final S year. He assured me that he would come back. It was heartbreaking. We didn\u2019t break the thread.\u201d<\/p><\/blockquote>\n<h2>The declaration at 17: \u00ab\u00a0Whatever you do, I will marry you\u00a0\u00bb<\/h2>\n<p>The distance between Paris and Amiens did not cool the feelings. On the contrary. Brigitte Macron recounts that the distance made their relationship even more intense, fueled by a rare determination for a teenager. She remembers a phrase that will remain etched:<\/p>\n<blockquote><p>\u201cOn the contrary, it became passionate and, at 17, Emmanuel told me: \u2018Whatever you do, I will marry you!\u2019 Love swept everything away and led me to divorce. Impossible to resist him. My parents, already old, didn\u2019t want to know too much\u2026 As for me, I had been used to age differences since childhood. The main thing was to protect my own, who accepted these upheavals. The rest is just froth.\u201d<\/p><\/blockquote>\n<p>This declaration, made when Emmanuel Macron was 17 years old and Brigitte 24 years older, says much about the character of the man who would become president. An unwavering conviction, expressed in adolescence, which was realized in 2007: the couple married in Le Touquet, after Brigitte Macron divorced her first husband, Andr\u00e9-Louis Auzi\u00e8re.<\/p>\n<h2>The divorce, the external gazes, the family<\/h2>\n<p>The relationship has not been without its bumps. Brigitte Macron speaks with humility about the weight of the gazes, the necessity of protecting her children and loved ones from an unusual situation. At that time, she assumed a double life \u2014 a family mother, a respected teacher \u2014 while living a story she could not yet make public.<\/p>\n<p>She emphasizes one point: her priority has always been to \u00ab\u00a0protect her own.\u00a0\u00bb Her three children \u2014 S\u00e9bastien, Laurence, and Tiphaine Auzi\u00e8re \u2014 eventually accepted this reality, even if the path was not easy.<\/p>\n<h2>First Lady but never in the shadows<\/h2>\n<p>From the \u00c9lys\u00e9e, Brigitte Macron has defined her own role: present, attentive, but without an official function. She describes a daily support system, consisting of constant exchanges with the head of state:<\/p>\n<blockquote><p>\u201cIf I take life lightly, I nevertheless have my ear to the ground. And like every evening, we debrief together and repeat to each other what we\u2019ve heard about one another. I must be attentive to everything, do my utmost to protect him.\u201d<\/p><\/blockquote>\n<p>An informal yet real role, which makes her far more than just a simple companion. Brigitte Macron is described by those close to the couple as a confidante and a keen observer of French political life.<\/p>\n<h2>A story that continues to fascinate<\/h2>\n<p>Nearly thirty years after their meeting in Amiens, their relationship remains one of the most commented upon in French public life. The age difference \u2014 24 years \u2014 the context of their meeting, the divorce, the promise kept: all elements that fuel a lasting fascination, well beyond the political circle.<\/p>\n<p>As for Brigitte Macron, she takes ownership. She does not seek to rewrite history or downplay its rough edges. She tells it as it unfolded \u2014 with its breaks, its impulses, and its share of inevitability.<\/p>\n<h2>FAQ \u2014 Brigitte and Emmanuel Macron: their story<\/h2>\n<dl class=\"faq\">\n<dt>How did Brigitte and Emmanuel Macron meet?<\/dt>\n<dd>They met in Amiens, at La Providence high school, where Brigitte taught literature and theater. Emmanuel Macron was then her student, passionate about writing and theater.<\/dd>\n<dt>How old was Emmanuel Macron when he declared he wanted to marry Brigitte?<\/dt>\n<dd>He was 17 when he told her: \u201cWhatever you do, I will marry you.\u201d A promise he kept.<\/dd>\n<dt>What is the age difference between Brigitte and Emmanuel Macron?<\/dt>\n<dd>Brigitte Macron is 24 years older than Emmanuel Macron. She was born in 1953, he in 1977.<\/dd>\n<dt>When did Emmanuel and Brigitte Macron get married?<\/dt>\n<dd>They married in 2007 in Le Touquet, after Brigitte Macron divorced her first husband Andr\u00e9-Louis Auzi\u00e8re.<\/dd>\n<dt>Does Brigitte Macron have children?<\/dt>\n<dd>Yes, she has three children from her first marriage: S\u00e9bastien, Laurence, and Tiphaine Auzi\u00e8re.<\/dd>\n<dt>What is Brigitte Macron&rsquo;s role at the \u00c9lys\u00e9e?<\/dt>\n<dd>She has no official function but plays a role as a confidante and daily support to the president. She describes a constant exchange with him about what they each observe on their own.<\/dd>\n<\/dl>\n<p>{<br \/>\n  \u00ab\u00a0@context\u00a0\u00bb: \u00ab\u00a0https:\/\/schema.org\u00a0\u00bb,<br \/>\n  \u00ab\u00a0@type\u00a0\u00bb: \u00ab\u00a0Article\u00a0\u00bb,<br \/>\n  \u00ab\u00a0headline\u00a0\u00bb: \u00ab\u00a0Brigitte Macron: Her Confessions About Meeting and Her Story With Emmanuel Macron\u00a0\u00bb,<br \/>\n  \u00ab\u00a0description\u00a0\u00bb: \u00ab\u00a0In Paris Match, Brigitte Macron recounted the beginnings of her relationship with Emmanuel Macron: their meeting in Amiens, the declaration at 17, and a bond that has never broken.\u00a0\u00bb,<br \/>\n  \u00ab\u00a0inLanguage\u00a0\u00bb: \u00ab\u00a0en\u00a0\u00bb,<br \/>\n  \u00ab\u00a0datePublished\u00a0\u00bb: \u00ab\u00a02026-03-13\u00a0\u00bb,<br \/>\n  \u00ab\u00a0dateModified\u00a0\u00bb: \u00ab\u00a02026-03-13\u00a0\u00bb,<br \/>\n  \u00ab\u00a0about\u00a0\u00bb: [<br \/>\n    { \u00ab\u00a0@type\u00a0\u00bb: \u00ab\u00a0Person\u00a0\u00bb, \u00ab\u00a0name\u00a0\u00bb: \u00ab\u00a0Brigitte Macron\u00a0\u00bb },<br \/>\n    { \u00ab\u00a0@type\u00a0\u00bb: \u00ab\u00a0Person\u00a0\u00bb, \u00ab\u00a0name\u00a0\u00bb: \u00ab\u00a0Emmanuel Macron\u00a0\u00bb }<br \/>\n  ]<br \/>\n}<\/p>\n<p>{<br \/>\n  \u00ab\u00a0@context\u00a0\u00bb: \u00ab\u00a0https:\/\/schema.org\u00a0\u00bb,<br \/>\n  \u00ab\u00a0@type\u00a0\u00bb: \u00ab\u00a0FAQPage\u00a0\u00bb,<br \/>\n  \u00ab\u00a0mainEntity\u00a0\u00bb: [<br \/>\n    {<br \/>\n      \u00ab\u00a0@type\u00a0\u00bb: \u00ab\u00a0Question\u00a0\u00bb,<br \/>\n      \u00ab\u00a0name\u00a0\u00bb: \u00ab\u00a0How did Brigitte and Emmanuel Macron meet?\u00a0\u00bb,<br \/>\n      \u00ab\u00a0acceptedAnswer\u00a0\u00bb: { \u00ab\u00a0@type\u00a0\u00bb: \u00ab\u00a0Answer\u00a0\u00bb, \u00ab\u00a0text\u00a0\u00bb: \u00ab\u00a0At La Providence high school in Amiens, where Brigitte taught literature and Emmanuel was her student passionate about writing and theater.\u00a0\u00bb }<br \/>\n    },<br \/>\n    {<br \/>\n      \u00ab\u00a0@type\u00a0\u00bb: \u00ab\u00a0Question\u00a0\u00bb,<br \/>\n      \u00ab\u00a0name\u00a0\u00bb: \u00ab\u00a0How old was Emmanuel Macron when he declared he wanted to marry Brigitte?\u00a0\u00bb,<br \/>\n      \u00ab\u00a0acceptedAnswer\u00a0\u00bb: { \u00ab\u00a0@type\u00a0\u00bb: \u00ab\u00a0Answer\u00a0\u00bb, \u00ab\u00a0text\u00a0\u00bb: \u00ab\u00a0He was 17 when he told her: &lsquo;Whatever you do, I will marry you.'\u00a0\u00bb }<br \/>\n    },<br \/>\n    {<br \/>\n      \u00ab\u00a0@type\u00a0\u00bb: \u00ab\u00a0Question\u00a0\u00bb,<br \/>\n      \u00ab\u00a0name\u00a0\u00bb: \u00ab\u00a0What is the age difference between Brigitte and Emmanuel Macron?\u00a0\u00bb,<br \/>\n      \u00ab\u00a0acceptedAnswer\u00a0\u00bb: { \u00ab\u00a0@type\u00a0\u00bb: \u00ab\u00a0Answer\u00a0\u00bb, \u00ab\u00a0text\u00a0\u00bb: \u00ab\u00a0Brigitte Macron is 24 years older than Emmanuel Macron.\u00a0\u00bb }<br \/>\n    },<br \/>\n    {<br \/>\n      \u00ab\u00a0@type\u00a0\u00bb: \u00ab\u00a0Question\u00a0\u00bb,<br \/>\n      \u00ab\u00a0name\u00a0\u00bb: \u00ab\u00a0When did Emmanuel and Brigitte Macron get married?\u00a0\u00bb,<br \/>\n      \u00ab\u00a0acceptedAnswer\u00a0\u00bb: { \u00ab\u00a0@type\u00a0\u00bb: \u00ab\u00a0Answer\u00a0\u00bb, \u00ab\u00a0text\u00a0\u00bb: \u00ab\u00a0In 2007 in Le Touquet, after Brigitte divorced her first husband Andr\u00e9-Louis Auzi\u00e8re.\u00a0\u00bb }<br \/>\n    },<br \/>\n    {<br \/>\n      \u00ab\u00a0@type\u00a0\u00bb: \u00ab\u00a0Question\u00a0\u00bb,<br \/>\n      \u00ab\u00a0name\u00a0\u00bb: \u00ab\u00a0Does Brigitte Macron have children?\u00a0\u00bb,<br \/>\n      \u00ab\u00a0acceptedAnswer\u00a0\u00bb: { \u00ab\u00a0@type\u00a0\u00bb: \u00ab\u00a0Answer\u00a0\u00bb, \u00ab\u00a0text\u00a0\u00bb: \u00ab\u00a0Yes, three children from her first marriage: S\u00e9bastien, Laurence, and Tiphaine Auzi\u00e8re.\u00a0\u00bb }<br \/>\n    },<br \/>\n    {<br \/>\n      \u00ab\u00a0@type\u00a0\u00bb: \u00ab\u00a0Question\u00a0\u00bb,<br \/>\n      \u00ab\u00a0name\u00a0\u00bb: \u00ab\u00a0What is Brigitte Macron&rsquo;s role at the \u00c9lys\u00e9e?\u00a0\u00bb,<br \/>\n      \u00ab\u00a0acceptedAnswer\u00a0\u00bb: { \u00ab\u00a0@type\u00a0\u00bb: \u00ab\u00a0Answer\u00a0\u00bb, \u00ab\u00a0text\u00a0\u00bb: \u00ab\u00a0No official function, but a role of confidante and daily support. She exchanges every evening with the president about what they each observed on their side.\u00a0\u00bb }<br \/>\n    }<br \/>\n  ]<br \/>\n}<\/p>\n","protected":false},"excerpt":{"rendered":"<p>Brigitte Macron: Her Confessions About Meeting and Her Story With Emmanuel Macron body { font-size: 16px; line-height: 1.7; } h2 { font-size: 1.4em; color: #2c2c2c; border-left: 4px solid #b8860b; padding-left: 10px; margin-top: 40px; } h3 { font-size: 1.15em; color: #333; margin-top: 24px; } .intro-box { background: #fdf9f0; border-left: 5px solid #b8860b; padding: 16px 20px; border-radius: &#8230; <a title=\"Brigitte Macron: her rare confessions about her meeting and her story with Emmanuel Macron\" class=\"read-more\" href=\"https:\/\/www.sebastien-auziere.fr\/blog\/en\/brigitte-macron-her-rare-confessions-about-her-meeting-and-her-story-with-emmanuel-macron\/\" aria-label=\"En savoir plus sur Brigitte Macron: her rare confessions about her meeting and her story with Emmanuel Macron\">Lire plus<\/a><\/p>\n","protected":false},"author":4,"featured_media":2493,"comment_status":"open","ping_status":"open","sticky":false,"template":"","format":"standard","meta":{"footnotes":""},"categories":[816,829],"tags":[],"class_list":["post-2504","post","type-post","status-publish","format-standard","has-post-thumbnail","hentry","category-news","category-tendency"],"yoast_head":"<!-- This site is optimized with the Yoast SEO plugin v27.5 - https:\/\/yoast.com\/product\/yoast-seo-wordpress\/ -->\n<title>Brigitte Macron : ses confessions sur sa rencontre et son histoire avec Emmanuel Macron<\/title>\n<meta name=\"description\" content=\"Dans Paris Match, Brigitte Macron a racont\u00e9 les d\u00e9buts de sa relation avec Emmanuel Macron : leur rencontre \u00e0 Amiens, la d\u00e9claration \u00e0 17 ans et un lien qui n&#039;a jamais rompu.\" \/>\n<meta name=\"robots\" content=\"index, follow, max-snippet:-1, max-image-preview:large, max-video-preview:-1\" \/>\n<link rel=\"canonical\" href=\"https:\/\/www.sebastien-auziere.fr\/blog\/en\/brigitte-macron-her-rare-confessions-about-her-meeting-and-her-story-with-emmanuel-macron\/\" \/>\n<meta property=\"og:locale\" content=\"fr_FR\" \/>\n<meta property=\"og:type\" content=\"article\" \/>\n<meta property=\"og:title\" content=\"Brigitte Macron : ses confessions sur sa rencontre et son histoire avec Emmanuel Macron\" \/>\n<meta property=\"og:description\" content=\"Dans Paris Match, Brigitte Macron a racont\u00e9 les d\u00e9buts de sa relation avec Emmanuel Macron : leur rencontre \u00e0 Amiens, la d\u00e9claration \u00e0 17 ans et un lien qui n&#039;a jamais rompu.\" \/>\n<meta property=\"og:url\" content=\"https:\/\/www.sebastien-auziere.fr\/blog\/en\/brigitte-macron-her-rare-confessions-about-her-meeting-and-her-story-with-emmanuel-macron\/\" \/>\n<meta property=\"og:site_name\" content=\"Fan site S\u00e9bastien Auzi\u00e8re\" \/>\n<meta property=\"article:published_time\" content=\"2026-03-14T14:05:34+00:00\" \/>\n<meta property=\"article:modified_time\" content=\"2026-03-14T14:06:26+00:00\" \/>\n<meta property=\"og:image\" content=\"https:\/\/www.sebastien-auziere.fr\/blog\/wp-content\/uploads\/2026\/03\/Capture-decran-2026-03-14-144614.jpg\" \/>\n\t<meta property=\"og:image:width\" content=\"1184\" \/>\n\t<meta property=\"og:image:height\" content=\"754\" \/>\n\t<meta property=\"og:image:type\" content=\"image\/jpeg\" \/>\n<meta name=\"author\" content=\"Celine\" \/>\n<meta name=\"twitter:card\" content=\"summary_large_image\" \/>\n<meta name=\"twitter:label1\" content=\"\u00c9crit par\" \/>\n\t<meta name=\"twitter:data1\" content=\"Celine\" \/>\n\t<meta name=\"twitter:label2\" content=\"Dur\u00e9e de lecture estim\u00e9e\" \/>\n\t<meta name=\"twitter:data2\" content=\"6 minutes\" \/>\n<script type=\"application\/ld+json\" class=\"yoast-schema-graph\">{\"@context\":\"https:\\\/\\\/schema.org\",\"@graph\":[{\"@type\":\"Article\",\"@id\":\"https:\\\/\\\/www.sebastien-auziere.fr\\\/blog\\\/en\\\/brigitte-macron-her-rare-confessions-about-her-meeting-and-her-story-with-emmanuel-macron\\\/#article\",\"isPartOf\":{\"@id\":\"https:\\\/\\\/www.sebastien-auziere.fr\\\/blog\\\/en\\\/brigitte-macron-her-rare-confessions-about-her-meeting-and-her-story-with-emmanuel-macron\\\/\"},\"author\":{\"name\":\"Celine\",\"@id\":\"https:\\\/\\\/www.sebastien-auziere.fr\\\/blog\\\/#\\\/schema\\\/person\\\/1e270a963009242469ed08b1c461f81f\"},\"headline\":\"Brigitte Macron: her rare confessions about her meeting and her story with Emmanuel Macron\",\"datePublished\":\"2026-03-14T14:05:34+00:00\",\"dateModified\":\"2026-03-14T14:06:26+00:00\",\"mainEntityOfPage\":{\"@id\":\"https:\\\/\\\/www.sebastien-auziere.fr\\\/blog\\\/en\\\/brigitte-macron-her-rare-confessions-about-her-meeting-and-her-story-with-emmanuel-macron\\\/\"},\"wordCount\":1285,\"commentCount\":0,\"publisher\":{\"@id\":\"https:\\\/\\\/www.sebastien-auziere.fr\\\/blog\\\/#organization\"},\"image\":{\"@id\":\"https:\\\/\\\/www.sebastien-auziere.fr\\\/blog\\\/en\\\/brigitte-macron-her-rare-confessions-about-her-meeting-and-her-story-with-emmanuel-macron\\\/#primaryimage\"},\"thumbnailUrl\":\"https:\\\/\\\/www.sebastien-auziere.fr\\\/blog\\\/wp-content\\\/uploads\\\/2026\\\/03\\\/Capture-decran-2026-03-14-144614.jpg\",\"articleSection\":[\"News\",\"Tendency\"],\"inLanguage\":\"fr-FR\",\"potentialAction\":[{\"@type\":\"CommentAction\",\"name\":\"Comment\",\"target\":[\"https:\\\/\\\/www.sebastien-auziere.fr\\\/blog\\\/en\\\/brigitte-macron-her-rare-confessions-about-her-meeting-and-her-story-with-emmanuel-macron\\\/#respond\"]}]},{\"@type\":\"WebPage\",\"@id\":\"https:\\\/\\\/www.sebastien-auziere.fr\\\/blog\\\/en\\\/brigitte-macron-her-rare-confessions-about-her-meeting-and-her-story-with-emmanuel-macron\\\/\",\"url\":\"https:\\\/\\\/www.sebastien-auziere.fr\\\/blog\\\/en\\\/brigitte-macron-her-rare-confessions-about-her-meeting-and-her-story-with-emmanuel-macron\\\/\",\"name\":\"Brigitte Macron : ses confessions sur sa rencontre et son histoire avec Emmanuel Macron\",\"isPartOf\":{\"@id\":\"https:\\\/\\\/www.sebastien-auziere.fr\\\/blog\\\/#website\"},\"primaryImageOfPage\":{\"@id\":\"https:\\\/\\\/www.sebastien-auziere.fr\\\/blog\\\/en\\\/brigitte-macron-her-rare-confessions-about-her-meeting-and-her-story-with-emmanuel-macron\\\/#primaryimage\"},\"image\":{\"@id\":\"https:\\\/\\\/www.sebastien-auziere.fr\\\/blog\\\/en\\\/brigitte-macron-her-rare-confessions-about-her-meeting-and-her-story-with-emmanuel-macron\\\/#primaryimage\"},\"thumbnailUrl\":\"https:\\\/\\\/www.sebastien-auziere.fr\\\/blog\\\/wp-content\\\/uploads\\\/2026\\\/03\\\/Capture-decran-2026-03-14-144614.jpg\",\"datePublished\":\"2026-03-14T14:05:34+00:00\",\"dateModified\":\"2026-03-14T14:06:26+00:00\",\"description\":\"Dans Paris Match, Brigitte Macron a racont\u00e9 les d\u00e9buts de sa relation avec Emmanuel Macron : leur rencontre \u00e0 Amiens, la d\u00e9claration \u00e0 17 ans et un lien qui n'a jamais rompu.\",\"breadcrumb\":{\"@id\":\"https:\\\/\\\/www.sebastien-auziere.fr\\\/blog\\\/en\\\/brigitte-macron-her-rare-confessions-about-her-meeting-and-her-story-with-emmanuel-macron\\\/#breadcrumb\"},\"inLanguage\":\"fr-FR\",\"potentialAction\":[{\"@type\":\"ReadAction\",\"target\":[\"https:\\\/\\\/www.sebastien-auziere.fr\\\/blog\\\/en\\\/brigitte-macron-her-rare-confessions-about-her-meeting-and-her-story-with-emmanuel-macron\\\/\"]}]},{\"@type\":\"ImageObject\",\"inLanguage\":\"fr-FR\",\"@id\":\"https:\\\/\\\/www.sebastien-auziere.fr\\\/blog\\\/en\\\/brigitte-macron-her-rare-confessions-about-her-meeting-and-her-story-with-emmanuel-macron\\\/#primaryimage\",\"url\":\"https:\\\/\\\/www.sebastien-auziere.fr\\\/blog\\\/wp-content\\\/uploads\\\/2026\\\/03\\\/Capture-decran-2026-03-14-144614.jpg\",\"contentUrl\":\"https:\\\/\\\/www.sebastien-auziere.fr\\\/blog\\\/wp-content\\\/uploads\\\/2026\\\/03\\\/Capture-decran-2026-03-14-144614.jpg\",\"width\":1184,\"height\":754,\"caption\":\"Brigitte Macron : ses confessions rares sur sa rencontre et son histoire avec Emmanuel Macron\"},{\"@type\":\"BreadcrumbList\",\"@id\":\"https:\\\/\\\/www.sebastien-auziere.fr\\\/blog\\\/en\\\/brigitte-macron-her-rare-confessions-about-her-meeting-and-her-story-with-emmanuel-macron\\\/#breadcrumb\",\"itemListElement\":[{\"@type\":\"ListItem\",\"position\":1,\"name\":\"Home\",\"item\":\"https:\\\/\\\/www.sebastien-auziere.fr\\\/blog\\\/\"},{\"@type\":\"ListItem\",\"position\":2,\"name\":\"Brigitte Macron: her rare confessions about her meeting and her story with Emmanuel Macron\"}]},{\"@type\":\"WebSite\",\"@id\":\"https:\\\/\\\/www.sebastien-auziere.fr\\\/blog\\\/#website\",\"url\":\"https:\\\/\\\/www.sebastien-auziere.fr\\\/blog\\\/\",\"name\":\"Fan site S\u00e9bastien Auzi\u00e8re\",\"description\":\"M\u00e9dia g\u00e9n\u00e9raliste\",\"publisher\":{\"@id\":\"https:\\\/\\\/www.sebastien-auziere.fr\\\/blog\\\/#organization\"},\"potentialAction\":[{\"@type\":\"SearchAction\",\"target\":{\"@type\":\"EntryPoint\",\"urlTemplate\":\"https:\\\/\\\/www.sebastien-auziere.fr\\\/blog\\\/?s={search_term_string}\"},\"query-input\":{\"@type\":\"PropertyValueSpecification\",\"valueRequired\":true,\"valueName\":\"search_term_string\"}}],\"inLanguage\":\"fr-FR\"},{\"@type\":\"Organization\",\"@id\":\"https:\\\/\\\/www.sebastien-auziere.fr\\\/blog\\\/#organization\",\"name\":\"Fan site S\u00e9bastien Auzi\u00e8re\",\"url\":\"https:\\\/\\\/www.sebastien-auziere.fr\\\/blog\\\/\",\"logo\":{\"@type\":\"ImageObject\",\"inLanguage\":\"fr-FR\",\"@id\":\"https:\\\/\\\/www.sebastien-auziere.fr\\\/blog\\\/#\\\/schema\\\/logo\\\/image\\\/\",\"url\":\"https:\\\/\\\/www.sebastien-auziere.fr\\\/blog\\\/wp-content\\\/uploads\\\/2026\\\/03\\\/cropped-cropped-cropped-ChatGPT-Image-6-mars-2026-12_58_09-e1772798376794.jpg\",\"contentUrl\":\"https:\\\/\\\/www.sebastien-auziere.fr\\\/blog\\\/wp-content\\\/uploads\\\/2026\\\/03\\\/cropped-cropped-cropped-ChatGPT-Image-6-mars-2026-12_58_09-e1772798376794.jpg\",\"width\":512,\"height\":360,\"caption\":\"Fan site S\u00e9bastien Auzi\u00e8re\"},\"image\":{\"@id\":\"https:\\\/\\\/www.sebastien-auziere.fr\\\/blog\\\/#\\\/schema\\\/logo\\\/image\\\/\"}},{\"@type\":\"Person\",\"@id\":\"https:\\\/\\\/www.sebastien-auziere.fr\\\/blog\\\/#\\\/schema\\\/person\\\/1e270a963009242469ed08b1c461f81f\",\"name\":\"Celine\",\"image\":{\"@type\":\"ImageObject\",\"inLanguage\":\"fr-FR\",\"@id\":\"https:\\\/\\\/secure.gravatar.com\\\/avatar\\\/c88d569fbe1fe19a13c7f21ee0f8973822df96073df21850b95af6a09ba820c9?s=96&d=mm&r=g\",\"url\":\"https:\\\/\\\/secure.gravatar.com\\\/avatar\\\/c88d569fbe1fe19a13c7f21ee0f8973822df96073df21850b95af6a09ba820c9?s=96&d=mm&r=g\",\"contentUrl\":\"https:\\\/\\\/secure.gravatar.com\\\/avatar\\\/c88d569fbe1fe19a13c7f21ee0f8973822df96073df21850b95af6a09ba820c9?s=96&d=mm&r=g\",\"caption\":\"Celine\"},\"description\":\"Je m'appelle C\u00e9line, j'ai 31 ans et je suis journaliste sp\u00e9cialis\u00e9e dans le cin\u00e9ma. Passionn\u00e9e par le septi\u00e8me art, j'explore les actualit\u00e9s, les critiques et les tendances du monde cin\u00e9matographique. Mon objectif est de partager ma passion et d'informer les amateurs de films \u00e0 travers des articles percutants et des analyses approfondies.\",\"url\":\"https:\\\/\\\/www.sebastien-auziere.fr\\\/blog\\\/author\\\/celine\\\/\"}]}<\/script>\n<!-- \/ Yoast SEO plugin. -->","yoast_head_json":{"title":"Brigitte Macron : ses confessions sur sa rencontre et son histoire avec Emmanuel Macron","description":"Dans Paris Match, Brigitte Macron a racont\u00e9 les d\u00e9buts de sa relation avec Emmanuel Macron : leur rencontre \u00e0 Amiens, la d\u00e9claration \u00e0 17 ans et un lien qui n'a jamais rompu.","robots":{"index":"index","follow":"follow","max-snippet":"max-snippet:-1","max-image-preview":"max-image-preview:large","max-video-preview":"max-video-preview:-1"},"canonical":"https:\/\/www.sebastien-auziere.fr\/blog\/en\/brigitte-macron-her-rare-confessions-about-her-meeting-and-her-story-with-emmanuel-macron\/","og_locale":"fr_FR","og_type":"article","og_title":"Brigitte Macron : ses confessions sur sa rencontre et son histoire avec Emmanuel Macron","og_description":"Dans Paris Match, Brigitte Macron a racont\u00e9 les d\u00e9buts de sa relation avec Emmanuel Macron : leur rencontre \u00e0 Amiens, la d\u00e9claration \u00e0 17 ans et un lien qui n'a jamais rompu.","og_url":"https:\/\/www.sebastien-auziere.fr\/blog\/en\/brigitte-macron-her-rare-confessions-about-her-meeting-and-her-story-with-emmanuel-macron\/","og_site_name":"Fan site S\u00e9bastien Auzi\u00e8re","article_published_time":"2026-03-14T14:05:34+00:00","article_modified_time":"2026-03-14T14:06:26+00:00","og_image":[{"width":1184,"height":754,"url":"https:\/\/www.sebastien-auziere.fr\/blog\/wp-content\/uploads\/2026\/03\/Capture-decran-2026-03-14-144614.jpg","type":"image\/jpeg"}],"author":"Celine","twitter_card":"summary_large_image","twitter_misc":{"\u00c9crit par":"Celine","Dur\u00e9e de lecture estim\u00e9e":"6 minutes"},"schema":{"@context":"https:\/\/schema.org","@graph":[{"@type":"Article","@id":"https:\/\/www.sebastien-auziere.fr\/blog\/en\/brigitte-macron-her-rare-confessions-about-her-meeting-and-her-story-with-emmanuel-macron\/#article","isPartOf":{"@id":"https:\/\/www.sebastien-auziere.fr\/blog\/en\/brigitte-macron-her-rare-confessions-about-her-meeting-and-her-story-with-emmanuel-macron\/"},"author":{"name":"Celine","@id":"https:\/\/www.sebastien-auziere.fr\/blog\/#\/schema\/person\/1e270a963009242469ed08b1c461f81f"},"headline":"Brigitte Macron: her rare confessions about her meeting and her story with Emmanuel Macron","datePublished":"2026-03-14T14:05:34+00:00","dateModified":"2026-03-14T14:06:26+00:00","mainEntityOfPage":{"@id":"https:\/\/www.sebastien-auziere.fr\/blog\/en\/brigitte-macron-her-rare-confessions-about-her-meeting-and-her-story-with-emmanuel-macron\/"},"wordCount":1285,"commentCount":0,"publisher":{"@id":"https:\/\/www.sebastien-auziere.fr\/blog\/#organization"},"image":{"@id":"https:\/\/www.sebastien-auziere.fr\/blog\/en\/brigitte-macron-her-rare-confessions-about-her-meeting-and-her-story-with-emmanuel-macron\/#primaryimage"},"thumbnailUrl":"https:\/\/www.sebastien-auziere.fr\/blog\/wp-content\/uploads\/2026\/03\/Capture-decran-2026-03-14-144614.jpg","articleSection":["News","Tendency"],"inLanguage":"fr-FR","potentialAction":[{"@type":"CommentAction","name":"Comment","target":["https:\/\/www.sebastien-auziere.fr\/blog\/en\/brigitte-macron-her-rare-confessions-about-her-meeting-and-her-story-with-emmanuel-macron\/#respond"]}]},{"@type":"WebPage","@id":"https:\/\/www.sebastien-auziere.fr\/blog\/en\/brigitte-macron-her-rare-confessions-about-her-meeting-and-her-story-with-emmanuel-macron\/","url":"https:\/\/www.sebastien-auziere.fr\/blog\/en\/brigitte-macron-her-rare-confessions-about-her-meeting-and-her-story-with-emmanuel-macron\/","name":"Brigitte Macron : ses confessions sur sa rencontre et son histoire avec Emmanuel Macron","isPartOf":{"@id":"https:\/\/www.sebastien-auziere.fr\/blog\/#website"},"primaryImageOfPage":{"@id":"https:\/\/www.sebastien-auziere.fr\/blog\/en\/brigitte-macron-her-rare-confessions-about-her-meeting-and-her-story-with-emmanuel-macron\/#primaryimage"},"image":{"@id":"https:\/\/www.sebastien-auziere.fr\/blog\/en\/brigitte-macron-her-rare-confessions-about-her-meeting-and-her-story-with-emmanuel-macron\/#primaryimage"},"thumbnailUrl":"https:\/\/www.sebastien-auziere.fr\/blog\/wp-content\/uploads\/2026\/03\/Capture-decran-2026-03-14-144614.jpg","datePublished":"2026-03-14T14:05:34+00:00","dateModified":"2026-03-14T14:06:26+00:00","description":"Dans Paris Match, Brigitte Macron a racont\u00e9 les d\u00e9buts de sa relation avec Emmanuel Macron : leur rencontre \u00e0 Amiens, la d\u00e9claration \u00e0 17 ans et un lien qui n'a jamais rompu.","breadcrumb":{"@id":"https:\/\/www.sebastien-auziere.fr\/blog\/en\/brigitte-macron-her-rare-confessions-about-her-meeting-and-her-story-with-emmanuel-macron\/#breadcrumb"},"inLanguage":"fr-FR","potentialAction":[{"@type":"ReadAction","target":["https:\/\/www.sebastien-auziere.fr\/blog\/en\/brigitte-macron-her-rare-confessions-about-her-meeting-and-her-story-with-emmanuel-macron\/"]}]},{"@type":"ImageObject","inLanguage":"fr-FR","@id":"https:\/\/www.sebastien-auziere.fr\/blog\/en\/brigitte-macron-her-rare-confessions-about-her-meeting-and-her-story-with-emmanuel-macron\/#primaryimage","url":"https:\/\/www.sebastien-auziere.fr\/blog\/wp-content\/uploads\/2026\/03\/Capture-decran-2026-03-14-144614.jpg","contentUrl":"https:\/\/www.sebastien-auziere.fr\/blog\/wp-content\/uploads\/2026\/03\/Capture-decran-2026-03-14-144614.jpg","width":1184,"height":754,"caption":"Brigitte Macron : ses confessions rares sur sa rencontre et son histoire avec Emmanuel Macron"},{"@type":"BreadcrumbList","@id":"https:\/\/www.sebastien-auziere.fr\/blog\/en\/brigitte-macron-her-rare-confessions-about-her-meeting-and-her-story-with-emmanuel-macron\/#breadcrumb","itemListElement":[{"@type":"ListItem","position":1,"name":"Home","item":"https:\/\/www.sebastien-auziere.fr\/blog\/"},{"@type":"ListItem","position":2,"name":"Brigitte Macron: her rare confessions about her meeting and her story with Emmanuel Macron"}]},{"@type":"WebSite","@id":"https:\/\/www.sebastien-auziere.fr\/blog\/#website","url":"https:\/\/www.sebastien-auziere.fr\/blog\/","name":"Fan site S\u00e9bastien Auzi\u00e8re","description":"M\u00e9dia g\u00e9n\u00e9raliste","publisher":{"@id":"https:\/\/www.sebastien-auziere.fr\/blog\/#organization"},"potentialAction":[{"@type":"SearchAction","target":{"@type":"EntryPoint","urlTemplate":"https:\/\/www.sebastien-auziere.fr\/blog\/?s={search_term_string}"},"query-input":{"@type":"PropertyValueSpecification","valueRequired":true,"valueName":"search_term_string"}}],"inLanguage":"fr-FR"},{"@type":"Organization","@id":"https:\/\/www.sebastien-auziere.fr\/blog\/#organization","name":"Fan site S\u00e9bastien Auzi\u00e8re","url":"https:\/\/www.sebastien-auziere.fr\/blog\/","logo":{"@type":"ImageObject","inLanguage":"fr-FR","@id":"https:\/\/www.sebastien-auziere.fr\/blog\/#\/schema\/logo\/image\/","url":"https:\/\/www.sebastien-auziere.fr\/blog\/wp-content\/uploads\/2026\/03\/cropped-cropped-cropped-ChatGPT-Image-6-mars-2026-12_58_09-e1772798376794.jpg","contentUrl":"https:\/\/www.sebastien-auziere.fr\/blog\/wp-content\/uploads\/2026\/03\/cropped-cropped-cropped-ChatGPT-Image-6-mars-2026-12_58_09-e1772798376794.jpg","width":512,"height":360,"caption":"Fan site S\u00e9bastien Auzi\u00e8re"},"image":{"@id":"https:\/\/www.sebastien-auziere.fr\/blog\/#\/schema\/logo\/image\/"}},{"@type":"Person","@id":"https:\/\/www.sebastien-auziere.fr\/blog\/#\/schema\/person\/1e270a963009242469ed08b1c461f81f","name":"Celine","image":{"@type":"ImageObject","inLanguage":"fr-FR","@id":"https:\/\/secure.gravatar.com\/avatar\/c88d569fbe1fe19a13c7f21ee0f8973822df96073df21850b95af6a09ba820c9?s=96&d=mm&r=g","url":"https:\/\/secure.gravatar.com\/avatar\/c88d569fbe1fe19a13c7f21ee0f8973822df96073df21850b95af6a09ba820c9?s=96&d=mm&r=g","contentUrl":"https:\/\/secure.gravatar.com\/avatar\/c88d569fbe1fe19a13c7f21ee0f8973822df96073df21850b95af6a09ba820c9?s=96&d=mm&r=g","caption":"Celine"},"description":"Je m'appelle C\u00e9line, j'ai 31 ans et je suis journaliste sp\u00e9cialis\u00e9e dans le cin\u00e9ma. Passionn\u00e9e par le septi\u00e8me art, j'explore les actualit\u00e9s, les critiques et les tendances du monde cin\u00e9matographique. Mon objectif est de partager ma passion et d'informer les amateurs de films \u00e0 travers des articles percutants et des analyses approfondies.","url":"https:\/\/www.sebastien-auziere.fr\/blog\/author\/celine\/"}]}},"views":23,"_links":{"self":[{"href":"https:\/\/www.sebastien-auziere.fr\/blog\/wp-json\/wp\/v2\/posts\/2504","targetHints":{"allow":["GET"]}}],"collection":[{"href":"https:\/\/www.sebastien-auziere.fr\/blog\/wp-json\/wp\/v2\/posts"}],"about":[{"href":"https:\/\/www.sebastien-auziere.fr\/blog\/wp-json\/wp\/v2\/types\/post"}],"author":[{"embeddable":true,"href":"https:\/\/www.sebastien-auziere.fr\/blog\/wp-json\/wp\/v2\/users\/4"}],"replies":[{"embeddable":true,"href":"https:\/\/www.sebastien-auziere.fr\/blog\/wp-json\/wp\/v2\/comments?post=2504"}],"version-history":[{"count":1,"href":"https:\/\/www.sebastien-auziere.fr\/blog\/wp-json\/wp\/v2\/posts\/2504\/revisions"}],"predecessor-version":[{"id":2505,"href":"https:\/\/www.sebastien-auziere.fr\/blog\/wp-json\/wp\/v2\/posts\/2504\/revisions\/2505"}],"wp:featuredmedia":[{"embeddable":true,"href":"https:\/\/www.sebastien-auziere.fr\/blog\/wp-json\/wp\/v2\/media\/2493"}],"wp:attachment":[{"href":"https:\/\/www.sebastien-auziere.fr\/blog\/wp-json\/wp\/v2\/media?parent=2504"}],"wp:term":[{"taxonomy":"category","embeddable":true,"href":"https:\/\/www.sebastien-auziere.fr\/blog\/wp-json\/wp\/v2\/categories?post=2504"},{"taxonomy":"post_tag","embeddable":true,"href":"https:\/\/www.sebastien-auziere.fr\/blog\/wp-json\/wp\/v2\/tags?post=2504"}],"curies":[{"name":"wp","href":"https:\/\/api.w.org\/{rel}","templated":true}]}}