{"id":2500,"date":"2026-03-14T13:51:42","date_gmt":"2026-03-14T13:51:42","guid":{"rendered":"https:\/\/www.sebastien-auziere.fr\/blog\/?p=2500"},"modified":"2026-03-14T13:52:33","modified_gmt":"2026-03-14T13:52:33","slug":"emmanuel-e-brigitte-macron-no-japao-e-na-coreia-do-sul-no-final-de-marco-de-2026-audiencia-imperial-com-naruhito-e-masako","status":"publish","type":"post","link":"https:\/\/www.sebastien-auziere.fr\/blog\/pt\/emmanuel-e-brigitte-macron-no-japao-e-na-coreia-do-sul-no-final-de-marco-de-2026-audiencia-imperial-com-naruhito-e-masako\/","title":{"rendered":"Emmanuel e Brigitte Macron no Jap\u00e3o e na Coreia do Sul no final de mar\u00e7o de 2026: audi\u00eancia imperial com Naruhito e Masako"},"content":{"rendered":"<p><title>Macron no Jap\u00e3o e na Coreia do Sul no final de mar\u00e7o de 2026: audi\u00eancia imperial e visita oficial<\/title><\/p>\n<p>  body { font-size: 16px; line-height: 1.7; }<br \/>\n  h2 { font-size: 1.4em; color: #1a2e4a; border-left: 4px solid #1a2e4a; padding-left: 10px; margin-top: 40px; }<br \/>\n  h3 { font-size: 1.15em; color: #333; margin-top: 24px; }<br \/>\n  .intro-box { background: #eef2f7; border-left: 5px solid #1a2e4a; padding: 16px 20px; border-radius: 4px; margin: 0 0 30px; }<br \/>\n  .intro-box p { margin: 0; }<br \/>\n  .info-box { background: #e8f4fd; border-left: 5px solid #1976d2; padding: 14px 18px; border-radius: 4px; margin: 20px 0; }<br \/>\n  blockquote { border-left: 4px solid #1a2e4a; margin: 24px 0; padding: 12px 20px; background: #f5f7fa; font-style: italic; color: #444; }<br \/>\n  table { width: 100%; border-collapse: collapse; margin: 16px 0; }<br \/>\n  th { background: #1a2e4a; color: #fff; padding: 10px 12px; text-align: left; }<br \/>\n  td { padding: 9px 12px; border-bottom: 1px solid #ddd; }<br \/>\n  tr:nth-child(even) td { background: #f5f7fa; }<br \/>\n  ul li, ol li { margin-bottom: 6px; }<br \/>\n  a { color: #1a2e4a; }<br \/>\n  .faq dt { font-weight: bold; margin-top: 18px; color: #1a2e4a; }<br \/>\n  .faq dd { margin: 6px 0 12px 0; }<\/p>\n<div class=\"intro-box\">\n<p><strong>Em resumo:<\/strong> Emmanuel e Brigitte Macron realizar\u00e3o uma visita oficial ao <strong>Jap\u00e3o de 31 de mar\u00e7o a 2 de abril de 2026<\/strong>, seguido pela <strong>Coreia do Sul nos dias 2 e 3 de abril<\/strong>. No Jap\u00e3o, o presidente franc\u00eas se encontrar\u00e1 com a Primeira-ministra Sanae Takaichi e ser\u00e1 recebido em audi\u00eancia por <strong>o imperador Naruhito e a imperatriz Masako<\/strong>. Uma viagem anunciada simultaneamente por T\u00f3quio e Seul na sexta-feira, 13 de mar\u00e7o de 2026.<\/p>\n<\/div>\n<p>A cerca de 10.000 quil\u00f4metros de Paris, Emmanuel e Brigitte Macron se preparam para viver uma nova sequ\u00eancia diplom\u00e1tica importante. Esta turn\u00ea asi\u00e1tica no final de mar\u00e7o \u2014 a primeira visita de estado da Fran\u00e7a ao Jap\u00e3o em v\u00e1rios anos \u2014 combina quest\u00f5es geopol\u00edticas, coopera\u00e7\u00e3o bilateral e protocolo imperial. Um resumo dessa visita t\u00e3o aguardada.<\/p>\n<blockquote><p>A \u00faltima audi\u00eancia concedida pelo casal imperial japon\u00eas ao casal presidencial franc\u00eas remonta a junho de 2019, em T\u00f3quio, \u00e0 margem do G20 de Osaka.<\/p><\/blockquote>\n<h2>Um programa em duas etapas: Jap\u00e3o e depois Coreia do Sul<\/h2>\n<p>A turn\u00ea asi\u00e1tica de Emmanuel Macron ocorre em dois momentos distintos, anunciados simultaneamente pelas capitais envolvidas em 13 de mar\u00e7o de 2026.<\/p>\n<div style=\"overflow:auto;max-width:100%\">\n<table>\n<thead>\n<tr>\n<th>Datas<\/th>\n<th>Pa\u00eds<\/th>\n<th>Principais compromissos<\/th>\n<\/tr>\n<\/thead>\n<tbody>\n<tr>\n<td>31 de mar\u00e7o \u2013 2 de abril de 2026<\/td>\n<td>\ud83c\uddef\ud83c\uddf5 Jap\u00e3o<\/td>\n<td>Encontro com a PM Sanae Takaichi, audi\u00eancia imperial com Naruhito e Masako, jantar de trabalho<\/td>\n<\/tr>\n<tr>\n<td>2 \u2013 3 de abril de 2026<\/td>\n<td>\ud83c\uddf0\ud83c\uddf7 Coreia do Sul<\/td>\n<td>Reuni\u00f5es com parceiros institucionais sul-coreanos<\/td>\n<\/tr>\n<\/tbody>\n<\/table>\n<\/div>\n<h2>No Jap\u00e3o: Sanae Takaichi e um jantar de trabalho<\/h2>\n<p>Em T\u00f3quio, Emmanuel Macron \u00e9 aguardado pela Primeira-ministra japonesa <strong>Sanae Takaichi<\/strong>. De acordo com o porta-voz do governo japon\u00eas, Minoru Kihara, os dois l\u00edderes ir\u00e3o dialogar antes de um jantar de trabalho. O objetivo declarado: \u201caprofundar ainda mais os la\u00e7os de amizade e coopera\u00e7\u00e3o entre os dois pa\u00edses\u201d.<\/p>\n<p>Esse encontro se insere em um contexto geopol\u00edtico intenso, onde as parcerias indo-pac\u00edficas est\u00e3o se tornando cada vez mais significativas para a Fran\u00e7a, pot\u00eancia mar\u00edtima presente na regi\u00e3o atrav\u00e9s de seus territ\u00f3rios ultramarinos.<\/p>\n<h2>A audi\u00eancia imperial: Naruhito e Masako recebem os Macron<\/h2>\n<p>O ponto alto protocolar desta estadia no Jap\u00e3o ser\u00e1 a <strong>audi\u00eancia concedida pelo imperador Naruhito e pela imperatriz Masako<\/strong> ao casal presidencial franc\u00eas. Essas audi\u00eancias imperiais \u2014 raras e altamente codificadas \u2014 constituem tradicionalmente um dos momentos mais simb\u00f3licos de uma visita de estado ao Jap\u00e3o. Elas significam a import\u00e2ncia atribu\u00edda por T\u00f3quio \u00e0s suas rela\u00e7\u00f5es com o pa\u00eds recebido.<\/p>\n<div class=\"info-box\">\n  <strong>\ud83c\udfef Lembrete hist\u00f3rico:<\/strong> Em junho de 2019, Emmanuel e Brigitte Macron j\u00e1 haviam sido recebidos no Pal\u00e1cio Imperial de T\u00f3quio por Naruhito e Masako, durante um almo\u00e7o seguido de uma conversa entre os dois chefes de estado, \u00e0 margem do G20 de Osaka. Esta nova audi\u00eancia, sete anos depois, reafirma a solidez dos la\u00e7os franco-japoneses.\n<\/div>\n<p>Naruhito subiu ao trono no dia 1\u00ba de maio de 2019, sucedendo seu pai Akihito. Sua esposa Masako, ex-diplomata de forma\u00e7\u00e3o, \u00e9 particularmente apreciada nos c\u00edrculos internacionais por sua flu\u00eancia em l\u00ednguas e sua sensibilidade \u00e0s quest\u00f5es globais.<\/p>\n<h2>Brigitte Macron no Jap\u00e3o: uma viagem temida<\/h2>\n<p>Essa viagem representa tamb\u00e9m um desafio pessoal para a Primeira-dama. Brigitte Macron sofre, de fato, de <strong>aerodromofobia<\/strong> \u2014 um medo intenso de avi\u00e3o. Um voo Paris-T\u00f3quio dura mais de 11 horas, o que a torna uma das viagens mais exaustivas para ela. De acordo com o jornalista Fran\u00e7ois-Xavier Bourmaud em seu livro <em>Os bastidores de uma vit\u00f3ria<\/em>, um conselheiro descreveu assim a situa\u00e7\u00e3o:<\/p>\n<blockquote><p>\u201cEla o acompanha em quase todos os deslocamentos de campanha. Raramente ela aparece no exterior. Viajar ao lado dela no ar \u00e9 garantia de chegar com a m\u00e3o machucada.\u201d<\/p><\/blockquote>\n<p>Apesar dessa apreens\u00e3o, Brigitte Macron frequentemente acompanha o presidente nas visitas de estado mais simb\u00f3licas, como foi o caso em 2019 no Jap\u00e3o.<\/p>\n<h2>Por que essa viagem \u00e9 estrat\u00e9gica para a Fran\u00e7a<\/h2>\n<p>Al\u00e9m do protocolo, esta turn\u00ea asi\u00e1tica atende a v\u00e1rios objetivos geopol\u00edticos e econ\u00f4micos:<\/p>\n<ul>\n<li><strong>Refor\u00e7ar a parceria franco-japonesa<\/strong> nos setores de defesa, energia nuclear civil e tecnologias avan\u00e7adas.<\/li>\n<li><strong>Consolidar a presen\u00e7a francesa no Indo-Pac\u00edfico<\/strong>, uma \u00e1rea de tens\u00f5es crescentes entre as grandes pot\u00eancias.<\/li>\n<li><strong>Diversificar as alian\u00e7as europeias<\/strong> diante das incertezas geopol\u00edticas globais de 2026.<\/li>\n<li><strong>Fortalecer os la\u00e7os com Seul<\/strong>, parceiro estrat\u00e9gico cada vez mais ativo no cen\u00e1rio internacional.<\/li>\n<\/ul>\n<h2>FAQ \u2014 Visita de Macron ao Jap\u00e3o e na Coreia do Sul 2026<\/h2>\n<dl class=\"faq\">\n<dt>Quando Emmanuel Macron se desloca ao Jap\u00e3o?<\/dt>\n<dd>De 31 de mar\u00e7o a 2 de abril de 2026. Em seguida, ele ir\u00e1 \u00e0 Coreia do Sul nos dias 2 e 3 de abril de 2026.<\/dd>\n<dt>Quem s\u00e3o as personalidades encontradas no Jap\u00e3o?<\/dt>\n<dd>A Primeira-ministra Sanae Takaichi para uma conversa e um jantar de trabalho, al\u00e9m do imperador Naruhito e da imperatriz Masako para uma audi\u00eancia oficial.<\/dd>\n<dt>Brigitte Macron acompanha seu marido ao Jap\u00e3o?<\/dt>\n<dd>Sim. Apesar de sua aerodromofobia (medo de avi\u00e3o), Brigitte Macron est\u00e1 confirmada na viagem, assim como fez na visita anterior ao Jap\u00e3o em 2019.<\/dd>\n<dt>Qual foi a \u00faltima visita oficial de Macron ao Jap\u00e3o?<\/dt>\n<dd>Junho de 2019, \u00e0 margem do G20 de Osaka. O casal presidencial foi recebido em audi\u00eancia pelo imperador Naruhito e pela imperatriz Masako no Pal\u00e1cio Imperial de T\u00f3quio.<\/dd>\n<dt>Quem \u00e9 Sanae Takaichi?<\/dt>\n<dd>Sanae Takaichi \u00e9 a Primeira-ministra do Jap\u00e3o. Pol\u00edticos do Partido Liberal Democr\u00e1tico (PLD), ela \u00e9 a primeira mulher a ocupar esse cargo na hist\u00f3ria do Jap\u00e3o.<\/dd>\n<dt>Por que essa viagem \u00e9 importante diplomaticamente?<\/dt>\n<dd>Ela visa refor\u00e7ar a parceria estrat\u00e9gica franco-japonesa nas \u00e1reas de defesa, energia e tecnologia, assim como a presen\u00e7a francesa no Indo-Pac\u00edfico.<\/dd>\n<\/dl>\n<p>{<br \/>\n  \u00ab\u00a0@context\u00a0\u00bb: \u00ab\u00a0https:\/\/schema.org\u00a0\u00bb,<br \/>\n  \u00ab\u00a0@type\u00a0\u00bb: \u00ab\u00a0Article\u00a0\u00bb,<br \/>\n  \u00ab\u00a0headline\u00a0\u00bb: \u00ab\u00a0Macron no Jap\u00e3o e na Coreia do Sul no final de mar\u00e7o de 2026: audi\u00eancia imperial e visita oficial\u00a0\u00bb,<br \/>\n  \u00ab\u00a0description\u00a0\u00bb: \u00ab\u00a0Emmanuel e Brigitte Macron viajar\u00e3o ao Jap\u00e3o de 31 de mar\u00e7o a 2 de abril de 2026, e depois \u00e0 Coreia do Sul. Audi\u00eancia com o imperador Naruhito e a imperatriz Masako, encontro com Sanae Takaichi.\u00a0\u00bb,<br \/>\n  \u00ab\u00a0inLanguage\u00a0\u00bb: \u00ab\u00a0pt\u00a0\u00bb,<br \/>\n  \u00ab\u00a0datePublished\u00a0\u00bb: \u00ab\u00a02026-03-13\u00a0\u00bb,<br \/>\n  \u00ab\u00a0dateModified\u00a0\u00bb: \u00ab\u00a02026-03-13\u00a0\u00bb,<br \/>\n  \u00ab\u00a0about\u00a0\u00bb: [<br \/>\n    { \u00ab\u00a0@type\u00a0\u00bb: \u00ab\u00a0Person\u00a0\u00bb, \u00ab\u00a0name\u00a0\u00bb: \u00ab\u00a0Emmanuel Macron\u00a0\u00bb },<br \/>\n    { \u00ab\u00a0@type\u00a0\u00bb: \u00ab\u00a0Person\u00a0\u00bb, \u00ab\u00a0name\u00a0\u00bb: \u00ab\u00a0Brigitte Macron\u00a0\u00bb },<br \/>\n    { \u00ab\u00a0@type\u00a0\u00bb: \u00ab\u00a0Person\u00a0\u00bb, \u00ab\u00a0name\u00a0\u00bb: \u00ab\u00a0Naruhito do Jap\u00e3o\u00a0\u00bb },<br \/>\n    { \u00ab\u00a0@type\u00a0\u00bb: \u00ab\u00a0Person\u00a0\u00bb, \u00ab\u00a0name\u00a0\u00bb: \u00ab\u00a0Masako do Jap\u00e3o\u00a0\u00bb },<br \/>\n    { \u00ab\u00a0@type\u00a0\u00bb: \u00ab\u00a0Person\u00a0\u00bb, \u00ab\u00a0name\u00a0\u00bb: \u00ab\u00a0Sanae Takaichi\u00a0\u00bb }<br \/>\n  ]<br \/>\n}<\/p>\n<p>{<br \/>\n  \u00ab\u00a0@context\u00a0\u00bb: \u00ab\u00a0https:\/\/schema.org\u00a0\u00bb,<br \/>\n  \u00ab\u00a0@type\u00a0\u00bb: \u00ab\u00a0FAQPage\u00a0\u00bb,<br \/>\n  \u00ab\u00a0mainEntity\u00a0\u00bb: [<br \/>\n    {<br \/>\n      \u00ab\u00a0@type\u00a0\u00bb: \u00ab\u00a0Question\u00a0\u00bb,<br \/>\n      \u00ab\u00a0name\u00a0\u00bb: \u00ab\u00a0Quando Emmanuel Macron se desloca ao Jap\u00e3o?\u00a0\u00bb,<br \/>\n      \u00ab\u00a0acceptedAnswer\u00a0\u00bb: { \u00ab\u00a0@type\u00a0\u00bb: \u00ab\u00a0Answer\u00a0\u00bb, \u00ab\u00a0text\u00a0\u00bb: \u00ab\u00a0De 31 de mar\u00e7o a 2 de abril de 2026, depois \u00e0 Coreia do Sul nos dias 2 e 3 de abril de 2026.\u00a0\u00bb }<br \/>\n    },<br \/>\n    {<br \/>\n      \u00ab\u00a0@type\u00a0\u00bb: \u00ab\u00a0Question\u00a0\u00bb,<br \/>\n      \u00ab\u00a0name\u00a0\u00bb: \u00ab\u00a0Quem s\u00e3o as personalidades encontradas no Jap\u00e3o?\u00a0\u00bb,<br \/>\n      \u00ab\u00a0acceptedAnswer\u00a0\u00bb: { \u00ab\u00a0@type\u00a0\u00bb: \u00ab\u00a0Answer\u00a0\u00bb, \u00ab\u00a0text\u00a0\u00bb: \u00ab\u00a0A Primeira-ministra Sanae Takaichi e o imperador Naruhito com a imperatriz Masako para uma audi\u00eancia oficial.\u00a0\u00bb }<br \/>\n    },<br \/>\n    {<br \/>\n      \u00ab\u00a0@type\u00a0\u00bb: \u00ab\u00a0Question\u00a0\u00bb,<br \/>\n      \u00ab\u00a0name\u00a0\u00bb: \u00ab\u00a0Brigitte Macron acompanha seu marido ao Jap\u00e3o?\u00a0\u00bb,<br \/>\n      \u00ab\u00a0acceptedAnswer\u00a0\u00bb: { \u00ab\u00a0@type\u00a0\u00bb: \u00ab\u00a0Answer\u00a0\u00bb, \u00ab\u00a0text\u00a0\u00bb: \u00ab\u00a0Sim, apesar de sua aerodromofobia, Brigitte Macron est\u00e1 confirmada na viagem.\u00a0\u00bb }<br \/>\n    },<br \/>\n    {<br \/>\n      \u00ab\u00a0@type\u00a0\u00bb: \u00ab\u00a0Question\u00a0\u00bb,<br \/>\n      \u00ab\u00a0name\u00a0\u00bb: \u00ab\u00a0Qual foi a \u00faltima visita oficial de Macron ao Jap\u00e3o?\u00a0\u00bb,<br \/>\n      \u00ab\u00a0acceptedAnswer\u00a0\u00bb: { \u00ab\u00a0@type\u00a0\u00bb: \u00ab\u00a0Answer\u00a0\u00bb, \u00ab\u00a0text\u00a0\u00bb: \u00ab\u00a0Junho de 2019, \u00e0 margem do G20 de Osaka, com audi\u00eancia no Pal\u00e1cio Imperial de T\u00f3quio.\u00a0\u00bb }<br \/>\n    },<br \/>\n    {<br \/>\n      \u00ab\u00a0@type\u00a0\u00bb: \u00ab\u00a0Question\u00a0\u00bb,<br \/>\n      \u00ab\u00a0name\u00a0\u00bb: \u00ab\u00a0Quem \u00e9 Sanae Takaichi?\u00a0\u00bb,<br \/>\n      \u00ab\u00a0acceptedAnswer\u00a0\u00bb: { \u00ab\u00a0@type\u00a0\u00bb: \u00ab\u00a0Answer\u00a0\u00bb, \u00ab\u00a0text\u00a0\u00bb: \u00ab\u00a0Sanae Takaichi \u00e9 a Primeira-ministra do Jap\u00e3o, a primeira mulher a ocupar esse cargo.\u00a0\u00bb }<br \/>\n    },<br \/>\n    {<br \/>\n      \u00ab\u00a0@type\u00a0\u00bb: \u00ab\u00a0Question\u00a0\u00bb,<br \/>\n      \u00ab\u00a0name\u00a0\u00bb: \u00ab\u00a0Por que essa viagem \u00e9 importante diplomaticamente?\u00a0\u00bb,<br \/>\n      \u00ab\u00a0acceptedAnswer\u00a0\u00bb: { \u00ab\u00a0@type\u00a0\u00bb: \u00ab\u00a0Answer\u00a0\u00bb, \u00ab\u00a0text\u00a0\u00bb: \u00ab\u00a0Ela visa refor\u00e7ar a parceria estrat\u00e9gica franco-japonesa na defesa, energia e tecnologia, assim como a presen\u00e7a francesa no Indo-Pac\u00edfico.\u00a0\u00bb }<br \/>\n    }<br \/>\n  ]<br \/>\n}<\/p>\n","protected":false},"excerpt":{"rendered":"<p>Macron no Jap\u00e3o e na Coreia do Sul no final de mar\u00e7o de 2026: audi\u00eancia imperial e visita oficial body { font-size: 16px; line-height: 1.7; } h2 { font-size: 1.4em; color: #1a2e4a; border-left: 4px solid #1a2e4a; padding-left: 10px; margin-top: 40px; } h3 { font-size: 1.15em; color: #333; margin-top: 24px; } .intro-box { background: #eef2f7; border-left: &#8230; <a title=\"Emmanuel e Brigitte Macron no Jap\u00e3o e na Coreia do Sul no final de mar\u00e7o de 2026: audi\u00eancia imperial com Naruhito e Masako\" class=\"read-more\" href=\"https:\/\/www.sebastien-auziere.fr\/blog\/pt\/emmanuel-e-brigitte-macron-no-japao-e-na-coreia-do-sul-no-final-de-marco-de-2026-audiencia-imperial-com-naruhito-e-masako\/\" aria-label=\"En savoir plus sur Emmanuel e Brigitte Macron no Jap\u00e3o e na Coreia do Sul no final de mar\u00e7o de 2026: audi\u00eancia imperial com Naruhito e Masako\">Lire plus<\/a><\/p>\n","protected":false},"author":4,"featured_media":2487,"comment_status":"open","ping_status":"open","sticky":false,"template":"","format":"standard","meta":{"footnotes":""},"categories":[862],"tags":[],"class_list":["post-2500","post","type-post","status-publish","format-standard","has-post-thumbnail","hentry","category-actualidades-pt"],"yoast_head":"<!-- This site is optimized with the Yoast SEO plugin v27.5 - https:\/\/yoast.com\/product\/yoast-seo-wordpress\/ -->\n<title>Macron au Japon et en Cor\u00e9e du Sud fin mars 2026 : audience imp\u00e9riale et visite officielle<\/title>\n<meta name=\"description\" content=\"Emmanuel et Brigitte Macron se rendent au Japon du 31 mars au 2 avril 2026, puis en Cor\u00e9e du Sud. Au programme : rencontre avec la PM Sanae Takaichi et audience avec l&#039;empereur Naruhito et l&#039;imp\u00e9ratrice Masako.\" \/>\n<meta name=\"robots\" content=\"index, follow, max-snippet:-1, max-image-preview:large, max-video-preview:-1\" \/>\n<link rel=\"canonical\" href=\"https:\/\/www.sebastien-auziere.fr\/blog\/pt\/emmanuel-e-brigitte-macron-no-japao-e-na-coreia-do-sul-no-final-de-marco-de-2026-audiencia-imperial-com-naruhito-e-masako\/\" \/>\n<meta property=\"og:locale\" content=\"fr_FR\" \/>\n<meta property=\"og:type\" content=\"article\" \/>\n<meta property=\"og:title\" content=\"Macron au Japon et en Cor\u00e9e du Sud fin mars 2026 : audience imp\u00e9riale et visite officielle\" \/>\n<meta property=\"og:description\" content=\"Emmanuel et Brigitte Macron se rendent au Japon du 31 mars au 2 avril 2026, puis en Cor\u00e9e du Sud. Au programme : rencontre avec la PM Sanae Takaichi et audience avec l&#039;empereur Naruhito et l&#039;imp\u00e9ratrice Masako.\" \/>\n<meta property=\"og:url\" content=\"https:\/\/www.sebastien-auziere.fr\/blog\/pt\/emmanuel-e-brigitte-macron-no-japao-e-na-coreia-do-sul-no-final-de-marco-de-2026-audiencia-imperial-com-naruhito-e-masako\/\" \/>\n<meta property=\"og:site_name\" content=\"Fan site S\u00e9bastien Auzi\u00e8re\" \/>\n<meta property=\"article:published_time\" content=\"2026-03-14T13:51:42+00:00\" \/>\n<meta property=\"article:modified_time\" content=\"2026-03-14T13:52:33+00:00\" \/>\n<meta property=\"og:image\" content=\"https:\/\/www.sebastien-auziere.fr\/blog\/wp-content\/uploads\/2026\/03\/Capture-decran-2026-03-14-080321.jpg\" \/>\n\t<meta property=\"og:image:width\" content=\"681\" \/>\n\t<meta property=\"og:image:height\" content=\"392\" \/>\n\t<meta property=\"og:image:type\" content=\"image\/jpeg\" \/>\n<meta name=\"author\" content=\"Celine\" \/>\n<meta name=\"twitter:card\" content=\"summary_large_image\" \/>\n<meta name=\"twitter:label1\" content=\"\u00c9crit par\" \/>\n\t<meta name=\"twitter:data1\" content=\"Celine\" \/>\n\t<meta name=\"twitter:label2\" content=\"Dur\u00e9e de lecture estim\u00e9e\" \/>\n\t<meta name=\"twitter:data2\" content=\"7 minutes\" \/>\n<script type=\"application\/ld+json\" class=\"yoast-schema-graph\">{\"@context\":\"https:\\\/\\\/schema.org\",\"@graph\":[{\"@type\":\"Article\",\"@id\":\"https:\\\/\\\/www.sebastien-auziere.fr\\\/blog\\\/pt\\\/emmanuel-e-brigitte-macron-no-japao-e-na-coreia-do-sul-no-final-de-marco-de-2026-audiencia-imperial-com-naruhito-e-masako\\\/#article\",\"isPartOf\":{\"@id\":\"https:\\\/\\\/www.sebastien-auziere.fr\\\/blog\\\/pt\\\/emmanuel-e-brigitte-macron-no-japao-e-na-coreia-do-sul-no-final-de-marco-de-2026-audiencia-imperial-com-naruhito-e-masako\\\/\"},\"author\":{\"name\":\"Celine\",\"@id\":\"https:\\\/\\\/www.sebastien-auziere.fr\\\/blog\\\/#\\\/schema\\\/person\\\/1e270a963009242469ed08b1c461f81f\"},\"headline\":\"Emmanuel e Brigitte Macron no Jap\u00e3o e na Coreia do Sul no final de mar\u00e7o de 2026: audi\u00eancia imperial com Naruhito e Masako\",\"datePublished\":\"2026-03-14T13:51:42+00:00\",\"dateModified\":\"2026-03-14T13:52:33+00:00\",\"mainEntityOfPage\":{\"@id\":\"https:\\\/\\\/www.sebastien-auziere.fr\\\/blog\\\/pt\\\/emmanuel-e-brigitte-macron-no-japao-e-na-coreia-do-sul-no-final-de-marco-de-2026-audiencia-imperial-com-naruhito-e-masako\\\/\"},\"wordCount\":1442,\"commentCount\":0,\"publisher\":{\"@id\":\"https:\\\/\\\/www.sebastien-auziere.fr\\\/blog\\\/#organization\"},\"image\":{\"@id\":\"https:\\\/\\\/www.sebastien-auziere.fr\\\/blog\\\/pt\\\/emmanuel-e-brigitte-macron-no-japao-e-na-coreia-do-sul-no-final-de-marco-de-2026-audiencia-imperial-com-naruhito-e-masako\\\/#primaryimage\"},\"thumbnailUrl\":\"https:\\\/\\\/www.sebastien-auziere.fr\\\/blog\\\/wp-content\\\/uploads\\\/2026\\\/03\\\/Capture-decran-2026-03-14-080321.jpg\",\"articleSection\":[\"Actualidades\"],\"inLanguage\":\"fr-FR\",\"potentialAction\":[{\"@type\":\"CommentAction\",\"name\":\"Comment\",\"target\":[\"https:\\\/\\\/www.sebastien-auziere.fr\\\/blog\\\/pt\\\/emmanuel-e-brigitte-macron-no-japao-e-na-coreia-do-sul-no-final-de-marco-de-2026-audiencia-imperial-com-naruhito-e-masako\\\/#respond\"]}]},{\"@type\":\"WebPage\",\"@id\":\"https:\\\/\\\/www.sebastien-auziere.fr\\\/blog\\\/pt\\\/emmanuel-e-brigitte-macron-no-japao-e-na-coreia-do-sul-no-final-de-marco-de-2026-audiencia-imperial-com-naruhito-e-masako\\\/\",\"url\":\"https:\\\/\\\/www.sebastien-auziere.fr\\\/blog\\\/pt\\\/emmanuel-e-brigitte-macron-no-japao-e-na-coreia-do-sul-no-final-de-marco-de-2026-audiencia-imperial-com-naruhito-e-masako\\\/\",\"name\":\"Macron au Japon et en Cor\u00e9e du Sud fin mars 2026 : audience imp\u00e9riale et visite officielle\",\"isPartOf\":{\"@id\":\"https:\\\/\\\/www.sebastien-auziere.fr\\\/blog\\\/#website\"},\"primaryImageOfPage\":{\"@id\":\"https:\\\/\\\/www.sebastien-auziere.fr\\\/blog\\\/pt\\\/emmanuel-e-brigitte-macron-no-japao-e-na-coreia-do-sul-no-final-de-marco-de-2026-audiencia-imperial-com-naruhito-e-masako\\\/#primaryimage\"},\"image\":{\"@id\":\"https:\\\/\\\/www.sebastien-auziere.fr\\\/blog\\\/pt\\\/emmanuel-e-brigitte-macron-no-japao-e-na-coreia-do-sul-no-final-de-marco-de-2026-audiencia-imperial-com-naruhito-e-masako\\\/#primaryimage\"},\"thumbnailUrl\":\"https:\\\/\\\/www.sebastien-auziere.fr\\\/blog\\\/wp-content\\\/uploads\\\/2026\\\/03\\\/Capture-decran-2026-03-14-080321.jpg\",\"datePublished\":\"2026-03-14T13:51:42+00:00\",\"dateModified\":\"2026-03-14T13:52:33+00:00\",\"description\":\"Emmanuel et Brigitte Macron se rendent au Japon du 31 mars au 2 avril 2026, puis en Cor\u00e9e du Sud. Au programme : rencontre avec la PM Sanae Takaichi et audience avec l'empereur Naruhito et l'imp\u00e9ratrice Masako.\",\"breadcrumb\":{\"@id\":\"https:\\\/\\\/www.sebastien-auziere.fr\\\/blog\\\/pt\\\/emmanuel-e-brigitte-macron-no-japao-e-na-coreia-do-sul-no-final-de-marco-de-2026-audiencia-imperial-com-naruhito-e-masako\\\/#breadcrumb\"},\"inLanguage\":\"fr-FR\",\"potentialAction\":[{\"@type\":\"ReadAction\",\"target\":[\"https:\\\/\\\/www.sebastien-auziere.fr\\\/blog\\\/pt\\\/emmanuel-e-brigitte-macron-no-japao-e-na-coreia-do-sul-no-final-de-marco-de-2026-audiencia-imperial-com-naruhito-e-masako\\\/\"]}]},{\"@type\":\"ImageObject\",\"inLanguage\":\"fr-FR\",\"@id\":\"https:\\\/\\\/www.sebastien-auziere.fr\\\/blog\\\/pt\\\/emmanuel-e-brigitte-macron-no-japao-e-na-coreia-do-sul-no-final-de-marco-de-2026-audiencia-imperial-com-naruhito-e-masako\\\/#primaryimage\",\"url\":\"https:\\\/\\\/www.sebastien-auziere.fr\\\/blog\\\/wp-content\\\/uploads\\\/2026\\\/03\\\/Capture-decran-2026-03-14-080321.jpg\",\"contentUrl\":\"https:\\\/\\\/www.sebastien-auziere.fr\\\/blog\\\/wp-content\\\/uploads\\\/2026\\\/03\\\/Capture-decran-2026-03-14-080321.jpg\",\"width\":681,\"height\":392,\"caption\":\"Emmanuel et Brigitte Macron\"},{\"@type\":\"BreadcrumbList\",\"@id\":\"https:\\\/\\\/www.sebastien-auziere.fr\\\/blog\\\/pt\\\/emmanuel-e-brigitte-macron-no-japao-e-na-coreia-do-sul-no-final-de-marco-de-2026-audiencia-imperial-com-naruhito-e-masako\\\/#breadcrumb\",\"itemListElement\":[{\"@type\":\"ListItem\",\"position\":1,\"name\":\"Home\",\"item\":\"https:\\\/\\\/www.sebastien-auziere.fr\\\/blog\\\/\"},{\"@type\":\"ListItem\",\"position\":2,\"name\":\"Emmanuel e Brigitte Macron no Jap\u00e3o e na Coreia do Sul no final de mar\u00e7o de 2026: audi\u00eancia imperial com Naruhito e Masako\"}]},{\"@type\":\"WebSite\",\"@id\":\"https:\\\/\\\/www.sebastien-auziere.fr\\\/blog\\\/#website\",\"url\":\"https:\\\/\\\/www.sebastien-auziere.fr\\\/blog\\\/\",\"name\":\"Fan site S\u00e9bastien Auzi\u00e8re\",\"description\":\"M\u00e9dia g\u00e9n\u00e9raliste\",\"publisher\":{\"@id\":\"https:\\\/\\\/www.sebastien-auziere.fr\\\/blog\\\/#organization\"},\"potentialAction\":[{\"@type\":\"SearchAction\",\"target\":{\"@type\":\"EntryPoint\",\"urlTemplate\":\"https:\\\/\\\/www.sebastien-auziere.fr\\\/blog\\\/?s={search_term_string}\"},\"query-input\":{\"@type\":\"PropertyValueSpecification\",\"valueRequired\":true,\"valueName\":\"search_term_string\"}}],\"inLanguage\":\"fr-FR\"},{\"@type\":\"Organization\",\"@id\":\"https:\\\/\\\/www.sebastien-auziere.fr\\\/blog\\\/#organization\",\"name\":\"Fan site S\u00e9bastien Auzi\u00e8re\",\"url\":\"https:\\\/\\\/www.sebastien-auziere.fr\\\/blog\\\/\",\"logo\":{\"@type\":\"ImageObject\",\"inLanguage\":\"fr-FR\",\"@id\":\"https:\\\/\\\/www.sebastien-auziere.fr\\\/blog\\\/#\\\/schema\\\/logo\\\/image\\\/\",\"url\":\"https:\\\/\\\/www.sebastien-auziere.fr\\\/blog\\\/wp-content\\\/uploads\\\/2026\\\/03\\\/cropped-cropped-cropped-ChatGPT-Image-6-mars-2026-12_58_09-e1772798376794.jpg\",\"contentUrl\":\"https:\\\/\\\/www.sebastien-auziere.fr\\\/blog\\\/wp-content\\\/uploads\\\/2026\\\/03\\\/cropped-cropped-cropped-ChatGPT-Image-6-mars-2026-12_58_09-e1772798376794.jpg\",\"width\":512,\"height\":360,\"caption\":\"Fan site S\u00e9bastien Auzi\u00e8re\"},\"image\":{\"@id\":\"https:\\\/\\\/www.sebastien-auziere.fr\\\/blog\\\/#\\\/schema\\\/logo\\\/image\\\/\"}},{\"@type\":\"Person\",\"@id\":\"https:\\\/\\\/www.sebastien-auziere.fr\\\/blog\\\/#\\\/schema\\\/person\\\/1e270a963009242469ed08b1c461f81f\",\"name\":\"Celine\",\"image\":{\"@type\":\"ImageObject\",\"inLanguage\":\"fr-FR\",\"@id\":\"https:\\\/\\\/secure.gravatar.com\\\/avatar\\\/c88d569fbe1fe19a13c7f21ee0f8973822df96073df21850b95af6a09ba820c9?s=96&d=mm&r=g\",\"url\":\"https:\\\/\\\/secure.gravatar.com\\\/avatar\\\/c88d569fbe1fe19a13c7f21ee0f8973822df96073df21850b95af6a09ba820c9?s=96&d=mm&r=g\",\"contentUrl\":\"https:\\\/\\\/secure.gravatar.com\\\/avatar\\\/c88d569fbe1fe19a13c7f21ee0f8973822df96073df21850b95af6a09ba820c9?s=96&d=mm&r=g\",\"caption\":\"Celine\"},\"description\":\"Je m'appelle C\u00e9line, j'ai 31 ans et je suis journaliste sp\u00e9cialis\u00e9e dans le cin\u00e9ma. Passionn\u00e9e par le septi\u00e8me art, j'explore les actualit\u00e9s, les critiques et les tendances du monde cin\u00e9matographique. Mon objectif est de partager ma passion et d'informer les amateurs de films \u00e0 travers des articles percutants et des analyses approfondies.\",\"url\":\"https:\\\/\\\/www.sebastien-auziere.fr\\\/blog\\\/author\\\/celine\\\/\"}]}<\/script>\n<!-- \/ Yoast SEO plugin. -->","yoast_head_json":{"title":"Macron au Japon et en Cor\u00e9e du Sud fin mars 2026 : audience imp\u00e9riale et visite officielle","description":"Emmanuel et Brigitte Macron se rendent au Japon du 31 mars au 2 avril 2026, puis en Cor\u00e9e du Sud. Au programme : rencontre avec la PM Sanae Takaichi et audience avec l'empereur Naruhito et l'imp\u00e9ratrice Masako.","robots":{"index":"index","follow":"follow","max-snippet":"max-snippet:-1","max-image-preview":"max-image-preview:large","max-video-preview":"max-video-preview:-1"},"canonical":"https:\/\/www.sebastien-auziere.fr\/blog\/pt\/emmanuel-e-brigitte-macron-no-japao-e-na-coreia-do-sul-no-final-de-marco-de-2026-audiencia-imperial-com-naruhito-e-masako\/","og_locale":"fr_FR","og_type":"article","og_title":"Macron au Japon et en Cor\u00e9e du Sud fin mars 2026 : audience imp\u00e9riale et visite officielle","og_description":"Emmanuel et Brigitte Macron se rendent au Japon du 31 mars au 2 avril 2026, puis en Cor\u00e9e du Sud. Au programme : rencontre avec la PM Sanae Takaichi et audience avec l'empereur Naruhito et l'imp\u00e9ratrice Masako.","og_url":"https:\/\/www.sebastien-auziere.fr\/blog\/pt\/emmanuel-e-brigitte-macron-no-japao-e-na-coreia-do-sul-no-final-de-marco-de-2026-audiencia-imperial-com-naruhito-e-masako\/","og_site_name":"Fan site S\u00e9bastien Auzi\u00e8re","article_published_time":"2026-03-14T13:51:42+00:00","article_modified_time":"2026-03-14T13:52:33+00:00","og_image":[{"width":681,"height":392,"url":"https:\/\/www.sebastien-auziere.fr\/blog\/wp-content\/uploads\/2026\/03\/Capture-decran-2026-03-14-080321.jpg","type":"image\/jpeg"}],"author":"Celine","twitter_card":"summary_large_image","twitter_misc":{"\u00c9crit par":"Celine","Dur\u00e9e de lecture estim\u00e9e":"7 minutes"},"schema":{"@context":"https:\/\/schema.org","@graph":[{"@type":"Article","@id":"https:\/\/www.sebastien-auziere.fr\/blog\/pt\/emmanuel-e-brigitte-macron-no-japao-e-na-coreia-do-sul-no-final-de-marco-de-2026-audiencia-imperial-com-naruhito-e-masako\/#article","isPartOf":{"@id":"https:\/\/www.sebastien-auziere.fr\/blog\/pt\/emmanuel-e-brigitte-macron-no-japao-e-na-coreia-do-sul-no-final-de-marco-de-2026-audiencia-imperial-com-naruhito-e-masako\/"},"author":{"name":"Celine","@id":"https:\/\/www.sebastien-auziere.fr\/blog\/#\/schema\/person\/1e270a963009242469ed08b1c461f81f"},"headline":"Emmanuel e Brigitte Macron no Jap\u00e3o e na Coreia do Sul no final de mar\u00e7o de 2026: audi\u00eancia imperial com Naruhito e Masako","datePublished":"2026-03-14T13:51:42+00:00","dateModified":"2026-03-14T13:52:33+00:00","mainEntityOfPage":{"@id":"https:\/\/www.sebastien-auziere.fr\/blog\/pt\/emmanuel-e-brigitte-macron-no-japao-e-na-coreia-do-sul-no-final-de-marco-de-2026-audiencia-imperial-com-naruhito-e-masako\/"},"wordCount":1442,"commentCount":0,"publisher":{"@id":"https:\/\/www.sebastien-auziere.fr\/blog\/#organization"},"image":{"@id":"https:\/\/www.sebastien-auziere.fr\/blog\/pt\/emmanuel-e-brigitte-macron-no-japao-e-na-coreia-do-sul-no-final-de-marco-de-2026-audiencia-imperial-com-naruhito-e-masako\/#primaryimage"},"thumbnailUrl":"https:\/\/www.sebastien-auziere.fr\/blog\/wp-content\/uploads\/2026\/03\/Capture-decran-2026-03-14-080321.jpg","articleSection":["Actualidades"],"inLanguage":"fr-FR","potentialAction":[{"@type":"CommentAction","name":"Comment","target":["https:\/\/www.sebastien-auziere.fr\/blog\/pt\/emmanuel-e-brigitte-macron-no-japao-e-na-coreia-do-sul-no-final-de-marco-de-2026-audiencia-imperial-com-naruhito-e-masako\/#respond"]}]},{"@type":"WebPage","@id":"https:\/\/www.sebastien-auziere.fr\/blog\/pt\/emmanuel-e-brigitte-macron-no-japao-e-na-coreia-do-sul-no-final-de-marco-de-2026-audiencia-imperial-com-naruhito-e-masako\/","url":"https:\/\/www.sebastien-auziere.fr\/blog\/pt\/emmanuel-e-brigitte-macron-no-japao-e-na-coreia-do-sul-no-final-de-marco-de-2026-audiencia-imperial-com-naruhito-e-masako\/","name":"Macron au Japon et en Cor\u00e9e du Sud fin mars 2026 : audience imp\u00e9riale et visite officielle","isPartOf":{"@id":"https:\/\/www.sebastien-auziere.fr\/blog\/#website"},"primaryImageOfPage":{"@id":"https:\/\/www.sebastien-auziere.fr\/blog\/pt\/emmanuel-e-brigitte-macron-no-japao-e-na-coreia-do-sul-no-final-de-marco-de-2026-audiencia-imperial-com-naruhito-e-masako\/#primaryimage"},"image":{"@id":"https:\/\/www.sebastien-auziere.fr\/blog\/pt\/emmanuel-e-brigitte-macron-no-japao-e-na-coreia-do-sul-no-final-de-marco-de-2026-audiencia-imperial-com-naruhito-e-masako\/#primaryimage"},"thumbnailUrl":"https:\/\/www.sebastien-auziere.fr\/blog\/wp-content\/uploads\/2026\/03\/Capture-decran-2026-03-14-080321.jpg","datePublished":"2026-03-14T13:51:42+00:00","dateModified":"2026-03-14T13:52:33+00:00","description":"Emmanuel et Brigitte Macron se rendent au Japon du 31 mars au 2 avril 2026, puis en Cor\u00e9e du Sud. Au programme : rencontre avec la PM Sanae Takaichi et audience avec l'empereur Naruhito et l'imp\u00e9ratrice Masako.","breadcrumb":{"@id":"https:\/\/www.sebastien-auziere.fr\/blog\/pt\/emmanuel-e-brigitte-macron-no-japao-e-na-coreia-do-sul-no-final-de-marco-de-2026-audiencia-imperial-com-naruhito-e-masako\/#breadcrumb"},"inLanguage":"fr-FR","potentialAction":[{"@type":"ReadAction","target":["https:\/\/www.sebastien-auziere.fr\/blog\/pt\/emmanuel-e-brigitte-macron-no-japao-e-na-coreia-do-sul-no-final-de-marco-de-2026-audiencia-imperial-com-naruhito-e-masako\/"]}]},{"@type":"ImageObject","inLanguage":"fr-FR","@id":"https:\/\/www.sebastien-auziere.fr\/blog\/pt\/emmanuel-e-brigitte-macron-no-japao-e-na-coreia-do-sul-no-final-de-marco-de-2026-audiencia-imperial-com-naruhito-e-masako\/#primaryimage","url":"https:\/\/www.sebastien-auziere.fr\/blog\/wp-content\/uploads\/2026\/03\/Capture-decran-2026-03-14-080321.jpg","contentUrl":"https:\/\/www.sebastien-auziere.fr\/blog\/wp-content\/uploads\/2026\/03\/Capture-decran-2026-03-14-080321.jpg","width":681,"height":392,"caption":"Emmanuel et Brigitte Macron"},{"@type":"BreadcrumbList","@id":"https:\/\/www.sebastien-auziere.fr\/blog\/pt\/emmanuel-e-brigitte-macron-no-japao-e-na-coreia-do-sul-no-final-de-marco-de-2026-audiencia-imperial-com-naruhito-e-masako\/#breadcrumb","itemListElement":[{"@type":"ListItem","position":1,"name":"Home","item":"https:\/\/www.sebastien-auziere.fr\/blog\/"},{"@type":"ListItem","position":2,"name":"Emmanuel e Brigitte Macron no Jap\u00e3o e na Coreia do Sul no final de mar\u00e7o de 2026: audi\u00eancia imperial com Naruhito e Masako"}]},{"@type":"WebSite","@id":"https:\/\/www.sebastien-auziere.fr\/blog\/#website","url":"https:\/\/www.sebastien-auziere.fr\/blog\/","name":"Fan site S\u00e9bastien Auzi\u00e8re","description":"M\u00e9dia g\u00e9n\u00e9raliste","publisher":{"@id":"https:\/\/www.sebastien-auziere.fr\/blog\/#organization"},"potentialAction":[{"@type":"SearchAction","target":{"@type":"EntryPoint","urlTemplate":"https:\/\/www.sebastien-auziere.fr\/blog\/?s={search_term_string}"},"query-input":{"@type":"PropertyValueSpecification","valueRequired":true,"valueName":"search_term_string"}}],"inLanguage":"fr-FR"},{"@type":"Organization","@id":"https:\/\/www.sebastien-auziere.fr\/blog\/#organization","name":"Fan site S\u00e9bastien Auzi\u00e8re","url":"https:\/\/www.sebastien-auziere.fr\/blog\/","logo":{"@type":"ImageObject","inLanguage":"fr-FR","@id":"https:\/\/www.sebastien-auziere.fr\/blog\/#\/schema\/logo\/image\/","url":"https:\/\/www.sebastien-auziere.fr\/blog\/wp-content\/uploads\/2026\/03\/cropped-cropped-cropped-ChatGPT-Image-6-mars-2026-12_58_09-e1772798376794.jpg","contentUrl":"https:\/\/www.sebastien-auziere.fr\/blog\/wp-content\/uploads\/2026\/03\/cropped-cropped-cropped-ChatGPT-Image-6-mars-2026-12_58_09-e1772798376794.jpg","width":512,"height":360,"caption":"Fan site S\u00e9bastien Auzi\u00e8re"},"image":{"@id":"https:\/\/www.sebastien-auziere.fr\/blog\/#\/schema\/logo\/image\/"}},{"@type":"Person","@id":"https:\/\/www.sebastien-auziere.fr\/blog\/#\/schema\/person\/1e270a963009242469ed08b1c461f81f","name":"Celine","image":{"@type":"ImageObject","inLanguage":"fr-FR","@id":"https:\/\/secure.gravatar.com\/avatar\/c88d569fbe1fe19a13c7f21ee0f8973822df96073df21850b95af6a09ba820c9?s=96&d=mm&r=g","url":"https:\/\/secure.gravatar.com\/avatar\/c88d569fbe1fe19a13c7f21ee0f8973822df96073df21850b95af6a09ba820c9?s=96&d=mm&r=g","contentUrl":"https:\/\/secure.gravatar.com\/avatar\/c88d569fbe1fe19a13c7f21ee0f8973822df96073df21850b95af6a09ba820c9?s=96&d=mm&r=g","caption":"Celine"},"description":"Je m'appelle C\u00e9line, j'ai 31 ans et je suis journaliste sp\u00e9cialis\u00e9e dans le cin\u00e9ma. Passionn\u00e9e par le septi\u00e8me art, j'explore les actualit\u00e9s, les critiques et les tendances du monde cin\u00e9matographique. Mon objectif est de partager ma passion et d'informer les amateurs de films \u00e0 travers des articles percutants et des analyses approfondies.","url":"https:\/\/www.sebastien-auziere.fr\/blog\/author\/celine\/"}]}},"views":5,"_links":{"self":[{"href":"https:\/\/www.sebastien-auziere.fr\/blog\/wp-json\/wp\/v2\/posts\/2500","targetHints":{"allow":["GET"]}}],"collection":[{"href":"https:\/\/www.sebastien-auziere.fr\/blog\/wp-json\/wp\/v2\/posts"}],"about":[{"href":"https:\/\/www.sebastien-auziere.fr\/blog\/wp-json\/wp\/v2\/types\/post"}],"author":[{"embeddable":true,"href":"https:\/\/www.sebastien-auziere.fr\/blog\/wp-json\/wp\/v2\/users\/4"}],"replies":[{"embeddable":true,"href":"https:\/\/www.sebastien-auziere.fr\/blog\/wp-json\/wp\/v2\/comments?post=2500"}],"version-history":[{"count":1,"href":"https:\/\/www.sebastien-auziere.fr\/blog\/wp-json\/wp\/v2\/posts\/2500\/revisions"}],"predecessor-version":[{"id":2501,"href":"https:\/\/www.sebastien-auziere.fr\/blog\/wp-json\/wp\/v2\/posts\/2500\/revisions\/2501"}],"wp:featuredmedia":[{"embeddable":true,"href":"https:\/\/www.sebastien-auziere.fr\/blog\/wp-json\/wp\/v2\/media\/2487"}],"wp:attachment":[{"href":"https:\/\/www.sebastien-auziere.fr\/blog\/wp-json\/wp\/v2\/media?parent=2500"}],"wp:term":[{"taxonomy":"category","embeddable":true,"href":"https:\/\/www.sebastien-auziere.fr\/blog\/wp-json\/wp\/v2\/categories?post=2500"},{"taxonomy":"post_tag","embeddable":true,"href":"https:\/\/www.sebastien-auziere.fr\/blog\/wp-json\/wp\/v2\/tags?post=2500"}],"curies":[{"name":"wp","href":"https:\/\/api.w.org\/{rel}","templated":true}]}}