{"id":2498,"date":"2026-03-14T13:48:32","date_gmt":"2026-03-14T13:48:32","guid":{"rendered":"https:\/\/www.sebastien-auziere.fr\/blog\/?p=2498"},"modified":"2026-03-14T13:49:38","modified_gmt":"2026-03-14T13:49:38","slug":"emmanuel-e-brigitte-macron-in-giappone-e-corea-del-sud-alla-fine-di-marzo-2026-udienza-imperiale-con-naruhito-e-masako","status":"publish","type":"post","link":"https:\/\/www.sebastien-auziere.fr\/blog\/it\/emmanuel-e-brigitte-macron-in-giappone-e-corea-del-sud-alla-fine-di-marzo-2026-udienza-imperiale-con-naruhito-e-masako\/","title":{"rendered":"Emmanuel e Brigitte Macron in Giappone e Corea del Sud alla fine di marzo 2026: udienza imperiale con Naruhito e Masako"},"content":{"rendered":"<p><title>Macron in Giappone e Corea del Sud fine marzo 2026: udienza imperiale e visita ufficiale<\/title><\/p>\n<p>  body { font-size: 16px; line-height: 1.7; }<br \/>\n  h2 { font-size: 1.4em; color: #1a2e4a; border-left: 4px solid #1a2e4a; padding-left: 10px; margin-top: 40px; }<br \/>\n  h3 { font-size: 1.15em; color: #333; margin-top: 24px; }<br \/>\n  .intro-box { background: #eef2f7; border-left: 5px solid #1a2e4a; padding: 16px 20px; border-radius: 4px; margin: 0 0 30px; }<br \/>\n  .intro-box p { margin: 0; }<br \/>\n  .info-box { background: #e8f4fd; border-left: 5px solid #1976d2; padding: 14px 18px; border-radius: 4px; margin: 20px 0; }<br \/>\n  blockquote { border-left: 4px solid #1a2e4a; margin: 24px 0; padding: 12px 20px; background: #f5f7fa; font-style: italic; color: #444; }<br \/>\n  table { width: 100%; border-collapse: collapse; margin: 16px 0; }<br \/>\n  th { background: #1a2e4a; color: #fff; padding: 10px 12px; text-align: left; }<br \/>\n  td { padding: 9px 12px; border-bottom: 1px solid #ddd; }<br \/>\n  tr:nth-child(even) td { background: #f5f7fa; }<br \/>\n  ul li, ol li { margin-bottom: 6px; }<br \/>\n  a { color: #1a2e4a; }<br \/>\n  .faq dt { font-weight: bold; margin-top: 18px; color: #1a2e4a; }<br \/>\n  .faq dd { margin: 6px 0 12px 0; }<\/p>\n<div class=\"intro-box\">\n<p><strong>In breve :<\/strong> Emmanuel e Brigitte Macron effettueranno una visita ufficiale in <strong>Giappone dal 31 marzo al 2 aprile 2026<\/strong>, poi in <strong>Corea del Sud il 2 e 3 aprile<\/strong>. In Giappone, il presidente francese incontrer\u00e0 la prima ministra Sanae Takaichi e sar\u00e0 ricevuto in udienza da <strong>l&rsquo;imperatore Naruhito e l&rsquo;imperatrice Masako<\/strong>. Un viaggio annunciato contemporaneamente da Tokyo e Seul venerd\u00ec 13 marzo 2026.<\/p>\n<\/div>\n<p>A quasi 10.000 chilometri da Parigi, Emmanuel e Brigitte Macron si apprestano a vivere una nuova sequenza diplomatica di rilievo. Questo tour asiatico di fine marzo \u2014 la prima visita di Stato francese in Giappone da diversi anni \u2014 combina questioni geopolitiche, cooperazione bilaterale e protocollo imperiale. Ritorno su questo viaggio molto atteso.<\/p>\n<blockquote><p>L&rsquo;ultima udienza concessa dalla coppia imperiale giapponese alla coppia presidenziale francese risale a giugno 2019, a Tokyo, in occasione del G20 di Osaka.<\/p><\/blockquote>\n<h2>Un programma in due fasi: Giappone poi Corea del Sud<\/h2>\n<p>Il tour asiatico di Emmanuel Macron si svolge in due fasi distinte, annunciate contemporaneamente dalle capitali interessate il 13 marzo 2026.<\/p>\n<div style=\"overflow:auto;max-width:100%\">\n<table>\n<thead>\n<tr>\n<th>Date<\/th>\n<th>Paese<\/th>\n<th>Principali appuntamenti<\/th>\n<\/tr>\n<\/thead>\n<tbody>\n<tr>\n<td>31 marzo \u2013 2 aprile 2026<\/td>\n<td>\ud83c\uddef\ud83c\uddf5 Giappone<\/td>\n<td>Incontro con la PM Sanae Takaichi, udienza imperiale con Naruhito e Masako, cena di lavoro<\/td>\n<\/tr>\n<tr>\n<td>2 \u2013 3 aprile 2026<\/td>\n<td>\ud83c\uddf0\ud83c\uddf7 Corea del Sud<\/td>\n<td>Incontri con i partner istituzionali sudcoreani<\/td>\n<\/tr>\n<\/tbody>\n<\/table>\n<\/div>\n<h2>In Giappone: Sanae Takaichi e una cena di lavoro<\/h2>\n<p>A Tokyo, Emmanuel Macron \u00e8 atteso dalla prima ministra giapponese <strong>Sanae Takaichi<\/strong>. Secondo il portavoce del governo nipponico, Minoru Kihara, i due leader si collocheranno prima di una cena di lavoro. L&rsquo;obiettivo dichiarato: \u00ab approfondire ulteriormente i legami di amicizia e cooperazione tra i due paesi \u00bb.<\/p>\n<p>Questo incontro si inserisce in un contesto geopolitico carico, dove i partenariati indo-pacifici stanno assumendo un&rsquo;importanza crescente per la Francia, potenza marittima presente nella regione attraverso i suoi territori d&rsquo;oltremare.<\/p>\n<h2>L&rsquo;udienza imperiale: Naruhito e Masako ricevono i Macron<\/h2>\n<p>Il momento principale protocollo di questo soggiorno giapponese sar\u00e0 <strong>l&rsquo;udienza concessa dall&rsquo;imperatore Naruhito e dall&rsquo;imperatrice Masako<\/strong> alla coppia presidenziale francese. Queste udienze imperiali \u2014 rare e altamente codificate \u2014 costituiscono tradizionalmente uno dei momenti pi\u00f9 simbolici di una visita di Stato in Giappone. Esse significano l&rsquo;importanza attribuita da Tokyo alle sue relazioni con il paese ospite.<\/p>\n<div class=\"info-box\">\n  <strong>\ud83c\udfef Riepilogo storico:<\/strong> Nel giugno 2019, Emmanuel e Brigitte Macron erano gi\u00e0 stati ricevuti al Palazzo Imperiale di Tokyo da Naruhito e Masako, in occasione di un pranzo seguito da un colloquio tra i due capi di Stato, in occasione del G20 di Osaka. Questa nuova udienza, sette anni dopo, riafferma la solidit\u00e0 dei legami franco-giapponesi.\n<\/div>\n<p>Naruhito \u00e8 salito al Trono il 1\u00ba maggio 2019, succedendo a suo padre Akihito. Sua moglie Masako, ex diplomatica di formazione, \u00e8 particolarmente apprezzata nei circoli internazionali per la sua padronanza delle lingue e la sua sensibilit\u00e0 ai problemi globali.<\/p>\n<h2>Brigitte Macron in Giappone: un viaggio temuto<\/h2>\n<p>Questo viaggio rappresenta anche una sfida personale per la Prima donna. Brigitte Macron soffre infatti di <strong>aerofobia<\/strong> \u2014 una paura intensa dell&rsquo;aereo. Un volo Parigi-Tokyo supera le 11 ore, rendendolo uno dei viaggi pi\u00f9 estenuanti per lei. Secondo il giornalista Fran\u00e7ois-Xavier Bourmaud nel suo libro <em>Le coulisses d&rsquo;une victoire<\/em>, un consigliere descriveva cos\u00ec la situazione :<\/p>\n<blockquote><p>\u00ab Lei lo segue in quasi tutti i suoi spostamenti di campagna. Non \u00e8 che all&rsquo;estero non appaia mai. Viaggiare accanto a lei in aereo \u00e8 la garanzia di arrivare con la mano fratturata. \u00bb<\/p><\/blockquote>\n<p>Nonostante questa apprensione, Brigitte Macron accompagna regolarmente il presidente durante le visite di Stato pi\u00f9 simboliche, come \u00e8 avvenuto nel 2019 in Giappone.<\/p>\n<h2>Perch\u00e9 questo viaggio \u00e8 strategico per la Francia<\/h2>\n<p>Oltre al protocollo, questo tour asiatico risponde a diversi obiettivi geopolitici ed economici :<\/p>\n<ul>\n<li><strong>Rafforzare il partenariato franco-giapponese<\/strong> nei settori della difesa, dell&rsquo;energia nucleare civile e delle tecnologie avanzate.<\/li>\n<li><strong>Consolidare la presenza francese nell&rsquo;Indo-Pacifica<\/strong>, zona di crescenti tensioni tra grandi potenze.<\/li>\n<li><strong>Diversificare le alleanze europee<\/strong> di fronte alle incertezze geopolitiche mondiali del 2026.<\/li>\n<li><strong>Rafforzare i legami con Seul<\/strong>, partner strategico sempre pi\u00f9 attivo sulla scena internazionale.<\/li>\n<\/ul>\n<h2>FAQ \u2014 Visita di Macron in Giappone e Corea del Sud 2026<\/h2>\n<dl class=\"faq\">\n<dt>Quando si reca Emmanuel Macron in Giappone?<\/dt>\n<dd>Dal 31 marzo al 2 aprile 2026. Poi si recher\u00e0 in Corea del Sud il 2 e 3 aprile 2026.<\/dd>\n<dt>Chi sono le personalit\u00e0 incontrate in Giappone?<\/dt>\n<dd>La prima ministra Sanae Takaichi per un colloquio e una cena di lavoro, e l&rsquo;imperatore Naruhito e l&rsquo;imperatrice Masako per un&rsquo;udienza ufficiale.<\/dd>\n<dt>Brigitte Macron accompagna suo marito in Giappone?<\/dt>\n<dd>S\u00ec. Nonostante la sua aerofobia (paura dell&rsquo;aereo), Brigitte Macron \u00e8 annunciata nel viaggio, come aveva fatto in occasione della precedente visita in Giappone nel 2019.<\/dd>\n<dt>Qual \u00e8 stata l&rsquo;ultima visita ufficiale di Macron in Giappone?<\/dt>\n<dd>Giugno 2019, in occasione del G20 di Osaka. In quel caso, la coppia presidenziale era stata ricevuta in udienza dall&rsquo;imperatore Naruhito e dall&rsquo;imperatrice Masako al Palazzo Imperiale di Tokyo.<\/dd>\n<dt>Chi \u00e8 Sanae Takaichi?<\/dt>\n<dd>Sanae Takaichi \u00e8 la prima ministra del Giappone. Politica del Partito Liberal-Democratico (PLD), \u00e8 la prima donna a ricoprire questo incarico nella storia del Giappone.<\/dd>\n<dt>Perch\u00e9 questo viaggio \u00e8 importante diplomaticamente?<\/dt>\n<dd>Serve a rafforzare il partenariato strategico franco-giapponese nei settori della difesa, dell&rsquo;energia e delle tecnologie, nonch\u00e9 la presenza francese nell&rsquo;Indo-Pacifica.<\/dd>\n<\/dl>\n<p>{<br \/>\n  \u00ab\u00a0@context\u00a0\u00bb: \u00ab\u00a0https:\/\/schema.org\u00a0\u00bb,<br \/>\n  \u00ab\u00a0@type\u00a0\u00bb: \u00ab\u00a0Article\u00a0\u00bb,<br \/>\n  \u00ab\u00a0headline\u00a0\u00bb: \u00ab\u00a0Macron in Giappone e Corea del Sud fine marzo 2026: udienza imperiale e visita ufficiale\u00a0\u00bb,<br \/>\n  \u00ab\u00a0description\u00a0\u00bb: \u00ab\u00a0Emmanuel e Brigitte Macron si recano in Giappone dal 31 marzo al 2 aprile 2026, poi in Corea del Sud. Udienza con l&rsquo;imperatore Naruhito e l&rsquo;imperatrice Masako, incontro con Sanae Takaichi.\u00a0\u00bb,<br \/>\n  \u00ab\u00a0inLanguage\u00a0\u00bb: \u00ab\u00a0it\u00a0\u00bb,<br \/>\n  \u00ab\u00a0datePublished\u00a0\u00bb: \u00ab\u00a02026-03-13\u00a0\u00bb,<br \/>\n  \u00ab\u00a0dateModified\u00a0\u00bb: \u00ab\u00a02026-03-13\u00a0\u00bb,<br \/>\n  \u00ab\u00a0about\u00a0\u00bb: [<br \/>\n    { \u00ab\u00a0@type\u00a0\u00bb: \u00ab\u00a0Person\u00a0\u00bb, \u00ab\u00a0name\u00a0\u00bb: \u00ab\u00a0Emmanuel Macron\u00a0\u00bb },<br \/>\n    { \u00ab\u00a0@type\u00a0\u00bb: \u00ab\u00a0Person\u00a0\u00bb, \u00ab\u00a0name\u00a0\u00bb: \u00ab\u00a0Brigitte Macron\u00a0\u00bb },<br \/>\n    { \u00ab\u00a0@type\u00a0\u00bb: \u00ab\u00a0Person\u00a0\u00bb, \u00ab\u00a0name\u00a0\u00bb: \u00ab\u00a0Naruhito del Giappone\u00a0\u00bb },<br \/>\n    { \u00ab\u00a0@type\u00a0\u00bb: \u00ab\u00a0Person\u00a0\u00bb, \u00ab\u00a0name\u00a0\u00bb: \u00ab\u00a0Masako del Giappone\u00a0\u00bb },<br \/>\n    { \u00ab\u00a0@type\u00a0\u00bb: \u00ab\u00a0Person\u00a0\u00bb, \u00ab\u00a0name\u00a0\u00bb: \u00ab\u00a0Sanae Takaichi\u00a0\u00bb }<br \/>\n  ]<br \/>\n}<\/p>\n<p>{<br \/>\n  \u00ab\u00a0@context\u00a0\u00bb: \u00ab\u00a0https:\/\/schema.org\u00a0\u00bb,<br \/>\n  \u00ab\u00a0@type\u00a0\u00bb: \u00ab\u00a0FAQPage\u00a0\u00bb,<br \/>\n  \u00ab\u00a0mainEntity\u00a0\u00bb: [<br \/>\n    {<br \/>\n      \u00ab\u00a0@type\u00a0\u00bb: \u00ab\u00a0Question\u00a0\u00bb,<br \/>\n      \u00ab\u00a0name\u00a0\u00bb: \u00ab\u00a0Quando si reca Emmanuel Macron in Giappone?\u00a0\u00bb,<br \/>\n      \u00ab\u00a0acceptedAnswer\u00a0\u00bb: { \u00ab\u00a0@type\u00a0\u00bb: \u00ab\u00a0Answer\u00a0\u00bb, \u00ab\u00a0text\u00a0\u00bb: \u00ab\u00a0Dal 31 marzo al 2 aprile 2026, poi in Corea del Sud il 2 e 3 aprile 2026.\u00a0\u00bb }<br \/>\n    },<br \/>\n    {<br \/>\n      \u00ab\u00a0@type\u00a0\u00bb: \u00ab\u00a0Question\u00a0\u00bb,<br \/>\n      \u00ab\u00a0name\u00a0\u00bb: \u00ab\u00a0Chi sono le personalit\u00e0 incontrate in Giappone?\u00a0\u00bb,<br \/>\n      \u00ab\u00a0acceptedAnswer\u00a0\u00bb: { \u00ab\u00a0@type\u00a0\u00bb: \u00ab\u00a0Answer\u00a0\u00bb, \u00ab\u00a0text\u00a0\u00bb: \u00ab\u00a0La prima ministra Sanae Takaichi e l&rsquo;imperatore Naruhito con l&rsquo;imperatrice Masako per un&rsquo;udienza ufficiale.\u00a0\u00bb }<br \/>\n    },<br \/>\n    {<br \/>\n      \u00ab\u00a0@type\u00a0\u00bb: \u00ab\u00a0Question\u00a0\u00bb,<br \/>\n      \u00ab\u00a0name\u00a0\u00bb: \u00ab\u00a0Brigitte Macron accompagna suo marito in Giappone?\u00a0\u00bb,<br \/>\n      \u00ab\u00a0acceptedAnswer\u00a0\u00bb: { \u00ab\u00a0@type\u00a0\u00bb: \u00ab\u00a0Answer\u00a0\u00bb, \u00ab\u00a0text\u00a0\u00bb: \u00ab\u00a0S\u00ec, nonostante la sua aerofobia, Brigitte Macron \u00e8 annunciata nel viaggio.\u00a0\u00bb }<br \/>\n    },<br \/>\n    {<br \/>\n      \u00ab\u00a0@type\u00a0\u00bb: \u00ab\u00a0Question\u00a0\u00bb,<br \/>\n      \u00ab\u00a0name\u00a0\u00bb: \u00ab\u00a0Qual \u00e8 stata l&rsquo;ultima visita ufficiale di Macron in Giappone?\u00a0\u00bb,<br \/>\n      \u00ab\u00a0acceptedAnswer\u00a0\u00bb: { \u00ab\u00a0@type\u00a0\u00bb: \u00ab\u00a0Answer\u00a0\u00bb, \u00ab\u00a0text\u00a0\u00bb: \u00ab\u00a0Giugno 2019, in occasione del G20 di Osaka, con udienza al Palazzo Imperiale di Tokyo.\u00a0\u00bb }<br \/>\n    },<br \/>\n    {<br \/>\n      \u00ab\u00a0@type\u00a0\u00bb: \u00ab\u00a0Question\u00a0\u00bb,<br \/>\n      \u00ab\u00a0name\u00a0\u00bb: \u00ab\u00a0Chi \u00e8 Sanae Takaichi?\u00a0\u00bb,<br \/>\n      \u00ab\u00a0acceptedAnswer\u00a0\u00bb: { \u00ab\u00a0@type\u00a0\u00bb: \u00ab\u00a0Answer\u00a0\u00bb, \u00ab\u00a0text\u00a0\u00bb: \u00ab\u00a0Sanae Takaichi \u00e8 la prima ministra del Giappone, la prima donna a ricoprire questo incarico.\u00a0\u00bb }<br \/>\n    },<br \/>\n    {<br \/>\n      \u00ab\u00a0@type\u00a0\u00bb: \u00ab\u00a0Question\u00a0\u00bb,<br \/>\n      \u00ab\u00a0name\u00a0\u00bb: \u00ab\u00a0Perch\u00e9 questo viaggio \u00e8 importante diplomaticamente?\u00a0\u00bb,<br \/>\n      \u00ab\u00a0acceptedAnswer\u00a0\u00bb: { \u00ab\u00a0@type\u00a0\u00bb: \u00ab\u00a0Answer\u00a0\u00bb, \u00ab\u00a0text\u00a0\u00bb: \u00ab\u00a0Serve a rafforzare il partenariato strategico franco-giapponese nella difesa, nell&rsquo;energia e nelle tecnologie, e la presenza francese nell&rsquo;Indo-Pacifica.\u00a0\u00bb }<br \/>\n    }<br \/>\n  ]<br \/>\n}<\/p>\n","protected":false},"excerpt":{"rendered":"<p>Macron in Giappone e Corea del Sud fine marzo 2026: udienza imperiale e visita ufficiale body { font-size: 16px; line-height: 1.7; } h2 { font-size: 1.4em; color: #1a2e4a; border-left: 4px solid #1a2e4a; padding-left: 10px; margin-top: 40px; } h3 { font-size: 1.15em; color: #333; margin-top: 24px; } .intro-box { background: #eef2f7; border-left: 5px solid #1a2e4a; padding: &#8230; <a title=\"Emmanuel e Brigitte Macron in Giappone e Corea del Sud alla fine di marzo 2026: udienza imperiale con Naruhito e Masako\" class=\"read-more\" href=\"https:\/\/www.sebastien-auziere.fr\/blog\/it\/emmanuel-e-brigitte-macron-in-giappone-e-corea-del-sud-alla-fine-di-marzo-2026-udienza-imperiale-con-naruhito-e-masako\/\" aria-label=\"En savoir plus sur Emmanuel e Brigitte Macron in Giappone e Corea del Sud alla fine di marzo 2026: udienza imperiale con Naruhito e Masako\">Lire plus<\/a><\/p>\n","protected":false},"author":4,"featured_media":2487,"comment_status":"open","ping_status":"open","sticky":false,"template":"","format":"standard","meta":{"footnotes":""},"categories":[859],"tags":[],"class_list":["post-2498","post","type-post","status-publish","format-standard","has-post-thumbnail","hentry","category-actualita-it"],"yoast_head":"<!-- This site is optimized with the Yoast SEO plugin v27.5 - https:\/\/yoast.com\/product\/yoast-seo-wordpress\/ -->\n<title>Macron au Japon et en Cor\u00e9e du Sud fin mars 2026 : audience imp\u00e9riale et visite officielle<\/title>\n<meta name=\"description\" content=\"Emmanuel et Brigitte Macron se rendent au Japon du 31 mars au 2 avril 2026, puis en Cor\u00e9e du Sud. Au programme : rencontre avec la PM Sanae Takaichi et audience avec l&#039;empereur Naruhito et l&#039;imp\u00e9ratrice Masako.\" \/>\n<meta name=\"robots\" content=\"index, follow, max-snippet:-1, max-image-preview:large, max-video-preview:-1\" \/>\n<link rel=\"canonical\" href=\"https:\/\/www.sebastien-auziere.fr\/blog\/it\/emmanuel-e-brigitte-macron-in-giappone-e-corea-del-sud-alla-fine-di-marzo-2026-udienza-imperiale-con-naruhito-e-masako\/\" \/>\n<meta property=\"og:locale\" content=\"fr_FR\" \/>\n<meta property=\"og:type\" content=\"article\" \/>\n<meta property=\"og:title\" content=\"Macron au Japon et en Cor\u00e9e du Sud fin mars 2026 : audience imp\u00e9riale et visite officielle\" \/>\n<meta property=\"og:description\" content=\"Emmanuel et Brigitte Macron se rendent au Japon du 31 mars au 2 avril 2026, puis en Cor\u00e9e du Sud. Au programme : rencontre avec la PM Sanae Takaichi et audience avec l&#039;empereur Naruhito et l&#039;imp\u00e9ratrice Masako.\" \/>\n<meta property=\"og:url\" content=\"https:\/\/www.sebastien-auziere.fr\/blog\/it\/emmanuel-e-brigitte-macron-in-giappone-e-corea-del-sud-alla-fine-di-marzo-2026-udienza-imperiale-con-naruhito-e-masako\/\" \/>\n<meta property=\"og:site_name\" content=\"Fan site S\u00e9bastien Auzi\u00e8re\" \/>\n<meta property=\"article:published_time\" content=\"2026-03-14T13:48:32+00:00\" \/>\n<meta property=\"article:modified_time\" content=\"2026-03-14T13:49:38+00:00\" \/>\n<meta property=\"og:image\" content=\"https:\/\/www.sebastien-auziere.fr\/blog\/wp-content\/uploads\/2026\/03\/Capture-decran-2026-03-14-080321.jpg\" \/>\n\t<meta property=\"og:image:width\" content=\"681\" \/>\n\t<meta property=\"og:image:height\" content=\"392\" \/>\n\t<meta property=\"og:image:type\" content=\"image\/jpeg\" \/>\n<meta name=\"author\" content=\"Celine\" \/>\n<meta name=\"twitter:card\" content=\"summary_large_image\" \/>\n<meta name=\"twitter:label1\" content=\"\u00c9crit par\" \/>\n\t<meta name=\"twitter:data1\" content=\"Celine\" \/>\n\t<meta name=\"twitter:label2\" content=\"Dur\u00e9e de lecture estim\u00e9e\" \/>\n\t<meta name=\"twitter:data2\" content=\"6 minutes\" \/>\n<script type=\"application\/ld+json\" class=\"yoast-schema-graph\">{\"@context\":\"https:\\\/\\\/schema.org\",\"@graph\":[{\"@type\":\"Article\",\"@id\":\"https:\\\/\\\/www.sebastien-auziere.fr\\\/blog\\\/it\\\/emmanuel-e-brigitte-macron-in-giappone-e-corea-del-sud-alla-fine-di-marzo-2026-udienza-imperiale-con-naruhito-e-masako\\\/#article\",\"isPartOf\":{\"@id\":\"https:\\\/\\\/www.sebastien-auziere.fr\\\/blog\\\/it\\\/emmanuel-e-brigitte-macron-in-giappone-e-corea-del-sud-alla-fine-di-marzo-2026-udienza-imperiale-con-naruhito-e-masako\\\/\"},\"author\":{\"name\":\"Celine\",\"@id\":\"https:\\\/\\\/www.sebastien-auziere.fr\\\/blog\\\/#\\\/schema\\\/person\\\/1e270a963009242469ed08b1c461f81f\"},\"headline\":\"Emmanuel e Brigitte Macron in Giappone e Corea del Sud alla fine di marzo 2026: udienza imperiale con Naruhito e Masako\",\"datePublished\":\"2026-03-14T13:48:32+00:00\",\"dateModified\":\"2026-03-14T13:49:38+00:00\",\"mainEntityOfPage\":{\"@id\":\"https:\\\/\\\/www.sebastien-auziere.fr\\\/blog\\\/it\\\/emmanuel-e-brigitte-macron-in-giappone-e-corea-del-sud-alla-fine-di-marzo-2026-udienza-imperiale-con-naruhito-e-masako\\\/\"},\"wordCount\":1217,\"commentCount\":0,\"publisher\":{\"@id\":\"https:\\\/\\\/www.sebastien-auziere.fr\\\/blog\\\/#organization\"},\"image\":{\"@id\":\"https:\\\/\\\/www.sebastien-auziere.fr\\\/blog\\\/it\\\/emmanuel-e-brigitte-macron-in-giappone-e-corea-del-sud-alla-fine-di-marzo-2026-udienza-imperiale-con-naruhito-e-masako\\\/#primaryimage\"},\"thumbnailUrl\":\"https:\\\/\\\/www.sebastien-auziere.fr\\\/blog\\\/wp-content\\\/uploads\\\/2026\\\/03\\\/Capture-decran-2026-03-14-080321.jpg\",\"articleSection\":[\"Actualit\u00e0\"],\"inLanguage\":\"fr-FR\",\"potentialAction\":[{\"@type\":\"CommentAction\",\"name\":\"Comment\",\"target\":[\"https:\\\/\\\/www.sebastien-auziere.fr\\\/blog\\\/it\\\/emmanuel-e-brigitte-macron-in-giappone-e-corea-del-sud-alla-fine-di-marzo-2026-udienza-imperiale-con-naruhito-e-masako\\\/#respond\"]}]},{\"@type\":\"WebPage\",\"@id\":\"https:\\\/\\\/www.sebastien-auziere.fr\\\/blog\\\/it\\\/emmanuel-e-brigitte-macron-in-giappone-e-corea-del-sud-alla-fine-di-marzo-2026-udienza-imperiale-con-naruhito-e-masako\\\/\",\"url\":\"https:\\\/\\\/www.sebastien-auziere.fr\\\/blog\\\/it\\\/emmanuel-e-brigitte-macron-in-giappone-e-corea-del-sud-alla-fine-di-marzo-2026-udienza-imperiale-con-naruhito-e-masako\\\/\",\"name\":\"Macron au Japon et en Cor\u00e9e du Sud fin mars 2026 : audience imp\u00e9riale et visite officielle\",\"isPartOf\":{\"@id\":\"https:\\\/\\\/www.sebastien-auziere.fr\\\/blog\\\/#website\"},\"primaryImageOfPage\":{\"@id\":\"https:\\\/\\\/www.sebastien-auziere.fr\\\/blog\\\/it\\\/emmanuel-e-brigitte-macron-in-giappone-e-corea-del-sud-alla-fine-di-marzo-2026-udienza-imperiale-con-naruhito-e-masako\\\/#primaryimage\"},\"image\":{\"@id\":\"https:\\\/\\\/www.sebastien-auziere.fr\\\/blog\\\/it\\\/emmanuel-e-brigitte-macron-in-giappone-e-corea-del-sud-alla-fine-di-marzo-2026-udienza-imperiale-con-naruhito-e-masako\\\/#primaryimage\"},\"thumbnailUrl\":\"https:\\\/\\\/www.sebastien-auziere.fr\\\/blog\\\/wp-content\\\/uploads\\\/2026\\\/03\\\/Capture-decran-2026-03-14-080321.jpg\",\"datePublished\":\"2026-03-14T13:48:32+00:00\",\"dateModified\":\"2026-03-14T13:49:38+00:00\",\"description\":\"Emmanuel et Brigitte Macron se rendent au Japon du 31 mars au 2 avril 2026, puis en Cor\u00e9e du Sud. Au programme : rencontre avec la PM Sanae Takaichi et audience avec l'empereur Naruhito et l'imp\u00e9ratrice Masako.\",\"breadcrumb\":{\"@id\":\"https:\\\/\\\/www.sebastien-auziere.fr\\\/blog\\\/it\\\/emmanuel-e-brigitte-macron-in-giappone-e-corea-del-sud-alla-fine-di-marzo-2026-udienza-imperiale-con-naruhito-e-masako\\\/#breadcrumb\"},\"inLanguage\":\"fr-FR\",\"potentialAction\":[{\"@type\":\"ReadAction\",\"target\":[\"https:\\\/\\\/www.sebastien-auziere.fr\\\/blog\\\/it\\\/emmanuel-e-brigitte-macron-in-giappone-e-corea-del-sud-alla-fine-di-marzo-2026-udienza-imperiale-con-naruhito-e-masako\\\/\"]}]},{\"@type\":\"ImageObject\",\"inLanguage\":\"fr-FR\",\"@id\":\"https:\\\/\\\/www.sebastien-auziere.fr\\\/blog\\\/it\\\/emmanuel-e-brigitte-macron-in-giappone-e-corea-del-sud-alla-fine-di-marzo-2026-udienza-imperiale-con-naruhito-e-masako\\\/#primaryimage\",\"url\":\"https:\\\/\\\/www.sebastien-auziere.fr\\\/blog\\\/wp-content\\\/uploads\\\/2026\\\/03\\\/Capture-decran-2026-03-14-080321.jpg\",\"contentUrl\":\"https:\\\/\\\/www.sebastien-auziere.fr\\\/blog\\\/wp-content\\\/uploads\\\/2026\\\/03\\\/Capture-decran-2026-03-14-080321.jpg\",\"width\":681,\"height\":392,\"caption\":\"Emmanuel et Brigitte Macron\"},{\"@type\":\"BreadcrumbList\",\"@id\":\"https:\\\/\\\/www.sebastien-auziere.fr\\\/blog\\\/it\\\/emmanuel-e-brigitte-macron-in-giappone-e-corea-del-sud-alla-fine-di-marzo-2026-udienza-imperiale-con-naruhito-e-masako\\\/#breadcrumb\",\"itemListElement\":[{\"@type\":\"ListItem\",\"position\":1,\"name\":\"Home\",\"item\":\"https:\\\/\\\/www.sebastien-auziere.fr\\\/blog\\\/\"},{\"@type\":\"ListItem\",\"position\":2,\"name\":\"Emmanuel e Brigitte Macron in Giappone e Corea del Sud alla fine di marzo 2026: udienza imperiale con Naruhito e Masako\"}]},{\"@type\":\"WebSite\",\"@id\":\"https:\\\/\\\/www.sebastien-auziere.fr\\\/blog\\\/#website\",\"url\":\"https:\\\/\\\/www.sebastien-auziere.fr\\\/blog\\\/\",\"name\":\"Fan site S\u00e9bastien Auzi\u00e8re\",\"description\":\"M\u00e9dia g\u00e9n\u00e9raliste\",\"publisher\":{\"@id\":\"https:\\\/\\\/www.sebastien-auziere.fr\\\/blog\\\/#organization\"},\"potentialAction\":[{\"@type\":\"SearchAction\",\"target\":{\"@type\":\"EntryPoint\",\"urlTemplate\":\"https:\\\/\\\/www.sebastien-auziere.fr\\\/blog\\\/?s={search_term_string}\"},\"query-input\":{\"@type\":\"PropertyValueSpecification\",\"valueRequired\":true,\"valueName\":\"search_term_string\"}}],\"inLanguage\":\"fr-FR\"},{\"@type\":\"Organization\",\"@id\":\"https:\\\/\\\/www.sebastien-auziere.fr\\\/blog\\\/#organization\",\"name\":\"Fan site S\u00e9bastien Auzi\u00e8re\",\"url\":\"https:\\\/\\\/www.sebastien-auziere.fr\\\/blog\\\/\",\"logo\":{\"@type\":\"ImageObject\",\"inLanguage\":\"fr-FR\",\"@id\":\"https:\\\/\\\/www.sebastien-auziere.fr\\\/blog\\\/#\\\/schema\\\/logo\\\/image\\\/\",\"url\":\"https:\\\/\\\/www.sebastien-auziere.fr\\\/blog\\\/wp-content\\\/uploads\\\/2026\\\/03\\\/cropped-cropped-cropped-ChatGPT-Image-6-mars-2026-12_58_09-e1772798376794.jpg\",\"contentUrl\":\"https:\\\/\\\/www.sebastien-auziere.fr\\\/blog\\\/wp-content\\\/uploads\\\/2026\\\/03\\\/cropped-cropped-cropped-ChatGPT-Image-6-mars-2026-12_58_09-e1772798376794.jpg\",\"width\":512,\"height\":360,\"caption\":\"Fan site S\u00e9bastien Auzi\u00e8re\"},\"image\":{\"@id\":\"https:\\\/\\\/www.sebastien-auziere.fr\\\/blog\\\/#\\\/schema\\\/logo\\\/image\\\/\"}},{\"@type\":\"Person\",\"@id\":\"https:\\\/\\\/www.sebastien-auziere.fr\\\/blog\\\/#\\\/schema\\\/person\\\/1e270a963009242469ed08b1c461f81f\",\"name\":\"Celine\",\"image\":{\"@type\":\"ImageObject\",\"inLanguage\":\"fr-FR\",\"@id\":\"https:\\\/\\\/secure.gravatar.com\\\/avatar\\\/c88d569fbe1fe19a13c7f21ee0f8973822df96073df21850b95af6a09ba820c9?s=96&d=mm&r=g\",\"url\":\"https:\\\/\\\/secure.gravatar.com\\\/avatar\\\/c88d569fbe1fe19a13c7f21ee0f8973822df96073df21850b95af6a09ba820c9?s=96&d=mm&r=g\",\"contentUrl\":\"https:\\\/\\\/secure.gravatar.com\\\/avatar\\\/c88d569fbe1fe19a13c7f21ee0f8973822df96073df21850b95af6a09ba820c9?s=96&d=mm&r=g\",\"caption\":\"Celine\"},\"description\":\"Je m'appelle C\u00e9line, j'ai 31 ans et je suis journaliste sp\u00e9cialis\u00e9e dans le cin\u00e9ma. Passionn\u00e9e par le septi\u00e8me art, j'explore les actualit\u00e9s, les critiques et les tendances du monde cin\u00e9matographique. Mon objectif est de partager ma passion et d'informer les amateurs de films \u00e0 travers des articles percutants et des analyses approfondies.\",\"url\":\"https:\\\/\\\/www.sebastien-auziere.fr\\\/blog\\\/author\\\/celine\\\/\"}]}<\/script>\n<!-- \/ Yoast SEO plugin. -->","yoast_head_json":{"title":"Macron au Japon et en Cor\u00e9e du Sud fin mars 2026 : audience imp\u00e9riale et visite officielle","description":"Emmanuel et Brigitte Macron se rendent au Japon du 31 mars au 2 avril 2026, puis en Cor\u00e9e du Sud. Au programme : rencontre avec la PM Sanae Takaichi et audience avec l'empereur Naruhito et l'imp\u00e9ratrice Masako.","robots":{"index":"index","follow":"follow","max-snippet":"max-snippet:-1","max-image-preview":"max-image-preview:large","max-video-preview":"max-video-preview:-1"},"canonical":"https:\/\/www.sebastien-auziere.fr\/blog\/it\/emmanuel-e-brigitte-macron-in-giappone-e-corea-del-sud-alla-fine-di-marzo-2026-udienza-imperiale-con-naruhito-e-masako\/","og_locale":"fr_FR","og_type":"article","og_title":"Macron au Japon et en Cor\u00e9e du Sud fin mars 2026 : audience imp\u00e9riale et visite officielle","og_description":"Emmanuel et Brigitte Macron se rendent au Japon du 31 mars au 2 avril 2026, puis en Cor\u00e9e du Sud. Au programme : rencontre avec la PM Sanae Takaichi et audience avec l'empereur Naruhito et l'imp\u00e9ratrice Masako.","og_url":"https:\/\/www.sebastien-auziere.fr\/blog\/it\/emmanuel-e-brigitte-macron-in-giappone-e-corea-del-sud-alla-fine-di-marzo-2026-udienza-imperiale-con-naruhito-e-masako\/","og_site_name":"Fan site S\u00e9bastien Auzi\u00e8re","article_published_time":"2026-03-14T13:48:32+00:00","article_modified_time":"2026-03-14T13:49:38+00:00","og_image":[{"width":681,"height":392,"url":"https:\/\/www.sebastien-auziere.fr\/blog\/wp-content\/uploads\/2026\/03\/Capture-decran-2026-03-14-080321.jpg","type":"image\/jpeg"}],"author":"Celine","twitter_card":"summary_large_image","twitter_misc":{"\u00c9crit par":"Celine","Dur\u00e9e de lecture estim\u00e9e":"6 minutes"},"schema":{"@context":"https:\/\/schema.org","@graph":[{"@type":"Article","@id":"https:\/\/www.sebastien-auziere.fr\/blog\/it\/emmanuel-e-brigitte-macron-in-giappone-e-corea-del-sud-alla-fine-di-marzo-2026-udienza-imperiale-con-naruhito-e-masako\/#article","isPartOf":{"@id":"https:\/\/www.sebastien-auziere.fr\/blog\/it\/emmanuel-e-brigitte-macron-in-giappone-e-corea-del-sud-alla-fine-di-marzo-2026-udienza-imperiale-con-naruhito-e-masako\/"},"author":{"name":"Celine","@id":"https:\/\/www.sebastien-auziere.fr\/blog\/#\/schema\/person\/1e270a963009242469ed08b1c461f81f"},"headline":"Emmanuel e Brigitte Macron in Giappone e Corea del Sud alla fine di marzo 2026: udienza imperiale con Naruhito e Masako","datePublished":"2026-03-14T13:48:32+00:00","dateModified":"2026-03-14T13:49:38+00:00","mainEntityOfPage":{"@id":"https:\/\/www.sebastien-auziere.fr\/blog\/it\/emmanuel-e-brigitte-macron-in-giappone-e-corea-del-sud-alla-fine-di-marzo-2026-udienza-imperiale-con-naruhito-e-masako\/"},"wordCount":1217,"commentCount":0,"publisher":{"@id":"https:\/\/www.sebastien-auziere.fr\/blog\/#organization"},"image":{"@id":"https:\/\/www.sebastien-auziere.fr\/blog\/it\/emmanuel-e-brigitte-macron-in-giappone-e-corea-del-sud-alla-fine-di-marzo-2026-udienza-imperiale-con-naruhito-e-masako\/#primaryimage"},"thumbnailUrl":"https:\/\/www.sebastien-auziere.fr\/blog\/wp-content\/uploads\/2026\/03\/Capture-decran-2026-03-14-080321.jpg","articleSection":["Actualit\u00e0"],"inLanguage":"fr-FR","potentialAction":[{"@type":"CommentAction","name":"Comment","target":["https:\/\/www.sebastien-auziere.fr\/blog\/it\/emmanuel-e-brigitte-macron-in-giappone-e-corea-del-sud-alla-fine-di-marzo-2026-udienza-imperiale-con-naruhito-e-masako\/#respond"]}]},{"@type":"WebPage","@id":"https:\/\/www.sebastien-auziere.fr\/blog\/it\/emmanuel-e-brigitte-macron-in-giappone-e-corea-del-sud-alla-fine-di-marzo-2026-udienza-imperiale-con-naruhito-e-masako\/","url":"https:\/\/www.sebastien-auziere.fr\/blog\/it\/emmanuel-e-brigitte-macron-in-giappone-e-corea-del-sud-alla-fine-di-marzo-2026-udienza-imperiale-con-naruhito-e-masako\/","name":"Macron au Japon et en Cor\u00e9e du Sud fin mars 2026 : audience imp\u00e9riale et visite officielle","isPartOf":{"@id":"https:\/\/www.sebastien-auziere.fr\/blog\/#website"},"primaryImageOfPage":{"@id":"https:\/\/www.sebastien-auziere.fr\/blog\/it\/emmanuel-e-brigitte-macron-in-giappone-e-corea-del-sud-alla-fine-di-marzo-2026-udienza-imperiale-con-naruhito-e-masako\/#primaryimage"},"image":{"@id":"https:\/\/www.sebastien-auziere.fr\/blog\/it\/emmanuel-e-brigitte-macron-in-giappone-e-corea-del-sud-alla-fine-di-marzo-2026-udienza-imperiale-con-naruhito-e-masako\/#primaryimage"},"thumbnailUrl":"https:\/\/www.sebastien-auziere.fr\/blog\/wp-content\/uploads\/2026\/03\/Capture-decran-2026-03-14-080321.jpg","datePublished":"2026-03-14T13:48:32+00:00","dateModified":"2026-03-14T13:49:38+00:00","description":"Emmanuel et Brigitte Macron se rendent au Japon du 31 mars au 2 avril 2026, puis en Cor\u00e9e du Sud. Au programme : rencontre avec la PM Sanae Takaichi et audience avec l'empereur Naruhito et l'imp\u00e9ratrice Masako.","breadcrumb":{"@id":"https:\/\/www.sebastien-auziere.fr\/blog\/it\/emmanuel-e-brigitte-macron-in-giappone-e-corea-del-sud-alla-fine-di-marzo-2026-udienza-imperiale-con-naruhito-e-masako\/#breadcrumb"},"inLanguage":"fr-FR","potentialAction":[{"@type":"ReadAction","target":["https:\/\/www.sebastien-auziere.fr\/blog\/it\/emmanuel-e-brigitte-macron-in-giappone-e-corea-del-sud-alla-fine-di-marzo-2026-udienza-imperiale-con-naruhito-e-masako\/"]}]},{"@type":"ImageObject","inLanguage":"fr-FR","@id":"https:\/\/www.sebastien-auziere.fr\/blog\/it\/emmanuel-e-brigitte-macron-in-giappone-e-corea-del-sud-alla-fine-di-marzo-2026-udienza-imperiale-con-naruhito-e-masako\/#primaryimage","url":"https:\/\/www.sebastien-auziere.fr\/blog\/wp-content\/uploads\/2026\/03\/Capture-decran-2026-03-14-080321.jpg","contentUrl":"https:\/\/www.sebastien-auziere.fr\/blog\/wp-content\/uploads\/2026\/03\/Capture-decran-2026-03-14-080321.jpg","width":681,"height":392,"caption":"Emmanuel et Brigitte Macron"},{"@type":"BreadcrumbList","@id":"https:\/\/www.sebastien-auziere.fr\/blog\/it\/emmanuel-e-brigitte-macron-in-giappone-e-corea-del-sud-alla-fine-di-marzo-2026-udienza-imperiale-con-naruhito-e-masako\/#breadcrumb","itemListElement":[{"@type":"ListItem","position":1,"name":"Home","item":"https:\/\/www.sebastien-auziere.fr\/blog\/"},{"@type":"ListItem","position":2,"name":"Emmanuel e Brigitte Macron in Giappone e Corea del Sud alla fine di marzo 2026: udienza imperiale con Naruhito e Masako"}]},{"@type":"WebSite","@id":"https:\/\/www.sebastien-auziere.fr\/blog\/#website","url":"https:\/\/www.sebastien-auziere.fr\/blog\/","name":"Fan site S\u00e9bastien Auzi\u00e8re","description":"M\u00e9dia g\u00e9n\u00e9raliste","publisher":{"@id":"https:\/\/www.sebastien-auziere.fr\/blog\/#organization"},"potentialAction":[{"@type":"SearchAction","target":{"@type":"EntryPoint","urlTemplate":"https:\/\/www.sebastien-auziere.fr\/blog\/?s={search_term_string}"},"query-input":{"@type":"PropertyValueSpecification","valueRequired":true,"valueName":"search_term_string"}}],"inLanguage":"fr-FR"},{"@type":"Organization","@id":"https:\/\/www.sebastien-auziere.fr\/blog\/#organization","name":"Fan site S\u00e9bastien Auzi\u00e8re","url":"https:\/\/www.sebastien-auziere.fr\/blog\/","logo":{"@type":"ImageObject","inLanguage":"fr-FR","@id":"https:\/\/www.sebastien-auziere.fr\/blog\/#\/schema\/logo\/image\/","url":"https:\/\/www.sebastien-auziere.fr\/blog\/wp-content\/uploads\/2026\/03\/cropped-cropped-cropped-ChatGPT-Image-6-mars-2026-12_58_09-e1772798376794.jpg","contentUrl":"https:\/\/www.sebastien-auziere.fr\/blog\/wp-content\/uploads\/2026\/03\/cropped-cropped-cropped-ChatGPT-Image-6-mars-2026-12_58_09-e1772798376794.jpg","width":512,"height":360,"caption":"Fan site S\u00e9bastien Auzi\u00e8re"},"image":{"@id":"https:\/\/www.sebastien-auziere.fr\/blog\/#\/schema\/logo\/image\/"}},{"@type":"Person","@id":"https:\/\/www.sebastien-auziere.fr\/blog\/#\/schema\/person\/1e270a963009242469ed08b1c461f81f","name":"Celine","image":{"@type":"ImageObject","inLanguage":"fr-FR","@id":"https:\/\/secure.gravatar.com\/avatar\/c88d569fbe1fe19a13c7f21ee0f8973822df96073df21850b95af6a09ba820c9?s=96&d=mm&r=g","url":"https:\/\/secure.gravatar.com\/avatar\/c88d569fbe1fe19a13c7f21ee0f8973822df96073df21850b95af6a09ba820c9?s=96&d=mm&r=g","contentUrl":"https:\/\/secure.gravatar.com\/avatar\/c88d569fbe1fe19a13c7f21ee0f8973822df96073df21850b95af6a09ba820c9?s=96&d=mm&r=g","caption":"Celine"},"description":"Je m'appelle C\u00e9line, j'ai 31 ans et je suis journaliste sp\u00e9cialis\u00e9e dans le cin\u00e9ma. Passionn\u00e9e par le septi\u00e8me art, j'explore les actualit\u00e9s, les critiques et les tendances du monde cin\u00e9matographique. Mon objectif est de partager ma passion et d'informer les amateurs de films \u00e0 travers des articles percutants et des analyses approfondies.","url":"https:\/\/www.sebastien-auziere.fr\/blog\/author\/celine\/"}]}},"views":11,"_links":{"self":[{"href":"https:\/\/www.sebastien-auziere.fr\/blog\/wp-json\/wp\/v2\/posts\/2498","targetHints":{"allow":["GET"]}}],"collection":[{"href":"https:\/\/www.sebastien-auziere.fr\/blog\/wp-json\/wp\/v2\/posts"}],"about":[{"href":"https:\/\/www.sebastien-auziere.fr\/blog\/wp-json\/wp\/v2\/types\/post"}],"author":[{"embeddable":true,"href":"https:\/\/www.sebastien-auziere.fr\/blog\/wp-json\/wp\/v2\/users\/4"}],"replies":[{"embeddable":true,"href":"https:\/\/www.sebastien-auziere.fr\/blog\/wp-json\/wp\/v2\/comments?post=2498"}],"version-history":[{"count":1,"href":"https:\/\/www.sebastien-auziere.fr\/blog\/wp-json\/wp\/v2\/posts\/2498\/revisions"}],"predecessor-version":[{"id":2499,"href":"https:\/\/www.sebastien-auziere.fr\/blog\/wp-json\/wp\/v2\/posts\/2498\/revisions\/2499"}],"wp:featuredmedia":[{"embeddable":true,"href":"https:\/\/www.sebastien-auziere.fr\/blog\/wp-json\/wp\/v2\/media\/2487"}],"wp:attachment":[{"href":"https:\/\/www.sebastien-auziere.fr\/blog\/wp-json\/wp\/v2\/media?parent=2498"}],"wp:term":[{"taxonomy":"category","embeddable":true,"href":"https:\/\/www.sebastien-auziere.fr\/blog\/wp-json\/wp\/v2\/categories?post=2498"},{"taxonomy":"post_tag","embeddable":true,"href":"https:\/\/www.sebastien-auziere.fr\/blog\/wp-json\/wp\/v2\/tags?post=2498"}],"curies":[{"name":"wp","href":"https:\/\/api.w.org\/{rel}","templated":true}]}}