{"id":2496,"date":"2026-03-14T13:47:32","date_gmt":"2026-03-14T13:47:32","guid":{"rendered":"https:\/\/www.sebastien-auziere.fr\/blog\/?p=2496"},"modified":"2026-03-14T13:48:26","modified_gmt":"2026-03-14T13:48:26","slug":"emmanuel-und-brigitte-macron-in-japan-und-sudkorea-ende-marz-2026-kaiserliche-audienz-mit-naruhito-und-masako","status":"publish","type":"post","link":"https:\/\/www.sebastien-auziere.fr\/blog\/de\/emmanuel-und-brigitte-macron-in-japan-und-sudkorea-ende-marz-2026-kaiserliche-audienz-mit-naruhito-und-masako\/","title":{"rendered":"Emmanuel und Brigitte Macron in Japan und S\u00fcdkorea Ende M\u00e4rz 2026: kaiserliche Audienz mit Naruhito und Masako"},"content":{"rendered":"<p><title>Macron in Japan und S\u00fcdkorea Ende M\u00e4rz 2026: kaiserliche Audienz und offizielle Besuch<\/title><\/p>\n<p>  body { font-size: 16px; line-height: 1.7; }<br \/>\n  h2 { font-size: 1.4em; color: #1a2e4a; border-left: 4px solid #1a2e4a; padding-left: 10px; margin-top: 40px; }<br \/>\n  h3 { font-size: 1.15em; color: #333; margin-top: 24px; }<br \/>\n  .intro-box { background: #eef2f7; border-left: 5px solid #1a2e4a; padding: 16px 20px; border-radius: 4px; margin: 0 0 30px; }<br \/>\n  .intro-box p { margin: 0; }<br \/>\n  .info-box { background: #e8f4fd; border-left: 5px solid #1976d2; padding: 14px 18px; border-radius: 4px; margin: 20px 0; }<br \/>\n  blockquote { border-left: 4px solid #1a2e4a; margin: 24px 0; padding: 12px 20px; background: #f5f7fa; font-style: italic; color: #444; }<br \/>\n  table { width: 100%; border-collapse: collapse; margin: 16px 0; }<br \/>\n  th { background: #1a2e4a; color: #fff; padding: 10px 12px; text-align: left; }<br \/>\n  td { padding: 9px 12px; border-bottom: 1px solid #ddd; }<br \/>\n  tr:nth-child(even) td { background: #f5f7fa; }<br \/>\n  ul li, ol li { margin-bottom: 6px; }<br \/>\n  a { color: #1a2e4a; }<br \/>\n  .faq dt { font-weight: bold; margin-top: 18px; color: #1a2e4a; }<br \/>\n  .faq dd { margin: 6px 0 12px 0; }<\/p>\n<div class=\"intro-box\">\n<p><strong>Kurz gesagt:<\/strong> Emmanuel und Brigitte Macron werden einen offiziellen Besuch in <strong>Japan vom 31. M\u00e4rz bis 2. April 2026<\/strong> und dann in <strong>S\u00fcdkorea am 2. und 3. April<\/strong> durchf\u00fchren. In Japan wird der franz\u00f6sische Pr\u00e4sident die Premierministerin Sanae Takaichi treffen und eine Audienz bei <strong>Kaiser Naruhito und Kaiserin Masako<\/strong> haben. Diese Reise wurde am Freitag, den 13. M\u00e4rz 2026, gleichzeitig von Tokio und Seoul angek\u00fcndigt.<\/p>\n<\/div>\n<p>Fast 10.000 Kilometer von Paris entfernt bereiten sich Emmanuel und Brigitte Macron auf eine neue bedeutende diplomatische Sequenz vor. Diese asiatische Tour Ende M\u00e4rz \u2013 der erste Staatsbesuch Frankreichs in Japan seit mehreren Jahren \u2013 kombiniert geopolitische Fragen, bilaterale Zusammenarbeit und kaiserliches Protokoll. R\u00fcckblick auf diese mit Spannung erwartete Reise.<\/p>\n<blockquote><p>Die letzte Audienz, die dem kaiserlichen Paar aus Japan vom franz\u00f6sischen Pr\u00e4sidentenpaar gew\u00e4hrt wurde, datiert aus Juni 2019 in Tokio im Rahmen des G20 in Osaka.<\/p><\/blockquote>\n<h2>Ein Programm in zwei Etappen: Japan und dann S\u00fcdkorea<\/h2>\n<p>Die asiatische Reise von Emmanuel Macron erfolgt in zwei getrennten Phasen, die am 13. M\u00e4rz 2026 gleichzeitig von den jeweiligen Hauptst\u00e4dten angek\u00fcndigt wurden.<\/p>\n<div style=\"overflow:auto;max-width:100%\">\n<table>\n<thead>\n<tr>\n<th>Termine<\/th>\n<th>Land<\/th>\n<th>Wichtigste Termine<\/th>\n<\/tr>\n<\/thead>\n<tbody>\n<tr>\n<td>31. M\u00e4rz \u2013 2. April 2026<\/td>\n<td>\ud83c\uddef\ud83c\uddf5 Japan<\/td>\n<td>Treffen mit PM Sanae Takaichi, kaiserliche Audienz mit Naruhito und Masako, Arbeitsessen<\/td>\n<\/tr>\n<tr>\n<td>2. \u2013 3. April 2026<\/td>\n<td>\ud83c\uddf0\ud83c\uddf7 S\u00fcdkorea<\/td>\n<td>Treffen mit s\u00fcdkoreanischen Institutionen<\/td>\n<\/tr>\n<\/tbody>\n<\/table>\n<\/div>\n<h2>In Japan: Sanae Takaichi und ein Arbeitsessen<\/h2>\n<p>In Tokio wird Emmanuel Macron von der japanischen Premierministerin <strong>Sanae Takaichi<\/strong> erwartet. Laut dem Sprecher der japanischen Regierung, Minoru Kihara, werden sich die beiden F\u00fchrer vor einem Arbeitsessen unterhalten. Das erkl\u00e4rte Ziel: \u201eDie Freundschafts- und Kooperationsbeziehungen zwischen den beiden L\u00e4ndern weiter zu vertiefen\u201c.<\/p>\n<p>Dieses Treffen findet in einem geopolitisch angespannten Kontext statt, in dem die indo-pazifischen Partnerschaften f\u00fcr Frankreich, eine maritime Macht, die in der Region \u00fcber ihre \u00dcberseegebiete pr\u00e4sent ist, eine zunehmende Bedeutung gewinnen.<\/p>\n<h2>Die kaiserliche Audienz: Naruhito und Masako empfangen die Macrons<\/h2>\n<p>Der H\u00f6hepunkt des Protokolls w\u00e4hrend dieses japanischen Aufenthalts wird die <strong>Audienz von Kaiser Naruhito und Kaiserin Masako<\/strong> f\u00fcr das franz\u00f6sische Pr\u00e4sidentenpaar sein. Diese kaiserlichen Audienzen \u2013 selten und stark reglementiert \u2013 stellen traditionell einen der symbolischsten Momente eines Staatsbesuchs in Japan dar. Sie unterstreichen die Bedeutung, die Tokio seinen Beziehungen zum empfangenden Land beimisst.<\/p>\n<div class=\"info-box\">\n  <strong>\ud83c\udfef Historische Anmerkung:<\/strong> Im Juni 2019 wurden Emmanuel und Brigitte Macron bereits im Kaiserpalast von Tokio von Naruhito und Masako empfangen, anl\u00e4sslich eines Mittagessens gefolgt von einem Gespr\u00e4ch zwischen den beiden Staatschefs im Rahmen des G20 in Osaka. Diese neue Audienz, sieben Jahre sp\u00e4ter, bekr\u00e4ftigt die Solidit\u00e4t der franco-japanischen Beziehungen.\n<\/div>\n<p>Naruhito trat am 1. Mai 2019 den Chrysanthemen-Thron an und folgte seinem Vater Akihito. Seine Frau Masako, von Beruf Diplomatin, wird in internationalen Kreisen besonders f\u00fcr ihre Sprachkenntnisse und ihr Gesp\u00fcr f\u00fcr globale Herausforderungen gesch\u00e4tzt.<\/p>\n<h2>Brigitte Macron in Japan: eine gef\u00fcrchtete Reise<\/h2>\n<p>Diese Reise stellt auch eine pers\u00f6nliche Herausforderung f\u00fcr die First Lady dar. Brigitte Macron leidet unter <strong>Aerodromophobie<\/strong> \u2013 einer intensiven Angst vor dem Fliegen. Ein Flug von Paris nach Tokio dauert \u00fcber 11 Stunden, was diese Reise zu einer der belastendsten f\u00fcr sie macht. Laut dem Journalisten Fran\u00e7ois-Xavier Bourmaud in seinem Werk <em>Die Hintergr\u00fcnde eines Sieges<\/em> beschrieb ein Berater die Situation so:<\/p>\n<blockquote><p>\u201eSie folgt ihm fast bei all seinen Wahlkampfreisen. Nur im Ausland ist sie selten zu sehen. Neben ihr im Flugzeug zu reisen, bedeutet, mit einer zerdr\u00fcckten Hand anzukommen.\u201c<\/p><\/blockquote>\n<p>Trotz dieser Bef\u00fcrchtungen begleitet Brigitte Macron regelm\u00e4\u00dfig den Pr\u00e4sidenten bei den symbolischsten Staatsbesuchen, wie es 2019 in Japan der Fall war.<\/p>\n<h2>Warum diese Reise strategisch f\u00fcr Frankreich ist<\/h2>\n<p>\u00dcber das Protokoll hinaus dient diese asiatische Tour mehreren geopolitischen und wirtschaftlichen Zielen:<\/p>\n<ul>\n<li><strong>Die franz\u00f6sisch-japanische Partnerschaft<\/strong> in den Bereichen Verteidigung, zivile Kernenergie und fortschrittliche Technologien zu st\u00e4rken.<\/li>\n<li><strong>Die franz\u00f6sische Pr\u00e4senz im Indo-Pazifik<\/strong> zu festigen, einer Region mit zunehmenden Spannungen zwischen Gro\u00dfm\u00e4chten.<\/li>\n<li><strong>Die europ\u00e4ischen Allianzen<\/strong> angesichts der globalen geopolitischen Unsicherheiten von 2026 zu diversifizieren.<\/li>\n<li><strong>Die Beziehungen zu Seoul<\/strong> zu st\u00e4rken, einem zunehmend aktiven strategischen Partner auf der internationalen B\u00fchne.<\/li>\n<\/ul>\n<h2>FAQ \u2014 Besuch von Macron in Japan und S\u00fcdkorea 2026<\/h2>\n<dl class=\"faq\">\n<dt>Wann reist Emmanuel Macron nach Japan?<\/dt>\n<dd>Vom 31. M\u00e4rz bis 2. April 2026. Danach wird er am 2. und 3. April 2026 nach S\u00fcdkorea reisen.<\/dd>\n<dt>Wer sind die Pers\u00f6nlichkeiten, die in Japan getroffen werden?<\/dt>\n<dd>Die Premierministerin Sanae Takaichi f\u00fcr ein Gespr\u00e4ch und ein Arbeitsessen sowie der Kaiser Naruhito und die Kaiserin Masako f\u00fcr eine offizielle Audienz.<\/dd>\n<dt>Begleitet Brigitte Macron ihren Mann nach Japan?<\/dt>\n<dd>Ja. Trotz ihrer Aerodromophobie (Angst vor dem Fliegen) wird Brigitte Macron f\u00fcr die Reise angek\u00fcndigt, wie sie es bereits 2019 bei der vorherigen Reise nach Japan getan hat.<\/dd>\n<dt>Was war Macrons letzte offizielle Reise nach Japan?<\/dt>\n<dd>Juni 2019, im Rahmen des G20 in Osaka. Das Pr\u00e4sidentenpaar wurde damals im Kaiserpalast von Tokio von Kaiser Naruhito und Kaiserin Masako empfangen.<\/dd>\n<dt>Wer ist Sanae Takaichi?<\/dt>\n<dd>Sanae Takaichi ist die Premierministerin von Japan. Sie ist eine Politikerin der Liberaldemokratischen Partei (LDP) und die erste Frau, die dieses Amt in der Geschichte Japans innehat.<\/dd>\n<dt>Warum ist diese Reise diplomatisch wichtig?<\/dt>\n<dd>Sie zielt darauf ab, die strategische franz\u00f6sisch-japanische Partnerschaft in den Bereichen Verteidigung, Energie und Technologien zu st\u00e4rken sowie die franz\u00f6sische Pr\u00e4senz im Indo-Pazifik auszubauen.<\/dd>\n<\/dl>\n<p>{<br \/>\n  \u00ab\u00a0@context\u00a0\u00bb: \u00ab\u00a0https:\/\/schema.org\u00a0\u00bb,<br \/>\n  \u00ab\u00a0@type\u00a0\u00bb: \u00ab\u00a0Article\u00a0\u00bb,<br \/>\n  \u00ab\u00a0headline\u00a0\u00bb: \u00ab\u00a0Macron in Japan und S\u00fcdkorea Ende M\u00e4rz 2026: kaiserliche Audienz und offizieller Besuch\u00a0\u00bb,<br \/>\n  \u00ab\u00a0description\u00a0\u00bb: \u00ab\u00a0Emmanuel und Brigitte Macron reisen vom 31. M\u00e4rz bis 2. April 2026 nach Japan und dann nach S\u00fcdkorea. Audienz beim Kaiser Naruhito und der Kaiserin Masako, Treffen mit Sanae Takaichi.\u00a0\u00bb,<br \/>\n  \u00ab\u00a0inLanguage\u00a0\u00bb: \u00ab\u00a0de\u00a0\u00bb,<br \/>\n  \u00ab\u00a0datePublished\u00a0\u00bb: \u00ab\u00a02026-03-13\u00a0\u00bb,<br \/>\n  \u00ab\u00a0dateModified\u00a0\u00bb: \u00ab\u00a02026-03-13\u00a0\u00bb,<br \/>\n  \u00ab\u00a0about\u00a0\u00bb: [<br \/>\n    { \u00ab\u00a0@type\u00a0\u00bb: \u00ab\u00a0Person\u00a0\u00bb, \u00ab\u00a0name\u00a0\u00bb: \u00ab\u00a0Emmanuel Macron\u00a0\u00bb },<br \/>\n    { \u00ab\u00a0@type\u00a0\u00bb: \u00ab\u00a0Person\u00a0\u00bb, \u00ab\u00a0name\u00a0\u00bb: \u00ab\u00a0Brigitte Macron\u00a0\u00bb },<br \/>\n    { \u00ab\u00a0@type\u00a0\u00bb: \u00ab\u00a0Person\u00a0\u00bb, \u00ab\u00a0name\u00a0\u00bb: \u00ab\u00a0Naruhito von Japan\u00a0\u00bb },<br \/>\n    { \u00ab\u00a0@type\u00a0\u00bb: \u00ab\u00a0Person\u00a0\u00bb, \u00ab\u00a0name\u00a0\u00bb: \u00ab\u00a0Masako von Japan\u00a0\u00bb },<br \/>\n    { \u00ab\u00a0@type\u00a0\u00bb: \u00ab\u00a0Person\u00a0\u00bb, \u00ab\u00a0name\u00a0\u00bb: \u00ab\u00a0Sanae Takaichi\u00a0\u00bb }<br \/>\n  ]<br \/>\n}<\/p>\n<p>{<br \/>\n  \u00ab\u00a0@context\u00a0\u00bb: \u00ab\u00a0https:\/\/schema.org\u00a0\u00bb,<br \/>\n  \u00ab\u00a0@type\u00a0\u00bb: \u00ab\u00a0FAQPage\u00a0\u00bb,<br \/>\n  \u00ab\u00a0mainEntity\u00a0\u00bb: [<br \/>\n    {<br \/>\n      \u00ab\u00a0@type\u00a0\u00bb: \u00ab\u00a0Question\u00a0\u00bb,<br \/>\n      \u00ab\u00a0name\u00a0\u00bb: \u00ab\u00a0Wann reist Emmanuel Macron nach Japan?\u00a0\u00bb,<br \/>\n      \u00ab\u00a0acceptedAnswer\u00a0\u00bb: { \u00ab\u00a0@type\u00a0\u00bb: \u00ab\u00a0Answer\u00a0\u00bb, \u00ab\u00a0text\u00a0\u00bb: \u00ab\u00a0Vom 31. M\u00e4rz bis 2. April 2026, dann nach S\u00fcdkorea am 2. und 3. April 2026.\u00a0\u00bb }<br \/>\n    },<br \/>\n    {<br \/>\n      \u00ab\u00a0@type\u00a0\u00bb: \u00ab\u00a0Question\u00a0\u00bb,<br \/>\n      \u00ab\u00a0name\u00a0\u00bb: \u00ab\u00a0Wer sind die Pers\u00f6nlichkeiten, die in Japan getroffen werden?\u00a0\u00bb,<br \/>\n      \u00ab\u00a0acceptedAnswer\u00a0\u00bb: { \u00ab\u00a0@type\u00a0\u00bb: \u00ab\u00a0Answer\u00a0\u00bb, \u00ab\u00a0text\u00a0\u00bb: \u00ab\u00a0Die Premierministerin Sanae Takaichi und der Kaiser Naruhito mit der Kaiserin Masako f\u00fcr eine offizielle Audienz.\u00a0\u00bb }<br \/>\n    },<br \/>\n    {<br \/>\n      \u00ab\u00a0@type\u00a0\u00bb: \u00ab\u00a0Question\u00a0\u00bb,<br \/>\n      \u00ab\u00a0name\u00a0\u00bb: \u00ab\u00a0Begleitet Brigitte Macron ihren Mann nach Japan?\u00a0\u00bb,<br \/>\n      \u00ab\u00a0acceptedAnswer\u00a0\u00bb: { \u00ab\u00a0@type\u00a0\u00bb: \u00ab\u00a0Answer\u00a0\u00bb, \u00ab\u00a0text\u00a0\u00bb: \u00ab\u00a0Ja, trotz ihrer Aerodromophobie wird Brigitte Macron f\u00fcr die Reise angek\u00fcndigt.\u00a0\u00bb }<br \/>\n    },<br \/>\n    {<br \/>\n      \u00ab\u00a0@type\u00a0\u00bb: \u00ab\u00a0Question\u00a0\u00bb,<br \/>\n      \u00ab\u00a0name\u00a0\u00bb: \u00ab\u00a0Was war Macrons letzte offizielle Reise nach Japan?\u00a0\u00bb,<br \/>\n      \u00ab\u00a0acceptedAnswer\u00a0\u00bb: { \u00ab\u00a0@type\u00a0\u00bb: \u00ab\u00a0Answer\u00a0\u00bb, \u00ab\u00a0text\u00a0\u00bb: \u00ab\u00a0Juni 2019, im Rahmen des G20 in Osaka, mit Audienz im Kaiserpalast von Tokio.\u00a0\u00bb }<br \/>\n    },<br \/>\n    {<br \/>\n      \u00ab\u00a0@type\u00a0\u00bb: \u00ab\u00a0Question\u00a0\u00bb,<br \/>\n      \u00ab\u00a0name\u00a0\u00bb: \u00ab\u00a0Wer ist Sanae Takaichi?\u00a0\u00bb,<br \/>\n      \u00ab\u00a0acceptedAnswer\u00a0\u00bb: { \u00ab\u00a0@type\u00a0\u00bb: \u00ab\u00a0Answer\u00a0\u00bb, \u00ab\u00a0text\u00a0\u00bb: \u00ab\u00a0Sanae Takaichi ist die Premierministerin von Japan, die erste Frau, die dieses Amt innehat.\u00a0\u00bb }<br \/>\n    },<br \/>\n    {<br \/>\n      \u00ab\u00a0@type\u00a0\u00bb: \u00ab\u00a0Question\u00a0\u00bb,<br \/>\n      \u00ab\u00a0name\u00a0\u00bb: \u00ab\u00a0Warum ist diese Reise diplomatisch wichtig?\u00a0\u00bb,<br \/>\n      \u00ab\u00a0acceptedAnswer\u00a0\u00bb: { \u00ab\u00a0@type\u00a0\u00bb: \u00ab\u00a0Answer\u00a0\u00bb, \u00ab\u00a0text\u00a0\u00bb: \u00ab\u00a0Sie zielt darauf ab, die strategische franz\u00f6sisch-japanische Partnerschaft in der Verteidigung, Energie und Technologien zu st\u00e4rken sowie die franz\u00f6sische Pr\u00e4senz im Indo-Pazifik auszubauen.\u00a0\u00bb }<br \/>\n    }<br \/>\n  ]<br \/>\n}<\/p>\n","protected":false},"excerpt":{"rendered":"<p>Macron in Japan und S\u00fcdkorea Ende M\u00e4rz 2026: kaiserliche Audienz und offizielle Besuch body { font-size: 16px; line-height: 1.7; } h2 { font-size: 1.4em; color: #1a2e4a; border-left: 4px solid #1a2e4a; padding-left: 10px; margin-top: 40px; } h3 { font-size: 1.15em; color: #333; margin-top: 24px; } .intro-box { background: #eef2f7; border-left: 5px solid #1a2e4a; padding: 16px 20px; &#8230; <a title=\"Emmanuel und Brigitte Macron in Japan und S\u00fcdkorea Ende M\u00e4rz 2026: kaiserliche Audienz mit Naruhito und Masako\" class=\"read-more\" href=\"https:\/\/www.sebastien-auziere.fr\/blog\/de\/emmanuel-und-brigitte-macron-in-japan-und-sudkorea-ende-marz-2026-kaiserliche-audienz-mit-naruhito-und-masako\/\" aria-label=\"En savoir plus sur Emmanuel und Brigitte Macron in Japan und S\u00fcdkorea Ende M\u00e4rz 2026: kaiserliche Audienz mit Naruhito und Masako\">Lire plus<\/a><\/p>\n","protected":false},"author":4,"featured_media":2487,"comment_status":"open","ping_status":"open","sticky":false,"template":"","format":"standard","meta":{"footnotes":""},"categories":[856],"tags":[],"class_list":["post-2496","post","type-post","status-publish","format-standard","has-post-thumbnail","hentry","category-aktuelles-de"],"yoast_head":"<!-- This site is optimized with the Yoast SEO plugin v27.5 - https:\/\/yoast.com\/product\/yoast-seo-wordpress\/ -->\n<title>Macron au Japon et en Cor\u00e9e du Sud fin mars 2026 : audience imp\u00e9riale et visite officielle<\/title>\n<meta name=\"description\" content=\"Emmanuel et Brigitte Macron se rendent au Japon du 31 mars au 2 avril 2026, puis en Cor\u00e9e du Sud. Au programme : rencontre avec la PM Sanae Takaichi et audience avec l&#039;empereur Naruhito et l&#039;imp\u00e9ratrice Masako.\" \/>\n<meta name=\"robots\" content=\"index, follow, max-snippet:-1, max-image-preview:large, max-video-preview:-1\" \/>\n<link rel=\"canonical\" href=\"https:\/\/www.sebastien-auziere.fr\/blog\/de\/emmanuel-und-brigitte-macron-in-japan-und-sudkorea-ende-marz-2026-kaiserliche-audienz-mit-naruhito-und-masako\/\" \/>\n<meta property=\"og:locale\" content=\"fr_FR\" \/>\n<meta property=\"og:type\" content=\"article\" \/>\n<meta property=\"og:title\" content=\"Macron au Japon et en Cor\u00e9e du Sud fin mars 2026 : audience imp\u00e9riale et visite officielle\" \/>\n<meta property=\"og:description\" content=\"Emmanuel et Brigitte Macron se rendent au Japon du 31 mars au 2 avril 2026, puis en Cor\u00e9e du Sud. Au programme : rencontre avec la PM Sanae Takaichi et audience avec l&#039;empereur Naruhito et l&#039;imp\u00e9ratrice Masako.\" \/>\n<meta property=\"og:url\" content=\"https:\/\/www.sebastien-auziere.fr\/blog\/de\/emmanuel-und-brigitte-macron-in-japan-und-sudkorea-ende-marz-2026-kaiserliche-audienz-mit-naruhito-und-masako\/\" \/>\n<meta property=\"og:site_name\" content=\"Fan site S\u00e9bastien Auzi\u00e8re\" \/>\n<meta property=\"article:published_time\" content=\"2026-03-14T13:47:32+00:00\" \/>\n<meta property=\"article:modified_time\" content=\"2026-03-14T13:48:26+00:00\" \/>\n<meta property=\"og:image\" content=\"https:\/\/www.sebastien-auziere.fr\/blog\/wp-content\/uploads\/2026\/03\/Capture-decran-2026-03-14-080321.jpg\" \/>\n\t<meta property=\"og:image:width\" content=\"681\" \/>\n\t<meta property=\"og:image:height\" content=\"392\" \/>\n\t<meta property=\"og:image:type\" content=\"image\/jpeg\" \/>\n<meta name=\"author\" content=\"Celine\" \/>\n<meta name=\"twitter:card\" content=\"summary_large_image\" \/>\n<meta name=\"twitter:label1\" content=\"\u00c9crit par\" \/>\n\t<meta name=\"twitter:data1\" content=\"Celine\" \/>\n\t<meta name=\"twitter:label2\" content=\"Dur\u00e9e de lecture estim\u00e9e\" \/>\n\t<meta name=\"twitter:data2\" content=\"6 minutes\" \/>\n<script type=\"application\/ld+json\" class=\"yoast-schema-graph\">{\"@context\":\"https:\\\/\\\/schema.org\",\"@graph\":[{\"@type\":\"Article\",\"@id\":\"https:\\\/\\\/www.sebastien-auziere.fr\\\/blog\\\/de\\\/emmanuel-und-brigitte-macron-in-japan-und-sudkorea-ende-marz-2026-kaiserliche-audienz-mit-naruhito-und-masako\\\/#article\",\"isPartOf\":{\"@id\":\"https:\\\/\\\/www.sebastien-auziere.fr\\\/blog\\\/de\\\/emmanuel-und-brigitte-macron-in-japan-und-sudkorea-ende-marz-2026-kaiserliche-audienz-mit-naruhito-und-masako\\\/\"},\"author\":{\"name\":\"Celine\",\"@id\":\"https:\\\/\\\/www.sebastien-auziere.fr\\\/blog\\\/#\\\/schema\\\/person\\\/1e270a963009242469ed08b1c461f81f\"},\"headline\":\"Emmanuel und Brigitte Macron in Japan und S\u00fcdkorea Ende M\u00e4rz 2026: kaiserliche Audienz mit Naruhito und Masako\",\"datePublished\":\"2026-03-14T13:47:32+00:00\",\"dateModified\":\"2026-03-14T13:48:26+00:00\",\"mainEntityOfPage\":{\"@id\":\"https:\\\/\\\/www.sebastien-auziere.fr\\\/blog\\\/de\\\/emmanuel-und-brigitte-macron-in-japan-und-sudkorea-ende-marz-2026-kaiserliche-audienz-mit-naruhito-und-masako\\\/\"},\"wordCount\":1300,\"commentCount\":0,\"publisher\":{\"@id\":\"https:\\\/\\\/www.sebastien-auziere.fr\\\/blog\\\/#organization\"},\"image\":{\"@id\":\"https:\\\/\\\/www.sebastien-auziere.fr\\\/blog\\\/de\\\/emmanuel-und-brigitte-macron-in-japan-und-sudkorea-ende-marz-2026-kaiserliche-audienz-mit-naruhito-und-masako\\\/#primaryimage\"},\"thumbnailUrl\":\"https:\\\/\\\/www.sebastien-auziere.fr\\\/blog\\\/wp-content\\\/uploads\\\/2026\\\/03\\\/Capture-decran-2026-03-14-080321.jpg\",\"articleSection\":[\"Aktuelles\"],\"inLanguage\":\"fr-FR\",\"potentialAction\":[{\"@type\":\"CommentAction\",\"name\":\"Comment\",\"target\":[\"https:\\\/\\\/www.sebastien-auziere.fr\\\/blog\\\/de\\\/emmanuel-und-brigitte-macron-in-japan-und-sudkorea-ende-marz-2026-kaiserliche-audienz-mit-naruhito-und-masako\\\/#respond\"]}]},{\"@type\":\"WebPage\",\"@id\":\"https:\\\/\\\/www.sebastien-auziere.fr\\\/blog\\\/de\\\/emmanuel-und-brigitte-macron-in-japan-und-sudkorea-ende-marz-2026-kaiserliche-audienz-mit-naruhito-und-masako\\\/\",\"url\":\"https:\\\/\\\/www.sebastien-auziere.fr\\\/blog\\\/de\\\/emmanuel-und-brigitte-macron-in-japan-und-sudkorea-ende-marz-2026-kaiserliche-audienz-mit-naruhito-und-masako\\\/\",\"name\":\"Macron au Japon et en Cor\u00e9e du Sud fin mars 2026 : audience imp\u00e9riale et visite officielle\",\"isPartOf\":{\"@id\":\"https:\\\/\\\/www.sebastien-auziere.fr\\\/blog\\\/#website\"},\"primaryImageOfPage\":{\"@id\":\"https:\\\/\\\/www.sebastien-auziere.fr\\\/blog\\\/de\\\/emmanuel-und-brigitte-macron-in-japan-und-sudkorea-ende-marz-2026-kaiserliche-audienz-mit-naruhito-und-masako\\\/#primaryimage\"},\"image\":{\"@id\":\"https:\\\/\\\/www.sebastien-auziere.fr\\\/blog\\\/de\\\/emmanuel-und-brigitte-macron-in-japan-und-sudkorea-ende-marz-2026-kaiserliche-audienz-mit-naruhito-und-masako\\\/#primaryimage\"},\"thumbnailUrl\":\"https:\\\/\\\/www.sebastien-auziere.fr\\\/blog\\\/wp-content\\\/uploads\\\/2026\\\/03\\\/Capture-decran-2026-03-14-080321.jpg\",\"datePublished\":\"2026-03-14T13:47:32+00:00\",\"dateModified\":\"2026-03-14T13:48:26+00:00\",\"description\":\"Emmanuel et Brigitte Macron se rendent au Japon du 31 mars au 2 avril 2026, puis en Cor\u00e9e du Sud. Au programme : rencontre avec la PM Sanae Takaichi et audience avec l'empereur Naruhito et l'imp\u00e9ratrice Masako.\",\"breadcrumb\":{\"@id\":\"https:\\\/\\\/www.sebastien-auziere.fr\\\/blog\\\/de\\\/emmanuel-und-brigitte-macron-in-japan-und-sudkorea-ende-marz-2026-kaiserliche-audienz-mit-naruhito-und-masako\\\/#breadcrumb\"},\"inLanguage\":\"fr-FR\",\"potentialAction\":[{\"@type\":\"ReadAction\",\"target\":[\"https:\\\/\\\/www.sebastien-auziere.fr\\\/blog\\\/de\\\/emmanuel-und-brigitte-macron-in-japan-und-sudkorea-ende-marz-2026-kaiserliche-audienz-mit-naruhito-und-masako\\\/\"]}]},{\"@type\":\"ImageObject\",\"inLanguage\":\"fr-FR\",\"@id\":\"https:\\\/\\\/www.sebastien-auziere.fr\\\/blog\\\/de\\\/emmanuel-und-brigitte-macron-in-japan-und-sudkorea-ende-marz-2026-kaiserliche-audienz-mit-naruhito-und-masako\\\/#primaryimage\",\"url\":\"https:\\\/\\\/www.sebastien-auziere.fr\\\/blog\\\/wp-content\\\/uploads\\\/2026\\\/03\\\/Capture-decran-2026-03-14-080321.jpg\",\"contentUrl\":\"https:\\\/\\\/www.sebastien-auziere.fr\\\/blog\\\/wp-content\\\/uploads\\\/2026\\\/03\\\/Capture-decran-2026-03-14-080321.jpg\",\"width\":681,\"height\":392,\"caption\":\"Emmanuel et Brigitte Macron\"},{\"@type\":\"BreadcrumbList\",\"@id\":\"https:\\\/\\\/www.sebastien-auziere.fr\\\/blog\\\/de\\\/emmanuel-und-brigitte-macron-in-japan-und-sudkorea-ende-marz-2026-kaiserliche-audienz-mit-naruhito-und-masako\\\/#breadcrumb\",\"itemListElement\":[{\"@type\":\"ListItem\",\"position\":1,\"name\":\"Home\",\"item\":\"https:\\\/\\\/www.sebastien-auziere.fr\\\/blog\\\/\"},{\"@type\":\"ListItem\",\"position\":2,\"name\":\"Emmanuel und Brigitte Macron in Japan und S\u00fcdkorea Ende M\u00e4rz 2026: kaiserliche Audienz mit Naruhito und Masako\"}]},{\"@type\":\"WebSite\",\"@id\":\"https:\\\/\\\/www.sebastien-auziere.fr\\\/blog\\\/#website\",\"url\":\"https:\\\/\\\/www.sebastien-auziere.fr\\\/blog\\\/\",\"name\":\"Fan site S\u00e9bastien Auzi\u00e8re\",\"description\":\"M\u00e9dia g\u00e9n\u00e9raliste\",\"publisher\":{\"@id\":\"https:\\\/\\\/www.sebastien-auziere.fr\\\/blog\\\/#organization\"},\"potentialAction\":[{\"@type\":\"SearchAction\",\"target\":{\"@type\":\"EntryPoint\",\"urlTemplate\":\"https:\\\/\\\/www.sebastien-auziere.fr\\\/blog\\\/?s={search_term_string}\"},\"query-input\":{\"@type\":\"PropertyValueSpecification\",\"valueRequired\":true,\"valueName\":\"search_term_string\"}}],\"inLanguage\":\"fr-FR\"},{\"@type\":\"Organization\",\"@id\":\"https:\\\/\\\/www.sebastien-auziere.fr\\\/blog\\\/#organization\",\"name\":\"Fan site S\u00e9bastien Auzi\u00e8re\",\"url\":\"https:\\\/\\\/www.sebastien-auziere.fr\\\/blog\\\/\",\"logo\":{\"@type\":\"ImageObject\",\"inLanguage\":\"fr-FR\",\"@id\":\"https:\\\/\\\/www.sebastien-auziere.fr\\\/blog\\\/#\\\/schema\\\/logo\\\/image\\\/\",\"url\":\"https:\\\/\\\/www.sebastien-auziere.fr\\\/blog\\\/wp-content\\\/uploads\\\/2026\\\/03\\\/cropped-cropped-cropped-ChatGPT-Image-6-mars-2026-12_58_09-e1772798376794.jpg\",\"contentUrl\":\"https:\\\/\\\/www.sebastien-auziere.fr\\\/blog\\\/wp-content\\\/uploads\\\/2026\\\/03\\\/cropped-cropped-cropped-ChatGPT-Image-6-mars-2026-12_58_09-e1772798376794.jpg\",\"width\":512,\"height\":360,\"caption\":\"Fan site S\u00e9bastien Auzi\u00e8re\"},\"image\":{\"@id\":\"https:\\\/\\\/www.sebastien-auziere.fr\\\/blog\\\/#\\\/schema\\\/logo\\\/image\\\/\"}},{\"@type\":\"Person\",\"@id\":\"https:\\\/\\\/www.sebastien-auziere.fr\\\/blog\\\/#\\\/schema\\\/person\\\/1e270a963009242469ed08b1c461f81f\",\"name\":\"Celine\",\"image\":{\"@type\":\"ImageObject\",\"inLanguage\":\"fr-FR\",\"@id\":\"https:\\\/\\\/secure.gravatar.com\\\/avatar\\\/c88d569fbe1fe19a13c7f21ee0f8973822df96073df21850b95af6a09ba820c9?s=96&d=mm&r=g\",\"url\":\"https:\\\/\\\/secure.gravatar.com\\\/avatar\\\/c88d569fbe1fe19a13c7f21ee0f8973822df96073df21850b95af6a09ba820c9?s=96&d=mm&r=g\",\"contentUrl\":\"https:\\\/\\\/secure.gravatar.com\\\/avatar\\\/c88d569fbe1fe19a13c7f21ee0f8973822df96073df21850b95af6a09ba820c9?s=96&d=mm&r=g\",\"caption\":\"Celine\"},\"description\":\"Je m'appelle C\u00e9line, j'ai 31 ans et je suis journaliste sp\u00e9cialis\u00e9e dans le cin\u00e9ma. Passionn\u00e9e par le septi\u00e8me art, j'explore les actualit\u00e9s, les critiques et les tendances du monde cin\u00e9matographique. Mon objectif est de partager ma passion et d'informer les amateurs de films \u00e0 travers des articles percutants et des analyses approfondies.\",\"url\":\"https:\\\/\\\/www.sebastien-auziere.fr\\\/blog\\\/author\\\/celine\\\/\"}]}<\/script>\n<!-- \/ Yoast SEO plugin. -->","yoast_head_json":{"title":"Macron au Japon et en Cor\u00e9e du Sud fin mars 2026 : audience imp\u00e9riale et visite officielle","description":"Emmanuel et Brigitte Macron se rendent au Japon du 31 mars au 2 avril 2026, puis en Cor\u00e9e du Sud. Au programme : rencontre avec la PM Sanae Takaichi et audience avec l'empereur Naruhito et l'imp\u00e9ratrice Masako.","robots":{"index":"index","follow":"follow","max-snippet":"max-snippet:-1","max-image-preview":"max-image-preview:large","max-video-preview":"max-video-preview:-1"},"canonical":"https:\/\/www.sebastien-auziere.fr\/blog\/de\/emmanuel-und-brigitte-macron-in-japan-und-sudkorea-ende-marz-2026-kaiserliche-audienz-mit-naruhito-und-masako\/","og_locale":"fr_FR","og_type":"article","og_title":"Macron au Japon et en Cor\u00e9e du Sud fin mars 2026 : audience imp\u00e9riale et visite officielle","og_description":"Emmanuel et Brigitte Macron se rendent au Japon du 31 mars au 2 avril 2026, puis en Cor\u00e9e du Sud. Au programme : rencontre avec la PM Sanae Takaichi et audience avec l'empereur Naruhito et l'imp\u00e9ratrice Masako.","og_url":"https:\/\/www.sebastien-auziere.fr\/blog\/de\/emmanuel-und-brigitte-macron-in-japan-und-sudkorea-ende-marz-2026-kaiserliche-audienz-mit-naruhito-und-masako\/","og_site_name":"Fan site S\u00e9bastien Auzi\u00e8re","article_published_time":"2026-03-14T13:47:32+00:00","article_modified_time":"2026-03-14T13:48:26+00:00","og_image":[{"width":681,"height":392,"url":"https:\/\/www.sebastien-auziere.fr\/blog\/wp-content\/uploads\/2026\/03\/Capture-decran-2026-03-14-080321.jpg","type":"image\/jpeg"}],"author":"Celine","twitter_card":"summary_large_image","twitter_misc":{"\u00c9crit par":"Celine","Dur\u00e9e de lecture estim\u00e9e":"6 minutes"},"schema":{"@context":"https:\/\/schema.org","@graph":[{"@type":"Article","@id":"https:\/\/www.sebastien-auziere.fr\/blog\/de\/emmanuel-und-brigitte-macron-in-japan-und-sudkorea-ende-marz-2026-kaiserliche-audienz-mit-naruhito-und-masako\/#article","isPartOf":{"@id":"https:\/\/www.sebastien-auziere.fr\/blog\/de\/emmanuel-und-brigitte-macron-in-japan-und-sudkorea-ende-marz-2026-kaiserliche-audienz-mit-naruhito-und-masako\/"},"author":{"name":"Celine","@id":"https:\/\/www.sebastien-auziere.fr\/blog\/#\/schema\/person\/1e270a963009242469ed08b1c461f81f"},"headline":"Emmanuel und Brigitte Macron in Japan und S\u00fcdkorea Ende M\u00e4rz 2026: kaiserliche Audienz mit Naruhito und Masako","datePublished":"2026-03-14T13:47:32+00:00","dateModified":"2026-03-14T13:48:26+00:00","mainEntityOfPage":{"@id":"https:\/\/www.sebastien-auziere.fr\/blog\/de\/emmanuel-und-brigitte-macron-in-japan-und-sudkorea-ende-marz-2026-kaiserliche-audienz-mit-naruhito-und-masako\/"},"wordCount":1300,"commentCount":0,"publisher":{"@id":"https:\/\/www.sebastien-auziere.fr\/blog\/#organization"},"image":{"@id":"https:\/\/www.sebastien-auziere.fr\/blog\/de\/emmanuel-und-brigitte-macron-in-japan-und-sudkorea-ende-marz-2026-kaiserliche-audienz-mit-naruhito-und-masako\/#primaryimage"},"thumbnailUrl":"https:\/\/www.sebastien-auziere.fr\/blog\/wp-content\/uploads\/2026\/03\/Capture-decran-2026-03-14-080321.jpg","articleSection":["Aktuelles"],"inLanguage":"fr-FR","potentialAction":[{"@type":"CommentAction","name":"Comment","target":["https:\/\/www.sebastien-auziere.fr\/blog\/de\/emmanuel-und-brigitte-macron-in-japan-und-sudkorea-ende-marz-2026-kaiserliche-audienz-mit-naruhito-und-masako\/#respond"]}]},{"@type":"WebPage","@id":"https:\/\/www.sebastien-auziere.fr\/blog\/de\/emmanuel-und-brigitte-macron-in-japan-und-sudkorea-ende-marz-2026-kaiserliche-audienz-mit-naruhito-und-masako\/","url":"https:\/\/www.sebastien-auziere.fr\/blog\/de\/emmanuel-und-brigitte-macron-in-japan-und-sudkorea-ende-marz-2026-kaiserliche-audienz-mit-naruhito-und-masako\/","name":"Macron au Japon et en Cor\u00e9e du Sud fin mars 2026 : audience imp\u00e9riale et visite officielle","isPartOf":{"@id":"https:\/\/www.sebastien-auziere.fr\/blog\/#website"},"primaryImageOfPage":{"@id":"https:\/\/www.sebastien-auziere.fr\/blog\/de\/emmanuel-und-brigitte-macron-in-japan-und-sudkorea-ende-marz-2026-kaiserliche-audienz-mit-naruhito-und-masako\/#primaryimage"},"image":{"@id":"https:\/\/www.sebastien-auziere.fr\/blog\/de\/emmanuel-und-brigitte-macron-in-japan-und-sudkorea-ende-marz-2026-kaiserliche-audienz-mit-naruhito-und-masako\/#primaryimage"},"thumbnailUrl":"https:\/\/www.sebastien-auziere.fr\/blog\/wp-content\/uploads\/2026\/03\/Capture-decran-2026-03-14-080321.jpg","datePublished":"2026-03-14T13:47:32+00:00","dateModified":"2026-03-14T13:48:26+00:00","description":"Emmanuel et Brigitte Macron se rendent au Japon du 31 mars au 2 avril 2026, puis en Cor\u00e9e du Sud. Au programme : rencontre avec la PM Sanae Takaichi et audience avec l'empereur Naruhito et l'imp\u00e9ratrice Masako.","breadcrumb":{"@id":"https:\/\/www.sebastien-auziere.fr\/blog\/de\/emmanuel-und-brigitte-macron-in-japan-und-sudkorea-ende-marz-2026-kaiserliche-audienz-mit-naruhito-und-masako\/#breadcrumb"},"inLanguage":"fr-FR","potentialAction":[{"@type":"ReadAction","target":["https:\/\/www.sebastien-auziere.fr\/blog\/de\/emmanuel-und-brigitte-macron-in-japan-und-sudkorea-ende-marz-2026-kaiserliche-audienz-mit-naruhito-und-masako\/"]}]},{"@type":"ImageObject","inLanguage":"fr-FR","@id":"https:\/\/www.sebastien-auziere.fr\/blog\/de\/emmanuel-und-brigitte-macron-in-japan-und-sudkorea-ende-marz-2026-kaiserliche-audienz-mit-naruhito-und-masako\/#primaryimage","url":"https:\/\/www.sebastien-auziere.fr\/blog\/wp-content\/uploads\/2026\/03\/Capture-decran-2026-03-14-080321.jpg","contentUrl":"https:\/\/www.sebastien-auziere.fr\/blog\/wp-content\/uploads\/2026\/03\/Capture-decran-2026-03-14-080321.jpg","width":681,"height":392,"caption":"Emmanuel et Brigitte Macron"},{"@type":"BreadcrumbList","@id":"https:\/\/www.sebastien-auziere.fr\/blog\/de\/emmanuel-und-brigitte-macron-in-japan-und-sudkorea-ende-marz-2026-kaiserliche-audienz-mit-naruhito-und-masako\/#breadcrumb","itemListElement":[{"@type":"ListItem","position":1,"name":"Home","item":"https:\/\/www.sebastien-auziere.fr\/blog\/"},{"@type":"ListItem","position":2,"name":"Emmanuel und Brigitte Macron in Japan und S\u00fcdkorea Ende M\u00e4rz 2026: kaiserliche Audienz mit Naruhito und Masako"}]},{"@type":"WebSite","@id":"https:\/\/www.sebastien-auziere.fr\/blog\/#website","url":"https:\/\/www.sebastien-auziere.fr\/blog\/","name":"Fan site S\u00e9bastien Auzi\u00e8re","description":"M\u00e9dia g\u00e9n\u00e9raliste","publisher":{"@id":"https:\/\/www.sebastien-auziere.fr\/blog\/#organization"},"potentialAction":[{"@type":"SearchAction","target":{"@type":"EntryPoint","urlTemplate":"https:\/\/www.sebastien-auziere.fr\/blog\/?s={search_term_string}"},"query-input":{"@type":"PropertyValueSpecification","valueRequired":true,"valueName":"search_term_string"}}],"inLanguage":"fr-FR"},{"@type":"Organization","@id":"https:\/\/www.sebastien-auziere.fr\/blog\/#organization","name":"Fan site S\u00e9bastien Auzi\u00e8re","url":"https:\/\/www.sebastien-auziere.fr\/blog\/","logo":{"@type":"ImageObject","inLanguage":"fr-FR","@id":"https:\/\/www.sebastien-auziere.fr\/blog\/#\/schema\/logo\/image\/","url":"https:\/\/www.sebastien-auziere.fr\/blog\/wp-content\/uploads\/2026\/03\/cropped-cropped-cropped-ChatGPT-Image-6-mars-2026-12_58_09-e1772798376794.jpg","contentUrl":"https:\/\/www.sebastien-auziere.fr\/blog\/wp-content\/uploads\/2026\/03\/cropped-cropped-cropped-ChatGPT-Image-6-mars-2026-12_58_09-e1772798376794.jpg","width":512,"height":360,"caption":"Fan site S\u00e9bastien Auzi\u00e8re"},"image":{"@id":"https:\/\/www.sebastien-auziere.fr\/blog\/#\/schema\/logo\/image\/"}},{"@type":"Person","@id":"https:\/\/www.sebastien-auziere.fr\/blog\/#\/schema\/person\/1e270a963009242469ed08b1c461f81f","name":"Celine","image":{"@type":"ImageObject","inLanguage":"fr-FR","@id":"https:\/\/secure.gravatar.com\/avatar\/c88d569fbe1fe19a13c7f21ee0f8973822df96073df21850b95af6a09ba820c9?s=96&d=mm&r=g","url":"https:\/\/secure.gravatar.com\/avatar\/c88d569fbe1fe19a13c7f21ee0f8973822df96073df21850b95af6a09ba820c9?s=96&d=mm&r=g","contentUrl":"https:\/\/secure.gravatar.com\/avatar\/c88d569fbe1fe19a13c7f21ee0f8973822df96073df21850b95af6a09ba820c9?s=96&d=mm&r=g","caption":"Celine"},"description":"Je m'appelle C\u00e9line, j'ai 31 ans et je suis journaliste sp\u00e9cialis\u00e9e dans le cin\u00e9ma. Passionn\u00e9e par le septi\u00e8me art, j'explore les actualit\u00e9s, les critiques et les tendances du monde cin\u00e9matographique. Mon objectif est de partager ma passion et d'informer les amateurs de films \u00e0 travers des articles percutants et des analyses approfondies.","url":"https:\/\/www.sebastien-auziere.fr\/blog\/author\/celine\/"}]}},"views":11,"_links":{"self":[{"href":"https:\/\/www.sebastien-auziere.fr\/blog\/wp-json\/wp\/v2\/posts\/2496","targetHints":{"allow":["GET"]}}],"collection":[{"href":"https:\/\/www.sebastien-auziere.fr\/blog\/wp-json\/wp\/v2\/posts"}],"about":[{"href":"https:\/\/www.sebastien-auziere.fr\/blog\/wp-json\/wp\/v2\/types\/post"}],"author":[{"embeddable":true,"href":"https:\/\/www.sebastien-auziere.fr\/blog\/wp-json\/wp\/v2\/users\/4"}],"replies":[{"embeddable":true,"href":"https:\/\/www.sebastien-auziere.fr\/blog\/wp-json\/wp\/v2\/comments?post=2496"}],"version-history":[{"count":1,"href":"https:\/\/www.sebastien-auziere.fr\/blog\/wp-json\/wp\/v2\/posts\/2496\/revisions"}],"predecessor-version":[{"id":2497,"href":"https:\/\/www.sebastien-auziere.fr\/blog\/wp-json\/wp\/v2\/posts\/2496\/revisions\/2497"}],"wp:featuredmedia":[{"embeddable":true,"href":"https:\/\/www.sebastien-auziere.fr\/blog\/wp-json\/wp\/v2\/media\/2487"}],"wp:attachment":[{"href":"https:\/\/www.sebastien-auziere.fr\/blog\/wp-json\/wp\/v2\/media?parent=2496"}],"wp:term":[{"taxonomy":"category","embeddable":true,"href":"https:\/\/www.sebastien-auziere.fr\/blog\/wp-json\/wp\/v2\/categories?post=2496"},{"taxonomy":"post_tag","embeddable":true,"href":"https:\/\/www.sebastien-auziere.fr\/blog\/wp-json\/wp\/v2\/tags?post=2496"}],"curies":[{"name":"wp","href":"https:\/\/api.w.org\/{rel}","templated":true}]}}