{"id":2491,"date":"2026-03-14T13:46:30","date_gmt":"2026-03-14T13:46:30","guid":{"rendered":"https:\/\/www.sebastien-auziere.fr\/blog\/?p=2491"},"modified":"2026-03-14T13:47:29","modified_gmt":"2026-03-14T13:47:29","slug":"emmanuel-y-brigitte-macron-en-japon-y-corea-del-sur-a-finales-de-marzo-de-2026-audiencia-imperial-con-naruhito-y-masako","status":"publish","type":"post","link":"https:\/\/www.sebastien-auziere.fr\/blog\/es\/emmanuel-y-brigitte-macron-en-japon-y-corea-del-sur-a-finales-de-marzo-de-2026-audiencia-imperial-con-naruhito-y-masako\/","title":{"rendered":"Emmanuel y Brigitte Macron en Jap\u00f3n y Corea del Sur a finales de marzo de 2026: audiencia imperial con Naruhito y Masako"},"content":{"rendered":"<p><title>Macron en Jap\u00f3n y Corea del Sur a finales de marzo de 2026: audiencia imperial y visita oficial<\/title><\/p>\n<p>  body { font-size: 16px; line-height: 1.7; }<br \/>\n  h2 { font-size: 1.4em; color: #1a2e4a; border-left: 4px solid #1a2e4a; padding-left: 10px; margin-top: 40px; }<br \/>\n  h3 { font-size: 1.15em; color: #333; margin-top: 24px; }<br \/>\n  .intro-box { background: #eef2f7; border-left: 5px solid #1a2e4a; padding: 16px 20px; border-radius: 4px; margin: 0 0 30px; }<br \/>\n  .intro-box p { margin: 0; }<br \/>\n  .info-box { background: #e8f4fd; border-left: 5px solid #1976d2; padding: 14px 18px; border-radius: 4px; margin: 20px 0; }<br \/>\n  blockquote { border-left: 4px solid #1a2e4a; margin: 24px 0; padding: 12px 20px; background: #f5f7fa; font-style: italic; color: #444; }<br \/>\n  table { width: 100%; border-collapse: collapse; margin: 16px 0; }<br \/>\n  th { background: #1a2e4a; color: #fff; padding: 10px 12px; text-align: left; }<br \/>\n  td { padding: 9px 12px; border-bottom: 1px solid #ddd; }<br \/>\n  tr:nth-child(even) td { background: #f5f7fa; }<br \/>\n  ul li, ol li { margin-bottom: 6px; }<br \/>\n  a { color: #1a2e4a; }<br \/>\n  .faq dt { font-weight: bold; margin-top: 18px; color: #1a2e4a; }<br \/>\n  .faq dd { margin: 6px 0 12px 0; }<\/p>\n<div class=\"intro-box\">\n<p><strong>En breve:<\/strong> Emmanuel y Brigitte Macron realizar\u00e1n una visita oficial a <strong>Jap\u00f3n del 31 de marzo al 2 de abril de 2026<\/strong>, y luego a <strong>Corea del Sur los 2 y 3 de abril<\/strong>. En Jap\u00f3n, el presidente franc\u00e9s se reunir\u00e1 con la primera ministra Sanae Takaichi y ser\u00e1 recibido en audiencia por <strong>el emperador Naruhito y la emperatriz Masako<\/strong>. Un viaje anunciado simult\u00e1neamente por Tokio y Se\u00fal el viernes 13 de marzo de 2026.<\/p>\n<\/div>\n<p>A casi 10,000 kil\u00f3metros de Par\u00eds, Emmanuel y Brigitte Macron se preparan para vivir una nueva secuencia diplom\u00e1tica importante. Esta gira asi\u00e1tica a finales de marzo \u2014la primera visita de Estado de Francia a Jap\u00f3n en varios a\u00f1os\u2014 combina cuestiones geopol\u00edticas, cooperaci\u00f3n bilateral y protocolo imperial. Un repaso a este viaje tan esperado.<\/p>\n<blockquote><p>La \u00faltima audiencia otorgada por la pareja imperial japonesa a la pareja presidencial francesa se remonta a junio de 2019, en Tokio, en el marco del G20 de Osaka.<\/p><\/blockquote>\n<h2>Un programa en dos etapas: Jap\u00f3n y luego Corea del Sur<\/h2>\n<p>La gira asi\u00e1tica de Emmanuel Macron se desarrollar\u00e1 en dos etapas distintas, anunciadas simult\u00e1neamente por las capitales concernidas el 13 de marzo de 2026.<\/p>\n<div style=\"overflow:auto;max-width:100%\">\n<table>\n<thead>\n<tr>\n<th>Fechas<\/th>\n<th>Pa\u00eds<\/th>\n<th>Principales reuniones<\/th>\n<\/tr>\n<\/thead>\n<tbody>\n<tr>\n<td>31 de marzo \u2013 2 de abril de 2026<\/td>\n<td>\ud83c\uddef\ud83c\uddf5 Jap\u00f3n<\/td>\n<td>Reuni\u00f3n con la PM Sanae Takaichi, audiencia imperial con Naruhito y Masako, cena de trabajo<\/td>\n<\/tr>\n<tr>\n<td>2 \u2013 3 de abril de 2026<\/td>\n<td>\ud83c\uddf0\ud83c\uddf7 Corea del Sur<\/td>\n<td>Reuniones con socios institucionales surcoreanos<\/td>\n<\/tr>\n<\/tbody>\n<\/table>\n<\/div>\n<h2>En Jap\u00f3n: Sanae Takaichi y una cena de trabajo<\/h2>\n<p>En Tokio, se espera que Emmanuel Macron se re\u00fana con la primera ministra japonesa <strong>Sanae Takaichi<\/strong>. Seg\u00fan el portavoz del gobierno japon\u00e9s, Minoru Kihara, los dos l\u00edderes sostendr\u00e1n conversaciones antes de una cena de trabajo. El objetivo declarado: \u00abprofundizar a\u00fan m\u00e1s los lazos de amistad y cooperaci\u00f3n entre los dos pa\u00edses\u00bb.<\/p>\n<p>Este encuentro se inscribe en un contexto geopol\u00edtico cargado, donde las asociaciones indo-pac\u00edficas adquieren una creciente importancia para Francia, potencia mar\u00edtima presente en la regi\u00f3n a trav\u00e9s de sus territorios de ultramar.<\/p>\n<h2>La audiencia imperial: Naruhito y Masako reciben a los Macron<\/h2>\n<p>El momento culminante protocolar de esta estancia japonesa ser\u00e1 la <strong>audiencia otorgada por el emperador Naruhito y la emperatriz Masako<\/strong> a la pareja presidencial francesa. Estas audiencias imperiales \u2014raras y altamente codificadas\u2014 constituyen tradicionalmente uno de los momentos m\u00e1s simb\u00f3licos de una visita de Estado a Jap\u00f3n. Significan la importancia que Tokio otorga a sus relaciones con el pa\u00eds recibido.<\/p>\n<div class=\"info-box\">\n  <strong>\ud83c\udfef Recordatorio hist\u00f3rico:<\/strong> En junio de 2019, Emmanuel y Brigitte Macron ya fueron recibidos en el Palacio Imperial de Tokio por Naruhito y Masako, con motivo de un almuerzo seguido de una reuni\u00f3n entre los dos jefes de Estado, en el marco del G20 de Osaka. Esta nueva audiencia, siete a\u00f1os despu\u00e9s, reafirma la solidez de los lazos franco-japoneses.\n<\/div>\n<p>Naruhito accedi\u00f3 al Trono del Crisantemo el 1\u1d49\u02b3 de mayo de 2019, sucediendo a su padre Akihito. Su esposa Masako, antigua diplom\u00e1tica de formaci\u00f3n, es particularmente apreciada en los c\u00edrculos internacionales por su dominio de idiomas y su sensibilidad ante los desaf\u00edos globales.<\/p>\n<h2>Brigitte Macron en Jap\u00f3n: un viaje temido<\/h2>\n<p>Este viaje tambi\u00e9n representa un desaf\u00edo personal para la primera dama. Brigitte Macron sufre de <strong>aerofobia<\/strong> \u2014un miedo intenso a volar. Un vuelo Par\u00eds-Tokio supera las 11 horas, lo que lo convierte en uno de los viajes m\u00e1s agotadores para ella. Seg\u00fan el periodista Fran\u00e7ois-Xavier Bourmaud en su obra <em>Las claves de una victoria<\/em>, un asesor describ\u00eda as\u00ed la situaci\u00f3n:<\/p>\n<blockquote><p>\u00abElla lo sigue en casi todos sus desplazamientos de campa\u00f1a. Apenas es en el extranjero donde nunca aparece. Viajar a su lado en el aire es asegurarse de llegar con la mano destrozada.\u00bb<\/p><\/blockquote>\n<p>A pesar de esta aprehensi\u00f3n, Brigitte Macron acompa\u00f1a regularmente al presidente en las visitas de Estado m\u00e1s simb\u00f3licas, como fue el caso en 2019 en Jap\u00f3n.<\/p>\n<h2>Por qu\u00e9 este viaje es estrat\u00e9gico para Francia<\/h2>\n<p>M\u00e1s all\u00e1 del protocolo, esta gira asi\u00e1tica responde a varios objetivos geopol\u00edticos y econ\u00f3micos:<\/p>\n<ul>\n<li><strong>Reforzar la asociaci\u00f3n franco-japonesa<\/strong> en los \u00e1mbitos de la defensa, la energ\u00eda nuclear civil y las tecnolog\u00edas avanzadas.<\/li>\n<li><strong>Consolidar la presencia francesa en el Indo-Pac\u00edfico<\/strong>, zona de crecientes tensiones entre grandes potencias.<\/li>\n<li><strong>Diversificar las alianzas europeas<\/strong> ante las incertidumbres geopol\u00edticas mundiales de 2026.<\/li>\n<li><strong>Reforzar los lazos con Se\u00fal<\/strong>, socio estrat\u00e9gico cada vez m\u00e1s activo en la escena internacional.<\/li>\n<\/ul>\n<h2>Preguntas frecuentes \u2014 Visita de Macron a Jap\u00f3n y Corea del Sur 2026<\/h2>\n<dl class=\"faq\">\n<dt>\u00bfCu\u00e1ndo se dirige Emmanuel Macron a Jap\u00f3n?<\/dt>\n<dd>Del 31 de marzo al 2 de abril de 2026. Luego, viajar\u00e1 a Corea del Sur los 2 y 3 de abril de 2026.<\/dd>\n<dt>\u00bfQui\u00e9nes son las personalidades que se encuentran en Jap\u00f3n?<\/dt>\n<dd>La primera ministra Sanae Takaichi para una entrevista y una cena de trabajo, as\u00ed como el emperador Naruhito y la emperatriz Masako para una audiencia oficial.<\/dd>\n<dt>\u00bfBrigitte Macron acompa\u00f1a a su marido en Jap\u00f3n?<\/dt>\n<dd>S\u00ed. A pesar de su aerofobia (miedo a volar), se anuncia que Brigitte Macron formar\u00e1 parte del viaje, como lo hizo en la visita anterior a Jap\u00f3n en 2019.<\/dd>\n<dt>\u00bfCu\u00e1l fue la \u00faltima visita oficial de Macron a Jap\u00f3n?<\/dt>\n<dd>Junio de 2019, en el marco del G20 de Osaka. La pareja presidencial fue recibida en audiencia por el emperador Naruhito y la emperatriz Masako en el Palacio Imperial de Tokio.<\/dd>\n<dt>\u00bfQui\u00e9n es Sanae Takaichi?<\/dt>\n<dd>Sanae Takaichi es la primera ministra de Jap\u00f3n. Pol\u00edtico del Partido Liberal Democr\u00e1tico (PLD), es la primera mujer en ocupar este cargo en la historia de Jap\u00f3n.<\/dd>\n<dt>\u00bfPor qu\u00e9 es importante este viaje desde el punto de vista diplom\u00e1tico?<\/dt>\n<dd>Busca reforzar la asociaci\u00f3n estrat\u00e9gica franco-japonesa en defensa, energ\u00eda y tecnolog\u00edas, as\u00ed como la presencia francesa en el Indo-Pac\u00edfico.<\/dd>\n<\/dl>\n<p>{<br \/>\n  \u00ab\u00a0@context\u00a0\u00bb: \u00ab\u00a0https:\/\/schema.org\u00a0\u00bb,<br \/>\n  \u00ab\u00a0@type\u00a0\u00bb: \u00ab\u00a0Article\u00a0\u00bb,<br \/>\n  \u00ab\u00a0headline\u00a0\u00bb: \u00ab\u00a0Macron en Jap\u00f3n y Corea del Sur a finales de marzo de 2026: audiencia imperial y visita oficial\u00a0\u00bb,<br \/>\n  \u00ab\u00a0description\u00a0\u00bb: \u00ab\u00a0Emmanuel y Brigitte Macron viajar\u00e1n a Jap\u00f3n del 31 de marzo al 2 de abril de 2026, y luego a Corea del Sur. Audiencia con el emperador Naruhito y la emperatriz Masako, reuni\u00f3n con Sanae Takaichi.\u00a0\u00bb,<br \/>\n  \u00ab\u00a0inLanguage\u00a0\u00bb: \u00ab\u00a0es\u00a0\u00bb,<br \/>\n  \u00ab\u00a0datePublished\u00a0\u00bb: \u00ab\u00a02026-03-13\u00a0\u00bb,<br \/>\n  \u00ab\u00a0dateModified\u00a0\u00bb: \u00ab\u00a02026-03-13\u00a0\u00bb,<br \/>\n  \u00ab\u00a0about\u00a0\u00bb: [<br \/>\n    { \u00ab\u00a0@type\u00a0\u00bb: \u00ab\u00a0Person\u00a0\u00bb, \u00ab\u00a0name\u00a0\u00bb: \u00ab\u00a0Emmanuel Macron\u00a0\u00bb },<br \/>\n    { \u00ab\u00a0@type\u00a0\u00bb: \u00ab\u00a0Person\u00a0\u00bb, \u00ab\u00a0name\u00a0\u00bb: \u00ab\u00a0Brigitte Macron\u00a0\u00bb },<br \/>\n    { \u00ab\u00a0@type\u00a0\u00bb: \u00ab\u00a0Person\u00a0\u00bb, \u00ab\u00a0name\u00a0\u00bb: \u00ab\u00a0Naruhito de Jap\u00f3n\u00a0\u00bb },<br \/>\n    { \u00ab\u00a0@type\u00a0\u00bb: \u00ab\u00a0Person\u00a0\u00bb, \u00ab\u00a0name\u00a0\u00bb: \u00ab\u00a0Masako de Jap\u00f3n\u00a0\u00bb },<br \/>\n    { \u00ab\u00a0@type\u00a0\u00bb: \u00ab\u00a0Person\u00a0\u00bb, \u00ab\u00a0name\u00a0\u00bb: \u00ab\u00a0Sanae Takaichi\u00a0\u00bb }<br \/>\n  ]<br \/>\n}<\/p>\n<p>{<br \/>\n  \u00ab\u00a0@context\u00a0\u00bb: \u00ab\u00a0https:\/\/schema.org\u00a0\u00bb,<br \/>\n  \u00ab\u00a0@type\u00a0\u00bb: \u00ab\u00a0FAQPage\u00a0\u00bb,<br \/>\n  \u00ab\u00a0mainEntity\u00a0\u00bb: [<br \/>\n    {<br \/>\n      \u00ab\u00a0@type\u00a0\u00bb: \u00ab\u00a0Question\u00a0\u00bb,<br \/>\n      \u00ab\u00a0name\u00a0\u00bb: \u00ab\u00a0\u00bfCu\u00e1ndo se dirige Emmanuel Macron a Jap\u00f3n?\u00a0\u00bb,<br \/>\n      \u00ab\u00a0acceptedAnswer\u00a0\u00bb: { \u00ab\u00a0@type\u00a0\u00bb: \u00ab\u00a0Answer\u00a0\u00bb, \u00ab\u00a0text\u00a0\u00bb: \u00ab\u00a0Del 31 de marzo al 2 de abril de 2026, y luego a Corea del Sur los 2 y 3 de abril de 2026.\u00a0\u00bb }<br \/>\n    },<br \/>\n    {<br \/>\n      \u00ab\u00a0@type\u00a0\u00bb: \u00ab\u00a0Question\u00a0\u00bb,<br \/>\n      \u00ab\u00a0name\u00a0\u00bb: \u00ab\u00a0\u00bfQui\u00e9nes son las personalidades que se encuentran en Jap\u00f3n?\u00a0\u00bb,<br \/>\n      \u00ab\u00a0acceptedAnswer\u00a0\u00bb: { \u00ab\u00a0@type\u00a0\u00bb: \u00ab\u00a0Answer\u00a0\u00bb, \u00ab\u00a0text\u00a0\u00bb: \u00ab\u00a0La primera ministra Sanae Takaichi y el emperador Naruhito con la emperatriz Masako para una audiencia oficial.\u00a0\u00bb }<br \/>\n    },<br \/>\n    {<br \/>\n      \u00ab\u00a0@type\u00a0\u00bb: \u00ab\u00a0Question\u00a0\u00bb,<br \/>\n      \u00ab\u00a0name\u00a0\u00bb: \u00ab\u00a0\u00bfBrigitte Macron acompa\u00f1a a su marido en Jap\u00f3n?\u00a0\u00bb,<br \/>\n      \u00ab\u00a0acceptedAnswer\u00a0\u00bb: { \u00ab\u00a0@type\u00a0\u00bb: \u00ab\u00a0Answer\u00a0\u00bb, \u00ab\u00a0text\u00a0\u00bb: \u00ab\u00a0S\u00ed, a pesar de su aerofobia, se anuncia que Brigitte Macron est\u00e1 en el viaje.\u00a0\u00bb }<br \/>\n    },<br \/>\n    {<br \/>\n      \u00ab\u00a0@type\u00a0\u00bb: \u00ab\u00a0Question\u00a0\u00bb,<br \/>\n      \u00ab\u00a0name\u00a0\u00bb: \u00ab\u00a0\u00bfCu\u00e1l fue la \u00faltima visita oficial de Macron a Jap\u00f3n?\u00a0\u00bb,<br \/>\n      \u00ab\u00a0acceptedAnswer\u00a0\u00bb: { \u00ab\u00a0@type\u00a0\u00bb: \u00ab\u00a0Answer\u00a0\u00bb, \u00ab\u00a0text\u00a0\u00bb: \u00ab\u00a0Junio de 2019, en el marco del G20 de Osaka, con audiencia en el Palacio Imperial de Tokio.\u00a0\u00bb }<br \/>\n    },<br \/>\n    {<br \/>\n      \u00ab\u00a0@type\u00a0\u00bb: \u00ab\u00a0Question\u00a0\u00bb,<br \/>\n      \u00ab\u00a0name\u00a0\u00bb: \u00ab\u00a0\u00bfQui\u00e9n es Sanae Takaichi?\u00a0\u00bb,<br \/>\n      \u00ab\u00a0acceptedAnswer\u00a0\u00bb: { \u00ab\u00a0@type\u00a0\u00bb: \u00ab\u00a0Answer\u00a0\u00bb, \u00ab\u00a0text\u00a0\u00bb: \u00ab\u00a0Sanae Takaichi es la primera ministra de Jap\u00f3n, la primera mujer en ocupar este cargo.\u00a0\u00bb }<br \/>\n    },<br \/>\n    {<br \/>\n      \u00ab\u00a0@type\u00a0\u00bb: \u00ab\u00a0Question\u00a0\u00bb,<br \/>\n      \u00ab\u00a0name\u00a0\u00bb: \u00ab\u00a0\u00bfPor qu\u00e9 es importante este viaje desde el punto de vista diplom\u00e1tico?\u00a0\u00bb,<br \/>\n      \u00ab\u00a0acceptedAnswer\u00a0\u00bb: { \u00ab\u00a0@type\u00a0\u00bb: \u00ab\u00a0Answer\u00a0\u00bb, \u00ab\u00a0text\u00a0\u00bb: \u00ab\u00a0Busca reforzar la asociaci\u00f3n estrat\u00e9gica franco-japonesa en defensa, energ\u00eda y tecnolog\u00edas, y la presencia francesa en el Indo-Pac\u00edfico.\u00a0\u00bb }<br \/>\n    }<br \/>\n  ]<br \/>\n}<\/p>\n","protected":false},"excerpt":{"rendered":"<p>Macron en Jap\u00f3n y Corea del Sur a finales de marzo de 2026: audiencia imperial y visita oficial body { font-size: 16px; line-height: 1.7; } h2 { font-size: 1.4em; color: #1a2e4a; border-left: 4px solid #1a2e4a; padding-left: 10px; margin-top: 40px; } h3 { font-size: 1.15em; color: #333; margin-top: 24px; } .intro-box { background: #eef2f7; border-left: 5px &#8230; <a title=\"Emmanuel y Brigitte Macron en Jap\u00f3n y Corea del Sur a finales de marzo de 2026: audiencia imperial con Naruhito y Masako\" class=\"read-more\" href=\"https:\/\/www.sebastien-auziere.fr\/blog\/es\/emmanuel-y-brigitte-macron-en-japon-y-corea-del-sur-a-finales-de-marzo-de-2026-audiencia-imperial-con-naruhito-y-masako\/\" aria-label=\"En savoir plus sur Emmanuel y Brigitte Macron en Jap\u00f3n y Corea del Sur a finales de marzo de 2026: audiencia imperial con Naruhito y Masako\">Lire plus<\/a><\/p>\n","protected":false},"author":4,"featured_media":2487,"comment_status":"open","ping_status":"open","sticky":false,"template":"","format":"standard","meta":{"footnotes":""},"categories":[820],"tags":[],"class_list":["post-2491","post","type-post","status-publish","format-standard","has-post-thumbnail","hentry","category-actualidades-es"],"yoast_head":"<!-- This site is optimized with the Yoast SEO plugin v27.5 - https:\/\/yoast.com\/product\/yoast-seo-wordpress\/ -->\n<title>Macron au Japon et en Cor\u00e9e du Sud fin mars 2026 : audience imp\u00e9riale et visite officielle<\/title>\n<meta name=\"description\" content=\"Emmanuel et Brigitte Macron se rendent au Japon du 31 mars au 2 avril 2026, puis en Cor\u00e9e du Sud. Au programme : rencontre avec la PM Sanae Takaichi et audience avec l&#039;empereur Naruhito et l&#039;imp\u00e9ratrice Masako.\" \/>\n<meta name=\"robots\" content=\"index, follow, max-snippet:-1, max-image-preview:large, max-video-preview:-1\" \/>\n<link rel=\"canonical\" href=\"https:\/\/www.sebastien-auziere.fr\/blog\/es\/emmanuel-y-brigitte-macron-en-japon-y-corea-del-sur-a-finales-de-marzo-de-2026-audiencia-imperial-con-naruhito-y-masako\/\" \/>\n<meta property=\"og:locale\" content=\"fr_FR\" \/>\n<meta property=\"og:type\" content=\"article\" \/>\n<meta property=\"og:title\" content=\"Macron au Japon et en Cor\u00e9e du Sud fin mars 2026 : audience imp\u00e9riale et visite officielle\" \/>\n<meta property=\"og:description\" content=\"Emmanuel et Brigitte Macron se rendent au Japon du 31 mars au 2 avril 2026, puis en Cor\u00e9e du Sud. Au programme : rencontre avec la PM Sanae Takaichi et audience avec l&#039;empereur Naruhito et l&#039;imp\u00e9ratrice Masako.\" \/>\n<meta property=\"og:url\" content=\"https:\/\/www.sebastien-auziere.fr\/blog\/es\/emmanuel-y-brigitte-macron-en-japon-y-corea-del-sur-a-finales-de-marzo-de-2026-audiencia-imperial-con-naruhito-y-masako\/\" \/>\n<meta property=\"og:site_name\" content=\"Fan site S\u00e9bastien Auzi\u00e8re\" \/>\n<meta property=\"article:published_time\" content=\"2026-03-14T13:46:30+00:00\" \/>\n<meta property=\"article:modified_time\" content=\"2026-03-14T13:47:29+00:00\" \/>\n<meta property=\"og:image\" content=\"https:\/\/www.sebastien-auziere.fr\/blog\/wp-content\/uploads\/2026\/03\/Capture-decran-2026-03-14-080321.jpg\" \/>\n\t<meta property=\"og:image:width\" content=\"681\" \/>\n\t<meta property=\"og:image:height\" content=\"392\" \/>\n\t<meta property=\"og:image:type\" content=\"image\/jpeg\" \/>\n<meta name=\"author\" content=\"Celine\" \/>\n<meta name=\"twitter:card\" content=\"summary_large_image\" \/>\n<meta name=\"twitter:label1\" content=\"\u00c9crit par\" \/>\n\t<meta name=\"twitter:data1\" content=\"Celine\" \/>\n\t<meta name=\"twitter:label2\" content=\"Dur\u00e9e de lecture estim\u00e9e\" \/>\n\t<meta name=\"twitter:data2\" content=\"7 minutes\" \/>\n<script type=\"application\/ld+json\" class=\"yoast-schema-graph\">{\"@context\":\"https:\\\/\\\/schema.org\",\"@graph\":[{\"@type\":\"Article\",\"@id\":\"https:\\\/\\\/www.sebastien-auziere.fr\\\/blog\\\/es\\\/emmanuel-y-brigitte-macron-en-japon-y-corea-del-sur-a-finales-de-marzo-de-2026-audiencia-imperial-con-naruhito-y-masako\\\/#article\",\"isPartOf\":{\"@id\":\"https:\\\/\\\/www.sebastien-auziere.fr\\\/blog\\\/es\\\/emmanuel-y-brigitte-macron-en-japon-y-corea-del-sur-a-finales-de-marzo-de-2026-audiencia-imperial-con-naruhito-y-masako\\\/\"},\"author\":{\"name\":\"Celine\",\"@id\":\"https:\\\/\\\/www.sebastien-auziere.fr\\\/blog\\\/#\\\/schema\\\/person\\\/1e270a963009242469ed08b1c461f81f\"},\"headline\":\"Emmanuel y Brigitte Macron en Jap\u00f3n y Corea del Sur a finales de marzo de 2026: audiencia imperial con Naruhito y Masako\",\"datePublished\":\"2026-03-14T13:46:30+00:00\",\"dateModified\":\"2026-03-14T13:47:29+00:00\",\"mainEntityOfPage\":{\"@id\":\"https:\\\/\\\/www.sebastien-auziere.fr\\\/blog\\\/es\\\/emmanuel-y-brigitte-macron-en-japon-y-corea-del-sur-a-finales-de-marzo-de-2026-audiencia-imperial-con-naruhito-y-masako\\\/\"},\"wordCount\":1482,\"commentCount\":0,\"publisher\":{\"@id\":\"https:\\\/\\\/www.sebastien-auziere.fr\\\/blog\\\/#organization\"},\"image\":{\"@id\":\"https:\\\/\\\/www.sebastien-auziere.fr\\\/blog\\\/es\\\/emmanuel-y-brigitte-macron-en-japon-y-corea-del-sur-a-finales-de-marzo-de-2026-audiencia-imperial-con-naruhito-y-masako\\\/#primaryimage\"},\"thumbnailUrl\":\"https:\\\/\\\/www.sebastien-auziere.fr\\\/blog\\\/wp-content\\\/uploads\\\/2026\\\/03\\\/Capture-decran-2026-03-14-080321.jpg\",\"articleSection\":[\"Actualidades\"],\"inLanguage\":\"fr-FR\",\"potentialAction\":[{\"@type\":\"CommentAction\",\"name\":\"Comment\",\"target\":[\"https:\\\/\\\/www.sebastien-auziere.fr\\\/blog\\\/es\\\/emmanuel-y-brigitte-macron-en-japon-y-corea-del-sur-a-finales-de-marzo-de-2026-audiencia-imperial-con-naruhito-y-masako\\\/#respond\"]}]},{\"@type\":\"WebPage\",\"@id\":\"https:\\\/\\\/www.sebastien-auziere.fr\\\/blog\\\/es\\\/emmanuel-y-brigitte-macron-en-japon-y-corea-del-sur-a-finales-de-marzo-de-2026-audiencia-imperial-con-naruhito-y-masako\\\/\",\"url\":\"https:\\\/\\\/www.sebastien-auziere.fr\\\/blog\\\/es\\\/emmanuel-y-brigitte-macron-en-japon-y-corea-del-sur-a-finales-de-marzo-de-2026-audiencia-imperial-con-naruhito-y-masako\\\/\",\"name\":\"Macron au Japon et en Cor\u00e9e du Sud fin mars 2026 : audience imp\u00e9riale et visite officielle\",\"isPartOf\":{\"@id\":\"https:\\\/\\\/www.sebastien-auziere.fr\\\/blog\\\/#website\"},\"primaryImageOfPage\":{\"@id\":\"https:\\\/\\\/www.sebastien-auziere.fr\\\/blog\\\/es\\\/emmanuel-y-brigitte-macron-en-japon-y-corea-del-sur-a-finales-de-marzo-de-2026-audiencia-imperial-con-naruhito-y-masako\\\/#primaryimage\"},\"image\":{\"@id\":\"https:\\\/\\\/www.sebastien-auziere.fr\\\/blog\\\/es\\\/emmanuel-y-brigitte-macron-en-japon-y-corea-del-sur-a-finales-de-marzo-de-2026-audiencia-imperial-con-naruhito-y-masako\\\/#primaryimage\"},\"thumbnailUrl\":\"https:\\\/\\\/www.sebastien-auziere.fr\\\/blog\\\/wp-content\\\/uploads\\\/2026\\\/03\\\/Capture-decran-2026-03-14-080321.jpg\",\"datePublished\":\"2026-03-14T13:46:30+00:00\",\"dateModified\":\"2026-03-14T13:47:29+00:00\",\"description\":\"Emmanuel et Brigitte Macron se rendent au Japon du 31 mars au 2 avril 2026, puis en Cor\u00e9e du Sud. Au programme : rencontre avec la PM Sanae Takaichi et audience avec l'empereur Naruhito et l'imp\u00e9ratrice Masako.\",\"breadcrumb\":{\"@id\":\"https:\\\/\\\/www.sebastien-auziere.fr\\\/blog\\\/es\\\/emmanuel-y-brigitte-macron-en-japon-y-corea-del-sur-a-finales-de-marzo-de-2026-audiencia-imperial-con-naruhito-y-masako\\\/#breadcrumb\"},\"inLanguage\":\"fr-FR\",\"potentialAction\":[{\"@type\":\"ReadAction\",\"target\":[\"https:\\\/\\\/www.sebastien-auziere.fr\\\/blog\\\/es\\\/emmanuel-y-brigitte-macron-en-japon-y-corea-del-sur-a-finales-de-marzo-de-2026-audiencia-imperial-con-naruhito-y-masako\\\/\"]}]},{\"@type\":\"ImageObject\",\"inLanguage\":\"fr-FR\",\"@id\":\"https:\\\/\\\/www.sebastien-auziere.fr\\\/blog\\\/es\\\/emmanuel-y-brigitte-macron-en-japon-y-corea-del-sur-a-finales-de-marzo-de-2026-audiencia-imperial-con-naruhito-y-masako\\\/#primaryimage\",\"url\":\"https:\\\/\\\/www.sebastien-auziere.fr\\\/blog\\\/wp-content\\\/uploads\\\/2026\\\/03\\\/Capture-decran-2026-03-14-080321.jpg\",\"contentUrl\":\"https:\\\/\\\/www.sebastien-auziere.fr\\\/blog\\\/wp-content\\\/uploads\\\/2026\\\/03\\\/Capture-decran-2026-03-14-080321.jpg\",\"width\":681,\"height\":392,\"caption\":\"Emmanuel et Brigitte Macron\"},{\"@type\":\"BreadcrumbList\",\"@id\":\"https:\\\/\\\/www.sebastien-auziere.fr\\\/blog\\\/es\\\/emmanuel-y-brigitte-macron-en-japon-y-corea-del-sur-a-finales-de-marzo-de-2026-audiencia-imperial-con-naruhito-y-masako\\\/#breadcrumb\",\"itemListElement\":[{\"@type\":\"ListItem\",\"position\":1,\"name\":\"Home\",\"item\":\"https:\\\/\\\/www.sebastien-auziere.fr\\\/blog\\\/\"},{\"@type\":\"ListItem\",\"position\":2,\"name\":\"Emmanuel y Brigitte Macron en Jap\u00f3n y Corea del Sur a finales de marzo de 2026: audiencia imperial con Naruhito y Masako\"}]},{\"@type\":\"WebSite\",\"@id\":\"https:\\\/\\\/www.sebastien-auziere.fr\\\/blog\\\/#website\",\"url\":\"https:\\\/\\\/www.sebastien-auziere.fr\\\/blog\\\/\",\"name\":\"Fan site S\u00e9bastien Auzi\u00e8re\",\"description\":\"M\u00e9dia g\u00e9n\u00e9raliste\",\"publisher\":{\"@id\":\"https:\\\/\\\/www.sebastien-auziere.fr\\\/blog\\\/#organization\"},\"potentialAction\":[{\"@type\":\"SearchAction\",\"target\":{\"@type\":\"EntryPoint\",\"urlTemplate\":\"https:\\\/\\\/www.sebastien-auziere.fr\\\/blog\\\/?s={search_term_string}\"},\"query-input\":{\"@type\":\"PropertyValueSpecification\",\"valueRequired\":true,\"valueName\":\"search_term_string\"}}],\"inLanguage\":\"fr-FR\"},{\"@type\":\"Organization\",\"@id\":\"https:\\\/\\\/www.sebastien-auziere.fr\\\/blog\\\/#organization\",\"name\":\"Fan site S\u00e9bastien Auzi\u00e8re\",\"url\":\"https:\\\/\\\/www.sebastien-auziere.fr\\\/blog\\\/\",\"logo\":{\"@type\":\"ImageObject\",\"inLanguage\":\"fr-FR\",\"@id\":\"https:\\\/\\\/www.sebastien-auziere.fr\\\/blog\\\/#\\\/schema\\\/logo\\\/image\\\/\",\"url\":\"https:\\\/\\\/www.sebastien-auziere.fr\\\/blog\\\/wp-content\\\/uploads\\\/2026\\\/03\\\/cropped-cropped-cropped-ChatGPT-Image-6-mars-2026-12_58_09-e1772798376794.jpg\",\"contentUrl\":\"https:\\\/\\\/www.sebastien-auziere.fr\\\/blog\\\/wp-content\\\/uploads\\\/2026\\\/03\\\/cropped-cropped-cropped-ChatGPT-Image-6-mars-2026-12_58_09-e1772798376794.jpg\",\"width\":512,\"height\":360,\"caption\":\"Fan site S\u00e9bastien Auzi\u00e8re\"},\"image\":{\"@id\":\"https:\\\/\\\/www.sebastien-auziere.fr\\\/blog\\\/#\\\/schema\\\/logo\\\/image\\\/\"}},{\"@type\":\"Person\",\"@id\":\"https:\\\/\\\/www.sebastien-auziere.fr\\\/blog\\\/#\\\/schema\\\/person\\\/1e270a963009242469ed08b1c461f81f\",\"name\":\"Celine\",\"image\":{\"@type\":\"ImageObject\",\"inLanguage\":\"fr-FR\",\"@id\":\"https:\\\/\\\/secure.gravatar.com\\\/avatar\\\/c88d569fbe1fe19a13c7f21ee0f8973822df96073df21850b95af6a09ba820c9?s=96&d=mm&r=g\",\"url\":\"https:\\\/\\\/secure.gravatar.com\\\/avatar\\\/c88d569fbe1fe19a13c7f21ee0f8973822df96073df21850b95af6a09ba820c9?s=96&d=mm&r=g\",\"contentUrl\":\"https:\\\/\\\/secure.gravatar.com\\\/avatar\\\/c88d569fbe1fe19a13c7f21ee0f8973822df96073df21850b95af6a09ba820c9?s=96&d=mm&r=g\",\"caption\":\"Celine\"},\"description\":\"Je m'appelle C\u00e9line, j'ai 31 ans et je suis journaliste sp\u00e9cialis\u00e9e dans le cin\u00e9ma. Passionn\u00e9e par le septi\u00e8me art, j'explore les actualit\u00e9s, les critiques et les tendances du monde cin\u00e9matographique. Mon objectif est de partager ma passion et d'informer les amateurs de films \u00e0 travers des articles percutants et des analyses approfondies.\",\"url\":\"https:\\\/\\\/www.sebastien-auziere.fr\\\/blog\\\/author\\\/celine\\\/\"}]}<\/script>\n<!-- \/ Yoast SEO plugin. -->","yoast_head_json":{"title":"Macron au Japon et en Cor\u00e9e du Sud fin mars 2026 : audience imp\u00e9riale et visite officielle","description":"Emmanuel et Brigitte Macron se rendent au Japon du 31 mars au 2 avril 2026, puis en Cor\u00e9e du Sud. Au programme : rencontre avec la PM Sanae Takaichi et audience avec l'empereur Naruhito et l'imp\u00e9ratrice Masako.","robots":{"index":"index","follow":"follow","max-snippet":"max-snippet:-1","max-image-preview":"max-image-preview:large","max-video-preview":"max-video-preview:-1"},"canonical":"https:\/\/www.sebastien-auziere.fr\/blog\/es\/emmanuel-y-brigitte-macron-en-japon-y-corea-del-sur-a-finales-de-marzo-de-2026-audiencia-imperial-con-naruhito-y-masako\/","og_locale":"fr_FR","og_type":"article","og_title":"Macron au Japon et en Cor\u00e9e du Sud fin mars 2026 : audience imp\u00e9riale et visite officielle","og_description":"Emmanuel et Brigitte Macron se rendent au Japon du 31 mars au 2 avril 2026, puis en Cor\u00e9e du Sud. Au programme : rencontre avec la PM Sanae Takaichi et audience avec l'empereur Naruhito et l'imp\u00e9ratrice Masako.","og_url":"https:\/\/www.sebastien-auziere.fr\/blog\/es\/emmanuel-y-brigitte-macron-en-japon-y-corea-del-sur-a-finales-de-marzo-de-2026-audiencia-imperial-con-naruhito-y-masako\/","og_site_name":"Fan site S\u00e9bastien Auzi\u00e8re","article_published_time":"2026-03-14T13:46:30+00:00","article_modified_time":"2026-03-14T13:47:29+00:00","og_image":[{"width":681,"height":392,"url":"https:\/\/www.sebastien-auziere.fr\/blog\/wp-content\/uploads\/2026\/03\/Capture-decran-2026-03-14-080321.jpg","type":"image\/jpeg"}],"author":"Celine","twitter_card":"summary_large_image","twitter_misc":{"\u00c9crit par":"Celine","Dur\u00e9e de lecture estim\u00e9e":"7 minutes"},"schema":{"@context":"https:\/\/schema.org","@graph":[{"@type":"Article","@id":"https:\/\/www.sebastien-auziere.fr\/blog\/es\/emmanuel-y-brigitte-macron-en-japon-y-corea-del-sur-a-finales-de-marzo-de-2026-audiencia-imperial-con-naruhito-y-masako\/#article","isPartOf":{"@id":"https:\/\/www.sebastien-auziere.fr\/blog\/es\/emmanuel-y-brigitte-macron-en-japon-y-corea-del-sur-a-finales-de-marzo-de-2026-audiencia-imperial-con-naruhito-y-masako\/"},"author":{"name":"Celine","@id":"https:\/\/www.sebastien-auziere.fr\/blog\/#\/schema\/person\/1e270a963009242469ed08b1c461f81f"},"headline":"Emmanuel y Brigitte Macron en Jap\u00f3n y Corea del Sur a finales de marzo de 2026: audiencia imperial con Naruhito y Masako","datePublished":"2026-03-14T13:46:30+00:00","dateModified":"2026-03-14T13:47:29+00:00","mainEntityOfPage":{"@id":"https:\/\/www.sebastien-auziere.fr\/blog\/es\/emmanuel-y-brigitte-macron-en-japon-y-corea-del-sur-a-finales-de-marzo-de-2026-audiencia-imperial-con-naruhito-y-masako\/"},"wordCount":1482,"commentCount":0,"publisher":{"@id":"https:\/\/www.sebastien-auziere.fr\/blog\/#organization"},"image":{"@id":"https:\/\/www.sebastien-auziere.fr\/blog\/es\/emmanuel-y-brigitte-macron-en-japon-y-corea-del-sur-a-finales-de-marzo-de-2026-audiencia-imperial-con-naruhito-y-masako\/#primaryimage"},"thumbnailUrl":"https:\/\/www.sebastien-auziere.fr\/blog\/wp-content\/uploads\/2026\/03\/Capture-decran-2026-03-14-080321.jpg","articleSection":["Actualidades"],"inLanguage":"fr-FR","potentialAction":[{"@type":"CommentAction","name":"Comment","target":["https:\/\/www.sebastien-auziere.fr\/blog\/es\/emmanuel-y-brigitte-macron-en-japon-y-corea-del-sur-a-finales-de-marzo-de-2026-audiencia-imperial-con-naruhito-y-masako\/#respond"]}]},{"@type":"WebPage","@id":"https:\/\/www.sebastien-auziere.fr\/blog\/es\/emmanuel-y-brigitte-macron-en-japon-y-corea-del-sur-a-finales-de-marzo-de-2026-audiencia-imperial-con-naruhito-y-masako\/","url":"https:\/\/www.sebastien-auziere.fr\/blog\/es\/emmanuel-y-brigitte-macron-en-japon-y-corea-del-sur-a-finales-de-marzo-de-2026-audiencia-imperial-con-naruhito-y-masako\/","name":"Macron au Japon et en Cor\u00e9e du Sud fin mars 2026 : audience imp\u00e9riale et visite officielle","isPartOf":{"@id":"https:\/\/www.sebastien-auziere.fr\/blog\/#website"},"primaryImageOfPage":{"@id":"https:\/\/www.sebastien-auziere.fr\/blog\/es\/emmanuel-y-brigitte-macron-en-japon-y-corea-del-sur-a-finales-de-marzo-de-2026-audiencia-imperial-con-naruhito-y-masako\/#primaryimage"},"image":{"@id":"https:\/\/www.sebastien-auziere.fr\/blog\/es\/emmanuel-y-brigitte-macron-en-japon-y-corea-del-sur-a-finales-de-marzo-de-2026-audiencia-imperial-con-naruhito-y-masako\/#primaryimage"},"thumbnailUrl":"https:\/\/www.sebastien-auziere.fr\/blog\/wp-content\/uploads\/2026\/03\/Capture-decran-2026-03-14-080321.jpg","datePublished":"2026-03-14T13:46:30+00:00","dateModified":"2026-03-14T13:47:29+00:00","description":"Emmanuel et Brigitte Macron se rendent au Japon du 31 mars au 2 avril 2026, puis en Cor\u00e9e du Sud. Au programme : rencontre avec la PM Sanae Takaichi et audience avec l'empereur Naruhito et l'imp\u00e9ratrice Masako.","breadcrumb":{"@id":"https:\/\/www.sebastien-auziere.fr\/blog\/es\/emmanuel-y-brigitte-macron-en-japon-y-corea-del-sur-a-finales-de-marzo-de-2026-audiencia-imperial-con-naruhito-y-masako\/#breadcrumb"},"inLanguage":"fr-FR","potentialAction":[{"@type":"ReadAction","target":["https:\/\/www.sebastien-auziere.fr\/blog\/es\/emmanuel-y-brigitte-macron-en-japon-y-corea-del-sur-a-finales-de-marzo-de-2026-audiencia-imperial-con-naruhito-y-masako\/"]}]},{"@type":"ImageObject","inLanguage":"fr-FR","@id":"https:\/\/www.sebastien-auziere.fr\/blog\/es\/emmanuel-y-brigitte-macron-en-japon-y-corea-del-sur-a-finales-de-marzo-de-2026-audiencia-imperial-con-naruhito-y-masako\/#primaryimage","url":"https:\/\/www.sebastien-auziere.fr\/blog\/wp-content\/uploads\/2026\/03\/Capture-decran-2026-03-14-080321.jpg","contentUrl":"https:\/\/www.sebastien-auziere.fr\/blog\/wp-content\/uploads\/2026\/03\/Capture-decran-2026-03-14-080321.jpg","width":681,"height":392,"caption":"Emmanuel et Brigitte Macron"},{"@type":"BreadcrumbList","@id":"https:\/\/www.sebastien-auziere.fr\/blog\/es\/emmanuel-y-brigitte-macron-en-japon-y-corea-del-sur-a-finales-de-marzo-de-2026-audiencia-imperial-con-naruhito-y-masako\/#breadcrumb","itemListElement":[{"@type":"ListItem","position":1,"name":"Home","item":"https:\/\/www.sebastien-auziere.fr\/blog\/"},{"@type":"ListItem","position":2,"name":"Emmanuel y Brigitte Macron en Jap\u00f3n y Corea del Sur a finales de marzo de 2026: audiencia imperial con Naruhito y Masako"}]},{"@type":"WebSite","@id":"https:\/\/www.sebastien-auziere.fr\/blog\/#website","url":"https:\/\/www.sebastien-auziere.fr\/blog\/","name":"Fan site S\u00e9bastien Auzi\u00e8re","description":"M\u00e9dia g\u00e9n\u00e9raliste","publisher":{"@id":"https:\/\/www.sebastien-auziere.fr\/blog\/#organization"},"potentialAction":[{"@type":"SearchAction","target":{"@type":"EntryPoint","urlTemplate":"https:\/\/www.sebastien-auziere.fr\/blog\/?s={search_term_string}"},"query-input":{"@type":"PropertyValueSpecification","valueRequired":true,"valueName":"search_term_string"}}],"inLanguage":"fr-FR"},{"@type":"Organization","@id":"https:\/\/www.sebastien-auziere.fr\/blog\/#organization","name":"Fan site S\u00e9bastien Auzi\u00e8re","url":"https:\/\/www.sebastien-auziere.fr\/blog\/","logo":{"@type":"ImageObject","inLanguage":"fr-FR","@id":"https:\/\/www.sebastien-auziere.fr\/blog\/#\/schema\/logo\/image\/","url":"https:\/\/www.sebastien-auziere.fr\/blog\/wp-content\/uploads\/2026\/03\/cropped-cropped-cropped-ChatGPT-Image-6-mars-2026-12_58_09-e1772798376794.jpg","contentUrl":"https:\/\/www.sebastien-auziere.fr\/blog\/wp-content\/uploads\/2026\/03\/cropped-cropped-cropped-ChatGPT-Image-6-mars-2026-12_58_09-e1772798376794.jpg","width":512,"height":360,"caption":"Fan site S\u00e9bastien Auzi\u00e8re"},"image":{"@id":"https:\/\/www.sebastien-auziere.fr\/blog\/#\/schema\/logo\/image\/"}},{"@type":"Person","@id":"https:\/\/www.sebastien-auziere.fr\/blog\/#\/schema\/person\/1e270a963009242469ed08b1c461f81f","name":"Celine","image":{"@type":"ImageObject","inLanguage":"fr-FR","@id":"https:\/\/secure.gravatar.com\/avatar\/c88d569fbe1fe19a13c7f21ee0f8973822df96073df21850b95af6a09ba820c9?s=96&d=mm&r=g","url":"https:\/\/secure.gravatar.com\/avatar\/c88d569fbe1fe19a13c7f21ee0f8973822df96073df21850b95af6a09ba820c9?s=96&d=mm&r=g","contentUrl":"https:\/\/secure.gravatar.com\/avatar\/c88d569fbe1fe19a13c7f21ee0f8973822df96073df21850b95af6a09ba820c9?s=96&d=mm&r=g","caption":"Celine"},"description":"Je m'appelle C\u00e9line, j'ai 31 ans et je suis journaliste sp\u00e9cialis\u00e9e dans le cin\u00e9ma. Passionn\u00e9e par le septi\u00e8me art, j'explore les actualit\u00e9s, les critiques et les tendances du monde cin\u00e9matographique. Mon objectif est de partager ma passion et d'informer les amateurs de films \u00e0 travers des articles percutants et des analyses approfondies.","url":"https:\/\/www.sebastien-auziere.fr\/blog\/author\/celine\/"}]}},"views":4,"_links":{"self":[{"href":"https:\/\/www.sebastien-auziere.fr\/blog\/wp-json\/wp\/v2\/posts\/2491","targetHints":{"allow":["GET"]}}],"collection":[{"href":"https:\/\/www.sebastien-auziere.fr\/blog\/wp-json\/wp\/v2\/posts"}],"about":[{"href":"https:\/\/www.sebastien-auziere.fr\/blog\/wp-json\/wp\/v2\/types\/post"}],"author":[{"embeddable":true,"href":"https:\/\/www.sebastien-auziere.fr\/blog\/wp-json\/wp\/v2\/users\/4"}],"replies":[{"embeddable":true,"href":"https:\/\/www.sebastien-auziere.fr\/blog\/wp-json\/wp\/v2\/comments?post=2491"}],"version-history":[{"count":1,"href":"https:\/\/www.sebastien-auziere.fr\/blog\/wp-json\/wp\/v2\/posts\/2491\/revisions"}],"predecessor-version":[{"id":2495,"href":"https:\/\/www.sebastien-auziere.fr\/blog\/wp-json\/wp\/v2\/posts\/2491\/revisions\/2495"}],"wp:featuredmedia":[{"embeddable":true,"href":"https:\/\/www.sebastien-auziere.fr\/blog\/wp-json\/wp\/v2\/media\/2487"}],"wp:attachment":[{"href":"https:\/\/www.sebastien-auziere.fr\/blog\/wp-json\/wp\/v2\/media?parent=2491"}],"wp:term":[{"taxonomy":"category","embeddable":true,"href":"https:\/\/www.sebastien-auziere.fr\/blog\/wp-json\/wp\/v2\/categories?post=2491"},{"taxonomy":"post_tag","embeddable":true,"href":"https:\/\/www.sebastien-auziere.fr\/blog\/wp-json\/wp\/v2\/tags?post=2491"}],"curies":[{"name":"wp","href":"https:\/\/api.w.org\/{rel}","templated":true}]}}