{"id":2486,"date":"2026-03-14T13:44:32","date_gmt":"2026-03-14T13:44:32","guid":{"rendered":"https:\/\/www.sebastien-auziere.fr\/blog\/?p=2486"},"modified":"2026-03-14T13:44:33","modified_gmt":"2026-03-14T13:44:33","slug":"macron-au-japon-et-en-coree-du-sud-fin-mars-2026-audience-imperiale-et-visite-officielle","status":"publish","type":"post","link":"https:\/\/www.sebastien-auziere.fr\/blog\/macron-au-japon-et-en-coree-du-sud-fin-mars-2026-audience-imperiale-et-visite-officielle\/","title":{"rendered":"Emmanuel et Brigitte Macron au Japon et en Cor\u00e9e du Sud fin mars 2026 : audience imp\u00e9riale avec Naruhito et Masako"},"content":{"rendered":"<p><!DOCTYPE html><br \/>\n<html lang=\"fr\"><br \/>\n<head><br \/>\n<meta charset=\"UTF-8\"><br \/>\n<meta name=\"viewport\" content=\"width=device-width, initial-scale=1.0\"><br \/>\n<title>Macron au Japon et en Cor\u00e9e du Sud fin mars 2026 : audience imp\u00e9riale et visite officielle<\/title><br \/>\n<meta name=\"description\" content=\"Emmanuel et Brigitte Macron se rendent au Japon du 31 mars au 2 avril 2026, puis en Cor\u00e9e du Sud les 2 et 3 avril. Au programme : rencontre avec la PM Sanae Takaichi et audience avec l'empereur Naruhito et l'imp\u00e9ratrice Masako.\"><\/p>\n<style>\n  body { font-size: 16px; line-height: 1.7; }\n  h2 { font-size: 1.4em; color: #1a2e4a; border-left: 4px solid #1a2e4a; padding-left: 10px; margin-top: 40px; }\n  h3 { font-size: 1.15em; color: #333; margin-top: 24px; }\n  .intro-box { background: #eef2f7; border-left: 5px solid #1a2e4a; padding: 16px 20px; border-radius: 4px; margin: 0 0 30px; }\n  .intro-box p { margin: 0; }\n  .info-box { background: #e8f4fd; border-left: 5px solid #1976d2; padding: 14px 18px; border-radius: 4px; margin: 20px 0; }\n  blockquote { border-left: 4px solid #1a2e4a; margin: 24px 0; padding: 12px 20px; background: #f5f7fa; font-style: italic; color: #444; }\n  table { width: 100%; border-collapse: collapse; margin: 16px 0; }\n  th { background: #1a2e4a; color: #fff; padding: 10px 12px; text-align: left; }\n  td { padding: 9px 12px; border-bottom: 1px solid #ddd; }\n  tr:nth-child(even) td { background: #f5f7fa; }\n  ul li, ol li { margin-bottom: 6px; }\n  a { color: #1a2e4a; }\n  .faq dt { font-weight: bold; margin-top: 18px; color: #1a2e4a; }\n  .faq dd { margin: 6px 0 12px 0; }\n<\/style>\n<p><\/head><br \/>\n<body><\/p>\n<div class=\"intro-box\">\n<p><strong>En bref :<\/strong> Emmanuel et Brigitte Macron effectueront une visite officielle au <strong>Japon du 31 mars au 2 avril 2026<\/strong>, puis en <strong>Cor\u00e9e du Sud les 2 et 3 avril<\/strong>. Au Japon, le pr\u00e9sident fran\u00e7ais rencontrera la Premi\u00e8re ministre Sanae Takaichi et sera re\u00e7u en audience par <strong>l&#8217;empereur Naruhito et l&rsquo;imp\u00e9ratrice Masako<\/strong>. Un d\u00e9placement annonc\u00e9 simultan\u00e9ment par Tokyo et S\u00e9oul le vendredi 13 mars 2026.<\/p>\n<\/div>\n<p>\u00c0 pr\u00e8s de 10 000 kilom\u00e8tres de Paris, Emmanuel et Brigitte Macron s&rsquo;appr\u00eatent \u00e0 vivre une nouvelle s\u00e9quence diplomatique majeure. Cette tourn\u00e9e asiatique de fin mars \u2014 la premi\u00e8re visite d&rsquo;\u00c9tat en France au Japon depuis plusieurs ann\u00e9es \u2014 combine enjeux g\u00e9opolitiques, coop\u00e9ration bilat\u00e9rale et protocole imp\u00e9rial. Retour sur ce d\u00e9placement tr\u00e8s attendu.<\/p>\n<blockquote><p>La derni\u00e8re audience accord\u00e9e par le couple imp\u00e9rial japonais au couple pr\u00e9sidentiel fran\u00e7ais remonte \u00e0 juin 2019, \u00e0 Tokyo, en marge du G20 d&rsquo;Osaka.<\/p><\/blockquote>\n<h2>Un programme en deux \u00e9tapes : Japon puis Cor\u00e9e du Sud<\/h2>\n<p>La tourn\u00e9e asiatique d&rsquo;Emmanuel Macron se d\u00e9roule en deux temps distincts, annonc\u00e9s simultan\u00e9ment par les capitales concern\u00e9es le 13 mars 2026.<\/p>\n<div style=\"overflow:auto;max-width:100%\">\n<table>\n<thead>\n<tr>\n<th>Dates<\/th>\n<th>Pays<\/th>\n<th>Principaux rendez-vous<\/th>\n<\/tr>\n<\/thead>\n<tbody>\n<tr>\n<td>31 mars \u2013 2 avril 2026<\/td>\n<td>\ud83c\uddef\ud83c\uddf5 Japon<\/td>\n<td>Rencontre avec la PM Sanae Takaichi, audience imp\u00e9riale avec Naruhito et Masako, d\u00eener de travail<\/td>\n<\/tr>\n<tr>\n<td>2 \u2013 3 avril 2026<\/td>\n<td>\ud83c\uddf0\ud83c\uddf7 Cor\u00e9e du Sud<\/td>\n<td>Rencontres avec les partenaires institutionnels sud-cor\u00e9ens<\/td>\n<\/tr>\n<\/tbody>\n<\/table>\n<\/div>\n<h2>Au Japon : Sanae Takaichi et un d\u00eener de travail<\/h2>\n<p>\u00c0 Tokyo, Emmanuel Macron est attendu par la Premi\u00e8re ministre japonaise <strong>Sanae Takaichi<\/strong>. Selon le porte-parole du gouvernement nippon, Minoru Kihara, les deux dirigeants s&rsquo;entretiendront avant un d\u00eener de travail. L&rsquo;objectif affich\u00e9 : \u00ab approfondir davantage les liens d&rsquo;amiti\u00e9 et de coop\u00e9ration entre les deux pays \u00bb.<\/p>\n<p>Cette rencontre s&rsquo;inscrit dans un contexte g\u00e9opolitique charg\u00e9, o\u00f9 les partenariats indo-pacifiques prennent une importance croissante pour la France, puissance maritime pr\u00e9sente dans la r\u00e9gion via ses territoires d&rsquo;outre-mer.<\/p>\n<h2>L&rsquo;audience imp\u00e9riale : Naruhito et Masako re\u00e7oivent les Macron<\/h2>\n<p>Le temps fort protocolaire de ce s\u00e9jour japonais sera l&rsquo;<strong>audience accord\u00e9e par l&#8217;empereur Naruhito et l&rsquo;imp\u00e9ratrice Masako<\/strong> au couple pr\u00e9sidentiel fran\u00e7ais. Ces audiences imp\u00e9riales \u2014 rares et hautement codifi\u00e9es \u2014 constituent traditionnellement l&rsquo;un des moments les plus symboliques d&rsquo;une visite d&rsquo;\u00c9tat au Japon. Elles signifient l&rsquo;importance accord\u00e9e par Tokyo \u00e0 ses relations avec le pays re\u00e7u.<\/p>\n<div class=\"info-box\">\n  <strong>\ud83c\udfef Rappel historique :<\/strong> En juin 2019, Emmanuel et Brigitte Macron avaient d\u00e9j\u00e0 \u00e9t\u00e9 re\u00e7us au Palais Imp\u00e9rial de Tokyo par Naruhito et Masako, \u00e0 l&rsquo;occasion d&rsquo;un d\u00e9jeuner suivi d&rsquo;un entretien entre les deux chefs d&rsquo;\u00c9tat, en marge du G20 d&rsquo;Osaka. Cette nouvelle audience, sept ans plus tard, r\u00e9affirme la solidit\u00e9 des liens franco-japonais.\n<\/div>\n<p>Naruhito a acc\u00e9d\u00e9 au Chrysanth\u00e8me le 1\u1d49\u02b3 mai 2019, succ\u00e9dant \u00e0 son p\u00e8re Akihito. Son \u00e9pouse Masako, ancienne diplomate de formation, est particuli\u00e8rement appr\u00e9ci\u00e9e dans les cercles internationaux pour sa ma\u00eetrise des langues et sa sensibilit\u00e9 aux enjeux mondiaux.<\/p>\n<h2>Brigitte Macron au Japon : un voyage redout\u00e9<\/h2>\n<p>Ce d\u00e9placement repr\u00e9sente aussi un d\u00e9fi personnel pour la Premi\u00e8re dame. Brigitte Macron souffre en effet d&rsquo;<strong>a\u00e9rodromophobie<\/strong> \u2014 une peur intense de l&rsquo;avion. Un vol Paris-Tokyo d\u00e9passe les 11 heures, ce qui en fait l&rsquo;un des voyages les plus \u00e9prouvants pour elle. Selon le journaliste Fran\u00e7ois-Xavier Bourmaud dans son ouvrage <em>Les coulisses d&rsquo;une victoire<\/em>, un conseiller d\u00e9crivait ainsi la situation :<\/p>\n<blockquote><p>\u00ab Elle le suit dans presque tous ses d\u00e9placements de campagne. Il n&rsquo;y a gu\u00e8re qu&rsquo;\u00e0 l&rsquo;\u00e9tranger qu&rsquo;elle n&rsquo;appara\u00eet jamais. Voyager \u00e0 c\u00f4t\u00e9 d&rsquo;elle dans les airs, c&rsquo;est l&rsquo;assurance d&rsquo;arriver avec la main broy\u00e9e. \u00bb<\/p><\/blockquote>\n<p>Malgr\u00e9 cette appr\u00e9hension, Brigitte Macron accompagne r\u00e9guli\u00e8rement le pr\u00e9sident lors des visites d&rsquo;\u00c9tat les plus symboliques, comme ce fut le cas en 2019 au Japon.<\/p>\n<h2>Pourquoi ce d\u00e9placement est strat\u00e9gique pour la France<\/h2>\n<p>Au-del\u00e0 du protocole, cette tourn\u00e9e asiatique r\u00e9pond \u00e0 plusieurs objectifs g\u00e9opolitiques et \u00e9conomiques :<\/p>\n<ul>\n<li><strong>Renforcer le partenariat franco-japonais<\/strong> dans les domaines de la d\u00e9fense, de l&rsquo;\u00e9nergie nucl\u00e9aire civile et des technologies avanc\u00e9es.<\/li>\n<li><strong>Consolider la pr\u00e9sence fran\u00e7aise en Indo-Pacifique<\/strong>, zone de tensions croissantes entre grandes puissances.<\/li>\n<li><strong>Diversifier les alliances europ\u00e9ennes<\/strong> face aux incertitudes g\u00e9opolitiques mondiales de 2026.<\/li>\n<li><strong>Renforcer les liens avec S\u00e9oul<\/strong>, partenaire strat\u00e9gique de plus en plus actif sur la sc\u00e8ne internationale.<\/li>\n<\/ul>\n<h2>FAQ \u2014 Visite de Macron au Japon et en Cor\u00e9e du Sud 2026<\/h2>\n<dl class=\"faq\">\n<dt>Quand Emmanuel Macron se rend-il au Japon ?<\/dt>\n<dd>Du 31 mars au 2 avril 2026. Il se rendra ensuite en Cor\u00e9e du Sud les 2 et 3 avril 2026.<\/dd>\n<dt>Qui sont les personnalit\u00e9s rencontr\u00e9es au Japon ?<\/dt>\n<dd>La Premi\u00e8re ministre Sanae Takaichi pour un entretien et un d\u00eener de travail, ainsi que l&#8217;empereur Naruhito et l&rsquo;imp\u00e9ratrice Masako pour une audience officielle.<\/dd>\n<dt>Brigitte Macron accompagne-t-elle son mari au Japon ?<\/dt>\n<dd>Oui. Malgr\u00e9 son a\u00e9rodromophobie (peur de l&rsquo;avion), Brigitte Macron est annonc\u00e9e dans le voyage, comme elle l&rsquo;avait fait lors de la pr\u00e9c\u00e9dente visite au Japon en 2019.<\/dd>\n<dt>Quelle est la derni\u00e8re visite officielle de Macron au Japon ?<\/dt>\n<dd>Juin 2019, en marge du G20 d&rsquo;Osaka. Le couple pr\u00e9sidentiel avait alors \u00e9t\u00e9 re\u00e7u en audience par l&#8217;empereur Naruhito et l&rsquo;imp\u00e9ratrice Masako au Palais Imp\u00e9rial de Tokyo.<\/dd>\n<dt>Qui est Sanae Takaichi ?<\/dt>\n<dd>Sanae Takaichi est la Premi\u00e8re ministre du Japon. Politicienne du Parti lib\u00e9ral-d\u00e9mocrate (PLD), elle est la premi\u00e8re femme \u00e0 occuper ce poste dans l&rsquo;histoire du Japon.<\/dd>\n<dt>Pourquoi ce voyage est-il important diplomatiquement ?<\/dt>\n<dd>Il vise \u00e0 renforcer le partenariat strat\u00e9gique franco-japonais dans les domaines de la d\u00e9fense, de l&rsquo;\u00e9nergie et des technologies, ainsi que la pr\u00e9sence fran\u00e7aise en Indo-Pacifique.<\/dd>\n<\/dl>\n<p><script type=\"application\/ld+json\">\n{\n  \"@context\": \"https:\/\/schema.org\",\n  \"@type\": \"Article\",\n  \"headline\": \"Macron au Japon et en Cor\u00e9e du Sud fin mars 2026 : audience imp\u00e9riale et visite officielle\",\n  \"description\": \"Emmanuel et Brigitte Macron se rendent au Japon du 31 mars au 2 avril 2026, puis en Cor\u00e9e du Sud. Audience avec l'empereur Naruhito et l'imp\u00e9ratrice Masako, rencontre avec Sanae Takaichi.\",\n  \"inLanguage\": \"fr\",\n  \"datePublished\": \"2026-03-13\",\n  \"dateModified\": \"2026-03-13\",\n  \"about\": [\n    { \"@type\": \"Person\", \"name\": \"Emmanuel Macron\" },\n    { \"@type\": \"Person\", \"name\": \"Brigitte Macron\" },\n    { \"@type\": \"Person\", \"name\": \"Naruhito du Japon\" },\n    { \"@type\": \"Person\", \"name\": \"Masako du Japon\" },\n    { \"@type\": \"Person\", \"name\": \"Sanae Takaichi\" }\n  ]\n}\n<\/script><\/p>\n<p><script type=\"application\/ld+json\">\n{\n  \"@context\": \"https:\/\/schema.org\",\n  \"@type\": \"FAQPage\",\n  \"mainEntity\": [\n    {\n      \"@type\": \"Question\",\n      \"name\": \"Quand Emmanuel Macron se rend-il au Japon ?\",\n      \"acceptedAnswer\": { \"@type\": \"Answer\", \"text\": \"Du 31 mars au 2 avril 2026, puis en Cor\u00e9e du Sud les 2 et 3 avril 2026.\" }\n    },\n    {\n      \"@type\": \"Question\",\n      \"name\": \"Qui sont les personnalit\u00e9s rencontr\u00e9es au Japon ?\",\n      \"acceptedAnswer\": { \"@type\": \"Answer\", \"text\": \"La Premi\u00e8re ministre Sanae Takaichi et l'empereur Naruhito avec l'imp\u00e9ratrice Masako pour une audience officielle.\" }\n    },\n    {\n      \"@type\": \"Question\",\n      \"name\": \"Brigitte Macron accompagne-t-elle son mari au Japon ?\",\n      \"acceptedAnswer\": { \"@type\": \"Answer\", \"text\": \"Oui, malgr\u00e9 son a\u00e9rodromophobie, Brigitte Macron est annonc\u00e9e dans le voyage.\" }\n    },\n    {\n      \"@type\": \"Question\",\n      \"name\": \"Quelle est la derni\u00e8re visite officielle de Macron au Japon ?\",\n      \"acceptedAnswer\": { \"@type\": \"Answer\", \"text\": \"Juin 2019, en marge du G20 d'Osaka, avec audience au Palais Imp\u00e9rial de Tokyo.\" }\n    },\n    {\n      \"@type\": \"Question\",\n      \"name\": \"Qui est Sanae Takaichi ?\",\n      \"acceptedAnswer\": { \"@type\": \"Answer\", \"text\": \"Sanae Takaichi est la Premi\u00e8re ministre du Japon, premi\u00e8re femme \u00e0 occuper ce poste.\" }\n    },\n    {\n      \"@type\": \"Question\",\n      \"name\": \"Pourquoi ce voyage est-il important diplomatiquement ?\",\n      \"acceptedAnswer\": { \"@type\": \"Answer\", \"text\": \"Il vise \u00e0 renforcer le partenariat franco-japonais dans la d\u00e9fense, l'\u00e9nergie et les technologies, et la pr\u00e9sence fran\u00e7aise en Indo-Pacifique.\" }\n    }\n  ]\n}\n<\/script><\/p>\n<p><\/body><br \/>\n<\/html><\/p>\n","protected":false},"excerpt":{"rendered":"<p>Macron au Japon et en Cor\u00e9e du Sud fin mars 2026 : audience imp\u00e9riale et visite officielle En bref : Emmanuel et Brigitte Macron effectueront une visite officielle au Japon du 31 mars au 2 avril 2026, puis en Cor\u00e9e du Sud les 2 et 3 avril. Au Japon, le pr\u00e9sident fran\u00e7ais rencontrera la Premi\u00e8re &#8230; <a title=\"Emmanuel et Brigitte Macron au Japon et en Cor\u00e9e du Sud fin mars 2026 : audience imp\u00e9riale avec Naruhito et Masako\" class=\"read-more\" href=\"https:\/\/www.sebastien-auziere.fr\/blog\/macron-au-japon-et-en-coree-du-sud-fin-mars-2026-audience-imperiale-et-visite-officielle\/\" aria-label=\"En savoir plus sur Emmanuel et Brigitte Macron au Japon et en Cor\u00e9e du Sud fin mars 2026 : audience imp\u00e9riale avec Naruhito et Masako\">Lire plus<\/a><\/p>\n","protected":false},"author":4,"featured_media":2487,"comment_status":"open","ping_status":"open","sticky":false,"template":"","format":"standard","meta":{"footnotes":""},"categories":[597],"tags":[],"class_list":["post-2486","post","type-post","status-publish","format-standard","has-post-thumbnail","hentry","category-actualites"],"yoast_head":"<!-- This site is optimized with the Yoast SEO plugin v27.5 - https:\/\/yoast.com\/product\/yoast-seo-wordpress\/ -->\n<title>Macron au Japon et en Cor\u00e9e du Sud fin mars 2026 : audience imp\u00e9riale et visite officielle<\/title>\n<meta name=\"description\" content=\"Emmanuel et Brigitte Macron se rendent au Japon du 31 mars au 2 avril 2026, puis en Cor\u00e9e du Sud. Au programme : rencontre avec la PM Sanae Takaichi et audience avec l&#039;empereur Naruhito et l&#039;imp\u00e9ratrice Masako.\" \/>\n<meta name=\"robots\" content=\"index, follow, max-snippet:-1, max-image-preview:large, max-video-preview:-1\" \/>\n<link rel=\"canonical\" href=\"https:\/\/www.sebastien-auziere.fr\/blog\/macron-au-japon-et-en-coree-du-sud-fin-mars-2026-audience-imperiale-et-visite-officielle\/\" \/>\n<meta property=\"og:locale\" content=\"fr_FR\" \/>\n<meta property=\"og:type\" content=\"article\" \/>\n<meta property=\"og:title\" content=\"Macron au Japon et en Cor\u00e9e du Sud fin mars 2026 : audience imp\u00e9riale et visite officielle\" \/>\n<meta property=\"og:description\" content=\"Emmanuel et Brigitte Macron se rendent au Japon du 31 mars au 2 avril 2026, puis en Cor\u00e9e du Sud. Au programme : rencontre avec la PM Sanae Takaichi et audience avec l&#039;empereur Naruhito et l&#039;imp\u00e9ratrice Masako.\" \/>\n<meta property=\"og:url\" content=\"https:\/\/www.sebastien-auziere.fr\/blog\/macron-au-japon-et-en-coree-du-sud-fin-mars-2026-audience-imperiale-et-visite-officielle\/\" \/>\n<meta property=\"og:site_name\" content=\"Fan site S\u00e9bastien Auzi\u00e8re\" \/>\n<meta property=\"article:published_time\" content=\"2026-03-14T13:44:32+00:00\" \/>\n<meta property=\"article:modified_time\" content=\"2026-03-14T13:44:33+00:00\" \/>\n<meta property=\"og:image\" content=\"https:\/\/www.sebastien-auziere.fr\/blog\/wp-content\/uploads\/2026\/03\/Capture-decran-2026-03-14-080321.jpg\" \/>\n\t<meta property=\"og:image:width\" content=\"681\" \/>\n\t<meta property=\"og:image:height\" content=\"392\" \/>\n\t<meta property=\"og:image:type\" content=\"image\/jpeg\" \/>\n<meta name=\"author\" content=\"Celine\" \/>\n<meta name=\"twitter:card\" content=\"summary_large_image\" \/>\n<meta name=\"twitter:label1\" content=\"\u00c9crit par\" \/>\n\t<meta name=\"twitter:data1\" content=\"Celine\" \/>\n\t<meta name=\"twitter:label2\" content=\"Dur\u00e9e de lecture estim\u00e9e\" \/>\n\t<meta name=\"twitter:data2\" content=\"5 minutes\" \/>\n<script type=\"application\/ld+json\" class=\"yoast-schema-graph\">{\"@context\":\"https:\\\/\\\/schema.org\",\"@graph\":[{\"@type\":\"Article\",\"@id\":\"https:\\\/\\\/www.sebastien-auziere.fr\\\/blog\\\/macron-au-japon-et-en-coree-du-sud-fin-mars-2026-audience-imperiale-et-visite-officielle\\\/#article\",\"isPartOf\":{\"@id\":\"https:\\\/\\\/www.sebastien-auziere.fr\\\/blog\\\/macron-au-japon-et-en-coree-du-sud-fin-mars-2026-audience-imperiale-et-visite-officielle\\\/\"},\"author\":{\"name\":\"Celine\",\"@id\":\"https:\\\/\\\/www.sebastien-auziere.fr\\\/blog\\\/#\\\/schema\\\/person\\\/1e270a963009242469ed08b1c461f81f\"},\"headline\":\"Emmanuel et Brigitte Macron au Japon et en Cor\u00e9e du Sud fin mars 2026 : audience imp\u00e9riale avec Naruhito et Masako\",\"datePublished\":\"2026-03-14T13:44:32+00:00\",\"dateModified\":\"2026-03-14T13:44:33+00:00\",\"mainEntityOfPage\":{\"@id\":\"https:\\\/\\\/www.sebastien-auziere.fr\\\/blog\\\/macron-au-japon-et-en-coree-du-sud-fin-mars-2026-audience-imperiale-et-visite-officielle\\\/\"},\"wordCount\":974,\"commentCount\":0,\"publisher\":{\"@id\":\"https:\\\/\\\/www.sebastien-auziere.fr\\\/blog\\\/#organization\"},\"image\":{\"@id\":\"https:\\\/\\\/www.sebastien-auziere.fr\\\/blog\\\/macron-au-japon-et-en-coree-du-sud-fin-mars-2026-audience-imperiale-et-visite-officielle\\\/#primaryimage\"},\"thumbnailUrl\":\"https:\\\/\\\/www.sebastien-auziere.fr\\\/blog\\\/wp-content\\\/uploads\\\/2026\\\/03\\\/Capture-decran-2026-03-14-080321.jpg\",\"articleSection\":[\"Actualit\u00e9s\"],\"inLanguage\":\"fr-FR\",\"potentialAction\":[{\"@type\":\"CommentAction\",\"name\":\"Comment\",\"target\":[\"https:\\\/\\\/www.sebastien-auziere.fr\\\/blog\\\/macron-au-japon-et-en-coree-du-sud-fin-mars-2026-audience-imperiale-et-visite-officielle\\\/#respond\"]}]},{\"@type\":\"WebPage\",\"@id\":\"https:\\\/\\\/www.sebastien-auziere.fr\\\/blog\\\/macron-au-japon-et-en-coree-du-sud-fin-mars-2026-audience-imperiale-et-visite-officielle\\\/\",\"url\":\"https:\\\/\\\/www.sebastien-auziere.fr\\\/blog\\\/macron-au-japon-et-en-coree-du-sud-fin-mars-2026-audience-imperiale-et-visite-officielle\\\/\",\"name\":\"Macron au Japon et en Cor\u00e9e du Sud fin mars 2026 : audience imp\u00e9riale et visite officielle\",\"isPartOf\":{\"@id\":\"https:\\\/\\\/www.sebastien-auziere.fr\\\/blog\\\/#website\"},\"primaryImageOfPage\":{\"@id\":\"https:\\\/\\\/www.sebastien-auziere.fr\\\/blog\\\/macron-au-japon-et-en-coree-du-sud-fin-mars-2026-audience-imperiale-et-visite-officielle\\\/#primaryimage\"},\"image\":{\"@id\":\"https:\\\/\\\/www.sebastien-auziere.fr\\\/blog\\\/macron-au-japon-et-en-coree-du-sud-fin-mars-2026-audience-imperiale-et-visite-officielle\\\/#primaryimage\"},\"thumbnailUrl\":\"https:\\\/\\\/www.sebastien-auziere.fr\\\/blog\\\/wp-content\\\/uploads\\\/2026\\\/03\\\/Capture-decran-2026-03-14-080321.jpg\",\"datePublished\":\"2026-03-14T13:44:32+00:00\",\"dateModified\":\"2026-03-14T13:44:33+00:00\",\"description\":\"Emmanuel et Brigitte Macron se rendent au Japon du 31 mars au 2 avril 2026, puis en Cor\u00e9e du Sud. Au programme : rencontre avec la PM Sanae Takaichi et audience avec l'empereur Naruhito et l'imp\u00e9ratrice Masako.\",\"breadcrumb\":{\"@id\":\"https:\\\/\\\/www.sebastien-auziere.fr\\\/blog\\\/macron-au-japon-et-en-coree-du-sud-fin-mars-2026-audience-imperiale-et-visite-officielle\\\/#breadcrumb\"},\"inLanguage\":\"fr-FR\",\"potentialAction\":[{\"@type\":\"ReadAction\",\"target\":[\"https:\\\/\\\/www.sebastien-auziere.fr\\\/blog\\\/macron-au-japon-et-en-coree-du-sud-fin-mars-2026-audience-imperiale-et-visite-officielle\\\/\"]}]},{\"@type\":\"ImageObject\",\"inLanguage\":\"fr-FR\",\"@id\":\"https:\\\/\\\/www.sebastien-auziere.fr\\\/blog\\\/macron-au-japon-et-en-coree-du-sud-fin-mars-2026-audience-imperiale-et-visite-officielle\\\/#primaryimage\",\"url\":\"https:\\\/\\\/www.sebastien-auziere.fr\\\/blog\\\/wp-content\\\/uploads\\\/2026\\\/03\\\/Capture-decran-2026-03-14-080321.jpg\",\"contentUrl\":\"https:\\\/\\\/www.sebastien-auziere.fr\\\/blog\\\/wp-content\\\/uploads\\\/2026\\\/03\\\/Capture-decran-2026-03-14-080321.jpg\",\"width\":681,\"height\":392,\"caption\":\"Emmanuel et Brigitte Macron\"},{\"@type\":\"BreadcrumbList\",\"@id\":\"https:\\\/\\\/www.sebastien-auziere.fr\\\/blog\\\/macron-au-japon-et-en-coree-du-sud-fin-mars-2026-audience-imperiale-et-visite-officielle\\\/#breadcrumb\",\"itemListElement\":[{\"@type\":\"ListItem\",\"position\":1,\"name\":\"Home\",\"item\":\"https:\\\/\\\/www.sebastien-auziere.fr\\\/blog\\\/\"},{\"@type\":\"ListItem\",\"position\":2,\"name\":\"Emmanuel et Brigitte Macron au Japon et en Cor\u00e9e du Sud fin mars 2026 : audience imp\u00e9riale avec Naruhito et Masako\"}]},{\"@type\":\"WebSite\",\"@id\":\"https:\\\/\\\/www.sebastien-auziere.fr\\\/blog\\\/#website\",\"url\":\"https:\\\/\\\/www.sebastien-auziere.fr\\\/blog\\\/\",\"name\":\"Fan site S\u00e9bastien Auzi\u00e8re\",\"description\":\"M\u00e9dia g\u00e9n\u00e9raliste\",\"publisher\":{\"@id\":\"https:\\\/\\\/www.sebastien-auziere.fr\\\/blog\\\/#organization\"},\"potentialAction\":[{\"@type\":\"SearchAction\",\"target\":{\"@type\":\"EntryPoint\",\"urlTemplate\":\"https:\\\/\\\/www.sebastien-auziere.fr\\\/blog\\\/?s={search_term_string}\"},\"query-input\":{\"@type\":\"PropertyValueSpecification\",\"valueRequired\":true,\"valueName\":\"search_term_string\"}}],\"inLanguage\":\"fr-FR\"},{\"@type\":\"Organization\",\"@id\":\"https:\\\/\\\/www.sebastien-auziere.fr\\\/blog\\\/#organization\",\"name\":\"Fan site S\u00e9bastien Auzi\u00e8re\",\"url\":\"https:\\\/\\\/www.sebastien-auziere.fr\\\/blog\\\/\",\"logo\":{\"@type\":\"ImageObject\",\"inLanguage\":\"fr-FR\",\"@id\":\"https:\\\/\\\/www.sebastien-auziere.fr\\\/blog\\\/#\\\/schema\\\/logo\\\/image\\\/\",\"url\":\"https:\\\/\\\/www.sebastien-auziere.fr\\\/blog\\\/wp-content\\\/uploads\\\/2026\\\/03\\\/cropped-cropped-cropped-ChatGPT-Image-6-mars-2026-12_58_09-e1772798376794.jpg\",\"contentUrl\":\"https:\\\/\\\/www.sebastien-auziere.fr\\\/blog\\\/wp-content\\\/uploads\\\/2026\\\/03\\\/cropped-cropped-cropped-ChatGPT-Image-6-mars-2026-12_58_09-e1772798376794.jpg\",\"width\":512,\"height\":360,\"caption\":\"Fan site S\u00e9bastien Auzi\u00e8re\"},\"image\":{\"@id\":\"https:\\\/\\\/www.sebastien-auziere.fr\\\/blog\\\/#\\\/schema\\\/logo\\\/image\\\/\"}},{\"@type\":\"Person\",\"@id\":\"https:\\\/\\\/www.sebastien-auziere.fr\\\/blog\\\/#\\\/schema\\\/person\\\/1e270a963009242469ed08b1c461f81f\",\"name\":\"Celine\",\"image\":{\"@type\":\"ImageObject\",\"inLanguage\":\"fr-FR\",\"@id\":\"https:\\\/\\\/secure.gravatar.com\\\/avatar\\\/c88d569fbe1fe19a13c7f21ee0f8973822df96073df21850b95af6a09ba820c9?s=96&d=mm&r=g\",\"url\":\"https:\\\/\\\/secure.gravatar.com\\\/avatar\\\/c88d569fbe1fe19a13c7f21ee0f8973822df96073df21850b95af6a09ba820c9?s=96&d=mm&r=g\",\"contentUrl\":\"https:\\\/\\\/secure.gravatar.com\\\/avatar\\\/c88d569fbe1fe19a13c7f21ee0f8973822df96073df21850b95af6a09ba820c9?s=96&d=mm&r=g\",\"caption\":\"Celine\"},\"description\":\"Je m'appelle C\u00e9line, j'ai 31 ans et je suis journaliste sp\u00e9cialis\u00e9e dans le cin\u00e9ma. Passionn\u00e9e par le septi\u00e8me art, j'explore les actualit\u00e9s, les critiques et les tendances du monde cin\u00e9matographique. Mon objectif est de partager ma passion et d'informer les amateurs de films \u00e0 travers des articles percutants et des analyses approfondies.\",\"url\":\"https:\\\/\\\/www.sebastien-auziere.fr\\\/blog\\\/author\\\/celine\\\/\"}]}<\/script>\n<!-- \/ Yoast SEO plugin. -->","yoast_head_json":{"title":"Macron au Japon et en Cor\u00e9e du Sud fin mars 2026 : audience imp\u00e9riale et visite officielle","description":"Emmanuel et Brigitte Macron se rendent au Japon du 31 mars au 2 avril 2026, puis en Cor\u00e9e du Sud. Au programme : rencontre avec la PM Sanae Takaichi et audience avec l'empereur Naruhito et l'imp\u00e9ratrice Masako.","robots":{"index":"index","follow":"follow","max-snippet":"max-snippet:-1","max-image-preview":"max-image-preview:large","max-video-preview":"max-video-preview:-1"},"canonical":"https:\/\/www.sebastien-auziere.fr\/blog\/macron-au-japon-et-en-coree-du-sud-fin-mars-2026-audience-imperiale-et-visite-officielle\/","og_locale":"fr_FR","og_type":"article","og_title":"Macron au Japon et en Cor\u00e9e du Sud fin mars 2026 : audience imp\u00e9riale et visite officielle","og_description":"Emmanuel et Brigitte Macron se rendent au Japon du 31 mars au 2 avril 2026, puis en Cor\u00e9e du Sud. Au programme : rencontre avec la PM Sanae Takaichi et audience avec l'empereur Naruhito et l'imp\u00e9ratrice Masako.","og_url":"https:\/\/www.sebastien-auziere.fr\/blog\/macron-au-japon-et-en-coree-du-sud-fin-mars-2026-audience-imperiale-et-visite-officielle\/","og_site_name":"Fan site S\u00e9bastien Auzi\u00e8re","article_published_time":"2026-03-14T13:44:32+00:00","article_modified_time":"2026-03-14T13:44:33+00:00","og_image":[{"width":681,"height":392,"url":"https:\/\/www.sebastien-auziere.fr\/blog\/wp-content\/uploads\/2026\/03\/Capture-decran-2026-03-14-080321.jpg","type":"image\/jpeg"}],"author":"Celine","twitter_card":"summary_large_image","twitter_misc":{"\u00c9crit par":"Celine","Dur\u00e9e de lecture estim\u00e9e":"5 minutes"},"schema":{"@context":"https:\/\/schema.org","@graph":[{"@type":"Article","@id":"https:\/\/www.sebastien-auziere.fr\/blog\/macron-au-japon-et-en-coree-du-sud-fin-mars-2026-audience-imperiale-et-visite-officielle\/#article","isPartOf":{"@id":"https:\/\/www.sebastien-auziere.fr\/blog\/macron-au-japon-et-en-coree-du-sud-fin-mars-2026-audience-imperiale-et-visite-officielle\/"},"author":{"name":"Celine","@id":"https:\/\/www.sebastien-auziere.fr\/blog\/#\/schema\/person\/1e270a963009242469ed08b1c461f81f"},"headline":"Emmanuel et Brigitte Macron au Japon et en Cor\u00e9e du Sud fin mars 2026 : audience imp\u00e9riale avec Naruhito et Masako","datePublished":"2026-03-14T13:44:32+00:00","dateModified":"2026-03-14T13:44:33+00:00","mainEntityOfPage":{"@id":"https:\/\/www.sebastien-auziere.fr\/blog\/macron-au-japon-et-en-coree-du-sud-fin-mars-2026-audience-imperiale-et-visite-officielle\/"},"wordCount":974,"commentCount":0,"publisher":{"@id":"https:\/\/www.sebastien-auziere.fr\/blog\/#organization"},"image":{"@id":"https:\/\/www.sebastien-auziere.fr\/blog\/macron-au-japon-et-en-coree-du-sud-fin-mars-2026-audience-imperiale-et-visite-officielle\/#primaryimage"},"thumbnailUrl":"https:\/\/www.sebastien-auziere.fr\/blog\/wp-content\/uploads\/2026\/03\/Capture-decran-2026-03-14-080321.jpg","articleSection":["Actualit\u00e9s"],"inLanguage":"fr-FR","potentialAction":[{"@type":"CommentAction","name":"Comment","target":["https:\/\/www.sebastien-auziere.fr\/blog\/macron-au-japon-et-en-coree-du-sud-fin-mars-2026-audience-imperiale-et-visite-officielle\/#respond"]}]},{"@type":"WebPage","@id":"https:\/\/www.sebastien-auziere.fr\/blog\/macron-au-japon-et-en-coree-du-sud-fin-mars-2026-audience-imperiale-et-visite-officielle\/","url":"https:\/\/www.sebastien-auziere.fr\/blog\/macron-au-japon-et-en-coree-du-sud-fin-mars-2026-audience-imperiale-et-visite-officielle\/","name":"Macron au Japon et en Cor\u00e9e du Sud fin mars 2026 : audience imp\u00e9riale et visite officielle","isPartOf":{"@id":"https:\/\/www.sebastien-auziere.fr\/blog\/#website"},"primaryImageOfPage":{"@id":"https:\/\/www.sebastien-auziere.fr\/blog\/macron-au-japon-et-en-coree-du-sud-fin-mars-2026-audience-imperiale-et-visite-officielle\/#primaryimage"},"image":{"@id":"https:\/\/www.sebastien-auziere.fr\/blog\/macron-au-japon-et-en-coree-du-sud-fin-mars-2026-audience-imperiale-et-visite-officielle\/#primaryimage"},"thumbnailUrl":"https:\/\/www.sebastien-auziere.fr\/blog\/wp-content\/uploads\/2026\/03\/Capture-decran-2026-03-14-080321.jpg","datePublished":"2026-03-14T13:44:32+00:00","dateModified":"2026-03-14T13:44:33+00:00","description":"Emmanuel et Brigitte Macron se rendent au Japon du 31 mars au 2 avril 2026, puis en Cor\u00e9e du Sud. Au programme : rencontre avec la PM Sanae Takaichi et audience avec l'empereur Naruhito et l'imp\u00e9ratrice Masako.","breadcrumb":{"@id":"https:\/\/www.sebastien-auziere.fr\/blog\/macron-au-japon-et-en-coree-du-sud-fin-mars-2026-audience-imperiale-et-visite-officielle\/#breadcrumb"},"inLanguage":"fr-FR","potentialAction":[{"@type":"ReadAction","target":["https:\/\/www.sebastien-auziere.fr\/blog\/macron-au-japon-et-en-coree-du-sud-fin-mars-2026-audience-imperiale-et-visite-officielle\/"]}]},{"@type":"ImageObject","inLanguage":"fr-FR","@id":"https:\/\/www.sebastien-auziere.fr\/blog\/macron-au-japon-et-en-coree-du-sud-fin-mars-2026-audience-imperiale-et-visite-officielle\/#primaryimage","url":"https:\/\/www.sebastien-auziere.fr\/blog\/wp-content\/uploads\/2026\/03\/Capture-decran-2026-03-14-080321.jpg","contentUrl":"https:\/\/www.sebastien-auziere.fr\/blog\/wp-content\/uploads\/2026\/03\/Capture-decran-2026-03-14-080321.jpg","width":681,"height":392,"caption":"Emmanuel et Brigitte Macron"},{"@type":"BreadcrumbList","@id":"https:\/\/www.sebastien-auziere.fr\/blog\/macron-au-japon-et-en-coree-du-sud-fin-mars-2026-audience-imperiale-et-visite-officielle\/#breadcrumb","itemListElement":[{"@type":"ListItem","position":1,"name":"Home","item":"https:\/\/www.sebastien-auziere.fr\/blog\/"},{"@type":"ListItem","position":2,"name":"Emmanuel et Brigitte Macron au Japon et en Cor\u00e9e du Sud fin mars 2026 : audience imp\u00e9riale avec Naruhito et Masako"}]},{"@type":"WebSite","@id":"https:\/\/www.sebastien-auziere.fr\/blog\/#website","url":"https:\/\/www.sebastien-auziere.fr\/blog\/","name":"Fan site S\u00e9bastien Auzi\u00e8re","description":"M\u00e9dia g\u00e9n\u00e9raliste","publisher":{"@id":"https:\/\/www.sebastien-auziere.fr\/blog\/#organization"},"potentialAction":[{"@type":"SearchAction","target":{"@type":"EntryPoint","urlTemplate":"https:\/\/www.sebastien-auziere.fr\/blog\/?s={search_term_string}"},"query-input":{"@type":"PropertyValueSpecification","valueRequired":true,"valueName":"search_term_string"}}],"inLanguage":"fr-FR"},{"@type":"Organization","@id":"https:\/\/www.sebastien-auziere.fr\/blog\/#organization","name":"Fan site S\u00e9bastien Auzi\u00e8re","url":"https:\/\/www.sebastien-auziere.fr\/blog\/","logo":{"@type":"ImageObject","inLanguage":"fr-FR","@id":"https:\/\/www.sebastien-auziere.fr\/blog\/#\/schema\/logo\/image\/","url":"https:\/\/www.sebastien-auziere.fr\/blog\/wp-content\/uploads\/2026\/03\/cropped-cropped-cropped-ChatGPT-Image-6-mars-2026-12_58_09-e1772798376794.jpg","contentUrl":"https:\/\/www.sebastien-auziere.fr\/blog\/wp-content\/uploads\/2026\/03\/cropped-cropped-cropped-ChatGPT-Image-6-mars-2026-12_58_09-e1772798376794.jpg","width":512,"height":360,"caption":"Fan site S\u00e9bastien Auzi\u00e8re"},"image":{"@id":"https:\/\/www.sebastien-auziere.fr\/blog\/#\/schema\/logo\/image\/"}},{"@type":"Person","@id":"https:\/\/www.sebastien-auziere.fr\/blog\/#\/schema\/person\/1e270a963009242469ed08b1c461f81f","name":"Celine","image":{"@type":"ImageObject","inLanguage":"fr-FR","@id":"https:\/\/secure.gravatar.com\/avatar\/c88d569fbe1fe19a13c7f21ee0f8973822df96073df21850b95af6a09ba820c9?s=96&d=mm&r=g","url":"https:\/\/secure.gravatar.com\/avatar\/c88d569fbe1fe19a13c7f21ee0f8973822df96073df21850b95af6a09ba820c9?s=96&d=mm&r=g","contentUrl":"https:\/\/secure.gravatar.com\/avatar\/c88d569fbe1fe19a13c7f21ee0f8973822df96073df21850b95af6a09ba820c9?s=96&d=mm&r=g","caption":"Celine"},"description":"Je m'appelle C\u00e9line, j'ai 31 ans et je suis journaliste sp\u00e9cialis\u00e9e dans le cin\u00e9ma. Passionn\u00e9e par le septi\u00e8me art, j'explore les actualit\u00e9s, les critiques et les tendances du monde cin\u00e9matographique. Mon objectif est de partager ma passion et d'informer les amateurs de films \u00e0 travers des articles percutants et des analyses approfondies.","url":"https:\/\/www.sebastien-auziere.fr\/blog\/author\/celine\/"}]}},"views":82,"_links":{"self":[{"href":"https:\/\/www.sebastien-auziere.fr\/blog\/wp-json\/wp\/v2\/posts\/2486","targetHints":{"allow":["GET"]}}],"collection":[{"href":"https:\/\/www.sebastien-auziere.fr\/blog\/wp-json\/wp\/v2\/posts"}],"about":[{"href":"https:\/\/www.sebastien-auziere.fr\/blog\/wp-json\/wp\/v2\/types\/post"}],"author":[{"embeddable":true,"href":"https:\/\/www.sebastien-auziere.fr\/blog\/wp-json\/wp\/v2\/users\/4"}],"replies":[{"embeddable":true,"href":"https:\/\/www.sebastien-auziere.fr\/blog\/wp-json\/wp\/v2\/comments?post=2486"}],"version-history":[{"count":1,"href":"https:\/\/www.sebastien-auziere.fr\/blog\/wp-json\/wp\/v2\/posts\/2486\/revisions"}],"predecessor-version":[{"id":2488,"href":"https:\/\/www.sebastien-auziere.fr\/blog\/wp-json\/wp\/v2\/posts\/2486\/revisions\/2488"}],"wp:featuredmedia":[{"embeddable":true,"href":"https:\/\/www.sebastien-auziere.fr\/blog\/wp-json\/wp\/v2\/media\/2487"}],"wp:attachment":[{"href":"https:\/\/www.sebastien-auziere.fr\/blog\/wp-json\/wp\/v2\/media?parent=2486"}],"wp:term":[{"taxonomy":"category","embeddable":true,"href":"https:\/\/www.sebastien-auziere.fr\/blog\/wp-json\/wp\/v2\/categories?post=2486"},{"taxonomy":"post_tag","embeddable":true,"href":"https:\/\/www.sebastien-auziere.fr\/blog\/wp-json\/wp\/v2\/tags?post=2486"}],"curies":[{"name":"wp","href":"https:\/\/api.w.org\/{rel}","templated":true}]}}