{"id":2481,"date":"2026-03-12T22:09:31","date_gmt":"2026-03-12T22:09:31","guid":{"rendered":"https:\/\/www.sebastien-auziere.fr\/blog\/?p=2481"},"modified":"2026-03-12T22:09:50","modified_gmt":"2026-03-12T22:09:50","slug":"lio-se-enfurece-contra-brigitte-macron-el-sistema-en-toda-su-horror","status":"publish","type":"post","link":"https:\/\/www.sebastien-auziere.fr\/blog\/pt\/lio-se-enfurece-contra-brigitte-macron-el-sistema-en-toda-su-horror\/","title":{"rendered":"Lio se enfurece contra Brigitte Macron: \u00ab\u00a0El sistema en toda su horror\u00a0\u00bb"},"content":{"rendered":"<p style=\"padding:24px;background:lightblue\"><strong>Em resumo:<\/strong> a cantora e atriz <strong>Lio criticou fortemente Brigitte Macron<\/strong> em uma entrevista concedida \u00e0 Marie Claire. Ela reage a um insulto dirigido pela primeira-dama a manifestantes feministas durante um show de Ary Abittan. Para Lio, este epis\u00f3dio simboliza <strong>o desprezo que as mulheres enfrentam quando denunciam as viol\u00eancias<\/strong>. A cantora pede uma mobiliza\u00e7\u00e3o coletiva contra as viol\u00eancias sexuais e uma conscientiza\u00e7\u00e3o em toda a sociedade.<\/p>\n<p>Conhecida por suas posi\u00e7\u00f5es engajadas, <strong>Lio n\u00e3o poupou palavras<\/strong> em uma entrevista recente. Ao ser questionada sobre as viol\u00eancias contra as mulheres, a artista mencionou um epis\u00f3dio envolvendo Brigitte Macron que a chocou profundamente. Para ela, este evento ilustra um problema maior: <strong>a falta de escuta e considera\u00e7\u00e3o em rela\u00e7\u00e3o \u00e0s mulheres que denunciam as viol\u00eancias<\/strong>.<\/p>\n<ol>\n<li><a href=\"#interview\">Uma entrevista engajada contra as viol\u00eancias<\/a><\/li>\n<li><a href=\"#colere\">A raiva de Lio contra Brigitte Macron<\/a><\/li>\n<li><a href=\"#combat\">Uma luta que vai al\u00e9m das mulheres<\/a><\/li>\n<li><a href=\"#message\">A mensagem de Lio para mulheres e homens<\/a><\/li>\n<\/ol>\n<h2 id=\"interview\">Uma entrevista engajada contra as viol\u00eancias<\/h2>\n<p>Em uma conversa com a revista <strong>Marie Claire<\/strong>, Lio fala longamente sobre seu engajamento contra as viol\u00eancias sexuais. A cantora acredita que essa luta diz respeito a toda a sociedade.<\/p>\n<p>Segundo ela, a misoginia est\u00e1 na raiz de muitas injusti\u00e7as:<\/p>\n<blockquote><p>\u00ab A misoginia \u00e9 o n\u00facleo de todas as barb\u00e1ries. Todas as barb\u00e1ries passam por um \u00f3dio \u00e0s mulheres. \u00bb<\/p><\/blockquote>\n<p>Lio tamb\u00e9m destaca a situa\u00e7\u00e3o das mulheres de minorias ou de origens estrangeiras, que podem sofrer <strong>uma dupla discrimina\u00e7\u00e3o<\/strong>.<\/p>\n<h2 id=\"colere\">A raiva de Lio contra Brigitte Macron<\/h2>\n<p>Durante a entrevista, a cantora menciona um evento recente que a revoltou particularmente. Ela se refere a coment\u00e1rios atribu\u00eddos a <strong>Brigitte Macron<\/strong> durante um espet\u00e1culo de Ary Abittan, onde militantes feministas estavam protestando.<\/p>\n<p>Lio denuncia o que considera um sinal de desprezo em rela\u00e7\u00e3o \u00e0s militantes:<\/p>\n<blockquote><p>\u00ab Eu realmente vi o sistema em toda a sua horrorosa plenitude se desenrolar com uma tranquilidade diante de mim. \u00bb<\/p><\/blockquote>\n<p>Para a artista, este epis\u00f3dio simboliza a dificuldade para as mulheres serem ouvidas quando denunciam viol\u00eancias.<\/p>\n<h2 id=\"combat\">Uma luta que vai al\u00e9m das mulheres<\/h2>\n<p>Lio insiste em um ponto essencial: <strong>a luta contra as viol\u00eancias sexuais n\u00e3o diz respeito apenas \u00e0s mulheres<\/strong>. Ela acredita que \u00e9 uma luta por toda a humanidade.<\/p>\n<p>Ela lembra que as viol\u00eancias afetam todas as culturas e todas as sociedades:<\/p>\n<ul>\n<li>todas as classes sociais<\/li>\n<li>todas as origens<\/li>\n<li>todos os pa\u00edses<\/li>\n<\/ul>\n<p>Para ela, o problema \u00e9 sist\u00eamico e exige uma conscientiza\u00e7\u00e3o coletiva.<\/p>\n<h2 id=\"message\">A mensagem de Lio para mulheres e homens<\/h2>\n<p>Apesar de sua raiva, Lio envia uma mensagem de esperan\u00e7a \u00e0s mulheres. Ela as encoraja a permanecer fortes e solid\u00e1rias.<\/p>\n<blockquote><p>\u00ab O poder tamb\u00e9m vem de nossas fragilidades e de tudo o que tivemos que superar. \u00bb<\/p><\/blockquote>\n<p>A cantora tamb\u00e9m convoca os homens, convidando-os a encarar a realidade e apoiar a luta contra as viol\u00eancias.<\/p>\n<p>Segundo ela, a sociedade precisa evoluir para que as mulheres sejam finalmente ouvidas e respeitadas.<\/p>\n<h2>FAQ<\/h2>\n<h3>Por que Lio critica Brigitte Macron?<\/h3>\n<p>A cantora reage a um insulto atribu\u00eddo \u00e0 primeira-dama durante um evento onde militantes feministas estavam protestando.<\/p>\n<h3>Qual \u00e9 a luta defendida por Lio?<\/h3>\n<p>Lio milita h\u00e1 muito tempo contra as viol\u00eancias sexuais contra mulheres e crian\u00e7as.<\/p>\n<h3>Por que essa pol\u00eamica gera rea\u00e7\u00f5es?<\/h3>\n<p>Porque toca em assuntos sens\u00edveis: as viol\u00eancias sexuais, a voz das v\u00edtimas e o lugar das mulheres na sociedade.<\/p>\n<h3>Qual mensagem Lio dirige aos homens?<\/h3>\n<p>Ela os convida a se conscientizar da realidade das viol\u00eancias e a participar ativamente da luta contra essas injusti\u00e7as.<\/p>\n","protected":false},"excerpt":{"rendered":"<p>Em resumo: a cantora e atriz Lio criticou fortemente Brigitte Macron em uma entrevista concedida \u00e0 Marie Claire. Ela reage a um insulto dirigido pela primeira-dama a manifestantes feministas durante um show de Ary Abittan. Para Lio, este epis\u00f3dio simboliza o desprezo que as mulheres enfrentam quando denunciam as viol\u00eancias. A cantora pede uma mobiliza\u00e7\u00e3o &#8230; <a title=\"Lio se enfurece contra Brigitte Macron: \u00ab\u00a0El sistema en toda su horror\u00a0\u00bb\" class=\"read-more\" href=\"https:\/\/www.sebastien-auziere.fr\/blog\/pt\/lio-se-enfurece-contra-brigitte-macron-el-sistema-en-toda-su-horror\/\" aria-label=\"En savoir plus sur Lio se enfurece contra Brigitte Macron: \u00ab\u00a0El sistema en toda su horror\u00a0\u00bb\">Lire plus<\/a><\/p>\n","protected":false},"author":4,"featured_media":2471,"comment_status":"open","ping_status":"open","sticky":false,"template":"","format":"standard","meta":{"footnotes":""},"categories":[848],"tags":[],"class_list":["post-2481","post","type-post","status-publish","format-standard","has-post-thumbnail","hentry","category-non-classe-pt"],"yoast_head":"<!-- This site is optimized with the Yoast SEO plugin v27.5 - https:\/\/yoast.com\/product\/yoast-seo-wordpress\/ -->\n<title>Lio s\u2019emporte contre Brigitte Macron : \u00ab Le syst\u00e8me dans toute son horreur \u00bb<\/title>\n<meta name=\"description\" content=\"Dans une interview \u00e0 Marie Claire, la chanteuse Lio critique vivement Brigitte Macron et d\u00e9nonce le m\u00e9pris envers les femmes qui d\u00e9noncent les violences sexuelles.\" \/>\n<meta name=\"robots\" content=\"index, follow, max-snippet:-1, max-image-preview:large, max-video-preview:-1\" \/>\n<link rel=\"canonical\" href=\"https:\/\/www.sebastien-auziere.fr\/blog\/pt\/lio-se-enfurece-contra-brigitte-macron-el-sistema-en-toda-su-horror\/\" \/>\n<meta property=\"og:locale\" content=\"fr_FR\" \/>\n<meta property=\"og:type\" content=\"article\" \/>\n<meta property=\"og:title\" content=\"Lio s\u2019emporte contre Brigitte Macron : \u00ab Le syst\u00e8me dans toute son horreur \u00bb\" \/>\n<meta property=\"og:description\" content=\"Dans une interview \u00e0 Marie Claire, la chanteuse Lio critique vivement Brigitte Macron et d\u00e9nonce le m\u00e9pris envers les femmes qui d\u00e9noncent les violences sexuelles.\" \/>\n<meta property=\"og:url\" content=\"https:\/\/www.sebastien-auziere.fr\/blog\/pt\/lio-se-enfurece-contra-brigitte-macron-el-sistema-en-toda-su-horror\/\" \/>\n<meta property=\"og:site_name\" content=\"Fan site S\u00e9bastien Auzi\u00e8re\" \/>\n<meta property=\"article:published_time\" content=\"2026-03-12T22:09:31+00:00\" \/>\n<meta property=\"article:modified_time\" content=\"2026-03-12T22:09:50+00:00\" \/>\n<meta property=\"og:image\" content=\"https:\/\/www.sebastien-auziere.fr\/blog\/wp-content\/uploads\/2026\/03\/Capture-decran-2026-03-12-225855.jpg\" \/>\n\t<meta property=\"og:image:width\" content=\"829\" \/>\n\t<meta property=\"og:image:height\" content=\"568\" \/>\n\t<meta property=\"og:image:type\" content=\"image\/jpeg\" \/>\n<meta name=\"author\" content=\"Celine\" \/>\n<meta name=\"twitter:card\" content=\"summary_large_image\" \/>\n<meta name=\"twitter:label1\" content=\"\u00c9crit par\" \/>\n\t<meta name=\"twitter:data1\" content=\"Celine\" \/>\n\t<meta name=\"twitter:label2\" content=\"Dur\u00e9e de lecture estim\u00e9e\" \/>\n\t<meta name=\"twitter:data2\" content=\"3 minutes\" \/>\n<script type=\"application\/ld+json\" class=\"yoast-schema-graph\">{\"@context\":\"https:\\\/\\\/schema.org\",\"@graph\":[{\"@type\":\"Article\",\"@id\":\"https:\\\/\\\/www.sebastien-auziere.fr\\\/blog\\\/pt\\\/lio-se-enfurece-contra-brigitte-macron-el-sistema-en-toda-su-horror\\\/#article\",\"isPartOf\":{\"@id\":\"https:\\\/\\\/www.sebastien-auziere.fr\\\/blog\\\/pt\\\/lio-se-enfurece-contra-brigitte-macron-el-sistema-en-toda-su-horror\\\/\"},\"author\":{\"name\":\"Celine\",\"@id\":\"https:\\\/\\\/www.sebastien-auziere.fr\\\/blog\\\/#\\\/schema\\\/person\\\/1e270a963009242469ed08b1c461f81f\"},\"headline\":\"Lio se enfurece contra Brigitte Macron: \u00ab\u00a0El sistema en toda su horror\u00a0\u00bb\",\"datePublished\":\"2026-03-12T22:09:31+00:00\",\"dateModified\":\"2026-03-12T22:09:50+00:00\",\"mainEntityOfPage\":{\"@id\":\"https:\\\/\\\/www.sebastien-auziere.fr\\\/blog\\\/pt\\\/lio-se-enfurece-contra-brigitte-macron-el-sistema-en-toda-su-horror\\\/\"},\"wordCount\":618,\"commentCount\":0,\"publisher\":{\"@id\":\"https:\\\/\\\/www.sebastien-auziere.fr\\\/blog\\\/#organization\"},\"image\":{\"@id\":\"https:\\\/\\\/www.sebastien-auziere.fr\\\/blog\\\/pt\\\/lio-se-enfurece-contra-brigitte-macron-el-sistema-en-toda-su-horror\\\/#primaryimage\"},\"thumbnailUrl\":\"https:\\\/\\\/www.sebastien-auziere.fr\\\/blog\\\/wp-content\\\/uploads\\\/2026\\\/03\\\/Capture-decran-2026-03-12-225855.jpg\",\"inLanguage\":\"fr-FR\",\"potentialAction\":[{\"@type\":\"CommentAction\",\"name\":\"Comment\",\"target\":[\"https:\\\/\\\/www.sebastien-auziere.fr\\\/blog\\\/pt\\\/lio-se-enfurece-contra-brigitte-macron-el-sistema-en-toda-su-horror\\\/#respond\"]}]},{\"@type\":\"WebPage\",\"@id\":\"https:\\\/\\\/www.sebastien-auziere.fr\\\/blog\\\/pt\\\/lio-se-enfurece-contra-brigitte-macron-el-sistema-en-toda-su-horror\\\/\",\"url\":\"https:\\\/\\\/www.sebastien-auziere.fr\\\/blog\\\/pt\\\/lio-se-enfurece-contra-brigitte-macron-el-sistema-en-toda-su-horror\\\/\",\"name\":\"Lio s\u2019emporte contre Brigitte Macron : \u00ab Le syst\u00e8me dans toute son horreur \u00bb\",\"isPartOf\":{\"@id\":\"https:\\\/\\\/www.sebastien-auziere.fr\\\/blog\\\/#website\"},\"primaryImageOfPage\":{\"@id\":\"https:\\\/\\\/www.sebastien-auziere.fr\\\/blog\\\/pt\\\/lio-se-enfurece-contra-brigitte-macron-el-sistema-en-toda-su-horror\\\/#primaryimage\"},\"image\":{\"@id\":\"https:\\\/\\\/www.sebastien-auziere.fr\\\/blog\\\/pt\\\/lio-se-enfurece-contra-brigitte-macron-el-sistema-en-toda-su-horror\\\/#primaryimage\"},\"thumbnailUrl\":\"https:\\\/\\\/www.sebastien-auziere.fr\\\/blog\\\/wp-content\\\/uploads\\\/2026\\\/03\\\/Capture-decran-2026-03-12-225855.jpg\",\"datePublished\":\"2026-03-12T22:09:31+00:00\",\"dateModified\":\"2026-03-12T22:09:50+00:00\",\"description\":\"Dans une interview \u00e0 Marie Claire, la chanteuse Lio critique vivement Brigitte Macron et d\u00e9nonce le m\u00e9pris envers les femmes qui d\u00e9noncent les violences sexuelles.\",\"breadcrumb\":{\"@id\":\"https:\\\/\\\/www.sebastien-auziere.fr\\\/blog\\\/pt\\\/lio-se-enfurece-contra-brigitte-macron-el-sistema-en-toda-su-horror\\\/#breadcrumb\"},\"inLanguage\":\"fr-FR\",\"potentialAction\":[{\"@type\":\"ReadAction\",\"target\":[\"https:\\\/\\\/www.sebastien-auziere.fr\\\/blog\\\/pt\\\/lio-se-enfurece-contra-brigitte-macron-el-sistema-en-toda-su-horror\\\/\"]}]},{\"@type\":\"ImageObject\",\"inLanguage\":\"fr-FR\",\"@id\":\"https:\\\/\\\/www.sebastien-auziere.fr\\\/blog\\\/pt\\\/lio-se-enfurece-contra-brigitte-macron-el-sistema-en-toda-su-horror\\\/#primaryimage\",\"url\":\"https:\\\/\\\/www.sebastien-auziere.fr\\\/blog\\\/wp-content\\\/uploads\\\/2026\\\/03\\\/Capture-decran-2026-03-12-225855.jpg\",\"contentUrl\":\"https:\\\/\\\/www.sebastien-auziere.fr\\\/blog\\\/wp-content\\\/uploads\\\/2026\\\/03\\\/Capture-decran-2026-03-12-225855.jpg\",\"width\":829,\"height\":568,\"caption\":\"Lio s\u2019emporte contre Brigitte Macron\"},{\"@type\":\"BreadcrumbList\",\"@id\":\"https:\\\/\\\/www.sebastien-auziere.fr\\\/blog\\\/pt\\\/lio-se-enfurece-contra-brigitte-macron-el-sistema-en-toda-su-horror\\\/#breadcrumb\",\"itemListElement\":[{\"@type\":\"ListItem\",\"position\":1,\"name\":\"Home\",\"item\":\"https:\\\/\\\/www.sebastien-auziere.fr\\\/blog\\\/\"},{\"@type\":\"ListItem\",\"position\":2,\"name\":\"Lio se enfurece contra Brigitte Macron: \u00ab\u00a0El sistema en toda su horror\u00a0\u00bb\"}]},{\"@type\":\"WebSite\",\"@id\":\"https:\\\/\\\/www.sebastien-auziere.fr\\\/blog\\\/#website\",\"url\":\"https:\\\/\\\/www.sebastien-auziere.fr\\\/blog\\\/\",\"name\":\"Fan site S\u00e9bastien Auzi\u00e8re\",\"description\":\"M\u00e9dia g\u00e9n\u00e9raliste\",\"publisher\":{\"@id\":\"https:\\\/\\\/www.sebastien-auziere.fr\\\/blog\\\/#organization\"},\"potentialAction\":[{\"@type\":\"SearchAction\",\"target\":{\"@type\":\"EntryPoint\",\"urlTemplate\":\"https:\\\/\\\/www.sebastien-auziere.fr\\\/blog\\\/?s={search_term_string}\"},\"query-input\":{\"@type\":\"PropertyValueSpecification\",\"valueRequired\":true,\"valueName\":\"search_term_string\"}}],\"inLanguage\":\"fr-FR\"},{\"@type\":\"Organization\",\"@id\":\"https:\\\/\\\/www.sebastien-auziere.fr\\\/blog\\\/#organization\",\"name\":\"Fan site S\u00e9bastien Auzi\u00e8re\",\"url\":\"https:\\\/\\\/www.sebastien-auziere.fr\\\/blog\\\/\",\"logo\":{\"@type\":\"ImageObject\",\"inLanguage\":\"fr-FR\",\"@id\":\"https:\\\/\\\/www.sebastien-auziere.fr\\\/blog\\\/#\\\/schema\\\/logo\\\/image\\\/\",\"url\":\"https:\\\/\\\/www.sebastien-auziere.fr\\\/blog\\\/wp-content\\\/uploads\\\/2026\\\/03\\\/cropped-cropped-cropped-ChatGPT-Image-6-mars-2026-12_58_09-e1772798376794.jpg\",\"contentUrl\":\"https:\\\/\\\/www.sebastien-auziere.fr\\\/blog\\\/wp-content\\\/uploads\\\/2026\\\/03\\\/cropped-cropped-cropped-ChatGPT-Image-6-mars-2026-12_58_09-e1772798376794.jpg\",\"width\":512,\"height\":360,\"caption\":\"Fan site S\u00e9bastien Auzi\u00e8re\"},\"image\":{\"@id\":\"https:\\\/\\\/www.sebastien-auziere.fr\\\/blog\\\/#\\\/schema\\\/logo\\\/image\\\/\"}},{\"@type\":\"Person\",\"@id\":\"https:\\\/\\\/www.sebastien-auziere.fr\\\/blog\\\/#\\\/schema\\\/person\\\/1e270a963009242469ed08b1c461f81f\",\"name\":\"Celine\",\"image\":{\"@type\":\"ImageObject\",\"inLanguage\":\"fr-FR\",\"@id\":\"https:\\\/\\\/secure.gravatar.com\\\/avatar\\\/c88d569fbe1fe19a13c7f21ee0f8973822df96073df21850b95af6a09ba820c9?s=96&d=mm&r=g\",\"url\":\"https:\\\/\\\/secure.gravatar.com\\\/avatar\\\/c88d569fbe1fe19a13c7f21ee0f8973822df96073df21850b95af6a09ba820c9?s=96&d=mm&r=g\",\"contentUrl\":\"https:\\\/\\\/secure.gravatar.com\\\/avatar\\\/c88d569fbe1fe19a13c7f21ee0f8973822df96073df21850b95af6a09ba820c9?s=96&d=mm&r=g\",\"caption\":\"Celine\"},\"description\":\"Je m'appelle C\u00e9line, j'ai 31 ans et je suis journaliste sp\u00e9cialis\u00e9e dans le cin\u00e9ma. Passionn\u00e9e par le septi\u00e8me art, j'explore les actualit\u00e9s, les critiques et les tendances du monde cin\u00e9matographique. Mon objectif est de partager ma passion et d'informer les amateurs de films \u00e0 travers des articles percutants et des analyses approfondies.\",\"url\":\"https:\\\/\\\/www.sebastien-auziere.fr\\\/blog\\\/author\\\/celine\\\/\"}]}<\/script>\n<!-- \/ Yoast SEO plugin. -->","yoast_head_json":{"title":"Lio s\u2019emporte contre Brigitte Macron : \u00ab Le syst\u00e8me dans toute son horreur \u00bb","description":"Dans une interview \u00e0 Marie Claire, la chanteuse Lio critique vivement Brigitte Macron et d\u00e9nonce le m\u00e9pris envers les femmes qui d\u00e9noncent les violences sexuelles.","robots":{"index":"index","follow":"follow","max-snippet":"max-snippet:-1","max-image-preview":"max-image-preview:large","max-video-preview":"max-video-preview:-1"},"canonical":"https:\/\/www.sebastien-auziere.fr\/blog\/pt\/lio-se-enfurece-contra-brigitte-macron-el-sistema-en-toda-su-horror\/","og_locale":"fr_FR","og_type":"article","og_title":"Lio s\u2019emporte contre Brigitte Macron : \u00ab Le syst\u00e8me dans toute son horreur \u00bb","og_description":"Dans une interview \u00e0 Marie Claire, la chanteuse Lio critique vivement Brigitte Macron et d\u00e9nonce le m\u00e9pris envers les femmes qui d\u00e9noncent les violences sexuelles.","og_url":"https:\/\/www.sebastien-auziere.fr\/blog\/pt\/lio-se-enfurece-contra-brigitte-macron-el-sistema-en-toda-su-horror\/","og_site_name":"Fan site S\u00e9bastien Auzi\u00e8re","article_published_time":"2026-03-12T22:09:31+00:00","article_modified_time":"2026-03-12T22:09:50+00:00","og_image":[{"width":829,"height":568,"url":"https:\/\/www.sebastien-auziere.fr\/blog\/wp-content\/uploads\/2026\/03\/Capture-decran-2026-03-12-225855.jpg","type":"image\/jpeg"}],"author":"Celine","twitter_card":"summary_large_image","twitter_misc":{"\u00c9crit par":"Celine","Dur\u00e9e de lecture estim\u00e9e":"3 minutes"},"schema":{"@context":"https:\/\/schema.org","@graph":[{"@type":"Article","@id":"https:\/\/www.sebastien-auziere.fr\/blog\/pt\/lio-se-enfurece-contra-brigitte-macron-el-sistema-en-toda-su-horror\/#article","isPartOf":{"@id":"https:\/\/www.sebastien-auziere.fr\/blog\/pt\/lio-se-enfurece-contra-brigitte-macron-el-sistema-en-toda-su-horror\/"},"author":{"name":"Celine","@id":"https:\/\/www.sebastien-auziere.fr\/blog\/#\/schema\/person\/1e270a963009242469ed08b1c461f81f"},"headline":"Lio se enfurece contra Brigitte Macron: \u00ab\u00a0El sistema en toda su horror\u00a0\u00bb","datePublished":"2026-03-12T22:09:31+00:00","dateModified":"2026-03-12T22:09:50+00:00","mainEntityOfPage":{"@id":"https:\/\/www.sebastien-auziere.fr\/blog\/pt\/lio-se-enfurece-contra-brigitte-macron-el-sistema-en-toda-su-horror\/"},"wordCount":618,"commentCount":0,"publisher":{"@id":"https:\/\/www.sebastien-auziere.fr\/blog\/#organization"},"image":{"@id":"https:\/\/www.sebastien-auziere.fr\/blog\/pt\/lio-se-enfurece-contra-brigitte-macron-el-sistema-en-toda-su-horror\/#primaryimage"},"thumbnailUrl":"https:\/\/www.sebastien-auziere.fr\/blog\/wp-content\/uploads\/2026\/03\/Capture-decran-2026-03-12-225855.jpg","inLanguage":"fr-FR","potentialAction":[{"@type":"CommentAction","name":"Comment","target":["https:\/\/www.sebastien-auziere.fr\/blog\/pt\/lio-se-enfurece-contra-brigitte-macron-el-sistema-en-toda-su-horror\/#respond"]}]},{"@type":"WebPage","@id":"https:\/\/www.sebastien-auziere.fr\/blog\/pt\/lio-se-enfurece-contra-brigitte-macron-el-sistema-en-toda-su-horror\/","url":"https:\/\/www.sebastien-auziere.fr\/blog\/pt\/lio-se-enfurece-contra-brigitte-macron-el-sistema-en-toda-su-horror\/","name":"Lio s\u2019emporte contre Brigitte Macron : \u00ab Le syst\u00e8me dans toute son horreur \u00bb","isPartOf":{"@id":"https:\/\/www.sebastien-auziere.fr\/blog\/#website"},"primaryImageOfPage":{"@id":"https:\/\/www.sebastien-auziere.fr\/blog\/pt\/lio-se-enfurece-contra-brigitte-macron-el-sistema-en-toda-su-horror\/#primaryimage"},"image":{"@id":"https:\/\/www.sebastien-auziere.fr\/blog\/pt\/lio-se-enfurece-contra-brigitte-macron-el-sistema-en-toda-su-horror\/#primaryimage"},"thumbnailUrl":"https:\/\/www.sebastien-auziere.fr\/blog\/wp-content\/uploads\/2026\/03\/Capture-decran-2026-03-12-225855.jpg","datePublished":"2026-03-12T22:09:31+00:00","dateModified":"2026-03-12T22:09:50+00:00","description":"Dans une interview \u00e0 Marie Claire, la chanteuse Lio critique vivement Brigitte Macron et d\u00e9nonce le m\u00e9pris envers les femmes qui d\u00e9noncent les violences sexuelles.","breadcrumb":{"@id":"https:\/\/www.sebastien-auziere.fr\/blog\/pt\/lio-se-enfurece-contra-brigitte-macron-el-sistema-en-toda-su-horror\/#breadcrumb"},"inLanguage":"fr-FR","potentialAction":[{"@type":"ReadAction","target":["https:\/\/www.sebastien-auziere.fr\/blog\/pt\/lio-se-enfurece-contra-brigitte-macron-el-sistema-en-toda-su-horror\/"]}]},{"@type":"ImageObject","inLanguage":"fr-FR","@id":"https:\/\/www.sebastien-auziere.fr\/blog\/pt\/lio-se-enfurece-contra-brigitte-macron-el-sistema-en-toda-su-horror\/#primaryimage","url":"https:\/\/www.sebastien-auziere.fr\/blog\/wp-content\/uploads\/2026\/03\/Capture-decran-2026-03-12-225855.jpg","contentUrl":"https:\/\/www.sebastien-auziere.fr\/blog\/wp-content\/uploads\/2026\/03\/Capture-decran-2026-03-12-225855.jpg","width":829,"height":568,"caption":"Lio s\u2019emporte contre Brigitte Macron"},{"@type":"BreadcrumbList","@id":"https:\/\/www.sebastien-auziere.fr\/blog\/pt\/lio-se-enfurece-contra-brigitte-macron-el-sistema-en-toda-su-horror\/#breadcrumb","itemListElement":[{"@type":"ListItem","position":1,"name":"Home","item":"https:\/\/www.sebastien-auziere.fr\/blog\/"},{"@type":"ListItem","position":2,"name":"Lio se enfurece contra Brigitte Macron: \u00ab\u00a0El sistema en toda su horror\u00a0\u00bb"}]},{"@type":"WebSite","@id":"https:\/\/www.sebastien-auziere.fr\/blog\/#website","url":"https:\/\/www.sebastien-auziere.fr\/blog\/","name":"Fan site S\u00e9bastien Auzi\u00e8re","description":"M\u00e9dia g\u00e9n\u00e9raliste","publisher":{"@id":"https:\/\/www.sebastien-auziere.fr\/blog\/#organization"},"potentialAction":[{"@type":"SearchAction","target":{"@type":"EntryPoint","urlTemplate":"https:\/\/www.sebastien-auziere.fr\/blog\/?s={search_term_string}"},"query-input":{"@type":"PropertyValueSpecification","valueRequired":true,"valueName":"search_term_string"}}],"inLanguage":"fr-FR"},{"@type":"Organization","@id":"https:\/\/www.sebastien-auziere.fr\/blog\/#organization","name":"Fan site S\u00e9bastien Auzi\u00e8re","url":"https:\/\/www.sebastien-auziere.fr\/blog\/","logo":{"@type":"ImageObject","inLanguage":"fr-FR","@id":"https:\/\/www.sebastien-auziere.fr\/blog\/#\/schema\/logo\/image\/","url":"https:\/\/www.sebastien-auziere.fr\/blog\/wp-content\/uploads\/2026\/03\/cropped-cropped-cropped-ChatGPT-Image-6-mars-2026-12_58_09-e1772798376794.jpg","contentUrl":"https:\/\/www.sebastien-auziere.fr\/blog\/wp-content\/uploads\/2026\/03\/cropped-cropped-cropped-ChatGPT-Image-6-mars-2026-12_58_09-e1772798376794.jpg","width":512,"height":360,"caption":"Fan site S\u00e9bastien Auzi\u00e8re"},"image":{"@id":"https:\/\/www.sebastien-auziere.fr\/blog\/#\/schema\/logo\/image\/"}},{"@type":"Person","@id":"https:\/\/www.sebastien-auziere.fr\/blog\/#\/schema\/person\/1e270a963009242469ed08b1c461f81f","name":"Celine","image":{"@type":"ImageObject","inLanguage":"fr-FR","@id":"https:\/\/secure.gravatar.com\/avatar\/c88d569fbe1fe19a13c7f21ee0f8973822df96073df21850b95af6a09ba820c9?s=96&d=mm&r=g","url":"https:\/\/secure.gravatar.com\/avatar\/c88d569fbe1fe19a13c7f21ee0f8973822df96073df21850b95af6a09ba820c9?s=96&d=mm&r=g","contentUrl":"https:\/\/secure.gravatar.com\/avatar\/c88d569fbe1fe19a13c7f21ee0f8973822df96073df21850b95af6a09ba820c9?s=96&d=mm&r=g","caption":"Celine"},"description":"Je m'appelle C\u00e9line, j'ai 31 ans et je suis journaliste sp\u00e9cialis\u00e9e dans le cin\u00e9ma. Passionn\u00e9e par le septi\u00e8me art, j'explore les actualit\u00e9s, les critiques et les tendances du monde cin\u00e9matographique. Mon objectif est de partager ma passion et d'informer les amateurs de films \u00e0 travers des articles percutants et des analyses approfondies.","url":"https:\/\/www.sebastien-auziere.fr\/blog\/author\/celine\/"}]}},"views":10,"_links":{"self":[{"href":"https:\/\/www.sebastien-auziere.fr\/blog\/wp-json\/wp\/v2\/posts\/2481","targetHints":{"allow":["GET"]}}],"collection":[{"href":"https:\/\/www.sebastien-auziere.fr\/blog\/wp-json\/wp\/v2\/posts"}],"about":[{"href":"https:\/\/www.sebastien-auziere.fr\/blog\/wp-json\/wp\/v2\/types\/post"}],"author":[{"embeddable":true,"href":"https:\/\/www.sebastien-auziere.fr\/blog\/wp-json\/wp\/v2\/users\/4"}],"replies":[{"embeddable":true,"href":"https:\/\/www.sebastien-auziere.fr\/blog\/wp-json\/wp\/v2\/comments?post=2481"}],"version-history":[{"count":1,"href":"https:\/\/www.sebastien-auziere.fr\/blog\/wp-json\/wp\/v2\/posts\/2481\/revisions"}],"predecessor-version":[{"id":2482,"href":"https:\/\/www.sebastien-auziere.fr\/blog\/wp-json\/wp\/v2\/posts\/2481\/revisions\/2482"}],"wp:featuredmedia":[{"embeddable":true,"href":"https:\/\/www.sebastien-auziere.fr\/blog\/wp-json\/wp\/v2\/media\/2471"}],"wp:attachment":[{"href":"https:\/\/www.sebastien-auziere.fr\/blog\/wp-json\/wp\/v2\/media?parent=2481"}],"wp:term":[{"taxonomy":"category","embeddable":true,"href":"https:\/\/www.sebastien-auziere.fr\/blog\/wp-json\/wp\/v2\/categories?post=2481"},{"taxonomy":"post_tag","embeddable":true,"href":"https:\/\/www.sebastien-auziere.fr\/blog\/wp-json\/wp\/v2\/tags?post=2481"}],"curies":[{"name":"wp","href":"https:\/\/api.w.org\/{rel}","templated":true}]}}