{"id":2479,"date":"2026-03-12T22:07:31","date_gmt":"2026-03-12T22:07:31","guid":{"rendered":"https:\/\/www.sebastien-auziere.fr\/blog\/?p=2479"},"modified":"2026-03-12T22:07:51","modified_gmt":"2026-03-12T22:07:51","slug":"lio-si-scatena-contro-brigitte-macron-il-sistema-in-tutta-la-sua-atrocita","status":"publish","type":"post","link":"https:\/\/www.sebastien-auziere.fr\/blog\/it\/lio-si-scatena-contro-brigitte-macron-il-sistema-in-tutta-la-sua-atrocita\/","title":{"rendered":"Lio si scatena contro Brigitte Macron: \u00abIl sistema in tutta la sua atrocit\u00e0\u00bb"},"content":{"rendered":"<p style=\"padding:24px;background:lightblue\"><strong>In sintesi:<\/strong> la cantante e attrice <strong>Lio ha criticato aspramente Brigitte Macron<\/strong> in un&rsquo;intervista concessa a Marie Claire. Reagisce a un&rsquo;insulto rivolto dalla Prima donna a manifestanti femministi durante uno spettacolo di Ary Abittan. Per Lio, questo episodio simboleggia <strong>il disprezzo che subiscono le donne quando denunciano le violenze<\/strong>. La cantante chiama a una mobilitazione collettiva contro le violenze sessuali e a una presa di coscienza in tutta la societ\u00e0.<\/p>\n<p>Conosciuta per le sue prese di posizione impegnate, <strong>Lio non ha usato giri di parole<\/strong> durante una recente intervista. Interrogata sulle violenze contro le donne, l&rsquo;artista ha evocato un episodio che coinvolge Brigitte Macron che l&rsquo;ha profondamente scioccata. Per lei, questo evento illustra un problema pi\u00f9 ampio: <strong>la mancanza di ascolto e di considerazione nei confronti delle donne che denunciano le violenze<\/strong>.<\/p>\n<ol>\n<li><a href=\"#interview\">Un&rsquo;intervista impegnata contro le violenze<\/a><\/li>\n<li><a href=\"#colere\">La rabbia di Lio contro Brigitte Macron<\/a><\/li>\n<li><a href=\"#combat\">Una lotta che va oltre le donne<\/a><\/li>\n<li><a href=\"#message\">Il messaggio di Lio alle donne e agli uomini<\/a><\/li>\n<\/ol>\n<h2 id=\"interview\">Un&rsquo;intervista impegnata contro le violenze<\/h2>\n<p>In un colloquio con il magazine <strong>Marie Claire<\/strong>, Lio torna a lungo sul suo impegno contro le violenze sessuali. La cantante ritiene che questa lotta riguardi tutta la societ\u00e0.<\/p>\n<p>Secondo lei, la misoginia \u00e8 alla radice di molte ingiustizie:<\/p>\n<blockquote><p>\u00ab La misoginia \u00e8 il nucleare di tutte le barbarie. Tutte le barbarie passano attraverso un odio per le donne. \u00bb<\/p><\/blockquote>\n<p>Lio insiste anche sulla situazione delle donne provenienti da minoranze o origini straniere, che possono subire <strong>una doppia discriminazione<\/strong>.<\/p>\n<h2 id=\"colere\">La rabbia di Lio contro Brigitte Macron<\/h2>\n<p>Durante l&rsquo;intervista, la cantante menziona un evento recente che l&rsquo;ha particolarmente indignata. Fa riferimento a delle affermazioni attribuite a <strong>Brigitte Macron<\/strong> durante uno spettacolo di Ary Abittan, dove alcune militanti femministe stavano manifestando.<\/p>\n<p>Lio denuncia quello che considera un segno di disprezzo nei confronti delle militanti:<\/p>\n<blockquote><p>\u00ab Ho davvero visto il sistema dispiegarsi in tutta la sua orrenda tranquillit\u00e0 davanti a me. \u00bb<\/p><\/blockquote>\n<p>Per l&rsquo;artista, questo episodio simboleggia la difficolt\u00e0 per le donne di essere ascoltate quando denunciano delle violenze.<\/p>\n<h2 id=\"combat\">Una lotta che va oltre le donne<\/h2>\n<p>Lio insiste su un punto fondamentale: <strong>la lotta contro le violenze sessuali non riguarda solo le donne<\/strong>. Ritiene che sia una battaglia per tutta l&rsquo;umanit\u00e0.<\/p>\n<p>Rammenta che le violenze colpiscono tutte le culture e tutte le societ\u00e0:<\/p>\n<ul>\n<li>tutte le classi sociali<\/li>\n<li>tutte le origini<\/li>\n<li>tutti i paesi<\/li>\n<\/ul>\n<p>Per lei, il problema \u00e8 sistemico e richiede una presa di coscienza collettiva.<\/p>\n<h2 id=\"message\">Il messaggio di Lio alle donne e agli uomini<\/h2>\n<p>Nonostante la sua rabbia, Lio rivolge un messaggio di speranza alle donne. Le incoraggia a rimanere forti e solidali.<\/p>\n<blockquote><p>\u00ab La potenza deriva anche dalle nostre fragilit\u00e0 e da tutto ci\u00f2 che abbiamo dovuto superare. \u00bb<\/p><\/blockquote>\n<p>La cantante interroga anche gli uomini, invitandoli a guardare la realt\u00e0 in faccia e a sostenere la lotta contro le violenze.<\/p>\n<p>Secondo lei, la societ\u00e0 deve evolvere affinch\u00e9 le donne siano finalmente ascoltate e rispettate.<\/p>\n<h2>FAQ<\/h2>\n<h3>Perch\u00e9 Lio critica Brigitte Macron?<\/h3>\n<p>La cantante reagisce a un insulto attribuito alla Prima donna durante un evento in cui militanti femministe stavano manifestando.<\/p>\n<h3>Qual \u00e8 la lotta sostenuta da Lio?<\/h3>\n<p>Lio milita da tempo contro le violenze sessuali nei confronti di donne e bambini.<\/p>\n<h3>Perch\u00e9 questa polemica suscita reazioni?<\/h3>\n<p>Perch\u00e9 tocca temi sensibili: le violenze sessuali, la voce delle vittime e il ruolo delle donne nella societ\u00e0.<\/p>\n<h3>Quale messaggio Lio rivolge agli uomini?<\/h3>\n<p>Li invita a prendere coscienza della realt\u00e0 delle violenze e a partecipare attivamente alla lotta contro queste ingiustizie.<\/p>\n","protected":false},"excerpt":{"rendered":"<p>In sintesi: la cantante e attrice Lio ha criticato aspramente Brigitte Macron in un&rsquo;intervista concessa a Marie Claire. Reagisce a un&rsquo;insulto rivolto dalla Prima donna a manifestanti femministi durante uno spettacolo di Ary Abittan. Per Lio, questo episodio simboleggia il disprezzo che subiscono le donne quando denunciano le violenze. La cantante chiama a una mobilitazione &#8230; <a title=\"Lio si scatena contro Brigitte Macron: \u00abIl sistema in tutta la sua atrocit\u00e0\u00bb\" class=\"read-more\" href=\"https:\/\/www.sebastien-auziere.fr\/blog\/it\/lio-si-scatena-contro-brigitte-macron-il-sistema-in-tutta-la-sua-atrocita\/\" aria-label=\"En savoir plus sur Lio si scatena contro Brigitte Macron: \u00abIl sistema in tutta la sua atrocit\u00e0\u00bb\">Lire plus<\/a><\/p>\n","protected":false},"author":4,"featured_media":2471,"comment_status":"open","ping_status":"open","sticky":false,"template":"","format":"standard","meta":{"footnotes":""},"categories":[843],"tags":[],"class_list":["post-2479","post","type-post","status-publish","format-standard","has-post-thumbnail","hentry","category-non-classe-it"],"yoast_head":"<!-- This site is optimized with the Yoast SEO plugin v27.5 - https:\/\/yoast.com\/product\/yoast-seo-wordpress\/ -->\n<title>Lio s\u2019emporte contre Brigitte Macron : \u00ab Le syst\u00e8me dans toute son horreur \u00bb<\/title>\n<meta name=\"description\" content=\"Dans une interview \u00e0 Marie Claire, la chanteuse Lio critique vivement Brigitte Macron et d\u00e9nonce le m\u00e9pris envers les femmes qui d\u00e9noncent les violences sexuelles.\" \/>\n<meta name=\"robots\" content=\"index, follow, max-snippet:-1, max-image-preview:large, max-video-preview:-1\" \/>\n<link rel=\"canonical\" href=\"https:\/\/www.sebastien-auziere.fr\/blog\/it\/lio-si-scatena-contro-brigitte-macron-il-sistema-in-tutta-la-sua-atrocita\/\" \/>\n<meta property=\"og:locale\" content=\"fr_FR\" \/>\n<meta property=\"og:type\" content=\"article\" \/>\n<meta property=\"og:title\" content=\"Lio s\u2019emporte contre Brigitte Macron : \u00ab Le syst\u00e8me dans toute son horreur \u00bb\" \/>\n<meta property=\"og:description\" content=\"Dans une interview \u00e0 Marie Claire, la chanteuse Lio critique vivement Brigitte Macron et d\u00e9nonce le m\u00e9pris envers les femmes qui d\u00e9noncent les violences sexuelles.\" \/>\n<meta property=\"og:url\" content=\"https:\/\/www.sebastien-auziere.fr\/blog\/it\/lio-si-scatena-contro-brigitte-macron-il-sistema-in-tutta-la-sua-atrocita\/\" \/>\n<meta property=\"og:site_name\" content=\"Fan site S\u00e9bastien Auzi\u00e8re\" \/>\n<meta property=\"article:published_time\" content=\"2026-03-12T22:07:31+00:00\" \/>\n<meta property=\"article:modified_time\" content=\"2026-03-12T22:07:51+00:00\" \/>\n<meta property=\"og:image\" content=\"https:\/\/www.sebastien-auziere.fr\/blog\/wp-content\/uploads\/2026\/03\/Capture-decran-2026-03-12-225855.jpg\" \/>\n\t<meta property=\"og:image:width\" content=\"829\" \/>\n\t<meta property=\"og:image:height\" content=\"568\" \/>\n\t<meta property=\"og:image:type\" content=\"image\/jpeg\" \/>\n<meta name=\"author\" content=\"Celine\" \/>\n<meta name=\"twitter:card\" content=\"summary_large_image\" \/>\n<meta name=\"twitter:label1\" content=\"\u00c9crit par\" \/>\n\t<meta name=\"twitter:data1\" content=\"Celine\" \/>\n\t<meta name=\"twitter:label2\" content=\"Dur\u00e9e de lecture estim\u00e9e\" \/>\n\t<meta name=\"twitter:data2\" content=\"3 minutes\" \/>\n<script type=\"application\/ld+json\" class=\"yoast-schema-graph\">{\"@context\":\"https:\\\/\\\/schema.org\",\"@graph\":[{\"@type\":\"Article\",\"@id\":\"https:\\\/\\\/www.sebastien-auziere.fr\\\/blog\\\/it\\\/lio-si-scatena-contro-brigitte-macron-il-sistema-in-tutta-la-sua-atrocita\\\/#article\",\"isPartOf\":{\"@id\":\"https:\\\/\\\/www.sebastien-auziere.fr\\\/blog\\\/it\\\/lio-si-scatena-contro-brigitte-macron-il-sistema-in-tutta-la-sua-atrocita\\\/\"},\"author\":{\"name\":\"Celine\",\"@id\":\"https:\\\/\\\/www.sebastien-auziere.fr\\\/blog\\\/#\\\/schema\\\/person\\\/1e270a963009242469ed08b1c461f81f\"},\"headline\":\"Lio si scatena contro Brigitte Macron: \u00abIl sistema in tutta la sua atrocit\u00e0\u00bb\",\"datePublished\":\"2026-03-12T22:07:31+00:00\",\"dateModified\":\"2026-03-12T22:07:51+00:00\",\"mainEntityOfPage\":{\"@id\":\"https:\\\/\\\/www.sebastien-auziere.fr\\\/blog\\\/it\\\/lio-si-scatena-contro-brigitte-macron-il-sistema-in-tutta-la-sua-atrocita\\\/\"},\"wordCount\":574,\"commentCount\":0,\"publisher\":{\"@id\":\"https:\\\/\\\/www.sebastien-auziere.fr\\\/blog\\\/#organization\"},\"image\":{\"@id\":\"https:\\\/\\\/www.sebastien-auziere.fr\\\/blog\\\/it\\\/lio-si-scatena-contro-brigitte-macron-il-sistema-in-tutta-la-sua-atrocita\\\/#primaryimage\"},\"thumbnailUrl\":\"https:\\\/\\\/www.sebastien-auziere.fr\\\/blog\\\/wp-content\\\/uploads\\\/2026\\\/03\\\/Capture-decran-2026-03-12-225855.jpg\",\"inLanguage\":\"fr-FR\",\"potentialAction\":[{\"@type\":\"CommentAction\",\"name\":\"Comment\",\"target\":[\"https:\\\/\\\/www.sebastien-auziere.fr\\\/blog\\\/it\\\/lio-si-scatena-contro-brigitte-macron-il-sistema-in-tutta-la-sua-atrocita\\\/#respond\"]}]},{\"@type\":\"WebPage\",\"@id\":\"https:\\\/\\\/www.sebastien-auziere.fr\\\/blog\\\/it\\\/lio-si-scatena-contro-brigitte-macron-il-sistema-in-tutta-la-sua-atrocita\\\/\",\"url\":\"https:\\\/\\\/www.sebastien-auziere.fr\\\/blog\\\/it\\\/lio-si-scatena-contro-brigitte-macron-il-sistema-in-tutta-la-sua-atrocita\\\/\",\"name\":\"Lio s\u2019emporte contre Brigitte Macron : \u00ab Le syst\u00e8me dans toute son horreur \u00bb\",\"isPartOf\":{\"@id\":\"https:\\\/\\\/www.sebastien-auziere.fr\\\/blog\\\/#website\"},\"primaryImageOfPage\":{\"@id\":\"https:\\\/\\\/www.sebastien-auziere.fr\\\/blog\\\/it\\\/lio-si-scatena-contro-brigitte-macron-il-sistema-in-tutta-la-sua-atrocita\\\/#primaryimage\"},\"image\":{\"@id\":\"https:\\\/\\\/www.sebastien-auziere.fr\\\/blog\\\/it\\\/lio-si-scatena-contro-brigitte-macron-il-sistema-in-tutta-la-sua-atrocita\\\/#primaryimage\"},\"thumbnailUrl\":\"https:\\\/\\\/www.sebastien-auziere.fr\\\/blog\\\/wp-content\\\/uploads\\\/2026\\\/03\\\/Capture-decran-2026-03-12-225855.jpg\",\"datePublished\":\"2026-03-12T22:07:31+00:00\",\"dateModified\":\"2026-03-12T22:07:51+00:00\",\"description\":\"Dans une interview \u00e0 Marie Claire, la chanteuse Lio critique vivement Brigitte Macron et d\u00e9nonce le m\u00e9pris envers les femmes qui d\u00e9noncent les violences sexuelles.\",\"breadcrumb\":{\"@id\":\"https:\\\/\\\/www.sebastien-auziere.fr\\\/blog\\\/it\\\/lio-si-scatena-contro-brigitte-macron-il-sistema-in-tutta-la-sua-atrocita\\\/#breadcrumb\"},\"inLanguage\":\"fr-FR\",\"potentialAction\":[{\"@type\":\"ReadAction\",\"target\":[\"https:\\\/\\\/www.sebastien-auziere.fr\\\/blog\\\/it\\\/lio-si-scatena-contro-brigitte-macron-il-sistema-in-tutta-la-sua-atrocita\\\/\"]}]},{\"@type\":\"ImageObject\",\"inLanguage\":\"fr-FR\",\"@id\":\"https:\\\/\\\/www.sebastien-auziere.fr\\\/blog\\\/it\\\/lio-si-scatena-contro-brigitte-macron-il-sistema-in-tutta-la-sua-atrocita\\\/#primaryimage\",\"url\":\"https:\\\/\\\/www.sebastien-auziere.fr\\\/blog\\\/wp-content\\\/uploads\\\/2026\\\/03\\\/Capture-decran-2026-03-12-225855.jpg\",\"contentUrl\":\"https:\\\/\\\/www.sebastien-auziere.fr\\\/blog\\\/wp-content\\\/uploads\\\/2026\\\/03\\\/Capture-decran-2026-03-12-225855.jpg\",\"width\":829,\"height\":568,\"caption\":\"Lio s\u2019emporte contre Brigitte Macron\"},{\"@type\":\"BreadcrumbList\",\"@id\":\"https:\\\/\\\/www.sebastien-auziere.fr\\\/blog\\\/it\\\/lio-si-scatena-contro-brigitte-macron-il-sistema-in-tutta-la-sua-atrocita\\\/#breadcrumb\",\"itemListElement\":[{\"@type\":\"ListItem\",\"position\":1,\"name\":\"Home\",\"item\":\"https:\\\/\\\/www.sebastien-auziere.fr\\\/blog\\\/\"},{\"@type\":\"ListItem\",\"position\":2,\"name\":\"Lio si scatena contro Brigitte Macron: \u00abIl sistema in tutta la sua atrocit\u00e0\u00bb\"}]},{\"@type\":\"WebSite\",\"@id\":\"https:\\\/\\\/www.sebastien-auziere.fr\\\/blog\\\/#website\",\"url\":\"https:\\\/\\\/www.sebastien-auziere.fr\\\/blog\\\/\",\"name\":\"Fan site S\u00e9bastien Auzi\u00e8re\",\"description\":\"M\u00e9dia g\u00e9n\u00e9raliste\",\"publisher\":{\"@id\":\"https:\\\/\\\/www.sebastien-auziere.fr\\\/blog\\\/#organization\"},\"potentialAction\":[{\"@type\":\"SearchAction\",\"target\":{\"@type\":\"EntryPoint\",\"urlTemplate\":\"https:\\\/\\\/www.sebastien-auziere.fr\\\/blog\\\/?s={search_term_string}\"},\"query-input\":{\"@type\":\"PropertyValueSpecification\",\"valueRequired\":true,\"valueName\":\"search_term_string\"}}],\"inLanguage\":\"fr-FR\"},{\"@type\":\"Organization\",\"@id\":\"https:\\\/\\\/www.sebastien-auziere.fr\\\/blog\\\/#organization\",\"name\":\"Fan site S\u00e9bastien Auzi\u00e8re\",\"url\":\"https:\\\/\\\/www.sebastien-auziere.fr\\\/blog\\\/\",\"logo\":{\"@type\":\"ImageObject\",\"inLanguage\":\"fr-FR\",\"@id\":\"https:\\\/\\\/www.sebastien-auziere.fr\\\/blog\\\/#\\\/schema\\\/logo\\\/image\\\/\",\"url\":\"https:\\\/\\\/www.sebastien-auziere.fr\\\/blog\\\/wp-content\\\/uploads\\\/2026\\\/03\\\/cropped-cropped-cropped-ChatGPT-Image-6-mars-2026-12_58_09-e1772798376794.jpg\",\"contentUrl\":\"https:\\\/\\\/www.sebastien-auziere.fr\\\/blog\\\/wp-content\\\/uploads\\\/2026\\\/03\\\/cropped-cropped-cropped-ChatGPT-Image-6-mars-2026-12_58_09-e1772798376794.jpg\",\"width\":512,\"height\":360,\"caption\":\"Fan site S\u00e9bastien Auzi\u00e8re\"},\"image\":{\"@id\":\"https:\\\/\\\/www.sebastien-auziere.fr\\\/blog\\\/#\\\/schema\\\/logo\\\/image\\\/\"}},{\"@type\":\"Person\",\"@id\":\"https:\\\/\\\/www.sebastien-auziere.fr\\\/blog\\\/#\\\/schema\\\/person\\\/1e270a963009242469ed08b1c461f81f\",\"name\":\"Celine\",\"image\":{\"@type\":\"ImageObject\",\"inLanguage\":\"fr-FR\",\"@id\":\"https:\\\/\\\/secure.gravatar.com\\\/avatar\\\/c88d569fbe1fe19a13c7f21ee0f8973822df96073df21850b95af6a09ba820c9?s=96&d=mm&r=g\",\"url\":\"https:\\\/\\\/secure.gravatar.com\\\/avatar\\\/c88d569fbe1fe19a13c7f21ee0f8973822df96073df21850b95af6a09ba820c9?s=96&d=mm&r=g\",\"contentUrl\":\"https:\\\/\\\/secure.gravatar.com\\\/avatar\\\/c88d569fbe1fe19a13c7f21ee0f8973822df96073df21850b95af6a09ba820c9?s=96&d=mm&r=g\",\"caption\":\"Celine\"},\"description\":\"Je m'appelle C\u00e9line, j'ai 31 ans et je suis journaliste sp\u00e9cialis\u00e9e dans le cin\u00e9ma. Passionn\u00e9e par le septi\u00e8me art, j'explore les actualit\u00e9s, les critiques et les tendances du monde cin\u00e9matographique. Mon objectif est de partager ma passion et d'informer les amateurs de films \u00e0 travers des articles percutants et des analyses approfondies.\",\"url\":\"https:\\\/\\\/www.sebastien-auziere.fr\\\/blog\\\/author\\\/celine\\\/\"}]}<\/script>\n<!-- \/ Yoast SEO plugin. -->","yoast_head_json":{"title":"Lio s\u2019emporte contre Brigitte Macron : \u00ab Le syst\u00e8me dans toute son horreur \u00bb","description":"Dans une interview \u00e0 Marie Claire, la chanteuse Lio critique vivement Brigitte Macron et d\u00e9nonce le m\u00e9pris envers les femmes qui d\u00e9noncent les violences sexuelles.","robots":{"index":"index","follow":"follow","max-snippet":"max-snippet:-1","max-image-preview":"max-image-preview:large","max-video-preview":"max-video-preview:-1"},"canonical":"https:\/\/www.sebastien-auziere.fr\/blog\/it\/lio-si-scatena-contro-brigitte-macron-il-sistema-in-tutta-la-sua-atrocita\/","og_locale":"fr_FR","og_type":"article","og_title":"Lio s\u2019emporte contre Brigitte Macron : \u00ab Le syst\u00e8me dans toute son horreur \u00bb","og_description":"Dans une interview \u00e0 Marie Claire, la chanteuse Lio critique vivement Brigitte Macron et d\u00e9nonce le m\u00e9pris envers les femmes qui d\u00e9noncent les violences sexuelles.","og_url":"https:\/\/www.sebastien-auziere.fr\/blog\/it\/lio-si-scatena-contro-brigitte-macron-il-sistema-in-tutta-la-sua-atrocita\/","og_site_name":"Fan site S\u00e9bastien Auzi\u00e8re","article_published_time":"2026-03-12T22:07:31+00:00","article_modified_time":"2026-03-12T22:07:51+00:00","og_image":[{"width":829,"height":568,"url":"https:\/\/www.sebastien-auziere.fr\/blog\/wp-content\/uploads\/2026\/03\/Capture-decran-2026-03-12-225855.jpg","type":"image\/jpeg"}],"author":"Celine","twitter_card":"summary_large_image","twitter_misc":{"\u00c9crit par":"Celine","Dur\u00e9e de lecture estim\u00e9e":"3 minutes"},"schema":{"@context":"https:\/\/schema.org","@graph":[{"@type":"Article","@id":"https:\/\/www.sebastien-auziere.fr\/blog\/it\/lio-si-scatena-contro-brigitte-macron-il-sistema-in-tutta-la-sua-atrocita\/#article","isPartOf":{"@id":"https:\/\/www.sebastien-auziere.fr\/blog\/it\/lio-si-scatena-contro-brigitte-macron-il-sistema-in-tutta-la-sua-atrocita\/"},"author":{"name":"Celine","@id":"https:\/\/www.sebastien-auziere.fr\/blog\/#\/schema\/person\/1e270a963009242469ed08b1c461f81f"},"headline":"Lio si scatena contro Brigitte Macron: \u00abIl sistema in tutta la sua atrocit\u00e0\u00bb","datePublished":"2026-03-12T22:07:31+00:00","dateModified":"2026-03-12T22:07:51+00:00","mainEntityOfPage":{"@id":"https:\/\/www.sebastien-auziere.fr\/blog\/it\/lio-si-scatena-contro-brigitte-macron-il-sistema-in-tutta-la-sua-atrocita\/"},"wordCount":574,"commentCount":0,"publisher":{"@id":"https:\/\/www.sebastien-auziere.fr\/blog\/#organization"},"image":{"@id":"https:\/\/www.sebastien-auziere.fr\/blog\/it\/lio-si-scatena-contro-brigitte-macron-il-sistema-in-tutta-la-sua-atrocita\/#primaryimage"},"thumbnailUrl":"https:\/\/www.sebastien-auziere.fr\/blog\/wp-content\/uploads\/2026\/03\/Capture-decran-2026-03-12-225855.jpg","inLanguage":"fr-FR","potentialAction":[{"@type":"CommentAction","name":"Comment","target":["https:\/\/www.sebastien-auziere.fr\/blog\/it\/lio-si-scatena-contro-brigitte-macron-il-sistema-in-tutta-la-sua-atrocita\/#respond"]}]},{"@type":"WebPage","@id":"https:\/\/www.sebastien-auziere.fr\/blog\/it\/lio-si-scatena-contro-brigitte-macron-il-sistema-in-tutta-la-sua-atrocita\/","url":"https:\/\/www.sebastien-auziere.fr\/blog\/it\/lio-si-scatena-contro-brigitte-macron-il-sistema-in-tutta-la-sua-atrocita\/","name":"Lio s\u2019emporte contre Brigitte Macron : \u00ab Le syst\u00e8me dans toute son horreur \u00bb","isPartOf":{"@id":"https:\/\/www.sebastien-auziere.fr\/blog\/#website"},"primaryImageOfPage":{"@id":"https:\/\/www.sebastien-auziere.fr\/blog\/it\/lio-si-scatena-contro-brigitte-macron-il-sistema-in-tutta-la-sua-atrocita\/#primaryimage"},"image":{"@id":"https:\/\/www.sebastien-auziere.fr\/blog\/it\/lio-si-scatena-contro-brigitte-macron-il-sistema-in-tutta-la-sua-atrocita\/#primaryimage"},"thumbnailUrl":"https:\/\/www.sebastien-auziere.fr\/blog\/wp-content\/uploads\/2026\/03\/Capture-decran-2026-03-12-225855.jpg","datePublished":"2026-03-12T22:07:31+00:00","dateModified":"2026-03-12T22:07:51+00:00","description":"Dans une interview \u00e0 Marie Claire, la chanteuse Lio critique vivement Brigitte Macron et d\u00e9nonce le m\u00e9pris envers les femmes qui d\u00e9noncent les violences sexuelles.","breadcrumb":{"@id":"https:\/\/www.sebastien-auziere.fr\/blog\/it\/lio-si-scatena-contro-brigitte-macron-il-sistema-in-tutta-la-sua-atrocita\/#breadcrumb"},"inLanguage":"fr-FR","potentialAction":[{"@type":"ReadAction","target":["https:\/\/www.sebastien-auziere.fr\/blog\/it\/lio-si-scatena-contro-brigitte-macron-il-sistema-in-tutta-la-sua-atrocita\/"]}]},{"@type":"ImageObject","inLanguage":"fr-FR","@id":"https:\/\/www.sebastien-auziere.fr\/blog\/it\/lio-si-scatena-contro-brigitte-macron-il-sistema-in-tutta-la-sua-atrocita\/#primaryimage","url":"https:\/\/www.sebastien-auziere.fr\/blog\/wp-content\/uploads\/2026\/03\/Capture-decran-2026-03-12-225855.jpg","contentUrl":"https:\/\/www.sebastien-auziere.fr\/blog\/wp-content\/uploads\/2026\/03\/Capture-decran-2026-03-12-225855.jpg","width":829,"height":568,"caption":"Lio s\u2019emporte contre Brigitte Macron"},{"@type":"BreadcrumbList","@id":"https:\/\/www.sebastien-auziere.fr\/blog\/it\/lio-si-scatena-contro-brigitte-macron-il-sistema-in-tutta-la-sua-atrocita\/#breadcrumb","itemListElement":[{"@type":"ListItem","position":1,"name":"Home","item":"https:\/\/www.sebastien-auziere.fr\/blog\/"},{"@type":"ListItem","position":2,"name":"Lio si scatena contro Brigitte Macron: \u00abIl sistema in tutta la sua atrocit\u00e0\u00bb"}]},{"@type":"WebSite","@id":"https:\/\/www.sebastien-auziere.fr\/blog\/#website","url":"https:\/\/www.sebastien-auziere.fr\/blog\/","name":"Fan site S\u00e9bastien Auzi\u00e8re","description":"M\u00e9dia g\u00e9n\u00e9raliste","publisher":{"@id":"https:\/\/www.sebastien-auziere.fr\/blog\/#organization"},"potentialAction":[{"@type":"SearchAction","target":{"@type":"EntryPoint","urlTemplate":"https:\/\/www.sebastien-auziere.fr\/blog\/?s={search_term_string}"},"query-input":{"@type":"PropertyValueSpecification","valueRequired":true,"valueName":"search_term_string"}}],"inLanguage":"fr-FR"},{"@type":"Organization","@id":"https:\/\/www.sebastien-auziere.fr\/blog\/#organization","name":"Fan site S\u00e9bastien Auzi\u00e8re","url":"https:\/\/www.sebastien-auziere.fr\/blog\/","logo":{"@type":"ImageObject","inLanguage":"fr-FR","@id":"https:\/\/www.sebastien-auziere.fr\/blog\/#\/schema\/logo\/image\/","url":"https:\/\/www.sebastien-auziere.fr\/blog\/wp-content\/uploads\/2026\/03\/cropped-cropped-cropped-ChatGPT-Image-6-mars-2026-12_58_09-e1772798376794.jpg","contentUrl":"https:\/\/www.sebastien-auziere.fr\/blog\/wp-content\/uploads\/2026\/03\/cropped-cropped-cropped-ChatGPT-Image-6-mars-2026-12_58_09-e1772798376794.jpg","width":512,"height":360,"caption":"Fan site S\u00e9bastien Auzi\u00e8re"},"image":{"@id":"https:\/\/www.sebastien-auziere.fr\/blog\/#\/schema\/logo\/image\/"}},{"@type":"Person","@id":"https:\/\/www.sebastien-auziere.fr\/blog\/#\/schema\/person\/1e270a963009242469ed08b1c461f81f","name":"Celine","image":{"@type":"ImageObject","inLanguage":"fr-FR","@id":"https:\/\/secure.gravatar.com\/avatar\/c88d569fbe1fe19a13c7f21ee0f8973822df96073df21850b95af6a09ba820c9?s=96&d=mm&r=g","url":"https:\/\/secure.gravatar.com\/avatar\/c88d569fbe1fe19a13c7f21ee0f8973822df96073df21850b95af6a09ba820c9?s=96&d=mm&r=g","contentUrl":"https:\/\/secure.gravatar.com\/avatar\/c88d569fbe1fe19a13c7f21ee0f8973822df96073df21850b95af6a09ba820c9?s=96&d=mm&r=g","caption":"Celine"},"description":"Je m'appelle C\u00e9line, j'ai 31 ans et je suis journaliste sp\u00e9cialis\u00e9e dans le cin\u00e9ma. Passionn\u00e9e par le septi\u00e8me art, j'explore les actualit\u00e9s, les critiques et les tendances du monde cin\u00e9matographique. Mon objectif est de partager ma passion et d'informer les amateurs de films \u00e0 travers des articles percutants et des analyses approfondies.","url":"https:\/\/www.sebastien-auziere.fr\/blog\/author\/celine\/"}]}},"views":7,"_links":{"self":[{"href":"https:\/\/www.sebastien-auziere.fr\/blog\/wp-json\/wp\/v2\/posts\/2479","targetHints":{"allow":["GET"]}}],"collection":[{"href":"https:\/\/www.sebastien-auziere.fr\/blog\/wp-json\/wp\/v2\/posts"}],"about":[{"href":"https:\/\/www.sebastien-auziere.fr\/blog\/wp-json\/wp\/v2\/types\/post"}],"author":[{"embeddable":true,"href":"https:\/\/www.sebastien-auziere.fr\/blog\/wp-json\/wp\/v2\/users\/4"}],"replies":[{"embeddable":true,"href":"https:\/\/www.sebastien-auziere.fr\/blog\/wp-json\/wp\/v2\/comments?post=2479"}],"version-history":[{"count":1,"href":"https:\/\/www.sebastien-auziere.fr\/blog\/wp-json\/wp\/v2\/posts\/2479\/revisions"}],"predecessor-version":[{"id":2480,"href":"https:\/\/www.sebastien-auziere.fr\/blog\/wp-json\/wp\/v2\/posts\/2479\/revisions\/2480"}],"wp:featuredmedia":[{"embeddable":true,"href":"https:\/\/www.sebastien-auziere.fr\/blog\/wp-json\/wp\/v2\/media\/2471"}],"wp:attachment":[{"href":"https:\/\/www.sebastien-auziere.fr\/blog\/wp-json\/wp\/v2\/media?parent=2479"}],"wp:term":[{"taxonomy":"category","embeddable":true,"href":"https:\/\/www.sebastien-auziere.fr\/blog\/wp-json\/wp\/v2\/categories?post=2479"},{"taxonomy":"post_tag","embeddable":true,"href":"https:\/\/www.sebastien-auziere.fr\/blog\/wp-json\/wp\/v2\/tags?post=2479"}],"curies":[{"name":"wp","href":"https:\/\/api.w.org\/{rel}","templated":true}]}}