{"id":2477,"date":"2026-03-12T22:05:29","date_gmt":"2026-03-12T22:05:29","guid":{"rendered":"https:\/\/www.sebastien-auziere.fr\/blog\/?p=2477"},"modified":"2026-03-12T22:05:51","modified_gmt":"2026-03-12T22:05:51","slug":"lio-ist-wutend-auf-brigitte-macron-das-system-in-all-seiner-grauenhaftigkeit","status":"publish","type":"post","link":"https:\/\/www.sebastien-auziere.fr\/blog\/de\/lio-ist-wutend-auf-brigitte-macron-das-system-in-all-seiner-grauenhaftigkeit\/","title":{"rendered":"Lio ist w\u00fctend auf Brigitte Macron: \u201eDas System in all seiner Grauenhaftigkeit\u201c"},"content":{"rendered":"<p style=\"padding:24px;background:lightblue\"><strong>Zusammenfassung:<\/strong> Die S\u00e4ngerin und Schauspielerin <strong>Lio hat Brigitte Macron scharf kritisiert<\/strong> in einem Interview mit Marie Claire. Sie reagiert auf eine Beleidigung, die die Erste Dame an feministischen Demonstrantinnen w\u00e4hrend einer Auff\u00fchrung von Ary Abittan richtete. F\u00fcr Lio symbolisiert dieses Ereignis <strong>die Verachtung, die Frauen erfahren, wenn sie Gewalt anprangern<\/strong>. Die S\u00e4ngerin ruft zu einem kollektiven Mobilisierung gegen sexuelle Gewalt und zu einem Bewusstsein in der gesamten Gesellschaft auf.<\/p>\n<p>Als jemand, der f\u00fcr ihr Engagement bekannt ist, <strong>hat Lio bei einem k\u00fcrzlichen Interview kein Blatt vor den Mund genommen<\/strong>. Auf die Gewalt gegen Frauen angesprochen, erw\u00e4hnte die K\u00fcnstlerin einen Vorfall mit Brigitte Macron, der sie tief ersch\u00fcttert hat. F\u00fcr sie veranschaulicht dieses Ereignis ein gr\u00f6\u00dferes Problem: <strong>das Fehlen von Geh\u00f6r und Wertsch\u00e4tzung f\u00fcr Frauen, die Gewalt anprangern<\/strong>.<\/p>\n<ol>\n<li><a href=\"#interview\">Ein engagiertes Interview gegen Gewalt<\/a><\/li>\n<li><a href=\"#colere\">Lios Wut gegen Brigitte Macron<\/a><\/li>\n<li><a href=\"#combat\">Ein Kampf, der \u00fcber Frauen hinausgeht<\/a><\/li>\n<li><a href=\"#message\">Lios Botschaft an Frauen und M\u00e4nner<\/a><\/li>\n<\/ol>\n<h2 id=\"interview\">Ein engagiertes Interview gegen Gewalt<\/h2>\n<p>In einem Gespr\u00e4ch mit dem Magazin <strong>Marie Claire<\/strong> spricht Lio ausf\u00fchrlich \u00fcber ihr Engagement gegen sexuelle Gewalt. Die S\u00e4ngerin ist der Ansicht, dass dieser Kampf die gesamte Gesellschaft betrifft.<\/p>\n<p>Ihrer Meinung nach ist Misogynie die Wurzel zahlreicher Ungerechtigkeiten:<\/p>\n<blockquote><p>\u201eMisogynie ist der Nukleus aller Barbarei. Alle Barbarei geht mit einer Frauenfeindlichkeit einher.\u201c<\/p><\/blockquote>\n<p>Lio betont auch die Situation von Frauen aus Minderheiten oder mit ausl\u00e4ndischen Wurzeln, die <strong>doppelte Diskriminierung<\/strong> erleben k\u00f6nnen.<\/p>\n<h2 id=\"colere\">Lios Wut gegen Brigitte Macron<\/h2>\n<p>Im Interview spricht die S\u00e4ngerin \u00fcber ein aktuelles Ereignis, das sie besonders emp\u00f6rt hat. Sie bezieht sich auf \u00c4u\u00dferungen, die <strong>Brigitte Macron<\/strong> w\u00e4hrend einer Auff\u00fchrung von Ary Abittan gemacht haben soll, w\u00e4hrend feministische Aktivistinnen demonstrierten.<\/p>\n<p>Lio verurteilt, was sie als ein Zeichen der Verachtung gegen\u00fcber den Aktivistinnen ansieht:<\/p>\n<blockquote><p>\u201eIch habe wirklich das System in all seiner Grauenhaftigkeit vor mir ausgebreitet gesehen.\u201c<\/p><\/blockquote>\n<p>F\u00fcr die K\u00fcnstlerin symbolisiert dieses Ereignis die Schwierigkeit f\u00fcr Frauen, geh\u00f6rt zu werden, wenn sie Gewalt anprangern.<\/p>\n<h2 id=\"combat\">Ein Kampf, der \u00fcber Frauen hinausgeht<\/h2>\n<p>Lio betont einen entscheidenden Punkt: <strong>der Kampf gegen sexuelle Gewalt betrifft nicht nur Frauen<\/strong>. Sie ist der Meinung, dass es sich um einen Kampf f\u00fcr die gesamte Menschheit handelt.<\/p>\n<p>Sie erinnert daran, dass Gewalt alle Kulturen und Gesellschaften betrifft:<\/p>\n<ul>\n<li>alle sozialen Klassen<\/li>\n<li>alle Herkunft<\/li>\n<li>alle L\u00e4nder<\/li>\n<\/ul>\n<p>F\u00fcr sie ist das Problem systemisch und erfordert ein kollektives Bewusstsein.<\/p>\n<h2 id=\"message\">Lios Botschaft an Frauen und M\u00e4nner<\/h2>\n<p>Trotz ihrer Wut sendet Lio eine Botschaft der Hoffnung an die Frauen. Sie ermutigt sie, stark und solidarisch zu bleiben.<\/p>\n<blockquote><p>\u201eDie Kraft kommt auch aus unseren Schw\u00e4chen und allem, was wir \u00fcberwinden mussten.\u201c<\/p><\/blockquote>\n<p>Die S\u00e4ngerin fordert auch die M\u00e4nner auf, sich der Realit\u00e4t zu stellen und den Kampf gegen Gewalt zu unterst\u00fctzen.<\/p>\n<p>Ihrer Meinung nach muss die Gesellschaft sich weiterentwickeln, damit Frauen endlich geh\u00f6rt und respektiert werden.<\/p>\n<h2>FAQ<\/h2>\n<h3>Warum kritisiert Lio Brigitte Macron?<\/h3>\n<p>Die S\u00e4ngerin reagiert auf eine Beleidigung, die der Ersten Dame w\u00e4hrend einer Veranstaltung, bei der feministische Aktivistinnen demonstrierten, zugeschrieben wird.<\/p>\n<h3>Welchen Kampf vertritt Lio?<\/h3>\n<p>Lio setzt sich schon lange gegen sexuelle Gewalt gegen Frauen und Kinder ein.<\/p>\n<h3>Warum l\u00f6st diese Kontroverse Reaktionen aus?<\/h3>\n<p>Weil sie sensible Themen ber\u00fchrt: sexuelle Gewalt, die Stimme der Opfer und die Stellung der Frauen in der Gesellschaft.<\/p>\n<h3>Welche Botschaft richtet Lio an die M\u00e4nner?<\/h3>\n<p>Sie fordert sie auf, sich der Realit\u00e4t der Gewalt bewusst zu werden und aktiv am Kampf gegen diese Ungerechtigkeiten teilzunehmen.<\/p>\n","protected":false},"excerpt":{"rendered":"<p>Zusammenfassung: Die S\u00e4ngerin und Schauspielerin Lio hat Brigitte Macron scharf kritisiert in einem Interview mit Marie Claire. Sie reagiert auf eine Beleidigung, die die Erste Dame an feministischen Demonstrantinnen w\u00e4hrend einer Auff\u00fchrung von Ary Abittan richtete. F\u00fcr Lio symbolisiert dieses Ereignis die Verachtung, die Frauen erfahren, wenn sie Gewalt anprangern. Die S\u00e4ngerin ruft zu einem &#8230; <a title=\"Lio ist w\u00fctend auf Brigitte Macron: \u201eDas System in all seiner Grauenhaftigkeit\u201c\" class=\"read-more\" href=\"https:\/\/www.sebastien-auziere.fr\/blog\/de\/lio-ist-wutend-auf-brigitte-macron-das-system-in-all-seiner-grauenhaftigkeit\/\" aria-label=\"En savoir plus sur Lio ist w\u00fctend auf Brigitte Macron: \u201eDas System in all seiner Grauenhaftigkeit\u201c\">Lire plus<\/a><\/p>\n","protected":false},"author":4,"featured_media":2471,"comment_status":"open","ping_status":"open","sticky":false,"template":"","format":"standard","meta":{"footnotes":""},"categories":[838],"tags":[],"class_list":["post-2477","post","type-post","status-publish","format-standard","has-post-thumbnail","hentry","category-non-classe-de"],"yoast_head":"<!-- This site is optimized with the Yoast SEO plugin v27.5 - https:\/\/yoast.com\/product\/yoast-seo-wordpress\/ -->\n<title>Lio s\u2019emporte contre Brigitte Macron : \u00ab Le syst\u00e8me dans toute son horreur \u00bb<\/title>\n<meta name=\"description\" content=\"Dans une interview \u00e0 Marie Claire, la chanteuse Lio critique vivement Brigitte Macron et d\u00e9nonce le m\u00e9pris envers les femmes qui d\u00e9noncent les violences sexuelles.\" \/>\n<meta name=\"robots\" content=\"index, follow, max-snippet:-1, max-image-preview:large, max-video-preview:-1\" \/>\n<link rel=\"canonical\" href=\"https:\/\/www.sebastien-auziere.fr\/blog\/de\/lio-ist-wutend-auf-brigitte-macron-das-system-in-all-seiner-grauenhaftigkeit\/\" \/>\n<meta property=\"og:locale\" content=\"fr_FR\" \/>\n<meta property=\"og:type\" content=\"article\" \/>\n<meta property=\"og:title\" content=\"Lio s\u2019emporte contre Brigitte Macron : \u00ab Le syst\u00e8me dans toute son horreur \u00bb\" \/>\n<meta property=\"og:description\" content=\"Dans une interview \u00e0 Marie Claire, la chanteuse Lio critique vivement Brigitte Macron et d\u00e9nonce le m\u00e9pris envers les femmes qui d\u00e9noncent les violences sexuelles.\" \/>\n<meta property=\"og:url\" content=\"https:\/\/www.sebastien-auziere.fr\/blog\/de\/lio-ist-wutend-auf-brigitte-macron-das-system-in-all-seiner-grauenhaftigkeit\/\" \/>\n<meta property=\"og:site_name\" content=\"Fan site S\u00e9bastien Auzi\u00e8re\" \/>\n<meta property=\"article:published_time\" content=\"2026-03-12T22:05:29+00:00\" \/>\n<meta property=\"article:modified_time\" content=\"2026-03-12T22:05:51+00:00\" \/>\n<meta property=\"og:image\" content=\"https:\/\/www.sebastien-auziere.fr\/blog\/wp-content\/uploads\/2026\/03\/Capture-decran-2026-03-12-225855.jpg\" \/>\n\t<meta property=\"og:image:width\" content=\"829\" \/>\n\t<meta property=\"og:image:height\" content=\"568\" \/>\n\t<meta property=\"og:image:type\" content=\"image\/jpeg\" \/>\n<meta name=\"author\" content=\"Celine\" \/>\n<meta name=\"twitter:card\" content=\"summary_large_image\" \/>\n<meta name=\"twitter:label1\" content=\"\u00c9crit par\" \/>\n\t<meta name=\"twitter:data1\" content=\"Celine\" \/>\n\t<meta name=\"twitter:label2\" content=\"Dur\u00e9e de lecture estim\u00e9e\" \/>\n\t<meta name=\"twitter:data2\" content=\"3 minutes\" \/>\n<script type=\"application\/ld+json\" class=\"yoast-schema-graph\">{\"@context\":\"https:\\\/\\\/schema.org\",\"@graph\":[{\"@type\":\"Article\",\"@id\":\"https:\\\/\\\/www.sebastien-auziere.fr\\\/blog\\\/de\\\/lio-ist-wutend-auf-brigitte-macron-das-system-in-all-seiner-grauenhaftigkeit\\\/#article\",\"isPartOf\":{\"@id\":\"https:\\\/\\\/www.sebastien-auziere.fr\\\/blog\\\/de\\\/lio-ist-wutend-auf-brigitte-macron-das-system-in-all-seiner-grauenhaftigkeit\\\/\"},\"author\":{\"name\":\"Celine\",\"@id\":\"https:\\\/\\\/www.sebastien-auziere.fr\\\/blog\\\/#\\\/schema\\\/person\\\/1e270a963009242469ed08b1c461f81f\"},\"headline\":\"Lio ist w\u00fctend auf Brigitte Macron: \u201eDas System in all seiner Grauenhaftigkeit\u201c\",\"datePublished\":\"2026-03-12T22:05:29+00:00\",\"dateModified\":\"2026-03-12T22:05:51+00:00\",\"mainEntityOfPage\":{\"@id\":\"https:\\\/\\\/www.sebastien-auziere.fr\\\/blog\\\/de\\\/lio-ist-wutend-auf-brigitte-macron-das-system-in-all-seiner-grauenhaftigkeit\\\/\"},\"wordCount\":598,\"commentCount\":0,\"publisher\":{\"@id\":\"https:\\\/\\\/www.sebastien-auziere.fr\\\/blog\\\/#organization\"},\"image\":{\"@id\":\"https:\\\/\\\/www.sebastien-auziere.fr\\\/blog\\\/de\\\/lio-ist-wutend-auf-brigitte-macron-das-system-in-all-seiner-grauenhaftigkeit\\\/#primaryimage\"},\"thumbnailUrl\":\"https:\\\/\\\/www.sebastien-auziere.fr\\\/blog\\\/wp-content\\\/uploads\\\/2026\\\/03\\\/Capture-decran-2026-03-12-225855.jpg\",\"inLanguage\":\"fr-FR\",\"potentialAction\":[{\"@type\":\"CommentAction\",\"name\":\"Comment\",\"target\":[\"https:\\\/\\\/www.sebastien-auziere.fr\\\/blog\\\/de\\\/lio-ist-wutend-auf-brigitte-macron-das-system-in-all-seiner-grauenhaftigkeit\\\/#respond\"]}]},{\"@type\":\"WebPage\",\"@id\":\"https:\\\/\\\/www.sebastien-auziere.fr\\\/blog\\\/de\\\/lio-ist-wutend-auf-brigitte-macron-das-system-in-all-seiner-grauenhaftigkeit\\\/\",\"url\":\"https:\\\/\\\/www.sebastien-auziere.fr\\\/blog\\\/de\\\/lio-ist-wutend-auf-brigitte-macron-das-system-in-all-seiner-grauenhaftigkeit\\\/\",\"name\":\"Lio s\u2019emporte contre Brigitte Macron : \u00ab Le syst\u00e8me dans toute son horreur \u00bb\",\"isPartOf\":{\"@id\":\"https:\\\/\\\/www.sebastien-auziere.fr\\\/blog\\\/#website\"},\"primaryImageOfPage\":{\"@id\":\"https:\\\/\\\/www.sebastien-auziere.fr\\\/blog\\\/de\\\/lio-ist-wutend-auf-brigitte-macron-das-system-in-all-seiner-grauenhaftigkeit\\\/#primaryimage\"},\"image\":{\"@id\":\"https:\\\/\\\/www.sebastien-auziere.fr\\\/blog\\\/de\\\/lio-ist-wutend-auf-brigitte-macron-das-system-in-all-seiner-grauenhaftigkeit\\\/#primaryimage\"},\"thumbnailUrl\":\"https:\\\/\\\/www.sebastien-auziere.fr\\\/blog\\\/wp-content\\\/uploads\\\/2026\\\/03\\\/Capture-decran-2026-03-12-225855.jpg\",\"datePublished\":\"2026-03-12T22:05:29+00:00\",\"dateModified\":\"2026-03-12T22:05:51+00:00\",\"description\":\"Dans une interview \u00e0 Marie Claire, la chanteuse Lio critique vivement Brigitte Macron et d\u00e9nonce le m\u00e9pris envers les femmes qui d\u00e9noncent les violences sexuelles.\",\"breadcrumb\":{\"@id\":\"https:\\\/\\\/www.sebastien-auziere.fr\\\/blog\\\/de\\\/lio-ist-wutend-auf-brigitte-macron-das-system-in-all-seiner-grauenhaftigkeit\\\/#breadcrumb\"},\"inLanguage\":\"fr-FR\",\"potentialAction\":[{\"@type\":\"ReadAction\",\"target\":[\"https:\\\/\\\/www.sebastien-auziere.fr\\\/blog\\\/de\\\/lio-ist-wutend-auf-brigitte-macron-das-system-in-all-seiner-grauenhaftigkeit\\\/\"]}]},{\"@type\":\"ImageObject\",\"inLanguage\":\"fr-FR\",\"@id\":\"https:\\\/\\\/www.sebastien-auziere.fr\\\/blog\\\/de\\\/lio-ist-wutend-auf-brigitte-macron-das-system-in-all-seiner-grauenhaftigkeit\\\/#primaryimage\",\"url\":\"https:\\\/\\\/www.sebastien-auziere.fr\\\/blog\\\/wp-content\\\/uploads\\\/2026\\\/03\\\/Capture-decran-2026-03-12-225855.jpg\",\"contentUrl\":\"https:\\\/\\\/www.sebastien-auziere.fr\\\/blog\\\/wp-content\\\/uploads\\\/2026\\\/03\\\/Capture-decran-2026-03-12-225855.jpg\",\"width\":829,\"height\":568,\"caption\":\"Lio s\u2019emporte contre Brigitte Macron\"},{\"@type\":\"BreadcrumbList\",\"@id\":\"https:\\\/\\\/www.sebastien-auziere.fr\\\/blog\\\/de\\\/lio-ist-wutend-auf-brigitte-macron-das-system-in-all-seiner-grauenhaftigkeit\\\/#breadcrumb\",\"itemListElement\":[{\"@type\":\"ListItem\",\"position\":1,\"name\":\"Home\",\"item\":\"https:\\\/\\\/www.sebastien-auziere.fr\\\/blog\\\/\"},{\"@type\":\"ListItem\",\"position\":2,\"name\":\"Lio ist w\u00fctend auf Brigitte Macron: \u201eDas System in all seiner Grauenhaftigkeit\u201c\"}]},{\"@type\":\"WebSite\",\"@id\":\"https:\\\/\\\/www.sebastien-auziere.fr\\\/blog\\\/#website\",\"url\":\"https:\\\/\\\/www.sebastien-auziere.fr\\\/blog\\\/\",\"name\":\"Fan site S\u00e9bastien Auzi\u00e8re\",\"description\":\"M\u00e9dia g\u00e9n\u00e9raliste\",\"publisher\":{\"@id\":\"https:\\\/\\\/www.sebastien-auziere.fr\\\/blog\\\/#organization\"},\"potentialAction\":[{\"@type\":\"SearchAction\",\"target\":{\"@type\":\"EntryPoint\",\"urlTemplate\":\"https:\\\/\\\/www.sebastien-auziere.fr\\\/blog\\\/?s={search_term_string}\"},\"query-input\":{\"@type\":\"PropertyValueSpecification\",\"valueRequired\":true,\"valueName\":\"search_term_string\"}}],\"inLanguage\":\"fr-FR\"},{\"@type\":\"Organization\",\"@id\":\"https:\\\/\\\/www.sebastien-auziere.fr\\\/blog\\\/#organization\",\"name\":\"Fan site S\u00e9bastien Auzi\u00e8re\",\"url\":\"https:\\\/\\\/www.sebastien-auziere.fr\\\/blog\\\/\",\"logo\":{\"@type\":\"ImageObject\",\"inLanguage\":\"fr-FR\",\"@id\":\"https:\\\/\\\/www.sebastien-auziere.fr\\\/blog\\\/#\\\/schema\\\/logo\\\/image\\\/\",\"url\":\"https:\\\/\\\/www.sebastien-auziere.fr\\\/blog\\\/wp-content\\\/uploads\\\/2026\\\/03\\\/cropped-cropped-cropped-ChatGPT-Image-6-mars-2026-12_58_09-e1772798376794.jpg\",\"contentUrl\":\"https:\\\/\\\/www.sebastien-auziere.fr\\\/blog\\\/wp-content\\\/uploads\\\/2026\\\/03\\\/cropped-cropped-cropped-ChatGPT-Image-6-mars-2026-12_58_09-e1772798376794.jpg\",\"width\":512,\"height\":360,\"caption\":\"Fan site S\u00e9bastien Auzi\u00e8re\"},\"image\":{\"@id\":\"https:\\\/\\\/www.sebastien-auziere.fr\\\/blog\\\/#\\\/schema\\\/logo\\\/image\\\/\"}},{\"@type\":\"Person\",\"@id\":\"https:\\\/\\\/www.sebastien-auziere.fr\\\/blog\\\/#\\\/schema\\\/person\\\/1e270a963009242469ed08b1c461f81f\",\"name\":\"Celine\",\"image\":{\"@type\":\"ImageObject\",\"inLanguage\":\"fr-FR\",\"@id\":\"https:\\\/\\\/secure.gravatar.com\\\/avatar\\\/c88d569fbe1fe19a13c7f21ee0f8973822df96073df21850b95af6a09ba820c9?s=96&d=mm&r=g\",\"url\":\"https:\\\/\\\/secure.gravatar.com\\\/avatar\\\/c88d569fbe1fe19a13c7f21ee0f8973822df96073df21850b95af6a09ba820c9?s=96&d=mm&r=g\",\"contentUrl\":\"https:\\\/\\\/secure.gravatar.com\\\/avatar\\\/c88d569fbe1fe19a13c7f21ee0f8973822df96073df21850b95af6a09ba820c9?s=96&d=mm&r=g\",\"caption\":\"Celine\"},\"description\":\"Je m'appelle C\u00e9line, j'ai 31 ans et je suis journaliste sp\u00e9cialis\u00e9e dans le cin\u00e9ma. Passionn\u00e9e par le septi\u00e8me art, j'explore les actualit\u00e9s, les critiques et les tendances du monde cin\u00e9matographique. Mon objectif est de partager ma passion et d'informer les amateurs de films \u00e0 travers des articles percutants et des analyses approfondies.\",\"url\":\"https:\\\/\\\/www.sebastien-auziere.fr\\\/blog\\\/author\\\/celine\\\/\"}]}<\/script>\n<!-- \/ Yoast SEO plugin. -->","yoast_head_json":{"title":"Lio s\u2019emporte contre Brigitte Macron : \u00ab Le syst\u00e8me dans toute son horreur \u00bb","description":"Dans une interview \u00e0 Marie Claire, la chanteuse Lio critique vivement Brigitte Macron et d\u00e9nonce le m\u00e9pris envers les femmes qui d\u00e9noncent les violences sexuelles.","robots":{"index":"index","follow":"follow","max-snippet":"max-snippet:-1","max-image-preview":"max-image-preview:large","max-video-preview":"max-video-preview:-1"},"canonical":"https:\/\/www.sebastien-auziere.fr\/blog\/de\/lio-ist-wutend-auf-brigitte-macron-das-system-in-all-seiner-grauenhaftigkeit\/","og_locale":"fr_FR","og_type":"article","og_title":"Lio s\u2019emporte contre Brigitte Macron : \u00ab Le syst\u00e8me dans toute son horreur \u00bb","og_description":"Dans une interview \u00e0 Marie Claire, la chanteuse Lio critique vivement Brigitte Macron et d\u00e9nonce le m\u00e9pris envers les femmes qui d\u00e9noncent les violences sexuelles.","og_url":"https:\/\/www.sebastien-auziere.fr\/blog\/de\/lio-ist-wutend-auf-brigitte-macron-das-system-in-all-seiner-grauenhaftigkeit\/","og_site_name":"Fan site S\u00e9bastien Auzi\u00e8re","article_published_time":"2026-03-12T22:05:29+00:00","article_modified_time":"2026-03-12T22:05:51+00:00","og_image":[{"width":829,"height":568,"url":"https:\/\/www.sebastien-auziere.fr\/blog\/wp-content\/uploads\/2026\/03\/Capture-decran-2026-03-12-225855.jpg","type":"image\/jpeg"}],"author":"Celine","twitter_card":"summary_large_image","twitter_misc":{"\u00c9crit par":"Celine","Dur\u00e9e de lecture estim\u00e9e":"3 minutes"},"schema":{"@context":"https:\/\/schema.org","@graph":[{"@type":"Article","@id":"https:\/\/www.sebastien-auziere.fr\/blog\/de\/lio-ist-wutend-auf-brigitte-macron-das-system-in-all-seiner-grauenhaftigkeit\/#article","isPartOf":{"@id":"https:\/\/www.sebastien-auziere.fr\/blog\/de\/lio-ist-wutend-auf-brigitte-macron-das-system-in-all-seiner-grauenhaftigkeit\/"},"author":{"name":"Celine","@id":"https:\/\/www.sebastien-auziere.fr\/blog\/#\/schema\/person\/1e270a963009242469ed08b1c461f81f"},"headline":"Lio ist w\u00fctend auf Brigitte Macron: \u201eDas System in all seiner Grauenhaftigkeit\u201c","datePublished":"2026-03-12T22:05:29+00:00","dateModified":"2026-03-12T22:05:51+00:00","mainEntityOfPage":{"@id":"https:\/\/www.sebastien-auziere.fr\/blog\/de\/lio-ist-wutend-auf-brigitte-macron-das-system-in-all-seiner-grauenhaftigkeit\/"},"wordCount":598,"commentCount":0,"publisher":{"@id":"https:\/\/www.sebastien-auziere.fr\/blog\/#organization"},"image":{"@id":"https:\/\/www.sebastien-auziere.fr\/blog\/de\/lio-ist-wutend-auf-brigitte-macron-das-system-in-all-seiner-grauenhaftigkeit\/#primaryimage"},"thumbnailUrl":"https:\/\/www.sebastien-auziere.fr\/blog\/wp-content\/uploads\/2026\/03\/Capture-decran-2026-03-12-225855.jpg","inLanguage":"fr-FR","potentialAction":[{"@type":"CommentAction","name":"Comment","target":["https:\/\/www.sebastien-auziere.fr\/blog\/de\/lio-ist-wutend-auf-brigitte-macron-das-system-in-all-seiner-grauenhaftigkeit\/#respond"]}]},{"@type":"WebPage","@id":"https:\/\/www.sebastien-auziere.fr\/blog\/de\/lio-ist-wutend-auf-brigitte-macron-das-system-in-all-seiner-grauenhaftigkeit\/","url":"https:\/\/www.sebastien-auziere.fr\/blog\/de\/lio-ist-wutend-auf-brigitte-macron-das-system-in-all-seiner-grauenhaftigkeit\/","name":"Lio s\u2019emporte contre Brigitte Macron : \u00ab Le syst\u00e8me dans toute son horreur \u00bb","isPartOf":{"@id":"https:\/\/www.sebastien-auziere.fr\/blog\/#website"},"primaryImageOfPage":{"@id":"https:\/\/www.sebastien-auziere.fr\/blog\/de\/lio-ist-wutend-auf-brigitte-macron-das-system-in-all-seiner-grauenhaftigkeit\/#primaryimage"},"image":{"@id":"https:\/\/www.sebastien-auziere.fr\/blog\/de\/lio-ist-wutend-auf-brigitte-macron-das-system-in-all-seiner-grauenhaftigkeit\/#primaryimage"},"thumbnailUrl":"https:\/\/www.sebastien-auziere.fr\/blog\/wp-content\/uploads\/2026\/03\/Capture-decran-2026-03-12-225855.jpg","datePublished":"2026-03-12T22:05:29+00:00","dateModified":"2026-03-12T22:05:51+00:00","description":"Dans une interview \u00e0 Marie Claire, la chanteuse Lio critique vivement Brigitte Macron et d\u00e9nonce le m\u00e9pris envers les femmes qui d\u00e9noncent les violences sexuelles.","breadcrumb":{"@id":"https:\/\/www.sebastien-auziere.fr\/blog\/de\/lio-ist-wutend-auf-brigitte-macron-das-system-in-all-seiner-grauenhaftigkeit\/#breadcrumb"},"inLanguage":"fr-FR","potentialAction":[{"@type":"ReadAction","target":["https:\/\/www.sebastien-auziere.fr\/blog\/de\/lio-ist-wutend-auf-brigitte-macron-das-system-in-all-seiner-grauenhaftigkeit\/"]}]},{"@type":"ImageObject","inLanguage":"fr-FR","@id":"https:\/\/www.sebastien-auziere.fr\/blog\/de\/lio-ist-wutend-auf-brigitte-macron-das-system-in-all-seiner-grauenhaftigkeit\/#primaryimage","url":"https:\/\/www.sebastien-auziere.fr\/blog\/wp-content\/uploads\/2026\/03\/Capture-decran-2026-03-12-225855.jpg","contentUrl":"https:\/\/www.sebastien-auziere.fr\/blog\/wp-content\/uploads\/2026\/03\/Capture-decran-2026-03-12-225855.jpg","width":829,"height":568,"caption":"Lio s\u2019emporte contre Brigitte Macron"},{"@type":"BreadcrumbList","@id":"https:\/\/www.sebastien-auziere.fr\/blog\/de\/lio-ist-wutend-auf-brigitte-macron-das-system-in-all-seiner-grauenhaftigkeit\/#breadcrumb","itemListElement":[{"@type":"ListItem","position":1,"name":"Home","item":"https:\/\/www.sebastien-auziere.fr\/blog\/"},{"@type":"ListItem","position":2,"name":"Lio ist w\u00fctend auf Brigitte Macron: \u201eDas System in all seiner Grauenhaftigkeit\u201c"}]},{"@type":"WebSite","@id":"https:\/\/www.sebastien-auziere.fr\/blog\/#website","url":"https:\/\/www.sebastien-auziere.fr\/blog\/","name":"Fan site S\u00e9bastien Auzi\u00e8re","description":"M\u00e9dia g\u00e9n\u00e9raliste","publisher":{"@id":"https:\/\/www.sebastien-auziere.fr\/blog\/#organization"},"potentialAction":[{"@type":"SearchAction","target":{"@type":"EntryPoint","urlTemplate":"https:\/\/www.sebastien-auziere.fr\/blog\/?s={search_term_string}"},"query-input":{"@type":"PropertyValueSpecification","valueRequired":true,"valueName":"search_term_string"}}],"inLanguage":"fr-FR"},{"@type":"Organization","@id":"https:\/\/www.sebastien-auziere.fr\/blog\/#organization","name":"Fan site S\u00e9bastien Auzi\u00e8re","url":"https:\/\/www.sebastien-auziere.fr\/blog\/","logo":{"@type":"ImageObject","inLanguage":"fr-FR","@id":"https:\/\/www.sebastien-auziere.fr\/blog\/#\/schema\/logo\/image\/","url":"https:\/\/www.sebastien-auziere.fr\/blog\/wp-content\/uploads\/2026\/03\/cropped-cropped-cropped-ChatGPT-Image-6-mars-2026-12_58_09-e1772798376794.jpg","contentUrl":"https:\/\/www.sebastien-auziere.fr\/blog\/wp-content\/uploads\/2026\/03\/cropped-cropped-cropped-ChatGPT-Image-6-mars-2026-12_58_09-e1772798376794.jpg","width":512,"height":360,"caption":"Fan site S\u00e9bastien Auzi\u00e8re"},"image":{"@id":"https:\/\/www.sebastien-auziere.fr\/blog\/#\/schema\/logo\/image\/"}},{"@type":"Person","@id":"https:\/\/www.sebastien-auziere.fr\/blog\/#\/schema\/person\/1e270a963009242469ed08b1c461f81f","name":"Celine","image":{"@type":"ImageObject","inLanguage":"fr-FR","@id":"https:\/\/secure.gravatar.com\/avatar\/c88d569fbe1fe19a13c7f21ee0f8973822df96073df21850b95af6a09ba820c9?s=96&d=mm&r=g","url":"https:\/\/secure.gravatar.com\/avatar\/c88d569fbe1fe19a13c7f21ee0f8973822df96073df21850b95af6a09ba820c9?s=96&d=mm&r=g","contentUrl":"https:\/\/secure.gravatar.com\/avatar\/c88d569fbe1fe19a13c7f21ee0f8973822df96073df21850b95af6a09ba820c9?s=96&d=mm&r=g","caption":"Celine"},"description":"Je m'appelle C\u00e9line, j'ai 31 ans et je suis journaliste sp\u00e9cialis\u00e9e dans le cin\u00e9ma. Passionn\u00e9e par le septi\u00e8me art, j'explore les actualit\u00e9s, les critiques et les tendances du monde cin\u00e9matographique. Mon objectif est de partager ma passion et d'informer les amateurs de films \u00e0 travers des articles percutants et des analyses approfondies.","url":"https:\/\/www.sebastien-auziere.fr\/blog\/author\/celine\/"}]}},"views":11,"_links":{"self":[{"href":"https:\/\/www.sebastien-auziere.fr\/blog\/wp-json\/wp\/v2\/posts\/2477","targetHints":{"allow":["GET"]}}],"collection":[{"href":"https:\/\/www.sebastien-auziere.fr\/blog\/wp-json\/wp\/v2\/posts"}],"about":[{"href":"https:\/\/www.sebastien-auziere.fr\/blog\/wp-json\/wp\/v2\/types\/post"}],"author":[{"embeddable":true,"href":"https:\/\/www.sebastien-auziere.fr\/blog\/wp-json\/wp\/v2\/users\/4"}],"replies":[{"embeddable":true,"href":"https:\/\/www.sebastien-auziere.fr\/blog\/wp-json\/wp\/v2\/comments?post=2477"}],"version-history":[{"count":1,"href":"https:\/\/www.sebastien-auziere.fr\/blog\/wp-json\/wp\/v2\/posts\/2477\/revisions"}],"predecessor-version":[{"id":2478,"href":"https:\/\/www.sebastien-auziere.fr\/blog\/wp-json\/wp\/v2\/posts\/2477\/revisions\/2478"}],"wp:featuredmedia":[{"embeddable":true,"href":"https:\/\/www.sebastien-auziere.fr\/blog\/wp-json\/wp\/v2\/media\/2471"}],"wp:attachment":[{"href":"https:\/\/www.sebastien-auziere.fr\/blog\/wp-json\/wp\/v2\/media?parent=2477"}],"wp:term":[{"taxonomy":"category","embeddable":true,"href":"https:\/\/www.sebastien-auziere.fr\/blog\/wp-json\/wp\/v2\/categories?post=2477"},{"taxonomy":"post_tag","embeddable":true,"href":"https:\/\/www.sebastien-auziere.fr\/blog\/wp-json\/wp\/v2\/tags?post=2477"}],"curies":[{"name":"wp","href":"https:\/\/api.w.org\/{rel}","templated":true}]}}