{"id":2475,"date":"2026-03-12T22:03:45","date_gmt":"2026-03-12T22:03:45","guid":{"rendered":"https:\/\/www.sebastien-auziere.fr\/blog\/?p=2475"},"modified":"2026-03-12T22:04:18","modified_gmt":"2026-03-12T22:04:18","slug":"lio-se-desahoga-contra-brigitte-macron-el-sistema-en-toda-su-horror","status":"publish","type":"post","link":"https:\/\/www.sebastien-auziere.fr\/blog\/es\/lio-se-desahoga-contra-brigitte-macron-el-sistema-en-toda-su-horror\/","title":{"rendered":"Lio se desahoga contra Brigitte Macron: \u00abEl sistema en toda su horror\u00bb"},"content":{"rendered":"<p style=\"padding:24px;background:lightblue\"><strong>En resumen:<\/strong> la cantante y actriz <strong>Lio ha criticado firmemente a Brigitte Macron<\/strong> en una entrevista concedida a Marie Claire. Ella reacciona a un insulto dirigido por la Primera dama a manifestantes feministas durante un espect\u00e1culo de Ary Abittan. Para Lio, este episodio simboliza <strong>el desprecio que sufren las mujeres cuando denuncian las violencias<\/strong>. La cantante llama a una movilizaci\u00f3n colectiva contra las violencias sexuales y a una toma de conciencia en toda la sociedad.<\/p>\n<p>Conocida por sus posturas comprometidas, <strong>Lio no se ha mordido la lengua<\/strong> durante una entrevista reciente. Interrogada sobre las violencias hacia las mujeres, la artista ha mencionado un episodio que involucra a Brigitte Macron que la ha dejado profundamente impactada. Para ella, este evento ilustra un problema m\u00e1s amplio: <strong>la falta de escucha y de consideraci\u00f3n hacia las mujeres que denuncian las violencias<\/strong>.<\/p>\n<ol>\n<li><a href=\"#interview\">Una entrevista comprometida contra las violencias<\/a><\/li>\n<li><a href=\"#colere\">La ira de Lio contra Brigitte Macron<\/a><\/li>\n<li><a href=\"#combat\">Una lucha que supera a las mujeres<\/a><\/li>\n<li><a href=\"#message\">El mensaje de Lio a las mujeres y a los hombres<\/a><\/li>\n<\/ol>\n<h2 id=\"interview\">Una entrevista comprometida contra las violencias<\/h2>\n<p>En una conversaci\u00f3n con la revista <strong>Marie Claire<\/strong>, Lio habla extensamente sobre su compromiso contra las violencias sexuales. La cantante estima que esta lucha concierne a toda la sociedad.<\/p>\n<p>Seg\u00fan ella, la misoginia est\u00e1 en la ra\u00edz de muchas injusticias:<\/p>\n<blockquote><p>\u00ab La misoginia es el n\u00facleo de todas las barbaries. Todas las barbaries pasan por un odio hacia las mujeres. \u00bb<\/p><\/blockquote>\n<p>Lio tambi\u00e9n insiste en la situaci\u00f3n de las mujeres de minor\u00edas o de or\u00edgenes extranjeros, que pueden sufrir <strong>una doble discriminaci\u00f3n<\/strong>.<\/p>\n<h2 id=\"colere\">La ira de Lio contra Brigitte Macron<\/h2>\n<p>Durante la entrevista, la cantante menciona un evento reciente que la ha revolcado especialmente. Se refiere a comentarios atribuidos a <strong>Brigitte Macron<\/strong> durante un espect\u00e1culo de Ary Abittan, donde militantes feministas estaban manifest\u00e1ndose.<\/p>\n<p>Lio denuncia lo que ella considera un signo de desprecio hacia las militantes:<\/p>\n<blockquote><p>\u00ab He visto realmente el sistema desplegarse en toda su horror con una tranquilidad ante m\u00ed. \u00bb<\/p><\/blockquote>\n<p>Para la artista, este episodio simboliza la dificultad para las mujeres de ser escuchadas cuando denuncian violencias.<\/p>\n<h2 id=\"combat\">Una lucha que supera a las mujeres<\/h2>\n<p>Lio insiste en un punto esencial: <strong>la lucha contra las violencias sexuales no concierne \u00fanicamente a las mujeres<\/strong>. Ella estima que es una lucha por toda la humanidad.<\/p>\n<p>Recuerda que las violencias afectan a todas las culturas y a todas las sociedades:<\/p>\n<ul>\n<li>todas las clases sociales<\/li>\n<li>todas las or\u00edgenes<\/li>\n<li>todos los pa\u00edses<\/li>\n<\/ul>\n<p>Para ella, el problema es sist\u00e9mico y requiere una toma de conciencia colectiva.<\/p>\n<h2 id=\"message\">El mensaje de Lio a las mujeres y a los hombres<\/h2>\n<p>A pesar de su ira, Lio dirige un mensaje de esperanza a las mujeres. Ella las anima a mantenerse fuertes y solidarias.<\/p>\n<blockquote><p>\u00ab La potencia tambi\u00e9n proviene de nuestras fragilidades y de todo lo que hemos tenido que superar. \u00bb<\/p><\/blockquote>\n<p>La cantante tambi\u00e9n interpela a los hombres, invit\u00e1ndolos a mirar la realidad de frente y a apoyar la lucha contra las violencias.<\/p>\n<p>Seg\u00fan ella, la sociedad debe evolucionar para que las mujeres sean finalmente escuchadas y respetadas.<\/p>\n<h2>FAQ<\/h2>\n<h3>\u00bfPor qu\u00e9 Lio critica a Brigitte Macron?<\/h3>\n<p>La cantante reacciona a un insulto atribuido a la Primera dama durante un evento donde militantes feministas se manifestaban.<\/p>\n<h3>\u00bfCu\u00e1l es la lucha defendida por Lio?<\/h3>\n<p>Lio ha estado militando durante mucho tiempo contra las violencias sexuales dirigidas a mujeres y ni\u00f1os.<\/p>\n<h3>\u00bfPor qu\u00e9 esta pol\u00e9mica hace reaccionar?<\/h3>\n<p>Porque toca temas sensibles: las violencias sexuales, la voz de las v\u00edctimas y el lugar de las mujeres en la sociedad.<\/p>\n<h3>\u00bfQu\u00e9 mensaje Lio dirige a los hombres?<\/h3>\n<p>Los invita a tomar conciencia de la realidad de las violencias y a participar activamente en la lucha contra estas injusticias.<\/p>\n","protected":false},"excerpt":{"rendered":"<p>En resumen: la cantante y actriz Lio ha criticado firmemente a Brigitte Macron en una entrevista concedida a Marie Claire. Ella reacciona a un insulto dirigido por la Primera dama a manifestantes feministas durante un espect\u00e1culo de Ary Abittan. Para Lio, este episodio simboliza el desprecio que sufren las mujeres cuando denuncian las violencias. La &#8230; <a title=\"Lio se desahoga contra Brigitte Macron: \u00abEl sistema en toda su horror\u00bb\" class=\"read-more\" href=\"https:\/\/www.sebastien-auziere.fr\/blog\/es\/lio-se-desahoga-contra-brigitte-macron-el-sistema-en-toda-su-horror\/\" aria-label=\"En savoir plus sur Lio se desahoga contra Brigitte Macron: \u00abEl sistema en toda su horror\u00bb\">Lire plus<\/a><\/p>\n","protected":false},"author":4,"featured_media":2471,"comment_status":"open","ping_status":"open","sticky":false,"template":"","format":"standard","meta":{"footnotes":""},"categories":[602],"tags":[],"class_list":["post-2475","post","type-post","status-publish","format-standard","has-post-thumbnail","hentry","category-tendencia"],"yoast_head":"<!-- This site is optimized with the Yoast SEO plugin v27.5 - https:\/\/yoast.com\/product\/yoast-seo-wordpress\/ -->\n<title>Lio s\u2019emporte contre Brigitte Macron : \u00ab Le syst\u00e8me dans toute son horreur \u00bb<\/title>\n<meta name=\"description\" content=\"Dans une interview \u00e0 Marie Claire, la chanteuse Lio critique vivement Brigitte Macron et d\u00e9nonce le m\u00e9pris envers les femmes qui d\u00e9noncent les violences sexuelles.\" \/>\n<meta name=\"robots\" content=\"index, follow, max-snippet:-1, max-image-preview:large, max-video-preview:-1\" \/>\n<link rel=\"canonical\" href=\"https:\/\/www.sebastien-auziere.fr\/blog\/es\/lio-se-desahoga-contra-brigitte-macron-el-sistema-en-toda-su-horror\/\" \/>\n<meta property=\"og:locale\" content=\"fr_FR\" \/>\n<meta property=\"og:type\" content=\"article\" \/>\n<meta property=\"og:title\" content=\"Lio s\u2019emporte contre Brigitte Macron : \u00ab Le syst\u00e8me dans toute son horreur \u00bb\" \/>\n<meta property=\"og:description\" content=\"Dans une interview \u00e0 Marie Claire, la chanteuse Lio critique vivement Brigitte Macron et d\u00e9nonce le m\u00e9pris envers les femmes qui d\u00e9noncent les violences sexuelles.\" \/>\n<meta property=\"og:url\" content=\"https:\/\/www.sebastien-auziere.fr\/blog\/es\/lio-se-desahoga-contra-brigitte-macron-el-sistema-en-toda-su-horror\/\" \/>\n<meta property=\"og:site_name\" content=\"Fan site S\u00e9bastien Auzi\u00e8re\" \/>\n<meta property=\"article:published_time\" content=\"2026-03-12T22:03:45+00:00\" \/>\n<meta property=\"article:modified_time\" content=\"2026-03-12T22:04:18+00:00\" \/>\n<meta property=\"og:image\" content=\"https:\/\/www.sebastien-auziere.fr\/blog\/wp-content\/uploads\/2026\/03\/Capture-decran-2026-03-12-225855.jpg\" \/>\n\t<meta property=\"og:image:width\" content=\"829\" \/>\n\t<meta property=\"og:image:height\" content=\"568\" \/>\n\t<meta property=\"og:image:type\" content=\"image\/jpeg\" \/>\n<meta name=\"author\" content=\"Celine\" \/>\n<meta name=\"twitter:card\" content=\"summary_large_image\" \/>\n<meta name=\"twitter:label1\" content=\"\u00c9crit par\" \/>\n\t<meta name=\"twitter:data1\" content=\"Celine\" \/>\n\t<meta name=\"twitter:label2\" content=\"Dur\u00e9e de lecture estim\u00e9e\" \/>\n\t<meta name=\"twitter:data2\" content=\"3 minutes\" \/>\n<script type=\"application\/ld+json\" class=\"yoast-schema-graph\">{\"@context\":\"https:\\\/\\\/schema.org\",\"@graph\":[{\"@type\":\"Article\",\"@id\":\"https:\\\/\\\/www.sebastien-auziere.fr\\\/blog\\\/es\\\/lio-se-desahoga-contra-brigitte-macron-el-sistema-en-toda-su-horror\\\/#article\",\"isPartOf\":{\"@id\":\"https:\\\/\\\/www.sebastien-auziere.fr\\\/blog\\\/es\\\/lio-se-desahoga-contra-brigitte-macron-el-sistema-en-toda-su-horror\\\/\"},\"author\":{\"name\":\"Celine\",\"@id\":\"https:\\\/\\\/www.sebastien-auziere.fr\\\/blog\\\/#\\\/schema\\\/person\\\/1e270a963009242469ed08b1c461f81f\"},\"headline\":\"Lio se desahoga contra Brigitte Macron: \u00abEl sistema en toda su horror\u00bb\",\"datePublished\":\"2026-03-12T22:03:45+00:00\",\"dateModified\":\"2026-03-12T22:04:18+00:00\",\"mainEntityOfPage\":{\"@id\":\"https:\\\/\\\/www.sebastien-auziere.fr\\\/blog\\\/es\\\/lio-se-desahoga-contra-brigitte-macron-el-sistema-en-toda-su-horror\\\/\"},\"wordCount\":641,\"commentCount\":0,\"publisher\":{\"@id\":\"https:\\\/\\\/www.sebastien-auziere.fr\\\/blog\\\/#organization\"},\"image\":{\"@id\":\"https:\\\/\\\/www.sebastien-auziere.fr\\\/blog\\\/es\\\/lio-se-desahoga-contra-brigitte-macron-el-sistema-en-toda-su-horror\\\/#primaryimage\"},\"thumbnailUrl\":\"https:\\\/\\\/www.sebastien-auziere.fr\\\/blog\\\/wp-content\\\/uploads\\\/2026\\\/03\\\/Capture-decran-2026-03-12-225855.jpg\",\"articleSection\":[\"Tendencia\"],\"inLanguage\":\"fr-FR\",\"potentialAction\":[{\"@type\":\"CommentAction\",\"name\":\"Comment\",\"target\":[\"https:\\\/\\\/www.sebastien-auziere.fr\\\/blog\\\/es\\\/lio-se-desahoga-contra-brigitte-macron-el-sistema-en-toda-su-horror\\\/#respond\"]}]},{\"@type\":\"WebPage\",\"@id\":\"https:\\\/\\\/www.sebastien-auziere.fr\\\/blog\\\/es\\\/lio-se-desahoga-contra-brigitte-macron-el-sistema-en-toda-su-horror\\\/\",\"url\":\"https:\\\/\\\/www.sebastien-auziere.fr\\\/blog\\\/es\\\/lio-se-desahoga-contra-brigitte-macron-el-sistema-en-toda-su-horror\\\/\",\"name\":\"Lio s\u2019emporte contre Brigitte Macron : \u00ab Le syst\u00e8me dans toute son horreur \u00bb\",\"isPartOf\":{\"@id\":\"https:\\\/\\\/www.sebastien-auziere.fr\\\/blog\\\/#website\"},\"primaryImageOfPage\":{\"@id\":\"https:\\\/\\\/www.sebastien-auziere.fr\\\/blog\\\/es\\\/lio-se-desahoga-contra-brigitte-macron-el-sistema-en-toda-su-horror\\\/#primaryimage\"},\"image\":{\"@id\":\"https:\\\/\\\/www.sebastien-auziere.fr\\\/blog\\\/es\\\/lio-se-desahoga-contra-brigitte-macron-el-sistema-en-toda-su-horror\\\/#primaryimage\"},\"thumbnailUrl\":\"https:\\\/\\\/www.sebastien-auziere.fr\\\/blog\\\/wp-content\\\/uploads\\\/2026\\\/03\\\/Capture-decran-2026-03-12-225855.jpg\",\"datePublished\":\"2026-03-12T22:03:45+00:00\",\"dateModified\":\"2026-03-12T22:04:18+00:00\",\"description\":\"Dans une interview \u00e0 Marie Claire, la chanteuse Lio critique vivement Brigitte Macron et d\u00e9nonce le m\u00e9pris envers les femmes qui d\u00e9noncent les violences sexuelles.\",\"breadcrumb\":{\"@id\":\"https:\\\/\\\/www.sebastien-auziere.fr\\\/blog\\\/es\\\/lio-se-desahoga-contra-brigitte-macron-el-sistema-en-toda-su-horror\\\/#breadcrumb\"},\"inLanguage\":\"fr-FR\",\"potentialAction\":[{\"@type\":\"ReadAction\",\"target\":[\"https:\\\/\\\/www.sebastien-auziere.fr\\\/blog\\\/es\\\/lio-se-desahoga-contra-brigitte-macron-el-sistema-en-toda-su-horror\\\/\"]}]},{\"@type\":\"ImageObject\",\"inLanguage\":\"fr-FR\",\"@id\":\"https:\\\/\\\/www.sebastien-auziere.fr\\\/blog\\\/es\\\/lio-se-desahoga-contra-brigitte-macron-el-sistema-en-toda-su-horror\\\/#primaryimage\",\"url\":\"https:\\\/\\\/www.sebastien-auziere.fr\\\/blog\\\/wp-content\\\/uploads\\\/2026\\\/03\\\/Capture-decran-2026-03-12-225855.jpg\",\"contentUrl\":\"https:\\\/\\\/www.sebastien-auziere.fr\\\/blog\\\/wp-content\\\/uploads\\\/2026\\\/03\\\/Capture-decran-2026-03-12-225855.jpg\",\"width\":829,\"height\":568,\"caption\":\"Lio s\u2019emporte contre Brigitte Macron\"},{\"@type\":\"BreadcrumbList\",\"@id\":\"https:\\\/\\\/www.sebastien-auziere.fr\\\/blog\\\/es\\\/lio-se-desahoga-contra-brigitte-macron-el-sistema-en-toda-su-horror\\\/#breadcrumb\",\"itemListElement\":[{\"@type\":\"ListItem\",\"position\":1,\"name\":\"Home\",\"item\":\"https:\\\/\\\/www.sebastien-auziere.fr\\\/blog\\\/\"},{\"@type\":\"ListItem\",\"position\":2,\"name\":\"Lio se desahoga contra Brigitte Macron: \u00abEl sistema en toda su horror\u00bb\"}]},{\"@type\":\"WebSite\",\"@id\":\"https:\\\/\\\/www.sebastien-auziere.fr\\\/blog\\\/#website\",\"url\":\"https:\\\/\\\/www.sebastien-auziere.fr\\\/blog\\\/\",\"name\":\"Fan site S\u00e9bastien Auzi\u00e8re\",\"description\":\"M\u00e9dia g\u00e9n\u00e9raliste\",\"publisher\":{\"@id\":\"https:\\\/\\\/www.sebastien-auziere.fr\\\/blog\\\/#organization\"},\"potentialAction\":[{\"@type\":\"SearchAction\",\"target\":{\"@type\":\"EntryPoint\",\"urlTemplate\":\"https:\\\/\\\/www.sebastien-auziere.fr\\\/blog\\\/?s={search_term_string}\"},\"query-input\":{\"@type\":\"PropertyValueSpecification\",\"valueRequired\":true,\"valueName\":\"search_term_string\"}}],\"inLanguage\":\"fr-FR\"},{\"@type\":\"Organization\",\"@id\":\"https:\\\/\\\/www.sebastien-auziere.fr\\\/blog\\\/#organization\",\"name\":\"Fan site S\u00e9bastien Auzi\u00e8re\",\"url\":\"https:\\\/\\\/www.sebastien-auziere.fr\\\/blog\\\/\",\"logo\":{\"@type\":\"ImageObject\",\"inLanguage\":\"fr-FR\",\"@id\":\"https:\\\/\\\/www.sebastien-auziere.fr\\\/blog\\\/#\\\/schema\\\/logo\\\/image\\\/\",\"url\":\"https:\\\/\\\/www.sebastien-auziere.fr\\\/blog\\\/wp-content\\\/uploads\\\/2026\\\/03\\\/cropped-cropped-cropped-ChatGPT-Image-6-mars-2026-12_58_09-e1772798376794.jpg\",\"contentUrl\":\"https:\\\/\\\/www.sebastien-auziere.fr\\\/blog\\\/wp-content\\\/uploads\\\/2026\\\/03\\\/cropped-cropped-cropped-ChatGPT-Image-6-mars-2026-12_58_09-e1772798376794.jpg\",\"width\":512,\"height\":360,\"caption\":\"Fan site S\u00e9bastien Auzi\u00e8re\"},\"image\":{\"@id\":\"https:\\\/\\\/www.sebastien-auziere.fr\\\/blog\\\/#\\\/schema\\\/logo\\\/image\\\/\"}},{\"@type\":\"Person\",\"@id\":\"https:\\\/\\\/www.sebastien-auziere.fr\\\/blog\\\/#\\\/schema\\\/person\\\/1e270a963009242469ed08b1c461f81f\",\"name\":\"Celine\",\"image\":{\"@type\":\"ImageObject\",\"inLanguage\":\"fr-FR\",\"@id\":\"https:\\\/\\\/secure.gravatar.com\\\/avatar\\\/c88d569fbe1fe19a13c7f21ee0f8973822df96073df21850b95af6a09ba820c9?s=96&d=mm&r=g\",\"url\":\"https:\\\/\\\/secure.gravatar.com\\\/avatar\\\/c88d569fbe1fe19a13c7f21ee0f8973822df96073df21850b95af6a09ba820c9?s=96&d=mm&r=g\",\"contentUrl\":\"https:\\\/\\\/secure.gravatar.com\\\/avatar\\\/c88d569fbe1fe19a13c7f21ee0f8973822df96073df21850b95af6a09ba820c9?s=96&d=mm&r=g\",\"caption\":\"Celine\"},\"description\":\"Je m'appelle C\u00e9line, j'ai 31 ans et je suis journaliste sp\u00e9cialis\u00e9e dans le cin\u00e9ma. Passionn\u00e9e par le septi\u00e8me art, j'explore les actualit\u00e9s, les critiques et les tendances du monde cin\u00e9matographique. Mon objectif est de partager ma passion et d'informer les amateurs de films \u00e0 travers des articles percutants et des analyses approfondies.\",\"url\":\"https:\\\/\\\/www.sebastien-auziere.fr\\\/blog\\\/author\\\/celine\\\/\"}]}<\/script>\n<!-- \/ Yoast SEO plugin. -->","yoast_head_json":{"title":"Lio s\u2019emporte contre Brigitte Macron : \u00ab Le syst\u00e8me dans toute son horreur \u00bb","description":"Dans une interview \u00e0 Marie Claire, la chanteuse Lio critique vivement Brigitte Macron et d\u00e9nonce le m\u00e9pris envers les femmes qui d\u00e9noncent les violences sexuelles.","robots":{"index":"index","follow":"follow","max-snippet":"max-snippet:-1","max-image-preview":"max-image-preview:large","max-video-preview":"max-video-preview:-1"},"canonical":"https:\/\/www.sebastien-auziere.fr\/blog\/es\/lio-se-desahoga-contra-brigitte-macron-el-sistema-en-toda-su-horror\/","og_locale":"fr_FR","og_type":"article","og_title":"Lio s\u2019emporte contre Brigitte Macron : \u00ab Le syst\u00e8me dans toute son horreur \u00bb","og_description":"Dans une interview \u00e0 Marie Claire, la chanteuse Lio critique vivement Brigitte Macron et d\u00e9nonce le m\u00e9pris envers les femmes qui d\u00e9noncent les violences sexuelles.","og_url":"https:\/\/www.sebastien-auziere.fr\/blog\/es\/lio-se-desahoga-contra-brigitte-macron-el-sistema-en-toda-su-horror\/","og_site_name":"Fan site S\u00e9bastien Auzi\u00e8re","article_published_time":"2026-03-12T22:03:45+00:00","article_modified_time":"2026-03-12T22:04:18+00:00","og_image":[{"width":829,"height":568,"url":"https:\/\/www.sebastien-auziere.fr\/blog\/wp-content\/uploads\/2026\/03\/Capture-decran-2026-03-12-225855.jpg","type":"image\/jpeg"}],"author":"Celine","twitter_card":"summary_large_image","twitter_misc":{"\u00c9crit par":"Celine","Dur\u00e9e de lecture estim\u00e9e":"3 minutes"},"schema":{"@context":"https:\/\/schema.org","@graph":[{"@type":"Article","@id":"https:\/\/www.sebastien-auziere.fr\/blog\/es\/lio-se-desahoga-contra-brigitte-macron-el-sistema-en-toda-su-horror\/#article","isPartOf":{"@id":"https:\/\/www.sebastien-auziere.fr\/blog\/es\/lio-se-desahoga-contra-brigitte-macron-el-sistema-en-toda-su-horror\/"},"author":{"name":"Celine","@id":"https:\/\/www.sebastien-auziere.fr\/blog\/#\/schema\/person\/1e270a963009242469ed08b1c461f81f"},"headline":"Lio se desahoga contra Brigitte Macron: \u00abEl sistema en toda su horror\u00bb","datePublished":"2026-03-12T22:03:45+00:00","dateModified":"2026-03-12T22:04:18+00:00","mainEntityOfPage":{"@id":"https:\/\/www.sebastien-auziere.fr\/blog\/es\/lio-se-desahoga-contra-brigitte-macron-el-sistema-en-toda-su-horror\/"},"wordCount":641,"commentCount":0,"publisher":{"@id":"https:\/\/www.sebastien-auziere.fr\/blog\/#organization"},"image":{"@id":"https:\/\/www.sebastien-auziere.fr\/blog\/es\/lio-se-desahoga-contra-brigitte-macron-el-sistema-en-toda-su-horror\/#primaryimage"},"thumbnailUrl":"https:\/\/www.sebastien-auziere.fr\/blog\/wp-content\/uploads\/2026\/03\/Capture-decran-2026-03-12-225855.jpg","articleSection":["Tendencia"],"inLanguage":"fr-FR","potentialAction":[{"@type":"CommentAction","name":"Comment","target":["https:\/\/www.sebastien-auziere.fr\/blog\/es\/lio-se-desahoga-contra-brigitte-macron-el-sistema-en-toda-su-horror\/#respond"]}]},{"@type":"WebPage","@id":"https:\/\/www.sebastien-auziere.fr\/blog\/es\/lio-se-desahoga-contra-brigitte-macron-el-sistema-en-toda-su-horror\/","url":"https:\/\/www.sebastien-auziere.fr\/blog\/es\/lio-se-desahoga-contra-brigitte-macron-el-sistema-en-toda-su-horror\/","name":"Lio s\u2019emporte contre Brigitte Macron : \u00ab Le syst\u00e8me dans toute son horreur \u00bb","isPartOf":{"@id":"https:\/\/www.sebastien-auziere.fr\/blog\/#website"},"primaryImageOfPage":{"@id":"https:\/\/www.sebastien-auziere.fr\/blog\/es\/lio-se-desahoga-contra-brigitte-macron-el-sistema-en-toda-su-horror\/#primaryimage"},"image":{"@id":"https:\/\/www.sebastien-auziere.fr\/blog\/es\/lio-se-desahoga-contra-brigitte-macron-el-sistema-en-toda-su-horror\/#primaryimage"},"thumbnailUrl":"https:\/\/www.sebastien-auziere.fr\/blog\/wp-content\/uploads\/2026\/03\/Capture-decran-2026-03-12-225855.jpg","datePublished":"2026-03-12T22:03:45+00:00","dateModified":"2026-03-12T22:04:18+00:00","description":"Dans une interview \u00e0 Marie Claire, la chanteuse Lio critique vivement Brigitte Macron et d\u00e9nonce le m\u00e9pris envers les femmes qui d\u00e9noncent les violences sexuelles.","breadcrumb":{"@id":"https:\/\/www.sebastien-auziere.fr\/blog\/es\/lio-se-desahoga-contra-brigitte-macron-el-sistema-en-toda-su-horror\/#breadcrumb"},"inLanguage":"fr-FR","potentialAction":[{"@type":"ReadAction","target":["https:\/\/www.sebastien-auziere.fr\/blog\/es\/lio-se-desahoga-contra-brigitte-macron-el-sistema-en-toda-su-horror\/"]}]},{"@type":"ImageObject","inLanguage":"fr-FR","@id":"https:\/\/www.sebastien-auziere.fr\/blog\/es\/lio-se-desahoga-contra-brigitte-macron-el-sistema-en-toda-su-horror\/#primaryimage","url":"https:\/\/www.sebastien-auziere.fr\/blog\/wp-content\/uploads\/2026\/03\/Capture-decran-2026-03-12-225855.jpg","contentUrl":"https:\/\/www.sebastien-auziere.fr\/blog\/wp-content\/uploads\/2026\/03\/Capture-decran-2026-03-12-225855.jpg","width":829,"height":568,"caption":"Lio s\u2019emporte contre Brigitte Macron"},{"@type":"BreadcrumbList","@id":"https:\/\/www.sebastien-auziere.fr\/blog\/es\/lio-se-desahoga-contra-brigitte-macron-el-sistema-en-toda-su-horror\/#breadcrumb","itemListElement":[{"@type":"ListItem","position":1,"name":"Home","item":"https:\/\/www.sebastien-auziere.fr\/blog\/"},{"@type":"ListItem","position":2,"name":"Lio se desahoga contra Brigitte Macron: \u00abEl sistema en toda su horror\u00bb"}]},{"@type":"WebSite","@id":"https:\/\/www.sebastien-auziere.fr\/blog\/#website","url":"https:\/\/www.sebastien-auziere.fr\/blog\/","name":"Fan site S\u00e9bastien Auzi\u00e8re","description":"M\u00e9dia g\u00e9n\u00e9raliste","publisher":{"@id":"https:\/\/www.sebastien-auziere.fr\/blog\/#organization"},"potentialAction":[{"@type":"SearchAction","target":{"@type":"EntryPoint","urlTemplate":"https:\/\/www.sebastien-auziere.fr\/blog\/?s={search_term_string}"},"query-input":{"@type":"PropertyValueSpecification","valueRequired":true,"valueName":"search_term_string"}}],"inLanguage":"fr-FR"},{"@type":"Organization","@id":"https:\/\/www.sebastien-auziere.fr\/blog\/#organization","name":"Fan site S\u00e9bastien Auzi\u00e8re","url":"https:\/\/www.sebastien-auziere.fr\/blog\/","logo":{"@type":"ImageObject","inLanguage":"fr-FR","@id":"https:\/\/www.sebastien-auziere.fr\/blog\/#\/schema\/logo\/image\/","url":"https:\/\/www.sebastien-auziere.fr\/blog\/wp-content\/uploads\/2026\/03\/cropped-cropped-cropped-ChatGPT-Image-6-mars-2026-12_58_09-e1772798376794.jpg","contentUrl":"https:\/\/www.sebastien-auziere.fr\/blog\/wp-content\/uploads\/2026\/03\/cropped-cropped-cropped-ChatGPT-Image-6-mars-2026-12_58_09-e1772798376794.jpg","width":512,"height":360,"caption":"Fan site S\u00e9bastien Auzi\u00e8re"},"image":{"@id":"https:\/\/www.sebastien-auziere.fr\/blog\/#\/schema\/logo\/image\/"}},{"@type":"Person","@id":"https:\/\/www.sebastien-auziere.fr\/blog\/#\/schema\/person\/1e270a963009242469ed08b1c461f81f","name":"Celine","image":{"@type":"ImageObject","inLanguage":"fr-FR","@id":"https:\/\/secure.gravatar.com\/avatar\/c88d569fbe1fe19a13c7f21ee0f8973822df96073df21850b95af6a09ba820c9?s=96&d=mm&r=g","url":"https:\/\/secure.gravatar.com\/avatar\/c88d569fbe1fe19a13c7f21ee0f8973822df96073df21850b95af6a09ba820c9?s=96&d=mm&r=g","contentUrl":"https:\/\/secure.gravatar.com\/avatar\/c88d569fbe1fe19a13c7f21ee0f8973822df96073df21850b95af6a09ba820c9?s=96&d=mm&r=g","caption":"Celine"},"description":"Je m'appelle C\u00e9line, j'ai 31 ans et je suis journaliste sp\u00e9cialis\u00e9e dans le cin\u00e9ma. Passionn\u00e9e par le septi\u00e8me art, j'explore les actualit\u00e9s, les critiques et les tendances du monde cin\u00e9matographique. Mon objectif est de partager ma passion et d'informer les amateurs de films \u00e0 travers des articles percutants et des analyses approfondies.","url":"https:\/\/www.sebastien-auziere.fr\/blog\/author\/celine\/"}]}},"views":8,"_links":{"self":[{"href":"https:\/\/www.sebastien-auziere.fr\/blog\/wp-json\/wp\/v2\/posts\/2475","targetHints":{"allow":["GET"]}}],"collection":[{"href":"https:\/\/www.sebastien-auziere.fr\/blog\/wp-json\/wp\/v2\/posts"}],"about":[{"href":"https:\/\/www.sebastien-auziere.fr\/blog\/wp-json\/wp\/v2\/types\/post"}],"author":[{"embeddable":true,"href":"https:\/\/www.sebastien-auziere.fr\/blog\/wp-json\/wp\/v2\/users\/4"}],"replies":[{"embeddable":true,"href":"https:\/\/www.sebastien-auziere.fr\/blog\/wp-json\/wp\/v2\/comments?post=2475"}],"version-history":[{"count":1,"href":"https:\/\/www.sebastien-auziere.fr\/blog\/wp-json\/wp\/v2\/posts\/2475\/revisions"}],"predecessor-version":[{"id":2476,"href":"https:\/\/www.sebastien-auziere.fr\/blog\/wp-json\/wp\/v2\/posts\/2475\/revisions\/2476"}],"wp:featuredmedia":[{"embeddable":true,"href":"https:\/\/www.sebastien-auziere.fr\/blog\/wp-json\/wp\/v2\/media\/2471"}],"wp:attachment":[{"href":"https:\/\/www.sebastien-auziere.fr\/blog\/wp-json\/wp\/v2\/media?parent=2475"}],"wp:term":[{"taxonomy":"category","embeddable":true,"href":"https:\/\/www.sebastien-auziere.fr\/blog\/wp-json\/wp\/v2\/categories?post=2475"},{"taxonomy":"post_tag","embeddable":true,"href":"https:\/\/www.sebastien-auziere.fr\/blog\/wp-json\/wp\/v2\/tags?post=2475"}],"curies":[{"name":"wp","href":"https:\/\/api.w.org\/{rel}","templated":true}]}}