{"id":2465,"date":"2026-03-11T12:40:39","date_gmt":"2026-03-11T12:40:39","guid":{"rendered":"https:\/\/www.sebastien-auziere.fr\/blog\/?p=2465"},"modified":"2026-03-11T12:42:53","modified_gmt":"2026-03-11T12:42:53","slug":"brigitte-macron-e-emmanuel-macron-storia-della-coppia-presidenziale-biografia-e-attualita-2025-2026","status":"publish","type":"post","link":"https:\/\/www.sebastien-auziere.fr\/blog\/it\/brigitte-macron-e-emmanuel-macron-storia-della-coppia-presidenziale-biografia-e-attualita-2025-2026\/","title":{"rendered":"Brigitte Macron e Emmanuel Macron: storia della coppia presidenziale, biografia e attualit\u00e0 2025-2026"},"content":{"rendered":"<p style=\"padding: 24px;background: lightblue\"><strong>Brigitte Macron<\/strong>, nata il 13 aprile 1953 ad Amiens, e <strong>Emmanuel Macron<\/strong>, nato il 21 dicembre 1977 ad Amiens, formano dal 2007 una delle coppie pi\u00f9 scrutinati della Repubblica francese. La loro storia, iniziata nel 1993 in un laboratorio di teatro al liceo La Providence di Amiens mentre lei era la sua insegnante e lui aveva 15 anni, ha attraversato trenta anni di controversie, voci e attacchi prima di affermarsi come una delle pi\u00f9 solide storie d&rsquo;amore della vita politica francese. <strong>Et\u00e0 di Brigitte Macron nel 2026: 72 anni.<\/strong> <strong>Et\u00e0 di Emmanuel Macron nel 2026: 48 anni.<\/strong> <strong>Diferenza d&rsquo;et\u00e0: 24 anni.<\/strong> Le loro ultime notizie significative: il <strong>processo di cyberbullismo<\/strong> (10 condanne, fino a 6 mesi di carcere, gennaio 2026), la <strong>querela contro Candace Owens<\/strong> negli Stati Uniti (luglio 2025), il video virale a Hanoi (maggio 2025) e gli impegni della Prima Donna contro il bullismo scolastico.<\/p>\n<ol>\n<li><a href=\"#brigitte-biographie\">Brigitte Macron: biografia, famiglia, origini<\/a><\/li>\n<li><a href=\"#emmanuel-biographie\">Emmanuel Macron: percorso, carriera, presidenza<\/a><\/li>\n<li><a href=\"#rencontre\">Come Brigitte ed Emmanuel Macron si sono incontrati<\/a><\/li>\n<li><a href=\"#mariage\">Il loro matrimonio e la vita di coppia all&rsquo;\u00c9lys\u00e9e<\/a><\/li>\n<li><a href=\"#premiere-dame\">Brigitte Macron, Prima Donna: ruolo e impegni<\/a><\/li>\n<li><a href=\"#polemiques\">Polemmiche, controversie e voci sulla coppia<\/a><\/li>\n<li><a href=\"#cyberharcelement\">Il processo di cyberbullismo: rumors transgender e condanne 2026<\/a><\/li>\n<li><a href=\"#candace-owens\">La querela contro Candace Owens negli Stati Uniti<\/a><\/li>\n<li><a href=\"#actu-2025-2026\">Attualit\u00e0 della coppia presidenziale nel 2025 e 2026<\/a><\/li>\n<\/ol>\n<h2 id=\"brigitte-biographie\">Brigitte Macron: biografia, famiglia, origini<\/h2>\n<p>Brigitte Marie-Claude Trogneux nasce il <strong>13 aprile 1953 ad Amiens<\/strong>, nel Pas-de-Calais. \u00c8 la <strong>pi\u00f9 giovane di sei figli<\/strong> di Simone (nata Pujol) e Jean Trogneux, eredi di una famiglia di cioccolatieri stabilita ad Amiens da diverse generazioni. La cioccolateria Jean Trogneux, fondata nel XIX<sup>e<\/sup> secolo, \u00e8 oggi gestita dalla quinta generazione della famiglia. Brigitte cresce in un ambiente borghese, cattolico e ben integrato nella vita sociale ami\u00e9noise.<\/p>\n<p>Dopo aver studiato in istituti cattolici, ottiene una <strong>laurea in lettere moderne<\/strong> e un <strong>CAPES di lettere moderne<\/strong>. Inizia la sua carriera di insegnante a Parigi, poi a Strasburgo al collegio Lucie-Berger. Nel 1991, si unisce al <strong>liceo La Providence di Amiens<\/strong>, dove insegna francese e latino fino al 2007, prima di proseguire al liceo Saint-Louis-de-Gonzague a Parigi fino al 2015, anno in cui smette di insegnare per accompagnare la campagna presidenziale di suo marito.<\/p>\n<p>Nel giugno 1974, a 21 anni, sposa il banchiere <strong>Andr\u00e9-Louis Auzi\u00e8re<\/strong>. La coppia ha tre figli: <strong>S\u00e9bastien<\/strong> (1975, ingegnere), <strong>Laurence<\/strong> (1977, cardiologo \u2014 che era nella stessa classe di Emmanuel Macron al liceo), e <strong>Tiphaine<\/strong> (1984, avvocato). Il divorzio da Andr\u00e9-Louis Auzi\u00e8re viene pronunciato il 26 gennaio 2006. Quest&rsquo;ultimo muore il 24 dicembre 2019 all&rsquo;ospedale Georges-Pompidou a Parigi.<\/p>\n<h2 id=\"emmanuel-biographie\">Emmanuel Macron: percorso, carriera, presidenza<\/h2>\n<p>Emmanuel Jean-Michel Fr\u00e9d\u00e9ric Macron nasce il <strong>21 dicembre 1977 ad Amiens<\/strong>. Figlio di Jean-Michel Macron, professore di neurologia, e di Fran\u00e7oise Nogu\u00e8s, medico, \u00e8 il primogenito di tre figli. Studente brillante, frequenta il liceo La Providence di Amiens, poi il liceo Henri-IV a Parigi dove i suoi genitori lo inviano dopo la loro preoccupazione per la relazione in via di sviluppo con la sua insegnante Brigitte Trogneux.<\/p>\n<p>Si iscrive a Sciences Po Paris, poi all&rsquo;<strong>\u00c9cole nationale d&rsquo;administration (ENA)<\/strong>, da cui esce nella promozione L\u00e9opold S\u00e9dar Senghor (2004). Inizia la sua carriera come <strong>ispettore delle finanze<\/strong>, prima di entrare nella <strong>banca Rothschild<\/strong> nel 2008 dove diventa partner-manager. Viene nominato <strong>segretario generale aggiunto dell&rsquo;\u00c9lys\u00e9e<\/strong> nel 2012 sotto Fran\u00e7ois Hollande, poi <strong>ministro dell&rsquo;Economia<\/strong> dal 2014 al 2016. Fondatore del movimento <strong>En Marche!<\/strong> (diventato La R\u00e9publique En Marche, poi Renaissance) nell&rsquo;aprile 2016, viene eletto <strong>Presidente della Repubblica il 7 maggio 2017<\/strong> al secondo turno contro Marine Le Pen, diventando a 39 anni il presidente pi\u00f9 giovane della V Repubblica. Viene rieletto il <strong>24 aprile 2022<\/strong>.<\/p>\n<h2 id=\"rencontre\">Come Brigitte ed Emmanuel Macron si sono incontrati<\/h2>\n<p> tutto inizia nel <strong>1993 al liceo La Providence di Amiens<\/strong>. Brigitte Trogneux, all&rsquo;epoca di 39 anni, insegna francese e latino. Gestisce anche un <strong>laboratorio di teatro<\/strong> aperto agli studenti. Emmanuel Macron, 15 anni, allievo di seconda, entra in questo laboratorio. I due lavorano insieme all&rsquo;adattamento di un&rsquo;opera dell&rsquo;autore italiano Eduardo De Filippo, <em>L&rsquo;arte della commedia<\/em> (1964). Questa collaborazione artistica intensifica la loro relazione.<\/p>\n<blockquote><p>\u00ab Alla fine, l&rsquo;amore \u00e8 stato pi\u00f9 forte di tutto, e ho finito per divorziare. Non sono riuscita a trattenermi. \u00bb \u2014 Brigitte Macron.<\/p><\/blockquote>\n<p>Preoccupati per questa relazione tra il loro figlio minorenne e una donna sposata di 24 anni pi\u00f9 grande, i genitori di Emmanuel Macron lo spostano al liceo Henri-IV a Parigi per completare il suo diploma. Prima di partire, Emmanuel Macron le dice che torner\u00e0 e che la sposer\u00e0. La relazione continua a distanza attraverso una corrispondenza regolare. Nel 1994, Andr\u00e9-Louis Auzi\u00e8re lascia la casa familiare di Amiens. Il divorzio di Brigitte viene pronunciato solo nel <strong>gennaio 2006<\/strong>.<\/p>\n<p>Emmanuel Macron e Brigitte Trogneux si sposano il <strong>20 ottobre 2007 a Touquet-Paris-Plage<\/strong>. A quel tempo, lui ha 29 anni, lei ne ha 54. La cerimonia \u00e8 sobria e intima.<\/p>\n<h2 id=\"mariage\">Il loro matrimonio e la vita di coppia all&rsquo;\u00c9lys\u00e9e<\/h2>\n<p>Il matrimonio di Emmanuel e Brigitte Macron, celebrato nel 2007 in intimit\u00e0, precede di dieci anni il loro arrivo all&rsquo;\u00c9lys\u00e9e. Durante questi dieci anni, Brigitte continua a insegnare \u2014 prima ad Amiens, poi al liceo Saint-Louis-de-Gonzague a Parigi \u2014 mentre Emmanuel Macron scala i vertici della pubblica amministrazione e del mondo finanziario.<\/p>\n<p>La loro esperienza al palazzo dell&rsquo;\u00c9lys\u00e9e nel maggio 2017 segna una svolta nella vita della coppia. Per la prima volta nella storia della V Repubblica, una <strong>carta di trasparenza relativa allo status del coniuge del capo dello Stato<\/strong> \u00e8 pubblicata nell&rsquo;agosto 2017, definendo il ruolo e i mezzi messi a disposizione di Brigitte Macron senza conferirle uno status giuridico ufficiale.<\/p>\n<p>Brigitte Macron non ha mai apprezzato l&rsquo;espressione \u00ab Prima Donna \u00bb. In un&rsquo;intervista concessa alla rivista <em>Elle<\/em> nell&rsquo;agosto 2017, dichiara di non sentirsi <em>\u00ab n\u00e9 prima, n\u00e9 ultima, n\u00e9 donna \u00bb<\/em> e afferma di voler rimanere <em>\u00ab ancorata alla realt\u00e0 \u00bb<\/em>. Aggiunge che i francesi hanno eletto Emmanuel, non lei, pur riconoscendo che la coppia \u00e8 una realt\u00e0 nota agli elettori.<\/p>\n<p>Brigitte Macron occupa <strong>uffici all&rsquo;\u00c9lys\u00e9e<\/strong> e dispone di un&rsquo;\u00e9quipe di collaboratori finanziata dallo Stato. Accompagna regolarmente il presidente nei suoi viaggi ufficiali in Francia e all&rsquo;estero. La coppia viene spesso fotografata insieme durante eventi ufficiali, mostrando una complicit\u00e0 evidente.<\/p>\n<h2 id=\"premiere-dame\">Brigitte Macron, Prima Donna: ruolo e impegni<\/h2>\n<p>Sin dal suo arrivo all&rsquo;\u00c9lys\u00e9e, Brigitte Macron sceglie di costruire la sua agenda a partire dai <strong>messaggi inviati dai francesi<\/strong>. I suoi principali impegni si organizzano attorno a tre assi:<\/p>\n<ul>\n<li><strong>L&rsquo;inclusione delle persone con disabilit\u00e0<\/strong>: difende l&rsquo;accesso all&rsquo;istruzione, all&rsquo;occupazione e alla vita sociale per le persone disabili e sostiene numerose associazioni in questo campo<\/li>\n<li><strong>La protezione dell&rsquo;infanzia e la lotta contro il bullismo scolastico<\/strong>: impegno centrale, rafforzato dalla sua esperienza personale come bersaglio di cyberbullismo dal 2021. \u00c8 coinvolta in campagne di sensibilizzazione nelle scuole e ha parlato pi\u00f9 volte sull&rsquo;argomento in interviste televisive<\/li>\n<li><strong>Il supporto agli ospedali e al personale medico<\/strong>: eletta nel giugno 2019 presidente della Fondazione dell&rsquo;Assistenza Pubblica\u2013Ospedali di Parigi, si impegna a migliorare le condizioni di accoglienza dei pazienti. Dal 2023, dirige il Gala delle Pi\u00e8ces Jaunes, evento di beneficenza a favore degli ospedali per le popolazioni vulnerabili<\/li>\n<\/ul>\n<p>Nel settembre 2018, avvia il progetto <strong>LIVE (L&rsquo;Institut des Vocations pour l&rsquo;Emploi)<\/strong>, un programma di accompagnamento rivolto a giovani adulti di oltre 25 anni non occupati o in formazione.<\/p>\n<h2 id=\"polemiques\">Polemmiche, controversie e voci sulla coppia<\/h2>\n<p>La relazione tra Emmanuel e Brigitte Macron ha suscitato polemiche sin dall&rsquo;inizio, a causa della differenza d&rsquo;et\u00e0 di 24 anni, dell&rsquo;et\u00e0 minorenne di Emmanuel Macron all&rsquo;inizio della loro relazione e del fatto che Brigitte era all&rsquo;epoca la sua insegnante e una donna sposata con figli. Questi elementi hanno alimentato, sin dalle elezioni del 2017, una serie di voci e attacchi online.<\/p>\n<p>La pi\u00f9 persistente e grave \u00e8 la <strong>teoria complottista transfobica<\/strong> secondo cui Brigitte Macron sarebbe nata di sesso maschile con il nome di suo fratello Jean-Michel Trogneux e avrebbe cambiato identit\u00e0. Questa bufala \u2014 totalmente falsa e smentita dalla famiglia Trogneux \u2014 \u00e8 comparsa fin dal 2021 sui social media francesi, amplificata da un video di quattro ore pubblicato da Amandine Roy (alias \u00ab medium Delphine J. \u00bb). Ha trovato risonanza mondiale nel 2023-2024 attraverso l&rsquo;influencer americana <strong>Candace Owens<\/strong>, vicina agli ambienti trumpiani, che le ha dedicato un podcast intitolato <em>Diventare Brigitte<\/em>, accumulando milioni di visualizzazioni.<\/p>\n<p>Nel maggio 2025, un&rsquo;altra polemica esplode quando un video girato a Hanoi (Vietnam) mostra Brigitte Macron che spinge il viso di suo marito sul gradino dell&rsquo;aereo presidenziale. La sequenza, catturata dalle telecamere dell&rsquo;Associated Press, diventa virale e suscita interpretazioni contrastanti. L&rsquo;\u00c9lys\u00e9e nega qualsiasi incidente, Emmanuel Macron dichiarando: <em>\u00ab Litighiamo e scherziamo con mia moglie. \u00bb<\/em><\/p>\n<p>Nel dicembre 2025, una nuova polemica colpisce Brigitte Macron dopo la diffusione di un video in cui si riferisce a <strong>\u00ab stronze \u00bb<\/strong> nei confronti di attiviste femministe che hanno interrotto lo spettacolo dell&rsquo;umorista Ary Abittan, accusato di stupro. Il video, diffuso per errore dall&rsquo;agenzia Bestimage, suscita reazioni vivaci, in particolare da parte della presidente dell&rsquo;Assemblea nazionale, che giudica tali affermazioni <em>\u00ab indegne \u00bb<\/em>.<\/p>\n<h2 id=\"cyberharcelement\">Il processo di cyberbullismo: rumors transgender e condanne nel gennaio 2026<\/h2>\n<p>Il <strong>5 gennaio 2026<\/strong>, il tribunale correzionale di Parigi emette la sua sentenza nel processo per cyberbullismo transfobico contro Brigitte Macron. <strong>I dieci imputati sono tutti riconosciuti colpevoli<\/strong> di molestie morali aggravate commesse online.<\/p>\n<p>Il processo, tenutosi il 27 e 28 ottobre 2025, riunisce otto uomini e due donne di et\u00e0 compresa tra i 41 e i 65 anni, provenienti da tutta la Francia: un gallerista parigino, un eletto locale, un insegnante, un informatico, la medium \u00ab Amandine Roy \u00bb, lo scrittore Aur\u00e9lien Poirson-Atlan (alias \u00ab Zo\u00e9 Sagan \u00bb), tra gli altri. Sono accusati di aver diffuso o rilanciato insulti e voci che pretendevano a torto che Brigitte Macron fosse una donna transgender e una \u00ab pedocriminale \u00bb.<\/p>\n<p>Le pene pronunciate sono le seguenti:<\/p>\n<ul>\n<li><strong>Aur\u00e9lien Poirson-Atlan (alias Zo\u00e9 Sagan)<\/strong>: 8 mesi di carcere con sospensione \u2014 considerato il principale istigatore. Il suo account X era stato sospeso nel 2024 dopo varie procedure legali<\/li>\n<li><strong>Amandine Roy<\/strong>: 6 mesi di carcere con sospensione + sospensione dei suoi account sui social media per 6 mesi. Autrice di un video virale di 4 ore pubblicato nel 2021, poi rimosso<\/li>\n<li><strong>Bertrand Scholler (gallerista)<\/strong>: 6 mesi di carcere con sospensione<\/li>\n<li><strong>Gli altri 7 imputati<\/strong>: pene da 4 a 8 mesi di carcere con sospensione<\/li>\n<li><strong>Un imputato assente al processo<\/strong>: 6 mesi di carcere senza sospensione<\/li>\n<li><strong>Tutti i condannati<\/strong>: multa solidale di 10.000 euro + corso di sensibilizzazione sul rispetto delle persone nello spazio digitale<\/li>\n<\/ul>\n<p>Durante il processo, la figlia pi\u00f9 giovane di Brigitte Macron, <strong>Tiphaine Auzi\u00e8re<\/strong>, ha testimoniato sull&rsquo;impatto di queste voci sulla vita di sua madre, descrivendo <em>\u00ab un reale deterioramento delle sue condizioni di vita \u00bb<\/em> e un adattamento costante dei suoi comportamenti \u2014 fino alla scelta dei suoi abiti e della sua postura pubblica \u2014 per paura che la sua immagine venisse distorta. Brigitte Macron aveva dichiarato agli inquirenti che la voce aveva avuto <em>\u00ab un forte impatto \u00bb<\/em> su di lei e sul suo entourage, in particolare sui suoi nipoti.<\/p>\n<blockquote><p>\u00ab Io, mi batto, a tempo pieno. Voglio aiutare gli adolescenti a lottare contro il bullismo. Ma se non do l&rsquo;esempio, sar\u00e0 difficile. \u00bb \u2014 Brigitte Macron, TG di TF1, 4 gennaio 2026.<\/p><\/blockquote>\n<p>Uno degli istigatori assenti al processo \u00e8 il giornalista <strong>Xavier Poussard<\/strong>, autore del bestseller <em>Diventare Brigitte<\/em>, il cui caso \u00e8 stato disgiunto poich\u00e9 risiede a Milano. \u00c8 associato a Candace Owens nella diffusione internazionale della voce. \u00c8 in corso una procedura distinta.<\/p>\n<h2 id=\"candace-owens\">La querela contro Candace Owens negli Stati Uniti<\/h2>\n<p>Nel luglio 2025, la coppia presidenziale presenta una <strong>querela per diffamazione su 22 capi d&rsquo;accusa presso i tribunali del Delaware<\/strong> contro l&rsquo;influencer americana <strong>Candace Owens<\/strong>. Vicina agli ambienti trumpiani, \u00e8 accusata di aver orchestrato una <em>\u00ab campagna di diffamazione \u00bb<\/em> diffondendo la voce transfobica su Brigitte Macron a fini di notoriet\u00e0 e monetizzazione. Il suo podcast <em>Diventare Brigitte<\/em>, pubblicato all&rsquo;inizio del 2025, ha accumulato milioni di visualizzazioni e dato eco globale alla fake news. Candace Owens \u00e8 anche nota per negare il riscaldamento globale e l&rsquo;esistenza dei dinosauri.<\/p>\n<p>Il procedimento negli Stati Uniti \u00e8 distinto dal processo francese e mira a ottenere una condanna e un risarcimento in una giurisdizione americana, in un contesto giuridico diverso in materia di diffamazione.<\/p>\n<h2 id=\"actu-2025-2026\">Attualit\u00e0 della coppia presidenziale nel 2025 e 2026<\/h2>\n<h3>Visita di Stato a Londra e in Asia del Sud-Est (estate 2025)<\/h3>\n<p>Nel luglio 2025, la coppia presidenziale effettua una visita di Stato nel Regno Unito, in particolare all&rsquo;abbazia di Westminster. Nel maggio 2025, durante un viaggio ufficiale in Asia del Sud-Est \u2014 inclusa Hanoi \u2014 il video di Brigitte Macron e di suo marito sul gradino dell&rsquo;aereo presidenziale diventa virale, suscitando una ondata di speculazioni sullo stato della loro coppia, immediatamente smentite dall&rsquo;\u00c9lys\u00e9e.<\/p>\n<h3>Inizio 2026: discrezione e solidariet\u00e0<\/h3>\n<p>All&rsquo;inizio del 2026, Emmanuel e Brigitte Macron scelgono un avvio discreto: alcuni giorni al forte di Br\u00e9gan\u00e7on nel Var, poi un ritorno a Parigi per festeggiare il Capodanno in un contesto intimo, seguito da visite discrete fuori agenda ufficiale. Una foto scattata dalla fotografa ufficiale dell&rsquo;\u00c9lys\u00e9e Soazig de la Moissoni\u00e8re, che mostra Brigitte abbracciata a Emmanuel di spalle, \u00e8 circolata come un segnale di solidariet\u00e0 della coppia di fronte alle recenti polemiche.<\/p>\n<h3>Brigitte Macron e le Pi\u00e8ces Jaunes 2026<\/h3>\n<p>Brigitte Macron rimane molto impegnata nell&rsquo;operazione <strong>Pi\u00e8ces Jaunes<\/strong>, che guida dal 2023. Nel gennaio 2026, ha partecipato a una visita a sorpresa a Disneyland Paris nell&rsquo;ambito di questa iniziativa benefica a favore dei bambini ricoverati.<\/p>\n<h2>FAQ<\/h2>\n<h3>Qual \u00e8 l&rsquo;et\u00e0 di Brigitte Macron e di suo marito Emmanuel Macron?<\/h3>\n<p>Brigitte Macron \u00e8 nata il 13 aprile 1953: ha 72 anni nel 2026. Emmanuel Macron \u00e8 nato il 21 dicembre 1977: ha 48 anni nel 2026. La loro differenza d&rsquo;et\u00e0 \u00e8 di 24 anni.<\/p>\n<h3>Come si sono incontrati Brigitte ed Emmanuel Macron?<\/h3>\n<p>Si sono incontrati nel 1993 al liceo La Providence di Amiens, durante un laboratorio di teatro che lei dirigeva come insegnante di francese. Lui aveva 15 anni, lei ne aveva 39 ed era sposata con tre figli. Si sono sposati in ottobre 2007 a Touquet, dopo il divorzio di Brigitte Macron pronunciato nel gennaio 2006.<\/p>\n<h3>Cosa \u00e8 emerso dal processo di cyberbullismo di Brigitte Macron?<\/h3>\n<p>Il 5 gennaio 2026, il tribunale correzionale di Parigi ha condannato i dieci imputati per molestie morali aggravate online. Le pene variano da 4 a 8 mesi di carcere con sospensione per la maggior parte, e 6 mesi di carcere senza sospensione per uno degli imputati assente al processo. Tutti devono pagare una multa solidale di 10.000 \u20ac e seguire un corso di sensibilizzazione sul rispetto delle persone nello spazio digitale.<\/p>\n<h3>\u00c8 vera la voce secondo cui Brigitte Macron sarebbe transgender?<\/h3>\n<p>No. Si tratta di una fake news totalmente infondata e smentita. Questa voce complottista, emersa in Francia gi\u00e0 nel 2021 e amplificata a livello internazionale dall&rsquo;influencer americana Candace Owens nel 2024-2025, ha dato adito a diverse procedure legali. Nel gennaio 2026, dieci persone sono state condannate dal tribunale correzionale di Parigi per cyberbullismo transfobico al riguardo. La coppia Macron ha anche presentato una querela per diffamazione negli Stati Uniti contro Candace Owens.<\/p>\n<h3>Qual \u00e8 il vero nome e cognome di Brigitte Macron?<\/h3>\n<p>Si chiama Brigitte Marie-Claude Macron, nata Trogneux. Il suo nome da nubile \u00e8 Trogneux. Ha portato il nome del suo primo marito, Auzi\u00e8re, dopo il matrimonio nel 1974, prima di assumere il nome Macron dopo il suo matrimonio con Emmanuel Macron nel 2007.<\/p>\n<h3>Brigitte Macron percepisce uno stipendio come Prima Donna?<\/h3>\n<p>Brigitte Macron non percepisce uno stipendio come Prima Donna. Non ha uno status giuridico ufficiale. Tuttavia, dalla pubblicazione della carta di trasparenza nell&rsquo;agosto 2017, dispone di collaboratori finanziati dallo Stato e di uffici all&rsquo;\u00c9lys\u00e9e per svolgere le sue funzioni di rappresentanza e i suoi impegni associativi.<\/p>\n<p>[<br \/>\n  {<br \/>\n    \u00ab\u00a0@context\u00a0\u00bb: \u00ab\u00a0https:\/\/schema.org\u00a0\u00bb,<br \/>\n    \u00ab\u00a0@type\u00a0\u00bb: \u00ab\u00a0Article\u00a0\u00bb,<br \/>\n    \u00ab\u00a0headline\u00a0\u00bb: \u00ab\u00a0Brigitte Macron ed Emmanuel Macron: storia della coppia presidenziale, biografia e attualit\u00e0 2025-2026\u00a0\u00bb,<br \/>\n    \u00ab\u00a0description\u00a0\u00bb: \u00ab\u00a0Biografia completa della coppia presidenziale francese: incontro, matrimonio, Prima Donna, processo di cyberbullismo 2026, querela contro Candace Owens e tutte le recenti attualit\u00e0.\u00a0\u00bb,<br \/>\n    \u00ab\u00a0inLanguage\u00a0\u00bb: \u00ab\u00a0fr\u00a0\u00bb<br \/>\n  },<br \/>\n  {<br \/>\n    \u00ab\u00a0@context\u00a0\u00bb: \u00ab\u00a0https:\/\/schema.org\u00a0\u00bb,<br \/>\n    \u00ab\u00a0@type\u00a0\u00bb: \u00ab\u00a0Person\u00a0\u00bb,<br \/>\n    \u00ab\u00a0name\u00a0\u00bb: \u00ab\u00a0Brigitte Macron\u00a0\u00bb,<br \/>\n    \u00ab\u00a0birthName\u00a0\u00bb: \u00ab\u00a0Brigitte Marie-Claude Trogneux\u00a0\u00bb,<br \/>\n    \u00ab\u00a0birthDate\u00a0\u00bb: \u00ab\u00a01953-04-13\u00a0\u00bb,<br \/>\n    \u00ab\u00a0birthPlace\u00a0\u00bb: { \u00ab\u00a0@type\u00a0\u00bb: \u00ab\u00a0Place\u00a0\u00bb, \u00ab\u00a0name\u00a0\u00bb: \u00ab\u00a0Amiens, Francia\u00a0\u00bb },<br \/>\n    \u00ab\u00a0spouse\u00a0\u00bb: { \u00ab\u00a0@type\u00a0\u00bb: \u00ab\u00a0Person\u00a0\u00bb, \u00ab\u00a0name\u00a0\u00bb: \u00ab\u00a0Emmanuel Macron\u00a0\u00bb },<br \/>\n    \u00ab\u00a0jobTitle\u00a0\u00bb: \u00ab\u00a0Prima Donna di Francia\u00a0\u00bb,<br \/>\n    \u00ab\u00a0nationality\u00a0\u00bb: \u00ab\u00a0Francese\u00a0\u00bb,<br \/>\n    \u00ab\u00a0description\u00a0\u00bb: \u00ab\u00a0Moglie del presidente della Repubblica francese Emmanuel Macron e ex insegnante di lettere moderne.\u00a0\u00bb<br \/>\n  },<br \/>\n  {<br \/>\n    \u00ab\u00a0@context\u00a0\u00bb: \u00ab\u00a0https:\/\/schema.org\u00a0\u00bb,<br \/>\n    \u00ab\u00a0@type\u00a0\u00bb: \u00ab\u00a0Person\u00a0\u00bb,<br \/>\n    \u00ab\u00a0name\u00a0\u00bb: \u00ab\u00a0Emmanuel Macron\u00a0\u00bb,<br \/>\n    \u00ab\u00a0birthDate\u00a0\u00bb: \u00ab\u00a01977-12-21\u00a0\u00bb,<br \/>\n    \u00ab\u00a0birthPlace\u00a0\u00bb: { \u00ab\u00a0@type\u00a0\u00bb: \u00ab\u00a0Place\u00a0\u00bb, \u00ab\u00a0name\u00a0\u00bb: \u00ab\u00a0Amiens, Francia\u00a0\u00bb },<br \/>\n    \u00ab\u00a0spouse\u00a0\u00bb: { \u00ab\u00a0@type\u00a0\u00bb: \u00ab\u00a0Person\u00a0\u00bb, \u00ab\u00a0name\u00a0\u00bb: \u00ab\u00a0Brigitte Macron\u00a0\u00bb },<br \/>\n    \u00ab\u00a0jobTitle\u00a0\u00bb: \u00ab\u00a0Presidente della Repubblica francese\u00a0\u00bb,<br \/>\n    \u00ab\u00a0nationality\u00a0\u00bb: \u00ab\u00a0Francese\u00a0\u00bb,<br \/>\n    \u00ab\u00a0description\u00a0\u00bb: \u00ab\u00a0Presidente della Repubblica francese dal 14 maggio 2017, rieletto il 24 aprile 2022.\u00a0\u00bb<br \/>\n  },<br \/>\n  {<br \/>\n    \u00ab\u00a0@context\u00a0\u00bb: \u00ab\u00a0https:\/\/schema.org\u00a0\u00bb,<br \/>\n    \u00ab\u00a0@type\u00a0\u00bb: \u00ab\u00a0FAQPage\u00a0\u00bb,<br \/>\n    \u00ab\u00a0mainEntity\u00a0\u00bb: [<br \/>\n      {<br \/>\n        \u00ab\u00a0@type\u00a0\u00bb: \u00ab\u00a0Question\u00a0\u00bb,<br \/>\n        \u00ab\u00a0name\u00a0\u00bb: \u00ab\u00a0Qual \u00e8 l&rsquo;et\u00e0 di Brigitte Macron e di suo marito Emmanuel Macron?\u00a0\u00bb,<br \/>\n        \u00ab\u00a0acceptedAnswer\u00a0\u00bb: { \u00ab\u00a0@type\u00a0\u00bb: \u00ab\u00a0Answer\u00a0\u00bb, \u00ab\u00a0text\u00a0\u00bb: \u00ab\u00a0Brigitte Macron \u00e8 nata il 13 aprile 1953: 72 anni nel 2026. Emmanuel Macron \u00e8 nato il 21 dicembre 1977: 48 anni nel 2026. Differenza d&rsquo;et\u00e0: 24 anni.\u00a0\u00bb }<br \/>\n      },<br \/>\n      {<br \/>\n        \u00ab\u00a0@type\u00a0\u00bb: \u00ab\u00a0Question\u00a0\u00bb,<br \/>\n        \u00ab\u00a0name\u00a0\u00bb: \u00ab\u00a0Come si sono incontrati Brigitte ed Emmanuel Macron?\u00a0\u00bb,<br \/>\n        \u00ab\u00a0acceptedAnswer\u00a0\u00bb: { \u00ab\u00a0@type\u00a0\u00bb: \u00ab\u00a0Answer\u00a0\u00bb, \u00ab\u00a0text\u00a0\u00bb: \u00ab\u00a0Nel 1993 al liceo La Providence di Amiens, durante un laboratorio di teatro che lei dirigeva come insegnante di francese. Lui aveva 15 anni, lei ne aveva 39. Si sono sposati in ottobre 2007 a Touquet dopo il divorzio di Brigitte nel 2006.\u00a0\u00bb }<br \/>\n      },<br \/>\n      {<br \/>\n        \u00ab\u00a0@type\u00a0\u00bb: \u00ab\u00a0Question\u00a0\u00bb,<br \/>\n        \u00ab\u00a0name\u00a0\u00bb: \u00ab\u00a0La voce secondo cui Brigitte Macron sarebbe transgender \u00e8 vera?\u00a0\u00bb,<br \/>\n        \u00ab\u00a0acceptedAnswer\u00a0\u00bb: { \u00ab\u00a0@type\u00a0\u00bb: \u00ab\u00a0Answer\u00a0\u00bb, \u00ab\u00a0text\u00a0\u00bb: \u00ab\u00a0No. \u00c8 una fake news totalmente infondata. Questa voce complottista, emersa in Francia gi\u00e0 nel 2021 e amplificata a livello internazionale dall&rsquo;influencer americana Candace Owens nel 2024-2025, ha dato adito a diverse procedure legali. Nel gennaio 2026, dieci persone sono state condannate dal tribunale correzionale di Parigi per cyberbullismo transfobico al riguardo. La coppia Macron ha anche presentato una querela per diffamazione negli Stati Uniti contro Candace Owens.\u00a0\u00bb }<br \/>\n      },<br \/>\n      {<br \/>\n        \u00ab\u00a0@type\u00a0\u00bb: \u00ab\u00a0Question\u00a0\u00bb,<br \/>\n        \u00ab\u00a0name\u00a0\u00bb: \u00ab\u00a0Cosa \u00e8 emerso dal processo di cyberbullismo di Brigitte Macron?\u00a0\u00bb,<br \/>\n        \u00ab\u00a0acceptedAnswer\u00a0\u00bb: { \u00ab\u00a0@type\u00a0\u00bb: \u00ab\u00a0Answer\u00a0\u00bb, \u00ab\u00a0text\u00a0\u00bb: \u00ab\u00a0Il 5 gennaio 2026, dieci imputati sono stati condannati per molestie morali aggravate online. Le pene variano da 4 a 8 mesi con sospensione per la maggior parte, e 6 mesi senza sospensione per uno degli imputati assente al processo. Tutti devono pagare una multa solidale di 10.000 \u20ac e seguire un corso di sensibilizzazione obbligatorio.\u00a0\u00bb }<br \/>\n      },<br \/>\n      {<br \/>\n        \u00ab\u00a0@type\u00a0\u00bb: \u00ab\u00a0Question\u00a0\u00bb,<br \/>\n        \u00ab\u00a0name\u00a0\u00bb: \u00ab\u00a0Brigitte Macron percepisce uno stipendio?\u00a0\u00bb,<br \/>\n        \u00ab\u00a0acceptedAnswer\u00a0\u00bb: { \u00ab\u00a0@type\u00a0\u00bb: \u00ab\u00a0Answer\u00a0\u00bb, \u00ab\u00a0text\u00a0\u00bb: \u00ab\u00a0No. Non ha uno status giuridico ufficiale di Prima Donna. Ha collaboratori e uffici all&rsquo;\u00c9lys\u00e9e finanziati dallo Stato dalla carta di trasparenza d&rsquo;agosto 2017, ma non percepisce alcuno stipendio.\u00a0\u00bb }<br \/>\n      }<br \/>\n    ]<br \/>\n  }<br \/>\n]<\/p>\n","protected":false},"excerpt":{"rendered":"<p>Brigitte Macron, nata il 13 aprile 1953 ad Amiens, e Emmanuel Macron, nato il 21 dicembre 1977 ad Amiens, formano dal 2007 una delle coppie pi\u00f9 scrutinati della Repubblica francese. La loro storia, iniziata nel 1993 in un laboratorio di teatro al liceo La Providence di Amiens mentre lei era la sua insegnante e lui &#8230; <a title=\"Brigitte Macron e Emmanuel Macron: storia della coppia presidenziale, biografia e attualit\u00e0 2025-2026\" class=\"read-more\" href=\"https:\/\/www.sebastien-auziere.fr\/blog\/it\/brigitte-macron-e-emmanuel-macron-storia-della-coppia-presidenziale-biografia-e-attualita-2025-2026\/\" aria-label=\"En savoir plus sur Brigitte Macron e Emmanuel Macron: storia della coppia presidenziale, biografia e attualit\u00e0 2025-2026\">Lire plus<\/a><\/p>\n","protected":false},"author":4,"featured_media":2457,"comment_status":"open","ping_status":"open","sticky":false,"template":"","format":"standard","meta":{"footnotes":""},"categories":[843],"tags":[],"class_list":["post-2465","post","type-post","status-publish","format-standard","has-post-thumbnail","hentry","category-non-classe-it"],"yoast_head":"<!-- This site is optimized with the Yoast SEO plugin v27.5 - https:\/\/yoast.com\/product\/yoast-seo-wordpress\/ -->\n<title>Brigitte Macron e Emmanuel Macron: storia della coppia presidenziale, biografia e attualit\u00e0 2025-2026 - Fan site S\u00e9bastien Auzi\u00e8re<\/title>\n<meta name=\"description\" content=\"Tout sur Brigitte Macron et Emmanuel Macron : leur rencontre, leur mariage, leur diff\u00e9rence d&#039;\u00e2ge, le r\u00f4le de Premi\u00e8re Dame, le proc\u00e8s cyberharc\u00e8lement 2026, et toute l&#039;actualit\u00e9 du couple pr\u00e9sidentiel.\" \/>\n<meta name=\"robots\" content=\"index, follow, max-snippet:-1, max-image-preview:large, max-video-preview:-1\" \/>\n<link rel=\"canonical\" href=\"https:\/\/www.sebastien-auziere.fr\/blog\/it\/brigitte-macron-e-emmanuel-macron-storia-della-coppia-presidenziale-biografia-e-attualita-2025-2026\/\" \/>\n<meta property=\"og:locale\" content=\"fr_FR\" \/>\n<meta property=\"og:type\" content=\"article\" \/>\n<meta property=\"og:title\" content=\"Brigitte Macron e Emmanuel Macron: storia della coppia presidenziale, biografia e attualit\u00e0 2025-2026 - Fan site S\u00e9bastien Auzi\u00e8re\" \/>\n<meta property=\"og:description\" content=\"Tout sur Brigitte Macron et Emmanuel Macron : leur rencontre, leur mariage, leur diff\u00e9rence d&#039;\u00e2ge, le r\u00f4le de Premi\u00e8re Dame, le proc\u00e8s cyberharc\u00e8lement 2026, et toute l&#039;actualit\u00e9 du couple pr\u00e9sidentiel.\" \/>\n<meta property=\"og:url\" content=\"https:\/\/www.sebastien-auziere.fr\/blog\/it\/brigitte-macron-e-emmanuel-macron-storia-della-coppia-presidenziale-biografia-e-attualita-2025-2026\/\" \/>\n<meta property=\"og:site_name\" content=\"Fan site S\u00e9bastien Auzi\u00e8re\" \/>\n<meta property=\"article:published_time\" content=\"2026-03-11T12:40:39+00:00\" \/>\n<meta property=\"article:modified_time\" content=\"2026-03-11T12:42:53+00:00\" \/>\n<meta property=\"og:image\" content=\"https:\/\/www.sebastien-auziere.fr\/blog\/wp-content\/uploads\/2026\/03\/Capture-decran-2026-03-11-122916.jpg\" \/>\n\t<meta property=\"og:image:width\" content=\"862\" \/>\n\t<meta property=\"og:image:height\" content=\"568\" \/>\n\t<meta property=\"og:image:type\" content=\"image\/jpeg\" \/>\n<meta name=\"author\" content=\"Celine\" \/>\n<meta name=\"twitter:card\" content=\"summary_large_image\" \/>\n<meta name=\"twitter:label1\" content=\"\u00c9crit par\" \/>\n\t<meta name=\"twitter:data1\" content=\"Celine\" \/>\n\t<meta name=\"twitter:label2\" content=\"Dur\u00e9e de lecture estim\u00e9e\" \/>\n\t<meta name=\"twitter:data2\" content=\"14 minutes\" \/>\n<script type=\"application\/ld+json\" class=\"yoast-schema-graph\">{\"@context\":\"https:\\\/\\\/schema.org\",\"@graph\":[{\"@type\":\"Article\",\"@id\":\"https:\\\/\\\/www.sebastien-auziere.fr\\\/blog\\\/it\\\/brigitte-macron-e-emmanuel-macron-storia-della-coppia-presidenziale-biografia-e-attualita-2025-2026\\\/#article\",\"isPartOf\":{\"@id\":\"https:\\\/\\\/www.sebastien-auziere.fr\\\/blog\\\/it\\\/brigitte-macron-e-emmanuel-macron-storia-della-coppia-presidenziale-biografia-e-attualita-2025-2026\\\/\"},\"author\":{\"name\":\"Celine\",\"@id\":\"https:\\\/\\\/www.sebastien-auziere.fr\\\/blog\\\/#\\\/schema\\\/person\\\/1e270a963009242469ed08b1c461f81f\"},\"headline\":\"Brigitte Macron e Emmanuel Macron: storia della coppia presidenziale, biografia e attualit\u00e0 2025-2026\",\"datePublished\":\"2026-03-11T12:40:39+00:00\",\"dateModified\":\"2026-03-11T12:42:53+00:00\",\"mainEntityOfPage\":{\"@id\":\"https:\\\/\\\/www.sebastien-auziere.fr\\\/blog\\\/it\\\/brigitte-macron-e-emmanuel-macron-storia-della-coppia-presidenziale-biografia-e-attualita-2025-2026\\\/\"},\"wordCount\":2880,\"commentCount\":0,\"publisher\":{\"@id\":\"https:\\\/\\\/www.sebastien-auziere.fr\\\/blog\\\/#organization\"},\"image\":{\"@id\":\"https:\\\/\\\/www.sebastien-auziere.fr\\\/blog\\\/it\\\/brigitte-macron-e-emmanuel-macron-storia-della-coppia-presidenziale-biografia-e-attualita-2025-2026\\\/#primaryimage\"},\"thumbnailUrl\":\"https:\\\/\\\/www.sebastien-auziere.fr\\\/blog\\\/wp-content\\\/uploads\\\/2026\\\/03\\\/Capture-decran-2026-03-11-122916.jpg\",\"inLanguage\":\"fr-FR\",\"potentialAction\":[{\"@type\":\"CommentAction\",\"name\":\"Comment\",\"target\":[\"https:\\\/\\\/www.sebastien-auziere.fr\\\/blog\\\/it\\\/brigitte-macron-e-emmanuel-macron-storia-della-coppia-presidenziale-biografia-e-attualita-2025-2026\\\/#respond\"]}]},{\"@type\":\"WebPage\",\"@id\":\"https:\\\/\\\/www.sebastien-auziere.fr\\\/blog\\\/it\\\/brigitte-macron-e-emmanuel-macron-storia-della-coppia-presidenziale-biografia-e-attualita-2025-2026\\\/\",\"url\":\"https:\\\/\\\/www.sebastien-auziere.fr\\\/blog\\\/it\\\/brigitte-macron-e-emmanuel-macron-storia-della-coppia-presidenziale-biografia-e-attualita-2025-2026\\\/\",\"name\":\"Brigitte Macron e Emmanuel Macron: storia della coppia presidenziale, biografia e attualit\u00e0 2025-2026 - Fan site S\u00e9bastien Auzi\u00e8re\",\"isPartOf\":{\"@id\":\"https:\\\/\\\/www.sebastien-auziere.fr\\\/blog\\\/#website\"},\"primaryImageOfPage\":{\"@id\":\"https:\\\/\\\/www.sebastien-auziere.fr\\\/blog\\\/it\\\/brigitte-macron-e-emmanuel-macron-storia-della-coppia-presidenziale-biografia-e-attualita-2025-2026\\\/#primaryimage\"},\"image\":{\"@id\":\"https:\\\/\\\/www.sebastien-auziere.fr\\\/blog\\\/it\\\/brigitte-macron-e-emmanuel-macron-storia-della-coppia-presidenziale-biografia-e-attualita-2025-2026\\\/#primaryimage\"},\"thumbnailUrl\":\"https:\\\/\\\/www.sebastien-auziere.fr\\\/blog\\\/wp-content\\\/uploads\\\/2026\\\/03\\\/Capture-decran-2026-03-11-122916.jpg\",\"datePublished\":\"2026-03-11T12:40:39+00:00\",\"dateModified\":\"2026-03-11T12:42:53+00:00\",\"description\":\"Tout sur Brigitte Macron et Emmanuel Macron : leur rencontre, leur mariage, leur diff\u00e9rence d'\u00e2ge, le r\u00f4le de Premi\u00e8re Dame, le proc\u00e8s cyberharc\u00e8lement 2026, et toute l'actualit\u00e9 du couple pr\u00e9sidentiel.\",\"breadcrumb\":{\"@id\":\"https:\\\/\\\/www.sebastien-auziere.fr\\\/blog\\\/it\\\/brigitte-macron-e-emmanuel-macron-storia-della-coppia-presidenziale-biografia-e-attualita-2025-2026\\\/#breadcrumb\"},\"inLanguage\":\"fr-FR\",\"potentialAction\":[{\"@type\":\"ReadAction\",\"target\":[\"https:\\\/\\\/www.sebastien-auziere.fr\\\/blog\\\/it\\\/brigitte-macron-e-emmanuel-macron-storia-della-coppia-presidenziale-biografia-e-attualita-2025-2026\\\/\"]}]},{\"@type\":\"ImageObject\",\"inLanguage\":\"fr-FR\",\"@id\":\"https:\\\/\\\/www.sebastien-auziere.fr\\\/blog\\\/it\\\/brigitte-macron-e-emmanuel-macron-storia-della-coppia-presidenziale-biografia-e-attualita-2025-2026\\\/#primaryimage\",\"url\":\"https:\\\/\\\/www.sebastien-auziere.fr\\\/blog\\\/wp-content\\\/uploads\\\/2026\\\/03\\\/Capture-decran-2026-03-11-122916.jpg\",\"contentUrl\":\"https:\\\/\\\/www.sebastien-auziere.fr\\\/blog\\\/wp-content\\\/uploads\\\/2026\\\/03\\\/Capture-decran-2026-03-11-122916.jpg\",\"width\":862,\"height\":568,\"caption\":\"Brigitte Macron et Emmanuel Macron\"},{\"@type\":\"BreadcrumbList\",\"@id\":\"https:\\\/\\\/www.sebastien-auziere.fr\\\/blog\\\/it\\\/brigitte-macron-e-emmanuel-macron-storia-della-coppia-presidenziale-biografia-e-attualita-2025-2026\\\/#breadcrumb\",\"itemListElement\":[{\"@type\":\"ListItem\",\"position\":1,\"name\":\"Home\",\"item\":\"https:\\\/\\\/www.sebastien-auziere.fr\\\/blog\\\/\"},{\"@type\":\"ListItem\",\"position\":2,\"name\":\"Brigitte Macron e Emmanuel Macron: storia della coppia presidenziale, biografia e attualit\u00e0 2025-2026\"}]},{\"@type\":\"WebSite\",\"@id\":\"https:\\\/\\\/www.sebastien-auziere.fr\\\/blog\\\/#website\",\"url\":\"https:\\\/\\\/www.sebastien-auziere.fr\\\/blog\\\/\",\"name\":\"Fan site S\u00e9bastien Auzi\u00e8re\",\"description\":\"M\u00e9dia g\u00e9n\u00e9raliste\",\"publisher\":{\"@id\":\"https:\\\/\\\/www.sebastien-auziere.fr\\\/blog\\\/#organization\"},\"potentialAction\":[{\"@type\":\"SearchAction\",\"target\":{\"@type\":\"EntryPoint\",\"urlTemplate\":\"https:\\\/\\\/www.sebastien-auziere.fr\\\/blog\\\/?s={search_term_string}\"},\"query-input\":{\"@type\":\"PropertyValueSpecification\",\"valueRequired\":true,\"valueName\":\"search_term_string\"}}],\"inLanguage\":\"fr-FR\"},{\"@type\":\"Organization\",\"@id\":\"https:\\\/\\\/www.sebastien-auziere.fr\\\/blog\\\/#organization\",\"name\":\"Fan site S\u00e9bastien Auzi\u00e8re\",\"url\":\"https:\\\/\\\/www.sebastien-auziere.fr\\\/blog\\\/\",\"logo\":{\"@type\":\"ImageObject\",\"inLanguage\":\"fr-FR\",\"@id\":\"https:\\\/\\\/www.sebastien-auziere.fr\\\/blog\\\/#\\\/schema\\\/logo\\\/image\\\/\",\"url\":\"https:\\\/\\\/www.sebastien-auziere.fr\\\/blog\\\/wp-content\\\/uploads\\\/2026\\\/03\\\/cropped-cropped-cropped-ChatGPT-Image-6-mars-2026-12_58_09-e1772798376794.jpg\",\"contentUrl\":\"https:\\\/\\\/www.sebastien-auziere.fr\\\/blog\\\/wp-content\\\/uploads\\\/2026\\\/03\\\/cropped-cropped-cropped-ChatGPT-Image-6-mars-2026-12_58_09-e1772798376794.jpg\",\"width\":512,\"height\":360,\"caption\":\"Fan site S\u00e9bastien Auzi\u00e8re\"},\"image\":{\"@id\":\"https:\\\/\\\/www.sebastien-auziere.fr\\\/blog\\\/#\\\/schema\\\/logo\\\/image\\\/\"}},{\"@type\":\"Person\",\"@id\":\"https:\\\/\\\/www.sebastien-auziere.fr\\\/blog\\\/#\\\/schema\\\/person\\\/1e270a963009242469ed08b1c461f81f\",\"name\":\"Celine\",\"image\":{\"@type\":\"ImageObject\",\"inLanguage\":\"fr-FR\",\"@id\":\"https:\\\/\\\/secure.gravatar.com\\\/avatar\\\/c88d569fbe1fe19a13c7f21ee0f8973822df96073df21850b95af6a09ba820c9?s=96&d=mm&r=g\",\"url\":\"https:\\\/\\\/secure.gravatar.com\\\/avatar\\\/c88d569fbe1fe19a13c7f21ee0f8973822df96073df21850b95af6a09ba820c9?s=96&d=mm&r=g\",\"contentUrl\":\"https:\\\/\\\/secure.gravatar.com\\\/avatar\\\/c88d569fbe1fe19a13c7f21ee0f8973822df96073df21850b95af6a09ba820c9?s=96&d=mm&r=g\",\"caption\":\"Celine\"},\"description\":\"Je m'appelle C\u00e9line, j'ai 31 ans et je suis journaliste sp\u00e9cialis\u00e9e dans le cin\u00e9ma. Passionn\u00e9e par le septi\u00e8me art, j'explore les actualit\u00e9s, les critiques et les tendances du monde cin\u00e9matographique. Mon objectif est de partager ma passion et d'informer les amateurs de films \u00e0 travers des articles percutants et des analyses approfondies.\",\"url\":\"https:\\\/\\\/www.sebastien-auziere.fr\\\/blog\\\/author\\\/celine\\\/\"}]}<\/script>\n<!-- \/ Yoast SEO plugin. -->","yoast_head_json":{"title":"Brigitte Macron e Emmanuel Macron: storia della coppia presidenziale, biografia e attualit\u00e0 2025-2026 - Fan site S\u00e9bastien Auzi\u00e8re","description":"Tout sur Brigitte Macron et Emmanuel Macron : leur rencontre, leur mariage, leur diff\u00e9rence d'\u00e2ge, le r\u00f4le de Premi\u00e8re Dame, le proc\u00e8s cyberharc\u00e8lement 2026, et toute l'actualit\u00e9 du couple pr\u00e9sidentiel.","robots":{"index":"index","follow":"follow","max-snippet":"max-snippet:-1","max-image-preview":"max-image-preview:large","max-video-preview":"max-video-preview:-1"},"canonical":"https:\/\/www.sebastien-auziere.fr\/blog\/it\/brigitte-macron-e-emmanuel-macron-storia-della-coppia-presidenziale-biografia-e-attualita-2025-2026\/","og_locale":"fr_FR","og_type":"article","og_title":"Brigitte Macron e Emmanuel Macron: storia della coppia presidenziale, biografia e attualit\u00e0 2025-2026 - Fan site S\u00e9bastien Auzi\u00e8re","og_description":"Tout sur Brigitte Macron et Emmanuel Macron : leur rencontre, leur mariage, leur diff\u00e9rence d'\u00e2ge, le r\u00f4le de Premi\u00e8re Dame, le proc\u00e8s cyberharc\u00e8lement 2026, et toute l'actualit\u00e9 du couple pr\u00e9sidentiel.","og_url":"https:\/\/www.sebastien-auziere.fr\/blog\/it\/brigitte-macron-e-emmanuel-macron-storia-della-coppia-presidenziale-biografia-e-attualita-2025-2026\/","og_site_name":"Fan site S\u00e9bastien Auzi\u00e8re","article_published_time":"2026-03-11T12:40:39+00:00","article_modified_time":"2026-03-11T12:42:53+00:00","og_image":[{"width":862,"height":568,"url":"https:\/\/www.sebastien-auziere.fr\/blog\/wp-content\/uploads\/2026\/03\/Capture-decran-2026-03-11-122916.jpg","type":"image\/jpeg"}],"author":"Celine","twitter_card":"summary_large_image","twitter_misc":{"\u00c9crit par":"Celine","Dur\u00e9e de lecture estim\u00e9e":"14 minutes"},"schema":{"@context":"https:\/\/schema.org","@graph":[{"@type":"Article","@id":"https:\/\/www.sebastien-auziere.fr\/blog\/it\/brigitte-macron-e-emmanuel-macron-storia-della-coppia-presidenziale-biografia-e-attualita-2025-2026\/#article","isPartOf":{"@id":"https:\/\/www.sebastien-auziere.fr\/blog\/it\/brigitte-macron-e-emmanuel-macron-storia-della-coppia-presidenziale-biografia-e-attualita-2025-2026\/"},"author":{"name":"Celine","@id":"https:\/\/www.sebastien-auziere.fr\/blog\/#\/schema\/person\/1e270a963009242469ed08b1c461f81f"},"headline":"Brigitte Macron e Emmanuel Macron: storia della coppia presidenziale, biografia e attualit\u00e0 2025-2026","datePublished":"2026-03-11T12:40:39+00:00","dateModified":"2026-03-11T12:42:53+00:00","mainEntityOfPage":{"@id":"https:\/\/www.sebastien-auziere.fr\/blog\/it\/brigitte-macron-e-emmanuel-macron-storia-della-coppia-presidenziale-biografia-e-attualita-2025-2026\/"},"wordCount":2880,"commentCount":0,"publisher":{"@id":"https:\/\/www.sebastien-auziere.fr\/blog\/#organization"},"image":{"@id":"https:\/\/www.sebastien-auziere.fr\/blog\/it\/brigitte-macron-e-emmanuel-macron-storia-della-coppia-presidenziale-biografia-e-attualita-2025-2026\/#primaryimage"},"thumbnailUrl":"https:\/\/www.sebastien-auziere.fr\/blog\/wp-content\/uploads\/2026\/03\/Capture-decran-2026-03-11-122916.jpg","inLanguage":"fr-FR","potentialAction":[{"@type":"CommentAction","name":"Comment","target":["https:\/\/www.sebastien-auziere.fr\/blog\/it\/brigitte-macron-e-emmanuel-macron-storia-della-coppia-presidenziale-biografia-e-attualita-2025-2026\/#respond"]}]},{"@type":"WebPage","@id":"https:\/\/www.sebastien-auziere.fr\/blog\/it\/brigitte-macron-e-emmanuel-macron-storia-della-coppia-presidenziale-biografia-e-attualita-2025-2026\/","url":"https:\/\/www.sebastien-auziere.fr\/blog\/it\/brigitte-macron-e-emmanuel-macron-storia-della-coppia-presidenziale-biografia-e-attualita-2025-2026\/","name":"Brigitte Macron e Emmanuel Macron: storia della coppia presidenziale, biografia e attualit\u00e0 2025-2026 - Fan site S\u00e9bastien Auzi\u00e8re","isPartOf":{"@id":"https:\/\/www.sebastien-auziere.fr\/blog\/#website"},"primaryImageOfPage":{"@id":"https:\/\/www.sebastien-auziere.fr\/blog\/it\/brigitte-macron-e-emmanuel-macron-storia-della-coppia-presidenziale-biografia-e-attualita-2025-2026\/#primaryimage"},"image":{"@id":"https:\/\/www.sebastien-auziere.fr\/blog\/it\/brigitte-macron-e-emmanuel-macron-storia-della-coppia-presidenziale-biografia-e-attualita-2025-2026\/#primaryimage"},"thumbnailUrl":"https:\/\/www.sebastien-auziere.fr\/blog\/wp-content\/uploads\/2026\/03\/Capture-decran-2026-03-11-122916.jpg","datePublished":"2026-03-11T12:40:39+00:00","dateModified":"2026-03-11T12:42:53+00:00","description":"Tout sur Brigitte Macron et Emmanuel Macron : leur rencontre, leur mariage, leur diff\u00e9rence d'\u00e2ge, le r\u00f4le de Premi\u00e8re Dame, le proc\u00e8s cyberharc\u00e8lement 2026, et toute l'actualit\u00e9 du couple pr\u00e9sidentiel.","breadcrumb":{"@id":"https:\/\/www.sebastien-auziere.fr\/blog\/it\/brigitte-macron-e-emmanuel-macron-storia-della-coppia-presidenziale-biografia-e-attualita-2025-2026\/#breadcrumb"},"inLanguage":"fr-FR","potentialAction":[{"@type":"ReadAction","target":["https:\/\/www.sebastien-auziere.fr\/blog\/it\/brigitte-macron-e-emmanuel-macron-storia-della-coppia-presidenziale-biografia-e-attualita-2025-2026\/"]}]},{"@type":"ImageObject","inLanguage":"fr-FR","@id":"https:\/\/www.sebastien-auziere.fr\/blog\/it\/brigitte-macron-e-emmanuel-macron-storia-della-coppia-presidenziale-biografia-e-attualita-2025-2026\/#primaryimage","url":"https:\/\/www.sebastien-auziere.fr\/blog\/wp-content\/uploads\/2026\/03\/Capture-decran-2026-03-11-122916.jpg","contentUrl":"https:\/\/www.sebastien-auziere.fr\/blog\/wp-content\/uploads\/2026\/03\/Capture-decran-2026-03-11-122916.jpg","width":862,"height":568,"caption":"Brigitte Macron et Emmanuel Macron"},{"@type":"BreadcrumbList","@id":"https:\/\/www.sebastien-auziere.fr\/blog\/it\/brigitte-macron-e-emmanuel-macron-storia-della-coppia-presidenziale-biografia-e-attualita-2025-2026\/#breadcrumb","itemListElement":[{"@type":"ListItem","position":1,"name":"Home","item":"https:\/\/www.sebastien-auziere.fr\/blog\/"},{"@type":"ListItem","position":2,"name":"Brigitte Macron e Emmanuel Macron: storia della coppia presidenziale, biografia e attualit\u00e0 2025-2026"}]},{"@type":"WebSite","@id":"https:\/\/www.sebastien-auziere.fr\/blog\/#website","url":"https:\/\/www.sebastien-auziere.fr\/blog\/","name":"Fan site S\u00e9bastien Auzi\u00e8re","description":"M\u00e9dia g\u00e9n\u00e9raliste","publisher":{"@id":"https:\/\/www.sebastien-auziere.fr\/blog\/#organization"},"potentialAction":[{"@type":"SearchAction","target":{"@type":"EntryPoint","urlTemplate":"https:\/\/www.sebastien-auziere.fr\/blog\/?s={search_term_string}"},"query-input":{"@type":"PropertyValueSpecification","valueRequired":true,"valueName":"search_term_string"}}],"inLanguage":"fr-FR"},{"@type":"Organization","@id":"https:\/\/www.sebastien-auziere.fr\/blog\/#organization","name":"Fan site S\u00e9bastien Auzi\u00e8re","url":"https:\/\/www.sebastien-auziere.fr\/blog\/","logo":{"@type":"ImageObject","inLanguage":"fr-FR","@id":"https:\/\/www.sebastien-auziere.fr\/blog\/#\/schema\/logo\/image\/","url":"https:\/\/www.sebastien-auziere.fr\/blog\/wp-content\/uploads\/2026\/03\/cropped-cropped-cropped-ChatGPT-Image-6-mars-2026-12_58_09-e1772798376794.jpg","contentUrl":"https:\/\/www.sebastien-auziere.fr\/blog\/wp-content\/uploads\/2026\/03\/cropped-cropped-cropped-ChatGPT-Image-6-mars-2026-12_58_09-e1772798376794.jpg","width":512,"height":360,"caption":"Fan site S\u00e9bastien Auzi\u00e8re"},"image":{"@id":"https:\/\/www.sebastien-auziere.fr\/blog\/#\/schema\/logo\/image\/"}},{"@type":"Person","@id":"https:\/\/www.sebastien-auziere.fr\/blog\/#\/schema\/person\/1e270a963009242469ed08b1c461f81f","name":"Celine","image":{"@type":"ImageObject","inLanguage":"fr-FR","@id":"https:\/\/secure.gravatar.com\/avatar\/c88d569fbe1fe19a13c7f21ee0f8973822df96073df21850b95af6a09ba820c9?s=96&d=mm&r=g","url":"https:\/\/secure.gravatar.com\/avatar\/c88d569fbe1fe19a13c7f21ee0f8973822df96073df21850b95af6a09ba820c9?s=96&d=mm&r=g","contentUrl":"https:\/\/secure.gravatar.com\/avatar\/c88d569fbe1fe19a13c7f21ee0f8973822df96073df21850b95af6a09ba820c9?s=96&d=mm&r=g","caption":"Celine"},"description":"Je m'appelle C\u00e9line, j'ai 31 ans et je suis journaliste sp\u00e9cialis\u00e9e dans le cin\u00e9ma. Passionn\u00e9e par le septi\u00e8me art, j'explore les actualit\u00e9s, les critiques et les tendances du monde cin\u00e9matographique. Mon objectif est de partager ma passion et d'informer les amateurs de films \u00e0 travers des articles percutants et des analyses approfondies.","url":"https:\/\/www.sebastien-auziere.fr\/blog\/author\/celine\/"}]}},"views":8,"_links":{"self":[{"href":"https:\/\/www.sebastien-auziere.fr\/blog\/wp-json\/wp\/v2\/posts\/2465","targetHints":{"allow":["GET"]}}],"collection":[{"href":"https:\/\/www.sebastien-auziere.fr\/blog\/wp-json\/wp\/v2\/posts"}],"about":[{"href":"https:\/\/www.sebastien-auziere.fr\/blog\/wp-json\/wp\/v2\/types\/post"}],"author":[{"embeddable":true,"href":"https:\/\/www.sebastien-auziere.fr\/blog\/wp-json\/wp\/v2\/users\/4"}],"replies":[{"embeddable":true,"href":"https:\/\/www.sebastien-auziere.fr\/blog\/wp-json\/wp\/v2\/comments?post=2465"}],"version-history":[{"count":1,"href":"https:\/\/www.sebastien-auziere.fr\/blog\/wp-json\/wp\/v2\/posts\/2465\/revisions"}],"predecessor-version":[{"id":2466,"href":"https:\/\/www.sebastien-auziere.fr\/blog\/wp-json\/wp\/v2\/posts\/2465\/revisions\/2466"}],"wp:featuredmedia":[{"embeddable":true,"href":"https:\/\/www.sebastien-auziere.fr\/blog\/wp-json\/wp\/v2\/media\/2457"}],"wp:attachment":[{"href":"https:\/\/www.sebastien-auziere.fr\/blog\/wp-json\/wp\/v2\/media?parent=2465"}],"wp:term":[{"taxonomy":"category","embeddable":true,"href":"https:\/\/www.sebastien-auziere.fr\/blog\/wp-json\/wp\/v2\/categories?post=2465"},{"taxonomy":"post_tag","embeddable":true,"href":"https:\/\/www.sebastien-auziere.fr\/blog\/wp-json\/wp\/v2\/tags?post=2465"}],"curies":[{"name":"wp","href":"https:\/\/api.w.org\/{rel}","templated":true}]}}