{"id":2452,"date":"2026-03-10T09:47:54","date_gmt":"2026-03-10T09:47:54","guid":{"rendered":"https:\/\/www.sebastien-auziere.fr\/blog\/?p=2452"},"modified":"2026-03-10T09:48:18","modified_gmt":"2026-03-10T09:48:18","slug":"brigitte-macron-doente-por-que-a-primeira-dama-teve-que-ser-operada-de-urgencia","status":"publish","type":"post","link":"https:\/\/www.sebastien-auziere.fr\/blog\/pt\/brigitte-macron-doente-por-que-a-primeira-dama-teve-que-ser-operada-de-urgencia\/","title":{"rendered":"Brigitte Macron doente: por que a Primeira-dama teve que ser operada de urg\u00eancia"},"content":{"rendered":"<p style=\"padding:24px;background:lightblue\">\nO que \u00e9 importante lembrar: <strong>Brigitte Macron passou por uma cirurgia de retina de emerg\u00eancia<\/strong>, o que a for\u00e7ou a observar um repouso estrito durante v\u00e1rios dias. A interven\u00e7\u00e3o, revelada por sua filha Laurence Auzi\u00e8re durante um evento em Paris, explica a aus\u00eancia notada da Primeira-dama em v\u00e1rias manifesta\u00e7\u00f5es p\u00fablicas.\n<\/p>\n<p>\nNos \u00faltimos dias, muitos internautas procuraram informa\u00e7\u00f5es sobre <strong>Brigitte Macron doente<\/strong>. A esposa do presidente da Rep\u00fablica foi realmente for\u00e7ada a se submeter a uma cirurgia de emerg\u00eancia no olho. Essa interven\u00e7\u00e3o m\u00e9dica agora a obriga a limitar seus deslocamentos e a respeitar um per\u00edodo de convalesc\u00eancia.\n<\/p>\n<ol>\n<li><a href=\"#operation-retine\">Uma cirurgia de retina de emerg\u00eancia<\/a><\/li>\n<li><a href=\"#absence-evenement\">Uma aus\u00eancia notada em um evento parisiense<\/a><\/li>\n<li><a href=\"#convalescence\">Uma convalesc\u00eancia com repouso estrito<\/a><\/li>\n<li><a href=\"#soutien-famille\">O apoio da sua fam\u00edlia<\/a><\/li>\n<\/ol>\n<h2 id=\"operation-retine\">Uma cirurgia de retina de emerg\u00eancia<\/h2>\n<p>\nSegundo as informa\u00e7\u00f5es comunicadas por sua filha Laurence Auzi\u00e8re, <strong>Brigitte Macron passou por uma interven\u00e7\u00e3o cir\u00fargica na retina<\/strong> durante o fim de semana. Esta opera\u00e7\u00e3o imprevista foi realizada em emerg\u00eancia para tratar um problema ocular que necessitava de atendimento r\u00e1pido.\n<\/p>\n<h3>Uma interven\u00e7\u00e3o que exige repouso<\/h3>\n<p>\nAp\u00f3s esse tipo de opera\u00e7\u00e3o, os m\u00e9dicos geralmente recomendam um per\u00edodo de repouso para evitar qualquer complica\u00e7\u00e3o e favorecer a cicatriza\u00e7\u00e3o do olho.\n<\/p>\n<p>\n\u00c9 por isso que a Primeira-dama deve atualmente <strong>limitar seus deslocamentos e ficar em calma<\/strong>.\n<\/p>\n<h2 id=\"absence-evenement\">Uma aus\u00eancia notada em um evento parisiense<\/h2>\n<p>\nA interven\u00e7\u00e3o cir\u00fargica explica a aus\u00eancia de Brigitte Macron durante um evento organizado em Paris em torno de um desfile e de uma exposi\u00e7\u00e3o art\u00edstica.\n<\/p>\n<h3>Um evento importante para sua fam\u00edlia<\/h3>\n<p>\nEsta manifesta\u00e7\u00e3o deveria inicialmente receber a Primeira-dama ao lado de suas duas filhas, Laurence e Tiphaine Auzi\u00e8re. A exposi\u00e7\u00e3o apresentava, entre outras coisas, obras realizadas por Laurence Auzi\u00e8re.\n<\/p>\n<p>\nDiante dos convidados presentes, a filha mais velha de Brigitte Macron explicou a situa\u00e7\u00e3o:<br \/>\n<strong>\u00ab Ela n\u00e3o pode se mover. Ela passou por uma cirurgia de retina de emerg\u00eancia \u00bb<\/strong>.\n<\/p>\n<h2 id=\"convalescence\">Uma convalesc\u00eancia com repouso estrito<\/h2>\n<p>\nAp\u00f3s a opera\u00e7\u00e3o, os m\u00e9dicos recomendaram a Brigitte Macron que respeitasse um per\u00edodo de repouso estrito. Essa precau\u00e7\u00e3o \u00e9 comum ap\u00f3s uma cirurgia ocular para proteger a retina e evitar qualquer press\u00e3o no olho.\n<\/p>\n<ul>\n<li>Repouso estrito durante v\u00e1rios dias<\/li>\n<li>Deslocamentos limitados<\/li>\n<li>Prote\u00e7\u00e3o dos olhos com \u00f3culos<\/li>\n<\/ul>\n<p>\nEste per\u00edodo de recupera\u00e7\u00e3o deve permitir que a Primeira-dama retome gradualmente suas atividades oficiais.\n<\/p>\n<h2 id=\"soutien-famille\">O apoio da sua fam\u00edlia<\/h2>\n<p>\nApesar de sua incapacidade de se deslocar, Brigitte Macron fez quest\u00e3o de apoiar seus pr\u00f3ximos e os organizadores do evento.\n<\/p>\n<h3>Uma apari\u00e7\u00e3o por videoconfer\u00eancia<\/h3>\n<p>\nDurante a noite, ela apareceu brevemente em um chamado de v\u00eddeo desde o Pal\u00e1cio do Eliseu para dirigir algumas palavras aos convidados. Nas imagens compartilhadas, a Primeira-dama usava <strong>\u00f3culos de sol para proteger seus olhos<\/strong>.\n<\/p>\n<p>\nEsse momento ajudou a tranquilizar os participantes e a mostrar que a opera\u00e7\u00e3o ocorreu bem, apesar da necessidade de repouso.\n<\/p>\n<div style=\"overflow:auto;max-width:100%\">\n<table>\n<tr>\n<th>Informa\u00e7\u00e3o<\/th>\n<th>Detalhe<\/th>\n<\/tr>\n<tr>\n<td>Problema de sa\u00fade<\/td>\n<td>Cirurgia de retina<\/td>\n<\/tr>\n<tr>\n<td>Natureza da interven\u00e7\u00e3o<\/td>\n<td>Cirurgia ocular de emerg\u00eancia<\/td>\n<\/tr>\n<tr>\n<td>Consequ\u00eancia<\/td>\n<td>Repouso estrito e deslocamentos limitados<\/td>\n<\/tr>\n<tr>\n<td>Comunica\u00e7\u00e3o<\/td>\n<td>Apari\u00e7\u00e3o por videoconfer\u00eancia<\/td>\n<\/tr>\n<\/table>\n<\/div>\n<p>\nSe essa interven\u00e7\u00e3o afastou temporariamente Brigitte Macron da cena p\u00fablica, seu entorno assegura que a situa\u00e7\u00e3o est\u00e1 sob controle e que a Primeira-dama dever\u00e1 retomar gradualmente seus compromissos ap\u00f3s sua convalescen\u00e7a.\n<\/p>\n<h2>FAQ<\/h2>\n<h3>Por que se fala em Brigitte Macron doente?<\/h3>\n<p>\nA Primeira-dama passou por uma cirurgia de retina de emerg\u00eancia, o que a obriga a se recuperar durante v\u00e1rios dias.\n<\/p>\n<h3>Que opera\u00e7\u00e3o Brigitte Macron sofreu?<\/h3>\n<p>\nTrata-se de uma interven\u00e7\u00e3o cir\u00fargica no olho para tratar um problema de retina.\n<\/p>\n<h3>Por que ela n\u00e3o p\u00f4de comparecer a um evento em Paris?<\/h3>\n<p>\nOs m\u00e9dicos recomendaram que ela n\u00e3o se deslocasse ap\u00f3s a opera\u00e7\u00e3o para proteger seu olho.\n<\/p>\n<h3>Como ela deu not\u00edcias sobre si mesma?<\/h3>\n<p>\nBrigitte Macron apareceu brevemente em um chamado de v\u00eddeo para saudar os convidados e explicar sua aus\u00eancia.\n<\/p>\n<p>[<br \/>\n{<br \/>\n\u00ab\u00a0@context\u00a0\u00bb:\u00a0\u00bbhttps:\/\/schema.org\u00a0\u00bb,<br \/>\n\u00ab\u00a0@type\u00a0\u00bb:\u00a0\u00bbArticle\u00a0\u00bb,<br \/>\n\u00ab\u00a0headline\u00a0\u00bb:\u00a0\u00bbBrigitte Macron doente: por que a Primeira dama teve que ser operada de emerg\u00eancia\u00a0\u00bb,<br \/>\n\u00ab\u00a0description\u00a0\u00bb:\u00a0\u00bbBrigitte Macron passou por uma cirurgia de retina de emerg\u00eancia. Descubra as raz\u00f5es de sua aus\u00eancia e os detalhes de sua convalescen\u00e7a.\u00a0\u00bb,<br \/>\n\u00ab\u00a0inLanguage\u00a0\u00bb:\u00a0\u00bbpt\u00a0\u00bb,<br \/>\n\u00ab\u00a0articleSection\u00a0\u00bb:\u00a0\u00bbnot\u00edcias\u00a0\u00bb,<br \/>\n\u00ab\u00a0abstract\u00a0\u00bb:\u00a0\u00bbA Primeira-dama foi operada de retina de emerg\u00eancia e deve observar um repouso estrito durante sua convalescen\u00e7a.\u00a0\u00bb<br \/>\n},<br \/>\n{<br \/>\n\u00ab\u00a0@context\u00a0\u00bb:\u00a0\u00bbhttps:\/\/schema.org\u00a0\u00bb,<br \/>\n\u00ab\u00a0@type\u00a0\u00bb:\u00a0\u00bbFAQPage\u00a0\u00bb,<br \/>\n\u00ab\u00a0mainEntity\u00a0\u00bb:[<br \/>\n{<br \/>\n\u00ab\u00a0@type\u00a0\u00bb:\u00a0\u00bbQuestion\u00a0\u00bb,<br \/>\n\u00ab\u00a0name\u00a0\u00bb:\u00a0\u00bbPor que se fala em Brigitte Macron doente?\u00a0\u00bb,<br \/>\n\u00ab\u00a0acceptedAnswer\u00a0\u00bb:{<br \/>\n\u00ab\u00a0@type\u00a0\u00bb:\u00a0\u00bbAnswer\u00a0\u00bb,<br \/>\n\u00ab\u00a0text\u00a0\u00bb:\u00a0\u00bbA Primeira-dama passou por uma cirurgia de retina de emerg\u00eancia e deve se recuperar durante v\u00e1rios dias.\u00a0\u00bb<br \/>\n}<br \/>\n},<br \/>\n{<br \/>\n\u00ab\u00a0@type\u00a0\u00bb:\u00a0\u00bbQuestion\u00a0\u00bb,<br \/>\n\u00ab\u00a0name\u00a0\u00bb:\u00a0\u00bbQue opera\u00e7\u00e3o Brigitte Macron sofreu?\u00a0\u00bb,<br \/>\n\u00ab\u00a0acceptedAnswer\u00a0\u00bb:{<br \/>\n\u00ab\u00a0@type\u00a0\u00bb:\u00a0\u00bbAnswer\u00a0\u00bb,<br \/>\n\u00ab\u00a0text\u00a0\u00bb:\u00a0\u00bbEla passou por uma interven\u00e7\u00e3o cir\u00fargica no olho para tratar um problema de retina.\u00a0\u00bb<br \/>\n}<br \/>\n}<br \/>\n]<br \/>\n}<br \/>\n]<\/p>\n","protected":false},"excerpt":{"rendered":"<p>O que \u00e9 importante lembrar: Brigitte Macron passou por uma cirurgia de retina de emerg\u00eancia, o que a for\u00e7ou a observar um repouso estrito durante v\u00e1rios dias. A interven\u00e7\u00e3o, revelada por sua filha Laurence Auzi\u00e8re durante um evento em Paris, explica a aus\u00eancia notada da Primeira-dama em v\u00e1rias manifesta\u00e7\u00f5es p\u00fablicas. Nos \u00faltimos dias, muitos internautas &#8230; <a title=\"Brigitte Macron doente: por que a Primeira-dama teve que ser operada de urg\u00eancia\" class=\"read-more\" href=\"https:\/\/www.sebastien-auziere.fr\/blog\/pt\/brigitte-macron-doente-por-que-a-primeira-dama-teve-que-ser-operada-de-urgencia\/\" aria-label=\"En savoir plus sur Brigitte Macron doente: por que a Primeira-dama teve que ser operada de urg\u00eancia\">Lire plus<\/a><\/p>\n","protected":false},"author":4,"featured_media":2442,"comment_status":"open","ping_status":"open","sticky":false,"template":"","format":"standard","meta":{"footnotes":""},"categories":[862,848],"tags":[],"class_list":["post-2452","post","type-post","status-publish","format-standard","has-post-thumbnail","hentry","category-actualidades-pt","category-non-classe-pt"],"yoast_head":"<!-- This site is optimized with the Yoast SEO plugin v27.5 - https:\/\/yoast.com\/product\/yoast-seo-wordpress\/ -->\n<title>Brigitte Macron doente: por que a Primeira-dama teve que ser operada de urg\u00eancia - Fan site S\u00e9bastien Auzi\u00e8re<\/title>\n<meta name=\"robots\" content=\"index, follow, max-snippet:-1, max-image-preview:large, max-video-preview:-1\" \/>\n<link rel=\"canonical\" href=\"https:\/\/www.sebastien-auziere.fr\/blog\/pt\/brigitte-macron-doente-por-que-a-primeira-dama-teve-que-ser-operada-de-urgencia\/\" \/>\n<meta property=\"og:locale\" content=\"fr_FR\" \/>\n<meta property=\"og:type\" content=\"article\" \/>\n<meta property=\"og:title\" content=\"Brigitte Macron doente: por que a Primeira-dama teve que ser operada de urg\u00eancia - Fan site S\u00e9bastien Auzi\u00e8re\" \/>\n<meta property=\"og:description\" content=\"O que \u00e9 importante lembrar: Brigitte Macron passou por uma cirurgia de retina de emerg\u00eancia, o que a for\u00e7ou a observar um repouso estrito durante v\u00e1rios dias. A interven\u00e7\u00e3o, revelada por sua filha Laurence Auzi\u00e8re durante um evento em Paris, explica a aus\u00eancia notada da Primeira-dama em v\u00e1rias manifesta\u00e7\u00f5es p\u00fablicas. Nos \u00faltimos dias, muitos internautas ... Lire plus\" \/>\n<meta property=\"og:url\" content=\"https:\/\/www.sebastien-auziere.fr\/blog\/pt\/brigitte-macron-doente-por-que-a-primeira-dama-teve-que-ser-operada-de-urgencia\/\" \/>\n<meta property=\"og:site_name\" content=\"Fan site S\u00e9bastien Auzi\u00e8re\" \/>\n<meta property=\"article:published_time\" content=\"2026-03-10T09:47:54+00:00\" \/>\n<meta property=\"article:modified_time\" content=\"2026-03-10T09:48:18+00:00\" \/>\n<meta property=\"og:image\" content=\"https:\/\/www.sebastien-auziere.fr\/blog\/wp-content\/uploads\/2026\/03\/ee.jpg\" \/>\n\t<meta property=\"og:image:width\" content=\"581\" \/>\n\t<meta property=\"og:image:height\" content=\"387\" \/>\n\t<meta property=\"og:image:type\" content=\"image\/jpeg\" \/>\n<meta name=\"author\" content=\"Celine\" \/>\n<meta name=\"twitter:card\" content=\"summary_large_image\" \/>\n<meta name=\"twitter:label1\" content=\"\u00c9crit par\" \/>\n\t<meta name=\"twitter:data1\" content=\"Celine\" \/>\n\t<meta name=\"twitter:label2\" content=\"Dur\u00e9e de lecture estim\u00e9e\" \/>\n\t<meta name=\"twitter:data2\" content=\"4 minutes\" \/>\n<script type=\"application\/ld+json\" class=\"yoast-schema-graph\">{\"@context\":\"https:\\\/\\\/schema.org\",\"@graph\":[{\"@type\":\"Article\",\"@id\":\"https:\\\/\\\/www.sebastien-auziere.fr\\\/blog\\\/pt\\\/brigitte-macron-doente-por-que-a-primeira-dama-teve-que-ser-operada-de-urgencia\\\/#article\",\"isPartOf\":{\"@id\":\"https:\\\/\\\/www.sebastien-auziere.fr\\\/blog\\\/pt\\\/brigitte-macron-doente-por-que-a-primeira-dama-teve-que-ser-operada-de-urgencia\\\/\"},\"author\":{\"name\":\"Celine\",\"@id\":\"https:\\\/\\\/www.sebastien-auziere.fr\\\/blog\\\/#\\\/schema\\\/person\\\/1e270a963009242469ed08b1c461f81f\"},\"headline\":\"Brigitte Macron doente: por que a Primeira-dama teve que ser operada de urg\u00eancia\",\"datePublished\":\"2026-03-10T09:47:54+00:00\",\"dateModified\":\"2026-03-10T09:48:18+00:00\",\"mainEntityOfPage\":{\"@id\":\"https:\\\/\\\/www.sebastien-auziere.fr\\\/blog\\\/pt\\\/brigitte-macron-doente-por-que-a-primeira-dama-teve-que-ser-operada-de-urgencia\\\/\"},\"wordCount\":857,\"commentCount\":0,\"publisher\":{\"@id\":\"https:\\\/\\\/www.sebastien-auziere.fr\\\/blog\\\/#organization\"},\"image\":{\"@id\":\"https:\\\/\\\/www.sebastien-auziere.fr\\\/blog\\\/pt\\\/brigitte-macron-doente-por-que-a-primeira-dama-teve-que-ser-operada-de-urgencia\\\/#primaryimage\"},\"thumbnailUrl\":\"https:\\\/\\\/www.sebastien-auziere.fr\\\/blog\\\/wp-content\\\/uploads\\\/2026\\\/03\\\/ee.jpg\",\"articleSection\":[\"Actualidades\"],\"inLanguage\":\"fr-FR\",\"potentialAction\":[{\"@type\":\"CommentAction\",\"name\":\"Comment\",\"target\":[\"https:\\\/\\\/www.sebastien-auziere.fr\\\/blog\\\/pt\\\/brigitte-macron-doente-por-que-a-primeira-dama-teve-que-ser-operada-de-urgencia\\\/#respond\"]}]},{\"@type\":\"WebPage\",\"@id\":\"https:\\\/\\\/www.sebastien-auziere.fr\\\/blog\\\/pt\\\/brigitte-macron-doente-por-que-a-primeira-dama-teve-que-ser-operada-de-urgencia\\\/\",\"url\":\"https:\\\/\\\/www.sebastien-auziere.fr\\\/blog\\\/pt\\\/brigitte-macron-doente-por-que-a-primeira-dama-teve-que-ser-operada-de-urgencia\\\/\",\"name\":\"Brigitte Macron doente: por que a Primeira-dama teve que ser operada de urg\u00eancia - Fan site S\u00e9bastien Auzi\u00e8re\",\"isPartOf\":{\"@id\":\"https:\\\/\\\/www.sebastien-auziere.fr\\\/blog\\\/#website\"},\"primaryImageOfPage\":{\"@id\":\"https:\\\/\\\/www.sebastien-auziere.fr\\\/blog\\\/pt\\\/brigitte-macron-doente-por-que-a-primeira-dama-teve-que-ser-operada-de-urgencia\\\/#primaryimage\"},\"image\":{\"@id\":\"https:\\\/\\\/www.sebastien-auziere.fr\\\/blog\\\/pt\\\/brigitte-macron-doente-por-que-a-primeira-dama-teve-que-ser-operada-de-urgencia\\\/#primaryimage\"},\"thumbnailUrl\":\"https:\\\/\\\/www.sebastien-auziere.fr\\\/blog\\\/wp-content\\\/uploads\\\/2026\\\/03\\\/ee.jpg\",\"datePublished\":\"2026-03-10T09:47:54+00:00\",\"dateModified\":\"2026-03-10T09:48:18+00:00\",\"breadcrumb\":{\"@id\":\"https:\\\/\\\/www.sebastien-auziere.fr\\\/blog\\\/pt\\\/brigitte-macron-doente-por-que-a-primeira-dama-teve-que-ser-operada-de-urgencia\\\/#breadcrumb\"},\"inLanguage\":\"fr-FR\",\"potentialAction\":[{\"@type\":\"ReadAction\",\"target\":[\"https:\\\/\\\/www.sebastien-auziere.fr\\\/blog\\\/pt\\\/brigitte-macron-doente-por-que-a-primeira-dama-teve-que-ser-operada-de-urgencia\\\/\"]}]},{\"@type\":\"ImageObject\",\"inLanguage\":\"fr-FR\",\"@id\":\"https:\\\/\\\/www.sebastien-auziere.fr\\\/blog\\\/pt\\\/brigitte-macron-doente-por-que-a-primeira-dama-teve-que-ser-operada-de-urgencia\\\/#primaryimage\",\"url\":\"https:\\\/\\\/www.sebastien-auziere.fr\\\/blog\\\/wp-content\\\/uploads\\\/2026\\\/03\\\/ee.jpg\",\"contentUrl\":\"https:\\\/\\\/www.sebastien-auziere.fr\\\/blog\\\/wp-content\\\/uploads\\\/2026\\\/03\\\/ee.jpg\",\"width\":581,\"height\":387,\"caption\":\"Brigitte Macron malade\"},{\"@type\":\"BreadcrumbList\",\"@id\":\"https:\\\/\\\/www.sebastien-auziere.fr\\\/blog\\\/pt\\\/brigitte-macron-doente-por-que-a-primeira-dama-teve-que-ser-operada-de-urgencia\\\/#breadcrumb\",\"itemListElement\":[{\"@type\":\"ListItem\",\"position\":1,\"name\":\"Home\",\"item\":\"https:\\\/\\\/www.sebastien-auziere.fr\\\/blog\\\/\"},{\"@type\":\"ListItem\",\"position\":2,\"name\":\"Brigitte Macron doente: por que a Primeira-dama teve que ser operada de urg\u00eancia\"}]},{\"@type\":\"WebSite\",\"@id\":\"https:\\\/\\\/www.sebastien-auziere.fr\\\/blog\\\/#website\",\"url\":\"https:\\\/\\\/www.sebastien-auziere.fr\\\/blog\\\/\",\"name\":\"Fan site S\u00e9bastien Auzi\u00e8re\",\"description\":\"M\u00e9dia g\u00e9n\u00e9raliste\",\"publisher\":{\"@id\":\"https:\\\/\\\/www.sebastien-auziere.fr\\\/blog\\\/#organization\"},\"potentialAction\":[{\"@type\":\"SearchAction\",\"target\":{\"@type\":\"EntryPoint\",\"urlTemplate\":\"https:\\\/\\\/www.sebastien-auziere.fr\\\/blog\\\/?s={search_term_string}\"},\"query-input\":{\"@type\":\"PropertyValueSpecification\",\"valueRequired\":true,\"valueName\":\"search_term_string\"}}],\"inLanguage\":\"fr-FR\"},{\"@type\":\"Organization\",\"@id\":\"https:\\\/\\\/www.sebastien-auziere.fr\\\/blog\\\/#organization\",\"name\":\"Fan site S\u00e9bastien Auzi\u00e8re\",\"url\":\"https:\\\/\\\/www.sebastien-auziere.fr\\\/blog\\\/\",\"logo\":{\"@type\":\"ImageObject\",\"inLanguage\":\"fr-FR\",\"@id\":\"https:\\\/\\\/www.sebastien-auziere.fr\\\/blog\\\/#\\\/schema\\\/logo\\\/image\\\/\",\"url\":\"https:\\\/\\\/www.sebastien-auziere.fr\\\/blog\\\/wp-content\\\/uploads\\\/2026\\\/03\\\/cropped-cropped-cropped-ChatGPT-Image-6-mars-2026-12_58_09-e1772798376794.jpg\",\"contentUrl\":\"https:\\\/\\\/www.sebastien-auziere.fr\\\/blog\\\/wp-content\\\/uploads\\\/2026\\\/03\\\/cropped-cropped-cropped-ChatGPT-Image-6-mars-2026-12_58_09-e1772798376794.jpg\",\"width\":512,\"height\":360,\"caption\":\"Fan site S\u00e9bastien Auzi\u00e8re\"},\"image\":{\"@id\":\"https:\\\/\\\/www.sebastien-auziere.fr\\\/blog\\\/#\\\/schema\\\/logo\\\/image\\\/\"}},{\"@type\":\"Person\",\"@id\":\"https:\\\/\\\/www.sebastien-auziere.fr\\\/blog\\\/#\\\/schema\\\/person\\\/1e270a963009242469ed08b1c461f81f\",\"name\":\"Celine\",\"image\":{\"@type\":\"ImageObject\",\"inLanguage\":\"fr-FR\",\"@id\":\"https:\\\/\\\/secure.gravatar.com\\\/avatar\\\/c88d569fbe1fe19a13c7f21ee0f8973822df96073df21850b95af6a09ba820c9?s=96&d=mm&r=g\",\"url\":\"https:\\\/\\\/secure.gravatar.com\\\/avatar\\\/c88d569fbe1fe19a13c7f21ee0f8973822df96073df21850b95af6a09ba820c9?s=96&d=mm&r=g\",\"contentUrl\":\"https:\\\/\\\/secure.gravatar.com\\\/avatar\\\/c88d569fbe1fe19a13c7f21ee0f8973822df96073df21850b95af6a09ba820c9?s=96&d=mm&r=g\",\"caption\":\"Celine\"},\"description\":\"Je m'appelle C\u00e9line, j'ai 31 ans et je suis journaliste sp\u00e9cialis\u00e9e dans le cin\u00e9ma. Passionn\u00e9e par le septi\u00e8me art, j'explore les actualit\u00e9s, les critiques et les tendances du monde cin\u00e9matographique. Mon objectif est de partager ma passion et d'informer les amateurs de films \u00e0 travers des articles percutants et des analyses approfondies.\",\"url\":\"https:\\\/\\\/www.sebastien-auziere.fr\\\/blog\\\/author\\\/celine\\\/\"}]}<\/script>\n<!-- \/ Yoast SEO plugin. -->","yoast_head_json":{"title":"Brigitte Macron doente: por que a Primeira-dama teve que ser operada de urg\u00eancia - Fan site S\u00e9bastien Auzi\u00e8re","robots":{"index":"index","follow":"follow","max-snippet":"max-snippet:-1","max-image-preview":"max-image-preview:large","max-video-preview":"max-video-preview:-1"},"canonical":"https:\/\/www.sebastien-auziere.fr\/blog\/pt\/brigitte-macron-doente-por-que-a-primeira-dama-teve-que-ser-operada-de-urgencia\/","og_locale":"fr_FR","og_type":"article","og_title":"Brigitte Macron doente: por que a Primeira-dama teve que ser operada de urg\u00eancia - Fan site S\u00e9bastien Auzi\u00e8re","og_description":"O que \u00e9 importante lembrar: Brigitte Macron passou por uma cirurgia de retina de emerg\u00eancia, o que a for\u00e7ou a observar um repouso estrito durante v\u00e1rios dias. A interven\u00e7\u00e3o, revelada por sua filha Laurence Auzi\u00e8re durante um evento em Paris, explica a aus\u00eancia notada da Primeira-dama em v\u00e1rias manifesta\u00e7\u00f5es p\u00fablicas. Nos \u00faltimos dias, muitos internautas ... Lire plus","og_url":"https:\/\/www.sebastien-auziere.fr\/blog\/pt\/brigitte-macron-doente-por-que-a-primeira-dama-teve-que-ser-operada-de-urgencia\/","og_site_name":"Fan site S\u00e9bastien Auzi\u00e8re","article_published_time":"2026-03-10T09:47:54+00:00","article_modified_time":"2026-03-10T09:48:18+00:00","og_image":[{"width":581,"height":387,"url":"https:\/\/www.sebastien-auziere.fr\/blog\/wp-content\/uploads\/2026\/03\/ee.jpg","type":"image\/jpeg"}],"author":"Celine","twitter_card":"summary_large_image","twitter_misc":{"\u00c9crit par":"Celine","Dur\u00e9e de lecture estim\u00e9e":"4 minutes"},"schema":{"@context":"https:\/\/schema.org","@graph":[{"@type":"Article","@id":"https:\/\/www.sebastien-auziere.fr\/blog\/pt\/brigitte-macron-doente-por-que-a-primeira-dama-teve-que-ser-operada-de-urgencia\/#article","isPartOf":{"@id":"https:\/\/www.sebastien-auziere.fr\/blog\/pt\/brigitte-macron-doente-por-que-a-primeira-dama-teve-que-ser-operada-de-urgencia\/"},"author":{"name":"Celine","@id":"https:\/\/www.sebastien-auziere.fr\/blog\/#\/schema\/person\/1e270a963009242469ed08b1c461f81f"},"headline":"Brigitte Macron doente: por que a Primeira-dama teve que ser operada de urg\u00eancia","datePublished":"2026-03-10T09:47:54+00:00","dateModified":"2026-03-10T09:48:18+00:00","mainEntityOfPage":{"@id":"https:\/\/www.sebastien-auziere.fr\/blog\/pt\/brigitte-macron-doente-por-que-a-primeira-dama-teve-que-ser-operada-de-urgencia\/"},"wordCount":857,"commentCount":0,"publisher":{"@id":"https:\/\/www.sebastien-auziere.fr\/blog\/#organization"},"image":{"@id":"https:\/\/www.sebastien-auziere.fr\/blog\/pt\/brigitte-macron-doente-por-que-a-primeira-dama-teve-que-ser-operada-de-urgencia\/#primaryimage"},"thumbnailUrl":"https:\/\/www.sebastien-auziere.fr\/blog\/wp-content\/uploads\/2026\/03\/ee.jpg","articleSection":["Actualidades"],"inLanguage":"fr-FR","potentialAction":[{"@type":"CommentAction","name":"Comment","target":["https:\/\/www.sebastien-auziere.fr\/blog\/pt\/brigitte-macron-doente-por-que-a-primeira-dama-teve-que-ser-operada-de-urgencia\/#respond"]}]},{"@type":"WebPage","@id":"https:\/\/www.sebastien-auziere.fr\/blog\/pt\/brigitte-macron-doente-por-que-a-primeira-dama-teve-que-ser-operada-de-urgencia\/","url":"https:\/\/www.sebastien-auziere.fr\/blog\/pt\/brigitte-macron-doente-por-que-a-primeira-dama-teve-que-ser-operada-de-urgencia\/","name":"Brigitte Macron doente: por que a Primeira-dama teve que ser operada de urg\u00eancia - Fan site S\u00e9bastien Auzi\u00e8re","isPartOf":{"@id":"https:\/\/www.sebastien-auziere.fr\/blog\/#website"},"primaryImageOfPage":{"@id":"https:\/\/www.sebastien-auziere.fr\/blog\/pt\/brigitte-macron-doente-por-que-a-primeira-dama-teve-que-ser-operada-de-urgencia\/#primaryimage"},"image":{"@id":"https:\/\/www.sebastien-auziere.fr\/blog\/pt\/brigitte-macron-doente-por-que-a-primeira-dama-teve-que-ser-operada-de-urgencia\/#primaryimage"},"thumbnailUrl":"https:\/\/www.sebastien-auziere.fr\/blog\/wp-content\/uploads\/2026\/03\/ee.jpg","datePublished":"2026-03-10T09:47:54+00:00","dateModified":"2026-03-10T09:48:18+00:00","breadcrumb":{"@id":"https:\/\/www.sebastien-auziere.fr\/blog\/pt\/brigitte-macron-doente-por-que-a-primeira-dama-teve-que-ser-operada-de-urgencia\/#breadcrumb"},"inLanguage":"fr-FR","potentialAction":[{"@type":"ReadAction","target":["https:\/\/www.sebastien-auziere.fr\/blog\/pt\/brigitte-macron-doente-por-que-a-primeira-dama-teve-que-ser-operada-de-urgencia\/"]}]},{"@type":"ImageObject","inLanguage":"fr-FR","@id":"https:\/\/www.sebastien-auziere.fr\/blog\/pt\/brigitte-macron-doente-por-que-a-primeira-dama-teve-que-ser-operada-de-urgencia\/#primaryimage","url":"https:\/\/www.sebastien-auziere.fr\/blog\/wp-content\/uploads\/2026\/03\/ee.jpg","contentUrl":"https:\/\/www.sebastien-auziere.fr\/blog\/wp-content\/uploads\/2026\/03\/ee.jpg","width":581,"height":387,"caption":"Brigitte Macron malade"},{"@type":"BreadcrumbList","@id":"https:\/\/www.sebastien-auziere.fr\/blog\/pt\/brigitte-macron-doente-por-que-a-primeira-dama-teve-que-ser-operada-de-urgencia\/#breadcrumb","itemListElement":[{"@type":"ListItem","position":1,"name":"Home","item":"https:\/\/www.sebastien-auziere.fr\/blog\/"},{"@type":"ListItem","position":2,"name":"Brigitte Macron doente: por que a Primeira-dama teve que ser operada de urg\u00eancia"}]},{"@type":"WebSite","@id":"https:\/\/www.sebastien-auziere.fr\/blog\/#website","url":"https:\/\/www.sebastien-auziere.fr\/blog\/","name":"Fan site S\u00e9bastien Auzi\u00e8re","description":"M\u00e9dia g\u00e9n\u00e9raliste","publisher":{"@id":"https:\/\/www.sebastien-auziere.fr\/blog\/#organization"},"potentialAction":[{"@type":"SearchAction","target":{"@type":"EntryPoint","urlTemplate":"https:\/\/www.sebastien-auziere.fr\/blog\/?s={search_term_string}"},"query-input":{"@type":"PropertyValueSpecification","valueRequired":true,"valueName":"search_term_string"}}],"inLanguage":"fr-FR"},{"@type":"Organization","@id":"https:\/\/www.sebastien-auziere.fr\/blog\/#organization","name":"Fan site S\u00e9bastien Auzi\u00e8re","url":"https:\/\/www.sebastien-auziere.fr\/blog\/","logo":{"@type":"ImageObject","inLanguage":"fr-FR","@id":"https:\/\/www.sebastien-auziere.fr\/blog\/#\/schema\/logo\/image\/","url":"https:\/\/www.sebastien-auziere.fr\/blog\/wp-content\/uploads\/2026\/03\/cropped-cropped-cropped-ChatGPT-Image-6-mars-2026-12_58_09-e1772798376794.jpg","contentUrl":"https:\/\/www.sebastien-auziere.fr\/blog\/wp-content\/uploads\/2026\/03\/cropped-cropped-cropped-ChatGPT-Image-6-mars-2026-12_58_09-e1772798376794.jpg","width":512,"height":360,"caption":"Fan site S\u00e9bastien Auzi\u00e8re"},"image":{"@id":"https:\/\/www.sebastien-auziere.fr\/blog\/#\/schema\/logo\/image\/"}},{"@type":"Person","@id":"https:\/\/www.sebastien-auziere.fr\/blog\/#\/schema\/person\/1e270a963009242469ed08b1c461f81f","name":"Celine","image":{"@type":"ImageObject","inLanguage":"fr-FR","@id":"https:\/\/secure.gravatar.com\/avatar\/c88d569fbe1fe19a13c7f21ee0f8973822df96073df21850b95af6a09ba820c9?s=96&d=mm&r=g","url":"https:\/\/secure.gravatar.com\/avatar\/c88d569fbe1fe19a13c7f21ee0f8973822df96073df21850b95af6a09ba820c9?s=96&d=mm&r=g","contentUrl":"https:\/\/secure.gravatar.com\/avatar\/c88d569fbe1fe19a13c7f21ee0f8973822df96073df21850b95af6a09ba820c9?s=96&d=mm&r=g","caption":"Celine"},"description":"Je m'appelle C\u00e9line, j'ai 31 ans et je suis journaliste sp\u00e9cialis\u00e9e dans le cin\u00e9ma. Passionn\u00e9e par le septi\u00e8me art, j'explore les actualit\u00e9s, les critiques et les tendances du monde cin\u00e9matographique. Mon objectif est de partager ma passion et d'informer les amateurs de films \u00e0 travers des articles percutants et des analyses approfondies.","url":"https:\/\/www.sebastien-auziere.fr\/blog\/author\/celine\/"}]}},"views":279,"_links":{"self":[{"href":"https:\/\/www.sebastien-auziere.fr\/blog\/wp-json\/wp\/v2\/posts\/2452","targetHints":{"allow":["GET"]}}],"collection":[{"href":"https:\/\/www.sebastien-auziere.fr\/blog\/wp-json\/wp\/v2\/posts"}],"about":[{"href":"https:\/\/www.sebastien-auziere.fr\/blog\/wp-json\/wp\/v2\/types\/post"}],"author":[{"embeddable":true,"href":"https:\/\/www.sebastien-auziere.fr\/blog\/wp-json\/wp\/v2\/users\/4"}],"replies":[{"embeddable":true,"href":"https:\/\/www.sebastien-auziere.fr\/blog\/wp-json\/wp\/v2\/comments?post=2452"}],"version-history":[{"count":1,"href":"https:\/\/www.sebastien-auziere.fr\/blog\/wp-json\/wp\/v2\/posts\/2452\/revisions"}],"predecessor-version":[{"id":2453,"href":"https:\/\/www.sebastien-auziere.fr\/blog\/wp-json\/wp\/v2\/posts\/2452\/revisions\/2453"}],"wp:featuredmedia":[{"embeddable":true,"href":"https:\/\/www.sebastien-auziere.fr\/blog\/wp-json\/wp\/v2\/media\/2442"}],"wp:attachment":[{"href":"https:\/\/www.sebastien-auziere.fr\/blog\/wp-json\/wp\/v2\/media?parent=2452"}],"wp:term":[{"taxonomy":"category","embeddable":true,"href":"https:\/\/www.sebastien-auziere.fr\/blog\/wp-json\/wp\/v2\/categories?post=2452"},{"taxonomy":"post_tag","embeddable":true,"href":"https:\/\/www.sebastien-auziere.fr\/blog\/wp-json\/wp\/v2\/tags?post=2452"}],"curies":[{"name":"wp","href":"https:\/\/api.w.org\/{rel}","templated":true}]}}