{"id":2450,"date":"2026-03-10T09:47:25","date_gmt":"2026-03-10T09:47:25","guid":{"rendered":"https:\/\/www.sebastien-auziere.fr\/blog\/?p=2450"},"modified":"2026-03-10T09:47:53","modified_gmt":"2026-03-10T09:47:53","slug":"brigitte-macron-malata-perche-la-prima-donna-ha-dovuto-essere-operata-durgenza","status":"publish","type":"post","link":"https:\/\/www.sebastien-auziere.fr\/blog\/it\/brigitte-macron-malata-perche-la-prima-donna-ha-dovuto-essere-operata-durgenza\/","title":{"rendered":"Brigitte Macron malata: perch\u00e9 la Prima donna ha dovuto essere operata d&rsquo;urgenza"},"content":{"rendered":"<p style=\"padding:24px;background:lightblue\">\nCosa c&rsquo;\u00e8 da ricordare: <strong>Brigitte Macron ha subito un intervento urgente alla retina<\/strong>, il che l&rsquo;ha costretta a osservare un riposo rigoroso per diversi giorni. L&rsquo;intervento, rivelato da sua figlia Laurence Auzi\u00e8re durante un evento a Parigi, spiega l&rsquo;assenza notevole della First Lady a diverse manifestazioni pubbliche.\n<\/p>\n<p>\nNegli ultimi giorni, molti utenti di Internet hanno cercato informazioni su <strong>Brigitte Macron malata<\/strong>. La moglie del presidente della Repubblica \u00e8 stata infatti costretta a sottoporsi a un intervento urgente all&rsquo;occhio. Questo intervento medico la obbliga ora a limitare i suoi spostamenti e a rispettare un periodo di convalescenza.\n<\/p>\n<ol>\n<li><a href=\"#operation-retine\">Un intervento urgente alla retina<\/a><\/li>\n<li><a href=\"#absence-evenement\">Un&rsquo;assenza notevole a un evento parigino<\/a><\/li>\n<li><a href=\"#convalescence\">Una convalescenza con riposo rigoroso<\/a><\/li>\n<li><a href=\"#soutien-famille\">Il sostegno della famiglia<\/a><\/li>\n<\/ol>\n<h2 id=\"operation-retine\">Un intervento urgente alla retina<\/h2>\n<p>\nSecondo le informazioni comunicate da sua figlia Laurence Auzi\u00e8re, <strong>Brigitte Macron ha subito un intervento chirurgico alla retina<\/strong> durante il fine settimana. Questo intervento imprevisto \u00e8 stato effettuato d&rsquo;urgenza per trattare un problema oculare che richiedeva un intervento rapido.\n<\/p>\n<h3>Un intervento che richiede riposo<\/h3>\n<p>\nDopo questo tipo di intervento, i medici raccomandano generalmente un periodo di riposo per evitare complicazioni e favorire la guarigione dell&rsquo;occhio.\n<\/p>\n<p>\n\u00c8 per questo motivo che la First Lady deve attualmente <strong>limitare i suoi spostamenti e rimanere calma<\/strong>.\n<\/p>\n<h2 id=\"absence-evenement\">Un&rsquo;assenza notevole a un evento parigino<\/h2>\n<p>\nL&rsquo;intervento chirurgico spiega l&rsquo;assenza di Brigitte Macron durante un evento organizzato a Parigi attorno a una sfilata e a una mostra d&rsquo;arte.\n<\/p>\n<h3>Un evento importante per la sua famiglia<\/h3>\n<p>\nQuesta manifestazione doveva inizialmente ospitare la First Lady insieme alle sue due figlie, Laurence e Tiphaine Auzi\u00e8re. La mostra presentava in particolare opere realizzate da Laurence Auzi\u00e8re.\n<\/p>\n<p>\nDi fronte agli ospiti presenti, la figlia maggiore di Brigitte Macron ha spiegato la situazione:<br \/>\n<strong>\u00abNon ha il diritto di muoversi. Ha subito un intervento urgente alla retina\u00bb<\/strong>.\n<\/p>\n<h2 id=\"convalescence\">Una convalescenza con riposo rigoroso<\/h2>\n<p>\nDopo l&rsquo;intervento, i medici hanno raccomandato a Brigitte Macron di rispettare un periodo di riposo rigoroso. Questa precauzione \u00e8 comune dopo un intervento oculare per proteggere la retina e evitare qualsiasi pressione sull&rsquo;occhio.\n<\/p>\n<ul>\n<li>Riposo rigoroso per diversi giorni<\/li>\n<li>Spostamenti limitati<\/li>\n<li>Protezione degli occhi con occhiali<\/li>\n<\/ul>\n<p>\nQuesto periodo di recupero dovrebbe consentire alla First Lady di riprendere gradualmente le sue attivit\u00e0 ufficiali.\n<\/p>\n<h2 id=\"soutien-famille\">Il sostegno della famiglia<\/h2>\n<p>\nNonostante la sua incapacit\u00e0 di muoversi, Brigitte Macron ha voluto sostenere i suoi cari e gli organizzatori dell&rsquo;evento.\n<\/p>\n<h3>Una apparizione in videoconferenza<\/h3>\n<p>\nDurante la serata, \u00e8 apparsa brevemente in videochiamata dall&rsquo;\u00c9lys\u00e9e per rivolgere alcune parole agli ospiti. Nelle immagini condivise, la First Lady indossava <strong>occhiali da sole per proteggere i suoi occhi<\/strong>.\n<\/p>\n<p>\nQuesto momento ha permesso di rassicurare i partecipanti e di mostrare che l&rsquo;intervento si era svolto bene nonostante la necessit\u00e0 di riposo.\n<\/p>\n<div style=\"overflow:auto;max-width:100%\">\n<table>\n<tr>\n<th>Informazione<\/th>\n<th>Dettaglio<\/th>\n<\/tr>\n<tr>\n<td>Problema di salute<\/td>\n<td>Intervento alla retina<\/td>\n<\/tr>\n<tr>\n<td>Tipo di intervento<\/td>\n<td>Chirurgia oculare d&rsquo;urgenza<\/td>\n<\/tr>\n<tr>\n<td>Conseguenza<\/td>\n<td>Riposo rigoroso e spostamenti limitati<\/td>\n<\/tr>\n<tr>\n<td>Comunicazione<\/td>\n<td>Apparizione in videoconferenza<\/td>\n<\/tr>\n<\/table>\n<\/div>\n<p>\nSe questo intervento ha temporaneamente allontanato Brigitte Macron dalla scena pubblica, il suo entourage assicura che la situazione \u00e8 sotto controllo e che la First Lady dovrebbe riprendere gradualmente i suoi impegni dopo la convalescenza.\n<\/p>\n<h2>FAQ<\/h2>\n<h3>Perch\u00e9 si parla di Brigitte Macron malata?<\/h3>\n<p>\nLa First Lady ha subito un intervento urgente alla retina, il che la obbliga a riposarsi per diversi giorni.\n<\/p>\n<h3>Quale intervento ha subito Brigitte Macron?<\/h3>\n<p>\nSi tratta di un intervento chirurgico all&rsquo;occhio per trattare un problema alla retina.\n<\/p>\n<h3>Perch\u00e9 non poteva assistere a un evento a Parigi?<\/h3>\n<p>\nI medici le hanno raccomandato di non muoversi dopo l&rsquo;intervento per proteggere il suo occhio.\n<\/p>\n<h3>Come ha dato notizie di s\u00e9?<\/h3>\n<p>\nBrigitte Macron \u00e8 apparsa brevemente in videoconferenza per salutare gli ospiti e spiegare la sua assenza.\n<\/p>\n<p>[<br \/>\n{<br \/>\n\u00ab\u00a0@context\u00a0\u00bb:\u00a0\u00bbhttps:\/\/schema.org\u00a0\u00bb,<br \/>\n\u00ab\u00a0@type\u00a0\u00bb:\u00a0\u00bbArticle\u00a0\u00bb,<br \/>\n\u00ab\u00a0headline\u00a0\u00bb:\u00a0\u00bbBrigitte Macron malata: perch\u00e9 la First Lady ha dovuto essere operata d\u2019urgenza\u00a0\u00bb,<br \/>\n\u00ab\u00a0description\u00a0\u00bb:\u00a0\u00bbBrigitte Macron ha subito un intervento urgente alla retina. Scopri le ragioni della sua assenza e i dettagli della sua convalescenza.\u00a0\u00bb,<br \/>\n\u00ab\u00a0inLanguage\u00a0\u00bb:\u00a0\u00bbit\u00a0\u00bb,<br \/>\n\u00ab\u00a0articleSection\u00a0\u00bb:\u00a0\u00bbattualit\u00e0\u00a0\u00bb,<br \/>\n\u00ab\u00a0abstract\u00a0\u00bb:\u00a0\u00bbLa First Lady \u00e8 stata operata d&rsquo;urgenza alla retina e deve osservare un riposo rigoroso durante la sua convalescenza.\u00a0\u00bb<br \/>\n},<br \/>\n{<br \/>\n\u00ab\u00a0@context\u00a0\u00bb:\u00a0\u00bbhttps:\/\/schema.org\u00a0\u00bb,<br \/>\n\u00ab\u00a0@type\u00a0\u00bb:\u00a0\u00bbFAQPage\u00a0\u00bb,<br \/>\n\u00ab\u00a0mainEntity\u00a0\u00bb:[<br \/>\n{<br \/>\n\u00ab\u00a0@type\u00a0\u00bb:\u00a0\u00bbQuestion\u00a0\u00bb,<br \/>\n\u00ab\u00a0name\u00a0\u00bb:\u00a0\u00bbPerch\u00e9 si parla di Brigitte Macron malata?\u00a0\u00bb,<br \/>\n\u00ab\u00a0acceptedAnswer\u00a0\u00bb:{<br \/>\n\u00ab\u00a0@type\u00a0\u00bb:\u00a0\u00bbAnswer\u00a0\u00bb,<br \/>\n\u00ab\u00a0text\u00a0\u00bb:\u00a0\u00bbLa First Lady ha subito un intervento urgente alla retina e deve riposarsi per diversi giorni.\u00a0\u00bb<br \/>\n}<br \/>\n},<br \/>\n{<br \/>\n\u00ab\u00a0@type\u00a0\u00bb:\u00a0\u00bbQuestion\u00a0\u00bb,<br \/>\n\u00ab\u00a0name\u00a0\u00bb:\u00a0\u00bbQuale intervento ha subito Brigitte Macron?\u00a0\u00bb,<br \/>\n\u00ab\u00a0acceptedAnswer\u00a0\u00bb:{<br \/>\n\u00ab\u00a0@type\u00a0\u00bb:\u00a0\u00bbAnswer\u00a0\u00bb,<br \/>\n\u00ab\u00a0text\u00a0\u00bb:\u00a0\u00bbHa subito un intervento chirurgico all&rsquo;occhio per trattare un problema alla retina.\u00a0\u00bb<br \/>\n}<br \/>\n}<br \/>\n]<br \/>\n}<br \/>\n]<\/p>\n","protected":false},"excerpt":{"rendered":"<p>Cosa c&rsquo;\u00e8 da ricordare: Brigitte Macron ha subito un intervento urgente alla retina, il che l&rsquo;ha costretta a osservare un riposo rigoroso per diversi giorni. L&rsquo;intervento, rivelato da sua figlia Laurence Auzi\u00e8re durante un evento a Parigi, spiega l&rsquo;assenza notevole della First Lady a diverse manifestazioni pubbliche. Negli ultimi giorni, molti utenti di Internet hanno &#8230; <a title=\"Brigitte Macron malata: perch\u00e9 la Prima donna ha dovuto essere operata d&rsquo;urgenza\" class=\"read-more\" href=\"https:\/\/www.sebastien-auziere.fr\/blog\/it\/brigitte-macron-malata-perche-la-prima-donna-ha-dovuto-essere-operata-durgenza\/\" aria-label=\"En savoir plus sur Brigitte Macron malata: perch\u00e9 la Prima donna ha dovuto essere operata d&rsquo;urgenza\">Lire plus<\/a><\/p>\n","protected":false},"author":4,"featured_media":2442,"comment_status":"open","ping_status":"open","sticky":false,"template":"","format":"standard","meta":{"footnotes":""},"categories":[859,843],"tags":[],"class_list":["post-2450","post","type-post","status-publish","format-standard","has-post-thumbnail","hentry","category-actualita-it","category-non-classe-it"],"yoast_head":"<!-- This site is optimized with the Yoast SEO plugin v27.5 - https:\/\/yoast.com\/product\/yoast-seo-wordpress\/ -->\n<title>Brigitte Macron malata: perch\u00e9 la Prima donna ha dovuto essere operata d&#039;urgenza - Fan site S\u00e9bastien Auzi\u00e8re<\/title>\n<meta name=\"robots\" content=\"index, follow, max-snippet:-1, max-image-preview:large, max-video-preview:-1\" \/>\n<link rel=\"canonical\" href=\"https:\/\/www.sebastien-auziere.fr\/blog\/it\/brigitte-macron-malata-perche-la-prima-donna-ha-dovuto-essere-operata-durgenza\/\" \/>\n<meta property=\"og:locale\" content=\"fr_FR\" \/>\n<meta property=\"og:type\" content=\"article\" \/>\n<meta property=\"og:title\" content=\"Brigitte Macron malata: perch\u00e9 la Prima donna ha dovuto essere operata d&#039;urgenza - Fan site S\u00e9bastien Auzi\u00e8re\" \/>\n<meta property=\"og:description\" content=\"Cosa c&rsquo;\u00e8 da ricordare: Brigitte Macron ha subito un intervento urgente alla retina, il che l&rsquo;ha costretta a osservare un riposo rigoroso per diversi giorni. L&rsquo;intervento, rivelato da sua figlia Laurence Auzi\u00e8re durante un evento a Parigi, spiega l&rsquo;assenza notevole della First Lady a diverse manifestazioni pubbliche. Negli ultimi giorni, molti utenti di Internet hanno ... Lire plus\" \/>\n<meta property=\"og:url\" content=\"https:\/\/www.sebastien-auziere.fr\/blog\/it\/brigitte-macron-malata-perche-la-prima-donna-ha-dovuto-essere-operata-durgenza\/\" \/>\n<meta property=\"og:site_name\" content=\"Fan site S\u00e9bastien Auzi\u00e8re\" \/>\n<meta property=\"article:published_time\" content=\"2026-03-10T09:47:25+00:00\" \/>\n<meta property=\"article:modified_time\" content=\"2026-03-10T09:47:53+00:00\" \/>\n<meta property=\"og:image\" content=\"https:\/\/www.sebastien-auziere.fr\/blog\/wp-content\/uploads\/2026\/03\/ee.jpg\" \/>\n\t<meta property=\"og:image:width\" content=\"581\" \/>\n\t<meta property=\"og:image:height\" content=\"387\" \/>\n\t<meta property=\"og:image:type\" content=\"image\/jpeg\" \/>\n<meta name=\"author\" content=\"Celine\" \/>\n<meta name=\"twitter:card\" content=\"summary_large_image\" \/>\n<meta name=\"twitter:label1\" content=\"\u00c9crit par\" \/>\n\t<meta name=\"twitter:data1\" content=\"Celine\" \/>\n\t<meta name=\"twitter:label2\" content=\"Dur\u00e9e de lecture estim\u00e9e\" \/>\n\t<meta name=\"twitter:data2\" content=\"4 minutes\" \/>\n<script type=\"application\/ld+json\" class=\"yoast-schema-graph\">{\"@context\":\"https:\\\/\\\/schema.org\",\"@graph\":[{\"@type\":\"Article\",\"@id\":\"https:\\\/\\\/www.sebastien-auziere.fr\\\/blog\\\/it\\\/brigitte-macron-malata-perche-la-prima-donna-ha-dovuto-essere-operata-durgenza\\\/#article\",\"isPartOf\":{\"@id\":\"https:\\\/\\\/www.sebastien-auziere.fr\\\/blog\\\/it\\\/brigitte-macron-malata-perche-la-prima-donna-ha-dovuto-essere-operata-durgenza\\\/\"},\"author\":{\"name\":\"Celine\",\"@id\":\"https:\\\/\\\/www.sebastien-auziere.fr\\\/blog\\\/#\\\/schema\\\/person\\\/1e270a963009242469ed08b1c461f81f\"},\"headline\":\"Brigitte Macron malata: perch\u00e9 la Prima donna ha dovuto essere operata d&rsquo;urgenza\",\"datePublished\":\"2026-03-10T09:47:25+00:00\",\"dateModified\":\"2026-03-10T09:47:53+00:00\",\"mainEntityOfPage\":{\"@id\":\"https:\\\/\\\/www.sebastien-auziere.fr\\\/blog\\\/it\\\/brigitte-macron-malata-perche-la-prima-donna-ha-dovuto-essere-operata-durgenza\\\/\"},\"wordCount\":726,\"commentCount\":0,\"publisher\":{\"@id\":\"https:\\\/\\\/www.sebastien-auziere.fr\\\/blog\\\/#organization\"},\"image\":{\"@id\":\"https:\\\/\\\/www.sebastien-auziere.fr\\\/blog\\\/it\\\/brigitte-macron-malata-perche-la-prima-donna-ha-dovuto-essere-operata-durgenza\\\/#primaryimage\"},\"thumbnailUrl\":\"https:\\\/\\\/www.sebastien-auziere.fr\\\/blog\\\/wp-content\\\/uploads\\\/2026\\\/03\\\/ee.jpg\",\"articleSection\":[\"Actualit\u00e0\"],\"inLanguage\":\"fr-FR\",\"potentialAction\":[{\"@type\":\"CommentAction\",\"name\":\"Comment\",\"target\":[\"https:\\\/\\\/www.sebastien-auziere.fr\\\/blog\\\/it\\\/brigitte-macron-malata-perche-la-prima-donna-ha-dovuto-essere-operata-durgenza\\\/#respond\"]}]},{\"@type\":\"WebPage\",\"@id\":\"https:\\\/\\\/www.sebastien-auziere.fr\\\/blog\\\/it\\\/brigitte-macron-malata-perche-la-prima-donna-ha-dovuto-essere-operata-durgenza\\\/\",\"url\":\"https:\\\/\\\/www.sebastien-auziere.fr\\\/blog\\\/it\\\/brigitte-macron-malata-perche-la-prima-donna-ha-dovuto-essere-operata-durgenza\\\/\",\"name\":\"Brigitte Macron malata: perch\u00e9 la Prima donna ha dovuto essere operata d'urgenza - Fan site S\u00e9bastien Auzi\u00e8re\",\"isPartOf\":{\"@id\":\"https:\\\/\\\/www.sebastien-auziere.fr\\\/blog\\\/#website\"},\"primaryImageOfPage\":{\"@id\":\"https:\\\/\\\/www.sebastien-auziere.fr\\\/blog\\\/it\\\/brigitte-macron-malata-perche-la-prima-donna-ha-dovuto-essere-operata-durgenza\\\/#primaryimage\"},\"image\":{\"@id\":\"https:\\\/\\\/www.sebastien-auziere.fr\\\/blog\\\/it\\\/brigitte-macron-malata-perche-la-prima-donna-ha-dovuto-essere-operata-durgenza\\\/#primaryimage\"},\"thumbnailUrl\":\"https:\\\/\\\/www.sebastien-auziere.fr\\\/blog\\\/wp-content\\\/uploads\\\/2026\\\/03\\\/ee.jpg\",\"datePublished\":\"2026-03-10T09:47:25+00:00\",\"dateModified\":\"2026-03-10T09:47:53+00:00\",\"breadcrumb\":{\"@id\":\"https:\\\/\\\/www.sebastien-auziere.fr\\\/blog\\\/it\\\/brigitte-macron-malata-perche-la-prima-donna-ha-dovuto-essere-operata-durgenza\\\/#breadcrumb\"},\"inLanguage\":\"fr-FR\",\"potentialAction\":[{\"@type\":\"ReadAction\",\"target\":[\"https:\\\/\\\/www.sebastien-auziere.fr\\\/blog\\\/it\\\/brigitte-macron-malata-perche-la-prima-donna-ha-dovuto-essere-operata-durgenza\\\/\"]}]},{\"@type\":\"ImageObject\",\"inLanguage\":\"fr-FR\",\"@id\":\"https:\\\/\\\/www.sebastien-auziere.fr\\\/blog\\\/it\\\/brigitte-macron-malata-perche-la-prima-donna-ha-dovuto-essere-operata-durgenza\\\/#primaryimage\",\"url\":\"https:\\\/\\\/www.sebastien-auziere.fr\\\/blog\\\/wp-content\\\/uploads\\\/2026\\\/03\\\/ee.jpg\",\"contentUrl\":\"https:\\\/\\\/www.sebastien-auziere.fr\\\/blog\\\/wp-content\\\/uploads\\\/2026\\\/03\\\/ee.jpg\",\"width\":581,\"height\":387,\"caption\":\"Brigitte Macron malade\"},{\"@type\":\"BreadcrumbList\",\"@id\":\"https:\\\/\\\/www.sebastien-auziere.fr\\\/blog\\\/it\\\/brigitte-macron-malata-perche-la-prima-donna-ha-dovuto-essere-operata-durgenza\\\/#breadcrumb\",\"itemListElement\":[{\"@type\":\"ListItem\",\"position\":1,\"name\":\"Home\",\"item\":\"https:\\\/\\\/www.sebastien-auziere.fr\\\/blog\\\/\"},{\"@type\":\"ListItem\",\"position\":2,\"name\":\"Brigitte Macron malata: perch\u00e9 la Prima donna ha dovuto essere operata d&rsquo;urgenza\"}]},{\"@type\":\"WebSite\",\"@id\":\"https:\\\/\\\/www.sebastien-auziere.fr\\\/blog\\\/#website\",\"url\":\"https:\\\/\\\/www.sebastien-auziere.fr\\\/blog\\\/\",\"name\":\"Fan site S\u00e9bastien Auzi\u00e8re\",\"description\":\"M\u00e9dia g\u00e9n\u00e9raliste\",\"publisher\":{\"@id\":\"https:\\\/\\\/www.sebastien-auziere.fr\\\/blog\\\/#organization\"},\"potentialAction\":[{\"@type\":\"SearchAction\",\"target\":{\"@type\":\"EntryPoint\",\"urlTemplate\":\"https:\\\/\\\/www.sebastien-auziere.fr\\\/blog\\\/?s={search_term_string}\"},\"query-input\":{\"@type\":\"PropertyValueSpecification\",\"valueRequired\":true,\"valueName\":\"search_term_string\"}}],\"inLanguage\":\"fr-FR\"},{\"@type\":\"Organization\",\"@id\":\"https:\\\/\\\/www.sebastien-auziere.fr\\\/blog\\\/#organization\",\"name\":\"Fan site S\u00e9bastien Auzi\u00e8re\",\"url\":\"https:\\\/\\\/www.sebastien-auziere.fr\\\/blog\\\/\",\"logo\":{\"@type\":\"ImageObject\",\"inLanguage\":\"fr-FR\",\"@id\":\"https:\\\/\\\/www.sebastien-auziere.fr\\\/blog\\\/#\\\/schema\\\/logo\\\/image\\\/\",\"url\":\"https:\\\/\\\/www.sebastien-auziere.fr\\\/blog\\\/wp-content\\\/uploads\\\/2026\\\/03\\\/cropped-cropped-cropped-ChatGPT-Image-6-mars-2026-12_58_09-e1772798376794.jpg\",\"contentUrl\":\"https:\\\/\\\/www.sebastien-auziere.fr\\\/blog\\\/wp-content\\\/uploads\\\/2026\\\/03\\\/cropped-cropped-cropped-ChatGPT-Image-6-mars-2026-12_58_09-e1772798376794.jpg\",\"width\":512,\"height\":360,\"caption\":\"Fan site S\u00e9bastien Auzi\u00e8re\"},\"image\":{\"@id\":\"https:\\\/\\\/www.sebastien-auziere.fr\\\/blog\\\/#\\\/schema\\\/logo\\\/image\\\/\"}},{\"@type\":\"Person\",\"@id\":\"https:\\\/\\\/www.sebastien-auziere.fr\\\/blog\\\/#\\\/schema\\\/person\\\/1e270a963009242469ed08b1c461f81f\",\"name\":\"Celine\",\"image\":{\"@type\":\"ImageObject\",\"inLanguage\":\"fr-FR\",\"@id\":\"https:\\\/\\\/secure.gravatar.com\\\/avatar\\\/c88d569fbe1fe19a13c7f21ee0f8973822df96073df21850b95af6a09ba820c9?s=96&d=mm&r=g\",\"url\":\"https:\\\/\\\/secure.gravatar.com\\\/avatar\\\/c88d569fbe1fe19a13c7f21ee0f8973822df96073df21850b95af6a09ba820c9?s=96&d=mm&r=g\",\"contentUrl\":\"https:\\\/\\\/secure.gravatar.com\\\/avatar\\\/c88d569fbe1fe19a13c7f21ee0f8973822df96073df21850b95af6a09ba820c9?s=96&d=mm&r=g\",\"caption\":\"Celine\"},\"description\":\"Je m'appelle C\u00e9line, j'ai 31 ans et je suis journaliste sp\u00e9cialis\u00e9e dans le cin\u00e9ma. Passionn\u00e9e par le septi\u00e8me art, j'explore les actualit\u00e9s, les critiques et les tendances du monde cin\u00e9matographique. Mon objectif est de partager ma passion et d'informer les amateurs de films \u00e0 travers des articles percutants et des analyses approfondies.\",\"url\":\"https:\\\/\\\/www.sebastien-auziere.fr\\\/blog\\\/author\\\/celine\\\/\"}]}<\/script>\n<!-- \/ Yoast SEO plugin. -->","yoast_head_json":{"title":"Brigitte Macron malata: perch\u00e9 la Prima donna ha dovuto essere operata d'urgenza - Fan site S\u00e9bastien Auzi\u00e8re","robots":{"index":"index","follow":"follow","max-snippet":"max-snippet:-1","max-image-preview":"max-image-preview:large","max-video-preview":"max-video-preview:-1"},"canonical":"https:\/\/www.sebastien-auziere.fr\/blog\/it\/brigitte-macron-malata-perche-la-prima-donna-ha-dovuto-essere-operata-durgenza\/","og_locale":"fr_FR","og_type":"article","og_title":"Brigitte Macron malata: perch\u00e9 la Prima donna ha dovuto essere operata d'urgenza - Fan site S\u00e9bastien Auzi\u00e8re","og_description":"Cosa c&rsquo;\u00e8 da ricordare: Brigitte Macron ha subito un intervento urgente alla retina, il che l&rsquo;ha costretta a osservare un riposo rigoroso per diversi giorni. L&rsquo;intervento, rivelato da sua figlia Laurence Auzi\u00e8re durante un evento a Parigi, spiega l&rsquo;assenza notevole della First Lady a diverse manifestazioni pubbliche. Negli ultimi giorni, molti utenti di Internet hanno ... Lire plus","og_url":"https:\/\/www.sebastien-auziere.fr\/blog\/it\/brigitte-macron-malata-perche-la-prima-donna-ha-dovuto-essere-operata-durgenza\/","og_site_name":"Fan site S\u00e9bastien Auzi\u00e8re","article_published_time":"2026-03-10T09:47:25+00:00","article_modified_time":"2026-03-10T09:47:53+00:00","og_image":[{"width":581,"height":387,"url":"https:\/\/www.sebastien-auziere.fr\/blog\/wp-content\/uploads\/2026\/03\/ee.jpg","type":"image\/jpeg"}],"author":"Celine","twitter_card":"summary_large_image","twitter_misc":{"\u00c9crit par":"Celine","Dur\u00e9e de lecture estim\u00e9e":"4 minutes"},"schema":{"@context":"https:\/\/schema.org","@graph":[{"@type":"Article","@id":"https:\/\/www.sebastien-auziere.fr\/blog\/it\/brigitte-macron-malata-perche-la-prima-donna-ha-dovuto-essere-operata-durgenza\/#article","isPartOf":{"@id":"https:\/\/www.sebastien-auziere.fr\/blog\/it\/brigitte-macron-malata-perche-la-prima-donna-ha-dovuto-essere-operata-durgenza\/"},"author":{"name":"Celine","@id":"https:\/\/www.sebastien-auziere.fr\/blog\/#\/schema\/person\/1e270a963009242469ed08b1c461f81f"},"headline":"Brigitte Macron malata: perch\u00e9 la Prima donna ha dovuto essere operata d&rsquo;urgenza","datePublished":"2026-03-10T09:47:25+00:00","dateModified":"2026-03-10T09:47:53+00:00","mainEntityOfPage":{"@id":"https:\/\/www.sebastien-auziere.fr\/blog\/it\/brigitte-macron-malata-perche-la-prima-donna-ha-dovuto-essere-operata-durgenza\/"},"wordCount":726,"commentCount":0,"publisher":{"@id":"https:\/\/www.sebastien-auziere.fr\/blog\/#organization"},"image":{"@id":"https:\/\/www.sebastien-auziere.fr\/blog\/it\/brigitte-macron-malata-perche-la-prima-donna-ha-dovuto-essere-operata-durgenza\/#primaryimage"},"thumbnailUrl":"https:\/\/www.sebastien-auziere.fr\/blog\/wp-content\/uploads\/2026\/03\/ee.jpg","articleSection":["Actualit\u00e0"],"inLanguage":"fr-FR","potentialAction":[{"@type":"CommentAction","name":"Comment","target":["https:\/\/www.sebastien-auziere.fr\/blog\/it\/brigitte-macron-malata-perche-la-prima-donna-ha-dovuto-essere-operata-durgenza\/#respond"]}]},{"@type":"WebPage","@id":"https:\/\/www.sebastien-auziere.fr\/blog\/it\/brigitte-macron-malata-perche-la-prima-donna-ha-dovuto-essere-operata-durgenza\/","url":"https:\/\/www.sebastien-auziere.fr\/blog\/it\/brigitte-macron-malata-perche-la-prima-donna-ha-dovuto-essere-operata-durgenza\/","name":"Brigitte Macron malata: perch\u00e9 la Prima donna ha dovuto essere operata d'urgenza - Fan site S\u00e9bastien Auzi\u00e8re","isPartOf":{"@id":"https:\/\/www.sebastien-auziere.fr\/blog\/#website"},"primaryImageOfPage":{"@id":"https:\/\/www.sebastien-auziere.fr\/blog\/it\/brigitte-macron-malata-perche-la-prima-donna-ha-dovuto-essere-operata-durgenza\/#primaryimage"},"image":{"@id":"https:\/\/www.sebastien-auziere.fr\/blog\/it\/brigitte-macron-malata-perche-la-prima-donna-ha-dovuto-essere-operata-durgenza\/#primaryimage"},"thumbnailUrl":"https:\/\/www.sebastien-auziere.fr\/blog\/wp-content\/uploads\/2026\/03\/ee.jpg","datePublished":"2026-03-10T09:47:25+00:00","dateModified":"2026-03-10T09:47:53+00:00","breadcrumb":{"@id":"https:\/\/www.sebastien-auziere.fr\/blog\/it\/brigitte-macron-malata-perche-la-prima-donna-ha-dovuto-essere-operata-durgenza\/#breadcrumb"},"inLanguage":"fr-FR","potentialAction":[{"@type":"ReadAction","target":["https:\/\/www.sebastien-auziere.fr\/blog\/it\/brigitte-macron-malata-perche-la-prima-donna-ha-dovuto-essere-operata-durgenza\/"]}]},{"@type":"ImageObject","inLanguage":"fr-FR","@id":"https:\/\/www.sebastien-auziere.fr\/blog\/it\/brigitte-macron-malata-perche-la-prima-donna-ha-dovuto-essere-operata-durgenza\/#primaryimage","url":"https:\/\/www.sebastien-auziere.fr\/blog\/wp-content\/uploads\/2026\/03\/ee.jpg","contentUrl":"https:\/\/www.sebastien-auziere.fr\/blog\/wp-content\/uploads\/2026\/03\/ee.jpg","width":581,"height":387,"caption":"Brigitte Macron malade"},{"@type":"BreadcrumbList","@id":"https:\/\/www.sebastien-auziere.fr\/blog\/it\/brigitte-macron-malata-perche-la-prima-donna-ha-dovuto-essere-operata-durgenza\/#breadcrumb","itemListElement":[{"@type":"ListItem","position":1,"name":"Home","item":"https:\/\/www.sebastien-auziere.fr\/blog\/"},{"@type":"ListItem","position":2,"name":"Brigitte Macron malata: perch\u00e9 la Prima donna ha dovuto essere operata d&rsquo;urgenza"}]},{"@type":"WebSite","@id":"https:\/\/www.sebastien-auziere.fr\/blog\/#website","url":"https:\/\/www.sebastien-auziere.fr\/blog\/","name":"Fan site S\u00e9bastien Auzi\u00e8re","description":"M\u00e9dia g\u00e9n\u00e9raliste","publisher":{"@id":"https:\/\/www.sebastien-auziere.fr\/blog\/#organization"},"potentialAction":[{"@type":"SearchAction","target":{"@type":"EntryPoint","urlTemplate":"https:\/\/www.sebastien-auziere.fr\/blog\/?s={search_term_string}"},"query-input":{"@type":"PropertyValueSpecification","valueRequired":true,"valueName":"search_term_string"}}],"inLanguage":"fr-FR"},{"@type":"Organization","@id":"https:\/\/www.sebastien-auziere.fr\/blog\/#organization","name":"Fan site S\u00e9bastien Auzi\u00e8re","url":"https:\/\/www.sebastien-auziere.fr\/blog\/","logo":{"@type":"ImageObject","inLanguage":"fr-FR","@id":"https:\/\/www.sebastien-auziere.fr\/blog\/#\/schema\/logo\/image\/","url":"https:\/\/www.sebastien-auziere.fr\/blog\/wp-content\/uploads\/2026\/03\/cropped-cropped-cropped-ChatGPT-Image-6-mars-2026-12_58_09-e1772798376794.jpg","contentUrl":"https:\/\/www.sebastien-auziere.fr\/blog\/wp-content\/uploads\/2026\/03\/cropped-cropped-cropped-ChatGPT-Image-6-mars-2026-12_58_09-e1772798376794.jpg","width":512,"height":360,"caption":"Fan site S\u00e9bastien Auzi\u00e8re"},"image":{"@id":"https:\/\/www.sebastien-auziere.fr\/blog\/#\/schema\/logo\/image\/"}},{"@type":"Person","@id":"https:\/\/www.sebastien-auziere.fr\/blog\/#\/schema\/person\/1e270a963009242469ed08b1c461f81f","name":"Celine","image":{"@type":"ImageObject","inLanguage":"fr-FR","@id":"https:\/\/secure.gravatar.com\/avatar\/c88d569fbe1fe19a13c7f21ee0f8973822df96073df21850b95af6a09ba820c9?s=96&d=mm&r=g","url":"https:\/\/secure.gravatar.com\/avatar\/c88d569fbe1fe19a13c7f21ee0f8973822df96073df21850b95af6a09ba820c9?s=96&d=mm&r=g","contentUrl":"https:\/\/secure.gravatar.com\/avatar\/c88d569fbe1fe19a13c7f21ee0f8973822df96073df21850b95af6a09ba820c9?s=96&d=mm&r=g","caption":"Celine"},"description":"Je m'appelle C\u00e9line, j'ai 31 ans et je suis journaliste sp\u00e9cialis\u00e9e dans le cin\u00e9ma. Passionn\u00e9e par le septi\u00e8me art, j'explore les actualit\u00e9s, les critiques et les tendances du monde cin\u00e9matographique. Mon objectif est de partager ma passion et d'informer les amateurs de films \u00e0 travers des articles percutants et des analyses approfondies.","url":"https:\/\/www.sebastien-auziere.fr\/blog\/author\/celine\/"}]}},"views":243,"_links":{"self":[{"href":"https:\/\/www.sebastien-auziere.fr\/blog\/wp-json\/wp\/v2\/posts\/2450","targetHints":{"allow":["GET"]}}],"collection":[{"href":"https:\/\/www.sebastien-auziere.fr\/blog\/wp-json\/wp\/v2\/posts"}],"about":[{"href":"https:\/\/www.sebastien-auziere.fr\/blog\/wp-json\/wp\/v2\/types\/post"}],"author":[{"embeddable":true,"href":"https:\/\/www.sebastien-auziere.fr\/blog\/wp-json\/wp\/v2\/users\/4"}],"replies":[{"embeddable":true,"href":"https:\/\/www.sebastien-auziere.fr\/blog\/wp-json\/wp\/v2\/comments?post=2450"}],"version-history":[{"count":1,"href":"https:\/\/www.sebastien-auziere.fr\/blog\/wp-json\/wp\/v2\/posts\/2450\/revisions"}],"predecessor-version":[{"id":2451,"href":"https:\/\/www.sebastien-auziere.fr\/blog\/wp-json\/wp\/v2\/posts\/2450\/revisions\/2451"}],"wp:featuredmedia":[{"embeddable":true,"href":"https:\/\/www.sebastien-auziere.fr\/blog\/wp-json\/wp\/v2\/media\/2442"}],"wp:attachment":[{"href":"https:\/\/www.sebastien-auziere.fr\/blog\/wp-json\/wp\/v2\/media?parent=2450"}],"wp:term":[{"taxonomy":"category","embeddable":true,"href":"https:\/\/www.sebastien-auziere.fr\/blog\/wp-json\/wp\/v2\/categories?post=2450"},{"taxonomy":"post_tag","embeddable":true,"href":"https:\/\/www.sebastien-auziere.fr\/blog\/wp-json\/wp\/v2\/tags?post=2450"}],"curies":[{"name":"wp","href":"https:\/\/api.w.org\/{rel}","templated":true}]}}