{"id":2448,"date":"2026-03-10T09:46:16","date_gmt":"2026-03-10T09:46:16","guid":{"rendered":"https:\/\/www.sebastien-auziere.fr\/blog\/?p=2448"},"modified":"2026-03-10T09:46:44","modified_gmt":"2026-03-10T09:46:44","slug":"brigitte-macron-krank-warum-die-first-lady-dringend-operiert-werden-musste","status":"publish","type":"post","link":"https:\/\/www.sebastien-auziere.fr\/blog\/de\/brigitte-macron-krank-warum-die-first-lady-dringend-operiert-werden-musste\/","title":{"rendered":"Brigitte Macron krank: warum die First Lady dringend operiert werden musste"},"content":{"rendered":"<p style=\"padding:24px;background:lightblue\">\nWas man beachten sollte: <strong>Brigitte Macron musste sich einer Notfalloperation der Netzhaut unterziehen<\/strong>, was sie zwang, sich mehrere Tage strickt auszuruhen. Der Eingriff, den ihre Tochter Laurence Auzi\u00e8re w\u00e4hrend einer Veranstaltung in Paris bekannt gab, erkl\u00e4rt das auff\u00e4llige Fehlen der First Lady bei mehreren \u00f6ffentlichen Veranstaltungen.\n<\/p>\n<p>\nIn den letzten Tagen haben zahlreiche Internetnutzer nach Informationen \u00fcber <strong>Brigitte Macron krank<\/strong> gesucht. Die Frau des Pr\u00e4sidenten der Republik musste sich tats\u00e4chlich notoperieren lassen. Dieser medizinische Eingriff zwingt sie nun, ihre Reisen einzuschr\u00e4nken und eine Genesungszeit einzuhalten.\n<\/p>\n<ol>\n<li><a href=\"#operation-retine\">Eine Notfalloperation der Netzhaut<\/a><\/li>\n<li><a href=\"#absence-evenement\">Eine auff\u00e4llige Abwesenheit bei einer Pariser Veranstaltung<\/a><\/li>\n<li><a href=\"#convalescence\">Eine Genesung mit striktem Ruhe<\/a><\/li>\n<li><a href=\"#soutien-famille\">Die Unterst\u00fctzung ihrer Familie<\/a><\/li>\n<\/ol>\n<h2 id=\"operation-retine\">Eine Notfalloperation der Netzhaut<\/h2>\n<p>\nLaut Informationen, die von ihrer Tochter Laurence Auzi\u00e8re mitgeteilt wurden, <strong>musste Brigitte Macron am Wochenende einen chirurgischen Eingriff an der Netzhaut \u00fcber sich ergehen lassen<\/strong>. Dieser unerwartete Eingriff wurde notfallm\u00e4\u00dfig vorgenommen, um ein Augenproblem zu behandeln, das eine schnelle Behandlung erforderte.\n<\/p>\n<h3>Ein Eingriff, der Ruhe erfordert<\/h3>\n<p>\nNach einem solchen Eingriff empfehlen die \u00c4rzte in der Regel eine Ruhezeit, um Komplikationen zu vermeiden und die Heilung des Auges zu f\u00f6rdern.\n<\/p>\n<p>\nDeshalb muss die First Lady derzeit <strong>ihre Reisen einschr\u00e4nken und sich ruhig verhalten<\/strong>.\n<\/p>\n<h2 id=\"absence-evenement\">Eine auff\u00e4llige Abwesenheit bei einer Pariser Veranstaltung<\/h2>\n<p>\nDer chirurgische Eingriff erkl\u00e4rt das Fehlen von Brigitte Macron bei einer Veranstaltung in Paris, die sich um eine Modenschau und eine Kunstausstellung drehte.\n<\/p>\n<h3>Eine wichtige Veranstaltung f\u00fcr ihre Familie<\/h3>\n<p>\nDiese Veranstaltung sollte urspr\u00fcnglich die First Lady zusammen mit ihren beiden T\u00f6chtern, Laurence und Tiphaine Auzi\u00e8re, empfangen. Die Ausstellung zeigte insbesondere Werke, die von Laurence Auzi\u00e8re geschaffen wurden.\n<\/p>\n<p>\nAngesichts der anwesenden G\u00e4ste erkl\u00e4rte die \u00e4lteste Tochter von Brigitte Macron die Situation:<br \/>\n<strong>\u201eSie darf sich nicht bewegen. Sie hatte eine Notfalloperation der Netzhaut\u201c<\/strong>.\n<\/p>\n<h2 id=\"convalescence\">Eine Genesung mit striktem Ruhe<\/h2>\n<p>\nNach der Operation empfahlen die \u00c4rzte Brigitte Macron, eine strikte Ruhezeit einzuhalten. Diese Vorsichtsma\u00dfnahme ist nach einer Augenoperation \u00fcblich, um die Netzhaut zu sch\u00fctzen und Druck auf das Auge zu vermeiden.\n<\/p>\n<ul>\n<li>Strikte Ruhe f\u00fcr mehrere Tage<\/li>\n<li>Eingeschr\u00e4nkte Reisen<\/li>\n<li>Augenschutz mit Brille<\/li>\n<\/ul>\n<p>\nDiese Erholungsphase sollte der First Lady erm\u00f6glichen, allm\u00e4hlich ihre offiziellen Aktivit\u00e4ten wieder aufzunehmen.\n<\/p>\n<h2 id=\"soutien-famille\">Die Unterst\u00fctzung ihrer Familie<\/h2>\n<p>\nTrotz ihrer Unf\u00e4higkeit, sich zu bewegen, wollte Brigitte Macron ihre Angeh\u00f6rigen und die Organisatoren der Veranstaltung unterst\u00fctzen.\n<\/p>\n<h3>Ein Auftritt per Videokonferenz<\/h3>\n<p>\nW\u00e4hrend des Abends erschien sie kurz per Videoanruf aus dem \u00c9lys\u00e9e, um den G\u00e4sten einige Worte zuzusprechen. Auf den geteilten Bildern trug die First Lady <strong>Sonnenbrillen zum Schutz ihrer Augen<\/strong>.\n<\/p>\n<p>\nDieser Moment beruhigte die Teilnehmer und zeigte, dass der Eingriff gut verlaufen war, trotz der Notwendigkeit der Ruhe.\n<\/p>\n<div style=\"overflow:auto;max-width:100%\">\n<table>\n<tr>\n<th>Information<\/th>\n<th>Details<\/th>\n<\/tr>\n<tr>\n<td>Gesundheitsproblem<\/td>\n<td>Notfalloperation der Netzhaut<\/td>\n<\/tr>\n<tr>\n<td>Art des Eingriffs<\/td>\n<td>Notfall Augenoperation<\/td>\n<\/tr>\n<tr>\n<td>Folge<\/td>\n<td>Strikte Ruhe und eingeschr\u00e4nkte Reisen<\/td>\n<\/tr>\n<tr>\n<td>Kommunikation<\/td>\n<td>Auftritt per Videokonferenz<\/td>\n<\/tr>\n<\/table>\n<\/div>\n<p>\nAuch wenn dieser Eingriff Brigitte Macron zeitweise von der \u00f6ffentlichen B\u00fchne ferngehalten hat, versichert ihr Umfeld, dass die Situation unter Kontrolle sei und die First Lady nach ihrer Genesung allm\u00e4hlich ihre Verpflichtungen wieder aufnehmen k\u00f6nne.\n<\/p>\n<h2>FAQ<\/h2>\n<h3>Warum spricht man von Brigitte Macron krank?<\/h3>\n<p>\nDie First Lady musste sich einer Notfalloperation der Netzhaut unterziehen, was sie zwingt, sich mehrere Tage auszuruhen.\n<\/p>\n<h3>Welchen Eingriff hat Brigitte Macron gehabt?<\/h3>\n<p>\nEs handelt sich um einen chirurgischen Eingriff am Auge zur Behandlung eines Netzhautproblems.\n<\/p>\n<h3>Warum konnte sie nicht an einer Veranstaltung in Paris teilnehmen?<\/h3>\n<p>\nDie \u00c4rzte haben ihr geraten, sich nach der Operation nicht zu bewegen, um ihr Auge zu sch\u00fctzen.\n<\/p>\n<h3>Wie hat sie von sich h\u00f6ren lassen?<\/h3>\n<p>\nBrigitte Macron erschien kurz per Videoanruf, um die G\u00e4ste zu begr\u00fc\u00dfen und ihr Fehlen zu erkl\u00e4ren.\n<\/p>\n<p>[<br \/>\n{<br \/>\n\u00ab\u00a0@context\u00a0\u00bb:\u00a0\u00bbhttps:\/\/schema.org\u00a0\u00bb,<br \/>\n\u00ab\u00a0@type\u00a0\u00bb:\u00a0\u00bbArticle\u00a0\u00bb,<br \/>\n\u00ab\u00a0headline\u00a0\u00bb:\u00a0\u00bbBrigitte Macron krank: Warum die First Lady notoperiert werden musste\u00a0\u00bb,<br \/>\n\u00ab\u00a0description\u00a0\u00bb:\u00a0\u00bbBrigitte Macron musste sich einer Notfalloperation der Netzhaut unterziehen. Erfahren Sie die Gr\u00fcnde f\u00fcr ihre Abwesenheit und die Details ihrer Genesung.\u00a0\u00bb,<br \/>\n\u00ab\u00a0inLanguage\u00a0\u00bb:\u00a0\u00bbde\u00a0\u00bb,<br \/>\n\u00ab\u00a0articleSection\u00a0\u00bb:\u00a0\u00bbaktualit\u00e4t\u00a0\u00bb,<br \/>\n\u00ab\u00a0abstract\u00a0\u00bb:\u00a0\u00bbDie First Lady wurde notoperiert und muss w\u00e4hrend ihrer Genesung eine strikte Ruhezeit einhalten.\u00a0\u00bb<br \/>\n},<br \/>\n{<br \/>\n\u00ab\u00a0@context\u00a0\u00bb:\u00a0\u00bbhttps:\/\/schema.org\u00a0\u00bb,<br \/>\n\u00ab\u00a0@type\u00a0\u00bb:\u00a0\u00bbFAQPage\u00a0\u00bb,<br \/>\n\u00ab\u00a0mainEntity\u00a0\u00bb:[<br \/>\n{<br \/>\n\u00ab\u00a0@type\u00a0\u00bb:\u00a0\u00bbQuestion\u00a0\u00bb,<br \/>\n\u00ab\u00a0name\u00a0\u00bb:\u00a0\u00bbWarum spricht man von Brigitte Macron krank?\u00a0\u00bb,<br \/>\n\u00ab\u00a0acceptedAnswer\u00a0\u00bb:{<br \/>\n\u00ab\u00a0@type\u00a0\u00bb:\u00a0\u00bbAnswer\u00a0\u00bb,<br \/>\n\u00ab\u00a0text\u00a0\u00bb:\u00a0\u00bbDie First Lady musste sich einer Notfalloperation der Netzhaut unterziehen und muss sich mehrere Tage ausruhen.\u00a0\u00bb<br \/>\n}<br \/>\n},<br \/>\n{<br \/>\n\u00ab\u00a0@type\u00a0\u00bb:\u00a0\u00bbQuestion\u00a0\u00bb,<br \/>\n\u00ab\u00a0name\u00a0\u00bb:\u00a0\u00bbWelchen Eingriff hat Brigitte Macron gehabt?\u00a0\u00bb,<br \/>\n\u00ab\u00a0acceptedAnswer\u00a0\u00bb:{<br \/>\n\u00ab\u00a0@type\u00a0\u00bb:\u00a0\u00bbAnswer\u00a0\u00bb,<br \/>\n\u00ab\u00a0text\u00a0\u00bb:\u00a0\u00bbSie hat einen chirurgischen Eingriff am Auge zur Behandlung eines Netzhautproblems gehabt.\u00a0\u00bb<br \/>\n}<br \/>\n}<br \/>\n]<br \/>\n}<br \/>\n]<\/p>\n","protected":false},"excerpt":{"rendered":"<p>Was man beachten sollte: Brigitte Macron musste sich einer Notfalloperation der Netzhaut unterziehen, was sie zwang, sich mehrere Tage strickt auszuruhen. Der Eingriff, den ihre Tochter Laurence Auzi\u00e8re w\u00e4hrend einer Veranstaltung in Paris bekannt gab, erkl\u00e4rt das auff\u00e4llige Fehlen der First Lady bei mehreren \u00f6ffentlichen Veranstaltungen. In den letzten Tagen haben zahlreiche Internetnutzer nach Informationen &#8230; <a title=\"Brigitte Macron krank: warum die First Lady dringend operiert werden musste\" class=\"read-more\" href=\"https:\/\/www.sebastien-auziere.fr\/blog\/de\/brigitte-macron-krank-warum-die-first-lady-dringend-operiert-werden-musste\/\" aria-label=\"En savoir plus sur Brigitte Macron krank: warum die First Lady dringend operiert werden musste\">Lire plus<\/a><\/p>\n","protected":false},"author":4,"featured_media":2442,"comment_status":"open","ping_status":"open","sticky":false,"template":"","format":"standard","meta":{"footnotes":""},"categories":[856,838],"tags":[],"class_list":["post-2448","post","type-post","status-publish","format-standard","has-post-thumbnail","hentry","category-aktuelles-de","category-non-classe-de"],"yoast_head":"<!-- This site is optimized with the Yoast SEO plugin v27.5 - https:\/\/yoast.com\/product\/yoast-seo-wordpress\/ -->\n<title>Brigitte Macron krank: warum die First Lady dringend operiert werden musste - Fan site S\u00e9bastien Auzi\u00e8re<\/title>\n<meta name=\"robots\" content=\"index, follow, max-snippet:-1, max-image-preview:large, max-video-preview:-1\" \/>\n<link rel=\"canonical\" href=\"https:\/\/www.sebastien-auziere.fr\/blog\/de\/brigitte-macron-krank-warum-die-first-lady-dringend-operiert-werden-musste\/\" \/>\n<meta property=\"og:locale\" content=\"fr_FR\" \/>\n<meta property=\"og:type\" content=\"article\" \/>\n<meta property=\"og:title\" content=\"Brigitte Macron krank: warum die First Lady dringend operiert werden musste - Fan site S\u00e9bastien Auzi\u00e8re\" \/>\n<meta property=\"og:description\" content=\"Was man beachten sollte: Brigitte Macron musste sich einer Notfalloperation der Netzhaut unterziehen, was sie zwang, sich mehrere Tage strickt auszuruhen. Der Eingriff, den ihre Tochter Laurence Auzi\u00e8re w\u00e4hrend einer Veranstaltung in Paris bekannt gab, erkl\u00e4rt das auff\u00e4llige Fehlen der First Lady bei mehreren \u00f6ffentlichen Veranstaltungen. In den letzten Tagen haben zahlreiche Internetnutzer nach Informationen ... Lire plus\" \/>\n<meta property=\"og:url\" content=\"https:\/\/www.sebastien-auziere.fr\/blog\/de\/brigitte-macron-krank-warum-die-first-lady-dringend-operiert-werden-musste\/\" \/>\n<meta property=\"og:site_name\" content=\"Fan site S\u00e9bastien Auzi\u00e8re\" \/>\n<meta property=\"article:published_time\" content=\"2026-03-10T09:46:16+00:00\" \/>\n<meta property=\"article:modified_time\" content=\"2026-03-10T09:46:44+00:00\" \/>\n<meta property=\"og:image\" content=\"https:\/\/www.sebastien-auziere.fr\/blog\/wp-content\/uploads\/2026\/03\/ee.jpg\" \/>\n\t<meta property=\"og:image:width\" content=\"581\" \/>\n\t<meta property=\"og:image:height\" content=\"387\" \/>\n\t<meta property=\"og:image:type\" content=\"image\/jpeg\" \/>\n<meta name=\"author\" content=\"Celine\" \/>\n<meta name=\"twitter:card\" content=\"summary_large_image\" \/>\n<meta name=\"twitter:label1\" content=\"\u00c9crit par\" \/>\n\t<meta name=\"twitter:data1\" content=\"Celine\" \/>\n\t<meta name=\"twitter:label2\" content=\"Dur\u00e9e de lecture estim\u00e9e\" \/>\n\t<meta name=\"twitter:data2\" content=\"4 minutes\" \/>\n<script type=\"application\/ld+json\" class=\"yoast-schema-graph\">{\"@context\":\"https:\\\/\\\/schema.org\",\"@graph\":[{\"@type\":\"Article\",\"@id\":\"https:\\\/\\\/www.sebastien-auziere.fr\\\/blog\\\/de\\\/brigitte-macron-krank-warum-die-first-lady-dringend-operiert-werden-musste\\\/#article\",\"isPartOf\":{\"@id\":\"https:\\\/\\\/www.sebastien-auziere.fr\\\/blog\\\/de\\\/brigitte-macron-krank-warum-die-first-lady-dringend-operiert-werden-musste\\\/\"},\"author\":{\"name\":\"Celine\",\"@id\":\"https:\\\/\\\/www.sebastien-auziere.fr\\\/blog\\\/#\\\/schema\\\/person\\\/1e270a963009242469ed08b1c461f81f\"},\"headline\":\"Brigitte Macron krank: warum die First Lady dringend operiert werden musste\",\"datePublished\":\"2026-03-10T09:46:16+00:00\",\"dateModified\":\"2026-03-10T09:46:44+00:00\",\"mainEntityOfPage\":{\"@id\":\"https:\\\/\\\/www.sebastien-auziere.fr\\\/blog\\\/de\\\/brigitte-macron-krank-warum-die-first-lady-dringend-operiert-werden-musste\\\/\"},\"wordCount\":740,\"commentCount\":0,\"publisher\":{\"@id\":\"https:\\\/\\\/www.sebastien-auziere.fr\\\/blog\\\/#organization\"},\"image\":{\"@id\":\"https:\\\/\\\/www.sebastien-auziere.fr\\\/blog\\\/de\\\/brigitte-macron-krank-warum-die-first-lady-dringend-operiert-werden-musste\\\/#primaryimage\"},\"thumbnailUrl\":\"https:\\\/\\\/www.sebastien-auziere.fr\\\/blog\\\/wp-content\\\/uploads\\\/2026\\\/03\\\/ee.jpg\",\"articleSection\":[\"Aktuelles\"],\"inLanguage\":\"fr-FR\",\"potentialAction\":[{\"@type\":\"CommentAction\",\"name\":\"Comment\",\"target\":[\"https:\\\/\\\/www.sebastien-auziere.fr\\\/blog\\\/de\\\/brigitte-macron-krank-warum-die-first-lady-dringend-operiert-werden-musste\\\/#respond\"]}]},{\"@type\":\"WebPage\",\"@id\":\"https:\\\/\\\/www.sebastien-auziere.fr\\\/blog\\\/de\\\/brigitte-macron-krank-warum-die-first-lady-dringend-operiert-werden-musste\\\/\",\"url\":\"https:\\\/\\\/www.sebastien-auziere.fr\\\/blog\\\/de\\\/brigitte-macron-krank-warum-die-first-lady-dringend-operiert-werden-musste\\\/\",\"name\":\"Brigitte Macron krank: warum die First Lady dringend operiert werden musste - Fan site S\u00e9bastien Auzi\u00e8re\",\"isPartOf\":{\"@id\":\"https:\\\/\\\/www.sebastien-auziere.fr\\\/blog\\\/#website\"},\"primaryImageOfPage\":{\"@id\":\"https:\\\/\\\/www.sebastien-auziere.fr\\\/blog\\\/de\\\/brigitte-macron-krank-warum-die-first-lady-dringend-operiert-werden-musste\\\/#primaryimage\"},\"image\":{\"@id\":\"https:\\\/\\\/www.sebastien-auziere.fr\\\/blog\\\/de\\\/brigitte-macron-krank-warum-die-first-lady-dringend-operiert-werden-musste\\\/#primaryimage\"},\"thumbnailUrl\":\"https:\\\/\\\/www.sebastien-auziere.fr\\\/blog\\\/wp-content\\\/uploads\\\/2026\\\/03\\\/ee.jpg\",\"datePublished\":\"2026-03-10T09:46:16+00:00\",\"dateModified\":\"2026-03-10T09:46:44+00:00\",\"breadcrumb\":{\"@id\":\"https:\\\/\\\/www.sebastien-auziere.fr\\\/blog\\\/de\\\/brigitte-macron-krank-warum-die-first-lady-dringend-operiert-werden-musste\\\/#breadcrumb\"},\"inLanguage\":\"fr-FR\",\"potentialAction\":[{\"@type\":\"ReadAction\",\"target\":[\"https:\\\/\\\/www.sebastien-auziere.fr\\\/blog\\\/de\\\/brigitte-macron-krank-warum-die-first-lady-dringend-operiert-werden-musste\\\/\"]}]},{\"@type\":\"ImageObject\",\"inLanguage\":\"fr-FR\",\"@id\":\"https:\\\/\\\/www.sebastien-auziere.fr\\\/blog\\\/de\\\/brigitte-macron-krank-warum-die-first-lady-dringend-operiert-werden-musste\\\/#primaryimage\",\"url\":\"https:\\\/\\\/www.sebastien-auziere.fr\\\/blog\\\/wp-content\\\/uploads\\\/2026\\\/03\\\/ee.jpg\",\"contentUrl\":\"https:\\\/\\\/www.sebastien-auziere.fr\\\/blog\\\/wp-content\\\/uploads\\\/2026\\\/03\\\/ee.jpg\",\"width\":581,\"height\":387,\"caption\":\"Brigitte Macron malade\"},{\"@type\":\"BreadcrumbList\",\"@id\":\"https:\\\/\\\/www.sebastien-auziere.fr\\\/blog\\\/de\\\/brigitte-macron-krank-warum-die-first-lady-dringend-operiert-werden-musste\\\/#breadcrumb\",\"itemListElement\":[{\"@type\":\"ListItem\",\"position\":1,\"name\":\"Home\",\"item\":\"https:\\\/\\\/www.sebastien-auziere.fr\\\/blog\\\/\"},{\"@type\":\"ListItem\",\"position\":2,\"name\":\"Brigitte Macron krank: warum die First Lady dringend operiert werden musste\"}]},{\"@type\":\"WebSite\",\"@id\":\"https:\\\/\\\/www.sebastien-auziere.fr\\\/blog\\\/#website\",\"url\":\"https:\\\/\\\/www.sebastien-auziere.fr\\\/blog\\\/\",\"name\":\"Fan site S\u00e9bastien Auzi\u00e8re\",\"description\":\"M\u00e9dia g\u00e9n\u00e9raliste\",\"publisher\":{\"@id\":\"https:\\\/\\\/www.sebastien-auziere.fr\\\/blog\\\/#organization\"},\"potentialAction\":[{\"@type\":\"SearchAction\",\"target\":{\"@type\":\"EntryPoint\",\"urlTemplate\":\"https:\\\/\\\/www.sebastien-auziere.fr\\\/blog\\\/?s={search_term_string}\"},\"query-input\":{\"@type\":\"PropertyValueSpecification\",\"valueRequired\":true,\"valueName\":\"search_term_string\"}}],\"inLanguage\":\"fr-FR\"},{\"@type\":\"Organization\",\"@id\":\"https:\\\/\\\/www.sebastien-auziere.fr\\\/blog\\\/#organization\",\"name\":\"Fan site S\u00e9bastien Auzi\u00e8re\",\"url\":\"https:\\\/\\\/www.sebastien-auziere.fr\\\/blog\\\/\",\"logo\":{\"@type\":\"ImageObject\",\"inLanguage\":\"fr-FR\",\"@id\":\"https:\\\/\\\/www.sebastien-auziere.fr\\\/blog\\\/#\\\/schema\\\/logo\\\/image\\\/\",\"url\":\"https:\\\/\\\/www.sebastien-auziere.fr\\\/blog\\\/wp-content\\\/uploads\\\/2026\\\/03\\\/cropped-cropped-cropped-ChatGPT-Image-6-mars-2026-12_58_09-e1772798376794.jpg\",\"contentUrl\":\"https:\\\/\\\/www.sebastien-auziere.fr\\\/blog\\\/wp-content\\\/uploads\\\/2026\\\/03\\\/cropped-cropped-cropped-ChatGPT-Image-6-mars-2026-12_58_09-e1772798376794.jpg\",\"width\":512,\"height\":360,\"caption\":\"Fan site S\u00e9bastien Auzi\u00e8re\"},\"image\":{\"@id\":\"https:\\\/\\\/www.sebastien-auziere.fr\\\/blog\\\/#\\\/schema\\\/logo\\\/image\\\/\"}},{\"@type\":\"Person\",\"@id\":\"https:\\\/\\\/www.sebastien-auziere.fr\\\/blog\\\/#\\\/schema\\\/person\\\/1e270a963009242469ed08b1c461f81f\",\"name\":\"Celine\",\"image\":{\"@type\":\"ImageObject\",\"inLanguage\":\"fr-FR\",\"@id\":\"https:\\\/\\\/secure.gravatar.com\\\/avatar\\\/c88d569fbe1fe19a13c7f21ee0f8973822df96073df21850b95af6a09ba820c9?s=96&d=mm&r=g\",\"url\":\"https:\\\/\\\/secure.gravatar.com\\\/avatar\\\/c88d569fbe1fe19a13c7f21ee0f8973822df96073df21850b95af6a09ba820c9?s=96&d=mm&r=g\",\"contentUrl\":\"https:\\\/\\\/secure.gravatar.com\\\/avatar\\\/c88d569fbe1fe19a13c7f21ee0f8973822df96073df21850b95af6a09ba820c9?s=96&d=mm&r=g\",\"caption\":\"Celine\"},\"description\":\"Je m'appelle C\u00e9line, j'ai 31 ans et je suis journaliste sp\u00e9cialis\u00e9e dans le cin\u00e9ma. Passionn\u00e9e par le septi\u00e8me art, j'explore les actualit\u00e9s, les critiques et les tendances du monde cin\u00e9matographique. Mon objectif est de partager ma passion et d'informer les amateurs de films \u00e0 travers des articles percutants et des analyses approfondies.\",\"url\":\"https:\\\/\\\/www.sebastien-auziere.fr\\\/blog\\\/author\\\/celine\\\/\"}]}<\/script>\n<!-- \/ Yoast SEO plugin. -->","yoast_head_json":{"title":"Brigitte Macron krank: warum die First Lady dringend operiert werden musste - Fan site S\u00e9bastien Auzi\u00e8re","robots":{"index":"index","follow":"follow","max-snippet":"max-snippet:-1","max-image-preview":"max-image-preview:large","max-video-preview":"max-video-preview:-1"},"canonical":"https:\/\/www.sebastien-auziere.fr\/blog\/de\/brigitte-macron-krank-warum-die-first-lady-dringend-operiert-werden-musste\/","og_locale":"fr_FR","og_type":"article","og_title":"Brigitte Macron krank: warum die First Lady dringend operiert werden musste - Fan site S\u00e9bastien Auzi\u00e8re","og_description":"Was man beachten sollte: Brigitte Macron musste sich einer Notfalloperation der Netzhaut unterziehen, was sie zwang, sich mehrere Tage strickt auszuruhen. Der Eingriff, den ihre Tochter Laurence Auzi\u00e8re w\u00e4hrend einer Veranstaltung in Paris bekannt gab, erkl\u00e4rt das auff\u00e4llige Fehlen der First Lady bei mehreren \u00f6ffentlichen Veranstaltungen. In den letzten Tagen haben zahlreiche Internetnutzer nach Informationen ... Lire plus","og_url":"https:\/\/www.sebastien-auziere.fr\/blog\/de\/brigitte-macron-krank-warum-die-first-lady-dringend-operiert-werden-musste\/","og_site_name":"Fan site S\u00e9bastien Auzi\u00e8re","article_published_time":"2026-03-10T09:46:16+00:00","article_modified_time":"2026-03-10T09:46:44+00:00","og_image":[{"width":581,"height":387,"url":"https:\/\/www.sebastien-auziere.fr\/blog\/wp-content\/uploads\/2026\/03\/ee.jpg","type":"image\/jpeg"}],"author":"Celine","twitter_card":"summary_large_image","twitter_misc":{"\u00c9crit par":"Celine","Dur\u00e9e de lecture estim\u00e9e":"4 minutes"},"schema":{"@context":"https:\/\/schema.org","@graph":[{"@type":"Article","@id":"https:\/\/www.sebastien-auziere.fr\/blog\/de\/brigitte-macron-krank-warum-die-first-lady-dringend-operiert-werden-musste\/#article","isPartOf":{"@id":"https:\/\/www.sebastien-auziere.fr\/blog\/de\/brigitte-macron-krank-warum-die-first-lady-dringend-operiert-werden-musste\/"},"author":{"name":"Celine","@id":"https:\/\/www.sebastien-auziere.fr\/blog\/#\/schema\/person\/1e270a963009242469ed08b1c461f81f"},"headline":"Brigitte Macron krank: warum die First Lady dringend operiert werden musste","datePublished":"2026-03-10T09:46:16+00:00","dateModified":"2026-03-10T09:46:44+00:00","mainEntityOfPage":{"@id":"https:\/\/www.sebastien-auziere.fr\/blog\/de\/brigitte-macron-krank-warum-die-first-lady-dringend-operiert-werden-musste\/"},"wordCount":740,"commentCount":0,"publisher":{"@id":"https:\/\/www.sebastien-auziere.fr\/blog\/#organization"},"image":{"@id":"https:\/\/www.sebastien-auziere.fr\/blog\/de\/brigitte-macron-krank-warum-die-first-lady-dringend-operiert-werden-musste\/#primaryimage"},"thumbnailUrl":"https:\/\/www.sebastien-auziere.fr\/blog\/wp-content\/uploads\/2026\/03\/ee.jpg","articleSection":["Aktuelles"],"inLanguage":"fr-FR","potentialAction":[{"@type":"CommentAction","name":"Comment","target":["https:\/\/www.sebastien-auziere.fr\/blog\/de\/brigitte-macron-krank-warum-die-first-lady-dringend-operiert-werden-musste\/#respond"]}]},{"@type":"WebPage","@id":"https:\/\/www.sebastien-auziere.fr\/blog\/de\/brigitte-macron-krank-warum-die-first-lady-dringend-operiert-werden-musste\/","url":"https:\/\/www.sebastien-auziere.fr\/blog\/de\/brigitte-macron-krank-warum-die-first-lady-dringend-operiert-werden-musste\/","name":"Brigitte Macron krank: warum die First Lady dringend operiert werden musste - Fan site S\u00e9bastien Auzi\u00e8re","isPartOf":{"@id":"https:\/\/www.sebastien-auziere.fr\/blog\/#website"},"primaryImageOfPage":{"@id":"https:\/\/www.sebastien-auziere.fr\/blog\/de\/brigitte-macron-krank-warum-die-first-lady-dringend-operiert-werden-musste\/#primaryimage"},"image":{"@id":"https:\/\/www.sebastien-auziere.fr\/blog\/de\/brigitte-macron-krank-warum-die-first-lady-dringend-operiert-werden-musste\/#primaryimage"},"thumbnailUrl":"https:\/\/www.sebastien-auziere.fr\/blog\/wp-content\/uploads\/2026\/03\/ee.jpg","datePublished":"2026-03-10T09:46:16+00:00","dateModified":"2026-03-10T09:46:44+00:00","breadcrumb":{"@id":"https:\/\/www.sebastien-auziere.fr\/blog\/de\/brigitte-macron-krank-warum-die-first-lady-dringend-operiert-werden-musste\/#breadcrumb"},"inLanguage":"fr-FR","potentialAction":[{"@type":"ReadAction","target":["https:\/\/www.sebastien-auziere.fr\/blog\/de\/brigitte-macron-krank-warum-die-first-lady-dringend-operiert-werden-musste\/"]}]},{"@type":"ImageObject","inLanguage":"fr-FR","@id":"https:\/\/www.sebastien-auziere.fr\/blog\/de\/brigitte-macron-krank-warum-die-first-lady-dringend-operiert-werden-musste\/#primaryimage","url":"https:\/\/www.sebastien-auziere.fr\/blog\/wp-content\/uploads\/2026\/03\/ee.jpg","contentUrl":"https:\/\/www.sebastien-auziere.fr\/blog\/wp-content\/uploads\/2026\/03\/ee.jpg","width":581,"height":387,"caption":"Brigitte Macron malade"},{"@type":"BreadcrumbList","@id":"https:\/\/www.sebastien-auziere.fr\/blog\/de\/brigitte-macron-krank-warum-die-first-lady-dringend-operiert-werden-musste\/#breadcrumb","itemListElement":[{"@type":"ListItem","position":1,"name":"Home","item":"https:\/\/www.sebastien-auziere.fr\/blog\/"},{"@type":"ListItem","position":2,"name":"Brigitte Macron krank: warum die First Lady dringend operiert werden musste"}]},{"@type":"WebSite","@id":"https:\/\/www.sebastien-auziere.fr\/blog\/#website","url":"https:\/\/www.sebastien-auziere.fr\/blog\/","name":"Fan site S\u00e9bastien Auzi\u00e8re","description":"M\u00e9dia g\u00e9n\u00e9raliste","publisher":{"@id":"https:\/\/www.sebastien-auziere.fr\/blog\/#organization"},"potentialAction":[{"@type":"SearchAction","target":{"@type":"EntryPoint","urlTemplate":"https:\/\/www.sebastien-auziere.fr\/blog\/?s={search_term_string}"},"query-input":{"@type":"PropertyValueSpecification","valueRequired":true,"valueName":"search_term_string"}}],"inLanguage":"fr-FR"},{"@type":"Organization","@id":"https:\/\/www.sebastien-auziere.fr\/blog\/#organization","name":"Fan site S\u00e9bastien Auzi\u00e8re","url":"https:\/\/www.sebastien-auziere.fr\/blog\/","logo":{"@type":"ImageObject","inLanguage":"fr-FR","@id":"https:\/\/www.sebastien-auziere.fr\/blog\/#\/schema\/logo\/image\/","url":"https:\/\/www.sebastien-auziere.fr\/blog\/wp-content\/uploads\/2026\/03\/cropped-cropped-cropped-ChatGPT-Image-6-mars-2026-12_58_09-e1772798376794.jpg","contentUrl":"https:\/\/www.sebastien-auziere.fr\/blog\/wp-content\/uploads\/2026\/03\/cropped-cropped-cropped-ChatGPT-Image-6-mars-2026-12_58_09-e1772798376794.jpg","width":512,"height":360,"caption":"Fan site S\u00e9bastien Auzi\u00e8re"},"image":{"@id":"https:\/\/www.sebastien-auziere.fr\/blog\/#\/schema\/logo\/image\/"}},{"@type":"Person","@id":"https:\/\/www.sebastien-auziere.fr\/blog\/#\/schema\/person\/1e270a963009242469ed08b1c461f81f","name":"Celine","image":{"@type":"ImageObject","inLanguage":"fr-FR","@id":"https:\/\/secure.gravatar.com\/avatar\/c88d569fbe1fe19a13c7f21ee0f8973822df96073df21850b95af6a09ba820c9?s=96&d=mm&r=g","url":"https:\/\/secure.gravatar.com\/avatar\/c88d569fbe1fe19a13c7f21ee0f8973822df96073df21850b95af6a09ba820c9?s=96&d=mm&r=g","contentUrl":"https:\/\/secure.gravatar.com\/avatar\/c88d569fbe1fe19a13c7f21ee0f8973822df96073df21850b95af6a09ba820c9?s=96&d=mm&r=g","caption":"Celine"},"description":"Je m'appelle C\u00e9line, j'ai 31 ans et je suis journaliste sp\u00e9cialis\u00e9e dans le cin\u00e9ma. Passionn\u00e9e par le septi\u00e8me art, j'explore les actualit\u00e9s, les critiques et les tendances du monde cin\u00e9matographique. Mon objectif est de partager ma passion et d'informer les amateurs de films \u00e0 travers des articles percutants et des analyses approfondies.","url":"https:\/\/www.sebastien-auziere.fr\/blog\/author\/celine\/"}]}},"views":117,"_links":{"self":[{"href":"https:\/\/www.sebastien-auziere.fr\/blog\/wp-json\/wp\/v2\/posts\/2448","targetHints":{"allow":["GET"]}}],"collection":[{"href":"https:\/\/www.sebastien-auziere.fr\/blog\/wp-json\/wp\/v2\/posts"}],"about":[{"href":"https:\/\/www.sebastien-auziere.fr\/blog\/wp-json\/wp\/v2\/types\/post"}],"author":[{"embeddable":true,"href":"https:\/\/www.sebastien-auziere.fr\/blog\/wp-json\/wp\/v2\/users\/4"}],"replies":[{"embeddable":true,"href":"https:\/\/www.sebastien-auziere.fr\/blog\/wp-json\/wp\/v2\/comments?post=2448"}],"version-history":[{"count":1,"href":"https:\/\/www.sebastien-auziere.fr\/blog\/wp-json\/wp\/v2\/posts\/2448\/revisions"}],"predecessor-version":[{"id":2449,"href":"https:\/\/www.sebastien-auziere.fr\/blog\/wp-json\/wp\/v2\/posts\/2448\/revisions\/2449"}],"wp:featuredmedia":[{"embeddable":true,"href":"https:\/\/www.sebastien-auziere.fr\/blog\/wp-json\/wp\/v2\/media\/2442"}],"wp:attachment":[{"href":"https:\/\/www.sebastien-auziere.fr\/blog\/wp-json\/wp\/v2\/media?parent=2448"}],"wp:term":[{"taxonomy":"category","embeddable":true,"href":"https:\/\/www.sebastien-auziere.fr\/blog\/wp-json\/wp\/v2\/categories?post=2448"},{"taxonomy":"post_tag","embeddable":true,"href":"https:\/\/www.sebastien-auziere.fr\/blog\/wp-json\/wp\/v2\/tags?post=2448"}],"curies":[{"name":"wp","href":"https:\/\/api.w.org\/{rel}","templated":true}]}}