{"id":2446,"date":"2026-03-10T09:45:46","date_gmt":"2026-03-10T09:45:46","guid":{"rendered":"https:\/\/www.sebastien-auziere.fr\/blog\/?p=2446"},"modified":"2026-03-10T09:46:15","modified_gmt":"2026-03-10T09:46:15","slug":"brigitte-macron-enferma-por-que-la-primera-dama-tuvo-que-ser-operada-de-urgencia","status":"publish","type":"post","link":"https:\/\/www.sebastien-auziere.fr\/blog\/es\/brigitte-macron-enferma-por-que-la-primera-dama-tuvo-que-ser-operada-de-urgencia\/","title":{"rendered":"Brigitte Macron enferma: por qu\u00e9 la Primera dama tuvo que ser operada de urgencia"},"content":{"rendered":"<p style=\"padding:24px;background:lightblue\">\nLo que hay que recordar: <strong>Brigitte Macron se someti\u00f3 a una cirug\u00eda de retina de emergencia<\/strong>, lo que la oblig\u00f3 a observar un estricto reposo durante varios d\u00edas. La intervenci\u00f3n, revelada por su hija Laurence Auzi\u00e8re durante un evento en Par\u00eds, explica la notable ausencia de la Primera dama en varias manifestaciones p\u00fablicas.\n<\/p>\n<p>\nEn los \u00faltimos d\u00edas, muchos internautas han buscado informaci\u00f3n sobre <strong>Brigitte Macron enferma<\/strong>. La esposa del presidente de la Rep\u00fablica se vio obligada a someterse a una cirug\u00eda de emergencia en el ojo. Esta intervenci\u00f3n m\u00e9dica ahora le obliga a limitar sus desplazamientos y a observar un periodo de convalecencia.\n<\/p>\n<ol>\n<li><a href=\"#operation-retine\">Una cirug\u00eda de retina de emergencia<\/a><\/li>\n<li><a href=\"#absence-evenement\">Una ausencia notable en un evento parisino<\/a><\/li>\n<li><a href=\"#convalescence\">Una convalecencia con estricto reposo<\/a><\/li>\n<li><a href=\"#soutien-famille\">El apoyo de su familia<\/a><\/li>\n<\/ol>\n<h2 id=\"operation-retine\">Una cirug\u00eda de retina de emergencia<\/h2>\n<p>\nSeg\u00fan la informaci\u00f3n comunicada por su hija Laurence Auzi\u00e8re, <strong>Brigitte Macron se someti\u00f3 a una intervenci\u00f3n quir\u00fargica de retina<\/strong> durante el fin de semana. Esta operaci\u00f3n imprevista se llev\u00f3 a cabo de emergencia para tratar un problema ocular que requer\u00eda atenci\u00f3n r\u00e1pida.\n<\/p>\n<h3>Una intervenci\u00f3n que impone reposo<\/h3>\n<p>\nDespu\u00e9s de este tipo de operaci\u00f3n, los m\u00e9dicos generalmente recomiendan un periodo de reposo para evitar cualquier complicaci\u00f3n y favorecer la cicatrizaci\u00f3n del ojo.\n<\/p>\n<p>\nEsa es la raz\u00f3n por la cual la Primera dama debe actualmente <strong>limitar sus desplazamientos y permanecer tranquila<\/strong>.\n<\/p>\n<h2 id=\"absence-evenement\">Una ausencia notable en un evento parisino<\/h2>\n<p>\nLa intervenci\u00f3n quir\u00fargica explica la ausencia de Brigitte Macron en un evento organizado en Par\u00eds con motivo de un desfile y una exposici\u00f3n art\u00edstica.\n<\/p>\n<h3>Un evento importante para su familia<\/h3>\n<p>\nEsta manifestaci\u00f3n deb\u00eda inicialmente acoger a la Primera dama junto a sus dos hijas, Laurence y Tiphaine Auzi\u00e8re. La exposici\u00f3n presentaba, entre otras cosas, obras realizadas por Laurence Auzi\u00e8re.\n<\/p>\n<p>\nFrente a los invitados presentes, la hija mayor de Brigitte Macron explic\u00f3 la situaci\u00f3n:<br \/>\n<strong>\u00ab No tiene permiso para moverse. Tuvo una cirug\u00eda de retina de emergencia \u00bb<\/strong>.\n<\/p>\n<h2 id=\"convalescence\">Una convalecencia con estricto reposo<\/h2>\n<p>\nDespu\u00e9s de la operaci\u00f3n, los m\u00e9dicos recomendaron a Brigitte Macron que observe un periodo de estricto reposo. Esta precauci\u00f3n es habitual despu\u00e9s de una cirug\u00eda ocular para proteger la retina y evitar cualquier presi\u00f3n sobre el ojo.\n<\/p>\n<ul>\n<li>Estricto reposo durante varios d\u00edas<\/li>\n<li>Desplazamientos limitados<\/li>\n<li>Protecci\u00f3n de los ojos con gafas<\/li>\n<\/ul>\n<p>\nEste periodo de recuperaci\u00f3n deber\u00eda permitir a la Primera dama retomar progresivamente sus actividades oficiales.\n<\/p>\n<h2 id=\"soutien-famille\">El apoyo de su familia<\/h2>\n<p>\nA pesar de su incapacidad para desplazarse, Brigitte Macron ha querido apoyar a sus seres queridos y a los organizadores del evento.\n<\/p>\n<h3>Una aparici\u00f3n en videoconferencia<\/h3>\n<p>\nDurante la noche, apareci\u00f3 brevemente en una videollamada desde el El\u00edseo para dirigirse a los invitados. En las im\u00e1genes compartidas, la Primera dama llevaba <strong>gafas de sol para proteger sus ojos<\/strong>.\n<\/p>\n<p>\nEste momento ayud\u00f3 a tranquilizar a los participantes y a mostrar que la operaci\u00f3n se hab\u00eda realizado con \u00e9xito a pesar de la necesidad de reposo.\n<\/p>\n<div style=\"overflow:auto;max-width:100%\">\n<table>\n<tr>\n<th>Informaci\u00f3n<\/th>\n<th>Detalle<\/th>\n<\/tr>\n<tr>\n<td>Problema de salud<\/td>\n<td>Cirug\u00eda de retina<\/td>\n<\/tr>\n<tr>\n<td>Naturaleza de la intervenci\u00f3n<\/td>\n<td>Cirug\u00eda ocular de emergencia<\/td>\n<\/tr>\n<tr>\n<td>Consecuencia<\/td>\n<td>Estricto reposo y desplazamientos limitados<\/td>\n<\/tr>\n<tr>\n<td>Comunicaci\u00f3n<\/td>\n<td>Aparici\u00f3n en videoconferencia<\/td>\n<\/tr>\n<\/table>\n<\/div>\n<p>\nSi esta intervenci\u00f3n ha alejado temporalmente a Brigitte Macron del escenario p\u00fablico, su entorno asegura que la situaci\u00f3n est\u00e1 bajo control y que la Primera dama deber\u00eda retomar progresivamente sus compromisos despu\u00e9s de su convalecencia.\n<\/p>\n<h2>FAQ<\/h2>\n<h3>\u00bfPor qu\u00e9 se habla de Brigitte Macron enferma?<\/h3>\n<p>\nLa Primera dama se someti\u00f3 a una cirug\u00eda de retina de emergencia, lo que la obliga a descansar durante varios d\u00edas.\n<\/p>\n<h3>\u00bfQu\u00e9 cirug\u00eda se someti\u00f3 Brigitte Macron?<\/h3>\n<p>\nSe trata de una intervenci\u00f3n quir\u00fargica en el ojo para tratar un problema de retina.\n<\/p>\n<h3>\u00bfPor qu\u00e9 no pudo asistir a un evento en Par\u00eds?<\/h3>\n<p>\nLos m\u00e9dicos le recomendaron no desplazarse tras la operaci\u00f3n para proteger su ojo.\n<\/p>\n<h3>\u00bfC\u00f3mo ha dado noticias sobre su estado?<\/h3>\n<p>\nBrigitte Macron apareci\u00f3 brevemente en una videollamada para saludar a los invitados y explicar su ausencia.\n<\/p>\n<p>[<br \/>\n{<br \/>\n\u00ab\u00a0@context\u00a0\u00bb:\u00a0\u00bbhttps:\/\/schema.org\u00a0\u00bb,<br \/>\n\u00ab\u00a0@type\u00a0\u00bb:\u00a0\u00bbArticle\u00a0\u00bb,<br \/>\n\u00ab\u00a0headline\u00a0\u00bb:\u00a0\u00bbBrigitte Macron enferma: por qu\u00e9 la Primera dama tuvo que ser operada de emergencia\u00a0\u00bb,<br \/>\n\u00ab\u00a0description\u00a0\u00bb:\u00a0\u00bbBrigitte Macron se someti\u00f3 a una cirug\u00eda de retina de emergencia. Descubre las razones de su ausencia y los detalles de su convalecencia.\u00a0\u00bb,<br \/>\n\u00ab\u00a0inLanguage\u00a0\u00bb:\u00a0\u00bbes\u00a0\u00bb,<br \/>\n\u00ab\u00a0articleSection\u00a0\u00bb:\u00a0\u00bbactualidad\u00a0\u00bb,<br \/>\n\u00ab\u00a0abstract\u00a0\u00bb:\u00a0\u00bbLa Primera dama fue operada de la retina de emergencia y debe observar un estricto reposo durante su convalecencia.\u00a0\u00bb<br \/>\n},<br \/>\n{<br \/>\n\u00ab\u00a0@context\u00a0\u00bb:\u00a0\u00bbhttps:\/\/schema.org\u00a0\u00bb,<br \/>\n\u00ab\u00a0@type\u00a0\u00bb:\u00a0\u00bbFAQPage\u00a0\u00bb,<br \/>\n\u00ab\u00a0mainEntity\u00a0\u00bb:[<br \/>\n{<br \/>\n\u00ab\u00a0@type\u00a0\u00bb:\u00a0\u00bbQuestion\u00a0\u00bb,<br \/>\n\u00ab\u00a0name\u00a0\u00bb:\u00a0\u00bb\u00bfPor qu\u00e9 se habla de Brigitte Macron enferma?\u00a0\u00bb,<br \/>\n\u00ab\u00a0acceptedAnswer\u00a0\u00bb:{<br \/>\n\u00ab\u00a0@type\u00a0\u00bb:\u00a0\u00bbAnswer\u00a0\u00bb,<br \/>\n\u00ab\u00a0text\u00a0\u00bb:\u00a0\u00bbLa Primera dama se someti\u00f3 a una cirug\u00eda de retina de emergencia y debe descansar durante varios d\u00edas.\u00a0\u00bb<br \/>\n}<br \/>\n},<br \/>\n{<br \/>\n\u00ab\u00a0@type\u00a0\u00bb:\u00a0\u00bbQuestion\u00a0\u00bb,<br \/>\n\u00ab\u00a0name\u00a0\u00bb:\u00a0\u00bb\u00bfQu\u00e9 cirug\u00eda se someti\u00f3 Brigitte Macron?\u00a0\u00bb,<br \/>\n\u00ab\u00a0acceptedAnswer\u00a0\u00bb:{<br \/>\n\u00ab\u00a0@type\u00a0\u00bb:\u00a0\u00bbAnswer\u00a0\u00bb,<br \/>\n\u00ab\u00a0text\u00a0\u00bb:\u00a0\u00bbSe someti\u00f3 a una intervenci\u00f3n quir\u00fargica en el ojo para tratar un problema de retina.\u00a0\u00bb<br \/>\n}<br \/>\n}<br \/>\n]<br \/>\n}<br \/>\n]<\/p>\n","protected":false},"excerpt":{"rendered":"<p>Lo que hay que recordar: Brigitte Macron se someti\u00f3 a una cirug\u00eda de retina de emergencia, lo que la oblig\u00f3 a observar un estricto reposo durante varios d\u00edas. La intervenci\u00f3n, revelada por su hija Laurence Auzi\u00e8re durante un evento en Par\u00eds, explica la notable ausencia de la Primera dama en varias manifestaciones p\u00fablicas. En los &#8230; <a title=\"Brigitte Macron enferma: por qu\u00e9 la Primera dama tuvo que ser operada de urgencia\" class=\"read-more\" href=\"https:\/\/www.sebastien-auziere.fr\/blog\/es\/brigitte-macron-enferma-por-que-la-primera-dama-tuvo-que-ser-operada-de-urgencia\/\" aria-label=\"En savoir plus sur Brigitte Macron enferma: por qu\u00e9 la Primera dama tuvo que ser operada de urgencia\">Lire plus<\/a><\/p>\n","protected":false},"author":4,"featured_media":2442,"comment_status":"open","ping_status":"open","sticky":false,"template":"","format":"standard","meta":{"footnotes":""},"categories":[820,602],"tags":[],"class_list":["post-2446","post","type-post","status-publish","format-standard","has-post-thumbnail","hentry","category-actualidades-es","category-tendencia"],"yoast_head":"<!-- This site is optimized with the Yoast SEO plugin v27.5 - https:\/\/yoast.com\/product\/yoast-seo-wordpress\/ -->\n<title>Brigitte Macron enferma: por qu\u00e9 la Primera dama tuvo que ser operada de urgencia - Fan site S\u00e9bastien Auzi\u00e8re<\/title>\n<meta name=\"robots\" content=\"index, follow, max-snippet:-1, max-image-preview:large, max-video-preview:-1\" \/>\n<link rel=\"canonical\" href=\"https:\/\/www.sebastien-auziere.fr\/blog\/es\/brigitte-macron-enferma-por-que-la-primera-dama-tuvo-que-ser-operada-de-urgencia\/\" \/>\n<meta property=\"og:locale\" content=\"fr_FR\" \/>\n<meta property=\"og:type\" content=\"article\" \/>\n<meta property=\"og:title\" content=\"Brigitte Macron enferma: por qu\u00e9 la Primera dama tuvo que ser operada de urgencia - Fan site S\u00e9bastien Auzi\u00e8re\" \/>\n<meta property=\"og:description\" content=\"Lo que hay que recordar: Brigitte Macron se someti\u00f3 a una cirug\u00eda de retina de emergencia, lo que la oblig\u00f3 a observar un estricto reposo durante varios d\u00edas. La intervenci\u00f3n, revelada por su hija Laurence Auzi\u00e8re durante un evento en Par\u00eds, explica la notable ausencia de la Primera dama en varias manifestaciones p\u00fablicas. En los ... Lire plus\" \/>\n<meta property=\"og:url\" content=\"https:\/\/www.sebastien-auziere.fr\/blog\/es\/brigitte-macron-enferma-por-que-la-primera-dama-tuvo-que-ser-operada-de-urgencia\/\" \/>\n<meta property=\"og:site_name\" content=\"Fan site S\u00e9bastien Auzi\u00e8re\" \/>\n<meta property=\"article:published_time\" content=\"2026-03-10T09:45:46+00:00\" \/>\n<meta property=\"article:modified_time\" content=\"2026-03-10T09:46:15+00:00\" \/>\n<meta property=\"og:image\" content=\"https:\/\/www.sebastien-auziere.fr\/blog\/wp-content\/uploads\/2026\/03\/ee.jpg\" \/>\n\t<meta property=\"og:image:width\" content=\"581\" \/>\n\t<meta property=\"og:image:height\" content=\"387\" \/>\n\t<meta property=\"og:image:type\" content=\"image\/jpeg\" \/>\n<meta name=\"author\" content=\"Celine\" \/>\n<meta name=\"twitter:card\" content=\"summary_large_image\" \/>\n<meta name=\"twitter:label1\" content=\"\u00c9crit par\" \/>\n\t<meta name=\"twitter:data1\" content=\"Celine\" \/>\n\t<meta name=\"twitter:label2\" content=\"Dur\u00e9e de lecture estim\u00e9e\" \/>\n\t<meta name=\"twitter:data2\" content=\"4 minutes\" \/>\n<script type=\"application\/ld+json\" class=\"yoast-schema-graph\">{\"@context\":\"https:\\\/\\\/schema.org\",\"@graph\":[{\"@type\":\"Article\",\"@id\":\"https:\\\/\\\/www.sebastien-auziere.fr\\\/blog\\\/es\\\/brigitte-macron-enferma-por-que-la-primera-dama-tuvo-que-ser-operada-de-urgencia\\\/#article\",\"isPartOf\":{\"@id\":\"https:\\\/\\\/www.sebastien-auziere.fr\\\/blog\\\/es\\\/brigitte-macron-enferma-por-que-la-primera-dama-tuvo-que-ser-operada-de-urgencia\\\/\"},\"author\":{\"name\":\"Celine\",\"@id\":\"https:\\\/\\\/www.sebastien-auziere.fr\\\/blog\\\/#\\\/schema\\\/person\\\/1e270a963009242469ed08b1c461f81f\"},\"headline\":\"Brigitte Macron enferma: por qu\u00e9 la Primera dama tuvo que ser operada de urgencia\",\"datePublished\":\"2026-03-10T09:45:46+00:00\",\"dateModified\":\"2026-03-10T09:46:15+00:00\",\"mainEntityOfPage\":{\"@id\":\"https:\\\/\\\/www.sebastien-auziere.fr\\\/blog\\\/es\\\/brigitte-macron-enferma-por-que-la-primera-dama-tuvo-que-ser-operada-de-urgencia\\\/\"},\"wordCount\":864,\"commentCount\":0,\"publisher\":{\"@id\":\"https:\\\/\\\/www.sebastien-auziere.fr\\\/blog\\\/#organization\"},\"image\":{\"@id\":\"https:\\\/\\\/www.sebastien-auziere.fr\\\/blog\\\/es\\\/brigitte-macron-enferma-por-que-la-primera-dama-tuvo-que-ser-operada-de-urgencia\\\/#primaryimage\"},\"thumbnailUrl\":\"https:\\\/\\\/www.sebastien-auziere.fr\\\/blog\\\/wp-content\\\/uploads\\\/2026\\\/03\\\/ee.jpg\",\"articleSection\":[\"Actualidades\",\"Tendencia\"],\"inLanguage\":\"fr-FR\",\"potentialAction\":[{\"@type\":\"CommentAction\",\"name\":\"Comment\",\"target\":[\"https:\\\/\\\/www.sebastien-auziere.fr\\\/blog\\\/es\\\/brigitte-macron-enferma-por-que-la-primera-dama-tuvo-que-ser-operada-de-urgencia\\\/#respond\"]}]},{\"@type\":\"WebPage\",\"@id\":\"https:\\\/\\\/www.sebastien-auziere.fr\\\/blog\\\/es\\\/brigitte-macron-enferma-por-que-la-primera-dama-tuvo-que-ser-operada-de-urgencia\\\/\",\"url\":\"https:\\\/\\\/www.sebastien-auziere.fr\\\/blog\\\/es\\\/brigitte-macron-enferma-por-que-la-primera-dama-tuvo-que-ser-operada-de-urgencia\\\/\",\"name\":\"Brigitte Macron enferma: por qu\u00e9 la Primera dama tuvo que ser operada de urgencia - Fan site S\u00e9bastien Auzi\u00e8re\",\"isPartOf\":{\"@id\":\"https:\\\/\\\/www.sebastien-auziere.fr\\\/blog\\\/#website\"},\"primaryImageOfPage\":{\"@id\":\"https:\\\/\\\/www.sebastien-auziere.fr\\\/blog\\\/es\\\/brigitte-macron-enferma-por-que-la-primera-dama-tuvo-que-ser-operada-de-urgencia\\\/#primaryimage\"},\"image\":{\"@id\":\"https:\\\/\\\/www.sebastien-auziere.fr\\\/blog\\\/es\\\/brigitte-macron-enferma-por-que-la-primera-dama-tuvo-que-ser-operada-de-urgencia\\\/#primaryimage\"},\"thumbnailUrl\":\"https:\\\/\\\/www.sebastien-auziere.fr\\\/blog\\\/wp-content\\\/uploads\\\/2026\\\/03\\\/ee.jpg\",\"datePublished\":\"2026-03-10T09:45:46+00:00\",\"dateModified\":\"2026-03-10T09:46:15+00:00\",\"breadcrumb\":{\"@id\":\"https:\\\/\\\/www.sebastien-auziere.fr\\\/blog\\\/es\\\/brigitte-macron-enferma-por-que-la-primera-dama-tuvo-que-ser-operada-de-urgencia\\\/#breadcrumb\"},\"inLanguage\":\"fr-FR\",\"potentialAction\":[{\"@type\":\"ReadAction\",\"target\":[\"https:\\\/\\\/www.sebastien-auziere.fr\\\/blog\\\/es\\\/brigitte-macron-enferma-por-que-la-primera-dama-tuvo-que-ser-operada-de-urgencia\\\/\"]}]},{\"@type\":\"ImageObject\",\"inLanguage\":\"fr-FR\",\"@id\":\"https:\\\/\\\/www.sebastien-auziere.fr\\\/blog\\\/es\\\/brigitte-macron-enferma-por-que-la-primera-dama-tuvo-que-ser-operada-de-urgencia\\\/#primaryimage\",\"url\":\"https:\\\/\\\/www.sebastien-auziere.fr\\\/blog\\\/wp-content\\\/uploads\\\/2026\\\/03\\\/ee.jpg\",\"contentUrl\":\"https:\\\/\\\/www.sebastien-auziere.fr\\\/blog\\\/wp-content\\\/uploads\\\/2026\\\/03\\\/ee.jpg\",\"width\":581,\"height\":387,\"caption\":\"Brigitte Macron malade\"},{\"@type\":\"BreadcrumbList\",\"@id\":\"https:\\\/\\\/www.sebastien-auziere.fr\\\/blog\\\/es\\\/brigitte-macron-enferma-por-que-la-primera-dama-tuvo-que-ser-operada-de-urgencia\\\/#breadcrumb\",\"itemListElement\":[{\"@type\":\"ListItem\",\"position\":1,\"name\":\"Home\",\"item\":\"https:\\\/\\\/www.sebastien-auziere.fr\\\/blog\\\/\"},{\"@type\":\"ListItem\",\"position\":2,\"name\":\"Brigitte Macron enferma: por qu\u00e9 la Primera dama tuvo que ser operada de urgencia\"}]},{\"@type\":\"WebSite\",\"@id\":\"https:\\\/\\\/www.sebastien-auziere.fr\\\/blog\\\/#website\",\"url\":\"https:\\\/\\\/www.sebastien-auziere.fr\\\/blog\\\/\",\"name\":\"Fan site S\u00e9bastien Auzi\u00e8re\",\"description\":\"M\u00e9dia g\u00e9n\u00e9raliste\",\"publisher\":{\"@id\":\"https:\\\/\\\/www.sebastien-auziere.fr\\\/blog\\\/#organization\"},\"potentialAction\":[{\"@type\":\"SearchAction\",\"target\":{\"@type\":\"EntryPoint\",\"urlTemplate\":\"https:\\\/\\\/www.sebastien-auziere.fr\\\/blog\\\/?s={search_term_string}\"},\"query-input\":{\"@type\":\"PropertyValueSpecification\",\"valueRequired\":true,\"valueName\":\"search_term_string\"}}],\"inLanguage\":\"fr-FR\"},{\"@type\":\"Organization\",\"@id\":\"https:\\\/\\\/www.sebastien-auziere.fr\\\/blog\\\/#organization\",\"name\":\"Fan site S\u00e9bastien Auzi\u00e8re\",\"url\":\"https:\\\/\\\/www.sebastien-auziere.fr\\\/blog\\\/\",\"logo\":{\"@type\":\"ImageObject\",\"inLanguage\":\"fr-FR\",\"@id\":\"https:\\\/\\\/www.sebastien-auziere.fr\\\/blog\\\/#\\\/schema\\\/logo\\\/image\\\/\",\"url\":\"https:\\\/\\\/www.sebastien-auziere.fr\\\/blog\\\/wp-content\\\/uploads\\\/2026\\\/03\\\/cropped-cropped-cropped-ChatGPT-Image-6-mars-2026-12_58_09-e1772798376794.jpg\",\"contentUrl\":\"https:\\\/\\\/www.sebastien-auziere.fr\\\/blog\\\/wp-content\\\/uploads\\\/2026\\\/03\\\/cropped-cropped-cropped-ChatGPT-Image-6-mars-2026-12_58_09-e1772798376794.jpg\",\"width\":512,\"height\":360,\"caption\":\"Fan site S\u00e9bastien Auzi\u00e8re\"},\"image\":{\"@id\":\"https:\\\/\\\/www.sebastien-auziere.fr\\\/blog\\\/#\\\/schema\\\/logo\\\/image\\\/\"}},{\"@type\":\"Person\",\"@id\":\"https:\\\/\\\/www.sebastien-auziere.fr\\\/blog\\\/#\\\/schema\\\/person\\\/1e270a963009242469ed08b1c461f81f\",\"name\":\"Celine\",\"image\":{\"@type\":\"ImageObject\",\"inLanguage\":\"fr-FR\",\"@id\":\"https:\\\/\\\/secure.gravatar.com\\\/avatar\\\/c88d569fbe1fe19a13c7f21ee0f8973822df96073df21850b95af6a09ba820c9?s=96&d=mm&r=g\",\"url\":\"https:\\\/\\\/secure.gravatar.com\\\/avatar\\\/c88d569fbe1fe19a13c7f21ee0f8973822df96073df21850b95af6a09ba820c9?s=96&d=mm&r=g\",\"contentUrl\":\"https:\\\/\\\/secure.gravatar.com\\\/avatar\\\/c88d569fbe1fe19a13c7f21ee0f8973822df96073df21850b95af6a09ba820c9?s=96&d=mm&r=g\",\"caption\":\"Celine\"},\"description\":\"Je m'appelle C\u00e9line, j'ai 31 ans et je suis journaliste sp\u00e9cialis\u00e9e dans le cin\u00e9ma. Passionn\u00e9e par le septi\u00e8me art, j'explore les actualit\u00e9s, les critiques et les tendances du monde cin\u00e9matographique. Mon objectif est de partager ma passion et d'informer les amateurs de films \u00e0 travers des articles percutants et des analyses approfondies.\",\"url\":\"https:\\\/\\\/www.sebastien-auziere.fr\\\/blog\\\/author\\\/celine\\\/\"}]}<\/script>\n<!-- \/ Yoast SEO plugin. -->","yoast_head_json":{"title":"Brigitte Macron enferma: por qu\u00e9 la Primera dama tuvo que ser operada de urgencia - Fan site S\u00e9bastien Auzi\u00e8re","robots":{"index":"index","follow":"follow","max-snippet":"max-snippet:-1","max-image-preview":"max-image-preview:large","max-video-preview":"max-video-preview:-1"},"canonical":"https:\/\/www.sebastien-auziere.fr\/blog\/es\/brigitte-macron-enferma-por-que-la-primera-dama-tuvo-que-ser-operada-de-urgencia\/","og_locale":"fr_FR","og_type":"article","og_title":"Brigitte Macron enferma: por qu\u00e9 la Primera dama tuvo que ser operada de urgencia - Fan site S\u00e9bastien Auzi\u00e8re","og_description":"Lo que hay que recordar: Brigitte Macron se someti\u00f3 a una cirug\u00eda de retina de emergencia, lo que la oblig\u00f3 a observar un estricto reposo durante varios d\u00edas. La intervenci\u00f3n, revelada por su hija Laurence Auzi\u00e8re durante un evento en Par\u00eds, explica la notable ausencia de la Primera dama en varias manifestaciones p\u00fablicas. En los ... Lire plus","og_url":"https:\/\/www.sebastien-auziere.fr\/blog\/es\/brigitte-macron-enferma-por-que-la-primera-dama-tuvo-que-ser-operada-de-urgencia\/","og_site_name":"Fan site S\u00e9bastien Auzi\u00e8re","article_published_time":"2026-03-10T09:45:46+00:00","article_modified_time":"2026-03-10T09:46:15+00:00","og_image":[{"width":581,"height":387,"url":"https:\/\/www.sebastien-auziere.fr\/blog\/wp-content\/uploads\/2026\/03\/ee.jpg","type":"image\/jpeg"}],"author":"Celine","twitter_card":"summary_large_image","twitter_misc":{"\u00c9crit par":"Celine","Dur\u00e9e de lecture estim\u00e9e":"4 minutes"},"schema":{"@context":"https:\/\/schema.org","@graph":[{"@type":"Article","@id":"https:\/\/www.sebastien-auziere.fr\/blog\/es\/brigitte-macron-enferma-por-que-la-primera-dama-tuvo-que-ser-operada-de-urgencia\/#article","isPartOf":{"@id":"https:\/\/www.sebastien-auziere.fr\/blog\/es\/brigitte-macron-enferma-por-que-la-primera-dama-tuvo-que-ser-operada-de-urgencia\/"},"author":{"name":"Celine","@id":"https:\/\/www.sebastien-auziere.fr\/blog\/#\/schema\/person\/1e270a963009242469ed08b1c461f81f"},"headline":"Brigitte Macron enferma: por qu\u00e9 la Primera dama tuvo que ser operada de urgencia","datePublished":"2026-03-10T09:45:46+00:00","dateModified":"2026-03-10T09:46:15+00:00","mainEntityOfPage":{"@id":"https:\/\/www.sebastien-auziere.fr\/blog\/es\/brigitte-macron-enferma-por-que-la-primera-dama-tuvo-que-ser-operada-de-urgencia\/"},"wordCount":864,"commentCount":0,"publisher":{"@id":"https:\/\/www.sebastien-auziere.fr\/blog\/#organization"},"image":{"@id":"https:\/\/www.sebastien-auziere.fr\/blog\/es\/brigitte-macron-enferma-por-que-la-primera-dama-tuvo-que-ser-operada-de-urgencia\/#primaryimage"},"thumbnailUrl":"https:\/\/www.sebastien-auziere.fr\/blog\/wp-content\/uploads\/2026\/03\/ee.jpg","articleSection":["Actualidades","Tendencia"],"inLanguage":"fr-FR","potentialAction":[{"@type":"CommentAction","name":"Comment","target":["https:\/\/www.sebastien-auziere.fr\/blog\/es\/brigitte-macron-enferma-por-que-la-primera-dama-tuvo-que-ser-operada-de-urgencia\/#respond"]}]},{"@type":"WebPage","@id":"https:\/\/www.sebastien-auziere.fr\/blog\/es\/brigitte-macron-enferma-por-que-la-primera-dama-tuvo-que-ser-operada-de-urgencia\/","url":"https:\/\/www.sebastien-auziere.fr\/blog\/es\/brigitte-macron-enferma-por-que-la-primera-dama-tuvo-que-ser-operada-de-urgencia\/","name":"Brigitte Macron enferma: por qu\u00e9 la Primera dama tuvo que ser operada de urgencia - Fan site S\u00e9bastien Auzi\u00e8re","isPartOf":{"@id":"https:\/\/www.sebastien-auziere.fr\/blog\/#website"},"primaryImageOfPage":{"@id":"https:\/\/www.sebastien-auziere.fr\/blog\/es\/brigitte-macron-enferma-por-que-la-primera-dama-tuvo-que-ser-operada-de-urgencia\/#primaryimage"},"image":{"@id":"https:\/\/www.sebastien-auziere.fr\/blog\/es\/brigitte-macron-enferma-por-que-la-primera-dama-tuvo-que-ser-operada-de-urgencia\/#primaryimage"},"thumbnailUrl":"https:\/\/www.sebastien-auziere.fr\/blog\/wp-content\/uploads\/2026\/03\/ee.jpg","datePublished":"2026-03-10T09:45:46+00:00","dateModified":"2026-03-10T09:46:15+00:00","breadcrumb":{"@id":"https:\/\/www.sebastien-auziere.fr\/blog\/es\/brigitte-macron-enferma-por-que-la-primera-dama-tuvo-que-ser-operada-de-urgencia\/#breadcrumb"},"inLanguage":"fr-FR","potentialAction":[{"@type":"ReadAction","target":["https:\/\/www.sebastien-auziere.fr\/blog\/es\/brigitte-macron-enferma-por-que-la-primera-dama-tuvo-que-ser-operada-de-urgencia\/"]}]},{"@type":"ImageObject","inLanguage":"fr-FR","@id":"https:\/\/www.sebastien-auziere.fr\/blog\/es\/brigitte-macron-enferma-por-que-la-primera-dama-tuvo-que-ser-operada-de-urgencia\/#primaryimage","url":"https:\/\/www.sebastien-auziere.fr\/blog\/wp-content\/uploads\/2026\/03\/ee.jpg","contentUrl":"https:\/\/www.sebastien-auziere.fr\/blog\/wp-content\/uploads\/2026\/03\/ee.jpg","width":581,"height":387,"caption":"Brigitte Macron malade"},{"@type":"BreadcrumbList","@id":"https:\/\/www.sebastien-auziere.fr\/blog\/es\/brigitte-macron-enferma-por-que-la-primera-dama-tuvo-que-ser-operada-de-urgencia\/#breadcrumb","itemListElement":[{"@type":"ListItem","position":1,"name":"Home","item":"https:\/\/www.sebastien-auziere.fr\/blog\/"},{"@type":"ListItem","position":2,"name":"Brigitte Macron enferma: por qu\u00e9 la Primera dama tuvo que ser operada de urgencia"}]},{"@type":"WebSite","@id":"https:\/\/www.sebastien-auziere.fr\/blog\/#website","url":"https:\/\/www.sebastien-auziere.fr\/blog\/","name":"Fan site S\u00e9bastien Auzi\u00e8re","description":"M\u00e9dia g\u00e9n\u00e9raliste","publisher":{"@id":"https:\/\/www.sebastien-auziere.fr\/blog\/#organization"},"potentialAction":[{"@type":"SearchAction","target":{"@type":"EntryPoint","urlTemplate":"https:\/\/www.sebastien-auziere.fr\/blog\/?s={search_term_string}"},"query-input":{"@type":"PropertyValueSpecification","valueRequired":true,"valueName":"search_term_string"}}],"inLanguage":"fr-FR"},{"@type":"Organization","@id":"https:\/\/www.sebastien-auziere.fr\/blog\/#organization","name":"Fan site S\u00e9bastien Auzi\u00e8re","url":"https:\/\/www.sebastien-auziere.fr\/blog\/","logo":{"@type":"ImageObject","inLanguage":"fr-FR","@id":"https:\/\/www.sebastien-auziere.fr\/blog\/#\/schema\/logo\/image\/","url":"https:\/\/www.sebastien-auziere.fr\/blog\/wp-content\/uploads\/2026\/03\/cropped-cropped-cropped-ChatGPT-Image-6-mars-2026-12_58_09-e1772798376794.jpg","contentUrl":"https:\/\/www.sebastien-auziere.fr\/blog\/wp-content\/uploads\/2026\/03\/cropped-cropped-cropped-ChatGPT-Image-6-mars-2026-12_58_09-e1772798376794.jpg","width":512,"height":360,"caption":"Fan site S\u00e9bastien Auzi\u00e8re"},"image":{"@id":"https:\/\/www.sebastien-auziere.fr\/blog\/#\/schema\/logo\/image\/"}},{"@type":"Person","@id":"https:\/\/www.sebastien-auziere.fr\/blog\/#\/schema\/person\/1e270a963009242469ed08b1c461f81f","name":"Celine","image":{"@type":"ImageObject","inLanguage":"fr-FR","@id":"https:\/\/secure.gravatar.com\/avatar\/c88d569fbe1fe19a13c7f21ee0f8973822df96073df21850b95af6a09ba820c9?s=96&d=mm&r=g","url":"https:\/\/secure.gravatar.com\/avatar\/c88d569fbe1fe19a13c7f21ee0f8973822df96073df21850b95af6a09ba820c9?s=96&d=mm&r=g","contentUrl":"https:\/\/secure.gravatar.com\/avatar\/c88d569fbe1fe19a13c7f21ee0f8973822df96073df21850b95af6a09ba820c9?s=96&d=mm&r=g","caption":"Celine"},"description":"Je m'appelle C\u00e9line, j'ai 31 ans et je suis journaliste sp\u00e9cialis\u00e9e dans le cin\u00e9ma. Passionn\u00e9e par le septi\u00e8me art, j'explore les actualit\u00e9s, les critiques et les tendances du monde cin\u00e9matographique. Mon objectif est de partager ma passion et d'informer les amateurs de films \u00e0 travers des articles percutants et des analyses approfondies.","url":"https:\/\/www.sebastien-auziere.fr\/blog\/author\/celine\/"}]}},"views":51,"_links":{"self":[{"href":"https:\/\/www.sebastien-auziere.fr\/blog\/wp-json\/wp\/v2\/posts\/2446","targetHints":{"allow":["GET"]}}],"collection":[{"href":"https:\/\/www.sebastien-auziere.fr\/blog\/wp-json\/wp\/v2\/posts"}],"about":[{"href":"https:\/\/www.sebastien-auziere.fr\/blog\/wp-json\/wp\/v2\/types\/post"}],"author":[{"embeddable":true,"href":"https:\/\/www.sebastien-auziere.fr\/blog\/wp-json\/wp\/v2\/users\/4"}],"replies":[{"embeddable":true,"href":"https:\/\/www.sebastien-auziere.fr\/blog\/wp-json\/wp\/v2\/comments?post=2446"}],"version-history":[{"count":1,"href":"https:\/\/www.sebastien-auziere.fr\/blog\/wp-json\/wp\/v2\/posts\/2446\/revisions"}],"predecessor-version":[{"id":2447,"href":"https:\/\/www.sebastien-auziere.fr\/blog\/wp-json\/wp\/v2\/posts\/2446\/revisions\/2447"}],"wp:featuredmedia":[{"embeddable":true,"href":"https:\/\/www.sebastien-auziere.fr\/blog\/wp-json\/wp\/v2\/media\/2442"}],"wp:attachment":[{"href":"https:\/\/www.sebastien-auziere.fr\/blog\/wp-json\/wp\/v2\/media?parent=2446"}],"wp:term":[{"taxonomy":"category","embeddable":true,"href":"https:\/\/www.sebastien-auziere.fr\/blog\/wp-json\/wp\/v2\/categories?post=2446"},{"taxonomy":"post_tag","embeddable":true,"href":"https:\/\/www.sebastien-auziere.fr\/blog\/wp-json\/wp\/v2\/tags?post=2446"}],"curies":[{"name":"wp","href":"https:\/\/api.w.org\/{rel}","templated":true}]}}