{"id":2437,"date":"2026-03-09T18:37:44","date_gmt":"2026-03-09T18:37:44","guid":{"rendered":"https:\/\/www.sebastien-auziere.fr\/blog\/?p=2437"},"modified":"2026-03-09T18:39:09","modified_gmt":"2026-03-09T18:39:09","slug":"tiphaine-auziere-biografia-carreira-vida-privada-e-atualidade-2026","status":"publish","type":"post","link":"https:\/\/www.sebastien-auziere.fr\/blog\/pt\/tiphaine-auziere-biografia-carreira-vida-privada-e-atualidade-2026\/","title":{"rendered":"Tiphaine Auzi\u00e8re: biografia, carreira, vida privada e atualidade 2026"},"content":{"rendered":"<p style=\"padding: 24px;background: lightblue\"><strong>Tiphaine Auzi\u00e8re<\/strong>, nascida em <strong>30 de janeiro de 1984 em Amiens<\/strong>, \u00e9 advogada especializada em direito do trabalho, romancista e ex-cronista de televis\u00e3o. Filha ca\u00e7ula de <strong>Brigitte Macron<\/strong> e de <strong>Andr\u00e9-Louis Auzi\u00e8re<\/strong> (banc\u00e1rio, 1951\u20132019), ela \u00e9 a ca\u00e7ula de uma ninhada de tr\u00eas filhos com <strong>S\u00e9bastien<\/strong> e <strong>Laurence Auzi\u00e8re<\/strong>. Nora de Emmanuel Macron desde 2017, ela conseguiu construir uma carreira e uma identidade pr\u00f3prias, longe do \u00fanico prisma familiar. Em <strong>2024<\/strong>, ela publica seu primeiro romance <em><strong>Assises<\/strong><\/em> e ingressa como cronista no programa <em>Touche pas \u00e0 mon poste<\/em> (C8). Em <strong>outubro de 2025<\/strong>, ela testemunha no julgamento do ciberass\u00e9dio de sua m\u00e3e Brigitte Macron diante do tribunal penal de Paris. Em <strong>mar\u00e7o de 2025<\/strong>, a Paris Match revela seu relacionamento com <strong>Cyril Hanouna<\/strong>. Aos <strong>42 anos<\/strong> em 2026, Tiphaine Auzi\u00e8re se estabelece como uma personalidade p\u00fablica em sua pr\u00f3pria ess\u00eancia.<\/p>\n<ol>\n<li><a href=\"#identite\">Identidade e fam\u00edlia<\/a><\/li>\n<li><a href=\"#formation\">Forma\u00e7\u00e3o e percurso acad\u00eamico<\/a><\/li>\n<li><a href=\"#carriere-avocate\">Carreira de advogada<\/a><\/li>\n<li><a href=\"#engagement-politique\">Compromisso pol\u00edtico<\/a><\/li>\n<li><a href=\"#roman-assises\">O romance <em>Assises<\/em> (2024)<\/a><\/li>\n<li><a href=\"#tpmp\">Cronista no TPMP (2024\u20132025)<\/a><\/li>\n<li><a href=\"#vie-privee\">Vida privada<\/a><\/li>\n<li><a href=\"#proces-cyberharcelement\">Testemunho no julgamento do ciberass\u00e9dio (outubro de 2025)<\/a><\/li>\n<li><a href=\"#actualite-2026\">Atualidade 2026<\/a><\/li>\n<\/ol>\n<h2 id=\"identite\">Identidade e fam\u00edlia<\/h2>\n<p>Tiphaine Auzi\u00e8re \u00e9 a terceira filha de <strong>Brigitte Trogneux<\/strong> (nascida em 1953, futura Brigitte Macron) e de <strong>Andr\u00e9-Louis Auzi\u00e8re<\/strong>, banc\u00e1rio nascido em 1951 em \u00c9s\u00e9ka (Camar\u00f5es), falecido em 24 de dezembro de 2019. Ela tem dois irm\u00e3os mais velhos: <strong>S\u00e9bastien Auzi\u00e8re<\/strong>, pesquisador em laborat\u00f3rio farmac\u00eautico (nascido em 1975), e <strong>Laurence Auzi\u00e8re<\/strong>, cardiologista (nascida em 1977), que foi colega de classe de Emmanuel Macron no col\u00e9gio La Providence em Amiens.<\/p>\n<p>Seus pais se divorciam em <strong>26 de janeiro de 2006<\/strong>. Sua m\u00e3e casa-se com Emmanuel Macron em <strong>outubro de 2007<\/strong>. Tiphaine mant\u00e9m com seu padrasto uma rela\u00e7\u00e3o de proximidade e apoio que ela descreve como sincera e sem imposi\u00e7\u00f5es.<\/p>\n<p>Com a morte de seu pai em dezembro de 2019, \u00e9 ela quem anuncia o falecimento na Paris Match em <strong>outubro de 2020<\/strong>, descrevendo Andr\u00e9-Louis Auzi\u00e8re como <em>\u00ab um anticonformista que valorizava mais do que tudo sua anonimato \u00bb<\/em>. Ela deliberadamente esperou v\u00e1rios meses para preservar sua mem\u00f3ria e proteger sua fam\u00edlia.<\/p>\n<h2 id=\"formation\">Forma\u00e7\u00e3o e percurso acad\u00eamico<\/h2>\n<p>Tiphaine Auzi\u00e8re estudou em Amiens, obtendo seu diploma de ensino m\u00e9dio no <strong>lyc\u00e9e La Providence<\/strong>. Ela inicia um hypokh\u00e2gne no lyc\u00e9e Janson-de-Sailly em Paris, que interrompe ap\u00f3s um m\u00eas para se reorientar para o direito. Ela ingressa na <strong>Universit\u00e9 Panth\u00e9on-Sorbonne<\/strong> (Paris I), onde escolhe uma especializa\u00e7\u00e3o em <strong>droit do trabalho e droit social<\/strong>, at\u00e9 um Master 2 em regime de altern\u00e2ncia.<\/p>\n<p>Em 2008, ela ingressa na <strong>\u00c9cole de Formation du Barreau de Paris (EFB)<\/strong>. Durante seus estudos, ela faz um est\u00e1gio de seis meses como defensora sindical na <strong>CFDT<\/strong>, iniciando um compromisso com a defesa dos direitos dos trabalhadores que estruturar\u00e1 toda sua pr\u00e1tica profissional.<\/p>\n<h2 id=\"carriere-avocate\">Carreira de advogada<\/h2>\n<p>Tiphaine Auzi\u00e8re faz seu juramento em <strong>2009<\/strong> e inicia sua carreira nos Hauts-de-France, registrada no <strong>barreau de Lille<\/strong>, especializada na defesa dos trabalhadores e dos sindicatos. Ela se junta ao <strong>barreau de Boulogne-sur-Mer<\/strong>, onde se estabelece com sua fam\u00edlia.<\/p>\n<p>Em <strong>2018<\/strong>, ela co-funda o escrit\u00f3rio <strong>Challenges Avocats<\/strong> em Boulogne-sur-Mer, dedicado ao direito do trabalho e ao direito social. Ela est\u00e1 registrada no <strong>barreau de Paris<\/strong> para suas atividades na capital.<\/p>\n<p>Em <strong>setembro de 2023<\/strong>, ela \u00e9 nomeada <strong>administradora independente<\/strong> no conselho de administra\u00e7\u00e3o da empresa <strong>Arverne<\/strong>, uma empresa francesa especializada na produ\u00e7\u00e3o de calor geot\u00e9rmico, listada na Bolsa. Essa nomea\u00e7\u00e3o marca sua entrada nas esferas de governan\u00e7a corporativa.<\/p>\n<p>Sua pr\u00e1tica permanece centrada no direito do trabalho, na defesa dos direitos dos trabalhadores, e mais recentemente, nas <strong>viol\u00eancias conjugais<\/strong> \u2014 tema central de seu primeiro romance.<\/p>\n<h2 id=\"engagement-politique\">Compromisso pol\u00edtico<\/h2>\n<p>Em <strong>2016<\/strong>, Tiphaine Auzi\u00e8re cria e dirige um <strong>comit\u00ea de apoio no Pas-de-Calais<\/strong> para a campanha presidencial de seu padrasto Emmanuel Macron. Ela \u00e9 uma das primeiras a se comprometer publicamente ao seu lado, muito antes que a vit\u00f3ria de En Marche fosse garantida.<\/p>\n<p>Durante as <strong>elei\u00e7\u00f5es legislativas de junho de 2017<\/strong>, ela \u00e9 candidata como <strong>suplente de Thibaut Guilluy<\/strong>, sob a bandeira La R\u00e9publique En Marche (LREM), na <strong>4\u00aa circunscri\u00e7\u00e3o do Pas-de-Calais<\/strong> enfrentando o deputado-prefeito do Touquet-Paris-Plage Daniel Fasquelle. Ela est\u00e1 presente na m\u00eddia para defender uma classe amea\u00e7ada de fechamento em Fruges.<\/p>\n<p>Em <strong>2020<\/strong>, ela anuncia na Paris Match sua participa\u00e7\u00e3o na cria\u00e7\u00e3o de um <strong>col\u00e9gio privado fora do contrato<\/strong> batizado como <em>Autrement<\/em>, do qual ela assume a presid\u00eancia. A institui\u00e7\u00e3o, instalada perto de Saint-Louis-de-Gonzague em Paris (onde Brigitte Macron ensinou), recebe seus primeiros alunos com um custo de <strong>9 500 \u20ac por ano<\/strong> (ou dez vezes menos para os bolsistas), permitindo obter o diploma de ensino m\u00e9dio em dois anos seguidos de um ano de prepara\u00e7\u00e3o para as grandes escolas.<\/p>\n<h2 id=\"roman-assises\">O romance <em>Assises<\/em> (2024)<\/h2>\n<p>Em <strong>2024<\/strong>, Tiphaine Auzi\u00e8re publica seu primeiro romance, <em><strong>Assises<\/strong><\/em>, um drama judicial diretamente inspirado por sua experi\u00eancia como advogada. O livro aborda <strong>viol\u00eancias conjugais<\/strong>, o funcionamento da justi\u00e7a penal francesa e as falhas do sistema judici\u00e1rio frente \u00e0s v\u00edtimas mais vulner\u00e1veis.<\/p>\n<p>A publica\u00e7\u00e3o \u00e9 saudada como um testemunho engajado sobre as realidades do tribunal, em uma posi\u00e7\u00e3o intermedi\u00e1ria entre romance e documento. Tiphaine Auzi\u00e8re apresenta seu livro pela primeira vez no programa <em>Touche pas \u00e0 mon poste<\/em> em <strong>maio de 2024<\/strong>, uma apari\u00e7\u00e3o que marca o in\u00edcio de uma colabora\u00e7\u00e3o regular com a emissora.<\/p>\n<blockquote><p>Com <em>Assises<\/em>, Tiphaine Auzi\u00e8re transcreve para a fic\u00e7\u00e3o as tens\u00f5es vividas nas salas de audi\u00eancia: a solid\u00e3o das v\u00edtimas, o peso dos procedimentos, a impot\u00eancia \u00e0s vezes dos advogados frente a verdades que a justi\u00e7a nem sempre consegue ouvir.<\/p><\/blockquote>\n<h2 id=\"tpmp\">Cronista no TPMP (2024\u20132025)<\/h2>\n<p>No <strong>9 de outubro de 2024<\/strong>, Cyril Hanouna oficializa a chegada de Tiphaine Auzi\u00e8re como <strong>cronista judicial semanal<\/strong> no programa <em>Touche pas \u00e0 mon poste<\/em> na C8. Toda semana, ela interv\u00e9m para decifrar a atualidade jur\u00eddica e judicial, simplificar procedimentos complexos e comentar os grandes casos em andamento.<\/p>\n<p>Sua primeira apari\u00e7\u00e3o no programa remonta a <strong>27 de maio de 2024<\/strong>, durante um convite para apresentar <em>Assises<\/em>. Ela retornou em <strong>2 de outubro de 2024<\/strong> para discutir o caso dos estupros de Mazan.<\/p>\n<p>O programa <em>Touche pas \u00e0 mon poste<\/em> encerra definitivamente em <strong>26 de mar\u00e7o de 2025<\/strong>, dando fim a essa colabora\u00e7\u00e3o. Durante os meses em que atuou l\u00e1, Tiphaine Auzi\u00e8re se imp\u00f4s como uma voz clara e pedag\u00f3gica sobre temas jur\u00eddicos complexos, alcan\u00e7ando um p\u00fablico muito amplo.<\/p>\n<h2 id=\"vie-privee\">Vida privada<\/h2>\n<p>Tiphaine Auzi\u00e8re viveu muitos anos com <strong>Antoine Choteau<\/strong>, gastroenterologista, com quem tem dois filhos:<\/p>\n<ul>\n<li><strong>\u00c9lise<\/strong>, nascida em 2003 (por vezes indicada como 2014 de acordo com as fontes &#8211; os dados mais confi\u00e1veis a situam entre 2003\u20132005)<\/li>\n<li><strong>Aur\u00e8le<\/strong>, nascido em 2005 (ou 2016 segundo outras fontes)<\/li>\n<\/ul>\n<p>A fam\u00edlia residia em <strong>Boulogne-sur-Mer<\/strong> nos Hauts-de-France. Segundo a revista Gala, a separa\u00e7\u00e3o do casal teria ocorrido no in\u00edcio de <strong>2025<\/strong>, com os dois pais permanecendo em bons termos para a educa\u00e7\u00e3o de seus filhos.<\/p>\n<p>Em <strong>mar\u00e7o de 2025<\/strong>, a Paris Match revela em exclusividade e na capa o relacionamento sentimental entre Tiphaine Auzi\u00e8re e <strong>Cyril Hanouna<\/strong>. Segundo a revista, sua hist\u00f3ria teria come\u00e7ado discretamente ao longo de sua colabora\u00e7\u00e3o no TPMP, com Hanouna a cobrindo de elogios em sua primeira apari\u00e7\u00e3o em maio de 2024. O relacionamento, confirmado por fontes pr\u00f3ximas, teria sido apresentado por Tiphaine a sua m\u00e3e Brigitte Macron, que a apoiaria. Contudo, apari\u00e7\u00f5es p\u00fablicas posteriores \u2014 notavelmente durante a noite do livro de Val\u00e9rie B\u00e9na\u00efm em <strong>mar\u00e7o de 2026<\/strong> \u2014 mostram as duas personalidades chegando e saindo separadamente, deixando a natureza exata de seu relacionamento aberta \u00e0 interpreta\u00e7\u00e3o.<\/p>\n<h2 id=\"proces-cyberharcelement\">Testemunho no julgamento do ciberass\u00e9dio (outubro de 2025)<\/h2>\n<p>Em <strong>outubro de 2025<\/strong>, se abre diante do tribunal correicional de Paris o julgamento do ciberass\u00e9dio de Brigitte Macron. Dez pessoas s\u00e3o processadas por terem massivamente disseminado uma fake news apresentando-a como uma mulher transg\u00eanero e por terem divulgado mensagens de \u00f3dio nas redes sociais desde 2021.<\/p>\n<p>No <strong>28 de outubro de 2025<\/strong>, Tiphaine Auzi\u00e8re testemunha no tribunal \u2014 <em>\u00ab como filha, como mulher, como m\u00e3e \u00bb<\/em>. Ela descreve uma <strong> degrada\u00e7\u00e3o das condi\u00e7\u00f5es de vida e da sa\u00fade<\/strong> de sua m\u00e3e desde 2021\u20132022, precisando que inicialmente subestimou a magnitude das consequ\u00eancias, sua m\u00e3e sendo <em>\u00ab algu\u00e9m que n\u00e3o reclama \u00bb<\/em>.<\/p>\n<p>Ela narra como Brigitte Macron agora \u00e9 for\u00e7ada a <strong>monitorar suas roupas, suas posturas e suas fotos<\/strong>, sabendo que toda imagem pode ser deformada. Ela l\u00ea as mensagens de \u00f3dio, acrescenta Tiphaine, e n\u00e3o consegue exclu\u00ed-las nem em sua vida privada nem em sua vida profissional.<\/p>\n<p>Um <strong>laudo m\u00e9dico<\/strong> do m\u00e9dico respons\u00e1vel pela Primeira-dama foi anexado ao processo, atestando o impacto das mensagens em seu estado de sa\u00fade. Os advogados de defesa denunciaram a aus\u00eancia de Brigitte Macron na audi\u00eancia, lamentando as <em>\u00ab respostas vazias \u00bb<\/em>. Tiphaine Auzi\u00e8re tamb\u00e9m confirmou ter visto seu tio <strong>Jean-Michel Trogneux<\/strong> \u2014 cuja exist\u00eancia \u00e9 negada por alguns r\u00e9us \u2014 <em>\u00ab h\u00e1 alguns meses \u00bb<\/em>.<\/p>\n<h2 id=\"actualite-2026\">Atualidade 2026<\/h2>\n<p>Em <strong>mar\u00e7o de 2026<\/strong>, Tiphaine Auzi\u00e8re est\u00e1 presente ao lado de sua irm\u00e3 Laurence em um evento que sua m\u00e3e Brigitte Macron n\u00e3o pode comparecer \u2014 esta \u00faltima tendo passado por uma cirurgia de emerg\u00eancia no olho no in\u00edcio de mar\u00e7o de 2026.<\/p>\n<p>Ela tamb\u00e9m esteve presente na <strong>estreia do espet\u00e1culo de Ary Abittan<\/strong> <em>\u00ab Authentique \u00bb<\/em> no Folies Berg\u00e8re (7 de dezembro de 2025), ao lado de sua m\u00e3e e dos produtores Gilbert e Nicole Coullier. O v\u00eddeo gravado nos bastidores provoca um pequeno esc\u00e2ndalo online.<\/p>\n<p> sua carreira de advogada continua. Projetos relacionados \u00e0 adapta\u00e7\u00e3o de seu romance <em>Assises<\/em> est\u00e3o sendo discutidos. Ela n\u00e3o descarta, segundo suas proximidades, um compromisso pol\u00edtico mais direto uma vez que seu padrasto n\u00e3o estiver mais no \u00c9lys\u00e9e.<\/p>\n<h2>FAQ<\/h2>\n<h3>Quem \u00e9 Tiphaine Auzi\u00e8re?<\/h3>\n<p>Tiphaine Auzi\u00e8re \u00e9 a filha ca\u00e7ula de Brigitte Macron e de Andr\u00e9-Louis Auzi\u00e8re, o banc\u00e1rio falecido em 2019. Nascida em 30 de janeiro de 1984 em Amiens, ela \u00e9 advogada especializada em direito do trabalho, cofundadora do escrit\u00f3rio Challenges Avocats em Boulogne-sur-Mer. Ela tamb\u00e9m \u00e9 autora do romance Assises (2024) e foi cronista judicial no TPMP na C8 de outubro de 2024 a mar\u00e7o de 2025.<\/p>\n<h3>Qual a idade de Tiphaine Auzi\u00e8re?<\/h3>\n<p>Tiphaine Auzi\u00e8re nasceu em 30 de janeiro de 1984. Ela tem 42 anos em 2026.<\/p>\n<h3>Tiphaine Auzi\u00e8re est\u00e1 em um relacionamento com Cyril Hanouna?<\/h3>\n<p>A Paris Match revelou na capa em 19 de mar\u00e7o de 2025 um relacionamento entre Tiphaine Auzi\u00e8re e Cyril Hanouna, nascido de sua colabora\u00e7\u00e3o no TPMP. No entanto, apari\u00e7\u00f5es p\u00fablicas posteriores (notavelmente em mar\u00e7o de 2026) os mostram se movendo separadamente. A natureza exata de seu relacionamento n\u00e3o foi oficialmente confirmada pelos interessados.<\/p>\n<h3>Qual \u00e9 o romance de Tiphaine Auzi\u00e8re?<\/h3>\n<p>Seu primeiro romance chama-se Assises, publicado em 2024. \u00c9 um drama judicial inspirado por sua experi\u00eancia como advogada, centrado nas viol\u00eancias conjugais e no funcionamento da justi\u00e7a penal francesa.<\/p>\n<h3>O que declarou Tiphaine Auzi\u00e8re no julgamento do ciberass\u00e9dio de Brigitte Macron?<\/h3>\n<p>Em 28 de outubro de 2025, ela testemunha para descrever a degrada\u00e7\u00e3o da sa\u00fade e das condi\u00e7\u00f5es de vida de sua m\u00e3e desde 2021\u20132022, relacionada \u00e0s campanhas de ass\u00e9dio online. Ela descreve uma m\u00e3e for\u00e7ada a monitorar cada uma de suas imagens, n\u00e3o podendo mais ignorar as mensagens de \u00f3dio em sua vida cotidiana.<\/p>\n<h3>Quais s\u00e3o os filhos de Tiphaine Auzi\u00e8re?<\/h3>\n<p>Tiphaine Auzi\u00e8re tem dois filhos, \u00c9lise e Aur\u00e8le, com seu ex-companheiro Antoine Choteau, gastroenterologista. Sua separa\u00e7\u00e3o ocorreu no in\u00edcio de 2025, segundo a revista Gala.<\/p>\n<p>[<br \/>\n  {<br \/>\n    \u00ab\u00a0@context\u00a0\u00bb: \u00ab\u00a0https:\/\/schema.org\u00a0\u00bb,<br \/>\n    \u00ab\u00a0@type\u00a0\u00bb: \u00ab\u00a0Article\u00a0\u00bb,<br \/>\n    \u00ab\u00a0headline\u00a0\u00bb: \u00ab\u00a0Tiphaine Auzi\u00e8re: biografia, carreira, livro Assises, vida privada e atualidade 2026\u00a0\u00bb,<br \/>\n    \u00ab\u00a0description\u00a0\u00bb: \u00ab\u00a0Biografia completa de Tiphaine Auzi\u00e8re: advogada, romancista, cronista TPMP, filha de Brigitte Macron. Carreira, romance Assises, relacionamento Hanouna, julgamento ciberass\u00e9dio 2025.\u00a0\u00bb,<br \/>\n    \u00ab\u00a0inLanguage\u00a0\u00bb: \u00ab\u00a0fr\u00a0\u00bb<br \/>\n  },<br \/>\n  {<br \/>\n    \u00ab\u00a0@context\u00a0\u00bb: \u00ab\u00a0https:\/\/schema.org\u00a0\u00bb,<br \/>\n    \u00ab\u00a0@type\u00a0\u00bb: \u00ab\u00a0Person\u00a0\u00bb,<br \/>\n    \u00ab\u00a0name\u00a0\u00bb: \u00ab\u00a0Tiphaine Auzi\u00e8re\u00a0\u00bb,<br \/>\n    \u00ab\u00a0birthDate\u00a0\u00bb: \u00ab\u00a01984-01-30\u00a0\u00bb,<br \/>\n    \u00ab\u00a0birthPlace\u00a0\u00bb: {<br \/>\n      \u00ab\u00a0@type\u00a0\u00bb: \u00ab\u00a0Place\u00a0\u00bb,<br \/>\n      \u00ab\u00a0name\u00a0\u00bb: \u00ab\u00a0Amiens, Somme, Fran\u00e7a\u00a0\u00bb<br \/>\n    },<br \/>\n    \u00ab\u00a0nationality\u00a0\u00bb: \u00ab\u00a0Francesa\u00a0\u00bb,<br \/>\n    \u00ab\u00a0jobTitle\u00a0\u00bb: \u00ab\u00a0Advogada, romancista\u00a0\u00bb,<br \/>\n    \u00ab\u00a0alumniOf\u00a0\u00bb: [<br \/>\n      { \u00ab\u00a0@type\u00a0\u00bb: \u00ab\u00a0Organization\u00a0\u00bb, \u00ab\u00a0name\u00a0\u00bb: \u00ab\u00a0Universit\u00e9 Panth\u00e9on-Sorbonne\u00a0\u00bb },<br \/>\n      { \u00ab\u00a0@type\u00a0\u00bb: \u00ab\u00a0Organization\u00a0\u00bb, \u00ab\u00a0name\u00a0\u00bb: \u00ab\u00a0\u00c9cole de Formation du Barreau de Paris\u00a0\u00bb }<br \/>\n    ],<br \/>\n    \u00ab\u00a0parent\u00a0\u00bb: [<br \/>\n      { \u00ab\u00a0@type\u00a0\u00bb: \u00ab\u00a0Person\u00a0\u00bb, \u00ab\u00a0name\u00a0\u00bb: \u00ab\u00a0Brigitte Macron\u00a0\u00bb },<br \/>\n      { \u00ab\u00a0@type\u00a0\u00bb: \u00ab\u00a0Person\u00a0\u00bb, \u00ab\u00a0name\u00a0\u00bb: \u00ab\u00a0Andr\u00e9-Louis Auzi\u00e8re\u00a0\u00bb }<br \/>\n    ],<br \/>\n    \u00ab\u00a0sibling\u00a0\u00bb: [<br \/>\n      { \u00ab\u00a0@type\u00a0\u00bb: \u00ab\u00a0Person\u00a0\u00bb, \u00ab\u00a0name\u00a0\u00bb: \u00ab\u00a0S\u00e9bastien Auzi\u00e8re\u00a0\u00bb },<br \/>\n      { \u00ab\u00a0@type\u00a0\u00bb: \u00ab\u00a0Person\u00a0\u00bb, \u00ab\u00a0name\u00a0\u00bb: \u00ab\u00a0Laurence Auzi\u00e8re\u00a0\u00bb }<br \/>\n    ],<br \/>\n    \u00ab\u00a0children\u00a0\u00bb: [<br \/>\n      { \u00ab\u00a0@type\u00a0\u00bb: \u00ab\u00a0Person\u00a0\u00bb, \u00ab\u00a0name\u00a0\u00bb: \u00ab\u00a0\u00c9lise Choteau\u00a0\u00bb },<br \/>\n      { \u00ab\u00a0@type\u00a0\u00bb: \u00ab\u00a0Person\u00a0\u00bb, \u00ab\u00a0name\u00a0\u00bb: \u00ab\u00a0Aur\u00e8le Choteau\u00a0\u00bb }<br \/>\n    ]<br \/>\n  },<br \/>\n  {<br \/>\n    \u00ab\u00a0@context\u00a0\u00bb: \u00ab\u00a0https:\/\/schema.org\u00a0\u00bb,<br \/>\n    \u00ab\u00a0@type\u00a0\u00bb: \u00ab\u00a0FAQPage\u00a0\u00bb,<br \/>\n    \u00ab\u00a0mainEntity\u00a0\u00bb: [<br \/>\n      {<br \/>\n        \u00ab\u00a0@type\u00a0\u00bb: \u00ab\u00a0Question\u00a0\u00bb,<br \/>\n        \u00ab\u00a0name\u00a0\u00bb: \u00ab\u00a0Quem \u00e9 Tiphaine Auzi\u00e8re?\u00a0\u00bb,<br \/>\n        \u00ab\u00a0acceptedAnswer\u00a0\u00bb: { \u00ab\u00a0@type\u00a0\u00bb: \u00ab\u00a0Answer\u00a0\u00bb, \u00ab\u00a0text\u00a0\u00bb: \u00ab\u00a0Tiphaine Auzi\u00e8re \u00e9 a filha ca\u00e7ula de Brigitte Macron, nascida em 30 de janeiro de 1984 em Amiens. Advogada especializada em direito do trabalho, cofundadora do escrit\u00f3rio Challenges Avocats, romancista (Assises, 2024) e ex-cronista no TPMP (2024\u20132025).\u00a0\u00bb }<br \/>\n      },<br \/>\n      {<br \/>\n        \u00ab\u00a0@type\u00a0\u00bb: \u00ab\u00a0Question\u00a0\u00bb,<br \/>\n        \u00ab\u00a0name\u00a0\u00bb: \u00ab\u00a0Qual a idade de Tiphaine Auzi\u00e8re?\u00a0\u00bb,<br \/>\n        \u00ab\u00a0acceptedAnswer\u00a0\u00bb: { \u00ab\u00a0@type\u00a0\u00bb: \u00ab\u00a0Answer\u00a0\u00bb, \u00ab\u00a0text\u00a0\u00bb: \u00ab\u00a0Tiphaine Auzi\u00e8re nasceu em 30 de janeiro de 1984. Ela tem 42 anos em 2026.\u00a0\u00bb }<br \/>\n      },<br \/>\n      {<br \/>\n        \u00ab\u00a0@type\u00a0\u00bb: \u00ab\u00a0Question\u00a0\u00bb,<br \/>\n        \u00ab\u00a0name\u00a0\u00bb: \u00ab\u00a0Tiphaine Auzi\u00e8re est\u00e1 em um relacionamento com Cyril Hanouna?\u00a0\u00bb,<br \/>\n        \u00ab\u00a0acceptedAnswer\u00a0\u00bb: { \u00ab\u00a0@type\u00a0\u00bb: \u00ab\u00a0Answer\u00a0\u00bb, \u00ab\u00a0text\u00a0\u00bb: \u00ab\u00a0A Paris Match revelou um relacionamento em mar\u00e7o de 2025. No entanto, apari\u00e7\u00f5es posteriores mostram-nos se movendo separadamente. Os interessados n\u00e3o confirmaram oficialmente seu relacionamento.\u00a0\u00bb }<br \/>\n      },<br \/>\n      {<br \/>\n        \u00ab\u00a0@type\u00a0\u00bb: \u00ab\u00a0Question\u00a0\u00bb,<br \/>\n        \u00ab\u00a0name\u00a0\u00bb: \u00ab\u00a0Qual \u00e9 o romance de Tiphaine Auzi\u00e8re?\u00a0\u00bb,<br \/>\n        \u00ab\u00a0acceptedAnswer\u00a0\u00bb: { \u00ab\u00a0@type\u00a0\u00bb: \u00ab\u00a0Answer\u00a0\u00bb, \u00ab\u00a0text\u00a0\u00bb: \u00ab\u00a0Assises (2024), um drama judicial inspirado por sua experi\u00eancia como advogada, centrado nas viol\u00eancias conjugais e na justi\u00e7a penal francesa.\u00a0\u00bb }<br \/>\n      }<br \/>\n    ]<br \/>\n  }<br \/>\n]<\/p>\n","protected":false},"excerpt":{"rendered":"<p>Tiphaine Auzi\u00e8re, nascida em 30 de janeiro de 1984 em Amiens, \u00e9 advogada especializada em direito do trabalho, romancista e ex-cronista de televis\u00e3o. Filha ca\u00e7ula de Brigitte Macron e de Andr\u00e9-Louis Auzi\u00e8re (banc\u00e1rio, 1951\u20132019), ela \u00e9 a ca\u00e7ula de uma ninhada de tr\u00eas filhos com S\u00e9bastien e Laurence Auzi\u00e8re. Nora de Emmanuel Macron desde 2017, &#8230; <a title=\"Tiphaine Auzi\u00e8re: biografia, carreira, vida privada e atualidade 2026\" class=\"read-more\" href=\"https:\/\/www.sebastien-auziere.fr\/blog\/pt\/tiphaine-auziere-biografia-carreira-vida-privada-e-atualidade-2026\/\" aria-label=\"En savoir plus sur Tiphaine Auzi\u00e8re: biografia, carreira, vida privada e atualidade 2026\">Lire plus<\/a><\/p>\n","protected":false},"author":4,"featured_media":2427,"comment_status":"open","ping_status":"open","sticky":false,"template":"","format":"standard","meta":{"footnotes":""},"categories":[848],"tags":[],"class_list":["post-2437","post","type-post","status-publish","format-standard","has-post-thumbnail","hentry","category-non-classe-pt"],"yoast_head":"<!-- This site is optimized with the Yoast SEO plugin v27.5 - https:\/\/yoast.com\/product\/yoast-seo-wordpress\/ -->\n<title>Tiphaine Auzi\u00e8re : biographie, carri\u00e8re, livre Assises, vie priv\u00e9e et actualit\u00e9 2026<\/title>\n<meta name=\"description\" content=\"Tout sur Tiphaine Auzi\u00e8re : \u00e2ge, biographie, carri\u00e8re d&#039;avocate, roman Assises, chronique TPMP, relation avec Cyril Hanouna, t\u00e9moignage au proc\u00e8s du cyberharc\u00e8lement de Brigitte Macron. Actualit\u00e9 2026.\" \/>\n<meta name=\"robots\" content=\"index, follow, max-snippet:-1, max-image-preview:large, max-video-preview:-1\" \/>\n<link rel=\"canonical\" href=\"https:\/\/www.sebastien-auziere.fr\/blog\/pt\/tiphaine-auziere-biografia-carreira-vida-privada-e-atualidade-2026\/\" \/>\n<meta property=\"og:locale\" content=\"fr_FR\" \/>\n<meta property=\"og:type\" content=\"article\" \/>\n<meta property=\"og:title\" content=\"Tiphaine Auzi\u00e8re : biographie, carri\u00e8re, livre Assises, vie priv\u00e9e et actualit\u00e9 2026\" \/>\n<meta property=\"og:description\" content=\"Tout sur Tiphaine Auzi\u00e8re : \u00e2ge, biographie, carri\u00e8re d&#039;avocate, roman Assises, chronique TPMP, relation avec Cyril Hanouna, t\u00e9moignage au proc\u00e8s du cyberharc\u00e8lement de Brigitte Macron. Actualit\u00e9 2026.\" \/>\n<meta property=\"og:url\" content=\"https:\/\/www.sebastien-auziere.fr\/blog\/pt\/tiphaine-auziere-biografia-carreira-vida-privada-e-atualidade-2026\/\" \/>\n<meta property=\"og:site_name\" content=\"Fan site S\u00e9bastien Auzi\u00e8re\" \/>\n<meta property=\"article:published_time\" content=\"2026-03-09T18:37:44+00:00\" \/>\n<meta property=\"article:modified_time\" content=\"2026-03-09T18:39:09+00:00\" \/>\n<meta property=\"og:image\" content=\"https:\/\/www.sebastien-auziere.fr\/blog\/wp-content\/uploads\/2026\/03\/tt.jpg\" \/>\n\t<meta property=\"og:image:width\" content=\"858\" \/>\n\t<meta property=\"og:image:height\" content=\"573\" \/>\n\t<meta property=\"og:image:type\" content=\"image\/jpeg\" \/>\n<meta name=\"author\" content=\"Celine\" \/>\n<meta name=\"twitter:card\" content=\"summary_large_image\" \/>\n<meta name=\"twitter:label1\" content=\"\u00c9crit par\" \/>\n\t<meta name=\"twitter:data1\" content=\"Celine\" \/>\n\t<meta name=\"twitter:label2\" content=\"Dur\u00e9e de lecture estim\u00e9e\" \/>\n\t<meta name=\"twitter:data2\" content=\"11 minutes\" \/>\n<script type=\"application\/ld+json\" class=\"yoast-schema-graph\">{\"@context\":\"https:\\\/\\\/schema.org\",\"@graph\":[{\"@type\":\"Article\",\"@id\":\"https:\\\/\\\/www.sebastien-auziere.fr\\\/blog\\\/pt\\\/tiphaine-auziere-biografia-carreira-vida-privada-e-atualidade-2026\\\/#article\",\"isPartOf\":{\"@id\":\"https:\\\/\\\/www.sebastien-auziere.fr\\\/blog\\\/pt\\\/tiphaine-auziere-biografia-carreira-vida-privada-e-atualidade-2026\\\/\"},\"author\":{\"name\":\"Celine\",\"@id\":\"https:\\\/\\\/www.sebastien-auziere.fr\\\/blog\\\/#\\\/schema\\\/person\\\/1e270a963009242469ed08b1c461f81f\"},\"headline\":\"Tiphaine Auzi\u00e8re: biografia, carreira, vida privada e atualidade 2026\",\"datePublished\":\"2026-03-09T18:37:44+00:00\",\"dateModified\":\"2026-03-09T18:39:09+00:00\",\"mainEntityOfPage\":{\"@id\":\"https:\\\/\\\/www.sebastien-auziere.fr\\\/blog\\\/pt\\\/tiphaine-auziere-biografia-carreira-vida-privada-e-atualidade-2026\\\/\"},\"wordCount\":2240,\"commentCount\":0,\"publisher\":{\"@id\":\"https:\\\/\\\/www.sebastien-auziere.fr\\\/blog\\\/#organization\"},\"image\":{\"@id\":\"https:\\\/\\\/www.sebastien-auziere.fr\\\/blog\\\/pt\\\/tiphaine-auziere-biografia-carreira-vida-privada-e-atualidade-2026\\\/#primaryimage\"},\"thumbnailUrl\":\"https:\\\/\\\/www.sebastien-auziere.fr\\\/blog\\\/wp-content\\\/uploads\\\/2026\\\/03\\\/tt.jpg\",\"inLanguage\":\"fr-FR\",\"potentialAction\":[{\"@type\":\"CommentAction\",\"name\":\"Comment\",\"target\":[\"https:\\\/\\\/www.sebastien-auziere.fr\\\/blog\\\/pt\\\/tiphaine-auziere-biografia-carreira-vida-privada-e-atualidade-2026\\\/#respond\"]}]},{\"@type\":\"WebPage\",\"@id\":\"https:\\\/\\\/www.sebastien-auziere.fr\\\/blog\\\/pt\\\/tiphaine-auziere-biografia-carreira-vida-privada-e-atualidade-2026\\\/\",\"url\":\"https:\\\/\\\/www.sebastien-auziere.fr\\\/blog\\\/pt\\\/tiphaine-auziere-biografia-carreira-vida-privada-e-atualidade-2026\\\/\",\"name\":\"Tiphaine Auzi\u00e8re : biographie, carri\u00e8re, livre Assises, vie priv\u00e9e et actualit\u00e9 2026\",\"isPartOf\":{\"@id\":\"https:\\\/\\\/www.sebastien-auziere.fr\\\/blog\\\/#website\"},\"primaryImageOfPage\":{\"@id\":\"https:\\\/\\\/www.sebastien-auziere.fr\\\/blog\\\/pt\\\/tiphaine-auziere-biografia-carreira-vida-privada-e-atualidade-2026\\\/#primaryimage\"},\"image\":{\"@id\":\"https:\\\/\\\/www.sebastien-auziere.fr\\\/blog\\\/pt\\\/tiphaine-auziere-biografia-carreira-vida-privada-e-atualidade-2026\\\/#primaryimage\"},\"thumbnailUrl\":\"https:\\\/\\\/www.sebastien-auziere.fr\\\/blog\\\/wp-content\\\/uploads\\\/2026\\\/03\\\/tt.jpg\",\"datePublished\":\"2026-03-09T18:37:44+00:00\",\"dateModified\":\"2026-03-09T18:39:09+00:00\",\"description\":\"Tout sur Tiphaine Auzi\u00e8re : \u00e2ge, biographie, carri\u00e8re d'avocate, roman Assises, chronique TPMP, relation avec Cyril Hanouna, t\u00e9moignage au proc\u00e8s du cyberharc\u00e8lement de Brigitte Macron. Actualit\u00e9 2026.\",\"breadcrumb\":{\"@id\":\"https:\\\/\\\/www.sebastien-auziere.fr\\\/blog\\\/pt\\\/tiphaine-auziere-biografia-carreira-vida-privada-e-atualidade-2026\\\/#breadcrumb\"},\"inLanguage\":\"fr-FR\",\"potentialAction\":[{\"@type\":\"ReadAction\",\"target\":[\"https:\\\/\\\/www.sebastien-auziere.fr\\\/blog\\\/pt\\\/tiphaine-auziere-biografia-carreira-vida-privada-e-atualidade-2026\\\/\"]}]},{\"@type\":\"ImageObject\",\"inLanguage\":\"fr-FR\",\"@id\":\"https:\\\/\\\/www.sebastien-auziere.fr\\\/blog\\\/pt\\\/tiphaine-auziere-biografia-carreira-vida-privada-e-atualidade-2026\\\/#primaryimage\",\"url\":\"https:\\\/\\\/www.sebastien-auziere.fr\\\/blog\\\/wp-content\\\/uploads\\\/2026\\\/03\\\/tt.jpg\",\"contentUrl\":\"https:\\\/\\\/www.sebastien-auziere.fr\\\/blog\\\/wp-content\\\/uploads\\\/2026\\\/03\\\/tt.jpg\",\"width\":858,\"height\":573,\"caption\":\"Tiphaine Auzi\u00e8re\"},{\"@type\":\"BreadcrumbList\",\"@id\":\"https:\\\/\\\/www.sebastien-auziere.fr\\\/blog\\\/pt\\\/tiphaine-auziere-biografia-carreira-vida-privada-e-atualidade-2026\\\/#breadcrumb\",\"itemListElement\":[{\"@type\":\"ListItem\",\"position\":1,\"name\":\"Home\",\"item\":\"https:\\\/\\\/www.sebastien-auziere.fr\\\/blog\\\/\"},{\"@type\":\"ListItem\",\"position\":2,\"name\":\"Tiphaine Auzi\u00e8re: biografia, carreira, vida privada e atualidade 2026\"}]},{\"@type\":\"WebSite\",\"@id\":\"https:\\\/\\\/www.sebastien-auziere.fr\\\/blog\\\/#website\",\"url\":\"https:\\\/\\\/www.sebastien-auziere.fr\\\/blog\\\/\",\"name\":\"Fan site S\u00e9bastien Auzi\u00e8re\",\"description\":\"M\u00e9dia g\u00e9n\u00e9raliste\",\"publisher\":{\"@id\":\"https:\\\/\\\/www.sebastien-auziere.fr\\\/blog\\\/#organization\"},\"potentialAction\":[{\"@type\":\"SearchAction\",\"target\":{\"@type\":\"EntryPoint\",\"urlTemplate\":\"https:\\\/\\\/www.sebastien-auziere.fr\\\/blog\\\/?s={search_term_string}\"},\"query-input\":{\"@type\":\"PropertyValueSpecification\",\"valueRequired\":true,\"valueName\":\"search_term_string\"}}],\"inLanguage\":\"fr-FR\"},{\"@type\":\"Organization\",\"@id\":\"https:\\\/\\\/www.sebastien-auziere.fr\\\/blog\\\/#organization\",\"name\":\"Fan site S\u00e9bastien Auzi\u00e8re\",\"url\":\"https:\\\/\\\/www.sebastien-auziere.fr\\\/blog\\\/\",\"logo\":{\"@type\":\"ImageObject\",\"inLanguage\":\"fr-FR\",\"@id\":\"https:\\\/\\\/www.sebastien-auziere.fr\\\/blog\\\/#\\\/schema\\\/logo\\\/image\\\/\",\"url\":\"https:\\\/\\\/www.sebastien-auziere.fr\\\/blog\\\/wp-content\\\/uploads\\\/2026\\\/03\\\/cropped-cropped-cropped-ChatGPT-Image-6-mars-2026-12_58_09-e1772798376794.jpg\",\"contentUrl\":\"https:\\\/\\\/www.sebastien-auziere.fr\\\/blog\\\/wp-content\\\/uploads\\\/2026\\\/03\\\/cropped-cropped-cropped-ChatGPT-Image-6-mars-2026-12_58_09-e1772798376794.jpg\",\"width\":512,\"height\":360,\"caption\":\"Fan site S\u00e9bastien Auzi\u00e8re\"},\"image\":{\"@id\":\"https:\\\/\\\/www.sebastien-auziere.fr\\\/blog\\\/#\\\/schema\\\/logo\\\/image\\\/\"}},{\"@type\":\"Person\",\"@id\":\"https:\\\/\\\/www.sebastien-auziere.fr\\\/blog\\\/#\\\/schema\\\/person\\\/1e270a963009242469ed08b1c461f81f\",\"name\":\"Celine\",\"image\":{\"@type\":\"ImageObject\",\"inLanguage\":\"fr-FR\",\"@id\":\"https:\\\/\\\/secure.gravatar.com\\\/avatar\\\/c88d569fbe1fe19a13c7f21ee0f8973822df96073df21850b95af6a09ba820c9?s=96&d=mm&r=g\",\"url\":\"https:\\\/\\\/secure.gravatar.com\\\/avatar\\\/c88d569fbe1fe19a13c7f21ee0f8973822df96073df21850b95af6a09ba820c9?s=96&d=mm&r=g\",\"contentUrl\":\"https:\\\/\\\/secure.gravatar.com\\\/avatar\\\/c88d569fbe1fe19a13c7f21ee0f8973822df96073df21850b95af6a09ba820c9?s=96&d=mm&r=g\",\"caption\":\"Celine\"},\"description\":\"Je m'appelle C\u00e9line, j'ai 31 ans et je suis journaliste sp\u00e9cialis\u00e9e dans le cin\u00e9ma. Passionn\u00e9e par le septi\u00e8me art, j'explore les actualit\u00e9s, les critiques et les tendances du monde cin\u00e9matographique. Mon objectif est de partager ma passion et d'informer les amateurs de films \u00e0 travers des articles percutants et des analyses approfondies.\",\"url\":\"https:\\\/\\\/www.sebastien-auziere.fr\\\/blog\\\/author\\\/celine\\\/\"}]}<\/script>\n<!-- \/ Yoast SEO plugin. -->","yoast_head_json":{"title":"Tiphaine Auzi\u00e8re : biographie, carri\u00e8re, livre Assises, vie priv\u00e9e et actualit\u00e9 2026","description":"Tout sur Tiphaine Auzi\u00e8re : \u00e2ge, biographie, carri\u00e8re d'avocate, roman Assises, chronique TPMP, relation avec Cyril Hanouna, t\u00e9moignage au proc\u00e8s du cyberharc\u00e8lement de Brigitte Macron. Actualit\u00e9 2026.","robots":{"index":"index","follow":"follow","max-snippet":"max-snippet:-1","max-image-preview":"max-image-preview:large","max-video-preview":"max-video-preview:-1"},"canonical":"https:\/\/www.sebastien-auziere.fr\/blog\/pt\/tiphaine-auziere-biografia-carreira-vida-privada-e-atualidade-2026\/","og_locale":"fr_FR","og_type":"article","og_title":"Tiphaine Auzi\u00e8re : biographie, carri\u00e8re, livre Assises, vie priv\u00e9e et actualit\u00e9 2026","og_description":"Tout sur Tiphaine Auzi\u00e8re : \u00e2ge, biographie, carri\u00e8re d'avocate, roman Assises, chronique TPMP, relation avec Cyril Hanouna, t\u00e9moignage au proc\u00e8s du cyberharc\u00e8lement de Brigitte Macron. Actualit\u00e9 2026.","og_url":"https:\/\/www.sebastien-auziere.fr\/blog\/pt\/tiphaine-auziere-biografia-carreira-vida-privada-e-atualidade-2026\/","og_site_name":"Fan site S\u00e9bastien Auzi\u00e8re","article_published_time":"2026-03-09T18:37:44+00:00","article_modified_time":"2026-03-09T18:39:09+00:00","og_image":[{"width":858,"height":573,"url":"https:\/\/www.sebastien-auziere.fr\/blog\/wp-content\/uploads\/2026\/03\/tt.jpg","type":"image\/jpeg"}],"author":"Celine","twitter_card":"summary_large_image","twitter_misc":{"\u00c9crit par":"Celine","Dur\u00e9e de lecture estim\u00e9e":"11 minutes"},"schema":{"@context":"https:\/\/schema.org","@graph":[{"@type":"Article","@id":"https:\/\/www.sebastien-auziere.fr\/blog\/pt\/tiphaine-auziere-biografia-carreira-vida-privada-e-atualidade-2026\/#article","isPartOf":{"@id":"https:\/\/www.sebastien-auziere.fr\/blog\/pt\/tiphaine-auziere-biografia-carreira-vida-privada-e-atualidade-2026\/"},"author":{"name":"Celine","@id":"https:\/\/www.sebastien-auziere.fr\/blog\/#\/schema\/person\/1e270a963009242469ed08b1c461f81f"},"headline":"Tiphaine Auzi\u00e8re: biografia, carreira, vida privada e atualidade 2026","datePublished":"2026-03-09T18:37:44+00:00","dateModified":"2026-03-09T18:39:09+00:00","mainEntityOfPage":{"@id":"https:\/\/www.sebastien-auziere.fr\/blog\/pt\/tiphaine-auziere-biografia-carreira-vida-privada-e-atualidade-2026\/"},"wordCount":2240,"commentCount":0,"publisher":{"@id":"https:\/\/www.sebastien-auziere.fr\/blog\/#organization"},"image":{"@id":"https:\/\/www.sebastien-auziere.fr\/blog\/pt\/tiphaine-auziere-biografia-carreira-vida-privada-e-atualidade-2026\/#primaryimage"},"thumbnailUrl":"https:\/\/www.sebastien-auziere.fr\/blog\/wp-content\/uploads\/2026\/03\/tt.jpg","inLanguage":"fr-FR","potentialAction":[{"@type":"CommentAction","name":"Comment","target":["https:\/\/www.sebastien-auziere.fr\/blog\/pt\/tiphaine-auziere-biografia-carreira-vida-privada-e-atualidade-2026\/#respond"]}]},{"@type":"WebPage","@id":"https:\/\/www.sebastien-auziere.fr\/blog\/pt\/tiphaine-auziere-biografia-carreira-vida-privada-e-atualidade-2026\/","url":"https:\/\/www.sebastien-auziere.fr\/blog\/pt\/tiphaine-auziere-biografia-carreira-vida-privada-e-atualidade-2026\/","name":"Tiphaine Auzi\u00e8re : biographie, carri\u00e8re, livre Assises, vie priv\u00e9e et actualit\u00e9 2026","isPartOf":{"@id":"https:\/\/www.sebastien-auziere.fr\/blog\/#website"},"primaryImageOfPage":{"@id":"https:\/\/www.sebastien-auziere.fr\/blog\/pt\/tiphaine-auziere-biografia-carreira-vida-privada-e-atualidade-2026\/#primaryimage"},"image":{"@id":"https:\/\/www.sebastien-auziere.fr\/blog\/pt\/tiphaine-auziere-biografia-carreira-vida-privada-e-atualidade-2026\/#primaryimage"},"thumbnailUrl":"https:\/\/www.sebastien-auziere.fr\/blog\/wp-content\/uploads\/2026\/03\/tt.jpg","datePublished":"2026-03-09T18:37:44+00:00","dateModified":"2026-03-09T18:39:09+00:00","description":"Tout sur Tiphaine Auzi\u00e8re : \u00e2ge, biographie, carri\u00e8re d'avocate, roman Assises, chronique TPMP, relation avec Cyril Hanouna, t\u00e9moignage au proc\u00e8s du cyberharc\u00e8lement de Brigitte Macron. Actualit\u00e9 2026.","breadcrumb":{"@id":"https:\/\/www.sebastien-auziere.fr\/blog\/pt\/tiphaine-auziere-biografia-carreira-vida-privada-e-atualidade-2026\/#breadcrumb"},"inLanguage":"fr-FR","potentialAction":[{"@type":"ReadAction","target":["https:\/\/www.sebastien-auziere.fr\/blog\/pt\/tiphaine-auziere-biografia-carreira-vida-privada-e-atualidade-2026\/"]}]},{"@type":"ImageObject","inLanguage":"fr-FR","@id":"https:\/\/www.sebastien-auziere.fr\/blog\/pt\/tiphaine-auziere-biografia-carreira-vida-privada-e-atualidade-2026\/#primaryimage","url":"https:\/\/www.sebastien-auziere.fr\/blog\/wp-content\/uploads\/2026\/03\/tt.jpg","contentUrl":"https:\/\/www.sebastien-auziere.fr\/blog\/wp-content\/uploads\/2026\/03\/tt.jpg","width":858,"height":573,"caption":"Tiphaine Auzi\u00e8re"},{"@type":"BreadcrumbList","@id":"https:\/\/www.sebastien-auziere.fr\/blog\/pt\/tiphaine-auziere-biografia-carreira-vida-privada-e-atualidade-2026\/#breadcrumb","itemListElement":[{"@type":"ListItem","position":1,"name":"Home","item":"https:\/\/www.sebastien-auziere.fr\/blog\/"},{"@type":"ListItem","position":2,"name":"Tiphaine Auzi\u00e8re: biografia, carreira, vida privada e atualidade 2026"}]},{"@type":"WebSite","@id":"https:\/\/www.sebastien-auziere.fr\/blog\/#website","url":"https:\/\/www.sebastien-auziere.fr\/blog\/","name":"Fan site S\u00e9bastien Auzi\u00e8re","description":"M\u00e9dia g\u00e9n\u00e9raliste","publisher":{"@id":"https:\/\/www.sebastien-auziere.fr\/blog\/#organization"},"potentialAction":[{"@type":"SearchAction","target":{"@type":"EntryPoint","urlTemplate":"https:\/\/www.sebastien-auziere.fr\/blog\/?s={search_term_string}"},"query-input":{"@type":"PropertyValueSpecification","valueRequired":true,"valueName":"search_term_string"}}],"inLanguage":"fr-FR"},{"@type":"Organization","@id":"https:\/\/www.sebastien-auziere.fr\/blog\/#organization","name":"Fan site S\u00e9bastien Auzi\u00e8re","url":"https:\/\/www.sebastien-auziere.fr\/blog\/","logo":{"@type":"ImageObject","inLanguage":"fr-FR","@id":"https:\/\/www.sebastien-auziere.fr\/blog\/#\/schema\/logo\/image\/","url":"https:\/\/www.sebastien-auziere.fr\/blog\/wp-content\/uploads\/2026\/03\/cropped-cropped-cropped-ChatGPT-Image-6-mars-2026-12_58_09-e1772798376794.jpg","contentUrl":"https:\/\/www.sebastien-auziere.fr\/blog\/wp-content\/uploads\/2026\/03\/cropped-cropped-cropped-ChatGPT-Image-6-mars-2026-12_58_09-e1772798376794.jpg","width":512,"height":360,"caption":"Fan site S\u00e9bastien Auzi\u00e8re"},"image":{"@id":"https:\/\/www.sebastien-auziere.fr\/blog\/#\/schema\/logo\/image\/"}},{"@type":"Person","@id":"https:\/\/www.sebastien-auziere.fr\/blog\/#\/schema\/person\/1e270a963009242469ed08b1c461f81f","name":"Celine","image":{"@type":"ImageObject","inLanguage":"fr-FR","@id":"https:\/\/secure.gravatar.com\/avatar\/c88d569fbe1fe19a13c7f21ee0f8973822df96073df21850b95af6a09ba820c9?s=96&d=mm&r=g","url":"https:\/\/secure.gravatar.com\/avatar\/c88d569fbe1fe19a13c7f21ee0f8973822df96073df21850b95af6a09ba820c9?s=96&d=mm&r=g","contentUrl":"https:\/\/secure.gravatar.com\/avatar\/c88d569fbe1fe19a13c7f21ee0f8973822df96073df21850b95af6a09ba820c9?s=96&d=mm&r=g","caption":"Celine"},"description":"Je m'appelle C\u00e9line, j'ai 31 ans et je suis journaliste sp\u00e9cialis\u00e9e dans le cin\u00e9ma. Passionn\u00e9e par le septi\u00e8me art, j'explore les actualit\u00e9s, les critiques et les tendances du monde cin\u00e9matographique. Mon objectif est de partager ma passion et d'informer les amateurs de films \u00e0 travers des articles percutants et des analyses approfondies.","url":"https:\/\/www.sebastien-auziere.fr\/blog\/author\/celine\/"}]}},"views":9,"_links":{"self":[{"href":"https:\/\/www.sebastien-auziere.fr\/blog\/wp-json\/wp\/v2\/posts\/2437","targetHints":{"allow":["GET"]}}],"collection":[{"href":"https:\/\/www.sebastien-auziere.fr\/blog\/wp-json\/wp\/v2\/posts"}],"about":[{"href":"https:\/\/www.sebastien-auziere.fr\/blog\/wp-json\/wp\/v2\/types\/post"}],"author":[{"embeddable":true,"href":"https:\/\/www.sebastien-auziere.fr\/blog\/wp-json\/wp\/v2\/users\/4"}],"replies":[{"embeddable":true,"href":"https:\/\/www.sebastien-auziere.fr\/blog\/wp-json\/wp\/v2\/comments?post=2437"}],"version-history":[{"count":1,"href":"https:\/\/www.sebastien-auziere.fr\/blog\/wp-json\/wp\/v2\/posts\/2437\/revisions"}],"predecessor-version":[{"id":2438,"href":"https:\/\/www.sebastien-auziere.fr\/blog\/wp-json\/wp\/v2\/posts\/2437\/revisions\/2438"}],"wp:featuredmedia":[{"embeddable":true,"href":"https:\/\/www.sebastien-auziere.fr\/blog\/wp-json\/wp\/v2\/media\/2427"}],"wp:attachment":[{"href":"https:\/\/www.sebastien-auziere.fr\/blog\/wp-json\/wp\/v2\/media?parent=2437"}],"wp:term":[{"taxonomy":"category","embeddable":true,"href":"https:\/\/www.sebastien-auziere.fr\/blog\/wp-json\/wp\/v2\/categories?post=2437"},{"taxonomy":"post_tag","embeddable":true,"href":"https:\/\/www.sebastien-auziere.fr\/blog\/wp-json\/wp\/v2\/tags?post=2437"}],"curies":[{"name":"wp","href":"https:\/\/api.w.org\/{rel}","templated":true}]}}