{"id":2435,"date":"2026-03-09T18:33:29","date_gmt":"2026-03-09T18:33:29","guid":{"rendered":"https:\/\/www.sebastien-auziere.fr\/blog\/?p=2435"},"modified":"2026-03-09T18:35:06","modified_gmt":"2026-03-09T18:35:06","slug":"tiphaine-auziere-biografia-carriera-vita-privata-e-attualita-2026","status":"publish","type":"post","link":"https:\/\/www.sebastien-auziere.fr\/blog\/it\/tiphaine-auziere-biografia-carriera-vita-privata-e-attualita-2026\/","title":{"rendered":"Tiphaine Auzi\u00e8re : biografia, carriera, vita privata e attualit\u00e0 2026"},"content":{"rendered":"<p style=\"padding: 24px;background: lightblue\"><strong>Tiphaine Auzi\u00e8re<\/strong>, nata il <strong>30 gennaio 1984 ad Amiens<\/strong>, \u00e8 un avvocato specializzato in diritto del lavoro, romanziera e ex cronista televisiva. Secondogenita di <strong>Brigitte Macron<\/strong> e di <strong>Andr\u00e9-Louis Auzi\u00e8re<\/strong> (banchiere, 1951\u20132019), \u00e8 la beniamina di una famiglia di tre figli con <strong>S\u00e9bastien<\/strong> e <strong>Laurence Auzi\u00e8re<\/strong>. Nuora di Emmanuel Macron dal 2017, ha saputo costruire una carriera e un&rsquo;identit\u00e0 proprie, lontano dal solo prisma familiare. Nel <strong>2024<\/strong>, pubblica il suo primo romanzo <em><strong>Assises<\/strong><\/em> e si unisce come cronista al programma <em>Touche pas \u00e0 mon poste<\/em> (C8). Nel <strong>ottobre 2025<\/strong>, testimonia nel processo per cyberbullismo contro sua madre Brigitte Macron davanti al tribunale di Parigi. Nel <strong>marzo 2025<\/strong>, Paris Match rivela la sua relazione con <strong>Cyril Hanouna<\/strong>. A <strong>42 anni<\/strong> nel 2026, Tiphaine Auzi\u00e8re si afferma come una personalit\u00e0 pubblica a pieno titolo.<\/p>\n<ol>\n<li><a href=\"#identite\">Identit\u00e0 e famiglia<\/a><\/li>\n<li><a href=\"#formation\">Formazione e percorso accademico<\/a><\/li>\n<li><a href=\"#carriere-avocate\">Carriera di avvocato<\/a><\/li>\n<li><a href=\"#engagement-politique\">Impegno politico<\/a><\/li>\n<li><a href=\"#roman-assises\">Il romanzo <em>Assises<\/em> (2024)<\/a><\/li>\n<li><a href=\"#tpmp\">Cronista a TPMP (2024\u20132025)<\/a><\/li>\n<li><a href=\"#vie-privee\">Vita privata<\/a><\/li>\n<li><a href=\"#proces-cyberharcelement\">Testimonianza al processo per cyberbullismo (ottobre 2025)<\/a><\/li>\n<li><a href=\"#actualite-2026\">Attualit\u00e0 2026<\/a><\/li>\n<\/ol>\n<h2 id=\"identite\">Identit\u00e0 e famiglia<\/h2>\n<p>Tiphaine Auzi\u00e8re \u00e8 il terzo figlio di <strong>Brigitte Trogneux<\/strong> (nata nel 1953, futura Brigitte Macron) e di <strong>Andr\u00e9-Louis Auzi\u00e8re<\/strong>, banchiere nato nel 1951 a \u00c9s\u00e9ka (Camerun), deceduto il 24 dicembre 2019. Ha due fratelli maggiori: <strong>S\u00e9bastien Auzi\u00e8re<\/strong>, ricercatore in laboratorio farmaceutico (nato nel 1975), e <strong>Laurence Auzi\u00e8re<\/strong>, cardiologa (nata nel 1977), che \u00e8 stata compagna di classe di Emmanuel Macron al liceo La Providence di Amiens.<\/p>\n<p>I suoi genitori divorziano il <strong>26 gennaio 2006<\/strong>. Sua madre sposa Emmanuel Macron nell&rsquo;<strong>ottobre 2007<\/strong>. Tiphaine intrattiene da allora con il suo patrigno una relazione di vicinanza e sostegno che descrive come sincera e non costretta.<\/p>\n<p>Alla morte di suo padre nel dicembre 2019, \u00e8 lei a annunciare il decesso su Paris Match nell&rsquo;<strong>ottobre 2020<\/strong>, descrivendo Andr\u00e9-Louis Auzi\u00e8re come <em>\u00ab un anticonformista che teneva pi\u00f9 di ogni altra cosa alla sua anonimato \u00bb<\/em>. Ha deliberatamente atteso diversi mesi per preservare la sua memoria e proteggere la sua famiglia.<\/p>\n<h2 id=\"formation\">Formazione e percorso accademico<\/h2>\n<p>Tiphaine Auzi\u00e8re svolge i suoi studi a Amiens, ottenendo il suo diploma di maturit\u00e0 al <strong>liceo La Providence<\/strong>. Inizia una hypok\u00e2gne al liceo Janson-de-Sailly a Parigi, che interrompe dopo un mese per riorientarsi verso il diritto. Si iscrive all&rsquo;<strong>Universit\u00e9 Panth\u00e9on-Sorbonne<\/strong> (Parigi I), dove sceglie una specializzazione in <strong>diritto del lavoro e diritto sociale<\/strong>, fino a ottenere un Master 2 in alternanza.<\/p>\n<p>Nel 2008, entra nell&rsquo;<strong>\u00c9cole de Formation du Barreau de Paris (EFB)<\/strong>. Durante i suoi studi, svolge uno stage di sei mesi come difensore sindacale presso la <strong>CFDT<\/strong>, avviando un impegno per la difesa dei diritti dei lavoratori che strutturer\u00e0 tutta la sua pratica professionale.<\/p>\n<h2 id=\"carriere-avocate\">Carriera di avvocato<\/h2>\n<p>Tiphaine Auzi\u00e8re presta giuramento nel <strong>2009<\/strong> e inizia la sua carriera negli Hauts-de-France, iscritta al <strong>barreau di Lille<\/strong>, specializzata nella difesa dei lavoratori e dei sindacati. Successivamente si unisce al <strong>barreau di Boulogne-sur-Mer<\/strong>, dove si stabilisce con la sua famiglia.<\/p>\n<p>Nel <strong>2018<\/strong>, co-fonda lo studio <strong>Challenges Avocats<\/strong> a Boulogne-sur-Mer, dedicato al diritto del lavoro e al diritto sociale. \u00c8 iscritta al <strong>barreau di Parigi<\/strong> per le sue attivit\u00e0 nella capitale.<\/p>\n<p>Nel <strong>settembre 2023<\/strong>, \u00e8 nominata <strong>amministratrice indipendente<\/strong> del consiglio di amministrazione della societ\u00e0 <strong>Arverne<\/strong>, un&rsquo;azienda francese specializzata nella produzione di calore geotermico, quotata in borsa. Questa nomina segna il suo ingresso negli organi di governance aziendale.<\/p>\n<p>La sua pratica rimane centrata sul diritto del lavoro, la difesa dei diritti dei lavoratori e, pi\u00f9 recentemente, sulle <strong>violenze domestiche<\/strong> \u2014 tema centrale del suo primo romanzo.<\/p>\n<h2 id=\"engagement-politique\">Impegno politico<\/h2>\n<p>Nel <strong>2016<\/strong>, Tiphaine Auzi\u00e8re crea e dirige un <strong>comitato di sostegno nel Pas-de-Calais<\/strong> per la campagna presidenziale di suo patrigno Emmanuel Macron. \u00c8 una delle prime a impegnarsi pubblicamente al suo fianco, molto prima che la vittoria di En Marche fosse assicurata.<\/p>\n<p>Durante le <strong>elezioni legislative di giugno 2017<\/strong>, \u00e8 candidata come <strong>supplente di Thibaut Guilluy<\/strong>, sotto l&rsquo;etichetta La R\u00e9publique En Marche (LREM), nella <strong>4a circoscrizione del Pas-de-Calais<\/strong> contro il deputato-sindaco uscente di Touquet-Paris-Plage Daniel Fasquelle. \u00c8 presente nei media per difendere una classe minacciata di chiusura a Fruges.<\/p>\n<p>Nel <strong>2020<\/strong>, annuncia su Paris Match la sua partecipazione alla creazione di un <strong>liceo privato fuori contratto<\/strong> chiamato <em>Autrement<\/em>, di cui assume la presidenza. L&rsquo;istituto, situato vicino a Saint-Louis-de-Gonzague a Parigi (dove Brigitte Macron ha insegnato), accoglie i suoi primi studenti con una retta annuale di <strong>9 500 \u20ac<\/strong> (o dieci volte meno per gli studenti con borsa di studio), permettendo di ottenere il diploma di maturit\u00e0 in due anni seguiti da un anno di preparazione alle grandi scuole.<\/p>\n<h2 id=\"roman-assises\">Il romanzo <em>Assises<\/em> (2024)<\/h2>\n<p>Nel <strong>2024<\/strong>, Tiphaine Auzi\u00e8re pubblica il suo primo romanzo, <em><strong>Assises<\/strong><\/em>, dramma giudiziario direttamente ispirato dalla sua esperienza di avvocato. Il libro tratta di <strong>violenze domestiche<\/strong>, il funzionamento della giustizia penale francese e le fallacie del sistema giudiziario di fronte alle vittime pi\u00f9 vulnerabili.<\/p>\n<p>La pubblicazione \u00e8 elogiata come una testimonianza impegnata sulle realt\u00e0 del tribunale, a met\u00e0 strada tra romanzo e documento. Tiphaine Auzi\u00e8re presenta il suo libro per la prima volta sul set di <em>Touche pas \u00e0 mon poste<\/em> nel <strong>maggio 2024<\/strong>, un&rsquo;uscita che segna l&rsquo;inizio di una collaborazione regolare con il programma.<\/p>\n<blockquote><p>Con <em>Assises<\/em>, Tiphaine Auzi\u00e8re trasporta nella finzione le tensioni vissute nelle aule di tribunale: la solitudine delle vittime, il peso delle procedure, l&rsquo;impuenza talvolta degli avvocati di fronte a verit\u00e0 che la giustizia non riesce sempre a udire.<\/p><\/blockquote>\n<h2 id=\"tpmp\">Cronista a TPMP (2024\u20132025)<\/h2>\n<p>Il <strong>9 ottobre 2024<\/strong>, Cyril Hanouna ufficializza l&rsquo;arrivo di Tiphaine Auzi\u00e8re come <strong>cronista giudiziaria settimanale<\/strong> nel programma <em>Touche pas \u00e0 mon poste<\/em> su C8. Ogni settimana, interviene per decifrare le notizie giuridiche e giudiziarie, semplificare procedure complesse e commentare i grandi casi in corso.<\/p>\n<p>La sua prima apparizione nel programma risale al <strong>27 maggio 2024<\/strong>, durante un invito per presentare <em>Assises<\/em>. Era tornata il <strong>2 ottobre 2024<\/strong> per parlare del caso degli stupri di Mazan.<\/p>\n<p>Il programma <em>Touche pas \u00e0 mon poste<\/em> si interrompe definitivamente il <strong>26 marzo 2025<\/strong>, ponendo fine a questa collaborazione. Nei mesi in cui ha partecipato, Tiphaine Auzi\u00e8re si \u00e8 affermata come una voce chiara e pedagogica su temi giuridici complessi, raggiungendo un pubblico molto vasto.<\/p>\n<h2 id=\"vie-privee\">Vita privata<\/h2>\n<p>Tiphaine Auzi\u00e8re ha vissuto per molti anni con <strong>Antoine Choteau<\/strong>, gastroenterologo, con cui ha avuto due figli:<\/p>\n<ul>\n<li><strong>\u00c9lise<\/strong>, nata nel 2003 (a volte indicata nel 2014 secondo le fonti \u2014 i dati pi\u00f9 affidabili la collocano intorno al 2003\u20132005)<\/li>\n<li><strong>Aur\u00e8le<\/strong>, nato nel 2005 (o 2016 secondo altre fonti)<\/li>\n<\/ul>\n<p>La famiglia risiedeva a <strong>Boulogne-sur-Mer<\/strong> negli Hauts-de-France. Secondo la rivista Gala, la separazione della coppia sarebbe avvenuta all&rsquo;inizio del <strong>2025<\/strong>, i due genitori restando in buoni rapporti per l&rsquo;educazione dei loro figli.<\/p>\n<p>Nel <strong>marzo 2025<\/strong>, Paris Match rivela in esclusiva e in copertura la relazione sentimentale tra Tiphaine Auzi\u00e8re e <strong>Cyril Hanouna<\/strong>. Secondo la rivista, la loro storia sarebbe iniziata discretamente nel corso della loro collaborazione a TPMP, Hanouna riempiendola di complimenti durante la sua prima apparizione nel maggio 2024. La relazione, confermata da fonti vicine, sarebbe stata presentata da Tiphaine a sua madre Brigitte Macron, che la sosterebbe. Tuttavia, apparizioni pubbliche successive \u2014 in particolare durante la serata del libro di Val\u00e9rie B\u00e9na\u00efm nel <strong>marzo 2026<\/strong> \u2014 mostrano le due personalit\u00e0 che si presentano separatamente e se ne vanno separatamente, lasciando la natura esatta della loro relazione aperta a interpretazione.<\/p>\n<h2 id=\"proces-cyberharcelement\">Testimonianza al processo per cyberbullismo (ottobre 2025)<\/h2>\n<p>Nel <strong>ottobre 2025<\/strong>, si apre davanti al tribunale di Parigi il processo per il cyberbullismo contro Brigitte Macron. Dieci persone sono perseguite per aver ampiamente diffuso una notizia falsa che la presentava come una donna transgender e per aver diffuso messaggi d&rsquo;odio sui social media dal 2021.<\/p>\n<p>Il <strong>28 ottobre 2025<\/strong>, Tiphaine Auzi\u00e8re testimonia alla barra \u2014 <em>\u00ab in quanto figlia, in quanto donna, in quanto mamma \u00bb<\/em>. Descrive un <strong>degrado delle condizioni di vita e della salute<\/strong> di sua madre dal 2021\u20132022, precisando di aver inizialmente sottostimato l&rsquo;ampiezza delle conseguenze, sua madre essendo <em>\u00ab una persona che non si lamenta \u00bb<\/em>.<\/p>\n<p>Racconta come Brigitte Macron sia ora costretta a <strong>monitorare i suoi abiti, le sue pose e le sue foto<\/strong>, sapendo che ogni immagine pu\u00f2 essere distorta. Legge i messaggi d&rsquo;odio, aggiunge Tiphaine, e non pu\u00f2 farne astrazione n\u00e9 nella sua vita privata n\u00e9 nella sua vita professionale.<\/p>\n<p>Un <strong>certificato medico<\/strong> del medico curante della Prima donna \u00e8 stato allegato alla procedura, attestando l&rsquo;impatto dei messaggi sul suo stato di salute. Gli avvocati della difesa hanno denunciato l&rsquo;assenza di Brigitte Macron stessa all&rsquo;udienza, lamentandosi di <em>\u00ab risposte vuote \u00bb<\/em>. Tiphaine Auzi\u00e8re ha inoltre confermato di aver visto suo zio <strong>Jean-Michel Trogneux<\/strong> \u2014 la cui esistenza distinta viene negata da alcuni accusati \u2014 <em>\u00ab qualche mese fa \u00bb<\/em>.<\/p>\n<h2 id=\"actualite-2026\">Attualit\u00e0 2026<\/h2>\n<p>Nel <strong>marzo 2026<\/strong>, Tiphaine Auzi\u00e8re \u00e8 presente al fianco di sua sorella Laurence durante un evento al quale la loro madre Brigitte Macron non pu\u00f2 assistere \u2014 quest&rsquo;ultima avendo subito un&rsquo;operazione d&#8217;emergenza all&rsquo;occhio all&rsquo;inizio di marzo 2026.<\/p>\n<p>\u00c8 anche presente alla <strong>prima dello spettacolo di Ary Abittan<\/strong> <em>\u00ab Authentique \u00bb<\/em> alle Folies Berg\u00e8re (7 dicembre 2025), al fianco di sua madre e dei produttori Gilbert e Nicole Coullier. Il video girato nei backstage provoca un breve scandalo online.<\/p>\n<p>La sua carriera di avvocato prosegue. Vengono menzionati progetti legati all&rsquo;adattamento del suo romanzo <em>Assises<\/em>. Non esclude, secondo i suoi cari, un impegno politico pi\u00f9 diretto una volta che suo patrigno non sar\u00e0 pi\u00f9 all&rsquo;\u00c9lys\u00e9e.<\/p>\n<h2>FAQ<\/h2>\n<h3>Chi \u00e8 Tiphaine Auzi\u00e8re ?<\/h3>\n<p>Tiphaine Auzi\u00e8re \u00e8 la figlia cadetta di Brigitte Macron e di Andr\u00e9-Louis Auzi\u00e8re, banchiere deceduto nel 2019. Nata il 30 gennaio 1984 ad Amiens, \u00e8 un avvocato specializzato in diritto del lavoro, co-fondatrice dello studio Challenges Avocats a Boulogne-sur-Mer. \u00c8 anche autrice del romanzo Assises (2024) e stata cronista giudiziaria in TPMP su C8 da ottobre 2024 a marzo 2025.<\/p>\n<h3>Quanti anni ha Tiphaine Auzi\u00e8re ?<\/h3>\n<p>Tiphaine Auzi\u00e8re \u00e8 nata il 30 gennaio 1984. Ha 42 anni nel 2026.<\/p>\n<h3>Tiphaine Auzi\u00e8re \u00e8 in coppia con Cyril Hanouna ?<\/h3>\n<p>Paris Match ha rivelato in copertura il 19 marzo 2025 una relazione sentimentale tra Tiphaine Auzi\u00e8re e Cyril Hanouna, nata dalla loro collaborazione a TPMP. Tuttavia, apparizioni pubbliche successive (in particolare a marzo 2026) li mostrano muoversi separatamente. La natura esatta della loro relazione non \u00e8 stata ufficialmente confermata dagli interessati.<\/p>\n<h3>Qual \u00e8 il romanzo di Tiphaine Auzi\u00e8re ?<\/h3>\n<p>Il suo primo romanzo si intitola Assises, pubblicato nel 2024. \u00c8 un dramma giudiziario ispirato dalla sua esperienza di avvocato, centrato sulle violenze domestiche e sul funzionamento della giustizia penale francese.<\/p>\n<h3>Cosa ha dichiarato Tiphaine Auzi\u00e8re al processo per cyberbullismo di Brigitte Macron ?<\/h3>\n<p>Il 28 ottobre 2025, testimonia alla barra per descrivere il degrado della salute e delle condizioni di vita di sua madre dal 2021\u20132022, legato alle campagne di bullismo online. Descrive una madre costretta a monitorare ciascuna delle sue immagini, non potendo pi\u00f9 fare astrazione dai messaggi d&rsquo;odio nella sua vita quotidiana.<\/p>\n<h3>Quali sono i figli di Tiphaine Auzi\u00e8re ?<\/h3>\n<p>Tiphaine Auzi\u00e8re ha due figli, \u00c9lise e Aur\u00e8le, con il suo ex compagno Antoine Choteau, gastroenterologo. La loro separazione \u00e8 avvenuta all&rsquo;inizio del 2025 secondo la rivista Gala.<\/p>\n<p>[<br \/>\n  {<br \/>\n    \u00ab\u00a0@context\u00a0\u00bb: \u00ab\u00a0https:\/\/schema.org\u00a0\u00bb,<br \/>\n    \u00ab\u00a0@type\u00a0\u00bb: \u00ab\u00a0Article\u00a0\u00bb,<br \/>\n    \u00ab\u00a0headline\u00a0\u00bb: \u00ab\u00a0Tiphaine Auzi\u00e8re : biografia, carriera, libro Assises, vita privata e attualit\u00e0 2026\u00a0\u00bb,<br \/>\n    \u00ab\u00a0description\u00a0\u00bb: \u00ab\u00a0Biografia completa di Tiphaine Auzi\u00e8re : avvocato, romanziera, cronista TPMP, figlia di Brigitte Macron. Carriera, romanzo Assises, relazione Hanouna, processo cyberbullismo 2025.\u00a0\u00bb,<br \/>\n    \u00ab\u00a0inLanguage\u00a0\u00bb: \u00ab\u00a0fr\u00a0\u00bb<br \/>\n  },<br \/>\n  {<br \/>\n    \u00ab\u00a0@context\u00a0\u00bb: \u00ab\u00a0https:\/\/schema.org\u00a0\u00bb,<br \/>\n    \u00ab\u00a0@type\u00a0\u00bb: \u00ab\u00a0Person\u00a0\u00bb,<br \/>\n    \u00ab\u00a0name\u00a0\u00bb: \u00ab\u00a0Tiphaine Auzi\u00e8re\u00a0\u00bb,<br \/>\n    \u00ab\u00a0birthDate\u00a0\u00bb: \u00ab\u00a01984-01-30\u00a0\u00bb,<br \/>\n    \u00ab\u00a0birthPlace\u00a0\u00bb: {<br \/>\n      \u00ab\u00a0@type\u00a0\u00bb: \u00ab\u00a0Place\u00a0\u00bb,<br \/>\n      \u00ab\u00a0name\u00a0\u00bb: \u00ab\u00a0Amiens, Somme, Francia\u00a0\u00bb<br \/>\n    },<br \/>\n    \u00ab\u00a0nationality\u00a0\u00bb: \u00ab\u00a0Francese\u00a0\u00bb,<br \/>\n    \u00ab\u00a0jobTitle\u00a0\u00bb: \u00ab\u00a0Avvocato, romanziera\u00a0\u00bb,<br \/>\n    \u00ab\u00a0alumniOf\u00a0\u00bb: [<br \/>\n      { \u00ab\u00a0@type\u00a0\u00bb: \u00ab\u00a0Organization\u00a0\u00bb, \u00ab\u00a0name\u00a0\u00bb: \u00ab\u00a0Universit\u00e9 Panth\u00e9on-Sorbonne\u00a0\u00bb },<br \/>\n      { \u00ab\u00a0@type\u00a0\u00bb: \u00ab\u00a0Organization\u00a0\u00bb, \u00ab\u00a0name\u00a0\u00bb: \u00ab\u00a0\u00c9cole de Formation du Barreau de Paris\u00a0\u00bb }<br \/>\n    ],<br \/>\n    \u00ab\u00a0parent\u00a0\u00bb: [<br \/>\n      { \u00ab\u00a0@type\u00a0\u00bb: \u00ab\u00a0Person\u00a0\u00bb, \u00ab\u00a0name\u00a0\u00bb: \u00ab\u00a0Brigitte Macron\u00a0\u00bb },<br \/>\n      { \u00ab\u00a0@type\u00a0\u00bb: \u00ab\u00a0Person\u00a0\u00bb, \u00ab\u00a0name\u00a0\u00bb: \u00ab\u00a0Andr\u00e9-Louis Auzi\u00e8re\u00a0\u00bb }<br \/>\n    ],<br \/>\n    \u00ab\u00a0sibling\u00a0\u00bb: [<br \/>\n      { \u00ab\u00a0@type\u00a0\u00bb: \u00ab\u00a0Person\u00a0\u00bb, \u00ab\u00a0name\u00a0\u00bb: \u00ab\u00a0S\u00e9bastien Auzi\u00e8re\u00a0\u00bb },<br \/>\n      { \u00ab\u00a0@type\u00a0\u00bb: \u00ab\u00a0Person\u00a0\u00bb, \u00ab\u00a0name\u00a0\u00bb: \u00ab\u00a0Laurence Auzi\u00e8re\u00a0\u00bb }<br \/>\n    ],<br \/>\n    \u00ab\u00a0children\u00a0\u00bb: [<br \/>\n      { \u00ab\u00a0@type\u00a0\u00bb: \u00ab\u00a0Person\u00a0\u00bb, \u00ab\u00a0name\u00a0\u00bb: \u00ab\u00a0\u00c9lise Choteau\u00a0\u00bb },<br \/>\n      { \u00ab\u00a0@type\u00a0\u00bb: \u00ab\u00a0Person\u00a0\u00bb, \u00ab\u00a0name\u00a0\u00bb: \u00ab\u00a0Aur\u00e8le Choteau\u00a0\u00bb }<br \/>\n    ]<br \/>\n  },<br \/>\n  {<br \/>\n    \u00ab\u00a0@context\u00a0\u00bb: \u00ab\u00a0https:\/\/schema.org\u00a0\u00bb,<br \/>\n    \u00ab\u00a0@type\u00a0\u00bb: \u00ab\u00a0FAQPage\u00a0\u00bb,<br \/>\n    \u00ab\u00a0mainEntity\u00a0\u00bb: [<br \/>\n      {<br \/>\n        \u00ab\u00a0@type\u00a0\u00bb: \u00ab\u00a0Question\u00a0\u00bb,<br \/>\n        \u00ab\u00a0name\u00a0\u00bb: \u00ab\u00a0Chi \u00e8 Tiphaine Auzi\u00e8re ?\u00a0\u00bb,<br \/>\n        \u00ab\u00a0acceptedAnswer\u00a0\u00bb: { \u00ab\u00a0@type\u00a0\u00bb: \u00ab\u00a0Answer\u00a0\u00bb, \u00ab\u00a0text\u00a0\u00bb: \u00ab\u00a0Tiphaine Auzi\u00e8re \u00e8 la figlia cadetta di Brigitte Macron, nata il 30 gennaio 1984 ad Amiens. Avvocato specializzata in diritto del lavoro, co-fondatrice dello studio Challenges Avocats, romanziera (Assises, 2024) e ex cronista a TPMP (2024\u20132025).\u00a0\u00bb }<br \/>\n      },<br \/>\n      {<br \/>\n        \u00ab\u00a0@type\u00a0\u00bb: \u00ab\u00a0Question\u00a0\u00bb,<br \/>\n        \u00ab\u00a0name\u00a0\u00bb: \u00ab\u00a0Quanti anni ha Tiphaine Auzi\u00e8re ?\u00a0\u00bb,<br \/>\n        \u00ab\u00a0acceptedAnswer\u00a0\u00bb: { \u00ab\u00a0@type\u00a0\u00bb: \u00ab\u00a0Answer\u00a0\u00bb, \u00ab\u00a0text\u00a0\u00bb: \u00ab\u00a0Tiphaine Auzi\u00e8re \u00e8 nata il 30 gennaio 1984. Ha 42 anni nel 2026.\u00a0\u00bb }<br \/>\n      },<br \/>\n      {<br \/>\n        \u00ab\u00a0@type\u00a0\u00bb: \u00ab\u00a0Question\u00a0\u00bb,<br \/>\n        \u00ab\u00a0name\u00a0\u00bb: \u00ab\u00a0Tiphaine Auzi\u00e8re \u00e8 in coppia con Cyril Hanouna ?\u00a0\u00bb,<br \/>\n        \u00ab\u00a0acceptedAnswer\u00a0\u00bb: { \u00ab\u00a0@type\u00a0\u00bb: \u00ab\u00a0Answer\u00a0\u00bb, \u00ab\u00a0text\u00a0\u00bb: \u00ab\u00a0Paris Match ha rivelato una relazione nel marzo 2025. Tuttavia, apparizioni pubbliche successive mostrano che si muovono separatamente. Gli interessati non hanno ufficialmente confermato la loro relazione.\u00a0\u00bb }<br \/>\n      },<br \/>\n      {<br \/>\n        \u00ab\u00a0@type\u00a0\u00bb: \u00ab\u00a0Question\u00a0\u00bb,<br \/>\n        \u00ab\u00a0name\u00a0\u00bb: \u00ab\u00a0Qual \u00e8 il romanzo di Tiphaine Auzi\u00e8re ?\u00a0\u00bb,<br \/>\n        \u00ab\u00a0acceptedAnswer\u00a0\u00bb: { \u00ab\u00a0@type\u00a0\u00bb: \u00ab\u00a0Answer\u00a0\u00bb, \u00ab\u00a0text\u00a0\u00bb: \u00ab\u00a0Assises (2024), un dramma giudiziario ispirato dalla sua esperienza di avvocato, centrato sulle violenze domestiche e sulla giustizia penale francese.\u00a0\u00bb }<br \/>\n      }<br \/>\n    ]<br \/>\n  }<br \/>\n]<\/p>\n","protected":false},"excerpt":{"rendered":"<p>Tiphaine Auzi\u00e8re, nata il 30 gennaio 1984 ad Amiens, \u00e8 un avvocato specializzato in diritto del lavoro, romanziera e ex cronista televisiva. Secondogenita di Brigitte Macron e di Andr\u00e9-Louis Auzi\u00e8re (banchiere, 1951\u20132019), \u00e8 la beniamina di una famiglia di tre figli con S\u00e9bastien e Laurence Auzi\u00e8re. Nuora di Emmanuel Macron dal 2017, ha saputo costruire &#8230; <a title=\"Tiphaine Auzi\u00e8re : biografia, carriera, vita privata e attualit\u00e0 2026\" class=\"read-more\" href=\"https:\/\/www.sebastien-auziere.fr\/blog\/it\/tiphaine-auziere-biografia-carriera-vita-privata-e-attualita-2026\/\" aria-label=\"En savoir plus sur Tiphaine Auzi\u00e8re : biografia, carriera, vita privata e attualit\u00e0 2026\">Lire plus<\/a><\/p>\n","protected":false},"author":4,"featured_media":2427,"comment_status":"open","ping_status":"open","sticky":false,"template":"","format":"standard","meta":{"footnotes":""},"categories":[843],"tags":[],"class_list":["post-2435","post","type-post","status-publish","format-standard","has-post-thumbnail","hentry","category-non-classe-it"],"yoast_head":"<!-- This site is optimized with the Yoast SEO plugin v27.5 - https:\/\/yoast.com\/product\/yoast-seo-wordpress\/ -->\n<title>Tiphaine Auzi\u00e8re : biographie, carri\u00e8re, livre Assises, vie priv\u00e9e et actualit\u00e9 2026<\/title>\n<meta name=\"description\" content=\"Tout sur Tiphaine Auzi\u00e8re : \u00e2ge, biographie, carri\u00e8re d&#039;avocate, roman Assises, chronique TPMP, relation avec Cyril Hanouna, t\u00e9moignage au proc\u00e8s du cyberharc\u00e8lement de Brigitte Macron. Actualit\u00e9 2026.\" \/>\n<meta name=\"robots\" content=\"index, follow, max-snippet:-1, max-image-preview:large, max-video-preview:-1\" \/>\n<link rel=\"canonical\" href=\"https:\/\/www.sebastien-auziere.fr\/blog\/it\/tiphaine-auziere-biografia-carriera-vita-privata-e-attualita-2026\/\" \/>\n<meta property=\"og:locale\" content=\"fr_FR\" \/>\n<meta property=\"og:type\" content=\"article\" \/>\n<meta property=\"og:title\" content=\"Tiphaine Auzi\u00e8re : biographie, carri\u00e8re, livre Assises, vie priv\u00e9e et actualit\u00e9 2026\" \/>\n<meta property=\"og:description\" content=\"Tout sur Tiphaine Auzi\u00e8re : \u00e2ge, biographie, carri\u00e8re d&#039;avocate, roman Assises, chronique TPMP, relation avec Cyril Hanouna, t\u00e9moignage au proc\u00e8s du cyberharc\u00e8lement de Brigitte Macron. Actualit\u00e9 2026.\" \/>\n<meta property=\"og:url\" content=\"https:\/\/www.sebastien-auziere.fr\/blog\/it\/tiphaine-auziere-biografia-carriera-vita-privata-e-attualita-2026\/\" \/>\n<meta property=\"og:site_name\" content=\"Fan site S\u00e9bastien Auzi\u00e8re\" \/>\n<meta property=\"article:published_time\" content=\"2026-03-09T18:33:29+00:00\" \/>\n<meta property=\"article:modified_time\" content=\"2026-03-09T18:35:06+00:00\" \/>\n<meta property=\"og:image\" content=\"https:\/\/www.sebastien-auziere.fr\/blog\/wp-content\/uploads\/2026\/03\/tt.jpg\" \/>\n\t<meta property=\"og:image:width\" content=\"858\" \/>\n\t<meta property=\"og:image:height\" content=\"573\" \/>\n\t<meta property=\"og:image:type\" content=\"image\/jpeg\" \/>\n<meta name=\"author\" content=\"Celine\" \/>\n<meta name=\"twitter:card\" content=\"summary_large_image\" \/>\n<meta name=\"twitter:label1\" content=\"\u00c9crit par\" \/>\n\t<meta name=\"twitter:data1\" content=\"Celine\" \/>\n\t<meta name=\"twitter:label2\" content=\"Dur\u00e9e de lecture estim\u00e9e\" \/>\n\t<meta name=\"twitter:data2\" content=\"10 minutes\" \/>\n<script type=\"application\/ld+json\" class=\"yoast-schema-graph\">{\"@context\":\"https:\\\/\\\/schema.org\",\"@graph\":[{\"@type\":\"Article\",\"@id\":\"https:\\\/\\\/www.sebastien-auziere.fr\\\/blog\\\/it\\\/tiphaine-auziere-biografia-carriera-vita-privata-e-attualita-2026\\\/#article\",\"isPartOf\":{\"@id\":\"https:\\\/\\\/www.sebastien-auziere.fr\\\/blog\\\/it\\\/tiphaine-auziere-biografia-carriera-vita-privata-e-attualita-2026\\\/\"},\"author\":{\"name\":\"Celine\",\"@id\":\"https:\\\/\\\/www.sebastien-auziere.fr\\\/blog\\\/#\\\/schema\\\/person\\\/1e270a963009242469ed08b1c461f81f\"},\"headline\":\"Tiphaine Auzi\u00e8re : biografia, carriera, vita privata e attualit\u00e0 2026\",\"datePublished\":\"2026-03-09T18:33:29+00:00\",\"dateModified\":\"2026-03-09T18:35:06+00:00\",\"mainEntityOfPage\":{\"@id\":\"https:\\\/\\\/www.sebastien-auziere.fr\\\/blog\\\/it\\\/tiphaine-auziere-biografia-carriera-vita-privata-e-attualita-2026\\\/\"},\"wordCount\":2001,\"commentCount\":0,\"publisher\":{\"@id\":\"https:\\\/\\\/www.sebastien-auziere.fr\\\/blog\\\/#organization\"},\"image\":{\"@id\":\"https:\\\/\\\/www.sebastien-auziere.fr\\\/blog\\\/it\\\/tiphaine-auziere-biografia-carriera-vita-privata-e-attualita-2026\\\/#primaryimage\"},\"thumbnailUrl\":\"https:\\\/\\\/www.sebastien-auziere.fr\\\/blog\\\/wp-content\\\/uploads\\\/2026\\\/03\\\/tt.jpg\",\"inLanguage\":\"fr-FR\",\"potentialAction\":[{\"@type\":\"CommentAction\",\"name\":\"Comment\",\"target\":[\"https:\\\/\\\/www.sebastien-auziere.fr\\\/blog\\\/it\\\/tiphaine-auziere-biografia-carriera-vita-privata-e-attualita-2026\\\/#respond\"]}]},{\"@type\":\"WebPage\",\"@id\":\"https:\\\/\\\/www.sebastien-auziere.fr\\\/blog\\\/it\\\/tiphaine-auziere-biografia-carriera-vita-privata-e-attualita-2026\\\/\",\"url\":\"https:\\\/\\\/www.sebastien-auziere.fr\\\/blog\\\/it\\\/tiphaine-auziere-biografia-carriera-vita-privata-e-attualita-2026\\\/\",\"name\":\"Tiphaine Auzi\u00e8re : biographie, carri\u00e8re, livre Assises, vie priv\u00e9e et actualit\u00e9 2026\",\"isPartOf\":{\"@id\":\"https:\\\/\\\/www.sebastien-auziere.fr\\\/blog\\\/#website\"},\"primaryImageOfPage\":{\"@id\":\"https:\\\/\\\/www.sebastien-auziere.fr\\\/blog\\\/it\\\/tiphaine-auziere-biografia-carriera-vita-privata-e-attualita-2026\\\/#primaryimage\"},\"image\":{\"@id\":\"https:\\\/\\\/www.sebastien-auziere.fr\\\/blog\\\/it\\\/tiphaine-auziere-biografia-carriera-vita-privata-e-attualita-2026\\\/#primaryimage\"},\"thumbnailUrl\":\"https:\\\/\\\/www.sebastien-auziere.fr\\\/blog\\\/wp-content\\\/uploads\\\/2026\\\/03\\\/tt.jpg\",\"datePublished\":\"2026-03-09T18:33:29+00:00\",\"dateModified\":\"2026-03-09T18:35:06+00:00\",\"description\":\"Tout sur Tiphaine Auzi\u00e8re : \u00e2ge, biographie, carri\u00e8re d'avocate, roman Assises, chronique TPMP, relation avec Cyril Hanouna, t\u00e9moignage au proc\u00e8s du cyberharc\u00e8lement de Brigitte Macron. Actualit\u00e9 2026.\",\"breadcrumb\":{\"@id\":\"https:\\\/\\\/www.sebastien-auziere.fr\\\/blog\\\/it\\\/tiphaine-auziere-biografia-carriera-vita-privata-e-attualita-2026\\\/#breadcrumb\"},\"inLanguage\":\"fr-FR\",\"potentialAction\":[{\"@type\":\"ReadAction\",\"target\":[\"https:\\\/\\\/www.sebastien-auziere.fr\\\/blog\\\/it\\\/tiphaine-auziere-biografia-carriera-vita-privata-e-attualita-2026\\\/\"]}]},{\"@type\":\"ImageObject\",\"inLanguage\":\"fr-FR\",\"@id\":\"https:\\\/\\\/www.sebastien-auziere.fr\\\/blog\\\/it\\\/tiphaine-auziere-biografia-carriera-vita-privata-e-attualita-2026\\\/#primaryimage\",\"url\":\"https:\\\/\\\/www.sebastien-auziere.fr\\\/blog\\\/wp-content\\\/uploads\\\/2026\\\/03\\\/tt.jpg\",\"contentUrl\":\"https:\\\/\\\/www.sebastien-auziere.fr\\\/blog\\\/wp-content\\\/uploads\\\/2026\\\/03\\\/tt.jpg\",\"width\":858,\"height\":573,\"caption\":\"Tiphaine Auzi\u00e8re\"},{\"@type\":\"BreadcrumbList\",\"@id\":\"https:\\\/\\\/www.sebastien-auziere.fr\\\/blog\\\/it\\\/tiphaine-auziere-biografia-carriera-vita-privata-e-attualita-2026\\\/#breadcrumb\",\"itemListElement\":[{\"@type\":\"ListItem\",\"position\":1,\"name\":\"Home\",\"item\":\"https:\\\/\\\/www.sebastien-auziere.fr\\\/blog\\\/\"},{\"@type\":\"ListItem\",\"position\":2,\"name\":\"Tiphaine Auzi\u00e8re : biografia, carriera, vita privata e attualit\u00e0 2026\"}]},{\"@type\":\"WebSite\",\"@id\":\"https:\\\/\\\/www.sebastien-auziere.fr\\\/blog\\\/#website\",\"url\":\"https:\\\/\\\/www.sebastien-auziere.fr\\\/blog\\\/\",\"name\":\"Fan site S\u00e9bastien Auzi\u00e8re\",\"description\":\"M\u00e9dia g\u00e9n\u00e9raliste\",\"publisher\":{\"@id\":\"https:\\\/\\\/www.sebastien-auziere.fr\\\/blog\\\/#organization\"},\"potentialAction\":[{\"@type\":\"SearchAction\",\"target\":{\"@type\":\"EntryPoint\",\"urlTemplate\":\"https:\\\/\\\/www.sebastien-auziere.fr\\\/blog\\\/?s={search_term_string}\"},\"query-input\":{\"@type\":\"PropertyValueSpecification\",\"valueRequired\":true,\"valueName\":\"search_term_string\"}}],\"inLanguage\":\"fr-FR\"},{\"@type\":\"Organization\",\"@id\":\"https:\\\/\\\/www.sebastien-auziere.fr\\\/blog\\\/#organization\",\"name\":\"Fan site S\u00e9bastien Auzi\u00e8re\",\"url\":\"https:\\\/\\\/www.sebastien-auziere.fr\\\/blog\\\/\",\"logo\":{\"@type\":\"ImageObject\",\"inLanguage\":\"fr-FR\",\"@id\":\"https:\\\/\\\/www.sebastien-auziere.fr\\\/blog\\\/#\\\/schema\\\/logo\\\/image\\\/\",\"url\":\"https:\\\/\\\/www.sebastien-auziere.fr\\\/blog\\\/wp-content\\\/uploads\\\/2026\\\/03\\\/cropped-cropped-cropped-ChatGPT-Image-6-mars-2026-12_58_09-e1772798376794.jpg\",\"contentUrl\":\"https:\\\/\\\/www.sebastien-auziere.fr\\\/blog\\\/wp-content\\\/uploads\\\/2026\\\/03\\\/cropped-cropped-cropped-ChatGPT-Image-6-mars-2026-12_58_09-e1772798376794.jpg\",\"width\":512,\"height\":360,\"caption\":\"Fan site S\u00e9bastien Auzi\u00e8re\"},\"image\":{\"@id\":\"https:\\\/\\\/www.sebastien-auziere.fr\\\/blog\\\/#\\\/schema\\\/logo\\\/image\\\/\"}},{\"@type\":\"Person\",\"@id\":\"https:\\\/\\\/www.sebastien-auziere.fr\\\/blog\\\/#\\\/schema\\\/person\\\/1e270a963009242469ed08b1c461f81f\",\"name\":\"Celine\",\"image\":{\"@type\":\"ImageObject\",\"inLanguage\":\"fr-FR\",\"@id\":\"https:\\\/\\\/secure.gravatar.com\\\/avatar\\\/c88d569fbe1fe19a13c7f21ee0f8973822df96073df21850b95af6a09ba820c9?s=96&d=mm&r=g\",\"url\":\"https:\\\/\\\/secure.gravatar.com\\\/avatar\\\/c88d569fbe1fe19a13c7f21ee0f8973822df96073df21850b95af6a09ba820c9?s=96&d=mm&r=g\",\"contentUrl\":\"https:\\\/\\\/secure.gravatar.com\\\/avatar\\\/c88d569fbe1fe19a13c7f21ee0f8973822df96073df21850b95af6a09ba820c9?s=96&d=mm&r=g\",\"caption\":\"Celine\"},\"description\":\"Je m'appelle C\u00e9line, j'ai 31 ans et je suis journaliste sp\u00e9cialis\u00e9e dans le cin\u00e9ma. Passionn\u00e9e par le septi\u00e8me art, j'explore les actualit\u00e9s, les critiques et les tendances du monde cin\u00e9matographique. Mon objectif est de partager ma passion et d'informer les amateurs de films \u00e0 travers des articles percutants et des analyses approfondies.\",\"url\":\"https:\\\/\\\/www.sebastien-auziere.fr\\\/blog\\\/author\\\/celine\\\/\"}]}<\/script>\n<!-- \/ Yoast SEO plugin. -->","yoast_head_json":{"title":"Tiphaine Auzi\u00e8re : biographie, carri\u00e8re, livre Assises, vie priv\u00e9e et actualit\u00e9 2026","description":"Tout sur Tiphaine Auzi\u00e8re : \u00e2ge, biographie, carri\u00e8re d'avocate, roman Assises, chronique TPMP, relation avec Cyril Hanouna, t\u00e9moignage au proc\u00e8s du cyberharc\u00e8lement de Brigitte Macron. Actualit\u00e9 2026.","robots":{"index":"index","follow":"follow","max-snippet":"max-snippet:-1","max-image-preview":"max-image-preview:large","max-video-preview":"max-video-preview:-1"},"canonical":"https:\/\/www.sebastien-auziere.fr\/blog\/it\/tiphaine-auziere-biografia-carriera-vita-privata-e-attualita-2026\/","og_locale":"fr_FR","og_type":"article","og_title":"Tiphaine Auzi\u00e8re : biographie, carri\u00e8re, livre Assises, vie priv\u00e9e et actualit\u00e9 2026","og_description":"Tout sur Tiphaine Auzi\u00e8re : \u00e2ge, biographie, carri\u00e8re d'avocate, roman Assises, chronique TPMP, relation avec Cyril Hanouna, t\u00e9moignage au proc\u00e8s du cyberharc\u00e8lement de Brigitte Macron. Actualit\u00e9 2026.","og_url":"https:\/\/www.sebastien-auziere.fr\/blog\/it\/tiphaine-auziere-biografia-carriera-vita-privata-e-attualita-2026\/","og_site_name":"Fan site S\u00e9bastien Auzi\u00e8re","article_published_time":"2026-03-09T18:33:29+00:00","article_modified_time":"2026-03-09T18:35:06+00:00","og_image":[{"width":858,"height":573,"url":"https:\/\/www.sebastien-auziere.fr\/blog\/wp-content\/uploads\/2026\/03\/tt.jpg","type":"image\/jpeg"}],"author":"Celine","twitter_card":"summary_large_image","twitter_misc":{"\u00c9crit par":"Celine","Dur\u00e9e de lecture estim\u00e9e":"10 minutes"},"schema":{"@context":"https:\/\/schema.org","@graph":[{"@type":"Article","@id":"https:\/\/www.sebastien-auziere.fr\/blog\/it\/tiphaine-auziere-biografia-carriera-vita-privata-e-attualita-2026\/#article","isPartOf":{"@id":"https:\/\/www.sebastien-auziere.fr\/blog\/it\/tiphaine-auziere-biografia-carriera-vita-privata-e-attualita-2026\/"},"author":{"name":"Celine","@id":"https:\/\/www.sebastien-auziere.fr\/blog\/#\/schema\/person\/1e270a963009242469ed08b1c461f81f"},"headline":"Tiphaine Auzi\u00e8re : biografia, carriera, vita privata e attualit\u00e0 2026","datePublished":"2026-03-09T18:33:29+00:00","dateModified":"2026-03-09T18:35:06+00:00","mainEntityOfPage":{"@id":"https:\/\/www.sebastien-auziere.fr\/blog\/it\/tiphaine-auziere-biografia-carriera-vita-privata-e-attualita-2026\/"},"wordCount":2001,"commentCount":0,"publisher":{"@id":"https:\/\/www.sebastien-auziere.fr\/blog\/#organization"},"image":{"@id":"https:\/\/www.sebastien-auziere.fr\/blog\/it\/tiphaine-auziere-biografia-carriera-vita-privata-e-attualita-2026\/#primaryimage"},"thumbnailUrl":"https:\/\/www.sebastien-auziere.fr\/blog\/wp-content\/uploads\/2026\/03\/tt.jpg","inLanguage":"fr-FR","potentialAction":[{"@type":"CommentAction","name":"Comment","target":["https:\/\/www.sebastien-auziere.fr\/blog\/it\/tiphaine-auziere-biografia-carriera-vita-privata-e-attualita-2026\/#respond"]}]},{"@type":"WebPage","@id":"https:\/\/www.sebastien-auziere.fr\/blog\/it\/tiphaine-auziere-biografia-carriera-vita-privata-e-attualita-2026\/","url":"https:\/\/www.sebastien-auziere.fr\/blog\/it\/tiphaine-auziere-biografia-carriera-vita-privata-e-attualita-2026\/","name":"Tiphaine Auzi\u00e8re : biographie, carri\u00e8re, livre Assises, vie priv\u00e9e et actualit\u00e9 2026","isPartOf":{"@id":"https:\/\/www.sebastien-auziere.fr\/blog\/#website"},"primaryImageOfPage":{"@id":"https:\/\/www.sebastien-auziere.fr\/blog\/it\/tiphaine-auziere-biografia-carriera-vita-privata-e-attualita-2026\/#primaryimage"},"image":{"@id":"https:\/\/www.sebastien-auziere.fr\/blog\/it\/tiphaine-auziere-biografia-carriera-vita-privata-e-attualita-2026\/#primaryimage"},"thumbnailUrl":"https:\/\/www.sebastien-auziere.fr\/blog\/wp-content\/uploads\/2026\/03\/tt.jpg","datePublished":"2026-03-09T18:33:29+00:00","dateModified":"2026-03-09T18:35:06+00:00","description":"Tout sur Tiphaine Auzi\u00e8re : \u00e2ge, biographie, carri\u00e8re d'avocate, roman Assises, chronique TPMP, relation avec Cyril Hanouna, t\u00e9moignage au proc\u00e8s du cyberharc\u00e8lement de Brigitte Macron. Actualit\u00e9 2026.","breadcrumb":{"@id":"https:\/\/www.sebastien-auziere.fr\/blog\/it\/tiphaine-auziere-biografia-carriera-vita-privata-e-attualita-2026\/#breadcrumb"},"inLanguage":"fr-FR","potentialAction":[{"@type":"ReadAction","target":["https:\/\/www.sebastien-auziere.fr\/blog\/it\/tiphaine-auziere-biografia-carriera-vita-privata-e-attualita-2026\/"]}]},{"@type":"ImageObject","inLanguage":"fr-FR","@id":"https:\/\/www.sebastien-auziere.fr\/blog\/it\/tiphaine-auziere-biografia-carriera-vita-privata-e-attualita-2026\/#primaryimage","url":"https:\/\/www.sebastien-auziere.fr\/blog\/wp-content\/uploads\/2026\/03\/tt.jpg","contentUrl":"https:\/\/www.sebastien-auziere.fr\/blog\/wp-content\/uploads\/2026\/03\/tt.jpg","width":858,"height":573,"caption":"Tiphaine Auzi\u00e8re"},{"@type":"BreadcrumbList","@id":"https:\/\/www.sebastien-auziere.fr\/blog\/it\/tiphaine-auziere-biografia-carriera-vita-privata-e-attualita-2026\/#breadcrumb","itemListElement":[{"@type":"ListItem","position":1,"name":"Home","item":"https:\/\/www.sebastien-auziere.fr\/blog\/"},{"@type":"ListItem","position":2,"name":"Tiphaine Auzi\u00e8re : biografia, carriera, vita privata e attualit\u00e0 2026"}]},{"@type":"WebSite","@id":"https:\/\/www.sebastien-auziere.fr\/blog\/#website","url":"https:\/\/www.sebastien-auziere.fr\/blog\/","name":"Fan site S\u00e9bastien Auzi\u00e8re","description":"M\u00e9dia g\u00e9n\u00e9raliste","publisher":{"@id":"https:\/\/www.sebastien-auziere.fr\/blog\/#organization"},"potentialAction":[{"@type":"SearchAction","target":{"@type":"EntryPoint","urlTemplate":"https:\/\/www.sebastien-auziere.fr\/blog\/?s={search_term_string}"},"query-input":{"@type":"PropertyValueSpecification","valueRequired":true,"valueName":"search_term_string"}}],"inLanguage":"fr-FR"},{"@type":"Organization","@id":"https:\/\/www.sebastien-auziere.fr\/blog\/#organization","name":"Fan site S\u00e9bastien Auzi\u00e8re","url":"https:\/\/www.sebastien-auziere.fr\/blog\/","logo":{"@type":"ImageObject","inLanguage":"fr-FR","@id":"https:\/\/www.sebastien-auziere.fr\/blog\/#\/schema\/logo\/image\/","url":"https:\/\/www.sebastien-auziere.fr\/blog\/wp-content\/uploads\/2026\/03\/cropped-cropped-cropped-ChatGPT-Image-6-mars-2026-12_58_09-e1772798376794.jpg","contentUrl":"https:\/\/www.sebastien-auziere.fr\/blog\/wp-content\/uploads\/2026\/03\/cropped-cropped-cropped-ChatGPT-Image-6-mars-2026-12_58_09-e1772798376794.jpg","width":512,"height":360,"caption":"Fan site S\u00e9bastien Auzi\u00e8re"},"image":{"@id":"https:\/\/www.sebastien-auziere.fr\/blog\/#\/schema\/logo\/image\/"}},{"@type":"Person","@id":"https:\/\/www.sebastien-auziere.fr\/blog\/#\/schema\/person\/1e270a963009242469ed08b1c461f81f","name":"Celine","image":{"@type":"ImageObject","inLanguage":"fr-FR","@id":"https:\/\/secure.gravatar.com\/avatar\/c88d569fbe1fe19a13c7f21ee0f8973822df96073df21850b95af6a09ba820c9?s=96&d=mm&r=g","url":"https:\/\/secure.gravatar.com\/avatar\/c88d569fbe1fe19a13c7f21ee0f8973822df96073df21850b95af6a09ba820c9?s=96&d=mm&r=g","contentUrl":"https:\/\/secure.gravatar.com\/avatar\/c88d569fbe1fe19a13c7f21ee0f8973822df96073df21850b95af6a09ba820c9?s=96&d=mm&r=g","caption":"Celine"},"description":"Je m'appelle C\u00e9line, j'ai 31 ans et je suis journaliste sp\u00e9cialis\u00e9e dans le cin\u00e9ma. Passionn\u00e9e par le septi\u00e8me art, j'explore les actualit\u00e9s, les critiques et les tendances du monde cin\u00e9matographique. Mon objectif est de partager ma passion et d'informer les amateurs de films \u00e0 travers des articles percutants et des analyses approfondies.","url":"https:\/\/www.sebastien-auziere.fr\/blog\/author\/celine\/"}]}},"views":7,"_links":{"self":[{"href":"https:\/\/www.sebastien-auziere.fr\/blog\/wp-json\/wp\/v2\/posts\/2435","targetHints":{"allow":["GET"]}}],"collection":[{"href":"https:\/\/www.sebastien-auziere.fr\/blog\/wp-json\/wp\/v2\/posts"}],"about":[{"href":"https:\/\/www.sebastien-auziere.fr\/blog\/wp-json\/wp\/v2\/types\/post"}],"author":[{"embeddable":true,"href":"https:\/\/www.sebastien-auziere.fr\/blog\/wp-json\/wp\/v2\/users\/4"}],"replies":[{"embeddable":true,"href":"https:\/\/www.sebastien-auziere.fr\/blog\/wp-json\/wp\/v2\/comments?post=2435"}],"version-history":[{"count":1,"href":"https:\/\/www.sebastien-auziere.fr\/blog\/wp-json\/wp\/v2\/posts\/2435\/revisions"}],"predecessor-version":[{"id":2436,"href":"https:\/\/www.sebastien-auziere.fr\/blog\/wp-json\/wp\/v2\/posts\/2435\/revisions\/2436"}],"wp:featuredmedia":[{"embeddable":true,"href":"https:\/\/www.sebastien-auziere.fr\/blog\/wp-json\/wp\/v2\/media\/2427"}],"wp:attachment":[{"href":"https:\/\/www.sebastien-auziere.fr\/blog\/wp-json\/wp\/v2\/media?parent=2435"}],"wp:term":[{"taxonomy":"category","embeddable":true,"href":"https:\/\/www.sebastien-auziere.fr\/blog\/wp-json\/wp\/v2\/categories?post=2435"},{"taxonomy":"post_tag","embeddable":true,"href":"https:\/\/www.sebastien-auziere.fr\/blog\/wp-json\/wp\/v2\/tags?post=2435"}],"curies":[{"name":"wp","href":"https:\/\/api.w.org\/{rel}","templated":true}]}}