{"id":2433,"date":"2026-03-09T18:27:40","date_gmt":"2026-03-09T18:27:40","guid":{"rendered":"https:\/\/www.sebastien-auziere.fr\/blog\/?p=2433"},"modified":"2026-03-09T18:29:22","modified_gmt":"2026-03-09T18:29:22","slug":"tiphaine-auziere-biografie-karriere-privatleben-und-nachrichten-2026","status":"publish","type":"post","link":"https:\/\/www.sebastien-auziere.fr\/blog\/de\/tiphaine-auziere-biografie-karriere-privatleben-und-nachrichten-2026\/","title":{"rendered":"Tiphaine Auzi\u00e8re: Biografie, Karriere, Privatleben und Nachrichten 2026"},"content":{"rendered":"<p style=\"padding: 24px;background: lightblue\"><strong>Tiphaine Auzi\u00e8re<\/strong>, geboren am <strong>30. Januar 1984 in Amiens<\/strong>, ist Anw\u00e4ltin, spezialisiert auf Arbeitsrecht, Romanautorin und ehemalige Fernsehkolumnistin. Sie ist die j\u00fcngste Tochter von <strong>Brigitte Macron<\/strong> und <strong>Andr\u00e9-Louis Auzi\u00e8re<\/strong> (Bankier, 1951\u20132019) und die J\u00fcngste einer Geschwisterschaft von drei Kindern mit <strong>S\u00e9bastien<\/strong> und <strong>Laurence Auzi\u00e8re<\/strong>. Schwiegertochter von Emmanuel Macron seit 2017, hat sie es geschafft, eine eigene Karriere und Identit\u00e4t zu entwickeln, fernab des rein famili\u00e4ren Blickwinkels. Im <strong>2024<\/strong> ver\u00f6ffentlicht sie ihren ersten Roman <em><strong>Assises<\/strong><\/em> und wird Kolumnistin in der Sendung <em>Touche pas \u00e0 mon poste<\/em> (C8). Im <strong>Oktober 2025<\/strong> sagt sie im Prozess gegen Cybermobbing ihrer Mutter Brigitte Macron vor dem Strafgericht in Paris aus. Im <strong>M\u00e4rz 2025<\/strong> offenbart Paris Match ihre Beziehung zu <strong>Cyril Hanouna<\/strong>. Mit <strong>42 Jahren<\/strong> im Jahr 2026 etabliert sich Tiphaine Auzi\u00e8re als eigenst\u00e4ndige \u00f6ffentliche Pers\u00f6nlichkeit.<\/p>\n<ol>\n<li><a href=\"#identite\">Identit\u00e4t und Familie<\/a><\/li>\n<li><a href=\"#formation\">Ausbildung und akademischer Werdegang<\/a><\/li>\n<li><a href=\"#carriere-avocate\">Karriere als Anw\u00e4ltin<\/a><\/li>\n<li><a href=\"#engagement-politique\">Politisches Engagement<\/a><\/li>\n<li><a href=\"#roman-assises\">Der Roman <em>Assises<\/em> (2024)<\/a><\/li>\n<li><a href=\"#tpmp\">Kolumnistin bei TPMP (2024\u20132025)<\/a><\/li>\n<li><a href=\"#vie-privee\">Privatleben<\/a><\/li>\n<li><a href=\"#proces-cyberharcelement\">Aussage im Prozess gegen Cybermobbing (Oktober 2025)<\/a><\/li>\n<li><a href=\"#actualite-2026\">Aktuelles 2026<\/a><\/li>\n<\/ol>\n<h2 id=\"identite\">Identit\u00e4t und Familie<\/h2>\n<p>Tiphaine Auzi\u00e8re ist das dritte Kind von <strong>Brigitte Trogneux<\/strong> (geboren 1953, sp\u00e4ter Brigitte Macron) und <strong>Andr\u00e9-Louis Auzi\u00e8re<\/strong>, einem 1951 in \u00c9s\u00e9ka (Kamerun) geborenen Bankier, der am 24. Dezember 2019 verstarb. Sie hat zwei \u00e4ltere Geschwister: <strong>S\u00e9bastien Auzi\u00e8re<\/strong>, Pharmazeutischer Forscher (geboren 1975), und <strong>Laurence Auzi\u00e8re<\/strong>, Kardiologin (geboren 1977), die Klassenkameradin von Emmanuel Macron am Lyc\u00e9e La Providence in Amiens war.<\/p>\n<p>Ihre Eltern lassen sich am <strong>26. Januar 2006<\/strong> scheiden. Ihre Mutter heiratet Emmanuel Macron im <strong>Oktober 2007<\/strong>. Seitdem pflegt Tiphaine eine enge und unterst\u00fctzende Beziehung zu ihrem Stiefvater, die sie als aufrichtig und ungehindert beschreibt.<\/p>\n<p>Nach dem Tod ihres Vaters im Dezember 2019 ist sie diejenige, die den Tod in Paris Match im <strong>Oktober 2020<\/strong> bekanntgibt und Andr\u00e9-Louis Auzi\u00e8re als <em>\u201eeinen Nonkonformisten, der mehr als alles andere an seiner Anonymit\u00e4t festhielt\u201c<\/em> beschreibt. Sie hatte absichtlich mehrere Monate gewartet, um sein Andenken zu wahren und ihre Familie zu sch\u00fctzen.<\/p>\n<h2 id=\"formation\">Ausbildung und akademischer Werdegang<\/h2>\n<p>Tiphaine Auzi\u00e8re besucht die Schule in Amiens und erh\u00e4lt ihr Abitur am <strong>Lyc\u00e9e La Providence<\/strong>. Sie beginnt ein Hypokh\u00e2gne am Lyc\u00e9e Janson-de-Sailly in Paris, das sie nach einem Monat abbricht, um sich auf Rechtswissenschaften zu konzentrieren. Sie tritt in die <strong>Universit\u00e9 Panth\u00e9on-Sorbonne<\/strong> (Paris I) ein, wo sie sich auf <strong>Arbeitsrecht und Sozialrecht<\/strong> spezialisiert und bis zu einem Master 2 im dualen System studiert.<\/p>\n<p>Im Jahr 2008 tritt sie in die <strong>\u00c9cole de Formation du Barreau de Paris (EFB)<\/strong> ein. W\u00e4hrend ihres Studiums absolviert sie ein sechsmonatiges Praktikum als Gewerkschaftsanw\u00e4ltin bei der <strong>CFDT<\/strong>, was ihr Engagement f\u00fcr den Schutz der Arbeitnehmerrechte anst\u00f6\u00dft, das ihre gesamte berufliche T\u00e4tigkeit pr\u00e4gen wird.<\/p>\n<h2 id=\"carriere-avocate\">Karriere als Anw\u00e4ltin<\/h2>\n<p>Tiphaine Auzi\u00e8re legt  <strong>2009<\/strong> ihr Gel\u00fcbde ab und beginnt ihre Karriere in Hauts-de-France, im <strong>Barreau von Lille<\/strong> eingeschrieben, spezialisiert auf den Schutz von Arbeitnehmern und Gewerkschaften. Anschlie\u00dfend wechselt sie ins <strong>Barreau von Boulogne-sur-Mer<\/strong>, wo sie mit ihrer Familie ans\u00e4ssig wird.<\/p>\n<p>Im <strong>2018<\/strong> gr\u00fcndet sie gemeinsam die Kanzlei <strong>Challenges Avocats<\/strong> in Boulogne-sur-Mer, die sich auf Arbeitsrecht und Sozialrecht spezialisiert. Sie ist au\u00dferdem im <strong>Barreau von Paris<\/strong> f\u00fcr ihre T\u00e4tigkeiten in der Hauptstadt registriert.<\/p>\n<p>Im <strong>September 2023<\/strong> wird sie als <strong>unabh\u00e4ngige Administratorin<\/strong> im Aufsichtsrat der Gesellschaft <strong>Arverne<\/strong> berufen, einem franz\u00f6sischen Unternehmen, das auf die Produktion von geothermischer W\u00e4rme spezialisiert ist und an der B\u00f6rse notiert ist. Diese Ernennung markiert ihren Eintritt in die Unternehmensf\u00fchrung.<\/p>\n<p>Ihre Praxis bleibt auf das Arbeitsrecht, den Schutz der Arbeitnehmerrechte und neuerdings auf die <strong>h\u00e4usliche Gewalt<\/strong> fokussiert \u2014 ein Thema, das im Zentrum ihres ersten Romans steht.<\/p>\n<h2 id=\"engagement-politique\">Politisches Engagement<\/h2>\n<p>Im <strong>2016<\/strong> gr\u00fcndet Tiphaine Auzi\u00e8re ein <strong>Unterst\u00fctzungskomitee im Pas-de-Calais<\/strong> f\u00fcr die Pr\u00e4sidentschaftskampagne ihres Stiefvaters Emmanuel Macron. Sie z\u00e4hlt zu den Ersten, die sich \u00f6ffentlich an seiner Seite engagieren, lange bevor der Sieg von En Marche gesichert ist.<\/p>\n<p>Bei den <strong>Parlamentswahlen im Juni 2017<\/strong> kandidiert sie als <strong>Stellvertreterin von Thibaut Guilluy<\/strong> unter dem Label La R\u00e9publique En Marche (LREM) im <strong>4. Wahlkreis des Pas-de-Calais<\/strong> gegen den scheidenden Abgeordneten und B\u00fcrgermeister von Le Touquet-Paris-Plage, Daniel Fasquelle. Sie tritt in den Medien auf, um eine bedrohte Klasse in Fruges zu verteidigen.<\/p>\n<p>Im <strong>2020<\/strong> k\u00fcndigt sie in Paris Match ihre Beteiligung an der Gr\u00fcndung eines <strong>privaten nichtstaatlichen Gymnasiums<\/strong> mit dem Namen <em>Autrement<\/em> an, dessen Pr\u00e4sidentschaft sie \u00fcbernimmt. Die Einrichtung, die in der N\u00e4he von Saint-Louis-de-Gonzague in Paris (wo Brigitte Macron unterrichtet hat) ans\u00e4ssig ist, nimmt ihre ersten Sch\u00fcler mit einem Schulgeld von <strong>9.500 \u20ac pro Jahr<\/strong> (oder zehnmal weniger f\u00fcr Stipendiaten) auf und erm\u00f6glicht es, das Abitur in zwei Jahren mit einem Jahr Vorbereitung auf die Grandes \u00c9coles zu erhalten.<\/p>\n<h2 id=\"roman-assises\">Der Roman <em>Assises<\/em> (2024)<\/h2>\n<p>Im <strong>2024<\/strong> ver\u00f6ffentlicht Tiphaine Auzi\u00e8re ihren ersten Roman, <em><strong>Assises<\/strong><\/em>, ein Justizdrama, das direkt von ihrer Erfahrung als Anw\u00e4ltin inspiriert ist. Das Buch behandelt <strong>h\u00e4usliche Gewalt<\/strong>, die Funktionsweise der franz\u00f6sischen Strafjustiz und die M\u00e4ngel des Justizsystems gegen\u00fcber den verwundbarsten Opfern.<\/p>\n<p>Die Ver\u00f6ffentlichung wird als engagiertes Zeugnis \u00fcber die Realit\u00e4ten des Gerichts gefeiert, das sich zwischen Roman und Dokument bewegt. Tiphaine Auzi\u00e8re stellt ihr Buch zum ersten Mal auf dem Set von <em>Touche pas \u00e0 mon poste<\/em> im <strong>Mai 2024<\/strong> vor, ein Auftritt, der den Beginn einer regelm\u00e4\u00dfigen Zusammenarbeit mit der Sendung markiert.<\/p>\n<blockquote><p>Mit <em>Assises<\/em> \u00fcbertr\u00e4gt Tiphaine Auzi\u00e8re die Spannungen, die in den Gerichtss\u00e4len erlebt werden, in die Fiktion: die Einsamkeit der Opfer, die Schwere der Verfahren, die manchmal Ohnmacht der Anw\u00e4lte gegen\u00fcber Wahrheiten, die die Justiz nicht immer zu h\u00f6ren wei\u00df.<\/p><\/blockquote>\n<h2 id=\"tpmp\">Kolumnistin bei TPMP (2024\u20132025)<\/h2>\n<p>Am <strong>9. Oktober 2024<\/strong> best\u00e4tigt Cyril Hanouna die Ankunft von Tiphaine Auzi\u00e8re als <strong>w\u00f6chentliche juristische Kolumnistin<\/strong> in der Sendung <em>Touche pas \u00e0 mon poste<\/em> auf C8. Jede Woche tritt sie auf, um die juristischen und rechtlichen aktuellen Ereignisse zu entschl\u00fcsseln, komplexe Verfahren zu vereinfachen und \u00fcber gro\u00dfe laufende F\u00e4lle zu kommentieren.<\/p>\n<p>Ihr erster Auftritt in der Sendung fand am <strong>27. Mai 2024<\/strong> statt, als sie eingeladen wurde, <em>Assises<\/em> vorzustellen. Am <strong>2. Oktober 2024<\/strong> war sie zur\u00fcck, um \u00fcber den Fall der Vergewaltigungen von Mazan zu sprechen.<\/p>\n<p>Die Sendung <em>Touche pas \u00e0 mon poste<\/em> wird am <strong>26. M\u00e4rz 2025<\/strong> endg\u00fcltig eingestellt, und damit endet diese Zusammenarbeit. In den Monaten, in denen sie dort t\u00e4tig war, etablierte sich Tiphaine Auzi\u00e8re als klare und p\u00e4dagogische Stimme zu komplexen rechtlichen Themen und erreichte ein sehr breites Publikum.<\/p>\n<h2 id=\"vie-privee\">Privatleben<\/h2>\n<p>Tiphaine Auzi\u00e8re hat viele Jahre mit <strong>Antoine Choteau<\/strong>, einem Gastroenterologen, zusammengelebt, mit dem sie zwei Kinder hat:<\/p>\n<ul>\n<li><strong>\u00c9lise<\/strong>, geboren 2003 (manchmal auch 2014 angegeben, je nach Quelle \u2014 die zuverl\u00e4ssigsten Daten ordnen sie um 2003\u20132005 ein)<\/li>\n<li><strong>Aur\u00e8le<\/strong>, geboren 2005 (oder 2016 laut anderen Quellen)<\/li>\n<\/ul>\n<p>Die Familie lebte in <strong>Boulogne-sur-Mer<\/strong> in Hauts-de-France. Laut dem Magazin Gala soll die Trennung des Paares Anfang <strong>2025<\/strong> erfolgt sein, wobei beide Eltern in gutem Einvernehmen zur Erziehung ihrer Kinder stehen.<\/p>\n<p>Im <strong>M\u00e4rz 2025<\/strong> enth\u00fcllt Paris Match exklusiv und auf dem Cover die romantische Beziehung zwischen Tiphaine Auzi\u00e8re und <strong>Cyril Hanouna<\/strong>. Laut dem Magazin h\u00e4tte ihre Geschichte diskret im Laufe ihrer Zusammenarbeit bei TPMP begonnen, Hanouna sie bei ihrem ersten Auftritt im Mai 2024 mit Komplimenten \u00fcbersch\u00fcttet h\u00e4tte. Die Beziehung, die durch Quellen aus dem Umfeld best\u00e4tigt wurde, soll von Tiphaine ihrer Mutter Brigitte Macron vorgestellt worden sein, die sie unterst\u00fctzen w\u00fcrde. Jedoch zeigen nachfolgende \u00f6ffentliche Auftritte \u2014 insbesondere bei der Buchveranstaltung von Val\u00e9rie B\u00e9na\u00efm im <strong>M\u00e4rz 2026<\/strong> \u2014, dass die beiden Pers\u00f6nlichkeiten getrennt anliefen und auch wieder getrennt gingen, wodurch die genaue Natur ihrer Beziehung offen zur Interpretation bleibt.<\/p>\n<h2 id=\"proces-cyberharcelement\">Aussage im Prozess gegen Cybermobbing (Oktober 2025)<\/h2>\n<p>Im <strong>Oktober 2025<\/strong> beginnt vor dem Strafgericht in Paris der Prozess gegen das Cybermobbing von Brigitte Macron. Zehn Personen werden verfolgt, weil sie massiv eine Falschinformation verbreitet haben, die sie als Transfrau darstellt, und um hatefulle Nachrichten in sozialen Medien seit 2021 zu verbreiten.<\/p>\n<p>Am <strong>28. Oktober 2025<\/strong> sagt Tiphaine Auzi\u00e8re als Zeugin aus \u2014 <em>\u201eals Tochter, als Frau, als Mama\u201c<\/em>. Sie beschreibt eine <strong>Verschlechterung der Lebensumst\u00e4nde und Gesundheit<\/strong> ihrer Mutter seit 2021\u20132022 und betont, dass sie zun\u00e4chst die Tragweite der Folgen untersch\u00e4tzt hatte, da ihre Mutter <em>\u201ejemand ist, der sich nicht beschwert\u201c<\/em>.<\/p>\n<p>Sie erz\u00e4hlt, wie Brigitte Macron nun gezwungen ist, <strong>auf ihre Kleidung, ihre Haltungen und ihre Fotos zu achten<\/strong>, da sie wei\u00df, dass jedes Bild missbraucht werden kann. Sie liest die hatefulle Nachrichten vor und f\u00fcgt hinzu, dass sie sich weder in ihrem Privatleben noch in ihrem Berufsleben davon ablenken kann.<\/p>\n<p>Ein <strong>\u00e4rztliches Attest<\/strong> des Hausarztes der ersten Dame wurde dem Verfahren beigef\u00fcgt, das den Einfluss der Nachrichten auf ihren Gesundheitszustand best\u00e4tigt. Die Anw\u00e4lte der Verteidigung beanstandeten das Fehlen von Brigitte Macron selbst bei der Anh\u00f6rung und bedauerten <em>\u201eleere Antworten\u201c<\/em>. Tiphaine Auzi\u00e8re best\u00e4tigte zudem, dass sie ihren Onkel <strong>Jean-Michel Trogneux<\/strong> \u2014 dessen Existenz von einigen Angeklagten bestritten wird \u2014 <em>\u201evor einigen Monaten\u201c<\/em> gesehen hat.<\/p>\n<h2 id=\"actualite-2026\">Aktuelles 2026<\/h2>\n<p>Im <strong>M\u00e4rz 2026<\/strong> ist Tiphaine Auzi\u00e8re an der Seite ihrer Schwester Laurence bei einer Veranstaltung, an der ihre Mutter Brigitte Macron nicht teilnehmen kann \u2014 da diese Anfang M\u00e4rz 2026 einen Notoperation am Auge hatte.<\/p>\n<p>Sie war auch bei der <strong>Premiere der Show von Ary Abittan<\/strong> <em>\u201eAuthentique\u201c<\/em> in den Folies Berg\u00e8re (7. Dezember 2025) anwesend, an der Seite ihrer Mutter und der Produzenten Gilbert und Nicole Coullier. Das im Backstage gedrehte Video l\u00f6ste einen kurzen Skandal online aus.<\/p>\n<p>Ihre Karriere als Anw\u00e4ltin geht weiter. Es werden Projekte zur Adaption ihres Romans <em>Assises<\/em> erw\u00e4hnt. Nach Aussagen von Angeh\u00f6rigen schlie\u00dft sie ein direkteres politisches Engagement nicht aus, sobald ihr Stiefvater nicht mehr im \u00c9lys\u00e9e ist.<\/p>\n<h2>FAQ<\/h2>\n<h3>Wer ist Tiphaine Auzi\u00e8re?<\/h3>\n<p>Tiphaine Auzi\u00e8re ist die j\u00fcngste Tochter von Brigitte Macron und Andr\u00e9-Louis Auzi\u00e8re, einem 2019 verstorbenen Bankier. Geboren am 30. Januar 1984 in Amiens, ist sie Anw\u00e4ltin, spezialisiert auf Arbeitsrecht, Mitgr\u00fcnderin der Kanzlei Challenges Avocats in Boulogne-sur-Mer. Sie ist auch die Autorin des Romans Assises (2024) und war von Oktober 2024 bis M\u00e4rz 2025 juristische Kolumnistin bei TPMP.<\/p>\n<h3>Wie alt ist Tiphaine Auzi\u00e8re?<\/h3>\n<p>Tiphaine Auzi\u00e8re wurde am 30. Januar 1984 geboren. 2026 ist sie 42 Jahre alt.<\/p>\n<h3>Ist Tiphaine Auzi\u00e8re in einer Beziehung mit Cyril Hanouna?<\/h3>\n<p>Paris Match berichtete am 19. M\u00e4rz 2025 auf dem Cover \u00fcber eine romantische Beziehung zwischen Tiphaine Auzi\u00e8re und Cyril Hanouna, die aus ihrer Zusammenarbeit bei TPMP entstanden sein soll. Nachfolgende \u00f6ffentliche Auftritte (insbesondere im M\u00e4rz 2026) zeigen sie jedoch, wie sie getrennt anreisen. Die genaue Natur ihrer Beziehung wurde von den Beteiligten nicht offiziell best\u00e4tigt.<\/p>\n<h3>Was ist der Roman von Tiphaine Auzi\u00e8re?<\/h3>\n<p>Ihr erster Roman tr\u00e4gt den Titel Assises, ver\u00f6ffentlicht im Jahr 2024. Es handelt sich um ein Justizdrama, das von ihrer Erfahrung als Anw\u00e4ltin inspiriert ist und sich auf h\u00e4usliche Gewalt und das Funktionieren der franz\u00f6sischen Strafjustiz konzentriert.<\/p>\n<h3>Was hat Tiphaine Auzi\u00e8re im Prozess gegen das Cybermobbing von Brigitte Macron ausgesagt?<\/h3>\n<p>Am 28. Oktober 2025 sagt sie als Zeugin aus und beschreibt die Verschlechterung der Gesundheit und der Lebensbedingungen ihrer Mutter seit 2021\u20132022 in Verbindung mit den Online-Hasskampagnen. Sie beschreibt eine Mutter, die gezwungen ist, jedes ihrer Bilder zu kontrollieren, und die in ihrem t\u00e4glichen Leben nicht mehr von den hatefulen Nachrichten abstrahieren kann.<\/p>\n<h3>Welche Kinder hat Tiphaine Auzi\u00e8re?<\/h3>\n<p>Tiphaine Auzi\u00e8re hat zwei Kinder, \u00c9lise und Aur\u00e8le, mit ihrem fr\u00fcheren Partner Antoine Choteau, einem Gastroenterologen. Laut dem Magazin Gala fand die Trennung Anfang 2025 statt.<\/p>\n<p>[<br \/>\n  {<br \/>\n    \u00ab\u00a0@context\u00a0\u00bb: \u00ab\u00a0https:\/\/schema.org\u00a0\u00bb,<br \/>\n    \u00ab\u00a0@type\u00a0\u00bb: \u00ab\u00a0Article\u00a0\u00bb,<br \/>\n    \u00ab\u00a0headline\u00a0\u00bb: \u00ab\u00a0Tiphaine Auzi\u00e8re: Biografie, Karriere, Buch Assises, Privatleben und aktuelle Nachrichten 2026\u00a0\u00bb,<br \/>\n    \u00ab\u00a0description\u00a0\u00bb: \u00ab\u00a0Umfassende Biografie von Tiphaine Auzi\u00e8re: Anw\u00e4ltin, Romanautorin, TPMP-Kolumnistin, Tochter von Brigitte Macron. Karriere, Roman Assises, Beziehung Hanouna, Prozess Cybermobbing 2025.\u00a0\u00bb,<br \/>\n    \u00ab\u00a0inLanguage\u00a0\u00bb: \u00ab\u00a0de\u00a0\u00bb<br \/>\n  },<br \/>\n  {<br \/>\n    \u00ab\u00a0@context\u00a0\u00bb: \u00ab\u00a0https:\/\/schema.org\u00a0\u00bb,<br \/>\n    \u00ab\u00a0@type\u00a0\u00bb: \u00ab\u00a0Person\u00a0\u00bb,<br \/>\n    \u00ab\u00a0name\u00a0\u00bb: \u00ab\u00a0Tiphaine Auzi\u00e8re\u00a0\u00bb,<br \/>\n    \u00ab\u00a0birthDate\u00a0\u00bb: \u00ab\u00a01984-01-30\u00a0\u00bb,<br \/>\n    \u00ab\u00a0birthPlace\u00a0\u00bb: {<br \/>\n      \u00ab\u00a0@type\u00a0\u00bb: \u00ab\u00a0Place\u00a0\u00bb,<br \/>\n      \u00ab\u00a0name\u00a0\u00bb: \u00ab\u00a0Amiens, Somme, Frankreich\u00a0\u00bb<br \/>\n    },<br \/>\n    \u00ab\u00a0nationality\u00a0\u00bb: \u00ab\u00a0Franz\u00f6sisch\u00a0\u00bb,<br \/>\n    \u00ab\u00a0jobTitle\u00a0\u00bb: \u00ab\u00a0Anw\u00e4ltin, Romanautorin\u00a0\u00bb,<br \/>\n    \u00ab\u00a0alumniOf\u00a0\u00bb: [<br \/>\n      { \u00ab\u00a0@type\u00a0\u00bb: \u00ab\u00a0Organization\u00a0\u00bb, \u00ab\u00a0name\u00a0\u00bb: \u00ab\u00a0Universit\u00e9 Panth\u00e9on-Sorbonne\u00a0\u00bb },<br \/>\n      { \u00ab\u00a0@type\u00a0\u00bb: \u00ab\u00a0Organization\u00a0\u00bb, \u00ab\u00a0name\u00a0\u00bb: \u00ab\u00a0\u00c9cole de Formation du Barreau de Paris\u00a0\u00bb }<br \/>\n    ],<br \/>\n    \u00ab\u00a0parent\u00a0\u00bb: [<br \/>\n      { \u00ab\u00a0@type\u00a0\u00bb: \u00ab\u00a0Person\u00a0\u00bb, \u00ab\u00a0name\u00a0\u00bb: \u00ab\u00a0Brigitte Macron\u00a0\u00bb },<br \/>\n      { \u00ab\u00a0@type\u00a0\u00bb: \u00ab\u00a0Person\u00a0\u00bb, \u00ab\u00a0name\u00a0\u00bb: \u00ab\u00a0Andr\u00e9-Louis Auzi\u00e8re\u00a0\u00bb }<br \/>\n    ],<br \/>\n    \u00ab\u00a0sibling\u00a0\u00bb: [<br \/>\n      { \u00ab\u00a0@type\u00a0\u00bb: \u00ab\u00a0Person\u00a0\u00bb, \u00ab\u00a0name\u00a0\u00bb: \u00ab\u00a0S\u00e9bastien Auzi\u00e8re\u00a0\u00bb },<br \/>\n      { \u00ab\u00a0@type\u00a0\u00bb: \u00ab\u00a0Person\u00a0\u00bb, \u00ab\u00a0name\u00a0\u00bb: \u00ab\u00a0Laurence Auzi\u00e8re\u00a0\u00bb }<br \/>\n    ],<br \/>\n    \u00ab\u00a0children\u00a0\u00bb: [<br \/>\n      { \u00ab\u00a0@type\u00a0\u00bb: \u00ab\u00a0Person\u00a0\u00bb, \u00ab\u00a0name\u00a0\u00bb: \u00ab\u00a0\u00c9lise Choteau\u00a0\u00bb },<br \/>\n      { \u00ab\u00a0@type\u00a0\u00bb: \u00ab\u00a0Person\u00a0\u00bb, \u00ab\u00a0name\u00a0\u00bb: \u00ab\u00a0Aur\u00e8le Choteau\u00a0\u00bb }<br \/>\n    ]<br \/>\n  },<br \/>\n  {<br \/>\n    \u00ab\u00a0@context\u00a0\u00bb: \u00ab\u00a0https:\/\/schema.org\u00a0\u00bb,<br \/>\n    \u00ab\u00a0@type\u00a0\u00bb: \u00ab\u00a0FAQPage\u00a0\u00bb,<br \/>\n    \u00ab\u00a0mainEntity\u00a0\u00bb: [<br \/>\n      {<br \/>\n        \u00ab\u00a0@type\u00a0\u00bb: \u00ab\u00a0Question\u00a0\u00bb,<br \/>\n        \u00ab\u00a0name\u00a0\u00bb: \u00ab\u00a0Wer ist Tiphaine Auzi\u00e8re?\u00a0\u00bb,<br \/>\n        \u00ab\u00a0acceptedAnswer\u00a0\u00bb: { \u00ab\u00a0@type\u00a0\u00bb: \u00ab\u00a0Answer\u00a0\u00bb, \u00ab\u00a0text\u00a0\u00bb: \u00ab\u00a0Tiphaine Auzi\u00e8re ist die j\u00fcngste Tochter von Brigitte Macron, geboren am 30. Januar 1984 in Amiens. Anw\u00e4ltin, spezialisiert auf Arbeitsrecht, Mitgr\u00fcnderin der Kanzlei Challenges Avocats, Romanautorin (Assises, 2024) und ehemalige juristische Kolumnistin bei TPMP (2024\u20132025).\u00a0\u00bb }<br \/>\n      },<br \/>\n      {<br \/>\n        \u00ab\u00a0@type\u00a0\u00bb: \u00ab\u00a0Question\u00a0\u00bb,<br \/>\n        \u00ab\u00a0name\u00a0\u00bb: \u00ab\u00a0Wie alt ist Tiphaine Auzi\u00e8re?\u00a0\u00bb,<br \/>\n        \u00ab\u00a0acceptedAnswer\u00a0\u00bb: { \u00ab\u00a0@type\u00a0\u00bb: \u00ab\u00a0Answer\u00a0\u00bb, \u00ab\u00a0text\u00a0\u00bb: \u00ab\u00a0Tiphaine Auzi\u00e8re wurde am 30. Januar 1984 geboren. 2026 ist sie 42 Jahre alt.\u00a0\u00bb }<br \/>\n      },<br \/>\n      {<br \/>\n        \u00ab\u00a0@type\u00a0\u00bb: \u00ab\u00a0Question\u00a0\u00bb,<br \/>\n        \u00ab\u00a0name\u00a0\u00bb: \u00ab\u00a0Ist Tiphaine Auzi\u00e8re in einer Beziehung mit Cyril Hanouna?\u00a0\u00bb,<br \/>\n        \u00ab\u00a0acceptedAnswer\u00a0\u00bb: { \u00ab\u00a0@type\u00a0\u00bb: \u00ab\u00a0Answer\u00a0\u00bb, \u00ab\u00a0text\u00a0\u00bb: \u00ab\u00a0Paris Match berichtete \u00fcber eine Beziehung im M\u00e4rz 2025. Aus sp\u00e4teren \u00f6ffentlichen Auftritten geht jedoch hervor, dass sie getrennt anreisen. Ihre Beziehung wurde von den Beteiligten nicht offiziell best\u00e4tigt.\u00a0\u00bb }<br \/>\n      },<br \/>\n      {<br \/>\n        \u00ab\u00a0@type\u00a0\u00bb: \u00ab\u00a0Question\u00a0\u00bb,<br \/>\n        \u00ab\u00a0name\u00a0\u00bb: \u00ab\u00a0Was ist der Roman von Tiphaine Auzi\u00e8re?\u00a0\u00bb,<br \/>\n        \u00ab\u00a0acceptedAnswer\u00a0\u00bb: { \u00ab\u00a0@type\u00a0\u00bb: \u00ab\u00a0Answer\u00a0\u00bb, \u00ab\u00a0text\u00a0\u00bb: \u00ab\u00a0Assises (2024), ein Justizdrama, inspiriert von ihrer Erfahrung als Anw\u00e4ltin, zentriert auf h\u00e4usliche Gewalt und die franz\u00f6sische Strafjustiz.\u00a0\u00bb }<br \/>\n      }<br \/>\n    ]<br \/>\n  }<br \/>\n]<\/p>\n","protected":false},"excerpt":{"rendered":"<p>Tiphaine Auzi\u00e8re, geboren am 30. Januar 1984 in Amiens, ist Anw\u00e4ltin, spezialisiert auf Arbeitsrecht, Romanautorin und ehemalige Fernsehkolumnistin. Sie ist die j\u00fcngste Tochter von Brigitte Macron und Andr\u00e9-Louis Auzi\u00e8re (Bankier, 1951\u20132019) und die J\u00fcngste einer Geschwisterschaft von drei Kindern mit S\u00e9bastien und Laurence Auzi\u00e8re. Schwiegertochter von Emmanuel Macron seit 2017, hat sie es geschafft, eine &#8230; <a title=\"Tiphaine Auzi\u00e8re: Biografie, Karriere, Privatleben und Nachrichten 2026\" class=\"read-more\" href=\"https:\/\/www.sebastien-auziere.fr\/blog\/de\/tiphaine-auziere-biografie-karriere-privatleben-und-nachrichten-2026\/\" aria-label=\"En savoir plus sur Tiphaine Auzi\u00e8re: Biografie, Karriere, Privatleben und Nachrichten 2026\">Lire plus<\/a><\/p>\n","protected":false},"author":4,"featured_media":2427,"comment_status":"open","ping_status":"open","sticky":false,"template":"","format":"standard","meta":{"footnotes":""},"categories":[838],"tags":[],"class_list":["post-2433","post","type-post","status-publish","format-standard","has-post-thumbnail","hentry","category-non-classe-de"],"yoast_head":"<!-- This site is optimized with the Yoast SEO plugin v27.5 - https:\/\/yoast.com\/product\/yoast-seo-wordpress\/ -->\n<title>Tiphaine Auzi\u00e8re : biographie, carri\u00e8re, livre Assises, vie priv\u00e9e et actualit\u00e9 2026<\/title>\n<meta name=\"description\" content=\"Tout sur Tiphaine Auzi\u00e8re : \u00e2ge, biographie, carri\u00e8re d&#039;avocate, roman Assises, chronique TPMP, relation avec Cyril Hanouna, t\u00e9moignage au proc\u00e8s du cyberharc\u00e8lement de Brigitte Macron. Actualit\u00e9 2026.\" \/>\n<meta name=\"robots\" content=\"index, follow, max-snippet:-1, max-image-preview:large, max-video-preview:-1\" \/>\n<link rel=\"canonical\" href=\"https:\/\/www.sebastien-auziere.fr\/blog\/de\/tiphaine-auziere-biografie-karriere-privatleben-und-nachrichten-2026\/\" \/>\n<meta property=\"og:locale\" content=\"fr_FR\" \/>\n<meta property=\"og:type\" content=\"article\" \/>\n<meta property=\"og:title\" content=\"Tiphaine Auzi\u00e8re : biographie, carri\u00e8re, livre Assises, vie priv\u00e9e et actualit\u00e9 2026\" \/>\n<meta property=\"og:description\" content=\"Tout sur Tiphaine Auzi\u00e8re : \u00e2ge, biographie, carri\u00e8re d&#039;avocate, roman Assises, chronique TPMP, relation avec Cyril Hanouna, t\u00e9moignage au proc\u00e8s du cyberharc\u00e8lement de Brigitte Macron. Actualit\u00e9 2026.\" \/>\n<meta property=\"og:url\" content=\"https:\/\/www.sebastien-auziere.fr\/blog\/de\/tiphaine-auziere-biografie-karriere-privatleben-und-nachrichten-2026\/\" \/>\n<meta property=\"og:site_name\" content=\"Fan site S\u00e9bastien Auzi\u00e8re\" \/>\n<meta property=\"article:published_time\" content=\"2026-03-09T18:27:40+00:00\" \/>\n<meta property=\"article:modified_time\" content=\"2026-03-09T18:29:22+00:00\" \/>\n<meta property=\"og:image\" content=\"https:\/\/www.sebastien-auziere.fr\/blog\/wp-content\/uploads\/2026\/03\/tt.jpg\" \/>\n\t<meta property=\"og:image:width\" content=\"858\" \/>\n\t<meta property=\"og:image:height\" content=\"573\" \/>\n\t<meta property=\"og:image:type\" content=\"image\/jpeg\" \/>\n<meta name=\"author\" content=\"Celine\" \/>\n<meta name=\"twitter:card\" content=\"summary_large_image\" \/>\n<meta name=\"twitter:label1\" content=\"\u00c9crit par\" \/>\n\t<meta name=\"twitter:data1\" content=\"Celine\" \/>\n\t<meta name=\"twitter:label2\" content=\"Dur\u00e9e de lecture estim\u00e9e\" \/>\n\t<meta name=\"twitter:data2\" content=\"11 minutes\" \/>\n<script type=\"application\/ld+json\" class=\"yoast-schema-graph\">{\"@context\":\"https:\\\/\\\/schema.org\",\"@graph\":[{\"@type\":\"Article\",\"@id\":\"https:\\\/\\\/www.sebastien-auziere.fr\\\/blog\\\/de\\\/tiphaine-auziere-biografie-karriere-privatleben-und-nachrichten-2026\\\/#article\",\"isPartOf\":{\"@id\":\"https:\\\/\\\/www.sebastien-auziere.fr\\\/blog\\\/de\\\/tiphaine-auziere-biografie-karriere-privatleben-und-nachrichten-2026\\\/\"},\"author\":{\"name\":\"Celine\",\"@id\":\"https:\\\/\\\/www.sebastien-auziere.fr\\\/blog\\\/#\\\/schema\\\/person\\\/1e270a963009242469ed08b1c461f81f\"},\"headline\":\"Tiphaine Auzi\u00e8re: Biografie, Karriere, Privatleben und Nachrichten 2026\",\"datePublished\":\"2026-03-09T18:27:40+00:00\",\"dateModified\":\"2026-03-09T18:29:22+00:00\",\"mainEntityOfPage\":{\"@id\":\"https:\\\/\\\/www.sebastien-auziere.fr\\\/blog\\\/de\\\/tiphaine-auziere-biografie-karriere-privatleben-und-nachrichten-2026\\\/\"},\"wordCount\":2169,\"commentCount\":0,\"publisher\":{\"@id\":\"https:\\\/\\\/www.sebastien-auziere.fr\\\/blog\\\/#organization\"},\"image\":{\"@id\":\"https:\\\/\\\/www.sebastien-auziere.fr\\\/blog\\\/de\\\/tiphaine-auziere-biografie-karriere-privatleben-und-nachrichten-2026\\\/#primaryimage\"},\"thumbnailUrl\":\"https:\\\/\\\/www.sebastien-auziere.fr\\\/blog\\\/wp-content\\\/uploads\\\/2026\\\/03\\\/tt.jpg\",\"inLanguage\":\"fr-FR\",\"potentialAction\":[{\"@type\":\"CommentAction\",\"name\":\"Comment\",\"target\":[\"https:\\\/\\\/www.sebastien-auziere.fr\\\/blog\\\/de\\\/tiphaine-auziere-biografie-karriere-privatleben-und-nachrichten-2026\\\/#respond\"]}]},{\"@type\":\"WebPage\",\"@id\":\"https:\\\/\\\/www.sebastien-auziere.fr\\\/blog\\\/de\\\/tiphaine-auziere-biografie-karriere-privatleben-und-nachrichten-2026\\\/\",\"url\":\"https:\\\/\\\/www.sebastien-auziere.fr\\\/blog\\\/de\\\/tiphaine-auziere-biografie-karriere-privatleben-und-nachrichten-2026\\\/\",\"name\":\"Tiphaine Auzi\u00e8re : biographie, carri\u00e8re, livre Assises, vie priv\u00e9e et actualit\u00e9 2026\",\"isPartOf\":{\"@id\":\"https:\\\/\\\/www.sebastien-auziere.fr\\\/blog\\\/#website\"},\"primaryImageOfPage\":{\"@id\":\"https:\\\/\\\/www.sebastien-auziere.fr\\\/blog\\\/de\\\/tiphaine-auziere-biografie-karriere-privatleben-und-nachrichten-2026\\\/#primaryimage\"},\"image\":{\"@id\":\"https:\\\/\\\/www.sebastien-auziere.fr\\\/blog\\\/de\\\/tiphaine-auziere-biografie-karriere-privatleben-und-nachrichten-2026\\\/#primaryimage\"},\"thumbnailUrl\":\"https:\\\/\\\/www.sebastien-auziere.fr\\\/blog\\\/wp-content\\\/uploads\\\/2026\\\/03\\\/tt.jpg\",\"datePublished\":\"2026-03-09T18:27:40+00:00\",\"dateModified\":\"2026-03-09T18:29:22+00:00\",\"description\":\"Tout sur Tiphaine Auzi\u00e8re : \u00e2ge, biographie, carri\u00e8re d'avocate, roman Assises, chronique TPMP, relation avec Cyril Hanouna, t\u00e9moignage au proc\u00e8s du cyberharc\u00e8lement de Brigitte Macron. Actualit\u00e9 2026.\",\"breadcrumb\":{\"@id\":\"https:\\\/\\\/www.sebastien-auziere.fr\\\/blog\\\/de\\\/tiphaine-auziere-biografie-karriere-privatleben-und-nachrichten-2026\\\/#breadcrumb\"},\"inLanguage\":\"fr-FR\",\"potentialAction\":[{\"@type\":\"ReadAction\",\"target\":[\"https:\\\/\\\/www.sebastien-auziere.fr\\\/blog\\\/de\\\/tiphaine-auziere-biografie-karriere-privatleben-und-nachrichten-2026\\\/\"]}]},{\"@type\":\"ImageObject\",\"inLanguage\":\"fr-FR\",\"@id\":\"https:\\\/\\\/www.sebastien-auziere.fr\\\/blog\\\/de\\\/tiphaine-auziere-biografie-karriere-privatleben-und-nachrichten-2026\\\/#primaryimage\",\"url\":\"https:\\\/\\\/www.sebastien-auziere.fr\\\/blog\\\/wp-content\\\/uploads\\\/2026\\\/03\\\/tt.jpg\",\"contentUrl\":\"https:\\\/\\\/www.sebastien-auziere.fr\\\/blog\\\/wp-content\\\/uploads\\\/2026\\\/03\\\/tt.jpg\",\"width\":858,\"height\":573,\"caption\":\"Tiphaine Auzi\u00e8re\"},{\"@type\":\"BreadcrumbList\",\"@id\":\"https:\\\/\\\/www.sebastien-auziere.fr\\\/blog\\\/de\\\/tiphaine-auziere-biografie-karriere-privatleben-und-nachrichten-2026\\\/#breadcrumb\",\"itemListElement\":[{\"@type\":\"ListItem\",\"position\":1,\"name\":\"Home\",\"item\":\"https:\\\/\\\/www.sebastien-auziere.fr\\\/blog\\\/\"},{\"@type\":\"ListItem\",\"position\":2,\"name\":\"Tiphaine Auzi\u00e8re: Biografie, Karriere, Privatleben und Nachrichten 2026\"}]},{\"@type\":\"WebSite\",\"@id\":\"https:\\\/\\\/www.sebastien-auziere.fr\\\/blog\\\/#website\",\"url\":\"https:\\\/\\\/www.sebastien-auziere.fr\\\/blog\\\/\",\"name\":\"Fan site S\u00e9bastien Auzi\u00e8re\",\"description\":\"M\u00e9dia g\u00e9n\u00e9raliste\",\"publisher\":{\"@id\":\"https:\\\/\\\/www.sebastien-auziere.fr\\\/blog\\\/#organization\"},\"potentialAction\":[{\"@type\":\"SearchAction\",\"target\":{\"@type\":\"EntryPoint\",\"urlTemplate\":\"https:\\\/\\\/www.sebastien-auziere.fr\\\/blog\\\/?s={search_term_string}\"},\"query-input\":{\"@type\":\"PropertyValueSpecification\",\"valueRequired\":true,\"valueName\":\"search_term_string\"}}],\"inLanguage\":\"fr-FR\"},{\"@type\":\"Organization\",\"@id\":\"https:\\\/\\\/www.sebastien-auziere.fr\\\/blog\\\/#organization\",\"name\":\"Fan site S\u00e9bastien Auzi\u00e8re\",\"url\":\"https:\\\/\\\/www.sebastien-auziere.fr\\\/blog\\\/\",\"logo\":{\"@type\":\"ImageObject\",\"inLanguage\":\"fr-FR\",\"@id\":\"https:\\\/\\\/www.sebastien-auziere.fr\\\/blog\\\/#\\\/schema\\\/logo\\\/image\\\/\",\"url\":\"https:\\\/\\\/www.sebastien-auziere.fr\\\/blog\\\/wp-content\\\/uploads\\\/2026\\\/03\\\/cropped-cropped-cropped-ChatGPT-Image-6-mars-2026-12_58_09-e1772798376794.jpg\",\"contentUrl\":\"https:\\\/\\\/www.sebastien-auziere.fr\\\/blog\\\/wp-content\\\/uploads\\\/2026\\\/03\\\/cropped-cropped-cropped-ChatGPT-Image-6-mars-2026-12_58_09-e1772798376794.jpg\",\"width\":512,\"height\":360,\"caption\":\"Fan site S\u00e9bastien Auzi\u00e8re\"},\"image\":{\"@id\":\"https:\\\/\\\/www.sebastien-auziere.fr\\\/blog\\\/#\\\/schema\\\/logo\\\/image\\\/\"}},{\"@type\":\"Person\",\"@id\":\"https:\\\/\\\/www.sebastien-auziere.fr\\\/blog\\\/#\\\/schema\\\/person\\\/1e270a963009242469ed08b1c461f81f\",\"name\":\"Celine\",\"image\":{\"@type\":\"ImageObject\",\"inLanguage\":\"fr-FR\",\"@id\":\"https:\\\/\\\/secure.gravatar.com\\\/avatar\\\/c88d569fbe1fe19a13c7f21ee0f8973822df96073df21850b95af6a09ba820c9?s=96&d=mm&r=g\",\"url\":\"https:\\\/\\\/secure.gravatar.com\\\/avatar\\\/c88d569fbe1fe19a13c7f21ee0f8973822df96073df21850b95af6a09ba820c9?s=96&d=mm&r=g\",\"contentUrl\":\"https:\\\/\\\/secure.gravatar.com\\\/avatar\\\/c88d569fbe1fe19a13c7f21ee0f8973822df96073df21850b95af6a09ba820c9?s=96&d=mm&r=g\",\"caption\":\"Celine\"},\"description\":\"Je m'appelle C\u00e9line, j'ai 31 ans et je suis journaliste sp\u00e9cialis\u00e9e dans le cin\u00e9ma. Passionn\u00e9e par le septi\u00e8me art, j'explore les actualit\u00e9s, les critiques et les tendances du monde cin\u00e9matographique. Mon objectif est de partager ma passion et d'informer les amateurs de films \u00e0 travers des articles percutants et des analyses approfondies.\",\"url\":\"https:\\\/\\\/www.sebastien-auziere.fr\\\/blog\\\/author\\\/celine\\\/\"}]}<\/script>\n<!-- \/ Yoast SEO plugin. -->","yoast_head_json":{"title":"Tiphaine Auzi\u00e8re : biographie, carri\u00e8re, livre Assises, vie priv\u00e9e et actualit\u00e9 2026","description":"Tout sur Tiphaine Auzi\u00e8re : \u00e2ge, biographie, carri\u00e8re d'avocate, roman Assises, chronique TPMP, relation avec Cyril Hanouna, t\u00e9moignage au proc\u00e8s du cyberharc\u00e8lement de Brigitte Macron. Actualit\u00e9 2026.","robots":{"index":"index","follow":"follow","max-snippet":"max-snippet:-1","max-image-preview":"max-image-preview:large","max-video-preview":"max-video-preview:-1"},"canonical":"https:\/\/www.sebastien-auziere.fr\/blog\/de\/tiphaine-auziere-biografie-karriere-privatleben-und-nachrichten-2026\/","og_locale":"fr_FR","og_type":"article","og_title":"Tiphaine Auzi\u00e8re : biographie, carri\u00e8re, livre Assises, vie priv\u00e9e et actualit\u00e9 2026","og_description":"Tout sur Tiphaine Auzi\u00e8re : \u00e2ge, biographie, carri\u00e8re d'avocate, roman Assises, chronique TPMP, relation avec Cyril Hanouna, t\u00e9moignage au proc\u00e8s du cyberharc\u00e8lement de Brigitte Macron. Actualit\u00e9 2026.","og_url":"https:\/\/www.sebastien-auziere.fr\/blog\/de\/tiphaine-auziere-biografie-karriere-privatleben-und-nachrichten-2026\/","og_site_name":"Fan site S\u00e9bastien Auzi\u00e8re","article_published_time":"2026-03-09T18:27:40+00:00","article_modified_time":"2026-03-09T18:29:22+00:00","og_image":[{"width":858,"height":573,"url":"https:\/\/www.sebastien-auziere.fr\/blog\/wp-content\/uploads\/2026\/03\/tt.jpg","type":"image\/jpeg"}],"author":"Celine","twitter_card":"summary_large_image","twitter_misc":{"\u00c9crit par":"Celine","Dur\u00e9e de lecture estim\u00e9e":"11 minutes"},"schema":{"@context":"https:\/\/schema.org","@graph":[{"@type":"Article","@id":"https:\/\/www.sebastien-auziere.fr\/blog\/de\/tiphaine-auziere-biografie-karriere-privatleben-und-nachrichten-2026\/#article","isPartOf":{"@id":"https:\/\/www.sebastien-auziere.fr\/blog\/de\/tiphaine-auziere-biografie-karriere-privatleben-und-nachrichten-2026\/"},"author":{"name":"Celine","@id":"https:\/\/www.sebastien-auziere.fr\/blog\/#\/schema\/person\/1e270a963009242469ed08b1c461f81f"},"headline":"Tiphaine Auzi\u00e8re: Biografie, Karriere, Privatleben und Nachrichten 2026","datePublished":"2026-03-09T18:27:40+00:00","dateModified":"2026-03-09T18:29:22+00:00","mainEntityOfPage":{"@id":"https:\/\/www.sebastien-auziere.fr\/blog\/de\/tiphaine-auziere-biografie-karriere-privatleben-und-nachrichten-2026\/"},"wordCount":2169,"commentCount":0,"publisher":{"@id":"https:\/\/www.sebastien-auziere.fr\/blog\/#organization"},"image":{"@id":"https:\/\/www.sebastien-auziere.fr\/blog\/de\/tiphaine-auziere-biografie-karriere-privatleben-und-nachrichten-2026\/#primaryimage"},"thumbnailUrl":"https:\/\/www.sebastien-auziere.fr\/blog\/wp-content\/uploads\/2026\/03\/tt.jpg","inLanguage":"fr-FR","potentialAction":[{"@type":"CommentAction","name":"Comment","target":["https:\/\/www.sebastien-auziere.fr\/blog\/de\/tiphaine-auziere-biografie-karriere-privatleben-und-nachrichten-2026\/#respond"]}]},{"@type":"WebPage","@id":"https:\/\/www.sebastien-auziere.fr\/blog\/de\/tiphaine-auziere-biografie-karriere-privatleben-und-nachrichten-2026\/","url":"https:\/\/www.sebastien-auziere.fr\/blog\/de\/tiphaine-auziere-biografie-karriere-privatleben-und-nachrichten-2026\/","name":"Tiphaine Auzi\u00e8re : biographie, carri\u00e8re, livre Assises, vie priv\u00e9e et actualit\u00e9 2026","isPartOf":{"@id":"https:\/\/www.sebastien-auziere.fr\/blog\/#website"},"primaryImageOfPage":{"@id":"https:\/\/www.sebastien-auziere.fr\/blog\/de\/tiphaine-auziere-biografie-karriere-privatleben-und-nachrichten-2026\/#primaryimage"},"image":{"@id":"https:\/\/www.sebastien-auziere.fr\/blog\/de\/tiphaine-auziere-biografie-karriere-privatleben-und-nachrichten-2026\/#primaryimage"},"thumbnailUrl":"https:\/\/www.sebastien-auziere.fr\/blog\/wp-content\/uploads\/2026\/03\/tt.jpg","datePublished":"2026-03-09T18:27:40+00:00","dateModified":"2026-03-09T18:29:22+00:00","description":"Tout sur Tiphaine Auzi\u00e8re : \u00e2ge, biographie, carri\u00e8re d'avocate, roman Assises, chronique TPMP, relation avec Cyril Hanouna, t\u00e9moignage au proc\u00e8s du cyberharc\u00e8lement de Brigitte Macron. Actualit\u00e9 2026.","breadcrumb":{"@id":"https:\/\/www.sebastien-auziere.fr\/blog\/de\/tiphaine-auziere-biografie-karriere-privatleben-und-nachrichten-2026\/#breadcrumb"},"inLanguage":"fr-FR","potentialAction":[{"@type":"ReadAction","target":["https:\/\/www.sebastien-auziere.fr\/blog\/de\/tiphaine-auziere-biografie-karriere-privatleben-und-nachrichten-2026\/"]}]},{"@type":"ImageObject","inLanguage":"fr-FR","@id":"https:\/\/www.sebastien-auziere.fr\/blog\/de\/tiphaine-auziere-biografie-karriere-privatleben-und-nachrichten-2026\/#primaryimage","url":"https:\/\/www.sebastien-auziere.fr\/blog\/wp-content\/uploads\/2026\/03\/tt.jpg","contentUrl":"https:\/\/www.sebastien-auziere.fr\/blog\/wp-content\/uploads\/2026\/03\/tt.jpg","width":858,"height":573,"caption":"Tiphaine Auzi\u00e8re"},{"@type":"BreadcrumbList","@id":"https:\/\/www.sebastien-auziere.fr\/blog\/de\/tiphaine-auziere-biografie-karriere-privatleben-und-nachrichten-2026\/#breadcrumb","itemListElement":[{"@type":"ListItem","position":1,"name":"Home","item":"https:\/\/www.sebastien-auziere.fr\/blog\/"},{"@type":"ListItem","position":2,"name":"Tiphaine Auzi\u00e8re: Biografie, Karriere, Privatleben und Nachrichten 2026"}]},{"@type":"WebSite","@id":"https:\/\/www.sebastien-auziere.fr\/blog\/#website","url":"https:\/\/www.sebastien-auziere.fr\/blog\/","name":"Fan site S\u00e9bastien Auzi\u00e8re","description":"M\u00e9dia g\u00e9n\u00e9raliste","publisher":{"@id":"https:\/\/www.sebastien-auziere.fr\/blog\/#organization"},"potentialAction":[{"@type":"SearchAction","target":{"@type":"EntryPoint","urlTemplate":"https:\/\/www.sebastien-auziere.fr\/blog\/?s={search_term_string}"},"query-input":{"@type":"PropertyValueSpecification","valueRequired":true,"valueName":"search_term_string"}}],"inLanguage":"fr-FR"},{"@type":"Organization","@id":"https:\/\/www.sebastien-auziere.fr\/blog\/#organization","name":"Fan site S\u00e9bastien Auzi\u00e8re","url":"https:\/\/www.sebastien-auziere.fr\/blog\/","logo":{"@type":"ImageObject","inLanguage":"fr-FR","@id":"https:\/\/www.sebastien-auziere.fr\/blog\/#\/schema\/logo\/image\/","url":"https:\/\/www.sebastien-auziere.fr\/blog\/wp-content\/uploads\/2026\/03\/cropped-cropped-cropped-ChatGPT-Image-6-mars-2026-12_58_09-e1772798376794.jpg","contentUrl":"https:\/\/www.sebastien-auziere.fr\/blog\/wp-content\/uploads\/2026\/03\/cropped-cropped-cropped-ChatGPT-Image-6-mars-2026-12_58_09-e1772798376794.jpg","width":512,"height":360,"caption":"Fan site S\u00e9bastien Auzi\u00e8re"},"image":{"@id":"https:\/\/www.sebastien-auziere.fr\/blog\/#\/schema\/logo\/image\/"}},{"@type":"Person","@id":"https:\/\/www.sebastien-auziere.fr\/blog\/#\/schema\/person\/1e270a963009242469ed08b1c461f81f","name":"Celine","image":{"@type":"ImageObject","inLanguage":"fr-FR","@id":"https:\/\/secure.gravatar.com\/avatar\/c88d569fbe1fe19a13c7f21ee0f8973822df96073df21850b95af6a09ba820c9?s=96&d=mm&r=g","url":"https:\/\/secure.gravatar.com\/avatar\/c88d569fbe1fe19a13c7f21ee0f8973822df96073df21850b95af6a09ba820c9?s=96&d=mm&r=g","contentUrl":"https:\/\/secure.gravatar.com\/avatar\/c88d569fbe1fe19a13c7f21ee0f8973822df96073df21850b95af6a09ba820c9?s=96&d=mm&r=g","caption":"Celine"},"description":"Je m'appelle C\u00e9line, j'ai 31 ans et je suis journaliste sp\u00e9cialis\u00e9e dans le cin\u00e9ma. Passionn\u00e9e par le septi\u00e8me art, j'explore les actualit\u00e9s, les critiques et les tendances du monde cin\u00e9matographique. Mon objectif est de partager ma passion et d'informer les amateurs de films \u00e0 travers des articles percutants et des analyses approfondies.","url":"https:\/\/www.sebastien-auziere.fr\/blog\/author\/celine\/"}]}},"views":13,"_links":{"self":[{"href":"https:\/\/www.sebastien-auziere.fr\/blog\/wp-json\/wp\/v2\/posts\/2433","targetHints":{"allow":["GET"]}}],"collection":[{"href":"https:\/\/www.sebastien-auziere.fr\/blog\/wp-json\/wp\/v2\/posts"}],"about":[{"href":"https:\/\/www.sebastien-auziere.fr\/blog\/wp-json\/wp\/v2\/types\/post"}],"author":[{"embeddable":true,"href":"https:\/\/www.sebastien-auziere.fr\/blog\/wp-json\/wp\/v2\/users\/4"}],"replies":[{"embeddable":true,"href":"https:\/\/www.sebastien-auziere.fr\/blog\/wp-json\/wp\/v2\/comments?post=2433"}],"version-history":[{"count":1,"href":"https:\/\/www.sebastien-auziere.fr\/blog\/wp-json\/wp\/v2\/posts\/2433\/revisions"}],"predecessor-version":[{"id":2434,"href":"https:\/\/www.sebastien-auziere.fr\/blog\/wp-json\/wp\/v2\/posts\/2433\/revisions\/2434"}],"wp:featuredmedia":[{"embeddable":true,"href":"https:\/\/www.sebastien-auziere.fr\/blog\/wp-json\/wp\/v2\/media\/2427"}],"wp:attachment":[{"href":"https:\/\/www.sebastien-auziere.fr\/blog\/wp-json\/wp\/v2\/media?parent=2433"}],"wp:term":[{"taxonomy":"category","embeddable":true,"href":"https:\/\/www.sebastien-auziere.fr\/blog\/wp-json\/wp\/v2\/categories?post=2433"},{"taxonomy":"post_tag","embeddable":true,"href":"https:\/\/www.sebastien-auziere.fr\/blog\/wp-json\/wp\/v2\/tags?post=2433"}],"curies":[{"name":"wp","href":"https:\/\/api.w.org\/{rel}","templated":true}]}}