{"id":2431,"date":"2026-03-09T18:25:53","date_gmt":"2026-03-09T18:25:53","guid":{"rendered":"https:\/\/www.sebastien-auziere.fr\/blog\/?p=2431"},"modified":"2026-03-09T18:27:38","modified_gmt":"2026-03-09T18:27:38","slug":"tiphaine-auziere-biografia-carrera-vida-privada-y-actualidad-2026","status":"publish","type":"post","link":"https:\/\/www.sebastien-auziere.fr\/blog\/es\/tiphaine-auziere-biografia-carrera-vida-privada-y-actualidad-2026\/","title":{"rendered":"Tiphaine Auzi\u00e8re : biograf\u00eda, carrera, vida privada y actualidad 2026"},"content":{"rendered":"<p style=\"padding: 24px;background: lightblue\"><strong>Tiphaine Auzi\u00e8re<\/strong>, nacida el <strong>30 de enero de 1984 en Amiens<\/strong>, es abogada especializada en derecho laboral, novelista y excronista de televisi\u00f3n. Hija menor de <strong>Brigitte Macron<\/strong> y <strong>Andr\u00e9-Louis Auzi\u00e8re<\/strong> (banquero, 1951\u20132019), es la benjamina de una familia de tres hijos junto a <strong>S\u00e9bastien<\/strong> y <strong>Laurence Auzi\u00e8re<\/strong>. Nuera de Emmanuel Macron desde 2017, ha sabido construir una carrera y una identidad propias, lejos del \u00fanico prisma familiar. En <strong>2024<\/strong>, publica su primera novela <em><strong>Assises<\/strong><\/em> y se une como cronista al programa <em>Touche pas \u00e0 mon poste<\/em> (C8). En <strong>octubre de 2025<\/strong>, testifica en el juicio por ciberacoso de su madre Brigitte Macron ante el tribunal correccional de Par\u00eds. En <strong>marzo de 2025<\/strong>, Paris Match revela su relaci\u00f3n con <strong>Cyril Hanouna<\/strong>. A los <strong>42 a\u00f1os<\/strong> en 2026, Tiphaine Auzi\u00e8re se establece como una figura p\u00fablica completa.<\/p>\n<ol>\n<li><a href=\"#identite\">Identidad y familia<\/a><\/li>\n<li><a href=\"#formation\">Formaci\u00f3n y trayectoria acad\u00e9mica<\/a><\/li>\n<li><a href=\"#carriere-avocate\">Carrera de abogada<\/a><\/li>\n<li><a href=\"#engagement-politique\">Compromiso pol\u00edtico<\/a><\/li>\n<li><a href=\"#roman-assises\">La novela <em>Assises<\/em> (2024)<\/a><\/li>\n<li><a href=\"#tpmp\">Cronista en TPMP (2024\u20132025)<\/a><\/li>\n<li><a href=\"#vie-privee\">Vida privada<\/a><\/li>\n<li><a href=\"#proces-cyberharcelement\">Testimonio en el juicio por ciberacoso (octubre de 2025)<\/a><\/li>\n<li><a href=\"#actualite-2026\">Actualidad 2026<\/a><\/li>\n<\/ol>\n<h2 id=\"identite\">Identidad y familia<\/h2>\n<p>Tiphaine Auzi\u00e8re es la tercera hija de <strong>Brigitte Trogneux<\/strong> (nacida en 1953, futura Brigitte Macron) y de <strong>Andr\u00e9-Louis Auzi\u00e8re<\/strong>, banquero nacido en 1951 en \u00c9s\u00e9ka (Camer\u00fan), fallecido el 24 de diciembre de 2019. Tiene dos hermanos mayores: <strong>S\u00e9bastien Auzi\u00e8re<\/strong>, investigador en laboratorio farmac\u00e9utico (nacido en 1975), y <strong>Laurence Auzi\u00e8re<\/strong>, cardi\u00f3loga (nacida en 1977), quien fue compa\u00f1era de clase de Emmanuel Macron en el lyc\u00e9e La Providence de Amiens.<\/p>\n<p>Sus padres se divorcian el <strong>26 de enero de 2006<\/strong>. Su madre se casa con Emmanuel Macron en <strong>octubre de 2007<\/strong>. Desde entonces, Tiphaine mantiene con su suegro una relaci\u00f3n cercana y de apoyo que describe como sincera y no forzada.<\/p>\n<p>Tras la muerte de su padre en diciembre de 2019, es ella quien anuncia el fallecimiento en Paris Match en <strong>octubre de 2020<\/strong>, describiendo a Andr\u00e9-Louis Auzi\u00e8re como <em>\u00ab un inconformista que valoraba m\u00e1s que nada su anonimato \u00bb<\/em>. Hab\u00eda esperado deliberadamente varios meses para preservar su memoria y proteger a su familia.<\/p>\n<h2 id=\"formation\">Formaci\u00f3n y trayectoria acad\u00e9mica<\/h2>\n<p>Tiphaine Auzi\u00e8re realiza sus estudios en Amiens, obteniendo su bachillerato en el <strong>lyc\u00e9e La Providence<\/strong>. Comienza una hypokh\u00e2gne en el lyc\u00e9e Janson-de-Sailly en Par\u00eds, que interrumpe al cabo de un mes para reorientarse hacia el derecho. Ingresa a la <strong>Universit\u00e9 Panth\u00e9on-Sorbonne<\/strong> (Par\u00eds I), donde elige una especialidad en <strong>derecho laboral y derecho social<\/strong>, hasta un Master 2 en alternancia.<\/p>\n<p>En 2008, se integra a la <strong>\u00c9cole de Formation du Barreau de Par\u00eds (EFB)<\/strong>. Durante sus estudios, realiza una pasant\u00eda de seis meses como defensora sindical en la <strong>CFDT<\/strong>, comenzando un compromiso con la defensa de los derechos de los trabajadores que estructurar\u00e1 toda su pr\u00e1ctica profesional.<\/p>\n<h2 id=\"carriere-avocate\">Carrera de abogada<\/h2>\n<p>Tiphaine Auzi\u00e8re presta juramento en <strong>2009<\/strong> y comienza su carrera en los Altos de Francia, inscrita en el <strong>barreau de Lille<\/strong>, especializada en la defensa de los trabajadores y los sindicatos. Luego se une al <strong>barreau de Boulogne-sur-Mer<\/strong>, donde se establece con su familia.<\/p>\n<p>En <strong>2018<\/strong>, cofund\u00f3 el despacho <strong>Challenges Avocats<\/strong> en Boulogne-sur-Mer, dedicado al derecho laboral y al derecho social. Est\u00e1 inscrita en el <strong>barreau de Par\u00eds<\/strong> para sus actividades en la capital.<\/p>\n<p>En <strong>septiembre de 2023<\/strong>, es nombrada <strong>administradora independiente<\/strong> en la junta directiva de la empresa <strong>Arverne<\/strong>, empresa francesa especializada en la producci\u00f3n de calor geot\u00e9rmico, cotizada en bolsa. Este nombramiento marca su entrada en los organismos de gobernanza empresarial.<\/p>\n<p>Su pr\u00e1ctica sigue centrada en el derecho laboral, la defensa de los derechos de los trabajadores y, m\u00e1s recientemente, en la <strong>violencia de g\u00e9nero<\/strong> \u2014 tema central de su primera novela.<\/p>\n<h2 id=\"engagement-politique\">Compromiso pol\u00edtico<\/h2>\n<p>En <strong>2016<\/strong>, Tiphaine Auzi\u00e8re crea y dirige un <strong>comit\u00e9 de apoyo en Pas-de-Calais<\/strong> para la campa\u00f1a presidencial de su suegro Emmanuel Macron. Es una de las primeras en comprometerse p\u00fablicamente a su lado, mucho antes de que se asegurara la victoria de En Marche.<\/p>\n<p>En las <strong>elecciones legislativas de junio de 2017<\/strong>, es candidata como <strong>suplente de Thibaut Guilluy<\/strong>, bajo la etiqueta La Rep\u00fablica En Marcha (LREM), en la <strong>4\u00aa circunscripci\u00f3n de Pas-de-Calais<\/strong> frente al diputado-alcalde saliente de Touquet-Paris-Plage Daniel Fasquelle. Aparece en los medios defendiendo una clase amenazada de cierre en Fruges.<\/p>\n<p>En <strong>2020<\/strong>, anuncia en Paris Match su participaci\u00f3n en la creaci\u00f3n de un <strong>colegio privado fuera de contrato<\/strong> llamado <em>Autrement<\/em>, del cual asume la presidencia. El establecimiento, situado cerca de Saint-Louis-de-Gonzague en Par\u00eds (donde Brigitte Macron ense\u00f1\u00f3), recibe a sus primeros alumnos con una matr\u00edcula de <strong>9,500 \u20ac al a\u00f1o<\/strong> (o diez veces menos para los becados), permitiendo obtener el bachillerato en dos a\u00f1os seguido de un a\u00f1o de preparaci\u00f3n para las grandes escuelas.<\/p>\n<h2 id=\"roman-assises\">La novela <em>Assises<\/em> (2024)<\/h2>\n<p>En <strong>2024<\/strong>, Tiphaine Auzi\u00e8re publica su primera novela, <em><strong>Assises<\/strong><\/em>, un drama judicial directamente inspirado en su experiencia como abogada. El libro trata sobre <strong>violencia de g\u00e9nero<\/strong>, el funcionamiento de la justicia penal francesa y las fallas del sistema judicial frente a las v\u00edctimas m\u00e1s vulnerables.<\/p>\n<p>La publicaci\u00f3n es aclamada como un testimonio comprometido sobre las realidades del tribunal, a medio camino entre novela y documento. Tiphaine Auzi\u00e8re presenta su libro por primera vez en el plat\u00f3 de <em>Touche pas \u00e0 mon poste<\/em> en <strong>mayo de 2024<\/strong>, una aparici\u00f3n que marca el inicio de una colaboraci\u00f3n regular con el programa.<\/p>\n<blockquote><p>Con <em>Assises<\/em>, Tiphaine Auzi\u00e8re transpone a la ficci\u00f3n las tensiones vividas en las salas de audiencias: la soledad de las v\u00edctimas, la pesadez de los procedimientos, la impotencia a veces de los abogados ante verdades que la justicia no siempre sabe escuchar.<\/p><\/blockquote>\n<h2 id=\"tpmp\">Cronista en TPMP (2024\u20132025)<\/h2>\n<p>El <strong>9 de octubre de 2024<\/strong>, Cyril Hanouna oficializa la llegada de Tiphaine Auzi\u00e8re como <strong>cronista judicial semanal<\/strong> en el programa <em>Touche pas \u00e0 mon poste<\/em> en C8. Cada semana, interviene para desglosar la actualidad jur\u00eddica y judicial, simplificando procedimientos complejos y comentando los grandes casos en curso.<\/p>\n<p>Su primera aparici\u00f3n en el programa data del <strong>27 de mayo de 2024<\/strong>, durante una invitaci\u00f3n para presentar <em>Assises<\/em>. Regres\u00f3 el <strong>2 de octubre de 2024<\/strong> para hablar sobre el caso de los abusos de Mazan.<\/p>\n<p>El programa <em>Touche pas \u00e0 mon poste<\/em> se detiene definitivamente el <strong>26 de marzo de 2025<\/strong>, poniendo fin a esta colaboraci\u00f3n. Durante los meses en los que estuvo all\u00ed, Tiphaine Auzi\u00e8re se impone como una voz clara y pedag\u00f3gica en temas jur\u00eddicos complejos, alcanzando un p\u00fablico muy amplio.<\/p>\n<h2 id=\"vie-privee\">Vida privada<\/h2>\n<p>Tiphaine Auzi\u00e8re ha vivido muchos a\u00f1os con <strong>Antoine Choteau<\/strong>, gastroenter\u00f3logo, con quien tiene dos hijos:<\/p>\n<ul>\n<li><strong>\u00c9lise<\/strong>, nacida en 2003 (a veces indicada como 2014 seg\u00fan las fuentes \u2014 los datos m\u00e1s fiables la sit\u00faan entre 2003 y 2005)<\/li>\n<li><strong>Aur\u00e8le<\/strong>, nacido en 2005 (o 2016 seg\u00fan otras fuentes)<\/li>\n<\/ul>\n<p>La familia resid\u00eda en <strong>Boulogne-sur-Mer<\/strong> en los Altos de Francia. Seg\u00fan la revista Gala, la separaci\u00f3n de la pareja habr\u00eda tenido lugar a principios de <strong>2025<\/strong>, permaneciendo los dos padres en buenos t\u00e9rminos para la educaci\u00f3n de sus hijos.<\/p>\n<p>En <strong>marzo de 2025<\/strong>, Paris Match revela en exclusiva y en portada la relaci\u00f3n sentimental entre Tiphaine Auzi\u00e8re y <strong>Cyril Hanouna<\/strong>. Seg\u00fan la revista, su historia habr\u00eda comenzado discretamente a lo largo de su colaboraci\u00f3n en TPMP, con Hanouna cubri\u00e9ndola de halagos durante su primera aparici\u00f3n en mayo de 2024. La relaci\u00f3n, confirmada por fuentes cercanas, habr\u00eda sido presentada por Tiphaine a su madre Brigitte Macron, quien la apoyar\u00eda. Sin embargo, apariciones p\u00fablicas posteriores \u2014 particularmente durante la velada del libro de Val\u00e9rie B\u00e9na\u00efm en <strong>marzo de 2026<\/strong> \u2014 muestran a las dos personalidades llegando por separado y saliendo por separado, dejando la naturaleza exacta de su relaci\u00f3n abierta a interpretaci\u00f3n.<\/p>\n<h2 id=\"proces-cyberharcelement\">Testimonio en el juicio por ciberacoso (octubre de 2025)<\/h2>\n<p>En <strong>octubre de 2025<\/strong>, se abre ante el tribunal correccional de Par\u00eds el juicio por ciberacoso a Brigitte Macron. Diez personas son procesadas por haber difundido masivamente una infox present\u00e1ndola como una mujer transg\u00e9nero y por haber difundido mensajes de odio en las redes sociales desde 2021.<\/p>\n<p>El <strong>28 de octubre de 2025<\/strong>, Tiphaine Auzi\u00e8re testifica en la corte \u2014 <em>\u00ab en tanto que hija, en tanto que mujer, en tanto que madre \u00bb<\/em>. Describe un <strong>deterioro de las condiciones de vida y la salud<\/strong> de su madre desde 2021-2022, precisando que inicialmente subestim\u00f3 la magnitud de las consecuencias, ya que su madre es <em>\u00ab alguien que no se queja \u00bb<\/em>.<\/p>\n<p>Cuenta c\u00f3mo Brigitte Macron ahora se ve obligada a <strong>supervisar su vestimenta, sus posturas y sus fotos<\/strong>, sabiendo que cualquier imagen puede ser manipulada. Lee los mensajes de odio, a\u00f1ade Tiphaine, y no puede hacer abstracci\u00f3n de ellos ni en su vida privada ni en su vida profesional.<\/p>\n<p>Un <strong>certificado m\u00e9dico<\/strong> del m\u00e9dico tratante de la Primera Dama se adjunt\u00f3 al procedimiento, atestiguando el impacto de los mensajes en su estado de salud. Los abogados de la defensa denunciaron la ausencia de Brigitte Macron en la audiencia, lamentando las <em>\u00ab respuestas vac\u00edas \u00bb<\/em>. Tiphaine Auzi\u00e8re, adem\u00e1s, confirm\u00f3 haber visto a su t\u00edo <strong>Jean-Michel Trogneux<\/strong> \u2014 cuya existencia algunos acusados niegan \u2014 <em>\u00ab hace unos meses \u00bb<\/em>.<\/p>\n<h2 id=\"actualite-2026\">Actualidad 2026<\/h2>\n<p>En <strong>marzo de 2026<\/strong>, Tiphaine Auzi\u00e8re est\u00e1 presente junto a su hermana Laurence en un evento al que su madre Brigitte Macron no puede asistir \u2014 esta \u00faltima habiendo sido sometida a una cirug\u00eda de emergencia en el ojo a principios de marzo de 2026.<\/p>\n<p>Tambi\u00e9n est\u00e1 presente en la <strong>estreno del espect\u00e1culo de Ary Abittan<\/strong> <em>\u00ab Authentique \u00bb<\/em> en las Folies Berg\u00e8re (7 de diciembre de 2025), junto a su madre y los productores Gilbert y Nicole Coullier. El video grabado en los bastidores provoca un breve esc\u00e1ndalo en l\u00ednea.<\/p>\n<p>Su carrera como abogada contin\u00faa. Se mencionan proyectos relacionados con la adaptaci\u00f3n de su novela <em>Assises<\/em>. No descarta, seg\u00fan sus allegados, un compromiso pol\u00edtico m\u00e1s directo una vez que su suegro ya no est\u00e9 en el El\u00edseo.<\/p>\n<h2>FAQ<\/h2>\n<h3>\u00bfQui\u00e9n es Tiphaine Auzi\u00e8re?<\/h3>\n<p>Tiphaine Auzi\u00e8re es la hija menor de Brigitte Macron y Andr\u00e9-Louis Auzi\u00e8re, banquero fallecido en 2019. Nacida el 30 de enero de 1984 en Amiens, es abogada especializada en derecho laboral, cofundadora del despacho Challenges Avocats en Boulogne-sur-Mer. Tambi\u00e9n es autora de la novela Assises (2024) y fue cronista judicial en TPMP en C8 desde octubre de 2024 hasta marzo de 2025.<\/p>\n<h3>\u00bfCu\u00e1ntos a\u00f1os tiene Tiphaine Auzi\u00e8re?<\/h3>\n<p>Tiphaine Auzi\u00e8re naci\u00f3 el 30 de enero de 1984. Tiene 42 a\u00f1os en 2026.<\/p>\n<h3>\u00bfTiphaine Auzi\u00e8re est\u00e1 en pareja con Cyril Hanouna?<\/h3>\n<p>Paris Match revel\u00f3 en portada el 19 de marzo de 2025 una relaci\u00f3n sentimental entre Tiphaine Auzi\u00e8re y Cyril Hanouna, surgida de su colaboraci\u00f3n en TPMP. Sin embargo, apariciones p\u00fablicas posteriores (notablemente en marzo de 2026) los muestran desplaz\u00e1ndose por separado. La naturaleza exacta de su relaci\u00f3n no ha sido confirmada oficialmente por los involucrados.<\/p>\n<h3>\u00bfCu\u00e1l es la novela de Tiphaine Auzi\u00e8re?<\/h3>\n<p>Su primera novela se titula Assises, publicada en 2024. Es un drama judicial inspirado en su experiencia como abogada, centrada en la violencia de g\u00e9nero y el funcionamiento de la justicia penal francesa.<\/p>\n<h3>\u00bfQu\u00e9 declar\u00f3 Tiphaine Auzi\u00e8re en el juicio por ciberacoso de Brigitte Macron?<\/h3>\n<p>El 28 de octubre de 2025, testific\u00f3 en la corte para describir el deterioro de la salud y las condiciones de vida de su madre desde 2021-2022, ligado a las campa\u00f1as de acoso en l\u00ednea. Describe a una madre obligada a supervisar cada una de sus im\u00e1genes, sin poder hacer abstracci\u00f3n de los mensajes de odio en su vida cotidiana.<\/p>\n<h3>\u00bfCu\u00e1les son los hijos de Tiphaine Auzi\u00e8re?<\/h3>\n<p>Tiphaine Auzi\u00e8re tiene dos hijos, \u00c9lise y Aur\u00e8le, con su expareja Antoine Choteau, gastroenter\u00f3logo. Su separaci\u00f3n ocurri\u00f3 a principios de 2025 seg\u00fan la revista Gala.<\/p>\n<p>[<br \/>\n  {<br \/>\n    \u00ab\u00a0@context\u00a0\u00bb: \u00ab\u00a0https:\/\/schema.org\u00a0\u00bb,<br \/>\n    \u00ab\u00a0@type\u00a0\u00bb: \u00ab\u00a0Article\u00a0\u00bb,<br \/>\n    \u00ab\u00a0headline\u00a0\u00bb: \u00ab\u00a0Tiphaine Auzi\u00e8re: biograf\u00eda, carrera, libro Assises, vida privada y actualidad 2026\u00a0\u00bb,<br \/>\n    \u00ab\u00a0description\u00a0\u00bb: \u00ab\u00a0Biograf\u00eda completa de Tiphaine Auzi\u00e8re: abogada, novelista, cronista TPMP, hija de Brigitte Macron. Carrera, novela Assises, relaci\u00f3n Hanouna, juicio ciberacoso 2025.\u00a0\u00bb,<br \/>\n    \u00ab\u00a0inLanguage\u00a0\u00bb: \u00ab\u00a0fr\u00a0\u00bb<br \/>\n  },<br \/>\n  {<br \/>\n    \u00ab\u00a0@context\u00a0\u00bb: \u00ab\u00a0https:\/\/schema.org\u00a0\u00bb,<br \/>\n    \u00ab\u00a0@type\u00a0\u00bb: \u00ab\u00a0Person\u00a0\u00bb,<br \/>\n    \u00ab\u00a0name\u00a0\u00bb: \u00ab\u00a0Tiphaine Auzi\u00e8re\u00a0\u00bb,<br \/>\n    \u00ab\u00a0birthDate\u00a0\u00bb: \u00ab\u00a01984-01-30\u00a0\u00bb,<br \/>\n    \u00ab\u00a0birthPlace\u00a0\u00bb: {<br \/>\n      \u00ab\u00a0@type\u00a0\u00bb: \u00ab\u00a0Place\u00a0\u00bb,<br \/>\n      \u00ab\u00a0name\u00a0\u00bb: \u00ab\u00a0Amiens, Somme, Francia\u00a0\u00bb<br \/>\n    },<br \/>\n    \u00ab\u00a0nationality\u00a0\u00bb: \u00ab\u00a0Francesa\u00a0\u00bb,<br \/>\n    \u00ab\u00a0jobTitle\u00a0\u00bb: \u00ab\u00a0Abogada, novelista\u00a0\u00bb,<br \/>\n    \u00ab\u00a0alumniOf\u00a0\u00bb: [<br \/>\n      { \u00ab\u00a0@type\u00a0\u00bb: \u00ab\u00a0Organization\u00a0\u00bb, \u00ab\u00a0name\u00a0\u00bb: \u00ab\u00a0Universit\u00e9 Panth\u00e9on-Sorbonne\u00a0\u00bb },<br \/>\n      { \u00ab\u00a0@type\u00a0\u00bb: \u00ab\u00a0Organization\u00a0\u00bb, \u00ab\u00a0name\u00a0\u00bb: \u00ab\u00a0\u00c9cole de Formation du Barreau de Paris\u00a0\u00bb }<br \/>\n    ],<br \/>\n    \u00ab\u00a0parent\u00a0\u00bb: [<br \/>\n      { \u00ab\u00a0@type\u00a0\u00bb: \u00ab\u00a0Person\u00a0\u00bb, \u00ab\u00a0name\u00a0\u00bb: \u00ab\u00a0Brigitte Macron\u00a0\u00bb },<br \/>\n      { \u00ab\u00a0@type\u00a0\u00bb: \u00ab\u00a0Person\u00a0\u00bb, \u00ab\u00a0name\u00a0\u00bb: \u00ab\u00a0Andr\u00e9-Louis Auzi\u00e8re\u00a0\u00bb }<br \/>\n    ],<br \/>\n    \u00ab\u00a0sibling\u00a0\u00bb: [<br \/>\n      { \u00ab\u00a0@type\u00a0\u00bb: \u00ab\u00a0Person\u00a0\u00bb, \u00ab\u00a0name\u00a0\u00bb: \u00ab\u00a0S\u00e9bastien Auzi\u00e8re\u00a0\u00bb },<br \/>\n      { \u00ab\u00a0@type\u00a0\u00bb: \u00ab\u00a0Person\u00a0\u00bb, \u00ab\u00a0name\u00a0\u00bb: \u00ab\u00a0Laurence Auzi\u00e8re\u00a0\u00bb }<br \/>\n    ],<br \/>\n    \u00ab\u00a0children\u00a0\u00bb: [<br \/>\n      { \u00ab\u00a0@type\u00a0\u00bb: \u00ab\u00a0Person\u00a0\u00bb, \u00ab\u00a0name\u00a0\u00bb: \u00ab\u00a0\u00c9lise Choteau\u00a0\u00bb },<br \/>\n      { \u00ab\u00a0@type\u00a0\u00bb: \u00ab\u00a0Person\u00a0\u00bb, \u00ab\u00a0name\u00a0\u00bb: \u00ab\u00a0Aur\u00e8le Choteau\u00a0\u00bb }<br \/>\n    ]<br \/>\n  },<br \/>\n  {<br \/>\n    \u00ab\u00a0@context\u00a0\u00bb: \u00ab\u00a0https:\/\/schema.org\u00a0\u00bb,<br \/>\n    \u00ab\u00a0@type\u00a0\u00bb: \u00ab\u00a0FAQPage\u00a0\u00bb,<br \/>\n    \u00ab\u00a0mainEntity\u00a0\u00bb: [<br \/>\n      {<br \/>\n        \u00ab\u00a0@type\u00a0\u00bb: \u00ab\u00a0Question\u00a0\u00bb,<br \/>\n        \u00ab\u00a0name\u00a0\u00bb: \u00ab\u00a0\u00bfQui\u00e9n es Tiphaine Auzi\u00e8re?\u00a0\u00bb,<br \/>\n        \u00ab\u00a0acceptedAnswer\u00a0\u00bb: { \u00ab\u00a0@type\u00a0\u00bb: \u00ab\u00a0Answer\u00a0\u00bb, \u00ab\u00a0text\u00a0\u00bb: \u00ab\u00a0Tiphaine Auzi\u00e8re es la hija menor de Brigitte Macron, nacida el 30 de enero de 1984 en Amiens. Abogada especializada en derecho laboral, cofundadora del despacho Challenges Avocats, novelista (Assises, 2024) y excronista en TPMP (2024\u20132025).\u00a0\u00bb }<br \/>\n      },<br \/>\n      {<br \/>\n        \u00ab\u00a0@type\u00a0\u00bb: \u00ab\u00a0Question\u00a0\u00bb,<br \/>\n        \u00ab\u00a0name\u00a0\u00bb: \u00ab\u00a0\u00bfCu\u00e1ntos a\u00f1os tiene Tiphaine Auzi\u00e8re?\u00a0\u00bb,<br \/>\n        \u00ab\u00a0acceptedAnswer\u00a0\u00bb: { \u00ab\u00a0@type\u00a0\u00bb: \u00ab\u00a0Answer\u00a0\u00bb, \u00ab\u00a0text\u00a0\u00bb: \u00ab\u00a0Tiphaine Auzi\u00e8re naci\u00f3 el 30 de enero de 1984. Tiene 42 a\u00f1os en 2026.\u00a0\u00bb }<br \/>\n      },<br \/>\n      {<br \/>\n        \u00ab\u00a0@type\u00a0\u00bb: \u00ab\u00a0Question\u00a0\u00bb,<br \/>\n        \u00ab\u00a0name\u00a0\u00bb: \u00ab\u00a0\u00bfTiphaine Auzi\u00e8re est\u00e1 en pareja con Cyril Hanouna?\u00a0\u00bb,<br \/>\n        \u00ab\u00a0acceptedAnswer\u00a0\u00bb: { \u00ab\u00a0@type\u00a0\u00bb: \u00ab\u00a0Answer\u00a0\u00bb, \u00ab\u00a0text\u00a0\u00bb: \u00ab\u00a0Paris Match revel\u00f3 una relaci\u00f3n en marzo de 2025. Sin embargo, apariciones posteriores los muestran desplaz\u00e1ndose por separado. Los involucrados no han confirmado oficialmente su relaci\u00f3n.\u00a0\u00bb }<br \/>\n      },<br \/>\n      {<br \/>\n        \u00ab\u00a0@type\u00a0\u00bb: \u00ab\u00a0Question\u00a0\u00bb,<br \/>\n        \u00ab\u00a0name\u00a0\u00bb: \u00ab\u00a0\u00bfCu\u00e1l es la novela de Tiphaine Auzi\u00e8re?\u00a0\u00bb,<br \/>\n        \u00ab\u00a0acceptedAnswer\u00a0\u00bb: { \u00ab\u00a0@type\u00a0\u00bb: \u00ab\u00a0Answer\u00a0\u00bb, \u00ab\u00a0text\u00a0\u00bb: \u00ab\u00a0Assises (2024), un drama judicial inspirado en su experiencia como abogada, centrado en la violencia de g\u00e9nero y la justicia penal francesa.\u00a0\u00bb }<br \/>\n      }<br \/>\n    ]<br \/>\n  }<br \/>\n]<\/p>\n","protected":false},"excerpt":{"rendered":"<p>Tiphaine Auzi\u00e8re, nacida el 30 de enero de 1984 en Amiens, es abogada especializada en derecho laboral, novelista y excronista de televisi\u00f3n. Hija menor de Brigitte Macron y Andr\u00e9-Louis Auzi\u00e8re (banquero, 1951\u20132019), es la benjamina de una familia de tres hijos junto a S\u00e9bastien y Laurence Auzi\u00e8re. Nuera de Emmanuel Macron desde 2017, ha sabido &#8230; <a title=\"Tiphaine Auzi\u00e8re : biograf\u00eda, carrera, vida privada y actualidad 2026\" class=\"read-more\" href=\"https:\/\/www.sebastien-auziere.fr\/blog\/es\/tiphaine-auziere-biografia-carrera-vida-privada-y-actualidad-2026\/\" aria-label=\"En savoir plus sur Tiphaine Auzi\u00e8re : biograf\u00eda, carrera, vida privada y actualidad 2026\">Lire plus<\/a><\/p>\n","protected":false},"author":4,"featured_media":2427,"comment_status":"open","ping_status":"open","sticky":false,"template":"","format":"standard","meta":{"footnotes":""},"categories":[602],"tags":[],"class_list":["post-2431","post","type-post","status-publish","format-standard","has-post-thumbnail","hentry","category-tendencia"],"yoast_head":"<!-- This site is optimized with the Yoast SEO plugin v27.5 - https:\/\/yoast.com\/product\/yoast-seo-wordpress\/ -->\n<title>Tiphaine Auzi\u00e8re : biographie, carri\u00e8re, livre Assises, vie priv\u00e9e et actualit\u00e9 2026<\/title>\n<meta name=\"description\" content=\"Tout sur Tiphaine Auzi\u00e8re : \u00e2ge, biographie, carri\u00e8re d&#039;avocate, roman Assises, chronique TPMP, relation avec Cyril Hanouna, t\u00e9moignage au proc\u00e8s du cyberharc\u00e8lement de Brigitte Macron. Actualit\u00e9 2026.\" \/>\n<meta name=\"robots\" content=\"index, follow, max-snippet:-1, max-image-preview:large, max-video-preview:-1\" \/>\n<link rel=\"canonical\" href=\"https:\/\/www.sebastien-auziere.fr\/blog\/es\/tiphaine-auziere-biografia-carrera-vida-privada-y-actualidad-2026\/\" \/>\n<meta property=\"og:locale\" content=\"fr_FR\" \/>\n<meta property=\"og:type\" content=\"article\" \/>\n<meta property=\"og:title\" content=\"Tiphaine Auzi\u00e8re : biographie, carri\u00e8re, livre Assises, vie priv\u00e9e et actualit\u00e9 2026\" \/>\n<meta property=\"og:description\" content=\"Tout sur Tiphaine Auzi\u00e8re : \u00e2ge, biographie, carri\u00e8re d&#039;avocate, roman Assises, chronique TPMP, relation avec Cyril Hanouna, t\u00e9moignage au proc\u00e8s du cyberharc\u00e8lement de Brigitte Macron. Actualit\u00e9 2026.\" \/>\n<meta property=\"og:url\" content=\"https:\/\/www.sebastien-auziere.fr\/blog\/es\/tiphaine-auziere-biografia-carrera-vida-privada-y-actualidad-2026\/\" \/>\n<meta property=\"og:site_name\" content=\"Fan site S\u00e9bastien Auzi\u00e8re\" \/>\n<meta property=\"article:published_time\" content=\"2026-03-09T18:25:53+00:00\" \/>\n<meta property=\"article:modified_time\" content=\"2026-03-09T18:27:38+00:00\" \/>\n<meta property=\"og:image\" content=\"https:\/\/www.sebastien-auziere.fr\/blog\/wp-content\/uploads\/2026\/03\/tt.jpg\" \/>\n\t<meta property=\"og:image:width\" content=\"858\" \/>\n\t<meta property=\"og:image:height\" content=\"573\" \/>\n\t<meta property=\"og:image:type\" content=\"image\/jpeg\" \/>\n<meta name=\"author\" content=\"Celine\" \/>\n<meta name=\"twitter:card\" content=\"summary_large_image\" \/>\n<meta name=\"twitter:label1\" content=\"\u00c9crit par\" \/>\n\t<meta name=\"twitter:data1\" content=\"Celine\" \/>\n\t<meta name=\"twitter:label2\" content=\"Dur\u00e9e de lecture estim\u00e9e\" \/>\n\t<meta name=\"twitter:data2\" content=\"11 minutes\" \/>\n<script type=\"application\/ld+json\" class=\"yoast-schema-graph\">{\"@context\":\"https:\\\/\\\/schema.org\",\"@graph\":[{\"@type\":\"Article\",\"@id\":\"https:\\\/\\\/www.sebastien-auziere.fr\\\/blog\\\/es\\\/tiphaine-auziere-biografia-carrera-vida-privada-y-actualidad-2026\\\/#article\",\"isPartOf\":{\"@id\":\"https:\\\/\\\/www.sebastien-auziere.fr\\\/blog\\\/es\\\/tiphaine-auziere-biografia-carrera-vida-privada-y-actualidad-2026\\\/\"},\"author\":{\"name\":\"Celine\",\"@id\":\"https:\\\/\\\/www.sebastien-auziere.fr\\\/blog\\\/#\\\/schema\\\/person\\\/1e270a963009242469ed08b1c461f81f\"},\"headline\":\"Tiphaine Auzi\u00e8re : biograf\u00eda, carrera, vida privada y actualidad 2026\",\"datePublished\":\"2026-03-09T18:25:53+00:00\",\"dateModified\":\"2026-03-09T18:27:38+00:00\",\"mainEntityOfPage\":{\"@id\":\"https:\\\/\\\/www.sebastien-auziere.fr\\\/blog\\\/es\\\/tiphaine-auziere-biografia-carrera-vida-privada-y-actualidad-2026\\\/\"},\"wordCount\":2261,\"commentCount\":0,\"publisher\":{\"@id\":\"https:\\\/\\\/www.sebastien-auziere.fr\\\/blog\\\/#organization\"},\"image\":{\"@id\":\"https:\\\/\\\/www.sebastien-auziere.fr\\\/blog\\\/es\\\/tiphaine-auziere-biografia-carrera-vida-privada-y-actualidad-2026\\\/#primaryimage\"},\"thumbnailUrl\":\"https:\\\/\\\/www.sebastien-auziere.fr\\\/blog\\\/wp-content\\\/uploads\\\/2026\\\/03\\\/tt.jpg\",\"articleSection\":[\"Tendencia\"],\"inLanguage\":\"fr-FR\",\"potentialAction\":[{\"@type\":\"CommentAction\",\"name\":\"Comment\",\"target\":[\"https:\\\/\\\/www.sebastien-auziere.fr\\\/blog\\\/es\\\/tiphaine-auziere-biografia-carrera-vida-privada-y-actualidad-2026\\\/#respond\"]}]},{\"@type\":\"WebPage\",\"@id\":\"https:\\\/\\\/www.sebastien-auziere.fr\\\/blog\\\/es\\\/tiphaine-auziere-biografia-carrera-vida-privada-y-actualidad-2026\\\/\",\"url\":\"https:\\\/\\\/www.sebastien-auziere.fr\\\/blog\\\/es\\\/tiphaine-auziere-biografia-carrera-vida-privada-y-actualidad-2026\\\/\",\"name\":\"Tiphaine Auzi\u00e8re : biographie, carri\u00e8re, livre Assises, vie priv\u00e9e et actualit\u00e9 2026\",\"isPartOf\":{\"@id\":\"https:\\\/\\\/www.sebastien-auziere.fr\\\/blog\\\/#website\"},\"primaryImageOfPage\":{\"@id\":\"https:\\\/\\\/www.sebastien-auziere.fr\\\/blog\\\/es\\\/tiphaine-auziere-biografia-carrera-vida-privada-y-actualidad-2026\\\/#primaryimage\"},\"image\":{\"@id\":\"https:\\\/\\\/www.sebastien-auziere.fr\\\/blog\\\/es\\\/tiphaine-auziere-biografia-carrera-vida-privada-y-actualidad-2026\\\/#primaryimage\"},\"thumbnailUrl\":\"https:\\\/\\\/www.sebastien-auziere.fr\\\/blog\\\/wp-content\\\/uploads\\\/2026\\\/03\\\/tt.jpg\",\"datePublished\":\"2026-03-09T18:25:53+00:00\",\"dateModified\":\"2026-03-09T18:27:38+00:00\",\"description\":\"Tout sur Tiphaine Auzi\u00e8re : \u00e2ge, biographie, carri\u00e8re d'avocate, roman Assises, chronique TPMP, relation avec Cyril Hanouna, t\u00e9moignage au proc\u00e8s du cyberharc\u00e8lement de Brigitte Macron. Actualit\u00e9 2026.\",\"breadcrumb\":{\"@id\":\"https:\\\/\\\/www.sebastien-auziere.fr\\\/blog\\\/es\\\/tiphaine-auziere-biografia-carrera-vida-privada-y-actualidad-2026\\\/#breadcrumb\"},\"inLanguage\":\"fr-FR\",\"potentialAction\":[{\"@type\":\"ReadAction\",\"target\":[\"https:\\\/\\\/www.sebastien-auziere.fr\\\/blog\\\/es\\\/tiphaine-auziere-biografia-carrera-vida-privada-y-actualidad-2026\\\/\"]}]},{\"@type\":\"ImageObject\",\"inLanguage\":\"fr-FR\",\"@id\":\"https:\\\/\\\/www.sebastien-auziere.fr\\\/blog\\\/es\\\/tiphaine-auziere-biografia-carrera-vida-privada-y-actualidad-2026\\\/#primaryimage\",\"url\":\"https:\\\/\\\/www.sebastien-auziere.fr\\\/blog\\\/wp-content\\\/uploads\\\/2026\\\/03\\\/tt.jpg\",\"contentUrl\":\"https:\\\/\\\/www.sebastien-auziere.fr\\\/blog\\\/wp-content\\\/uploads\\\/2026\\\/03\\\/tt.jpg\",\"width\":858,\"height\":573,\"caption\":\"Tiphaine Auzi\u00e8re\"},{\"@type\":\"BreadcrumbList\",\"@id\":\"https:\\\/\\\/www.sebastien-auziere.fr\\\/blog\\\/es\\\/tiphaine-auziere-biografia-carrera-vida-privada-y-actualidad-2026\\\/#breadcrumb\",\"itemListElement\":[{\"@type\":\"ListItem\",\"position\":1,\"name\":\"Home\",\"item\":\"https:\\\/\\\/www.sebastien-auziere.fr\\\/blog\\\/\"},{\"@type\":\"ListItem\",\"position\":2,\"name\":\"Tiphaine Auzi\u00e8re : biograf\u00eda, carrera, vida privada y actualidad 2026\"}]},{\"@type\":\"WebSite\",\"@id\":\"https:\\\/\\\/www.sebastien-auziere.fr\\\/blog\\\/#website\",\"url\":\"https:\\\/\\\/www.sebastien-auziere.fr\\\/blog\\\/\",\"name\":\"Fan site S\u00e9bastien Auzi\u00e8re\",\"description\":\"M\u00e9dia g\u00e9n\u00e9raliste\",\"publisher\":{\"@id\":\"https:\\\/\\\/www.sebastien-auziere.fr\\\/blog\\\/#organization\"},\"potentialAction\":[{\"@type\":\"SearchAction\",\"target\":{\"@type\":\"EntryPoint\",\"urlTemplate\":\"https:\\\/\\\/www.sebastien-auziere.fr\\\/blog\\\/?s={search_term_string}\"},\"query-input\":{\"@type\":\"PropertyValueSpecification\",\"valueRequired\":true,\"valueName\":\"search_term_string\"}}],\"inLanguage\":\"fr-FR\"},{\"@type\":\"Organization\",\"@id\":\"https:\\\/\\\/www.sebastien-auziere.fr\\\/blog\\\/#organization\",\"name\":\"Fan site S\u00e9bastien Auzi\u00e8re\",\"url\":\"https:\\\/\\\/www.sebastien-auziere.fr\\\/blog\\\/\",\"logo\":{\"@type\":\"ImageObject\",\"inLanguage\":\"fr-FR\",\"@id\":\"https:\\\/\\\/www.sebastien-auziere.fr\\\/blog\\\/#\\\/schema\\\/logo\\\/image\\\/\",\"url\":\"https:\\\/\\\/www.sebastien-auziere.fr\\\/blog\\\/wp-content\\\/uploads\\\/2026\\\/03\\\/cropped-cropped-cropped-ChatGPT-Image-6-mars-2026-12_58_09-e1772798376794.jpg\",\"contentUrl\":\"https:\\\/\\\/www.sebastien-auziere.fr\\\/blog\\\/wp-content\\\/uploads\\\/2026\\\/03\\\/cropped-cropped-cropped-ChatGPT-Image-6-mars-2026-12_58_09-e1772798376794.jpg\",\"width\":512,\"height\":360,\"caption\":\"Fan site S\u00e9bastien Auzi\u00e8re\"},\"image\":{\"@id\":\"https:\\\/\\\/www.sebastien-auziere.fr\\\/blog\\\/#\\\/schema\\\/logo\\\/image\\\/\"}},{\"@type\":\"Person\",\"@id\":\"https:\\\/\\\/www.sebastien-auziere.fr\\\/blog\\\/#\\\/schema\\\/person\\\/1e270a963009242469ed08b1c461f81f\",\"name\":\"Celine\",\"image\":{\"@type\":\"ImageObject\",\"inLanguage\":\"fr-FR\",\"@id\":\"https:\\\/\\\/secure.gravatar.com\\\/avatar\\\/c88d569fbe1fe19a13c7f21ee0f8973822df96073df21850b95af6a09ba820c9?s=96&d=mm&r=g\",\"url\":\"https:\\\/\\\/secure.gravatar.com\\\/avatar\\\/c88d569fbe1fe19a13c7f21ee0f8973822df96073df21850b95af6a09ba820c9?s=96&d=mm&r=g\",\"contentUrl\":\"https:\\\/\\\/secure.gravatar.com\\\/avatar\\\/c88d569fbe1fe19a13c7f21ee0f8973822df96073df21850b95af6a09ba820c9?s=96&d=mm&r=g\",\"caption\":\"Celine\"},\"description\":\"Je m'appelle C\u00e9line, j'ai 31 ans et je suis journaliste sp\u00e9cialis\u00e9e dans le cin\u00e9ma. Passionn\u00e9e par le septi\u00e8me art, j'explore les actualit\u00e9s, les critiques et les tendances du monde cin\u00e9matographique. Mon objectif est de partager ma passion et d'informer les amateurs de films \u00e0 travers des articles percutants et des analyses approfondies.\",\"url\":\"https:\\\/\\\/www.sebastien-auziere.fr\\\/blog\\\/author\\\/celine\\\/\"}]}<\/script>\n<!-- \/ Yoast SEO plugin. -->","yoast_head_json":{"title":"Tiphaine Auzi\u00e8re : biographie, carri\u00e8re, livre Assises, vie priv\u00e9e et actualit\u00e9 2026","description":"Tout sur Tiphaine Auzi\u00e8re : \u00e2ge, biographie, carri\u00e8re d'avocate, roman Assises, chronique TPMP, relation avec Cyril Hanouna, t\u00e9moignage au proc\u00e8s du cyberharc\u00e8lement de Brigitte Macron. Actualit\u00e9 2026.","robots":{"index":"index","follow":"follow","max-snippet":"max-snippet:-1","max-image-preview":"max-image-preview:large","max-video-preview":"max-video-preview:-1"},"canonical":"https:\/\/www.sebastien-auziere.fr\/blog\/es\/tiphaine-auziere-biografia-carrera-vida-privada-y-actualidad-2026\/","og_locale":"fr_FR","og_type":"article","og_title":"Tiphaine Auzi\u00e8re : biographie, carri\u00e8re, livre Assises, vie priv\u00e9e et actualit\u00e9 2026","og_description":"Tout sur Tiphaine Auzi\u00e8re : \u00e2ge, biographie, carri\u00e8re d'avocate, roman Assises, chronique TPMP, relation avec Cyril Hanouna, t\u00e9moignage au proc\u00e8s du cyberharc\u00e8lement de Brigitte Macron. Actualit\u00e9 2026.","og_url":"https:\/\/www.sebastien-auziere.fr\/blog\/es\/tiphaine-auziere-biografia-carrera-vida-privada-y-actualidad-2026\/","og_site_name":"Fan site S\u00e9bastien Auzi\u00e8re","article_published_time":"2026-03-09T18:25:53+00:00","article_modified_time":"2026-03-09T18:27:38+00:00","og_image":[{"width":858,"height":573,"url":"https:\/\/www.sebastien-auziere.fr\/blog\/wp-content\/uploads\/2026\/03\/tt.jpg","type":"image\/jpeg"}],"author":"Celine","twitter_card":"summary_large_image","twitter_misc":{"\u00c9crit par":"Celine","Dur\u00e9e de lecture estim\u00e9e":"11 minutes"},"schema":{"@context":"https:\/\/schema.org","@graph":[{"@type":"Article","@id":"https:\/\/www.sebastien-auziere.fr\/blog\/es\/tiphaine-auziere-biografia-carrera-vida-privada-y-actualidad-2026\/#article","isPartOf":{"@id":"https:\/\/www.sebastien-auziere.fr\/blog\/es\/tiphaine-auziere-biografia-carrera-vida-privada-y-actualidad-2026\/"},"author":{"name":"Celine","@id":"https:\/\/www.sebastien-auziere.fr\/blog\/#\/schema\/person\/1e270a963009242469ed08b1c461f81f"},"headline":"Tiphaine Auzi\u00e8re : biograf\u00eda, carrera, vida privada y actualidad 2026","datePublished":"2026-03-09T18:25:53+00:00","dateModified":"2026-03-09T18:27:38+00:00","mainEntityOfPage":{"@id":"https:\/\/www.sebastien-auziere.fr\/blog\/es\/tiphaine-auziere-biografia-carrera-vida-privada-y-actualidad-2026\/"},"wordCount":2261,"commentCount":0,"publisher":{"@id":"https:\/\/www.sebastien-auziere.fr\/blog\/#organization"},"image":{"@id":"https:\/\/www.sebastien-auziere.fr\/blog\/es\/tiphaine-auziere-biografia-carrera-vida-privada-y-actualidad-2026\/#primaryimage"},"thumbnailUrl":"https:\/\/www.sebastien-auziere.fr\/blog\/wp-content\/uploads\/2026\/03\/tt.jpg","articleSection":["Tendencia"],"inLanguage":"fr-FR","potentialAction":[{"@type":"CommentAction","name":"Comment","target":["https:\/\/www.sebastien-auziere.fr\/blog\/es\/tiphaine-auziere-biografia-carrera-vida-privada-y-actualidad-2026\/#respond"]}]},{"@type":"WebPage","@id":"https:\/\/www.sebastien-auziere.fr\/blog\/es\/tiphaine-auziere-biografia-carrera-vida-privada-y-actualidad-2026\/","url":"https:\/\/www.sebastien-auziere.fr\/blog\/es\/tiphaine-auziere-biografia-carrera-vida-privada-y-actualidad-2026\/","name":"Tiphaine Auzi\u00e8re : biographie, carri\u00e8re, livre Assises, vie priv\u00e9e et actualit\u00e9 2026","isPartOf":{"@id":"https:\/\/www.sebastien-auziere.fr\/blog\/#website"},"primaryImageOfPage":{"@id":"https:\/\/www.sebastien-auziere.fr\/blog\/es\/tiphaine-auziere-biografia-carrera-vida-privada-y-actualidad-2026\/#primaryimage"},"image":{"@id":"https:\/\/www.sebastien-auziere.fr\/blog\/es\/tiphaine-auziere-biografia-carrera-vida-privada-y-actualidad-2026\/#primaryimage"},"thumbnailUrl":"https:\/\/www.sebastien-auziere.fr\/blog\/wp-content\/uploads\/2026\/03\/tt.jpg","datePublished":"2026-03-09T18:25:53+00:00","dateModified":"2026-03-09T18:27:38+00:00","description":"Tout sur Tiphaine Auzi\u00e8re : \u00e2ge, biographie, carri\u00e8re d'avocate, roman Assises, chronique TPMP, relation avec Cyril Hanouna, t\u00e9moignage au proc\u00e8s du cyberharc\u00e8lement de Brigitte Macron. Actualit\u00e9 2026.","breadcrumb":{"@id":"https:\/\/www.sebastien-auziere.fr\/blog\/es\/tiphaine-auziere-biografia-carrera-vida-privada-y-actualidad-2026\/#breadcrumb"},"inLanguage":"fr-FR","potentialAction":[{"@type":"ReadAction","target":["https:\/\/www.sebastien-auziere.fr\/blog\/es\/tiphaine-auziere-biografia-carrera-vida-privada-y-actualidad-2026\/"]}]},{"@type":"ImageObject","inLanguage":"fr-FR","@id":"https:\/\/www.sebastien-auziere.fr\/blog\/es\/tiphaine-auziere-biografia-carrera-vida-privada-y-actualidad-2026\/#primaryimage","url":"https:\/\/www.sebastien-auziere.fr\/blog\/wp-content\/uploads\/2026\/03\/tt.jpg","contentUrl":"https:\/\/www.sebastien-auziere.fr\/blog\/wp-content\/uploads\/2026\/03\/tt.jpg","width":858,"height":573,"caption":"Tiphaine Auzi\u00e8re"},{"@type":"BreadcrumbList","@id":"https:\/\/www.sebastien-auziere.fr\/blog\/es\/tiphaine-auziere-biografia-carrera-vida-privada-y-actualidad-2026\/#breadcrumb","itemListElement":[{"@type":"ListItem","position":1,"name":"Home","item":"https:\/\/www.sebastien-auziere.fr\/blog\/"},{"@type":"ListItem","position":2,"name":"Tiphaine Auzi\u00e8re : biograf\u00eda, carrera, vida privada y actualidad 2026"}]},{"@type":"WebSite","@id":"https:\/\/www.sebastien-auziere.fr\/blog\/#website","url":"https:\/\/www.sebastien-auziere.fr\/blog\/","name":"Fan site S\u00e9bastien Auzi\u00e8re","description":"M\u00e9dia g\u00e9n\u00e9raliste","publisher":{"@id":"https:\/\/www.sebastien-auziere.fr\/blog\/#organization"},"potentialAction":[{"@type":"SearchAction","target":{"@type":"EntryPoint","urlTemplate":"https:\/\/www.sebastien-auziere.fr\/blog\/?s={search_term_string}"},"query-input":{"@type":"PropertyValueSpecification","valueRequired":true,"valueName":"search_term_string"}}],"inLanguage":"fr-FR"},{"@type":"Organization","@id":"https:\/\/www.sebastien-auziere.fr\/blog\/#organization","name":"Fan site S\u00e9bastien Auzi\u00e8re","url":"https:\/\/www.sebastien-auziere.fr\/blog\/","logo":{"@type":"ImageObject","inLanguage":"fr-FR","@id":"https:\/\/www.sebastien-auziere.fr\/blog\/#\/schema\/logo\/image\/","url":"https:\/\/www.sebastien-auziere.fr\/blog\/wp-content\/uploads\/2026\/03\/cropped-cropped-cropped-ChatGPT-Image-6-mars-2026-12_58_09-e1772798376794.jpg","contentUrl":"https:\/\/www.sebastien-auziere.fr\/blog\/wp-content\/uploads\/2026\/03\/cropped-cropped-cropped-ChatGPT-Image-6-mars-2026-12_58_09-e1772798376794.jpg","width":512,"height":360,"caption":"Fan site S\u00e9bastien Auzi\u00e8re"},"image":{"@id":"https:\/\/www.sebastien-auziere.fr\/blog\/#\/schema\/logo\/image\/"}},{"@type":"Person","@id":"https:\/\/www.sebastien-auziere.fr\/blog\/#\/schema\/person\/1e270a963009242469ed08b1c461f81f","name":"Celine","image":{"@type":"ImageObject","inLanguage":"fr-FR","@id":"https:\/\/secure.gravatar.com\/avatar\/c88d569fbe1fe19a13c7f21ee0f8973822df96073df21850b95af6a09ba820c9?s=96&d=mm&r=g","url":"https:\/\/secure.gravatar.com\/avatar\/c88d569fbe1fe19a13c7f21ee0f8973822df96073df21850b95af6a09ba820c9?s=96&d=mm&r=g","contentUrl":"https:\/\/secure.gravatar.com\/avatar\/c88d569fbe1fe19a13c7f21ee0f8973822df96073df21850b95af6a09ba820c9?s=96&d=mm&r=g","caption":"Celine"},"description":"Je m'appelle C\u00e9line, j'ai 31 ans et je suis journaliste sp\u00e9cialis\u00e9e dans le cin\u00e9ma. Passionn\u00e9e par le septi\u00e8me art, j'explore les actualit\u00e9s, les critiques et les tendances du monde cin\u00e9matographique. Mon objectif est de partager ma passion et d'informer les amateurs de films \u00e0 travers des articles percutants et des analyses approfondies.","url":"https:\/\/www.sebastien-auziere.fr\/blog\/author\/celine\/"}]}},"views":9,"_links":{"self":[{"href":"https:\/\/www.sebastien-auziere.fr\/blog\/wp-json\/wp\/v2\/posts\/2431","targetHints":{"allow":["GET"]}}],"collection":[{"href":"https:\/\/www.sebastien-auziere.fr\/blog\/wp-json\/wp\/v2\/posts"}],"about":[{"href":"https:\/\/www.sebastien-auziere.fr\/blog\/wp-json\/wp\/v2\/types\/post"}],"author":[{"embeddable":true,"href":"https:\/\/www.sebastien-auziere.fr\/blog\/wp-json\/wp\/v2\/users\/4"}],"replies":[{"embeddable":true,"href":"https:\/\/www.sebastien-auziere.fr\/blog\/wp-json\/wp\/v2\/comments?post=2431"}],"version-history":[{"count":1,"href":"https:\/\/www.sebastien-auziere.fr\/blog\/wp-json\/wp\/v2\/posts\/2431\/revisions"}],"predecessor-version":[{"id":2432,"href":"https:\/\/www.sebastien-auziere.fr\/blog\/wp-json\/wp\/v2\/posts\/2431\/revisions\/2432"}],"wp:featuredmedia":[{"embeddable":true,"href":"https:\/\/www.sebastien-auziere.fr\/blog\/wp-json\/wp\/v2\/media\/2427"}],"wp:attachment":[{"href":"https:\/\/www.sebastien-auziere.fr\/blog\/wp-json\/wp\/v2\/media?parent=2431"}],"wp:term":[{"taxonomy":"category","embeddable":true,"href":"https:\/\/www.sebastien-auziere.fr\/blog\/wp-json\/wp\/v2\/categories?post=2431"},{"taxonomy":"post_tag","embeddable":true,"href":"https:\/\/www.sebastien-auziere.fr\/blog\/wp-json\/wp\/v2\/tags?post=2431"}],"curies":[{"name":"wp","href":"https:\/\/api.w.org\/{rel}","templated":true}]}}